{"id":963,"date":"2018-02-23T00:45:17","date_gmt":"2018-02-22T23:45:17","guid":{"rendered":"http:\/\/snetap-fsu.fr\/comp\/pdl\/?p=963"},"modified":"2018-09-08T22:21:39","modified_gmt":"2018-09-08T20:21:39","slug":"sante-securite-au-travail-de-travert","status":"publish","type":"post","link":"https:\/\/regions-snetap-fsu.fr\/pdl\/2018\/02\/23\/sante-securite-au-travail-de-travert\/","title":{"rendered":"Sant\u00e9, s\u00e9curit\u00e9 au travail&#8230;de TRAVERT !"},"content":{"rendered":"<p><span style=\"font-size: 18pt\"><strong><span style=\"font-family: arial, helvetica, sans-serif\">Les \u00e9lus du CHSCTREA des Pays de la Loire, sur le terrain, r\u00e9clament l&rsquo;application du droit !<\/span><\/strong><\/span><\/p>\n<p style=\"text-align: justify\"><span style=\"font-family: arial, helvetica, sans-serif\"><strong>Visite, droit d&rsquo;enqu\u00eate pour les \u00e9lus&#8230;YES WE CAN !\u00a0<\/strong>Aujourd&rsquo;hui, jeudi 22 f\u00e9vrier 2018, 7 \u00e9lus du CHSCTREA (comit\u00e9 hygi\u00e8ne, s\u00e9curit\u00e9, conditions de travail r\u00e9gional de l&rsquo;enseignement agricole) des Pays de la Loire se sont d\u00e9plac\u00e9s au lyc\u00e9e Agricole de Montreuil Bellay. Ils ont voulu, \u00e0 l&rsquo;initiative de la CGT-AGRI et du SNETAP-FSU, d\u00e9noncer le fait que, tant dans leur r\u00e9gion que partout en France,\u00a0 l&rsquo;administration refusait le\u00a0plein exercice des pr\u00e9rogatives des CHSCTREA.\u00a0 En effet, depuis 6 ans, les personnels de l\u2019enseignement technique agricole, se voient refuser\u00a0la possibilit\u00e9 de saisir leur CHSCT de proximit\u00e9 et de b\u00e9n\u00e9ficier, de ce fait, de\u00a0l\u2019ensemble des dispositifs et proc\u00e9dures de pr\u00e9vention des risques professionnels,\u00a0comme cela est mis en place dans l\u2019ensemble des Minist\u00e8res<\/span><span style=\"font-family: arial, helvetica, sans-serif\">. Au final pour<\/span><span style=\"font-family: arial, helvetica, sans-serif\">\u00a0les \u00e9lus<\/span><span style=\"font-family: arial, helvetica, sans-serif\">, pas\u00a0<\/span><span style=\"font-family: arial, helvetica, sans-serif\">de droit de visite, pas de droit d&rsquo;enqu\u00eate !<\/span><\/p>\n<p><img fetchpriority=\"high\" decoding=\"async\" class=\"wp-image-966 aligncenter\" style=\"font-family: arial, helvetica, sans-serif\" src=\"https:\/\/regions-snetap-fsu.fr\/pdl\/wp-content\/uploads\/sites\/4\/2018\/02\/2018-02-22-12.30.12-300x169.jpg\" alt=\"\" width=\"371\" height=\"209\" srcset=\"https:\/\/regions-snetap-fsu.fr\/pdl\/wp-content\/uploads\/sites\/4\/2018\/02\/2018-02-22-12.30.12-300x169.jpg 300w, https:\/\/regions-snetap-fsu.fr\/pdl\/wp-content\/uploads\/sites\/4\/2018\/02\/2018-02-22-12.30.12-768x432.jpg 768w, https:\/\/regions-snetap-fsu.fr\/pdl\/wp-content\/uploads\/sites\/4\/2018\/02\/2018-02-22-12.30.12-1024x576.jpg 1024w, https:\/\/regions-snetap-fsu.fr\/pdl\/wp-content\/uploads\/sites\/4\/2018\/02\/2018-02-22-12.30.12-100x56.jpg 100w, https:\/\/regions-snetap-fsu.fr\/pdl\/wp-content\/uploads\/sites\/4\/2018\/02\/2018-02-22-12.30.12-150x84.jpg 150w, https:\/\/regions-snetap-fsu.fr\/pdl\/wp-content\/uploads\/sites\/4\/2018\/02\/2018-02-22-12.30.12-200x113.jpg 200w, https:\/\/regions-snetap-fsu.fr\/pdl\/wp-content\/uploads\/sites\/4\/2018\/02\/2018-02-22-12.30.12-450x253.jpg 450w, https:\/\/regions-snetap-fsu.fr\/pdl\/wp-content\/uploads\/sites\/4\/2018\/02\/2018-02-22-12.30.12-600x338.jpg 600w, https:\/\/regions-snetap-fsu.fr\/pdl\/wp-content\/uploads\/sites\/4\/2018\/02\/2018-02-22-12.30.12-900x506.jpg 900w\" sizes=\"(max-width: 371px) 100vw, 371px\" \/><\/p>\n<p style=\"text-align: justify\"><span style=\"font-family: arial, helvetica, sans-serif\"><strong>Une visite de terrain au plus pr\u00e8s des coll\u00e8gues. <\/strong>Saisis par le<\/span><span style=\"font-family: arial, helvetica, sans-serif\">s agents du lyc\u00e9e de Montreuil Bellay, ils se sont donc d\u00e9plac\u00e9s pour une visite-enqu\u00eate de terrain afin de\u00a0rencontrer les agents de cet \u00e9tablissement. Il s&rsquo;agissait tout d&rsquo;abord de r\u00e9pondre \u00e0 leurs demandes concernant leurs probl\u00e8mes de condition de travail. Ils ont aussi pu \u00e9changer sur les droits des \u00e9lus de la commission hygi\u00e8ne et s\u00e9curit\u00e9 locale et notamment celui de formation.. Ce fut, enfin, une parfaite occasion pour pr\u00e9senter le r\u00f4le des instances ainsi que les membres du CHSCTREA ou encore pour mettre en place un panneau d&rsquo;affichage \u00ab\u00a0Sant\u00e9-S\u00e9curit\u00e9-Conditions de travail\u00a0\u00bb pour informer les agents (d\u00e9cision du CHSCTREA des Pays de la\u00a0<\/span><span style=\"font-family: arial, helvetica, sans-serif\">Loire du 5\/10\/2017).\u00a0\u00a0\u00a0<\/span><\/p>\n<p><img decoding=\"async\" class=\"alignnone size-medium wp-image-967\" style=\"font-family: arial, helvetica, sans-serif\" src=\"https:\/\/regions-snetap-fsu.fr\/pdl\/wp-content\/uploads\/sites\/4\/2018\/02\/2018-02-22-11.33.24-300x169.jpg\" alt=\"\" width=\"300\" height=\"169\" srcset=\"https:\/\/regions-snetap-fsu.fr\/pdl\/wp-content\/uploads\/sites\/4\/2018\/02\/2018-02-22-11.33.24-300x169.jpg 300w, https:\/\/regions-snetap-fsu.fr\/pdl\/wp-content\/uploads\/sites\/4\/2018\/02\/2018-02-22-11.33.24-768x432.jpg 768w, https:\/\/regions-snetap-fsu.fr\/pdl\/wp-content\/uploads\/sites\/4\/2018\/02\/2018-02-22-11.33.24-1024x576.jpg 1024w, https:\/\/regions-snetap-fsu.fr\/pdl\/wp-content\/uploads\/sites\/4\/2018\/02\/2018-02-22-11.33.24-100x56.jpg 100w, https:\/\/regions-snetap-fsu.fr\/pdl\/wp-content\/uploads\/sites\/4\/2018\/02\/2018-02-22-11.33.24-150x84.jpg 150w, https:\/\/regions-snetap-fsu.fr\/pdl\/wp-content\/uploads\/sites\/4\/2018\/02\/2018-02-22-11.33.24-200x113.jpg 200w, https:\/\/regions-snetap-fsu.fr\/pdl\/wp-content\/uploads\/sites\/4\/2018\/02\/2018-02-22-11.33.24-450x253.jpg 450w, https:\/\/regions-snetap-fsu.fr\/pdl\/wp-content\/uploads\/sites\/4\/2018\/02\/2018-02-22-11.33.24-600x338.jpg 600w, https:\/\/regions-snetap-fsu.fr\/pdl\/wp-content\/uploads\/sites\/4\/2018\/02\/2018-02-22-11.33.24-900x506.jpg 900w\" sizes=\"(max-width: 300px) 100vw, 300px\" \/><img decoding=\"async\" class=\"alignnone size-medium wp-image-965\" style=\"text-align: justify\" src=\"https:\/\/regions-snetap-fsu.fr\/pdl\/wp-content\/uploads\/sites\/4\/2018\/02\/2018-02-22-12.37.09-300x169.jpg\" alt=\"\" width=\"300\" height=\"169\" srcset=\"https:\/\/regions-snetap-fsu.fr\/pdl\/wp-content\/uploads\/sites\/4\/2018\/02\/2018-02-22-12.37.09-300x169.jpg 300w, https:\/\/regions-snetap-fsu.fr\/pdl\/wp-content\/uploads\/sites\/4\/2018\/02\/2018-02-22-12.37.09-768x432.jpg 768w, https:\/\/regions-snetap-fsu.fr\/pdl\/wp-content\/uploads\/sites\/4\/2018\/02\/2018-02-22-12.37.09-1024x576.jpg 1024w, https:\/\/regions-snetap-fsu.fr\/pdl\/wp-content\/uploads\/sites\/4\/2018\/02\/2018-02-22-12.37.09-100x56.jpg 100w, https:\/\/regions-snetap-fsu.fr\/pdl\/wp-content\/uploads\/sites\/4\/2018\/02\/2018-02-22-12.37.09-150x84.jpg 150w, https:\/\/regions-snetap-fsu.fr\/pdl\/wp-content\/uploads\/sites\/4\/2018\/02\/2018-02-22-12.37.09-200x113.jpg 200w, https:\/\/regions-snetap-fsu.fr\/pdl\/wp-content\/uploads\/sites\/4\/2018\/02\/2018-02-22-12.37.09-450x253.jpg 450w, https:\/\/regions-snetap-fsu.fr\/pdl\/wp-content\/uploads\/sites\/4\/2018\/02\/2018-02-22-12.37.09-600x338.jpg 600w, https:\/\/regions-snetap-fsu.fr\/pdl\/wp-content\/uploads\/sites\/4\/2018\/02\/2018-02-22-12.37.09-900x506.jpg 900w\" sizes=\"(max-width: 300px) 100vw, 300px\" \/><\/p>\n<p class=\"western\" style=\"text-align: justify\"><span style=\"font-family: arial, helvetica, sans-serif\"><strong>Fix\u00e9 le m\u00eame jour, les \u00e9lus ont<\/strong><\/span><span style=\"font-family: arial, helvetica, sans-serif\"><strong>\u00a0<\/strong><\/span><strong style=\"font-family: arial, helvetica, sans-serif\">\u00e9galement d\u00e9cid\u00e9 de boycotter le CHSCTREA pr\u00e9vu \u00e0 la DRAAF des Pays de la Loire.\u00a0<\/strong><span style=\"font-family: arial, helvetica, sans-serif\">Comment en effet si\u00e9ger dans cette instance dont les comp\u00e9tences, missions ne sont pas d\u00e9finies, reconnues ? Comment si\u00e9ger dans une instance dans laquelle tant de chantiers sont emp\u00each\u00e9s ? (Voir article ici :\u00a0<\/span><span style=\"font-family: arial, helvetica, sans-serif\">http:\/\/snetap-fsu.fr\/comp\/pdl\/2017\/10\/14\/chsctrea-des-pays-de-la-loire-tant-de-chantiers-empeches-2\/).\u00a0<\/span><\/p>\n<p style=\"text-align: justify\"><span style=\"font-family: arial, helvetica, sans-serif\"><strong>Une action \u00e0 poursuivre et \u00e0 amplifier PARTOUT EN FRANCE<\/strong>.\u00a0 Nous poursuivrons dans les prochaines semaines, notre action pour d\u00e9fendre les pr\u00e9rogatives des CHSCTREA au profit des agents et de leur condition de travail&#8230;Nous n&rsquo;abandonnerons pas ce droit inh\u00e9rent \u00e0 tout salari\u00e9 !<\/span><\/p>\n","protected":false},"excerpt":{"rendered":"<p>Les \u00e9lus du CHSCTREA des Pays de la Loire, sur le terrain, r\u00e9clament l&rsquo;application du droit ! Visite, droit d&rsquo;enqu\u00eate pour les \u00e9lus&#8230;YES WE CAN !\u00a0Aujourd&rsquo;hui, jeudi 22 f\u00e9vrier 2018, 7 \u00e9lus du CHSCTREA (comit\u00e9 hygi\u00e8ne, s\u00e9curit\u00e9, conditions de travail r\u00e9gional de l&rsquo;enseignement agricole) des Pays de la Loire se sont d\u00e9plac\u00e9s au lyc\u00e9e Agricole [&hellip;]<\/p>\n","protected":false},"author":2,"featured_media":0,"comment_status":"closed","ping_status":"closed","sticky":false,"template":"","format":"standard","meta":{"ocean_post_layout":"","ocean_both_sidebars_style":"","ocean_both_sidebars_content_width":0,"ocean_both_sidebars_sidebars_width":0,"ocean_sidebar":"","ocean_second_sidebar":"","ocean_disable_margins":"enable","ocean_add_body_class":"","ocean_shortcode_before_top_bar":"","ocean_shortcode_after_top_bar":"","ocean_shortcode_before_header":"","ocean_shortcode_after_header":"","ocean_has_shortcode":"","ocean_shortcode_after_title":"","ocean_shortcode_before_footer_widgets":"","ocean_shortcode_after_footer_widgets":"","ocean_shortcode_before_footer_bottom":"","ocean_shortcode_after_footer_bottom":"","ocean_display_top_bar":"default","ocean_display_header":"default","ocean_header_style":"","ocean_center_header_left_menu":"","ocean_custom_header_template":"","ocean_custom_logo":0,"ocean_custom_retina_logo":0,"ocean_custom_logo_max_width":0,"ocean_custom_logo_tablet_max_width":0,"ocean_custom_logo_mobile_max_width":0,"ocean_custom_logo_max_height":0,"ocean_custom_logo_tablet_max_height":0,"ocean_custom_logo_mobile_max_height":0,"ocean_header_custom_menu":"","ocean_menu_typo_font_family":"","ocean_menu_typo_font_subset":"","ocean_menu_typo_font_size":0,"ocean_menu_typo_font_size_tablet":0,"ocean_menu_typo_font_size_mobile":0,"ocean_menu_typo_font_size_unit":"px","ocean_menu_typo_font_weight":"","ocean_menu_typo_font_weight_tablet":"","ocean_menu_typo_font_weight_mobile":"","ocean_menu_typo_transform":"","ocean_menu_typo_transform_tablet":"","ocean_menu_typo_transform_mobile":"","ocean_menu_typo_line_height":0,"ocean_menu_typo_line_height_tablet":0,"ocean_menu_typo_line_height_mobile":0,"ocean_menu_typo_line_height_unit":"","ocean_menu_typo_spacing":0,"ocean_menu_typo_spacing_tablet":0,"ocean_menu_typo_spacing_mobile":0,"ocean_menu_typo_spacing_unit":"","ocean_menu_link_color":"","ocean_menu_link_color_hover":"","ocean_menu_link_color_active":"","ocean_menu_link_background":"","ocean_menu_link_hover_background":"","ocean_menu_link_active_background":"","ocean_menu_social_links_bg":"","ocean_menu_social_hover_links_bg":"","ocean_menu_social_links_color":"","ocean_menu_social_hover_links_color":"","ocean_disable_title":"default","ocean_disable_heading":"default","ocean_post_title":"","ocean_post_subheading":"","ocean_post_title_style":"","ocean_post_title_background_color":"","ocean_post_title_background":0,"ocean_post_title_bg_image_position":"","ocean_post_title_bg_image_attachment":"","ocean_post_title_bg_image_repeat":"","ocean_post_title_bg_image_size":"","ocean_post_title_height":0,"ocean_post_title_bg_overlay":0.5,"ocean_post_title_bg_overlay_color":"","ocean_disable_breadcrumbs":"default","ocean_breadcrumbs_color":"","ocean_breadcrumbs_separator_color":"","ocean_breadcrumbs_links_color":"","ocean_breadcrumbs_links_hover_color":"","ocean_display_footer_widgets":"default","ocean_display_footer_bottom":"default","ocean_custom_footer_template":"","ocean_post_oembed":"","ocean_post_self_hosted_media":"","ocean_post_video_embed":"","ocean_link_format":"","ocean_link_format_target":"self","ocean_quote_format":"","ocean_quote_format_link":"post","ocean_gallery_link_images":"on","ocean_gallery_id":[],"footnotes":""},"categories":[11],"tags":[],"post_folder":[],"class_list":["post-963","post","type-post","status-publish","format-standard","hentry","category-chsctrea","entry"],"yoast_head":"<!-- This site is optimized with the Yoast SEO plugin v27.4 - https:\/\/yoast.com\/product\/yoast-seo-wordpress\/ -->\n<title>Sant\u00e9, s\u00e9curit\u00e9 au travail...de TRAVERT ! - PAYS DE LA LOIRE<\/title>\n<meta name=\"robots\" content=\"index, follow, max-snippet:-1, max-image-preview:large, max-video-preview:-1\" \/>\n<link rel=\"canonical\" href=\"https:\/\/regions-snetap-fsu.fr\/pdl\/2018\/02\/23\/sante-securite-au-travail-de-travert\/\" \/>\n<meta property=\"og:locale\" content=\"fr_FR\" \/>\n<meta property=\"og:type\" content=\"article\" \/>\n<meta property=\"og:title\" content=\"Sant\u00e9, s\u00e9curit\u00e9 au travail...de TRAVERT ! - PAYS DE LA LOIRE\" \/>\n<meta property=\"og:description\" content=\"Les \u00e9lus du CHSCTREA des Pays de la Loire, sur le terrain, r\u00e9clament l&rsquo;application du droit ! Visite, droit d&rsquo;enqu\u00eate pour les \u00e9lus&#8230;YES WE CAN !\u00a0Aujourd&rsquo;hui, jeudi 22 f\u00e9vrier 2018, 7 \u00e9lus du CHSCTREA (comit\u00e9 hygi\u00e8ne, s\u00e9curit\u00e9, conditions de travail r\u00e9gional de l&rsquo;enseignement agricole) des Pays de la Loire se sont d\u00e9plac\u00e9s au lyc\u00e9e Agricole [&hellip;]\" \/>\n<meta property=\"og:url\" content=\"https:\/\/regions-snetap-fsu.fr\/pdl\/2018\/02\/23\/sante-securite-au-travail-de-travert\/\" \/>\n<meta property=\"og:site_name\" content=\"PAYS DE LA LOIRE\" \/>\n<meta property=\"article:published_time\" content=\"2018-02-22T23:45:17+00:00\" \/>\n<meta property=\"article:modified_time\" content=\"2018-09-08T20:21:39+00:00\" \/>\n<meta property=\"og:image\" content=\"https:\/\/regions-snetap-fsu.fr\/pdl\/wp-content\/uploads\/sites\/4\/2018\/02\/2018-02-22-12.30.12-300x169.jpg\" \/>\n<meta name=\"author\" content=\"yvigner\" \/>\n<meta name=\"twitter:card\" content=\"summary_large_image\" \/>\n<meta name=\"twitter:label1\" content=\"\u00c9crit par\" \/>\n\t<meta name=\"twitter:data1\" content=\"yvigner\" \/>\n\t<meta name=\"twitter:label2\" content=\"Dur\u00e9e de lecture estim\u00e9e\" \/>\n\t<meta name=\"twitter:data2\" content=\"2 minutes\" \/>\n<script type=\"application\/ld+json\" class=\"yoast-schema-graph\">{\"@context\":\"https:\\\/\\\/schema.org\",\"@graph\":[{\"@type\":\"Article\",\"@id\":\"https:\\\/\\\/regions-snetap-fsu.fr\\\/pdl\\\/2018\\\/02\\\/23\\\/sante-securite-au-travail-de-travert\\\/#article\",\"isPartOf\":{\"@id\":\"https:\\\/\\\/regions-snetap-fsu.fr\\\/pdl\\\/2018\\\/02\\\/23\\\/sante-securite-au-travail-de-travert\\\/\"},\"author\":{\"name\":\"yvigner\",\"@id\":\"https:\\\/\\\/regions-snetap-fsu.fr\\\/pdl\\\/#\\\/schema\\\/person\\\/d4530af043f9e8d27bdd71c468ec93b1\"},\"headline\":\"Sant\u00e9, s\u00e9curit\u00e9 au travail&#8230;de TRAVERT !\",\"datePublished\":\"2018-02-22T23:45:17+00:00\",\"dateModified\":\"2018-09-08T20:21:39+00:00\",\"mainEntityOfPage\":{\"@id\":\"https:\\\/\\\/regions-snetap-fsu.fr\\\/pdl\\\/2018\\\/02\\\/23\\\/sante-securite-au-travail-de-travert\\\/\"},\"wordCount\":430,\"publisher\":{\"@id\":\"https:\\\/\\\/regions-snetap-fsu.fr\\\/pdl\\\/#organization\"},\"image\":{\"@id\":\"https:\\\/\\\/regions-snetap-fsu.fr\\\/pdl\\\/2018\\\/02\\\/23\\\/sante-securite-au-travail-de-travert\\\/#primaryimage\"},\"thumbnailUrl\":\"https:\\\/\\\/regions-snetap-fsu.fr\\\/pdl\\\/wp-content\\\/uploads\\\/sites\\\/4\\\/2018\\\/02\\\/2018-02-22-12.30.12-300x169.jpg\",\"articleSection\":[\"Formation sp\u00e9cialis\u00e9e Sant\u00e9 et S\u00e9curit\u00e9 au travail (ex-CHSCTREA)\"],\"inLanguage\":\"fr-FR\"},{\"@type\":\"WebPage\",\"@id\":\"https:\\\/\\\/regions-snetap-fsu.fr\\\/pdl\\\/2018\\\/02\\\/23\\\/sante-securite-au-travail-de-travert\\\/\",\"url\":\"https:\\\/\\\/regions-snetap-fsu.fr\\\/pdl\\\/2018\\\/02\\\/23\\\/sante-securite-au-travail-de-travert\\\/\",\"name\":\"Sant\u00e9, s\u00e9curit\u00e9 au travail...de TRAVERT ! - PAYS DE LA LOIRE\",\"isPartOf\":{\"@id\":\"https:\\\/\\\/regions-snetap-fsu.fr\\\/pdl\\\/#website\"},\"primaryImageOfPage\":{\"@id\":\"https:\\\/\\\/regions-snetap-fsu.fr\\\/pdl\\\/2018\\\/02\\\/23\\\/sante-securite-au-travail-de-travert\\\/#primaryimage\"},\"image\":{\"@id\":\"https:\\\/\\\/regions-snetap-fsu.fr\\\/pdl\\\/2018\\\/02\\\/23\\\/sante-securite-au-travail-de-travert\\\/#primaryimage\"},\"thumbnailUrl\":\"https:\\\/\\\/regions-snetap-fsu.fr\\\/pdl\\\/wp-content\\\/uploads\\\/sites\\\/4\\\/2018\\\/02\\\/2018-02-22-12.30.12-300x169.jpg\",\"datePublished\":\"2018-02-22T23:45:17+00:00\",\"dateModified\":\"2018-09-08T20:21:39+00:00\",\"breadcrumb\":{\"@id\":\"https:\\\/\\\/regions-snetap-fsu.fr\\\/pdl\\\/2018\\\/02\\\/23\\\/sante-securite-au-travail-de-travert\\\/#breadcrumb\"},\"inLanguage\":\"fr-FR\",\"potentialAction\":[{\"@type\":\"ReadAction\",\"target\":[\"https:\\\/\\\/regions-snetap-fsu.fr\\\/pdl\\\/2018\\\/02\\\/23\\\/sante-securite-au-travail-de-travert\\\/\"]}]},{\"@type\":\"ImageObject\",\"inLanguage\":\"fr-FR\",\"@id\":\"https:\\\/\\\/regions-snetap-fsu.fr\\\/pdl\\\/2018\\\/02\\\/23\\\/sante-securite-au-travail-de-travert\\\/#primaryimage\",\"url\":\"https:\\\/\\\/regions-snetap-fsu.fr\\\/pdl\\\/wp-content\\\/uploads\\\/sites\\\/4\\\/2018\\\/02\\\/2018-02-22-12.30.12.jpg\",\"contentUrl\":\"https:\\\/\\\/regions-snetap-fsu.fr\\\/pdl\\\/wp-content\\\/uploads\\\/sites\\\/4\\\/2018\\\/02\\\/2018-02-22-12.30.12.jpg\",\"width\":2560,\"height\":1440},{\"@type\":\"BreadcrumbList\",\"@id\":\"https:\\\/\\\/regions-snetap-fsu.fr\\\/pdl\\\/2018\\\/02\\\/23\\\/sante-securite-au-travail-de-travert\\\/#breadcrumb\",\"itemListElement\":[{\"@type\":\"ListItem\",\"position\":1,\"name\":\"Accueil\",\"item\":\"https:\\\/\\\/regions-snetap-fsu.fr\\\/pdl\\\/\"},{\"@type\":\"ListItem\",\"position\":2,\"name\":\"Sant\u00e9, s\u00e9curit\u00e9 au travail&#8230;de TRAVERT !\"}]},{\"@type\":\"WebSite\",\"@id\":\"https:\\\/\\\/regions-snetap-fsu.fr\\\/pdl\\\/#website\",\"url\":\"https:\\\/\\\/regions-snetap-fsu.fr\\\/pdl\\\/\",\"name\":\"SNETAP-FSU PAYS DE LA LOIRE\",\"description\":\"SECTION REGIONALE\",\"publisher\":{\"@id\":\"https:\\\/\\\/regions-snetap-fsu.fr\\\/pdl\\\/#organization\"},\"potentialAction\":[{\"@type\":\"SearchAction\",\"target\":{\"@type\":\"EntryPoint\",\"urlTemplate\":\"https:\\\/\\\/regions-snetap-fsu.fr\\\/pdl\\\/?s={search_term_string}\"},\"query-input\":{\"@type\":\"PropertyValueSpecification\",\"valueRequired\":true,\"valueName\":\"search_term_string\"}}],\"inLanguage\":\"fr-FR\"},{\"@type\":\"Organization\",\"@id\":\"https:\\\/\\\/regions-snetap-fsu.fr\\\/pdl\\\/#organization\",\"name\":\"SNETAP-FSU Pays de Loire\",\"url\":\"https:\\\/\\\/regions-snetap-fsu.fr\\\/pdl\\\/\",\"logo\":{\"@type\":\"ImageObject\",\"inLanguage\":\"fr-FR\",\"@id\":\"https:\\\/\\\/regions-snetap-fsu.fr\\\/pdl\\\/#\\\/schema\\\/logo\\\/image\\\/\",\"url\":\"https:\\\/\\\/regions-snetap-fsu.fr\\\/pdl\\\/wp-content\\\/uploads\\\/sites\\\/4\\\/2020\\\/12\\\/SNETAP-Logo.jpg\",\"contentUrl\":\"https:\\\/\\\/regions-snetap-fsu.fr\\\/pdl\\\/wp-content\\\/uploads\\\/sites\\\/4\\\/2020\\\/12\\\/SNETAP-Logo.jpg\",\"width\":464,\"height\":334,\"caption\":\"SNETAP-FSU Pays de Loire\"},\"image\":{\"@id\":\"https:\\\/\\\/regions-snetap-fsu.fr\\\/pdl\\\/#\\\/schema\\\/logo\\\/image\\\/\"}},{\"@type\":\"Person\",\"@id\":\"https:\\\/\\\/regions-snetap-fsu.fr\\\/pdl\\\/#\\\/schema\\\/person\\\/d4530af043f9e8d27bdd71c468ec93b1\",\"name\":\"yvigner\",\"image\":{\"@type\":\"ImageObject\",\"inLanguage\":\"fr-FR\",\"@id\":\"https:\\\/\\\/secure.gravatar.com\\\/avatar\\\/bc72baa6f2406549aecf77a837bc4f03dbe88472c1762138f868571430a23820?s=96&d=mm&r=g\",\"url\":\"https:\\\/\\\/secure.gravatar.com\\\/avatar\\\/bc72baa6f2406549aecf77a837bc4f03dbe88472c1762138f868571430a23820?s=96&d=mm&r=g\",\"contentUrl\":\"https:\\\/\\\/secure.gravatar.com\\\/avatar\\\/bc72baa6f2406549aecf77a837bc4f03dbe88472c1762138f868571430a23820?s=96&d=mm&r=g\",\"caption\":\"yvigner\"},\"url\":\"https:\\\/\\\/regions-snetap-fsu.fr\\\/pdl\\\/author\\\/yvigner\\\/\"}]}<\/script>\n<!-- \/ Yoast SEO plugin. -->","yoast_head_json":{"title":"Sant\u00e9, s\u00e9curit\u00e9 au travail...de TRAVERT ! - PAYS DE LA LOIRE","robots":{"index":"index","follow":"follow","max-snippet":"max-snippet:-1","max-image-preview":"max-image-preview:large","max-video-preview":"max-video-preview:-1"},"canonical":"https:\/\/regions-snetap-fsu.fr\/pdl\/2018\/02\/23\/sante-securite-au-travail-de-travert\/","og_locale":"fr_FR","og_type":"article","og_title":"Sant\u00e9, s\u00e9curit\u00e9 au travail...de TRAVERT ! - PAYS DE LA LOIRE","og_description":"Les \u00e9lus du CHSCTREA des Pays de la Loire, sur le terrain, r\u00e9clament l&rsquo;application du droit ! Visite, droit d&rsquo;enqu\u00eate pour les \u00e9lus&#8230;YES WE CAN !\u00a0Aujourd&rsquo;hui, jeudi 22 f\u00e9vrier 2018, 7 \u00e9lus du CHSCTREA (comit\u00e9 hygi\u00e8ne, s\u00e9curit\u00e9, conditions de travail r\u00e9gional de l&rsquo;enseignement agricole) des Pays de la Loire se sont d\u00e9plac\u00e9s au lyc\u00e9e Agricole [&hellip;]","og_url":"https:\/\/regions-snetap-fsu.fr\/pdl\/2018\/02\/23\/sante-securite-au-travail-de-travert\/","og_site_name":"PAYS DE LA LOIRE","article_published_time":"2018-02-22T23:45:17+00:00","article_modified_time":"2018-09-08T20:21:39+00:00","og_image":[{"url":"https:\/\/regions-snetap-fsu.fr\/pdl\/wp-content\/uploads\/sites\/4\/2018\/02\/2018-02-22-12.30.12-300x169.jpg","type":"","width":"","height":""}],"author":"yvigner","twitter_card":"summary_large_image","twitter_misc":{"\u00c9crit par":"yvigner","Dur\u00e9e de lecture estim\u00e9e":"2 minutes"},"schema":{"@context":"https:\/\/schema.org","@graph":[{"@type":"Article","@id":"https:\/\/regions-snetap-fsu.fr\/pdl\/2018\/02\/23\/sante-securite-au-travail-de-travert\/#article","isPartOf":{"@id":"https:\/\/regions-snetap-fsu.fr\/pdl\/2018\/02\/23\/sante-securite-au-travail-de-travert\/"},"author":{"name":"yvigner","@id":"https:\/\/regions-snetap-fsu.fr\/pdl\/#\/schema\/person\/d4530af043f9e8d27bdd71c468ec93b1"},"headline":"Sant\u00e9, s\u00e9curit\u00e9 au travail&#8230;de TRAVERT !","datePublished":"2018-02-22T23:45:17+00:00","dateModified":"2018-09-08T20:21:39+00:00","mainEntityOfPage":{"@id":"https:\/\/regions-snetap-fsu.fr\/pdl\/2018\/02\/23\/sante-securite-au-travail-de-travert\/"},"wordCount":430,"publisher":{"@id":"https:\/\/regions-snetap-fsu.fr\/pdl\/#organization"},"image":{"@id":"https:\/\/regions-snetap-fsu.fr\/pdl\/2018\/02\/23\/sante-securite-au-travail-de-travert\/#primaryimage"},"thumbnailUrl":"https:\/\/regions-snetap-fsu.fr\/pdl\/wp-content\/uploads\/sites\/4\/2018\/02\/2018-02-22-12.30.12-300x169.jpg","articleSection":["Formation sp\u00e9cialis\u00e9e Sant\u00e9 et S\u00e9curit\u00e9 au travail (ex-CHSCTREA)"],"inLanguage":"fr-FR"},{"@type":"WebPage","@id":"https:\/\/regions-snetap-fsu.fr\/pdl\/2018\/02\/23\/sante-securite-au-travail-de-travert\/","url":"https:\/\/regions-snetap-fsu.fr\/pdl\/2018\/02\/23\/sante-securite-au-travail-de-travert\/","name":"Sant\u00e9, s\u00e9curit\u00e9 au travail...de TRAVERT ! - PAYS DE LA LOIRE","isPartOf":{"@id":"https:\/\/regions-snetap-fsu.fr\/pdl\/#website"},"primaryImageOfPage":{"@id":"https:\/\/regions-snetap-fsu.fr\/pdl\/2018\/02\/23\/sante-securite-au-travail-de-travert\/#primaryimage"},"image":{"@id":"https:\/\/regions-snetap-fsu.fr\/pdl\/2018\/02\/23\/sante-securite-au-travail-de-travert\/#primaryimage"},"thumbnailUrl":"https:\/\/regions-snetap-fsu.fr\/pdl\/wp-content\/uploads\/sites\/4\/2018\/02\/2018-02-22-12.30.12-300x169.jpg","datePublished":"2018-02-22T23:45:17+00:00","dateModified":"2018-09-08T20:21:39+00:00","breadcrumb":{"@id":"https:\/\/regions-snetap-fsu.fr\/pdl\/2018\/02\/23\/sante-securite-au-travail-de-travert\/#breadcrumb"},"inLanguage":"fr-FR","potentialAction":[{"@type":"ReadAction","target":["https:\/\/regions-snetap-fsu.fr\/pdl\/2018\/02\/23\/sante-securite-au-travail-de-travert\/"]}]},{"@type":"ImageObject","inLanguage":"fr-FR","@id":"https:\/\/regions-snetap-fsu.fr\/pdl\/2018\/02\/23\/sante-securite-au-travail-de-travert\/#primaryimage","url":"https:\/\/regions-snetap-fsu.fr\/pdl\/wp-content\/uploads\/sites\/4\/2018\/02\/2018-02-22-12.30.12.jpg","contentUrl":"https:\/\/regions-snetap-fsu.fr\/pdl\/wp-content\/uploads\/sites\/4\/2018\/02\/2018-02-22-12.30.12.jpg","width":2560,"height":1440},{"@type":"BreadcrumbList","@id":"https:\/\/regions-snetap-fsu.fr\/pdl\/2018\/02\/23\/sante-securite-au-travail-de-travert\/#breadcrumb","itemListElement":[{"@type":"ListItem","position":1,"name":"Accueil","item":"https:\/\/regions-snetap-fsu.fr\/pdl\/"},{"@type":"ListItem","position":2,"name":"Sant\u00e9, s\u00e9curit\u00e9 au travail&#8230;de TRAVERT !"}]},{"@type":"WebSite","@id":"https:\/\/regions-snetap-fsu.fr\/pdl\/#website","url":"https:\/\/regions-snetap-fsu.fr\/pdl\/","name":"SNETAP-FSU PAYS DE LA LOIRE","description":"SECTION REGIONALE","publisher":{"@id":"https:\/\/regions-snetap-fsu.fr\/pdl\/#organization"},"potentialAction":[{"@type":"SearchAction","target":{"@type":"EntryPoint","urlTemplate":"https:\/\/regions-snetap-fsu.fr\/pdl\/?s={search_term_string}"},"query-input":{"@type":"PropertyValueSpecification","valueRequired":true,"valueName":"search_term_string"}}],"inLanguage":"fr-FR"},{"@type":"Organization","@id":"https:\/\/regions-snetap-fsu.fr\/pdl\/#organization","name":"SNETAP-FSU Pays de Loire","url":"https:\/\/regions-snetap-fsu.fr\/pdl\/","logo":{"@type":"ImageObject","inLanguage":"fr-FR","@id":"https:\/\/regions-snetap-fsu.fr\/pdl\/#\/schema\/logo\/image\/","url":"https:\/\/regions-snetap-fsu.fr\/pdl\/wp-content\/uploads\/sites\/4\/2020\/12\/SNETAP-Logo.jpg","contentUrl":"https:\/\/regions-snetap-fsu.fr\/pdl\/wp-content\/uploads\/sites\/4\/2020\/12\/SNETAP-Logo.jpg","width":464,"height":334,"caption":"SNETAP-FSU Pays de Loire"},"image":{"@id":"https:\/\/regions-snetap-fsu.fr\/pdl\/#\/schema\/logo\/image\/"}},{"@type":"Person","@id":"https:\/\/regions-snetap-fsu.fr\/pdl\/#\/schema\/person\/d4530af043f9e8d27bdd71c468ec93b1","name":"yvigner","image":{"@type":"ImageObject","inLanguage":"fr-FR","@id":"https:\/\/secure.gravatar.com\/avatar\/bc72baa6f2406549aecf77a837bc4f03dbe88472c1762138f868571430a23820?s=96&d=mm&r=g","url":"https:\/\/secure.gravatar.com\/avatar\/bc72baa6f2406549aecf77a837bc4f03dbe88472c1762138f868571430a23820?s=96&d=mm&r=g","contentUrl":"https:\/\/secure.gravatar.com\/avatar\/bc72baa6f2406549aecf77a837bc4f03dbe88472c1762138f868571430a23820?s=96&d=mm&r=g","caption":"yvigner"},"url":"https:\/\/regions-snetap-fsu.fr\/pdl\/author\/yvigner\/"}]}},"_links":{"self":[{"href":"https:\/\/regions-snetap-fsu.fr\/pdl\/wp-json\/wp\/v2\/posts\/963","targetHints":{"allow":["GET"]}}],"collection":[{"href":"https:\/\/regions-snetap-fsu.fr\/pdl\/wp-json\/wp\/v2\/posts"}],"about":[{"href":"https:\/\/regions-snetap-fsu.fr\/pdl\/wp-json\/wp\/v2\/types\/post"}],"author":[{"embeddable":true,"href":"https:\/\/regions-snetap-fsu.fr\/pdl\/wp-json\/wp\/v2\/users\/2"}],"replies":[{"embeddable":true,"href":"https:\/\/regions-snetap-fsu.fr\/pdl\/wp-json\/wp\/v2\/comments?post=963"}],"version-history":[{"count":1,"href":"https:\/\/regions-snetap-fsu.fr\/pdl\/wp-json\/wp\/v2\/posts\/963\/revisions"}],"predecessor-version":[{"id":2713,"href":"https:\/\/regions-snetap-fsu.fr\/pdl\/wp-json\/wp\/v2\/posts\/963\/revisions\/2713"}],"wp:attachment":[{"href":"https:\/\/regions-snetap-fsu.fr\/pdl\/wp-json\/wp\/v2\/media?parent=963"}],"wp:term":[{"taxonomy":"category","embeddable":true,"href":"https:\/\/regions-snetap-fsu.fr\/pdl\/wp-json\/wp\/v2\/categories?post=963"},{"taxonomy":"post_tag","embeddable":true,"href":"https:\/\/regions-snetap-fsu.fr\/pdl\/wp-json\/wp\/v2\/tags?post=963"},{"taxonomy":"post_folder","embeddable":true,"href":"https:\/\/regions-snetap-fsu.fr\/pdl\/wp-json\/wp\/v2\/post_folder?post=963"}],"curies":[{"name":"wp","href":"https:\/\/api.w.org\/{rel}","templated":true}]}}