{"id":958,"date":"2018-02-22T01:02:59","date_gmt":"2018-02-22T00:02:59","guid":{"rendered":"http:\/\/snetap-fsu.fr\/comp\/pdl\/?p=958"},"modified":"2018-09-19T21:52:27","modified_gmt":"2018-09-19T19:52:27","slug":"perseverare-diabolicum-les-jeunes-mayennais-victimes-des-choix-budgetaires","status":"publish","type":"post","link":"https:\/\/regions-snetap-fsu.fr\/pdl\/2018\/02\/22\/perseverare-diabolicum-les-jeunes-mayennais-victimes-des-choix-budgetaires\/","title":{"rendered":"PERSEVERARE DIABOLICUM ! Les jeunes mayennais victimes des choix budg\u00e9taires !"},"content":{"rendered":"<p style=\"text-align: justify\"><span style=\"text-decoration: underline;font-size: 18pt;font-family: arial, helvetica, sans-serif\"><strong>Communiqu\u00e9 de la section SNETAP-FSU du Lyc\u00e9e Agricole de Laval<\/strong><\/span><\/p>\n<p style=\"text-align: justify\"><span style=\"font-family: arial, helvetica, sans-serif\">Le 14 f\u00e9vrier dernier \u00e0 l&rsquo;occasion d&rsquo;une r\u00e9union de chefs d&rsquo;\u00e9tablissement, le Direction R\u00e9gionale de l&rsquo;Agriculture et la for\u00eat des Pays de la Loire a d\u00e9cid\u00e9, pour la rentr\u00e9e prochaine, non seulement de maintenir sa d\u00e9cision de suppression de 8 places dans la fili\u00e8re conduite et gestion de l&rsquo;entreprise agricole (BAC PRO CGEA) mais aussi de l&rsquo;amplifier par 8 nouvelles suppressions. Ainsi, en deux ans, ce sont 16 places en BAC PRO CGEA qui seront supprim\u00e9es au lyc\u00e9e agricole de Laval.\u00a0<\/span><\/p>\n<p style=\"text-align: justify\"><span style=\"font-family: arial, helvetica, sans-serif\"><em><strong>Une d\u00e9cision incompr\u00e9hensible<\/strong><\/em> quand chaque ann\u00e9e l&rsquo;\u00e9tablissement est d\u00e9j\u00e0 oblig\u00e9 de refuser plus de 15 jeunes dans cette formation.<\/span><\/p>\n<p style=\"text-align: justify\"><span style=\"font-family: arial, helvetica, sans-serif\"><em><strong>Une d\u00e9cision incompr\u00e9hensible<\/strong><\/em> alors que de l&rsquo;aveu m\u00eame de la profession, l&rsquo;agriculture mayennaise manque de salari\u00e9s (tant pour les services de remplacement que dans les ateliers porcins, par exemple).\u00a0<\/span><\/p>\n<p style=\"text-align: justify\"><span style=\"font-family: arial, helvetica, sans-serif\"><em><strong>Une d\u00e9cision incompr\u00e9hensible<\/strong><\/em> alors que l&rsquo;on pr\u00e9tend revaloriser la formation professionnelle&#8230;on ferme plut\u00f4t la porte \u00e0 des jeunes concernant une orientation choisie.\u00a0<\/span><\/p>\n<p style=\"text-align: justify\"><span style=\"font-family: arial, helvetica, sans-serif\">Oui ces 16 places suppl\u00e9mentaires en 2nd et premi\u00e8re professionnelles sont indispensables pour r\u00e9pondre aux besoins, des jeunes, des territoires, de la profession. Non, maintenir et recr\u00e9er ces places n&rsquo;ont pas un co\u00fbt exorbitant car ces jeunes suivraient une partie de leur formation (modules d&rsquo;enseignement g\u00e9n\u00e9ral) avec une section \u00ab\u00a0activit\u00e9s hippiques\u00a0\u00bb. Mais cette action ne peut se faire au d\u00e9triment d&rsquo;une autre fili\u00e8re ! Il n&rsquo;est pas possible de supprimer des places dans d&rsquo;autres fili\u00e8res pour accueillir des jeunes en BAC PRO CGEA comme c&rsquo;\u00e9tait le projet de la DRAAF.\u00a0<\/span><\/p>\n<p style=\"text-align: justify\"><span style=\"font-family: arial, helvetica, sans-serif\">Les personnels de l&rsquo;\u00e9tablissement, mobilis\u00e9s pour la r\u00e9ussite de tous les \u00e9l\u00e8ves, \u00e9taient tous pr\u00e9sents samedi dernier (le 17 f\u00e9vrier \u00e0 l&rsquo;occasion de la journ\u00e9e Portes Ouvertes) pour pr\u00e9senter leur \u00e9tablissement et les formations dispens\u00e9es. Ils ne comprennent pas ce choix fait par l&rsquo;autorit\u00e9 acad\u00e9mique, ils ne l&rsquo;acceptent pas ! <strong>Dans les prochaines jours, les prochaines semaines, ils solliciteront les \u00e9lus mayennais, les repr\u00e9sentants de la profession, les parents d&rsquo;\u00e9l\u00e8ves afin de peser collectivement pour que la DRAAF revienne sur sa d\u00e9cision et permettent aux jeunes mayennais, lig\u00e9riens de se former en agriculture.\u00a0<\/strong><\/span><\/p>\n","protected":false},"excerpt":{"rendered":"<p>Communiqu\u00e9 de la section SNETAP-FSU du Lyc\u00e9e Agricole de Laval Le 14 f\u00e9vrier dernier \u00e0 l&rsquo;occasion d&rsquo;une r\u00e9union de chefs d&rsquo;\u00e9tablissement, le Direction R\u00e9gionale de l&rsquo;Agriculture et la for\u00eat des Pays de la Loire a d\u00e9cid\u00e9, pour la rentr\u00e9e prochaine, non seulement de maintenir sa d\u00e9cision de suppression de 8 places dans la fili\u00e8re conduite [&hellip;]<\/p>\n","protected":false},"author":2,"featured_media":0,"comment_status":"closed","ping_status":"closed","sticky":false,"template":"","format":"standard","meta":{"ocean_post_layout":"","ocean_both_sidebars_style":"","ocean_both_sidebars_content_width":0,"ocean_both_sidebars_sidebars_width":0,"ocean_sidebar":"","ocean_second_sidebar":"","ocean_disable_margins":"enable","ocean_add_body_class":"","ocean_shortcode_before_top_bar":"","ocean_shortcode_after_top_bar":"","ocean_shortcode_before_header":"","ocean_shortcode_after_header":"","ocean_has_shortcode":"","ocean_shortcode_after_title":"","ocean_shortcode_before_footer_widgets":"","ocean_shortcode_after_footer_widgets":"","ocean_shortcode_before_footer_bottom":"","ocean_shortcode_after_footer_bottom":"","ocean_display_top_bar":"default","ocean_display_header":"default","ocean_header_style":"","ocean_center_header_left_menu":"","ocean_custom_header_template":"","ocean_custom_logo":0,"ocean_custom_retina_logo":0,"ocean_custom_logo_max_width":0,"ocean_custom_logo_tablet_max_width":0,"ocean_custom_logo_mobile_max_width":0,"ocean_custom_logo_max_height":0,"ocean_custom_logo_tablet_max_height":0,"ocean_custom_logo_mobile_max_height":0,"ocean_header_custom_menu":"","ocean_menu_typo_font_family":"","ocean_menu_typo_font_subset":"","ocean_menu_typo_font_size":0,"ocean_menu_typo_font_size_tablet":0,"ocean_menu_typo_font_size_mobile":0,"ocean_menu_typo_font_size_unit":"px","ocean_menu_typo_font_weight":"","ocean_menu_typo_font_weight_tablet":"","ocean_menu_typo_font_weight_mobile":"","ocean_menu_typo_transform":"","ocean_menu_typo_transform_tablet":"","ocean_menu_typo_transform_mobile":"","ocean_menu_typo_line_height":0,"ocean_menu_typo_line_height_tablet":0,"ocean_menu_typo_line_height_mobile":0,"ocean_menu_typo_line_height_unit":"","ocean_menu_typo_spacing":0,"ocean_menu_typo_spacing_tablet":0,"ocean_menu_typo_spacing_mobile":0,"ocean_menu_typo_spacing_unit":"","ocean_menu_link_color":"","ocean_menu_link_color_hover":"","ocean_menu_link_color_active":"","ocean_menu_link_background":"","ocean_menu_link_hover_background":"","ocean_menu_link_active_background":"","ocean_menu_social_links_bg":"","ocean_menu_social_hover_links_bg":"","ocean_menu_social_links_color":"","ocean_menu_social_hover_links_color":"","ocean_disable_title":"default","ocean_disable_heading":"default","ocean_post_title":"","ocean_post_subheading":"","ocean_post_title_style":"","ocean_post_title_background_color":"","ocean_post_title_background":0,"ocean_post_title_bg_image_position":"","ocean_post_title_bg_image_attachment":"","ocean_post_title_bg_image_repeat":"","ocean_post_title_bg_image_size":"","ocean_post_title_height":0,"ocean_post_title_bg_overlay":0.5,"ocean_post_title_bg_overlay_color":"","ocean_disable_breadcrumbs":"default","ocean_breadcrumbs_color":"","ocean_breadcrumbs_separator_color":"","ocean_breadcrumbs_links_color":"","ocean_breadcrumbs_links_hover_color":"","ocean_display_footer_widgets":"default","ocean_display_footer_bottom":"default","ocean_custom_footer_template":"","ocean_post_oembed":"","ocean_post_self_hosted_media":"","ocean_post_video_embed":"","ocean_link_format":"","ocean_link_format_target":"self","ocean_quote_format":"","ocean_quote_format_link":"post","ocean_gallery_link_images":"on","ocean_gallery_id":[],"footnotes":""},"categories":[9,18],"tags":[],"post_folder":[],"class_list":["post-958","post","type-post","status-publish","format-standard","hentry","category-actions-et-communiques","category-laval","entry"],"yoast_head":"<!-- This site is optimized with the Yoast SEO plugin v27.4 - https:\/\/yoast.com\/product\/yoast-seo-wordpress\/ -->\n<title>PERSEVERARE DIABOLICUM ! Les jeunes mayennais victimes des choix budg\u00e9taires ! - PAYS DE LA LOIRE<\/title>\n<meta name=\"robots\" content=\"index, follow, max-snippet:-1, max-image-preview:large, max-video-preview:-1\" \/>\n<link rel=\"canonical\" href=\"https:\/\/regions-snetap-fsu.fr\/pdl\/2018\/02\/22\/perseverare-diabolicum-les-jeunes-mayennais-victimes-des-choix-budgetaires\/\" \/>\n<meta property=\"og:locale\" content=\"fr_FR\" \/>\n<meta property=\"og:type\" content=\"article\" \/>\n<meta property=\"og:title\" content=\"PERSEVERARE DIABOLICUM ! Les jeunes mayennais victimes des choix budg\u00e9taires ! - PAYS DE LA LOIRE\" \/>\n<meta property=\"og:description\" content=\"Communiqu\u00e9 de la section SNETAP-FSU du Lyc\u00e9e Agricole de Laval Le 14 f\u00e9vrier dernier \u00e0 l&rsquo;occasion d&rsquo;une r\u00e9union de chefs d&rsquo;\u00e9tablissement, le Direction R\u00e9gionale de l&rsquo;Agriculture et la for\u00eat des Pays de la Loire a d\u00e9cid\u00e9, pour la rentr\u00e9e prochaine, non seulement de maintenir sa d\u00e9cision de suppression de 8 places dans la fili\u00e8re conduite [&hellip;]\" \/>\n<meta property=\"og:url\" content=\"https:\/\/regions-snetap-fsu.fr\/pdl\/2018\/02\/22\/perseverare-diabolicum-les-jeunes-mayennais-victimes-des-choix-budgetaires\/\" \/>\n<meta property=\"og:site_name\" content=\"PAYS DE LA LOIRE\" \/>\n<meta property=\"article:published_time\" content=\"2018-02-22T00:02:59+00:00\" \/>\n<meta property=\"article:modified_time\" content=\"2018-09-19T19:52:27+00:00\" \/>\n<meta name=\"author\" content=\"yvigner\" \/>\n<meta name=\"twitter:card\" content=\"summary_large_image\" \/>\n<meta name=\"twitter:label1\" content=\"\u00c9crit par\" \/>\n\t<meta name=\"twitter:data1\" content=\"yvigner\" \/>\n\t<meta name=\"twitter:label2\" content=\"Dur\u00e9e de lecture estim\u00e9e\" \/>\n\t<meta name=\"twitter:data2\" content=\"2 minutes\" \/>\n<script type=\"application\/ld+json\" class=\"yoast-schema-graph\">{\"@context\":\"https:\\\/\\\/schema.org\",\"@graph\":[{\"@type\":\"Article\",\"@id\":\"https:\\\/\\\/regions-snetap-fsu.fr\\\/pdl\\\/2018\\\/02\\\/22\\\/perseverare-diabolicum-les-jeunes-mayennais-victimes-des-choix-budgetaires\\\/#article\",\"isPartOf\":{\"@id\":\"https:\\\/\\\/regions-snetap-fsu.fr\\\/pdl\\\/2018\\\/02\\\/22\\\/perseverare-diabolicum-les-jeunes-mayennais-victimes-des-choix-budgetaires\\\/\"},\"author\":{\"name\":\"yvigner\",\"@id\":\"https:\\\/\\\/regions-snetap-fsu.fr\\\/pdl\\\/#\\\/schema\\\/person\\\/d4530af043f9e8d27bdd71c468ec93b1\"},\"headline\":\"PERSEVERARE DIABOLICUM ! Les jeunes mayennais victimes des choix budg\u00e9taires !\",\"datePublished\":\"2018-02-22T00:02:59+00:00\",\"dateModified\":\"2018-09-19T19:52:27+00:00\",\"mainEntityOfPage\":{\"@id\":\"https:\\\/\\\/regions-snetap-fsu.fr\\\/pdl\\\/2018\\\/02\\\/22\\\/perseverare-diabolicum-les-jeunes-mayennais-victimes-des-choix-budgetaires\\\/\"},\"wordCount\":411,\"publisher\":{\"@id\":\"https:\\\/\\\/regions-snetap-fsu.fr\\\/pdl\\\/#organization\"},\"articleSection\":[\"Communiqu\u00e9s\",\"Laval\"],\"inLanguage\":\"fr-FR\"},{\"@type\":\"WebPage\",\"@id\":\"https:\\\/\\\/regions-snetap-fsu.fr\\\/pdl\\\/2018\\\/02\\\/22\\\/perseverare-diabolicum-les-jeunes-mayennais-victimes-des-choix-budgetaires\\\/\",\"url\":\"https:\\\/\\\/regions-snetap-fsu.fr\\\/pdl\\\/2018\\\/02\\\/22\\\/perseverare-diabolicum-les-jeunes-mayennais-victimes-des-choix-budgetaires\\\/\",\"name\":\"PERSEVERARE DIABOLICUM ! Les jeunes mayennais victimes des choix budg\u00e9taires ! - PAYS DE LA LOIRE\",\"isPartOf\":{\"@id\":\"https:\\\/\\\/regions-snetap-fsu.fr\\\/pdl\\\/#website\"},\"datePublished\":\"2018-02-22T00:02:59+00:00\",\"dateModified\":\"2018-09-19T19:52:27+00:00\",\"breadcrumb\":{\"@id\":\"https:\\\/\\\/regions-snetap-fsu.fr\\\/pdl\\\/2018\\\/02\\\/22\\\/perseverare-diabolicum-les-jeunes-mayennais-victimes-des-choix-budgetaires\\\/#breadcrumb\"},\"inLanguage\":\"fr-FR\",\"potentialAction\":[{\"@type\":\"ReadAction\",\"target\":[\"https:\\\/\\\/regions-snetap-fsu.fr\\\/pdl\\\/2018\\\/02\\\/22\\\/perseverare-diabolicum-les-jeunes-mayennais-victimes-des-choix-budgetaires\\\/\"]}]},{\"@type\":\"BreadcrumbList\",\"@id\":\"https:\\\/\\\/regions-snetap-fsu.fr\\\/pdl\\\/2018\\\/02\\\/22\\\/perseverare-diabolicum-les-jeunes-mayennais-victimes-des-choix-budgetaires\\\/#breadcrumb\",\"itemListElement\":[{\"@type\":\"ListItem\",\"position\":1,\"name\":\"Accueil\",\"item\":\"https:\\\/\\\/regions-snetap-fsu.fr\\\/pdl\\\/\"},{\"@type\":\"ListItem\",\"position\":2,\"name\":\"PERSEVERARE DIABOLICUM ! Les jeunes mayennais victimes des choix budg\u00e9taires !\"}]},{\"@type\":\"WebSite\",\"@id\":\"https:\\\/\\\/regions-snetap-fsu.fr\\\/pdl\\\/#website\",\"url\":\"https:\\\/\\\/regions-snetap-fsu.fr\\\/pdl\\\/\",\"name\":\"SNETAP-FSU PAYS DE LA LOIRE\",\"description\":\"SECTION REGIONALE\",\"publisher\":{\"@id\":\"https:\\\/\\\/regions-snetap-fsu.fr\\\/pdl\\\/#organization\"},\"potentialAction\":[{\"@type\":\"SearchAction\",\"target\":{\"@type\":\"EntryPoint\",\"urlTemplate\":\"https:\\\/\\\/regions-snetap-fsu.fr\\\/pdl\\\/?s={search_term_string}\"},\"query-input\":{\"@type\":\"PropertyValueSpecification\",\"valueRequired\":true,\"valueName\":\"search_term_string\"}}],\"inLanguage\":\"fr-FR\"},{\"@type\":\"Organization\",\"@id\":\"https:\\\/\\\/regions-snetap-fsu.fr\\\/pdl\\\/#organization\",\"name\":\"SNETAP-FSU Pays de Loire\",\"url\":\"https:\\\/\\\/regions-snetap-fsu.fr\\\/pdl\\\/\",\"logo\":{\"@type\":\"ImageObject\",\"inLanguage\":\"fr-FR\",\"@id\":\"https:\\\/\\\/regions-snetap-fsu.fr\\\/pdl\\\/#\\\/schema\\\/logo\\\/image\\\/\",\"url\":\"https:\\\/\\\/regions-snetap-fsu.fr\\\/pdl\\\/wp-content\\\/uploads\\\/sites\\\/4\\\/2020\\\/12\\\/SNETAP-Logo.jpg\",\"contentUrl\":\"https:\\\/\\\/regions-snetap-fsu.fr\\\/pdl\\\/wp-content\\\/uploads\\\/sites\\\/4\\\/2020\\\/12\\\/SNETAP-Logo.jpg\",\"width\":464,\"height\":334,\"caption\":\"SNETAP-FSU Pays de Loire\"},\"image\":{\"@id\":\"https:\\\/\\\/regions-snetap-fsu.fr\\\/pdl\\\/#\\\/schema\\\/logo\\\/image\\\/\"}},{\"@type\":\"Person\",\"@id\":\"https:\\\/\\\/regions-snetap-fsu.fr\\\/pdl\\\/#\\\/schema\\\/person\\\/d4530af043f9e8d27bdd71c468ec93b1\",\"name\":\"yvigner\",\"image\":{\"@type\":\"ImageObject\",\"inLanguage\":\"fr-FR\",\"@id\":\"https:\\\/\\\/secure.gravatar.com\\\/avatar\\\/bc72baa6f2406549aecf77a837bc4f03dbe88472c1762138f868571430a23820?s=96&d=mm&r=g\",\"url\":\"https:\\\/\\\/secure.gravatar.com\\\/avatar\\\/bc72baa6f2406549aecf77a837bc4f03dbe88472c1762138f868571430a23820?s=96&d=mm&r=g\",\"contentUrl\":\"https:\\\/\\\/secure.gravatar.com\\\/avatar\\\/bc72baa6f2406549aecf77a837bc4f03dbe88472c1762138f868571430a23820?s=96&d=mm&r=g\",\"caption\":\"yvigner\"},\"url\":\"https:\\\/\\\/regions-snetap-fsu.fr\\\/pdl\\\/author\\\/yvigner\\\/\"}]}<\/script>\n<!-- \/ Yoast SEO plugin. -->","yoast_head_json":{"title":"PERSEVERARE DIABOLICUM ! Les jeunes mayennais victimes des choix budg\u00e9taires ! - PAYS DE LA LOIRE","robots":{"index":"index","follow":"follow","max-snippet":"max-snippet:-1","max-image-preview":"max-image-preview:large","max-video-preview":"max-video-preview:-1"},"canonical":"https:\/\/regions-snetap-fsu.fr\/pdl\/2018\/02\/22\/perseverare-diabolicum-les-jeunes-mayennais-victimes-des-choix-budgetaires\/","og_locale":"fr_FR","og_type":"article","og_title":"PERSEVERARE DIABOLICUM ! Les jeunes mayennais victimes des choix budg\u00e9taires ! - PAYS DE LA LOIRE","og_description":"Communiqu\u00e9 de la section SNETAP-FSU du Lyc\u00e9e Agricole de Laval Le 14 f\u00e9vrier dernier \u00e0 l&rsquo;occasion d&rsquo;une r\u00e9union de chefs d&rsquo;\u00e9tablissement, le Direction R\u00e9gionale de l&rsquo;Agriculture et la for\u00eat des Pays de la Loire a d\u00e9cid\u00e9, pour la rentr\u00e9e prochaine, non seulement de maintenir sa d\u00e9cision de suppression de 8 places dans la fili\u00e8re conduite [&hellip;]","og_url":"https:\/\/regions-snetap-fsu.fr\/pdl\/2018\/02\/22\/perseverare-diabolicum-les-jeunes-mayennais-victimes-des-choix-budgetaires\/","og_site_name":"PAYS DE LA LOIRE","article_published_time":"2018-02-22T00:02:59+00:00","article_modified_time":"2018-09-19T19:52:27+00:00","author":"yvigner","twitter_card":"summary_large_image","twitter_misc":{"\u00c9crit par":"yvigner","Dur\u00e9e de lecture estim\u00e9e":"2 minutes"},"schema":{"@context":"https:\/\/schema.org","@graph":[{"@type":"Article","@id":"https:\/\/regions-snetap-fsu.fr\/pdl\/2018\/02\/22\/perseverare-diabolicum-les-jeunes-mayennais-victimes-des-choix-budgetaires\/#article","isPartOf":{"@id":"https:\/\/regions-snetap-fsu.fr\/pdl\/2018\/02\/22\/perseverare-diabolicum-les-jeunes-mayennais-victimes-des-choix-budgetaires\/"},"author":{"name":"yvigner","@id":"https:\/\/regions-snetap-fsu.fr\/pdl\/#\/schema\/person\/d4530af043f9e8d27bdd71c468ec93b1"},"headline":"PERSEVERARE DIABOLICUM ! Les jeunes mayennais victimes des choix budg\u00e9taires !","datePublished":"2018-02-22T00:02:59+00:00","dateModified":"2018-09-19T19:52:27+00:00","mainEntityOfPage":{"@id":"https:\/\/regions-snetap-fsu.fr\/pdl\/2018\/02\/22\/perseverare-diabolicum-les-jeunes-mayennais-victimes-des-choix-budgetaires\/"},"wordCount":411,"publisher":{"@id":"https:\/\/regions-snetap-fsu.fr\/pdl\/#organization"},"articleSection":["Communiqu\u00e9s","Laval"],"inLanguage":"fr-FR"},{"@type":"WebPage","@id":"https:\/\/regions-snetap-fsu.fr\/pdl\/2018\/02\/22\/perseverare-diabolicum-les-jeunes-mayennais-victimes-des-choix-budgetaires\/","url":"https:\/\/regions-snetap-fsu.fr\/pdl\/2018\/02\/22\/perseverare-diabolicum-les-jeunes-mayennais-victimes-des-choix-budgetaires\/","name":"PERSEVERARE DIABOLICUM ! Les jeunes mayennais victimes des choix budg\u00e9taires ! - PAYS DE LA LOIRE","isPartOf":{"@id":"https:\/\/regions-snetap-fsu.fr\/pdl\/#website"},"datePublished":"2018-02-22T00:02:59+00:00","dateModified":"2018-09-19T19:52:27+00:00","breadcrumb":{"@id":"https:\/\/regions-snetap-fsu.fr\/pdl\/2018\/02\/22\/perseverare-diabolicum-les-jeunes-mayennais-victimes-des-choix-budgetaires\/#breadcrumb"},"inLanguage":"fr-FR","potentialAction":[{"@type":"ReadAction","target":["https:\/\/regions-snetap-fsu.fr\/pdl\/2018\/02\/22\/perseverare-diabolicum-les-jeunes-mayennais-victimes-des-choix-budgetaires\/"]}]},{"@type":"BreadcrumbList","@id":"https:\/\/regions-snetap-fsu.fr\/pdl\/2018\/02\/22\/perseverare-diabolicum-les-jeunes-mayennais-victimes-des-choix-budgetaires\/#breadcrumb","itemListElement":[{"@type":"ListItem","position":1,"name":"Accueil","item":"https:\/\/regions-snetap-fsu.fr\/pdl\/"},{"@type":"ListItem","position":2,"name":"PERSEVERARE DIABOLICUM ! Les jeunes mayennais victimes des choix budg\u00e9taires !"}]},{"@type":"WebSite","@id":"https:\/\/regions-snetap-fsu.fr\/pdl\/#website","url":"https:\/\/regions-snetap-fsu.fr\/pdl\/","name":"SNETAP-FSU PAYS DE LA LOIRE","description":"SECTION REGIONALE","publisher":{"@id":"https:\/\/regions-snetap-fsu.fr\/pdl\/#organization"},"potentialAction":[{"@type":"SearchAction","target":{"@type":"EntryPoint","urlTemplate":"https:\/\/regions-snetap-fsu.fr\/pdl\/?s={search_term_string}"},"query-input":{"@type":"PropertyValueSpecification","valueRequired":true,"valueName":"search_term_string"}}],"inLanguage":"fr-FR"},{"@type":"Organization","@id":"https:\/\/regions-snetap-fsu.fr\/pdl\/#organization","name":"SNETAP-FSU Pays de Loire","url":"https:\/\/regions-snetap-fsu.fr\/pdl\/","logo":{"@type":"ImageObject","inLanguage":"fr-FR","@id":"https:\/\/regions-snetap-fsu.fr\/pdl\/#\/schema\/logo\/image\/","url":"https:\/\/regions-snetap-fsu.fr\/pdl\/wp-content\/uploads\/sites\/4\/2020\/12\/SNETAP-Logo.jpg","contentUrl":"https:\/\/regions-snetap-fsu.fr\/pdl\/wp-content\/uploads\/sites\/4\/2020\/12\/SNETAP-Logo.jpg","width":464,"height":334,"caption":"SNETAP-FSU Pays de Loire"},"image":{"@id":"https:\/\/regions-snetap-fsu.fr\/pdl\/#\/schema\/logo\/image\/"}},{"@type":"Person","@id":"https:\/\/regions-snetap-fsu.fr\/pdl\/#\/schema\/person\/d4530af043f9e8d27bdd71c468ec93b1","name":"yvigner","image":{"@type":"ImageObject","inLanguage":"fr-FR","@id":"https:\/\/secure.gravatar.com\/avatar\/bc72baa6f2406549aecf77a837bc4f03dbe88472c1762138f868571430a23820?s=96&d=mm&r=g","url":"https:\/\/secure.gravatar.com\/avatar\/bc72baa6f2406549aecf77a837bc4f03dbe88472c1762138f868571430a23820?s=96&d=mm&r=g","contentUrl":"https:\/\/secure.gravatar.com\/avatar\/bc72baa6f2406549aecf77a837bc4f03dbe88472c1762138f868571430a23820?s=96&d=mm&r=g","caption":"yvigner"},"url":"https:\/\/regions-snetap-fsu.fr\/pdl\/author\/yvigner\/"}]}},"_links":{"self":[{"href":"https:\/\/regions-snetap-fsu.fr\/pdl\/wp-json\/wp\/v2\/posts\/958","targetHints":{"allow":["GET"]}}],"collection":[{"href":"https:\/\/regions-snetap-fsu.fr\/pdl\/wp-json\/wp\/v2\/posts"}],"about":[{"href":"https:\/\/regions-snetap-fsu.fr\/pdl\/wp-json\/wp\/v2\/types\/post"}],"author":[{"embeddable":true,"href":"https:\/\/regions-snetap-fsu.fr\/pdl\/wp-json\/wp\/v2\/users\/2"}],"replies":[{"embeddable":true,"href":"https:\/\/regions-snetap-fsu.fr\/pdl\/wp-json\/wp\/v2\/comments?post=958"}],"version-history":[{"count":1,"href":"https:\/\/regions-snetap-fsu.fr\/pdl\/wp-json\/wp\/v2\/posts\/958\/revisions"}],"predecessor-version":[{"id":2724,"href":"https:\/\/regions-snetap-fsu.fr\/pdl\/wp-json\/wp\/v2\/posts\/958\/revisions\/2724"}],"wp:attachment":[{"href":"https:\/\/regions-snetap-fsu.fr\/pdl\/wp-json\/wp\/v2\/media?parent=958"}],"wp:term":[{"taxonomy":"category","embeddable":true,"href":"https:\/\/regions-snetap-fsu.fr\/pdl\/wp-json\/wp\/v2\/categories?post=958"},{"taxonomy":"post_tag","embeddable":true,"href":"https:\/\/regions-snetap-fsu.fr\/pdl\/wp-json\/wp\/v2\/tags?post=958"},{"taxonomy":"post_folder","embeddable":true,"href":"https:\/\/regions-snetap-fsu.fr\/pdl\/wp-json\/wp\/v2\/post_folder?post=958"}],"curies":[{"name":"wp","href":"https:\/\/api.w.org\/{rel}","templated":true}]}}