{"id":952,"date":"2018-02-22T00:16:59","date_gmt":"2018-02-21T23:16:59","guid":{"rendered":"http:\/\/snetap-fsu.fr\/comp\/pdl\/?p=952"},"modified":"2018-09-08T22:21:58","modified_gmt":"2018-09-08T20:21:58","slug":"le-snetap-fsu-et-la-cgt-agri-rencontrent-le-nouveau-draaf-des-pays-de-la-loire","status":"publish","type":"post","link":"https:\/\/regions-snetap-fsu.fr\/pdl\/2018\/02\/22\/le-snetap-fsu-et-la-cgt-agri-rencontrent-le-nouveau-draaf-des-pays-de-la-loire\/","title":{"rendered":"Le SNETAP-FSU et la CGT-Agri rencontrent le nouveau DRAAF des Pays de la Loire"},"content":{"rendered":"<p style=\"text-align: justify\">Le 7 f\u00e9vrier dernier, une d\u00e9l\u00e9gation SNETAP-FSU et CGT-Agri a rencontr\u00e9 <strong>Monsieur Yvon LOBJOIT, nouveau Directeur R\u00e9gional de l&rsquo;Agriculture, de l&rsquo;Alimentation et de la For\u00eat des Pays de la Loire<\/strong>. Outre la traditionnelle prise de contact entre les repr\u00e9sentants des personnels et un nouveau Directeur r\u00e9gional, il s&rsquo;agissait de faire le point sur de nombreux dossiers importants et sensibles.<\/p>\n<p style=\"text-align: justify\">Nous avons tout d&rsquo;abord \u00e9voqu\u00e9 la question du dialogue social en pointant un certain nombre de dysfonctionnements notamment dans les instances (suivi des d\u00e9cisions, mise en place d&rsquo;un PREAP-projet r\u00e9gional de l&rsquo;enseignement agricole public, remise en cause du droit syndical&#8230;). Puis nous avons \u00e9voqu\u00e9 un certain nombre de sujets en r\u00e9gion : poids du priv\u00e9, situations particuli\u00e8res d&rsquo;\u00e9tablissement (Nantes, Chateau Gontier, Lu\u00e7on) ainsi que les relations avec le Conseil r\u00e9gional. Enfin, nous avons termin\u00e9 en d\u00e9plorant tant sur la forme que sur le fond la carte scolaire envisag\u00e9e pour la rentr\u00e9e scolaire prochaine (REFUS d&rsquo;ouverture du CAPE SAPVER \u00e0 Brette les Pins, du BAC PRO CGEA \u00e0 Nantes ; fermeture de la 2nd GT \u00e0 Nantes, d&rsquo;une section de BAC PRO \u00e0 Laval&#8230;). <strong>Une carte scolaire que nous continuons de combattre.<\/strong><\/p>\n<p style=\"text-align: justify\">Il \u00e9tait clair pour nous que son arriv\u00e9e se faisait dans un contexte tr\u00e8s tendu tant localement que r\u00e9gionalement qui se traduisait et par de la lassitude et de la frustration des \u00e9quipes \u00e9ducatives et par un refus de la casse du Service Public.<\/p>\n<p style=\"text-align: justify\">Monsieur LOBJOIT a bien pris note de nos remarques, demandes et s&rsquo;est engag\u00e9 \u00e0 prendre rapidement un certain nombre de d\u00e9cisions&#8230;<\/p>\n<p><strong>NOUS ATTENDONS TR\u00c8S RAPIDEMENT DE NOMBREUSES R\u00c9PONSES&#8230;<\/strong><\/p>\n","protected":false},"excerpt":{"rendered":"<p>Le 7 f\u00e9vrier dernier, une d\u00e9l\u00e9gation SNETAP-FSU et CGT-Agri a rencontr\u00e9 Monsieur Yvon LOBJOIT, nouveau Directeur R\u00e9gional de l&rsquo;Agriculture, de l&rsquo;Alimentation et de la For\u00eat des Pays de la Loire. Outre la traditionnelle prise de contact entre les repr\u00e9sentants des personnels et un nouveau Directeur r\u00e9gional, il s&rsquo;agissait de faire le point sur de nombreux [&hellip;]<\/p>\n","protected":false},"author":2,"featured_media":0,"comment_status":"closed","ping_status":"closed","sticky":false,"template":"","format":"standard","meta":{"ocean_post_layout":"","ocean_both_sidebars_style":"","ocean_both_sidebars_content_width":0,"ocean_both_sidebars_sidebars_width":0,"ocean_sidebar":"","ocean_second_sidebar":"","ocean_disable_margins":"enable","ocean_add_body_class":"","ocean_shortcode_before_top_bar":"","ocean_shortcode_after_top_bar":"","ocean_shortcode_before_header":"","ocean_shortcode_after_header":"","ocean_has_shortcode":"","ocean_shortcode_after_title":"","ocean_shortcode_before_footer_widgets":"","ocean_shortcode_after_footer_widgets":"","ocean_shortcode_before_footer_bottom":"","ocean_shortcode_after_footer_bottom":"","ocean_display_top_bar":"default","ocean_display_header":"default","ocean_header_style":"","ocean_center_header_left_menu":"","ocean_custom_header_template":"","ocean_custom_logo":0,"ocean_custom_retina_logo":0,"ocean_custom_logo_max_width":0,"ocean_custom_logo_tablet_max_width":0,"ocean_custom_logo_mobile_max_width":0,"ocean_custom_logo_max_height":0,"ocean_custom_logo_tablet_max_height":0,"ocean_custom_logo_mobile_max_height":0,"ocean_header_custom_menu":"","ocean_menu_typo_font_family":"","ocean_menu_typo_font_subset":"","ocean_menu_typo_font_size":0,"ocean_menu_typo_font_size_tablet":0,"ocean_menu_typo_font_size_mobile":0,"ocean_menu_typo_font_size_unit":"px","ocean_menu_typo_font_weight":"","ocean_menu_typo_font_weight_tablet":"","ocean_menu_typo_font_weight_mobile":"","ocean_menu_typo_transform":"","ocean_menu_typo_transform_tablet":"","ocean_menu_typo_transform_mobile":"","ocean_menu_typo_line_height":0,"ocean_menu_typo_line_height_tablet":0,"ocean_menu_typo_line_height_mobile":0,"ocean_menu_typo_line_height_unit":"","ocean_menu_typo_spacing":0,"ocean_menu_typo_spacing_tablet":0,"ocean_menu_typo_spacing_mobile":0,"ocean_menu_typo_spacing_unit":"","ocean_menu_link_color":"","ocean_menu_link_color_hover":"","ocean_menu_link_color_active":"","ocean_menu_link_background":"","ocean_menu_link_hover_background":"","ocean_menu_link_active_background":"","ocean_menu_social_links_bg":"","ocean_menu_social_hover_links_bg":"","ocean_menu_social_links_color":"","ocean_menu_social_hover_links_color":"","ocean_disable_title":"default","ocean_disable_heading":"default","ocean_post_title":"","ocean_post_subheading":"","ocean_post_title_style":"","ocean_post_title_background_color":"","ocean_post_title_background":0,"ocean_post_title_bg_image_position":"","ocean_post_title_bg_image_attachment":"","ocean_post_title_bg_image_repeat":"","ocean_post_title_bg_image_size":"","ocean_post_title_height":0,"ocean_post_title_bg_overlay":0.5,"ocean_post_title_bg_overlay_color":"","ocean_disable_breadcrumbs":"default","ocean_breadcrumbs_color":"","ocean_breadcrumbs_separator_color":"","ocean_breadcrumbs_links_color":"","ocean_breadcrumbs_links_hover_color":"","ocean_display_footer_widgets":"default","ocean_display_footer_bottom":"default","ocean_custom_footer_template":"","ocean_post_oembed":"","ocean_post_self_hosted_media":"","ocean_post_video_embed":"","ocean_link_format":"","ocean_link_format_target":"self","ocean_quote_format":"","ocean_quote_format_link":"post","ocean_gallery_link_images":"on","ocean_gallery_id":[],"footnotes":""},"categories":[9],"tags":[],"post_folder":[],"class_list":["post-952","post","type-post","status-publish","format-standard","hentry","category-actions-et-communiques","entry"],"yoast_head":"<!-- This site is optimized with the Yoast SEO plugin v27.4 - https:\/\/yoast.com\/product\/yoast-seo-wordpress\/ -->\n<title>Le SNETAP-FSU et la CGT-Agri rencontrent le nouveau DRAAF des Pays de la Loire - PAYS DE LA LOIRE<\/title>\n<meta name=\"robots\" content=\"index, follow, max-snippet:-1, max-image-preview:large, max-video-preview:-1\" \/>\n<link rel=\"canonical\" href=\"https:\/\/regions-snetap-fsu.fr\/pdl\/2018\/02\/22\/le-snetap-fsu-et-la-cgt-agri-rencontrent-le-nouveau-draaf-des-pays-de-la-loire\/\" \/>\n<meta property=\"og:locale\" content=\"fr_FR\" \/>\n<meta property=\"og:type\" content=\"article\" \/>\n<meta property=\"og:title\" content=\"Le SNETAP-FSU et la CGT-Agri rencontrent le nouveau DRAAF des Pays de la Loire - PAYS DE LA LOIRE\" \/>\n<meta property=\"og:description\" content=\"Le 7 f\u00e9vrier dernier, une d\u00e9l\u00e9gation SNETAP-FSU et CGT-Agri a rencontr\u00e9 Monsieur Yvon LOBJOIT, nouveau Directeur R\u00e9gional de l&rsquo;Agriculture, de l&rsquo;Alimentation et de la For\u00eat des Pays de la Loire. Outre la traditionnelle prise de contact entre les repr\u00e9sentants des personnels et un nouveau Directeur r\u00e9gional, il s&rsquo;agissait de faire le point sur de nombreux [&hellip;]\" \/>\n<meta property=\"og:url\" content=\"https:\/\/regions-snetap-fsu.fr\/pdl\/2018\/02\/22\/le-snetap-fsu-et-la-cgt-agri-rencontrent-le-nouveau-draaf-des-pays-de-la-loire\/\" \/>\n<meta property=\"og:site_name\" content=\"PAYS DE LA LOIRE\" \/>\n<meta property=\"article:published_time\" content=\"2018-02-21T23:16:59+00:00\" \/>\n<meta property=\"article:modified_time\" content=\"2018-09-08T20:21:58+00:00\" \/>\n<meta name=\"author\" content=\"yvigner\" \/>\n<meta name=\"twitter:card\" content=\"summary_large_image\" \/>\n<meta name=\"twitter:label1\" content=\"\u00c9crit par\" \/>\n\t<meta name=\"twitter:data1\" content=\"yvigner\" \/>\n\t<meta name=\"twitter:label2\" content=\"Dur\u00e9e de lecture estim\u00e9e\" \/>\n\t<meta name=\"twitter:data2\" content=\"1 minute\" \/>\n<script type=\"application\/ld+json\" class=\"yoast-schema-graph\">{\"@context\":\"https:\\\/\\\/schema.org\",\"@graph\":[{\"@type\":\"Article\",\"@id\":\"https:\\\/\\\/regions-snetap-fsu.fr\\\/pdl\\\/2018\\\/02\\\/22\\\/le-snetap-fsu-et-la-cgt-agri-rencontrent-le-nouveau-draaf-des-pays-de-la-loire\\\/#article\",\"isPartOf\":{\"@id\":\"https:\\\/\\\/regions-snetap-fsu.fr\\\/pdl\\\/2018\\\/02\\\/22\\\/le-snetap-fsu-et-la-cgt-agri-rencontrent-le-nouveau-draaf-des-pays-de-la-loire\\\/\"},\"author\":{\"name\":\"yvigner\",\"@id\":\"https:\\\/\\\/regions-snetap-fsu.fr\\\/pdl\\\/#\\\/schema\\\/person\\\/d4530af043f9e8d27bdd71c468ec93b1\"},\"headline\":\"Le SNETAP-FSU et la CGT-Agri rencontrent le nouveau DRAAF des Pays de la Loire\",\"datePublished\":\"2018-02-21T23:16:59+00:00\",\"dateModified\":\"2018-09-08T20:21:58+00:00\",\"mainEntityOfPage\":{\"@id\":\"https:\\\/\\\/regions-snetap-fsu.fr\\\/pdl\\\/2018\\\/02\\\/22\\\/le-snetap-fsu-et-la-cgt-agri-rencontrent-le-nouveau-draaf-des-pays-de-la-loire\\\/\"},\"wordCount\":300,\"publisher\":{\"@id\":\"https:\\\/\\\/regions-snetap-fsu.fr\\\/pdl\\\/#organization\"},\"articleSection\":[\"Communiqu\u00e9s\"],\"inLanguage\":\"fr-FR\"},{\"@type\":\"WebPage\",\"@id\":\"https:\\\/\\\/regions-snetap-fsu.fr\\\/pdl\\\/2018\\\/02\\\/22\\\/le-snetap-fsu-et-la-cgt-agri-rencontrent-le-nouveau-draaf-des-pays-de-la-loire\\\/\",\"url\":\"https:\\\/\\\/regions-snetap-fsu.fr\\\/pdl\\\/2018\\\/02\\\/22\\\/le-snetap-fsu-et-la-cgt-agri-rencontrent-le-nouveau-draaf-des-pays-de-la-loire\\\/\",\"name\":\"Le SNETAP-FSU et la CGT-Agri rencontrent le nouveau DRAAF des Pays de la Loire - PAYS DE LA LOIRE\",\"isPartOf\":{\"@id\":\"https:\\\/\\\/regions-snetap-fsu.fr\\\/pdl\\\/#website\"},\"datePublished\":\"2018-02-21T23:16:59+00:00\",\"dateModified\":\"2018-09-08T20:21:58+00:00\",\"breadcrumb\":{\"@id\":\"https:\\\/\\\/regions-snetap-fsu.fr\\\/pdl\\\/2018\\\/02\\\/22\\\/le-snetap-fsu-et-la-cgt-agri-rencontrent-le-nouveau-draaf-des-pays-de-la-loire\\\/#breadcrumb\"},\"inLanguage\":\"fr-FR\",\"potentialAction\":[{\"@type\":\"ReadAction\",\"target\":[\"https:\\\/\\\/regions-snetap-fsu.fr\\\/pdl\\\/2018\\\/02\\\/22\\\/le-snetap-fsu-et-la-cgt-agri-rencontrent-le-nouveau-draaf-des-pays-de-la-loire\\\/\"]}]},{\"@type\":\"BreadcrumbList\",\"@id\":\"https:\\\/\\\/regions-snetap-fsu.fr\\\/pdl\\\/2018\\\/02\\\/22\\\/le-snetap-fsu-et-la-cgt-agri-rencontrent-le-nouveau-draaf-des-pays-de-la-loire\\\/#breadcrumb\",\"itemListElement\":[{\"@type\":\"ListItem\",\"position\":1,\"name\":\"Accueil\",\"item\":\"https:\\\/\\\/regions-snetap-fsu.fr\\\/pdl\\\/\"},{\"@type\":\"ListItem\",\"position\":2,\"name\":\"Le SNETAP-FSU et la CGT-Agri rencontrent le nouveau DRAAF des Pays de la Loire\"}]},{\"@type\":\"WebSite\",\"@id\":\"https:\\\/\\\/regions-snetap-fsu.fr\\\/pdl\\\/#website\",\"url\":\"https:\\\/\\\/regions-snetap-fsu.fr\\\/pdl\\\/\",\"name\":\"SNETAP-FSU PAYS DE LA LOIRE\",\"description\":\"SECTION REGIONALE\",\"publisher\":{\"@id\":\"https:\\\/\\\/regions-snetap-fsu.fr\\\/pdl\\\/#organization\"},\"potentialAction\":[{\"@type\":\"SearchAction\",\"target\":{\"@type\":\"EntryPoint\",\"urlTemplate\":\"https:\\\/\\\/regions-snetap-fsu.fr\\\/pdl\\\/?s={search_term_string}\"},\"query-input\":{\"@type\":\"PropertyValueSpecification\",\"valueRequired\":true,\"valueName\":\"search_term_string\"}}],\"inLanguage\":\"fr-FR\"},{\"@type\":\"Organization\",\"@id\":\"https:\\\/\\\/regions-snetap-fsu.fr\\\/pdl\\\/#organization\",\"name\":\"SNETAP-FSU Pays de Loire\",\"url\":\"https:\\\/\\\/regions-snetap-fsu.fr\\\/pdl\\\/\",\"logo\":{\"@type\":\"ImageObject\",\"inLanguage\":\"fr-FR\",\"@id\":\"https:\\\/\\\/regions-snetap-fsu.fr\\\/pdl\\\/#\\\/schema\\\/logo\\\/image\\\/\",\"url\":\"https:\\\/\\\/regions-snetap-fsu.fr\\\/pdl\\\/wp-content\\\/uploads\\\/sites\\\/4\\\/2020\\\/12\\\/SNETAP-Logo.jpg\",\"contentUrl\":\"https:\\\/\\\/regions-snetap-fsu.fr\\\/pdl\\\/wp-content\\\/uploads\\\/sites\\\/4\\\/2020\\\/12\\\/SNETAP-Logo.jpg\",\"width\":464,\"height\":334,\"caption\":\"SNETAP-FSU Pays de Loire\"},\"image\":{\"@id\":\"https:\\\/\\\/regions-snetap-fsu.fr\\\/pdl\\\/#\\\/schema\\\/logo\\\/image\\\/\"}},{\"@type\":\"Person\",\"@id\":\"https:\\\/\\\/regions-snetap-fsu.fr\\\/pdl\\\/#\\\/schema\\\/person\\\/d4530af043f9e8d27bdd71c468ec93b1\",\"name\":\"yvigner\",\"image\":{\"@type\":\"ImageObject\",\"inLanguage\":\"fr-FR\",\"@id\":\"https:\\\/\\\/secure.gravatar.com\\\/avatar\\\/bc72baa6f2406549aecf77a837bc4f03dbe88472c1762138f868571430a23820?s=96&d=mm&r=g\",\"url\":\"https:\\\/\\\/secure.gravatar.com\\\/avatar\\\/bc72baa6f2406549aecf77a837bc4f03dbe88472c1762138f868571430a23820?s=96&d=mm&r=g\",\"contentUrl\":\"https:\\\/\\\/secure.gravatar.com\\\/avatar\\\/bc72baa6f2406549aecf77a837bc4f03dbe88472c1762138f868571430a23820?s=96&d=mm&r=g\",\"caption\":\"yvigner\"},\"url\":\"https:\\\/\\\/regions-snetap-fsu.fr\\\/pdl\\\/author\\\/yvigner\\\/\"}]}<\/script>\n<!-- \/ Yoast SEO plugin. -->","yoast_head_json":{"title":"Le SNETAP-FSU et la CGT-Agri rencontrent le nouveau DRAAF des Pays de la Loire - PAYS DE LA LOIRE","robots":{"index":"index","follow":"follow","max-snippet":"max-snippet:-1","max-image-preview":"max-image-preview:large","max-video-preview":"max-video-preview:-1"},"canonical":"https:\/\/regions-snetap-fsu.fr\/pdl\/2018\/02\/22\/le-snetap-fsu-et-la-cgt-agri-rencontrent-le-nouveau-draaf-des-pays-de-la-loire\/","og_locale":"fr_FR","og_type":"article","og_title":"Le SNETAP-FSU et la CGT-Agri rencontrent le nouveau DRAAF des Pays de la Loire - PAYS DE LA LOIRE","og_description":"Le 7 f\u00e9vrier dernier, une d\u00e9l\u00e9gation SNETAP-FSU et CGT-Agri a rencontr\u00e9 Monsieur Yvon LOBJOIT, nouveau Directeur R\u00e9gional de l&rsquo;Agriculture, de l&rsquo;Alimentation et de la For\u00eat des Pays de la Loire. Outre la traditionnelle prise de contact entre les repr\u00e9sentants des personnels et un nouveau Directeur r\u00e9gional, il s&rsquo;agissait de faire le point sur de nombreux [&hellip;]","og_url":"https:\/\/regions-snetap-fsu.fr\/pdl\/2018\/02\/22\/le-snetap-fsu-et-la-cgt-agri-rencontrent-le-nouveau-draaf-des-pays-de-la-loire\/","og_site_name":"PAYS DE LA LOIRE","article_published_time":"2018-02-21T23:16:59+00:00","article_modified_time":"2018-09-08T20:21:58+00:00","author":"yvigner","twitter_card":"summary_large_image","twitter_misc":{"\u00c9crit par":"yvigner","Dur\u00e9e de lecture estim\u00e9e":"1 minute"},"schema":{"@context":"https:\/\/schema.org","@graph":[{"@type":"Article","@id":"https:\/\/regions-snetap-fsu.fr\/pdl\/2018\/02\/22\/le-snetap-fsu-et-la-cgt-agri-rencontrent-le-nouveau-draaf-des-pays-de-la-loire\/#article","isPartOf":{"@id":"https:\/\/regions-snetap-fsu.fr\/pdl\/2018\/02\/22\/le-snetap-fsu-et-la-cgt-agri-rencontrent-le-nouveau-draaf-des-pays-de-la-loire\/"},"author":{"name":"yvigner","@id":"https:\/\/regions-snetap-fsu.fr\/pdl\/#\/schema\/person\/d4530af043f9e8d27bdd71c468ec93b1"},"headline":"Le SNETAP-FSU et la CGT-Agri rencontrent le nouveau DRAAF des Pays de la Loire","datePublished":"2018-02-21T23:16:59+00:00","dateModified":"2018-09-08T20:21:58+00:00","mainEntityOfPage":{"@id":"https:\/\/regions-snetap-fsu.fr\/pdl\/2018\/02\/22\/le-snetap-fsu-et-la-cgt-agri-rencontrent-le-nouveau-draaf-des-pays-de-la-loire\/"},"wordCount":300,"publisher":{"@id":"https:\/\/regions-snetap-fsu.fr\/pdl\/#organization"},"articleSection":["Communiqu\u00e9s"],"inLanguage":"fr-FR"},{"@type":"WebPage","@id":"https:\/\/regions-snetap-fsu.fr\/pdl\/2018\/02\/22\/le-snetap-fsu-et-la-cgt-agri-rencontrent-le-nouveau-draaf-des-pays-de-la-loire\/","url":"https:\/\/regions-snetap-fsu.fr\/pdl\/2018\/02\/22\/le-snetap-fsu-et-la-cgt-agri-rencontrent-le-nouveau-draaf-des-pays-de-la-loire\/","name":"Le SNETAP-FSU et la CGT-Agri rencontrent le nouveau DRAAF des Pays de la Loire - PAYS DE LA LOIRE","isPartOf":{"@id":"https:\/\/regions-snetap-fsu.fr\/pdl\/#website"},"datePublished":"2018-02-21T23:16:59+00:00","dateModified":"2018-09-08T20:21:58+00:00","breadcrumb":{"@id":"https:\/\/regions-snetap-fsu.fr\/pdl\/2018\/02\/22\/le-snetap-fsu-et-la-cgt-agri-rencontrent-le-nouveau-draaf-des-pays-de-la-loire\/#breadcrumb"},"inLanguage":"fr-FR","potentialAction":[{"@type":"ReadAction","target":["https:\/\/regions-snetap-fsu.fr\/pdl\/2018\/02\/22\/le-snetap-fsu-et-la-cgt-agri-rencontrent-le-nouveau-draaf-des-pays-de-la-loire\/"]}]},{"@type":"BreadcrumbList","@id":"https:\/\/regions-snetap-fsu.fr\/pdl\/2018\/02\/22\/le-snetap-fsu-et-la-cgt-agri-rencontrent-le-nouveau-draaf-des-pays-de-la-loire\/#breadcrumb","itemListElement":[{"@type":"ListItem","position":1,"name":"Accueil","item":"https:\/\/regions-snetap-fsu.fr\/pdl\/"},{"@type":"ListItem","position":2,"name":"Le SNETAP-FSU et la CGT-Agri rencontrent le nouveau DRAAF des Pays de la Loire"}]},{"@type":"WebSite","@id":"https:\/\/regions-snetap-fsu.fr\/pdl\/#website","url":"https:\/\/regions-snetap-fsu.fr\/pdl\/","name":"SNETAP-FSU PAYS DE LA LOIRE","description":"SECTION REGIONALE","publisher":{"@id":"https:\/\/regions-snetap-fsu.fr\/pdl\/#organization"},"potentialAction":[{"@type":"SearchAction","target":{"@type":"EntryPoint","urlTemplate":"https:\/\/regions-snetap-fsu.fr\/pdl\/?s={search_term_string}"},"query-input":{"@type":"PropertyValueSpecification","valueRequired":true,"valueName":"search_term_string"}}],"inLanguage":"fr-FR"},{"@type":"Organization","@id":"https:\/\/regions-snetap-fsu.fr\/pdl\/#organization","name":"SNETAP-FSU Pays de Loire","url":"https:\/\/regions-snetap-fsu.fr\/pdl\/","logo":{"@type":"ImageObject","inLanguage":"fr-FR","@id":"https:\/\/regions-snetap-fsu.fr\/pdl\/#\/schema\/logo\/image\/","url":"https:\/\/regions-snetap-fsu.fr\/pdl\/wp-content\/uploads\/sites\/4\/2020\/12\/SNETAP-Logo.jpg","contentUrl":"https:\/\/regions-snetap-fsu.fr\/pdl\/wp-content\/uploads\/sites\/4\/2020\/12\/SNETAP-Logo.jpg","width":464,"height":334,"caption":"SNETAP-FSU Pays de Loire"},"image":{"@id":"https:\/\/regions-snetap-fsu.fr\/pdl\/#\/schema\/logo\/image\/"}},{"@type":"Person","@id":"https:\/\/regions-snetap-fsu.fr\/pdl\/#\/schema\/person\/d4530af043f9e8d27bdd71c468ec93b1","name":"yvigner","image":{"@type":"ImageObject","inLanguage":"fr-FR","@id":"https:\/\/secure.gravatar.com\/avatar\/bc72baa6f2406549aecf77a837bc4f03dbe88472c1762138f868571430a23820?s=96&d=mm&r=g","url":"https:\/\/secure.gravatar.com\/avatar\/bc72baa6f2406549aecf77a837bc4f03dbe88472c1762138f868571430a23820?s=96&d=mm&r=g","contentUrl":"https:\/\/secure.gravatar.com\/avatar\/bc72baa6f2406549aecf77a837bc4f03dbe88472c1762138f868571430a23820?s=96&d=mm&r=g","caption":"yvigner"},"url":"https:\/\/regions-snetap-fsu.fr\/pdl\/author\/yvigner\/"}]}},"_links":{"self":[{"href":"https:\/\/regions-snetap-fsu.fr\/pdl\/wp-json\/wp\/v2\/posts\/952","targetHints":{"allow":["GET"]}}],"collection":[{"href":"https:\/\/regions-snetap-fsu.fr\/pdl\/wp-json\/wp\/v2\/posts"}],"about":[{"href":"https:\/\/regions-snetap-fsu.fr\/pdl\/wp-json\/wp\/v2\/types\/post"}],"author":[{"embeddable":true,"href":"https:\/\/regions-snetap-fsu.fr\/pdl\/wp-json\/wp\/v2\/users\/2"}],"replies":[{"embeddable":true,"href":"https:\/\/regions-snetap-fsu.fr\/pdl\/wp-json\/wp\/v2\/comments?post=952"}],"version-history":[{"count":1,"href":"https:\/\/regions-snetap-fsu.fr\/pdl\/wp-json\/wp\/v2\/posts\/952\/revisions"}],"predecessor-version":[{"id":2725,"href":"https:\/\/regions-snetap-fsu.fr\/pdl\/wp-json\/wp\/v2\/posts\/952\/revisions\/2725"}],"wp:attachment":[{"href":"https:\/\/regions-snetap-fsu.fr\/pdl\/wp-json\/wp\/v2\/media?parent=952"}],"wp:term":[{"taxonomy":"category","embeddable":true,"href":"https:\/\/regions-snetap-fsu.fr\/pdl\/wp-json\/wp\/v2\/categories?post=952"},{"taxonomy":"post_tag","embeddable":true,"href":"https:\/\/regions-snetap-fsu.fr\/pdl\/wp-json\/wp\/v2\/tags?post=952"},{"taxonomy":"post_folder","embeddable":true,"href":"https:\/\/regions-snetap-fsu.fr\/pdl\/wp-json\/wp\/v2\/post_folder?post=952"}],"curies":[{"name":"wp","href":"https:\/\/api.w.org\/{rel}","templated":true}]}}