{"id":824,"date":"2017-12-15T16:47:21","date_gmt":"2017-12-15T15:47:21","guid":{"rendered":"http:\/\/snetap-fsu.fr\/comp\/pdl\/?p=824"},"modified":"2018-09-08T22:14:19","modified_gmt":"2018-09-08T20:14:19","slug":"dotations-des-etablissements-en-personnels-la-fsu-ecrit-au-conseil-regional","status":"publish","type":"post","link":"https:\/\/regions-snetap-fsu.fr\/pdl\/2017\/12\/15\/dotations-des-etablissements-en-personnels-la-fsu-ecrit-au-conseil-regional\/","title":{"rendered":"Dotations des \u00e9tablissements en personnels, la FSU \u00e9crit au Conseil r\u00e9gional"},"content":{"rendered":"<p align=\"justify\"><img decoding=\"async\" class=\"alignnone wp-image-104\" src=\"https:\/\/regions-snetap-fsu.fr\/pdl\/wp-content\/uploads\/sites\/4\/2016\/09\/logo-SNETAP-300x189.jpg\" alt=\"\" width=\"173\" height=\"109\" srcset=\"https:\/\/regions-snetap-fsu.fr\/pdl\/wp-content\/uploads\/sites\/4\/2016\/09\/logo-SNETAP-300x189.jpg 300w, https:\/\/regions-snetap-fsu.fr\/pdl\/wp-content\/uploads\/sites\/4\/2016\/09\/logo-SNETAP-100x63.jpg 100w, https:\/\/regions-snetap-fsu.fr\/pdl\/wp-content\/uploads\/sites\/4\/2016\/09\/logo-SNETAP-150x94.jpg 150w, https:\/\/regions-snetap-fsu.fr\/pdl\/wp-content\/uploads\/sites\/4\/2016\/09\/logo-SNETAP-200x126.jpg 200w, https:\/\/regions-snetap-fsu.fr\/pdl\/wp-content\/uploads\/sites\/4\/2016\/09\/logo-SNETAP-450x283.jpg 450w, https:\/\/regions-snetap-fsu.fr\/pdl\/wp-content\/uploads\/sites\/4\/2016\/09\/logo-SNETAP-600x377.jpg 600w, https:\/\/regions-snetap-fsu.fr\/pdl\/wp-content\/uploads\/sites\/4\/2016\/09\/logo-SNETAP.jpg 652w\" sizes=\"(max-width: 173px) 100vw, 173px\" \/> <img decoding=\"async\" class=\"alignnone wp-image-370\" src=\"https:\/\/regions-snetap-fsu.fr\/pdl\/wp-content\/uploads\/sites\/4\/2017\/03\/FSU-292x300.jpg\" alt=\"\" width=\"115\" height=\"118\" srcset=\"https:\/\/regions-snetap-fsu.fr\/pdl\/wp-content\/uploads\/sites\/4\/2017\/03\/FSU-292x300.jpg 292w, https:\/\/regions-snetap-fsu.fr\/pdl\/wp-content\/uploads\/sites\/4\/2017\/03\/FSU-100x103.jpg 100w, https:\/\/regions-snetap-fsu.fr\/pdl\/wp-content\/uploads\/sites\/4\/2017\/03\/FSU-150x154.jpg 150w, https:\/\/regions-snetap-fsu.fr\/pdl\/wp-content\/uploads\/sites\/4\/2017\/03\/FSU-200x205.jpg 200w, https:\/\/regions-snetap-fsu.fr\/pdl\/wp-content\/uploads\/sites\/4\/2017\/03\/FSU-300x308.jpg 300w, https:\/\/regions-snetap-fsu.fr\/pdl\/wp-content\/uploads\/sites\/4\/2017\/03\/FSU-450x462.jpg 450w, https:\/\/regions-snetap-fsu.fr\/pdl\/wp-content\/uploads\/sites\/4\/2017\/03\/FSU.jpg 584w\" sizes=\"(max-width: 115px) 100vw, 115px\" \/><\/p>\n<p class=\"western\" align=\"justify\"><span style=\"font-family: Arial, sans-serif\">Nantes, le 14 d\u00e9cembre 2017<\/span><\/p>\n<p class=\"western\" align=\"right\"><span style=\"font-family: Arial, sans-serif\"><span style=\"font-size: large\"><b>A Monsieur V.LECOMTE<\/b><\/span><\/span><\/p>\n<p class=\"western\" align=\"right\"><span style=\"font-family: Arial, sans-serif\"><span style=\"font-size: large\"><b>Directeur des Ressources Humaines<\/b><\/span><\/span><\/p>\n<p class=\"western\" align=\"right\"><span style=\"font-family: Arial, sans-serif\"><span style=\"font-size: large\"><b>Conseil R\u00e9gional des Pays de la Loire<\/b><\/span><\/span><\/p>\n<p class=\"western\" align=\"justify\"><span style=\"font-family: Arial, sans-serif\"><span style=\"font-size: medium\">Monsieur LECOMTE, <\/span><\/span><\/p>\n<p class=\"western\" align=\"justify\"><span style=\"font-family: Arial, sans-serif\"><span style=\"font-size: medium\">Par la pr\u00e9sente et suite \u00e0 l&rsquo;\u00e9change avec vos services le lundi 11 d\u00e9cembre 2017, nous vous transmettons notre analyse qualitative et quantitative concernant la demande d&rsquo;\u00e9volution des dotations des lyc\u00e9es agricoles publics. <\/span><\/span><\/p>\n<p class=\"western\" align=\"justify\"><span style=\"font-family: Arial, sans-serif\"><span style=\"font-size: medium\">Connue, reconnue (par vos services parfois) et d\u00e9nonc\u00e9e par tous les personnels et les usagers parfois,, avant, pendant et depuis le processus de transferts des missions et des agents \u00e0 la collectivit\u00e9 r\u00e9gionale, la dotation en personnels titulaires des lyc\u00e9es agricoles publics est partout tr\u00e8s insuffisante. Une sous-dotation chronique (m\u00eame avant la d\u00e9centralisation) qui a, notamment, entra\u00een\u00e9 mal \u00eatre et souffrance au travail. Il est imp\u00e9ratif et urgent de recalculer les dotations pour prendre en compte les situations pass\u00e9es mais \u00e9galement les \u00e9volutions de nos \u00e9tablissements.<\/span><\/span><!--more--><\/p>\n<p class=\"western\" align=\"justify\"><span style=\"font-family: Arial, sans-serif\"><span style=\"font-size: medium\">Premier visage, premi\u00e8re voix dans tout \u00e9tablissement accueillant du public, la mission d&rsquo;accueil est indispensable . De trop nombreux lyc\u00e9es agricoles voient cette mission non assur\u00e9e par des agents du CR PDL. Il s&rsquo;agit l\u00e0 d&rsquo;une situation critique qui doit attirer toute votre attention. <\/span><\/span><\/p>\n<p class=\"western\" align=\"justify\"><span style=\"font-family: Arial, sans-serif\"><span style=\"font-size: medium\">L&rsquo;autre urgence r\u00e9side dans la n\u00e9cessit\u00e9 de renforcer les services \u00ab\u00a0m\u00e9nage\u00a0\u00bb des \u00e9tablissements. Parent pauvre des dotations, service polyvalent auquel on fait syst\u00e9matiquement appel dans les autres services quant un agent manque \u00e0 l&rsquo;appel, les services m\u00e9nages doivent \u00eatre quasi syst\u00e9matiquement renforc\u00e9s. La v\u00e9tust\u00e9 croissante de certains locaux, l&rsquo;augmentation de la surface d&rsquo;autres induisent des \u00e9quipes plus nombreuses. Il en va \u00e9galement du respect du travail des agents d\u00e9j\u00e0 en poste. <\/span><\/span><\/p>\n<p class=\"western\" align=\"justify\"><span style=\"font-family: Arial, sans-serif\"><span style=\"font-size: medium\">Nous tenons ici aussi \u00e0 r\u00e9affirmer notre position quant au non remplacement des agents des services lingerie et espaces verts qui partent en retraite. Nous refusons l&rsquo;externalisation, la privatisation de l&rsquo;exercice de ces missions \u00e0 l&rsquo;int\u00e9rieur des EPL parce que leur co\u00fbt sera de toute \u00e9vidence support\u00e9 par les usagers qui ont pourtant fait le choix du service public, la\u00efque et gratuit. <\/span><\/span><\/p>\n<p class=\"western\" align=\"justify\"><span style=\"font-family: Arial, sans-serif\"><span style=\"font-size: medium\">Enfin, au regard de nos analyses, de nos constations \u00e9tay\u00e9es par les retours des agents, des usagers sur le terrain, nous vous transmettons nos demandes, \u00e9tablissement par \u00e9tablissement. C&rsquo;est ainsi que nous sollicitons une augmentation de 23 postes (ETP) d&rsquo;agents du Conseil r\u00e9gional pour ce qui est de la dotation r\u00e9gionale des lyc\u00e9es agricoles. L&rsquo;\u00e9volution de cette dotation devrait, selon nous, se faire comme suit\u00a0: <\/span><\/span><\/p>\n<ul>\n<li>\n<p class=\"western\" align=\"justify\"><span style=\"font-family: Arial, sans-serif\"><span style=\"font-size: medium\">une cr\u00e9ation de 3 postes au LPA du Haut Anjou (53)\u00a0: accueil, cuisine et m\u00e9nage\u00a0; <\/span><\/span><\/p>\n<\/li>\n<li>\n<p class=\"western\" align=\"justify\"><span style=\"font-family: Arial, sans-serif\"><span style=\"font-size: medium\">une cr\u00e9ation de 3 postes au LEGTA de Laval (53)\u00a0: cuisine, m\u00e9nage, espaces verts\u00a0; <\/span><\/span><\/p>\n<\/li>\n<li>\n<p class=\"western\" align=\"justify\"><span style=\"font-family: Arial, sans-serif\"><span style=\"font-size: medium\">une cr\u00e9ation de 2 postes au LEGTA du Mans (72)\u00a0: m\u00e9nage, cuisine\u00a0;<\/span><\/span><\/p>\n<\/li>\n<li>\n<p class=\"western\" align=\"justify\"><span style=\"font-family: Arial, sans-serif\"><span style=\"font-size: medium\">une cr\u00e9ation de 2 postes au LPA de Brette les Pins (72)\u00a0: accueil, m\u00e9nage\u00a0;<\/span><\/span><\/p>\n<\/li>\n<li>\n<p class=\"western\" align=\"justify\"><span style=\"font-family: Arial, sans-serif\"><span style=\"font-size: medium\">une cr\u00e9ation de 2 postes au LEGTA du Fresne (49)\u00a0: m\u00e9nage, m\u00e9nage\u00a0; <\/span><\/span><\/p>\n<\/li>\n<li>\n<p class=\"western\" align=\"justify\"><span style=\"font-family: Arial, sans-serif\"><span style=\"font-size: medium\">une cr\u00e9ation de 3 postes au LPA de Montreuil Bellay(49)\u00a0: maintenance, espaces verts, m\u00e9nage\u00a0;<\/span><\/span><\/p>\n<\/li>\n<li>\n<p class=\"western\" align=\"justify\"><span style=\"font-family: Arial, sans-serif\"><span style=\"font-size: medium\">une cr\u00e9ation de 2 postes au LEGTA Nature (85)\u00a0: cuisine, m\u00e9nage\u00a0; <\/span><\/span><\/p>\n<\/li>\n<li>\n<p class=\"western\" align=\"justify\"><span style=\"font-family: Arial, sans-serif\"><span style=\"font-size: medium\">une cr\u00e9ation de 2 postes au LEGTA Bel Air( (85)\u00a0: m\u00e9nage, accueil\u00a0; <\/span><\/span><\/p>\n<\/li>\n<li>\n<p class=\"western\" align=\"justify\"><span style=\"font-family: Arial, sans-serif\"><span style=\"font-size: medium\">une cr\u00e9ation de 2 poses du LEGTA de Lu\u00e7on P\u00e9tr\u00e9 (85)\u00a0: m\u00e9nage, m\u00e9nage<\/span><\/span><\/p>\n<\/li>\n<li>\n<p class=\"western\" align=\"justify\"><span style=\"font-family: Arial, sans-serif\"><span style=\"font-size: medium\">une cr\u00e9ation de 2 postes au LEGTA NTA (44)\u00a0: m\u00e9nage, maintenance<\/span><\/span><\/p>\n<\/li>\n<\/ul>\n<p class=\"western\" align=\"justify\"><span style=\"font-family: Arial, sans-serif\"><span style=\"font-size: medium\">Nous restons bien \u00e9videmment \u00e0 votre disposition pour tout \u00e9change sur la dotation th\u00e9orique-cible \u00ab\u00a0n\u00e9cessaire\u00a0\u00bb dans les lyc\u00e9es agricoles publics. <\/span><\/span><\/p>\n<p class=\"western\" align=\"justify\"><span style=\"font-family: Arial, sans-serif\"><span style=\"font-size: medium\">Veuillez recevoir Monsieur le Directeur, nos plus sinc\u00e8res salutations. <\/span><\/span><\/p>\n<p class=\"western\" align=\"right\"><span style=\"font-family: arial, helvetica, sans-serif\">Pour la FSU,<\/span><\/p>\n<p align=\"right\"><span style=\"font-family: arial, helvetica, sans-serif\">Fran\u00e7oise LEBLOIS,\u00a0<\/span><\/p>\n<p align=\"right\"><span style=\"font-family: arial, helvetica, sans-serif\">G\u00e9rard PIEL,\u00a0<\/span><\/p>\n<p align=\"right\"><span style=\"font-family: arial, helvetica, sans-serif\">Patrice SORLUT<\/span><\/p>\n<p>&nbsp;<\/p>\n","protected":false},"excerpt":{"rendered":"<p>Nantes, le 14 d\u00e9cembre 2017 A Monsieur V.LECOMTE Directeur des Ressources Humaines Conseil R\u00e9gional des Pays de la Loire Monsieur LECOMTE, Par la pr\u00e9sente et suite \u00e0 l&rsquo;\u00e9change avec vos services le lundi 11 d\u00e9cembre 2017, nous vous transmettons notre analyse qualitative et quantitative concernant la demande d&rsquo;\u00e9volution des dotations des lyc\u00e9es agricoles publics. Connue, [&hellip;]<\/p>\n","protected":false},"author":2,"featured_media":0,"comment_status":"closed","ping_status":"closed","sticky":false,"template":"","format":"standard","meta":{"ocean_post_layout":"","ocean_both_sidebars_style":"","ocean_both_sidebars_content_width":0,"ocean_both_sidebars_sidebars_width":0,"ocean_sidebar":"","ocean_second_sidebar":"","ocean_disable_margins":"enable","ocean_add_body_class":"","ocean_shortcode_before_top_bar":"","ocean_shortcode_after_top_bar":"","ocean_shortcode_before_header":"","ocean_shortcode_after_header":"","ocean_has_shortcode":"","ocean_shortcode_after_title":"","ocean_shortcode_before_footer_widgets":"","ocean_shortcode_after_footer_widgets":"","ocean_shortcode_before_footer_bottom":"","ocean_shortcode_after_footer_bottom":"","ocean_display_top_bar":"default","ocean_display_header":"default","ocean_header_style":"","ocean_center_header_left_menu":"","ocean_custom_header_template":"","ocean_custom_logo":0,"ocean_custom_retina_logo":0,"ocean_custom_logo_max_width":0,"ocean_custom_logo_tablet_max_width":0,"ocean_custom_logo_mobile_max_width":0,"ocean_custom_logo_max_height":0,"ocean_custom_logo_tablet_max_height":0,"ocean_custom_logo_mobile_max_height":0,"ocean_header_custom_menu":"","ocean_menu_typo_font_family":"","ocean_menu_typo_font_subset":"","ocean_menu_typo_font_size":0,"ocean_menu_typo_font_size_tablet":0,"ocean_menu_typo_font_size_mobile":0,"ocean_menu_typo_font_size_unit":"px","ocean_menu_typo_font_weight":"","ocean_menu_typo_font_weight_tablet":"","ocean_menu_typo_font_weight_mobile":"","ocean_menu_typo_transform":"","ocean_menu_typo_transform_tablet":"","ocean_menu_typo_transform_mobile":"","ocean_menu_typo_line_height":0,"ocean_menu_typo_line_height_tablet":0,"ocean_menu_typo_line_height_mobile":0,"ocean_menu_typo_line_height_unit":"","ocean_menu_typo_spacing":0,"ocean_menu_typo_spacing_tablet":0,"ocean_menu_typo_spacing_mobile":0,"ocean_menu_typo_spacing_unit":"","ocean_menu_link_color":"","ocean_menu_link_color_hover":"","ocean_menu_link_color_active":"","ocean_menu_link_background":"","ocean_menu_link_hover_background":"","ocean_menu_link_active_background":"","ocean_menu_social_links_bg":"","ocean_menu_social_hover_links_bg":"","ocean_menu_social_links_color":"","ocean_menu_social_hover_links_color":"","ocean_disable_title":"default","ocean_disable_heading":"default","ocean_post_title":"","ocean_post_subheading":"","ocean_post_title_style":"","ocean_post_title_background_color":"","ocean_post_title_background":0,"ocean_post_title_bg_image_position":"","ocean_post_title_bg_image_attachment":"","ocean_post_title_bg_image_repeat":"","ocean_post_title_bg_image_size":"","ocean_post_title_height":0,"ocean_post_title_bg_overlay":0.5,"ocean_post_title_bg_overlay_color":"","ocean_disable_breadcrumbs":"default","ocean_breadcrumbs_color":"","ocean_breadcrumbs_separator_color":"","ocean_breadcrumbs_links_color":"","ocean_breadcrumbs_links_hover_color":"","ocean_display_footer_widgets":"default","ocean_display_footer_bottom":"default","ocean_custom_footer_template":"","ocean_post_oembed":"","ocean_post_self_hosted_media":"","ocean_post_video_embed":"","ocean_link_format":"","ocean_link_format_target":"self","ocean_quote_format":"","ocean_quote_format_link":"post","ocean_gallery_link_images":"on","ocean_gallery_id":[],"footnotes":""},"categories":[7,6],"tags":[],"post_folder":[],"class_list":["post-824","post","type-post","status-publish","format-standard","hentry","category-conseil-regional","category-courriers-de-la-section-regionale","entry"],"yoast_head":"<!-- This site is optimized with the Yoast SEO plugin v27.4 - https:\/\/yoast.com\/product\/yoast-seo-wordpress\/ -->\n<title>Dotations des \u00e9tablissements en personnels, la FSU \u00e9crit au Conseil r\u00e9gional - PAYS DE LA LOIRE<\/title>\n<meta name=\"robots\" content=\"index, follow, max-snippet:-1, max-image-preview:large, max-video-preview:-1\" \/>\n<link rel=\"canonical\" href=\"https:\/\/regions-snetap-fsu.fr\/pdl\/2017\/12\/15\/dotations-des-etablissements-en-personnels-la-fsu-ecrit-au-conseil-regional\/\" \/>\n<meta property=\"og:locale\" content=\"fr_FR\" \/>\n<meta property=\"og:type\" content=\"article\" \/>\n<meta property=\"og:title\" content=\"Dotations des \u00e9tablissements en personnels, la FSU \u00e9crit au Conseil r\u00e9gional - PAYS DE LA LOIRE\" \/>\n<meta property=\"og:description\" content=\"Nantes, le 14 d\u00e9cembre 2017 A Monsieur V.LECOMTE Directeur des Ressources Humaines Conseil R\u00e9gional des Pays de la Loire Monsieur LECOMTE, Par la pr\u00e9sente et suite \u00e0 l&rsquo;\u00e9change avec vos services le lundi 11 d\u00e9cembre 2017, nous vous transmettons notre analyse qualitative et quantitative concernant la demande d&rsquo;\u00e9volution des dotations des lyc\u00e9es agricoles publics. Connue, [&hellip;]\" \/>\n<meta property=\"og:url\" content=\"https:\/\/regions-snetap-fsu.fr\/pdl\/2017\/12\/15\/dotations-des-etablissements-en-personnels-la-fsu-ecrit-au-conseil-regional\/\" \/>\n<meta property=\"og:site_name\" content=\"PAYS DE LA LOIRE\" \/>\n<meta property=\"article:published_time\" content=\"2017-12-15T15:47:21+00:00\" \/>\n<meta property=\"article:modified_time\" content=\"2018-09-08T20:14:19+00:00\" \/>\n<meta property=\"og:image\" content=\"https:\/\/regions-snetap-fsu.fr\/pdl\/wp-content\/uploads\/sites\/4\/2016\/09\/logo-SNETAP-300x189.jpg\" \/>\n<meta name=\"author\" content=\"yvigner\" \/>\n<meta name=\"twitter:card\" content=\"summary_large_image\" \/>\n<meta name=\"twitter:label1\" content=\"\u00c9crit par\" \/>\n\t<meta name=\"twitter:data1\" content=\"yvigner\" \/>\n\t<meta name=\"twitter:label2\" content=\"Dur\u00e9e de lecture estim\u00e9e\" \/>\n\t<meta name=\"twitter:data2\" content=\"3 minutes\" \/>\n<script type=\"application\/ld+json\" class=\"yoast-schema-graph\">{\"@context\":\"https:\\\/\\\/schema.org\",\"@graph\":[{\"@type\":\"Article\",\"@id\":\"https:\\\/\\\/regions-snetap-fsu.fr\\\/pdl\\\/2017\\\/12\\\/15\\\/dotations-des-etablissements-en-personnels-la-fsu-ecrit-au-conseil-regional\\\/#article\",\"isPartOf\":{\"@id\":\"https:\\\/\\\/regions-snetap-fsu.fr\\\/pdl\\\/2017\\\/12\\\/15\\\/dotations-des-etablissements-en-personnels-la-fsu-ecrit-au-conseil-regional\\\/\"},\"author\":{\"name\":\"yvigner\",\"@id\":\"https:\\\/\\\/regions-snetap-fsu.fr\\\/pdl\\\/#\\\/schema\\\/person\\\/d4530af043f9e8d27bdd71c468ec93b1\"},\"headline\":\"Dotations des \u00e9tablissements en personnels, la FSU \u00e9crit au Conseil r\u00e9gional\",\"datePublished\":\"2017-12-15T15:47:21+00:00\",\"dateModified\":\"2018-09-08T20:14:19+00:00\",\"mainEntityOfPage\":{\"@id\":\"https:\\\/\\\/regions-snetap-fsu.fr\\\/pdl\\\/2017\\\/12\\\/15\\\/dotations-des-etablissements-en-personnels-la-fsu-ecrit-au-conseil-regional\\\/\"},\"wordCount\":611,\"publisher\":{\"@id\":\"https:\\\/\\\/regions-snetap-fsu.fr\\\/pdl\\\/#organization\"},\"image\":{\"@id\":\"https:\\\/\\\/regions-snetap-fsu.fr\\\/pdl\\\/2017\\\/12\\\/15\\\/dotations-des-etablissements-en-personnels-la-fsu-ecrit-au-conseil-regional\\\/#primaryimage\"},\"thumbnailUrl\":\"https:\\\/\\\/regions-snetap-fsu.fr\\\/pdl\\\/wp-content\\\/uploads\\\/sites\\\/4\\\/2016\\\/09\\\/logo-SNETAP-300x189.jpg\",\"articleSection\":[\"Conseil r\u00e9gional\",\"Courriers de la section r\u00e9gionale\"],\"inLanguage\":\"fr-FR\"},{\"@type\":\"WebPage\",\"@id\":\"https:\\\/\\\/regions-snetap-fsu.fr\\\/pdl\\\/2017\\\/12\\\/15\\\/dotations-des-etablissements-en-personnels-la-fsu-ecrit-au-conseil-regional\\\/\",\"url\":\"https:\\\/\\\/regions-snetap-fsu.fr\\\/pdl\\\/2017\\\/12\\\/15\\\/dotations-des-etablissements-en-personnels-la-fsu-ecrit-au-conseil-regional\\\/\",\"name\":\"Dotations des \u00e9tablissements en personnels, la FSU \u00e9crit au Conseil r\u00e9gional - PAYS DE LA LOIRE\",\"isPartOf\":{\"@id\":\"https:\\\/\\\/regions-snetap-fsu.fr\\\/pdl\\\/#website\"},\"primaryImageOfPage\":{\"@id\":\"https:\\\/\\\/regions-snetap-fsu.fr\\\/pdl\\\/2017\\\/12\\\/15\\\/dotations-des-etablissements-en-personnels-la-fsu-ecrit-au-conseil-regional\\\/#primaryimage\"},\"image\":{\"@id\":\"https:\\\/\\\/regions-snetap-fsu.fr\\\/pdl\\\/2017\\\/12\\\/15\\\/dotations-des-etablissements-en-personnels-la-fsu-ecrit-au-conseil-regional\\\/#primaryimage\"},\"thumbnailUrl\":\"https:\\\/\\\/regions-snetap-fsu.fr\\\/pdl\\\/wp-content\\\/uploads\\\/sites\\\/4\\\/2016\\\/09\\\/logo-SNETAP-300x189.jpg\",\"datePublished\":\"2017-12-15T15:47:21+00:00\",\"dateModified\":\"2018-09-08T20:14:19+00:00\",\"breadcrumb\":{\"@id\":\"https:\\\/\\\/regions-snetap-fsu.fr\\\/pdl\\\/2017\\\/12\\\/15\\\/dotations-des-etablissements-en-personnels-la-fsu-ecrit-au-conseil-regional\\\/#breadcrumb\"},\"inLanguage\":\"fr-FR\",\"potentialAction\":[{\"@type\":\"ReadAction\",\"target\":[\"https:\\\/\\\/regions-snetap-fsu.fr\\\/pdl\\\/2017\\\/12\\\/15\\\/dotations-des-etablissements-en-personnels-la-fsu-ecrit-au-conseil-regional\\\/\"]}]},{\"@type\":\"ImageObject\",\"inLanguage\":\"fr-FR\",\"@id\":\"https:\\\/\\\/regions-snetap-fsu.fr\\\/pdl\\\/2017\\\/12\\\/15\\\/dotations-des-etablissements-en-personnels-la-fsu-ecrit-au-conseil-regional\\\/#primaryimage\",\"url\":\"https:\\\/\\\/regions-snetap-fsu.fr\\\/pdl\\\/wp-content\\\/uploads\\\/sites\\\/4\\\/2016\\\/09\\\/logo-SNETAP.jpg\",\"contentUrl\":\"https:\\\/\\\/regions-snetap-fsu.fr\\\/pdl\\\/wp-content\\\/uploads\\\/sites\\\/4\\\/2016\\\/09\\\/logo-SNETAP.jpg\",\"width\":652,\"height\":410},{\"@type\":\"BreadcrumbList\",\"@id\":\"https:\\\/\\\/regions-snetap-fsu.fr\\\/pdl\\\/2017\\\/12\\\/15\\\/dotations-des-etablissements-en-personnels-la-fsu-ecrit-au-conseil-regional\\\/#breadcrumb\",\"itemListElement\":[{\"@type\":\"ListItem\",\"position\":1,\"name\":\"Accueil\",\"item\":\"https:\\\/\\\/regions-snetap-fsu.fr\\\/pdl\\\/\"},{\"@type\":\"ListItem\",\"position\":2,\"name\":\"Dotations des \u00e9tablissements en personnels, la FSU \u00e9crit au Conseil r\u00e9gional\"}]},{\"@type\":\"WebSite\",\"@id\":\"https:\\\/\\\/regions-snetap-fsu.fr\\\/pdl\\\/#website\",\"url\":\"https:\\\/\\\/regions-snetap-fsu.fr\\\/pdl\\\/\",\"name\":\"SNETAP-FSU PAYS DE LA LOIRE\",\"description\":\"SECTION REGIONALE\",\"publisher\":{\"@id\":\"https:\\\/\\\/regions-snetap-fsu.fr\\\/pdl\\\/#organization\"},\"potentialAction\":[{\"@type\":\"SearchAction\",\"target\":{\"@type\":\"EntryPoint\",\"urlTemplate\":\"https:\\\/\\\/regions-snetap-fsu.fr\\\/pdl\\\/?s={search_term_string}\"},\"query-input\":{\"@type\":\"PropertyValueSpecification\",\"valueRequired\":true,\"valueName\":\"search_term_string\"}}],\"inLanguage\":\"fr-FR\"},{\"@type\":\"Organization\",\"@id\":\"https:\\\/\\\/regions-snetap-fsu.fr\\\/pdl\\\/#organization\",\"name\":\"SNETAP-FSU Pays de Loire\",\"url\":\"https:\\\/\\\/regions-snetap-fsu.fr\\\/pdl\\\/\",\"logo\":{\"@type\":\"ImageObject\",\"inLanguage\":\"fr-FR\",\"@id\":\"https:\\\/\\\/regions-snetap-fsu.fr\\\/pdl\\\/#\\\/schema\\\/logo\\\/image\\\/\",\"url\":\"https:\\\/\\\/regions-snetap-fsu.fr\\\/pdl\\\/wp-content\\\/uploads\\\/sites\\\/4\\\/2020\\\/12\\\/SNETAP-Logo.jpg\",\"contentUrl\":\"https:\\\/\\\/regions-snetap-fsu.fr\\\/pdl\\\/wp-content\\\/uploads\\\/sites\\\/4\\\/2020\\\/12\\\/SNETAP-Logo.jpg\",\"width\":464,\"height\":334,\"caption\":\"SNETAP-FSU Pays de Loire\"},\"image\":{\"@id\":\"https:\\\/\\\/regions-snetap-fsu.fr\\\/pdl\\\/#\\\/schema\\\/logo\\\/image\\\/\"}},{\"@type\":\"Person\",\"@id\":\"https:\\\/\\\/regions-snetap-fsu.fr\\\/pdl\\\/#\\\/schema\\\/person\\\/d4530af043f9e8d27bdd71c468ec93b1\",\"name\":\"yvigner\",\"image\":{\"@type\":\"ImageObject\",\"inLanguage\":\"fr-FR\",\"@id\":\"https:\\\/\\\/secure.gravatar.com\\\/avatar\\\/bc72baa6f2406549aecf77a837bc4f03dbe88472c1762138f868571430a23820?s=96&d=mm&r=g\",\"url\":\"https:\\\/\\\/secure.gravatar.com\\\/avatar\\\/bc72baa6f2406549aecf77a837bc4f03dbe88472c1762138f868571430a23820?s=96&d=mm&r=g\",\"contentUrl\":\"https:\\\/\\\/secure.gravatar.com\\\/avatar\\\/bc72baa6f2406549aecf77a837bc4f03dbe88472c1762138f868571430a23820?s=96&d=mm&r=g\",\"caption\":\"yvigner\"},\"url\":\"https:\\\/\\\/regions-snetap-fsu.fr\\\/pdl\\\/author\\\/yvigner\\\/\"}]}<\/script>\n<!-- \/ Yoast SEO plugin. -->","yoast_head_json":{"title":"Dotations des \u00e9tablissements en personnels, la FSU \u00e9crit au Conseil r\u00e9gional - PAYS DE LA LOIRE","robots":{"index":"index","follow":"follow","max-snippet":"max-snippet:-1","max-image-preview":"max-image-preview:large","max-video-preview":"max-video-preview:-1"},"canonical":"https:\/\/regions-snetap-fsu.fr\/pdl\/2017\/12\/15\/dotations-des-etablissements-en-personnels-la-fsu-ecrit-au-conseil-regional\/","og_locale":"fr_FR","og_type":"article","og_title":"Dotations des \u00e9tablissements en personnels, la FSU \u00e9crit au Conseil r\u00e9gional - PAYS DE LA LOIRE","og_description":"Nantes, le 14 d\u00e9cembre 2017 A Monsieur V.LECOMTE Directeur des Ressources Humaines Conseil R\u00e9gional des Pays de la Loire Monsieur LECOMTE, Par la pr\u00e9sente et suite \u00e0 l&rsquo;\u00e9change avec vos services le lundi 11 d\u00e9cembre 2017, nous vous transmettons notre analyse qualitative et quantitative concernant la demande d&rsquo;\u00e9volution des dotations des lyc\u00e9es agricoles publics. Connue, [&hellip;]","og_url":"https:\/\/regions-snetap-fsu.fr\/pdl\/2017\/12\/15\/dotations-des-etablissements-en-personnels-la-fsu-ecrit-au-conseil-regional\/","og_site_name":"PAYS DE LA LOIRE","article_published_time":"2017-12-15T15:47:21+00:00","article_modified_time":"2018-09-08T20:14:19+00:00","og_image":[{"url":"https:\/\/regions-snetap-fsu.fr\/pdl\/wp-content\/uploads\/sites\/4\/2016\/09\/logo-SNETAP-300x189.jpg","type":"","width":"","height":""}],"author":"yvigner","twitter_card":"summary_large_image","twitter_misc":{"\u00c9crit par":"yvigner","Dur\u00e9e de lecture estim\u00e9e":"3 minutes"},"schema":{"@context":"https:\/\/schema.org","@graph":[{"@type":"Article","@id":"https:\/\/regions-snetap-fsu.fr\/pdl\/2017\/12\/15\/dotations-des-etablissements-en-personnels-la-fsu-ecrit-au-conseil-regional\/#article","isPartOf":{"@id":"https:\/\/regions-snetap-fsu.fr\/pdl\/2017\/12\/15\/dotations-des-etablissements-en-personnels-la-fsu-ecrit-au-conseil-regional\/"},"author":{"name":"yvigner","@id":"https:\/\/regions-snetap-fsu.fr\/pdl\/#\/schema\/person\/d4530af043f9e8d27bdd71c468ec93b1"},"headline":"Dotations des \u00e9tablissements en personnels, la FSU \u00e9crit au Conseil r\u00e9gional","datePublished":"2017-12-15T15:47:21+00:00","dateModified":"2018-09-08T20:14:19+00:00","mainEntityOfPage":{"@id":"https:\/\/regions-snetap-fsu.fr\/pdl\/2017\/12\/15\/dotations-des-etablissements-en-personnels-la-fsu-ecrit-au-conseil-regional\/"},"wordCount":611,"publisher":{"@id":"https:\/\/regions-snetap-fsu.fr\/pdl\/#organization"},"image":{"@id":"https:\/\/regions-snetap-fsu.fr\/pdl\/2017\/12\/15\/dotations-des-etablissements-en-personnels-la-fsu-ecrit-au-conseil-regional\/#primaryimage"},"thumbnailUrl":"https:\/\/regions-snetap-fsu.fr\/pdl\/wp-content\/uploads\/sites\/4\/2016\/09\/logo-SNETAP-300x189.jpg","articleSection":["Conseil r\u00e9gional","Courriers de la section r\u00e9gionale"],"inLanguage":"fr-FR"},{"@type":"WebPage","@id":"https:\/\/regions-snetap-fsu.fr\/pdl\/2017\/12\/15\/dotations-des-etablissements-en-personnels-la-fsu-ecrit-au-conseil-regional\/","url":"https:\/\/regions-snetap-fsu.fr\/pdl\/2017\/12\/15\/dotations-des-etablissements-en-personnels-la-fsu-ecrit-au-conseil-regional\/","name":"Dotations des \u00e9tablissements en personnels, la FSU \u00e9crit au Conseil r\u00e9gional - PAYS DE LA LOIRE","isPartOf":{"@id":"https:\/\/regions-snetap-fsu.fr\/pdl\/#website"},"primaryImageOfPage":{"@id":"https:\/\/regions-snetap-fsu.fr\/pdl\/2017\/12\/15\/dotations-des-etablissements-en-personnels-la-fsu-ecrit-au-conseil-regional\/#primaryimage"},"image":{"@id":"https:\/\/regions-snetap-fsu.fr\/pdl\/2017\/12\/15\/dotations-des-etablissements-en-personnels-la-fsu-ecrit-au-conseil-regional\/#primaryimage"},"thumbnailUrl":"https:\/\/regions-snetap-fsu.fr\/pdl\/wp-content\/uploads\/sites\/4\/2016\/09\/logo-SNETAP-300x189.jpg","datePublished":"2017-12-15T15:47:21+00:00","dateModified":"2018-09-08T20:14:19+00:00","breadcrumb":{"@id":"https:\/\/regions-snetap-fsu.fr\/pdl\/2017\/12\/15\/dotations-des-etablissements-en-personnels-la-fsu-ecrit-au-conseil-regional\/#breadcrumb"},"inLanguage":"fr-FR","potentialAction":[{"@type":"ReadAction","target":["https:\/\/regions-snetap-fsu.fr\/pdl\/2017\/12\/15\/dotations-des-etablissements-en-personnels-la-fsu-ecrit-au-conseil-regional\/"]}]},{"@type":"ImageObject","inLanguage":"fr-FR","@id":"https:\/\/regions-snetap-fsu.fr\/pdl\/2017\/12\/15\/dotations-des-etablissements-en-personnels-la-fsu-ecrit-au-conseil-regional\/#primaryimage","url":"https:\/\/regions-snetap-fsu.fr\/pdl\/wp-content\/uploads\/sites\/4\/2016\/09\/logo-SNETAP.jpg","contentUrl":"https:\/\/regions-snetap-fsu.fr\/pdl\/wp-content\/uploads\/sites\/4\/2016\/09\/logo-SNETAP.jpg","width":652,"height":410},{"@type":"BreadcrumbList","@id":"https:\/\/regions-snetap-fsu.fr\/pdl\/2017\/12\/15\/dotations-des-etablissements-en-personnels-la-fsu-ecrit-au-conseil-regional\/#breadcrumb","itemListElement":[{"@type":"ListItem","position":1,"name":"Accueil","item":"https:\/\/regions-snetap-fsu.fr\/pdl\/"},{"@type":"ListItem","position":2,"name":"Dotations des \u00e9tablissements en personnels, la FSU \u00e9crit au Conseil r\u00e9gional"}]},{"@type":"WebSite","@id":"https:\/\/regions-snetap-fsu.fr\/pdl\/#website","url":"https:\/\/regions-snetap-fsu.fr\/pdl\/","name":"SNETAP-FSU PAYS DE LA LOIRE","description":"SECTION REGIONALE","publisher":{"@id":"https:\/\/regions-snetap-fsu.fr\/pdl\/#organization"},"potentialAction":[{"@type":"SearchAction","target":{"@type":"EntryPoint","urlTemplate":"https:\/\/regions-snetap-fsu.fr\/pdl\/?s={search_term_string}"},"query-input":{"@type":"PropertyValueSpecification","valueRequired":true,"valueName":"search_term_string"}}],"inLanguage":"fr-FR"},{"@type":"Organization","@id":"https:\/\/regions-snetap-fsu.fr\/pdl\/#organization","name":"SNETAP-FSU Pays de Loire","url":"https:\/\/regions-snetap-fsu.fr\/pdl\/","logo":{"@type":"ImageObject","inLanguage":"fr-FR","@id":"https:\/\/regions-snetap-fsu.fr\/pdl\/#\/schema\/logo\/image\/","url":"https:\/\/regions-snetap-fsu.fr\/pdl\/wp-content\/uploads\/sites\/4\/2020\/12\/SNETAP-Logo.jpg","contentUrl":"https:\/\/regions-snetap-fsu.fr\/pdl\/wp-content\/uploads\/sites\/4\/2020\/12\/SNETAP-Logo.jpg","width":464,"height":334,"caption":"SNETAP-FSU Pays de Loire"},"image":{"@id":"https:\/\/regions-snetap-fsu.fr\/pdl\/#\/schema\/logo\/image\/"}},{"@type":"Person","@id":"https:\/\/regions-snetap-fsu.fr\/pdl\/#\/schema\/person\/d4530af043f9e8d27bdd71c468ec93b1","name":"yvigner","image":{"@type":"ImageObject","inLanguage":"fr-FR","@id":"https:\/\/secure.gravatar.com\/avatar\/bc72baa6f2406549aecf77a837bc4f03dbe88472c1762138f868571430a23820?s=96&d=mm&r=g","url":"https:\/\/secure.gravatar.com\/avatar\/bc72baa6f2406549aecf77a837bc4f03dbe88472c1762138f868571430a23820?s=96&d=mm&r=g","contentUrl":"https:\/\/secure.gravatar.com\/avatar\/bc72baa6f2406549aecf77a837bc4f03dbe88472c1762138f868571430a23820?s=96&d=mm&r=g","caption":"yvigner"},"url":"https:\/\/regions-snetap-fsu.fr\/pdl\/author\/yvigner\/"}]}},"_links":{"self":[{"href":"https:\/\/regions-snetap-fsu.fr\/pdl\/wp-json\/wp\/v2\/posts\/824","targetHints":{"allow":["GET"]}}],"collection":[{"href":"https:\/\/regions-snetap-fsu.fr\/pdl\/wp-json\/wp\/v2\/posts"}],"about":[{"href":"https:\/\/regions-snetap-fsu.fr\/pdl\/wp-json\/wp\/v2\/types\/post"}],"author":[{"embeddable":true,"href":"https:\/\/regions-snetap-fsu.fr\/pdl\/wp-json\/wp\/v2\/users\/2"}],"replies":[{"embeddable":true,"href":"https:\/\/regions-snetap-fsu.fr\/pdl\/wp-json\/wp\/v2\/comments?post=824"}],"version-history":[{"count":1,"href":"https:\/\/regions-snetap-fsu.fr\/pdl\/wp-json\/wp\/v2\/posts\/824\/revisions"}],"predecessor-version":[{"id":2714,"href":"https:\/\/regions-snetap-fsu.fr\/pdl\/wp-json\/wp\/v2\/posts\/824\/revisions\/2714"}],"wp:attachment":[{"href":"https:\/\/regions-snetap-fsu.fr\/pdl\/wp-json\/wp\/v2\/media?parent=824"}],"wp:term":[{"taxonomy":"category","embeddable":true,"href":"https:\/\/regions-snetap-fsu.fr\/pdl\/wp-json\/wp\/v2\/categories?post=824"},{"taxonomy":"post_tag","embeddable":true,"href":"https:\/\/regions-snetap-fsu.fr\/pdl\/wp-json\/wp\/v2\/tags?post=824"},{"taxonomy":"post_folder","embeddable":true,"href":"https:\/\/regions-snetap-fsu.fr\/pdl\/wp-json\/wp\/v2\/post_folder?post=824"}],"curies":[{"name":"wp","href":"https:\/\/api.w.org\/{rel}","templated":true}]}}