{"id":820,"date":"2017-12-15T16:37:40","date_gmt":"2017-12-15T15:37:40","guid":{"rendered":"http:\/\/snetap-fsu.fr\/comp\/pdl\/?p=820"},"modified":"2017-12-15T16:37:40","modified_gmt":"2017-12-15T15:37:40","slug":"la-fsu-poursuit-son-combat-pour-lemploi-au-conseil-regional-des-pays-de-la-loire","status":"publish","type":"post","link":"https:\/\/regions-snetap-fsu.fr\/pdl\/2017\/12\/15\/la-fsu-poursuit-son-combat-pour-lemploi-au-conseil-regional-des-pays-de-la-loire\/","title":{"rendered":"La FSU poursuit son combat pour l&#039;emploi au Conseil r\u00e9gional des Pays de la Loire"},"content":{"rendered":"<p align=\"justify\"><img decoding=\"async\" class=\"wp-image-104\" src=\"https:\/\/regions-snetap-fsu.fr\/pdl\/wp-content\/uploads\/sites\/4\/2016\/09\/logo-SNETAP-300x189.jpg\" alt=\"\" width=\"132\" height=\"83\" srcset=\"https:\/\/regions-snetap-fsu.fr\/pdl\/wp-content\/uploads\/sites\/4\/2016\/09\/logo-SNETAP-300x189.jpg 300w, https:\/\/regions-snetap-fsu.fr\/pdl\/wp-content\/uploads\/sites\/4\/2016\/09\/logo-SNETAP-100x63.jpg 100w, https:\/\/regions-snetap-fsu.fr\/pdl\/wp-content\/uploads\/sites\/4\/2016\/09\/logo-SNETAP-150x94.jpg 150w, https:\/\/regions-snetap-fsu.fr\/pdl\/wp-content\/uploads\/sites\/4\/2016\/09\/logo-SNETAP-200x126.jpg 200w, https:\/\/regions-snetap-fsu.fr\/pdl\/wp-content\/uploads\/sites\/4\/2016\/09\/logo-SNETAP-450x283.jpg 450w, https:\/\/regions-snetap-fsu.fr\/pdl\/wp-content\/uploads\/sites\/4\/2016\/09\/logo-SNETAP-600x377.jpg 600w, https:\/\/regions-snetap-fsu.fr\/pdl\/wp-content\/uploads\/sites\/4\/2016\/09\/logo-SNETAP.jpg 652w\" sizes=\"(max-width: 132px) 100vw, 132px\" \/>\u00a0 <img decoding=\"async\" class=\"wp-image-370\" src=\"https:\/\/regions-snetap-fsu.fr\/pdl\/wp-content\/uploads\/sites\/4\/2017\/03\/FSU-292x300.jpg\" alt=\"\" width=\"84\" height=\"86\" srcset=\"https:\/\/regions-snetap-fsu.fr\/pdl\/wp-content\/uploads\/sites\/4\/2017\/03\/FSU-292x300.jpg 292w, https:\/\/regions-snetap-fsu.fr\/pdl\/wp-content\/uploads\/sites\/4\/2017\/03\/FSU-100x103.jpg 100w, https:\/\/regions-snetap-fsu.fr\/pdl\/wp-content\/uploads\/sites\/4\/2017\/03\/FSU-150x154.jpg 150w, https:\/\/regions-snetap-fsu.fr\/pdl\/wp-content\/uploads\/sites\/4\/2017\/03\/FSU-200x205.jpg 200w, https:\/\/regions-snetap-fsu.fr\/pdl\/wp-content\/uploads\/sites\/4\/2017\/03\/FSU-300x308.jpg 300w, https:\/\/regions-snetap-fsu.fr\/pdl\/wp-content\/uploads\/sites\/4\/2017\/03\/FSU-450x462.jpg 450w, https:\/\/regions-snetap-fsu.fr\/pdl\/wp-content\/uploads\/sites\/4\/2017\/03\/FSU.jpg 584w\" sizes=\"(max-width: 84px) 100vw, 84px\" \/><\/p>\n<p align=\"justify\"><span style=\"font-family: Arial, sans-serif\"><span style=\"font-size: large\"><i><u><b>Communiqu\u00e9\u00a0: <\/b><\/u><\/i><b>La FSU poursuit son combat pour l&#8217;emploi au Conseil r\u00e9gional des Pays de la Loire<\/b><\/span><\/span><\/p>\n<p class=\"western\" style=\"text-align: justify\" align=\"justify\"><span style=\"font-family: Arial, sans-serif\">En octobre dernier, le Conseil R\u00e9gional (CR) a vot\u00e9 la cr\u00e9ation de 70 postes (ETP) d\u2019ATR.( Agents Territoriaux R\u00e9gionaux) pour l&rsquo;ann\u00e9e 2018.\u00a0<\/span><span style=\"font-family: Arial, sans-serif\">Ce vote, intervenu sur fond de suppression des contrats aid\u00e9s, acte la reconnaissance d\u2019un r\u00e9el besoin en Agents titulaires dans les lyc\u00e9es de la R\u00e9gion.\u00a0<\/span><span style=\"font-family: Arial, sans-serif\">De fait, plusieurs facteurs justifient pleinement la cr\u00e9ation de postes : la construction de nouveaux \u00e9tablissements, celle d&rsquo;extension ou\u00a0<\/span><span style=\"font-family: Arial, sans-serif\">des dotations en personnels souvent insuffisantes au regard des besoins depuis de trop nombreuses ann\u00e9es.<\/span><\/p>\n<p align=\"justify\"><img fetchpriority=\"high\" decoding=\"async\" class=\"alignnone  wp-image-829\" src=\"https:\/\/regions-snetap-fsu.fr\/pdl\/wp-content\/uploads\/sites\/4\/2017\/12\/2017-12-11-17.45.31-300x169.jpg\" alt=\"\" width=\"341\" height=\"192\" srcset=\"https:\/\/regions-snetap-fsu.fr\/pdl\/wp-content\/uploads\/sites\/4\/2017\/12\/2017-12-11-17.45.31-300x169.jpg 300w, https:\/\/regions-snetap-fsu.fr\/pdl\/wp-content\/uploads\/sites\/4\/2017\/12\/2017-12-11-17.45.31-768x432.jpg 768w, https:\/\/regions-snetap-fsu.fr\/pdl\/wp-content\/uploads\/sites\/4\/2017\/12\/2017-12-11-17.45.31-1024x576.jpg 1024w, https:\/\/regions-snetap-fsu.fr\/pdl\/wp-content\/uploads\/sites\/4\/2017\/12\/2017-12-11-17.45.31-100x56.jpg 100w, https:\/\/regions-snetap-fsu.fr\/pdl\/wp-content\/uploads\/sites\/4\/2017\/12\/2017-12-11-17.45.31-150x84.jpg 150w, https:\/\/regions-snetap-fsu.fr\/pdl\/wp-content\/uploads\/sites\/4\/2017\/12\/2017-12-11-17.45.31-200x113.jpg 200w, https:\/\/regions-snetap-fsu.fr\/pdl\/wp-content\/uploads\/sites\/4\/2017\/12\/2017-12-11-17.45.31-450x253.jpg 450w, https:\/\/regions-snetap-fsu.fr\/pdl\/wp-content\/uploads\/sites\/4\/2017\/12\/2017-12-11-17.45.31-600x338.jpg 600w, https:\/\/regions-snetap-fsu.fr\/pdl\/wp-content\/uploads\/sites\/4\/2017\/12\/2017-12-11-17.45.31-900x506.jpg 900w\" sizes=\"(max-width: 341px) 100vw, 341px\" \/><\/p>\n<p class=\"western\" style=\"text-align: justify\" align=\"justify\"><span style=\"font-family: Arial, sans-serif\">La FSU et son syndicat de l\u2019enseignement agricole public, le SNETAP-FSU, ont rencontr\u00e9 la DRH du CR le 11\/12\/2017 pour engager un \u00e9change et porter nos demandes\u00a0:<\/span><\/p>\n<p class=\"western\" style=\"text-align: justify\" align=\"justify\"><span style=\"font-family: Arial, sans-serif\">&#8211; Adapter les cr\u00e9ations de postes aux besoins des \u00e9tablissements\u00a0: nous avons soulign\u00e9 combien le recours aux CUI, CAE ou emploi avenir t\u00e9moignait de r\u00e9elles sous dotations, notamment dans les lyc\u00e9es agricoles publics.<\/span><!--more--><\/p>\n<p class=\"western\" style=\"text-align: justify\" align=\"justify\"><span style=\"font-family: Arial, sans-serif\">&#8211; Adapter les cr\u00e9ations de postes au respect des comp\u00e9tences du CR. Nous avons par exemple demand\u00e9 des postes permettant d\u2019assurer partout la mission d\u2019accueil,<\/span><\/p>\n<p class=\"western\" style=\"text-align: justify\" align=\"justify\"><span style=\"font-family: Arial, sans-serif\">-Remplacer les d\u00e9parts en retraite\u00a0pour permettre une r\u00e9elle insertion professionnelle des actuel-es CUI et Emploi avenir,<\/span><\/p>\n<p class=\"western\" style=\"text-align: justify\" align=\"justify\"><span style=\"font-family: Arial, sans-serif\">&#8211; Faire la transparence sur les crit\u00e8res de r\u00e9partition des dotations,<\/span><\/p>\n<p class=\"western\" style=\"text-align: justify\" align=\"justify\"><span style=\"font-family: Arial, sans-serif\">&#8211; Revenir sur le non remplacement des d\u00e9parts en retraite des coll\u00e8gues des services lingerie et espaces verts des \u00e9tablissements<\/span><\/p>\n<p class=\"western\" style=\"text-align: justify\" align=\"justify\"><span style=\"font-family: Arial, sans-serif\">L\u2019arbitrage sur la r\u00e9partition des 70 postes entre les \u00e9tablissements de la R\u00e9gion sera rendu en F\u00e9vrier 2018 et une r\u00e9flexion est engag\u00e9e pour d\u00e9terminer les dotations cibles des \u00e9tablissements avec des crit\u00e8res qui seront connus.<\/span><\/p>\n<p class=\"western\" style=\"text-align: justify\" align=\"justify\"><span style=\"font-family: Arial, sans-serif\"><i><b>La FSU sera tr\u00e8s attentive aux d\u00e9cisions qui seront prises. Elle continuera de d\u00e9fendre les cr\u00e9ations de postes de titulaires parce qu\u2019ils sont n\u00e9cessaires au bon fonctionnement des \u00e9tablissements et qu\u2019ils r\u00e9pondent aux aspirations l\u00e9gitimes de tous les personnels aujourd\u2019hui en situation de pr\u00e9carit\u00e9.<\/b><\/i><\/span><\/p>\n<p class=\"western\" style=\"text-align: justify\" align=\"justify\"><span style=\"font-family: Arial, sans-serif\"><i><b>Elle continuera \u00e0 suivre et appuyer la situation des coll\u00e8gues en emploi pr\u00e9caire pour trouver de vraies solutions comme nous l&rsquo;avons fait r\u00e9cemment pour les agents en contrats aid\u00e9s. <\/b><\/i><\/span><\/p>\n<p>&nbsp;<br \/>\n&nbsp;<\/p>\n<p align=\"right\"><span style=\"font-family: Calibri, sans-serif\"><span style=\"font-size: small\">Nantes, le 14 d\u00e9cembre 2017<\/span><\/span><\/p>\n","protected":false},"excerpt":{"rendered":"<p>\u00a0 Communiqu\u00e9\u00a0: La FSU poursuit son combat pour l&#8217;emploi au Conseil r\u00e9gional des Pays de la Loire En octobre dernier, le Conseil R\u00e9gional (CR) a vot\u00e9 la cr\u00e9ation de 70 postes (ETP) d\u2019ATR.( Agents Territoriaux R\u00e9gionaux) pour l&rsquo;ann\u00e9e 2018.\u00a0Ce vote, intervenu sur fond de suppression des contrats aid\u00e9s, acte la reconnaissance d\u2019un r\u00e9el besoin en [&hellip;]<\/p>\n","protected":false},"author":2,"featured_media":0,"comment_status":"closed","ping_status":"closed","sticky":false,"template":"","format":"standard","meta":{"ocean_post_layout":"","ocean_both_sidebars_style":"","ocean_both_sidebars_content_width":0,"ocean_both_sidebars_sidebars_width":0,"ocean_sidebar":"","ocean_second_sidebar":"","ocean_disable_margins":"enable","ocean_add_body_class":"","ocean_shortcode_before_top_bar":"","ocean_shortcode_after_top_bar":"","ocean_shortcode_before_header":"","ocean_shortcode_after_header":"","ocean_has_shortcode":"","ocean_shortcode_after_title":"","ocean_shortcode_before_footer_widgets":"","ocean_shortcode_after_footer_widgets":"","ocean_shortcode_before_footer_bottom":"","ocean_shortcode_after_footer_bottom":"","ocean_display_top_bar":"default","ocean_display_header":"default","ocean_header_style":"","ocean_center_header_left_menu":"","ocean_custom_header_template":"","ocean_custom_logo":0,"ocean_custom_retina_logo":0,"ocean_custom_logo_max_width":0,"ocean_custom_logo_tablet_max_width":0,"ocean_custom_logo_mobile_max_width":0,"ocean_custom_logo_max_height":0,"ocean_custom_logo_tablet_max_height":0,"ocean_custom_logo_mobile_max_height":0,"ocean_header_custom_menu":"","ocean_menu_typo_font_family":"","ocean_menu_typo_font_subset":"","ocean_menu_typo_font_size":0,"ocean_menu_typo_font_size_tablet":0,"ocean_menu_typo_font_size_mobile":0,"ocean_menu_typo_font_size_unit":"px","ocean_menu_typo_font_weight":"","ocean_menu_typo_font_weight_tablet":"","ocean_menu_typo_font_weight_mobile":"","ocean_menu_typo_transform":"","ocean_menu_typo_transform_tablet":"","ocean_menu_typo_transform_mobile":"","ocean_menu_typo_line_height":0,"ocean_menu_typo_line_height_tablet":0,"ocean_menu_typo_line_height_mobile":0,"ocean_menu_typo_line_height_unit":"","ocean_menu_typo_spacing":0,"ocean_menu_typo_spacing_tablet":0,"ocean_menu_typo_spacing_mobile":0,"ocean_menu_typo_spacing_unit":"","ocean_menu_link_color":"","ocean_menu_link_color_hover":"","ocean_menu_link_color_active":"","ocean_menu_link_background":"","ocean_menu_link_hover_background":"","ocean_menu_link_active_background":"","ocean_menu_social_links_bg":"","ocean_menu_social_hover_links_bg":"","ocean_menu_social_links_color":"","ocean_menu_social_hover_links_color":"","ocean_disable_title":"default","ocean_disable_heading":"default","ocean_post_title":"","ocean_post_subheading":"","ocean_post_title_style":"","ocean_post_title_background_color":"","ocean_post_title_background":0,"ocean_post_title_bg_image_position":"","ocean_post_title_bg_image_attachment":"","ocean_post_title_bg_image_repeat":"","ocean_post_title_bg_image_size":"","ocean_post_title_height":0,"ocean_post_title_bg_overlay":0.5,"ocean_post_title_bg_overlay_color":"","ocean_disable_breadcrumbs":"default","ocean_breadcrumbs_color":"","ocean_breadcrumbs_separator_color":"","ocean_breadcrumbs_links_color":"","ocean_breadcrumbs_links_hover_color":"","ocean_display_footer_widgets":"default","ocean_display_footer_bottom":"default","ocean_custom_footer_template":"","ocean_post_oembed":"","ocean_post_self_hosted_media":"","ocean_post_video_embed":"","ocean_link_format":"","ocean_link_format_target":"self","ocean_quote_format":"","ocean_quote_format_link":"post","ocean_gallery_link_images":"on","ocean_gallery_id":[],"footnotes":""},"categories":[7],"tags":[],"post_folder":[],"class_list":["post-820","post","type-post","status-publish","format-standard","hentry","category-conseil-regional","entry"],"yoast_head":"<!-- This site is optimized with the Yoast SEO plugin v27.4 - https:\/\/yoast.com\/product\/yoast-seo-wordpress\/ -->\n<title>La FSU poursuit son combat pour l&#039;emploi au Conseil r\u00e9gional des Pays de la Loire - PAYS DE LA LOIRE<\/title>\n<meta name=\"robots\" content=\"index, follow, max-snippet:-1, max-image-preview:large, max-video-preview:-1\" \/>\n<link rel=\"canonical\" href=\"https:\/\/regions-snetap-fsu.fr\/pdl\/2017\/12\/15\/la-fsu-poursuit-son-combat-pour-lemploi-au-conseil-regional-des-pays-de-la-loire\/\" \/>\n<meta property=\"og:locale\" content=\"fr_FR\" \/>\n<meta property=\"og:type\" content=\"article\" \/>\n<meta property=\"og:title\" content=\"La FSU poursuit son combat pour l&#039;emploi au Conseil r\u00e9gional des Pays de la Loire - PAYS DE LA LOIRE\" \/>\n<meta property=\"og:description\" content=\"\u00a0 Communiqu\u00e9\u00a0: La FSU poursuit son combat pour l&#8217;emploi au Conseil r\u00e9gional des Pays de la Loire En octobre dernier, le Conseil R\u00e9gional (CR) a vot\u00e9 la cr\u00e9ation de 70 postes (ETP) d\u2019ATR.( Agents Territoriaux R\u00e9gionaux) pour l&rsquo;ann\u00e9e 2018.\u00a0Ce vote, intervenu sur fond de suppression des contrats aid\u00e9s, acte la reconnaissance d\u2019un r\u00e9el besoin en [&hellip;]\" \/>\n<meta property=\"og:url\" content=\"https:\/\/regions-snetap-fsu.fr\/pdl\/2017\/12\/15\/la-fsu-poursuit-son-combat-pour-lemploi-au-conseil-regional-des-pays-de-la-loire\/\" \/>\n<meta property=\"og:site_name\" content=\"PAYS DE LA LOIRE\" \/>\n<meta property=\"article:published_time\" content=\"2017-12-15T15:37:40+00:00\" \/>\n<meta property=\"og:image\" content=\"https:\/\/regions-snetap-fsu.fr\/pdl\/wp-content\/uploads\/sites\/4\/2016\/09\/logo-SNETAP-300x189.jpg\" \/>\n<meta name=\"author\" content=\"yvigner\" \/>\n<meta name=\"twitter:card\" content=\"summary_large_image\" \/>\n<meta name=\"twitter:label1\" content=\"\u00c9crit par\" \/>\n\t<meta name=\"twitter:data1\" content=\"yvigner\" \/>\n\t<meta name=\"twitter:label2\" content=\"Dur\u00e9e de lecture estim\u00e9e\" \/>\n\t<meta name=\"twitter:data2\" content=\"2 minutes\" \/>\n<script type=\"application\/ld+json\" class=\"yoast-schema-graph\">{\"@context\":\"https:\\\/\\\/schema.org\",\"@graph\":[{\"@type\":\"Article\",\"@id\":\"https:\\\/\\\/regions-snetap-fsu.fr\\\/pdl\\\/2017\\\/12\\\/15\\\/la-fsu-poursuit-son-combat-pour-lemploi-au-conseil-regional-des-pays-de-la-loire\\\/#article\",\"isPartOf\":{\"@id\":\"https:\\\/\\\/regions-snetap-fsu.fr\\\/pdl\\\/2017\\\/12\\\/15\\\/la-fsu-poursuit-son-combat-pour-lemploi-au-conseil-regional-des-pays-de-la-loire\\\/\"},\"author\":{\"name\":\"yvigner\",\"@id\":\"https:\\\/\\\/regions-snetap-fsu.fr\\\/pdl\\\/#\\\/schema\\\/person\\\/d4530af043f9e8d27bdd71c468ec93b1\"},\"headline\":\"La FSU poursuit son combat pour l&#039;emploi au Conseil r\u00e9gional des Pays de la Loire\",\"datePublished\":\"2017-12-15T15:37:40+00:00\",\"mainEntityOfPage\":{\"@id\":\"https:\\\/\\\/regions-snetap-fsu.fr\\\/pdl\\\/2017\\\/12\\\/15\\\/la-fsu-poursuit-son-combat-pour-lemploi-au-conseil-regional-des-pays-de-la-loire\\\/\"},\"wordCount\":410,\"publisher\":{\"@id\":\"https:\\\/\\\/regions-snetap-fsu.fr\\\/pdl\\\/#organization\"},\"image\":{\"@id\":\"https:\\\/\\\/regions-snetap-fsu.fr\\\/pdl\\\/2017\\\/12\\\/15\\\/la-fsu-poursuit-son-combat-pour-lemploi-au-conseil-regional-des-pays-de-la-loire\\\/#primaryimage\"},\"thumbnailUrl\":\"https:\\\/\\\/regions-snetap-fsu.fr\\\/pdl\\\/wp-content\\\/uploads\\\/sites\\\/4\\\/2016\\\/09\\\/logo-SNETAP-300x189.jpg\",\"articleSection\":[\"Conseil r\u00e9gional\"],\"inLanguage\":\"fr-FR\"},{\"@type\":\"WebPage\",\"@id\":\"https:\\\/\\\/regions-snetap-fsu.fr\\\/pdl\\\/2017\\\/12\\\/15\\\/la-fsu-poursuit-son-combat-pour-lemploi-au-conseil-regional-des-pays-de-la-loire\\\/\",\"url\":\"https:\\\/\\\/regions-snetap-fsu.fr\\\/pdl\\\/2017\\\/12\\\/15\\\/la-fsu-poursuit-son-combat-pour-lemploi-au-conseil-regional-des-pays-de-la-loire\\\/\",\"name\":\"La FSU poursuit son combat pour l&#039;emploi au Conseil r\u00e9gional des Pays de la Loire - PAYS DE LA LOIRE\",\"isPartOf\":{\"@id\":\"https:\\\/\\\/regions-snetap-fsu.fr\\\/pdl\\\/#website\"},\"primaryImageOfPage\":{\"@id\":\"https:\\\/\\\/regions-snetap-fsu.fr\\\/pdl\\\/2017\\\/12\\\/15\\\/la-fsu-poursuit-son-combat-pour-lemploi-au-conseil-regional-des-pays-de-la-loire\\\/#primaryimage\"},\"image\":{\"@id\":\"https:\\\/\\\/regions-snetap-fsu.fr\\\/pdl\\\/2017\\\/12\\\/15\\\/la-fsu-poursuit-son-combat-pour-lemploi-au-conseil-regional-des-pays-de-la-loire\\\/#primaryimage\"},\"thumbnailUrl\":\"https:\\\/\\\/regions-snetap-fsu.fr\\\/pdl\\\/wp-content\\\/uploads\\\/sites\\\/4\\\/2016\\\/09\\\/logo-SNETAP-300x189.jpg\",\"datePublished\":\"2017-12-15T15:37:40+00:00\",\"breadcrumb\":{\"@id\":\"https:\\\/\\\/regions-snetap-fsu.fr\\\/pdl\\\/2017\\\/12\\\/15\\\/la-fsu-poursuit-son-combat-pour-lemploi-au-conseil-regional-des-pays-de-la-loire\\\/#breadcrumb\"},\"inLanguage\":\"fr-FR\",\"potentialAction\":[{\"@type\":\"ReadAction\",\"target\":[\"https:\\\/\\\/regions-snetap-fsu.fr\\\/pdl\\\/2017\\\/12\\\/15\\\/la-fsu-poursuit-son-combat-pour-lemploi-au-conseil-regional-des-pays-de-la-loire\\\/\"]}]},{\"@type\":\"ImageObject\",\"inLanguage\":\"fr-FR\",\"@id\":\"https:\\\/\\\/regions-snetap-fsu.fr\\\/pdl\\\/2017\\\/12\\\/15\\\/la-fsu-poursuit-son-combat-pour-lemploi-au-conseil-regional-des-pays-de-la-loire\\\/#primaryimage\",\"url\":\"https:\\\/\\\/regions-snetap-fsu.fr\\\/pdl\\\/wp-content\\\/uploads\\\/sites\\\/4\\\/2016\\\/09\\\/logo-SNETAP.jpg\",\"contentUrl\":\"https:\\\/\\\/regions-snetap-fsu.fr\\\/pdl\\\/wp-content\\\/uploads\\\/sites\\\/4\\\/2016\\\/09\\\/logo-SNETAP.jpg\",\"width\":652,\"height\":410},{\"@type\":\"BreadcrumbList\",\"@id\":\"https:\\\/\\\/regions-snetap-fsu.fr\\\/pdl\\\/2017\\\/12\\\/15\\\/la-fsu-poursuit-son-combat-pour-lemploi-au-conseil-regional-des-pays-de-la-loire\\\/#breadcrumb\",\"itemListElement\":[{\"@type\":\"ListItem\",\"position\":1,\"name\":\"Accueil\",\"item\":\"https:\\\/\\\/regions-snetap-fsu.fr\\\/pdl\\\/\"},{\"@type\":\"ListItem\",\"position\":2,\"name\":\"La FSU poursuit son combat pour l&#039;emploi au Conseil r\u00e9gional des Pays de la Loire\"}]},{\"@type\":\"WebSite\",\"@id\":\"https:\\\/\\\/regions-snetap-fsu.fr\\\/pdl\\\/#website\",\"url\":\"https:\\\/\\\/regions-snetap-fsu.fr\\\/pdl\\\/\",\"name\":\"SNETAP-FSU PAYS DE LA LOIRE\",\"description\":\"SECTION REGIONALE\",\"publisher\":{\"@id\":\"https:\\\/\\\/regions-snetap-fsu.fr\\\/pdl\\\/#organization\"},\"potentialAction\":[{\"@type\":\"SearchAction\",\"target\":{\"@type\":\"EntryPoint\",\"urlTemplate\":\"https:\\\/\\\/regions-snetap-fsu.fr\\\/pdl\\\/?s={search_term_string}\"},\"query-input\":{\"@type\":\"PropertyValueSpecification\",\"valueRequired\":true,\"valueName\":\"search_term_string\"}}],\"inLanguage\":\"fr-FR\"},{\"@type\":\"Organization\",\"@id\":\"https:\\\/\\\/regions-snetap-fsu.fr\\\/pdl\\\/#organization\",\"name\":\"SNETAP-FSU Pays de Loire\",\"url\":\"https:\\\/\\\/regions-snetap-fsu.fr\\\/pdl\\\/\",\"logo\":{\"@type\":\"ImageObject\",\"inLanguage\":\"fr-FR\",\"@id\":\"https:\\\/\\\/regions-snetap-fsu.fr\\\/pdl\\\/#\\\/schema\\\/logo\\\/image\\\/\",\"url\":\"https:\\\/\\\/regions-snetap-fsu.fr\\\/pdl\\\/wp-content\\\/uploads\\\/sites\\\/4\\\/2020\\\/12\\\/SNETAP-Logo.jpg\",\"contentUrl\":\"https:\\\/\\\/regions-snetap-fsu.fr\\\/pdl\\\/wp-content\\\/uploads\\\/sites\\\/4\\\/2020\\\/12\\\/SNETAP-Logo.jpg\",\"width\":464,\"height\":334,\"caption\":\"SNETAP-FSU Pays de Loire\"},\"image\":{\"@id\":\"https:\\\/\\\/regions-snetap-fsu.fr\\\/pdl\\\/#\\\/schema\\\/logo\\\/image\\\/\"}},{\"@type\":\"Person\",\"@id\":\"https:\\\/\\\/regions-snetap-fsu.fr\\\/pdl\\\/#\\\/schema\\\/person\\\/d4530af043f9e8d27bdd71c468ec93b1\",\"name\":\"yvigner\",\"image\":{\"@type\":\"ImageObject\",\"inLanguage\":\"fr-FR\",\"@id\":\"https:\\\/\\\/secure.gravatar.com\\\/avatar\\\/bc72baa6f2406549aecf77a837bc4f03dbe88472c1762138f868571430a23820?s=96&d=mm&r=g\",\"url\":\"https:\\\/\\\/secure.gravatar.com\\\/avatar\\\/bc72baa6f2406549aecf77a837bc4f03dbe88472c1762138f868571430a23820?s=96&d=mm&r=g\",\"contentUrl\":\"https:\\\/\\\/secure.gravatar.com\\\/avatar\\\/bc72baa6f2406549aecf77a837bc4f03dbe88472c1762138f868571430a23820?s=96&d=mm&r=g\",\"caption\":\"yvigner\"},\"url\":\"https:\\\/\\\/regions-snetap-fsu.fr\\\/pdl\\\/author\\\/yvigner\\\/\"}]}<\/script>\n<!-- \/ Yoast SEO plugin. -->","yoast_head_json":{"title":"La FSU poursuit son combat pour l&#039;emploi au Conseil r\u00e9gional des Pays de la Loire - PAYS DE LA LOIRE","robots":{"index":"index","follow":"follow","max-snippet":"max-snippet:-1","max-image-preview":"max-image-preview:large","max-video-preview":"max-video-preview:-1"},"canonical":"https:\/\/regions-snetap-fsu.fr\/pdl\/2017\/12\/15\/la-fsu-poursuit-son-combat-pour-lemploi-au-conseil-regional-des-pays-de-la-loire\/","og_locale":"fr_FR","og_type":"article","og_title":"La FSU poursuit son combat pour l&#039;emploi au Conseil r\u00e9gional des Pays de la Loire - PAYS DE LA LOIRE","og_description":"\u00a0 Communiqu\u00e9\u00a0: La FSU poursuit son combat pour l&#8217;emploi au Conseil r\u00e9gional des Pays de la Loire En octobre dernier, le Conseil R\u00e9gional (CR) a vot\u00e9 la cr\u00e9ation de 70 postes (ETP) d\u2019ATR.( Agents Territoriaux R\u00e9gionaux) pour l&rsquo;ann\u00e9e 2018.\u00a0Ce vote, intervenu sur fond de suppression des contrats aid\u00e9s, acte la reconnaissance d\u2019un r\u00e9el besoin en [&hellip;]","og_url":"https:\/\/regions-snetap-fsu.fr\/pdl\/2017\/12\/15\/la-fsu-poursuit-son-combat-pour-lemploi-au-conseil-regional-des-pays-de-la-loire\/","og_site_name":"PAYS DE LA LOIRE","article_published_time":"2017-12-15T15:37:40+00:00","og_image":[{"url":"https:\/\/regions-snetap-fsu.fr\/pdl\/wp-content\/uploads\/sites\/4\/2016\/09\/logo-SNETAP-300x189.jpg","type":"","width":"","height":""}],"author":"yvigner","twitter_card":"summary_large_image","twitter_misc":{"\u00c9crit par":"yvigner","Dur\u00e9e de lecture estim\u00e9e":"2 minutes"},"schema":{"@context":"https:\/\/schema.org","@graph":[{"@type":"Article","@id":"https:\/\/regions-snetap-fsu.fr\/pdl\/2017\/12\/15\/la-fsu-poursuit-son-combat-pour-lemploi-au-conseil-regional-des-pays-de-la-loire\/#article","isPartOf":{"@id":"https:\/\/regions-snetap-fsu.fr\/pdl\/2017\/12\/15\/la-fsu-poursuit-son-combat-pour-lemploi-au-conseil-regional-des-pays-de-la-loire\/"},"author":{"name":"yvigner","@id":"https:\/\/regions-snetap-fsu.fr\/pdl\/#\/schema\/person\/d4530af043f9e8d27bdd71c468ec93b1"},"headline":"La FSU poursuit son combat pour l&#039;emploi au Conseil r\u00e9gional des Pays de la Loire","datePublished":"2017-12-15T15:37:40+00:00","mainEntityOfPage":{"@id":"https:\/\/regions-snetap-fsu.fr\/pdl\/2017\/12\/15\/la-fsu-poursuit-son-combat-pour-lemploi-au-conseil-regional-des-pays-de-la-loire\/"},"wordCount":410,"publisher":{"@id":"https:\/\/regions-snetap-fsu.fr\/pdl\/#organization"},"image":{"@id":"https:\/\/regions-snetap-fsu.fr\/pdl\/2017\/12\/15\/la-fsu-poursuit-son-combat-pour-lemploi-au-conseil-regional-des-pays-de-la-loire\/#primaryimage"},"thumbnailUrl":"https:\/\/regions-snetap-fsu.fr\/pdl\/wp-content\/uploads\/sites\/4\/2016\/09\/logo-SNETAP-300x189.jpg","articleSection":["Conseil r\u00e9gional"],"inLanguage":"fr-FR"},{"@type":"WebPage","@id":"https:\/\/regions-snetap-fsu.fr\/pdl\/2017\/12\/15\/la-fsu-poursuit-son-combat-pour-lemploi-au-conseil-regional-des-pays-de-la-loire\/","url":"https:\/\/regions-snetap-fsu.fr\/pdl\/2017\/12\/15\/la-fsu-poursuit-son-combat-pour-lemploi-au-conseil-regional-des-pays-de-la-loire\/","name":"La FSU poursuit son combat pour l&#039;emploi au Conseil r\u00e9gional des Pays de la Loire - PAYS DE LA LOIRE","isPartOf":{"@id":"https:\/\/regions-snetap-fsu.fr\/pdl\/#website"},"primaryImageOfPage":{"@id":"https:\/\/regions-snetap-fsu.fr\/pdl\/2017\/12\/15\/la-fsu-poursuit-son-combat-pour-lemploi-au-conseil-regional-des-pays-de-la-loire\/#primaryimage"},"image":{"@id":"https:\/\/regions-snetap-fsu.fr\/pdl\/2017\/12\/15\/la-fsu-poursuit-son-combat-pour-lemploi-au-conseil-regional-des-pays-de-la-loire\/#primaryimage"},"thumbnailUrl":"https:\/\/regions-snetap-fsu.fr\/pdl\/wp-content\/uploads\/sites\/4\/2016\/09\/logo-SNETAP-300x189.jpg","datePublished":"2017-12-15T15:37:40+00:00","breadcrumb":{"@id":"https:\/\/regions-snetap-fsu.fr\/pdl\/2017\/12\/15\/la-fsu-poursuit-son-combat-pour-lemploi-au-conseil-regional-des-pays-de-la-loire\/#breadcrumb"},"inLanguage":"fr-FR","potentialAction":[{"@type":"ReadAction","target":["https:\/\/regions-snetap-fsu.fr\/pdl\/2017\/12\/15\/la-fsu-poursuit-son-combat-pour-lemploi-au-conseil-regional-des-pays-de-la-loire\/"]}]},{"@type":"ImageObject","inLanguage":"fr-FR","@id":"https:\/\/regions-snetap-fsu.fr\/pdl\/2017\/12\/15\/la-fsu-poursuit-son-combat-pour-lemploi-au-conseil-regional-des-pays-de-la-loire\/#primaryimage","url":"https:\/\/regions-snetap-fsu.fr\/pdl\/wp-content\/uploads\/sites\/4\/2016\/09\/logo-SNETAP.jpg","contentUrl":"https:\/\/regions-snetap-fsu.fr\/pdl\/wp-content\/uploads\/sites\/4\/2016\/09\/logo-SNETAP.jpg","width":652,"height":410},{"@type":"BreadcrumbList","@id":"https:\/\/regions-snetap-fsu.fr\/pdl\/2017\/12\/15\/la-fsu-poursuit-son-combat-pour-lemploi-au-conseil-regional-des-pays-de-la-loire\/#breadcrumb","itemListElement":[{"@type":"ListItem","position":1,"name":"Accueil","item":"https:\/\/regions-snetap-fsu.fr\/pdl\/"},{"@type":"ListItem","position":2,"name":"La FSU poursuit son combat pour l&#039;emploi au Conseil r\u00e9gional des Pays de la Loire"}]},{"@type":"WebSite","@id":"https:\/\/regions-snetap-fsu.fr\/pdl\/#website","url":"https:\/\/regions-snetap-fsu.fr\/pdl\/","name":"SNETAP-FSU PAYS DE LA LOIRE","description":"SECTION REGIONALE","publisher":{"@id":"https:\/\/regions-snetap-fsu.fr\/pdl\/#organization"},"potentialAction":[{"@type":"SearchAction","target":{"@type":"EntryPoint","urlTemplate":"https:\/\/regions-snetap-fsu.fr\/pdl\/?s={search_term_string}"},"query-input":{"@type":"PropertyValueSpecification","valueRequired":true,"valueName":"search_term_string"}}],"inLanguage":"fr-FR"},{"@type":"Organization","@id":"https:\/\/regions-snetap-fsu.fr\/pdl\/#organization","name":"SNETAP-FSU Pays de Loire","url":"https:\/\/regions-snetap-fsu.fr\/pdl\/","logo":{"@type":"ImageObject","inLanguage":"fr-FR","@id":"https:\/\/regions-snetap-fsu.fr\/pdl\/#\/schema\/logo\/image\/","url":"https:\/\/regions-snetap-fsu.fr\/pdl\/wp-content\/uploads\/sites\/4\/2020\/12\/SNETAP-Logo.jpg","contentUrl":"https:\/\/regions-snetap-fsu.fr\/pdl\/wp-content\/uploads\/sites\/4\/2020\/12\/SNETAP-Logo.jpg","width":464,"height":334,"caption":"SNETAP-FSU Pays de Loire"},"image":{"@id":"https:\/\/regions-snetap-fsu.fr\/pdl\/#\/schema\/logo\/image\/"}},{"@type":"Person","@id":"https:\/\/regions-snetap-fsu.fr\/pdl\/#\/schema\/person\/d4530af043f9e8d27bdd71c468ec93b1","name":"yvigner","image":{"@type":"ImageObject","inLanguage":"fr-FR","@id":"https:\/\/secure.gravatar.com\/avatar\/bc72baa6f2406549aecf77a837bc4f03dbe88472c1762138f868571430a23820?s=96&d=mm&r=g","url":"https:\/\/secure.gravatar.com\/avatar\/bc72baa6f2406549aecf77a837bc4f03dbe88472c1762138f868571430a23820?s=96&d=mm&r=g","contentUrl":"https:\/\/secure.gravatar.com\/avatar\/bc72baa6f2406549aecf77a837bc4f03dbe88472c1762138f868571430a23820?s=96&d=mm&r=g","caption":"yvigner"},"url":"https:\/\/regions-snetap-fsu.fr\/pdl\/author\/yvigner\/"}]}},"_links":{"self":[{"href":"https:\/\/regions-snetap-fsu.fr\/pdl\/wp-json\/wp\/v2\/posts\/820","targetHints":{"allow":["GET"]}}],"collection":[{"href":"https:\/\/regions-snetap-fsu.fr\/pdl\/wp-json\/wp\/v2\/posts"}],"about":[{"href":"https:\/\/regions-snetap-fsu.fr\/pdl\/wp-json\/wp\/v2\/types\/post"}],"author":[{"embeddable":true,"href":"https:\/\/regions-snetap-fsu.fr\/pdl\/wp-json\/wp\/v2\/users\/2"}],"replies":[{"embeddable":true,"href":"https:\/\/regions-snetap-fsu.fr\/pdl\/wp-json\/wp\/v2\/comments?post=820"}],"version-history":[{"count":0,"href":"https:\/\/regions-snetap-fsu.fr\/pdl\/wp-json\/wp\/v2\/posts\/820\/revisions"}],"wp:attachment":[{"href":"https:\/\/regions-snetap-fsu.fr\/pdl\/wp-json\/wp\/v2\/media?parent=820"}],"wp:term":[{"taxonomy":"category","embeddable":true,"href":"https:\/\/regions-snetap-fsu.fr\/pdl\/wp-json\/wp\/v2\/categories?post=820"},{"taxonomy":"post_tag","embeddable":true,"href":"https:\/\/regions-snetap-fsu.fr\/pdl\/wp-json\/wp\/v2\/tags?post=820"},{"taxonomy":"post_folder","embeddable":true,"href":"https:\/\/regions-snetap-fsu.fr\/pdl\/wp-json\/wp\/v2\/post_folder?post=820"}],"curies":[{"name":"wp","href":"https:\/\/api.w.org\/{rel}","templated":true}]}}