{"id":79,"date":"2016-09-14T14:02:24","date_gmt":"2016-09-14T12:02:24","guid":{"rendered":"http:\/\/snetap-fsu.fr\/comp\/pdl\/?p=79"},"modified":"2018-09-08T22:28:51","modified_gmt":"2018-09-08T20:28:51","slug":"communique-de-lintersyndicale-snetap-fsu-syac-cgt-et-sud-rural-de-lenseignement-agricole-des-pays-de-la-loire","status":"publish","type":"post","link":"https:\/\/regions-snetap-fsu.fr\/pdl\/2016\/09\/14\/communique-de-lintersyndicale-snetap-fsu-syac-cgt-et-sud-rural-de-lenseignement-agricole-des-pays-de-la-loire\/","title":{"rendered":"Communiqu\u00e9 de l&#039;Intersyndicale SNETAP-FSU, SYAC CGT et Sud-Rural de l&#039;enseignement agricole des Pays de la Loire"},"content":{"rendered":"<p><strong>Victoire collective des personnels de l&rsquo;Enseignement Agricole Public : Le Minist\u00e8re de l&rsquo;Agriculture d\u00e9bloque des moyens compl\u00e9mentaires pour les lyc\u00e9es<\/strong><br \/>\nEn juillet dernier, l&rsquo;intersyndicale SNETAP-FSU, SYAC CGT et Sud-Rural avait d\u00e9pos\u00e9 un pr\u00e9avis de gr\u00e8ve dans l&rsquo;enseignement agricole public en r\u00e9gion Pays de la Loire. Les revendications portaient sur les moyens de la rentr\u00e9e pour accueillir dans de bonnes conditions tous les jeunes.<br \/>\nSi les \u00e9changes avec la DGER (Direction G\u00e9n\u00e9rale de l&rsquo;Enseignement et de la Recherche du Minist\u00e8re de l&rsquo;Agriculture) se sont poursuivis tout l&rsquo;\u00e9t\u00e9, ils n&rsquo;ont abouti que ce vendredi 3 septembre.<br \/>\nAinsi la mobilisation a permis d&rsquo;obtenir : plus de 1500h de DGH et 1,5 postes d&rsquo;Assistant d&rsquo;Education. Concr\u00e8tement ce sont des places suppl\u00e9mentaires pour accueillir des redoublants de terminale ou des \u00e9l\u00e8ves en seconde et premi\u00e8re ou encore des moyens en vie scolaire (surveillants) qui ont \u00e9t\u00e9 obtenus pour les lyc\u00e9es de Rouillon (72), Laval et Chateau Gontier (53) ou encore La Roche sur Yon (85).<br \/>\nEn cons\u00e9quence, les personnels des lyc\u00e9es agricoles lig\u00e9riens ont d\u00e9cid\u00e9 de suspendre le mot d&rsquo;ordre de gr\u00e8ve pour cette rentr\u00e9e, il reste bien s\u00fbr beaucoup de sujets de m\u00e9contentement et d&rsquo;insatisfactions et nous resterons vigilants et combatifs pour d\u00e9fendre l&rsquo;enseignement agricole public.<br \/>\nNantes, le 3 septembre 2016<\/p>\n","protected":false},"excerpt":{"rendered":"<p>Victoire collective des personnels de l&rsquo;Enseignement Agricole Public : Le Minist\u00e8re de l&rsquo;Agriculture d\u00e9bloque des moyens compl\u00e9mentaires pour les lyc\u00e9es En juillet dernier, l&rsquo;intersyndicale SNETAP-FSU, SYAC CGT et Sud-Rural avait d\u00e9pos\u00e9 un pr\u00e9avis de gr\u00e8ve dans l&rsquo;enseignement agricole public en r\u00e9gion Pays de la Loire. Les revendications portaient sur les moyens de la rentr\u00e9e pour [&hellip;]<\/p>\n","protected":false},"author":2,"featured_media":48,"comment_status":"closed","ping_status":"closed","sticky":false,"template":"","format":"standard","meta":{"ocean_post_layout":"","ocean_both_sidebars_style":"","ocean_both_sidebars_content_width":0,"ocean_both_sidebars_sidebars_width":0,"ocean_sidebar":"","ocean_second_sidebar":"","ocean_disable_margins":"enable","ocean_add_body_class":"","ocean_shortcode_before_top_bar":"","ocean_shortcode_after_top_bar":"","ocean_shortcode_before_header":"","ocean_shortcode_after_header":"","ocean_has_shortcode":"","ocean_shortcode_after_title":"","ocean_shortcode_before_footer_widgets":"","ocean_shortcode_after_footer_widgets":"","ocean_shortcode_before_footer_bottom":"","ocean_shortcode_after_footer_bottom":"","ocean_display_top_bar":"default","ocean_display_header":"default","ocean_header_style":"","ocean_center_header_left_menu":"","ocean_custom_header_template":"","ocean_custom_logo":0,"ocean_custom_retina_logo":0,"ocean_custom_logo_max_width":0,"ocean_custom_logo_tablet_max_width":0,"ocean_custom_logo_mobile_max_width":0,"ocean_custom_logo_max_height":0,"ocean_custom_logo_tablet_max_height":0,"ocean_custom_logo_mobile_max_height":0,"ocean_header_custom_menu":"","ocean_menu_typo_font_family":"","ocean_menu_typo_font_subset":"","ocean_menu_typo_font_size":0,"ocean_menu_typo_font_size_tablet":0,"ocean_menu_typo_font_size_mobile":0,"ocean_menu_typo_font_size_unit":"px","ocean_menu_typo_font_weight":"","ocean_menu_typo_font_weight_tablet":"","ocean_menu_typo_font_weight_mobile":"","ocean_menu_typo_transform":"","ocean_menu_typo_transform_tablet":"","ocean_menu_typo_transform_mobile":"","ocean_menu_typo_line_height":0,"ocean_menu_typo_line_height_tablet":0,"ocean_menu_typo_line_height_mobile":0,"ocean_menu_typo_line_height_unit":"","ocean_menu_typo_spacing":0,"ocean_menu_typo_spacing_tablet":0,"ocean_menu_typo_spacing_mobile":0,"ocean_menu_typo_spacing_unit":"","ocean_menu_link_color":"","ocean_menu_link_color_hover":"","ocean_menu_link_color_active":"","ocean_menu_link_background":"","ocean_menu_link_hover_background":"","ocean_menu_link_active_background":"","ocean_menu_social_links_bg":"","ocean_menu_social_hover_links_bg":"","ocean_menu_social_links_color":"","ocean_menu_social_hover_links_color":"","ocean_disable_title":"default","ocean_disable_heading":"default","ocean_post_title":"","ocean_post_subheading":"","ocean_post_title_style":"","ocean_post_title_background_color":"","ocean_post_title_background":0,"ocean_post_title_bg_image_position":"","ocean_post_title_bg_image_attachment":"","ocean_post_title_bg_image_repeat":"","ocean_post_title_bg_image_size":"","ocean_post_title_height":0,"ocean_post_title_bg_overlay":0.5,"ocean_post_title_bg_overlay_color":"","ocean_disable_breadcrumbs":"default","ocean_breadcrumbs_color":"","ocean_breadcrumbs_separator_color":"","ocean_breadcrumbs_links_color":"","ocean_breadcrumbs_links_hover_color":"","ocean_display_footer_widgets":"default","ocean_display_footer_bottom":"default","ocean_custom_footer_template":"","ocean_post_oembed":"","ocean_post_self_hosted_media":"","ocean_post_video_embed":"","ocean_link_format":"","ocean_link_format_target":"self","ocean_quote_format":"","ocean_quote_format_link":"post","ocean_gallery_link_images":"on","ocean_gallery_id":[],"footnotes":""},"categories":[9],"tags":[],"post_folder":[],"class_list":["post-79","post","type-post","status-publish","format-standard","has-post-thumbnail","hentry","category-actions-et-communiques","entry","has-media"],"yoast_head":"<!-- This site is optimized with the Yoast SEO plugin v27.4 - https:\/\/yoast.com\/product\/yoast-seo-wordpress\/ -->\n<title>Communiqu\u00e9 de l&#039;Intersyndicale SNETAP-FSU, SYAC CGT et Sud-Rural de l&#039;enseignement agricole des Pays de la Loire - PAYS DE LA LOIRE<\/title>\n<meta name=\"robots\" content=\"index, follow, max-snippet:-1, max-image-preview:large, max-video-preview:-1\" \/>\n<link rel=\"canonical\" href=\"https:\/\/regions-snetap-fsu.fr\/pdl\/2016\/09\/14\/communique-de-lintersyndicale-snetap-fsu-syac-cgt-et-sud-rural-de-lenseignement-agricole-des-pays-de-la-loire\/\" \/>\n<meta property=\"og:locale\" content=\"fr_FR\" \/>\n<meta property=\"og:type\" content=\"article\" \/>\n<meta property=\"og:title\" content=\"Communiqu\u00e9 de l&#039;Intersyndicale SNETAP-FSU, SYAC CGT et Sud-Rural de l&#039;enseignement agricole des Pays de la Loire - PAYS DE LA LOIRE\" \/>\n<meta property=\"og:description\" content=\"Victoire collective des personnels de l&rsquo;Enseignement Agricole Public : Le Minist\u00e8re de l&rsquo;Agriculture d\u00e9bloque des moyens compl\u00e9mentaires pour les lyc\u00e9es En juillet dernier, l&rsquo;intersyndicale SNETAP-FSU, SYAC CGT et Sud-Rural avait d\u00e9pos\u00e9 un pr\u00e9avis de gr\u00e8ve dans l&rsquo;enseignement agricole public en r\u00e9gion Pays de la Loire. Les revendications portaient sur les moyens de la rentr\u00e9e pour [&hellip;]\" \/>\n<meta property=\"og:url\" content=\"https:\/\/regions-snetap-fsu.fr\/pdl\/2016\/09\/14\/communique-de-lintersyndicale-snetap-fsu-syac-cgt-et-sud-rural-de-lenseignement-agricole-des-pays-de-la-loire\/\" \/>\n<meta property=\"og:site_name\" content=\"PAYS DE LA LOIRE\" \/>\n<meta property=\"article:published_time\" content=\"2016-09-14T12:02:24+00:00\" \/>\n<meta property=\"article:modified_time\" content=\"2018-09-08T20:28:51+00:00\" \/>\n<meta property=\"og:image\" content=\"https:\/\/regions-snetap-fsu.fr\/pdl\/wp-content\/uploads\/sites\/4\/2016\/05\/ils-viennent-voir-leur-ministre-sur-ses-terres.jpg\" \/>\n\t<meta property=\"og:image:width\" content=\"640\" \/>\n\t<meta property=\"og:image:height\" content=\"360\" \/>\n\t<meta property=\"og:image:type\" content=\"image\/jpeg\" \/>\n<meta name=\"author\" content=\"yvigner\" \/>\n<meta name=\"twitter:card\" content=\"summary_large_image\" \/>\n<meta name=\"twitter:label1\" content=\"\u00c9crit par\" \/>\n\t<meta name=\"twitter:data1\" content=\"yvigner\" \/>\n\t<meta name=\"twitter:label2\" content=\"Dur\u00e9e de lecture estim\u00e9e\" \/>\n\t<meta name=\"twitter:data2\" content=\"1 minute\" \/>\n<script type=\"application\/ld+json\" class=\"yoast-schema-graph\">{\"@context\":\"https:\\\/\\\/schema.org\",\"@graph\":[{\"@type\":\"Article\",\"@id\":\"https:\\\/\\\/regions-snetap-fsu.fr\\\/pdl\\\/2016\\\/09\\\/14\\\/communique-de-lintersyndicale-snetap-fsu-syac-cgt-et-sud-rural-de-lenseignement-agricole-des-pays-de-la-loire\\\/#article\",\"isPartOf\":{\"@id\":\"https:\\\/\\\/regions-snetap-fsu.fr\\\/pdl\\\/2016\\\/09\\\/14\\\/communique-de-lintersyndicale-snetap-fsu-syac-cgt-et-sud-rural-de-lenseignement-agricole-des-pays-de-la-loire\\\/\"},\"author\":{\"name\":\"yvigner\",\"@id\":\"https:\\\/\\\/regions-snetap-fsu.fr\\\/pdl\\\/#\\\/schema\\\/person\\\/d4530af043f9e8d27bdd71c468ec93b1\"},\"headline\":\"Communiqu\u00e9 de l&#039;Intersyndicale SNETAP-FSU, SYAC CGT et Sud-Rural de l&#039;enseignement agricole des Pays de la Loire\",\"datePublished\":\"2016-09-14T12:02:24+00:00\",\"dateModified\":\"2018-09-08T20:28:51+00:00\",\"mainEntityOfPage\":{\"@id\":\"https:\\\/\\\/regions-snetap-fsu.fr\\\/pdl\\\/2016\\\/09\\\/14\\\/communique-de-lintersyndicale-snetap-fsu-syac-cgt-et-sud-rural-de-lenseignement-agricole-des-pays-de-la-loire\\\/\"},\"wordCount\":256,\"publisher\":{\"@id\":\"https:\\\/\\\/regions-snetap-fsu.fr\\\/pdl\\\/#organization\"},\"image\":{\"@id\":\"https:\\\/\\\/regions-snetap-fsu.fr\\\/pdl\\\/2016\\\/09\\\/14\\\/communique-de-lintersyndicale-snetap-fsu-syac-cgt-et-sud-rural-de-lenseignement-agricole-des-pays-de-la-loire\\\/#primaryimage\"},\"thumbnailUrl\":\"https:\\\/\\\/regions-snetap-fsu.fr\\\/pdl\\\/wp-content\\\/uploads\\\/sites\\\/4\\\/2016\\\/05\\\/ils-viennent-voir-leur-ministre-sur-ses-terres.jpg\",\"articleSection\":[\"Communiqu\u00e9s\"],\"inLanguage\":\"fr-FR\"},{\"@type\":\"WebPage\",\"@id\":\"https:\\\/\\\/regions-snetap-fsu.fr\\\/pdl\\\/2016\\\/09\\\/14\\\/communique-de-lintersyndicale-snetap-fsu-syac-cgt-et-sud-rural-de-lenseignement-agricole-des-pays-de-la-loire\\\/\",\"url\":\"https:\\\/\\\/regions-snetap-fsu.fr\\\/pdl\\\/2016\\\/09\\\/14\\\/communique-de-lintersyndicale-snetap-fsu-syac-cgt-et-sud-rural-de-lenseignement-agricole-des-pays-de-la-loire\\\/\",\"name\":\"Communiqu\u00e9 de l&#039;Intersyndicale SNETAP-FSU, SYAC CGT et Sud-Rural de l&#039;enseignement agricole des Pays de la Loire - PAYS DE LA LOIRE\",\"isPartOf\":{\"@id\":\"https:\\\/\\\/regions-snetap-fsu.fr\\\/pdl\\\/#website\"},\"primaryImageOfPage\":{\"@id\":\"https:\\\/\\\/regions-snetap-fsu.fr\\\/pdl\\\/2016\\\/09\\\/14\\\/communique-de-lintersyndicale-snetap-fsu-syac-cgt-et-sud-rural-de-lenseignement-agricole-des-pays-de-la-loire\\\/#primaryimage\"},\"image\":{\"@id\":\"https:\\\/\\\/regions-snetap-fsu.fr\\\/pdl\\\/2016\\\/09\\\/14\\\/communique-de-lintersyndicale-snetap-fsu-syac-cgt-et-sud-rural-de-lenseignement-agricole-des-pays-de-la-loire\\\/#primaryimage\"},\"thumbnailUrl\":\"https:\\\/\\\/regions-snetap-fsu.fr\\\/pdl\\\/wp-content\\\/uploads\\\/sites\\\/4\\\/2016\\\/05\\\/ils-viennent-voir-leur-ministre-sur-ses-terres.jpg\",\"datePublished\":\"2016-09-14T12:02:24+00:00\",\"dateModified\":\"2018-09-08T20:28:51+00:00\",\"breadcrumb\":{\"@id\":\"https:\\\/\\\/regions-snetap-fsu.fr\\\/pdl\\\/2016\\\/09\\\/14\\\/communique-de-lintersyndicale-snetap-fsu-syac-cgt-et-sud-rural-de-lenseignement-agricole-des-pays-de-la-loire\\\/#breadcrumb\"},\"inLanguage\":\"fr-FR\",\"potentialAction\":[{\"@type\":\"ReadAction\",\"target\":[\"https:\\\/\\\/regions-snetap-fsu.fr\\\/pdl\\\/2016\\\/09\\\/14\\\/communique-de-lintersyndicale-snetap-fsu-syac-cgt-et-sud-rural-de-lenseignement-agricole-des-pays-de-la-loire\\\/\"]}]},{\"@type\":\"ImageObject\",\"inLanguage\":\"fr-FR\",\"@id\":\"https:\\\/\\\/regions-snetap-fsu.fr\\\/pdl\\\/2016\\\/09\\\/14\\\/communique-de-lintersyndicale-snetap-fsu-syac-cgt-et-sud-rural-de-lenseignement-agricole-des-pays-de-la-loire\\\/#primaryimage\",\"url\":\"https:\\\/\\\/regions-snetap-fsu.fr\\\/pdl\\\/wp-content\\\/uploads\\\/sites\\\/4\\\/2016\\\/05\\\/ils-viennent-voir-leur-ministre-sur-ses-terres.jpg\",\"contentUrl\":\"https:\\\/\\\/regions-snetap-fsu.fr\\\/pdl\\\/wp-content\\\/uploads\\\/sites\\\/4\\\/2016\\\/05\\\/ils-viennent-voir-leur-ministre-sur-ses-terres.jpg\",\"width\":640,\"height\":360,\"caption\":\"alternatif, le courant !\"},{\"@type\":\"BreadcrumbList\",\"@id\":\"https:\\\/\\\/regions-snetap-fsu.fr\\\/pdl\\\/2016\\\/09\\\/14\\\/communique-de-lintersyndicale-snetap-fsu-syac-cgt-et-sud-rural-de-lenseignement-agricole-des-pays-de-la-loire\\\/#breadcrumb\",\"itemListElement\":[{\"@type\":\"ListItem\",\"position\":1,\"name\":\"Accueil\",\"item\":\"https:\\\/\\\/regions-snetap-fsu.fr\\\/pdl\\\/\"},{\"@type\":\"ListItem\",\"position\":2,\"name\":\"Communiqu\u00e9 de l&#039;Intersyndicale SNETAP-FSU, SYAC CGT et Sud-Rural de l&#039;enseignement agricole des Pays de la Loire\"}]},{\"@type\":\"WebSite\",\"@id\":\"https:\\\/\\\/regions-snetap-fsu.fr\\\/pdl\\\/#website\",\"url\":\"https:\\\/\\\/regions-snetap-fsu.fr\\\/pdl\\\/\",\"name\":\"SNETAP-FSU PAYS DE LA LOIRE\",\"description\":\"SECTION REGIONALE\",\"publisher\":{\"@id\":\"https:\\\/\\\/regions-snetap-fsu.fr\\\/pdl\\\/#organization\"},\"potentialAction\":[{\"@type\":\"SearchAction\",\"target\":{\"@type\":\"EntryPoint\",\"urlTemplate\":\"https:\\\/\\\/regions-snetap-fsu.fr\\\/pdl\\\/?s={search_term_string}\"},\"query-input\":{\"@type\":\"PropertyValueSpecification\",\"valueRequired\":true,\"valueName\":\"search_term_string\"}}],\"inLanguage\":\"fr-FR\"},{\"@type\":\"Organization\",\"@id\":\"https:\\\/\\\/regions-snetap-fsu.fr\\\/pdl\\\/#organization\",\"name\":\"SNETAP-FSU Pays de Loire\",\"url\":\"https:\\\/\\\/regions-snetap-fsu.fr\\\/pdl\\\/\",\"logo\":{\"@type\":\"ImageObject\",\"inLanguage\":\"fr-FR\",\"@id\":\"https:\\\/\\\/regions-snetap-fsu.fr\\\/pdl\\\/#\\\/schema\\\/logo\\\/image\\\/\",\"url\":\"https:\\\/\\\/regions-snetap-fsu.fr\\\/pdl\\\/wp-content\\\/uploads\\\/sites\\\/4\\\/2020\\\/12\\\/SNETAP-Logo.jpg\",\"contentUrl\":\"https:\\\/\\\/regions-snetap-fsu.fr\\\/pdl\\\/wp-content\\\/uploads\\\/sites\\\/4\\\/2020\\\/12\\\/SNETAP-Logo.jpg\",\"width\":464,\"height\":334,\"caption\":\"SNETAP-FSU Pays de Loire\"},\"image\":{\"@id\":\"https:\\\/\\\/regions-snetap-fsu.fr\\\/pdl\\\/#\\\/schema\\\/logo\\\/image\\\/\"}},{\"@type\":\"Person\",\"@id\":\"https:\\\/\\\/regions-snetap-fsu.fr\\\/pdl\\\/#\\\/schema\\\/person\\\/d4530af043f9e8d27bdd71c468ec93b1\",\"name\":\"yvigner\",\"image\":{\"@type\":\"ImageObject\",\"inLanguage\":\"fr-FR\",\"@id\":\"https:\\\/\\\/secure.gravatar.com\\\/avatar\\\/bc72baa6f2406549aecf77a837bc4f03dbe88472c1762138f868571430a23820?s=96&d=mm&r=g\",\"url\":\"https:\\\/\\\/secure.gravatar.com\\\/avatar\\\/bc72baa6f2406549aecf77a837bc4f03dbe88472c1762138f868571430a23820?s=96&d=mm&r=g\",\"contentUrl\":\"https:\\\/\\\/secure.gravatar.com\\\/avatar\\\/bc72baa6f2406549aecf77a837bc4f03dbe88472c1762138f868571430a23820?s=96&d=mm&r=g\",\"caption\":\"yvigner\"},\"url\":\"https:\\\/\\\/regions-snetap-fsu.fr\\\/pdl\\\/author\\\/yvigner\\\/\"}]}<\/script>\n<!-- \/ Yoast SEO plugin. -->","yoast_head_json":{"title":"Communiqu\u00e9 de l&#039;Intersyndicale SNETAP-FSU, SYAC CGT et Sud-Rural de l&#039;enseignement agricole des Pays de la Loire - PAYS DE LA LOIRE","robots":{"index":"index","follow":"follow","max-snippet":"max-snippet:-1","max-image-preview":"max-image-preview:large","max-video-preview":"max-video-preview:-1"},"canonical":"https:\/\/regions-snetap-fsu.fr\/pdl\/2016\/09\/14\/communique-de-lintersyndicale-snetap-fsu-syac-cgt-et-sud-rural-de-lenseignement-agricole-des-pays-de-la-loire\/","og_locale":"fr_FR","og_type":"article","og_title":"Communiqu\u00e9 de l&#039;Intersyndicale SNETAP-FSU, SYAC CGT et Sud-Rural de l&#039;enseignement agricole des Pays de la Loire - PAYS DE LA LOIRE","og_description":"Victoire collective des personnels de l&rsquo;Enseignement Agricole Public : Le Minist\u00e8re de l&rsquo;Agriculture d\u00e9bloque des moyens compl\u00e9mentaires pour les lyc\u00e9es En juillet dernier, l&rsquo;intersyndicale SNETAP-FSU, SYAC CGT et Sud-Rural avait d\u00e9pos\u00e9 un pr\u00e9avis de gr\u00e8ve dans l&rsquo;enseignement agricole public en r\u00e9gion Pays de la Loire. Les revendications portaient sur les moyens de la rentr\u00e9e pour [&hellip;]","og_url":"https:\/\/regions-snetap-fsu.fr\/pdl\/2016\/09\/14\/communique-de-lintersyndicale-snetap-fsu-syac-cgt-et-sud-rural-de-lenseignement-agricole-des-pays-de-la-loire\/","og_site_name":"PAYS DE LA LOIRE","article_published_time":"2016-09-14T12:02:24+00:00","article_modified_time":"2018-09-08T20:28:51+00:00","og_image":[{"width":640,"height":360,"url":"https:\/\/regions-snetap-fsu.fr\/pdl\/wp-content\/uploads\/sites\/4\/2016\/05\/ils-viennent-voir-leur-ministre-sur-ses-terres.jpg","type":"image\/jpeg"}],"author":"yvigner","twitter_card":"summary_large_image","twitter_misc":{"\u00c9crit par":"yvigner","Dur\u00e9e de lecture estim\u00e9e":"1 minute"},"schema":{"@context":"https:\/\/schema.org","@graph":[{"@type":"Article","@id":"https:\/\/regions-snetap-fsu.fr\/pdl\/2016\/09\/14\/communique-de-lintersyndicale-snetap-fsu-syac-cgt-et-sud-rural-de-lenseignement-agricole-des-pays-de-la-loire\/#article","isPartOf":{"@id":"https:\/\/regions-snetap-fsu.fr\/pdl\/2016\/09\/14\/communique-de-lintersyndicale-snetap-fsu-syac-cgt-et-sud-rural-de-lenseignement-agricole-des-pays-de-la-loire\/"},"author":{"name":"yvigner","@id":"https:\/\/regions-snetap-fsu.fr\/pdl\/#\/schema\/person\/d4530af043f9e8d27bdd71c468ec93b1"},"headline":"Communiqu\u00e9 de l&#039;Intersyndicale SNETAP-FSU, SYAC CGT et Sud-Rural de l&#039;enseignement agricole des Pays de la Loire","datePublished":"2016-09-14T12:02:24+00:00","dateModified":"2018-09-08T20:28:51+00:00","mainEntityOfPage":{"@id":"https:\/\/regions-snetap-fsu.fr\/pdl\/2016\/09\/14\/communique-de-lintersyndicale-snetap-fsu-syac-cgt-et-sud-rural-de-lenseignement-agricole-des-pays-de-la-loire\/"},"wordCount":256,"publisher":{"@id":"https:\/\/regions-snetap-fsu.fr\/pdl\/#organization"},"image":{"@id":"https:\/\/regions-snetap-fsu.fr\/pdl\/2016\/09\/14\/communique-de-lintersyndicale-snetap-fsu-syac-cgt-et-sud-rural-de-lenseignement-agricole-des-pays-de-la-loire\/#primaryimage"},"thumbnailUrl":"https:\/\/regions-snetap-fsu.fr\/pdl\/wp-content\/uploads\/sites\/4\/2016\/05\/ils-viennent-voir-leur-ministre-sur-ses-terres.jpg","articleSection":["Communiqu\u00e9s"],"inLanguage":"fr-FR"},{"@type":"WebPage","@id":"https:\/\/regions-snetap-fsu.fr\/pdl\/2016\/09\/14\/communique-de-lintersyndicale-snetap-fsu-syac-cgt-et-sud-rural-de-lenseignement-agricole-des-pays-de-la-loire\/","url":"https:\/\/regions-snetap-fsu.fr\/pdl\/2016\/09\/14\/communique-de-lintersyndicale-snetap-fsu-syac-cgt-et-sud-rural-de-lenseignement-agricole-des-pays-de-la-loire\/","name":"Communiqu\u00e9 de l&#039;Intersyndicale SNETAP-FSU, SYAC CGT et Sud-Rural de l&#039;enseignement agricole des Pays de la Loire - PAYS DE LA LOIRE","isPartOf":{"@id":"https:\/\/regions-snetap-fsu.fr\/pdl\/#website"},"primaryImageOfPage":{"@id":"https:\/\/regions-snetap-fsu.fr\/pdl\/2016\/09\/14\/communique-de-lintersyndicale-snetap-fsu-syac-cgt-et-sud-rural-de-lenseignement-agricole-des-pays-de-la-loire\/#primaryimage"},"image":{"@id":"https:\/\/regions-snetap-fsu.fr\/pdl\/2016\/09\/14\/communique-de-lintersyndicale-snetap-fsu-syac-cgt-et-sud-rural-de-lenseignement-agricole-des-pays-de-la-loire\/#primaryimage"},"thumbnailUrl":"https:\/\/regions-snetap-fsu.fr\/pdl\/wp-content\/uploads\/sites\/4\/2016\/05\/ils-viennent-voir-leur-ministre-sur-ses-terres.jpg","datePublished":"2016-09-14T12:02:24+00:00","dateModified":"2018-09-08T20:28:51+00:00","breadcrumb":{"@id":"https:\/\/regions-snetap-fsu.fr\/pdl\/2016\/09\/14\/communique-de-lintersyndicale-snetap-fsu-syac-cgt-et-sud-rural-de-lenseignement-agricole-des-pays-de-la-loire\/#breadcrumb"},"inLanguage":"fr-FR","potentialAction":[{"@type":"ReadAction","target":["https:\/\/regions-snetap-fsu.fr\/pdl\/2016\/09\/14\/communique-de-lintersyndicale-snetap-fsu-syac-cgt-et-sud-rural-de-lenseignement-agricole-des-pays-de-la-loire\/"]}]},{"@type":"ImageObject","inLanguage":"fr-FR","@id":"https:\/\/regions-snetap-fsu.fr\/pdl\/2016\/09\/14\/communique-de-lintersyndicale-snetap-fsu-syac-cgt-et-sud-rural-de-lenseignement-agricole-des-pays-de-la-loire\/#primaryimage","url":"https:\/\/regions-snetap-fsu.fr\/pdl\/wp-content\/uploads\/sites\/4\/2016\/05\/ils-viennent-voir-leur-ministre-sur-ses-terres.jpg","contentUrl":"https:\/\/regions-snetap-fsu.fr\/pdl\/wp-content\/uploads\/sites\/4\/2016\/05\/ils-viennent-voir-leur-ministre-sur-ses-terres.jpg","width":640,"height":360,"caption":"alternatif, le courant !"},{"@type":"BreadcrumbList","@id":"https:\/\/regions-snetap-fsu.fr\/pdl\/2016\/09\/14\/communique-de-lintersyndicale-snetap-fsu-syac-cgt-et-sud-rural-de-lenseignement-agricole-des-pays-de-la-loire\/#breadcrumb","itemListElement":[{"@type":"ListItem","position":1,"name":"Accueil","item":"https:\/\/regions-snetap-fsu.fr\/pdl\/"},{"@type":"ListItem","position":2,"name":"Communiqu\u00e9 de l&#039;Intersyndicale SNETAP-FSU, SYAC CGT et Sud-Rural de l&#039;enseignement agricole des Pays de la Loire"}]},{"@type":"WebSite","@id":"https:\/\/regions-snetap-fsu.fr\/pdl\/#website","url":"https:\/\/regions-snetap-fsu.fr\/pdl\/","name":"SNETAP-FSU PAYS DE LA LOIRE","description":"SECTION REGIONALE","publisher":{"@id":"https:\/\/regions-snetap-fsu.fr\/pdl\/#organization"},"potentialAction":[{"@type":"SearchAction","target":{"@type":"EntryPoint","urlTemplate":"https:\/\/regions-snetap-fsu.fr\/pdl\/?s={search_term_string}"},"query-input":{"@type":"PropertyValueSpecification","valueRequired":true,"valueName":"search_term_string"}}],"inLanguage":"fr-FR"},{"@type":"Organization","@id":"https:\/\/regions-snetap-fsu.fr\/pdl\/#organization","name":"SNETAP-FSU Pays de Loire","url":"https:\/\/regions-snetap-fsu.fr\/pdl\/","logo":{"@type":"ImageObject","inLanguage":"fr-FR","@id":"https:\/\/regions-snetap-fsu.fr\/pdl\/#\/schema\/logo\/image\/","url":"https:\/\/regions-snetap-fsu.fr\/pdl\/wp-content\/uploads\/sites\/4\/2020\/12\/SNETAP-Logo.jpg","contentUrl":"https:\/\/regions-snetap-fsu.fr\/pdl\/wp-content\/uploads\/sites\/4\/2020\/12\/SNETAP-Logo.jpg","width":464,"height":334,"caption":"SNETAP-FSU Pays de Loire"},"image":{"@id":"https:\/\/regions-snetap-fsu.fr\/pdl\/#\/schema\/logo\/image\/"}},{"@type":"Person","@id":"https:\/\/regions-snetap-fsu.fr\/pdl\/#\/schema\/person\/d4530af043f9e8d27bdd71c468ec93b1","name":"yvigner","image":{"@type":"ImageObject","inLanguage":"fr-FR","@id":"https:\/\/secure.gravatar.com\/avatar\/bc72baa6f2406549aecf77a837bc4f03dbe88472c1762138f868571430a23820?s=96&d=mm&r=g","url":"https:\/\/secure.gravatar.com\/avatar\/bc72baa6f2406549aecf77a837bc4f03dbe88472c1762138f868571430a23820?s=96&d=mm&r=g","contentUrl":"https:\/\/secure.gravatar.com\/avatar\/bc72baa6f2406549aecf77a837bc4f03dbe88472c1762138f868571430a23820?s=96&d=mm&r=g","caption":"yvigner"},"url":"https:\/\/regions-snetap-fsu.fr\/pdl\/author\/yvigner\/"}]}},"_links":{"self":[{"href":"https:\/\/regions-snetap-fsu.fr\/pdl\/wp-json\/wp\/v2\/posts\/79","targetHints":{"allow":["GET"]}}],"collection":[{"href":"https:\/\/regions-snetap-fsu.fr\/pdl\/wp-json\/wp\/v2\/posts"}],"about":[{"href":"https:\/\/regions-snetap-fsu.fr\/pdl\/wp-json\/wp\/v2\/types\/post"}],"author":[{"embeddable":true,"href":"https:\/\/regions-snetap-fsu.fr\/pdl\/wp-json\/wp\/v2\/users\/2"}],"replies":[{"embeddable":true,"href":"https:\/\/regions-snetap-fsu.fr\/pdl\/wp-json\/wp\/v2\/comments?post=79"}],"version-history":[{"count":1,"href":"https:\/\/regions-snetap-fsu.fr\/pdl\/wp-json\/wp\/v2\/posts\/79\/revisions"}],"predecessor-version":[{"id":2771,"href":"https:\/\/regions-snetap-fsu.fr\/pdl\/wp-json\/wp\/v2\/posts\/79\/revisions\/2771"}],"wp:featuredmedia":[{"embeddable":true,"href":"https:\/\/regions-snetap-fsu.fr\/pdl\/wp-json\/wp\/v2\/media\/48"}],"wp:attachment":[{"href":"https:\/\/regions-snetap-fsu.fr\/pdl\/wp-json\/wp\/v2\/media?parent=79"}],"wp:term":[{"taxonomy":"category","embeddable":true,"href":"https:\/\/regions-snetap-fsu.fr\/pdl\/wp-json\/wp\/v2\/categories?post=79"},{"taxonomy":"post_tag","embeddable":true,"href":"https:\/\/regions-snetap-fsu.fr\/pdl\/wp-json\/wp\/v2\/tags?post=79"},{"taxonomy":"post_folder","embeddable":true,"href":"https:\/\/regions-snetap-fsu.fr\/pdl\/wp-json\/wp\/v2\/post_folder?post=79"}],"curies":[{"name":"wp","href":"https:\/\/api.w.org\/{rel}","templated":true}]}}