{"id":753,"date":"2017-11-22T01:04:51","date_gmt":"2017-11-22T00:04:51","guid":{"rendered":"http:\/\/snetap-fsu.fr\/comp\/pdl\/?p=753"},"modified":"2018-09-19T21:53:16","modified_gmt":"2018-09-19T19:53:16","slug":"la-mobilisation-des-personnels-des-lycees-agricoles-publics-mayennais-permet-une-premiere-victoire-pour-les-agents-en-contrat-aide","status":"publish","type":"post","link":"https:\/\/regions-snetap-fsu.fr\/pdl\/2017\/11\/22\/la-mobilisation-des-personnels-des-lycees-agricoles-publics-mayennais-permet-une-premiere-victoire-pour-les-agents-en-contrat-aide\/","title":{"rendered":"Lyc\u00e9es agricoles publics mayennais,\u00a0premi\u00e8re victoire pour les agents en contrat aid\u00e9"},"content":{"rendered":"<p><strong><img decoding=\"async\" class=\"alignnone wp-image-370\" src=\"https:\/\/regions-snetap-fsu.fr\/pdl\/wp-content\/uploads\/sites\/4\/2017\/03\/FSU-292x300.jpg\" alt=\"\" width=\"83\" height=\"85\" srcset=\"https:\/\/regions-snetap-fsu.fr\/pdl\/wp-content\/uploads\/sites\/4\/2017\/03\/FSU-292x300.jpg 292w, https:\/\/regions-snetap-fsu.fr\/pdl\/wp-content\/uploads\/sites\/4\/2017\/03\/FSU-100x103.jpg 100w, https:\/\/regions-snetap-fsu.fr\/pdl\/wp-content\/uploads\/sites\/4\/2017\/03\/FSU-150x154.jpg 150w, https:\/\/regions-snetap-fsu.fr\/pdl\/wp-content\/uploads\/sites\/4\/2017\/03\/FSU-200x205.jpg 200w, https:\/\/regions-snetap-fsu.fr\/pdl\/wp-content\/uploads\/sites\/4\/2017\/03\/FSU-300x308.jpg 300w, https:\/\/regions-snetap-fsu.fr\/pdl\/wp-content\/uploads\/sites\/4\/2017\/03\/FSU-450x462.jpg 450w, https:\/\/regions-snetap-fsu.fr\/pdl\/wp-content\/uploads\/sites\/4\/2017\/03\/FSU.jpg 584w\" sizes=\"(max-width: 83px) 100vw, 83px\" \/><img decoding=\"async\" class=\"alignnone wp-image-104\" src=\"https:\/\/regions-snetap-fsu.fr\/pdl\/wp-content\/uploads\/sites\/4\/2016\/09\/logo-SNETAP-300x189.jpg\" alt=\"\" width=\"122\" height=\"77\" srcset=\"https:\/\/regions-snetap-fsu.fr\/pdl\/wp-content\/uploads\/sites\/4\/2016\/09\/logo-SNETAP-300x189.jpg 300w, https:\/\/regions-snetap-fsu.fr\/pdl\/wp-content\/uploads\/sites\/4\/2016\/09\/logo-SNETAP-100x63.jpg 100w, https:\/\/regions-snetap-fsu.fr\/pdl\/wp-content\/uploads\/sites\/4\/2016\/09\/logo-SNETAP-150x94.jpg 150w, https:\/\/regions-snetap-fsu.fr\/pdl\/wp-content\/uploads\/sites\/4\/2016\/09\/logo-SNETAP-200x126.jpg 200w, https:\/\/regions-snetap-fsu.fr\/pdl\/wp-content\/uploads\/sites\/4\/2016\/09\/logo-SNETAP-450x283.jpg 450w, https:\/\/regions-snetap-fsu.fr\/pdl\/wp-content\/uploads\/sites\/4\/2016\/09\/logo-SNETAP-600x377.jpg 600w, https:\/\/regions-snetap-fsu.fr\/pdl\/wp-content\/uploads\/sites\/4\/2016\/09\/logo-SNETAP.jpg 652w\" sizes=\"(max-width: 122px) 100vw, 122px\" \/><\/strong><\/p>\n<h2 align=\"justify\"><span style=\"font-family: verdana, geneva, sans-serif;color: #000000\"><u><b>COMMUNIQUE<\/b><\/u><b> :<\/b><b>\u00a0La mobilisation des personnels des lyc\u00e9es agricoles publics mayennais permet une premi\u00e8re victoire pour les agents en contrat aid\u00e9<\/b><\/span><\/h2>\n<p align=\"justify\"><span style=\"font-size: 12pt\"><span style=\"font-family: Arial, sans-serif\">Une d\u00e9l\u00e9gation des personnels des lyc\u00e9es agricoles de Laval et de Ch\u00e2teau Gontier, port\u00e9e par le SNETAP-FSU, a rencontr\u00e9 aujourd&rsquo;hui, 21 novembre 2017, les services de la Direction des Ressources Humaines du Cons<\/span><span style=\"font-family: Arial, sans-serif\">eil R\u00e9gional.<\/span><\/span><\/p>\n<p><span style=\"font-size: 12pt\"><img fetchpriority=\"high\" decoding=\"async\" class=\"aligncenter wp-image-755 size-large\" src=\"https:\/\/regions-snetap-fsu.fr\/pdl\/wp-content\/uploads\/sites\/4\/2017\/11\/2017-11-21-11.58.41-1024x576.jpg\" alt=\"\" width=\"605\" height=\"340\" srcset=\"https:\/\/regions-snetap-fsu.fr\/pdl\/wp-content\/uploads\/sites\/4\/2017\/11\/2017-11-21-11.58.41-1024x576.jpg 1024w, https:\/\/regions-snetap-fsu.fr\/pdl\/wp-content\/uploads\/sites\/4\/2017\/11\/2017-11-21-11.58.41-300x169.jpg 300w, https:\/\/regions-snetap-fsu.fr\/pdl\/wp-content\/uploads\/sites\/4\/2017\/11\/2017-11-21-11.58.41-768x432.jpg 768w, https:\/\/regions-snetap-fsu.fr\/pdl\/wp-content\/uploads\/sites\/4\/2017\/11\/2017-11-21-11.58.41-100x56.jpg 100w, https:\/\/regions-snetap-fsu.fr\/pdl\/wp-content\/uploads\/sites\/4\/2017\/11\/2017-11-21-11.58.41-150x84.jpg 150w, https:\/\/regions-snetap-fsu.fr\/pdl\/wp-content\/uploads\/sites\/4\/2017\/11\/2017-11-21-11.58.41-200x113.jpg 200w, https:\/\/regions-snetap-fsu.fr\/pdl\/wp-content\/uploads\/sites\/4\/2017\/11\/2017-11-21-11.58.41-450x253.jpg 450w, https:\/\/regions-snetap-fsu.fr\/pdl\/wp-content\/uploads\/sites\/4\/2017\/11\/2017-11-21-11.58.41-600x338.jpg 600w, https:\/\/regions-snetap-fsu.fr\/pdl\/wp-content\/uploads\/sites\/4\/2017\/11\/2017-11-21-11.58.41-900x506.jpg 900w\" sizes=\"(max-width: 605px) 100vw, 605px\" \/><\/span><\/p>\n<p align=\"justify\"><span style=\"font-family: Arial, sans-serif;font-size: 12pt\">Cette audience faisait suite au d\u00e9p\u00f4t d&rsquo;un pr\u00e9avis de gr\u00e8ve fix\u00e9 au 24 Novembre pour d\u00e9noncer le non renouvellement des contrats aid\u00e9s et l&rsquo;absence de perspectives de r\u00e9emploi pour les personnels concern\u00e9s.<\/span><\/p>\n<p align=\"justify\"><span style=\"font-size: 12pt\"><span style=\"font-family: Arial, sans-serif\">Les \u00e9changes respectueux et positifs engag\u00e9s au cours de cette rencontre ont abouti \u00e0 plusieurs engagements de<\/span><span style=\"font-family: Arial, sans-serif\">\u00a0la part du Conseil R\u00e9gional\u00a0:<\/span><\/span><\/p>\n<ul>\n<li>\n<p align=\"justify\"><span style=\"font-size: 12pt\"><strong><span style=\"font-family: Arial, sans-serif\">proposer un contrat du Conseil r\u00e9gional jusqu&rsquo;au\u00a0<\/span><\/strong><strong><span style=\"font-family: Arial, sans-serif\">mois de D\u00e9cembre 2017 aux 3 agents dont le contrat aid\u00e9 n&rsquo;a pas \u00e9t\u00e9 renouvel\u00e9<\/span><\/strong><\/span><\/p>\n<\/li>\n<li>\n<p align=\"justify\"><span style=\"font-size: 12pt\"><strong><span style=\"font-family: Arial, sans-serif\"><span style=\"color: #000000\">proposer, autant que faire se peut, des postes de contractuels jusqu&rsquo;au 30 juin <\/span><span style=\"color: #000000\">2018<\/span><span style=\"color: #000000\"> aux agents dont le contrat aid\u00e9 se terminera au cours du 1er semestre 2018<\/span><\/span><\/strong><\/span><\/p>\n<\/li>\n<li>\n<p align=\"justify\"><span style=\"font-size: 12pt\"><strong><span style=\"font-family: Arial, sans-serif\">S&rsquo;engager dans une r\u00e9flexion concernant les dotations en personnels du Conseil r\u00e9gional dans les lyc\u00e9es agricoles publics de la r\u00e9gion et cela notamment dans le cadre de l&rsquo;affectation des 70 nouveaux postes cr\u00e9es par le Conseil R\u00e9gional. <\/span><\/strong><\/span><\/p>\n<\/li>\n<\/ul>\n<p align=\"justify\"><span style=\"font-family: Arial, sans-serif;font-size: 12pt\">La d\u00e9l\u00e9gation a port\u00e9 ces engagements \u00e0 la connaissance des personnels des 2 \u00e9tablissements qui ont les ont consid\u00e9r\u00e9s comme des avanc\u00e9es suffisantes <strong><span style=\"text-decoration: underline\">pour lever le pr\u00e9avis de gr\u00e8ve du 24 Novembre<\/span><\/strong>.<\/span><\/p>\n<p align=\"justify\"><span style=\"font-family: Arial, sans-serif;font-size: 12pt\">Le SNETAP-FSU prend acte de la volont\u00e9 du Conseil R\u00e9gional de chercher des solutions et se f\u00e9licite que les contrats de 3 coll\u00e8gues soient prolong\u00e9s. Il veillera \u00e0 l&rsquo;application des engagements et <strong>continuera de d\u00e9fendre la n\u00e9cessit\u00e9 de mettre des moyens humains \u00e0 la hauteur des besoins des \u00e9tablissements et du respect que l&rsquo;on doit aux agents.<\/strong><\/span><\/p>\n<p align=\"justify\"><span style=\"font-family: Arial, sans-serif;font-size: 12pt\">Le SNETAP-FSU se f\u00e9licite \u00e9galement de la mobilisation des personnels qui \u00e0 permis ces quelques avanc\u00e9es pr\u00e9cieuses pour nos coll\u00e8gues les plus pr\u00e9caires.<\/span><\/p>\n<p align=\"right\"><span style=\"font-family: Arial, sans-serif;font-size: 12pt\">Laval, le 21\/11\/2017<\/span><\/p>\n<p style=\"text-align: left\" align=\"right\">Article Avenir Agricole 24 11 2017<\/p>\n<p style=\"text-align: left\" align=\"right\"><img loading=\"lazy\" decoding=\"async\" class=\"alignnone wp-image-795\" src=\"https:\/\/regions-snetap-fsu.fr\/pdl\/wp-content\/uploads\/sites\/4\/2017\/11\/Avenir-agricole-24112017-300x87.jpg\" alt=\"\" width=\"901\" height=\"261\" srcset=\"https:\/\/regions-snetap-fsu.fr\/pdl\/wp-content\/uploads\/sites\/4\/2017\/11\/Avenir-agricole-24112017-300x87.jpg 300w, https:\/\/regions-snetap-fsu.fr\/pdl\/wp-content\/uploads\/sites\/4\/2017\/11\/Avenir-agricole-24112017-1024x298.jpg 1024w, https:\/\/regions-snetap-fsu.fr\/pdl\/wp-content\/uploads\/sites\/4\/2017\/11\/Avenir-agricole-24112017-100x29.jpg 100w, https:\/\/regions-snetap-fsu.fr\/pdl\/wp-content\/uploads\/sites\/4\/2017\/11\/Avenir-agricole-24112017-150x44.jpg 150w, https:\/\/regions-snetap-fsu.fr\/pdl\/wp-content\/uploads\/sites\/4\/2017\/11\/Avenir-agricole-24112017-200x58.jpg 200w, https:\/\/regions-snetap-fsu.fr\/pdl\/wp-content\/uploads\/sites\/4\/2017\/11\/Avenir-agricole-24112017-450x131.jpg 450w, https:\/\/regions-snetap-fsu.fr\/pdl\/wp-content\/uploads\/sites\/4\/2017\/11\/Avenir-agricole-24112017-600x175.jpg 600w, https:\/\/regions-snetap-fsu.fr\/pdl\/wp-content\/uploads\/sites\/4\/2017\/11\/Avenir-agricole-24112017-900x262.jpg 900w\" sizes=\"(max-width: 901px) 100vw, 901px\" \/><\/p>\n","protected":false},"excerpt":{"rendered":"<p>COMMUNIQUE :\u00a0La mobilisation des personnels des lyc\u00e9es agricoles publics mayennais permet une premi\u00e8re victoire pour les agents en contrat aid\u00e9 Une d\u00e9l\u00e9gation des personnels des lyc\u00e9es agricoles de Laval et de Ch\u00e2teau Gontier, port\u00e9e par le SNETAP-FSU, a rencontr\u00e9 aujourd&rsquo;hui, 21 novembre 2017, les services de la Direction des Ressources Humaines du Conseil R\u00e9gional. Cette [&hellip;]<\/p>\n","protected":false},"author":2,"featured_media":0,"comment_status":"closed","ping_status":"closed","sticky":false,"template":"","format":"standard","meta":{"ocean_post_layout":"","ocean_both_sidebars_style":"","ocean_both_sidebars_content_width":0,"ocean_both_sidebars_sidebars_width":0,"ocean_sidebar":"","ocean_second_sidebar":"","ocean_disable_margins":"enable","ocean_add_body_class":"","ocean_shortcode_before_top_bar":"","ocean_shortcode_after_top_bar":"","ocean_shortcode_before_header":"","ocean_shortcode_after_header":"","ocean_has_shortcode":"","ocean_shortcode_after_title":"","ocean_shortcode_before_footer_widgets":"","ocean_shortcode_after_footer_widgets":"","ocean_shortcode_before_footer_bottom":"","ocean_shortcode_after_footer_bottom":"","ocean_display_top_bar":"default","ocean_display_header":"default","ocean_header_style":"","ocean_center_header_left_menu":"","ocean_custom_header_template":"","ocean_custom_logo":0,"ocean_custom_retina_logo":0,"ocean_custom_logo_max_width":0,"ocean_custom_logo_tablet_max_width":0,"ocean_custom_logo_mobile_max_width":0,"ocean_custom_logo_max_height":0,"ocean_custom_logo_tablet_max_height":0,"ocean_custom_logo_mobile_max_height":0,"ocean_header_custom_menu":"","ocean_menu_typo_font_family":"","ocean_menu_typo_font_subset":"","ocean_menu_typo_font_size":0,"ocean_menu_typo_font_size_tablet":0,"ocean_menu_typo_font_size_mobile":0,"ocean_menu_typo_font_size_unit":"px","ocean_menu_typo_font_weight":"","ocean_menu_typo_font_weight_tablet":"","ocean_menu_typo_font_weight_mobile":"","ocean_menu_typo_transform":"","ocean_menu_typo_transform_tablet":"","ocean_menu_typo_transform_mobile":"","ocean_menu_typo_line_height":0,"ocean_menu_typo_line_height_tablet":0,"ocean_menu_typo_line_height_mobile":0,"ocean_menu_typo_line_height_unit":"","ocean_menu_typo_spacing":0,"ocean_menu_typo_spacing_tablet":0,"ocean_menu_typo_spacing_mobile":0,"ocean_menu_typo_spacing_unit":"","ocean_menu_link_color":"","ocean_menu_link_color_hover":"","ocean_menu_link_color_active":"","ocean_menu_link_background":"","ocean_menu_link_hover_background":"","ocean_menu_link_active_background":"","ocean_menu_social_links_bg":"","ocean_menu_social_hover_links_bg":"","ocean_menu_social_links_color":"","ocean_menu_social_hover_links_color":"","ocean_disable_title":"default","ocean_disable_heading":"default","ocean_post_title":"","ocean_post_subheading":"","ocean_post_title_style":"","ocean_post_title_background_color":"","ocean_post_title_background":0,"ocean_post_title_bg_image_position":"","ocean_post_title_bg_image_attachment":"","ocean_post_title_bg_image_repeat":"","ocean_post_title_bg_image_size":"","ocean_post_title_height":0,"ocean_post_title_bg_overlay":0.5,"ocean_post_title_bg_overlay_color":"","ocean_disable_breadcrumbs":"default","ocean_breadcrumbs_color":"","ocean_breadcrumbs_separator_color":"","ocean_breadcrumbs_links_color":"","ocean_breadcrumbs_links_hover_color":"","ocean_display_footer_widgets":"default","ocean_display_footer_bottom":"default","ocean_custom_footer_template":"","ocean_post_oembed":"","ocean_post_self_hosted_media":"","ocean_post_video_embed":"","ocean_link_format":"","ocean_link_format_target":"self","ocean_quote_format":"","ocean_quote_format_link":"post","ocean_gallery_link_images":"on","ocean_gallery_id":[],"footnotes":""},"categories":[19,7,18],"tags":[],"post_folder":[],"class_list":["post-753","post","type-post","status-publish","format-standard","hentry","category-chateau-gontier","category-conseil-regional","category-laval","entry"],"yoast_head":"<!-- This site is optimized with the Yoast SEO plugin v27.4 - https:\/\/yoast.com\/product\/yoast-seo-wordpress\/ -->\n<title>Lyc\u00e9es agricoles publics mayennais,\u00a0premi\u00e8re victoire pour les agents en contrat aid\u00e9 - PAYS DE LA LOIRE<\/title>\n<meta name=\"robots\" content=\"index, follow, max-snippet:-1, max-image-preview:large, max-video-preview:-1\" \/>\n<link rel=\"canonical\" href=\"https:\/\/regions-snetap-fsu.fr\/pdl\/2017\/11\/22\/la-mobilisation-des-personnels-des-lycees-agricoles-publics-mayennais-permet-une-premiere-victoire-pour-les-agents-en-contrat-aide\/\" \/>\n<meta property=\"og:locale\" content=\"fr_FR\" \/>\n<meta property=\"og:type\" content=\"article\" \/>\n<meta property=\"og:title\" content=\"Lyc\u00e9es agricoles publics mayennais,\u00a0premi\u00e8re victoire pour les agents en contrat aid\u00e9 - PAYS DE LA LOIRE\" \/>\n<meta property=\"og:description\" content=\"COMMUNIQUE :\u00a0La mobilisation des personnels des lyc\u00e9es agricoles publics mayennais permet une premi\u00e8re victoire pour les agents en contrat aid\u00e9 Une d\u00e9l\u00e9gation des personnels des lyc\u00e9es agricoles de Laval et de Ch\u00e2teau Gontier, port\u00e9e par le SNETAP-FSU, a rencontr\u00e9 aujourd&rsquo;hui, 21 novembre 2017, les services de la Direction des Ressources Humaines du Conseil R\u00e9gional. Cette [&hellip;]\" \/>\n<meta property=\"og:url\" content=\"https:\/\/regions-snetap-fsu.fr\/pdl\/2017\/11\/22\/la-mobilisation-des-personnels-des-lycees-agricoles-publics-mayennais-permet-une-premiere-victoire-pour-les-agents-en-contrat-aide\/\" \/>\n<meta property=\"og:site_name\" content=\"PAYS DE LA LOIRE\" \/>\n<meta property=\"article:published_time\" content=\"2017-11-22T00:04:51+00:00\" \/>\n<meta property=\"article:modified_time\" content=\"2018-09-19T19:53:16+00:00\" \/>\n<meta property=\"og:image\" content=\"https:\/\/regions-snetap-fsu.fr\/pdl\/wp-content\/uploads\/sites\/4\/2017\/03\/FSU-292x300.jpg\" \/>\n<meta name=\"author\" content=\"yvigner\" \/>\n<meta name=\"twitter:card\" content=\"summary_large_image\" \/>\n<meta name=\"twitter:label1\" content=\"\u00c9crit par\" \/>\n\t<meta name=\"twitter:data1\" content=\"yvigner\" \/>\n\t<meta name=\"twitter:label2\" content=\"Dur\u00e9e de lecture estim\u00e9e\" \/>\n\t<meta name=\"twitter:data2\" content=\"2 minutes\" \/>\n<script type=\"application\/ld+json\" class=\"yoast-schema-graph\">{\"@context\":\"https:\\\/\\\/schema.org\",\"@graph\":[{\"@type\":\"Article\",\"@id\":\"https:\\\/\\\/regions-snetap-fsu.fr\\\/pdl\\\/2017\\\/11\\\/22\\\/la-mobilisation-des-personnels-des-lycees-agricoles-publics-mayennais-permet-une-premiere-victoire-pour-les-agents-en-contrat-aide\\\/#article\",\"isPartOf\":{\"@id\":\"https:\\\/\\\/regions-snetap-fsu.fr\\\/pdl\\\/2017\\\/11\\\/22\\\/la-mobilisation-des-personnels-des-lycees-agricoles-publics-mayennais-permet-une-premiere-victoire-pour-les-agents-en-contrat-aide\\\/\"},\"author\":{\"name\":\"yvigner\",\"@id\":\"https:\\\/\\\/regions-snetap-fsu.fr\\\/pdl\\\/#\\\/schema\\\/person\\\/d4530af043f9e8d27bdd71c468ec93b1\"},\"headline\":\"Lyc\u00e9es agricoles publics mayennais,\u00a0premi\u00e8re victoire pour les agents en contrat aid\u00e9\",\"datePublished\":\"2017-11-22T00:04:51+00:00\",\"dateModified\":\"2018-09-19T19:53:16+00:00\",\"mainEntityOfPage\":{\"@id\":\"https:\\\/\\\/regions-snetap-fsu.fr\\\/pdl\\\/2017\\\/11\\\/22\\\/la-mobilisation-des-personnels-des-lycees-agricoles-publics-mayennais-permet-une-premiere-victoire-pour-les-agents-en-contrat-aide\\\/\"},\"wordCount\":364,\"publisher\":{\"@id\":\"https:\\\/\\\/regions-snetap-fsu.fr\\\/pdl\\\/#organization\"},\"image\":{\"@id\":\"https:\\\/\\\/regions-snetap-fsu.fr\\\/pdl\\\/2017\\\/11\\\/22\\\/la-mobilisation-des-personnels-des-lycees-agricoles-publics-mayennais-permet-une-premiere-victoire-pour-les-agents-en-contrat-aide\\\/#primaryimage\"},\"thumbnailUrl\":\"https:\\\/\\\/regions-snetap-fsu.fr\\\/pdl\\\/wp-content\\\/uploads\\\/sites\\\/4\\\/2017\\\/03\\\/FSU-292x300.jpg\",\"articleSection\":[\"Chateau Gontier\",\"Conseil r\u00e9gional\",\"Laval\"],\"inLanguage\":\"fr-FR\"},{\"@type\":\"WebPage\",\"@id\":\"https:\\\/\\\/regions-snetap-fsu.fr\\\/pdl\\\/2017\\\/11\\\/22\\\/la-mobilisation-des-personnels-des-lycees-agricoles-publics-mayennais-permet-une-premiere-victoire-pour-les-agents-en-contrat-aide\\\/\",\"url\":\"https:\\\/\\\/regions-snetap-fsu.fr\\\/pdl\\\/2017\\\/11\\\/22\\\/la-mobilisation-des-personnels-des-lycees-agricoles-publics-mayennais-permet-une-premiere-victoire-pour-les-agents-en-contrat-aide\\\/\",\"name\":\"Lyc\u00e9es agricoles publics mayennais,\u00a0premi\u00e8re victoire pour les agents en contrat aid\u00e9 - PAYS DE LA LOIRE\",\"isPartOf\":{\"@id\":\"https:\\\/\\\/regions-snetap-fsu.fr\\\/pdl\\\/#website\"},\"primaryImageOfPage\":{\"@id\":\"https:\\\/\\\/regions-snetap-fsu.fr\\\/pdl\\\/2017\\\/11\\\/22\\\/la-mobilisation-des-personnels-des-lycees-agricoles-publics-mayennais-permet-une-premiere-victoire-pour-les-agents-en-contrat-aide\\\/#primaryimage\"},\"image\":{\"@id\":\"https:\\\/\\\/regions-snetap-fsu.fr\\\/pdl\\\/2017\\\/11\\\/22\\\/la-mobilisation-des-personnels-des-lycees-agricoles-publics-mayennais-permet-une-premiere-victoire-pour-les-agents-en-contrat-aide\\\/#primaryimage\"},\"thumbnailUrl\":\"https:\\\/\\\/regions-snetap-fsu.fr\\\/pdl\\\/wp-content\\\/uploads\\\/sites\\\/4\\\/2017\\\/03\\\/FSU-292x300.jpg\",\"datePublished\":\"2017-11-22T00:04:51+00:00\",\"dateModified\":\"2018-09-19T19:53:16+00:00\",\"breadcrumb\":{\"@id\":\"https:\\\/\\\/regions-snetap-fsu.fr\\\/pdl\\\/2017\\\/11\\\/22\\\/la-mobilisation-des-personnels-des-lycees-agricoles-publics-mayennais-permet-une-premiere-victoire-pour-les-agents-en-contrat-aide\\\/#breadcrumb\"},\"inLanguage\":\"fr-FR\",\"potentialAction\":[{\"@type\":\"ReadAction\",\"target\":[\"https:\\\/\\\/regions-snetap-fsu.fr\\\/pdl\\\/2017\\\/11\\\/22\\\/la-mobilisation-des-personnels-des-lycees-agricoles-publics-mayennais-permet-une-premiere-victoire-pour-les-agents-en-contrat-aide\\\/\"]}]},{\"@type\":\"ImageObject\",\"inLanguage\":\"fr-FR\",\"@id\":\"https:\\\/\\\/regions-snetap-fsu.fr\\\/pdl\\\/2017\\\/11\\\/22\\\/la-mobilisation-des-personnels-des-lycees-agricoles-publics-mayennais-permet-une-premiere-victoire-pour-les-agents-en-contrat-aide\\\/#primaryimage\",\"url\":\"https:\\\/\\\/regions-snetap-fsu.fr\\\/pdl\\\/wp-content\\\/uploads\\\/sites\\\/4\\\/2017\\\/03\\\/FSU.jpg\",\"contentUrl\":\"https:\\\/\\\/regions-snetap-fsu.fr\\\/pdl\\\/wp-content\\\/uploads\\\/sites\\\/4\\\/2017\\\/03\\\/FSU.jpg\",\"width\":584,\"height\":600},{\"@type\":\"BreadcrumbList\",\"@id\":\"https:\\\/\\\/regions-snetap-fsu.fr\\\/pdl\\\/2017\\\/11\\\/22\\\/la-mobilisation-des-personnels-des-lycees-agricoles-publics-mayennais-permet-une-premiere-victoire-pour-les-agents-en-contrat-aide\\\/#breadcrumb\",\"itemListElement\":[{\"@type\":\"ListItem\",\"position\":1,\"name\":\"Accueil\",\"item\":\"https:\\\/\\\/regions-snetap-fsu.fr\\\/pdl\\\/\"},{\"@type\":\"ListItem\",\"position\":2,\"name\":\"Lyc\u00e9es agricoles publics mayennais,\u00a0premi\u00e8re victoire pour les agents en contrat aid\u00e9\"}]},{\"@type\":\"WebSite\",\"@id\":\"https:\\\/\\\/regions-snetap-fsu.fr\\\/pdl\\\/#website\",\"url\":\"https:\\\/\\\/regions-snetap-fsu.fr\\\/pdl\\\/\",\"name\":\"SNETAP-FSU PAYS DE LA LOIRE\",\"description\":\"SECTION REGIONALE\",\"publisher\":{\"@id\":\"https:\\\/\\\/regions-snetap-fsu.fr\\\/pdl\\\/#organization\"},\"potentialAction\":[{\"@type\":\"SearchAction\",\"target\":{\"@type\":\"EntryPoint\",\"urlTemplate\":\"https:\\\/\\\/regions-snetap-fsu.fr\\\/pdl\\\/?s={search_term_string}\"},\"query-input\":{\"@type\":\"PropertyValueSpecification\",\"valueRequired\":true,\"valueName\":\"search_term_string\"}}],\"inLanguage\":\"fr-FR\"},{\"@type\":\"Organization\",\"@id\":\"https:\\\/\\\/regions-snetap-fsu.fr\\\/pdl\\\/#organization\",\"name\":\"SNETAP-FSU Pays de Loire\",\"url\":\"https:\\\/\\\/regions-snetap-fsu.fr\\\/pdl\\\/\",\"logo\":{\"@type\":\"ImageObject\",\"inLanguage\":\"fr-FR\",\"@id\":\"https:\\\/\\\/regions-snetap-fsu.fr\\\/pdl\\\/#\\\/schema\\\/logo\\\/image\\\/\",\"url\":\"https:\\\/\\\/regions-snetap-fsu.fr\\\/pdl\\\/wp-content\\\/uploads\\\/sites\\\/4\\\/2020\\\/12\\\/SNETAP-Logo.jpg\",\"contentUrl\":\"https:\\\/\\\/regions-snetap-fsu.fr\\\/pdl\\\/wp-content\\\/uploads\\\/sites\\\/4\\\/2020\\\/12\\\/SNETAP-Logo.jpg\",\"width\":464,\"height\":334,\"caption\":\"SNETAP-FSU Pays de Loire\"},\"image\":{\"@id\":\"https:\\\/\\\/regions-snetap-fsu.fr\\\/pdl\\\/#\\\/schema\\\/logo\\\/image\\\/\"}},{\"@type\":\"Person\",\"@id\":\"https:\\\/\\\/regions-snetap-fsu.fr\\\/pdl\\\/#\\\/schema\\\/person\\\/d4530af043f9e8d27bdd71c468ec93b1\",\"name\":\"yvigner\",\"image\":{\"@type\":\"ImageObject\",\"inLanguage\":\"fr-FR\",\"@id\":\"https:\\\/\\\/secure.gravatar.com\\\/avatar\\\/bc72baa6f2406549aecf77a837bc4f03dbe88472c1762138f868571430a23820?s=96&d=mm&r=g\",\"url\":\"https:\\\/\\\/secure.gravatar.com\\\/avatar\\\/bc72baa6f2406549aecf77a837bc4f03dbe88472c1762138f868571430a23820?s=96&d=mm&r=g\",\"contentUrl\":\"https:\\\/\\\/secure.gravatar.com\\\/avatar\\\/bc72baa6f2406549aecf77a837bc4f03dbe88472c1762138f868571430a23820?s=96&d=mm&r=g\",\"caption\":\"yvigner\"},\"url\":\"https:\\\/\\\/regions-snetap-fsu.fr\\\/pdl\\\/author\\\/yvigner\\\/\"}]}<\/script>\n<!-- \/ Yoast SEO plugin. -->","yoast_head_json":{"title":"Lyc\u00e9es agricoles publics mayennais,\u00a0premi\u00e8re victoire pour les agents en contrat aid\u00e9 - PAYS DE LA LOIRE","robots":{"index":"index","follow":"follow","max-snippet":"max-snippet:-1","max-image-preview":"max-image-preview:large","max-video-preview":"max-video-preview:-1"},"canonical":"https:\/\/regions-snetap-fsu.fr\/pdl\/2017\/11\/22\/la-mobilisation-des-personnels-des-lycees-agricoles-publics-mayennais-permet-une-premiere-victoire-pour-les-agents-en-contrat-aide\/","og_locale":"fr_FR","og_type":"article","og_title":"Lyc\u00e9es agricoles publics mayennais,\u00a0premi\u00e8re victoire pour les agents en contrat aid\u00e9 - PAYS DE LA LOIRE","og_description":"COMMUNIQUE :\u00a0La mobilisation des personnels des lyc\u00e9es agricoles publics mayennais permet une premi\u00e8re victoire pour les agents en contrat aid\u00e9 Une d\u00e9l\u00e9gation des personnels des lyc\u00e9es agricoles de Laval et de Ch\u00e2teau Gontier, port\u00e9e par le SNETAP-FSU, a rencontr\u00e9 aujourd&rsquo;hui, 21 novembre 2017, les services de la Direction des Ressources Humaines du Conseil R\u00e9gional. Cette [&hellip;]","og_url":"https:\/\/regions-snetap-fsu.fr\/pdl\/2017\/11\/22\/la-mobilisation-des-personnels-des-lycees-agricoles-publics-mayennais-permet-une-premiere-victoire-pour-les-agents-en-contrat-aide\/","og_site_name":"PAYS DE LA LOIRE","article_published_time":"2017-11-22T00:04:51+00:00","article_modified_time":"2018-09-19T19:53:16+00:00","og_image":[{"url":"https:\/\/regions-snetap-fsu.fr\/pdl\/wp-content\/uploads\/sites\/4\/2017\/03\/FSU-292x300.jpg","type":"","width":"","height":""}],"author":"yvigner","twitter_card":"summary_large_image","twitter_misc":{"\u00c9crit par":"yvigner","Dur\u00e9e de lecture estim\u00e9e":"2 minutes"},"schema":{"@context":"https:\/\/schema.org","@graph":[{"@type":"Article","@id":"https:\/\/regions-snetap-fsu.fr\/pdl\/2017\/11\/22\/la-mobilisation-des-personnels-des-lycees-agricoles-publics-mayennais-permet-une-premiere-victoire-pour-les-agents-en-contrat-aide\/#article","isPartOf":{"@id":"https:\/\/regions-snetap-fsu.fr\/pdl\/2017\/11\/22\/la-mobilisation-des-personnels-des-lycees-agricoles-publics-mayennais-permet-une-premiere-victoire-pour-les-agents-en-contrat-aide\/"},"author":{"name":"yvigner","@id":"https:\/\/regions-snetap-fsu.fr\/pdl\/#\/schema\/person\/d4530af043f9e8d27bdd71c468ec93b1"},"headline":"Lyc\u00e9es agricoles publics mayennais,\u00a0premi\u00e8re victoire pour les agents en contrat aid\u00e9","datePublished":"2017-11-22T00:04:51+00:00","dateModified":"2018-09-19T19:53:16+00:00","mainEntityOfPage":{"@id":"https:\/\/regions-snetap-fsu.fr\/pdl\/2017\/11\/22\/la-mobilisation-des-personnels-des-lycees-agricoles-publics-mayennais-permet-une-premiere-victoire-pour-les-agents-en-contrat-aide\/"},"wordCount":364,"publisher":{"@id":"https:\/\/regions-snetap-fsu.fr\/pdl\/#organization"},"image":{"@id":"https:\/\/regions-snetap-fsu.fr\/pdl\/2017\/11\/22\/la-mobilisation-des-personnels-des-lycees-agricoles-publics-mayennais-permet-une-premiere-victoire-pour-les-agents-en-contrat-aide\/#primaryimage"},"thumbnailUrl":"https:\/\/regions-snetap-fsu.fr\/pdl\/wp-content\/uploads\/sites\/4\/2017\/03\/FSU-292x300.jpg","articleSection":["Chateau Gontier","Conseil r\u00e9gional","Laval"],"inLanguage":"fr-FR"},{"@type":"WebPage","@id":"https:\/\/regions-snetap-fsu.fr\/pdl\/2017\/11\/22\/la-mobilisation-des-personnels-des-lycees-agricoles-publics-mayennais-permet-une-premiere-victoire-pour-les-agents-en-contrat-aide\/","url":"https:\/\/regions-snetap-fsu.fr\/pdl\/2017\/11\/22\/la-mobilisation-des-personnels-des-lycees-agricoles-publics-mayennais-permet-une-premiere-victoire-pour-les-agents-en-contrat-aide\/","name":"Lyc\u00e9es agricoles publics mayennais,\u00a0premi\u00e8re victoire pour les agents en contrat aid\u00e9 - PAYS DE LA LOIRE","isPartOf":{"@id":"https:\/\/regions-snetap-fsu.fr\/pdl\/#website"},"primaryImageOfPage":{"@id":"https:\/\/regions-snetap-fsu.fr\/pdl\/2017\/11\/22\/la-mobilisation-des-personnels-des-lycees-agricoles-publics-mayennais-permet-une-premiere-victoire-pour-les-agents-en-contrat-aide\/#primaryimage"},"image":{"@id":"https:\/\/regions-snetap-fsu.fr\/pdl\/2017\/11\/22\/la-mobilisation-des-personnels-des-lycees-agricoles-publics-mayennais-permet-une-premiere-victoire-pour-les-agents-en-contrat-aide\/#primaryimage"},"thumbnailUrl":"https:\/\/regions-snetap-fsu.fr\/pdl\/wp-content\/uploads\/sites\/4\/2017\/03\/FSU-292x300.jpg","datePublished":"2017-11-22T00:04:51+00:00","dateModified":"2018-09-19T19:53:16+00:00","breadcrumb":{"@id":"https:\/\/regions-snetap-fsu.fr\/pdl\/2017\/11\/22\/la-mobilisation-des-personnels-des-lycees-agricoles-publics-mayennais-permet-une-premiere-victoire-pour-les-agents-en-contrat-aide\/#breadcrumb"},"inLanguage":"fr-FR","potentialAction":[{"@type":"ReadAction","target":["https:\/\/regions-snetap-fsu.fr\/pdl\/2017\/11\/22\/la-mobilisation-des-personnels-des-lycees-agricoles-publics-mayennais-permet-une-premiere-victoire-pour-les-agents-en-contrat-aide\/"]}]},{"@type":"ImageObject","inLanguage":"fr-FR","@id":"https:\/\/regions-snetap-fsu.fr\/pdl\/2017\/11\/22\/la-mobilisation-des-personnels-des-lycees-agricoles-publics-mayennais-permet-une-premiere-victoire-pour-les-agents-en-contrat-aide\/#primaryimage","url":"https:\/\/regions-snetap-fsu.fr\/pdl\/wp-content\/uploads\/sites\/4\/2017\/03\/FSU.jpg","contentUrl":"https:\/\/regions-snetap-fsu.fr\/pdl\/wp-content\/uploads\/sites\/4\/2017\/03\/FSU.jpg","width":584,"height":600},{"@type":"BreadcrumbList","@id":"https:\/\/regions-snetap-fsu.fr\/pdl\/2017\/11\/22\/la-mobilisation-des-personnels-des-lycees-agricoles-publics-mayennais-permet-une-premiere-victoire-pour-les-agents-en-contrat-aide\/#breadcrumb","itemListElement":[{"@type":"ListItem","position":1,"name":"Accueil","item":"https:\/\/regions-snetap-fsu.fr\/pdl\/"},{"@type":"ListItem","position":2,"name":"Lyc\u00e9es agricoles publics mayennais,\u00a0premi\u00e8re victoire pour les agents en contrat aid\u00e9"}]},{"@type":"WebSite","@id":"https:\/\/regions-snetap-fsu.fr\/pdl\/#website","url":"https:\/\/regions-snetap-fsu.fr\/pdl\/","name":"SNETAP-FSU PAYS DE LA LOIRE","description":"SECTION REGIONALE","publisher":{"@id":"https:\/\/regions-snetap-fsu.fr\/pdl\/#organization"},"potentialAction":[{"@type":"SearchAction","target":{"@type":"EntryPoint","urlTemplate":"https:\/\/regions-snetap-fsu.fr\/pdl\/?s={search_term_string}"},"query-input":{"@type":"PropertyValueSpecification","valueRequired":true,"valueName":"search_term_string"}}],"inLanguage":"fr-FR"},{"@type":"Organization","@id":"https:\/\/regions-snetap-fsu.fr\/pdl\/#organization","name":"SNETAP-FSU Pays de Loire","url":"https:\/\/regions-snetap-fsu.fr\/pdl\/","logo":{"@type":"ImageObject","inLanguage":"fr-FR","@id":"https:\/\/regions-snetap-fsu.fr\/pdl\/#\/schema\/logo\/image\/","url":"https:\/\/regions-snetap-fsu.fr\/pdl\/wp-content\/uploads\/sites\/4\/2020\/12\/SNETAP-Logo.jpg","contentUrl":"https:\/\/regions-snetap-fsu.fr\/pdl\/wp-content\/uploads\/sites\/4\/2020\/12\/SNETAP-Logo.jpg","width":464,"height":334,"caption":"SNETAP-FSU Pays de Loire"},"image":{"@id":"https:\/\/regions-snetap-fsu.fr\/pdl\/#\/schema\/logo\/image\/"}},{"@type":"Person","@id":"https:\/\/regions-snetap-fsu.fr\/pdl\/#\/schema\/person\/d4530af043f9e8d27bdd71c468ec93b1","name":"yvigner","image":{"@type":"ImageObject","inLanguage":"fr-FR","@id":"https:\/\/secure.gravatar.com\/avatar\/bc72baa6f2406549aecf77a837bc4f03dbe88472c1762138f868571430a23820?s=96&d=mm&r=g","url":"https:\/\/secure.gravatar.com\/avatar\/bc72baa6f2406549aecf77a837bc4f03dbe88472c1762138f868571430a23820?s=96&d=mm&r=g","contentUrl":"https:\/\/secure.gravatar.com\/avatar\/bc72baa6f2406549aecf77a837bc4f03dbe88472c1762138f868571430a23820?s=96&d=mm&r=g","caption":"yvigner"},"url":"https:\/\/regions-snetap-fsu.fr\/pdl\/author\/yvigner\/"}]}},"_links":{"self":[{"href":"https:\/\/regions-snetap-fsu.fr\/pdl\/wp-json\/wp\/v2\/posts\/753","targetHints":{"allow":["GET"]}}],"collection":[{"href":"https:\/\/regions-snetap-fsu.fr\/pdl\/wp-json\/wp\/v2\/posts"}],"about":[{"href":"https:\/\/regions-snetap-fsu.fr\/pdl\/wp-json\/wp\/v2\/types\/post"}],"author":[{"embeddable":true,"href":"https:\/\/regions-snetap-fsu.fr\/pdl\/wp-json\/wp\/v2\/users\/2"}],"replies":[{"embeddable":true,"href":"https:\/\/regions-snetap-fsu.fr\/pdl\/wp-json\/wp\/v2\/comments?post=753"}],"version-history":[{"count":1,"href":"https:\/\/regions-snetap-fsu.fr\/pdl\/wp-json\/wp\/v2\/posts\/753\/revisions"}],"predecessor-version":[{"id":2731,"href":"https:\/\/regions-snetap-fsu.fr\/pdl\/wp-json\/wp\/v2\/posts\/753\/revisions\/2731"}],"wp:attachment":[{"href":"https:\/\/regions-snetap-fsu.fr\/pdl\/wp-json\/wp\/v2\/media?parent=753"}],"wp:term":[{"taxonomy":"category","embeddable":true,"href":"https:\/\/regions-snetap-fsu.fr\/pdl\/wp-json\/wp\/v2\/categories?post=753"},{"taxonomy":"post_tag","embeddable":true,"href":"https:\/\/regions-snetap-fsu.fr\/pdl\/wp-json\/wp\/v2\/tags?post=753"},{"taxonomy":"post_folder","embeddable":true,"href":"https:\/\/regions-snetap-fsu.fr\/pdl\/wp-json\/wp\/v2\/post_folder?post=753"}],"curies":[{"name":"wp","href":"https:\/\/api.w.org\/{rel}","templated":true}]}}