{"id":732,"date":"2017-11-15T00:54:01","date_gmt":"2017-11-14T23:54:01","guid":{"rendered":"http:\/\/snetap-fsu.fr\/comp\/pdl\/?p=732"},"modified":"2017-11-15T00:54:01","modified_gmt":"2017-11-14T23:54:01","slug":"non-a-la-casse-sociale-non-aux-suppressions-des-postes","status":"publish","type":"post","link":"https:\/\/regions-snetap-fsu.fr\/pdl\/2017\/11\/15\/non-a-la-casse-sociale-non-aux-suppressions-des-postes\/","title":{"rendered":"NON \u00e0 la casse sociale. NON aux suppressions des postes !"},"content":{"rendered":"<h3>NON \u00e0 la casse sociale. NON aux suppressions des postes !<\/h3>\n<h3>Pr\u00e9avis de gr\u00e8ve d\u00e9pos\u00e9 ce jour pour les personnels du Conseil R\u00e9gional<\/h3>\n<p class=\"western\"><span style=\"font-family: Arial, sans-serif\"><span style=\"font-size: small\">Nantes, le 14 novembre 2017<\/span><\/span><\/p>\n<p class=\"western\" align=\"right\"><span style=\"font-family: Arial, sans-serif\"><span style=\"font-size: small\">A Madame C.MORAN\u00e7AIS <\/span><\/span><\/p>\n<p class=\"western\" align=\"right\"><span style=\"font-family: Arial, sans-serif\"><span style=\"font-size: small\">Pr\u00e9sidente du Conseil R\u00e9gional Conseil R\u00e9gional <\/span><\/span><\/p>\n<p class=\"western\" align=\"right\"><span style=\"font-family: Arial, sans-serif\"><span style=\"font-size: small\">1 Rue de la Loire <\/span><\/span><\/p>\n<p class=\"western\" align=\"right\"><span style=\"font-family: Arial, sans-serif\"><span style=\"font-size: small\">44966 NANTES CEDEX 9 <\/span><\/span><\/p>\n<p class=\"western\"><span style=\"font-family: Arial, sans-serif\"><span style=\"font-size: small\">Objet : d\u00e9p\u00f4t d\u2019un pr\u00e9avis de gr\u00e8ve pour le 24 novembre 2017 dans les lyc\u00e9es agricoles de Laval et de Chateau Gontier (LPA du Haut Anjou) <\/span><\/span><\/p>\n<p class=\"western\"><span style=\"font-family: Arial, sans-serif\"><span style=\"font-size: small\">Madame la Pr\u00e9sidente du Conseil R\u00e9gional, <\/span><\/span><\/p>\n<p class=\"western\" align=\"justify\"><span style=\"font-family: Arial, sans-serif\"><span style=\"font-size: small\">Par la pr\u00e9sente, la FSU d\u00e9pose, \u00e0 la demande des Agents R\u00e9gionaux des lyc\u00e9es agricoles de Laval et de Chateau Gontier (LPA du Haut Anjou), un pr\u00e9avis de gr\u00e8ve pour le 24 novembre 2017. <\/span><\/span><\/p>\n<p class=\"western\" align=\"justify\"><span style=\"font-family: Arial, sans-serif\"><span style=\"font-size: small\">En effet, les deux \u00e9tablissements subissent et vont subir du fait de la r\u00e9duction drastique du nombre de contrats aid\u00e9s une suppression consid\u00e9rable de postes. Dans des \u00e9tablissements aux dotations en personnels d\u00e9j\u00e0 fragilis\u00e9es, insuffisantes (du dire m\u00eame de vos services), le non renouvellement des contrats de ces agents va entra\u00eener des difficult\u00e9s majeures. Pensez, par exemple, que le service m\u00e9nage de l&rsquo;EPLEFPA de Laval sera amput\u00e9 de 50\u00a0% de ces agents. <\/span><\/span><\/p>\n<p class=\"western\" align=\"justify\"><span style=\"font-family: Arial, sans-serif\"><span style=\"font-size: small\">Pour les 12 agents concern\u00e9s, nous demandons leur maintien en poste en situation de contractuel du Conseil r\u00e9gional. Par respect pour ces agents, du fait de leurs comp\u00e9tences, de leur situation personnelle, il est indispensable que la collectivit\u00e9 les maintienne dans l&#8217;emploi.<\/span><\/span><\/p>\n<p class=\"western\" align=\"justify\"><span style=\"font-family: Arial, sans-serif\"><span style=\"font-size: small\">Pour les services accueil, maintenance, m\u00e9nage et restauration des \u00e9tablissements, la pr\u00e9sence de ces agents est indispensable afin que le service puisse \u00eatre rendu aux usagers, afin que le Service Public continue de fonctionner. <\/span><\/span><\/p>\n<p class=\"western\" align=\"justify\"><span style=\"font-family: Arial, sans-serif\"><span style=\"font-size: small\">Nous demandons, enfin, une r\u00e9\u00e9valuation des dotations en personnel des deux \u00e9tablissements. <\/span><\/span><\/p>\n<p class=\"western\" align=\"justify\"><span style=\"font-family: Arial, sans-serif\"><span style=\"font-size: small\">Madame la Pr\u00e9sidente du Conseil R\u00e9gional, vous l\u2019aurez compris, la FSU demande votre arbitrage afin que la situation des 12 personnes concern\u00e9es puissent rapidement trouver une solution, afin que la mission de Service Public des agents r\u00e9gionaux des lyc\u00e9es puisse \u00eatre assur\u00e9e dans de bonnes conditions, afin que les dotations des \u00e9tablissements en personnels soient r\u00e9\u00e9valu\u00e9es. <\/span><\/span><\/p>\n<p class=\"western\"><span style=\"font-family: Arial, sans-serif\"><span style=\"font-size: small\">Dans l\u2019attente, veuillez agr\u00e9er, Madame la Pr\u00e9sidente du Conseil R\u00e9gional, l\u2019expression de nos salutations distingu\u00e9es. <\/span><\/span><\/p>\n<p class=\"western\" align=\"right\"><span style=\"font-family: Arial, sans-serif\"><span style=\"font-size: small\"><b>Pour le Bureau F\u00e9d\u00e9ral de la FSU, <\/b><\/span><\/span><\/p>\n<p class=\"western\" align=\"right\"><span style=\"font-family: Arial, sans-serif\"><span style=\"font-size: small\">Yoann VIGNER <\/span><\/span><\/p>\n","protected":false},"excerpt":{"rendered":"<p>NON \u00e0 la casse sociale. NON aux suppressions des postes ! Pr\u00e9avis de gr\u00e8ve d\u00e9pos\u00e9 ce jour pour les personnels du Conseil R\u00e9gional Nantes, le 14 novembre 2017 A Madame C.MORAN\u00e7AIS Pr\u00e9sidente du Conseil R\u00e9gional Conseil R\u00e9gional 1 Rue de la Loire 44966 NANTES CEDEX 9 Objet : d\u00e9p\u00f4t d\u2019un pr\u00e9avis de gr\u00e8ve pour le [&hellip;]<\/p>\n","protected":false},"author":2,"featured_media":0,"comment_status":"closed","ping_status":"closed","sticky":false,"template":"","format":"standard","meta":{"ocean_post_layout":"","ocean_both_sidebars_style":"","ocean_both_sidebars_content_width":0,"ocean_both_sidebars_sidebars_width":0,"ocean_sidebar":"","ocean_second_sidebar":"","ocean_disable_margins":"enable","ocean_add_body_class":"","ocean_shortcode_before_top_bar":"","ocean_shortcode_after_top_bar":"","ocean_shortcode_before_header":"","ocean_shortcode_after_header":"","ocean_has_shortcode":"","ocean_shortcode_after_title":"","ocean_shortcode_before_footer_widgets":"","ocean_shortcode_after_footer_widgets":"","ocean_shortcode_before_footer_bottom":"","ocean_shortcode_after_footer_bottom":"","ocean_display_top_bar":"default","ocean_display_header":"default","ocean_header_style":"","ocean_center_header_left_menu":"","ocean_custom_header_template":"","ocean_custom_logo":0,"ocean_custom_retina_logo":0,"ocean_custom_logo_max_width":0,"ocean_custom_logo_tablet_max_width":0,"ocean_custom_logo_mobile_max_width":0,"ocean_custom_logo_max_height":0,"ocean_custom_logo_tablet_max_height":0,"ocean_custom_logo_mobile_max_height":0,"ocean_header_custom_menu":"","ocean_menu_typo_font_family":"","ocean_menu_typo_font_subset":"","ocean_menu_typo_font_size":0,"ocean_menu_typo_font_size_tablet":0,"ocean_menu_typo_font_size_mobile":0,"ocean_menu_typo_font_size_unit":"px","ocean_menu_typo_font_weight":"","ocean_menu_typo_font_weight_tablet":"","ocean_menu_typo_font_weight_mobile":"","ocean_menu_typo_transform":"","ocean_menu_typo_transform_tablet":"","ocean_menu_typo_transform_mobile":"","ocean_menu_typo_line_height":0,"ocean_menu_typo_line_height_tablet":0,"ocean_menu_typo_line_height_mobile":0,"ocean_menu_typo_line_height_unit":"","ocean_menu_typo_spacing":0,"ocean_menu_typo_spacing_tablet":0,"ocean_menu_typo_spacing_mobile":0,"ocean_menu_typo_spacing_unit":"","ocean_menu_link_color":"","ocean_menu_link_color_hover":"","ocean_menu_link_color_active":"","ocean_menu_link_background":"","ocean_menu_link_hover_background":"","ocean_menu_link_active_background":"","ocean_menu_social_links_bg":"","ocean_menu_social_hover_links_bg":"","ocean_menu_social_links_color":"","ocean_menu_social_hover_links_color":"","ocean_disable_title":"default","ocean_disable_heading":"default","ocean_post_title":"","ocean_post_subheading":"","ocean_post_title_style":"","ocean_post_title_background_color":"","ocean_post_title_background":0,"ocean_post_title_bg_image_position":"","ocean_post_title_bg_image_attachment":"","ocean_post_title_bg_image_repeat":"","ocean_post_title_bg_image_size":"","ocean_post_title_height":0,"ocean_post_title_bg_overlay":0.5,"ocean_post_title_bg_overlay_color":"","ocean_disable_breadcrumbs":"default","ocean_breadcrumbs_color":"","ocean_breadcrumbs_separator_color":"","ocean_breadcrumbs_links_color":"","ocean_breadcrumbs_links_hover_color":"","ocean_display_footer_widgets":"default","ocean_display_footer_bottom":"default","ocean_custom_footer_template":"","ocean_post_oembed":"","ocean_post_self_hosted_media":"","ocean_post_video_embed":"","ocean_link_format":"","ocean_link_format_target":"self","ocean_quote_format":"","ocean_quote_format_link":"post","ocean_gallery_link_images":"on","ocean_gallery_id":[],"footnotes":""},"categories":[6],"tags":[],"post_folder":[],"class_list":["post-732","post","type-post","status-publish","format-standard","hentry","category-courriers-de-la-section-regionale","entry"],"yoast_head":"<!-- This site is optimized with the Yoast SEO plugin v27.4 - https:\/\/yoast.com\/product\/yoast-seo-wordpress\/ -->\n<title>NON \u00e0 la casse sociale. NON aux suppressions des postes ! - PAYS DE LA LOIRE<\/title>\n<meta name=\"robots\" content=\"index, follow, max-snippet:-1, max-image-preview:large, max-video-preview:-1\" \/>\n<link rel=\"canonical\" href=\"https:\/\/regions-snetap-fsu.fr\/pdl\/2017\/11\/15\/non-a-la-casse-sociale-non-aux-suppressions-des-postes\/\" \/>\n<meta property=\"og:locale\" content=\"fr_FR\" \/>\n<meta property=\"og:type\" content=\"article\" \/>\n<meta property=\"og:title\" content=\"NON \u00e0 la casse sociale. NON aux suppressions des postes ! - PAYS DE LA LOIRE\" \/>\n<meta property=\"og:description\" content=\"NON \u00e0 la casse sociale. NON aux suppressions des postes ! Pr\u00e9avis de gr\u00e8ve d\u00e9pos\u00e9 ce jour pour les personnels du Conseil R\u00e9gional Nantes, le 14 novembre 2017 A Madame C.MORAN\u00e7AIS Pr\u00e9sidente du Conseil R\u00e9gional Conseil R\u00e9gional 1 Rue de la Loire 44966 NANTES CEDEX 9 Objet : d\u00e9p\u00f4t d\u2019un pr\u00e9avis de gr\u00e8ve pour le [&hellip;]\" \/>\n<meta property=\"og:url\" content=\"https:\/\/regions-snetap-fsu.fr\/pdl\/2017\/11\/15\/non-a-la-casse-sociale-non-aux-suppressions-des-postes\/\" \/>\n<meta property=\"og:site_name\" content=\"PAYS DE LA LOIRE\" \/>\n<meta property=\"article:published_time\" content=\"2017-11-14T23:54:01+00:00\" \/>\n<meta name=\"author\" content=\"yvigner\" \/>\n<meta name=\"twitter:card\" content=\"summary_large_image\" \/>\n<meta name=\"twitter:label1\" content=\"\u00c9crit par\" \/>\n\t<meta name=\"twitter:data1\" content=\"yvigner\" \/>\n\t<meta name=\"twitter:label2\" content=\"Dur\u00e9e de lecture estim\u00e9e\" \/>\n\t<meta name=\"twitter:data2\" content=\"2 minutes\" \/>\n<script type=\"application\/ld+json\" class=\"yoast-schema-graph\">{\"@context\":\"https:\\\/\\\/schema.org\",\"@graph\":[{\"@type\":\"Article\",\"@id\":\"https:\\\/\\\/regions-snetap-fsu.fr\\\/pdl\\\/2017\\\/11\\\/15\\\/non-a-la-casse-sociale-non-aux-suppressions-des-postes\\\/#article\",\"isPartOf\":{\"@id\":\"https:\\\/\\\/regions-snetap-fsu.fr\\\/pdl\\\/2017\\\/11\\\/15\\\/non-a-la-casse-sociale-non-aux-suppressions-des-postes\\\/\"},\"author\":{\"name\":\"yvigner\",\"@id\":\"https:\\\/\\\/regions-snetap-fsu.fr\\\/pdl\\\/#\\\/schema\\\/person\\\/d4530af043f9e8d27bdd71c468ec93b1\"},\"headline\":\"NON \u00e0 la casse sociale. NON aux suppressions des postes !\",\"datePublished\":\"2017-11-14T23:54:01+00:00\",\"mainEntityOfPage\":{\"@id\":\"https:\\\/\\\/regions-snetap-fsu.fr\\\/pdl\\\/2017\\\/11\\\/15\\\/non-a-la-casse-sociale-non-aux-suppressions-des-postes\\\/\"},\"wordCount\":402,\"publisher\":{\"@id\":\"https:\\\/\\\/regions-snetap-fsu.fr\\\/pdl\\\/#organization\"},\"articleSection\":[\"Courriers de la section r\u00e9gionale\"],\"inLanguage\":\"fr-FR\"},{\"@type\":\"WebPage\",\"@id\":\"https:\\\/\\\/regions-snetap-fsu.fr\\\/pdl\\\/2017\\\/11\\\/15\\\/non-a-la-casse-sociale-non-aux-suppressions-des-postes\\\/\",\"url\":\"https:\\\/\\\/regions-snetap-fsu.fr\\\/pdl\\\/2017\\\/11\\\/15\\\/non-a-la-casse-sociale-non-aux-suppressions-des-postes\\\/\",\"name\":\"NON \u00e0 la casse sociale. NON aux suppressions des postes ! - PAYS DE LA LOIRE\",\"isPartOf\":{\"@id\":\"https:\\\/\\\/regions-snetap-fsu.fr\\\/pdl\\\/#website\"},\"datePublished\":\"2017-11-14T23:54:01+00:00\",\"breadcrumb\":{\"@id\":\"https:\\\/\\\/regions-snetap-fsu.fr\\\/pdl\\\/2017\\\/11\\\/15\\\/non-a-la-casse-sociale-non-aux-suppressions-des-postes\\\/#breadcrumb\"},\"inLanguage\":\"fr-FR\",\"potentialAction\":[{\"@type\":\"ReadAction\",\"target\":[\"https:\\\/\\\/regions-snetap-fsu.fr\\\/pdl\\\/2017\\\/11\\\/15\\\/non-a-la-casse-sociale-non-aux-suppressions-des-postes\\\/\"]}]},{\"@type\":\"BreadcrumbList\",\"@id\":\"https:\\\/\\\/regions-snetap-fsu.fr\\\/pdl\\\/2017\\\/11\\\/15\\\/non-a-la-casse-sociale-non-aux-suppressions-des-postes\\\/#breadcrumb\",\"itemListElement\":[{\"@type\":\"ListItem\",\"position\":1,\"name\":\"Accueil\",\"item\":\"https:\\\/\\\/regions-snetap-fsu.fr\\\/pdl\\\/\"},{\"@type\":\"ListItem\",\"position\":2,\"name\":\"NON \u00e0 la casse sociale. NON aux suppressions des postes !\"}]},{\"@type\":\"WebSite\",\"@id\":\"https:\\\/\\\/regions-snetap-fsu.fr\\\/pdl\\\/#website\",\"url\":\"https:\\\/\\\/regions-snetap-fsu.fr\\\/pdl\\\/\",\"name\":\"SNETAP-FSU PAYS DE LA LOIRE\",\"description\":\"SECTION REGIONALE\",\"publisher\":{\"@id\":\"https:\\\/\\\/regions-snetap-fsu.fr\\\/pdl\\\/#organization\"},\"potentialAction\":[{\"@type\":\"SearchAction\",\"target\":{\"@type\":\"EntryPoint\",\"urlTemplate\":\"https:\\\/\\\/regions-snetap-fsu.fr\\\/pdl\\\/?s={search_term_string}\"},\"query-input\":{\"@type\":\"PropertyValueSpecification\",\"valueRequired\":true,\"valueName\":\"search_term_string\"}}],\"inLanguage\":\"fr-FR\"},{\"@type\":\"Organization\",\"@id\":\"https:\\\/\\\/regions-snetap-fsu.fr\\\/pdl\\\/#organization\",\"name\":\"SNETAP-FSU Pays de Loire\",\"url\":\"https:\\\/\\\/regions-snetap-fsu.fr\\\/pdl\\\/\",\"logo\":{\"@type\":\"ImageObject\",\"inLanguage\":\"fr-FR\",\"@id\":\"https:\\\/\\\/regions-snetap-fsu.fr\\\/pdl\\\/#\\\/schema\\\/logo\\\/image\\\/\",\"url\":\"https:\\\/\\\/regions-snetap-fsu.fr\\\/pdl\\\/wp-content\\\/uploads\\\/sites\\\/4\\\/2020\\\/12\\\/SNETAP-Logo.jpg\",\"contentUrl\":\"https:\\\/\\\/regions-snetap-fsu.fr\\\/pdl\\\/wp-content\\\/uploads\\\/sites\\\/4\\\/2020\\\/12\\\/SNETAP-Logo.jpg\",\"width\":464,\"height\":334,\"caption\":\"SNETAP-FSU Pays de Loire\"},\"image\":{\"@id\":\"https:\\\/\\\/regions-snetap-fsu.fr\\\/pdl\\\/#\\\/schema\\\/logo\\\/image\\\/\"}},{\"@type\":\"Person\",\"@id\":\"https:\\\/\\\/regions-snetap-fsu.fr\\\/pdl\\\/#\\\/schema\\\/person\\\/d4530af043f9e8d27bdd71c468ec93b1\",\"name\":\"yvigner\",\"image\":{\"@type\":\"ImageObject\",\"inLanguage\":\"fr-FR\",\"@id\":\"https:\\\/\\\/secure.gravatar.com\\\/avatar\\\/bc72baa6f2406549aecf77a837bc4f03dbe88472c1762138f868571430a23820?s=96&d=mm&r=g\",\"url\":\"https:\\\/\\\/secure.gravatar.com\\\/avatar\\\/bc72baa6f2406549aecf77a837bc4f03dbe88472c1762138f868571430a23820?s=96&d=mm&r=g\",\"contentUrl\":\"https:\\\/\\\/secure.gravatar.com\\\/avatar\\\/bc72baa6f2406549aecf77a837bc4f03dbe88472c1762138f868571430a23820?s=96&d=mm&r=g\",\"caption\":\"yvigner\"},\"url\":\"https:\\\/\\\/regions-snetap-fsu.fr\\\/pdl\\\/author\\\/yvigner\\\/\"}]}<\/script>\n<!-- \/ Yoast SEO plugin. -->","yoast_head_json":{"title":"NON \u00e0 la casse sociale. NON aux suppressions des postes ! - PAYS DE LA LOIRE","robots":{"index":"index","follow":"follow","max-snippet":"max-snippet:-1","max-image-preview":"max-image-preview:large","max-video-preview":"max-video-preview:-1"},"canonical":"https:\/\/regions-snetap-fsu.fr\/pdl\/2017\/11\/15\/non-a-la-casse-sociale-non-aux-suppressions-des-postes\/","og_locale":"fr_FR","og_type":"article","og_title":"NON \u00e0 la casse sociale. NON aux suppressions des postes ! - PAYS DE LA LOIRE","og_description":"NON \u00e0 la casse sociale. NON aux suppressions des postes ! Pr\u00e9avis de gr\u00e8ve d\u00e9pos\u00e9 ce jour pour les personnels du Conseil R\u00e9gional Nantes, le 14 novembre 2017 A Madame C.MORAN\u00e7AIS Pr\u00e9sidente du Conseil R\u00e9gional Conseil R\u00e9gional 1 Rue de la Loire 44966 NANTES CEDEX 9 Objet : d\u00e9p\u00f4t d\u2019un pr\u00e9avis de gr\u00e8ve pour le [&hellip;]","og_url":"https:\/\/regions-snetap-fsu.fr\/pdl\/2017\/11\/15\/non-a-la-casse-sociale-non-aux-suppressions-des-postes\/","og_site_name":"PAYS DE LA LOIRE","article_published_time":"2017-11-14T23:54:01+00:00","author":"yvigner","twitter_card":"summary_large_image","twitter_misc":{"\u00c9crit par":"yvigner","Dur\u00e9e de lecture estim\u00e9e":"2 minutes"},"schema":{"@context":"https:\/\/schema.org","@graph":[{"@type":"Article","@id":"https:\/\/regions-snetap-fsu.fr\/pdl\/2017\/11\/15\/non-a-la-casse-sociale-non-aux-suppressions-des-postes\/#article","isPartOf":{"@id":"https:\/\/regions-snetap-fsu.fr\/pdl\/2017\/11\/15\/non-a-la-casse-sociale-non-aux-suppressions-des-postes\/"},"author":{"name":"yvigner","@id":"https:\/\/regions-snetap-fsu.fr\/pdl\/#\/schema\/person\/d4530af043f9e8d27bdd71c468ec93b1"},"headline":"NON \u00e0 la casse sociale. NON aux suppressions des postes !","datePublished":"2017-11-14T23:54:01+00:00","mainEntityOfPage":{"@id":"https:\/\/regions-snetap-fsu.fr\/pdl\/2017\/11\/15\/non-a-la-casse-sociale-non-aux-suppressions-des-postes\/"},"wordCount":402,"publisher":{"@id":"https:\/\/regions-snetap-fsu.fr\/pdl\/#organization"},"articleSection":["Courriers de la section r\u00e9gionale"],"inLanguage":"fr-FR"},{"@type":"WebPage","@id":"https:\/\/regions-snetap-fsu.fr\/pdl\/2017\/11\/15\/non-a-la-casse-sociale-non-aux-suppressions-des-postes\/","url":"https:\/\/regions-snetap-fsu.fr\/pdl\/2017\/11\/15\/non-a-la-casse-sociale-non-aux-suppressions-des-postes\/","name":"NON \u00e0 la casse sociale. NON aux suppressions des postes ! - PAYS DE LA LOIRE","isPartOf":{"@id":"https:\/\/regions-snetap-fsu.fr\/pdl\/#website"},"datePublished":"2017-11-14T23:54:01+00:00","breadcrumb":{"@id":"https:\/\/regions-snetap-fsu.fr\/pdl\/2017\/11\/15\/non-a-la-casse-sociale-non-aux-suppressions-des-postes\/#breadcrumb"},"inLanguage":"fr-FR","potentialAction":[{"@type":"ReadAction","target":["https:\/\/regions-snetap-fsu.fr\/pdl\/2017\/11\/15\/non-a-la-casse-sociale-non-aux-suppressions-des-postes\/"]}]},{"@type":"BreadcrumbList","@id":"https:\/\/regions-snetap-fsu.fr\/pdl\/2017\/11\/15\/non-a-la-casse-sociale-non-aux-suppressions-des-postes\/#breadcrumb","itemListElement":[{"@type":"ListItem","position":1,"name":"Accueil","item":"https:\/\/regions-snetap-fsu.fr\/pdl\/"},{"@type":"ListItem","position":2,"name":"NON \u00e0 la casse sociale. NON aux suppressions des postes !"}]},{"@type":"WebSite","@id":"https:\/\/regions-snetap-fsu.fr\/pdl\/#website","url":"https:\/\/regions-snetap-fsu.fr\/pdl\/","name":"SNETAP-FSU PAYS DE LA LOIRE","description":"SECTION REGIONALE","publisher":{"@id":"https:\/\/regions-snetap-fsu.fr\/pdl\/#organization"},"potentialAction":[{"@type":"SearchAction","target":{"@type":"EntryPoint","urlTemplate":"https:\/\/regions-snetap-fsu.fr\/pdl\/?s={search_term_string}"},"query-input":{"@type":"PropertyValueSpecification","valueRequired":true,"valueName":"search_term_string"}}],"inLanguage":"fr-FR"},{"@type":"Organization","@id":"https:\/\/regions-snetap-fsu.fr\/pdl\/#organization","name":"SNETAP-FSU Pays de Loire","url":"https:\/\/regions-snetap-fsu.fr\/pdl\/","logo":{"@type":"ImageObject","inLanguage":"fr-FR","@id":"https:\/\/regions-snetap-fsu.fr\/pdl\/#\/schema\/logo\/image\/","url":"https:\/\/regions-snetap-fsu.fr\/pdl\/wp-content\/uploads\/sites\/4\/2020\/12\/SNETAP-Logo.jpg","contentUrl":"https:\/\/regions-snetap-fsu.fr\/pdl\/wp-content\/uploads\/sites\/4\/2020\/12\/SNETAP-Logo.jpg","width":464,"height":334,"caption":"SNETAP-FSU Pays de Loire"},"image":{"@id":"https:\/\/regions-snetap-fsu.fr\/pdl\/#\/schema\/logo\/image\/"}},{"@type":"Person","@id":"https:\/\/regions-snetap-fsu.fr\/pdl\/#\/schema\/person\/d4530af043f9e8d27bdd71c468ec93b1","name":"yvigner","image":{"@type":"ImageObject","inLanguage":"fr-FR","@id":"https:\/\/secure.gravatar.com\/avatar\/bc72baa6f2406549aecf77a837bc4f03dbe88472c1762138f868571430a23820?s=96&d=mm&r=g","url":"https:\/\/secure.gravatar.com\/avatar\/bc72baa6f2406549aecf77a837bc4f03dbe88472c1762138f868571430a23820?s=96&d=mm&r=g","contentUrl":"https:\/\/secure.gravatar.com\/avatar\/bc72baa6f2406549aecf77a837bc4f03dbe88472c1762138f868571430a23820?s=96&d=mm&r=g","caption":"yvigner"},"url":"https:\/\/regions-snetap-fsu.fr\/pdl\/author\/yvigner\/"}]}},"_links":{"self":[{"href":"https:\/\/regions-snetap-fsu.fr\/pdl\/wp-json\/wp\/v2\/posts\/732","targetHints":{"allow":["GET"]}}],"collection":[{"href":"https:\/\/regions-snetap-fsu.fr\/pdl\/wp-json\/wp\/v2\/posts"}],"about":[{"href":"https:\/\/regions-snetap-fsu.fr\/pdl\/wp-json\/wp\/v2\/types\/post"}],"author":[{"embeddable":true,"href":"https:\/\/regions-snetap-fsu.fr\/pdl\/wp-json\/wp\/v2\/users\/2"}],"replies":[{"embeddable":true,"href":"https:\/\/regions-snetap-fsu.fr\/pdl\/wp-json\/wp\/v2\/comments?post=732"}],"version-history":[{"count":0,"href":"https:\/\/regions-snetap-fsu.fr\/pdl\/wp-json\/wp\/v2\/posts\/732\/revisions"}],"wp:attachment":[{"href":"https:\/\/regions-snetap-fsu.fr\/pdl\/wp-json\/wp\/v2\/media?parent=732"}],"wp:term":[{"taxonomy":"category","embeddable":true,"href":"https:\/\/regions-snetap-fsu.fr\/pdl\/wp-json\/wp\/v2\/categories?post=732"},{"taxonomy":"post_tag","embeddable":true,"href":"https:\/\/regions-snetap-fsu.fr\/pdl\/wp-json\/wp\/v2\/tags?post=732"},{"taxonomy":"post_folder","embeddable":true,"href":"https:\/\/regions-snetap-fsu.fr\/pdl\/wp-json\/wp\/v2\/post_folder?post=732"}],"curies":[{"name":"wp","href":"https:\/\/api.w.org\/{rel}","templated":true}]}}