{"id":689,"date":"2017-11-01T22:21:03","date_gmt":"2017-11-01T21:21:03","guid":{"rendered":"http:\/\/snetap-fsu.fr\/comp\/pdl\/?p=689"},"modified":"2017-11-01T22:21:03","modified_gmt":"2017-11-01T21:21:03","slug":"689","status":"publish","type":"post","link":"https:\/\/regions-snetap-fsu.fr\/pdl\/2017\/11\/01\/689\/","title":{"rendered":"Courrier \u00e0 Madame la Pr\u00e9f\u00e8te des Pays de la Loire"},"content":{"rendered":"<h2 class=\"western\" style=\"text-align: left\" align=\"right\"><span style=\"font-family: arial, helvetica, sans-serif\">Courrier \u00e0 Madame la Pr\u00e9f\u00e8te des Pays de la Loire<\/span><\/h2>\n<p><img decoding=\"async\" class=\"alignnone wp-image-370\" src=\"https:\/\/regions-snetap-fsu.fr\/pdl\/wp-content\/uploads\/sites\/4\/2017\/03\/FSU-292x300.jpg\" alt=\"\" width=\"97\" height=\"100\" srcset=\"https:\/\/regions-snetap-fsu.fr\/pdl\/wp-content\/uploads\/sites\/4\/2017\/03\/FSU-292x300.jpg 292w, https:\/\/regions-snetap-fsu.fr\/pdl\/wp-content\/uploads\/sites\/4\/2017\/03\/FSU-100x103.jpg 100w, https:\/\/regions-snetap-fsu.fr\/pdl\/wp-content\/uploads\/sites\/4\/2017\/03\/FSU-150x154.jpg 150w, https:\/\/regions-snetap-fsu.fr\/pdl\/wp-content\/uploads\/sites\/4\/2017\/03\/FSU-200x205.jpg 200w, https:\/\/regions-snetap-fsu.fr\/pdl\/wp-content\/uploads\/sites\/4\/2017\/03\/FSU-300x308.jpg 300w, https:\/\/regions-snetap-fsu.fr\/pdl\/wp-content\/uploads\/sites\/4\/2017\/03\/FSU-450x462.jpg 450w, https:\/\/regions-snetap-fsu.fr\/pdl\/wp-content\/uploads\/sites\/4\/2017\/03\/FSU.jpg 584w\" sizes=\"(max-width: 97px) 100vw, 97px\" \/>\u00a0 \u00a0 \u00a0 \u00a0<img decoding=\"async\" class=\"alignnone wp-image-647\" src=\"https:\/\/regions-snetap-fsu.fr\/pdl\/wp-content\/uploads\/sites\/4\/2017\/09\/TSPSNETAPbig-trans-100px-1-2-2.png\" alt=\"\" width=\"151\" height=\"95\" srcset=\"https:\/\/regions-snetap-fsu.fr\/pdl\/wp-content\/uploads\/sites\/4\/2017\/09\/TSPSNETAPbig-trans-100px-1-2-2.png 159w, https:\/\/regions-snetap-fsu.fr\/pdl\/wp-content\/uploads\/sites\/4\/2017\/09\/TSPSNETAPbig-trans-100px-1-2-2-100x63.png 100w, https:\/\/regions-snetap-fsu.fr\/pdl\/wp-content\/uploads\/sites\/4\/2017\/09\/TSPSNETAPbig-trans-100px-1-2-2-150x94.png 150w\" sizes=\"(max-width: 151px) 100vw, 151px\" \/><\/p>\n<p class=\"western\"><span style=\"font-family: Arial, sans-serif\"><b>Section<\/b><\/span><span style=\"font-family: Arial, sans-serif\"><b>s<\/b><\/span><span style=\"font-family: Arial, sans-serif\"><b> r\u00e9gionale<\/b><\/span><span style=\"font-family: Arial, sans-serif\"><b>s<\/b><\/span><span style=\"font-family: Arial, sans-serif\"><b> des Pays de la Loire de la FSU et du SNETAP-FSU<\/b><\/span><\/p>\n<p class=\"western\" align=\"right\"><span style=\"font-family: Arial, sans-serif\">Laval, le 31 octobre 2017<\/span><\/p>\n<p class=\"western\" align=\"right\"><span style=\"font-family: Arial, sans-serif\">A Madame la Pr\u00e9f\u00e8te des Pays de la Loire<\/span><\/p>\n<p class=\"western\" align=\"justify\"><span style=\"font-family: Arial, sans-serif\"><b>Objet\u00a0: <\/b><\/span><span style=\"font-family: Arial, sans-serif\">Des personnels de vie scolaire (en contrat aid\u00e9) indispensables \u00e0 l&rsquo;accueil des jeunes en situation de handicap dans l&rsquo;enseignement agricole public<\/span><\/p>\n<p class=\"western\" align=\"justify\"><span style=\"font-family: Arial, sans-serif\">Madame La Pr\u00e9f\u00e8te, <\/span><\/p>\n<p class=\"western\" align=\"justify\"><span style=\"font-family: Arial, sans-serif\">Cet \u00e9t\u00e9, le gouvernenement a annonc\u00e9 la r\u00e9duction importante du nombre de contrats aid\u00e9s. La Ministre du Travail, Madame M.PENICAUD, a cependant pr\u00e9cis\u00e9 que pour l&rsquo;accueil des jeunes en situation de handicap dans les \u00e9tablissements scolaires, ce type de contrat pourrait \u00eatre maintenu. <\/span><\/p>\n<p class=\"western\" align=\"justify\"><span style=\"font-family: Arial, sans-serif\">Or, e<\/span><span style=\"font-family: Arial, sans-serif\">n r\u00e9gion Pays de la Loire, depuis de nombreuses ann\u00e9es d\u00e9j\u00e0, les lyc\u00e9es agricoles publics ont cr\u00e9\u00e9 (sur leur budget) des postes d&rsquo;assistant d&rsquo;\u00e9ducation en ayant recours \u00e0 des contrats aid\u00e9s (CAE). Ces agents effectuent tout au long de la semaine de nombreuses t\u00e2ches au sein du service vie scolaire des \u00e9tablissements. L&rsquo;objectif \u00e9tant notamment de faire face \u00e0 une augmentation des missions pour les services de vie scolaire des lyc\u00e9es agricoles qui accueillent plusieurs centaines de jeunes du lundi matin au vendredi soir. <\/span><\/p>\n<p class=\"western\" align=\"justify\"><span style=\"font-family: Arial, sans-serif\">Il s&rsquo;agit notamment depuis la loi sur l&rsquo;inclusion scolaire des jeunes en situation de handicap d&rsquo;accompagner ces jeunes en journ\u00e9e sur le temps de l&rsquo;externat, mais aussi en soir\u00e9e, sur le temps de l&rsquo;internat. <\/span><span style=\"font-family: Arial, sans-serif\">En effet, le nombre de personnels d\u2019encadrement se r\u00e9duit consid\u00e9rablement chaque soir, d\u00e8s la fin des cours\u00a0: actuellement aucun dispositif n\u2019est pr\u00e9vu, par exemple, pour l\u2019aide aux devoirs de ces jeunes. Lors des commissions de suivi MDPH, il est fr\u00e9quemment \u00e9voqu\u00e9 par les jeunes et leurs parents la n\u00e9cessit\u00e9 du maintien d&rsquo;un soutien dans l\u2019aide aux devoirs comme cela se faisait lorsque l\u2019\u00e9l\u00e8ve \u00e9tait au coll\u00e8ge (plusieurs lectures des documents \u00e0 voix haute par la m\u00e8re, recopie des cours pour compl\u00e9ter ou corriger les fautes pour des jeunes dyslexiques, aide \u00e0 l\u2019organisation des cahiers ou \u00e0 la pr\u00e9paration du cartable du lendemain pour des jeunes dyspraxiques\u2026). <\/span><\/p>\n<p class=\"western\" align=\"justify\"><span style=\"font-family: Arial, sans-serif\">La pr\u00e9sence de ces personnels de vie scolaire (sous contrat aid\u00e9 aujourd&rsquo;hui) peut \u00eatre un moyen de compensation pour ces jeunes sur le temps internat\u00a0: comment imaginer que leur besoin d\u2019aide s\u2019arr\u00eate aux seuls cours\u00a0?<\/span><\/p>\n<p class=\"western\" align=\"justify\"><span style=\"font-family: Arial, sans-serif\">Dans nos \u00e9tablissements agricoles o\u00f9 la part d\u2019\u00e9l\u00e8ves internes d\u00e9passe tr\u00e8s fr\u00e9quemment les 70%, le manque d\u2019appui \u00e0 ces jeunes accueillis dans nos internats (parce qu\u2019ils n\u2019ont pas d\u2019autre choix pour suivre leur formation) est une pr\u00e9occupation majeure des services <\/span><span style=\"font-family: Arial, sans-serif\">de <\/span><span style=\"font-family: Arial, sans-serif\">Vie Scolaire. <\/span><\/p>\n<p class=\"western\" align=\"justify\"><span style=\"font-family: Arial, sans-serif\"><i>Les besoins d\u2019explication du monde environnant pour un autiste Asperger peuvent-il se limiter \u00e0 la journ\u00e9e\u00a0<\/i><\/span><span style=\"font-family: Arial, sans-serif\">? R\u00e9pondre par l\u2019affirmative serait manquer de bienveillance et \u00e0 notre mission de Service Public. <\/span><\/p>\n<p class=\"western\" align=\"justify\"><span style=\"font-family: Arial, sans-serif\">C&rsquo;est la raison pour laquelle, notre organisation syndicale, le SNETAP-FSU (1<\/span><sup><span style=\"font-family: Arial, sans-serif\">er<\/span><\/sup><sup><span style=\"font-family: Arial, sans-serif\">e<\/span><\/sup><span style=\"font-family: Arial, sans-serif\"> organisation repr\u00e9s<\/span><span style=\"font-family: Arial, sans-serif\">e<\/span><span style=\"font-family: Arial, sans-serif\">ntant les personnels de l&rsquo;enseignement agricole public) vous demande, Madame La Pr\u00e9f\u00e8te de consid\u00e9rer ces emplois de personnels de vie scolaire (en contrat aid\u00e9) comme indispensable<\/span><span style=\"font-family: Arial, sans-serif\">s<\/span><span style=\"font-family: Arial, sans-serif\"> notamment \u00e0 l&rsquo;accueil des jeunes en situation de handicap et donc de les pr\u00e9server comme ceux des AVS. <\/span><\/p>\n<p class=\"western\" align=\"justify\"><span style=\"font-family: Arial, sans-serif\">Dans l&rsquo;attente de votre r\u00e9ponse, nous vous prions d&rsquo;agr\u00e9er nos plus sinc\u00e8res salutations. <\/span><\/p>\n<p class=\"western\" style=\"text-align: right\" align=\"justify\"><span style=\"font-family: arial, helvetica, sans-serif\">Pour les bureaux r\u00e9gionaux, <\/span><\/p>\n<p class=\"western\" style=\"text-align: right\" align=\"justify\"><span style=\"font-family: arial, helvetica, sans-serif\">Nathalie GASNIER, Secteur Vie scolaire, section r\u00e9gionale du SNETAP-FSU<\/span><\/p>\n<p style=\"text-align: right\" align=\"justify\"><span style=\"font-family: arial, helvetica, sans-serif\">Yoann VIGNER, Co-secr\u00e9taire r\u00e9gional du SNETAP-FSU<\/span><\/p>\n<p style=\"text-align: right\" align=\"justify\">G\u00e9rard PIGOIS, Coordonnateur acad\u00e9mique de la FSU<\/p>\n<p style=\"text-align: right\" align=\"justify\"><strong><span style=\"font-family: arial, helvetica, sans-serif\">\n\t\t<div class=\"wppdfemb-frame-container-1\" style=\"-webkit-overflow-scrolling:auto;\">\n\t\t\t<iframe class=\"pdfembed-iframe nonfullscreen wppdf-emb-iframe-1\"\n\t\t\t\tsrc=\"https:\/\/regions-snetap-fsu.fr\/pdl\/?pdfemb-data=eyJ1cmwiOiJodHRwczpcL1wvcmVnaW9ucy1zbmV0YXAtZnN1LmZyXC9wZGxcL3dwLWNvbnRlbnRcL3VwbG9hZHNcL3NpdGVzXC80XC8yMDE3XC8xMVwvQ29udHJhdHMtYWlkXHUwMGU5cy1FbnNlaWduZW1lbnQtYWdyaWNvbGUtMS5wZGYiLCJ0aXRsZSI6IkNvbnRyYXRzIGFpZFx1MDBlOXMgRW5zZWlnbmVtZW50IGFncmljb2xlIiwiaW5kZXgiOjEsInBkZklEIjo2OTF9\"\n\t\t\t\ttitle=\"Contrats aid\u00e9s Enseignement agricole\"\t\t\t\tdata-pdf-id=\"691\"\n\t\t\t\tdata-pdf-index=\"1\"\n\t\t\t\tstyle=\"border:none;width:100%;max-width:100%;height:100vh;\"\n\t\t\t\tscrolling=\"yes\">\n\t\t\t<\/iframe>\n\t\t<\/div>\n\n\t\t<\/span><\/strong><\/p>\n","protected":false},"excerpt":{"rendered":"<p>Courrier \u00e0 Madame la Pr\u00e9f\u00e8te des Pays de la Loire \u00a0 \u00a0 \u00a0 \u00a0 Sections r\u00e9gionales des Pays de la Loire de la FSU et du SNETAP-FSU Laval, le 31 octobre 2017 A Madame la Pr\u00e9f\u00e8te des Pays de la Loire Objet\u00a0: Des personnels de vie scolaire (en contrat aid\u00e9) indispensables \u00e0 l&rsquo;accueil des jeunes [&hellip;]<\/p>\n","protected":false},"author":2,"featured_media":0,"comment_status":"closed","ping_status":"closed","sticky":false,"template":"","format":"standard","meta":{"ocean_post_layout":"","ocean_both_sidebars_style":"","ocean_both_sidebars_content_width":0,"ocean_both_sidebars_sidebars_width":0,"ocean_sidebar":"","ocean_second_sidebar":"","ocean_disable_margins":"enable","ocean_add_body_class":"","ocean_shortcode_before_top_bar":"","ocean_shortcode_after_top_bar":"","ocean_shortcode_before_header":"","ocean_shortcode_after_header":"","ocean_has_shortcode":"","ocean_shortcode_after_title":"","ocean_shortcode_before_footer_widgets":"","ocean_shortcode_after_footer_widgets":"","ocean_shortcode_before_footer_bottom":"","ocean_shortcode_after_footer_bottom":"","ocean_display_top_bar":"default","ocean_display_header":"default","ocean_header_style":"","ocean_center_header_left_menu":"","ocean_custom_header_template":"","ocean_custom_logo":0,"ocean_custom_retina_logo":0,"ocean_custom_logo_max_width":0,"ocean_custom_logo_tablet_max_width":0,"ocean_custom_logo_mobile_max_width":0,"ocean_custom_logo_max_height":0,"ocean_custom_logo_tablet_max_height":0,"ocean_custom_logo_mobile_max_height":0,"ocean_header_custom_menu":"","ocean_menu_typo_font_family":"","ocean_menu_typo_font_subset":"","ocean_menu_typo_font_size":0,"ocean_menu_typo_font_size_tablet":0,"ocean_menu_typo_font_size_mobile":0,"ocean_menu_typo_font_size_unit":"px","ocean_menu_typo_font_weight":"","ocean_menu_typo_font_weight_tablet":"","ocean_menu_typo_font_weight_mobile":"","ocean_menu_typo_transform":"","ocean_menu_typo_transform_tablet":"","ocean_menu_typo_transform_mobile":"","ocean_menu_typo_line_height":0,"ocean_menu_typo_line_height_tablet":0,"ocean_menu_typo_line_height_mobile":0,"ocean_menu_typo_line_height_unit":"","ocean_menu_typo_spacing":0,"ocean_menu_typo_spacing_tablet":0,"ocean_menu_typo_spacing_mobile":0,"ocean_menu_typo_spacing_unit":"","ocean_menu_link_color":"","ocean_menu_link_color_hover":"","ocean_menu_link_color_active":"","ocean_menu_link_background":"","ocean_menu_link_hover_background":"","ocean_menu_link_active_background":"","ocean_menu_social_links_bg":"","ocean_menu_social_hover_links_bg":"","ocean_menu_social_links_color":"","ocean_menu_social_hover_links_color":"","ocean_disable_title":"default","ocean_disable_heading":"default","ocean_post_title":"","ocean_post_subheading":"","ocean_post_title_style":"","ocean_post_title_background_color":"","ocean_post_title_background":0,"ocean_post_title_bg_image_position":"","ocean_post_title_bg_image_attachment":"","ocean_post_title_bg_image_repeat":"","ocean_post_title_bg_image_size":"","ocean_post_title_height":0,"ocean_post_title_bg_overlay":0.5,"ocean_post_title_bg_overlay_color":"","ocean_disable_breadcrumbs":"default","ocean_breadcrumbs_color":"","ocean_breadcrumbs_separator_color":"","ocean_breadcrumbs_links_color":"","ocean_breadcrumbs_links_hover_color":"","ocean_display_footer_widgets":"default","ocean_display_footer_bottom":"default","ocean_custom_footer_template":"","ocean_post_oembed":"","ocean_post_self_hosted_media":"","ocean_post_video_embed":"","ocean_link_format":"","ocean_link_format_target":"self","ocean_quote_format":"","ocean_quote_format_link":"post","ocean_gallery_link_images":"on","ocean_gallery_id":[],"footnotes":""},"categories":[6],"tags":[],"post_folder":[],"class_list":["post-689","post","type-post","status-publish","format-standard","hentry","category-courriers-de-la-section-regionale","entry"],"yoast_head":"<!-- This site is optimized with the Yoast SEO plugin v27.4 - https:\/\/yoast.com\/product\/yoast-seo-wordpress\/ -->\n<title>Courrier \u00e0 Madame la Pr\u00e9f\u00e8te des Pays de la Loire - PAYS DE LA LOIRE<\/title>\n<meta name=\"robots\" content=\"index, follow, max-snippet:-1, max-image-preview:large, max-video-preview:-1\" \/>\n<link rel=\"canonical\" href=\"https:\/\/regions-snetap-fsu.fr\/pdl\/2017\/11\/01\/689\/\" \/>\n<meta property=\"og:locale\" content=\"fr_FR\" \/>\n<meta property=\"og:type\" content=\"article\" \/>\n<meta property=\"og:title\" content=\"Courrier \u00e0 Madame la Pr\u00e9f\u00e8te des Pays de la Loire - PAYS DE LA LOIRE\" \/>\n<meta property=\"og:description\" content=\"Courrier \u00e0 Madame la Pr\u00e9f\u00e8te des Pays de la Loire \u00a0 \u00a0 \u00a0 \u00a0 Sections r\u00e9gionales des Pays de la Loire de la FSU et du SNETAP-FSU Laval, le 31 octobre 2017 A Madame la Pr\u00e9f\u00e8te des Pays de la Loire Objet\u00a0: Des personnels de vie scolaire (en contrat aid\u00e9) indispensables \u00e0 l&rsquo;accueil des jeunes [&hellip;]\" \/>\n<meta property=\"og:url\" content=\"https:\/\/regions-snetap-fsu.fr\/pdl\/2017\/11\/01\/689\/\" \/>\n<meta property=\"og:site_name\" content=\"PAYS DE LA LOIRE\" \/>\n<meta property=\"article:published_time\" content=\"2017-11-01T21:21:03+00:00\" \/>\n<meta property=\"og:image\" content=\"https:\/\/regions-snetap-fsu.fr\/pdl\/wp-content\/uploads\/sites\/4\/2017\/03\/FSU-292x300.jpg\" \/>\n<meta name=\"author\" content=\"yvigner\" \/>\n<meta name=\"twitter:card\" content=\"summary_large_image\" \/>\n<meta name=\"twitter:label1\" content=\"\u00c9crit par\" \/>\n\t<meta name=\"twitter:data1\" content=\"yvigner\" \/>\n\t<meta name=\"twitter:label2\" content=\"Dur\u00e9e de lecture estim\u00e9e\" \/>\n\t<meta name=\"twitter:data2\" content=\"3 minutes\" \/>\n<script type=\"application\/ld+json\" class=\"yoast-schema-graph\">{\"@context\":\"https:\\\/\\\/schema.org\",\"@graph\":[{\"@type\":\"Article\",\"@id\":\"https:\\\/\\\/regions-snetap-fsu.fr\\\/pdl\\\/2017\\\/11\\\/01\\\/689\\\/#article\",\"isPartOf\":{\"@id\":\"https:\\\/\\\/regions-snetap-fsu.fr\\\/pdl\\\/2017\\\/11\\\/01\\\/689\\\/\"},\"author\":{\"name\":\"yvigner\",\"@id\":\"https:\\\/\\\/regions-snetap-fsu.fr\\\/pdl\\\/#\\\/schema\\\/person\\\/d4530af043f9e8d27bdd71c468ec93b1\"},\"headline\":\"Courrier \u00e0 Madame la Pr\u00e9f\u00e8te des Pays de la Loire\",\"datePublished\":\"2017-11-01T21:21:03+00:00\",\"mainEntityOfPage\":{\"@id\":\"https:\\\/\\\/regions-snetap-fsu.fr\\\/pdl\\\/2017\\\/11\\\/01\\\/689\\\/\"},\"wordCount\":642,\"publisher\":{\"@id\":\"https:\\\/\\\/regions-snetap-fsu.fr\\\/pdl\\\/#organization\"},\"image\":{\"@id\":\"https:\\\/\\\/regions-snetap-fsu.fr\\\/pdl\\\/2017\\\/11\\\/01\\\/689\\\/#primaryimage\"},\"thumbnailUrl\":\"https:\\\/\\\/regions-snetap-fsu.fr\\\/pdl\\\/wp-content\\\/uploads\\\/sites\\\/4\\\/2017\\\/03\\\/FSU-292x300.jpg\",\"articleSection\":[\"Courriers de la section r\u00e9gionale\"],\"inLanguage\":\"fr-FR\"},{\"@type\":\"WebPage\",\"@id\":\"https:\\\/\\\/regions-snetap-fsu.fr\\\/pdl\\\/2017\\\/11\\\/01\\\/689\\\/\",\"url\":\"https:\\\/\\\/regions-snetap-fsu.fr\\\/pdl\\\/2017\\\/11\\\/01\\\/689\\\/\",\"name\":\"Courrier \u00e0 Madame la Pr\u00e9f\u00e8te des Pays de la Loire - PAYS DE LA LOIRE\",\"isPartOf\":{\"@id\":\"https:\\\/\\\/regions-snetap-fsu.fr\\\/pdl\\\/#website\"},\"primaryImageOfPage\":{\"@id\":\"https:\\\/\\\/regions-snetap-fsu.fr\\\/pdl\\\/2017\\\/11\\\/01\\\/689\\\/#primaryimage\"},\"image\":{\"@id\":\"https:\\\/\\\/regions-snetap-fsu.fr\\\/pdl\\\/2017\\\/11\\\/01\\\/689\\\/#primaryimage\"},\"thumbnailUrl\":\"https:\\\/\\\/regions-snetap-fsu.fr\\\/pdl\\\/wp-content\\\/uploads\\\/sites\\\/4\\\/2017\\\/03\\\/FSU-292x300.jpg\",\"datePublished\":\"2017-11-01T21:21:03+00:00\",\"breadcrumb\":{\"@id\":\"https:\\\/\\\/regions-snetap-fsu.fr\\\/pdl\\\/2017\\\/11\\\/01\\\/689\\\/#breadcrumb\"},\"inLanguage\":\"fr-FR\",\"potentialAction\":[{\"@type\":\"ReadAction\",\"target\":[\"https:\\\/\\\/regions-snetap-fsu.fr\\\/pdl\\\/2017\\\/11\\\/01\\\/689\\\/\"]}]},{\"@type\":\"ImageObject\",\"inLanguage\":\"fr-FR\",\"@id\":\"https:\\\/\\\/regions-snetap-fsu.fr\\\/pdl\\\/2017\\\/11\\\/01\\\/689\\\/#primaryimage\",\"url\":\"https:\\\/\\\/regions-snetap-fsu.fr\\\/pdl\\\/wp-content\\\/uploads\\\/sites\\\/4\\\/2017\\\/03\\\/FSU.jpg\",\"contentUrl\":\"https:\\\/\\\/regions-snetap-fsu.fr\\\/pdl\\\/wp-content\\\/uploads\\\/sites\\\/4\\\/2017\\\/03\\\/FSU.jpg\",\"width\":584,\"height\":600},{\"@type\":\"BreadcrumbList\",\"@id\":\"https:\\\/\\\/regions-snetap-fsu.fr\\\/pdl\\\/2017\\\/11\\\/01\\\/689\\\/#breadcrumb\",\"itemListElement\":[{\"@type\":\"ListItem\",\"position\":1,\"name\":\"Accueil\",\"item\":\"https:\\\/\\\/regions-snetap-fsu.fr\\\/pdl\\\/\"},{\"@type\":\"ListItem\",\"position\":2,\"name\":\"Courrier \u00e0 Madame la Pr\u00e9f\u00e8te des Pays de la Loire\"}]},{\"@type\":\"WebSite\",\"@id\":\"https:\\\/\\\/regions-snetap-fsu.fr\\\/pdl\\\/#website\",\"url\":\"https:\\\/\\\/regions-snetap-fsu.fr\\\/pdl\\\/\",\"name\":\"SNETAP-FSU PAYS DE LA LOIRE\",\"description\":\"SECTION REGIONALE\",\"publisher\":{\"@id\":\"https:\\\/\\\/regions-snetap-fsu.fr\\\/pdl\\\/#organization\"},\"potentialAction\":[{\"@type\":\"SearchAction\",\"target\":{\"@type\":\"EntryPoint\",\"urlTemplate\":\"https:\\\/\\\/regions-snetap-fsu.fr\\\/pdl\\\/?s={search_term_string}\"},\"query-input\":{\"@type\":\"PropertyValueSpecification\",\"valueRequired\":true,\"valueName\":\"search_term_string\"}}],\"inLanguage\":\"fr-FR\"},{\"@type\":\"Organization\",\"@id\":\"https:\\\/\\\/regions-snetap-fsu.fr\\\/pdl\\\/#organization\",\"name\":\"SNETAP-FSU Pays de Loire\",\"url\":\"https:\\\/\\\/regions-snetap-fsu.fr\\\/pdl\\\/\",\"logo\":{\"@type\":\"ImageObject\",\"inLanguage\":\"fr-FR\",\"@id\":\"https:\\\/\\\/regions-snetap-fsu.fr\\\/pdl\\\/#\\\/schema\\\/logo\\\/image\\\/\",\"url\":\"https:\\\/\\\/regions-snetap-fsu.fr\\\/pdl\\\/wp-content\\\/uploads\\\/sites\\\/4\\\/2020\\\/12\\\/SNETAP-Logo.jpg\",\"contentUrl\":\"https:\\\/\\\/regions-snetap-fsu.fr\\\/pdl\\\/wp-content\\\/uploads\\\/sites\\\/4\\\/2020\\\/12\\\/SNETAP-Logo.jpg\",\"width\":464,\"height\":334,\"caption\":\"SNETAP-FSU Pays de Loire\"},\"image\":{\"@id\":\"https:\\\/\\\/regions-snetap-fsu.fr\\\/pdl\\\/#\\\/schema\\\/logo\\\/image\\\/\"}},{\"@type\":\"Person\",\"@id\":\"https:\\\/\\\/regions-snetap-fsu.fr\\\/pdl\\\/#\\\/schema\\\/person\\\/d4530af043f9e8d27bdd71c468ec93b1\",\"name\":\"yvigner\",\"image\":{\"@type\":\"ImageObject\",\"inLanguage\":\"fr-FR\",\"@id\":\"https:\\\/\\\/secure.gravatar.com\\\/avatar\\\/bc72baa6f2406549aecf77a837bc4f03dbe88472c1762138f868571430a23820?s=96&d=mm&r=g\",\"url\":\"https:\\\/\\\/secure.gravatar.com\\\/avatar\\\/bc72baa6f2406549aecf77a837bc4f03dbe88472c1762138f868571430a23820?s=96&d=mm&r=g\",\"contentUrl\":\"https:\\\/\\\/secure.gravatar.com\\\/avatar\\\/bc72baa6f2406549aecf77a837bc4f03dbe88472c1762138f868571430a23820?s=96&d=mm&r=g\",\"caption\":\"yvigner\"},\"url\":\"https:\\\/\\\/regions-snetap-fsu.fr\\\/pdl\\\/author\\\/yvigner\\\/\"}]}<\/script>\n<!-- \/ Yoast SEO plugin. -->","yoast_head_json":{"title":"Courrier \u00e0 Madame la Pr\u00e9f\u00e8te des Pays de la Loire - PAYS DE LA LOIRE","robots":{"index":"index","follow":"follow","max-snippet":"max-snippet:-1","max-image-preview":"max-image-preview:large","max-video-preview":"max-video-preview:-1"},"canonical":"https:\/\/regions-snetap-fsu.fr\/pdl\/2017\/11\/01\/689\/","og_locale":"fr_FR","og_type":"article","og_title":"Courrier \u00e0 Madame la Pr\u00e9f\u00e8te des Pays de la Loire - PAYS DE LA LOIRE","og_description":"Courrier \u00e0 Madame la Pr\u00e9f\u00e8te des Pays de la Loire \u00a0 \u00a0 \u00a0 \u00a0 Sections r\u00e9gionales des Pays de la Loire de la FSU et du SNETAP-FSU Laval, le 31 octobre 2017 A Madame la Pr\u00e9f\u00e8te des Pays de la Loire Objet\u00a0: Des personnels de vie scolaire (en contrat aid\u00e9) indispensables \u00e0 l&rsquo;accueil des jeunes [&hellip;]","og_url":"https:\/\/regions-snetap-fsu.fr\/pdl\/2017\/11\/01\/689\/","og_site_name":"PAYS DE LA LOIRE","article_published_time":"2017-11-01T21:21:03+00:00","og_image":[{"url":"https:\/\/regions-snetap-fsu.fr\/pdl\/wp-content\/uploads\/sites\/4\/2017\/03\/FSU-292x300.jpg","type":"","width":"","height":""}],"author":"yvigner","twitter_card":"summary_large_image","twitter_misc":{"\u00c9crit par":"yvigner","Dur\u00e9e de lecture estim\u00e9e":"3 minutes"},"schema":{"@context":"https:\/\/schema.org","@graph":[{"@type":"Article","@id":"https:\/\/regions-snetap-fsu.fr\/pdl\/2017\/11\/01\/689\/#article","isPartOf":{"@id":"https:\/\/regions-snetap-fsu.fr\/pdl\/2017\/11\/01\/689\/"},"author":{"name":"yvigner","@id":"https:\/\/regions-snetap-fsu.fr\/pdl\/#\/schema\/person\/d4530af043f9e8d27bdd71c468ec93b1"},"headline":"Courrier \u00e0 Madame la Pr\u00e9f\u00e8te des Pays de la Loire","datePublished":"2017-11-01T21:21:03+00:00","mainEntityOfPage":{"@id":"https:\/\/regions-snetap-fsu.fr\/pdl\/2017\/11\/01\/689\/"},"wordCount":642,"publisher":{"@id":"https:\/\/regions-snetap-fsu.fr\/pdl\/#organization"},"image":{"@id":"https:\/\/regions-snetap-fsu.fr\/pdl\/2017\/11\/01\/689\/#primaryimage"},"thumbnailUrl":"https:\/\/regions-snetap-fsu.fr\/pdl\/wp-content\/uploads\/sites\/4\/2017\/03\/FSU-292x300.jpg","articleSection":["Courriers de la section r\u00e9gionale"],"inLanguage":"fr-FR"},{"@type":"WebPage","@id":"https:\/\/regions-snetap-fsu.fr\/pdl\/2017\/11\/01\/689\/","url":"https:\/\/regions-snetap-fsu.fr\/pdl\/2017\/11\/01\/689\/","name":"Courrier \u00e0 Madame la Pr\u00e9f\u00e8te des Pays de la Loire - PAYS DE LA LOIRE","isPartOf":{"@id":"https:\/\/regions-snetap-fsu.fr\/pdl\/#website"},"primaryImageOfPage":{"@id":"https:\/\/regions-snetap-fsu.fr\/pdl\/2017\/11\/01\/689\/#primaryimage"},"image":{"@id":"https:\/\/regions-snetap-fsu.fr\/pdl\/2017\/11\/01\/689\/#primaryimage"},"thumbnailUrl":"https:\/\/regions-snetap-fsu.fr\/pdl\/wp-content\/uploads\/sites\/4\/2017\/03\/FSU-292x300.jpg","datePublished":"2017-11-01T21:21:03+00:00","breadcrumb":{"@id":"https:\/\/regions-snetap-fsu.fr\/pdl\/2017\/11\/01\/689\/#breadcrumb"},"inLanguage":"fr-FR","potentialAction":[{"@type":"ReadAction","target":["https:\/\/regions-snetap-fsu.fr\/pdl\/2017\/11\/01\/689\/"]}]},{"@type":"ImageObject","inLanguage":"fr-FR","@id":"https:\/\/regions-snetap-fsu.fr\/pdl\/2017\/11\/01\/689\/#primaryimage","url":"https:\/\/regions-snetap-fsu.fr\/pdl\/wp-content\/uploads\/sites\/4\/2017\/03\/FSU.jpg","contentUrl":"https:\/\/regions-snetap-fsu.fr\/pdl\/wp-content\/uploads\/sites\/4\/2017\/03\/FSU.jpg","width":584,"height":600},{"@type":"BreadcrumbList","@id":"https:\/\/regions-snetap-fsu.fr\/pdl\/2017\/11\/01\/689\/#breadcrumb","itemListElement":[{"@type":"ListItem","position":1,"name":"Accueil","item":"https:\/\/regions-snetap-fsu.fr\/pdl\/"},{"@type":"ListItem","position":2,"name":"Courrier \u00e0 Madame la Pr\u00e9f\u00e8te des Pays de la Loire"}]},{"@type":"WebSite","@id":"https:\/\/regions-snetap-fsu.fr\/pdl\/#website","url":"https:\/\/regions-snetap-fsu.fr\/pdl\/","name":"SNETAP-FSU PAYS DE LA LOIRE","description":"SECTION REGIONALE","publisher":{"@id":"https:\/\/regions-snetap-fsu.fr\/pdl\/#organization"},"potentialAction":[{"@type":"SearchAction","target":{"@type":"EntryPoint","urlTemplate":"https:\/\/regions-snetap-fsu.fr\/pdl\/?s={search_term_string}"},"query-input":{"@type":"PropertyValueSpecification","valueRequired":true,"valueName":"search_term_string"}}],"inLanguage":"fr-FR"},{"@type":"Organization","@id":"https:\/\/regions-snetap-fsu.fr\/pdl\/#organization","name":"SNETAP-FSU Pays de Loire","url":"https:\/\/regions-snetap-fsu.fr\/pdl\/","logo":{"@type":"ImageObject","inLanguage":"fr-FR","@id":"https:\/\/regions-snetap-fsu.fr\/pdl\/#\/schema\/logo\/image\/","url":"https:\/\/regions-snetap-fsu.fr\/pdl\/wp-content\/uploads\/sites\/4\/2020\/12\/SNETAP-Logo.jpg","contentUrl":"https:\/\/regions-snetap-fsu.fr\/pdl\/wp-content\/uploads\/sites\/4\/2020\/12\/SNETAP-Logo.jpg","width":464,"height":334,"caption":"SNETAP-FSU Pays de Loire"},"image":{"@id":"https:\/\/regions-snetap-fsu.fr\/pdl\/#\/schema\/logo\/image\/"}},{"@type":"Person","@id":"https:\/\/regions-snetap-fsu.fr\/pdl\/#\/schema\/person\/d4530af043f9e8d27bdd71c468ec93b1","name":"yvigner","image":{"@type":"ImageObject","inLanguage":"fr-FR","@id":"https:\/\/secure.gravatar.com\/avatar\/bc72baa6f2406549aecf77a837bc4f03dbe88472c1762138f868571430a23820?s=96&d=mm&r=g","url":"https:\/\/secure.gravatar.com\/avatar\/bc72baa6f2406549aecf77a837bc4f03dbe88472c1762138f868571430a23820?s=96&d=mm&r=g","contentUrl":"https:\/\/secure.gravatar.com\/avatar\/bc72baa6f2406549aecf77a837bc4f03dbe88472c1762138f868571430a23820?s=96&d=mm&r=g","caption":"yvigner"},"url":"https:\/\/regions-snetap-fsu.fr\/pdl\/author\/yvigner\/"}]}},"_links":{"self":[{"href":"https:\/\/regions-snetap-fsu.fr\/pdl\/wp-json\/wp\/v2\/posts\/689","targetHints":{"allow":["GET"]}}],"collection":[{"href":"https:\/\/regions-snetap-fsu.fr\/pdl\/wp-json\/wp\/v2\/posts"}],"about":[{"href":"https:\/\/regions-snetap-fsu.fr\/pdl\/wp-json\/wp\/v2\/types\/post"}],"author":[{"embeddable":true,"href":"https:\/\/regions-snetap-fsu.fr\/pdl\/wp-json\/wp\/v2\/users\/2"}],"replies":[{"embeddable":true,"href":"https:\/\/regions-snetap-fsu.fr\/pdl\/wp-json\/wp\/v2\/comments?post=689"}],"version-history":[{"count":0,"href":"https:\/\/regions-snetap-fsu.fr\/pdl\/wp-json\/wp\/v2\/posts\/689\/revisions"}],"wp:attachment":[{"href":"https:\/\/regions-snetap-fsu.fr\/pdl\/wp-json\/wp\/v2\/media?parent=689"}],"wp:term":[{"taxonomy":"category","embeddable":true,"href":"https:\/\/regions-snetap-fsu.fr\/pdl\/wp-json\/wp\/v2\/categories?post=689"},{"taxonomy":"post_tag","embeddable":true,"href":"https:\/\/regions-snetap-fsu.fr\/pdl\/wp-json\/wp\/v2\/tags?post=689"},{"taxonomy":"post_folder","embeddable":true,"href":"https:\/\/regions-snetap-fsu.fr\/pdl\/wp-json\/wp\/v2\/post_folder?post=689"}],"curies":[{"name":"wp","href":"https:\/\/api.w.org\/{rel}","templated":true}]}}