{"id":682,"date":"2017-10-14T00:54:49","date_gmt":"2017-10-13T22:54:49","guid":{"rendered":"http:\/\/snetap-fsu.fr\/comp\/pdl\/?p=682"},"modified":"2017-10-14T00:54:49","modified_gmt":"2017-10-13T22:54:49","slug":"non-a-la-suppression-des-emplois-aides","status":"publish","type":"post","link":"https:\/\/regions-snetap-fsu.fr\/pdl\/2017\/10\/14\/non-a-la-suppression-des-emplois-aides\/","title":{"rendered":"NON \u00e0 la suppression des emplois aid\u00e9s"},"content":{"rendered":"<h3 style=\"text-align: left\" align=\"right\">NON \u00e0 la suppression des emplois aid\u00e9s !<\/h3>\n<p>&nbsp;<\/p>\n<h3>COURRIER adress\u00e9 au DRAAF des Pays de la Loire<\/h3>\n<p class=\"western\" align=\"right\"><span style=\"font-family: Arial, sans-serif\"><span style=\"font-size: medium\"><b>A Chateau Gontier, le 12 octobre 2017<\/b><\/span><\/span><\/p>\n<p class=\"western\" align=\"right\"><span style=\"font-family: Arial, sans-serif\"><span style=\"font-size: medium\"><b>A Monsieur le Directeur R\u00e9gional,<\/b><\/span><\/span><\/p>\n<p class=\"western\" align=\"left\"><span style=\"font-family: Arial, sans-serif\"><span style=\"font-size: medium\">Monsieur le Directeur R\u00e9gional,<\/span><\/span><\/p>\n<p class=\"western\" align=\"justify\"><span style=\"font-family: Arial, sans-serif\"><span style=\"font-size: medium\">La d\u00e9cision gouvernementale de supprimer plusieurs milliers de contrats aid\u00e9s dans les \u00e9coles et \u00e9tablissements au moment de la rentr\u00e9e scolaire suscite de forts m\u00e9contentements dans la communaut\u00e9 \u00e9ducative. L\u2019enseignement agricole public dont vous avez la charge en est tout autant affect\u00e9 que l\u2019\u00e9ducation nationale.<\/span><\/span><\/p>\n<p class=\"western\" align=\"justify\"><span style=\"font-family: Arial, sans-serif\"><span style=\"font-size: medium\">En effet, les cons\u00e9quences sont imm\u00e9diatement visibles : coup d\u2019arr\u00eat \u00e0 l\u2019aide administrative, manque d\u2019accompagnement des \u00e9l\u00e8ves en situation de handicap, probl\u00e8me d\u2019encadrement, appauvrissement des vies scolaires\u2026 sans compter la mise \u00e0 mal des t\u00e2ches d\u2019entretien, de restauration, d\u2019activit\u00e9s p\u00e9riscolaires mises en \u0153uvre par les collectivit\u00e9s locales ayant recours \u00e0 ces contrats pr\u00e9caires et \u00e9galement touch\u00e9es par ces suppressions massives.<\/span><\/span><\/p>\n<p class=\"western\" align=\"justify\"><span style=\"font-family: Arial, sans-serif\"><span style=\"font-size: medium\">Et le non renouvellement des contrats arrivant progressivement \u00e0 terme renforcera cette d\u00e9gradation.<\/span><\/span><\/p>\n<p class=\"western\" align=\"justify\"><span style=\"font-family: Arial, sans-serif\"><span style=\"font-size: medium\">Le bon fonctionnement des \u00e9tablissements est entrav\u00e9 et les \u00e9l\u00e8ves en font les frais.<\/span><\/span><\/p>\n<p class=\"western\" align=\"justify\"><span style=\"font-family: Arial, sans-serif\"><span style=\"font-size: medium\">Il y a derri\u00e8re ces contrats des personnes en difficult\u00e9 ainsi que des missions essentielles \u00e0 l\u2019\u00e9cole.<\/span><\/span><\/p>\n<p class=\"western\" align=\"justify\"><span style=\"font-family: Arial, sans-serif\"><span style=\"font-size: medium\">Cette d\u00e9cision brutale renvoie au ch\u00f4mage des salari\u00e9-es n\u2019ayant pas b\u00e9n\u00e9fici\u00e9 de la formation professionnelle \u00e0 laquelle ils ont droit. Le SNETAP-FSU a toujours d\u00e9nonc\u00e9 l\u2019installation de la pr\u00e9carit\u00e9 dans notre appareil public de formation.<\/span><\/span><\/p>\n<p class=\"western\" align=\"justify\"><span style=\"font-family: Arial, sans-serif\"><span style=\"font-size: medium\">Pour le SNETAP-FSU, il est n\u00e9cessaire de stabiliser les missions exerc\u00e9es par ces personnels sur des emplois p\u00e9rennes d\u2019agents publics car les missions qu\u2019ils recouvrent participent durablement de la qualit\u00e9 du service public. Le SNETAP-FSU d\u00e9nonce fermement ces suppressions, exige, dans le contexte actuel, le maintien et le retour de ces personnels sur leurs emplois et demande qu\u2019ils b\u00e9n\u00e9ficient d\u2019une formation qualifiante dans la perspective d\u2019un emploi stable. Cela passe par\u00a0: <b>pour les personnels administratifs<\/b>, la r\u00e9vision \u00e0 la hausse des dotations en personnels ATLS des lyc\u00e9es\u00a0: le recours aux contrats aid\u00e9s n\u2019\u00e9tait qu\u2019une fa\u00e7on de palier ces dotations insuffisantes\u00a0! Aussi, nous vous demandons d\u2019appliquer la note de service de f\u00e9vrier 2016 relative aux dotations ATLS, avec la mise \u00e0 l\u2019ordre du jour d\u2019un point sp\u00e9cifique consacr\u00e9 \u00e0 ce sujet.<\/span><\/span><\/p>\n<p class=\"western\" align=\"justify\"><span style=\"font-family: Arial, sans-serif\"><span style=\"font-size: medium\"><b>P<\/b><b>our les agents en contrat aid\u00e9 employ\u00e9s par les collectivit\u00e9s territoriales<\/b>, vous ne pouvez renvoyer simplement la responsabilit\u00e9 \u00e0 l\u2019employeur r\u00e9gional. Pour le SNETAP-FSU, comme cela a pu se faire pour l\u2019\u00c9ducation Nationale, vous devez prendre rapidement contact avec les conseils r\u00e9gionaux pour dresser un \u00e9tat des lieux des dotations de personnels dans nos EPL afin d\u2019envisager ensuite la cr\u00e9ation de v\u00e9ritables postes de titulaires avec un plan de d\u00e9pr\u00e9carisation \u00e0 la hauteur. L\u2019\u00c9tat doit, dans la limite de ses responsabilit\u00e9s, s\u2019engager pour permettre \u00e0 nos \u00e9tablissements de fonctionner car progressivement de nombreux lyc\u00e9es vont se retrouver, \u00e0 l\u2019occasion des d\u00e9parts des agents en contrat aid\u00e9, paralys\u00e9s..<\/span><\/span><\/p>\n<p class=\"western\" align=\"justify\"><span style=\"font-family: Arial, sans-serif\"><span style=\"font-size: medium\">Sur ce sujet, nous demandons donc \u00e0 \u00eatre re\u00e7us rapidement par vos services.<\/span><\/span><\/p>\n<p class=\"western\" align=\"justify\"><span style=\"font-family: Arial, sans-serif\"><span style=\"font-size: medium\">Je vous prie de croire, Monsieur le Directeur r\u00e9gional, en l\u2019expression de notre attachement au Service Public d\u2019\u00c9ducation.<\/span><\/span><\/p>\n<p class=\"western\" align=\"right\"><span style=\"font-family: Arial, sans-serif\"><span style=\"font-size: medium\">Pour la section r\u00e9gionale SNETAP-FSU des Pays de la Loire, <\/span><\/span><\/p>\n<p class=\"western\" align=\"right\"><span style=\"font-family: Arial, sans-serif\"><span style=\"font-size: medium\">Laurence BRAULT et Yoann VIGNER, Co-secr\u00e9taires r\u00e9gionaux<\/span><\/span><\/p>\n<p class=\"western\" align=\"justify\"><span style=\"font-family: Arial, sans-serif\"><span style=\"font-size: medium\">Copie\u00a0: Pr\u00e9fecture de r\u00e9gion, SRH et DGER Minist\u00e8re de l\u2019Agriculture<\/span><\/span><\/p>\n","protected":false},"excerpt":{"rendered":"<p>NON \u00e0 la suppression des emplois aid\u00e9s ! &nbsp; COURRIER adress\u00e9 au DRAAF des Pays de la Loire A Chateau Gontier, le 12 octobre 2017 A Monsieur le Directeur R\u00e9gional, Monsieur le Directeur R\u00e9gional, La d\u00e9cision gouvernementale de supprimer plusieurs milliers de contrats aid\u00e9s dans les \u00e9coles et \u00e9tablissements au moment de la rentr\u00e9e scolaire [&hellip;]<\/p>\n","protected":false},"author":2,"featured_media":0,"comment_status":"closed","ping_status":"closed","sticky":false,"template":"","format":"standard","meta":{"ocean_post_layout":"","ocean_both_sidebars_style":"","ocean_both_sidebars_content_width":0,"ocean_both_sidebars_sidebars_width":0,"ocean_sidebar":"","ocean_second_sidebar":"","ocean_disable_margins":"enable","ocean_add_body_class":"","ocean_shortcode_before_top_bar":"","ocean_shortcode_after_top_bar":"","ocean_shortcode_before_header":"","ocean_shortcode_after_header":"","ocean_has_shortcode":"","ocean_shortcode_after_title":"","ocean_shortcode_before_footer_widgets":"","ocean_shortcode_after_footer_widgets":"","ocean_shortcode_before_footer_bottom":"","ocean_shortcode_after_footer_bottom":"","ocean_display_top_bar":"default","ocean_display_header":"default","ocean_header_style":"","ocean_center_header_left_menu":"","ocean_custom_header_template":"","ocean_custom_logo":0,"ocean_custom_retina_logo":0,"ocean_custom_logo_max_width":0,"ocean_custom_logo_tablet_max_width":0,"ocean_custom_logo_mobile_max_width":0,"ocean_custom_logo_max_height":0,"ocean_custom_logo_tablet_max_height":0,"ocean_custom_logo_mobile_max_height":0,"ocean_header_custom_menu":"","ocean_menu_typo_font_family":"","ocean_menu_typo_font_subset":"","ocean_menu_typo_font_size":0,"ocean_menu_typo_font_size_tablet":0,"ocean_menu_typo_font_size_mobile":0,"ocean_menu_typo_font_size_unit":"px","ocean_menu_typo_font_weight":"","ocean_menu_typo_font_weight_tablet":"","ocean_menu_typo_font_weight_mobile":"","ocean_menu_typo_transform":"","ocean_menu_typo_transform_tablet":"","ocean_menu_typo_transform_mobile":"","ocean_menu_typo_line_height":0,"ocean_menu_typo_line_height_tablet":0,"ocean_menu_typo_line_height_mobile":0,"ocean_menu_typo_line_height_unit":"","ocean_menu_typo_spacing":0,"ocean_menu_typo_spacing_tablet":0,"ocean_menu_typo_spacing_mobile":0,"ocean_menu_typo_spacing_unit":"","ocean_menu_link_color":"","ocean_menu_link_color_hover":"","ocean_menu_link_color_active":"","ocean_menu_link_background":"","ocean_menu_link_hover_background":"","ocean_menu_link_active_background":"","ocean_menu_social_links_bg":"","ocean_menu_social_hover_links_bg":"","ocean_menu_social_links_color":"","ocean_menu_social_hover_links_color":"","ocean_disable_title":"default","ocean_disable_heading":"default","ocean_post_title":"","ocean_post_subheading":"","ocean_post_title_style":"","ocean_post_title_background_color":"","ocean_post_title_background":0,"ocean_post_title_bg_image_position":"","ocean_post_title_bg_image_attachment":"","ocean_post_title_bg_image_repeat":"","ocean_post_title_bg_image_size":"","ocean_post_title_height":0,"ocean_post_title_bg_overlay":0.5,"ocean_post_title_bg_overlay_color":"","ocean_disable_breadcrumbs":"default","ocean_breadcrumbs_color":"","ocean_breadcrumbs_separator_color":"","ocean_breadcrumbs_links_color":"","ocean_breadcrumbs_links_hover_color":"","ocean_display_footer_widgets":"default","ocean_display_footer_bottom":"default","ocean_custom_footer_template":"","ocean_post_oembed":"","ocean_post_self_hosted_media":"","ocean_post_video_embed":"","ocean_link_format":"","ocean_link_format_target":"self","ocean_quote_format":"","ocean_quote_format_link":"post","ocean_gallery_link_images":"on","ocean_gallery_id":[],"footnotes":""},"categories":[6],"tags":[],"post_folder":[],"class_list":["post-682","post","type-post","status-publish","format-standard","hentry","category-courriers-de-la-section-regionale","entry"],"yoast_head":"<!-- This site is optimized with the Yoast SEO plugin v27.4 - https:\/\/yoast.com\/product\/yoast-seo-wordpress\/ -->\n<title>NON \u00e0 la suppression des emplois aid\u00e9s - PAYS DE LA LOIRE<\/title>\n<meta name=\"robots\" content=\"index, follow, max-snippet:-1, max-image-preview:large, max-video-preview:-1\" \/>\n<link rel=\"canonical\" href=\"https:\/\/regions-snetap-fsu.fr\/pdl\/2017\/10\/14\/non-a-la-suppression-des-emplois-aides\/\" \/>\n<meta property=\"og:locale\" content=\"fr_FR\" \/>\n<meta property=\"og:type\" content=\"article\" \/>\n<meta property=\"og:title\" content=\"NON \u00e0 la suppression des emplois aid\u00e9s - PAYS DE LA LOIRE\" \/>\n<meta property=\"og:description\" content=\"NON \u00e0 la suppression des emplois aid\u00e9s ! &nbsp; COURRIER adress\u00e9 au DRAAF des Pays de la Loire A Chateau Gontier, le 12 octobre 2017 A Monsieur le Directeur R\u00e9gional, Monsieur le Directeur R\u00e9gional, La d\u00e9cision gouvernementale de supprimer plusieurs milliers de contrats aid\u00e9s dans les \u00e9coles et \u00e9tablissements au moment de la rentr\u00e9e scolaire [&hellip;]\" \/>\n<meta property=\"og:url\" content=\"https:\/\/regions-snetap-fsu.fr\/pdl\/2017\/10\/14\/non-a-la-suppression-des-emplois-aides\/\" \/>\n<meta property=\"og:site_name\" content=\"PAYS DE LA LOIRE\" \/>\n<meta property=\"article:published_time\" content=\"2017-10-13T22:54:49+00:00\" \/>\n<meta name=\"author\" content=\"yvigner\" \/>\n<meta name=\"twitter:card\" content=\"summary_large_image\" \/>\n<meta name=\"twitter:label1\" content=\"\u00c9crit par\" \/>\n\t<meta name=\"twitter:data1\" content=\"yvigner\" \/>\n\t<meta name=\"twitter:label2\" content=\"Dur\u00e9e de lecture estim\u00e9e\" \/>\n\t<meta name=\"twitter:data2\" content=\"3 minutes\" \/>\n<script type=\"application\/ld+json\" class=\"yoast-schema-graph\">{\"@context\":\"https:\\\/\\\/schema.org\",\"@graph\":[{\"@type\":\"Article\",\"@id\":\"https:\\\/\\\/regions-snetap-fsu.fr\\\/pdl\\\/2017\\\/10\\\/14\\\/non-a-la-suppression-des-emplois-aides\\\/#article\",\"isPartOf\":{\"@id\":\"https:\\\/\\\/regions-snetap-fsu.fr\\\/pdl\\\/2017\\\/10\\\/14\\\/non-a-la-suppression-des-emplois-aides\\\/\"},\"author\":{\"name\":\"yvigner\",\"@id\":\"https:\\\/\\\/regions-snetap-fsu.fr\\\/pdl\\\/#\\\/schema\\\/person\\\/d4530af043f9e8d27bdd71c468ec93b1\"},\"headline\":\"NON \u00e0 la suppression des emplois aid\u00e9s\",\"datePublished\":\"2017-10-13T22:54:49+00:00\",\"mainEntityOfPage\":{\"@id\":\"https:\\\/\\\/regions-snetap-fsu.fr\\\/pdl\\\/2017\\\/10\\\/14\\\/non-a-la-suppression-des-emplois-aides\\\/\"},\"wordCount\":591,\"publisher\":{\"@id\":\"https:\\\/\\\/regions-snetap-fsu.fr\\\/pdl\\\/#organization\"},\"articleSection\":[\"Courriers de la section r\u00e9gionale\"],\"inLanguage\":\"fr-FR\"},{\"@type\":\"WebPage\",\"@id\":\"https:\\\/\\\/regions-snetap-fsu.fr\\\/pdl\\\/2017\\\/10\\\/14\\\/non-a-la-suppression-des-emplois-aides\\\/\",\"url\":\"https:\\\/\\\/regions-snetap-fsu.fr\\\/pdl\\\/2017\\\/10\\\/14\\\/non-a-la-suppression-des-emplois-aides\\\/\",\"name\":\"NON \u00e0 la suppression des emplois aid\u00e9s - PAYS DE LA LOIRE\",\"isPartOf\":{\"@id\":\"https:\\\/\\\/regions-snetap-fsu.fr\\\/pdl\\\/#website\"},\"datePublished\":\"2017-10-13T22:54:49+00:00\",\"breadcrumb\":{\"@id\":\"https:\\\/\\\/regions-snetap-fsu.fr\\\/pdl\\\/2017\\\/10\\\/14\\\/non-a-la-suppression-des-emplois-aides\\\/#breadcrumb\"},\"inLanguage\":\"fr-FR\",\"potentialAction\":[{\"@type\":\"ReadAction\",\"target\":[\"https:\\\/\\\/regions-snetap-fsu.fr\\\/pdl\\\/2017\\\/10\\\/14\\\/non-a-la-suppression-des-emplois-aides\\\/\"]}]},{\"@type\":\"BreadcrumbList\",\"@id\":\"https:\\\/\\\/regions-snetap-fsu.fr\\\/pdl\\\/2017\\\/10\\\/14\\\/non-a-la-suppression-des-emplois-aides\\\/#breadcrumb\",\"itemListElement\":[{\"@type\":\"ListItem\",\"position\":1,\"name\":\"Accueil\",\"item\":\"https:\\\/\\\/regions-snetap-fsu.fr\\\/pdl\\\/\"},{\"@type\":\"ListItem\",\"position\":2,\"name\":\"NON \u00e0 la suppression des emplois aid\u00e9s\"}]},{\"@type\":\"WebSite\",\"@id\":\"https:\\\/\\\/regions-snetap-fsu.fr\\\/pdl\\\/#website\",\"url\":\"https:\\\/\\\/regions-snetap-fsu.fr\\\/pdl\\\/\",\"name\":\"SNETAP-FSU PAYS DE LA LOIRE\",\"description\":\"SECTION REGIONALE\",\"publisher\":{\"@id\":\"https:\\\/\\\/regions-snetap-fsu.fr\\\/pdl\\\/#organization\"},\"potentialAction\":[{\"@type\":\"SearchAction\",\"target\":{\"@type\":\"EntryPoint\",\"urlTemplate\":\"https:\\\/\\\/regions-snetap-fsu.fr\\\/pdl\\\/?s={search_term_string}\"},\"query-input\":{\"@type\":\"PropertyValueSpecification\",\"valueRequired\":true,\"valueName\":\"search_term_string\"}}],\"inLanguage\":\"fr-FR\"},{\"@type\":\"Organization\",\"@id\":\"https:\\\/\\\/regions-snetap-fsu.fr\\\/pdl\\\/#organization\",\"name\":\"SNETAP-FSU Pays de Loire\",\"url\":\"https:\\\/\\\/regions-snetap-fsu.fr\\\/pdl\\\/\",\"logo\":{\"@type\":\"ImageObject\",\"inLanguage\":\"fr-FR\",\"@id\":\"https:\\\/\\\/regions-snetap-fsu.fr\\\/pdl\\\/#\\\/schema\\\/logo\\\/image\\\/\",\"url\":\"https:\\\/\\\/regions-snetap-fsu.fr\\\/pdl\\\/wp-content\\\/uploads\\\/sites\\\/4\\\/2020\\\/12\\\/SNETAP-Logo.jpg\",\"contentUrl\":\"https:\\\/\\\/regions-snetap-fsu.fr\\\/pdl\\\/wp-content\\\/uploads\\\/sites\\\/4\\\/2020\\\/12\\\/SNETAP-Logo.jpg\",\"width\":464,\"height\":334,\"caption\":\"SNETAP-FSU Pays de Loire\"},\"image\":{\"@id\":\"https:\\\/\\\/regions-snetap-fsu.fr\\\/pdl\\\/#\\\/schema\\\/logo\\\/image\\\/\"}},{\"@type\":\"Person\",\"@id\":\"https:\\\/\\\/regions-snetap-fsu.fr\\\/pdl\\\/#\\\/schema\\\/person\\\/d4530af043f9e8d27bdd71c468ec93b1\",\"name\":\"yvigner\",\"image\":{\"@type\":\"ImageObject\",\"inLanguage\":\"fr-FR\",\"@id\":\"https:\\\/\\\/secure.gravatar.com\\\/avatar\\\/bc72baa6f2406549aecf77a837bc4f03dbe88472c1762138f868571430a23820?s=96&d=mm&r=g\",\"url\":\"https:\\\/\\\/secure.gravatar.com\\\/avatar\\\/bc72baa6f2406549aecf77a837bc4f03dbe88472c1762138f868571430a23820?s=96&d=mm&r=g\",\"contentUrl\":\"https:\\\/\\\/secure.gravatar.com\\\/avatar\\\/bc72baa6f2406549aecf77a837bc4f03dbe88472c1762138f868571430a23820?s=96&d=mm&r=g\",\"caption\":\"yvigner\"},\"url\":\"https:\\\/\\\/regions-snetap-fsu.fr\\\/pdl\\\/author\\\/yvigner\\\/\"}]}<\/script>\n<!-- \/ Yoast SEO plugin. -->","yoast_head_json":{"title":"NON \u00e0 la suppression des emplois aid\u00e9s - PAYS DE LA LOIRE","robots":{"index":"index","follow":"follow","max-snippet":"max-snippet:-1","max-image-preview":"max-image-preview:large","max-video-preview":"max-video-preview:-1"},"canonical":"https:\/\/regions-snetap-fsu.fr\/pdl\/2017\/10\/14\/non-a-la-suppression-des-emplois-aides\/","og_locale":"fr_FR","og_type":"article","og_title":"NON \u00e0 la suppression des emplois aid\u00e9s - PAYS DE LA LOIRE","og_description":"NON \u00e0 la suppression des emplois aid\u00e9s ! &nbsp; COURRIER adress\u00e9 au DRAAF des Pays de la Loire A Chateau Gontier, le 12 octobre 2017 A Monsieur le Directeur R\u00e9gional, Monsieur le Directeur R\u00e9gional, La d\u00e9cision gouvernementale de supprimer plusieurs milliers de contrats aid\u00e9s dans les \u00e9coles et \u00e9tablissements au moment de la rentr\u00e9e scolaire [&hellip;]","og_url":"https:\/\/regions-snetap-fsu.fr\/pdl\/2017\/10\/14\/non-a-la-suppression-des-emplois-aides\/","og_site_name":"PAYS DE LA LOIRE","article_published_time":"2017-10-13T22:54:49+00:00","author":"yvigner","twitter_card":"summary_large_image","twitter_misc":{"\u00c9crit par":"yvigner","Dur\u00e9e de lecture estim\u00e9e":"3 minutes"},"schema":{"@context":"https:\/\/schema.org","@graph":[{"@type":"Article","@id":"https:\/\/regions-snetap-fsu.fr\/pdl\/2017\/10\/14\/non-a-la-suppression-des-emplois-aides\/#article","isPartOf":{"@id":"https:\/\/regions-snetap-fsu.fr\/pdl\/2017\/10\/14\/non-a-la-suppression-des-emplois-aides\/"},"author":{"name":"yvigner","@id":"https:\/\/regions-snetap-fsu.fr\/pdl\/#\/schema\/person\/d4530af043f9e8d27bdd71c468ec93b1"},"headline":"NON \u00e0 la suppression des emplois aid\u00e9s","datePublished":"2017-10-13T22:54:49+00:00","mainEntityOfPage":{"@id":"https:\/\/regions-snetap-fsu.fr\/pdl\/2017\/10\/14\/non-a-la-suppression-des-emplois-aides\/"},"wordCount":591,"publisher":{"@id":"https:\/\/regions-snetap-fsu.fr\/pdl\/#organization"},"articleSection":["Courriers de la section r\u00e9gionale"],"inLanguage":"fr-FR"},{"@type":"WebPage","@id":"https:\/\/regions-snetap-fsu.fr\/pdl\/2017\/10\/14\/non-a-la-suppression-des-emplois-aides\/","url":"https:\/\/regions-snetap-fsu.fr\/pdl\/2017\/10\/14\/non-a-la-suppression-des-emplois-aides\/","name":"NON \u00e0 la suppression des emplois aid\u00e9s - PAYS DE LA LOIRE","isPartOf":{"@id":"https:\/\/regions-snetap-fsu.fr\/pdl\/#website"},"datePublished":"2017-10-13T22:54:49+00:00","breadcrumb":{"@id":"https:\/\/regions-snetap-fsu.fr\/pdl\/2017\/10\/14\/non-a-la-suppression-des-emplois-aides\/#breadcrumb"},"inLanguage":"fr-FR","potentialAction":[{"@type":"ReadAction","target":["https:\/\/regions-snetap-fsu.fr\/pdl\/2017\/10\/14\/non-a-la-suppression-des-emplois-aides\/"]}]},{"@type":"BreadcrumbList","@id":"https:\/\/regions-snetap-fsu.fr\/pdl\/2017\/10\/14\/non-a-la-suppression-des-emplois-aides\/#breadcrumb","itemListElement":[{"@type":"ListItem","position":1,"name":"Accueil","item":"https:\/\/regions-snetap-fsu.fr\/pdl\/"},{"@type":"ListItem","position":2,"name":"NON \u00e0 la suppression des emplois aid\u00e9s"}]},{"@type":"WebSite","@id":"https:\/\/regions-snetap-fsu.fr\/pdl\/#website","url":"https:\/\/regions-snetap-fsu.fr\/pdl\/","name":"SNETAP-FSU PAYS DE LA LOIRE","description":"SECTION REGIONALE","publisher":{"@id":"https:\/\/regions-snetap-fsu.fr\/pdl\/#organization"},"potentialAction":[{"@type":"SearchAction","target":{"@type":"EntryPoint","urlTemplate":"https:\/\/regions-snetap-fsu.fr\/pdl\/?s={search_term_string}"},"query-input":{"@type":"PropertyValueSpecification","valueRequired":true,"valueName":"search_term_string"}}],"inLanguage":"fr-FR"},{"@type":"Organization","@id":"https:\/\/regions-snetap-fsu.fr\/pdl\/#organization","name":"SNETAP-FSU Pays de Loire","url":"https:\/\/regions-snetap-fsu.fr\/pdl\/","logo":{"@type":"ImageObject","inLanguage":"fr-FR","@id":"https:\/\/regions-snetap-fsu.fr\/pdl\/#\/schema\/logo\/image\/","url":"https:\/\/regions-snetap-fsu.fr\/pdl\/wp-content\/uploads\/sites\/4\/2020\/12\/SNETAP-Logo.jpg","contentUrl":"https:\/\/regions-snetap-fsu.fr\/pdl\/wp-content\/uploads\/sites\/4\/2020\/12\/SNETAP-Logo.jpg","width":464,"height":334,"caption":"SNETAP-FSU Pays de Loire"},"image":{"@id":"https:\/\/regions-snetap-fsu.fr\/pdl\/#\/schema\/logo\/image\/"}},{"@type":"Person","@id":"https:\/\/regions-snetap-fsu.fr\/pdl\/#\/schema\/person\/d4530af043f9e8d27bdd71c468ec93b1","name":"yvigner","image":{"@type":"ImageObject","inLanguage":"fr-FR","@id":"https:\/\/secure.gravatar.com\/avatar\/bc72baa6f2406549aecf77a837bc4f03dbe88472c1762138f868571430a23820?s=96&d=mm&r=g","url":"https:\/\/secure.gravatar.com\/avatar\/bc72baa6f2406549aecf77a837bc4f03dbe88472c1762138f868571430a23820?s=96&d=mm&r=g","contentUrl":"https:\/\/secure.gravatar.com\/avatar\/bc72baa6f2406549aecf77a837bc4f03dbe88472c1762138f868571430a23820?s=96&d=mm&r=g","caption":"yvigner"},"url":"https:\/\/regions-snetap-fsu.fr\/pdl\/author\/yvigner\/"}]}},"_links":{"self":[{"href":"https:\/\/regions-snetap-fsu.fr\/pdl\/wp-json\/wp\/v2\/posts\/682","targetHints":{"allow":["GET"]}}],"collection":[{"href":"https:\/\/regions-snetap-fsu.fr\/pdl\/wp-json\/wp\/v2\/posts"}],"about":[{"href":"https:\/\/regions-snetap-fsu.fr\/pdl\/wp-json\/wp\/v2\/types\/post"}],"author":[{"embeddable":true,"href":"https:\/\/regions-snetap-fsu.fr\/pdl\/wp-json\/wp\/v2\/users\/2"}],"replies":[{"embeddable":true,"href":"https:\/\/regions-snetap-fsu.fr\/pdl\/wp-json\/wp\/v2\/comments?post=682"}],"version-history":[{"count":0,"href":"https:\/\/regions-snetap-fsu.fr\/pdl\/wp-json\/wp\/v2\/posts\/682\/revisions"}],"wp:attachment":[{"href":"https:\/\/regions-snetap-fsu.fr\/pdl\/wp-json\/wp\/v2\/media?parent=682"}],"wp:term":[{"taxonomy":"category","embeddable":true,"href":"https:\/\/regions-snetap-fsu.fr\/pdl\/wp-json\/wp\/v2\/categories?post=682"},{"taxonomy":"post_tag","embeddable":true,"href":"https:\/\/regions-snetap-fsu.fr\/pdl\/wp-json\/wp\/v2\/tags?post=682"},{"taxonomy":"post_folder","embeddable":true,"href":"https:\/\/regions-snetap-fsu.fr\/pdl\/wp-json\/wp\/v2\/post_folder?post=682"}],"curies":[{"name":"wp","href":"https:\/\/api.w.org\/{rel}","templated":true}]}}