{"id":675,"date":"2016-10-14T00:12:28","date_gmt":"2016-10-13T22:12:28","guid":{"rendered":"http:\/\/snetap-fsu.fr\/comp\/pdl\/?p=675"},"modified":"2016-10-14T00:12:28","modified_gmt":"2016-10-13T22:12:28","slug":"cfa-cfppa-rattraper-ces-heures-apres-un-arret-de-travail-cest-non","status":"publish","type":"post","link":"https:\/\/regions-snetap-fsu.fr\/pdl\/2016\/10\/14\/cfa-cfppa-rattraper-ces-heures-apres-un-arret-de-travail-cest-non\/","title":{"rendered":"CFA-CFPPA : rattraper ces heures apr\u00e8s un arr\u00eat de travail&#8230;C&#039;EST NON !"},"content":{"rendered":"<h3 style=\"text-align: left\" align=\"right\">CFA-CFPPA : rattraper ces heures apr\u00e8s un arr\u00eat de travail&#8230;C&rsquo;EST NON !<\/h3>\n<p class=\"western\" align=\"right\"><span style=\"font-family: Arial, sans-serif\"><span style=\"font-size: small\">Le Mans, le 9 mars 2016<\/span><\/span><\/p>\n<p class=\"western\" align=\"right\"><span style=\"font-family: Arial, sans-serif\"><span style=\"font-size: small\">A Madame LEBON<\/span><\/span><\/p>\n<p class=\"western\" align=\"right\"><span style=\"font-family: Arial, sans-serif\"><span style=\"font-size: small\">Directrice R\u00e9gionale de l&rsquo;Agriculture et de la For\u00eat<\/span><\/span><\/p>\n<p class=\"western\" align=\"justify\"><span style=\"font-family: Arial, sans-serif\"><span style=\"font-size: small\">Madame la Directrice R\u00e9gionale,<\/span><\/span><\/p>\n<p class=\"western\" align=\"justify\"><span style=\"font-family: Arial, sans-serif\"><span style=\"font-size: small\">Nous tenons \u00e0 porter \u00e0 votre connaissance quelques \u00e9l\u00e9ments concernant les arr\u00eats de travail des enseignants formateurs en CFA-CFPPA en R\u00e9gion Pays de la Loire.<\/span><\/span><\/p>\n<p class=\"western\" align=\"justify\"><span style=\"font-family: Arial, sans-serif\"><span style=\"font-size: small\">Dans plusieurs centres de la R\u00e9gion, la direction impose aux enseignants formateurs de \u00ab\u00a0rattraper\u00a0\u00bb leurs heures au retour d\u2019un arr\u00eat (de travail, d\u2019accidents du travail\u2026) et nous avons eu connaissance d\u2019un centre dans lequel ces \u00ab\u00a0heures suppl\u00e9mentaires impos\u00e9es\u00a0\u00bb n\u2019\u00e9taient m\u00eame pas prises en compte dans le total des heures travaill\u00e9es des agents, ce qui revient \u00e0 d\u00e9nier les droits les plus \u00e9l\u00e9mentaires sur la question des arr\u00eats de travail.<\/span><\/span><\/p>\n<p class=\"western\" align=\"justify\"><span style=\"font-family: Arial, sans-serif\"><span style=\"font-size: small\">Aussi, nous vous demandons de rappeler avec force aux directeurs d\u2019EPL ainsi qu\u2019aux directeurs des CFA et CFPPA la circulaire minist\u00e9rielle DGER\/FOPDAC\/C98\/N\u00b02001 du 20 mars 1998 et la note de service DGER\/FOPDAC\u00adACE\/N\u00b098\/N\u00b02095 du 7 octobre 1998 dont nous citons l\u2019extrait suivant\u00a0:<\/span><\/span><\/p>\n<p class=\"western\" align=\"justify\"><span style=\"font-family: Arial, sans-serif\"><span style=\"font-size: small\"><i>PARTIE II<\/i><\/span><\/span><\/p>\n<p class=\"western\" align=\"justify\"><span style=\"font-family: Arial, sans-serif\"><span style=\"font-size: small\"><i>Conditions d\u2019emploi : orientations nationales<\/i><\/span><\/span><\/p>\n<p class=\"western\" align=\"justify\"><span style=\"font-family: Arial, sans-serif\"><span style=\"font-size: small\"><i>II.1. Les formateurs<\/i><\/span><\/span><\/p>\n<p class=\"western\" align=\"justify\"><span style=\"font-family: Arial, sans-serif\"><span style=\"font-size: small\"><i>Le d\u00e9compte des absences l\u00e9gales.<\/i><\/span><\/span><\/p>\n<p class=\"western\" align=\"justify\"><span style=\"font-family: Arial, sans-serif\"><span style=\"font-size: small\"><i>Les absences pour cong\u00e9s de maladie, de maternit\u00e9, de formation sont d\u00e9ductibles des obligations annuelles de service et calcul\u00e9es selon les modalit\u00e9s suivantes : les obligations de service \u00e9tant d\u00e9compt\u00e9es en heures, il convient de convertir les jours d\u2019absence en heures de service, \u00e0 cette fin, on utilise la notion de temps moyen de service, ce dernier r\u00e9sulte du ratio : (temps de travail annuel \/ (nombre de semaines de service x 5 jours)) X nombre jour d&rsquo;absence et de veiller \u00e0 l\u2019application dans les CFA et CFPPA de la r\u00e8gle qui s\u2019impose \u00e0 tous et dont vous \u00eates le garant.<\/i><\/span><\/span><\/p>\n<p class=\"western\" align=\"justify\"><span style=\"font-family: Arial, sans-serif\"><span style=\"font-size: small\">Nous porterons cette question \u00e0 la prochaine r\u00e9union de la Commission de suivi du protocole de gestion des ACB en CFA et CFPPA.<\/span><\/span><\/p>\n<p class=\"western\" align=\"justify\"><span style=\"font-family: Arial, sans-serif\"><span style=\"font-size: small\">Nous vous remercions par avance et nous vous prions d&rsquo;agr\u00e9er Madame la Directrice R\u00e9gionale, nos plus sinc\u00e8res salutations.<\/span><\/span><\/p>\n<p class=\"western\" align=\"right\"><span style=\"font-family: Arial, sans-serif\"><span style=\"font-size: small\"><b>Pour la section r\u00e9gionale SNETAP FSU,<\/b><\/span><\/span><\/p>\n<p class=\"western\" align=\"right\"><span style=\"font-family: Arial, sans-serif\"><span style=\"font-size: small\">Thierry NOUCHY, Secr\u00e9taire r\u00e9gional adjoint<\/span><\/span><\/p>\n<p class=\"western\" align=\"right\"><span style=\"font-family: Arial, sans-serif\"><span style=\"font-size: small\">Yoann VIGNER, Secr\u00e9taire r\u00e9gional<\/span><\/span><\/p>\n<p class=\"western\"><a name=\"_GoBack\"><\/a> <span style=\"font-family: Arial, sans-serif\"><span style=\"font-size: small\">Copie \u00e0 directeurs EPL, directeurs CFA, directeurs CFPPA<\/span><\/span><\/p>\n\n\t\t<div class=\"wppdfemb-frame-container-1\" style=\"-webkit-overflow-scrolling:auto;\">\n\t\t\t<iframe class=\"pdfembed-iframe nonfullscreen wppdf-emb-iframe-1\"\n\t\t\t\tsrc=\"https:\/\/regions-snetap-fsu.fr\/pdl\/?pdfemb-data=eyJ1cmwiOiJodHRwczpcL1wvcmVnaW9ucy1zbmV0YXAtZnN1LmZyXC9wZGxcL3dwLWNvbnRlbnRcL3VwbG9hZHNcL3NpdGVzXC80XC8yMDE3XC8xMFwvQ291cnJpZXItRGlyZWN0ZXVycy1DRkEtQ0ZQUEEtUERMLTktMy0xNi5wZGYiLCJ0aXRsZSI6IkNvdXJyaWVyIERpcmVjdGV1cnMgQ0ZBIENGUFBBIFBETCA5IDMgMTYiLCJpbmRleCI6MSwicGRmSUQiOjY3N30\"\n\t\t\t\ttitle=\"Courrier Directeurs CFA CFPPA PDL 9 3 16\"\t\t\t\tdata-pdf-id=\"677\"\n\t\t\t\tdata-pdf-index=\"1\"\n\t\t\t\tstyle=\"border:none;width:100%;max-width:100%;height:100vh;\"\n\t\t\t\tscrolling=\"yes\">\n\t\t\t<\/iframe>\n\t\t<\/div>\n\n\t\t\n","protected":false},"excerpt":{"rendered":"<p>CFA-CFPPA : rattraper ces heures apr\u00e8s un arr\u00eat de travail&#8230;C&rsquo;EST NON ! Le Mans, le 9 mars 2016 A Madame LEBON Directrice R\u00e9gionale de l&rsquo;Agriculture et de la For\u00eat Madame la Directrice R\u00e9gionale, Nous tenons \u00e0 porter \u00e0 votre connaissance quelques \u00e9l\u00e9ments concernant les arr\u00eats de travail des enseignants formateurs en CFA-CFPPA en R\u00e9gion Pays [&hellip;]<\/p>\n","protected":false},"author":2,"featured_media":0,"comment_status":"closed","ping_status":"closed","sticky":false,"template":"","format":"standard","meta":{"ocean_post_layout":"","ocean_both_sidebars_style":"","ocean_both_sidebars_content_width":0,"ocean_both_sidebars_sidebars_width":0,"ocean_sidebar":"","ocean_second_sidebar":"","ocean_disable_margins":"enable","ocean_add_body_class":"","ocean_shortcode_before_top_bar":"","ocean_shortcode_after_top_bar":"","ocean_shortcode_before_header":"","ocean_shortcode_after_header":"","ocean_has_shortcode":"","ocean_shortcode_after_title":"","ocean_shortcode_before_footer_widgets":"","ocean_shortcode_after_footer_widgets":"","ocean_shortcode_before_footer_bottom":"","ocean_shortcode_after_footer_bottom":"","ocean_display_top_bar":"default","ocean_display_header":"default","ocean_header_style":"","ocean_center_header_left_menu":"","ocean_custom_header_template":"","ocean_custom_logo":0,"ocean_custom_retina_logo":0,"ocean_custom_logo_max_width":0,"ocean_custom_logo_tablet_max_width":0,"ocean_custom_logo_mobile_max_width":0,"ocean_custom_logo_max_height":0,"ocean_custom_logo_tablet_max_height":0,"ocean_custom_logo_mobile_max_height":0,"ocean_header_custom_menu":"","ocean_menu_typo_font_family":"","ocean_menu_typo_font_subset":"","ocean_menu_typo_font_size":0,"ocean_menu_typo_font_size_tablet":0,"ocean_menu_typo_font_size_mobile":0,"ocean_menu_typo_font_size_unit":"px","ocean_menu_typo_font_weight":"","ocean_menu_typo_font_weight_tablet":"","ocean_menu_typo_font_weight_mobile":"","ocean_menu_typo_transform":"","ocean_menu_typo_transform_tablet":"","ocean_menu_typo_transform_mobile":"","ocean_menu_typo_line_height":0,"ocean_menu_typo_line_height_tablet":0,"ocean_menu_typo_line_height_mobile":0,"ocean_menu_typo_line_height_unit":"","ocean_menu_typo_spacing":0,"ocean_menu_typo_spacing_tablet":0,"ocean_menu_typo_spacing_mobile":0,"ocean_menu_typo_spacing_unit":"","ocean_menu_link_color":"","ocean_menu_link_color_hover":"","ocean_menu_link_color_active":"","ocean_menu_link_background":"","ocean_menu_link_hover_background":"","ocean_menu_link_active_background":"","ocean_menu_social_links_bg":"","ocean_menu_social_hover_links_bg":"","ocean_menu_social_links_color":"","ocean_menu_social_hover_links_color":"","ocean_disable_title":"default","ocean_disable_heading":"default","ocean_post_title":"","ocean_post_subheading":"","ocean_post_title_style":"","ocean_post_title_background_color":"","ocean_post_title_background":0,"ocean_post_title_bg_image_position":"","ocean_post_title_bg_image_attachment":"","ocean_post_title_bg_image_repeat":"","ocean_post_title_bg_image_size":"","ocean_post_title_height":0,"ocean_post_title_bg_overlay":0.5,"ocean_post_title_bg_overlay_color":"","ocean_disable_breadcrumbs":"default","ocean_breadcrumbs_color":"","ocean_breadcrumbs_separator_color":"","ocean_breadcrumbs_links_color":"","ocean_breadcrumbs_links_hover_color":"","ocean_display_footer_widgets":"default","ocean_display_footer_bottom":"default","ocean_custom_footer_template":"","ocean_post_oembed":"","ocean_post_self_hosted_media":"","ocean_post_video_embed":"","ocean_link_format":"","ocean_link_format_target":"self","ocean_quote_format":"","ocean_quote_format_link":"post","ocean_gallery_link_images":"on","ocean_gallery_id":[],"footnotes":""},"categories":[4],"tags":[],"post_folder":[],"class_list":["post-675","post","type-post","status-publish","format-standard","hentry","category-secteur-cfacfppa","entry"],"yoast_head":"<!-- This site is optimized with the Yoast SEO plugin v27.4 - https:\/\/yoast.com\/product\/yoast-seo-wordpress\/ -->\n<title>CFA-CFPPA : rattraper ces heures apr\u00e8s un arr\u00eat de travail...C&#039;EST NON ! - PAYS DE LA LOIRE<\/title>\n<meta name=\"robots\" content=\"index, follow, max-snippet:-1, max-image-preview:large, max-video-preview:-1\" \/>\n<link rel=\"canonical\" href=\"https:\/\/regions-snetap-fsu.fr\/pdl\/2016\/10\/14\/cfa-cfppa-rattraper-ces-heures-apres-un-arret-de-travail-cest-non\/\" \/>\n<meta property=\"og:locale\" content=\"fr_FR\" \/>\n<meta property=\"og:type\" content=\"article\" \/>\n<meta property=\"og:title\" content=\"CFA-CFPPA : rattraper ces heures apr\u00e8s un arr\u00eat de travail...C&#039;EST NON ! - PAYS DE LA LOIRE\" \/>\n<meta property=\"og:description\" content=\"CFA-CFPPA : rattraper ces heures apr\u00e8s un arr\u00eat de travail&#8230;C&rsquo;EST NON ! Le Mans, le 9 mars 2016 A Madame LEBON Directrice R\u00e9gionale de l&rsquo;Agriculture et de la For\u00eat Madame la Directrice R\u00e9gionale, Nous tenons \u00e0 porter \u00e0 votre connaissance quelques \u00e9l\u00e9ments concernant les arr\u00eats de travail des enseignants formateurs en CFA-CFPPA en R\u00e9gion Pays [&hellip;]\" \/>\n<meta property=\"og:url\" content=\"https:\/\/regions-snetap-fsu.fr\/pdl\/2016\/10\/14\/cfa-cfppa-rattraper-ces-heures-apres-un-arret-de-travail-cest-non\/\" \/>\n<meta property=\"og:site_name\" content=\"PAYS DE LA LOIRE\" \/>\n<meta property=\"article:published_time\" content=\"2016-10-13T22:12:28+00:00\" \/>\n<meta name=\"author\" content=\"yvigner\" \/>\n<meta name=\"twitter:card\" content=\"summary_large_image\" \/>\n<meta name=\"twitter:label1\" content=\"\u00c9crit par\" \/>\n\t<meta name=\"twitter:data1\" content=\"yvigner\" \/>\n\t<meta name=\"twitter:label2\" content=\"Dur\u00e9e de lecture estim\u00e9e\" \/>\n\t<meta name=\"twitter:data2\" content=\"2 minutes\" \/>\n<script type=\"application\/ld+json\" class=\"yoast-schema-graph\">{\"@context\":\"https:\\\/\\\/schema.org\",\"@graph\":[{\"@type\":\"Article\",\"@id\":\"https:\\\/\\\/regions-snetap-fsu.fr\\\/pdl\\\/2016\\\/10\\\/14\\\/cfa-cfppa-rattraper-ces-heures-apres-un-arret-de-travail-cest-non\\\/#article\",\"isPartOf\":{\"@id\":\"https:\\\/\\\/regions-snetap-fsu.fr\\\/pdl\\\/2016\\\/10\\\/14\\\/cfa-cfppa-rattraper-ces-heures-apres-un-arret-de-travail-cest-non\\\/\"},\"author\":{\"name\":\"yvigner\",\"@id\":\"https:\\\/\\\/regions-snetap-fsu.fr\\\/pdl\\\/#\\\/schema\\\/person\\\/d4530af043f9e8d27bdd71c468ec93b1\"},\"headline\":\"CFA-CFPPA : rattraper ces heures apr\u00e8s un arr\u00eat de travail&#8230;C&#039;EST NON !\",\"datePublished\":\"2016-10-13T22:12:28+00:00\",\"mainEntityOfPage\":{\"@id\":\"https:\\\/\\\/regions-snetap-fsu.fr\\\/pdl\\\/2016\\\/10\\\/14\\\/cfa-cfppa-rattraper-ces-heures-apres-un-arret-de-travail-cest-non\\\/\"},\"wordCount\":420,\"publisher\":{\"@id\":\"https:\\\/\\\/regions-snetap-fsu.fr\\\/pdl\\\/#organization\"},\"articleSection\":[\"Secteur CFA\\\/CFPPA\"],\"inLanguage\":\"fr-FR\"},{\"@type\":\"WebPage\",\"@id\":\"https:\\\/\\\/regions-snetap-fsu.fr\\\/pdl\\\/2016\\\/10\\\/14\\\/cfa-cfppa-rattraper-ces-heures-apres-un-arret-de-travail-cest-non\\\/\",\"url\":\"https:\\\/\\\/regions-snetap-fsu.fr\\\/pdl\\\/2016\\\/10\\\/14\\\/cfa-cfppa-rattraper-ces-heures-apres-un-arret-de-travail-cest-non\\\/\",\"name\":\"CFA-CFPPA : rattraper ces heures apr\u00e8s un arr\u00eat de travail...C&#039;EST NON ! - PAYS DE LA LOIRE\",\"isPartOf\":{\"@id\":\"https:\\\/\\\/regions-snetap-fsu.fr\\\/pdl\\\/#website\"},\"datePublished\":\"2016-10-13T22:12:28+00:00\",\"breadcrumb\":{\"@id\":\"https:\\\/\\\/regions-snetap-fsu.fr\\\/pdl\\\/2016\\\/10\\\/14\\\/cfa-cfppa-rattraper-ces-heures-apres-un-arret-de-travail-cest-non\\\/#breadcrumb\"},\"inLanguage\":\"fr-FR\",\"potentialAction\":[{\"@type\":\"ReadAction\",\"target\":[\"https:\\\/\\\/regions-snetap-fsu.fr\\\/pdl\\\/2016\\\/10\\\/14\\\/cfa-cfppa-rattraper-ces-heures-apres-un-arret-de-travail-cest-non\\\/\"]}]},{\"@type\":\"BreadcrumbList\",\"@id\":\"https:\\\/\\\/regions-snetap-fsu.fr\\\/pdl\\\/2016\\\/10\\\/14\\\/cfa-cfppa-rattraper-ces-heures-apres-un-arret-de-travail-cest-non\\\/#breadcrumb\",\"itemListElement\":[{\"@type\":\"ListItem\",\"position\":1,\"name\":\"Accueil\",\"item\":\"https:\\\/\\\/regions-snetap-fsu.fr\\\/pdl\\\/\"},{\"@type\":\"ListItem\",\"position\":2,\"name\":\"CFA-CFPPA : rattraper ces heures apr\u00e8s un arr\u00eat de travail&#8230;C&#039;EST NON !\"}]},{\"@type\":\"WebSite\",\"@id\":\"https:\\\/\\\/regions-snetap-fsu.fr\\\/pdl\\\/#website\",\"url\":\"https:\\\/\\\/regions-snetap-fsu.fr\\\/pdl\\\/\",\"name\":\"SNETAP-FSU PAYS DE LA LOIRE\",\"description\":\"SECTION REGIONALE\",\"publisher\":{\"@id\":\"https:\\\/\\\/regions-snetap-fsu.fr\\\/pdl\\\/#organization\"},\"potentialAction\":[{\"@type\":\"SearchAction\",\"target\":{\"@type\":\"EntryPoint\",\"urlTemplate\":\"https:\\\/\\\/regions-snetap-fsu.fr\\\/pdl\\\/?s={search_term_string}\"},\"query-input\":{\"@type\":\"PropertyValueSpecification\",\"valueRequired\":true,\"valueName\":\"search_term_string\"}}],\"inLanguage\":\"fr-FR\"},{\"@type\":\"Organization\",\"@id\":\"https:\\\/\\\/regions-snetap-fsu.fr\\\/pdl\\\/#organization\",\"name\":\"SNETAP-FSU Pays de Loire\",\"url\":\"https:\\\/\\\/regions-snetap-fsu.fr\\\/pdl\\\/\",\"logo\":{\"@type\":\"ImageObject\",\"inLanguage\":\"fr-FR\",\"@id\":\"https:\\\/\\\/regions-snetap-fsu.fr\\\/pdl\\\/#\\\/schema\\\/logo\\\/image\\\/\",\"url\":\"https:\\\/\\\/regions-snetap-fsu.fr\\\/pdl\\\/wp-content\\\/uploads\\\/sites\\\/4\\\/2020\\\/12\\\/SNETAP-Logo.jpg\",\"contentUrl\":\"https:\\\/\\\/regions-snetap-fsu.fr\\\/pdl\\\/wp-content\\\/uploads\\\/sites\\\/4\\\/2020\\\/12\\\/SNETAP-Logo.jpg\",\"width\":464,\"height\":334,\"caption\":\"SNETAP-FSU Pays de Loire\"},\"image\":{\"@id\":\"https:\\\/\\\/regions-snetap-fsu.fr\\\/pdl\\\/#\\\/schema\\\/logo\\\/image\\\/\"}},{\"@type\":\"Person\",\"@id\":\"https:\\\/\\\/regions-snetap-fsu.fr\\\/pdl\\\/#\\\/schema\\\/person\\\/d4530af043f9e8d27bdd71c468ec93b1\",\"name\":\"yvigner\",\"image\":{\"@type\":\"ImageObject\",\"inLanguage\":\"fr-FR\",\"@id\":\"https:\\\/\\\/secure.gravatar.com\\\/avatar\\\/bc72baa6f2406549aecf77a837bc4f03dbe88472c1762138f868571430a23820?s=96&d=mm&r=g\",\"url\":\"https:\\\/\\\/secure.gravatar.com\\\/avatar\\\/bc72baa6f2406549aecf77a837bc4f03dbe88472c1762138f868571430a23820?s=96&d=mm&r=g\",\"contentUrl\":\"https:\\\/\\\/secure.gravatar.com\\\/avatar\\\/bc72baa6f2406549aecf77a837bc4f03dbe88472c1762138f868571430a23820?s=96&d=mm&r=g\",\"caption\":\"yvigner\"},\"url\":\"https:\\\/\\\/regions-snetap-fsu.fr\\\/pdl\\\/author\\\/yvigner\\\/\"}]}<\/script>\n<!-- \/ Yoast SEO plugin. -->","yoast_head_json":{"title":"CFA-CFPPA : rattraper ces heures apr\u00e8s un arr\u00eat de travail...C&#039;EST NON ! - PAYS DE LA LOIRE","robots":{"index":"index","follow":"follow","max-snippet":"max-snippet:-1","max-image-preview":"max-image-preview:large","max-video-preview":"max-video-preview:-1"},"canonical":"https:\/\/regions-snetap-fsu.fr\/pdl\/2016\/10\/14\/cfa-cfppa-rattraper-ces-heures-apres-un-arret-de-travail-cest-non\/","og_locale":"fr_FR","og_type":"article","og_title":"CFA-CFPPA : rattraper ces heures apr\u00e8s un arr\u00eat de travail...C&#039;EST NON ! - PAYS DE LA LOIRE","og_description":"CFA-CFPPA : rattraper ces heures apr\u00e8s un arr\u00eat de travail&#8230;C&rsquo;EST NON ! Le Mans, le 9 mars 2016 A Madame LEBON Directrice R\u00e9gionale de l&rsquo;Agriculture et de la For\u00eat Madame la Directrice R\u00e9gionale, Nous tenons \u00e0 porter \u00e0 votre connaissance quelques \u00e9l\u00e9ments concernant les arr\u00eats de travail des enseignants formateurs en CFA-CFPPA en R\u00e9gion Pays [&hellip;]","og_url":"https:\/\/regions-snetap-fsu.fr\/pdl\/2016\/10\/14\/cfa-cfppa-rattraper-ces-heures-apres-un-arret-de-travail-cest-non\/","og_site_name":"PAYS DE LA LOIRE","article_published_time":"2016-10-13T22:12:28+00:00","author":"yvigner","twitter_card":"summary_large_image","twitter_misc":{"\u00c9crit par":"yvigner","Dur\u00e9e de lecture estim\u00e9e":"2 minutes"},"schema":{"@context":"https:\/\/schema.org","@graph":[{"@type":"Article","@id":"https:\/\/regions-snetap-fsu.fr\/pdl\/2016\/10\/14\/cfa-cfppa-rattraper-ces-heures-apres-un-arret-de-travail-cest-non\/#article","isPartOf":{"@id":"https:\/\/regions-snetap-fsu.fr\/pdl\/2016\/10\/14\/cfa-cfppa-rattraper-ces-heures-apres-un-arret-de-travail-cest-non\/"},"author":{"name":"yvigner","@id":"https:\/\/regions-snetap-fsu.fr\/pdl\/#\/schema\/person\/d4530af043f9e8d27bdd71c468ec93b1"},"headline":"CFA-CFPPA : rattraper ces heures apr\u00e8s un arr\u00eat de travail&#8230;C&#039;EST NON !","datePublished":"2016-10-13T22:12:28+00:00","mainEntityOfPage":{"@id":"https:\/\/regions-snetap-fsu.fr\/pdl\/2016\/10\/14\/cfa-cfppa-rattraper-ces-heures-apres-un-arret-de-travail-cest-non\/"},"wordCount":420,"publisher":{"@id":"https:\/\/regions-snetap-fsu.fr\/pdl\/#organization"},"articleSection":["Secteur CFA\/CFPPA"],"inLanguage":"fr-FR"},{"@type":"WebPage","@id":"https:\/\/regions-snetap-fsu.fr\/pdl\/2016\/10\/14\/cfa-cfppa-rattraper-ces-heures-apres-un-arret-de-travail-cest-non\/","url":"https:\/\/regions-snetap-fsu.fr\/pdl\/2016\/10\/14\/cfa-cfppa-rattraper-ces-heures-apres-un-arret-de-travail-cest-non\/","name":"CFA-CFPPA : rattraper ces heures apr\u00e8s un arr\u00eat de travail...C&#039;EST NON ! - PAYS DE LA LOIRE","isPartOf":{"@id":"https:\/\/regions-snetap-fsu.fr\/pdl\/#website"},"datePublished":"2016-10-13T22:12:28+00:00","breadcrumb":{"@id":"https:\/\/regions-snetap-fsu.fr\/pdl\/2016\/10\/14\/cfa-cfppa-rattraper-ces-heures-apres-un-arret-de-travail-cest-non\/#breadcrumb"},"inLanguage":"fr-FR","potentialAction":[{"@type":"ReadAction","target":["https:\/\/regions-snetap-fsu.fr\/pdl\/2016\/10\/14\/cfa-cfppa-rattraper-ces-heures-apres-un-arret-de-travail-cest-non\/"]}]},{"@type":"BreadcrumbList","@id":"https:\/\/regions-snetap-fsu.fr\/pdl\/2016\/10\/14\/cfa-cfppa-rattraper-ces-heures-apres-un-arret-de-travail-cest-non\/#breadcrumb","itemListElement":[{"@type":"ListItem","position":1,"name":"Accueil","item":"https:\/\/regions-snetap-fsu.fr\/pdl\/"},{"@type":"ListItem","position":2,"name":"CFA-CFPPA : rattraper ces heures apr\u00e8s un arr\u00eat de travail&#8230;C&#039;EST NON !"}]},{"@type":"WebSite","@id":"https:\/\/regions-snetap-fsu.fr\/pdl\/#website","url":"https:\/\/regions-snetap-fsu.fr\/pdl\/","name":"SNETAP-FSU PAYS DE LA LOIRE","description":"SECTION REGIONALE","publisher":{"@id":"https:\/\/regions-snetap-fsu.fr\/pdl\/#organization"},"potentialAction":[{"@type":"SearchAction","target":{"@type":"EntryPoint","urlTemplate":"https:\/\/regions-snetap-fsu.fr\/pdl\/?s={search_term_string}"},"query-input":{"@type":"PropertyValueSpecification","valueRequired":true,"valueName":"search_term_string"}}],"inLanguage":"fr-FR"},{"@type":"Organization","@id":"https:\/\/regions-snetap-fsu.fr\/pdl\/#organization","name":"SNETAP-FSU Pays de Loire","url":"https:\/\/regions-snetap-fsu.fr\/pdl\/","logo":{"@type":"ImageObject","inLanguage":"fr-FR","@id":"https:\/\/regions-snetap-fsu.fr\/pdl\/#\/schema\/logo\/image\/","url":"https:\/\/regions-snetap-fsu.fr\/pdl\/wp-content\/uploads\/sites\/4\/2020\/12\/SNETAP-Logo.jpg","contentUrl":"https:\/\/regions-snetap-fsu.fr\/pdl\/wp-content\/uploads\/sites\/4\/2020\/12\/SNETAP-Logo.jpg","width":464,"height":334,"caption":"SNETAP-FSU Pays de Loire"},"image":{"@id":"https:\/\/regions-snetap-fsu.fr\/pdl\/#\/schema\/logo\/image\/"}},{"@type":"Person","@id":"https:\/\/regions-snetap-fsu.fr\/pdl\/#\/schema\/person\/d4530af043f9e8d27bdd71c468ec93b1","name":"yvigner","image":{"@type":"ImageObject","inLanguage":"fr-FR","@id":"https:\/\/secure.gravatar.com\/avatar\/bc72baa6f2406549aecf77a837bc4f03dbe88472c1762138f868571430a23820?s=96&d=mm&r=g","url":"https:\/\/secure.gravatar.com\/avatar\/bc72baa6f2406549aecf77a837bc4f03dbe88472c1762138f868571430a23820?s=96&d=mm&r=g","contentUrl":"https:\/\/secure.gravatar.com\/avatar\/bc72baa6f2406549aecf77a837bc4f03dbe88472c1762138f868571430a23820?s=96&d=mm&r=g","caption":"yvigner"},"url":"https:\/\/regions-snetap-fsu.fr\/pdl\/author\/yvigner\/"}]}},"_links":{"self":[{"href":"https:\/\/regions-snetap-fsu.fr\/pdl\/wp-json\/wp\/v2\/posts\/675","targetHints":{"allow":["GET"]}}],"collection":[{"href":"https:\/\/regions-snetap-fsu.fr\/pdl\/wp-json\/wp\/v2\/posts"}],"about":[{"href":"https:\/\/regions-snetap-fsu.fr\/pdl\/wp-json\/wp\/v2\/types\/post"}],"author":[{"embeddable":true,"href":"https:\/\/regions-snetap-fsu.fr\/pdl\/wp-json\/wp\/v2\/users\/2"}],"replies":[{"embeddable":true,"href":"https:\/\/regions-snetap-fsu.fr\/pdl\/wp-json\/wp\/v2\/comments?post=675"}],"version-history":[{"count":0,"href":"https:\/\/regions-snetap-fsu.fr\/pdl\/wp-json\/wp\/v2\/posts\/675\/revisions"}],"wp:attachment":[{"href":"https:\/\/regions-snetap-fsu.fr\/pdl\/wp-json\/wp\/v2\/media?parent=675"}],"wp:term":[{"taxonomy":"category","embeddable":true,"href":"https:\/\/regions-snetap-fsu.fr\/pdl\/wp-json\/wp\/v2\/categories?post=675"},{"taxonomy":"post_tag","embeddable":true,"href":"https:\/\/regions-snetap-fsu.fr\/pdl\/wp-json\/wp\/v2\/tags?post=675"},{"taxonomy":"post_folder","embeddable":true,"href":"https:\/\/regions-snetap-fsu.fr\/pdl\/wp-json\/wp\/v2\/post_folder?post=675"}],"curies":[{"name":"wp","href":"https:\/\/api.w.org\/{rel}","templated":true}]}}