{"id":590,"date":"2017-09-16T11:32:03","date_gmt":"2017-09-16T09:32:03","guid":{"rendered":"http:\/\/snetap-fsu.fr\/comp\/pdl\/?p=590"},"modified":"2018-09-19T21:54:26","modified_gmt":"2018-09-19T19:54:26","slug":"tfr-iba-a-fontenay-le-comte-exigeons-la-creation-dun-poste-et-le-respect-des-personnes","status":"publish","type":"post","link":"https:\/\/regions-snetap-fsu.fr\/pdl\/2017\/09\/16\/tfr-iba-a-fontenay-le-comte-exigeons-la-creation-dun-poste-et-le-respect-des-personnes\/","title":{"rendered":"TFR IBA \u00e0 Fontenay le Comte : exigeons la cr\u00e9ation d&#039;un poste et le respect des personnes !"},"content":{"rendered":"<p class=\"western\" align=\"left\"><span style=\"color: #555555;font-size: 12pt\"><span style=\"font-family: Arial, sans-serif\">Paris, le 14 septembre 2017<\/span><\/span><\/p>\n<p class=\"western\" align=\"right\"><span style=\"font-size: 12pt\"><span style=\"color: #000000\"><span style=\"font-family: Arial, sans-serif\">A Monsieur P.VINCON \u2013 Directeur G\u00e9n\u00e9ral<br \/>\n<\/span><\/span><span style=\"color: #000080\"><span lang=\"zxx\"><a href=\"http:\/\/www.snetap-fsu.fr\/+-DGER-+.html\"><span style=\"color: #000000\"><span style=\"font-family: Arial, sans-serif\">DGER<\/span><\/span><\/a><\/span><\/span><span style=\"color: #000000\"><span style=\"font-family: Arial, sans-serif\"><br \/>\n19 avenue du Maine<br \/>\n75 015 PARIS<\/span><\/span><\/span><\/p>\n<p class=\"western\" align=\"justify\"><span style=\"font-family: Arial, sans-serif;font-size: 12pt\">Objet\u00a0: d\u00e9p\u00f4t d\u2019un pr\u00e9avis de gr\u00e8ve au LEGTA de Fontenay le Comte le 21 septembre 2017<\/span><\/p>\n<p class=\"western\" align=\"justify\"><span style=\"font-family: Arial, sans-serif;font-size: 12pt\">Monsieur le Directeur G\u00e9n\u00e9ral, <\/span><\/p>\n<p class=\"western\" align=\"justify\"><span style=\"font-size: 12pt\"><span style=\"color: #000000\"><span style=\"font-family: Arial, sans-serif\">Par la pr\u00e9sente, le SNETAP-<\/span><\/span><span style=\"color: #000080\"><span lang=\"zxx\"><a href=\"http:\/\/www.snetap-fsu.fr\/+-FSU-+.html\"><span style=\"color: #000000\"><span style=\"font-family: Arial, sans-serif\">FSU<\/span><\/span><\/a><\/span><\/span><span style=\"color: #000000\"><span style=\"font-family: Arial, sans-serif\">\u00a0d\u00e9pose \u00e0 la demande des personnels du lyc\u00e9e agricole de Fontenay le Comte, un\u00a0<\/span><\/span><strong><span style=\"color: #000000\"><span style=\"font-family: Arial, sans-serif\">pr\u00e9avis de gr\u00e8ve pour le jeudi 21 septembre 2017.<\/span><\/span><\/strong><\/span><\/p>\n<p class=\"western\" align=\"justify\"><span style=\"font-family: Arial, sans-serif;font-size: 12pt\">Depuis 2011, un Assistant d\u2019\u00c9ducation (AE) exer\u00e7ait \u00e0 temps plein la mission de technicien informatique (sans \u00eatre sur un poste de TFR IBA et pour cause). Arrivant au terme de ses 6 ann\u00e9es de contrat, il a fallu une d\u00e9cision tardive (suite \u00e0 une action des personnels) pour que dans l&rsquo;\u00e9t\u00e9, vos services cr\u00e9ent un demi-poste d&rsquo;ajustement, le compl\u00e9ment \u00e9tant cens\u00e9 \u00eatre fait par une entreprise priv\u00e9e (la soci\u00e9t\u00e9 DSMI). Cet \u00e9t\u00e9 (fin ao\u00fbt), annonce a \u00e9t\u00e9 faite de la possibilit\u00e9 de recrutement d\u2019un agent contractuel sur un demi-poste. L\u2019\u00e9tablissement s\u2019est mis en qu\u00eate de candidats. <\/span><\/p>\n<p class=\"western\" align=\"justify\"><span style=\"font-size: 12pt\"><span style=\"color: #000000\"><span style=\"font-family: Arial, sans-serif\">Un agent titulaire TFR IBA en cong\u00e9 parental (s\u2019achevant fin septembre 2017) a eu connaissance de cet appel \u00e0 candidature et a pris contact avec l\u2019\u00e9tablissement. La direction de l\u2019\u00e9tablissement s\u2019est alors, normalement tourn\u00e9e vers\u00a0l\u2019autorit\u00e9 acad\u00e9mique, DRAAF-SRFD qui a autoris\u00e9 le recrutement sur ce demi-poste. <\/span><\/span><span style=\"color: #222222\"><span style=\"font-family: Arial, sans-serif\">Fort de cette d\u00e9cision, le coll\u00e8gue s\u2019est rapproch\u00e9 de l\u2019\u00e9tablissement, a commenc\u00e9 \u00e0 s\u2019approprier le poste (codes divers, \u00e9changes avec la direction\u2026). Il s\u2019est rendu plusieurs jours sur son lieu de travail. Or, la semaine derni\u00e8re, la direction a inform\u00e9 l\u2019agent et la communaut\u00e9 \u00e9ducative que finalement l\u2019autorit\u00e9 acad\u00e9mique avait retir\u00e9 son autorisation de \u00ab\u00a0recrutement\u00a0\u00bb et que donc l\u2019agent ne devait plus venir dans l\u2019\u00e9tablissement qui devait proc\u00e9der \u00e0 un nouveau recrutement.<\/span><\/span><\/span><\/p>\n<p class=\"western\"><span style=\"font-family: Arial, sans-serif;font-size: 12pt\">Cette situation administrative totalement ubuesque est, pour nous de la responsabilit\u00e9 de l\u2019autorit\u00e9 acad\u00e9mique qui a plac\u00e9 l\u2019agent et sa famille dans une grande difficult\u00e9. <\/span><\/p>\n<p class=\"western\" align=\"justify\"><span style=\"font-family: Arial, sans-serif;font-size: 12pt\">Nous vous demandons donc de r\u00e9gulariser la situation de cet agent titulaire, en l&rsquo;affectant sur le poste qui anticipera donc la fin de son cong\u00e9 parental, d\u2019une part sur ce demi-poste TFR IBA et d\u2019autre part, en faisant para\u00eetre dans la mobilit\u00e9 le poste TFR IBA \u2013 le besoin existant de fait dans l\u2019\u00e9tablissement. Cette double d\u00e9cision permettrait \u00e0 la fois de r\u00e9gler humainement la situation et de revenir dans un cadre r\u00e9glementaire plus strict. <\/span><\/p>\n<p class=\"western\" align=\"justify\"><span style=\"font-family: Arial, sans-serif;font-size: 12pt\">Les arguments ou \u00ab\u00a0\u00e9l\u00e9ments de r\u00e9ponse\u00a0\u00bb avanc\u00e9s jusque l\u00e0 par la sous-direction EDC ne sauraient \u00e9puiser le sujet et cela pas plus pour les personnels de l&rsquo;\u00e9tablissement que pour le SNETAP-FSU. En effet, ce qui devrait primer ici c&rsquo;est l&rsquo;int\u00e9r\u00eat du LEGTA de Fontenay le Comte afin que des arbitrages rendus puissent r\u00e9sulter un service public renforc\u00e9, ce qui passe par autre chose qu&rsquo;un 50% d&rsquo;ajustement, et une solution qui soit humainement acceptable pour un agent qui n&rsquo;a ici eu pour seul tort, Monsieur le Directeur G\u00e9n\u00e9ral, que de se fier aux dires de votre administration. En l&rsquo;\u00e9tat la r\u00e9ponse n&rsquo;est clairement pas \u00e0 la hauteur, ce qui l\u00e9gitime ce d\u00e9p\u00f4t de pr\u00e9avis de gr\u00e8ve d&rsquo;une communaut\u00e9 de travail qui n&rsquo;accepte pas un tel traitement. <\/span><\/p>\n<p class=\"western\" align=\"right\"><span style=\"font-size: 12pt\"><strong><span style=\"font-family: Arial, sans-serif\">Pour le Secr\u00e9tariat G\u00e9n\u00e9ral du SNETAP-FSU,<br \/>\nF.CHASSAGNETTE<\/span><\/strong><\/span><\/p>\n<p class=\"western\" align=\"justify\"><span style=\"font-family: Arial, sans-serif;font-size: 12pt\">Copie \u00e0 Monsieur NENON, Chef du SRFD et \u00e0 Monsieur O.MARTIN, Directeur de l\u2019EPL de Fontenay le Comte<\/span><\/p>\n","protected":false},"excerpt":{"rendered":"<p>Paris, le 14 septembre 2017 A Monsieur P.VINCON \u2013 Directeur G\u00e9n\u00e9ral DGER 19 avenue du Maine 75 015 PARIS Objet\u00a0: d\u00e9p\u00f4t d\u2019un pr\u00e9avis de gr\u00e8ve au LEGTA de Fontenay le Comte le 21 septembre 2017 Monsieur le Directeur G\u00e9n\u00e9ral, Par la pr\u00e9sente, le SNETAP-FSU\u00a0d\u00e9pose \u00e0 la demande des personnels du lyc\u00e9e agricole de Fontenay le [&hellip;]<\/p>\n","protected":false},"author":2,"featured_media":0,"comment_status":"closed","ping_status":"closed","sticky":false,"template":"","format":"standard","meta":{"ocean_post_layout":"","ocean_both_sidebars_style":"","ocean_both_sidebars_content_width":0,"ocean_both_sidebars_sidebars_width":0,"ocean_sidebar":"","ocean_second_sidebar":"","ocean_disable_margins":"enable","ocean_add_body_class":"","ocean_shortcode_before_top_bar":"","ocean_shortcode_after_top_bar":"","ocean_shortcode_before_header":"","ocean_shortcode_after_header":"","ocean_has_shortcode":"","ocean_shortcode_after_title":"","ocean_shortcode_before_footer_widgets":"","ocean_shortcode_after_footer_widgets":"","ocean_shortcode_before_footer_bottom":"","ocean_shortcode_after_footer_bottom":"","ocean_display_top_bar":"default","ocean_display_header":"default","ocean_header_style":"","ocean_center_header_left_menu":"","ocean_custom_header_template":"","ocean_custom_logo":0,"ocean_custom_retina_logo":0,"ocean_custom_logo_max_width":0,"ocean_custom_logo_tablet_max_width":0,"ocean_custom_logo_mobile_max_width":0,"ocean_custom_logo_max_height":0,"ocean_custom_logo_tablet_max_height":0,"ocean_custom_logo_mobile_max_height":0,"ocean_header_custom_menu":"","ocean_menu_typo_font_family":"","ocean_menu_typo_font_subset":"","ocean_menu_typo_font_size":0,"ocean_menu_typo_font_size_tablet":0,"ocean_menu_typo_font_size_mobile":0,"ocean_menu_typo_font_size_unit":"px","ocean_menu_typo_font_weight":"","ocean_menu_typo_font_weight_tablet":"","ocean_menu_typo_font_weight_mobile":"","ocean_menu_typo_transform":"","ocean_menu_typo_transform_tablet":"","ocean_menu_typo_transform_mobile":"","ocean_menu_typo_line_height":0,"ocean_menu_typo_line_height_tablet":0,"ocean_menu_typo_line_height_mobile":0,"ocean_menu_typo_line_height_unit":"","ocean_menu_typo_spacing":0,"ocean_menu_typo_spacing_tablet":0,"ocean_menu_typo_spacing_mobile":0,"ocean_menu_typo_spacing_unit":"","ocean_menu_link_color":"","ocean_menu_link_color_hover":"","ocean_menu_link_color_active":"","ocean_menu_link_background":"","ocean_menu_link_hover_background":"","ocean_menu_link_active_background":"","ocean_menu_social_links_bg":"","ocean_menu_social_hover_links_bg":"","ocean_menu_social_links_color":"","ocean_menu_social_hover_links_color":"","ocean_disable_title":"default","ocean_disable_heading":"default","ocean_post_title":"","ocean_post_subheading":"","ocean_post_title_style":"","ocean_post_title_background_color":"","ocean_post_title_background":0,"ocean_post_title_bg_image_position":"","ocean_post_title_bg_image_attachment":"","ocean_post_title_bg_image_repeat":"","ocean_post_title_bg_image_size":"","ocean_post_title_height":0,"ocean_post_title_bg_overlay":0.5,"ocean_post_title_bg_overlay_color":"","ocean_disable_breadcrumbs":"default","ocean_breadcrumbs_color":"","ocean_breadcrumbs_separator_color":"","ocean_breadcrumbs_links_color":"","ocean_breadcrumbs_links_hover_color":"","ocean_display_footer_widgets":"default","ocean_display_footer_bottom":"default","ocean_custom_footer_template":"","ocean_post_oembed":"","ocean_post_self_hosted_media":"","ocean_post_video_embed":"","ocean_link_format":"","ocean_link_format_target":"self","ocean_quote_format":"","ocean_quote_format_link":"post","ocean_gallery_link_images":"on","ocean_gallery_id":[],"footnotes":""},"categories":[9,17],"tags":[],"post_folder":[],"class_list":["post-590","post","type-post","status-publish","format-standard","hentry","category-actions-et-communiques","category-fontenay-le-comte","entry"],"yoast_head":"<!-- This site is optimized with the Yoast SEO plugin v27.4 - https:\/\/yoast.com\/product\/yoast-seo-wordpress\/ -->\n<title>TFR IBA \u00e0 Fontenay le Comte : exigeons la cr\u00e9ation d&#039;un poste et le respect des personnes ! - PAYS DE LA LOIRE<\/title>\n<meta name=\"robots\" content=\"index, follow, max-snippet:-1, max-image-preview:large, max-video-preview:-1\" \/>\n<link rel=\"canonical\" href=\"https:\/\/regions-snetap-fsu.fr\/pdl\/2017\/09\/16\/tfr-iba-a-fontenay-le-comte-exigeons-la-creation-dun-poste-et-le-respect-des-personnes\/\" \/>\n<meta property=\"og:locale\" content=\"fr_FR\" \/>\n<meta property=\"og:type\" content=\"article\" \/>\n<meta property=\"og:title\" content=\"TFR IBA \u00e0 Fontenay le Comte : exigeons la cr\u00e9ation d&#039;un poste et le respect des personnes ! - PAYS DE LA LOIRE\" \/>\n<meta property=\"og:description\" content=\"Paris, le 14 septembre 2017 A Monsieur P.VINCON \u2013 Directeur G\u00e9n\u00e9ral DGER 19 avenue du Maine 75 015 PARIS Objet\u00a0: d\u00e9p\u00f4t d\u2019un pr\u00e9avis de gr\u00e8ve au LEGTA de Fontenay le Comte le 21 septembre 2017 Monsieur le Directeur G\u00e9n\u00e9ral, Par la pr\u00e9sente, le SNETAP-FSU\u00a0d\u00e9pose \u00e0 la demande des personnels du lyc\u00e9e agricole de Fontenay le [&hellip;]\" \/>\n<meta property=\"og:url\" content=\"https:\/\/regions-snetap-fsu.fr\/pdl\/2017\/09\/16\/tfr-iba-a-fontenay-le-comte-exigeons-la-creation-dun-poste-et-le-respect-des-personnes\/\" \/>\n<meta property=\"og:site_name\" content=\"PAYS DE LA LOIRE\" \/>\n<meta property=\"article:published_time\" content=\"2017-09-16T09:32:03+00:00\" \/>\n<meta property=\"article:modified_time\" content=\"2018-09-19T19:54:26+00:00\" \/>\n<meta name=\"author\" content=\"yvigner\" \/>\n<meta name=\"twitter:card\" content=\"summary_large_image\" \/>\n<meta name=\"twitter:label1\" content=\"\u00c9crit par\" \/>\n\t<meta name=\"twitter:data1\" content=\"yvigner\" \/>\n\t<meta name=\"twitter:label2\" content=\"Dur\u00e9e de lecture estim\u00e9e\" \/>\n\t<meta name=\"twitter:data2\" content=\"3 minutes\" \/>\n<script type=\"application\/ld+json\" class=\"yoast-schema-graph\">{\"@context\":\"https:\\\/\\\/schema.org\",\"@graph\":[{\"@type\":\"Article\",\"@id\":\"https:\\\/\\\/regions-snetap-fsu.fr\\\/pdl\\\/2017\\\/09\\\/16\\\/tfr-iba-a-fontenay-le-comte-exigeons-la-creation-dun-poste-et-le-respect-des-personnes\\\/#article\",\"isPartOf\":{\"@id\":\"https:\\\/\\\/regions-snetap-fsu.fr\\\/pdl\\\/2017\\\/09\\\/16\\\/tfr-iba-a-fontenay-le-comte-exigeons-la-creation-dun-poste-et-le-respect-des-personnes\\\/\"},\"author\":{\"name\":\"yvigner\",\"@id\":\"https:\\\/\\\/regions-snetap-fsu.fr\\\/pdl\\\/#\\\/schema\\\/person\\\/d4530af043f9e8d27bdd71c468ec93b1\"},\"headline\":\"TFR IBA \u00e0 Fontenay le Comte : exigeons la cr\u00e9ation d&#039;un poste et le respect des personnes !\",\"datePublished\":\"2017-09-16T09:32:03+00:00\",\"dateModified\":\"2018-09-19T19:54:26+00:00\",\"mainEntityOfPage\":{\"@id\":\"https:\\\/\\\/regions-snetap-fsu.fr\\\/pdl\\\/2017\\\/09\\\/16\\\/tfr-iba-a-fontenay-le-comte-exigeons-la-creation-dun-poste-et-le-respect-des-personnes\\\/\"},\"wordCount\":616,\"publisher\":{\"@id\":\"https:\\\/\\\/regions-snetap-fsu.fr\\\/pdl\\\/#organization\"},\"articleSection\":[\"Communiqu\u00e9s\",\"Fontenay le Comte\"],\"inLanguage\":\"fr-FR\"},{\"@type\":\"WebPage\",\"@id\":\"https:\\\/\\\/regions-snetap-fsu.fr\\\/pdl\\\/2017\\\/09\\\/16\\\/tfr-iba-a-fontenay-le-comte-exigeons-la-creation-dun-poste-et-le-respect-des-personnes\\\/\",\"url\":\"https:\\\/\\\/regions-snetap-fsu.fr\\\/pdl\\\/2017\\\/09\\\/16\\\/tfr-iba-a-fontenay-le-comte-exigeons-la-creation-dun-poste-et-le-respect-des-personnes\\\/\",\"name\":\"TFR IBA \u00e0 Fontenay le Comte : exigeons la cr\u00e9ation d&#039;un poste et le respect des personnes ! - PAYS DE LA LOIRE\",\"isPartOf\":{\"@id\":\"https:\\\/\\\/regions-snetap-fsu.fr\\\/pdl\\\/#website\"},\"datePublished\":\"2017-09-16T09:32:03+00:00\",\"dateModified\":\"2018-09-19T19:54:26+00:00\",\"breadcrumb\":{\"@id\":\"https:\\\/\\\/regions-snetap-fsu.fr\\\/pdl\\\/2017\\\/09\\\/16\\\/tfr-iba-a-fontenay-le-comte-exigeons-la-creation-dun-poste-et-le-respect-des-personnes\\\/#breadcrumb\"},\"inLanguage\":\"fr-FR\",\"potentialAction\":[{\"@type\":\"ReadAction\",\"target\":[\"https:\\\/\\\/regions-snetap-fsu.fr\\\/pdl\\\/2017\\\/09\\\/16\\\/tfr-iba-a-fontenay-le-comte-exigeons-la-creation-dun-poste-et-le-respect-des-personnes\\\/\"]}]},{\"@type\":\"BreadcrumbList\",\"@id\":\"https:\\\/\\\/regions-snetap-fsu.fr\\\/pdl\\\/2017\\\/09\\\/16\\\/tfr-iba-a-fontenay-le-comte-exigeons-la-creation-dun-poste-et-le-respect-des-personnes\\\/#breadcrumb\",\"itemListElement\":[{\"@type\":\"ListItem\",\"position\":1,\"name\":\"Accueil\",\"item\":\"https:\\\/\\\/regions-snetap-fsu.fr\\\/pdl\\\/\"},{\"@type\":\"ListItem\",\"position\":2,\"name\":\"TFR IBA \u00e0 Fontenay le Comte : exigeons la cr\u00e9ation d&#039;un poste et le respect des personnes !\"}]},{\"@type\":\"WebSite\",\"@id\":\"https:\\\/\\\/regions-snetap-fsu.fr\\\/pdl\\\/#website\",\"url\":\"https:\\\/\\\/regions-snetap-fsu.fr\\\/pdl\\\/\",\"name\":\"SNETAP-FSU PAYS DE LA LOIRE\",\"description\":\"SECTION REGIONALE\",\"publisher\":{\"@id\":\"https:\\\/\\\/regions-snetap-fsu.fr\\\/pdl\\\/#organization\"},\"potentialAction\":[{\"@type\":\"SearchAction\",\"target\":{\"@type\":\"EntryPoint\",\"urlTemplate\":\"https:\\\/\\\/regions-snetap-fsu.fr\\\/pdl\\\/?s={search_term_string}\"},\"query-input\":{\"@type\":\"PropertyValueSpecification\",\"valueRequired\":true,\"valueName\":\"search_term_string\"}}],\"inLanguage\":\"fr-FR\"},{\"@type\":\"Organization\",\"@id\":\"https:\\\/\\\/regions-snetap-fsu.fr\\\/pdl\\\/#organization\",\"name\":\"SNETAP-FSU Pays de Loire\",\"url\":\"https:\\\/\\\/regions-snetap-fsu.fr\\\/pdl\\\/\",\"logo\":{\"@type\":\"ImageObject\",\"inLanguage\":\"fr-FR\",\"@id\":\"https:\\\/\\\/regions-snetap-fsu.fr\\\/pdl\\\/#\\\/schema\\\/logo\\\/image\\\/\",\"url\":\"https:\\\/\\\/regions-snetap-fsu.fr\\\/pdl\\\/wp-content\\\/uploads\\\/sites\\\/4\\\/2020\\\/12\\\/SNETAP-Logo.jpg\",\"contentUrl\":\"https:\\\/\\\/regions-snetap-fsu.fr\\\/pdl\\\/wp-content\\\/uploads\\\/sites\\\/4\\\/2020\\\/12\\\/SNETAP-Logo.jpg\",\"width\":464,\"height\":334,\"caption\":\"SNETAP-FSU Pays de Loire\"},\"image\":{\"@id\":\"https:\\\/\\\/regions-snetap-fsu.fr\\\/pdl\\\/#\\\/schema\\\/logo\\\/image\\\/\"}},{\"@type\":\"Person\",\"@id\":\"https:\\\/\\\/regions-snetap-fsu.fr\\\/pdl\\\/#\\\/schema\\\/person\\\/d4530af043f9e8d27bdd71c468ec93b1\",\"name\":\"yvigner\",\"image\":{\"@type\":\"ImageObject\",\"inLanguage\":\"fr-FR\",\"@id\":\"https:\\\/\\\/secure.gravatar.com\\\/avatar\\\/bc72baa6f2406549aecf77a837bc4f03dbe88472c1762138f868571430a23820?s=96&d=mm&r=g\",\"url\":\"https:\\\/\\\/secure.gravatar.com\\\/avatar\\\/bc72baa6f2406549aecf77a837bc4f03dbe88472c1762138f868571430a23820?s=96&d=mm&r=g\",\"contentUrl\":\"https:\\\/\\\/secure.gravatar.com\\\/avatar\\\/bc72baa6f2406549aecf77a837bc4f03dbe88472c1762138f868571430a23820?s=96&d=mm&r=g\",\"caption\":\"yvigner\"},\"url\":\"https:\\\/\\\/regions-snetap-fsu.fr\\\/pdl\\\/author\\\/yvigner\\\/\"}]}<\/script>\n<!-- \/ Yoast SEO plugin. -->","yoast_head_json":{"title":"TFR IBA \u00e0 Fontenay le Comte : exigeons la cr\u00e9ation d&#039;un poste et le respect des personnes ! - PAYS DE LA LOIRE","robots":{"index":"index","follow":"follow","max-snippet":"max-snippet:-1","max-image-preview":"max-image-preview:large","max-video-preview":"max-video-preview:-1"},"canonical":"https:\/\/regions-snetap-fsu.fr\/pdl\/2017\/09\/16\/tfr-iba-a-fontenay-le-comte-exigeons-la-creation-dun-poste-et-le-respect-des-personnes\/","og_locale":"fr_FR","og_type":"article","og_title":"TFR IBA \u00e0 Fontenay le Comte : exigeons la cr\u00e9ation d&#039;un poste et le respect des personnes ! - PAYS DE LA LOIRE","og_description":"Paris, le 14 septembre 2017 A Monsieur P.VINCON \u2013 Directeur G\u00e9n\u00e9ral DGER 19 avenue du Maine 75 015 PARIS Objet\u00a0: d\u00e9p\u00f4t d\u2019un pr\u00e9avis de gr\u00e8ve au LEGTA de Fontenay le Comte le 21 septembre 2017 Monsieur le Directeur G\u00e9n\u00e9ral, Par la pr\u00e9sente, le SNETAP-FSU\u00a0d\u00e9pose \u00e0 la demande des personnels du lyc\u00e9e agricole de Fontenay le [&hellip;]","og_url":"https:\/\/regions-snetap-fsu.fr\/pdl\/2017\/09\/16\/tfr-iba-a-fontenay-le-comte-exigeons-la-creation-dun-poste-et-le-respect-des-personnes\/","og_site_name":"PAYS DE LA LOIRE","article_published_time":"2017-09-16T09:32:03+00:00","article_modified_time":"2018-09-19T19:54:26+00:00","author":"yvigner","twitter_card":"summary_large_image","twitter_misc":{"\u00c9crit par":"yvigner","Dur\u00e9e de lecture estim\u00e9e":"3 minutes"},"schema":{"@context":"https:\/\/schema.org","@graph":[{"@type":"Article","@id":"https:\/\/regions-snetap-fsu.fr\/pdl\/2017\/09\/16\/tfr-iba-a-fontenay-le-comte-exigeons-la-creation-dun-poste-et-le-respect-des-personnes\/#article","isPartOf":{"@id":"https:\/\/regions-snetap-fsu.fr\/pdl\/2017\/09\/16\/tfr-iba-a-fontenay-le-comte-exigeons-la-creation-dun-poste-et-le-respect-des-personnes\/"},"author":{"name":"yvigner","@id":"https:\/\/regions-snetap-fsu.fr\/pdl\/#\/schema\/person\/d4530af043f9e8d27bdd71c468ec93b1"},"headline":"TFR IBA \u00e0 Fontenay le Comte : exigeons la cr\u00e9ation d&#039;un poste et le respect des personnes !","datePublished":"2017-09-16T09:32:03+00:00","dateModified":"2018-09-19T19:54:26+00:00","mainEntityOfPage":{"@id":"https:\/\/regions-snetap-fsu.fr\/pdl\/2017\/09\/16\/tfr-iba-a-fontenay-le-comte-exigeons-la-creation-dun-poste-et-le-respect-des-personnes\/"},"wordCount":616,"publisher":{"@id":"https:\/\/regions-snetap-fsu.fr\/pdl\/#organization"},"articleSection":["Communiqu\u00e9s","Fontenay le Comte"],"inLanguage":"fr-FR"},{"@type":"WebPage","@id":"https:\/\/regions-snetap-fsu.fr\/pdl\/2017\/09\/16\/tfr-iba-a-fontenay-le-comte-exigeons-la-creation-dun-poste-et-le-respect-des-personnes\/","url":"https:\/\/regions-snetap-fsu.fr\/pdl\/2017\/09\/16\/tfr-iba-a-fontenay-le-comte-exigeons-la-creation-dun-poste-et-le-respect-des-personnes\/","name":"TFR IBA \u00e0 Fontenay le Comte : exigeons la cr\u00e9ation d&#039;un poste et le respect des personnes ! - PAYS DE LA LOIRE","isPartOf":{"@id":"https:\/\/regions-snetap-fsu.fr\/pdl\/#website"},"datePublished":"2017-09-16T09:32:03+00:00","dateModified":"2018-09-19T19:54:26+00:00","breadcrumb":{"@id":"https:\/\/regions-snetap-fsu.fr\/pdl\/2017\/09\/16\/tfr-iba-a-fontenay-le-comte-exigeons-la-creation-dun-poste-et-le-respect-des-personnes\/#breadcrumb"},"inLanguage":"fr-FR","potentialAction":[{"@type":"ReadAction","target":["https:\/\/regions-snetap-fsu.fr\/pdl\/2017\/09\/16\/tfr-iba-a-fontenay-le-comte-exigeons-la-creation-dun-poste-et-le-respect-des-personnes\/"]}]},{"@type":"BreadcrumbList","@id":"https:\/\/regions-snetap-fsu.fr\/pdl\/2017\/09\/16\/tfr-iba-a-fontenay-le-comte-exigeons-la-creation-dun-poste-et-le-respect-des-personnes\/#breadcrumb","itemListElement":[{"@type":"ListItem","position":1,"name":"Accueil","item":"https:\/\/regions-snetap-fsu.fr\/pdl\/"},{"@type":"ListItem","position":2,"name":"TFR IBA \u00e0 Fontenay le Comte : exigeons la cr\u00e9ation d&#039;un poste et le respect des personnes !"}]},{"@type":"WebSite","@id":"https:\/\/regions-snetap-fsu.fr\/pdl\/#website","url":"https:\/\/regions-snetap-fsu.fr\/pdl\/","name":"SNETAP-FSU PAYS DE LA LOIRE","description":"SECTION REGIONALE","publisher":{"@id":"https:\/\/regions-snetap-fsu.fr\/pdl\/#organization"},"potentialAction":[{"@type":"SearchAction","target":{"@type":"EntryPoint","urlTemplate":"https:\/\/regions-snetap-fsu.fr\/pdl\/?s={search_term_string}"},"query-input":{"@type":"PropertyValueSpecification","valueRequired":true,"valueName":"search_term_string"}}],"inLanguage":"fr-FR"},{"@type":"Organization","@id":"https:\/\/regions-snetap-fsu.fr\/pdl\/#organization","name":"SNETAP-FSU Pays de Loire","url":"https:\/\/regions-snetap-fsu.fr\/pdl\/","logo":{"@type":"ImageObject","inLanguage":"fr-FR","@id":"https:\/\/regions-snetap-fsu.fr\/pdl\/#\/schema\/logo\/image\/","url":"https:\/\/regions-snetap-fsu.fr\/pdl\/wp-content\/uploads\/sites\/4\/2020\/12\/SNETAP-Logo.jpg","contentUrl":"https:\/\/regions-snetap-fsu.fr\/pdl\/wp-content\/uploads\/sites\/4\/2020\/12\/SNETAP-Logo.jpg","width":464,"height":334,"caption":"SNETAP-FSU Pays de Loire"},"image":{"@id":"https:\/\/regions-snetap-fsu.fr\/pdl\/#\/schema\/logo\/image\/"}},{"@type":"Person","@id":"https:\/\/regions-snetap-fsu.fr\/pdl\/#\/schema\/person\/d4530af043f9e8d27bdd71c468ec93b1","name":"yvigner","image":{"@type":"ImageObject","inLanguage":"fr-FR","@id":"https:\/\/secure.gravatar.com\/avatar\/bc72baa6f2406549aecf77a837bc4f03dbe88472c1762138f868571430a23820?s=96&d=mm&r=g","url":"https:\/\/secure.gravatar.com\/avatar\/bc72baa6f2406549aecf77a837bc4f03dbe88472c1762138f868571430a23820?s=96&d=mm&r=g","contentUrl":"https:\/\/secure.gravatar.com\/avatar\/bc72baa6f2406549aecf77a837bc4f03dbe88472c1762138f868571430a23820?s=96&d=mm&r=g","caption":"yvigner"},"url":"https:\/\/regions-snetap-fsu.fr\/pdl\/author\/yvigner\/"}]}},"_links":{"self":[{"href":"https:\/\/regions-snetap-fsu.fr\/pdl\/wp-json\/wp\/v2\/posts\/590","targetHints":{"allow":["GET"]}}],"collection":[{"href":"https:\/\/regions-snetap-fsu.fr\/pdl\/wp-json\/wp\/v2\/posts"}],"about":[{"href":"https:\/\/regions-snetap-fsu.fr\/pdl\/wp-json\/wp\/v2\/types\/post"}],"author":[{"embeddable":true,"href":"https:\/\/regions-snetap-fsu.fr\/pdl\/wp-json\/wp\/v2\/users\/2"}],"replies":[{"embeddable":true,"href":"https:\/\/regions-snetap-fsu.fr\/pdl\/wp-json\/wp\/v2\/comments?post=590"}],"version-history":[{"count":1,"href":"https:\/\/regions-snetap-fsu.fr\/pdl\/wp-json\/wp\/v2\/posts\/590\/revisions"}],"predecessor-version":[{"id":2735,"href":"https:\/\/regions-snetap-fsu.fr\/pdl\/wp-json\/wp\/v2\/posts\/590\/revisions\/2735"}],"wp:attachment":[{"href":"https:\/\/regions-snetap-fsu.fr\/pdl\/wp-json\/wp\/v2\/media?parent=590"}],"wp:term":[{"taxonomy":"category","embeddable":true,"href":"https:\/\/regions-snetap-fsu.fr\/pdl\/wp-json\/wp\/v2\/categories?post=590"},{"taxonomy":"post_tag","embeddable":true,"href":"https:\/\/regions-snetap-fsu.fr\/pdl\/wp-json\/wp\/v2\/tags?post=590"},{"taxonomy":"post_folder","embeddable":true,"href":"https:\/\/regions-snetap-fsu.fr\/pdl\/wp-json\/wp\/v2\/post_folder?post=590"}],"curies":[{"name":"wp","href":"https:\/\/api.w.org\/{rel}","templated":true}]}}