{"id":5676,"date":"2026-01-02T17:34:22","date_gmt":"2026-01-02T16:34:22","guid":{"rendered":"https:\/\/regions-snetap-fsu.fr\/pdl\/?p=5676"},"modified":"2026-01-09T16:56:44","modified_gmt":"2026-01-09T15:56:44","slug":"triste-et-terrible-nouvelle-deces-de-notre-collegue-et-camarade-yves-octavien","status":"publish","type":"post","link":"https:\/\/regions-snetap-fsu.fr\/pdl\/2026\/01\/02\/triste-et-terrible-nouvelle-deces-de-notre-collegue-et-camarade-yves-octavien\/","title":{"rendered":"Triste et terrible nouvelle : d\u00e9c\u00e8s de notre coll\u00e8gue et camarade Yves OCTAVIEN"},"content":{"rendered":"<p style=\"text-align: justify;\"><span style=\"font-weight: 400;\">Notre coll\u00e8gue et camarade, Yves OCTAVIEN, enseignant TIM et co-secr\u00e9taire de la section syndicale du SNETAP-FSU au lyc\u00e9e Bel Air de Fontenay le Comte est d\u00e9c\u00e9d\u00e9 brutalement le samedi 20 d\u00e9cembre dernier \u00e0 l&rsquo;\u00e2ge de 57 ans. Une d\u00e9l\u00e9gation de 4 camarades du SNETAP-FSU \u00e9tait pr\u00e9sente lors de la c\u00e9r\u00e9monie de recueillement qui a eu lieu le mercredi 31 d\u00e9cembre 2025 \u00e0 Niort.<\/span><\/p>\n<p><strong>Voici le texte lu en hommage \u00e0 Yves<\/strong><\/p>\n<p style=\"text-align: justify;\"><span style=\"font-weight: 400;\">Comment dire aujourd&rsquo;hui avec autant de tristesse en nous, le plaisir que j\u2019ai eu de conna\u00eetre et de travailler avec Yves. <\/span><span style=\"font-weight: 400;\">\u00c7a fait plus de 20 ans qu&rsquo;on se connaissait et quand Yves a candidat\u00e9 pour int\u00e9grer l&rsquo;\u00e9quipe de la permanence de notre syndicat \u00e7a a \u00e9t\u00e9 tout de suite une \u00e9vidence.\u00a0<\/span><span style=\"font-weight: 400;\">Entre sa gentillesse, son efficacit\u00e9, ses comp\u00e9tences, sa discr\u00e9tion et son sens militant, il s\u2019est tout de suite int\u00e9gr\u00e9 dans l\u2019\u00e9quipe.\u00a0<\/span><span style=\"font-weight: 400;\">Ces deux derni\u00e8res ann\u00e9es ont \u00e9t\u00e9 simples et g\u00e9niales. Il a apport\u00e9 ce qu&rsquo;il \u00e9tait, \u00e0 toutes et tous les camarades dont il s&rsquo;occupait, pour les sites r\u00e9gionaux mais aussi avec l&rsquo;\u00e9quipe de notre syndicat et avec les membres du bureau national qui ont toujours ador\u00e9 sa disponibilit\u00e9 et sa bienveillance.\u00a0<\/span><span style=\"font-weight: 400;\">Aujourd&rsquo;hui, notre tristesse est immense et nous pensons \u00e0 sa fille, \u00e0 Carole sa compagne et \u00e0 tous ses ami\u00b7es et si nous mesurons d\u00e9j\u00e0 qu&rsquo;il nous manque, nous ne mesurons pas encore \u00e0 quel point cette absence va \u00eatre cruelle et \u00e0 quel point Yves, tu vas terriblement nous manquer !<\/span><\/p>\n<p style=\"text-align: justify;\">Pour conclure ce message, je voudrais au nom des 3614 adh\u00e9rent.es du SNETAP-FSU vous adresser, Carole, nos plus sinc\u00e8res condol\u00e9ances et vous parler aussi du Yves que nous connaissions au SNETAP. Yves \u00e9tait un militant, un repr\u00e9sentant des personnels dans son lyc\u00e9e mais aussi en r\u00e9gion. Il \u00e9tait investi localement, r\u00e9gionalement et nationalement dans notre syndicat. Vous avez toutes et tous parl\u00e9 d&rsquo;un homme actif, avec de nombreux projets et toujours \u00e0 l&rsquo;\u00e9coute et au service des autres&#8230;c&rsquo;est aussi ce Yves que nous connaissions. Il y a 15 jours encore, nous avions encore pass\u00e9 des heures au t\u00e9l\u00e9phone pour organiser la d\u00e9fense d&rsquo;une coll\u00e8gue de son lyc\u00e9e menac\u00e9e de licenciement. Investi, il l&rsquo;\u00e9tait aussi aupr\u00e9s de la section locale qu&rsquo;il avait relanc\u00e9e (elle compte aujourd&rsquo;hui plus de 20 coll\u00e8gues syndiqu\u00e9s).<\/p>\n<p style=\"text-align: right;\">Pour le SNETAP-FSU<\/p>\n<p style=\"text-align: right;\">Gael VOISIN, secr\u00e9taire national du SNETAP-FSU et\u00a0Yoann VIGNER, co-secr\u00e9taire r\u00e9gional du SNETAP-FSU<\/p>\n<p><strong>D&rsquo;autres t\u00e9moignges&#8230;.<\/strong><\/p>\n<p>C&rsquo;est avec beaucoup de tristesse que j&rsquo;apprends le d\u00e9c\u00e8s de Yves.\u00a0J&rsquo;\u00e9tais en visio avec lui jeudi 18 d\u00e9cembre en matin\u00e9e pour recevoir ses conseils concernant la gestion du site SNETAP Bretagne.\u00a0 J&rsquo;ai pu appr\u00e9cier son professionnalisme, sa disponibilit\u00e9, sa patience et sa gentillesse.\u00a0Sinc\u00e8res condol\u00e9ances \u00e0 sa famille et ses proches.\u00a0<em><strong>Val\u00e9rie TONNERRE Co-secr\u00e9taire r\u00e9gional SNETAP<\/strong><\/em> Bretagne<\/p>\n<div dir=\"ltr\">\n<div>\n<p>En tant que coll\u00e8gue TIM, je voulais simplement dire combien cette nouvelle me touche. Yves faisait partie de ces personnes sur qui on pouvait toujours compter, que ce soit pour un coup de main technique, un \u00e9change sur les pratiques ou un travail collectif. Beaucoup d&rsquo;entre nous ont travaill\u00e9 avec lui, parfois \u00e0 distance, mais toujours dans un esprit d&rsquo;entraide et de partage. Toutes mes pens\u00e9es vont \u00e0 sa famille, \u00e0 ses proches et \u00e0 nos coll\u00e8gues. <em><strong><span style=\"text-align: right;\">FERAILLE Thierry, <\/span><span style=\"text-align: right;\">Legta Yvetot, <\/span><span style=\"text-align: right;\">RTIC &#8211; PCEA TIM<\/span><\/strong><\/em><\/p>\n<\/div>\n<\/div>\n<div class=\"v1gmail_signature\" dir=\"ltr\">\n<div dir=\"ltr\">\n<div dir=\"auto\">Je suis sous le choc.\u00a0Je\u00a0 connaissais peu Yves car il est arriv\u00e9 \u00e0 la permanence apr\u00e8s mon d\u00e9part du national mais j&rsquo;ai \u00e9norm\u00e9ment appr\u00e9ci\u00e9 sa disponibilit\u00e9, sa gentillesse et ses comp\u00e9tences lors<\/div>\n<div dir=\"auto\">des \u00e9changes que j&rsquo;ai pu avoir avec lui.\u00a0Une pens\u00e9e \u00e9mue \u00e0 vous et \u00e0 sa famille.\u00a0 <strong><em>Olivier BLEUNVEN, secr\u00e9taire r\u00e9gional Nouvelle Aquitaine<\/em><\/strong><\/div>\n<div dir=\"auto\"><\/div>\n<\/div>\n<\/div>\n<div dir=\"auto\">\n<div>Cette nouvelle est gla\u00e7ante. Je garde de Yves un excellent souvenir tant son attitude \u00e9tait douce et mod\u00e9r\u00e9e et tant son professionnalisme a \u00e9t\u00e9 sans faille. Je garde pr\u00e9cieusement ses conseils en informatique pour le blog r\u00e9gional qui sont not\u00e9s sur des papiers. Beaucoup beaucoup de pens\u00e9es de PACA pour les siens.\u00a0<em><strong>Audrey Garrigues, Professeure-documentaliste<\/strong><\/em><\/div>\n<\/div>\n<p style=\"text-align: right;\">\n","protected":false},"excerpt":{"rendered":"<p>Notre coll\u00e8gue et camarade, Yves OCTAVIEN, enseignant TIM et co-secr\u00e9taire de la section syndicale du SNETAP-FSU au lyc\u00e9e Bel Air de Fontenay le Comte est d\u00e9c\u00e9d\u00e9 brutalement le samedi 20 d\u00e9cembre dernier \u00e0 l&rsquo;\u00e2ge de 57 ans. Une d\u00e9l\u00e9gation de 4 camarades du SNETAP-FSU \u00e9tait pr\u00e9sente lors de la c\u00e9r\u00e9monie de recueillement qui a eu [&hellip;]<\/p>\n","protected":false},"author":2,"featured_media":5678,"comment_status":"closed","ping_status":"closed","sticky":false,"template":"","format":"standard","meta":{"ocean_post_layout":"","ocean_both_sidebars_style":"","ocean_both_sidebars_content_width":0,"ocean_both_sidebars_sidebars_width":0,"ocean_sidebar":"0","ocean_second_sidebar":"0","ocean_disable_margins":"enable","ocean_add_body_class":"","ocean_shortcode_before_top_bar":"","ocean_shortcode_after_top_bar":"","ocean_shortcode_before_header":"","ocean_shortcode_after_header":"","ocean_has_shortcode":"","ocean_shortcode_after_title":"","ocean_shortcode_before_footer_widgets":"","ocean_shortcode_after_footer_widgets":"","ocean_shortcode_before_footer_bottom":"","ocean_shortcode_after_footer_bottom":"","ocean_display_top_bar":"default","ocean_display_header":"default","ocean_header_style":"","ocean_center_header_left_menu":"0","ocean_custom_header_template":"0","ocean_custom_logo":0,"ocean_custom_retina_logo":0,"ocean_custom_logo_max_width":0,"ocean_custom_logo_tablet_max_width":0,"ocean_custom_logo_mobile_max_width":0,"ocean_custom_logo_max_height":0,"ocean_custom_logo_tablet_max_height":0,"ocean_custom_logo_mobile_max_height":0,"ocean_header_custom_menu":"0","ocean_menu_typo_font_family":"0","ocean_menu_typo_font_subset":"","ocean_menu_typo_font_size":0,"ocean_menu_typo_font_size_tablet":0,"ocean_menu_typo_font_size_mobile":0,"ocean_menu_typo_font_size_unit":"px","ocean_menu_typo_font_weight":"","ocean_menu_typo_font_weight_tablet":"","ocean_menu_typo_font_weight_mobile":"","ocean_menu_typo_transform":"","ocean_menu_typo_transform_tablet":"","ocean_menu_typo_transform_mobile":"","ocean_menu_typo_line_height":0,"ocean_menu_typo_line_height_tablet":0,"ocean_menu_typo_line_height_mobile":0,"ocean_menu_typo_line_height_unit":"","ocean_menu_typo_spacing":0,"ocean_menu_typo_spacing_tablet":0,"ocean_menu_typo_spacing_mobile":0,"ocean_menu_typo_spacing_unit":"","ocean_menu_link_color":"","ocean_menu_link_color_hover":"","ocean_menu_link_color_active":"","ocean_menu_link_background":"","ocean_menu_link_hover_background":"","ocean_menu_link_active_background":"","ocean_menu_social_links_bg":"","ocean_menu_social_hover_links_bg":"","ocean_menu_social_links_color":"","ocean_menu_social_hover_links_color":"","ocean_disable_title":"default","ocean_disable_heading":"default","ocean_post_title":"","ocean_post_subheading":"","ocean_post_title_style":"","ocean_post_title_background_color":"","ocean_post_title_background":0,"ocean_post_title_bg_image_position":"","ocean_post_title_bg_image_attachment":"","ocean_post_title_bg_image_repeat":"","ocean_post_title_bg_image_size":"","ocean_post_title_height":0,"ocean_post_title_bg_overlay":0.5,"ocean_post_title_bg_overlay_color":"","ocean_disable_breadcrumbs":"default","ocean_breadcrumbs_color":"","ocean_breadcrumbs_separator_color":"","ocean_breadcrumbs_links_color":"","ocean_breadcrumbs_links_hover_color":"","ocean_display_footer_widgets":"default","ocean_display_footer_bottom":"default","ocean_custom_footer_template":"0","ocean_post_oembed":"","ocean_post_self_hosted_media":"","ocean_post_video_embed":"","ocean_link_format":"","ocean_link_format_target":"self","ocean_quote_format":"","ocean_quote_format_link":"post","ocean_gallery_link_images":"on","ocean_gallery_id":[],"footnotes":""},"categories":[17],"tags":[],"post_folder":[],"class_list":["post-5676","post","type-post","status-publish","format-standard","has-post-thumbnail","hentry","category-fontenay-le-comte","entry","has-media"],"yoast_head":"<!-- This site is optimized with the Yoast SEO plugin v27.4 - https:\/\/yoast.com\/product\/yoast-seo-wordpress\/ -->\n<title>Triste et terrible nouvelle : d\u00e9c\u00e8s de notre coll\u00e8gue et camarade Yves OCTAVIEN - PAYS DE LA LOIRE<\/title>\n<meta name=\"robots\" content=\"index, follow, max-snippet:-1, max-image-preview:large, max-video-preview:-1\" \/>\n<link rel=\"canonical\" href=\"https:\/\/regions-snetap-fsu.fr\/pdl\/2026\/01\/02\/triste-et-terrible-nouvelle-deces-de-notre-collegue-et-camarade-yves-octavien\/\" \/>\n<meta property=\"og:locale\" content=\"fr_FR\" \/>\n<meta property=\"og:type\" content=\"article\" \/>\n<meta property=\"og:title\" content=\"Triste et terrible nouvelle : d\u00e9c\u00e8s de notre coll\u00e8gue et camarade Yves OCTAVIEN - PAYS DE LA LOIRE\" \/>\n<meta property=\"og:description\" content=\"Notre coll\u00e8gue et camarade, Yves OCTAVIEN, enseignant TIM et co-secr\u00e9taire de la section syndicale du SNETAP-FSU au lyc\u00e9e Bel Air de Fontenay le Comte est d\u00e9c\u00e9d\u00e9 brutalement le samedi 20 d\u00e9cembre dernier \u00e0 l&rsquo;\u00e2ge de 57 ans. Une d\u00e9l\u00e9gation de 4 camarades du SNETAP-FSU \u00e9tait pr\u00e9sente lors de la c\u00e9r\u00e9monie de recueillement qui a eu [&hellip;]\" \/>\n<meta property=\"og:url\" content=\"https:\/\/regions-snetap-fsu.fr\/pdl\/2026\/01\/02\/triste-et-terrible-nouvelle-deces-de-notre-collegue-et-camarade-yves-octavien\/\" \/>\n<meta property=\"og:site_name\" content=\"PAYS DE LA LOIRE\" \/>\n<meta property=\"article:published_time\" content=\"2026-01-02T16:34:22+00:00\" \/>\n<meta property=\"article:modified_time\" content=\"2026-01-09T15:56:44+00:00\" \/>\n<meta property=\"og:image\" content=\"https:\/\/regions-snetap-fsu.fr\/pdl\/wp-content\/uploads\/sites\/4\/2026\/01\/Capture-decran-2026-01-02-171927.jpg\" \/>\n\t<meta property=\"og:image:width\" content=\"247\" \/>\n\t<meta property=\"og:image:height\" content=\"243\" \/>\n\t<meta property=\"og:image:type\" content=\"image\/jpeg\" \/>\n<meta name=\"author\" content=\"yvigner\" \/>\n<meta name=\"twitter:card\" content=\"summary_large_image\" \/>\n<meta name=\"twitter:label1\" content=\"\u00c9crit par\" \/>\n\t<meta name=\"twitter:data1\" content=\"yvigner\" \/>\n\t<meta name=\"twitter:label2\" content=\"Dur\u00e9e de lecture estim\u00e9e\" \/>\n\t<meta name=\"twitter:data2\" content=\"4 minutes\" \/>\n<script type=\"application\/ld+json\" class=\"yoast-schema-graph\">{\"@context\":\"https:\\\/\\\/schema.org\",\"@graph\":[{\"@type\":\"Article\",\"@id\":\"https:\\\/\\\/regions-snetap-fsu.fr\\\/pdl\\\/2026\\\/01\\\/02\\\/triste-et-terrible-nouvelle-deces-de-notre-collegue-et-camarade-yves-octavien\\\/#article\",\"isPartOf\":{\"@id\":\"https:\\\/\\\/regions-snetap-fsu.fr\\\/pdl\\\/2026\\\/01\\\/02\\\/triste-et-terrible-nouvelle-deces-de-notre-collegue-et-camarade-yves-octavien\\\/\"},\"author\":{\"name\":\"yvigner\",\"@id\":\"https:\\\/\\\/regions-snetap-fsu.fr\\\/pdl\\\/#\\\/schema\\\/person\\\/d4530af043f9e8d27bdd71c468ec93b1\"},\"headline\":\"Triste et terrible nouvelle : d\u00e9c\u00e8s de notre coll\u00e8gue et camarade Yves OCTAVIEN\",\"datePublished\":\"2026-01-02T16:34:22+00:00\",\"dateModified\":\"2026-01-09T15:56:44+00:00\",\"mainEntityOfPage\":{\"@id\":\"https:\\\/\\\/regions-snetap-fsu.fr\\\/pdl\\\/2026\\\/01\\\/02\\\/triste-et-terrible-nouvelle-deces-de-notre-collegue-et-camarade-yves-octavien\\\/\"},\"wordCount\":737,\"publisher\":{\"@id\":\"https:\\\/\\\/regions-snetap-fsu.fr\\\/pdl\\\/#organization\"},\"image\":{\"@id\":\"https:\\\/\\\/regions-snetap-fsu.fr\\\/pdl\\\/2026\\\/01\\\/02\\\/triste-et-terrible-nouvelle-deces-de-notre-collegue-et-camarade-yves-octavien\\\/#primaryimage\"},\"thumbnailUrl\":\"https:\\\/\\\/regions-snetap-fsu.fr\\\/pdl\\\/wp-content\\\/uploads\\\/sites\\\/4\\\/2026\\\/01\\\/Capture-decran-2026-01-02-171927.jpg\",\"articleSection\":[\"Fontenay le Comte\"],\"inLanguage\":\"fr-FR\"},{\"@type\":\"WebPage\",\"@id\":\"https:\\\/\\\/regions-snetap-fsu.fr\\\/pdl\\\/2026\\\/01\\\/02\\\/triste-et-terrible-nouvelle-deces-de-notre-collegue-et-camarade-yves-octavien\\\/\",\"url\":\"https:\\\/\\\/regions-snetap-fsu.fr\\\/pdl\\\/2026\\\/01\\\/02\\\/triste-et-terrible-nouvelle-deces-de-notre-collegue-et-camarade-yves-octavien\\\/\",\"name\":\"Triste et terrible nouvelle : d\u00e9c\u00e8s de notre coll\u00e8gue et camarade Yves OCTAVIEN - PAYS DE LA LOIRE\",\"isPartOf\":{\"@id\":\"https:\\\/\\\/regions-snetap-fsu.fr\\\/pdl\\\/#website\"},\"primaryImageOfPage\":{\"@id\":\"https:\\\/\\\/regions-snetap-fsu.fr\\\/pdl\\\/2026\\\/01\\\/02\\\/triste-et-terrible-nouvelle-deces-de-notre-collegue-et-camarade-yves-octavien\\\/#primaryimage\"},\"image\":{\"@id\":\"https:\\\/\\\/regions-snetap-fsu.fr\\\/pdl\\\/2026\\\/01\\\/02\\\/triste-et-terrible-nouvelle-deces-de-notre-collegue-et-camarade-yves-octavien\\\/#primaryimage\"},\"thumbnailUrl\":\"https:\\\/\\\/regions-snetap-fsu.fr\\\/pdl\\\/wp-content\\\/uploads\\\/sites\\\/4\\\/2026\\\/01\\\/Capture-decran-2026-01-02-171927.jpg\",\"datePublished\":\"2026-01-02T16:34:22+00:00\",\"dateModified\":\"2026-01-09T15:56:44+00:00\",\"breadcrumb\":{\"@id\":\"https:\\\/\\\/regions-snetap-fsu.fr\\\/pdl\\\/2026\\\/01\\\/02\\\/triste-et-terrible-nouvelle-deces-de-notre-collegue-et-camarade-yves-octavien\\\/#breadcrumb\"},\"inLanguage\":\"fr-FR\",\"potentialAction\":[{\"@type\":\"ReadAction\",\"target\":[\"https:\\\/\\\/regions-snetap-fsu.fr\\\/pdl\\\/2026\\\/01\\\/02\\\/triste-et-terrible-nouvelle-deces-de-notre-collegue-et-camarade-yves-octavien\\\/\"]}]},{\"@type\":\"ImageObject\",\"inLanguage\":\"fr-FR\",\"@id\":\"https:\\\/\\\/regions-snetap-fsu.fr\\\/pdl\\\/2026\\\/01\\\/02\\\/triste-et-terrible-nouvelle-deces-de-notre-collegue-et-camarade-yves-octavien\\\/#primaryimage\",\"url\":\"https:\\\/\\\/regions-snetap-fsu.fr\\\/pdl\\\/wp-content\\\/uploads\\\/sites\\\/4\\\/2026\\\/01\\\/Capture-decran-2026-01-02-171927.jpg\",\"contentUrl\":\"https:\\\/\\\/regions-snetap-fsu.fr\\\/pdl\\\/wp-content\\\/uploads\\\/sites\\\/4\\\/2026\\\/01\\\/Capture-decran-2026-01-02-171927.jpg\",\"width\":247,\"height\":243},{\"@type\":\"BreadcrumbList\",\"@id\":\"https:\\\/\\\/regions-snetap-fsu.fr\\\/pdl\\\/2026\\\/01\\\/02\\\/triste-et-terrible-nouvelle-deces-de-notre-collegue-et-camarade-yves-octavien\\\/#breadcrumb\",\"itemListElement\":[{\"@type\":\"ListItem\",\"position\":1,\"name\":\"Accueil\",\"item\":\"https:\\\/\\\/regions-snetap-fsu.fr\\\/pdl\\\/\"},{\"@type\":\"ListItem\",\"position\":2,\"name\":\"Triste et terrible nouvelle : d\u00e9c\u00e8s de notre coll\u00e8gue et camarade Yves OCTAVIEN\"}]},{\"@type\":\"WebSite\",\"@id\":\"https:\\\/\\\/regions-snetap-fsu.fr\\\/pdl\\\/#website\",\"url\":\"https:\\\/\\\/regions-snetap-fsu.fr\\\/pdl\\\/\",\"name\":\"SNETAP-FSU PAYS DE LA LOIRE\",\"description\":\"SECTION REGIONALE\",\"publisher\":{\"@id\":\"https:\\\/\\\/regions-snetap-fsu.fr\\\/pdl\\\/#organization\"},\"potentialAction\":[{\"@type\":\"SearchAction\",\"target\":{\"@type\":\"EntryPoint\",\"urlTemplate\":\"https:\\\/\\\/regions-snetap-fsu.fr\\\/pdl\\\/?s={search_term_string}\"},\"query-input\":{\"@type\":\"PropertyValueSpecification\",\"valueRequired\":true,\"valueName\":\"search_term_string\"}}],\"inLanguage\":\"fr-FR\"},{\"@type\":\"Organization\",\"@id\":\"https:\\\/\\\/regions-snetap-fsu.fr\\\/pdl\\\/#organization\",\"name\":\"SNETAP-FSU Pays de Loire\",\"url\":\"https:\\\/\\\/regions-snetap-fsu.fr\\\/pdl\\\/\",\"logo\":{\"@type\":\"ImageObject\",\"inLanguage\":\"fr-FR\",\"@id\":\"https:\\\/\\\/regions-snetap-fsu.fr\\\/pdl\\\/#\\\/schema\\\/logo\\\/image\\\/\",\"url\":\"https:\\\/\\\/regions-snetap-fsu.fr\\\/pdl\\\/wp-content\\\/uploads\\\/sites\\\/4\\\/2020\\\/12\\\/SNETAP-Logo.jpg\",\"contentUrl\":\"https:\\\/\\\/regions-snetap-fsu.fr\\\/pdl\\\/wp-content\\\/uploads\\\/sites\\\/4\\\/2020\\\/12\\\/SNETAP-Logo.jpg\",\"width\":464,\"height\":334,\"caption\":\"SNETAP-FSU Pays de Loire\"},\"image\":{\"@id\":\"https:\\\/\\\/regions-snetap-fsu.fr\\\/pdl\\\/#\\\/schema\\\/logo\\\/image\\\/\"}},{\"@type\":\"Person\",\"@id\":\"https:\\\/\\\/regions-snetap-fsu.fr\\\/pdl\\\/#\\\/schema\\\/person\\\/d4530af043f9e8d27bdd71c468ec93b1\",\"name\":\"yvigner\",\"image\":{\"@type\":\"ImageObject\",\"inLanguage\":\"fr-FR\",\"@id\":\"https:\\\/\\\/secure.gravatar.com\\\/avatar\\\/bc72baa6f2406549aecf77a837bc4f03dbe88472c1762138f868571430a23820?s=96&d=mm&r=g\",\"url\":\"https:\\\/\\\/secure.gravatar.com\\\/avatar\\\/bc72baa6f2406549aecf77a837bc4f03dbe88472c1762138f868571430a23820?s=96&d=mm&r=g\",\"contentUrl\":\"https:\\\/\\\/secure.gravatar.com\\\/avatar\\\/bc72baa6f2406549aecf77a837bc4f03dbe88472c1762138f868571430a23820?s=96&d=mm&r=g\",\"caption\":\"yvigner\"},\"url\":\"https:\\\/\\\/regions-snetap-fsu.fr\\\/pdl\\\/author\\\/yvigner\\\/\"}]}<\/script>\n<!-- \/ Yoast SEO plugin. -->","yoast_head_json":{"title":"Triste et terrible nouvelle : d\u00e9c\u00e8s de notre coll\u00e8gue et camarade Yves OCTAVIEN - PAYS DE LA LOIRE","robots":{"index":"index","follow":"follow","max-snippet":"max-snippet:-1","max-image-preview":"max-image-preview:large","max-video-preview":"max-video-preview:-1"},"canonical":"https:\/\/regions-snetap-fsu.fr\/pdl\/2026\/01\/02\/triste-et-terrible-nouvelle-deces-de-notre-collegue-et-camarade-yves-octavien\/","og_locale":"fr_FR","og_type":"article","og_title":"Triste et terrible nouvelle : d\u00e9c\u00e8s de notre coll\u00e8gue et camarade Yves OCTAVIEN - PAYS DE LA LOIRE","og_description":"Notre coll\u00e8gue et camarade, Yves OCTAVIEN, enseignant TIM et co-secr\u00e9taire de la section syndicale du SNETAP-FSU au lyc\u00e9e Bel Air de Fontenay le Comte est d\u00e9c\u00e9d\u00e9 brutalement le samedi 20 d\u00e9cembre dernier \u00e0 l&rsquo;\u00e2ge de 57 ans. Une d\u00e9l\u00e9gation de 4 camarades du SNETAP-FSU \u00e9tait pr\u00e9sente lors de la c\u00e9r\u00e9monie de recueillement qui a eu [&hellip;]","og_url":"https:\/\/regions-snetap-fsu.fr\/pdl\/2026\/01\/02\/triste-et-terrible-nouvelle-deces-de-notre-collegue-et-camarade-yves-octavien\/","og_site_name":"PAYS DE LA LOIRE","article_published_time":"2026-01-02T16:34:22+00:00","article_modified_time":"2026-01-09T15:56:44+00:00","og_image":[{"width":247,"height":243,"url":"https:\/\/regions-snetap-fsu.fr\/pdl\/wp-content\/uploads\/sites\/4\/2026\/01\/Capture-decran-2026-01-02-171927.jpg","type":"image\/jpeg"}],"author":"yvigner","twitter_card":"summary_large_image","twitter_misc":{"\u00c9crit par":"yvigner","Dur\u00e9e de lecture estim\u00e9e":"4 minutes"},"schema":{"@context":"https:\/\/schema.org","@graph":[{"@type":"Article","@id":"https:\/\/regions-snetap-fsu.fr\/pdl\/2026\/01\/02\/triste-et-terrible-nouvelle-deces-de-notre-collegue-et-camarade-yves-octavien\/#article","isPartOf":{"@id":"https:\/\/regions-snetap-fsu.fr\/pdl\/2026\/01\/02\/triste-et-terrible-nouvelle-deces-de-notre-collegue-et-camarade-yves-octavien\/"},"author":{"name":"yvigner","@id":"https:\/\/regions-snetap-fsu.fr\/pdl\/#\/schema\/person\/d4530af043f9e8d27bdd71c468ec93b1"},"headline":"Triste et terrible nouvelle : d\u00e9c\u00e8s de notre coll\u00e8gue et camarade Yves OCTAVIEN","datePublished":"2026-01-02T16:34:22+00:00","dateModified":"2026-01-09T15:56:44+00:00","mainEntityOfPage":{"@id":"https:\/\/regions-snetap-fsu.fr\/pdl\/2026\/01\/02\/triste-et-terrible-nouvelle-deces-de-notre-collegue-et-camarade-yves-octavien\/"},"wordCount":737,"publisher":{"@id":"https:\/\/regions-snetap-fsu.fr\/pdl\/#organization"},"image":{"@id":"https:\/\/regions-snetap-fsu.fr\/pdl\/2026\/01\/02\/triste-et-terrible-nouvelle-deces-de-notre-collegue-et-camarade-yves-octavien\/#primaryimage"},"thumbnailUrl":"https:\/\/regions-snetap-fsu.fr\/pdl\/wp-content\/uploads\/sites\/4\/2026\/01\/Capture-decran-2026-01-02-171927.jpg","articleSection":["Fontenay le Comte"],"inLanguage":"fr-FR"},{"@type":"WebPage","@id":"https:\/\/regions-snetap-fsu.fr\/pdl\/2026\/01\/02\/triste-et-terrible-nouvelle-deces-de-notre-collegue-et-camarade-yves-octavien\/","url":"https:\/\/regions-snetap-fsu.fr\/pdl\/2026\/01\/02\/triste-et-terrible-nouvelle-deces-de-notre-collegue-et-camarade-yves-octavien\/","name":"Triste et terrible nouvelle : d\u00e9c\u00e8s de notre coll\u00e8gue et camarade Yves OCTAVIEN - PAYS DE LA LOIRE","isPartOf":{"@id":"https:\/\/regions-snetap-fsu.fr\/pdl\/#website"},"primaryImageOfPage":{"@id":"https:\/\/regions-snetap-fsu.fr\/pdl\/2026\/01\/02\/triste-et-terrible-nouvelle-deces-de-notre-collegue-et-camarade-yves-octavien\/#primaryimage"},"image":{"@id":"https:\/\/regions-snetap-fsu.fr\/pdl\/2026\/01\/02\/triste-et-terrible-nouvelle-deces-de-notre-collegue-et-camarade-yves-octavien\/#primaryimage"},"thumbnailUrl":"https:\/\/regions-snetap-fsu.fr\/pdl\/wp-content\/uploads\/sites\/4\/2026\/01\/Capture-decran-2026-01-02-171927.jpg","datePublished":"2026-01-02T16:34:22+00:00","dateModified":"2026-01-09T15:56:44+00:00","breadcrumb":{"@id":"https:\/\/regions-snetap-fsu.fr\/pdl\/2026\/01\/02\/triste-et-terrible-nouvelle-deces-de-notre-collegue-et-camarade-yves-octavien\/#breadcrumb"},"inLanguage":"fr-FR","potentialAction":[{"@type":"ReadAction","target":["https:\/\/regions-snetap-fsu.fr\/pdl\/2026\/01\/02\/triste-et-terrible-nouvelle-deces-de-notre-collegue-et-camarade-yves-octavien\/"]}]},{"@type":"ImageObject","inLanguage":"fr-FR","@id":"https:\/\/regions-snetap-fsu.fr\/pdl\/2026\/01\/02\/triste-et-terrible-nouvelle-deces-de-notre-collegue-et-camarade-yves-octavien\/#primaryimage","url":"https:\/\/regions-snetap-fsu.fr\/pdl\/wp-content\/uploads\/sites\/4\/2026\/01\/Capture-decran-2026-01-02-171927.jpg","contentUrl":"https:\/\/regions-snetap-fsu.fr\/pdl\/wp-content\/uploads\/sites\/4\/2026\/01\/Capture-decran-2026-01-02-171927.jpg","width":247,"height":243},{"@type":"BreadcrumbList","@id":"https:\/\/regions-snetap-fsu.fr\/pdl\/2026\/01\/02\/triste-et-terrible-nouvelle-deces-de-notre-collegue-et-camarade-yves-octavien\/#breadcrumb","itemListElement":[{"@type":"ListItem","position":1,"name":"Accueil","item":"https:\/\/regions-snetap-fsu.fr\/pdl\/"},{"@type":"ListItem","position":2,"name":"Triste et terrible nouvelle : d\u00e9c\u00e8s de notre coll\u00e8gue et camarade Yves OCTAVIEN"}]},{"@type":"WebSite","@id":"https:\/\/regions-snetap-fsu.fr\/pdl\/#website","url":"https:\/\/regions-snetap-fsu.fr\/pdl\/","name":"SNETAP-FSU PAYS DE LA LOIRE","description":"SECTION REGIONALE","publisher":{"@id":"https:\/\/regions-snetap-fsu.fr\/pdl\/#organization"},"potentialAction":[{"@type":"SearchAction","target":{"@type":"EntryPoint","urlTemplate":"https:\/\/regions-snetap-fsu.fr\/pdl\/?s={search_term_string}"},"query-input":{"@type":"PropertyValueSpecification","valueRequired":true,"valueName":"search_term_string"}}],"inLanguage":"fr-FR"},{"@type":"Organization","@id":"https:\/\/regions-snetap-fsu.fr\/pdl\/#organization","name":"SNETAP-FSU Pays de Loire","url":"https:\/\/regions-snetap-fsu.fr\/pdl\/","logo":{"@type":"ImageObject","inLanguage":"fr-FR","@id":"https:\/\/regions-snetap-fsu.fr\/pdl\/#\/schema\/logo\/image\/","url":"https:\/\/regions-snetap-fsu.fr\/pdl\/wp-content\/uploads\/sites\/4\/2020\/12\/SNETAP-Logo.jpg","contentUrl":"https:\/\/regions-snetap-fsu.fr\/pdl\/wp-content\/uploads\/sites\/4\/2020\/12\/SNETAP-Logo.jpg","width":464,"height":334,"caption":"SNETAP-FSU Pays de Loire"},"image":{"@id":"https:\/\/regions-snetap-fsu.fr\/pdl\/#\/schema\/logo\/image\/"}},{"@type":"Person","@id":"https:\/\/regions-snetap-fsu.fr\/pdl\/#\/schema\/person\/d4530af043f9e8d27bdd71c468ec93b1","name":"yvigner","image":{"@type":"ImageObject","inLanguage":"fr-FR","@id":"https:\/\/secure.gravatar.com\/avatar\/bc72baa6f2406549aecf77a837bc4f03dbe88472c1762138f868571430a23820?s=96&d=mm&r=g","url":"https:\/\/secure.gravatar.com\/avatar\/bc72baa6f2406549aecf77a837bc4f03dbe88472c1762138f868571430a23820?s=96&d=mm&r=g","contentUrl":"https:\/\/secure.gravatar.com\/avatar\/bc72baa6f2406549aecf77a837bc4f03dbe88472c1762138f868571430a23820?s=96&d=mm&r=g","caption":"yvigner"},"url":"https:\/\/regions-snetap-fsu.fr\/pdl\/author\/yvigner\/"}]}},"_links":{"self":[{"href":"https:\/\/regions-snetap-fsu.fr\/pdl\/wp-json\/wp\/v2\/posts\/5676","targetHints":{"allow":["GET"]}}],"collection":[{"href":"https:\/\/regions-snetap-fsu.fr\/pdl\/wp-json\/wp\/v2\/posts"}],"about":[{"href":"https:\/\/regions-snetap-fsu.fr\/pdl\/wp-json\/wp\/v2\/types\/post"}],"author":[{"embeddable":true,"href":"https:\/\/regions-snetap-fsu.fr\/pdl\/wp-json\/wp\/v2\/users\/2"}],"replies":[{"embeddable":true,"href":"https:\/\/regions-snetap-fsu.fr\/pdl\/wp-json\/wp\/v2\/comments?post=5676"}],"version-history":[{"count":5,"href":"https:\/\/regions-snetap-fsu.fr\/pdl\/wp-json\/wp\/v2\/posts\/5676\/revisions"}],"predecessor-version":[{"id":5682,"href":"https:\/\/regions-snetap-fsu.fr\/pdl\/wp-json\/wp\/v2\/posts\/5676\/revisions\/5682"}],"wp:featuredmedia":[{"embeddable":true,"href":"https:\/\/regions-snetap-fsu.fr\/pdl\/wp-json\/wp\/v2\/media\/5678"}],"wp:attachment":[{"href":"https:\/\/regions-snetap-fsu.fr\/pdl\/wp-json\/wp\/v2\/media?parent=5676"}],"wp:term":[{"taxonomy":"category","embeddable":true,"href":"https:\/\/regions-snetap-fsu.fr\/pdl\/wp-json\/wp\/v2\/categories?post=5676"},{"taxonomy":"post_tag","embeddable":true,"href":"https:\/\/regions-snetap-fsu.fr\/pdl\/wp-json\/wp\/v2\/tags?post=5676"},{"taxonomy":"post_folder","embeddable":true,"href":"https:\/\/regions-snetap-fsu.fr\/pdl\/wp-json\/wp\/v2\/post_folder?post=5676"}],"curies":[{"name":"wp","href":"https:\/\/api.w.org\/{rel}","templated":true}]}}