{"id":557,"date":"2017-09-01T23:56:25","date_gmt":"2017-09-01T21:56:25","guid":{"rendered":"http:\/\/snetap-fsu.fr\/comp\/pdl\/?p=557"},"modified":"2018-09-08T22:24:29","modified_gmt":"2018-09-08T20:24:29","slug":"la-fsu-et-le-snetap-fsu-obtiennent-des-avancees-significatives-pour-les-personnels-du-conseil-regional-des-pays-de-la-loire","status":"publish","type":"post","link":"https:\/\/regions-snetap-fsu.fr\/pdl\/2017\/09\/01\/la-fsu-et-le-snetap-fsu-obtiennent-des-avancees-significatives-pour-les-personnels-du-conseil-regional-des-pays-de-la-loire\/","title":{"rendered":"La FSU et le SNETAP-FSU obtiennent des avanc\u00e9es significatives pour les personnels du Conseil r\u00e9gional des Pays de la Loire"},"content":{"rendered":"<p><img decoding=\"async\" class=\"alignnone  wp-image-370\" src=\"https:\/\/regions-snetap-fsu.fr\/pdl\/wp-content\/uploads\/sites\/4\/2017\/03\/FSU-292x300.jpg\" alt=\"\" width=\"133\" height=\"137\" srcset=\"https:\/\/regions-snetap-fsu.fr\/pdl\/wp-content\/uploads\/sites\/4\/2017\/03\/FSU-292x300.jpg 292w, https:\/\/regions-snetap-fsu.fr\/pdl\/wp-content\/uploads\/sites\/4\/2017\/03\/FSU-100x103.jpg 100w, https:\/\/regions-snetap-fsu.fr\/pdl\/wp-content\/uploads\/sites\/4\/2017\/03\/FSU-150x154.jpg 150w, https:\/\/regions-snetap-fsu.fr\/pdl\/wp-content\/uploads\/sites\/4\/2017\/03\/FSU-200x205.jpg 200w, https:\/\/regions-snetap-fsu.fr\/pdl\/wp-content\/uploads\/sites\/4\/2017\/03\/FSU-300x308.jpg 300w, https:\/\/regions-snetap-fsu.fr\/pdl\/wp-content\/uploads\/sites\/4\/2017\/03\/FSU-450x462.jpg 450w, https:\/\/regions-snetap-fsu.fr\/pdl\/wp-content\/uploads\/sites\/4\/2017\/03\/FSU.jpg 584w\" sizes=\"(max-width: 133px) 100vw, 133px\" \/>\u00a0 \u00a0<img decoding=\"async\" class=\"wp-image-104 alignleft\" src=\"https:\/\/regions-snetap-fsu.fr\/pdl\/wp-content\/uploads\/sites\/4\/2016\/09\/logo-SNETAP-300x189.jpg\" alt=\"\" width=\"162\" height=\"102\" srcset=\"https:\/\/regions-snetap-fsu.fr\/pdl\/wp-content\/uploads\/sites\/4\/2016\/09\/logo-SNETAP-300x189.jpg 300w, https:\/\/regions-snetap-fsu.fr\/pdl\/wp-content\/uploads\/sites\/4\/2016\/09\/logo-SNETAP-100x63.jpg 100w, https:\/\/regions-snetap-fsu.fr\/pdl\/wp-content\/uploads\/sites\/4\/2016\/09\/logo-SNETAP-150x94.jpg 150w, https:\/\/regions-snetap-fsu.fr\/pdl\/wp-content\/uploads\/sites\/4\/2016\/09\/logo-SNETAP-200x126.jpg 200w, https:\/\/regions-snetap-fsu.fr\/pdl\/wp-content\/uploads\/sites\/4\/2016\/09\/logo-SNETAP-450x283.jpg 450w, https:\/\/regions-snetap-fsu.fr\/pdl\/wp-content\/uploads\/sites\/4\/2016\/09\/logo-SNETAP-600x377.jpg 600w, https:\/\/regions-snetap-fsu.fr\/pdl\/wp-content\/uploads\/sites\/4\/2016\/09\/logo-SNETAP.jpg 652w\" sizes=\"(max-width: 162px) 100vw, 162px\" \/><\/p>\n<p style=\"text-align: left\">\u00a0 \u00a0 \u00a0 \u00a0 \u00a0 \u00a0 \u00a0 \u00a0 \u00a0 \u00a0 \u00a0 <span style=\"text-decoration: underline;font-family: arial, helvetica, sans-serif\"><strong>\u00a0CONSEIL REGIONAL DES PAYS DE LA LOIRE<\/strong><\/span><\/p>\n<p align=\"center\"><span style=\"font-family: Arial, sans-serif\"><span style=\"font-size: x-large\"><b>La FSU et le SNETAP-FSU obtiennent des avanc\u00e9es significatives pour les personnels du Conseil r\u00e9gional des Pays de la Loire<\/b><\/span><\/span><\/p>\n<p align=\"justify\"><span style=\"font-family: Arial, sans-serif\">Le mercredi 30 aout 2017, une d\u00e9l\u00e9gation de la FSU a rencontr\u00e9 M.V.LECOMTE, DRH du Conseil r\u00e9gional des Pays de la Loire. Cette rencontre faisait suite au d\u00e9p\u00f4t de pr\u00e9avis de gr\u00e8ve (voir pi\u00e8ce jointe) du mois de juillet dernier. Nous souhaitions en effet d\u00e9noncer les conditions inacceptables de rentr\u00e9e dans les lyc\u00e9es lig\u00e9riens et SURTOUT le manque criant de personnels dans les services de restauration, de maintenance, des espaces verts et de m\u00e9nage des \u00e9tablissements. Cela se traduisait, notamment, par des menaces de suppression de poste (non renouvellement apr\u00e8s un d\u00e9part en retraite) et le non remplacement d&rsquo;agents en arr\u00eat maladie. <\/span><\/p>\n<p align=\"justify\"><span style=\"font-family: Arial, sans-serif\">Cette rencontre s&rsquo;est \u00e9galement d\u00e9roul\u00e9e dans un contexte national tr\u00e8s alarmant\u00a0: loi travail et r\u00e9duction drastique des contrats dits aid\u00e9s (auquel la r\u00e9gion et les \u00e9tablissements avaient recours). <\/span><\/p>\n<p align=\"justify\"><span style=\"font-family: Arial, sans-serif\">Nous avons ainsi pu obtenir des r\u00e9ponses tr\u00e8s concr\u00e8tes pour deux \u00e9tablissements. Au lyc\u00e9e de la Germini\u00e8re (ROUILLON-72), la suppression d&rsquo;un poste d&rsquo;ARL (agent r\u00e9gional des lyc\u00e9es) n&rsquo;est plus d&rsquo;actualit\u00e9, il s&rsquo;agit d\u00e9sormais d&rsquo;un ajustement interne \u00e0 trouver entre deux services (maintenance et m\u00e9nage) mais le d\u00e9part en retraite d&rsquo;un agent sera bien compens\u00e9. A Laval, au lyc\u00e9e agricole, nous avons obtenu le remplacement (initialement non pr\u00e9vu) de deux coll\u00e8gues en arr\u00eat longue maladie. <\/span><\/p>\n<p align=\"justify\"><span style=\"font-family: Arial, sans-serif\">Si ces mesures ne sont toujours pas suffisantes et ne l\u00e8vent pas les craintes importantes quant \u00e0 la suppression des contrats aid\u00e9s, ils montrent l&rsquo;int\u00e9r\u00eat de la mobilisation et des \u00e9changes constructifs avec l&rsquo;administration. <\/span><\/p>\n<p align=\"justify\"><span style=\"font-family: Arial, sans-serif\">Nous nous engagerons prochainement dans un dialogue serr\u00e9 avec le Conseil r\u00e9gional quant \u00e0 l&rsquo;estimation des dotations en personnel des \u00e9tablissements. Nous participerons \u00e9galement aux diff\u00e9rents \u00e9changes avec le Conseil r\u00e9gional quant aux pistes qu&rsquo;il entend apporter pour am\u00e9liorer les conditions de travail des agents. <\/span><\/p>\n<p align=\"right\"><span style=\"font-family: Arial, sans-serif\">Nantes le 1<sup>er<\/sup> septembre 2017<\/span><\/p>\n<p style=\"text-align: left\">\n","protected":false},"excerpt":{"rendered":"<p>\u00a0 \u00a0 \u00a0 \u00a0 \u00a0 \u00a0 \u00a0 \u00a0 \u00a0 \u00a0 \u00a0 \u00a0 \u00a0 \u00a0CONSEIL REGIONAL DES PAYS DE LA LOIRE La FSU et le SNETAP-FSU obtiennent des avanc\u00e9es significatives pour les personnels du Conseil r\u00e9gional des Pays de la Loire Le mercredi 30 aout 2017, une d\u00e9l\u00e9gation de la FSU a rencontr\u00e9 M.V.LECOMTE, DRH du [&hellip;]<\/p>\n","protected":false},"author":2,"featured_media":0,"comment_status":"closed","ping_status":"closed","sticky":false,"template":"","format":"standard","meta":{"ocean_post_layout":"","ocean_both_sidebars_style":"","ocean_both_sidebars_content_width":0,"ocean_both_sidebars_sidebars_width":0,"ocean_sidebar":"","ocean_second_sidebar":"","ocean_disable_margins":"enable","ocean_add_body_class":"","ocean_shortcode_before_top_bar":"","ocean_shortcode_after_top_bar":"","ocean_shortcode_before_header":"","ocean_shortcode_after_header":"","ocean_has_shortcode":"","ocean_shortcode_after_title":"","ocean_shortcode_before_footer_widgets":"","ocean_shortcode_after_footer_widgets":"","ocean_shortcode_before_footer_bottom":"","ocean_shortcode_after_footer_bottom":"","ocean_display_top_bar":"default","ocean_display_header":"default","ocean_header_style":"","ocean_center_header_left_menu":"","ocean_custom_header_template":"","ocean_custom_logo":0,"ocean_custom_retina_logo":0,"ocean_custom_logo_max_width":0,"ocean_custom_logo_tablet_max_width":0,"ocean_custom_logo_mobile_max_width":0,"ocean_custom_logo_max_height":0,"ocean_custom_logo_tablet_max_height":0,"ocean_custom_logo_mobile_max_height":0,"ocean_header_custom_menu":"","ocean_menu_typo_font_family":"","ocean_menu_typo_font_subset":"","ocean_menu_typo_font_size":0,"ocean_menu_typo_font_size_tablet":0,"ocean_menu_typo_font_size_mobile":0,"ocean_menu_typo_font_size_unit":"px","ocean_menu_typo_font_weight":"","ocean_menu_typo_font_weight_tablet":"","ocean_menu_typo_font_weight_mobile":"","ocean_menu_typo_transform":"","ocean_menu_typo_transform_tablet":"","ocean_menu_typo_transform_mobile":"","ocean_menu_typo_line_height":0,"ocean_menu_typo_line_height_tablet":0,"ocean_menu_typo_line_height_mobile":0,"ocean_menu_typo_line_height_unit":"","ocean_menu_typo_spacing":0,"ocean_menu_typo_spacing_tablet":0,"ocean_menu_typo_spacing_mobile":0,"ocean_menu_typo_spacing_unit":"","ocean_menu_link_color":"","ocean_menu_link_color_hover":"","ocean_menu_link_color_active":"","ocean_menu_link_background":"","ocean_menu_link_hover_background":"","ocean_menu_link_active_background":"","ocean_menu_social_links_bg":"","ocean_menu_social_hover_links_bg":"","ocean_menu_social_links_color":"","ocean_menu_social_hover_links_color":"","ocean_disable_title":"default","ocean_disable_heading":"default","ocean_post_title":"","ocean_post_subheading":"","ocean_post_title_style":"","ocean_post_title_background_color":"","ocean_post_title_background":0,"ocean_post_title_bg_image_position":"","ocean_post_title_bg_image_attachment":"","ocean_post_title_bg_image_repeat":"","ocean_post_title_bg_image_size":"","ocean_post_title_height":0,"ocean_post_title_bg_overlay":0.5,"ocean_post_title_bg_overlay_color":"","ocean_disable_breadcrumbs":"default","ocean_breadcrumbs_color":"","ocean_breadcrumbs_separator_color":"","ocean_breadcrumbs_links_color":"","ocean_breadcrumbs_links_hover_color":"","ocean_display_footer_widgets":"default","ocean_display_footer_bottom":"default","ocean_custom_footer_template":"","ocean_post_oembed":"","ocean_post_self_hosted_media":"","ocean_post_video_embed":"","ocean_link_format":"","ocean_link_format_target":"self","ocean_quote_format":"","ocean_quote_format_link":"post","ocean_gallery_link_images":"on","ocean_gallery_id":[],"footnotes":""},"categories":[7],"tags":[],"post_folder":[],"class_list":["post-557","post","type-post","status-publish","format-standard","hentry","category-conseil-regional","entry"],"yoast_head":"<!-- This site is optimized with the Yoast SEO plugin v27.4 - https:\/\/yoast.com\/product\/yoast-seo-wordpress\/ -->\n<title>La FSU et le SNETAP-FSU obtiennent des avanc\u00e9es significatives pour les personnels du Conseil r\u00e9gional des Pays de la Loire - PAYS DE LA LOIRE<\/title>\n<meta name=\"robots\" content=\"index, follow, max-snippet:-1, max-image-preview:large, max-video-preview:-1\" \/>\n<link rel=\"canonical\" href=\"https:\/\/regions-snetap-fsu.fr\/pdl\/2017\/09\/01\/la-fsu-et-le-snetap-fsu-obtiennent-des-avancees-significatives-pour-les-personnels-du-conseil-regional-des-pays-de-la-loire\/\" \/>\n<meta property=\"og:locale\" content=\"fr_FR\" \/>\n<meta property=\"og:type\" content=\"article\" \/>\n<meta property=\"og:title\" content=\"La FSU et le SNETAP-FSU obtiennent des avanc\u00e9es significatives pour les personnels du Conseil r\u00e9gional des Pays de la Loire - PAYS DE LA LOIRE\" \/>\n<meta property=\"og:description\" content=\"\u00a0 \u00a0 \u00a0 \u00a0 \u00a0 \u00a0 \u00a0 \u00a0 \u00a0 \u00a0 \u00a0 \u00a0 \u00a0 \u00a0CONSEIL REGIONAL DES PAYS DE LA LOIRE La FSU et le SNETAP-FSU obtiennent des avanc\u00e9es significatives pour les personnels du Conseil r\u00e9gional des Pays de la Loire Le mercredi 30 aout 2017, une d\u00e9l\u00e9gation de la FSU a rencontr\u00e9 M.V.LECOMTE, DRH du [&hellip;]\" \/>\n<meta property=\"og:url\" content=\"https:\/\/regions-snetap-fsu.fr\/pdl\/2017\/09\/01\/la-fsu-et-le-snetap-fsu-obtiennent-des-avancees-significatives-pour-les-personnels-du-conseil-regional-des-pays-de-la-loire\/\" \/>\n<meta property=\"og:site_name\" content=\"PAYS DE LA LOIRE\" \/>\n<meta property=\"article:published_time\" content=\"2017-09-01T21:56:25+00:00\" \/>\n<meta property=\"article:modified_time\" content=\"2018-09-08T20:24:29+00:00\" \/>\n<meta property=\"og:image\" content=\"https:\/\/regions-snetap-fsu.fr\/pdl\/wp-content\/uploads\/sites\/4\/2017\/03\/FSU-292x300.jpg\" \/>\n<meta name=\"author\" content=\"yvigner\" \/>\n<meta name=\"twitter:card\" content=\"summary_large_image\" \/>\n<meta name=\"twitter:label1\" content=\"\u00c9crit par\" \/>\n\t<meta name=\"twitter:data1\" content=\"yvigner\" \/>\n\t<meta name=\"twitter:label2\" content=\"Dur\u00e9e de lecture estim\u00e9e\" \/>\n\t<meta name=\"twitter:data2\" content=\"2 minutes\" \/>\n<script type=\"application\/ld+json\" class=\"yoast-schema-graph\">{\"@context\":\"https:\\\/\\\/schema.org\",\"@graph\":[{\"@type\":\"Article\",\"@id\":\"https:\\\/\\\/regions-snetap-fsu.fr\\\/pdl\\\/2017\\\/09\\\/01\\\/la-fsu-et-le-snetap-fsu-obtiennent-des-avancees-significatives-pour-les-personnels-du-conseil-regional-des-pays-de-la-loire\\\/#article\",\"isPartOf\":{\"@id\":\"https:\\\/\\\/regions-snetap-fsu.fr\\\/pdl\\\/2017\\\/09\\\/01\\\/la-fsu-et-le-snetap-fsu-obtiennent-des-avancees-significatives-pour-les-personnels-du-conseil-regional-des-pays-de-la-loire\\\/\"},\"author\":{\"name\":\"yvigner\",\"@id\":\"https:\\\/\\\/regions-snetap-fsu.fr\\\/pdl\\\/#\\\/schema\\\/person\\\/d4530af043f9e8d27bdd71c468ec93b1\"},\"headline\":\"La FSU et le SNETAP-FSU obtiennent des avanc\u00e9es significatives pour les personnels du Conseil r\u00e9gional des Pays de la Loire\",\"datePublished\":\"2017-09-01T21:56:25+00:00\",\"dateModified\":\"2018-09-08T20:24:29+00:00\",\"mainEntityOfPage\":{\"@id\":\"https:\\\/\\\/regions-snetap-fsu.fr\\\/pdl\\\/2017\\\/09\\\/01\\\/la-fsu-et-le-snetap-fsu-obtiennent-des-avancees-significatives-pour-les-personnels-du-conseil-regional-des-pays-de-la-loire\\\/\"},\"wordCount\":392,\"publisher\":{\"@id\":\"https:\\\/\\\/regions-snetap-fsu.fr\\\/pdl\\\/#organization\"},\"image\":{\"@id\":\"https:\\\/\\\/regions-snetap-fsu.fr\\\/pdl\\\/2017\\\/09\\\/01\\\/la-fsu-et-le-snetap-fsu-obtiennent-des-avancees-significatives-pour-les-personnels-du-conseil-regional-des-pays-de-la-loire\\\/#primaryimage\"},\"thumbnailUrl\":\"https:\\\/\\\/regions-snetap-fsu.fr\\\/pdl\\\/wp-content\\\/uploads\\\/sites\\\/4\\\/2017\\\/03\\\/FSU-292x300.jpg\",\"articleSection\":[\"Conseil r\u00e9gional\"],\"inLanguage\":\"fr-FR\"},{\"@type\":\"WebPage\",\"@id\":\"https:\\\/\\\/regions-snetap-fsu.fr\\\/pdl\\\/2017\\\/09\\\/01\\\/la-fsu-et-le-snetap-fsu-obtiennent-des-avancees-significatives-pour-les-personnels-du-conseil-regional-des-pays-de-la-loire\\\/\",\"url\":\"https:\\\/\\\/regions-snetap-fsu.fr\\\/pdl\\\/2017\\\/09\\\/01\\\/la-fsu-et-le-snetap-fsu-obtiennent-des-avancees-significatives-pour-les-personnels-du-conseil-regional-des-pays-de-la-loire\\\/\",\"name\":\"La FSU et le SNETAP-FSU obtiennent des avanc\u00e9es significatives pour les personnels du Conseil r\u00e9gional des Pays de la Loire - PAYS DE LA LOIRE\",\"isPartOf\":{\"@id\":\"https:\\\/\\\/regions-snetap-fsu.fr\\\/pdl\\\/#website\"},\"primaryImageOfPage\":{\"@id\":\"https:\\\/\\\/regions-snetap-fsu.fr\\\/pdl\\\/2017\\\/09\\\/01\\\/la-fsu-et-le-snetap-fsu-obtiennent-des-avancees-significatives-pour-les-personnels-du-conseil-regional-des-pays-de-la-loire\\\/#primaryimage\"},\"image\":{\"@id\":\"https:\\\/\\\/regions-snetap-fsu.fr\\\/pdl\\\/2017\\\/09\\\/01\\\/la-fsu-et-le-snetap-fsu-obtiennent-des-avancees-significatives-pour-les-personnels-du-conseil-regional-des-pays-de-la-loire\\\/#primaryimage\"},\"thumbnailUrl\":\"https:\\\/\\\/regions-snetap-fsu.fr\\\/pdl\\\/wp-content\\\/uploads\\\/sites\\\/4\\\/2017\\\/03\\\/FSU-292x300.jpg\",\"datePublished\":\"2017-09-01T21:56:25+00:00\",\"dateModified\":\"2018-09-08T20:24:29+00:00\",\"breadcrumb\":{\"@id\":\"https:\\\/\\\/regions-snetap-fsu.fr\\\/pdl\\\/2017\\\/09\\\/01\\\/la-fsu-et-le-snetap-fsu-obtiennent-des-avancees-significatives-pour-les-personnels-du-conseil-regional-des-pays-de-la-loire\\\/#breadcrumb\"},\"inLanguage\":\"fr-FR\",\"potentialAction\":[{\"@type\":\"ReadAction\",\"target\":[\"https:\\\/\\\/regions-snetap-fsu.fr\\\/pdl\\\/2017\\\/09\\\/01\\\/la-fsu-et-le-snetap-fsu-obtiennent-des-avancees-significatives-pour-les-personnels-du-conseil-regional-des-pays-de-la-loire\\\/\"]}]},{\"@type\":\"ImageObject\",\"inLanguage\":\"fr-FR\",\"@id\":\"https:\\\/\\\/regions-snetap-fsu.fr\\\/pdl\\\/2017\\\/09\\\/01\\\/la-fsu-et-le-snetap-fsu-obtiennent-des-avancees-significatives-pour-les-personnels-du-conseil-regional-des-pays-de-la-loire\\\/#primaryimage\",\"url\":\"https:\\\/\\\/regions-snetap-fsu.fr\\\/pdl\\\/wp-content\\\/uploads\\\/sites\\\/4\\\/2017\\\/03\\\/FSU.jpg\",\"contentUrl\":\"https:\\\/\\\/regions-snetap-fsu.fr\\\/pdl\\\/wp-content\\\/uploads\\\/sites\\\/4\\\/2017\\\/03\\\/FSU.jpg\",\"width\":584,\"height\":600},{\"@type\":\"BreadcrumbList\",\"@id\":\"https:\\\/\\\/regions-snetap-fsu.fr\\\/pdl\\\/2017\\\/09\\\/01\\\/la-fsu-et-le-snetap-fsu-obtiennent-des-avancees-significatives-pour-les-personnels-du-conseil-regional-des-pays-de-la-loire\\\/#breadcrumb\",\"itemListElement\":[{\"@type\":\"ListItem\",\"position\":1,\"name\":\"Accueil\",\"item\":\"https:\\\/\\\/regions-snetap-fsu.fr\\\/pdl\\\/\"},{\"@type\":\"ListItem\",\"position\":2,\"name\":\"La FSU et le SNETAP-FSU obtiennent des avanc\u00e9es significatives pour les personnels du Conseil r\u00e9gional des Pays de la Loire\"}]},{\"@type\":\"WebSite\",\"@id\":\"https:\\\/\\\/regions-snetap-fsu.fr\\\/pdl\\\/#website\",\"url\":\"https:\\\/\\\/regions-snetap-fsu.fr\\\/pdl\\\/\",\"name\":\"SNETAP-FSU PAYS DE LA LOIRE\",\"description\":\"SECTION REGIONALE\",\"publisher\":{\"@id\":\"https:\\\/\\\/regions-snetap-fsu.fr\\\/pdl\\\/#organization\"},\"potentialAction\":[{\"@type\":\"SearchAction\",\"target\":{\"@type\":\"EntryPoint\",\"urlTemplate\":\"https:\\\/\\\/regions-snetap-fsu.fr\\\/pdl\\\/?s={search_term_string}\"},\"query-input\":{\"@type\":\"PropertyValueSpecification\",\"valueRequired\":true,\"valueName\":\"search_term_string\"}}],\"inLanguage\":\"fr-FR\"},{\"@type\":\"Organization\",\"@id\":\"https:\\\/\\\/regions-snetap-fsu.fr\\\/pdl\\\/#organization\",\"name\":\"SNETAP-FSU Pays de Loire\",\"url\":\"https:\\\/\\\/regions-snetap-fsu.fr\\\/pdl\\\/\",\"logo\":{\"@type\":\"ImageObject\",\"inLanguage\":\"fr-FR\",\"@id\":\"https:\\\/\\\/regions-snetap-fsu.fr\\\/pdl\\\/#\\\/schema\\\/logo\\\/image\\\/\",\"url\":\"https:\\\/\\\/regions-snetap-fsu.fr\\\/pdl\\\/wp-content\\\/uploads\\\/sites\\\/4\\\/2020\\\/12\\\/SNETAP-Logo.jpg\",\"contentUrl\":\"https:\\\/\\\/regions-snetap-fsu.fr\\\/pdl\\\/wp-content\\\/uploads\\\/sites\\\/4\\\/2020\\\/12\\\/SNETAP-Logo.jpg\",\"width\":464,\"height\":334,\"caption\":\"SNETAP-FSU Pays de Loire\"},\"image\":{\"@id\":\"https:\\\/\\\/regions-snetap-fsu.fr\\\/pdl\\\/#\\\/schema\\\/logo\\\/image\\\/\"}},{\"@type\":\"Person\",\"@id\":\"https:\\\/\\\/regions-snetap-fsu.fr\\\/pdl\\\/#\\\/schema\\\/person\\\/d4530af043f9e8d27bdd71c468ec93b1\",\"name\":\"yvigner\",\"image\":{\"@type\":\"ImageObject\",\"inLanguage\":\"fr-FR\",\"@id\":\"https:\\\/\\\/secure.gravatar.com\\\/avatar\\\/bc72baa6f2406549aecf77a837bc4f03dbe88472c1762138f868571430a23820?s=96&d=mm&r=g\",\"url\":\"https:\\\/\\\/secure.gravatar.com\\\/avatar\\\/bc72baa6f2406549aecf77a837bc4f03dbe88472c1762138f868571430a23820?s=96&d=mm&r=g\",\"contentUrl\":\"https:\\\/\\\/secure.gravatar.com\\\/avatar\\\/bc72baa6f2406549aecf77a837bc4f03dbe88472c1762138f868571430a23820?s=96&d=mm&r=g\",\"caption\":\"yvigner\"},\"url\":\"https:\\\/\\\/regions-snetap-fsu.fr\\\/pdl\\\/author\\\/yvigner\\\/\"}]}<\/script>\n<!-- \/ Yoast SEO plugin. -->","yoast_head_json":{"title":"La FSU et le SNETAP-FSU obtiennent des avanc\u00e9es significatives pour les personnels du Conseil r\u00e9gional des Pays de la Loire - PAYS DE LA LOIRE","robots":{"index":"index","follow":"follow","max-snippet":"max-snippet:-1","max-image-preview":"max-image-preview:large","max-video-preview":"max-video-preview:-1"},"canonical":"https:\/\/regions-snetap-fsu.fr\/pdl\/2017\/09\/01\/la-fsu-et-le-snetap-fsu-obtiennent-des-avancees-significatives-pour-les-personnels-du-conseil-regional-des-pays-de-la-loire\/","og_locale":"fr_FR","og_type":"article","og_title":"La FSU et le SNETAP-FSU obtiennent des avanc\u00e9es significatives pour les personnels du Conseil r\u00e9gional des Pays de la Loire - PAYS DE LA LOIRE","og_description":"\u00a0 \u00a0 \u00a0 \u00a0 \u00a0 \u00a0 \u00a0 \u00a0 \u00a0 \u00a0 \u00a0 \u00a0 \u00a0 \u00a0CONSEIL REGIONAL DES PAYS DE LA LOIRE La FSU et le SNETAP-FSU obtiennent des avanc\u00e9es significatives pour les personnels du Conseil r\u00e9gional des Pays de la Loire Le mercredi 30 aout 2017, une d\u00e9l\u00e9gation de la FSU a rencontr\u00e9 M.V.LECOMTE, DRH du [&hellip;]","og_url":"https:\/\/regions-snetap-fsu.fr\/pdl\/2017\/09\/01\/la-fsu-et-le-snetap-fsu-obtiennent-des-avancees-significatives-pour-les-personnels-du-conseil-regional-des-pays-de-la-loire\/","og_site_name":"PAYS DE LA LOIRE","article_published_time":"2017-09-01T21:56:25+00:00","article_modified_time":"2018-09-08T20:24:29+00:00","og_image":[{"url":"https:\/\/regions-snetap-fsu.fr\/pdl\/wp-content\/uploads\/sites\/4\/2017\/03\/FSU-292x300.jpg","type":"","width":"","height":""}],"author":"yvigner","twitter_card":"summary_large_image","twitter_misc":{"\u00c9crit par":"yvigner","Dur\u00e9e de lecture estim\u00e9e":"2 minutes"},"schema":{"@context":"https:\/\/schema.org","@graph":[{"@type":"Article","@id":"https:\/\/regions-snetap-fsu.fr\/pdl\/2017\/09\/01\/la-fsu-et-le-snetap-fsu-obtiennent-des-avancees-significatives-pour-les-personnels-du-conseil-regional-des-pays-de-la-loire\/#article","isPartOf":{"@id":"https:\/\/regions-snetap-fsu.fr\/pdl\/2017\/09\/01\/la-fsu-et-le-snetap-fsu-obtiennent-des-avancees-significatives-pour-les-personnels-du-conseil-regional-des-pays-de-la-loire\/"},"author":{"name":"yvigner","@id":"https:\/\/regions-snetap-fsu.fr\/pdl\/#\/schema\/person\/d4530af043f9e8d27bdd71c468ec93b1"},"headline":"La FSU et le SNETAP-FSU obtiennent des avanc\u00e9es significatives pour les personnels du Conseil r\u00e9gional des Pays de la Loire","datePublished":"2017-09-01T21:56:25+00:00","dateModified":"2018-09-08T20:24:29+00:00","mainEntityOfPage":{"@id":"https:\/\/regions-snetap-fsu.fr\/pdl\/2017\/09\/01\/la-fsu-et-le-snetap-fsu-obtiennent-des-avancees-significatives-pour-les-personnels-du-conseil-regional-des-pays-de-la-loire\/"},"wordCount":392,"publisher":{"@id":"https:\/\/regions-snetap-fsu.fr\/pdl\/#organization"},"image":{"@id":"https:\/\/regions-snetap-fsu.fr\/pdl\/2017\/09\/01\/la-fsu-et-le-snetap-fsu-obtiennent-des-avancees-significatives-pour-les-personnels-du-conseil-regional-des-pays-de-la-loire\/#primaryimage"},"thumbnailUrl":"https:\/\/regions-snetap-fsu.fr\/pdl\/wp-content\/uploads\/sites\/4\/2017\/03\/FSU-292x300.jpg","articleSection":["Conseil r\u00e9gional"],"inLanguage":"fr-FR"},{"@type":"WebPage","@id":"https:\/\/regions-snetap-fsu.fr\/pdl\/2017\/09\/01\/la-fsu-et-le-snetap-fsu-obtiennent-des-avancees-significatives-pour-les-personnels-du-conseil-regional-des-pays-de-la-loire\/","url":"https:\/\/regions-snetap-fsu.fr\/pdl\/2017\/09\/01\/la-fsu-et-le-snetap-fsu-obtiennent-des-avancees-significatives-pour-les-personnels-du-conseil-regional-des-pays-de-la-loire\/","name":"La FSU et le SNETAP-FSU obtiennent des avanc\u00e9es significatives pour les personnels du Conseil r\u00e9gional des Pays de la Loire - PAYS DE LA LOIRE","isPartOf":{"@id":"https:\/\/regions-snetap-fsu.fr\/pdl\/#website"},"primaryImageOfPage":{"@id":"https:\/\/regions-snetap-fsu.fr\/pdl\/2017\/09\/01\/la-fsu-et-le-snetap-fsu-obtiennent-des-avancees-significatives-pour-les-personnels-du-conseil-regional-des-pays-de-la-loire\/#primaryimage"},"image":{"@id":"https:\/\/regions-snetap-fsu.fr\/pdl\/2017\/09\/01\/la-fsu-et-le-snetap-fsu-obtiennent-des-avancees-significatives-pour-les-personnels-du-conseil-regional-des-pays-de-la-loire\/#primaryimage"},"thumbnailUrl":"https:\/\/regions-snetap-fsu.fr\/pdl\/wp-content\/uploads\/sites\/4\/2017\/03\/FSU-292x300.jpg","datePublished":"2017-09-01T21:56:25+00:00","dateModified":"2018-09-08T20:24:29+00:00","breadcrumb":{"@id":"https:\/\/regions-snetap-fsu.fr\/pdl\/2017\/09\/01\/la-fsu-et-le-snetap-fsu-obtiennent-des-avancees-significatives-pour-les-personnels-du-conseil-regional-des-pays-de-la-loire\/#breadcrumb"},"inLanguage":"fr-FR","potentialAction":[{"@type":"ReadAction","target":["https:\/\/regions-snetap-fsu.fr\/pdl\/2017\/09\/01\/la-fsu-et-le-snetap-fsu-obtiennent-des-avancees-significatives-pour-les-personnels-du-conseil-regional-des-pays-de-la-loire\/"]}]},{"@type":"ImageObject","inLanguage":"fr-FR","@id":"https:\/\/regions-snetap-fsu.fr\/pdl\/2017\/09\/01\/la-fsu-et-le-snetap-fsu-obtiennent-des-avancees-significatives-pour-les-personnels-du-conseil-regional-des-pays-de-la-loire\/#primaryimage","url":"https:\/\/regions-snetap-fsu.fr\/pdl\/wp-content\/uploads\/sites\/4\/2017\/03\/FSU.jpg","contentUrl":"https:\/\/regions-snetap-fsu.fr\/pdl\/wp-content\/uploads\/sites\/4\/2017\/03\/FSU.jpg","width":584,"height":600},{"@type":"BreadcrumbList","@id":"https:\/\/regions-snetap-fsu.fr\/pdl\/2017\/09\/01\/la-fsu-et-le-snetap-fsu-obtiennent-des-avancees-significatives-pour-les-personnels-du-conseil-regional-des-pays-de-la-loire\/#breadcrumb","itemListElement":[{"@type":"ListItem","position":1,"name":"Accueil","item":"https:\/\/regions-snetap-fsu.fr\/pdl\/"},{"@type":"ListItem","position":2,"name":"La FSU et le SNETAP-FSU obtiennent des avanc\u00e9es significatives pour les personnels du Conseil r\u00e9gional des Pays de la Loire"}]},{"@type":"WebSite","@id":"https:\/\/regions-snetap-fsu.fr\/pdl\/#website","url":"https:\/\/regions-snetap-fsu.fr\/pdl\/","name":"SNETAP-FSU PAYS DE LA LOIRE","description":"SECTION REGIONALE","publisher":{"@id":"https:\/\/regions-snetap-fsu.fr\/pdl\/#organization"},"potentialAction":[{"@type":"SearchAction","target":{"@type":"EntryPoint","urlTemplate":"https:\/\/regions-snetap-fsu.fr\/pdl\/?s={search_term_string}"},"query-input":{"@type":"PropertyValueSpecification","valueRequired":true,"valueName":"search_term_string"}}],"inLanguage":"fr-FR"},{"@type":"Organization","@id":"https:\/\/regions-snetap-fsu.fr\/pdl\/#organization","name":"SNETAP-FSU Pays de Loire","url":"https:\/\/regions-snetap-fsu.fr\/pdl\/","logo":{"@type":"ImageObject","inLanguage":"fr-FR","@id":"https:\/\/regions-snetap-fsu.fr\/pdl\/#\/schema\/logo\/image\/","url":"https:\/\/regions-snetap-fsu.fr\/pdl\/wp-content\/uploads\/sites\/4\/2020\/12\/SNETAP-Logo.jpg","contentUrl":"https:\/\/regions-snetap-fsu.fr\/pdl\/wp-content\/uploads\/sites\/4\/2020\/12\/SNETAP-Logo.jpg","width":464,"height":334,"caption":"SNETAP-FSU Pays de Loire"},"image":{"@id":"https:\/\/regions-snetap-fsu.fr\/pdl\/#\/schema\/logo\/image\/"}},{"@type":"Person","@id":"https:\/\/regions-snetap-fsu.fr\/pdl\/#\/schema\/person\/d4530af043f9e8d27bdd71c468ec93b1","name":"yvigner","image":{"@type":"ImageObject","inLanguage":"fr-FR","@id":"https:\/\/secure.gravatar.com\/avatar\/bc72baa6f2406549aecf77a837bc4f03dbe88472c1762138f868571430a23820?s=96&d=mm&r=g","url":"https:\/\/secure.gravatar.com\/avatar\/bc72baa6f2406549aecf77a837bc4f03dbe88472c1762138f868571430a23820?s=96&d=mm&r=g","contentUrl":"https:\/\/secure.gravatar.com\/avatar\/bc72baa6f2406549aecf77a837bc4f03dbe88472c1762138f868571430a23820?s=96&d=mm&r=g","caption":"yvigner"},"url":"https:\/\/regions-snetap-fsu.fr\/pdl\/author\/yvigner\/"}]}},"_links":{"self":[{"href":"https:\/\/regions-snetap-fsu.fr\/pdl\/wp-json\/wp\/v2\/posts\/557","targetHints":{"allow":["GET"]}}],"collection":[{"href":"https:\/\/regions-snetap-fsu.fr\/pdl\/wp-json\/wp\/v2\/posts"}],"about":[{"href":"https:\/\/regions-snetap-fsu.fr\/pdl\/wp-json\/wp\/v2\/types\/post"}],"author":[{"embeddable":true,"href":"https:\/\/regions-snetap-fsu.fr\/pdl\/wp-json\/wp\/v2\/users\/2"}],"replies":[{"embeddable":true,"href":"https:\/\/regions-snetap-fsu.fr\/pdl\/wp-json\/wp\/v2\/comments?post=557"}],"version-history":[{"count":1,"href":"https:\/\/regions-snetap-fsu.fr\/pdl\/wp-json\/wp\/v2\/posts\/557\/revisions"}],"predecessor-version":[{"id":2740,"href":"https:\/\/regions-snetap-fsu.fr\/pdl\/wp-json\/wp\/v2\/posts\/557\/revisions\/2740"}],"wp:attachment":[{"href":"https:\/\/regions-snetap-fsu.fr\/pdl\/wp-json\/wp\/v2\/media?parent=557"}],"wp:term":[{"taxonomy":"category","embeddable":true,"href":"https:\/\/regions-snetap-fsu.fr\/pdl\/wp-json\/wp\/v2\/categories?post=557"},{"taxonomy":"post_tag","embeddable":true,"href":"https:\/\/regions-snetap-fsu.fr\/pdl\/wp-json\/wp\/v2\/tags?post=557"},{"taxonomy":"post_folder","embeddable":true,"href":"https:\/\/regions-snetap-fsu.fr\/pdl\/wp-json\/wp\/v2\/post_folder?post=557"}],"curies":[{"name":"wp","href":"https:\/\/api.w.org\/{rel}","templated":true}]}}