{"id":55,"date":"2016-05-31T00:49:51","date_gmt":"2016-05-30T22:49:51","guid":{"rendered":"http:\/\/snetap-fsu.fr\/comp\/pdl\/?p=55"},"modified":"2018-09-19T21:59:44","modified_gmt":"2018-09-19T19:59:44","slug":"grace-au-snetap-le-lycee-pisani-a-montreuil-bellay-garde-ses-2-postes-desc","status":"publish","type":"post","link":"https:\/\/regions-snetap-fsu.fr\/pdl\/2016\/05\/31\/grace-au-snetap-le-lycee-pisani-a-montreuil-bellay-garde-ses-2-postes-desc\/","title":{"rendered":"Gr\u00e2ce au SNETAP \u2026  le lyc\u00e9e PISANI \u00e0 Montreuil-Bellay, garde ses 2 postes d&#039;ESC\u00a0!"},"content":{"rendered":"<p class=\"western\"><img fetchpriority=\"high\" decoding=\"async\" class=\"alignright wp-image-61 size-large\" src=\"https:\/\/regions-snetap-fsu.fr\/pdl\/wp-content\/uploads\/sites\/4\/2016\/05\/20140515_111833-1024x576.jpg\" alt=\"20140515_111833\" width=\"605\" height=\"340\" srcset=\"https:\/\/regions-snetap-fsu.fr\/pdl\/wp-content\/uploads\/sites\/4\/2016\/05\/20140515_111833-1024x576.jpg 1024w, https:\/\/regions-snetap-fsu.fr\/pdl\/wp-content\/uploads\/sites\/4\/2016\/05\/20140515_111833-300x169.jpg 300w, https:\/\/regions-snetap-fsu.fr\/pdl\/wp-content\/uploads\/sites\/4\/2016\/05\/20140515_111833-768x432.jpg 768w, https:\/\/regions-snetap-fsu.fr\/pdl\/wp-content\/uploads\/sites\/4\/2016\/05\/20140515_111833-100x56.jpg 100w, https:\/\/regions-snetap-fsu.fr\/pdl\/wp-content\/uploads\/sites\/4\/2016\/05\/20140515_111833-150x84.jpg 150w, https:\/\/regions-snetap-fsu.fr\/pdl\/wp-content\/uploads\/sites\/4\/2016\/05\/20140515_111833-200x113.jpg 200w, https:\/\/regions-snetap-fsu.fr\/pdl\/wp-content\/uploads\/sites\/4\/2016\/05\/20140515_111833-450x253.jpg 450w, https:\/\/regions-snetap-fsu.fr\/pdl\/wp-content\/uploads\/sites\/4\/2016\/05\/20140515_111833-600x338.jpg 600w, https:\/\/regions-snetap-fsu.fr\/pdl\/wp-content\/uploads\/sites\/4\/2016\/05\/20140515_111833-900x506.jpg 900w, https:\/\/regions-snetap-fsu.fr\/pdl\/wp-content\/uploads\/sites\/4\/2016\/05\/20140515_111833.jpg 1280w\" sizes=\"(max-width: 605px) 100vw, 605px\" \/><\/p>\n<p class=\"western\">Sur le dernier mouvement des titulaires, l\u2019administration avait fait dispara\u00eetre un ETP en ESC \u00e0 Montreuil-Bellay (49), alors que le nombre d\u2019heures de cours dans cette discipline restait inchang\u00e9\u00a0! Surement un dommage collat\u00e9ral du dialogue de gestion\u2026<\/p>\n<p class=\"western\">Avec la mobilisation de notre syndicat \u00e0 tous les niveaux de d\u00e9cision, l\u2019administration d\u00e9clare \u2018\u2019 Apr\u00e8s avoir envisag\u00e9 la suppression d\u2019un poste, la DGER confirme bien le maintien des 2 postes inscrits (2 ETP)\u2019\u2019.<\/p>\n<p class=\"western\">Notre mobilisation nous a permis de gagner un pr\u00e9cieux\u00a0combat, en ces temps de conseils de classes\u00a0: Poursuivons- ainsi\u00a0! NE LACHONS RIEN !<\/p>\n<p class=\"western\" align=\"right\">Virginie Jadeau (ESC)<\/p>\n<p class=\"western\" align=\"right\">Section Montreuil-Bellay<\/p>\n","protected":false},"excerpt":{"rendered":"<p>Sur le dernier mouvement des titulaires, l\u2019administration avait fait dispara\u00eetre un ETP en ESC \u00e0 Montreuil-Bellay (49), alors que le nombre d\u2019heures de cours dans cette discipline restait inchang\u00e9\u00a0! Surement un dommage collat\u00e9ral du dialogue de gestion\u2026 Avec la mobilisation de notre syndicat \u00e0 tous les niveaux de d\u00e9cision, l\u2019administration d\u00e9clare \u2018\u2019 Apr\u00e8s avoir envisag\u00e9 [&hellip;]<\/p>\n","protected":false},"author":2,"featured_media":0,"comment_status":"closed","ping_status":"closed","sticky":false,"template":"","format":"standard","meta":{"ocean_post_layout":"","ocean_both_sidebars_style":"","ocean_both_sidebars_content_width":0,"ocean_both_sidebars_sidebars_width":0,"ocean_sidebar":"","ocean_second_sidebar":"","ocean_disable_margins":"enable","ocean_add_body_class":"","ocean_shortcode_before_top_bar":"","ocean_shortcode_after_top_bar":"","ocean_shortcode_before_header":"","ocean_shortcode_after_header":"","ocean_has_shortcode":"","ocean_shortcode_after_title":"","ocean_shortcode_before_footer_widgets":"","ocean_shortcode_after_footer_widgets":"","ocean_shortcode_before_footer_bottom":"","ocean_shortcode_after_footer_bottom":"","ocean_display_top_bar":"default","ocean_display_header":"default","ocean_header_style":"","ocean_center_header_left_menu":"","ocean_custom_header_template":"","ocean_custom_logo":0,"ocean_custom_retina_logo":0,"ocean_custom_logo_max_width":0,"ocean_custom_logo_tablet_max_width":0,"ocean_custom_logo_mobile_max_width":0,"ocean_custom_logo_max_height":0,"ocean_custom_logo_tablet_max_height":0,"ocean_custom_logo_mobile_max_height":0,"ocean_header_custom_menu":"","ocean_menu_typo_font_family":"","ocean_menu_typo_font_subset":"","ocean_menu_typo_font_size":0,"ocean_menu_typo_font_size_tablet":0,"ocean_menu_typo_font_size_mobile":0,"ocean_menu_typo_font_size_unit":"px","ocean_menu_typo_font_weight":"","ocean_menu_typo_font_weight_tablet":"","ocean_menu_typo_font_weight_mobile":"","ocean_menu_typo_transform":"","ocean_menu_typo_transform_tablet":"","ocean_menu_typo_transform_mobile":"","ocean_menu_typo_line_height":0,"ocean_menu_typo_line_height_tablet":0,"ocean_menu_typo_line_height_mobile":0,"ocean_menu_typo_line_height_unit":"","ocean_menu_typo_spacing":0,"ocean_menu_typo_spacing_tablet":0,"ocean_menu_typo_spacing_mobile":0,"ocean_menu_typo_spacing_unit":"","ocean_menu_link_color":"","ocean_menu_link_color_hover":"","ocean_menu_link_color_active":"","ocean_menu_link_background":"","ocean_menu_link_hover_background":"","ocean_menu_link_active_background":"","ocean_menu_social_links_bg":"","ocean_menu_social_hover_links_bg":"","ocean_menu_social_links_color":"","ocean_menu_social_hover_links_color":"","ocean_disable_title":"default","ocean_disable_heading":"default","ocean_post_title":"","ocean_post_subheading":"","ocean_post_title_style":"","ocean_post_title_background_color":"","ocean_post_title_background":0,"ocean_post_title_bg_image_position":"","ocean_post_title_bg_image_attachment":"","ocean_post_title_bg_image_repeat":"","ocean_post_title_bg_image_size":"","ocean_post_title_height":0,"ocean_post_title_bg_overlay":0.5,"ocean_post_title_bg_overlay_color":"","ocean_disable_breadcrumbs":"default","ocean_breadcrumbs_color":"","ocean_breadcrumbs_separator_color":"","ocean_breadcrumbs_links_color":"","ocean_breadcrumbs_links_hover_color":"","ocean_display_footer_widgets":"default","ocean_display_footer_bottom":"default","ocean_custom_footer_template":"","ocean_post_oembed":"","ocean_post_self_hosted_media":"","ocean_post_video_embed":"","ocean_link_format":"","ocean_link_format_target":"self","ocean_quote_format":"","ocean_quote_format_link":"post","ocean_gallery_link_images":"on","ocean_gallery_id":[],"footnotes":""},"categories":[9,23],"tags":[],"post_folder":[],"class_list":["post-55","post","type-post","status-publish","format-standard","hentry","category-actions-et-communiques","category-montreuil-bellay","entry"],"yoast_head":"<!-- This site is optimized with the Yoast SEO plugin v27.4 - https:\/\/yoast.com\/product\/yoast-seo-wordpress\/ -->\n<title>Gr\u00e2ce au SNETAP \u2026 le lyc\u00e9e PISANI \u00e0 Montreuil-Bellay, garde ses 2 postes d&#039;ESC\u00a0! - PAYS DE LA LOIRE<\/title>\n<meta name=\"robots\" content=\"index, follow, max-snippet:-1, max-image-preview:large, max-video-preview:-1\" \/>\n<link rel=\"canonical\" href=\"https:\/\/regions-snetap-fsu.fr\/pdl\/2016\/05\/31\/grace-au-snetap-le-lycee-pisani-a-montreuil-bellay-garde-ses-2-postes-desc\/\" \/>\n<meta property=\"og:locale\" content=\"fr_FR\" \/>\n<meta property=\"og:type\" content=\"article\" \/>\n<meta property=\"og:title\" content=\"Gr\u00e2ce au SNETAP \u2026 le lyc\u00e9e PISANI \u00e0 Montreuil-Bellay, garde ses 2 postes d&#039;ESC\u00a0! - PAYS DE LA LOIRE\" \/>\n<meta property=\"og:description\" content=\"Sur le dernier mouvement des titulaires, l\u2019administration avait fait dispara\u00eetre un ETP en ESC \u00e0 Montreuil-Bellay (49), alors que le nombre d\u2019heures de cours dans cette discipline restait inchang\u00e9\u00a0! Surement un dommage collat\u00e9ral du dialogue de gestion\u2026 Avec la mobilisation de notre syndicat \u00e0 tous les niveaux de d\u00e9cision, l\u2019administration d\u00e9clare \u2018\u2019 Apr\u00e8s avoir envisag\u00e9 [&hellip;]\" \/>\n<meta property=\"og:url\" content=\"https:\/\/regions-snetap-fsu.fr\/pdl\/2016\/05\/31\/grace-au-snetap-le-lycee-pisani-a-montreuil-bellay-garde-ses-2-postes-desc\/\" \/>\n<meta property=\"og:site_name\" content=\"PAYS DE LA LOIRE\" \/>\n<meta property=\"article:published_time\" content=\"2016-05-30T22:49:51+00:00\" \/>\n<meta property=\"article:modified_time\" content=\"2018-09-19T19:59:44+00:00\" \/>\n<meta property=\"og:image\" content=\"https:\/\/regions-snetap-fsu.fr\/pdl\/wp-content\/uploads\/sites\/4\/2016\/05\/20140515_111833-1024x576.jpg\" \/>\n<meta name=\"author\" content=\"yvigner\" \/>\n<meta name=\"twitter:card\" content=\"summary_large_image\" \/>\n<meta name=\"twitter:label1\" content=\"\u00c9crit par\" \/>\n\t<meta name=\"twitter:data1\" content=\"yvigner\" \/>\n\t<meta name=\"twitter:label2\" content=\"Dur\u00e9e de lecture estim\u00e9e\" \/>\n\t<meta name=\"twitter:data2\" content=\"1 minute\" \/>\n<script type=\"application\/ld+json\" class=\"yoast-schema-graph\">{\"@context\":\"https:\\\/\\\/schema.org\",\"@graph\":[{\"@type\":\"Article\",\"@id\":\"https:\\\/\\\/regions-snetap-fsu.fr\\\/pdl\\\/2016\\\/05\\\/31\\\/grace-au-snetap-le-lycee-pisani-a-montreuil-bellay-garde-ses-2-postes-desc\\\/#article\",\"isPartOf\":{\"@id\":\"https:\\\/\\\/regions-snetap-fsu.fr\\\/pdl\\\/2016\\\/05\\\/31\\\/grace-au-snetap-le-lycee-pisani-a-montreuil-bellay-garde-ses-2-postes-desc\\\/\"},\"author\":{\"name\":\"yvigner\",\"@id\":\"https:\\\/\\\/regions-snetap-fsu.fr\\\/pdl\\\/#\\\/schema\\\/person\\\/d4530af043f9e8d27bdd71c468ec93b1\"},\"headline\":\"Gr\u00e2ce au SNETAP \u2026 le lyc\u00e9e PISANI \u00e0 Montreuil-Bellay, garde ses 2 postes d&#039;ESC\u00a0!\",\"datePublished\":\"2016-05-30T22:49:51+00:00\",\"dateModified\":\"2018-09-19T19:59:44+00:00\",\"mainEntityOfPage\":{\"@id\":\"https:\\\/\\\/regions-snetap-fsu.fr\\\/pdl\\\/2016\\\/05\\\/31\\\/grace-au-snetap-le-lycee-pisani-a-montreuil-bellay-garde-ses-2-postes-desc\\\/\"},\"wordCount\":116,\"publisher\":{\"@id\":\"https:\\\/\\\/regions-snetap-fsu.fr\\\/pdl\\\/#organization\"},\"image\":{\"@id\":\"https:\\\/\\\/regions-snetap-fsu.fr\\\/pdl\\\/2016\\\/05\\\/31\\\/grace-au-snetap-le-lycee-pisani-a-montreuil-bellay-garde-ses-2-postes-desc\\\/#primaryimage\"},\"thumbnailUrl\":\"https:\\\/\\\/regions-snetap-fsu.fr\\\/pdl\\\/wp-content\\\/uploads\\\/sites\\\/4\\\/2016\\\/05\\\/20140515_111833-1024x576.jpg\",\"articleSection\":[\"Communiqu\u00e9s\",\"Montreuil Bellay\"],\"inLanguage\":\"fr-FR\"},{\"@type\":\"WebPage\",\"@id\":\"https:\\\/\\\/regions-snetap-fsu.fr\\\/pdl\\\/2016\\\/05\\\/31\\\/grace-au-snetap-le-lycee-pisani-a-montreuil-bellay-garde-ses-2-postes-desc\\\/\",\"url\":\"https:\\\/\\\/regions-snetap-fsu.fr\\\/pdl\\\/2016\\\/05\\\/31\\\/grace-au-snetap-le-lycee-pisani-a-montreuil-bellay-garde-ses-2-postes-desc\\\/\",\"name\":\"Gr\u00e2ce au SNETAP \u2026 le lyc\u00e9e PISANI \u00e0 Montreuil-Bellay, garde ses 2 postes d&#039;ESC\u00a0! - PAYS DE LA LOIRE\",\"isPartOf\":{\"@id\":\"https:\\\/\\\/regions-snetap-fsu.fr\\\/pdl\\\/#website\"},\"primaryImageOfPage\":{\"@id\":\"https:\\\/\\\/regions-snetap-fsu.fr\\\/pdl\\\/2016\\\/05\\\/31\\\/grace-au-snetap-le-lycee-pisani-a-montreuil-bellay-garde-ses-2-postes-desc\\\/#primaryimage\"},\"image\":{\"@id\":\"https:\\\/\\\/regions-snetap-fsu.fr\\\/pdl\\\/2016\\\/05\\\/31\\\/grace-au-snetap-le-lycee-pisani-a-montreuil-bellay-garde-ses-2-postes-desc\\\/#primaryimage\"},\"thumbnailUrl\":\"https:\\\/\\\/regions-snetap-fsu.fr\\\/pdl\\\/wp-content\\\/uploads\\\/sites\\\/4\\\/2016\\\/05\\\/20140515_111833-1024x576.jpg\",\"datePublished\":\"2016-05-30T22:49:51+00:00\",\"dateModified\":\"2018-09-19T19:59:44+00:00\",\"breadcrumb\":{\"@id\":\"https:\\\/\\\/regions-snetap-fsu.fr\\\/pdl\\\/2016\\\/05\\\/31\\\/grace-au-snetap-le-lycee-pisani-a-montreuil-bellay-garde-ses-2-postes-desc\\\/#breadcrumb\"},\"inLanguage\":\"fr-FR\",\"potentialAction\":[{\"@type\":\"ReadAction\",\"target\":[\"https:\\\/\\\/regions-snetap-fsu.fr\\\/pdl\\\/2016\\\/05\\\/31\\\/grace-au-snetap-le-lycee-pisani-a-montreuil-bellay-garde-ses-2-postes-desc\\\/\"]}]},{\"@type\":\"ImageObject\",\"inLanguage\":\"fr-FR\",\"@id\":\"https:\\\/\\\/regions-snetap-fsu.fr\\\/pdl\\\/2016\\\/05\\\/31\\\/grace-au-snetap-le-lycee-pisani-a-montreuil-bellay-garde-ses-2-postes-desc\\\/#primaryimage\",\"url\":\"https:\\\/\\\/regions-snetap-fsu.fr\\\/pdl\\\/wp-content\\\/uploads\\\/sites\\\/4\\\/2016\\\/05\\\/20140515_111833.jpg\",\"contentUrl\":\"https:\\\/\\\/regions-snetap-fsu.fr\\\/pdl\\\/wp-content\\\/uploads\\\/sites\\\/4\\\/2016\\\/05\\\/20140515_111833.jpg\",\"width\":1280,\"height\":720},{\"@type\":\"BreadcrumbList\",\"@id\":\"https:\\\/\\\/regions-snetap-fsu.fr\\\/pdl\\\/2016\\\/05\\\/31\\\/grace-au-snetap-le-lycee-pisani-a-montreuil-bellay-garde-ses-2-postes-desc\\\/#breadcrumb\",\"itemListElement\":[{\"@type\":\"ListItem\",\"position\":1,\"name\":\"Accueil\",\"item\":\"https:\\\/\\\/regions-snetap-fsu.fr\\\/pdl\\\/\"},{\"@type\":\"ListItem\",\"position\":2,\"name\":\"Gr\u00e2ce au SNETAP \u2026 le lyc\u00e9e PISANI \u00e0 Montreuil-Bellay, garde ses 2 postes d&#039;ESC\u00a0!\"}]},{\"@type\":\"WebSite\",\"@id\":\"https:\\\/\\\/regions-snetap-fsu.fr\\\/pdl\\\/#website\",\"url\":\"https:\\\/\\\/regions-snetap-fsu.fr\\\/pdl\\\/\",\"name\":\"SNETAP-FSU PAYS DE LA LOIRE\",\"description\":\"SECTION REGIONALE\",\"publisher\":{\"@id\":\"https:\\\/\\\/regions-snetap-fsu.fr\\\/pdl\\\/#organization\"},\"potentialAction\":[{\"@type\":\"SearchAction\",\"target\":{\"@type\":\"EntryPoint\",\"urlTemplate\":\"https:\\\/\\\/regions-snetap-fsu.fr\\\/pdl\\\/?s={search_term_string}\"},\"query-input\":{\"@type\":\"PropertyValueSpecification\",\"valueRequired\":true,\"valueName\":\"search_term_string\"}}],\"inLanguage\":\"fr-FR\"},{\"@type\":\"Organization\",\"@id\":\"https:\\\/\\\/regions-snetap-fsu.fr\\\/pdl\\\/#organization\",\"name\":\"SNETAP-FSU Pays de Loire\",\"url\":\"https:\\\/\\\/regions-snetap-fsu.fr\\\/pdl\\\/\",\"logo\":{\"@type\":\"ImageObject\",\"inLanguage\":\"fr-FR\",\"@id\":\"https:\\\/\\\/regions-snetap-fsu.fr\\\/pdl\\\/#\\\/schema\\\/logo\\\/image\\\/\",\"url\":\"https:\\\/\\\/regions-snetap-fsu.fr\\\/pdl\\\/wp-content\\\/uploads\\\/sites\\\/4\\\/2020\\\/12\\\/SNETAP-Logo.jpg\",\"contentUrl\":\"https:\\\/\\\/regions-snetap-fsu.fr\\\/pdl\\\/wp-content\\\/uploads\\\/sites\\\/4\\\/2020\\\/12\\\/SNETAP-Logo.jpg\",\"width\":464,\"height\":334,\"caption\":\"SNETAP-FSU Pays de Loire\"},\"image\":{\"@id\":\"https:\\\/\\\/regions-snetap-fsu.fr\\\/pdl\\\/#\\\/schema\\\/logo\\\/image\\\/\"}},{\"@type\":\"Person\",\"@id\":\"https:\\\/\\\/regions-snetap-fsu.fr\\\/pdl\\\/#\\\/schema\\\/person\\\/d4530af043f9e8d27bdd71c468ec93b1\",\"name\":\"yvigner\",\"image\":{\"@type\":\"ImageObject\",\"inLanguage\":\"fr-FR\",\"@id\":\"https:\\\/\\\/secure.gravatar.com\\\/avatar\\\/bc72baa6f2406549aecf77a837bc4f03dbe88472c1762138f868571430a23820?s=96&d=mm&r=g\",\"url\":\"https:\\\/\\\/secure.gravatar.com\\\/avatar\\\/bc72baa6f2406549aecf77a837bc4f03dbe88472c1762138f868571430a23820?s=96&d=mm&r=g\",\"contentUrl\":\"https:\\\/\\\/secure.gravatar.com\\\/avatar\\\/bc72baa6f2406549aecf77a837bc4f03dbe88472c1762138f868571430a23820?s=96&d=mm&r=g\",\"caption\":\"yvigner\"},\"url\":\"https:\\\/\\\/regions-snetap-fsu.fr\\\/pdl\\\/author\\\/yvigner\\\/\"}]}<\/script>\n<!-- \/ Yoast SEO plugin. -->","yoast_head_json":{"title":"Gr\u00e2ce au SNETAP \u2026 le lyc\u00e9e PISANI \u00e0 Montreuil-Bellay, garde ses 2 postes d&#039;ESC\u00a0! - PAYS DE LA LOIRE","robots":{"index":"index","follow":"follow","max-snippet":"max-snippet:-1","max-image-preview":"max-image-preview:large","max-video-preview":"max-video-preview:-1"},"canonical":"https:\/\/regions-snetap-fsu.fr\/pdl\/2016\/05\/31\/grace-au-snetap-le-lycee-pisani-a-montreuil-bellay-garde-ses-2-postes-desc\/","og_locale":"fr_FR","og_type":"article","og_title":"Gr\u00e2ce au SNETAP \u2026 le lyc\u00e9e PISANI \u00e0 Montreuil-Bellay, garde ses 2 postes d&#039;ESC\u00a0! - PAYS DE LA LOIRE","og_description":"Sur le dernier mouvement des titulaires, l\u2019administration avait fait dispara\u00eetre un ETP en ESC \u00e0 Montreuil-Bellay (49), alors que le nombre d\u2019heures de cours dans cette discipline restait inchang\u00e9\u00a0! Surement un dommage collat\u00e9ral du dialogue de gestion\u2026 Avec la mobilisation de notre syndicat \u00e0 tous les niveaux de d\u00e9cision, l\u2019administration d\u00e9clare \u2018\u2019 Apr\u00e8s avoir envisag\u00e9 [&hellip;]","og_url":"https:\/\/regions-snetap-fsu.fr\/pdl\/2016\/05\/31\/grace-au-snetap-le-lycee-pisani-a-montreuil-bellay-garde-ses-2-postes-desc\/","og_site_name":"PAYS DE LA LOIRE","article_published_time":"2016-05-30T22:49:51+00:00","article_modified_time":"2018-09-19T19:59:44+00:00","og_image":[{"url":"https:\/\/regions-snetap-fsu.fr\/pdl\/wp-content\/uploads\/sites\/4\/2016\/05\/20140515_111833-1024x576.jpg","type":"","width":"","height":""}],"author":"yvigner","twitter_card":"summary_large_image","twitter_misc":{"\u00c9crit par":"yvigner","Dur\u00e9e de lecture estim\u00e9e":"1 minute"},"schema":{"@context":"https:\/\/schema.org","@graph":[{"@type":"Article","@id":"https:\/\/regions-snetap-fsu.fr\/pdl\/2016\/05\/31\/grace-au-snetap-le-lycee-pisani-a-montreuil-bellay-garde-ses-2-postes-desc\/#article","isPartOf":{"@id":"https:\/\/regions-snetap-fsu.fr\/pdl\/2016\/05\/31\/grace-au-snetap-le-lycee-pisani-a-montreuil-bellay-garde-ses-2-postes-desc\/"},"author":{"name":"yvigner","@id":"https:\/\/regions-snetap-fsu.fr\/pdl\/#\/schema\/person\/d4530af043f9e8d27bdd71c468ec93b1"},"headline":"Gr\u00e2ce au SNETAP \u2026 le lyc\u00e9e PISANI \u00e0 Montreuil-Bellay, garde ses 2 postes d&#039;ESC\u00a0!","datePublished":"2016-05-30T22:49:51+00:00","dateModified":"2018-09-19T19:59:44+00:00","mainEntityOfPage":{"@id":"https:\/\/regions-snetap-fsu.fr\/pdl\/2016\/05\/31\/grace-au-snetap-le-lycee-pisani-a-montreuil-bellay-garde-ses-2-postes-desc\/"},"wordCount":116,"publisher":{"@id":"https:\/\/regions-snetap-fsu.fr\/pdl\/#organization"},"image":{"@id":"https:\/\/regions-snetap-fsu.fr\/pdl\/2016\/05\/31\/grace-au-snetap-le-lycee-pisani-a-montreuil-bellay-garde-ses-2-postes-desc\/#primaryimage"},"thumbnailUrl":"https:\/\/regions-snetap-fsu.fr\/pdl\/wp-content\/uploads\/sites\/4\/2016\/05\/20140515_111833-1024x576.jpg","articleSection":["Communiqu\u00e9s","Montreuil Bellay"],"inLanguage":"fr-FR"},{"@type":"WebPage","@id":"https:\/\/regions-snetap-fsu.fr\/pdl\/2016\/05\/31\/grace-au-snetap-le-lycee-pisani-a-montreuil-bellay-garde-ses-2-postes-desc\/","url":"https:\/\/regions-snetap-fsu.fr\/pdl\/2016\/05\/31\/grace-au-snetap-le-lycee-pisani-a-montreuil-bellay-garde-ses-2-postes-desc\/","name":"Gr\u00e2ce au SNETAP \u2026 le lyc\u00e9e PISANI \u00e0 Montreuil-Bellay, garde ses 2 postes d&#039;ESC\u00a0! - PAYS DE LA LOIRE","isPartOf":{"@id":"https:\/\/regions-snetap-fsu.fr\/pdl\/#website"},"primaryImageOfPage":{"@id":"https:\/\/regions-snetap-fsu.fr\/pdl\/2016\/05\/31\/grace-au-snetap-le-lycee-pisani-a-montreuil-bellay-garde-ses-2-postes-desc\/#primaryimage"},"image":{"@id":"https:\/\/regions-snetap-fsu.fr\/pdl\/2016\/05\/31\/grace-au-snetap-le-lycee-pisani-a-montreuil-bellay-garde-ses-2-postes-desc\/#primaryimage"},"thumbnailUrl":"https:\/\/regions-snetap-fsu.fr\/pdl\/wp-content\/uploads\/sites\/4\/2016\/05\/20140515_111833-1024x576.jpg","datePublished":"2016-05-30T22:49:51+00:00","dateModified":"2018-09-19T19:59:44+00:00","breadcrumb":{"@id":"https:\/\/regions-snetap-fsu.fr\/pdl\/2016\/05\/31\/grace-au-snetap-le-lycee-pisani-a-montreuil-bellay-garde-ses-2-postes-desc\/#breadcrumb"},"inLanguage":"fr-FR","potentialAction":[{"@type":"ReadAction","target":["https:\/\/regions-snetap-fsu.fr\/pdl\/2016\/05\/31\/grace-au-snetap-le-lycee-pisani-a-montreuil-bellay-garde-ses-2-postes-desc\/"]}]},{"@type":"ImageObject","inLanguage":"fr-FR","@id":"https:\/\/regions-snetap-fsu.fr\/pdl\/2016\/05\/31\/grace-au-snetap-le-lycee-pisani-a-montreuil-bellay-garde-ses-2-postes-desc\/#primaryimage","url":"https:\/\/regions-snetap-fsu.fr\/pdl\/wp-content\/uploads\/sites\/4\/2016\/05\/20140515_111833.jpg","contentUrl":"https:\/\/regions-snetap-fsu.fr\/pdl\/wp-content\/uploads\/sites\/4\/2016\/05\/20140515_111833.jpg","width":1280,"height":720},{"@type":"BreadcrumbList","@id":"https:\/\/regions-snetap-fsu.fr\/pdl\/2016\/05\/31\/grace-au-snetap-le-lycee-pisani-a-montreuil-bellay-garde-ses-2-postes-desc\/#breadcrumb","itemListElement":[{"@type":"ListItem","position":1,"name":"Accueil","item":"https:\/\/regions-snetap-fsu.fr\/pdl\/"},{"@type":"ListItem","position":2,"name":"Gr\u00e2ce au SNETAP \u2026 le lyc\u00e9e PISANI \u00e0 Montreuil-Bellay, garde ses 2 postes d&#039;ESC\u00a0!"}]},{"@type":"WebSite","@id":"https:\/\/regions-snetap-fsu.fr\/pdl\/#website","url":"https:\/\/regions-snetap-fsu.fr\/pdl\/","name":"SNETAP-FSU PAYS DE LA LOIRE","description":"SECTION REGIONALE","publisher":{"@id":"https:\/\/regions-snetap-fsu.fr\/pdl\/#organization"},"potentialAction":[{"@type":"SearchAction","target":{"@type":"EntryPoint","urlTemplate":"https:\/\/regions-snetap-fsu.fr\/pdl\/?s={search_term_string}"},"query-input":{"@type":"PropertyValueSpecification","valueRequired":true,"valueName":"search_term_string"}}],"inLanguage":"fr-FR"},{"@type":"Organization","@id":"https:\/\/regions-snetap-fsu.fr\/pdl\/#organization","name":"SNETAP-FSU Pays de Loire","url":"https:\/\/regions-snetap-fsu.fr\/pdl\/","logo":{"@type":"ImageObject","inLanguage":"fr-FR","@id":"https:\/\/regions-snetap-fsu.fr\/pdl\/#\/schema\/logo\/image\/","url":"https:\/\/regions-snetap-fsu.fr\/pdl\/wp-content\/uploads\/sites\/4\/2020\/12\/SNETAP-Logo.jpg","contentUrl":"https:\/\/regions-snetap-fsu.fr\/pdl\/wp-content\/uploads\/sites\/4\/2020\/12\/SNETAP-Logo.jpg","width":464,"height":334,"caption":"SNETAP-FSU Pays de Loire"},"image":{"@id":"https:\/\/regions-snetap-fsu.fr\/pdl\/#\/schema\/logo\/image\/"}},{"@type":"Person","@id":"https:\/\/regions-snetap-fsu.fr\/pdl\/#\/schema\/person\/d4530af043f9e8d27bdd71c468ec93b1","name":"yvigner","image":{"@type":"ImageObject","inLanguage":"fr-FR","@id":"https:\/\/secure.gravatar.com\/avatar\/bc72baa6f2406549aecf77a837bc4f03dbe88472c1762138f868571430a23820?s=96&d=mm&r=g","url":"https:\/\/secure.gravatar.com\/avatar\/bc72baa6f2406549aecf77a837bc4f03dbe88472c1762138f868571430a23820?s=96&d=mm&r=g","contentUrl":"https:\/\/secure.gravatar.com\/avatar\/bc72baa6f2406549aecf77a837bc4f03dbe88472c1762138f868571430a23820?s=96&d=mm&r=g","caption":"yvigner"},"url":"https:\/\/regions-snetap-fsu.fr\/pdl\/author\/yvigner\/"}]}},"_links":{"self":[{"href":"https:\/\/regions-snetap-fsu.fr\/pdl\/wp-json\/wp\/v2\/posts\/55","targetHints":{"allow":["GET"]}}],"collection":[{"href":"https:\/\/regions-snetap-fsu.fr\/pdl\/wp-json\/wp\/v2\/posts"}],"about":[{"href":"https:\/\/regions-snetap-fsu.fr\/pdl\/wp-json\/wp\/v2\/types\/post"}],"author":[{"embeddable":true,"href":"https:\/\/regions-snetap-fsu.fr\/pdl\/wp-json\/wp\/v2\/users\/2"}],"replies":[{"embeddable":true,"href":"https:\/\/regions-snetap-fsu.fr\/pdl\/wp-json\/wp\/v2\/comments?post=55"}],"version-history":[{"count":1,"href":"https:\/\/regions-snetap-fsu.fr\/pdl\/wp-json\/wp\/v2\/posts\/55\/revisions"}],"predecessor-version":[{"id":2774,"href":"https:\/\/regions-snetap-fsu.fr\/pdl\/wp-json\/wp\/v2\/posts\/55\/revisions\/2774"}],"wp:attachment":[{"href":"https:\/\/regions-snetap-fsu.fr\/pdl\/wp-json\/wp\/v2\/media?parent=55"}],"wp:term":[{"taxonomy":"category","embeddable":true,"href":"https:\/\/regions-snetap-fsu.fr\/pdl\/wp-json\/wp\/v2\/categories?post=55"},{"taxonomy":"post_tag","embeddable":true,"href":"https:\/\/regions-snetap-fsu.fr\/pdl\/wp-json\/wp\/v2\/tags?post=55"},{"taxonomy":"post_folder","embeddable":true,"href":"https:\/\/regions-snetap-fsu.fr\/pdl\/wp-json\/wp\/v2\/post_folder?post=55"}],"curies":[{"name":"wp","href":"https:\/\/api.w.org\/{rel}","templated":true}]}}