{"id":544,"date":"2017-07-03T00:00:08","date_gmt":"2017-07-02T22:00:08","guid":{"rendered":"http:\/\/snetap-fsu.fr\/comp\/pdl\/?p=544"},"modified":"2018-09-08T22:25:17","modified_gmt":"2018-09-08T20:25:17","slug":"des-moyens-juste-pour-fonctionner-greve-a-la-rentree-dans-les-lycees-agricoles-publics","status":"publish","type":"post","link":"https:\/\/regions-snetap-fsu.fr\/pdl\/2017\/07\/03\/des-moyens-juste-pour-fonctionner-greve-a-la-rentree-dans-les-lycees-agricoles-publics\/","title":{"rendered":"Des Moyens&#8230;juste pour fonctionner. Gr\u00e8ve \u00e0 la rentr\u00e9e dans les lyc\u00e9es agricoles publics !"},"content":{"rendered":"<h3 align=\"justify\"><span style=\"font-family: arial, helvetica, sans-serif\">Des Moyens&#8230;juste pour fonctionner. Gr\u00e8ve \u00e0 la rentr\u00e9e dans les lyc\u00e9es agricoles publics !<\/span><\/h3>\n<p align=\"justify\"><span style=\"color: #000000\"><span style=\"font-family: Arial, sans-serif\"><span style=\"font-size: medium\">Le SNETAP-<\/span><\/span><\/span><span style=\"color: #000000\"><span style=\"font-family: Arial, sans-serif\"><span style=\"font-size: medium\"><span lang=\"zxx\">FSU <\/span><\/span><\/span><\/span><span style=\"color: #000000\"><span style=\"font-family: Arial, sans-serif\"><span style=\"font-size: medium\">d\u00e9pose \u00e0 la demande des personnels des lyc\u00e9es agricoles publics des Pays de la Loire, un\u00a0<\/span><\/span><\/span><span style=\"color: #000000\"><span style=\"font-family: Arial, sans-serif\"><span style=\"font-size: medium\"><b><strong>pr\u00e9avis de gr\u00e8ve reconductible \u00e0 partir du lundi 4 septembre 2017.<\/strong><\/b><\/span><\/span><\/span><\/p>\n<p align=\"justify\"><span style=\"color: #000000\"><span style=\"font-family: Arial, sans-serif\"><span style=\"font-size: medium\">A l\u2019occasion des diff\u00e9rents Conseils d\u2019administration dans la r\u00e9gion des Pays de la Loire, les services de la DRAAF (Direction r\u00e9gionale de l&rsquo;Agriculture, de l&rsquo;alimentation et de la for\u00eat) ont inform\u00e9 les administrateurs, \u00e9quipes de Direction des conditions de la rentr\u00e9e 2017. ELLES SONT CATASTROPHIQUES POUR NOTRE REGION\u00a0! <\/span><\/span><\/span><\/p>\n<p align=\"justify\"><span style=\"color: #000000\"><span style=\"font-family: Arial, sans-serif\"><span style=\"font-size: medium\">Voici ici quelques exemples\u00a0: <\/span><\/span><\/span><\/p>\n<ul>\n<li>\n<p align=\"justify\"><span style=\"color: #000000\"><span style=\"font-family: Arial, sans-serif\"><span style=\"font-size: medium\">fermeture de classe. Ex: 2nd GT \u00e0 St Herblain (44)<\/span><\/span><\/span><\/p>\n<\/li>\n<li><span style=\"color: #000000\"><span style=\"font-family: Arial, sans-serif\"><span style=\"font-size: medium\">Refus d\u2019\u00e9l\u00e8ves. Ex : 30 \u00e9l\u00e8ves en seconde pro Production \u00e0 Laval (53)<\/span><\/span><\/span><\/li>\n<li><span style=\"color: #000000\"><span style=\"font-family: Arial, sans-serif\"><span style=\"font-size: medium\">Baisse de seuils. Ex : \u00a02 seuils baiss\u00e9s en BAC technologique STAV (sciences et technologies de l&rsquo;agronomie et du vivant) et Bac Pro au Lyc\u00e9e agricole d\u2019Angers (49); baisse du seuil en 2nd Pro Viticulture \u00e0 Montreuil Bellay (49)<\/span><\/span><\/span><\/li>\n<li><span style=\"color: #000000\"><span style=\"font-family: Arial, sans-serif\"><span style=\"font-size: medium\">suppression de postes. Ex ; Technicien Formation Recherche (TFR) Informatique au Lyc\u00e9e professionnel agricole du Haut Anjou( 49)<\/span><\/span><\/span><\/li>\n<li><span style=\"color: #000000\"><span style=\"font-family: Arial, sans-serif\"><span style=\"font-size: medium\">refus d\u2019engagement sur l\u2019accueil des redoublants. Ex : LAVAL et Chateau Gontier (53)<\/span><\/span><\/span><\/li>\n<li><span style=\"color: #000000\"><span style=\"font-family: Arial, sans-serif\"><span style=\"font-size: medium\">suppression d\u2019options. Ex : LV2 en BTS Technico-Commercial \u00e0 St Herblain (44)<\/span><\/span><\/span><\/li>\n<li><span style=\"color: #000000\"><span style=\"font-family: Arial, sans-serif\"><span style=\"font-size: medium\">Refus d\u2019ouverture de classe malgr\u00e9 la d\u00e9cision des instances. Ex: CAPA SAPVER (Services Aux Personnes et Vente en Espace Rural) \u00e0 Brette les Pins (72)<\/span><\/span><\/span><\/li>\n<li><span style=\"color: #000000\"><span style=\"font-family: Arial, sans-serif\"><span style=\"font-size: medium\">Engagement d&rsquo;ouvrir un poste de TFR Documentation remis en cause \u00e0 Rouillon ( 72) <\/span><\/span><\/span><\/li>\n<\/ul>\n<p align=\"justify\"><span style=\"color: #000000\"><span style=\"font-family: Arial, sans-serif\"><span style=\"font-size: medium\">Par ailleurs, nous d\u00e9posons en parall\u00e8le, un pr\u00e9avis de gr\u00e9ve aupr\u00e8s des services de la R\u00e9gion Pays de La Loire. En effet, nos \u00e9tablissements sont aussi touch\u00e9s par des suppressions de poste d&rsquo;ARL (agents r\u00e9gionaux des lyc\u00e9es) . <\/span><\/span><\/span><\/p>\n<p align=\"justify\"><span style=\"color: #000000\"><span style=\"font-family: Arial, sans-serif\"><span style=\"font-size: medium\">Exemple : A Rouillon , en d\u00e9pit d&rsquo;une une augmentation des effectifs et des surfaces , un agent affect\u00e9 \u00e0 la maintenance partant en retraite n&rsquo;est pas remplac\u00e9 et un Contrat Emplois Avenir n&rsquo;est pas reconduit . <\/span><\/span><\/span><\/p>\n<p align=\"justify\"><span style=\"color: #000000\"><span style=\"font-family: Arial, sans-serif\"><span style=\"font-size: medium\">Le SNETAP-FSU demande des moyens compl\u00e9mentaires au Minist\u00e8re de l&rsquo;Agriculture et au Conseil r\u00e9gional des Pays de la Loire\u00a0afin que les conditions d&rsquo;une rentr\u00e9e sereine puissent \u00eatre mises en place, afin que le droit des \u00e9l\u00e8ves ayant \u00e9chou\u00e9 au baccalaur\u00e9at soit assur\u00e9, afin que la mission de Service Public de l&rsquo;enseignement agricole public puisse \u00eatre assur\u00e9e, afin que les dotations des \u00e9tablissements en personnels ne soient pas amput\u00e9es\u00a0&#8230; <\/span><\/span><\/span><\/p>\n","protected":false},"excerpt":{"rendered":"<p>Des Moyens&#8230;juste pour fonctionner. Gr\u00e8ve \u00e0 la rentr\u00e9e dans les lyc\u00e9es agricoles publics ! Le SNETAP-FSU d\u00e9pose \u00e0 la demande des personnels des lyc\u00e9es agricoles publics des Pays de la Loire, un\u00a0pr\u00e9avis de gr\u00e8ve reconductible \u00e0 partir du lundi 4 septembre 2017. A l\u2019occasion des diff\u00e9rents Conseils d\u2019administration dans la r\u00e9gion des Pays de la [&hellip;]<\/p>\n","protected":false},"author":2,"featured_media":0,"comment_status":"closed","ping_status":"closed","sticky":false,"template":"","format":"standard","meta":{"ocean_post_layout":"","ocean_both_sidebars_style":"","ocean_both_sidebars_content_width":0,"ocean_both_sidebars_sidebars_width":0,"ocean_sidebar":"","ocean_second_sidebar":"","ocean_disable_margins":"enable","ocean_add_body_class":"","ocean_shortcode_before_top_bar":"","ocean_shortcode_after_top_bar":"","ocean_shortcode_before_header":"","ocean_shortcode_after_header":"","ocean_has_shortcode":"","ocean_shortcode_after_title":"","ocean_shortcode_before_footer_widgets":"","ocean_shortcode_after_footer_widgets":"","ocean_shortcode_before_footer_bottom":"","ocean_shortcode_after_footer_bottom":"","ocean_display_top_bar":"default","ocean_display_header":"default","ocean_header_style":"","ocean_center_header_left_menu":"","ocean_custom_header_template":"","ocean_custom_logo":0,"ocean_custom_retina_logo":0,"ocean_custom_logo_max_width":0,"ocean_custom_logo_tablet_max_width":0,"ocean_custom_logo_mobile_max_width":0,"ocean_custom_logo_max_height":0,"ocean_custom_logo_tablet_max_height":0,"ocean_custom_logo_mobile_max_height":0,"ocean_header_custom_menu":"","ocean_menu_typo_font_family":"","ocean_menu_typo_font_subset":"","ocean_menu_typo_font_size":0,"ocean_menu_typo_font_size_tablet":0,"ocean_menu_typo_font_size_mobile":0,"ocean_menu_typo_font_size_unit":"px","ocean_menu_typo_font_weight":"","ocean_menu_typo_font_weight_tablet":"","ocean_menu_typo_font_weight_mobile":"","ocean_menu_typo_transform":"","ocean_menu_typo_transform_tablet":"","ocean_menu_typo_transform_mobile":"","ocean_menu_typo_line_height":0,"ocean_menu_typo_line_height_tablet":0,"ocean_menu_typo_line_height_mobile":0,"ocean_menu_typo_line_height_unit":"","ocean_menu_typo_spacing":0,"ocean_menu_typo_spacing_tablet":0,"ocean_menu_typo_spacing_mobile":0,"ocean_menu_typo_spacing_unit":"","ocean_menu_link_color":"","ocean_menu_link_color_hover":"","ocean_menu_link_color_active":"","ocean_menu_link_background":"","ocean_menu_link_hover_background":"","ocean_menu_link_active_background":"","ocean_menu_social_links_bg":"","ocean_menu_social_hover_links_bg":"","ocean_menu_social_links_color":"","ocean_menu_social_hover_links_color":"","ocean_disable_title":"default","ocean_disable_heading":"default","ocean_post_title":"","ocean_post_subheading":"","ocean_post_title_style":"","ocean_post_title_background_color":"","ocean_post_title_background":0,"ocean_post_title_bg_image_position":"","ocean_post_title_bg_image_attachment":"","ocean_post_title_bg_image_repeat":"","ocean_post_title_bg_image_size":"","ocean_post_title_height":0,"ocean_post_title_bg_overlay":0.5,"ocean_post_title_bg_overlay_color":"","ocean_disable_breadcrumbs":"default","ocean_breadcrumbs_color":"","ocean_breadcrumbs_separator_color":"","ocean_breadcrumbs_links_color":"","ocean_breadcrumbs_links_hover_color":"","ocean_display_footer_widgets":"default","ocean_display_footer_bottom":"default","ocean_custom_footer_template":"","ocean_post_oembed":"","ocean_post_self_hosted_media":"","ocean_post_video_embed":"","ocean_link_format":"","ocean_link_format_target":"self","ocean_quote_format":"","ocean_quote_format_link":"post","ocean_gallery_link_images":"on","ocean_gallery_id":[],"footnotes":""},"categories":[9],"tags":[],"post_folder":[],"class_list":["post-544","post","type-post","status-publish","format-standard","hentry","category-actions-et-communiques","entry"],"yoast_head":"<!-- This site is optimized with the Yoast SEO plugin v27.4 - https:\/\/yoast.com\/product\/yoast-seo-wordpress\/ -->\n<title>Des Moyens...juste pour fonctionner. Gr\u00e8ve \u00e0 la rentr\u00e9e dans les lyc\u00e9es agricoles publics ! - PAYS DE LA LOIRE<\/title>\n<meta name=\"robots\" content=\"index, follow, max-snippet:-1, max-image-preview:large, max-video-preview:-1\" \/>\n<link rel=\"canonical\" href=\"https:\/\/regions-snetap-fsu.fr\/pdl\/2017\/07\/03\/des-moyens-juste-pour-fonctionner-greve-a-la-rentree-dans-les-lycees-agricoles-publics\/\" \/>\n<meta property=\"og:locale\" content=\"fr_FR\" \/>\n<meta property=\"og:type\" content=\"article\" \/>\n<meta property=\"og:title\" content=\"Des Moyens...juste pour fonctionner. Gr\u00e8ve \u00e0 la rentr\u00e9e dans les lyc\u00e9es agricoles publics ! - PAYS DE LA LOIRE\" \/>\n<meta property=\"og:description\" content=\"Des Moyens&#8230;juste pour fonctionner. Gr\u00e8ve \u00e0 la rentr\u00e9e dans les lyc\u00e9es agricoles publics ! Le SNETAP-FSU d\u00e9pose \u00e0 la demande des personnels des lyc\u00e9es agricoles publics des Pays de la Loire, un\u00a0pr\u00e9avis de gr\u00e8ve reconductible \u00e0 partir du lundi 4 septembre 2017. A l\u2019occasion des diff\u00e9rents Conseils d\u2019administration dans la r\u00e9gion des Pays de la [&hellip;]\" \/>\n<meta property=\"og:url\" content=\"https:\/\/regions-snetap-fsu.fr\/pdl\/2017\/07\/03\/des-moyens-juste-pour-fonctionner-greve-a-la-rentree-dans-les-lycees-agricoles-publics\/\" \/>\n<meta property=\"og:site_name\" content=\"PAYS DE LA LOIRE\" \/>\n<meta property=\"article:published_time\" content=\"2017-07-02T22:00:08+00:00\" \/>\n<meta property=\"article:modified_time\" content=\"2018-09-08T20:25:17+00:00\" \/>\n<meta name=\"author\" content=\"yvigner\" \/>\n<meta name=\"twitter:card\" content=\"summary_large_image\" \/>\n<meta name=\"twitter:label1\" content=\"\u00c9crit par\" \/>\n\t<meta name=\"twitter:data1\" content=\"yvigner\" \/>\n\t<meta name=\"twitter:label2\" content=\"Dur\u00e9e de lecture estim\u00e9e\" \/>\n\t<meta name=\"twitter:data2\" content=\"2 minutes\" \/>\n<script type=\"application\/ld+json\" class=\"yoast-schema-graph\">{\"@context\":\"https:\\\/\\\/schema.org\",\"@graph\":[{\"@type\":\"Article\",\"@id\":\"https:\\\/\\\/regions-snetap-fsu.fr\\\/pdl\\\/2017\\\/07\\\/03\\\/des-moyens-juste-pour-fonctionner-greve-a-la-rentree-dans-les-lycees-agricoles-publics\\\/#article\",\"isPartOf\":{\"@id\":\"https:\\\/\\\/regions-snetap-fsu.fr\\\/pdl\\\/2017\\\/07\\\/03\\\/des-moyens-juste-pour-fonctionner-greve-a-la-rentree-dans-les-lycees-agricoles-publics\\\/\"},\"author\":{\"name\":\"yvigner\",\"@id\":\"https:\\\/\\\/regions-snetap-fsu.fr\\\/pdl\\\/#\\\/schema\\\/person\\\/d4530af043f9e8d27bdd71c468ec93b1\"},\"headline\":\"Des Moyens&#8230;juste pour fonctionner. Gr\u00e8ve \u00e0 la rentr\u00e9e dans les lyc\u00e9es agricoles publics !\",\"datePublished\":\"2017-07-02T22:00:08+00:00\",\"dateModified\":\"2018-09-08T20:25:17+00:00\",\"mainEntityOfPage\":{\"@id\":\"https:\\\/\\\/regions-snetap-fsu.fr\\\/pdl\\\/2017\\\/07\\\/03\\\/des-moyens-juste-pour-fonctionner-greve-a-la-rentree-dans-les-lycees-agricoles-publics\\\/\"},\"wordCount\":420,\"publisher\":{\"@id\":\"https:\\\/\\\/regions-snetap-fsu.fr\\\/pdl\\\/#organization\"},\"articleSection\":[\"Communiqu\u00e9s\"],\"inLanguage\":\"fr-FR\"},{\"@type\":\"WebPage\",\"@id\":\"https:\\\/\\\/regions-snetap-fsu.fr\\\/pdl\\\/2017\\\/07\\\/03\\\/des-moyens-juste-pour-fonctionner-greve-a-la-rentree-dans-les-lycees-agricoles-publics\\\/\",\"url\":\"https:\\\/\\\/regions-snetap-fsu.fr\\\/pdl\\\/2017\\\/07\\\/03\\\/des-moyens-juste-pour-fonctionner-greve-a-la-rentree-dans-les-lycees-agricoles-publics\\\/\",\"name\":\"Des Moyens...juste pour fonctionner. Gr\u00e8ve \u00e0 la rentr\u00e9e dans les lyc\u00e9es agricoles publics ! - PAYS DE LA LOIRE\",\"isPartOf\":{\"@id\":\"https:\\\/\\\/regions-snetap-fsu.fr\\\/pdl\\\/#website\"},\"datePublished\":\"2017-07-02T22:00:08+00:00\",\"dateModified\":\"2018-09-08T20:25:17+00:00\",\"breadcrumb\":{\"@id\":\"https:\\\/\\\/regions-snetap-fsu.fr\\\/pdl\\\/2017\\\/07\\\/03\\\/des-moyens-juste-pour-fonctionner-greve-a-la-rentree-dans-les-lycees-agricoles-publics\\\/#breadcrumb\"},\"inLanguage\":\"fr-FR\",\"potentialAction\":[{\"@type\":\"ReadAction\",\"target\":[\"https:\\\/\\\/regions-snetap-fsu.fr\\\/pdl\\\/2017\\\/07\\\/03\\\/des-moyens-juste-pour-fonctionner-greve-a-la-rentree-dans-les-lycees-agricoles-publics\\\/\"]}]},{\"@type\":\"BreadcrumbList\",\"@id\":\"https:\\\/\\\/regions-snetap-fsu.fr\\\/pdl\\\/2017\\\/07\\\/03\\\/des-moyens-juste-pour-fonctionner-greve-a-la-rentree-dans-les-lycees-agricoles-publics\\\/#breadcrumb\",\"itemListElement\":[{\"@type\":\"ListItem\",\"position\":1,\"name\":\"Accueil\",\"item\":\"https:\\\/\\\/regions-snetap-fsu.fr\\\/pdl\\\/\"},{\"@type\":\"ListItem\",\"position\":2,\"name\":\"Des Moyens&#8230;juste pour fonctionner. Gr\u00e8ve \u00e0 la rentr\u00e9e dans les lyc\u00e9es agricoles publics !\"}]},{\"@type\":\"WebSite\",\"@id\":\"https:\\\/\\\/regions-snetap-fsu.fr\\\/pdl\\\/#website\",\"url\":\"https:\\\/\\\/regions-snetap-fsu.fr\\\/pdl\\\/\",\"name\":\"SNETAP-FSU PAYS DE LA LOIRE\",\"description\":\"SECTION REGIONALE\",\"publisher\":{\"@id\":\"https:\\\/\\\/regions-snetap-fsu.fr\\\/pdl\\\/#organization\"},\"potentialAction\":[{\"@type\":\"SearchAction\",\"target\":{\"@type\":\"EntryPoint\",\"urlTemplate\":\"https:\\\/\\\/regions-snetap-fsu.fr\\\/pdl\\\/?s={search_term_string}\"},\"query-input\":{\"@type\":\"PropertyValueSpecification\",\"valueRequired\":true,\"valueName\":\"search_term_string\"}}],\"inLanguage\":\"fr-FR\"},{\"@type\":\"Organization\",\"@id\":\"https:\\\/\\\/regions-snetap-fsu.fr\\\/pdl\\\/#organization\",\"name\":\"SNETAP-FSU Pays de Loire\",\"url\":\"https:\\\/\\\/regions-snetap-fsu.fr\\\/pdl\\\/\",\"logo\":{\"@type\":\"ImageObject\",\"inLanguage\":\"fr-FR\",\"@id\":\"https:\\\/\\\/regions-snetap-fsu.fr\\\/pdl\\\/#\\\/schema\\\/logo\\\/image\\\/\",\"url\":\"https:\\\/\\\/regions-snetap-fsu.fr\\\/pdl\\\/wp-content\\\/uploads\\\/sites\\\/4\\\/2020\\\/12\\\/SNETAP-Logo.jpg\",\"contentUrl\":\"https:\\\/\\\/regions-snetap-fsu.fr\\\/pdl\\\/wp-content\\\/uploads\\\/sites\\\/4\\\/2020\\\/12\\\/SNETAP-Logo.jpg\",\"width\":464,\"height\":334,\"caption\":\"SNETAP-FSU Pays de Loire\"},\"image\":{\"@id\":\"https:\\\/\\\/regions-snetap-fsu.fr\\\/pdl\\\/#\\\/schema\\\/logo\\\/image\\\/\"}},{\"@type\":\"Person\",\"@id\":\"https:\\\/\\\/regions-snetap-fsu.fr\\\/pdl\\\/#\\\/schema\\\/person\\\/d4530af043f9e8d27bdd71c468ec93b1\",\"name\":\"yvigner\",\"image\":{\"@type\":\"ImageObject\",\"inLanguage\":\"fr-FR\",\"@id\":\"https:\\\/\\\/secure.gravatar.com\\\/avatar\\\/bc72baa6f2406549aecf77a837bc4f03dbe88472c1762138f868571430a23820?s=96&d=mm&r=g\",\"url\":\"https:\\\/\\\/secure.gravatar.com\\\/avatar\\\/bc72baa6f2406549aecf77a837bc4f03dbe88472c1762138f868571430a23820?s=96&d=mm&r=g\",\"contentUrl\":\"https:\\\/\\\/secure.gravatar.com\\\/avatar\\\/bc72baa6f2406549aecf77a837bc4f03dbe88472c1762138f868571430a23820?s=96&d=mm&r=g\",\"caption\":\"yvigner\"},\"url\":\"https:\\\/\\\/regions-snetap-fsu.fr\\\/pdl\\\/author\\\/yvigner\\\/\"}]}<\/script>\n<!-- \/ Yoast SEO plugin. -->","yoast_head_json":{"title":"Des Moyens...juste pour fonctionner. Gr\u00e8ve \u00e0 la rentr\u00e9e dans les lyc\u00e9es agricoles publics ! - PAYS DE LA LOIRE","robots":{"index":"index","follow":"follow","max-snippet":"max-snippet:-1","max-image-preview":"max-image-preview:large","max-video-preview":"max-video-preview:-1"},"canonical":"https:\/\/regions-snetap-fsu.fr\/pdl\/2017\/07\/03\/des-moyens-juste-pour-fonctionner-greve-a-la-rentree-dans-les-lycees-agricoles-publics\/","og_locale":"fr_FR","og_type":"article","og_title":"Des Moyens...juste pour fonctionner. Gr\u00e8ve \u00e0 la rentr\u00e9e dans les lyc\u00e9es agricoles publics ! - PAYS DE LA LOIRE","og_description":"Des Moyens&#8230;juste pour fonctionner. Gr\u00e8ve \u00e0 la rentr\u00e9e dans les lyc\u00e9es agricoles publics ! Le SNETAP-FSU d\u00e9pose \u00e0 la demande des personnels des lyc\u00e9es agricoles publics des Pays de la Loire, un\u00a0pr\u00e9avis de gr\u00e8ve reconductible \u00e0 partir du lundi 4 septembre 2017. A l\u2019occasion des diff\u00e9rents Conseils d\u2019administration dans la r\u00e9gion des Pays de la [&hellip;]","og_url":"https:\/\/regions-snetap-fsu.fr\/pdl\/2017\/07\/03\/des-moyens-juste-pour-fonctionner-greve-a-la-rentree-dans-les-lycees-agricoles-publics\/","og_site_name":"PAYS DE LA LOIRE","article_published_time":"2017-07-02T22:00:08+00:00","article_modified_time":"2018-09-08T20:25:17+00:00","author":"yvigner","twitter_card":"summary_large_image","twitter_misc":{"\u00c9crit par":"yvigner","Dur\u00e9e de lecture estim\u00e9e":"2 minutes"},"schema":{"@context":"https:\/\/schema.org","@graph":[{"@type":"Article","@id":"https:\/\/regions-snetap-fsu.fr\/pdl\/2017\/07\/03\/des-moyens-juste-pour-fonctionner-greve-a-la-rentree-dans-les-lycees-agricoles-publics\/#article","isPartOf":{"@id":"https:\/\/regions-snetap-fsu.fr\/pdl\/2017\/07\/03\/des-moyens-juste-pour-fonctionner-greve-a-la-rentree-dans-les-lycees-agricoles-publics\/"},"author":{"name":"yvigner","@id":"https:\/\/regions-snetap-fsu.fr\/pdl\/#\/schema\/person\/d4530af043f9e8d27bdd71c468ec93b1"},"headline":"Des Moyens&#8230;juste pour fonctionner. Gr\u00e8ve \u00e0 la rentr\u00e9e dans les lyc\u00e9es agricoles publics !","datePublished":"2017-07-02T22:00:08+00:00","dateModified":"2018-09-08T20:25:17+00:00","mainEntityOfPage":{"@id":"https:\/\/regions-snetap-fsu.fr\/pdl\/2017\/07\/03\/des-moyens-juste-pour-fonctionner-greve-a-la-rentree-dans-les-lycees-agricoles-publics\/"},"wordCount":420,"publisher":{"@id":"https:\/\/regions-snetap-fsu.fr\/pdl\/#organization"},"articleSection":["Communiqu\u00e9s"],"inLanguage":"fr-FR"},{"@type":"WebPage","@id":"https:\/\/regions-snetap-fsu.fr\/pdl\/2017\/07\/03\/des-moyens-juste-pour-fonctionner-greve-a-la-rentree-dans-les-lycees-agricoles-publics\/","url":"https:\/\/regions-snetap-fsu.fr\/pdl\/2017\/07\/03\/des-moyens-juste-pour-fonctionner-greve-a-la-rentree-dans-les-lycees-agricoles-publics\/","name":"Des Moyens...juste pour fonctionner. Gr\u00e8ve \u00e0 la rentr\u00e9e dans les lyc\u00e9es agricoles publics ! - PAYS DE LA LOIRE","isPartOf":{"@id":"https:\/\/regions-snetap-fsu.fr\/pdl\/#website"},"datePublished":"2017-07-02T22:00:08+00:00","dateModified":"2018-09-08T20:25:17+00:00","breadcrumb":{"@id":"https:\/\/regions-snetap-fsu.fr\/pdl\/2017\/07\/03\/des-moyens-juste-pour-fonctionner-greve-a-la-rentree-dans-les-lycees-agricoles-publics\/#breadcrumb"},"inLanguage":"fr-FR","potentialAction":[{"@type":"ReadAction","target":["https:\/\/regions-snetap-fsu.fr\/pdl\/2017\/07\/03\/des-moyens-juste-pour-fonctionner-greve-a-la-rentree-dans-les-lycees-agricoles-publics\/"]}]},{"@type":"BreadcrumbList","@id":"https:\/\/regions-snetap-fsu.fr\/pdl\/2017\/07\/03\/des-moyens-juste-pour-fonctionner-greve-a-la-rentree-dans-les-lycees-agricoles-publics\/#breadcrumb","itemListElement":[{"@type":"ListItem","position":1,"name":"Accueil","item":"https:\/\/regions-snetap-fsu.fr\/pdl\/"},{"@type":"ListItem","position":2,"name":"Des Moyens&#8230;juste pour fonctionner. Gr\u00e8ve \u00e0 la rentr\u00e9e dans les lyc\u00e9es agricoles publics !"}]},{"@type":"WebSite","@id":"https:\/\/regions-snetap-fsu.fr\/pdl\/#website","url":"https:\/\/regions-snetap-fsu.fr\/pdl\/","name":"SNETAP-FSU PAYS DE LA LOIRE","description":"SECTION REGIONALE","publisher":{"@id":"https:\/\/regions-snetap-fsu.fr\/pdl\/#organization"},"potentialAction":[{"@type":"SearchAction","target":{"@type":"EntryPoint","urlTemplate":"https:\/\/regions-snetap-fsu.fr\/pdl\/?s={search_term_string}"},"query-input":{"@type":"PropertyValueSpecification","valueRequired":true,"valueName":"search_term_string"}}],"inLanguage":"fr-FR"},{"@type":"Organization","@id":"https:\/\/regions-snetap-fsu.fr\/pdl\/#organization","name":"SNETAP-FSU Pays de Loire","url":"https:\/\/regions-snetap-fsu.fr\/pdl\/","logo":{"@type":"ImageObject","inLanguage":"fr-FR","@id":"https:\/\/regions-snetap-fsu.fr\/pdl\/#\/schema\/logo\/image\/","url":"https:\/\/regions-snetap-fsu.fr\/pdl\/wp-content\/uploads\/sites\/4\/2020\/12\/SNETAP-Logo.jpg","contentUrl":"https:\/\/regions-snetap-fsu.fr\/pdl\/wp-content\/uploads\/sites\/4\/2020\/12\/SNETAP-Logo.jpg","width":464,"height":334,"caption":"SNETAP-FSU Pays de Loire"},"image":{"@id":"https:\/\/regions-snetap-fsu.fr\/pdl\/#\/schema\/logo\/image\/"}},{"@type":"Person","@id":"https:\/\/regions-snetap-fsu.fr\/pdl\/#\/schema\/person\/d4530af043f9e8d27bdd71c468ec93b1","name":"yvigner","image":{"@type":"ImageObject","inLanguage":"fr-FR","@id":"https:\/\/secure.gravatar.com\/avatar\/bc72baa6f2406549aecf77a837bc4f03dbe88472c1762138f868571430a23820?s=96&d=mm&r=g","url":"https:\/\/secure.gravatar.com\/avatar\/bc72baa6f2406549aecf77a837bc4f03dbe88472c1762138f868571430a23820?s=96&d=mm&r=g","contentUrl":"https:\/\/secure.gravatar.com\/avatar\/bc72baa6f2406549aecf77a837bc4f03dbe88472c1762138f868571430a23820?s=96&d=mm&r=g","caption":"yvigner"},"url":"https:\/\/regions-snetap-fsu.fr\/pdl\/author\/yvigner\/"}]}},"_links":{"self":[{"href":"https:\/\/regions-snetap-fsu.fr\/pdl\/wp-json\/wp\/v2\/posts\/544","targetHints":{"allow":["GET"]}}],"collection":[{"href":"https:\/\/regions-snetap-fsu.fr\/pdl\/wp-json\/wp\/v2\/posts"}],"about":[{"href":"https:\/\/regions-snetap-fsu.fr\/pdl\/wp-json\/wp\/v2\/types\/post"}],"author":[{"embeddable":true,"href":"https:\/\/regions-snetap-fsu.fr\/pdl\/wp-json\/wp\/v2\/users\/2"}],"replies":[{"embeddable":true,"href":"https:\/\/regions-snetap-fsu.fr\/pdl\/wp-json\/wp\/v2\/comments?post=544"}],"version-history":[{"count":1,"href":"https:\/\/regions-snetap-fsu.fr\/pdl\/wp-json\/wp\/v2\/posts\/544\/revisions"}],"predecessor-version":[{"id":2744,"href":"https:\/\/regions-snetap-fsu.fr\/pdl\/wp-json\/wp\/v2\/posts\/544\/revisions\/2744"}],"wp:attachment":[{"href":"https:\/\/regions-snetap-fsu.fr\/pdl\/wp-json\/wp\/v2\/media?parent=544"}],"wp:term":[{"taxonomy":"category","embeddable":true,"href":"https:\/\/regions-snetap-fsu.fr\/pdl\/wp-json\/wp\/v2\/categories?post=544"},{"taxonomy":"post_tag","embeddable":true,"href":"https:\/\/regions-snetap-fsu.fr\/pdl\/wp-json\/wp\/v2\/tags?post=544"},{"taxonomy":"post_folder","embeddable":true,"href":"https:\/\/regions-snetap-fsu.fr\/pdl\/wp-json\/wp\/v2\/post_folder?post=544"}],"curies":[{"name":"wp","href":"https:\/\/api.w.org\/{rel}","templated":true}]}}