{"id":5385,"date":"2025-09-15T21:28:40","date_gmt":"2025-09-15T19:28:40","guid":{"rendered":"https:\/\/regions-snetap-fsu.fr\/pdl\/?p=5385"},"modified":"2025-09-17T11:39:39","modified_gmt":"2025-09-17T09:39:39","slug":"communique-le-conseil-regional-supprime-des-credits-pedagogiques-dans-lenseignement-agricole-public","status":"publish","type":"post","link":"https:\/\/regions-snetap-fsu.fr\/pdl\/2025\/09\/15\/communique-le-conseil-regional-supprime-des-credits-pedagogiques-dans-lenseignement-agricole-public\/","title":{"rendered":"Communiqu\u00e9 : Le Conseil r\u00e9gional supprime des cr\u00e9dits p\u00e9dagogiques (PRADT) dans l\u2019enseignement agricole public"},"content":{"rendered":"<p class=\"western\" style=\"text-align: justify;\" align=\"justify\"><span style=\"font-family: Arial, sans-serif; font-size: 12pt;\">Nous venons d&rsquo;apprendre, ce jour, que la convention liant le Conseil r\u00e9gional des Pays de la Loire et la DRAAF concernant le financement du Plan R\u00e9gional d&rsquo;Animation et de D\u00e9veloppement des territoires \u00e9tait supprim\u00e9e. Il s&rsquo;agissait d&rsquo;une dotation de 20 000 euros annuels pour les projets \u00e9ducatifs, culturels, sportifs&#8230;pour les 11 lyc\u00e9es agricoles publics. Et ce 10 jours apr\u00e8s la rentr\u00e9e&#8230;<\/span><\/p>\n<p class=\"western\" style=\"text-align: justify;\" align=\"justify\"><span style=\"font-family: Arial, sans-serif; font-size: 12pt;\">\u00c9videmment cela s&rsquo;ajoute \u00e0 la mise en sommeil pour l&rsquo;instant du PASS CULTURE, de la baisse g\u00e9n\u00e9rale en r\u00e9gion des subventions aux acteurs de la culture qui interviennent \u00e9norm\u00e9ment dans nos lyc\u00e9es agricoles publics et de la baisse drastique des appels \u00e0 projets \u00e9ducatifs (ex AEL) qui concernent aussi notamment le volet artistique. .\u00a0<\/span><\/p>\n<p class=\"western\" style=\"text-align: justify;\" align=\"justify\"><span style=\"font-family: Arial, sans-serif; font-size: 12pt;\">Il y aura des effets directs sur les projets p\u00e9dagogiques d\u00e9j\u00e0 pr\u00e9par\u00e9s voire entam\u00e9s par les enseignants, leurs \u00e9l\u00e8ves, et les acteurs culturels. Cela remet en cause le d\u00e9roulement de certaines \u00e9preuves du Baccalaur\u00e9at puisque ces projets en \u00e9taient les supports directs. Enfin, des actions essentielles pour l\u2019\u00e9ducation de nos publics telles que la lutte contre les discriminations, la sensibilisation au handicap, le soutien des sections sportives\u2026 ne pourront plus exister.<\/span><\/p>\n<p class=\"western\" style=\"text-align: justify;\" align=\"justify\"><span style=\"font-family: Arial, sans-serif; font-size: 12pt;\">Pour l\u2019ensemble de ces raisons,\u00a0nous demandons \u00e0 Madame la Pr\u00e9sidente du Conseil R\u00e9gional des Pays de la Loire, de revenir sur cette d\u00e9cision qui touche directement les lyc\u00e9ens et lyc\u00e9ennes lig\u00e9riens.<\/span><\/p>\n<p class=\"western\" align=\"right\"><span style=\"font-family: Arial, sans-serif; font-size: 12pt;\">Nantes le 15 septembre 2025<\/span><\/p>\n<p style=\"text-align: left;\" align=\"right\">\n\t\t<div class=\"wppdfemb-frame-container-1\" style=\"-webkit-overflow-scrolling:auto;\">\n\t\t\t<iframe class=\"pdfembed-iframe nonfullscreen wppdf-emb-iframe-1\"\n\t\t\t\tsrc=\"https:\/\/regions-snetap-fsu.fr\/pdl\/?pdfemb-data=eyJ1cmwiOiJodHRwczpcL1wvcmVnaW9ucy1zbmV0YXAtZnN1LmZyXC9wZGxcL3dwLWNvbnRlbnRcL3VwbG9hZHNcL3NpdGVzXC80XC8yMDI1XC8wOVwvQ29tbXVuaXF1ZS1TdXBwcmVzc2lvbi1QUkFEVC1jcmVkaXRzLXBlZGFnb2dpcXVlcy0xNTA5MjUucGRmIiwidGl0bGUiOiJDb21tdW5pcXVcdTAwZTkgU3VwcHJlc3Npb24gUFJBRFQgY3JcdTAwZTlkaXRzIHBcdTAwZTlkYWdvZ2lxdWVzIDE1MDkyNSIsImluZGV4IjoxLCJwZGZJRCI6NTM4Nn0\"\n\t\t\t\ttitle=\"Communiqu\u00e9 Suppression PRADT cr\u00e9dits p\u00e9dagogiques 150925\"\t\t\t\tdata-pdf-id=\"5386\"\n\t\t\t\tdata-pdf-index=\"1\"\n\t\t\t\tstyle=\"border:none;width:100%;max-width:100%;height:100vh;\"\n\t\t\t\tscrolling=\"yes\">\n\t\t\t<\/iframe>\n\t\t<\/div>\n\n\t\t<\/p>\n","protected":false},"excerpt":{"rendered":"<p>Nous venons d&rsquo;apprendre, ce jour, que la convention liant le Conseil r\u00e9gional des Pays de la Loire et la DRAAF concernant le financement du Plan R\u00e9gional d&rsquo;Animation et de D\u00e9veloppement des territoires \u00e9tait supprim\u00e9e. Il s&rsquo;agissait d&rsquo;une dotation de 20 000 euros annuels pour les projets \u00e9ducatifs, culturels, sportifs&#8230;pour les 11 lyc\u00e9es agricoles publics. Et [&hellip;]<\/p>\n","protected":false},"author":2,"featured_media":4530,"comment_status":"closed","ping_status":"closed","sticky":false,"template":"","format":"standard","meta":{"ocean_post_layout":"","ocean_both_sidebars_style":"","ocean_both_sidebars_content_width":0,"ocean_both_sidebars_sidebars_width":0,"ocean_sidebar":"0","ocean_second_sidebar":"0","ocean_disable_margins":"enable","ocean_add_body_class":"","ocean_shortcode_before_top_bar":"","ocean_shortcode_after_top_bar":"","ocean_shortcode_before_header":"","ocean_shortcode_after_header":"","ocean_has_shortcode":"","ocean_shortcode_after_title":"","ocean_shortcode_before_footer_widgets":"","ocean_shortcode_after_footer_widgets":"","ocean_shortcode_before_footer_bottom":"","ocean_shortcode_after_footer_bottom":"","ocean_display_top_bar":"default","ocean_display_header":"default","ocean_header_style":"","ocean_center_header_left_menu":"0","ocean_custom_header_template":"0","ocean_custom_logo":0,"ocean_custom_retina_logo":0,"ocean_custom_logo_max_width":0,"ocean_custom_logo_tablet_max_width":0,"ocean_custom_logo_mobile_max_width":0,"ocean_custom_logo_max_height":0,"ocean_custom_logo_tablet_max_height":0,"ocean_custom_logo_mobile_max_height":0,"ocean_header_custom_menu":"0","ocean_menu_typo_font_family":"0","ocean_menu_typo_font_subset":"","ocean_menu_typo_font_size":0,"ocean_menu_typo_font_size_tablet":0,"ocean_menu_typo_font_size_mobile":0,"ocean_menu_typo_font_size_unit":"px","ocean_menu_typo_font_weight":"","ocean_menu_typo_font_weight_tablet":"","ocean_menu_typo_font_weight_mobile":"","ocean_menu_typo_transform":"","ocean_menu_typo_transform_tablet":"","ocean_menu_typo_transform_mobile":"","ocean_menu_typo_line_height":0,"ocean_menu_typo_line_height_tablet":0,"ocean_menu_typo_line_height_mobile":0,"ocean_menu_typo_line_height_unit":"","ocean_menu_typo_spacing":0,"ocean_menu_typo_spacing_tablet":0,"ocean_menu_typo_spacing_mobile":0,"ocean_menu_typo_spacing_unit":"","ocean_menu_link_color":"","ocean_menu_link_color_hover":"","ocean_menu_link_color_active":"","ocean_menu_link_background":"","ocean_menu_link_hover_background":"","ocean_menu_link_active_background":"","ocean_menu_social_links_bg":"","ocean_menu_social_hover_links_bg":"","ocean_menu_social_links_color":"","ocean_menu_social_hover_links_color":"","ocean_disable_title":"default","ocean_disable_heading":"default","ocean_post_title":"","ocean_post_subheading":"","ocean_post_title_style":"","ocean_post_title_background_color":"","ocean_post_title_background":0,"ocean_post_title_bg_image_position":"","ocean_post_title_bg_image_attachment":"","ocean_post_title_bg_image_repeat":"","ocean_post_title_bg_image_size":"","ocean_post_title_height":0,"ocean_post_title_bg_overlay":0.5,"ocean_post_title_bg_overlay_color":"","ocean_disable_breadcrumbs":"default","ocean_breadcrumbs_color":"","ocean_breadcrumbs_separator_color":"","ocean_breadcrumbs_links_color":"","ocean_breadcrumbs_links_hover_color":"","ocean_display_footer_widgets":"default","ocean_display_footer_bottom":"default","ocean_custom_footer_template":"0","ocean_post_oembed":"","ocean_post_self_hosted_media":"","ocean_post_video_embed":"","ocean_link_format":"","ocean_link_format_target":"self","ocean_quote_format":"","ocean_quote_format_link":"post","ocean_gallery_link_images":"on","ocean_gallery_id":[],"footnotes":""},"categories":[9],"tags":[],"post_folder":[],"class_list":["post-5385","post","type-post","status-publish","format-standard","has-post-thumbnail","hentry","category-actions-et-communiques","entry","has-media"],"yoast_head":"<!-- This site is optimized with the Yoast SEO plugin v27.4 - https:\/\/yoast.com\/product\/yoast-seo-wordpress\/ -->\n<title>Communiqu\u00e9 : Le Conseil r\u00e9gional supprime des cr\u00e9dits p\u00e9dagogiques (PRADT) dans l\u2019enseignement agricole public - PAYS DE LA LOIRE<\/title>\n<meta name=\"robots\" content=\"index, follow, max-snippet:-1, max-image-preview:large, max-video-preview:-1\" \/>\n<link rel=\"canonical\" href=\"https:\/\/regions-snetap-fsu.fr\/pdl\/2025\/09\/15\/communique-le-conseil-regional-supprime-des-credits-pedagogiques-dans-lenseignement-agricole-public\/\" \/>\n<meta property=\"og:locale\" content=\"fr_FR\" \/>\n<meta property=\"og:type\" content=\"article\" \/>\n<meta property=\"og:title\" content=\"Communiqu\u00e9 : Le Conseil r\u00e9gional supprime des cr\u00e9dits p\u00e9dagogiques (PRADT) dans l\u2019enseignement agricole public - PAYS DE LA LOIRE\" \/>\n<meta property=\"og:description\" content=\"Nous venons d&rsquo;apprendre, ce jour, que la convention liant le Conseil r\u00e9gional des Pays de la Loire et la DRAAF concernant le financement du Plan R\u00e9gional d&rsquo;Animation et de D\u00e9veloppement des territoires \u00e9tait supprim\u00e9e. Il s&rsquo;agissait d&rsquo;une dotation de 20 000 euros annuels pour les projets \u00e9ducatifs, culturels, sportifs&#8230;pour les 11 lyc\u00e9es agricoles publics. Et [&hellip;]\" \/>\n<meta property=\"og:url\" content=\"https:\/\/regions-snetap-fsu.fr\/pdl\/2025\/09\/15\/communique-le-conseil-regional-supprime-des-credits-pedagogiques-dans-lenseignement-agricole-public\/\" \/>\n<meta property=\"og:site_name\" content=\"PAYS DE LA LOIRE\" \/>\n<meta property=\"article:published_time\" content=\"2025-09-15T19:28:40+00:00\" \/>\n<meta property=\"article:modified_time\" content=\"2025-09-17T09:39:39+00:00\" \/>\n<meta property=\"og:image\" content=\"https:\/\/regions-snetap-fsu.fr\/pdl\/wp-content\/uploads\/sites\/4\/2022\/09\/IMG-20220929-WA0022.jpg\" \/>\n\t<meta property=\"og:image:width\" content=\"2048\" \/>\n\t<meta property=\"og:image:height\" content=\"1152\" \/>\n\t<meta property=\"og:image:type\" content=\"image\/jpeg\" \/>\n<meta name=\"author\" content=\"yvigner\" \/>\n<meta name=\"twitter:card\" content=\"summary_large_image\" \/>\n<meta name=\"twitter:label1\" content=\"\u00c9crit par\" \/>\n\t<meta name=\"twitter:data1\" content=\"yvigner\" \/>\n\t<meta name=\"twitter:label2\" content=\"Dur\u00e9e de lecture estim\u00e9e\" \/>\n\t<meta name=\"twitter:data2\" content=\"2 minutes\" \/>\n<script type=\"application\/ld+json\" class=\"yoast-schema-graph\">{\"@context\":\"https:\\\/\\\/schema.org\",\"@graph\":[{\"@type\":\"Article\",\"@id\":\"https:\\\/\\\/regions-snetap-fsu.fr\\\/pdl\\\/2025\\\/09\\\/15\\\/communique-le-conseil-regional-supprime-des-credits-pedagogiques-dans-lenseignement-agricole-public\\\/#article\",\"isPartOf\":{\"@id\":\"https:\\\/\\\/regions-snetap-fsu.fr\\\/pdl\\\/2025\\\/09\\\/15\\\/communique-le-conseil-regional-supprime-des-credits-pedagogiques-dans-lenseignement-agricole-public\\\/\"},\"author\":{\"name\":\"yvigner\",\"@id\":\"https:\\\/\\\/regions-snetap-fsu.fr\\\/pdl\\\/#\\\/schema\\\/person\\\/d4530af043f9e8d27bdd71c468ec93b1\"},\"headline\":\"Communiqu\u00e9 : Le Conseil r\u00e9gional supprime des cr\u00e9dits p\u00e9dagogiques (PRADT) dans l\u2019enseignement agricole public\",\"datePublished\":\"2025-09-15T19:28:40+00:00\",\"dateModified\":\"2025-09-17T09:39:39+00:00\",\"mainEntityOfPage\":{\"@id\":\"https:\\\/\\\/regions-snetap-fsu.fr\\\/pdl\\\/2025\\\/09\\\/15\\\/communique-le-conseil-regional-supprime-des-credits-pedagogiques-dans-lenseignement-agricole-public\\\/\"},\"wordCount\":284,\"publisher\":{\"@id\":\"https:\\\/\\\/regions-snetap-fsu.fr\\\/pdl\\\/#organization\"},\"image\":{\"@id\":\"https:\\\/\\\/regions-snetap-fsu.fr\\\/pdl\\\/2025\\\/09\\\/15\\\/communique-le-conseil-regional-supprime-des-credits-pedagogiques-dans-lenseignement-agricole-public\\\/#primaryimage\"},\"thumbnailUrl\":\"https:\\\/\\\/regions-snetap-fsu.fr\\\/pdl\\\/wp-content\\\/uploads\\\/sites\\\/4\\\/2022\\\/09\\\/IMG-20220929-WA0022.jpg\",\"articleSection\":[\"Communiqu\u00e9s\"],\"inLanguage\":\"fr-FR\"},{\"@type\":\"WebPage\",\"@id\":\"https:\\\/\\\/regions-snetap-fsu.fr\\\/pdl\\\/2025\\\/09\\\/15\\\/communique-le-conseil-regional-supprime-des-credits-pedagogiques-dans-lenseignement-agricole-public\\\/\",\"url\":\"https:\\\/\\\/regions-snetap-fsu.fr\\\/pdl\\\/2025\\\/09\\\/15\\\/communique-le-conseil-regional-supprime-des-credits-pedagogiques-dans-lenseignement-agricole-public\\\/\",\"name\":\"Communiqu\u00e9 : Le Conseil r\u00e9gional supprime des cr\u00e9dits p\u00e9dagogiques (PRADT) dans l\u2019enseignement agricole public - PAYS DE LA LOIRE\",\"isPartOf\":{\"@id\":\"https:\\\/\\\/regions-snetap-fsu.fr\\\/pdl\\\/#website\"},\"primaryImageOfPage\":{\"@id\":\"https:\\\/\\\/regions-snetap-fsu.fr\\\/pdl\\\/2025\\\/09\\\/15\\\/communique-le-conseil-regional-supprime-des-credits-pedagogiques-dans-lenseignement-agricole-public\\\/#primaryimage\"},\"image\":{\"@id\":\"https:\\\/\\\/regions-snetap-fsu.fr\\\/pdl\\\/2025\\\/09\\\/15\\\/communique-le-conseil-regional-supprime-des-credits-pedagogiques-dans-lenseignement-agricole-public\\\/#primaryimage\"},\"thumbnailUrl\":\"https:\\\/\\\/regions-snetap-fsu.fr\\\/pdl\\\/wp-content\\\/uploads\\\/sites\\\/4\\\/2022\\\/09\\\/IMG-20220929-WA0022.jpg\",\"datePublished\":\"2025-09-15T19:28:40+00:00\",\"dateModified\":\"2025-09-17T09:39:39+00:00\",\"breadcrumb\":{\"@id\":\"https:\\\/\\\/regions-snetap-fsu.fr\\\/pdl\\\/2025\\\/09\\\/15\\\/communique-le-conseil-regional-supprime-des-credits-pedagogiques-dans-lenseignement-agricole-public\\\/#breadcrumb\"},\"inLanguage\":\"fr-FR\",\"potentialAction\":[{\"@type\":\"ReadAction\",\"target\":[\"https:\\\/\\\/regions-snetap-fsu.fr\\\/pdl\\\/2025\\\/09\\\/15\\\/communique-le-conseil-regional-supprime-des-credits-pedagogiques-dans-lenseignement-agricole-public\\\/\"]}]},{\"@type\":\"ImageObject\",\"inLanguage\":\"fr-FR\",\"@id\":\"https:\\\/\\\/regions-snetap-fsu.fr\\\/pdl\\\/2025\\\/09\\\/15\\\/communique-le-conseil-regional-supprime-des-credits-pedagogiques-dans-lenseignement-agricole-public\\\/#primaryimage\",\"url\":\"https:\\\/\\\/regions-snetap-fsu.fr\\\/pdl\\\/wp-content\\\/uploads\\\/sites\\\/4\\\/2022\\\/09\\\/IMG-20220929-WA0022.jpg\",\"contentUrl\":\"https:\\\/\\\/regions-snetap-fsu.fr\\\/pdl\\\/wp-content\\\/uploads\\\/sites\\\/4\\\/2022\\\/09\\\/IMG-20220929-WA0022.jpg\",\"width\":2048,\"height\":1152,\"caption\":\"Action AEL 29\\\/09\\\/2022\"},{\"@type\":\"BreadcrumbList\",\"@id\":\"https:\\\/\\\/regions-snetap-fsu.fr\\\/pdl\\\/2025\\\/09\\\/15\\\/communique-le-conseil-regional-supprime-des-credits-pedagogiques-dans-lenseignement-agricole-public\\\/#breadcrumb\",\"itemListElement\":[{\"@type\":\"ListItem\",\"position\":1,\"name\":\"Accueil\",\"item\":\"https:\\\/\\\/regions-snetap-fsu.fr\\\/pdl\\\/\"},{\"@type\":\"ListItem\",\"position\":2,\"name\":\"Communiqu\u00e9 : Le Conseil r\u00e9gional supprime des cr\u00e9dits p\u00e9dagogiques (PRADT) dans l\u2019enseignement agricole public\"}]},{\"@type\":\"WebSite\",\"@id\":\"https:\\\/\\\/regions-snetap-fsu.fr\\\/pdl\\\/#website\",\"url\":\"https:\\\/\\\/regions-snetap-fsu.fr\\\/pdl\\\/\",\"name\":\"SNETAP-FSU PAYS DE LA LOIRE\",\"description\":\"SECTION REGIONALE\",\"publisher\":{\"@id\":\"https:\\\/\\\/regions-snetap-fsu.fr\\\/pdl\\\/#organization\"},\"potentialAction\":[{\"@type\":\"SearchAction\",\"target\":{\"@type\":\"EntryPoint\",\"urlTemplate\":\"https:\\\/\\\/regions-snetap-fsu.fr\\\/pdl\\\/?s={search_term_string}\"},\"query-input\":{\"@type\":\"PropertyValueSpecification\",\"valueRequired\":true,\"valueName\":\"search_term_string\"}}],\"inLanguage\":\"fr-FR\"},{\"@type\":\"Organization\",\"@id\":\"https:\\\/\\\/regions-snetap-fsu.fr\\\/pdl\\\/#organization\",\"name\":\"SNETAP-FSU Pays de Loire\",\"url\":\"https:\\\/\\\/regions-snetap-fsu.fr\\\/pdl\\\/\",\"logo\":{\"@type\":\"ImageObject\",\"inLanguage\":\"fr-FR\",\"@id\":\"https:\\\/\\\/regions-snetap-fsu.fr\\\/pdl\\\/#\\\/schema\\\/logo\\\/image\\\/\",\"url\":\"https:\\\/\\\/regions-snetap-fsu.fr\\\/pdl\\\/wp-content\\\/uploads\\\/sites\\\/4\\\/2020\\\/12\\\/SNETAP-Logo.jpg\",\"contentUrl\":\"https:\\\/\\\/regions-snetap-fsu.fr\\\/pdl\\\/wp-content\\\/uploads\\\/sites\\\/4\\\/2020\\\/12\\\/SNETAP-Logo.jpg\",\"width\":464,\"height\":334,\"caption\":\"SNETAP-FSU Pays de Loire\"},\"image\":{\"@id\":\"https:\\\/\\\/regions-snetap-fsu.fr\\\/pdl\\\/#\\\/schema\\\/logo\\\/image\\\/\"}},{\"@type\":\"Person\",\"@id\":\"https:\\\/\\\/regions-snetap-fsu.fr\\\/pdl\\\/#\\\/schema\\\/person\\\/d4530af043f9e8d27bdd71c468ec93b1\",\"name\":\"yvigner\",\"image\":{\"@type\":\"ImageObject\",\"inLanguage\":\"fr-FR\",\"@id\":\"https:\\\/\\\/secure.gravatar.com\\\/avatar\\\/bc72baa6f2406549aecf77a837bc4f03dbe88472c1762138f868571430a23820?s=96&d=mm&r=g\",\"url\":\"https:\\\/\\\/secure.gravatar.com\\\/avatar\\\/bc72baa6f2406549aecf77a837bc4f03dbe88472c1762138f868571430a23820?s=96&d=mm&r=g\",\"contentUrl\":\"https:\\\/\\\/secure.gravatar.com\\\/avatar\\\/bc72baa6f2406549aecf77a837bc4f03dbe88472c1762138f868571430a23820?s=96&d=mm&r=g\",\"caption\":\"yvigner\"},\"url\":\"https:\\\/\\\/regions-snetap-fsu.fr\\\/pdl\\\/author\\\/yvigner\\\/\"}]}<\/script>\n<!-- \/ Yoast SEO plugin. -->","yoast_head_json":{"title":"Communiqu\u00e9 : Le Conseil r\u00e9gional supprime des cr\u00e9dits p\u00e9dagogiques (PRADT) dans l\u2019enseignement agricole public - PAYS DE LA LOIRE","robots":{"index":"index","follow":"follow","max-snippet":"max-snippet:-1","max-image-preview":"max-image-preview:large","max-video-preview":"max-video-preview:-1"},"canonical":"https:\/\/regions-snetap-fsu.fr\/pdl\/2025\/09\/15\/communique-le-conseil-regional-supprime-des-credits-pedagogiques-dans-lenseignement-agricole-public\/","og_locale":"fr_FR","og_type":"article","og_title":"Communiqu\u00e9 : Le Conseil r\u00e9gional supprime des cr\u00e9dits p\u00e9dagogiques (PRADT) dans l\u2019enseignement agricole public - PAYS DE LA LOIRE","og_description":"Nous venons d&rsquo;apprendre, ce jour, que la convention liant le Conseil r\u00e9gional des Pays de la Loire et la DRAAF concernant le financement du Plan R\u00e9gional d&rsquo;Animation et de D\u00e9veloppement des territoires \u00e9tait supprim\u00e9e. Il s&rsquo;agissait d&rsquo;une dotation de 20 000 euros annuels pour les projets \u00e9ducatifs, culturels, sportifs&#8230;pour les 11 lyc\u00e9es agricoles publics. Et [&hellip;]","og_url":"https:\/\/regions-snetap-fsu.fr\/pdl\/2025\/09\/15\/communique-le-conseil-regional-supprime-des-credits-pedagogiques-dans-lenseignement-agricole-public\/","og_site_name":"PAYS DE LA LOIRE","article_published_time":"2025-09-15T19:28:40+00:00","article_modified_time":"2025-09-17T09:39:39+00:00","og_image":[{"width":2048,"height":1152,"url":"https:\/\/regions-snetap-fsu.fr\/pdl\/wp-content\/uploads\/sites\/4\/2022\/09\/IMG-20220929-WA0022.jpg","type":"image\/jpeg"}],"author":"yvigner","twitter_card":"summary_large_image","twitter_misc":{"\u00c9crit par":"yvigner","Dur\u00e9e de lecture estim\u00e9e":"2 minutes"},"schema":{"@context":"https:\/\/schema.org","@graph":[{"@type":"Article","@id":"https:\/\/regions-snetap-fsu.fr\/pdl\/2025\/09\/15\/communique-le-conseil-regional-supprime-des-credits-pedagogiques-dans-lenseignement-agricole-public\/#article","isPartOf":{"@id":"https:\/\/regions-snetap-fsu.fr\/pdl\/2025\/09\/15\/communique-le-conseil-regional-supprime-des-credits-pedagogiques-dans-lenseignement-agricole-public\/"},"author":{"name":"yvigner","@id":"https:\/\/regions-snetap-fsu.fr\/pdl\/#\/schema\/person\/d4530af043f9e8d27bdd71c468ec93b1"},"headline":"Communiqu\u00e9 : Le Conseil r\u00e9gional supprime des cr\u00e9dits p\u00e9dagogiques (PRADT) dans l\u2019enseignement agricole public","datePublished":"2025-09-15T19:28:40+00:00","dateModified":"2025-09-17T09:39:39+00:00","mainEntityOfPage":{"@id":"https:\/\/regions-snetap-fsu.fr\/pdl\/2025\/09\/15\/communique-le-conseil-regional-supprime-des-credits-pedagogiques-dans-lenseignement-agricole-public\/"},"wordCount":284,"publisher":{"@id":"https:\/\/regions-snetap-fsu.fr\/pdl\/#organization"},"image":{"@id":"https:\/\/regions-snetap-fsu.fr\/pdl\/2025\/09\/15\/communique-le-conseil-regional-supprime-des-credits-pedagogiques-dans-lenseignement-agricole-public\/#primaryimage"},"thumbnailUrl":"https:\/\/regions-snetap-fsu.fr\/pdl\/wp-content\/uploads\/sites\/4\/2022\/09\/IMG-20220929-WA0022.jpg","articleSection":["Communiqu\u00e9s"],"inLanguage":"fr-FR"},{"@type":"WebPage","@id":"https:\/\/regions-snetap-fsu.fr\/pdl\/2025\/09\/15\/communique-le-conseil-regional-supprime-des-credits-pedagogiques-dans-lenseignement-agricole-public\/","url":"https:\/\/regions-snetap-fsu.fr\/pdl\/2025\/09\/15\/communique-le-conseil-regional-supprime-des-credits-pedagogiques-dans-lenseignement-agricole-public\/","name":"Communiqu\u00e9 : Le Conseil r\u00e9gional supprime des cr\u00e9dits p\u00e9dagogiques (PRADT) dans l\u2019enseignement agricole public - PAYS DE LA LOIRE","isPartOf":{"@id":"https:\/\/regions-snetap-fsu.fr\/pdl\/#website"},"primaryImageOfPage":{"@id":"https:\/\/regions-snetap-fsu.fr\/pdl\/2025\/09\/15\/communique-le-conseil-regional-supprime-des-credits-pedagogiques-dans-lenseignement-agricole-public\/#primaryimage"},"image":{"@id":"https:\/\/regions-snetap-fsu.fr\/pdl\/2025\/09\/15\/communique-le-conseil-regional-supprime-des-credits-pedagogiques-dans-lenseignement-agricole-public\/#primaryimage"},"thumbnailUrl":"https:\/\/regions-snetap-fsu.fr\/pdl\/wp-content\/uploads\/sites\/4\/2022\/09\/IMG-20220929-WA0022.jpg","datePublished":"2025-09-15T19:28:40+00:00","dateModified":"2025-09-17T09:39:39+00:00","breadcrumb":{"@id":"https:\/\/regions-snetap-fsu.fr\/pdl\/2025\/09\/15\/communique-le-conseil-regional-supprime-des-credits-pedagogiques-dans-lenseignement-agricole-public\/#breadcrumb"},"inLanguage":"fr-FR","potentialAction":[{"@type":"ReadAction","target":["https:\/\/regions-snetap-fsu.fr\/pdl\/2025\/09\/15\/communique-le-conseil-regional-supprime-des-credits-pedagogiques-dans-lenseignement-agricole-public\/"]}]},{"@type":"ImageObject","inLanguage":"fr-FR","@id":"https:\/\/regions-snetap-fsu.fr\/pdl\/2025\/09\/15\/communique-le-conseil-regional-supprime-des-credits-pedagogiques-dans-lenseignement-agricole-public\/#primaryimage","url":"https:\/\/regions-snetap-fsu.fr\/pdl\/wp-content\/uploads\/sites\/4\/2022\/09\/IMG-20220929-WA0022.jpg","contentUrl":"https:\/\/regions-snetap-fsu.fr\/pdl\/wp-content\/uploads\/sites\/4\/2022\/09\/IMG-20220929-WA0022.jpg","width":2048,"height":1152,"caption":"Action AEL 29\/09\/2022"},{"@type":"BreadcrumbList","@id":"https:\/\/regions-snetap-fsu.fr\/pdl\/2025\/09\/15\/communique-le-conseil-regional-supprime-des-credits-pedagogiques-dans-lenseignement-agricole-public\/#breadcrumb","itemListElement":[{"@type":"ListItem","position":1,"name":"Accueil","item":"https:\/\/regions-snetap-fsu.fr\/pdl\/"},{"@type":"ListItem","position":2,"name":"Communiqu\u00e9 : Le Conseil r\u00e9gional supprime des cr\u00e9dits p\u00e9dagogiques (PRADT) dans l\u2019enseignement agricole public"}]},{"@type":"WebSite","@id":"https:\/\/regions-snetap-fsu.fr\/pdl\/#website","url":"https:\/\/regions-snetap-fsu.fr\/pdl\/","name":"SNETAP-FSU PAYS DE LA LOIRE","description":"SECTION REGIONALE","publisher":{"@id":"https:\/\/regions-snetap-fsu.fr\/pdl\/#organization"},"potentialAction":[{"@type":"SearchAction","target":{"@type":"EntryPoint","urlTemplate":"https:\/\/regions-snetap-fsu.fr\/pdl\/?s={search_term_string}"},"query-input":{"@type":"PropertyValueSpecification","valueRequired":true,"valueName":"search_term_string"}}],"inLanguage":"fr-FR"},{"@type":"Organization","@id":"https:\/\/regions-snetap-fsu.fr\/pdl\/#organization","name":"SNETAP-FSU Pays de Loire","url":"https:\/\/regions-snetap-fsu.fr\/pdl\/","logo":{"@type":"ImageObject","inLanguage":"fr-FR","@id":"https:\/\/regions-snetap-fsu.fr\/pdl\/#\/schema\/logo\/image\/","url":"https:\/\/regions-snetap-fsu.fr\/pdl\/wp-content\/uploads\/sites\/4\/2020\/12\/SNETAP-Logo.jpg","contentUrl":"https:\/\/regions-snetap-fsu.fr\/pdl\/wp-content\/uploads\/sites\/4\/2020\/12\/SNETAP-Logo.jpg","width":464,"height":334,"caption":"SNETAP-FSU Pays de Loire"},"image":{"@id":"https:\/\/regions-snetap-fsu.fr\/pdl\/#\/schema\/logo\/image\/"}},{"@type":"Person","@id":"https:\/\/regions-snetap-fsu.fr\/pdl\/#\/schema\/person\/d4530af043f9e8d27bdd71c468ec93b1","name":"yvigner","image":{"@type":"ImageObject","inLanguage":"fr-FR","@id":"https:\/\/secure.gravatar.com\/avatar\/bc72baa6f2406549aecf77a837bc4f03dbe88472c1762138f868571430a23820?s=96&d=mm&r=g","url":"https:\/\/secure.gravatar.com\/avatar\/bc72baa6f2406549aecf77a837bc4f03dbe88472c1762138f868571430a23820?s=96&d=mm&r=g","contentUrl":"https:\/\/secure.gravatar.com\/avatar\/bc72baa6f2406549aecf77a837bc4f03dbe88472c1762138f868571430a23820?s=96&d=mm&r=g","caption":"yvigner"},"url":"https:\/\/regions-snetap-fsu.fr\/pdl\/author\/yvigner\/"}]}},"_links":{"self":[{"href":"https:\/\/regions-snetap-fsu.fr\/pdl\/wp-json\/wp\/v2\/posts\/5385","targetHints":{"allow":["GET"]}}],"collection":[{"href":"https:\/\/regions-snetap-fsu.fr\/pdl\/wp-json\/wp\/v2\/posts"}],"about":[{"href":"https:\/\/regions-snetap-fsu.fr\/pdl\/wp-json\/wp\/v2\/types\/post"}],"author":[{"embeddable":true,"href":"https:\/\/regions-snetap-fsu.fr\/pdl\/wp-json\/wp\/v2\/users\/2"}],"replies":[{"embeddable":true,"href":"https:\/\/regions-snetap-fsu.fr\/pdl\/wp-json\/wp\/v2\/comments?post=5385"}],"version-history":[{"count":2,"href":"https:\/\/regions-snetap-fsu.fr\/pdl\/wp-json\/wp\/v2\/posts\/5385\/revisions"}],"predecessor-version":[{"id":5392,"href":"https:\/\/regions-snetap-fsu.fr\/pdl\/wp-json\/wp\/v2\/posts\/5385\/revisions\/5392"}],"wp:featuredmedia":[{"embeddable":true,"href":"https:\/\/regions-snetap-fsu.fr\/pdl\/wp-json\/wp\/v2\/media\/4530"}],"wp:attachment":[{"href":"https:\/\/regions-snetap-fsu.fr\/pdl\/wp-json\/wp\/v2\/media?parent=5385"}],"wp:term":[{"taxonomy":"category","embeddable":true,"href":"https:\/\/regions-snetap-fsu.fr\/pdl\/wp-json\/wp\/v2\/categories?post=5385"},{"taxonomy":"post_tag","embeddable":true,"href":"https:\/\/regions-snetap-fsu.fr\/pdl\/wp-json\/wp\/v2\/tags?post=5385"},{"taxonomy":"post_folder","embeddable":true,"href":"https:\/\/regions-snetap-fsu.fr\/pdl\/wp-json\/wp\/v2\/post_folder?post=5385"}],"curies":[{"name":"wp","href":"https:\/\/api.w.org\/{rel}","templated":true}]}}