{"id":5337,"date":"2025-06-25T08:55:45","date_gmt":"2025-06-25T06:55:45","guid":{"rendered":"https:\/\/regions-snetap-fsu.fr\/pdl\/?p=5337"},"modified":"2025-06-25T09:00:01","modified_gmt":"2025-06-25T07:00:01","slug":"le-snetap-fsu-obtient-la-reconnaissance-de-la-mission-daesh-referent","status":"publish","type":"post","link":"https:\/\/regions-snetap-fsu.fr\/pdl\/2025\/06\/25\/le-snetap-fsu-obtient-la-reconnaissance-de-la-mission-daesh-referent\/","title":{"rendered":"Le SNETAP FSU obtient la reconnaissance de la mission d&rsquo;AESH r\u00e9f\u00e9rent !"},"content":{"rendered":"<div class=\"crayon article-chapo-9092 chapo surlignable crayon-init crayon-autorise\">\n<p style=\"text-align: justify;\">Alors que la mission d\u2019<a class=\"cs_glossaire\" href=\"https:\/\/www.snetap-fsu.fr\/+-AESH-+.html\" name=\"mot356_0\"><span class=\"gl_mot\">AESH<\/span><\/a> r\u00e9f\u00e9rent existe depuis 2019 \u00e0 l\u2019Education nationale, ce dispostif n\u2019existait toujours pas dans l\u2019enseignement agricole public. Les \u00e9lu.es Elan Commun du CSA REA des Pays de la Loire viennent d\u2019obtenir, suite aux travaux d\u2019un groupe de travail r\u00e9gional la reconnaissance, de la mission \u00e0 l\u2019\u00e9chelle r\u00e9gionale et ce pour 2 heures hebdomadaires.<\/p>\n<\/div>\n<div class=\"crayon article-texte-9092 texte surlignable clearfix crayon-init crayon-autorise crayon-hover\">\n<h3 class=\"spip\" style=\"text-align: justify;\">Le constat d\u2019un besoin d\u2019un travail collectif en faveur d\u2019une meilleure professionnalisation<\/h3>\n<p style=\"text-align: justify;\">C\u2019est la conception que nous avions d\u00e8s le d\u00e9part en r\u00e9fl\u00e9chissant au r\u00f4le d\u2019un\u00a0<a class=\"cs_glossaire\" href=\"https:\/\/www.snetap-fsu.fr\/+-AESH-+.html\" name=\"mot356_0\"><span class=\"gl_mot\">AESH<\/span><\/a>\u00a0r\u00e9f\u00e9rent dans l\u2019enseignement agricole public\u00a0: reconnaitre le besoin de collectif pour les\u00a0<a class=\"cs_glossaire\" href=\"https:\/\/www.snetap-fsu.fr\/+-bAESH-b-+.html\" name=\"mot357_1\"><span class=\"gl_mot\">AESH<\/span><\/a>&#8230;et am\u00e9liorer leurs conditions de prise de fonction, de travail au service de la mission d\u2019accompagnemennt qui leur est confi\u00e9e.<br class=\"autobr\" \/>Si \u00e0 l\u2019<a class=\"cs_glossaire\" href=\"https:\/\/www.snetap-fsu.fr\/+-EN-l-EN-+.html\" name=\"mot72_2\"><span class=\"gl_mot\">EN<\/span><\/a>, c\u2019est l\u2019\u00e9chelle des PIAL qui \u00e9tait retenue pour cette mission d\u2019AESH r\u00e9f\u00e9rent, dans l\u2019enseignement agricole c\u2019est l\u2019\u00e9chelle r\u00e9gionale qui semblait la plus pertinente. L\u2019id\u00e9e est clairement de constituer et d\u2019animer un r\u00e9seau des AESH \u00e0 l\u2019\u00e9chelle d\u2019une r\u00e9gion. Un r\u00e9seau anim\u00e9 par le.a r\u00e9f\u00e9rent.e r\u00e9gional.e. Comme d\u2019autres r\u00e9seaux th\u00e9matiques ou disciplinaires, les objectifs d\u2019un tel r\u00e9seau sont d\u2019accueillir les nouveaux coll\u00e8gues, de recueillir les besoins en formation, d\u2019organiser des \u00e9changes de pratiques, de les guider dans la recherche d\u2019informations administratives. Le r\u00e9f\u00e9rent restant, surtout, un AESH qui accompagne des \u00e9l\u00e8ves \u00e0 besoin particulier\u00a0: un.e pair.e expert.e<\/p>\n<h3 class=\"spip\" style=\"text-align: justify;\">Un outil pour les AESH\u00a0: le VADEMECUM r\u00e9gional<\/h3>\n<p style=\"text-align: justify;\">Le GT du CSA REA compos\u00e9 de repr\u00e9sentant.es du\u00a0<a class=\"cs_glossaire\" href=\"https:\/\/www.snetap-fsu.fr\/+-SRFD-+.html\" name=\"mot148_3\"><span class=\"gl_mot\">SRFD<\/span><\/a>, des D1, des\u00a0<a class=\"cs_glossaire\" href=\"https:\/\/www.snetap-fsu.fr\/+-bSG-b-+.html\" name=\"mot279_4\"><span class=\"gl_mot\">SG<\/span><\/a>, d\u2019AESH et d\u2019\u00e9lu.es du CSA REA a aussi r\u00e9dig\u00e9 un vademecum (un guide des accompagnant.es des \u00e9l\u00e8ves en situation de handicap), comme cela existe dans toutes les acad\u00e9mies \u00e0\u00a0<a class=\"cs_glossaire\" href=\"https:\/\/www.snetap-fsu.fr\/+-EN-l-EN-+.html\" name=\"mot72_5\"><span class=\"gl_mot\">l\u2019EN<\/span><\/a>, pour les AESH lig\u00e9rien.nes de l\u2019enseignement agricole public. Ce document (de plus de 70 pages), n\u2019a pas de valeur r\u00e9glementaire mais il recense toutes les informations n\u00e9cessaires pour aborder le m\u00e9tier d\u2019AESH (informations pratiques, textes r\u00e9glementaires de r\u00e9f\u00e9rence, pr\u00e9sentation des missions de chacun dans un\u00a0<a class=\"cs_glossaire\" href=\"https:\/\/www.snetap-fsu.fr\/+-EPL-+.html\" name=\"mot79_6\"><span class=\"gl_mot\">EPL<\/span><\/a>&#8230;). Son but\u00a0? Etre une boite \u00e0 outil (facilement mise \u00e0 jour) pour les AESH. Document valid\u00e9 et travaill\u00e9 avec l\u2019administration, il a vocation \u00e0 \u00eatre imprim\u00e9 dans les lyc\u00e9es et diffus\u00e9 \u00e0 tous les AESH de la r\u00e9gion.<\/p>\n<h3 class=\"spip\" style=\"text-align: justify;\">Voici quelques \u00e9l\u00e9ments qui pourraient constituer la fiche de poste de l\u2019AESH r\u00e9f\u00e9rent r\u00e9gional<\/h3>\n<p style=\"text-align: justify;\">L\u2019AESH r\u00e9f\u00e9rent dispose d\u2019une lettre de mission qui pr\u00e9cise ses priorit\u00e9s d\u2019action. Il assure une fonction d\u2019accompagnant des \u00e9l\u00e8ves et des AESH.<\/p>\n<p style=\"text-align: justify;\">Sous la responsabilit\u00e9 du SRFD il assure une fonction de personne ressource\u00a0:<\/p>\n<p style=\"text-align: justify;\">\u2022 Aupr\u00e8s des AESH\u00a0:<\/p>\n<ul class=\"spip\" style=\"text-align: justify;\" role=\"list\">\n<li>\u00a0en apportant un appui m\u00e9thodologique aux accompagnants d\u2019\u00e9l\u00e8ves en situation de handicap ainsi qu\u2019un soutien sp\u00e9cifique \u00e0 ceux nouvellement recrut\u00e9s\u00a0;<\/li>\n<li>\u00a0en contribuant aux travaux conduits \u00e0 l\u2019\u00e9chelon r\u00e9gional en vue de capitaliser les bonnes pratiques et outils en mati\u00e8re d\u2019accompagnement d\u2019\u00e9l\u00e8ves en situation de handicap\u00a0;<\/li>\n<li>\u00a0en \u00e9tant vecteur de communication entre la\u00a0<a class=\"cs_glossaire\" href=\"https:\/\/www.snetap-fsu.fr\/+-DGER-+.html\" name=\"mot63_7\"><span class=\"gl_mot\">DGER<\/span><\/a>\u00a0et le SRFD et les AESH (via un dossier RESANA, liste de diffusion, diffusion du VADEMECUM\u2026)<\/li>\n<li>\u00a0en organisant une journ\u00e9e annuelle d\u2019\u00e9changes de pratiques<\/li>\n<\/ul>\n<p style=\"text-align: justify;\">\u2022 Aupr\u00e8s du SRFD\u00a0:<\/p>\n<ul class=\"spip\" style=\"text-align: justify;\" role=\"list\">\n<li>\u00a0en contribuant au recueil d\u2019informations relatives \u00e0 l\u2019accompagnement des \u00e9l\u00e8ves au sein des \u00e9tablissements par les AESH<\/li>\n<li>\u00a0en recueillant les besoins de formation des AESH<\/li>\n<\/ul>\n<p style=\"text-align: justify;\">PROFIL<br class=\"autobr\" \/>L\u2019AESH r\u00e9f\u00e9rent est un pair exp\u00e9riment\u00e9 des AESH qui a une triple mission\u00a0: accompagnement des \u00e9l\u00e8ves, accompagnement des AESH, aide aupr\u00e8s du SRFD.<\/p>\n<p style=\"text-align: justify;\">MISSIONS<br class=\"autobr\" \/>\u2022 Accompagner les \u00e9l\u00e8ves en situation de handicap<br class=\"autobr\" \/>\u2022 Apporter une aide professionnelle et technique relative aux missions des AESH\u00a0; contribuer, lorsque n\u00e9cessaire, \u00e0 la compr\u00e9hension de situations<br class=\"autobr\" \/>\u2022 Accompagner de mani\u00e8re ponctuelle ou suivie les AESH nouvellement nomm\u00e9s<br class=\"autobr\" \/>\u2022 Soutenir les AESH en difficult\u00e9 par du tutorat par exemple<br class=\"autobr\" \/>\u2022 Contribuer \u00e0 l\u2019appropriation de gestes, postures et outils professionnels<br class=\"autobr\" \/>\u2022 Participer \u00e0 la formation continue et modulaire des AESH en apportant un t\u00e9moignage d\u2019exp\u00e9rience<br class=\"autobr\" \/>\u2022 Relayer les besoins sp\u00e9cifiques de formation des AESH<\/p>\n<p><img fetchpriority=\"high\" decoding=\"async\" class=\"alignnone size-full wp-image-5338\" src=\"https:\/\/regions-snetap-fsu.fr\/pdl\/wp-content\/uploads\/sites\/4\/2025\/06\/FROUIN-pdll-AESH-.jpg\" alt=\"\" width=\"1754\" height=\"1240\" srcset=\"https:\/\/regions-snetap-fsu.fr\/pdl\/wp-content\/uploads\/sites\/4\/2025\/06\/FROUIN-pdll-AESH-.jpg 1754w, https:\/\/regions-snetap-fsu.fr\/pdl\/wp-content\/uploads\/sites\/4\/2025\/06\/FROUIN-pdll-AESH--300x212.jpg 300w, https:\/\/regions-snetap-fsu.fr\/pdl\/wp-content\/uploads\/sites\/4\/2025\/06\/FROUIN-pdll-AESH--1024x724.jpg 1024w, https:\/\/regions-snetap-fsu.fr\/pdl\/wp-content\/uploads\/sites\/4\/2025\/06\/FROUIN-pdll-AESH--768x543.jpg 768w, https:\/\/regions-snetap-fsu.fr\/pdl\/wp-content\/uploads\/sites\/4\/2025\/06\/FROUIN-pdll-AESH--1536x1086.jpg 1536w\" sizes=\"(max-width: 1754px) 100vw, 1754px\" \/><\/p>\n<\/div>\n<p>&nbsp;<\/p>\n","protected":false},"excerpt":{"rendered":"<p>Alors que la mission d\u2019AESH r\u00e9f\u00e9rent existe depuis 2019 \u00e0 l\u2019Education nationale, ce dispostif n\u2019existait toujours pas dans l\u2019enseignement agricole public. Les \u00e9lu.es Elan Commun du CSA REA des Pays de la Loire viennent d\u2019obtenir, suite aux travaux d\u2019un groupe de travail r\u00e9gional la reconnaissance, de la mission \u00e0 l\u2019\u00e9chelle r\u00e9gionale et ce pour 2 [&hellip;]<\/p>\n","protected":false},"author":2,"featured_media":0,"comment_status":"closed","ping_status":"closed","sticky":false,"template":"","format":"standard","meta":{"ocean_post_layout":"","ocean_both_sidebars_style":"","ocean_both_sidebars_content_width":0,"ocean_both_sidebars_sidebars_width":0,"ocean_sidebar":"0","ocean_second_sidebar":"0","ocean_disable_margins":"enable","ocean_add_body_class":"","ocean_shortcode_before_top_bar":"","ocean_shortcode_after_top_bar":"","ocean_shortcode_before_header":"","ocean_shortcode_after_header":"","ocean_has_shortcode":"","ocean_shortcode_after_title":"","ocean_shortcode_before_footer_widgets":"","ocean_shortcode_after_footer_widgets":"","ocean_shortcode_before_footer_bottom":"","ocean_shortcode_after_footer_bottom":"","ocean_display_top_bar":"default","ocean_display_header":"default","ocean_header_style":"","ocean_center_header_left_menu":"0","ocean_custom_header_template":"0","ocean_custom_logo":0,"ocean_custom_retina_logo":0,"ocean_custom_logo_max_width":0,"ocean_custom_logo_tablet_max_width":0,"ocean_custom_logo_mobile_max_width":0,"ocean_custom_logo_max_height":0,"ocean_custom_logo_tablet_max_height":0,"ocean_custom_logo_mobile_max_height":0,"ocean_header_custom_menu":"0","ocean_menu_typo_font_family":"0","ocean_menu_typo_font_subset":"","ocean_menu_typo_font_size":0,"ocean_menu_typo_font_size_tablet":0,"ocean_menu_typo_font_size_mobile":0,"ocean_menu_typo_font_size_unit":"px","ocean_menu_typo_font_weight":"","ocean_menu_typo_font_weight_tablet":"","ocean_menu_typo_font_weight_mobile":"","ocean_menu_typo_transform":"","ocean_menu_typo_transform_tablet":"","ocean_menu_typo_transform_mobile":"","ocean_menu_typo_line_height":0,"ocean_menu_typo_line_height_tablet":0,"ocean_menu_typo_line_height_mobile":0,"ocean_menu_typo_line_height_unit":"","ocean_menu_typo_spacing":0,"ocean_menu_typo_spacing_tablet":0,"ocean_menu_typo_spacing_mobile":0,"ocean_menu_typo_spacing_unit":"","ocean_menu_link_color":"","ocean_menu_link_color_hover":"","ocean_menu_link_color_active":"","ocean_menu_link_background":"","ocean_menu_link_hover_background":"","ocean_menu_link_active_background":"","ocean_menu_social_links_bg":"","ocean_menu_social_hover_links_bg":"","ocean_menu_social_links_color":"","ocean_menu_social_hover_links_color":"","ocean_disable_title":"default","ocean_disable_heading":"default","ocean_post_title":"","ocean_post_subheading":"","ocean_post_title_style":"","ocean_post_title_background_color":"","ocean_post_title_background":0,"ocean_post_title_bg_image_position":"","ocean_post_title_bg_image_attachment":"","ocean_post_title_bg_image_repeat":"","ocean_post_title_bg_image_size":"","ocean_post_title_height":0,"ocean_post_title_bg_overlay":0.5,"ocean_post_title_bg_overlay_color":"","ocean_disable_breadcrumbs":"default","ocean_breadcrumbs_color":"","ocean_breadcrumbs_separator_color":"","ocean_breadcrumbs_links_color":"","ocean_breadcrumbs_links_hover_color":"","ocean_display_footer_widgets":"default","ocean_display_footer_bottom":"default","ocean_custom_footer_template":"0","ocean_post_oembed":"","ocean_post_self_hosted_media":"","ocean_post_video_embed":"","ocean_link_format":"","ocean_link_format_target":"self","ocean_quote_format":"","ocean_quote_format_link":"post","ocean_gallery_link_images":"on","ocean_gallery_id":[],"footnotes":""},"categories":[37],"tags":[],"post_folder":[],"class_list":["post-5337","post","type-post","status-publish","format-standard","hentry","category-aesh","entry"],"yoast_head":"<!-- This site is optimized with the Yoast SEO plugin v27.4 - https:\/\/yoast.com\/product\/yoast-seo-wordpress\/ -->\n<title>Le SNETAP FSU obtient la reconnaissance de la mission d&#039;AESH r\u00e9f\u00e9rent ! - PAYS DE LA LOIRE<\/title>\n<meta name=\"robots\" content=\"index, follow, max-snippet:-1, max-image-preview:large, max-video-preview:-1\" \/>\n<link rel=\"canonical\" href=\"https:\/\/regions-snetap-fsu.fr\/pdl\/2025\/06\/25\/le-snetap-fsu-obtient-la-reconnaissance-de-la-mission-daesh-referent\/\" \/>\n<meta property=\"og:locale\" content=\"fr_FR\" \/>\n<meta property=\"og:type\" content=\"article\" \/>\n<meta property=\"og:title\" content=\"Le SNETAP FSU obtient la reconnaissance de la mission d&#039;AESH r\u00e9f\u00e9rent ! - PAYS DE LA LOIRE\" \/>\n<meta property=\"og:description\" content=\"Alors que la mission d\u2019AESH r\u00e9f\u00e9rent existe depuis 2019 \u00e0 l\u2019Education nationale, ce dispostif n\u2019existait toujours pas dans l\u2019enseignement agricole public. Les \u00e9lu.es Elan Commun du CSA REA des Pays de la Loire viennent d\u2019obtenir, suite aux travaux d\u2019un groupe de travail r\u00e9gional la reconnaissance, de la mission \u00e0 l\u2019\u00e9chelle r\u00e9gionale et ce pour 2 [&hellip;]\" \/>\n<meta property=\"og:url\" content=\"https:\/\/regions-snetap-fsu.fr\/pdl\/2025\/06\/25\/le-snetap-fsu-obtient-la-reconnaissance-de-la-mission-daesh-referent\/\" \/>\n<meta property=\"og:site_name\" content=\"PAYS DE LA LOIRE\" \/>\n<meta property=\"article:published_time\" content=\"2025-06-25T06:55:45+00:00\" \/>\n<meta property=\"article:modified_time\" content=\"2025-06-25T07:00:01+00:00\" \/>\n<meta property=\"og:image\" content=\"https:\/\/regions-snetap-fsu.fr\/pdl\/wp-content\/uploads\/sites\/4\/2025\/06\/FROUIN-pdll-AESH-.jpg\" \/>\n\t<meta property=\"og:image:width\" content=\"1754\" \/>\n\t<meta property=\"og:image:height\" content=\"1240\" \/>\n\t<meta property=\"og:image:type\" content=\"image\/jpeg\" \/>\n<meta name=\"author\" content=\"yvigner\" \/>\n<meta name=\"twitter:card\" content=\"summary_large_image\" \/>\n<meta name=\"twitter:label1\" content=\"\u00c9crit par\" \/>\n\t<meta name=\"twitter:data1\" content=\"yvigner\" \/>\n\t<meta name=\"twitter:label2\" content=\"Dur\u00e9e de lecture estim\u00e9e\" \/>\n\t<meta name=\"twitter:data2\" content=\"4 minutes\" \/>\n<script type=\"application\/ld+json\" class=\"yoast-schema-graph\">{\"@context\":\"https:\\\/\\\/schema.org\",\"@graph\":[{\"@type\":\"Article\",\"@id\":\"https:\\\/\\\/regions-snetap-fsu.fr\\\/pdl\\\/2025\\\/06\\\/25\\\/le-snetap-fsu-obtient-la-reconnaissance-de-la-mission-daesh-referent\\\/#article\",\"isPartOf\":{\"@id\":\"https:\\\/\\\/regions-snetap-fsu.fr\\\/pdl\\\/2025\\\/06\\\/25\\\/le-snetap-fsu-obtient-la-reconnaissance-de-la-mission-daesh-referent\\\/\"},\"author\":{\"name\":\"yvigner\",\"@id\":\"https:\\\/\\\/regions-snetap-fsu.fr\\\/pdl\\\/#\\\/schema\\\/person\\\/d4530af043f9e8d27bdd71c468ec93b1\"},\"headline\":\"Le SNETAP FSU obtient la reconnaissance de la mission d&rsquo;AESH r\u00e9f\u00e9rent !\",\"datePublished\":\"2025-06-25T06:55:45+00:00\",\"dateModified\":\"2025-06-25T07:00:01+00:00\",\"mainEntityOfPage\":{\"@id\":\"https:\\\/\\\/regions-snetap-fsu.fr\\\/pdl\\\/2025\\\/06\\\/25\\\/le-snetap-fsu-obtient-la-reconnaissance-de-la-mission-daesh-referent\\\/\"},\"wordCount\":747,\"publisher\":{\"@id\":\"https:\\\/\\\/regions-snetap-fsu.fr\\\/pdl\\\/#organization\"},\"image\":{\"@id\":\"https:\\\/\\\/regions-snetap-fsu.fr\\\/pdl\\\/2025\\\/06\\\/25\\\/le-snetap-fsu-obtient-la-reconnaissance-de-la-mission-daesh-referent\\\/#primaryimage\"},\"thumbnailUrl\":\"https:\\\/\\\/regions-snetap-fsu.fr\\\/pdl\\\/wp-content\\\/uploads\\\/sites\\\/4\\\/2025\\\/06\\\/FROUIN-pdll-AESH-.jpg\",\"articleSection\":[\"AESH\"],\"inLanguage\":\"fr-FR\"},{\"@type\":\"WebPage\",\"@id\":\"https:\\\/\\\/regions-snetap-fsu.fr\\\/pdl\\\/2025\\\/06\\\/25\\\/le-snetap-fsu-obtient-la-reconnaissance-de-la-mission-daesh-referent\\\/\",\"url\":\"https:\\\/\\\/regions-snetap-fsu.fr\\\/pdl\\\/2025\\\/06\\\/25\\\/le-snetap-fsu-obtient-la-reconnaissance-de-la-mission-daesh-referent\\\/\",\"name\":\"Le SNETAP FSU obtient la reconnaissance de la mission d'AESH r\u00e9f\u00e9rent ! - PAYS DE LA LOIRE\",\"isPartOf\":{\"@id\":\"https:\\\/\\\/regions-snetap-fsu.fr\\\/pdl\\\/#website\"},\"primaryImageOfPage\":{\"@id\":\"https:\\\/\\\/regions-snetap-fsu.fr\\\/pdl\\\/2025\\\/06\\\/25\\\/le-snetap-fsu-obtient-la-reconnaissance-de-la-mission-daesh-referent\\\/#primaryimage\"},\"image\":{\"@id\":\"https:\\\/\\\/regions-snetap-fsu.fr\\\/pdl\\\/2025\\\/06\\\/25\\\/le-snetap-fsu-obtient-la-reconnaissance-de-la-mission-daesh-referent\\\/#primaryimage\"},\"thumbnailUrl\":\"https:\\\/\\\/regions-snetap-fsu.fr\\\/pdl\\\/wp-content\\\/uploads\\\/sites\\\/4\\\/2025\\\/06\\\/FROUIN-pdll-AESH-.jpg\",\"datePublished\":\"2025-06-25T06:55:45+00:00\",\"dateModified\":\"2025-06-25T07:00:01+00:00\",\"breadcrumb\":{\"@id\":\"https:\\\/\\\/regions-snetap-fsu.fr\\\/pdl\\\/2025\\\/06\\\/25\\\/le-snetap-fsu-obtient-la-reconnaissance-de-la-mission-daesh-referent\\\/#breadcrumb\"},\"inLanguage\":\"fr-FR\",\"potentialAction\":[{\"@type\":\"ReadAction\",\"target\":[\"https:\\\/\\\/regions-snetap-fsu.fr\\\/pdl\\\/2025\\\/06\\\/25\\\/le-snetap-fsu-obtient-la-reconnaissance-de-la-mission-daesh-referent\\\/\"]}]},{\"@type\":\"ImageObject\",\"inLanguage\":\"fr-FR\",\"@id\":\"https:\\\/\\\/regions-snetap-fsu.fr\\\/pdl\\\/2025\\\/06\\\/25\\\/le-snetap-fsu-obtient-la-reconnaissance-de-la-mission-daesh-referent\\\/#primaryimage\",\"url\":\"https:\\\/\\\/regions-snetap-fsu.fr\\\/pdl\\\/wp-content\\\/uploads\\\/sites\\\/4\\\/2025\\\/06\\\/FROUIN-pdll-AESH-.jpg\",\"contentUrl\":\"https:\\\/\\\/regions-snetap-fsu.fr\\\/pdl\\\/wp-content\\\/uploads\\\/sites\\\/4\\\/2025\\\/06\\\/FROUIN-pdll-AESH-.jpg\",\"width\":1754,\"height\":1240},{\"@type\":\"BreadcrumbList\",\"@id\":\"https:\\\/\\\/regions-snetap-fsu.fr\\\/pdl\\\/2025\\\/06\\\/25\\\/le-snetap-fsu-obtient-la-reconnaissance-de-la-mission-daesh-referent\\\/#breadcrumb\",\"itemListElement\":[{\"@type\":\"ListItem\",\"position\":1,\"name\":\"Accueil\",\"item\":\"https:\\\/\\\/regions-snetap-fsu.fr\\\/pdl\\\/\"},{\"@type\":\"ListItem\",\"position\":2,\"name\":\"Le SNETAP FSU obtient la reconnaissance de la mission d&rsquo;AESH r\u00e9f\u00e9rent !\"}]},{\"@type\":\"WebSite\",\"@id\":\"https:\\\/\\\/regions-snetap-fsu.fr\\\/pdl\\\/#website\",\"url\":\"https:\\\/\\\/regions-snetap-fsu.fr\\\/pdl\\\/\",\"name\":\"SNETAP-FSU PAYS DE LA LOIRE\",\"description\":\"SECTION REGIONALE\",\"publisher\":{\"@id\":\"https:\\\/\\\/regions-snetap-fsu.fr\\\/pdl\\\/#organization\"},\"potentialAction\":[{\"@type\":\"SearchAction\",\"target\":{\"@type\":\"EntryPoint\",\"urlTemplate\":\"https:\\\/\\\/regions-snetap-fsu.fr\\\/pdl\\\/?s={search_term_string}\"},\"query-input\":{\"@type\":\"PropertyValueSpecification\",\"valueRequired\":true,\"valueName\":\"search_term_string\"}}],\"inLanguage\":\"fr-FR\"},{\"@type\":\"Organization\",\"@id\":\"https:\\\/\\\/regions-snetap-fsu.fr\\\/pdl\\\/#organization\",\"name\":\"SNETAP-FSU Pays de Loire\",\"url\":\"https:\\\/\\\/regions-snetap-fsu.fr\\\/pdl\\\/\",\"logo\":{\"@type\":\"ImageObject\",\"inLanguage\":\"fr-FR\",\"@id\":\"https:\\\/\\\/regions-snetap-fsu.fr\\\/pdl\\\/#\\\/schema\\\/logo\\\/image\\\/\",\"url\":\"https:\\\/\\\/regions-snetap-fsu.fr\\\/pdl\\\/wp-content\\\/uploads\\\/sites\\\/4\\\/2020\\\/12\\\/SNETAP-Logo.jpg\",\"contentUrl\":\"https:\\\/\\\/regions-snetap-fsu.fr\\\/pdl\\\/wp-content\\\/uploads\\\/sites\\\/4\\\/2020\\\/12\\\/SNETAP-Logo.jpg\",\"width\":464,\"height\":334,\"caption\":\"SNETAP-FSU Pays de Loire\"},\"image\":{\"@id\":\"https:\\\/\\\/regions-snetap-fsu.fr\\\/pdl\\\/#\\\/schema\\\/logo\\\/image\\\/\"}},{\"@type\":\"Person\",\"@id\":\"https:\\\/\\\/regions-snetap-fsu.fr\\\/pdl\\\/#\\\/schema\\\/person\\\/d4530af043f9e8d27bdd71c468ec93b1\",\"name\":\"yvigner\",\"image\":{\"@type\":\"ImageObject\",\"inLanguage\":\"fr-FR\",\"@id\":\"https:\\\/\\\/secure.gravatar.com\\\/avatar\\\/bc72baa6f2406549aecf77a837bc4f03dbe88472c1762138f868571430a23820?s=96&d=mm&r=g\",\"url\":\"https:\\\/\\\/secure.gravatar.com\\\/avatar\\\/bc72baa6f2406549aecf77a837bc4f03dbe88472c1762138f868571430a23820?s=96&d=mm&r=g\",\"contentUrl\":\"https:\\\/\\\/secure.gravatar.com\\\/avatar\\\/bc72baa6f2406549aecf77a837bc4f03dbe88472c1762138f868571430a23820?s=96&d=mm&r=g\",\"caption\":\"yvigner\"},\"url\":\"https:\\\/\\\/regions-snetap-fsu.fr\\\/pdl\\\/author\\\/yvigner\\\/\"}]}<\/script>\n<!-- \/ Yoast SEO plugin. -->","yoast_head_json":{"title":"Le SNETAP FSU obtient la reconnaissance de la mission d'AESH r\u00e9f\u00e9rent ! - PAYS DE LA LOIRE","robots":{"index":"index","follow":"follow","max-snippet":"max-snippet:-1","max-image-preview":"max-image-preview:large","max-video-preview":"max-video-preview:-1"},"canonical":"https:\/\/regions-snetap-fsu.fr\/pdl\/2025\/06\/25\/le-snetap-fsu-obtient-la-reconnaissance-de-la-mission-daesh-referent\/","og_locale":"fr_FR","og_type":"article","og_title":"Le SNETAP FSU obtient la reconnaissance de la mission d'AESH r\u00e9f\u00e9rent ! - PAYS DE LA LOIRE","og_description":"Alors que la mission d\u2019AESH r\u00e9f\u00e9rent existe depuis 2019 \u00e0 l\u2019Education nationale, ce dispostif n\u2019existait toujours pas dans l\u2019enseignement agricole public. Les \u00e9lu.es Elan Commun du CSA REA des Pays de la Loire viennent d\u2019obtenir, suite aux travaux d\u2019un groupe de travail r\u00e9gional la reconnaissance, de la mission \u00e0 l\u2019\u00e9chelle r\u00e9gionale et ce pour 2 [&hellip;]","og_url":"https:\/\/regions-snetap-fsu.fr\/pdl\/2025\/06\/25\/le-snetap-fsu-obtient-la-reconnaissance-de-la-mission-daesh-referent\/","og_site_name":"PAYS DE LA LOIRE","article_published_time":"2025-06-25T06:55:45+00:00","article_modified_time":"2025-06-25T07:00:01+00:00","og_image":[{"width":1754,"height":1240,"url":"https:\/\/regions-snetap-fsu.fr\/pdl\/wp-content\/uploads\/sites\/4\/2025\/06\/FROUIN-pdll-AESH-.jpg","type":"image\/jpeg"}],"author":"yvigner","twitter_card":"summary_large_image","twitter_misc":{"\u00c9crit par":"yvigner","Dur\u00e9e de lecture estim\u00e9e":"4 minutes"},"schema":{"@context":"https:\/\/schema.org","@graph":[{"@type":"Article","@id":"https:\/\/regions-snetap-fsu.fr\/pdl\/2025\/06\/25\/le-snetap-fsu-obtient-la-reconnaissance-de-la-mission-daesh-referent\/#article","isPartOf":{"@id":"https:\/\/regions-snetap-fsu.fr\/pdl\/2025\/06\/25\/le-snetap-fsu-obtient-la-reconnaissance-de-la-mission-daesh-referent\/"},"author":{"name":"yvigner","@id":"https:\/\/regions-snetap-fsu.fr\/pdl\/#\/schema\/person\/d4530af043f9e8d27bdd71c468ec93b1"},"headline":"Le SNETAP FSU obtient la reconnaissance de la mission d&rsquo;AESH r\u00e9f\u00e9rent !","datePublished":"2025-06-25T06:55:45+00:00","dateModified":"2025-06-25T07:00:01+00:00","mainEntityOfPage":{"@id":"https:\/\/regions-snetap-fsu.fr\/pdl\/2025\/06\/25\/le-snetap-fsu-obtient-la-reconnaissance-de-la-mission-daesh-referent\/"},"wordCount":747,"publisher":{"@id":"https:\/\/regions-snetap-fsu.fr\/pdl\/#organization"},"image":{"@id":"https:\/\/regions-snetap-fsu.fr\/pdl\/2025\/06\/25\/le-snetap-fsu-obtient-la-reconnaissance-de-la-mission-daesh-referent\/#primaryimage"},"thumbnailUrl":"https:\/\/regions-snetap-fsu.fr\/pdl\/wp-content\/uploads\/sites\/4\/2025\/06\/FROUIN-pdll-AESH-.jpg","articleSection":["AESH"],"inLanguage":"fr-FR"},{"@type":"WebPage","@id":"https:\/\/regions-snetap-fsu.fr\/pdl\/2025\/06\/25\/le-snetap-fsu-obtient-la-reconnaissance-de-la-mission-daesh-referent\/","url":"https:\/\/regions-snetap-fsu.fr\/pdl\/2025\/06\/25\/le-snetap-fsu-obtient-la-reconnaissance-de-la-mission-daesh-referent\/","name":"Le SNETAP FSU obtient la reconnaissance de la mission d'AESH r\u00e9f\u00e9rent ! - PAYS DE LA LOIRE","isPartOf":{"@id":"https:\/\/regions-snetap-fsu.fr\/pdl\/#website"},"primaryImageOfPage":{"@id":"https:\/\/regions-snetap-fsu.fr\/pdl\/2025\/06\/25\/le-snetap-fsu-obtient-la-reconnaissance-de-la-mission-daesh-referent\/#primaryimage"},"image":{"@id":"https:\/\/regions-snetap-fsu.fr\/pdl\/2025\/06\/25\/le-snetap-fsu-obtient-la-reconnaissance-de-la-mission-daesh-referent\/#primaryimage"},"thumbnailUrl":"https:\/\/regions-snetap-fsu.fr\/pdl\/wp-content\/uploads\/sites\/4\/2025\/06\/FROUIN-pdll-AESH-.jpg","datePublished":"2025-06-25T06:55:45+00:00","dateModified":"2025-06-25T07:00:01+00:00","breadcrumb":{"@id":"https:\/\/regions-snetap-fsu.fr\/pdl\/2025\/06\/25\/le-snetap-fsu-obtient-la-reconnaissance-de-la-mission-daesh-referent\/#breadcrumb"},"inLanguage":"fr-FR","potentialAction":[{"@type":"ReadAction","target":["https:\/\/regions-snetap-fsu.fr\/pdl\/2025\/06\/25\/le-snetap-fsu-obtient-la-reconnaissance-de-la-mission-daesh-referent\/"]}]},{"@type":"ImageObject","inLanguage":"fr-FR","@id":"https:\/\/regions-snetap-fsu.fr\/pdl\/2025\/06\/25\/le-snetap-fsu-obtient-la-reconnaissance-de-la-mission-daesh-referent\/#primaryimage","url":"https:\/\/regions-snetap-fsu.fr\/pdl\/wp-content\/uploads\/sites\/4\/2025\/06\/FROUIN-pdll-AESH-.jpg","contentUrl":"https:\/\/regions-snetap-fsu.fr\/pdl\/wp-content\/uploads\/sites\/4\/2025\/06\/FROUIN-pdll-AESH-.jpg","width":1754,"height":1240},{"@type":"BreadcrumbList","@id":"https:\/\/regions-snetap-fsu.fr\/pdl\/2025\/06\/25\/le-snetap-fsu-obtient-la-reconnaissance-de-la-mission-daesh-referent\/#breadcrumb","itemListElement":[{"@type":"ListItem","position":1,"name":"Accueil","item":"https:\/\/regions-snetap-fsu.fr\/pdl\/"},{"@type":"ListItem","position":2,"name":"Le SNETAP FSU obtient la reconnaissance de la mission d&rsquo;AESH r\u00e9f\u00e9rent !"}]},{"@type":"WebSite","@id":"https:\/\/regions-snetap-fsu.fr\/pdl\/#website","url":"https:\/\/regions-snetap-fsu.fr\/pdl\/","name":"SNETAP-FSU PAYS DE LA LOIRE","description":"SECTION REGIONALE","publisher":{"@id":"https:\/\/regions-snetap-fsu.fr\/pdl\/#organization"},"potentialAction":[{"@type":"SearchAction","target":{"@type":"EntryPoint","urlTemplate":"https:\/\/regions-snetap-fsu.fr\/pdl\/?s={search_term_string}"},"query-input":{"@type":"PropertyValueSpecification","valueRequired":true,"valueName":"search_term_string"}}],"inLanguage":"fr-FR"},{"@type":"Organization","@id":"https:\/\/regions-snetap-fsu.fr\/pdl\/#organization","name":"SNETAP-FSU Pays de Loire","url":"https:\/\/regions-snetap-fsu.fr\/pdl\/","logo":{"@type":"ImageObject","inLanguage":"fr-FR","@id":"https:\/\/regions-snetap-fsu.fr\/pdl\/#\/schema\/logo\/image\/","url":"https:\/\/regions-snetap-fsu.fr\/pdl\/wp-content\/uploads\/sites\/4\/2020\/12\/SNETAP-Logo.jpg","contentUrl":"https:\/\/regions-snetap-fsu.fr\/pdl\/wp-content\/uploads\/sites\/4\/2020\/12\/SNETAP-Logo.jpg","width":464,"height":334,"caption":"SNETAP-FSU Pays de Loire"},"image":{"@id":"https:\/\/regions-snetap-fsu.fr\/pdl\/#\/schema\/logo\/image\/"}},{"@type":"Person","@id":"https:\/\/regions-snetap-fsu.fr\/pdl\/#\/schema\/person\/d4530af043f9e8d27bdd71c468ec93b1","name":"yvigner","image":{"@type":"ImageObject","inLanguage":"fr-FR","@id":"https:\/\/secure.gravatar.com\/avatar\/bc72baa6f2406549aecf77a837bc4f03dbe88472c1762138f868571430a23820?s=96&d=mm&r=g","url":"https:\/\/secure.gravatar.com\/avatar\/bc72baa6f2406549aecf77a837bc4f03dbe88472c1762138f868571430a23820?s=96&d=mm&r=g","contentUrl":"https:\/\/secure.gravatar.com\/avatar\/bc72baa6f2406549aecf77a837bc4f03dbe88472c1762138f868571430a23820?s=96&d=mm&r=g","caption":"yvigner"},"url":"https:\/\/regions-snetap-fsu.fr\/pdl\/author\/yvigner\/"}]}},"_links":{"self":[{"href":"https:\/\/regions-snetap-fsu.fr\/pdl\/wp-json\/wp\/v2\/posts\/5337","targetHints":{"allow":["GET"]}}],"collection":[{"href":"https:\/\/regions-snetap-fsu.fr\/pdl\/wp-json\/wp\/v2\/posts"}],"about":[{"href":"https:\/\/regions-snetap-fsu.fr\/pdl\/wp-json\/wp\/v2\/types\/post"}],"author":[{"embeddable":true,"href":"https:\/\/regions-snetap-fsu.fr\/pdl\/wp-json\/wp\/v2\/users\/2"}],"replies":[{"embeddable":true,"href":"https:\/\/regions-snetap-fsu.fr\/pdl\/wp-json\/wp\/v2\/comments?post=5337"}],"version-history":[{"count":3,"href":"https:\/\/regions-snetap-fsu.fr\/pdl\/wp-json\/wp\/v2\/posts\/5337\/revisions"}],"predecessor-version":[{"id":5341,"href":"https:\/\/regions-snetap-fsu.fr\/pdl\/wp-json\/wp\/v2\/posts\/5337\/revisions\/5341"}],"wp:attachment":[{"href":"https:\/\/regions-snetap-fsu.fr\/pdl\/wp-json\/wp\/v2\/media?parent=5337"}],"wp:term":[{"taxonomy":"category","embeddable":true,"href":"https:\/\/regions-snetap-fsu.fr\/pdl\/wp-json\/wp\/v2\/categories?post=5337"},{"taxonomy":"post_tag","embeddable":true,"href":"https:\/\/regions-snetap-fsu.fr\/pdl\/wp-json\/wp\/v2\/tags?post=5337"},{"taxonomy":"post_folder","embeddable":true,"href":"https:\/\/regions-snetap-fsu.fr\/pdl\/wp-json\/wp\/v2\/post_folder?post=5337"}],"curies":[{"name":"wp","href":"https:\/\/api.w.org\/{rel}","templated":true}]}}