{"id":5310,"date":"2025-04-21T23:31:38","date_gmt":"2025-04-21T21:31:38","guid":{"rendered":"https:\/\/regions-snetap-fsu.fr\/pdl\/?p=5310"},"modified":"2025-04-21T23:36:40","modified_gmt":"2025-04-21T21:36:40","slug":"rentree-2025-grace-a-laction-de-vos-representant-es-on-continue-davancer","status":"publish","type":"post","link":"https:\/\/regions-snetap-fsu.fr\/pdl\/2025\/04\/21\/rentree-2025-grace-a-laction-de-vos-representant-es-on-continue-davancer\/","title":{"rendered":"Rentr\u00e9e 2025 : gr\u00e2ce \u00e0 l&rsquo;action de vos repr\u00e9sentant.es, on continue d&rsquo;avancer !"},"content":{"rendered":"<p style=\"text-align: justify;\"><span style=\"font-family: arial, helvetica, sans-serif;\">Le vendredi 4 avril (quelques heures avant de partir en vacances), s&rsquo;est tenu le Comit\u00e9 Social d&rsquo;Administration (CSA) R\u00e9gional de l&rsquo;Enseignement Agricole (REA) des Pays de la Loire. Il avait pour point du jour unique : la rentr\u00e9e scolaire 2025 (carte scolaire et DGH). Si collectivement, nous nous sommes mobilis\u00e9s depuis l&rsquo;annonce des fermetures en classe et de la baisse de DGH partout en France&#8230;et notamment en Pays de la Loire&#8230;<\/span><\/p>\n<ul style=\"text-align: justify;\">\n<li><span style=\"font-family: arial, helvetica, sans-serif;\">Mobilisation du 24 janvier 2025 :<a href=\"https:\/\/regions-snetap-fsu.fr\/pdl\/2025\/01\/25\/mobilisation-contre-les-baisses-de-dgh-et-suppression-de-postes-dans-lenseignement-agricole-public\/\"> https:\/\/regions-snetap-fsu.fr\/pdl\/2025\/01\/25\/mobilisation-contre-les-baisses-de-dgh-et-suppression-de-postes-dans-lenseignement-agricole-public\/<\/a><\/span><\/li>\n<li><span style=\"font-family: arial, helvetica, sans-serif;\">Courrier \u00e0 la Ministre : <a href=\"https:\/\/regions-snetap-fsu.fr\/pdl\/2025\/01\/28\/pas-de-budget-pas-de-fermeture-pas-de-baisse-de-dgh-lintersyndicale-ecrit-a-la-ministre-de-lagriculture\/\">https:\/\/regions-snetap-fsu.fr\/pdl\/2025\/01\/28\/pas-de-budget-pas-de-fermeture-pas-de-baisse-de-dgh-lintersyndicale-ecrit-a-la-ministre-de-lagriculture\/<\/a><\/span><\/li>\n<li style=\"text-align: justify;\"><span style=\"font-family: arial, helvetica, sans-serif;\">Quelques avanc\u00e9es en f\u00e9vrier : <a href=\"https:\/\/regions-snetap-fsu.fr\/pdl\/2025\/03\/13\/rentree-2025-quelques-avancees-mais-la-mobilisation-doit-continuer\/\">https:\/\/regions-snetap-fsu.fr\/pdl\/2025\/03\/13\/rentree-2025-quelques-avancees-mais-la-mobilisation-doit-continuer\/<\/a><\/span><\/li>\n<\/ul>\n<p style=\"text-align: justify;\"><span style=\"font-family: arial, helvetica, sans-serif;\"><span style=\"text-decoration: underline;\"><strong>UN ABONDEMENT DE 1500H DE DGH.<\/strong> <\/span>Il n&rsquo;en demeure pas moins que le calendrier (annonce des fermetures et de la baisse de la DGH apr\u00e8s la CSA de novembre et donc apr\u00e8s le vote de vos \u00e9lus) et la mis en r\u00e9serve (en plus des 25 suppressions-nationalement- de postes du budget 2025) de 20 postes continuent de faire de la rentr\u00e9e 2025 une rentr\u00e9e inqui\u00e9tante. Nous r\u00e9clamions, notamment pour NANTES et ROUILLON, l&rsquo;annulation des regroupements en BTS2 (ACSE et TC \u00e0 Rouillon\u00a0 et AP et TC \u00e0 Nantes) gr\u00e2ce \u00e0 un abondement de DGH. C&rsquo;est ce que nous a annonc\u00e9 le SRFD lors de ce CSA REA, un abondement de 1500h de DGH va permettre aux \u00e9quipes de ces 2 \u00e9tablissements de pr\u00e9parer plus sereinement la rentr\u00e9e.\u00a0<\/span><\/p>\n<p style=\"text-align: justify;\"><span style=\"font-family: arial, helvetica, sans-serif;\"><span style=\"text-decoration: underline;\"><strong>UN VOTE CONTRE LA CARTE SCOLAIRE 2025.<\/strong><\/span> Cependant, le SRFD n&rsquo;est pas revenu sur sa d\u00e9cision de fermeture des 2 BTSA TC, ferm\u00e9s brutalement en janvier 2025, alors que PARCOURSUP avait d\u00e9j\u00e0 commenc\u00e9&#8230;C&rsquo;est la raison pour laquelle, vos \u00e9lu.es ELAN COMMUN ont vot\u00e9 unanimement contre la carte scolaire pour la rentr\u00e9e 2025 (un nouveau vote a eu lieu apr\u00e8s celui de novembre rendu caduque suite \u00e0 des d\u00e9cisions nationales m\u00e9prisant le dialogue social), malgr\u00e9 les bonnes nouvelles (ouvertures des CAPA \u00e0 Brette et Fontenay et ouverture d&rsquo;une 3e seconde GT \u00e0 Nantes que nous avons port\u00e9es et soutenues), l&rsquo;administration n&rsquo;a pas voulu entendre nos demandes et a maintenu sa d\u00e9cision.\u00a0<\/span><\/p>\n<p style=\"text-align: right;\"><strong><span style=\"font-family: arial, helvetica, sans-serif;\">Vos \u00e9lu.es ELAN COMMUN au CSA REA<\/span><\/strong><\/p>\n","protected":false},"excerpt":{"rendered":"<p>Le vendredi 4 avril (quelques heures avant de partir en vacances), s&rsquo;est tenu le Comit\u00e9 Social d&rsquo;Administration (CSA) R\u00e9gional de l&rsquo;Enseignement Agricole (REA) des Pays de la Loire. Il avait pour point du jour unique : la rentr\u00e9e scolaire 2025 (carte scolaire et DGH). Si collectivement, nous nous sommes mobilis\u00e9s depuis l&rsquo;annonce des fermetures en [&hellip;]<\/p>\n","protected":false},"author":2,"featured_media":5164,"comment_status":"closed","ping_status":"closed","sticky":false,"template":"","format":"standard","meta":{"ocean_post_layout":"","ocean_both_sidebars_style":"","ocean_both_sidebars_content_width":0,"ocean_both_sidebars_sidebars_width":0,"ocean_sidebar":"0","ocean_second_sidebar":"0","ocean_disable_margins":"enable","ocean_add_body_class":"","ocean_shortcode_before_top_bar":"","ocean_shortcode_after_top_bar":"","ocean_shortcode_before_header":"","ocean_shortcode_after_header":"","ocean_has_shortcode":"","ocean_shortcode_after_title":"","ocean_shortcode_before_footer_widgets":"","ocean_shortcode_after_footer_widgets":"","ocean_shortcode_before_footer_bottom":"","ocean_shortcode_after_footer_bottom":"","ocean_display_top_bar":"default","ocean_display_header":"default","ocean_header_style":"","ocean_center_header_left_menu":"0","ocean_custom_header_template":"0","ocean_custom_logo":0,"ocean_custom_retina_logo":0,"ocean_custom_logo_max_width":0,"ocean_custom_logo_tablet_max_width":0,"ocean_custom_logo_mobile_max_width":0,"ocean_custom_logo_max_height":0,"ocean_custom_logo_tablet_max_height":0,"ocean_custom_logo_mobile_max_height":0,"ocean_header_custom_menu":"0","ocean_menu_typo_font_family":"0","ocean_menu_typo_font_subset":"","ocean_menu_typo_font_size":0,"ocean_menu_typo_font_size_tablet":0,"ocean_menu_typo_font_size_mobile":0,"ocean_menu_typo_font_size_unit":"px","ocean_menu_typo_font_weight":"","ocean_menu_typo_font_weight_tablet":"","ocean_menu_typo_font_weight_mobile":"","ocean_menu_typo_transform":"","ocean_menu_typo_transform_tablet":"","ocean_menu_typo_transform_mobile":"","ocean_menu_typo_line_height":0,"ocean_menu_typo_line_height_tablet":0,"ocean_menu_typo_line_height_mobile":0,"ocean_menu_typo_line_height_unit":"","ocean_menu_typo_spacing":0,"ocean_menu_typo_spacing_tablet":0,"ocean_menu_typo_spacing_mobile":0,"ocean_menu_typo_spacing_unit":"","ocean_menu_link_color":"","ocean_menu_link_color_hover":"","ocean_menu_link_color_active":"","ocean_menu_link_background":"","ocean_menu_link_hover_background":"","ocean_menu_link_active_background":"","ocean_menu_social_links_bg":"","ocean_menu_social_hover_links_bg":"","ocean_menu_social_links_color":"","ocean_menu_social_hover_links_color":"","ocean_disable_title":"default","ocean_disable_heading":"default","ocean_post_title":"","ocean_post_subheading":"","ocean_post_title_style":"","ocean_post_title_background_color":"","ocean_post_title_background":0,"ocean_post_title_bg_image_position":"","ocean_post_title_bg_image_attachment":"","ocean_post_title_bg_image_repeat":"","ocean_post_title_bg_image_size":"","ocean_post_title_height":0,"ocean_post_title_bg_overlay":0.5,"ocean_post_title_bg_overlay_color":"","ocean_disable_breadcrumbs":"default","ocean_breadcrumbs_color":"","ocean_breadcrumbs_separator_color":"","ocean_breadcrumbs_links_color":"","ocean_breadcrumbs_links_hover_color":"","ocean_display_footer_widgets":"default","ocean_display_footer_bottom":"default","ocean_custom_footer_template":"0","ocean_post_oembed":"","ocean_post_self_hosted_media":"","ocean_post_video_embed":"","ocean_link_format":"","ocean_link_format_target":"self","ocean_quote_format":"","ocean_quote_format_link":"post","ocean_gallery_link_images":"on","ocean_gallery_id":[],"footnotes":""},"categories":[12],"tags":[],"post_folder":[],"class_list":["post-5310","post","type-post","status-publish","format-standard","has-post-thumbnail","hentry","category-csarea","entry","has-media"],"yoast_head":"<!-- This site is optimized with the Yoast SEO plugin v27.4 - https:\/\/yoast.com\/product\/yoast-seo-wordpress\/ -->\n<title>Rentr\u00e9e 2025 : gr\u00e2ce \u00e0 l&#039;action de vos repr\u00e9sentant.es, on continue d&#039;avancer ! - PAYS DE LA LOIRE<\/title>\n<meta name=\"robots\" content=\"index, follow, max-snippet:-1, max-image-preview:large, max-video-preview:-1\" \/>\n<link rel=\"canonical\" href=\"https:\/\/regions-snetap-fsu.fr\/pdl\/2025\/04\/21\/rentree-2025-grace-a-laction-de-vos-representant-es-on-continue-davancer\/\" \/>\n<meta property=\"og:locale\" content=\"fr_FR\" \/>\n<meta property=\"og:type\" content=\"article\" \/>\n<meta property=\"og:title\" content=\"Rentr\u00e9e 2025 : gr\u00e2ce \u00e0 l&#039;action de vos repr\u00e9sentant.es, on continue d&#039;avancer ! - PAYS DE LA LOIRE\" \/>\n<meta property=\"og:description\" content=\"Le vendredi 4 avril (quelques heures avant de partir en vacances), s&rsquo;est tenu le Comit\u00e9 Social d&rsquo;Administration (CSA) R\u00e9gional de l&rsquo;Enseignement Agricole (REA) des Pays de la Loire. Il avait pour point du jour unique : la rentr\u00e9e scolaire 2025 (carte scolaire et DGH). Si collectivement, nous nous sommes mobilis\u00e9s depuis l&rsquo;annonce des fermetures en [&hellip;]\" \/>\n<meta property=\"og:url\" content=\"https:\/\/regions-snetap-fsu.fr\/pdl\/2025\/04\/21\/rentree-2025-grace-a-laction-de-vos-representant-es-on-continue-davancer\/\" \/>\n<meta property=\"og:site_name\" content=\"PAYS DE LA LOIRE\" \/>\n<meta property=\"article:published_time\" content=\"2025-04-21T21:31:38+00:00\" \/>\n<meta property=\"article:modified_time\" content=\"2025-04-21T21:36:40+00:00\" \/>\n<meta property=\"og:image\" content=\"https:\/\/regions-snetap-fsu.fr\/pdl\/wp-content\/uploads\/sites\/4\/2024\/10\/Capture-1.jpg\" \/>\n\t<meta property=\"og:image:width\" content=\"273\" \/>\n\t<meta property=\"og:image:height\" content=\"125\" \/>\n\t<meta property=\"og:image:type\" content=\"image\/jpeg\" \/>\n<meta name=\"author\" content=\"yvigner\" \/>\n<meta name=\"twitter:card\" content=\"summary_large_image\" \/>\n<meta name=\"twitter:label1\" content=\"\u00c9crit par\" \/>\n\t<meta name=\"twitter:data1\" content=\"yvigner\" \/>\n\t<meta name=\"twitter:label2\" content=\"Dur\u00e9e de lecture estim\u00e9e\" \/>\n\t<meta name=\"twitter:data2\" content=\"2 minutes\" \/>\n<script type=\"application\/ld+json\" class=\"yoast-schema-graph\">{\"@context\":\"https:\\\/\\\/schema.org\",\"@graph\":[{\"@type\":\"Article\",\"@id\":\"https:\\\/\\\/regions-snetap-fsu.fr\\\/pdl\\\/2025\\\/04\\\/21\\\/rentree-2025-grace-a-laction-de-vos-representant-es-on-continue-davancer\\\/#article\",\"isPartOf\":{\"@id\":\"https:\\\/\\\/regions-snetap-fsu.fr\\\/pdl\\\/2025\\\/04\\\/21\\\/rentree-2025-grace-a-laction-de-vos-representant-es-on-continue-davancer\\\/\"},\"author\":{\"name\":\"yvigner\",\"@id\":\"https:\\\/\\\/regions-snetap-fsu.fr\\\/pdl\\\/#\\\/schema\\\/person\\\/d4530af043f9e8d27bdd71c468ec93b1\"},\"headline\":\"Rentr\u00e9e 2025 : gr\u00e2ce \u00e0 l&rsquo;action de vos repr\u00e9sentant.es, on continue d&rsquo;avancer !\",\"datePublished\":\"2025-04-21T21:31:38+00:00\",\"dateModified\":\"2025-04-21T21:36:40+00:00\",\"mainEntityOfPage\":{\"@id\":\"https:\\\/\\\/regions-snetap-fsu.fr\\\/pdl\\\/2025\\\/04\\\/21\\\/rentree-2025-grace-a-laction-de-vos-representant-es-on-continue-davancer\\\/\"},\"wordCount\":378,\"publisher\":{\"@id\":\"https:\\\/\\\/regions-snetap-fsu.fr\\\/pdl\\\/#organization\"},\"image\":{\"@id\":\"https:\\\/\\\/regions-snetap-fsu.fr\\\/pdl\\\/2025\\\/04\\\/21\\\/rentree-2025-grace-a-laction-de-vos-representant-es-on-continue-davancer\\\/#primaryimage\"},\"thumbnailUrl\":\"https:\\\/\\\/regions-snetap-fsu.fr\\\/pdl\\\/wp-content\\\/uploads\\\/sites\\\/4\\\/2024\\\/10\\\/Capture-1.jpg\",\"articleSection\":[\"CSA-REA (ex CTREA)\"],\"inLanguage\":\"fr-FR\"},{\"@type\":\"WebPage\",\"@id\":\"https:\\\/\\\/regions-snetap-fsu.fr\\\/pdl\\\/2025\\\/04\\\/21\\\/rentree-2025-grace-a-laction-de-vos-representant-es-on-continue-davancer\\\/\",\"url\":\"https:\\\/\\\/regions-snetap-fsu.fr\\\/pdl\\\/2025\\\/04\\\/21\\\/rentree-2025-grace-a-laction-de-vos-representant-es-on-continue-davancer\\\/\",\"name\":\"Rentr\u00e9e 2025 : gr\u00e2ce \u00e0 l'action de vos repr\u00e9sentant.es, on continue d'avancer ! - PAYS DE LA LOIRE\",\"isPartOf\":{\"@id\":\"https:\\\/\\\/regions-snetap-fsu.fr\\\/pdl\\\/#website\"},\"primaryImageOfPage\":{\"@id\":\"https:\\\/\\\/regions-snetap-fsu.fr\\\/pdl\\\/2025\\\/04\\\/21\\\/rentree-2025-grace-a-laction-de-vos-representant-es-on-continue-davancer\\\/#primaryimage\"},\"image\":{\"@id\":\"https:\\\/\\\/regions-snetap-fsu.fr\\\/pdl\\\/2025\\\/04\\\/21\\\/rentree-2025-grace-a-laction-de-vos-representant-es-on-continue-davancer\\\/#primaryimage\"},\"thumbnailUrl\":\"https:\\\/\\\/regions-snetap-fsu.fr\\\/pdl\\\/wp-content\\\/uploads\\\/sites\\\/4\\\/2024\\\/10\\\/Capture-1.jpg\",\"datePublished\":\"2025-04-21T21:31:38+00:00\",\"dateModified\":\"2025-04-21T21:36:40+00:00\",\"breadcrumb\":{\"@id\":\"https:\\\/\\\/regions-snetap-fsu.fr\\\/pdl\\\/2025\\\/04\\\/21\\\/rentree-2025-grace-a-laction-de-vos-representant-es-on-continue-davancer\\\/#breadcrumb\"},\"inLanguage\":\"fr-FR\",\"potentialAction\":[{\"@type\":\"ReadAction\",\"target\":[\"https:\\\/\\\/regions-snetap-fsu.fr\\\/pdl\\\/2025\\\/04\\\/21\\\/rentree-2025-grace-a-laction-de-vos-representant-es-on-continue-davancer\\\/\"]}]},{\"@type\":\"ImageObject\",\"inLanguage\":\"fr-FR\",\"@id\":\"https:\\\/\\\/regions-snetap-fsu.fr\\\/pdl\\\/2025\\\/04\\\/21\\\/rentree-2025-grace-a-laction-de-vos-representant-es-on-continue-davancer\\\/#primaryimage\",\"url\":\"https:\\\/\\\/regions-snetap-fsu.fr\\\/pdl\\\/wp-content\\\/uploads\\\/sites\\\/4\\\/2024\\\/10\\\/Capture-1.jpg\",\"contentUrl\":\"https:\\\/\\\/regions-snetap-fsu.fr\\\/pdl\\\/wp-content\\\/uploads\\\/sites\\\/4\\\/2024\\\/10\\\/Capture-1.jpg\",\"width\":273,\"height\":125},{\"@type\":\"BreadcrumbList\",\"@id\":\"https:\\\/\\\/regions-snetap-fsu.fr\\\/pdl\\\/2025\\\/04\\\/21\\\/rentree-2025-grace-a-laction-de-vos-representant-es-on-continue-davancer\\\/#breadcrumb\",\"itemListElement\":[{\"@type\":\"ListItem\",\"position\":1,\"name\":\"Accueil\",\"item\":\"https:\\\/\\\/regions-snetap-fsu.fr\\\/pdl\\\/\"},{\"@type\":\"ListItem\",\"position\":2,\"name\":\"Rentr\u00e9e 2025 : gr\u00e2ce \u00e0 l&rsquo;action de vos repr\u00e9sentant.es, on continue d&rsquo;avancer !\"}]},{\"@type\":\"WebSite\",\"@id\":\"https:\\\/\\\/regions-snetap-fsu.fr\\\/pdl\\\/#website\",\"url\":\"https:\\\/\\\/regions-snetap-fsu.fr\\\/pdl\\\/\",\"name\":\"SNETAP-FSU PAYS DE LA LOIRE\",\"description\":\"SECTION REGIONALE\",\"publisher\":{\"@id\":\"https:\\\/\\\/regions-snetap-fsu.fr\\\/pdl\\\/#organization\"},\"potentialAction\":[{\"@type\":\"SearchAction\",\"target\":{\"@type\":\"EntryPoint\",\"urlTemplate\":\"https:\\\/\\\/regions-snetap-fsu.fr\\\/pdl\\\/?s={search_term_string}\"},\"query-input\":{\"@type\":\"PropertyValueSpecification\",\"valueRequired\":true,\"valueName\":\"search_term_string\"}}],\"inLanguage\":\"fr-FR\"},{\"@type\":\"Organization\",\"@id\":\"https:\\\/\\\/regions-snetap-fsu.fr\\\/pdl\\\/#organization\",\"name\":\"SNETAP-FSU Pays de Loire\",\"url\":\"https:\\\/\\\/regions-snetap-fsu.fr\\\/pdl\\\/\",\"logo\":{\"@type\":\"ImageObject\",\"inLanguage\":\"fr-FR\",\"@id\":\"https:\\\/\\\/regions-snetap-fsu.fr\\\/pdl\\\/#\\\/schema\\\/logo\\\/image\\\/\",\"url\":\"https:\\\/\\\/regions-snetap-fsu.fr\\\/pdl\\\/wp-content\\\/uploads\\\/sites\\\/4\\\/2020\\\/12\\\/SNETAP-Logo.jpg\",\"contentUrl\":\"https:\\\/\\\/regions-snetap-fsu.fr\\\/pdl\\\/wp-content\\\/uploads\\\/sites\\\/4\\\/2020\\\/12\\\/SNETAP-Logo.jpg\",\"width\":464,\"height\":334,\"caption\":\"SNETAP-FSU Pays de Loire\"},\"image\":{\"@id\":\"https:\\\/\\\/regions-snetap-fsu.fr\\\/pdl\\\/#\\\/schema\\\/logo\\\/image\\\/\"}},{\"@type\":\"Person\",\"@id\":\"https:\\\/\\\/regions-snetap-fsu.fr\\\/pdl\\\/#\\\/schema\\\/person\\\/d4530af043f9e8d27bdd71c468ec93b1\",\"name\":\"yvigner\",\"image\":{\"@type\":\"ImageObject\",\"inLanguage\":\"fr-FR\",\"@id\":\"https:\\\/\\\/secure.gravatar.com\\\/avatar\\\/bc72baa6f2406549aecf77a837bc4f03dbe88472c1762138f868571430a23820?s=96&d=mm&r=g\",\"url\":\"https:\\\/\\\/secure.gravatar.com\\\/avatar\\\/bc72baa6f2406549aecf77a837bc4f03dbe88472c1762138f868571430a23820?s=96&d=mm&r=g\",\"contentUrl\":\"https:\\\/\\\/secure.gravatar.com\\\/avatar\\\/bc72baa6f2406549aecf77a837bc4f03dbe88472c1762138f868571430a23820?s=96&d=mm&r=g\",\"caption\":\"yvigner\"},\"url\":\"https:\\\/\\\/regions-snetap-fsu.fr\\\/pdl\\\/author\\\/yvigner\\\/\"}]}<\/script>\n<!-- \/ Yoast SEO plugin. -->","yoast_head_json":{"title":"Rentr\u00e9e 2025 : gr\u00e2ce \u00e0 l'action de vos repr\u00e9sentant.es, on continue d'avancer ! - PAYS DE LA LOIRE","robots":{"index":"index","follow":"follow","max-snippet":"max-snippet:-1","max-image-preview":"max-image-preview:large","max-video-preview":"max-video-preview:-1"},"canonical":"https:\/\/regions-snetap-fsu.fr\/pdl\/2025\/04\/21\/rentree-2025-grace-a-laction-de-vos-representant-es-on-continue-davancer\/","og_locale":"fr_FR","og_type":"article","og_title":"Rentr\u00e9e 2025 : gr\u00e2ce \u00e0 l'action de vos repr\u00e9sentant.es, on continue d'avancer ! - PAYS DE LA LOIRE","og_description":"Le vendredi 4 avril (quelques heures avant de partir en vacances), s&rsquo;est tenu le Comit\u00e9 Social d&rsquo;Administration (CSA) R\u00e9gional de l&rsquo;Enseignement Agricole (REA) des Pays de la Loire. Il avait pour point du jour unique : la rentr\u00e9e scolaire 2025 (carte scolaire et DGH). Si collectivement, nous nous sommes mobilis\u00e9s depuis l&rsquo;annonce des fermetures en [&hellip;]","og_url":"https:\/\/regions-snetap-fsu.fr\/pdl\/2025\/04\/21\/rentree-2025-grace-a-laction-de-vos-representant-es-on-continue-davancer\/","og_site_name":"PAYS DE LA LOIRE","article_published_time":"2025-04-21T21:31:38+00:00","article_modified_time":"2025-04-21T21:36:40+00:00","og_image":[{"width":273,"height":125,"url":"https:\/\/regions-snetap-fsu.fr\/pdl\/wp-content\/uploads\/sites\/4\/2024\/10\/Capture-1.jpg","type":"image\/jpeg"}],"author":"yvigner","twitter_card":"summary_large_image","twitter_misc":{"\u00c9crit par":"yvigner","Dur\u00e9e de lecture estim\u00e9e":"2 minutes"},"schema":{"@context":"https:\/\/schema.org","@graph":[{"@type":"Article","@id":"https:\/\/regions-snetap-fsu.fr\/pdl\/2025\/04\/21\/rentree-2025-grace-a-laction-de-vos-representant-es-on-continue-davancer\/#article","isPartOf":{"@id":"https:\/\/regions-snetap-fsu.fr\/pdl\/2025\/04\/21\/rentree-2025-grace-a-laction-de-vos-representant-es-on-continue-davancer\/"},"author":{"name":"yvigner","@id":"https:\/\/regions-snetap-fsu.fr\/pdl\/#\/schema\/person\/d4530af043f9e8d27bdd71c468ec93b1"},"headline":"Rentr\u00e9e 2025 : gr\u00e2ce \u00e0 l&rsquo;action de vos repr\u00e9sentant.es, on continue d&rsquo;avancer !","datePublished":"2025-04-21T21:31:38+00:00","dateModified":"2025-04-21T21:36:40+00:00","mainEntityOfPage":{"@id":"https:\/\/regions-snetap-fsu.fr\/pdl\/2025\/04\/21\/rentree-2025-grace-a-laction-de-vos-representant-es-on-continue-davancer\/"},"wordCount":378,"publisher":{"@id":"https:\/\/regions-snetap-fsu.fr\/pdl\/#organization"},"image":{"@id":"https:\/\/regions-snetap-fsu.fr\/pdl\/2025\/04\/21\/rentree-2025-grace-a-laction-de-vos-representant-es-on-continue-davancer\/#primaryimage"},"thumbnailUrl":"https:\/\/regions-snetap-fsu.fr\/pdl\/wp-content\/uploads\/sites\/4\/2024\/10\/Capture-1.jpg","articleSection":["CSA-REA (ex CTREA)"],"inLanguage":"fr-FR"},{"@type":"WebPage","@id":"https:\/\/regions-snetap-fsu.fr\/pdl\/2025\/04\/21\/rentree-2025-grace-a-laction-de-vos-representant-es-on-continue-davancer\/","url":"https:\/\/regions-snetap-fsu.fr\/pdl\/2025\/04\/21\/rentree-2025-grace-a-laction-de-vos-representant-es-on-continue-davancer\/","name":"Rentr\u00e9e 2025 : gr\u00e2ce \u00e0 l'action de vos repr\u00e9sentant.es, on continue d'avancer ! - PAYS DE LA LOIRE","isPartOf":{"@id":"https:\/\/regions-snetap-fsu.fr\/pdl\/#website"},"primaryImageOfPage":{"@id":"https:\/\/regions-snetap-fsu.fr\/pdl\/2025\/04\/21\/rentree-2025-grace-a-laction-de-vos-representant-es-on-continue-davancer\/#primaryimage"},"image":{"@id":"https:\/\/regions-snetap-fsu.fr\/pdl\/2025\/04\/21\/rentree-2025-grace-a-laction-de-vos-representant-es-on-continue-davancer\/#primaryimage"},"thumbnailUrl":"https:\/\/regions-snetap-fsu.fr\/pdl\/wp-content\/uploads\/sites\/4\/2024\/10\/Capture-1.jpg","datePublished":"2025-04-21T21:31:38+00:00","dateModified":"2025-04-21T21:36:40+00:00","breadcrumb":{"@id":"https:\/\/regions-snetap-fsu.fr\/pdl\/2025\/04\/21\/rentree-2025-grace-a-laction-de-vos-representant-es-on-continue-davancer\/#breadcrumb"},"inLanguage":"fr-FR","potentialAction":[{"@type":"ReadAction","target":["https:\/\/regions-snetap-fsu.fr\/pdl\/2025\/04\/21\/rentree-2025-grace-a-laction-de-vos-representant-es-on-continue-davancer\/"]}]},{"@type":"ImageObject","inLanguage":"fr-FR","@id":"https:\/\/regions-snetap-fsu.fr\/pdl\/2025\/04\/21\/rentree-2025-grace-a-laction-de-vos-representant-es-on-continue-davancer\/#primaryimage","url":"https:\/\/regions-snetap-fsu.fr\/pdl\/wp-content\/uploads\/sites\/4\/2024\/10\/Capture-1.jpg","contentUrl":"https:\/\/regions-snetap-fsu.fr\/pdl\/wp-content\/uploads\/sites\/4\/2024\/10\/Capture-1.jpg","width":273,"height":125},{"@type":"BreadcrumbList","@id":"https:\/\/regions-snetap-fsu.fr\/pdl\/2025\/04\/21\/rentree-2025-grace-a-laction-de-vos-representant-es-on-continue-davancer\/#breadcrumb","itemListElement":[{"@type":"ListItem","position":1,"name":"Accueil","item":"https:\/\/regions-snetap-fsu.fr\/pdl\/"},{"@type":"ListItem","position":2,"name":"Rentr\u00e9e 2025 : gr\u00e2ce \u00e0 l&rsquo;action de vos repr\u00e9sentant.es, on continue d&rsquo;avancer !"}]},{"@type":"WebSite","@id":"https:\/\/regions-snetap-fsu.fr\/pdl\/#website","url":"https:\/\/regions-snetap-fsu.fr\/pdl\/","name":"SNETAP-FSU PAYS DE LA LOIRE","description":"SECTION REGIONALE","publisher":{"@id":"https:\/\/regions-snetap-fsu.fr\/pdl\/#organization"},"potentialAction":[{"@type":"SearchAction","target":{"@type":"EntryPoint","urlTemplate":"https:\/\/regions-snetap-fsu.fr\/pdl\/?s={search_term_string}"},"query-input":{"@type":"PropertyValueSpecification","valueRequired":true,"valueName":"search_term_string"}}],"inLanguage":"fr-FR"},{"@type":"Organization","@id":"https:\/\/regions-snetap-fsu.fr\/pdl\/#organization","name":"SNETAP-FSU Pays de Loire","url":"https:\/\/regions-snetap-fsu.fr\/pdl\/","logo":{"@type":"ImageObject","inLanguage":"fr-FR","@id":"https:\/\/regions-snetap-fsu.fr\/pdl\/#\/schema\/logo\/image\/","url":"https:\/\/regions-snetap-fsu.fr\/pdl\/wp-content\/uploads\/sites\/4\/2020\/12\/SNETAP-Logo.jpg","contentUrl":"https:\/\/regions-snetap-fsu.fr\/pdl\/wp-content\/uploads\/sites\/4\/2020\/12\/SNETAP-Logo.jpg","width":464,"height":334,"caption":"SNETAP-FSU Pays de Loire"},"image":{"@id":"https:\/\/regions-snetap-fsu.fr\/pdl\/#\/schema\/logo\/image\/"}},{"@type":"Person","@id":"https:\/\/regions-snetap-fsu.fr\/pdl\/#\/schema\/person\/d4530af043f9e8d27bdd71c468ec93b1","name":"yvigner","image":{"@type":"ImageObject","inLanguage":"fr-FR","@id":"https:\/\/secure.gravatar.com\/avatar\/bc72baa6f2406549aecf77a837bc4f03dbe88472c1762138f868571430a23820?s=96&d=mm&r=g","url":"https:\/\/secure.gravatar.com\/avatar\/bc72baa6f2406549aecf77a837bc4f03dbe88472c1762138f868571430a23820?s=96&d=mm&r=g","contentUrl":"https:\/\/secure.gravatar.com\/avatar\/bc72baa6f2406549aecf77a837bc4f03dbe88472c1762138f868571430a23820?s=96&d=mm&r=g","caption":"yvigner"},"url":"https:\/\/regions-snetap-fsu.fr\/pdl\/author\/yvigner\/"}]}},"_links":{"self":[{"href":"https:\/\/regions-snetap-fsu.fr\/pdl\/wp-json\/wp\/v2\/posts\/5310","targetHints":{"allow":["GET"]}}],"collection":[{"href":"https:\/\/regions-snetap-fsu.fr\/pdl\/wp-json\/wp\/v2\/posts"}],"about":[{"href":"https:\/\/regions-snetap-fsu.fr\/pdl\/wp-json\/wp\/v2\/types\/post"}],"author":[{"embeddable":true,"href":"https:\/\/regions-snetap-fsu.fr\/pdl\/wp-json\/wp\/v2\/users\/2"}],"replies":[{"embeddable":true,"href":"https:\/\/regions-snetap-fsu.fr\/pdl\/wp-json\/wp\/v2\/comments?post=5310"}],"version-history":[{"count":3,"href":"https:\/\/regions-snetap-fsu.fr\/pdl\/wp-json\/wp\/v2\/posts\/5310\/revisions"}],"predecessor-version":[{"id":5313,"href":"https:\/\/regions-snetap-fsu.fr\/pdl\/wp-json\/wp\/v2\/posts\/5310\/revisions\/5313"}],"wp:featuredmedia":[{"embeddable":true,"href":"https:\/\/regions-snetap-fsu.fr\/pdl\/wp-json\/wp\/v2\/media\/5164"}],"wp:attachment":[{"href":"https:\/\/regions-snetap-fsu.fr\/pdl\/wp-json\/wp\/v2\/media?parent=5310"}],"wp:term":[{"taxonomy":"category","embeddable":true,"href":"https:\/\/regions-snetap-fsu.fr\/pdl\/wp-json\/wp\/v2\/categories?post=5310"},{"taxonomy":"post_tag","embeddable":true,"href":"https:\/\/regions-snetap-fsu.fr\/pdl\/wp-json\/wp\/v2\/tags?post=5310"},{"taxonomy":"post_folder","embeddable":true,"href":"https:\/\/regions-snetap-fsu.fr\/pdl\/wp-json\/wp\/v2\/post_folder?post=5310"}],"curies":[{"name":"wp","href":"https:\/\/api.w.org\/{rel}","templated":true}]}}