{"id":530,"date":"2017-06-27T23:50:31","date_gmt":"2017-06-27T21:50:31","guid":{"rendered":"http:\/\/snetap-fsu.fr\/comp\/pdl\/?p=530"},"modified":"2018-09-19T21:56:15","modified_gmt":"2018-09-19T19:56:15","slug":"la-section-de-brette-les-pins-sadresse-au-conseil-regional-des-pays-de-la-loire","status":"publish","type":"post","link":"https:\/\/regions-snetap-fsu.fr\/pdl\/2017\/06\/27\/la-section-de-brette-les-pins-sadresse-au-conseil-regional-des-pays-de-la-loire\/","title":{"rendered":"La section de BRETTE LES PINS s&#039;adresse au Conseil r\u00e9gional des Pays de la Loire"},"content":{"rendered":"<h3 class=\"western\" style=\"text-align: left\" align=\"right\"><strong>La section de BRETTE LES PINS s&rsquo;adresse au Conseil r\u00e9gional des Pays de la Loire<\/strong><\/h3>\n<p class=\"western\" align=\"right\"><span style=\"font-family: arial, helvetica, sans-serif;font-size: 12pt\">Brette les Pins, le 27 juin 2017<\/span><\/p>\n<p class=\"western\" align=\"right\"><span style=\"font-family: arial, helvetica, sans-serif;font-size: 12pt\">A Monsieur B.RETAILLEAU, Pr\u00e9sident du Conseil r\u00e9gional<\/span><\/p>\n<p class=\"western\" align=\"right\"><span style=\"font-family: arial, helvetica, sans-serif;font-size: 12pt\">A Monsieur A.CHEREAU, Vice-Pr\u00e9sident du Conseil r\u00e9gional, <\/span><\/p>\n<p class=\"western\" align=\"justify\">\n<p class=\"western\" align=\"justify\"><span style=\"font-family: arial, helvetica, sans-serif;font-size: 12pt\">Objet\u00a0: absence r\u00e9currente des \u00e9lus du Conseil r\u00e9gional au Conseil d&rsquo;administration du LPA A.PROVOTS<\/span><\/p>\n<p class=\"western\" align=\"justify\">\n<p class=\"western\" align=\"justify\"><span style=\"font-family: arial, helvetica, sans-serif;font-size: 12pt\">Monsieur le Pr\u00e9sident, Monsieur le Vice-Pr\u00e9sident, <\/span><\/p>\n<p class=\"western\" align=\"justify\"><span style=\"font-family: arial, helvetica, sans-serif;font-size: 12pt\"><span style=\"color: #222222\">Depuis les derni\u00e8res \u00e9lections r\u00e9gionales de d\u00e9cembre 2015, la liste des repr\u00e9sentants du Conseil r\u00e9gional des Pays de la Loire dans les conseils d&rsquo;administration des lyc\u00e9es agricoles publics a \u00e9t\u00e9 modifi\u00e9e. <\/span><\/span><\/p>\n<p class=\"western\" align=\"justify\"><span style=\"font-family: arial, helvetica, sans-serif;font-size: 12pt\"><span style=\"color: #222222\">Pour le LPA A.PROVOTS de Brette les Pins, il s&rsquo;agit de M.REVEAU et de M.PARANT. <\/span><span style=\"color: #222222\">Sur\u00a0 <\/span><span style=\"color: #222222\">les six<\/span><span style=\"color: #222222\"> C<\/span><span style=\"color: #222222\">onseils d&rsquo;<\/span><span style=\"color: #222222\">A<\/span><span style=\"color: #222222\">dministration qui se sont d\u00e9roul\u00e9s depuis le mois d&rsquo;avril 2016<\/span><span style=\"color: #222222\">, les 2 Conseillers R\u00e9gionaux ont \u00e9t\u00e9 syst\u00e9matiquement <\/span><span style=\"color: #222222\">absents (<\/span><span style=\"color: #222222\">excus\u00e9s<\/span><span style=\"color: #222222\">)<\/span><span style=\"color: #222222\">, seul M. Reveau est venu une fois (au premier CA apr\u00e8s sa d\u00e9signation). <\/span><span style=\"color: #222222\">Nous d\u00e9plorons profond\u00e9ment ces absences r\u00e9p\u00e9t\u00e9es (l<\/span><span style=\"color: #222222\">es repr\u00e9sentant du personnels <\/span><span style=\"color: #222222\">le font \u00e0 chaque conseil). Nous sommes tr\u00e8s \u00e9tonn\u00e9s de ces absences et nous nous interrogeons sur leurs raisons<\/span><span style=\"color: #222222\">. <\/span><span style=\"color: #222222\">Car m<\/span><span style=\"color: #222222\">\u00eame si les contraintes de calendrier ont toujours \u00e9t\u00e9 difficile<\/span><span style=\"color: #222222\">s<\/span><span style=\"color: #222222\"> \u00e0 g\u00e9rer, les repr\u00e9sentants d<\/span><span style=\"color: #222222\">e la<\/span><span style=\"color: #222222\"> pr\u00e9c\u00e9dent<\/span><span style=\"color: #222222\">e majorit\u00e9<\/span><span style=\"color: #222222\">, Mme.Motreuilet <\/span><span style=\"color: #222222\">et <\/span><span style=\"color: #222222\">Mme Cabaret \u00e9taient tr\u00e8s rarement toute<\/span><span style=\"color: #222222\">s<\/span><span style=\"color: #222222\"> deux absentes.<\/span><\/span><\/p>\n<p><span style=\"font-size: 12pt;font-family: arial, helvetica, sans-serif\"><span style=\"color: #222222\">Cette ann\u00e9e encore, <\/span><span style=\"color: #222222\">il y a quelques jours (le 23 <\/span><span style=\"color: #222222\">juin <\/span><span style=\"color: #222222\">dernier), nous avons \u00e0 nouveau d\u00e9plor\u00e9 leur absence. La cons\u00e9quence\u00a0? Le CA<\/span><span style=\"color: #222222\"> n&rsquo;a pas pu se tenir faute de quorum : il est \u00e0 not\u00e9 que si M. Reveau et M. Parant avaient \u00e9t\u00e9 pr\u00e9sents, le quorum aurait \u00e9t\u00e9 atteint&#8230;<\/span><\/span><br \/>\n<span style=\"font-size: 12pt;font-family: arial, helvetica, sans-serif\"><span style=\"color: #222222\">L&rsquo;absence des Conseillers R\u00e9gionaux est d&rsquo;autant plus dommageable, <\/span><span style=\"color: #222222\">pr\u00e9judiciable<\/span><span style=\"color: #222222\"> que les <\/span><span style=\"color: #222222\">sujets<\/span><span style=\"color: #222222\"> de dialogue sont nombreux et essentiels pour l&rsquo;\u00e9tablissement (<\/span><span style=\"color: #222222\">t<\/span><span style=\"color: #222222\">ravaux en cours, dotation de fonctionnement qui ne couvre toujours pas les besoins et qui n&rsquo;est plus compens\u00e9e par les produits de location,&#8230;). <\/span><br \/>\n<span style=\"color: #222222\">Nous savons que les contraintes sont nombreuses, mais les personnels regrettent encore une fois que faute d&rsquo;interlocuteur, ils ne puissent normalement dialoguer avec le Conseil R\u00e9gional dans les instances.<\/span><\/span><\/p>\n<p class=\"western\" align=\"justify\"><span style=\"font-family: arial, helvetica, sans-serif;font-size: 12pt\"><span style=\"color: #222222\">Dans l&rsquo;attente de votre r\u00e9ponse, veuillez agr\u00e9er Monsieur le Pr\u00e9sident, Monsieur le Vice-Pr\u00e9sident, nos plus sinc\u00e8res salutations.<\/span><\/span><\/p>\n<p class=\"western\" align=\"justify\"><span style=\"font-size: 12pt;font-family: arial, helvetica, sans-serif\">Pour la section locale, E.ASTIER, secr\u00e9taire de section<\/span><\/p>\n<p class=\"western\" align=\"justify\"><span style=\"font-size: 12pt;font-family: arial, helvetica, sans-serif\">Pour la section r\u00e9gionale, Y.VIGNER, Co-secr\u00e9taire<\/span><\/p>\n","protected":false},"excerpt":{"rendered":"<p>La section de BRETTE LES PINS s&rsquo;adresse au Conseil r\u00e9gional des Pays de la Loire Brette les Pins, le 27 juin 2017 A Monsieur B.RETAILLEAU, Pr\u00e9sident du Conseil r\u00e9gional A Monsieur A.CHEREAU, Vice-Pr\u00e9sident du Conseil r\u00e9gional, Objet\u00a0: absence r\u00e9currente des \u00e9lus du Conseil r\u00e9gional au Conseil d&rsquo;administration du LPA A.PROVOTS Monsieur le Pr\u00e9sident, Monsieur le [&hellip;]<\/p>\n","protected":false},"author":2,"featured_media":0,"comment_status":"closed","ping_status":"closed","sticky":false,"template":"","format":"standard","meta":{"ocean_post_layout":"","ocean_both_sidebars_style":"","ocean_both_sidebars_content_width":0,"ocean_both_sidebars_sidebars_width":0,"ocean_sidebar":"","ocean_second_sidebar":"","ocean_disable_margins":"enable","ocean_add_body_class":"","ocean_shortcode_before_top_bar":"","ocean_shortcode_after_top_bar":"","ocean_shortcode_before_header":"","ocean_shortcode_after_header":"","ocean_has_shortcode":"","ocean_shortcode_after_title":"","ocean_shortcode_before_footer_widgets":"","ocean_shortcode_after_footer_widgets":"","ocean_shortcode_before_footer_bottom":"","ocean_shortcode_after_footer_bottom":"","ocean_display_top_bar":"default","ocean_display_header":"default","ocean_header_style":"","ocean_center_header_left_menu":"","ocean_custom_header_template":"","ocean_custom_logo":0,"ocean_custom_retina_logo":0,"ocean_custom_logo_max_width":0,"ocean_custom_logo_tablet_max_width":0,"ocean_custom_logo_mobile_max_width":0,"ocean_custom_logo_max_height":0,"ocean_custom_logo_tablet_max_height":0,"ocean_custom_logo_mobile_max_height":0,"ocean_header_custom_menu":"","ocean_menu_typo_font_family":"","ocean_menu_typo_font_subset":"","ocean_menu_typo_font_size":0,"ocean_menu_typo_font_size_tablet":0,"ocean_menu_typo_font_size_mobile":0,"ocean_menu_typo_font_size_unit":"px","ocean_menu_typo_font_weight":"","ocean_menu_typo_font_weight_tablet":"","ocean_menu_typo_font_weight_mobile":"","ocean_menu_typo_transform":"","ocean_menu_typo_transform_tablet":"","ocean_menu_typo_transform_mobile":"","ocean_menu_typo_line_height":0,"ocean_menu_typo_line_height_tablet":0,"ocean_menu_typo_line_height_mobile":0,"ocean_menu_typo_line_height_unit":"","ocean_menu_typo_spacing":0,"ocean_menu_typo_spacing_tablet":0,"ocean_menu_typo_spacing_mobile":0,"ocean_menu_typo_spacing_unit":"","ocean_menu_link_color":"","ocean_menu_link_color_hover":"","ocean_menu_link_color_active":"","ocean_menu_link_background":"","ocean_menu_link_hover_background":"","ocean_menu_link_active_background":"","ocean_menu_social_links_bg":"","ocean_menu_social_hover_links_bg":"","ocean_menu_social_links_color":"","ocean_menu_social_hover_links_color":"","ocean_disable_title":"default","ocean_disable_heading":"default","ocean_post_title":"","ocean_post_subheading":"","ocean_post_title_style":"","ocean_post_title_background_color":"","ocean_post_title_background":0,"ocean_post_title_bg_image_position":"","ocean_post_title_bg_image_attachment":"","ocean_post_title_bg_image_repeat":"","ocean_post_title_bg_image_size":"","ocean_post_title_height":0,"ocean_post_title_bg_overlay":0.5,"ocean_post_title_bg_overlay_color":"","ocean_disable_breadcrumbs":"default","ocean_breadcrumbs_color":"","ocean_breadcrumbs_separator_color":"","ocean_breadcrumbs_links_color":"","ocean_breadcrumbs_links_hover_color":"","ocean_display_footer_widgets":"default","ocean_display_footer_bottom":"default","ocean_custom_footer_template":"","ocean_post_oembed":"","ocean_post_self_hosted_media":"","ocean_post_video_embed":"","ocean_link_format":"","ocean_link_format_target":"self","ocean_quote_format":"","ocean_quote_format_link":"post","ocean_gallery_link_images":"on","ocean_gallery_id":[],"footnotes":""},"categories":[22,6],"tags":[],"post_folder":[],"class_list":["post-530","post","type-post","status-publish","format-standard","hentry","category-brette-les-pins","category-courriers-de-la-section-regionale","entry"],"yoast_head":"<!-- This site is optimized with the Yoast SEO plugin v27.4 - https:\/\/yoast.com\/product\/yoast-seo-wordpress\/ -->\n<title>La section de BRETTE LES PINS s&#039;adresse au Conseil r\u00e9gional des Pays de la Loire - PAYS DE LA LOIRE<\/title>\n<meta name=\"robots\" content=\"index, follow, max-snippet:-1, max-image-preview:large, max-video-preview:-1\" \/>\n<link rel=\"canonical\" href=\"https:\/\/regions-snetap-fsu.fr\/pdl\/2017\/06\/27\/la-section-de-brette-les-pins-sadresse-au-conseil-regional-des-pays-de-la-loire\/\" \/>\n<meta property=\"og:locale\" content=\"fr_FR\" \/>\n<meta property=\"og:type\" content=\"article\" \/>\n<meta property=\"og:title\" content=\"La section de BRETTE LES PINS s&#039;adresse au Conseil r\u00e9gional des Pays de la Loire - PAYS DE LA LOIRE\" \/>\n<meta property=\"og:description\" content=\"La section de BRETTE LES PINS s&rsquo;adresse au Conseil r\u00e9gional des Pays de la Loire Brette les Pins, le 27 juin 2017 A Monsieur B.RETAILLEAU, Pr\u00e9sident du Conseil r\u00e9gional A Monsieur A.CHEREAU, Vice-Pr\u00e9sident du Conseil r\u00e9gional, Objet\u00a0: absence r\u00e9currente des \u00e9lus du Conseil r\u00e9gional au Conseil d&rsquo;administration du LPA A.PROVOTS Monsieur le Pr\u00e9sident, Monsieur le [&hellip;]\" \/>\n<meta property=\"og:url\" content=\"https:\/\/regions-snetap-fsu.fr\/pdl\/2017\/06\/27\/la-section-de-brette-les-pins-sadresse-au-conseil-regional-des-pays-de-la-loire\/\" \/>\n<meta property=\"og:site_name\" content=\"PAYS DE LA LOIRE\" \/>\n<meta property=\"article:published_time\" content=\"2017-06-27T21:50:31+00:00\" \/>\n<meta property=\"article:modified_time\" content=\"2018-09-19T19:56:15+00:00\" \/>\n<meta name=\"author\" content=\"yvigner\" \/>\n<meta name=\"twitter:card\" content=\"summary_large_image\" \/>\n<meta name=\"twitter:label1\" content=\"\u00c9crit par\" \/>\n\t<meta name=\"twitter:data1\" content=\"yvigner\" \/>\n\t<meta name=\"twitter:label2\" content=\"Dur\u00e9e de lecture estim\u00e9e\" \/>\n\t<meta name=\"twitter:data2\" content=\"2 minutes\" \/>\n<script type=\"application\/ld+json\" class=\"yoast-schema-graph\">{\"@context\":\"https:\\\/\\\/schema.org\",\"@graph\":[{\"@type\":\"Article\",\"@id\":\"https:\\\/\\\/regions-snetap-fsu.fr\\\/pdl\\\/2017\\\/06\\\/27\\\/la-section-de-brette-les-pins-sadresse-au-conseil-regional-des-pays-de-la-loire\\\/#article\",\"isPartOf\":{\"@id\":\"https:\\\/\\\/regions-snetap-fsu.fr\\\/pdl\\\/2017\\\/06\\\/27\\\/la-section-de-brette-les-pins-sadresse-au-conseil-regional-des-pays-de-la-loire\\\/\"},\"author\":{\"name\":\"yvigner\",\"@id\":\"https:\\\/\\\/regions-snetap-fsu.fr\\\/pdl\\\/#\\\/schema\\\/person\\\/d4530af043f9e8d27bdd71c468ec93b1\"},\"headline\":\"La section de BRETTE LES PINS s&#039;adresse au Conseil r\u00e9gional des Pays de la Loire\",\"datePublished\":\"2017-06-27T21:50:31+00:00\",\"dateModified\":\"2018-09-19T19:56:15+00:00\",\"mainEntityOfPage\":{\"@id\":\"https:\\\/\\\/regions-snetap-fsu.fr\\\/pdl\\\/2017\\\/06\\\/27\\\/la-section-de-brette-les-pins-sadresse-au-conseil-regional-des-pays-de-la-loire\\\/\"},\"wordCount\":439,\"publisher\":{\"@id\":\"https:\\\/\\\/regions-snetap-fsu.fr\\\/pdl\\\/#organization\"},\"articleSection\":[\"Brette les Pins\",\"Courriers de la section r\u00e9gionale\"],\"inLanguage\":\"fr-FR\"},{\"@type\":\"WebPage\",\"@id\":\"https:\\\/\\\/regions-snetap-fsu.fr\\\/pdl\\\/2017\\\/06\\\/27\\\/la-section-de-brette-les-pins-sadresse-au-conseil-regional-des-pays-de-la-loire\\\/\",\"url\":\"https:\\\/\\\/regions-snetap-fsu.fr\\\/pdl\\\/2017\\\/06\\\/27\\\/la-section-de-brette-les-pins-sadresse-au-conseil-regional-des-pays-de-la-loire\\\/\",\"name\":\"La section de BRETTE LES PINS s&#039;adresse au Conseil r\u00e9gional des Pays de la Loire - PAYS DE LA LOIRE\",\"isPartOf\":{\"@id\":\"https:\\\/\\\/regions-snetap-fsu.fr\\\/pdl\\\/#website\"},\"datePublished\":\"2017-06-27T21:50:31+00:00\",\"dateModified\":\"2018-09-19T19:56:15+00:00\",\"breadcrumb\":{\"@id\":\"https:\\\/\\\/regions-snetap-fsu.fr\\\/pdl\\\/2017\\\/06\\\/27\\\/la-section-de-brette-les-pins-sadresse-au-conseil-regional-des-pays-de-la-loire\\\/#breadcrumb\"},\"inLanguage\":\"fr-FR\",\"potentialAction\":[{\"@type\":\"ReadAction\",\"target\":[\"https:\\\/\\\/regions-snetap-fsu.fr\\\/pdl\\\/2017\\\/06\\\/27\\\/la-section-de-brette-les-pins-sadresse-au-conseil-regional-des-pays-de-la-loire\\\/\"]}]},{\"@type\":\"BreadcrumbList\",\"@id\":\"https:\\\/\\\/regions-snetap-fsu.fr\\\/pdl\\\/2017\\\/06\\\/27\\\/la-section-de-brette-les-pins-sadresse-au-conseil-regional-des-pays-de-la-loire\\\/#breadcrumb\",\"itemListElement\":[{\"@type\":\"ListItem\",\"position\":1,\"name\":\"Accueil\",\"item\":\"https:\\\/\\\/regions-snetap-fsu.fr\\\/pdl\\\/\"},{\"@type\":\"ListItem\",\"position\":2,\"name\":\"La section de BRETTE LES PINS s&#039;adresse au Conseil r\u00e9gional des Pays de la Loire\"}]},{\"@type\":\"WebSite\",\"@id\":\"https:\\\/\\\/regions-snetap-fsu.fr\\\/pdl\\\/#website\",\"url\":\"https:\\\/\\\/regions-snetap-fsu.fr\\\/pdl\\\/\",\"name\":\"SNETAP-FSU PAYS DE LA LOIRE\",\"description\":\"SECTION REGIONALE\",\"publisher\":{\"@id\":\"https:\\\/\\\/regions-snetap-fsu.fr\\\/pdl\\\/#organization\"},\"potentialAction\":[{\"@type\":\"SearchAction\",\"target\":{\"@type\":\"EntryPoint\",\"urlTemplate\":\"https:\\\/\\\/regions-snetap-fsu.fr\\\/pdl\\\/?s={search_term_string}\"},\"query-input\":{\"@type\":\"PropertyValueSpecification\",\"valueRequired\":true,\"valueName\":\"search_term_string\"}}],\"inLanguage\":\"fr-FR\"},{\"@type\":\"Organization\",\"@id\":\"https:\\\/\\\/regions-snetap-fsu.fr\\\/pdl\\\/#organization\",\"name\":\"SNETAP-FSU Pays de Loire\",\"url\":\"https:\\\/\\\/regions-snetap-fsu.fr\\\/pdl\\\/\",\"logo\":{\"@type\":\"ImageObject\",\"inLanguage\":\"fr-FR\",\"@id\":\"https:\\\/\\\/regions-snetap-fsu.fr\\\/pdl\\\/#\\\/schema\\\/logo\\\/image\\\/\",\"url\":\"https:\\\/\\\/regions-snetap-fsu.fr\\\/pdl\\\/wp-content\\\/uploads\\\/sites\\\/4\\\/2020\\\/12\\\/SNETAP-Logo.jpg\",\"contentUrl\":\"https:\\\/\\\/regions-snetap-fsu.fr\\\/pdl\\\/wp-content\\\/uploads\\\/sites\\\/4\\\/2020\\\/12\\\/SNETAP-Logo.jpg\",\"width\":464,\"height\":334,\"caption\":\"SNETAP-FSU Pays de Loire\"},\"image\":{\"@id\":\"https:\\\/\\\/regions-snetap-fsu.fr\\\/pdl\\\/#\\\/schema\\\/logo\\\/image\\\/\"}},{\"@type\":\"Person\",\"@id\":\"https:\\\/\\\/regions-snetap-fsu.fr\\\/pdl\\\/#\\\/schema\\\/person\\\/d4530af043f9e8d27bdd71c468ec93b1\",\"name\":\"yvigner\",\"image\":{\"@type\":\"ImageObject\",\"inLanguage\":\"fr-FR\",\"@id\":\"https:\\\/\\\/secure.gravatar.com\\\/avatar\\\/bc72baa6f2406549aecf77a837bc4f03dbe88472c1762138f868571430a23820?s=96&d=mm&r=g\",\"url\":\"https:\\\/\\\/secure.gravatar.com\\\/avatar\\\/bc72baa6f2406549aecf77a837bc4f03dbe88472c1762138f868571430a23820?s=96&d=mm&r=g\",\"contentUrl\":\"https:\\\/\\\/secure.gravatar.com\\\/avatar\\\/bc72baa6f2406549aecf77a837bc4f03dbe88472c1762138f868571430a23820?s=96&d=mm&r=g\",\"caption\":\"yvigner\"},\"url\":\"https:\\\/\\\/regions-snetap-fsu.fr\\\/pdl\\\/author\\\/yvigner\\\/\"}]}<\/script>\n<!-- \/ Yoast SEO plugin. -->","yoast_head_json":{"title":"La section de BRETTE LES PINS s&#039;adresse au Conseil r\u00e9gional des Pays de la Loire - PAYS DE LA LOIRE","robots":{"index":"index","follow":"follow","max-snippet":"max-snippet:-1","max-image-preview":"max-image-preview:large","max-video-preview":"max-video-preview:-1"},"canonical":"https:\/\/regions-snetap-fsu.fr\/pdl\/2017\/06\/27\/la-section-de-brette-les-pins-sadresse-au-conseil-regional-des-pays-de-la-loire\/","og_locale":"fr_FR","og_type":"article","og_title":"La section de BRETTE LES PINS s&#039;adresse au Conseil r\u00e9gional des Pays de la Loire - PAYS DE LA LOIRE","og_description":"La section de BRETTE LES PINS s&rsquo;adresse au Conseil r\u00e9gional des Pays de la Loire Brette les Pins, le 27 juin 2017 A Monsieur B.RETAILLEAU, Pr\u00e9sident du Conseil r\u00e9gional A Monsieur A.CHEREAU, Vice-Pr\u00e9sident du Conseil r\u00e9gional, Objet\u00a0: absence r\u00e9currente des \u00e9lus du Conseil r\u00e9gional au Conseil d&rsquo;administration du LPA A.PROVOTS Monsieur le Pr\u00e9sident, Monsieur le [&hellip;]","og_url":"https:\/\/regions-snetap-fsu.fr\/pdl\/2017\/06\/27\/la-section-de-brette-les-pins-sadresse-au-conseil-regional-des-pays-de-la-loire\/","og_site_name":"PAYS DE LA LOIRE","article_published_time":"2017-06-27T21:50:31+00:00","article_modified_time":"2018-09-19T19:56:15+00:00","author":"yvigner","twitter_card":"summary_large_image","twitter_misc":{"\u00c9crit par":"yvigner","Dur\u00e9e de lecture estim\u00e9e":"2 minutes"},"schema":{"@context":"https:\/\/schema.org","@graph":[{"@type":"Article","@id":"https:\/\/regions-snetap-fsu.fr\/pdl\/2017\/06\/27\/la-section-de-brette-les-pins-sadresse-au-conseil-regional-des-pays-de-la-loire\/#article","isPartOf":{"@id":"https:\/\/regions-snetap-fsu.fr\/pdl\/2017\/06\/27\/la-section-de-brette-les-pins-sadresse-au-conseil-regional-des-pays-de-la-loire\/"},"author":{"name":"yvigner","@id":"https:\/\/regions-snetap-fsu.fr\/pdl\/#\/schema\/person\/d4530af043f9e8d27bdd71c468ec93b1"},"headline":"La section de BRETTE LES PINS s&#039;adresse au Conseil r\u00e9gional des Pays de la Loire","datePublished":"2017-06-27T21:50:31+00:00","dateModified":"2018-09-19T19:56:15+00:00","mainEntityOfPage":{"@id":"https:\/\/regions-snetap-fsu.fr\/pdl\/2017\/06\/27\/la-section-de-brette-les-pins-sadresse-au-conseil-regional-des-pays-de-la-loire\/"},"wordCount":439,"publisher":{"@id":"https:\/\/regions-snetap-fsu.fr\/pdl\/#organization"},"articleSection":["Brette les Pins","Courriers de la section r\u00e9gionale"],"inLanguage":"fr-FR"},{"@type":"WebPage","@id":"https:\/\/regions-snetap-fsu.fr\/pdl\/2017\/06\/27\/la-section-de-brette-les-pins-sadresse-au-conseil-regional-des-pays-de-la-loire\/","url":"https:\/\/regions-snetap-fsu.fr\/pdl\/2017\/06\/27\/la-section-de-brette-les-pins-sadresse-au-conseil-regional-des-pays-de-la-loire\/","name":"La section de BRETTE LES PINS s&#039;adresse au Conseil r\u00e9gional des Pays de la Loire - PAYS DE LA LOIRE","isPartOf":{"@id":"https:\/\/regions-snetap-fsu.fr\/pdl\/#website"},"datePublished":"2017-06-27T21:50:31+00:00","dateModified":"2018-09-19T19:56:15+00:00","breadcrumb":{"@id":"https:\/\/regions-snetap-fsu.fr\/pdl\/2017\/06\/27\/la-section-de-brette-les-pins-sadresse-au-conseil-regional-des-pays-de-la-loire\/#breadcrumb"},"inLanguage":"fr-FR","potentialAction":[{"@type":"ReadAction","target":["https:\/\/regions-snetap-fsu.fr\/pdl\/2017\/06\/27\/la-section-de-brette-les-pins-sadresse-au-conseil-regional-des-pays-de-la-loire\/"]}]},{"@type":"BreadcrumbList","@id":"https:\/\/regions-snetap-fsu.fr\/pdl\/2017\/06\/27\/la-section-de-brette-les-pins-sadresse-au-conseil-regional-des-pays-de-la-loire\/#breadcrumb","itemListElement":[{"@type":"ListItem","position":1,"name":"Accueil","item":"https:\/\/regions-snetap-fsu.fr\/pdl\/"},{"@type":"ListItem","position":2,"name":"La section de BRETTE LES PINS s&#039;adresse au Conseil r\u00e9gional des Pays de la Loire"}]},{"@type":"WebSite","@id":"https:\/\/regions-snetap-fsu.fr\/pdl\/#website","url":"https:\/\/regions-snetap-fsu.fr\/pdl\/","name":"SNETAP-FSU PAYS DE LA LOIRE","description":"SECTION REGIONALE","publisher":{"@id":"https:\/\/regions-snetap-fsu.fr\/pdl\/#organization"},"potentialAction":[{"@type":"SearchAction","target":{"@type":"EntryPoint","urlTemplate":"https:\/\/regions-snetap-fsu.fr\/pdl\/?s={search_term_string}"},"query-input":{"@type":"PropertyValueSpecification","valueRequired":true,"valueName":"search_term_string"}}],"inLanguage":"fr-FR"},{"@type":"Organization","@id":"https:\/\/regions-snetap-fsu.fr\/pdl\/#organization","name":"SNETAP-FSU Pays de Loire","url":"https:\/\/regions-snetap-fsu.fr\/pdl\/","logo":{"@type":"ImageObject","inLanguage":"fr-FR","@id":"https:\/\/regions-snetap-fsu.fr\/pdl\/#\/schema\/logo\/image\/","url":"https:\/\/regions-snetap-fsu.fr\/pdl\/wp-content\/uploads\/sites\/4\/2020\/12\/SNETAP-Logo.jpg","contentUrl":"https:\/\/regions-snetap-fsu.fr\/pdl\/wp-content\/uploads\/sites\/4\/2020\/12\/SNETAP-Logo.jpg","width":464,"height":334,"caption":"SNETAP-FSU Pays de Loire"},"image":{"@id":"https:\/\/regions-snetap-fsu.fr\/pdl\/#\/schema\/logo\/image\/"}},{"@type":"Person","@id":"https:\/\/regions-snetap-fsu.fr\/pdl\/#\/schema\/person\/d4530af043f9e8d27bdd71c468ec93b1","name":"yvigner","image":{"@type":"ImageObject","inLanguage":"fr-FR","@id":"https:\/\/secure.gravatar.com\/avatar\/bc72baa6f2406549aecf77a837bc4f03dbe88472c1762138f868571430a23820?s=96&d=mm&r=g","url":"https:\/\/secure.gravatar.com\/avatar\/bc72baa6f2406549aecf77a837bc4f03dbe88472c1762138f868571430a23820?s=96&d=mm&r=g","contentUrl":"https:\/\/secure.gravatar.com\/avatar\/bc72baa6f2406549aecf77a837bc4f03dbe88472c1762138f868571430a23820?s=96&d=mm&r=g","caption":"yvigner"},"url":"https:\/\/regions-snetap-fsu.fr\/pdl\/author\/yvigner\/"}]}},"_links":{"self":[{"href":"https:\/\/regions-snetap-fsu.fr\/pdl\/wp-json\/wp\/v2\/posts\/530","targetHints":{"allow":["GET"]}}],"collection":[{"href":"https:\/\/regions-snetap-fsu.fr\/pdl\/wp-json\/wp\/v2\/posts"}],"about":[{"href":"https:\/\/regions-snetap-fsu.fr\/pdl\/wp-json\/wp\/v2\/types\/post"}],"author":[{"embeddable":true,"href":"https:\/\/regions-snetap-fsu.fr\/pdl\/wp-json\/wp\/v2\/users\/2"}],"replies":[{"embeddable":true,"href":"https:\/\/regions-snetap-fsu.fr\/pdl\/wp-json\/wp\/v2\/comments?post=530"}],"version-history":[{"count":1,"href":"https:\/\/regions-snetap-fsu.fr\/pdl\/wp-json\/wp\/v2\/posts\/530\/revisions"}],"predecessor-version":[{"id":2746,"href":"https:\/\/regions-snetap-fsu.fr\/pdl\/wp-json\/wp\/v2\/posts\/530\/revisions\/2746"}],"wp:attachment":[{"href":"https:\/\/regions-snetap-fsu.fr\/pdl\/wp-json\/wp\/v2\/media?parent=530"}],"wp:term":[{"taxonomy":"category","embeddable":true,"href":"https:\/\/regions-snetap-fsu.fr\/pdl\/wp-json\/wp\/v2\/categories?post=530"},{"taxonomy":"post_tag","embeddable":true,"href":"https:\/\/regions-snetap-fsu.fr\/pdl\/wp-json\/wp\/v2\/tags?post=530"},{"taxonomy":"post_folder","embeddable":true,"href":"https:\/\/regions-snetap-fsu.fr\/pdl\/wp-json\/wp\/v2\/post_folder?post=530"}],"curies":[{"name":"wp","href":"https:\/\/api.w.org\/{rel}","templated":true}]}}