{"id":5282,"date":"2025-02-10T22:13:52","date_gmt":"2025-02-10T21:13:52","guid":{"rendered":"https:\/\/regions-snetap-fsu.fr\/pdl\/?p=5282"},"modified":"2025-02-10T22:26:59","modified_gmt":"2025-02-10T21:26:59","slug":"groupe-de-travail-regional-aesh-en-pays-de-la-loire-le-snetap-fsu-porte-les-revendications-des-aesh","status":"publish","type":"post","link":"https:\/\/regions-snetap-fsu.fr\/pdl\/2025\/02\/10\/groupe-de-travail-regional-aesh-en-pays-de-la-loire-le-snetap-fsu-porte-les-revendications-des-aesh\/","title":{"rendered":"Groupe de travail r\u00e9gional AESH en Pays de la Loire. Le SNETAP-FSU porte les revendications des personnels"},"content":{"rendered":"<p style=\"text-align: justify;\"><span style=\"font-family: arial, helvetica, sans-serif;\">Le jeudi 30 janvier dernier, \u00e0 la demande du SNETAP-FSU s&rsquo;est tenu un groupe de travail r\u00e9gional issu du Comit\u00e9 Social d&rsquo;Administration R\u00e9gional de l&rsquo;Enseignement Agricole. Ce GT \u00e9tait compos\u00e9 d&rsquo;un repr\u00e9sentant des personnels de Direction, d&rsquo;un repr\u00e9sentant des secr\u00e9taires g\u00e9n\u00e9raux, des 4 repr\u00e9sentant.es des personnels (dont 2 AESH) de l&rsquo;Elan Commun et de 2 repr\u00e9sentants du SRFD. <\/span><\/p>\n<p style=\"text-align: justify;\"><span style=\"font-family: arial, helvetica, sans-serif;\">Plusieurs points \u00e9taient \u00e0 l&rsquo;ordre du jour : la mise en \u0153uvre de la note de service de septembre 2024 <a href=\"https:\/\/www.snetap-fsu.fr\/Nouvelle-version-de-la-NS-AESH.html\">(https:\/\/www.snetap-fsu.fr\/Nouvelle-version-de-la-NS-AESH.html)<\/a>, la poursuite de la r\u00e9daction d&rsquo;un vad\u00e9m\u00e9cum pour les AESH et enfin quelques questions diverses : remplacement des AESH lors d&rsquo;un cong\u00e9 maladie, financement de l&rsquo;accompagnement des \u00e9l\u00e8ves avec orientation ULIS et projet d&rsquo;un.e AESH r\u00e9f\u00e9rent-animateur d&rsquo;un r\u00e9seau r\u00e9gional.<\/span><\/p>\n<ul>\n<li>\n<h3><span style=\"font-family: arial, helvetica, sans-serif;\"><strong>APPLIQUER LA NOTE DE SERVICE AESH<\/strong><\/span><\/h3>\n<\/li>\n<\/ul>\n<p style=\"text-align: justify;\"><span style=\"font-family: arial, helvetica, sans-serif;\">Alors que cette note est maintenant sortie depuis plus de 4 mois, il demeure des points qui peinent \u00e0 s&rsquo;appliquer (jours de fractionnement, fourniture des EPI, non participation obligatoire aux JPO, participation aux conseils de classe, formation obligatoire SUR le temps d&rsquo;accompagnement, priorit\u00e9 \u00e0 l&rsquo;accompagnement des \u00e9l\u00e8ves sur la mission de lecteur-scripteur, priorit\u00e9 des CDI sur les CDD en cas de baisse quotit\u00e9 de travail&#8230;). Tant d&rsquo;\u00e9l\u00e9ments list\u00e9s ce jour l\u00e0 et qui seront repr\u00e9cis\u00e9s aux \u00e9quipes de Direction des EPL lig\u00e9riens.\u00a0<\/span><\/p>\n<ul>\n<li>\n<h3><span style=\"font-family: arial, helvetica, sans-serif;\">CREER UN VADEMECUM REGIONAL pour les AESH<\/span><\/h3>\n<\/li>\n<\/ul>\n<p class=\"western\" style=\"text-align: justify;\" align=\"justify\"><span style=\"font-family: arial, helvetica, sans-serif; font-size: 12pt;\">Nous avons poursuivi la r\u00e9daction d&rsquo;un VADEMECUM r\u00e9gional (comme il existe dans toutes les acad\u00e9mies) qui se veut un outil au service des AESH. Son contenu \u00e9voquerait : l&rsquo;environnement de travail , la pr\u00e9sentation du m\u00e9tier, les informations sur l&#8217;emploi\u00a0 et enfin pour aller plus loin des informations sur le handicap en dehors et \u00e0 l&rsquo;\u00e9cole. L&rsquo;objet de ce document est de produire un\u00a0 document qui recense toutes les informations disponibles et n\u00e9cessaires pour cr\u00e9er une culture professionnelle pour les AESH mais aussi pour connaitre ses droits. Le VADEMECUM devrait \u00eatre pr\u00eat pour la rentr\u00e9e prochaine.\u00a0<\/span><\/p>\n<ul>\n<li>\n<h3><span style=\"font-family: arial, helvetica, sans-serif;\">QUESTIONS DIVERSES<\/span><\/h3>\n<\/li>\n<\/ul>\n<p style=\"text-align: justify;\"><span style=\"font-family: arial, helvetica, sans-serif;\">Nous sommes enfin revenu sur notre demande de mise en place d&rsquo;un AESH r\u00e9f\u00e9rent r\u00e9gional. Un r\u00e9f\u00e9rent, nomm\u00e9 par la DRAAF, qui disposerait de 2h de d\u00e9charge hebdomadaire pour animer un r\u00e9seau r\u00e9gional (recensement des besoins en formation, \u00e9changes de pratiques, questions administratives&#8230;). Les repr\u00e9sentants du SRFD, sans s&rsquo;engager, ont accueilli cette demande positivement. Le sujet des remplacements (que ce soit pour les coll\u00e8gues en CDD ou CDI) a \u00e9galement \u00e9t\u00e9 abord\u00e9, le SRFD indiquant qu&rsquo;il n&rsquo;existait, a priori, aucun probl\u00e8me pour remplacer les coll\u00e8gues AESH en arr\u00eat maladie. Enfin, nous sommes revenus sur les modalit\u00e9s concernant les moyens humains pour accompagner les \u00e9l\u00e8ves venant d&rsquo;ULIS (avec orientation ULIS) et qui ont int\u00e9gr\u00e9 un CAPA dans un lyc\u00e9e professionnel agricole. Le SRFD a rappel\u00e9 sa doctrine en la mati\u00e8re : consid\u00e9rer que l&rsquo;orientation ULIS valait pour notification mutualis\u00e9e. Un dispositif \u00e0 remettre \u00e0 plat dans les lyc\u00e9es concern\u00e9s.\u00a0<\/span><\/p>\n<p>&nbsp;<\/p>\n<p align=\"justify\"><span style=\"font-family: arial, helvetica, sans-serif;\"><strong>Prochaine r\u00e9union du groupe de travail en avril 2024<\/strong><\/span><\/p>\n<p style=\"text-align: right;\" align=\"justify\"><span style=\"font-family: arial, helvetica, sans-serif;\">M\u00e9lanie FROUIN<\/span><\/p>\n<p style=\"text-align: right;\" align=\"justify\"><span style=\"font-family: arial, helvetica, sans-serif;\">Yoann VIGNER<\/span><\/p>\n","protected":false},"excerpt":{"rendered":"<p>Le jeudi 30 janvier dernier, \u00e0 la demande du SNETAP-FSU s&rsquo;est tenu un groupe de travail r\u00e9gional issu du Comit\u00e9 Social d&rsquo;Administration R\u00e9gional de l&rsquo;Enseignement Agricole. Ce GT \u00e9tait compos\u00e9 d&rsquo;un repr\u00e9sentant des personnels de Direction, d&rsquo;un repr\u00e9sentant des secr\u00e9taires g\u00e9n\u00e9raux, des 4 repr\u00e9sentant.es des personnels (dont 2 AESH) de l&rsquo;Elan Commun et de 2 [&hellip;]<\/p>\n","protected":false},"author":2,"featured_media":5283,"comment_status":"closed","ping_status":"closed","sticky":false,"template":"","format":"standard","meta":{"ocean_post_layout":"","ocean_both_sidebars_style":"","ocean_both_sidebars_content_width":0,"ocean_both_sidebars_sidebars_width":0,"ocean_sidebar":"0","ocean_second_sidebar":"0","ocean_disable_margins":"enable","ocean_add_body_class":"","ocean_shortcode_before_top_bar":"","ocean_shortcode_after_top_bar":"","ocean_shortcode_before_header":"","ocean_shortcode_after_header":"","ocean_has_shortcode":"","ocean_shortcode_after_title":"","ocean_shortcode_before_footer_widgets":"","ocean_shortcode_after_footer_widgets":"","ocean_shortcode_before_footer_bottom":"","ocean_shortcode_after_footer_bottom":"","ocean_display_top_bar":"default","ocean_display_header":"default","ocean_header_style":"","ocean_center_header_left_menu":"0","ocean_custom_header_template":"0","ocean_custom_logo":0,"ocean_custom_retina_logo":0,"ocean_custom_logo_max_width":0,"ocean_custom_logo_tablet_max_width":0,"ocean_custom_logo_mobile_max_width":0,"ocean_custom_logo_max_height":0,"ocean_custom_logo_tablet_max_height":0,"ocean_custom_logo_mobile_max_height":0,"ocean_header_custom_menu":"0","ocean_menu_typo_font_family":"0","ocean_menu_typo_font_subset":"","ocean_menu_typo_font_size":0,"ocean_menu_typo_font_size_tablet":0,"ocean_menu_typo_font_size_mobile":0,"ocean_menu_typo_font_size_unit":"px","ocean_menu_typo_font_weight":"","ocean_menu_typo_font_weight_tablet":"","ocean_menu_typo_font_weight_mobile":"","ocean_menu_typo_transform":"","ocean_menu_typo_transform_tablet":"","ocean_menu_typo_transform_mobile":"","ocean_menu_typo_line_height":0,"ocean_menu_typo_line_height_tablet":0,"ocean_menu_typo_line_height_mobile":0,"ocean_menu_typo_line_height_unit":"","ocean_menu_typo_spacing":0,"ocean_menu_typo_spacing_tablet":0,"ocean_menu_typo_spacing_mobile":0,"ocean_menu_typo_spacing_unit":"","ocean_menu_link_color":"","ocean_menu_link_color_hover":"","ocean_menu_link_color_active":"","ocean_menu_link_background":"","ocean_menu_link_hover_background":"","ocean_menu_link_active_background":"","ocean_menu_social_links_bg":"","ocean_menu_social_hover_links_bg":"","ocean_menu_social_links_color":"","ocean_menu_social_hover_links_color":"","ocean_disable_title":"default","ocean_disable_heading":"default","ocean_post_title":"","ocean_post_subheading":"","ocean_post_title_style":"","ocean_post_title_background_color":"","ocean_post_title_background":0,"ocean_post_title_bg_image_position":"","ocean_post_title_bg_image_attachment":"","ocean_post_title_bg_image_repeat":"","ocean_post_title_bg_image_size":"","ocean_post_title_height":0,"ocean_post_title_bg_overlay":0.5,"ocean_post_title_bg_overlay_color":"","ocean_disable_breadcrumbs":"default","ocean_breadcrumbs_color":"","ocean_breadcrumbs_separator_color":"","ocean_breadcrumbs_links_color":"","ocean_breadcrumbs_links_hover_color":"","ocean_display_footer_widgets":"default","ocean_display_footer_bottom":"default","ocean_custom_footer_template":"0","ocean_post_oembed":"","ocean_post_self_hosted_media":"","ocean_post_video_embed":"","ocean_link_format":"","ocean_link_format_target":"self","ocean_quote_format":"","ocean_quote_format_link":"post","ocean_gallery_link_images":"on","ocean_gallery_id":[],"footnotes":""},"categories":[37],"tags":[],"post_folder":[],"class_list":["post-5282","post","type-post","status-publish","format-standard","has-post-thumbnail","hentry","category-aesh","entry","has-media"],"yoast_head":"<!-- This site is optimized with the Yoast SEO plugin v27.4 - https:\/\/yoast.com\/product\/yoast-seo-wordpress\/ -->\n<title>Groupe de travail r\u00e9gional AESH en Pays de la Loire. Le SNETAP-FSU porte les revendications des personnels - PAYS DE LA LOIRE<\/title>\n<meta name=\"robots\" content=\"index, follow, max-snippet:-1, max-image-preview:large, max-video-preview:-1\" \/>\n<link rel=\"canonical\" href=\"https:\/\/regions-snetap-fsu.fr\/pdl\/2025\/02\/10\/groupe-de-travail-regional-aesh-en-pays-de-la-loire-le-snetap-fsu-porte-les-revendications-des-aesh\/\" \/>\n<meta property=\"og:locale\" content=\"fr_FR\" \/>\n<meta property=\"og:type\" content=\"article\" \/>\n<meta property=\"og:title\" content=\"Groupe de travail r\u00e9gional AESH en Pays de la Loire. Le SNETAP-FSU porte les revendications des personnels - PAYS DE LA LOIRE\" \/>\n<meta property=\"og:description\" content=\"Le jeudi 30 janvier dernier, \u00e0 la demande du SNETAP-FSU s&rsquo;est tenu un groupe de travail r\u00e9gional issu du Comit\u00e9 Social d&rsquo;Administration R\u00e9gional de l&rsquo;Enseignement Agricole. Ce GT \u00e9tait compos\u00e9 d&rsquo;un repr\u00e9sentant des personnels de Direction, d&rsquo;un repr\u00e9sentant des secr\u00e9taires g\u00e9n\u00e9raux, des 4 repr\u00e9sentant.es des personnels (dont 2 AESH) de l&rsquo;Elan Commun et de 2 [&hellip;]\" \/>\n<meta property=\"og:url\" content=\"https:\/\/regions-snetap-fsu.fr\/pdl\/2025\/02\/10\/groupe-de-travail-regional-aesh-en-pays-de-la-loire-le-snetap-fsu-porte-les-revendications-des-aesh\/\" \/>\n<meta property=\"og:site_name\" content=\"PAYS DE LA LOIRE\" \/>\n<meta property=\"article:published_time\" content=\"2025-02-10T21:13:52+00:00\" \/>\n<meta property=\"article:modified_time\" content=\"2025-02-10T21:26:59+00:00\" \/>\n<meta property=\"og:image\" content=\"https:\/\/regions-snetap-fsu.fr\/pdl\/wp-content\/uploads\/sites\/4\/2025\/02\/AESH-Logo-FSU-2.jpg\" \/>\n\t<meta property=\"og:image:width\" content=\"361\" \/>\n\t<meta property=\"og:image:height\" content=\"363\" \/>\n\t<meta property=\"og:image:type\" content=\"image\/jpeg\" \/>\n<meta name=\"author\" content=\"yvigner\" \/>\n<meta name=\"twitter:card\" content=\"summary_large_image\" \/>\n<meta name=\"twitter:label1\" content=\"\u00c9crit par\" \/>\n\t<meta name=\"twitter:data1\" content=\"yvigner\" \/>\n\t<meta name=\"twitter:label2\" content=\"Dur\u00e9e de lecture estim\u00e9e\" \/>\n\t<meta name=\"twitter:data2\" content=\"3 minutes\" \/>\n<script type=\"application\/ld+json\" class=\"yoast-schema-graph\">{\"@context\":\"https:\\\/\\\/schema.org\",\"@graph\":[{\"@type\":\"Article\",\"@id\":\"https:\\\/\\\/regions-snetap-fsu.fr\\\/pdl\\\/2025\\\/02\\\/10\\\/groupe-de-travail-regional-aesh-en-pays-de-la-loire-le-snetap-fsu-porte-les-revendications-des-aesh\\\/#article\",\"isPartOf\":{\"@id\":\"https:\\\/\\\/regions-snetap-fsu.fr\\\/pdl\\\/2025\\\/02\\\/10\\\/groupe-de-travail-regional-aesh-en-pays-de-la-loire-le-snetap-fsu-porte-les-revendications-des-aesh\\\/\"},\"author\":{\"name\":\"yvigner\",\"@id\":\"https:\\\/\\\/regions-snetap-fsu.fr\\\/pdl\\\/#\\\/schema\\\/person\\\/d4530af043f9e8d27bdd71c468ec93b1\"},\"headline\":\"Groupe de travail r\u00e9gional AESH en Pays de la Loire. Le SNETAP-FSU porte les revendications des personnels\",\"datePublished\":\"2025-02-10T21:13:52+00:00\",\"dateModified\":\"2025-02-10T21:26:59+00:00\",\"mainEntityOfPage\":{\"@id\":\"https:\\\/\\\/regions-snetap-fsu.fr\\\/pdl\\\/2025\\\/02\\\/10\\\/groupe-de-travail-regional-aesh-en-pays-de-la-loire-le-snetap-fsu-porte-les-revendications-des-aesh\\\/\"},\"wordCount\":562,\"publisher\":{\"@id\":\"https:\\\/\\\/regions-snetap-fsu.fr\\\/pdl\\\/#organization\"},\"image\":{\"@id\":\"https:\\\/\\\/regions-snetap-fsu.fr\\\/pdl\\\/2025\\\/02\\\/10\\\/groupe-de-travail-regional-aesh-en-pays-de-la-loire-le-snetap-fsu-porte-les-revendications-des-aesh\\\/#primaryimage\"},\"thumbnailUrl\":\"https:\\\/\\\/regions-snetap-fsu.fr\\\/pdl\\\/wp-content\\\/uploads\\\/sites\\\/4\\\/2025\\\/02\\\/AESH-Logo-FSU-2.jpg\",\"articleSection\":[\"AESH\"],\"inLanguage\":\"fr-FR\"},{\"@type\":\"WebPage\",\"@id\":\"https:\\\/\\\/regions-snetap-fsu.fr\\\/pdl\\\/2025\\\/02\\\/10\\\/groupe-de-travail-regional-aesh-en-pays-de-la-loire-le-snetap-fsu-porte-les-revendications-des-aesh\\\/\",\"url\":\"https:\\\/\\\/regions-snetap-fsu.fr\\\/pdl\\\/2025\\\/02\\\/10\\\/groupe-de-travail-regional-aesh-en-pays-de-la-loire-le-snetap-fsu-porte-les-revendications-des-aesh\\\/\",\"name\":\"Groupe de travail r\u00e9gional AESH en Pays de la Loire. Le SNETAP-FSU porte les revendications des personnels - PAYS DE LA LOIRE\",\"isPartOf\":{\"@id\":\"https:\\\/\\\/regions-snetap-fsu.fr\\\/pdl\\\/#website\"},\"primaryImageOfPage\":{\"@id\":\"https:\\\/\\\/regions-snetap-fsu.fr\\\/pdl\\\/2025\\\/02\\\/10\\\/groupe-de-travail-regional-aesh-en-pays-de-la-loire-le-snetap-fsu-porte-les-revendications-des-aesh\\\/#primaryimage\"},\"image\":{\"@id\":\"https:\\\/\\\/regions-snetap-fsu.fr\\\/pdl\\\/2025\\\/02\\\/10\\\/groupe-de-travail-regional-aesh-en-pays-de-la-loire-le-snetap-fsu-porte-les-revendications-des-aesh\\\/#primaryimage\"},\"thumbnailUrl\":\"https:\\\/\\\/regions-snetap-fsu.fr\\\/pdl\\\/wp-content\\\/uploads\\\/sites\\\/4\\\/2025\\\/02\\\/AESH-Logo-FSU-2.jpg\",\"datePublished\":\"2025-02-10T21:13:52+00:00\",\"dateModified\":\"2025-02-10T21:26:59+00:00\",\"breadcrumb\":{\"@id\":\"https:\\\/\\\/regions-snetap-fsu.fr\\\/pdl\\\/2025\\\/02\\\/10\\\/groupe-de-travail-regional-aesh-en-pays-de-la-loire-le-snetap-fsu-porte-les-revendications-des-aesh\\\/#breadcrumb\"},\"inLanguage\":\"fr-FR\",\"potentialAction\":[{\"@type\":\"ReadAction\",\"target\":[\"https:\\\/\\\/regions-snetap-fsu.fr\\\/pdl\\\/2025\\\/02\\\/10\\\/groupe-de-travail-regional-aesh-en-pays-de-la-loire-le-snetap-fsu-porte-les-revendications-des-aesh\\\/\"]}]},{\"@type\":\"ImageObject\",\"inLanguage\":\"fr-FR\",\"@id\":\"https:\\\/\\\/regions-snetap-fsu.fr\\\/pdl\\\/2025\\\/02\\\/10\\\/groupe-de-travail-regional-aesh-en-pays-de-la-loire-le-snetap-fsu-porte-les-revendications-des-aesh\\\/#primaryimage\",\"url\":\"https:\\\/\\\/regions-snetap-fsu.fr\\\/pdl\\\/wp-content\\\/uploads\\\/sites\\\/4\\\/2025\\\/02\\\/AESH-Logo-FSU-2.jpg\",\"contentUrl\":\"https:\\\/\\\/regions-snetap-fsu.fr\\\/pdl\\\/wp-content\\\/uploads\\\/sites\\\/4\\\/2025\\\/02\\\/AESH-Logo-FSU-2.jpg\",\"width\":361,\"height\":363},{\"@type\":\"BreadcrumbList\",\"@id\":\"https:\\\/\\\/regions-snetap-fsu.fr\\\/pdl\\\/2025\\\/02\\\/10\\\/groupe-de-travail-regional-aesh-en-pays-de-la-loire-le-snetap-fsu-porte-les-revendications-des-aesh\\\/#breadcrumb\",\"itemListElement\":[{\"@type\":\"ListItem\",\"position\":1,\"name\":\"Accueil\",\"item\":\"https:\\\/\\\/regions-snetap-fsu.fr\\\/pdl\\\/\"},{\"@type\":\"ListItem\",\"position\":2,\"name\":\"Groupe de travail r\u00e9gional AESH en Pays de la Loire. Le SNETAP-FSU porte les revendications des personnels\"}]},{\"@type\":\"WebSite\",\"@id\":\"https:\\\/\\\/regions-snetap-fsu.fr\\\/pdl\\\/#website\",\"url\":\"https:\\\/\\\/regions-snetap-fsu.fr\\\/pdl\\\/\",\"name\":\"SNETAP-FSU PAYS DE LA LOIRE\",\"description\":\"SECTION REGIONALE\",\"publisher\":{\"@id\":\"https:\\\/\\\/regions-snetap-fsu.fr\\\/pdl\\\/#organization\"},\"potentialAction\":[{\"@type\":\"SearchAction\",\"target\":{\"@type\":\"EntryPoint\",\"urlTemplate\":\"https:\\\/\\\/regions-snetap-fsu.fr\\\/pdl\\\/?s={search_term_string}\"},\"query-input\":{\"@type\":\"PropertyValueSpecification\",\"valueRequired\":true,\"valueName\":\"search_term_string\"}}],\"inLanguage\":\"fr-FR\"},{\"@type\":\"Organization\",\"@id\":\"https:\\\/\\\/regions-snetap-fsu.fr\\\/pdl\\\/#organization\",\"name\":\"SNETAP-FSU Pays de Loire\",\"url\":\"https:\\\/\\\/regions-snetap-fsu.fr\\\/pdl\\\/\",\"logo\":{\"@type\":\"ImageObject\",\"inLanguage\":\"fr-FR\",\"@id\":\"https:\\\/\\\/regions-snetap-fsu.fr\\\/pdl\\\/#\\\/schema\\\/logo\\\/image\\\/\",\"url\":\"https:\\\/\\\/regions-snetap-fsu.fr\\\/pdl\\\/wp-content\\\/uploads\\\/sites\\\/4\\\/2020\\\/12\\\/SNETAP-Logo.jpg\",\"contentUrl\":\"https:\\\/\\\/regions-snetap-fsu.fr\\\/pdl\\\/wp-content\\\/uploads\\\/sites\\\/4\\\/2020\\\/12\\\/SNETAP-Logo.jpg\",\"width\":464,\"height\":334,\"caption\":\"SNETAP-FSU Pays de Loire\"},\"image\":{\"@id\":\"https:\\\/\\\/regions-snetap-fsu.fr\\\/pdl\\\/#\\\/schema\\\/logo\\\/image\\\/\"}},{\"@type\":\"Person\",\"@id\":\"https:\\\/\\\/regions-snetap-fsu.fr\\\/pdl\\\/#\\\/schema\\\/person\\\/d4530af043f9e8d27bdd71c468ec93b1\",\"name\":\"yvigner\",\"image\":{\"@type\":\"ImageObject\",\"inLanguage\":\"fr-FR\",\"@id\":\"https:\\\/\\\/secure.gravatar.com\\\/avatar\\\/bc72baa6f2406549aecf77a837bc4f03dbe88472c1762138f868571430a23820?s=96&d=mm&r=g\",\"url\":\"https:\\\/\\\/secure.gravatar.com\\\/avatar\\\/bc72baa6f2406549aecf77a837bc4f03dbe88472c1762138f868571430a23820?s=96&d=mm&r=g\",\"contentUrl\":\"https:\\\/\\\/secure.gravatar.com\\\/avatar\\\/bc72baa6f2406549aecf77a837bc4f03dbe88472c1762138f868571430a23820?s=96&d=mm&r=g\",\"caption\":\"yvigner\"},\"url\":\"https:\\\/\\\/regions-snetap-fsu.fr\\\/pdl\\\/author\\\/yvigner\\\/\"}]}<\/script>\n<!-- \/ Yoast SEO plugin. -->","yoast_head_json":{"title":"Groupe de travail r\u00e9gional AESH en Pays de la Loire. Le SNETAP-FSU porte les revendications des personnels - PAYS DE LA LOIRE","robots":{"index":"index","follow":"follow","max-snippet":"max-snippet:-1","max-image-preview":"max-image-preview:large","max-video-preview":"max-video-preview:-1"},"canonical":"https:\/\/regions-snetap-fsu.fr\/pdl\/2025\/02\/10\/groupe-de-travail-regional-aesh-en-pays-de-la-loire-le-snetap-fsu-porte-les-revendications-des-aesh\/","og_locale":"fr_FR","og_type":"article","og_title":"Groupe de travail r\u00e9gional AESH en Pays de la Loire. Le SNETAP-FSU porte les revendications des personnels - PAYS DE LA LOIRE","og_description":"Le jeudi 30 janvier dernier, \u00e0 la demande du SNETAP-FSU s&rsquo;est tenu un groupe de travail r\u00e9gional issu du Comit\u00e9 Social d&rsquo;Administration R\u00e9gional de l&rsquo;Enseignement Agricole. Ce GT \u00e9tait compos\u00e9 d&rsquo;un repr\u00e9sentant des personnels de Direction, d&rsquo;un repr\u00e9sentant des secr\u00e9taires g\u00e9n\u00e9raux, des 4 repr\u00e9sentant.es des personnels (dont 2 AESH) de l&rsquo;Elan Commun et de 2 [&hellip;]","og_url":"https:\/\/regions-snetap-fsu.fr\/pdl\/2025\/02\/10\/groupe-de-travail-regional-aesh-en-pays-de-la-loire-le-snetap-fsu-porte-les-revendications-des-aesh\/","og_site_name":"PAYS DE LA LOIRE","article_published_time":"2025-02-10T21:13:52+00:00","article_modified_time":"2025-02-10T21:26:59+00:00","og_image":[{"width":361,"height":363,"url":"https:\/\/regions-snetap-fsu.fr\/pdl\/wp-content\/uploads\/sites\/4\/2025\/02\/AESH-Logo-FSU-2.jpg","type":"image\/jpeg"}],"author":"yvigner","twitter_card":"summary_large_image","twitter_misc":{"\u00c9crit par":"yvigner","Dur\u00e9e de lecture estim\u00e9e":"3 minutes"},"schema":{"@context":"https:\/\/schema.org","@graph":[{"@type":"Article","@id":"https:\/\/regions-snetap-fsu.fr\/pdl\/2025\/02\/10\/groupe-de-travail-regional-aesh-en-pays-de-la-loire-le-snetap-fsu-porte-les-revendications-des-aesh\/#article","isPartOf":{"@id":"https:\/\/regions-snetap-fsu.fr\/pdl\/2025\/02\/10\/groupe-de-travail-regional-aesh-en-pays-de-la-loire-le-snetap-fsu-porte-les-revendications-des-aesh\/"},"author":{"name":"yvigner","@id":"https:\/\/regions-snetap-fsu.fr\/pdl\/#\/schema\/person\/d4530af043f9e8d27bdd71c468ec93b1"},"headline":"Groupe de travail r\u00e9gional AESH en Pays de la Loire. Le SNETAP-FSU porte les revendications des personnels","datePublished":"2025-02-10T21:13:52+00:00","dateModified":"2025-02-10T21:26:59+00:00","mainEntityOfPage":{"@id":"https:\/\/regions-snetap-fsu.fr\/pdl\/2025\/02\/10\/groupe-de-travail-regional-aesh-en-pays-de-la-loire-le-snetap-fsu-porte-les-revendications-des-aesh\/"},"wordCount":562,"publisher":{"@id":"https:\/\/regions-snetap-fsu.fr\/pdl\/#organization"},"image":{"@id":"https:\/\/regions-snetap-fsu.fr\/pdl\/2025\/02\/10\/groupe-de-travail-regional-aesh-en-pays-de-la-loire-le-snetap-fsu-porte-les-revendications-des-aesh\/#primaryimage"},"thumbnailUrl":"https:\/\/regions-snetap-fsu.fr\/pdl\/wp-content\/uploads\/sites\/4\/2025\/02\/AESH-Logo-FSU-2.jpg","articleSection":["AESH"],"inLanguage":"fr-FR"},{"@type":"WebPage","@id":"https:\/\/regions-snetap-fsu.fr\/pdl\/2025\/02\/10\/groupe-de-travail-regional-aesh-en-pays-de-la-loire-le-snetap-fsu-porte-les-revendications-des-aesh\/","url":"https:\/\/regions-snetap-fsu.fr\/pdl\/2025\/02\/10\/groupe-de-travail-regional-aesh-en-pays-de-la-loire-le-snetap-fsu-porte-les-revendications-des-aesh\/","name":"Groupe de travail r\u00e9gional AESH en Pays de la Loire. Le SNETAP-FSU porte les revendications des personnels - PAYS DE LA LOIRE","isPartOf":{"@id":"https:\/\/regions-snetap-fsu.fr\/pdl\/#website"},"primaryImageOfPage":{"@id":"https:\/\/regions-snetap-fsu.fr\/pdl\/2025\/02\/10\/groupe-de-travail-regional-aesh-en-pays-de-la-loire-le-snetap-fsu-porte-les-revendications-des-aesh\/#primaryimage"},"image":{"@id":"https:\/\/regions-snetap-fsu.fr\/pdl\/2025\/02\/10\/groupe-de-travail-regional-aesh-en-pays-de-la-loire-le-snetap-fsu-porte-les-revendications-des-aesh\/#primaryimage"},"thumbnailUrl":"https:\/\/regions-snetap-fsu.fr\/pdl\/wp-content\/uploads\/sites\/4\/2025\/02\/AESH-Logo-FSU-2.jpg","datePublished":"2025-02-10T21:13:52+00:00","dateModified":"2025-02-10T21:26:59+00:00","breadcrumb":{"@id":"https:\/\/regions-snetap-fsu.fr\/pdl\/2025\/02\/10\/groupe-de-travail-regional-aesh-en-pays-de-la-loire-le-snetap-fsu-porte-les-revendications-des-aesh\/#breadcrumb"},"inLanguage":"fr-FR","potentialAction":[{"@type":"ReadAction","target":["https:\/\/regions-snetap-fsu.fr\/pdl\/2025\/02\/10\/groupe-de-travail-regional-aesh-en-pays-de-la-loire-le-snetap-fsu-porte-les-revendications-des-aesh\/"]}]},{"@type":"ImageObject","inLanguage":"fr-FR","@id":"https:\/\/regions-snetap-fsu.fr\/pdl\/2025\/02\/10\/groupe-de-travail-regional-aesh-en-pays-de-la-loire-le-snetap-fsu-porte-les-revendications-des-aesh\/#primaryimage","url":"https:\/\/regions-snetap-fsu.fr\/pdl\/wp-content\/uploads\/sites\/4\/2025\/02\/AESH-Logo-FSU-2.jpg","contentUrl":"https:\/\/regions-snetap-fsu.fr\/pdl\/wp-content\/uploads\/sites\/4\/2025\/02\/AESH-Logo-FSU-2.jpg","width":361,"height":363},{"@type":"BreadcrumbList","@id":"https:\/\/regions-snetap-fsu.fr\/pdl\/2025\/02\/10\/groupe-de-travail-regional-aesh-en-pays-de-la-loire-le-snetap-fsu-porte-les-revendications-des-aesh\/#breadcrumb","itemListElement":[{"@type":"ListItem","position":1,"name":"Accueil","item":"https:\/\/regions-snetap-fsu.fr\/pdl\/"},{"@type":"ListItem","position":2,"name":"Groupe de travail r\u00e9gional AESH en Pays de la Loire. Le SNETAP-FSU porte les revendications des personnels"}]},{"@type":"WebSite","@id":"https:\/\/regions-snetap-fsu.fr\/pdl\/#website","url":"https:\/\/regions-snetap-fsu.fr\/pdl\/","name":"SNETAP-FSU PAYS DE LA LOIRE","description":"SECTION REGIONALE","publisher":{"@id":"https:\/\/regions-snetap-fsu.fr\/pdl\/#organization"},"potentialAction":[{"@type":"SearchAction","target":{"@type":"EntryPoint","urlTemplate":"https:\/\/regions-snetap-fsu.fr\/pdl\/?s={search_term_string}"},"query-input":{"@type":"PropertyValueSpecification","valueRequired":true,"valueName":"search_term_string"}}],"inLanguage":"fr-FR"},{"@type":"Organization","@id":"https:\/\/regions-snetap-fsu.fr\/pdl\/#organization","name":"SNETAP-FSU Pays de Loire","url":"https:\/\/regions-snetap-fsu.fr\/pdl\/","logo":{"@type":"ImageObject","inLanguage":"fr-FR","@id":"https:\/\/regions-snetap-fsu.fr\/pdl\/#\/schema\/logo\/image\/","url":"https:\/\/regions-snetap-fsu.fr\/pdl\/wp-content\/uploads\/sites\/4\/2020\/12\/SNETAP-Logo.jpg","contentUrl":"https:\/\/regions-snetap-fsu.fr\/pdl\/wp-content\/uploads\/sites\/4\/2020\/12\/SNETAP-Logo.jpg","width":464,"height":334,"caption":"SNETAP-FSU Pays de Loire"},"image":{"@id":"https:\/\/regions-snetap-fsu.fr\/pdl\/#\/schema\/logo\/image\/"}},{"@type":"Person","@id":"https:\/\/regions-snetap-fsu.fr\/pdl\/#\/schema\/person\/d4530af043f9e8d27bdd71c468ec93b1","name":"yvigner","image":{"@type":"ImageObject","inLanguage":"fr-FR","@id":"https:\/\/secure.gravatar.com\/avatar\/bc72baa6f2406549aecf77a837bc4f03dbe88472c1762138f868571430a23820?s=96&d=mm&r=g","url":"https:\/\/secure.gravatar.com\/avatar\/bc72baa6f2406549aecf77a837bc4f03dbe88472c1762138f868571430a23820?s=96&d=mm&r=g","contentUrl":"https:\/\/secure.gravatar.com\/avatar\/bc72baa6f2406549aecf77a837bc4f03dbe88472c1762138f868571430a23820?s=96&d=mm&r=g","caption":"yvigner"},"url":"https:\/\/regions-snetap-fsu.fr\/pdl\/author\/yvigner\/"}]}},"_links":{"self":[{"href":"https:\/\/regions-snetap-fsu.fr\/pdl\/wp-json\/wp\/v2\/posts\/5282","targetHints":{"allow":["GET"]}}],"collection":[{"href":"https:\/\/regions-snetap-fsu.fr\/pdl\/wp-json\/wp\/v2\/posts"}],"about":[{"href":"https:\/\/regions-snetap-fsu.fr\/pdl\/wp-json\/wp\/v2\/types\/post"}],"author":[{"embeddable":true,"href":"https:\/\/regions-snetap-fsu.fr\/pdl\/wp-json\/wp\/v2\/users\/2"}],"replies":[{"embeddable":true,"href":"https:\/\/regions-snetap-fsu.fr\/pdl\/wp-json\/wp\/v2\/comments?post=5282"}],"version-history":[{"count":4,"href":"https:\/\/regions-snetap-fsu.fr\/pdl\/wp-json\/wp\/v2\/posts\/5282\/revisions"}],"predecessor-version":[{"id":5287,"href":"https:\/\/regions-snetap-fsu.fr\/pdl\/wp-json\/wp\/v2\/posts\/5282\/revisions\/5287"}],"wp:featuredmedia":[{"embeddable":true,"href":"https:\/\/regions-snetap-fsu.fr\/pdl\/wp-json\/wp\/v2\/media\/5283"}],"wp:attachment":[{"href":"https:\/\/regions-snetap-fsu.fr\/pdl\/wp-json\/wp\/v2\/media?parent=5282"}],"wp:term":[{"taxonomy":"category","embeddable":true,"href":"https:\/\/regions-snetap-fsu.fr\/pdl\/wp-json\/wp\/v2\/categories?post=5282"},{"taxonomy":"post_tag","embeddable":true,"href":"https:\/\/regions-snetap-fsu.fr\/pdl\/wp-json\/wp\/v2\/tags?post=5282"},{"taxonomy":"post_folder","embeddable":true,"href":"https:\/\/regions-snetap-fsu.fr\/pdl\/wp-json\/wp\/v2\/post_folder?post=5282"}],"curies":[{"name":"wp","href":"https:\/\/api.w.org\/{rel}","templated":true}]}}