{"id":5262,"date":"2025-01-25T17:45:53","date_gmt":"2025-01-25T16:45:53","guid":{"rendered":"https:\/\/regions-snetap-fsu.fr\/pdl\/?p=5262"},"modified":"2025-01-25T17:48:30","modified_gmt":"2025-01-25T16:48:30","slug":"mobilisation-contre-les-baisses-de-dgh-et-suppression-de-postes-dans-lenseignement-agricole-public","status":"publish","type":"post","link":"https:\/\/regions-snetap-fsu.fr\/pdl\/2025\/01\/25\/mobilisation-contre-les-baisses-de-dgh-et-suppression-de-postes-dans-lenseignement-agricole-public\/","title":{"rendered":"Mobilisation contre les baisses de DGH et suppression de postes dans l&rsquo;Enseignement Agricole Public"},"content":{"rendered":"<p style=\"text-align: justify;\"><span style=\"font-family: arial, helvetica, sans-serif;\">Ce vendredi 24 janvier, les personnels des lyc\u00e9es agricoles publics des Pays de La Loire se sont mobilis\u00e9s avec les \u00e9lu.es au CSA REA de l&rsquo;Elan Commun et du SEA UNSA. Une d\u00e9l\u00e9gation a \u00e9t\u00e9 re\u00e7ue par la DRAAF et le chef du SRFD.. <\/span><\/p>\n<p style=\"text-align: justify;\"><span style=\"font-family: arial, helvetica, sans-serif;\">Alors que le budget n&rsquo;est pas encore vot\u00e9, le Minist\u00e8re-la DGER-la DRAAF pr\u00e9voit la fermeture de 2 BTSA TC \u00e0 Rouillon (72) et Saint-Herblain (44) sans aucune concertation et au m\u00e9pris total des agent\u2022es, des instances \u00e9lues, des \u00e9l\u00e8ves-\u00e9tudiants ! <\/span><\/p>\n<p style=\"text-align: justify;\"><span style=\"font-family: arial, helvetica, sans-serif;\">Par ailleurs, un plafonnement des classes de seconde GT \u00e0 27 au lieu de 32 dans tous les \u00e9tablissements de la r\u00e9gion, des regroupements de classe anti-p\u00e9dagogiques (ex d&rsquo;option de BTSA r\u00e9nov\u00e9s) ou encore des baisses de seuil en BTSA sont pr\u00e9vus. Et 2.6 postes supprim\u00e9s.\u00a0<\/span><\/p>\n<p style=\"text-align: justify;\"><span style=\"font-family: arial, helvetica, sans-serif;\">En France ce sont plus de 28000h de DGH et 45 postes qui seraient supprim\u00e9s.<\/span><\/p>\n<p style=\"text-align: justify;\"><span style=\"font-family: arial, helvetica, sans-serif;\">Nous avons demand\u00e9 un <strong>moratoire<\/strong> sur les fermetures tant qu&rsquo;aucun budget n&rsquo;est vot\u00e9, tant que les Parlementaires n&rsquo;ont donn\u00e9 aucun ligne directrice (loi de finance). Les BTSA doivent r\u00e9apparaitre sur PARCOURSUP.\u00a0<\/span><\/p>\n<p style=\"text-align: justify;\"><span style=\"font-family: arial, helvetica, sans-serif;\">Nous avons demand\u00e9 que la carte scolaire pr\u00e9sent\u00e9e et vot\u00e9e en CSA REA, en CREA, en CAEN soit respect\u00e9e. <strong>Aucune fermeture et ouverture des CAPA \u00e0 Brette les Pins et Fontenay le Comte<\/strong>. Nous allons \u00e9crire \u00e0 la Ministre et poursuivre notre mobilisation dans les prochains jours. R\u00e9unissons nous dans les lyc\u00e9es pour organiser la riposte, demandons toutes les pr\u00e9cisions \u00e0 nos \u00e9quipes de direction.\u00a0<\/span><\/p>\n<p style=\"text-align: justify;\">\u00a0<img fetchpriority=\"high\" decoding=\"async\" class=\"alignnone size-full wp-image-5264\" src=\"https:\/\/regions-snetap-fsu.fr\/pdl\/wp-content\/uploads\/sites\/4\/2025\/01\/bafkreihkc6xtajbrexcmru4h4oxytewpz3gxap2cys4vm3sdmp3vuwwtzy.jpg\" alt=\"\" width=\"1080\" height=\"673\" srcset=\"https:\/\/regions-snetap-fsu.fr\/pdl\/wp-content\/uploads\/sites\/4\/2025\/01\/bafkreihkc6xtajbrexcmru4h4oxytewpz3gxap2cys4vm3sdmp3vuwwtzy.jpg 1080w, https:\/\/regions-snetap-fsu.fr\/pdl\/wp-content\/uploads\/sites\/4\/2025\/01\/bafkreihkc6xtajbrexcmru4h4oxytewpz3gxap2cys4vm3sdmp3vuwwtzy-300x187.jpg 300w, https:\/\/regions-snetap-fsu.fr\/pdl\/wp-content\/uploads\/sites\/4\/2025\/01\/bafkreihkc6xtajbrexcmru4h4oxytewpz3gxap2cys4vm3sdmp3vuwwtzy-1024x638.jpg 1024w, https:\/\/regions-snetap-fsu.fr\/pdl\/wp-content\/uploads\/sites\/4\/2025\/01\/bafkreihkc6xtajbrexcmru4h4oxytewpz3gxap2cys4vm3sdmp3vuwwtzy-768x479.jpg 768w\" sizes=\"(max-width: 1080px) 100vw, 1080px\" \/><\/p>\n<p><img decoding=\"async\" class=\"alignnone size-full wp-image-5263\" src=\"https:\/\/regions-snetap-fsu.fr\/pdl\/wp-content\/uploads\/sites\/4\/2025\/01\/bafkreicaw2fzohd2eyrpyf7qbtgmcasafdhy3ssm6bcyssxbbvztm6o4lm.jpg\" alt=\"\" width=\"2000\" height=\"1333\" srcset=\"https:\/\/regions-snetap-fsu.fr\/pdl\/wp-content\/uploads\/sites\/4\/2025\/01\/bafkreicaw2fzohd2eyrpyf7qbtgmcasafdhy3ssm6bcyssxbbvztm6o4lm.jpg 2000w, https:\/\/regions-snetap-fsu.fr\/pdl\/wp-content\/uploads\/sites\/4\/2025\/01\/bafkreicaw2fzohd2eyrpyf7qbtgmcasafdhy3ssm6bcyssxbbvztm6o4lm-300x200.jpg 300w, https:\/\/regions-snetap-fsu.fr\/pdl\/wp-content\/uploads\/sites\/4\/2025\/01\/bafkreicaw2fzohd2eyrpyf7qbtgmcasafdhy3ssm6bcyssxbbvztm6o4lm-1024x682.jpg 1024w, https:\/\/regions-snetap-fsu.fr\/pdl\/wp-content\/uploads\/sites\/4\/2025\/01\/bafkreicaw2fzohd2eyrpyf7qbtgmcasafdhy3ssm6bcyssxbbvztm6o4lm-768x512.jpg 768w, https:\/\/regions-snetap-fsu.fr\/pdl\/wp-content\/uploads\/sites\/4\/2025\/01\/bafkreicaw2fzohd2eyrpyf7qbtgmcasafdhy3ssm6bcyssxbbvztm6o4lm-1536x1024.jpg 1536w\" sizes=\"(max-width: 2000px) 100vw, 2000px\" \/><\/p>\n","protected":false},"excerpt":{"rendered":"<p>Ce vendredi 24 janvier, les personnels des lyc\u00e9es agricoles publics des Pays de La Loire se sont mobilis\u00e9s avec les \u00e9lu.es au CSA REA de l&rsquo;Elan Commun et du SEA UNSA. Une d\u00e9l\u00e9gation a \u00e9t\u00e9 re\u00e7ue par la DRAAF et le chef du SRFD.. Alors que le budget n&rsquo;est pas encore vot\u00e9, le Minist\u00e8re-la DGER-la [&hellip;]<\/p>\n","protected":false},"author":2,"featured_media":5264,"comment_status":"closed","ping_status":"closed","sticky":false,"template":"","format":"standard","meta":{"ocean_post_layout":"","ocean_both_sidebars_style":"","ocean_both_sidebars_content_width":0,"ocean_both_sidebars_sidebars_width":0,"ocean_sidebar":"0","ocean_second_sidebar":"0","ocean_disable_margins":"enable","ocean_add_body_class":"","ocean_shortcode_before_top_bar":"","ocean_shortcode_after_top_bar":"","ocean_shortcode_before_header":"","ocean_shortcode_after_header":"","ocean_has_shortcode":"","ocean_shortcode_after_title":"","ocean_shortcode_before_footer_widgets":"","ocean_shortcode_after_footer_widgets":"","ocean_shortcode_before_footer_bottom":"","ocean_shortcode_after_footer_bottom":"","ocean_display_top_bar":"default","ocean_display_header":"default","ocean_header_style":"","ocean_center_header_left_menu":"0","ocean_custom_header_template":"0","ocean_custom_logo":0,"ocean_custom_retina_logo":0,"ocean_custom_logo_max_width":0,"ocean_custom_logo_tablet_max_width":0,"ocean_custom_logo_mobile_max_width":0,"ocean_custom_logo_max_height":0,"ocean_custom_logo_tablet_max_height":0,"ocean_custom_logo_mobile_max_height":0,"ocean_header_custom_menu":"0","ocean_menu_typo_font_family":"0","ocean_menu_typo_font_subset":"","ocean_menu_typo_font_size":0,"ocean_menu_typo_font_size_tablet":0,"ocean_menu_typo_font_size_mobile":0,"ocean_menu_typo_font_size_unit":"px","ocean_menu_typo_font_weight":"","ocean_menu_typo_font_weight_tablet":"","ocean_menu_typo_font_weight_mobile":"","ocean_menu_typo_transform":"","ocean_menu_typo_transform_tablet":"","ocean_menu_typo_transform_mobile":"","ocean_menu_typo_line_height":0,"ocean_menu_typo_line_height_tablet":0,"ocean_menu_typo_line_height_mobile":0,"ocean_menu_typo_line_height_unit":"","ocean_menu_typo_spacing":0,"ocean_menu_typo_spacing_tablet":0,"ocean_menu_typo_spacing_mobile":0,"ocean_menu_typo_spacing_unit":"","ocean_menu_link_color":"","ocean_menu_link_color_hover":"","ocean_menu_link_color_active":"","ocean_menu_link_background":"","ocean_menu_link_hover_background":"","ocean_menu_link_active_background":"","ocean_menu_social_links_bg":"","ocean_menu_social_hover_links_bg":"","ocean_menu_social_links_color":"","ocean_menu_social_hover_links_color":"","ocean_disable_title":"default","ocean_disable_heading":"default","ocean_post_title":"","ocean_post_subheading":"","ocean_post_title_style":"","ocean_post_title_background_color":"","ocean_post_title_background":0,"ocean_post_title_bg_image_position":"","ocean_post_title_bg_image_attachment":"","ocean_post_title_bg_image_repeat":"","ocean_post_title_bg_image_size":"","ocean_post_title_height":0,"ocean_post_title_bg_overlay":0.5,"ocean_post_title_bg_overlay_color":"","ocean_disable_breadcrumbs":"default","ocean_breadcrumbs_color":"","ocean_breadcrumbs_separator_color":"","ocean_breadcrumbs_links_color":"","ocean_breadcrumbs_links_hover_color":"","ocean_display_footer_widgets":"default","ocean_display_footer_bottom":"default","ocean_custom_footer_template":"0","ocean_post_oembed":"","ocean_post_self_hosted_media":"","ocean_post_video_embed":"","ocean_link_format":"","ocean_link_format_target":"self","ocean_quote_format":"","ocean_quote_format_link":"post","ocean_gallery_link_images":"on","ocean_gallery_id":[],"footnotes":""},"categories":[28],"tags":[],"post_folder":[],"class_list":["post-5262","post","type-post","status-publish","format-standard","has-post-thumbnail","hentry","category-actions-regionales","entry","has-media"],"yoast_head":"<!-- This site is optimized with the Yoast SEO plugin v27.4 - https:\/\/yoast.com\/product\/yoast-seo-wordpress\/ -->\n<title>Mobilisation contre les baisses de DGH et suppression de postes dans l&#039;Enseignement Agricole Public - PAYS DE LA LOIRE<\/title>\n<meta name=\"robots\" content=\"index, follow, max-snippet:-1, max-image-preview:large, max-video-preview:-1\" \/>\n<link rel=\"canonical\" href=\"https:\/\/regions-snetap-fsu.fr\/pdl\/2025\/01\/25\/mobilisation-contre-les-baisses-de-dgh-et-suppression-de-postes-dans-lenseignement-agricole-public\/\" \/>\n<meta property=\"og:locale\" content=\"fr_FR\" \/>\n<meta property=\"og:type\" content=\"article\" \/>\n<meta property=\"og:title\" content=\"Mobilisation contre les baisses de DGH et suppression de postes dans l&#039;Enseignement Agricole Public - PAYS DE LA LOIRE\" \/>\n<meta property=\"og:description\" content=\"Ce vendredi 24 janvier, les personnels des lyc\u00e9es agricoles publics des Pays de La Loire se sont mobilis\u00e9s avec les \u00e9lu.es au CSA REA de l&rsquo;Elan Commun et du SEA UNSA. Une d\u00e9l\u00e9gation a \u00e9t\u00e9 re\u00e7ue par la DRAAF et le chef du SRFD.. Alors que le budget n&rsquo;est pas encore vot\u00e9, le Minist\u00e8re-la DGER-la [&hellip;]\" \/>\n<meta property=\"og:url\" content=\"https:\/\/regions-snetap-fsu.fr\/pdl\/2025\/01\/25\/mobilisation-contre-les-baisses-de-dgh-et-suppression-de-postes-dans-lenseignement-agricole-public\/\" \/>\n<meta property=\"og:site_name\" content=\"PAYS DE LA LOIRE\" \/>\n<meta property=\"article:published_time\" content=\"2025-01-25T16:45:53+00:00\" \/>\n<meta property=\"article:modified_time\" content=\"2025-01-25T16:48:30+00:00\" \/>\n<meta property=\"og:image\" content=\"https:\/\/regions-snetap-fsu.fr\/pdl\/wp-content\/uploads\/sites\/4\/2025\/01\/bafkreihkc6xtajbrexcmru4h4oxytewpz3gxap2cys4vm3sdmp3vuwwtzy.jpg\" \/>\n\t<meta property=\"og:image:width\" content=\"1080\" \/>\n\t<meta property=\"og:image:height\" content=\"673\" \/>\n\t<meta property=\"og:image:type\" content=\"image\/jpeg\" \/>\n<meta name=\"author\" content=\"yvigner\" \/>\n<meta name=\"twitter:card\" content=\"summary_large_image\" \/>\n<meta name=\"twitter:label1\" content=\"\u00c9crit par\" \/>\n\t<meta name=\"twitter:data1\" content=\"yvigner\" \/>\n\t<meta name=\"twitter:label2\" content=\"Dur\u00e9e de lecture estim\u00e9e\" \/>\n\t<meta name=\"twitter:data2\" content=\"1 minute\" \/>\n<script type=\"application\/ld+json\" class=\"yoast-schema-graph\">{\"@context\":\"https:\\\/\\\/schema.org\",\"@graph\":[{\"@type\":\"Article\",\"@id\":\"https:\\\/\\\/regions-snetap-fsu.fr\\\/pdl\\\/2025\\\/01\\\/25\\\/mobilisation-contre-les-baisses-de-dgh-et-suppression-de-postes-dans-lenseignement-agricole-public\\\/#article\",\"isPartOf\":{\"@id\":\"https:\\\/\\\/regions-snetap-fsu.fr\\\/pdl\\\/2025\\\/01\\\/25\\\/mobilisation-contre-les-baisses-de-dgh-et-suppression-de-postes-dans-lenseignement-agricole-public\\\/\"},\"author\":{\"name\":\"yvigner\",\"@id\":\"https:\\\/\\\/regions-snetap-fsu.fr\\\/pdl\\\/#\\\/schema\\\/person\\\/d4530af043f9e8d27bdd71c468ec93b1\"},\"headline\":\"Mobilisation contre les baisses de DGH et suppression de postes dans l&rsquo;Enseignement Agricole Public\",\"datePublished\":\"2025-01-25T16:45:53+00:00\",\"dateModified\":\"2025-01-25T16:48:30+00:00\",\"mainEntityOfPage\":{\"@id\":\"https:\\\/\\\/regions-snetap-fsu.fr\\\/pdl\\\/2025\\\/01\\\/25\\\/mobilisation-contre-les-baisses-de-dgh-et-suppression-de-postes-dans-lenseignement-agricole-public\\\/\"},\"wordCount\":275,\"publisher\":{\"@id\":\"https:\\\/\\\/regions-snetap-fsu.fr\\\/pdl\\\/#organization\"},\"image\":{\"@id\":\"https:\\\/\\\/regions-snetap-fsu.fr\\\/pdl\\\/2025\\\/01\\\/25\\\/mobilisation-contre-les-baisses-de-dgh-et-suppression-de-postes-dans-lenseignement-agricole-public\\\/#primaryimage\"},\"thumbnailUrl\":\"https:\\\/\\\/regions-snetap-fsu.fr\\\/pdl\\\/wp-content\\\/uploads\\\/sites\\\/4\\\/2025\\\/01\\\/bafkreihkc6xtajbrexcmru4h4oxytewpz3gxap2cys4vm3sdmp3vuwwtzy.jpg\",\"articleSection\":[\"Actions r\u00e9gionales\"],\"inLanguage\":\"fr-FR\"},{\"@type\":\"WebPage\",\"@id\":\"https:\\\/\\\/regions-snetap-fsu.fr\\\/pdl\\\/2025\\\/01\\\/25\\\/mobilisation-contre-les-baisses-de-dgh-et-suppression-de-postes-dans-lenseignement-agricole-public\\\/\",\"url\":\"https:\\\/\\\/regions-snetap-fsu.fr\\\/pdl\\\/2025\\\/01\\\/25\\\/mobilisation-contre-les-baisses-de-dgh-et-suppression-de-postes-dans-lenseignement-agricole-public\\\/\",\"name\":\"Mobilisation contre les baisses de DGH et suppression de postes dans l'Enseignement Agricole Public - PAYS DE LA LOIRE\",\"isPartOf\":{\"@id\":\"https:\\\/\\\/regions-snetap-fsu.fr\\\/pdl\\\/#website\"},\"primaryImageOfPage\":{\"@id\":\"https:\\\/\\\/regions-snetap-fsu.fr\\\/pdl\\\/2025\\\/01\\\/25\\\/mobilisation-contre-les-baisses-de-dgh-et-suppression-de-postes-dans-lenseignement-agricole-public\\\/#primaryimage\"},\"image\":{\"@id\":\"https:\\\/\\\/regions-snetap-fsu.fr\\\/pdl\\\/2025\\\/01\\\/25\\\/mobilisation-contre-les-baisses-de-dgh-et-suppression-de-postes-dans-lenseignement-agricole-public\\\/#primaryimage\"},\"thumbnailUrl\":\"https:\\\/\\\/regions-snetap-fsu.fr\\\/pdl\\\/wp-content\\\/uploads\\\/sites\\\/4\\\/2025\\\/01\\\/bafkreihkc6xtajbrexcmru4h4oxytewpz3gxap2cys4vm3sdmp3vuwwtzy.jpg\",\"datePublished\":\"2025-01-25T16:45:53+00:00\",\"dateModified\":\"2025-01-25T16:48:30+00:00\",\"breadcrumb\":{\"@id\":\"https:\\\/\\\/regions-snetap-fsu.fr\\\/pdl\\\/2025\\\/01\\\/25\\\/mobilisation-contre-les-baisses-de-dgh-et-suppression-de-postes-dans-lenseignement-agricole-public\\\/#breadcrumb\"},\"inLanguage\":\"fr-FR\",\"potentialAction\":[{\"@type\":\"ReadAction\",\"target\":[\"https:\\\/\\\/regions-snetap-fsu.fr\\\/pdl\\\/2025\\\/01\\\/25\\\/mobilisation-contre-les-baisses-de-dgh-et-suppression-de-postes-dans-lenseignement-agricole-public\\\/\"]}]},{\"@type\":\"ImageObject\",\"inLanguage\":\"fr-FR\",\"@id\":\"https:\\\/\\\/regions-snetap-fsu.fr\\\/pdl\\\/2025\\\/01\\\/25\\\/mobilisation-contre-les-baisses-de-dgh-et-suppression-de-postes-dans-lenseignement-agricole-public\\\/#primaryimage\",\"url\":\"https:\\\/\\\/regions-snetap-fsu.fr\\\/pdl\\\/wp-content\\\/uploads\\\/sites\\\/4\\\/2025\\\/01\\\/bafkreihkc6xtajbrexcmru4h4oxytewpz3gxap2cys4vm3sdmp3vuwwtzy.jpg\",\"contentUrl\":\"https:\\\/\\\/regions-snetap-fsu.fr\\\/pdl\\\/wp-content\\\/uploads\\\/sites\\\/4\\\/2025\\\/01\\\/bafkreihkc6xtajbrexcmru4h4oxytewpz3gxap2cys4vm3sdmp3vuwwtzy.jpg\",\"width\":1080,\"height\":673,\"caption\":\"Journ\u00e9e mobilisation contre fermeture de classes SRFD janvier 25\"},{\"@type\":\"BreadcrumbList\",\"@id\":\"https:\\\/\\\/regions-snetap-fsu.fr\\\/pdl\\\/2025\\\/01\\\/25\\\/mobilisation-contre-les-baisses-de-dgh-et-suppression-de-postes-dans-lenseignement-agricole-public\\\/#breadcrumb\",\"itemListElement\":[{\"@type\":\"ListItem\",\"position\":1,\"name\":\"Accueil\",\"item\":\"https:\\\/\\\/regions-snetap-fsu.fr\\\/pdl\\\/\"},{\"@type\":\"ListItem\",\"position\":2,\"name\":\"Mobilisation contre les baisses de DGH et suppression de postes dans l&rsquo;Enseignement Agricole Public\"}]},{\"@type\":\"WebSite\",\"@id\":\"https:\\\/\\\/regions-snetap-fsu.fr\\\/pdl\\\/#website\",\"url\":\"https:\\\/\\\/regions-snetap-fsu.fr\\\/pdl\\\/\",\"name\":\"SNETAP-FSU PAYS DE LA LOIRE\",\"description\":\"SECTION REGIONALE\",\"publisher\":{\"@id\":\"https:\\\/\\\/regions-snetap-fsu.fr\\\/pdl\\\/#organization\"},\"potentialAction\":[{\"@type\":\"SearchAction\",\"target\":{\"@type\":\"EntryPoint\",\"urlTemplate\":\"https:\\\/\\\/regions-snetap-fsu.fr\\\/pdl\\\/?s={search_term_string}\"},\"query-input\":{\"@type\":\"PropertyValueSpecification\",\"valueRequired\":true,\"valueName\":\"search_term_string\"}}],\"inLanguage\":\"fr-FR\"},{\"@type\":\"Organization\",\"@id\":\"https:\\\/\\\/regions-snetap-fsu.fr\\\/pdl\\\/#organization\",\"name\":\"SNETAP-FSU Pays de Loire\",\"url\":\"https:\\\/\\\/regions-snetap-fsu.fr\\\/pdl\\\/\",\"logo\":{\"@type\":\"ImageObject\",\"inLanguage\":\"fr-FR\",\"@id\":\"https:\\\/\\\/regions-snetap-fsu.fr\\\/pdl\\\/#\\\/schema\\\/logo\\\/image\\\/\",\"url\":\"https:\\\/\\\/regions-snetap-fsu.fr\\\/pdl\\\/wp-content\\\/uploads\\\/sites\\\/4\\\/2020\\\/12\\\/SNETAP-Logo.jpg\",\"contentUrl\":\"https:\\\/\\\/regions-snetap-fsu.fr\\\/pdl\\\/wp-content\\\/uploads\\\/sites\\\/4\\\/2020\\\/12\\\/SNETAP-Logo.jpg\",\"width\":464,\"height\":334,\"caption\":\"SNETAP-FSU Pays de Loire\"},\"image\":{\"@id\":\"https:\\\/\\\/regions-snetap-fsu.fr\\\/pdl\\\/#\\\/schema\\\/logo\\\/image\\\/\"}},{\"@type\":\"Person\",\"@id\":\"https:\\\/\\\/regions-snetap-fsu.fr\\\/pdl\\\/#\\\/schema\\\/person\\\/d4530af043f9e8d27bdd71c468ec93b1\",\"name\":\"yvigner\",\"image\":{\"@type\":\"ImageObject\",\"inLanguage\":\"fr-FR\",\"@id\":\"https:\\\/\\\/secure.gravatar.com\\\/avatar\\\/bc72baa6f2406549aecf77a837bc4f03dbe88472c1762138f868571430a23820?s=96&d=mm&r=g\",\"url\":\"https:\\\/\\\/secure.gravatar.com\\\/avatar\\\/bc72baa6f2406549aecf77a837bc4f03dbe88472c1762138f868571430a23820?s=96&d=mm&r=g\",\"contentUrl\":\"https:\\\/\\\/secure.gravatar.com\\\/avatar\\\/bc72baa6f2406549aecf77a837bc4f03dbe88472c1762138f868571430a23820?s=96&d=mm&r=g\",\"caption\":\"yvigner\"},\"url\":\"https:\\\/\\\/regions-snetap-fsu.fr\\\/pdl\\\/author\\\/yvigner\\\/\"}]}<\/script>\n<!-- \/ Yoast SEO plugin. -->","yoast_head_json":{"title":"Mobilisation contre les baisses de DGH et suppression de postes dans l'Enseignement Agricole Public - PAYS DE LA LOIRE","robots":{"index":"index","follow":"follow","max-snippet":"max-snippet:-1","max-image-preview":"max-image-preview:large","max-video-preview":"max-video-preview:-1"},"canonical":"https:\/\/regions-snetap-fsu.fr\/pdl\/2025\/01\/25\/mobilisation-contre-les-baisses-de-dgh-et-suppression-de-postes-dans-lenseignement-agricole-public\/","og_locale":"fr_FR","og_type":"article","og_title":"Mobilisation contre les baisses de DGH et suppression de postes dans l'Enseignement Agricole Public - PAYS DE LA LOIRE","og_description":"Ce vendredi 24 janvier, les personnels des lyc\u00e9es agricoles publics des Pays de La Loire se sont mobilis\u00e9s avec les \u00e9lu.es au CSA REA de l&rsquo;Elan Commun et du SEA UNSA. Une d\u00e9l\u00e9gation a \u00e9t\u00e9 re\u00e7ue par la DRAAF et le chef du SRFD.. Alors que le budget n&rsquo;est pas encore vot\u00e9, le Minist\u00e8re-la DGER-la [&hellip;]","og_url":"https:\/\/regions-snetap-fsu.fr\/pdl\/2025\/01\/25\/mobilisation-contre-les-baisses-de-dgh-et-suppression-de-postes-dans-lenseignement-agricole-public\/","og_site_name":"PAYS DE LA LOIRE","article_published_time":"2025-01-25T16:45:53+00:00","article_modified_time":"2025-01-25T16:48:30+00:00","og_image":[{"width":1080,"height":673,"url":"https:\/\/regions-snetap-fsu.fr\/pdl\/wp-content\/uploads\/sites\/4\/2025\/01\/bafkreihkc6xtajbrexcmru4h4oxytewpz3gxap2cys4vm3sdmp3vuwwtzy.jpg","type":"image\/jpeg"}],"author":"yvigner","twitter_card":"summary_large_image","twitter_misc":{"\u00c9crit par":"yvigner","Dur\u00e9e de lecture estim\u00e9e":"1 minute"},"schema":{"@context":"https:\/\/schema.org","@graph":[{"@type":"Article","@id":"https:\/\/regions-snetap-fsu.fr\/pdl\/2025\/01\/25\/mobilisation-contre-les-baisses-de-dgh-et-suppression-de-postes-dans-lenseignement-agricole-public\/#article","isPartOf":{"@id":"https:\/\/regions-snetap-fsu.fr\/pdl\/2025\/01\/25\/mobilisation-contre-les-baisses-de-dgh-et-suppression-de-postes-dans-lenseignement-agricole-public\/"},"author":{"name":"yvigner","@id":"https:\/\/regions-snetap-fsu.fr\/pdl\/#\/schema\/person\/d4530af043f9e8d27bdd71c468ec93b1"},"headline":"Mobilisation contre les baisses de DGH et suppression de postes dans l&rsquo;Enseignement Agricole Public","datePublished":"2025-01-25T16:45:53+00:00","dateModified":"2025-01-25T16:48:30+00:00","mainEntityOfPage":{"@id":"https:\/\/regions-snetap-fsu.fr\/pdl\/2025\/01\/25\/mobilisation-contre-les-baisses-de-dgh-et-suppression-de-postes-dans-lenseignement-agricole-public\/"},"wordCount":275,"publisher":{"@id":"https:\/\/regions-snetap-fsu.fr\/pdl\/#organization"},"image":{"@id":"https:\/\/regions-snetap-fsu.fr\/pdl\/2025\/01\/25\/mobilisation-contre-les-baisses-de-dgh-et-suppression-de-postes-dans-lenseignement-agricole-public\/#primaryimage"},"thumbnailUrl":"https:\/\/regions-snetap-fsu.fr\/pdl\/wp-content\/uploads\/sites\/4\/2025\/01\/bafkreihkc6xtajbrexcmru4h4oxytewpz3gxap2cys4vm3sdmp3vuwwtzy.jpg","articleSection":["Actions r\u00e9gionales"],"inLanguage":"fr-FR"},{"@type":"WebPage","@id":"https:\/\/regions-snetap-fsu.fr\/pdl\/2025\/01\/25\/mobilisation-contre-les-baisses-de-dgh-et-suppression-de-postes-dans-lenseignement-agricole-public\/","url":"https:\/\/regions-snetap-fsu.fr\/pdl\/2025\/01\/25\/mobilisation-contre-les-baisses-de-dgh-et-suppression-de-postes-dans-lenseignement-agricole-public\/","name":"Mobilisation contre les baisses de DGH et suppression de postes dans l'Enseignement Agricole Public - PAYS DE LA LOIRE","isPartOf":{"@id":"https:\/\/regions-snetap-fsu.fr\/pdl\/#website"},"primaryImageOfPage":{"@id":"https:\/\/regions-snetap-fsu.fr\/pdl\/2025\/01\/25\/mobilisation-contre-les-baisses-de-dgh-et-suppression-de-postes-dans-lenseignement-agricole-public\/#primaryimage"},"image":{"@id":"https:\/\/regions-snetap-fsu.fr\/pdl\/2025\/01\/25\/mobilisation-contre-les-baisses-de-dgh-et-suppression-de-postes-dans-lenseignement-agricole-public\/#primaryimage"},"thumbnailUrl":"https:\/\/regions-snetap-fsu.fr\/pdl\/wp-content\/uploads\/sites\/4\/2025\/01\/bafkreihkc6xtajbrexcmru4h4oxytewpz3gxap2cys4vm3sdmp3vuwwtzy.jpg","datePublished":"2025-01-25T16:45:53+00:00","dateModified":"2025-01-25T16:48:30+00:00","breadcrumb":{"@id":"https:\/\/regions-snetap-fsu.fr\/pdl\/2025\/01\/25\/mobilisation-contre-les-baisses-de-dgh-et-suppression-de-postes-dans-lenseignement-agricole-public\/#breadcrumb"},"inLanguage":"fr-FR","potentialAction":[{"@type":"ReadAction","target":["https:\/\/regions-snetap-fsu.fr\/pdl\/2025\/01\/25\/mobilisation-contre-les-baisses-de-dgh-et-suppression-de-postes-dans-lenseignement-agricole-public\/"]}]},{"@type":"ImageObject","inLanguage":"fr-FR","@id":"https:\/\/regions-snetap-fsu.fr\/pdl\/2025\/01\/25\/mobilisation-contre-les-baisses-de-dgh-et-suppression-de-postes-dans-lenseignement-agricole-public\/#primaryimage","url":"https:\/\/regions-snetap-fsu.fr\/pdl\/wp-content\/uploads\/sites\/4\/2025\/01\/bafkreihkc6xtajbrexcmru4h4oxytewpz3gxap2cys4vm3sdmp3vuwwtzy.jpg","contentUrl":"https:\/\/regions-snetap-fsu.fr\/pdl\/wp-content\/uploads\/sites\/4\/2025\/01\/bafkreihkc6xtajbrexcmru4h4oxytewpz3gxap2cys4vm3sdmp3vuwwtzy.jpg","width":1080,"height":673,"caption":"Journ\u00e9e mobilisation contre fermeture de classes SRFD janvier 25"},{"@type":"BreadcrumbList","@id":"https:\/\/regions-snetap-fsu.fr\/pdl\/2025\/01\/25\/mobilisation-contre-les-baisses-de-dgh-et-suppression-de-postes-dans-lenseignement-agricole-public\/#breadcrumb","itemListElement":[{"@type":"ListItem","position":1,"name":"Accueil","item":"https:\/\/regions-snetap-fsu.fr\/pdl\/"},{"@type":"ListItem","position":2,"name":"Mobilisation contre les baisses de DGH et suppression de postes dans l&rsquo;Enseignement Agricole Public"}]},{"@type":"WebSite","@id":"https:\/\/regions-snetap-fsu.fr\/pdl\/#website","url":"https:\/\/regions-snetap-fsu.fr\/pdl\/","name":"SNETAP-FSU PAYS DE LA LOIRE","description":"SECTION REGIONALE","publisher":{"@id":"https:\/\/regions-snetap-fsu.fr\/pdl\/#organization"},"potentialAction":[{"@type":"SearchAction","target":{"@type":"EntryPoint","urlTemplate":"https:\/\/regions-snetap-fsu.fr\/pdl\/?s={search_term_string}"},"query-input":{"@type":"PropertyValueSpecification","valueRequired":true,"valueName":"search_term_string"}}],"inLanguage":"fr-FR"},{"@type":"Organization","@id":"https:\/\/regions-snetap-fsu.fr\/pdl\/#organization","name":"SNETAP-FSU Pays de Loire","url":"https:\/\/regions-snetap-fsu.fr\/pdl\/","logo":{"@type":"ImageObject","inLanguage":"fr-FR","@id":"https:\/\/regions-snetap-fsu.fr\/pdl\/#\/schema\/logo\/image\/","url":"https:\/\/regions-snetap-fsu.fr\/pdl\/wp-content\/uploads\/sites\/4\/2020\/12\/SNETAP-Logo.jpg","contentUrl":"https:\/\/regions-snetap-fsu.fr\/pdl\/wp-content\/uploads\/sites\/4\/2020\/12\/SNETAP-Logo.jpg","width":464,"height":334,"caption":"SNETAP-FSU Pays de Loire"},"image":{"@id":"https:\/\/regions-snetap-fsu.fr\/pdl\/#\/schema\/logo\/image\/"}},{"@type":"Person","@id":"https:\/\/regions-snetap-fsu.fr\/pdl\/#\/schema\/person\/d4530af043f9e8d27bdd71c468ec93b1","name":"yvigner","image":{"@type":"ImageObject","inLanguage":"fr-FR","@id":"https:\/\/secure.gravatar.com\/avatar\/bc72baa6f2406549aecf77a837bc4f03dbe88472c1762138f868571430a23820?s=96&d=mm&r=g","url":"https:\/\/secure.gravatar.com\/avatar\/bc72baa6f2406549aecf77a837bc4f03dbe88472c1762138f868571430a23820?s=96&d=mm&r=g","contentUrl":"https:\/\/secure.gravatar.com\/avatar\/bc72baa6f2406549aecf77a837bc4f03dbe88472c1762138f868571430a23820?s=96&d=mm&r=g","caption":"yvigner"},"url":"https:\/\/regions-snetap-fsu.fr\/pdl\/author\/yvigner\/"}]}},"_links":{"self":[{"href":"https:\/\/regions-snetap-fsu.fr\/pdl\/wp-json\/wp\/v2\/posts\/5262","targetHints":{"allow":["GET"]}}],"collection":[{"href":"https:\/\/regions-snetap-fsu.fr\/pdl\/wp-json\/wp\/v2\/posts"}],"about":[{"href":"https:\/\/regions-snetap-fsu.fr\/pdl\/wp-json\/wp\/v2\/types\/post"}],"author":[{"embeddable":true,"href":"https:\/\/regions-snetap-fsu.fr\/pdl\/wp-json\/wp\/v2\/users\/2"}],"replies":[{"embeddable":true,"href":"https:\/\/regions-snetap-fsu.fr\/pdl\/wp-json\/wp\/v2\/comments?post=5262"}],"version-history":[{"count":5,"href":"https:\/\/regions-snetap-fsu.fr\/pdl\/wp-json\/wp\/v2\/posts\/5262\/revisions"}],"predecessor-version":[{"id":5269,"href":"https:\/\/regions-snetap-fsu.fr\/pdl\/wp-json\/wp\/v2\/posts\/5262\/revisions\/5269"}],"wp:featuredmedia":[{"embeddable":true,"href":"https:\/\/regions-snetap-fsu.fr\/pdl\/wp-json\/wp\/v2\/media\/5264"}],"wp:attachment":[{"href":"https:\/\/regions-snetap-fsu.fr\/pdl\/wp-json\/wp\/v2\/media?parent=5262"}],"wp:term":[{"taxonomy":"category","embeddable":true,"href":"https:\/\/regions-snetap-fsu.fr\/pdl\/wp-json\/wp\/v2\/categories?post=5262"},{"taxonomy":"post_tag","embeddable":true,"href":"https:\/\/regions-snetap-fsu.fr\/pdl\/wp-json\/wp\/v2\/tags?post=5262"},{"taxonomy":"post_folder","embeddable":true,"href":"https:\/\/regions-snetap-fsu.fr\/pdl\/wp-json\/wp\/v2\/post_folder?post=5262"}],"curies":[{"name":"wp","href":"https:\/\/api.w.org\/{rel}","templated":true}]}}