{"id":522,"date":"2017-06-23T00:08:52","date_gmt":"2017-06-22T22:08:52","guid":{"rendered":"http:\/\/snetap-fsu.fr\/comp\/pdl\/?p=522"},"modified":"2018-09-19T21:56:21","modified_gmt":"2018-09-19T19:56:21","slug":"lycee-nature-la-draaf-cede-et-le-service-public-se-renforce","status":"publish","type":"post","link":"https:\/\/regions-snetap-fsu.fr\/pdl\/2017\/06\/23\/lycee-nature-la-draaf-cede-et-le-service-public-se-renforce\/","title":{"rendered":"Lyc\u00e9e Nature : la DRAAF c\u00e8de et le Service Public se renforce"},"content":{"rendered":"<p class=\"m_3647157790380479492western\" style=\"text-align: justify\"><span style=\"text-decoration: underline;font-size: 10pt\"><strong><span style=\"font-family: arial, helvetica, sans-serif;background-color: #ffffff;color: #000000;text-decoration: underline\">Fili\u00e8re professionnelle conseil vente au Lyc\u00e9e Nature de la Roche sur Yon : une belle victoire collective au service des \u00e9l\u00e8ves !<\/span><\/strong><\/span><\/p>\n<p class=\"m_3647157790380479492western\" style=\"text-align: justify\"><span style=\"font-size: 10pt;font-family: arial, helvetica, sans-serif;background-color: #ffffff;color: #000000\"><big><big>Depuis le 28 mars 2017, le personnel, les parents d&rsquo;\u00e9l\u00e8ves du Lyc\u00e9e Nature sont mobilis\u00e9s pour la poursuite de la cr\u00e9ation d\u2019une fili\u00e8re professionnelle technicien conseil vente en produit alimentaire en parall\u00e8le d\u2019une fili\u00e8re gestion des milieux naturels et de la faune.<\/big> <\/big><\/span><\/p>\n<p class=\"m_3647157790380479492western\" style=\"text-align: justify\"><span style=\"font-size: 10pt;font-family: arial, helvetica, sans-serif;background-color: #ffffff;color: #000000\"><big><big>Si cette fin d&rsquo;ann\u00e9e a \u00e9t\u00e9 marqu\u00e9 par\u00a0de nombreux rebondissements et projets (de la DRAAF) -une classe de premi\u00e8re \u00e0 38 (sic !), puis une seule classe de seconde professionnelle (avec seulement 8 \u00e9l\u00e8ves en seconde pro commerce, re-sic !) ; des projets qui \u00e9taient anti-p\u00e9dagogiques et\u00a0anti-service public (puisqu&rsquo;il induisait un refus d&rsquo;\u00e9l\u00e8ves) ; la DRAAF vient, enfin, d&rsquo;entendre raison.<\/big><\/big><\/span><\/p>\n<p class=\"m_3647157790380479492western\" style=\"text-align: justify\"><span style=\"font-size: 10pt;font-family: arial, helvetica, sans-serif;background-color: #ffffff;color: #000000\"><big><big>En effet, nous apprenons aujourd\u2019hui que pour la rentr\u00e9e de septembre 2017, le Lyc\u00e9e Nature disposera de\u00a0deux classes de secondes professionnelles (24 en fili\u00e8re gestion des milieux naturels et de la faune et 16 \u00a0en commerce) et deux classes de premi\u00e8res professionnelles (24 en fili\u00e8re gestion des milieux naturels et de la faune et 16 \u00a0en commerce).<\/big>\u00a0C&rsquo;est une belle victoire. Tout d&rsquo;abord pour les personnels qui s&rsquo;\u00e9taient bien mobilis\u00e9s le 9 mai dernier (lors d&rsquo;une journ\u00e9e de gr\u00e8ve) mais aussi pour les \u00e9l\u00e8ves de seconde pro et leurs familles qui sont enfin rassur\u00e9s que les conditions d&rsquo;apprentissage en 1\u00e8re l&rsquo;an prochain seront satisfaisantes.\u00a0<\/big><\/span><\/p>\n<p class=\"m_3647157790380479492western\" style=\"text-align: justify\"><span style=\"font-size: 10pt;font-family: arial, helvetica, sans-serif;background-color: #ffffff;color: #000000\"><big><big>C\u2019est la preuve, que la mobilisation, la vigilance, sous toutes ses formes, am\u00e8nent \u00e0 des r\u00e9sultats. <\/big><\/big><\/span><\/p>\n<p class=\"m_3647157790380479492western\" style=\"text-align: justify\"><span style=\"font-size: 10pt;font-family: arial, helvetica, sans-serif;background-color: #ffffff;color: #000000\"><big><big>Merci \u00e0 toutes et tous pour votre engagement.<\/big><\/big><\/span><\/p>\n<p style=\"text-align: right\"><span style=\"font-size: 10pt;font-family: arial, helvetica, sans-serif;background-color: #ffffff\">Patrice SORLUT<\/span><br \/>\n<span style=\"font-size: 10pt;font-family: arial, helvetica, sans-serif;background-color: #ffffff\"> Secr\u00e9taire de la section SNETAP du Lyc\u00e9e Agricole Public de La Roche Sur Yon<\/span><\/p>\n","protected":false},"excerpt":{"rendered":"<p>Fili\u00e8re professionnelle conseil vente au Lyc\u00e9e Nature de la Roche sur Yon : une belle victoire collective au service des \u00e9l\u00e8ves ! Depuis le 28 mars 2017, le personnel, les parents d&rsquo;\u00e9l\u00e8ves du Lyc\u00e9e Nature sont mobilis\u00e9s pour la poursuite de la cr\u00e9ation d\u2019une fili\u00e8re professionnelle technicien conseil vente en produit alimentaire en parall\u00e8le d\u2019une [&hellip;]<\/p>\n","protected":false},"author":2,"featured_media":0,"comment_status":"closed","ping_status":"closed","sticky":false,"template":"","format":"standard","meta":{"ocean_post_layout":"","ocean_both_sidebars_style":"","ocean_both_sidebars_content_width":0,"ocean_both_sidebars_sidebars_width":0,"ocean_sidebar":"","ocean_second_sidebar":"","ocean_disable_margins":"enable","ocean_add_body_class":"","ocean_shortcode_before_top_bar":"","ocean_shortcode_after_top_bar":"","ocean_shortcode_before_header":"","ocean_shortcode_after_header":"","ocean_has_shortcode":"","ocean_shortcode_after_title":"","ocean_shortcode_before_footer_widgets":"","ocean_shortcode_after_footer_widgets":"","ocean_shortcode_before_footer_bottom":"","ocean_shortcode_after_footer_bottom":"","ocean_display_top_bar":"default","ocean_display_header":"default","ocean_header_style":"","ocean_center_header_left_menu":"","ocean_custom_header_template":"","ocean_custom_logo":0,"ocean_custom_retina_logo":0,"ocean_custom_logo_max_width":0,"ocean_custom_logo_tablet_max_width":0,"ocean_custom_logo_mobile_max_width":0,"ocean_custom_logo_max_height":0,"ocean_custom_logo_tablet_max_height":0,"ocean_custom_logo_mobile_max_height":0,"ocean_header_custom_menu":"","ocean_menu_typo_font_family":"","ocean_menu_typo_font_subset":"","ocean_menu_typo_font_size":0,"ocean_menu_typo_font_size_tablet":0,"ocean_menu_typo_font_size_mobile":0,"ocean_menu_typo_font_size_unit":"px","ocean_menu_typo_font_weight":"","ocean_menu_typo_font_weight_tablet":"","ocean_menu_typo_font_weight_mobile":"","ocean_menu_typo_transform":"","ocean_menu_typo_transform_tablet":"","ocean_menu_typo_transform_mobile":"","ocean_menu_typo_line_height":0,"ocean_menu_typo_line_height_tablet":0,"ocean_menu_typo_line_height_mobile":0,"ocean_menu_typo_line_height_unit":"","ocean_menu_typo_spacing":0,"ocean_menu_typo_spacing_tablet":0,"ocean_menu_typo_spacing_mobile":0,"ocean_menu_typo_spacing_unit":"","ocean_menu_link_color":"","ocean_menu_link_color_hover":"","ocean_menu_link_color_active":"","ocean_menu_link_background":"","ocean_menu_link_hover_background":"","ocean_menu_link_active_background":"","ocean_menu_social_links_bg":"","ocean_menu_social_hover_links_bg":"","ocean_menu_social_links_color":"","ocean_menu_social_hover_links_color":"","ocean_disable_title":"default","ocean_disable_heading":"default","ocean_post_title":"","ocean_post_subheading":"","ocean_post_title_style":"","ocean_post_title_background_color":"","ocean_post_title_background":0,"ocean_post_title_bg_image_position":"","ocean_post_title_bg_image_attachment":"","ocean_post_title_bg_image_repeat":"","ocean_post_title_bg_image_size":"","ocean_post_title_height":0,"ocean_post_title_bg_overlay":0.5,"ocean_post_title_bg_overlay_color":"","ocean_disable_breadcrumbs":"default","ocean_breadcrumbs_color":"","ocean_breadcrumbs_separator_color":"","ocean_breadcrumbs_links_color":"","ocean_breadcrumbs_links_hover_color":"","ocean_display_footer_widgets":"default","ocean_display_footer_bottom":"default","ocean_custom_footer_template":"","ocean_post_oembed":"","ocean_post_self_hosted_media":"","ocean_post_video_embed":"","ocean_link_format":"","ocean_link_format_target":"self","ocean_quote_format":"","ocean_quote_format_link":"post","ocean_gallery_link_images":"on","ocean_gallery_id":[],"footnotes":""},"categories":[9,27],"tags":[],"post_folder":[],"class_list":["post-522","post","type-post","status-publish","format-standard","hentry","category-actions-et-communiques","category-la-roche-sur-yon","entry"],"yoast_head":"<!-- This site is optimized with the Yoast SEO plugin v27.4 - https:\/\/yoast.com\/product\/yoast-seo-wordpress\/ -->\n<title>Lyc\u00e9e Nature : la DRAAF c\u00e8de et le Service Public se renforce - PAYS DE LA LOIRE<\/title>\n<meta name=\"robots\" content=\"index, follow, max-snippet:-1, max-image-preview:large, max-video-preview:-1\" \/>\n<link rel=\"canonical\" href=\"https:\/\/regions-snetap-fsu.fr\/pdl\/2017\/06\/23\/lycee-nature-la-draaf-cede-et-le-service-public-se-renforce\/\" \/>\n<meta property=\"og:locale\" content=\"fr_FR\" \/>\n<meta property=\"og:type\" content=\"article\" \/>\n<meta property=\"og:title\" content=\"Lyc\u00e9e Nature : la DRAAF c\u00e8de et le Service Public se renforce - PAYS DE LA LOIRE\" \/>\n<meta property=\"og:description\" content=\"Fili\u00e8re professionnelle conseil vente au Lyc\u00e9e Nature de la Roche sur Yon : une belle victoire collective au service des \u00e9l\u00e8ves ! Depuis le 28 mars 2017, le personnel, les parents d&rsquo;\u00e9l\u00e8ves du Lyc\u00e9e Nature sont mobilis\u00e9s pour la poursuite de la cr\u00e9ation d\u2019une fili\u00e8re professionnelle technicien conseil vente en produit alimentaire en parall\u00e8le d\u2019une [&hellip;]\" \/>\n<meta property=\"og:url\" content=\"https:\/\/regions-snetap-fsu.fr\/pdl\/2017\/06\/23\/lycee-nature-la-draaf-cede-et-le-service-public-se-renforce\/\" \/>\n<meta property=\"og:site_name\" content=\"PAYS DE LA LOIRE\" \/>\n<meta property=\"article:published_time\" content=\"2017-06-22T22:08:52+00:00\" \/>\n<meta property=\"article:modified_time\" content=\"2018-09-19T19:56:21+00:00\" \/>\n<meta name=\"author\" content=\"yvigner\" \/>\n<meta name=\"twitter:card\" content=\"summary_large_image\" \/>\n<meta name=\"twitter:label1\" content=\"\u00c9crit par\" \/>\n\t<meta name=\"twitter:data1\" content=\"yvigner\" \/>\n\t<meta name=\"twitter:label2\" content=\"Dur\u00e9e de lecture estim\u00e9e\" \/>\n\t<meta name=\"twitter:data2\" content=\"1 minute\" \/>\n<script type=\"application\/ld+json\" class=\"yoast-schema-graph\">{\"@context\":\"https:\\\/\\\/schema.org\",\"@graph\":[{\"@type\":\"Article\",\"@id\":\"https:\\\/\\\/regions-snetap-fsu.fr\\\/pdl\\\/2017\\\/06\\\/23\\\/lycee-nature-la-draaf-cede-et-le-service-public-se-renforce\\\/#article\",\"isPartOf\":{\"@id\":\"https:\\\/\\\/regions-snetap-fsu.fr\\\/pdl\\\/2017\\\/06\\\/23\\\/lycee-nature-la-draaf-cede-et-le-service-public-se-renforce\\\/\"},\"author\":{\"name\":\"yvigner\",\"@id\":\"https:\\\/\\\/regions-snetap-fsu.fr\\\/pdl\\\/#\\\/schema\\\/person\\\/d4530af043f9e8d27bdd71c468ec93b1\"},\"headline\":\"Lyc\u00e9e Nature : la DRAAF c\u00e8de et le Service Public se renforce\",\"datePublished\":\"2017-06-22T22:08:52+00:00\",\"dateModified\":\"2018-09-19T19:56:21+00:00\",\"mainEntityOfPage\":{\"@id\":\"https:\\\/\\\/regions-snetap-fsu.fr\\\/pdl\\\/2017\\\/06\\\/23\\\/lycee-nature-la-draaf-cede-et-le-service-public-se-renforce\\\/\"},\"wordCount\":309,\"publisher\":{\"@id\":\"https:\\\/\\\/regions-snetap-fsu.fr\\\/pdl\\\/#organization\"},\"articleSection\":[\"Communiqu\u00e9s\",\"La Roche sur Yon\"],\"inLanguage\":\"fr-FR\"},{\"@type\":\"WebPage\",\"@id\":\"https:\\\/\\\/regions-snetap-fsu.fr\\\/pdl\\\/2017\\\/06\\\/23\\\/lycee-nature-la-draaf-cede-et-le-service-public-se-renforce\\\/\",\"url\":\"https:\\\/\\\/regions-snetap-fsu.fr\\\/pdl\\\/2017\\\/06\\\/23\\\/lycee-nature-la-draaf-cede-et-le-service-public-se-renforce\\\/\",\"name\":\"Lyc\u00e9e Nature : la DRAAF c\u00e8de et le Service Public se renforce - PAYS DE LA LOIRE\",\"isPartOf\":{\"@id\":\"https:\\\/\\\/regions-snetap-fsu.fr\\\/pdl\\\/#website\"},\"datePublished\":\"2017-06-22T22:08:52+00:00\",\"dateModified\":\"2018-09-19T19:56:21+00:00\",\"breadcrumb\":{\"@id\":\"https:\\\/\\\/regions-snetap-fsu.fr\\\/pdl\\\/2017\\\/06\\\/23\\\/lycee-nature-la-draaf-cede-et-le-service-public-se-renforce\\\/#breadcrumb\"},\"inLanguage\":\"fr-FR\",\"potentialAction\":[{\"@type\":\"ReadAction\",\"target\":[\"https:\\\/\\\/regions-snetap-fsu.fr\\\/pdl\\\/2017\\\/06\\\/23\\\/lycee-nature-la-draaf-cede-et-le-service-public-se-renforce\\\/\"]}]},{\"@type\":\"BreadcrumbList\",\"@id\":\"https:\\\/\\\/regions-snetap-fsu.fr\\\/pdl\\\/2017\\\/06\\\/23\\\/lycee-nature-la-draaf-cede-et-le-service-public-se-renforce\\\/#breadcrumb\",\"itemListElement\":[{\"@type\":\"ListItem\",\"position\":1,\"name\":\"Accueil\",\"item\":\"https:\\\/\\\/regions-snetap-fsu.fr\\\/pdl\\\/\"},{\"@type\":\"ListItem\",\"position\":2,\"name\":\"Lyc\u00e9e Nature : la DRAAF c\u00e8de et le Service Public se renforce\"}]},{\"@type\":\"WebSite\",\"@id\":\"https:\\\/\\\/regions-snetap-fsu.fr\\\/pdl\\\/#website\",\"url\":\"https:\\\/\\\/regions-snetap-fsu.fr\\\/pdl\\\/\",\"name\":\"SNETAP-FSU PAYS DE LA LOIRE\",\"description\":\"SECTION REGIONALE\",\"publisher\":{\"@id\":\"https:\\\/\\\/regions-snetap-fsu.fr\\\/pdl\\\/#organization\"},\"potentialAction\":[{\"@type\":\"SearchAction\",\"target\":{\"@type\":\"EntryPoint\",\"urlTemplate\":\"https:\\\/\\\/regions-snetap-fsu.fr\\\/pdl\\\/?s={search_term_string}\"},\"query-input\":{\"@type\":\"PropertyValueSpecification\",\"valueRequired\":true,\"valueName\":\"search_term_string\"}}],\"inLanguage\":\"fr-FR\"},{\"@type\":\"Organization\",\"@id\":\"https:\\\/\\\/regions-snetap-fsu.fr\\\/pdl\\\/#organization\",\"name\":\"SNETAP-FSU Pays de Loire\",\"url\":\"https:\\\/\\\/regions-snetap-fsu.fr\\\/pdl\\\/\",\"logo\":{\"@type\":\"ImageObject\",\"inLanguage\":\"fr-FR\",\"@id\":\"https:\\\/\\\/regions-snetap-fsu.fr\\\/pdl\\\/#\\\/schema\\\/logo\\\/image\\\/\",\"url\":\"https:\\\/\\\/regions-snetap-fsu.fr\\\/pdl\\\/wp-content\\\/uploads\\\/sites\\\/4\\\/2020\\\/12\\\/SNETAP-Logo.jpg\",\"contentUrl\":\"https:\\\/\\\/regions-snetap-fsu.fr\\\/pdl\\\/wp-content\\\/uploads\\\/sites\\\/4\\\/2020\\\/12\\\/SNETAP-Logo.jpg\",\"width\":464,\"height\":334,\"caption\":\"SNETAP-FSU Pays de Loire\"},\"image\":{\"@id\":\"https:\\\/\\\/regions-snetap-fsu.fr\\\/pdl\\\/#\\\/schema\\\/logo\\\/image\\\/\"}},{\"@type\":\"Person\",\"@id\":\"https:\\\/\\\/regions-snetap-fsu.fr\\\/pdl\\\/#\\\/schema\\\/person\\\/d4530af043f9e8d27bdd71c468ec93b1\",\"name\":\"yvigner\",\"image\":{\"@type\":\"ImageObject\",\"inLanguage\":\"fr-FR\",\"@id\":\"https:\\\/\\\/secure.gravatar.com\\\/avatar\\\/bc72baa6f2406549aecf77a837bc4f03dbe88472c1762138f868571430a23820?s=96&d=mm&r=g\",\"url\":\"https:\\\/\\\/secure.gravatar.com\\\/avatar\\\/bc72baa6f2406549aecf77a837bc4f03dbe88472c1762138f868571430a23820?s=96&d=mm&r=g\",\"contentUrl\":\"https:\\\/\\\/secure.gravatar.com\\\/avatar\\\/bc72baa6f2406549aecf77a837bc4f03dbe88472c1762138f868571430a23820?s=96&d=mm&r=g\",\"caption\":\"yvigner\"},\"url\":\"https:\\\/\\\/regions-snetap-fsu.fr\\\/pdl\\\/author\\\/yvigner\\\/\"}]}<\/script>\n<!-- \/ Yoast SEO plugin. -->","yoast_head_json":{"title":"Lyc\u00e9e Nature : la DRAAF c\u00e8de et le Service Public se renforce - PAYS DE LA LOIRE","robots":{"index":"index","follow":"follow","max-snippet":"max-snippet:-1","max-image-preview":"max-image-preview:large","max-video-preview":"max-video-preview:-1"},"canonical":"https:\/\/regions-snetap-fsu.fr\/pdl\/2017\/06\/23\/lycee-nature-la-draaf-cede-et-le-service-public-se-renforce\/","og_locale":"fr_FR","og_type":"article","og_title":"Lyc\u00e9e Nature : la DRAAF c\u00e8de et le Service Public se renforce - PAYS DE LA LOIRE","og_description":"Fili\u00e8re professionnelle conseil vente au Lyc\u00e9e Nature de la Roche sur Yon : une belle victoire collective au service des \u00e9l\u00e8ves ! Depuis le 28 mars 2017, le personnel, les parents d&rsquo;\u00e9l\u00e8ves du Lyc\u00e9e Nature sont mobilis\u00e9s pour la poursuite de la cr\u00e9ation d\u2019une fili\u00e8re professionnelle technicien conseil vente en produit alimentaire en parall\u00e8le d\u2019une [&hellip;]","og_url":"https:\/\/regions-snetap-fsu.fr\/pdl\/2017\/06\/23\/lycee-nature-la-draaf-cede-et-le-service-public-se-renforce\/","og_site_name":"PAYS DE LA LOIRE","article_published_time":"2017-06-22T22:08:52+00:00","article_modified_time":"2018-09-19T19:56:21+00:00","author":"yvigner","twitter_card":"summary_large_image","twitter_misc":{"\u00c9crit par":"yvigner","Dur\u00e9e de lecture estim\u00e9e":"1 minute"},"schema":{"@context":"https:\/\/schema.org","@graph":[{"@type":"Article","@id":"https:\/\/regions-snetap-fsu.fr\/pdl\/2017\/06\/23\/lycee-nature-la-draaf-cede-et-le-service-public-se-renforce\/#article","isPartOf":{"@id":"https:\/\/regions-snetap-fsu.fr\/pdl\/2017\/06\/23\/lycee-nature-la-draaf-cede-et-le-service-public-se-renforce\/"},"author":{"name":"yvigner","@id":"https:\/\/regions-snetap-fsu.fr\/pdl\/#\/schema\/person\/d4530af043f9e8d27bdd71c468ec93b1"},"headline":"Lyc\u00e9e Nature : la DRAAF c\u00e8de et le Service Public se renforce","datePublished":"2017-06-22T22:08:52+00:00","dateModified":"2018-09-19T19:56:21+00:00","mainEntityOfPage":{"@id":"https:\/\/regions-snetap-fsu.fr\/pdl\/2017\/06\/23\/lycee-nature-la-draaf-cede-et-le-service-public-se-renforce\/"},"wordCount":309,"publisher":{"@id":"https:\/\/regions-snetap-fsu.fr\/pdl\/#organization"},"articleSection":["Communiqu\u00e9s","La Roche sur Yon"],"inLanguage":"fr-FR"},{"@type":"WebPage","@id":"https:\/\/regions-snetap-fsu.fr\/pdl\/2017\/06\/23\/lycee-nature-la-draaf-cede-et-le-service-public-se-renforce\/","url":"https:\/\/regions-snetap-fsu.fr\/pdl\/2017\/06\/23\/lycee-nature-la-draaf-cede-et-le-service-public-se-renforce\/","name":"Lyc\u00e9e Nature : la DRAAF c\u00e8de et le Service Public se renforce - PAYS DE LA LOIRE","isPartOf":{"@id":"https:\/\/regions-snetap-fsu.fr\/pdl\/#website"},"datePublished":"2017-06-22T22:08:52+00:00","dateModified":"2018-09-19T19:56:21+00:00","breadcrumb":{"@id":"https:\/\/regions-snetap-fsu.fr\/pdl\/2017\/06\/23\/lycee-nature-la-draaf-cede-et-le-service-public-se-renforce\/#breadcrumb"},"inLanguage":"fr-FR","potentialAction":[{"@type":"ReadAction","target":["https:\/\/regions-snetap-fsu.fr\/pdl\/2017\/06\/23\/lycee-nature-la-draaf-cede-et-le-service-public-se-renforce\/"]}]},{"@type":"BreadcrumbList","@id":"https:\/\/regions-snetap-fsu.fr\/pdl\/2017\/06\/23\/lycee-nature-la-draaf-cede-et-le-service-public-se-renforce\/#breadcrumb","itemListElement":[{"@type":"ListItem","position":1,"name":"Accueil","item":"https:\/\/regions-snetap-fsu.fr\/pdl\/"},{"@type":"ListItem","position":2,"name":"Lyc\u00e9e Nature : la DRAAF c\u00e8de et le Service Public se renforce"}]},{"@type":"WebSite","@id":"https:\/\/regions-snetap-fsu.fr\/pdl\/#website","url":"https:\/\/regions-snetap-fsu.fr\/pdl\/","name":"SNETAP-FSU PAYS DE LA LOIRE","description":"SECTION REGIONALE","publisher":{"@id":"https:\/\/regions-snetap-fsu.fr\/pdl\/#organization"},"potentialAction":[{"@type":"SearchAction","target":{"@type":"EntryPoint","urlTemplate":"https:\/\/regions-snetap-fsu.fr\/pdl\/?s={search_term_string}"},"query-input":{"@type":"PropertyValueSpecification","valueRequired":true,"valueName":"search_term_string"}}],"inLanguage":"fr-FR"},{"@type":"Organization","@id":"https:\/\/regions-snetap-fsu.fr\/pdl\/#organization","name":"SNETAP-FSU Pays de Loire","url":"https:\/\/regions-snetap-fsu.fr\/pdl\/","logo":{"@type":"ImageObject","inLanguage":"fr-FR","@id":"https:\/\/regions-snetap-fsu.fr\/pdl\/#\/schema\/logo\/image\/","url":"https:\/\/regions-snetap-fsu.fr\/pdl\/wp-content\/uploads\/sites\/4\/2020\/12\/SNETAP-Logo.jpg","contentUrl":"https:\/\/regions-snetap-fsu.fr\/pdl\/wp-content\/uploads\/sites\/4\/2020\/12\/SNETAP-Logo.jpg","width":464,"height":334,"caption":"SNETAP-FSU Pays de Loire"},"image":{"@id":"https:\/\/regions-snetap-fsu.fr\/pdl\/#\/schema\/logo\/image\/"}},{"@type":"Person","@id":"https:\/\/regions-snetap-fsu.fr\/pdl\/#\/schema\/person\/d4530af043f9e8d27bdd71c468ec93b1","name":"yvigner","image":{"@type":"ImageObject","inLanguage":"fr-FR","@id":"https:\/\/secure.gravatar.com\/avatar\/bc72baa6f2406549aecf77a837bc4f03dbe88472c1762138f868571430a23820?s=96&d=mm&r=g","url":"https:\/\/secure.gravatar.com\/avatar\/bc72baa6f2406549aecf77a837bc4f03dbe88472c1762138f868571430a23820?s=96&d=mm&r=g","contentUrl":"https:\/\/secure.gravatar.com\/avatar\/bc72baa6f2406549aecf77a837bc4f03dbe88472c1762138f868571430a23820?s=96&d=mm&r=g","caption":"yvigner"},"url":"https:\/\/regions-snetap-fsu.fr\/pdl\/author\/yvigner\/"}]}},"_links":{"self":[{"href":"https:\/\/regions-snetap-fsu.fr\/pdl\/wp-json\/wp\/v2\/posts\/522","targetHints":{"allow":["GET"]}}],"collection":[{"href":"https:\/\/regions-snetap-fsu.fr\/pdl\/wp-json\/wp\/v2\/posts"}],"about":[{"href":"https:\/\/regions-snetap-fsu.fr\/pdl\/wp-json\/wp\/v2\/types\/post"}],"author":[{"embeddable":true,"href":"https:\/\/regions-snetap-fsu.fr\/pdl\/wp-json\/wp\/v2\/users\/2"}],"replies":[{"embeddable":true,"href":"https:\/\/regions-snetap-fsu.fr\/pdl\/wp-json\/wp\/v2\/comments?post=522"}],"version-history":[{"count":1,"href":"https:\/\/regions-snetap-fsu.fr\/pdl\/wp-json\/wp\/v2\/posts\/522\/revisions"}],"predecessor-version":[{"id":2747,"href":"https:\/\/regions-snetap-fsu.fr\/pdl\/wp-json\/wp\/v2\/posts\/522\/revisions\/2747"}],"wp:attachment":[{"href":"https:\/\/regions-snetap-fsu.fr\/pdl\/wp-json\/wp\/v2\/media?parent=522"}],"wp:term":[{"taxonomy":"category","embeddable":true,"href":"https:\/\/regions-snetap-fsu.fr\/pdl\/wp-json\/wp\/v2\/categories?post=522"},{"taxonomy":"post_tag","embeddable":true,"href":"https:\/\/regions-snetap-fsu.fr\/pdl\/wp-json\/wp\/v2\/tags?post=522"},{"taxonomy":"post_folder","embeddable":true,"href":"https:\/\/regions-snetap-fsu.fr\/pdl\/wp-json\/wp\/v2\/post_folder?post=522"}],"curies":[{"name":"wp","href":"https:\/\/api.w.org\/{rel}","templated":true}]}}