{"id":5134,"date":"2024-09-05T17:32:15","date_gmt":"2024-09-05T15:32:15","guid":{"rendered":"https:\/\/regions-snetap-fsu.fr\/pdl\/?p=5134"},"modified":"2024-10-16T22:36:55","modified_gmt":"2024-10-16T20:36:55","slug":"rencontre-avec-la-draaf-a-lagricampus-laval-5-septembre-2024","status":"publish","type":"post","link":"https:\/\/regions-snetap-fsu.fr\/pdl\/2024\/09\/05\/rencontre-avec-la-draaf-a-lagricampus-laval-5-septembre-2024\/","title":{"rendered":"Rencontre avec la DRAAF \u00e0 l&rsquo;Agricampus Laval &#8211; 5 septembre 2024"},"content":{"rendered":"<p style=\"text-align: justify;\">Ce jeudi 5 septembre 2024, Annick Baille, directrice r\u00e9gionale de l\u2019alimentation, de l\u2019agriculture et de la for\u00eat (DRAAF) et Philippe Nenon, chef du Service R\u00e9gional de la Formation et du D\u00e9veloppement (SRFD) \u00e9taient pr\u00e9sents sur l\u2019Agricampus de Laval afin de rencontrer certains \u00e9tudiants.<\/p>\n<p style=\"text-align: justify;\">Vos repr\u00e9sentants locaux des personnels ont sollicit\u00e9 une audience afin d\u2019\u00e9voquer certains sujets locaux et r\u00e9gionaux.<\/p>\n<ul style=\"text-align: justify;\">\n<li>Plan r\u00e9gional contre les violences sexistes et sexuelles (VSS) et de mani\u00e8re plus large, gestion des manquements aux valeurs de la R\u00e9publique.<\/li>\n<\/ul>\n<p style=\"text-align: justify;\">En janvier dernier et suite \u00e0 notre mobilisation commune, la DRAAF avait \u00e9voqu\u00e9 la mise en place d\u2019un plan \u00e0 l\u2019\u00e9chelle r\u00e9gionale pour lutter contre les VSS, ce qui n\u2019a pas encore \u00e9t\u00e9 mis en place. Depuis, une circulaire nationale est \u00e9galement parue. Interrog\u00e9e sur l\u2019avanc\u00e9 de ce dossier, la DRAAF nous indique que la gestion des manquements aux valeurs de la R\u00e9publique \u00e9tait une des deux priorit\u00e9s de la rentr\u00e9e scolaire 2024 (La seconde \u00e9tant le renouvellement des g\u00e9n\u00e9rations d\u2019agriculteurs)<\/p>\n<p style=\"text-align: justify;\">Plusieurs pistes d\u2019action ont \u00e9t\u00e9 \u00e9voqu\u00e9es\u00a0:<\/p>\n<p style=\"text-align: justify;\">&#8211; Un travail avec les \u00e9quipes de direction et vie scolaire autour de l\u2019usage du conseil de discipline ainsi que la mise en place du conseil de discipline \u00e0 l\u2019\u00e9chelle r\u00e9gionale. Ces leviers n\u2019ont pas encore \u00e9t\u00e9 mis en \u0153uvre.<\/p>\n<p style=\"text-align: justify;\">&#8211; Mobilisation des \u00e9l\u00e8ves d\u00e9l\u00e9gu\u00e9s<\/p>\n<p style=\"text-align: justify;\">&#8211; R\u00e9flexion autour de \u00ab\u00a0temps forts\u00a0\u00bb qui pourraient prendre la forme de s\u00e9minaire r\u00e9gional par exemple.<\/p>\n<p style=\"text-align: justify;\">Nous avons rappel\u00e9 la n\u00e9cessit\u00e9 de consid\u00e9rer ce probl\u00e8me comme une question de fond, au-del\u00e0 de projets \u00e0 accomplir, ainsi que la n\u00e9cessit\u00e9 d\u2019avoir \u00e0 disposition des outils collectifs et des temps de formation, notamment pour les directions.<\/p>\n<ul>\n<li>Rentr\u00e9e scolaire 2024 \u2013 2025<\/li>\n<\/ul>\n<p>Au niveau r\u00e9gional, la DRAAF note des indicateurs plut\u00f4t positifs, avec une hausse des effectifs (+200 tout compris, +40 dans le public) et des \u00e9quipes de direction au complet.<\/p>\n<p style=\"text-align: justify;\">Nous avons rappel\u00e9 cependant que de nombreux postes d\u2019enseignants et de formateurs restent non pourvus, notamment dans les mati\u00e8res techniques, ce qui porte pr\u00e9judice aux formations (environ 30\u00a0% de postes de contractuels non-pourvus) La probl\u00e9matique de fond reste la m\u00eame\u00a0: L\u2019attractivit\u00e9 du m\u00e9tier. La prise en charge administrative et salariale des agents, le d\u00e9lai du paiement des salaires (pour les vacataires entre autre) et le montant de la r\u00e9mun\u00e9ration restent des facteurs majeurs \u00e0 l\u2019\u00e9chelle nationale. Notons par ailleurs que le pacte ne semble pas avoir apport\u00e9 de solution \u00e0 ce probl\u00e8me.<\/p>\n<p style=\"text-align: justify;\">Nous avons demand\u00e9 l\u2019organisation de rencontre, en octobre et\/ou janvier par exemple, dans les diff\u00e9rents \u00e9tablissements de la r\u00e9gion entre les \u00e9quipes de direction et les repr\u00e9sentants du personnel afin de faire un point sur les situations locales.<\/p>\n<ul>\n<li>R\u00e9novation des b\u00e2timents lyc\u00e9e sur le site Agricampus Laval<\/li>\n<\/ul>\n<p style=\"text-align: justify;\">Nous avons demand\u00e9 \u00e0 la DRAAF un soutien et un appui aupr\u00e8s du conseil r\u00e9gional sur la question de la r\u00e9novation lourde des b\u00e2timents du lyc\u00e9e. Le dossier peine \u00e0 avancer, avec peu d\u2019informations communiqu\u00e9es \u00e0 la direction et aux usagers. Par ailleurs, les frais d\u2019entretien et de gestion des b\u00e2timents \u00e0 la charge du lyc\u00e9e ne cessent d\u2019augmenter ce qui p\u00e9nalise le budget.<br \/>\nLa DRAAF estime l\u2019implication de la r\u00e9gion, notamment au niveau des exploitations, satisfaisante. Cependant nous avons soulign\u00e9 les diff\u00e9rences d\u2019\u00e9chelle dans les investissements n\u00e9cessaire pour notre lyc\u00e9e par rapport aux efforts engag\u00e9s par ailleurs, et le d\u00e9sengagement vis \u00e0 vis de notre \u00e9tablissement en particulier. La DRAAF nous a assur\u00e9 de son total soutien dans ce dossier.<\/p>\n","protected":false},"excerpt":{"rendered":"<p>Ce jeudi 5 septembre 2024, Annick Baille, directrice r\u00e9gionale de l\u2019alimentation, de l\u2019agriculture et de la for\u00eat (DRAAF) et Philippe Nenon, chef du Service R\u00e9gional de la Formation et du D\u00e9veloppement (SRFD) \u00e9taient pr\u00e9sents sur l\u2019Agricampus de Laval afin de rencontrer certains \u00e9tudiants. Vos repr\u00e9sentants locaux des personnels ont sollicit\u00e9 une audience afin d\u2019\u00e9voquer certains [&hellip;]<\/p>\n","protected":false},"author":2,"featured_media":5178,"comment_status":"closed","ping_status":"closed","sticky":false,"template":"","format":"standard","meta":{"ocean_post_layout":"","ocean_both_sidebars_style":"","ocean_both_sidebars_content_width":0,"ocean_both_sidebars_sidebars_width":0,"ocean_sidebar":"0","ocean_second_sidebar":"0","ocean_disable_margins":"enable","ocean_add_body_class":"","ocean_shortcode_before_top_bar":"","ocean_shortcode_after_top_bar":"","ocean_shortcode_before_header":"","ocean_shortcode_after_header":"","ocean_has_shortcode":"","ocean_shortcode_after_title":"","ocean_shortcode_before_footer_widgets":"","ocean_shortcode_after_footer_widgets":"","ocean_shortcode_before_footer_bottom":"","ocean_shortcode_after_footer_bottom":"","ocean_display_top_bar":"default","ocean_display_header":"default","ocean_header_style":"","ocean_center_header_left_menu":"0","ocean_custom_header_template":"0","ocean_custom_logo":0,"ocean_custom_retina_logo":0,"ocean_custom_logo_max_width":0,"ocean_custom_logo_tablet_max_width":0,"ocean_custom_logo_mobile_max_width":0,"ocean_custom_logo_max_height":0,"ocean_custom_logo_tablet_max_height":0,"ocean_custom_logo_mobile_max_height":0,"ocean_header_custom_menu":"0","ocean_menu_typo_font_family":"0","ocean_menu_typo_font_subset":"","ocean_menu_typo_font_size":0,"ocean_menu_typo_font_size_tablet":0,"ocean_menu_typo_font_size_mobile":0,"ocean_menu_typo_font_size_unit":"px","ocean_menu_typo_font_weight":"","ocean_menu_typo_font_weight_tablet":"","ocean_menu_typo_font_weight_mobile":"","ocean_menu_typo_transform":"","ocean_menu_typo_transform_tablet":"","ocean_menu_typo_transform_mobile":"","ocean_menu_typo_line_height":0,"ocean_menu_typo_line_height_tablet":0,"ocean_menu_typo_line_height_mobile":0,"ocean_menu_typo_line_height_unit":"","ocean_menu_typo_spacing":0,"ocean_menu_typo_spacing_tablet":0,"ocean_menu_typo_spacing_mobile":0,"ocean_menu_typo_spacing_unit":"","ocean_menu_link_color":"","ocean_menu_link_color_hover":"","ocean_menu_link_color_active":"","ocean_menu_link_background":"","ocean_menu_link_hover_background":"","ocean_menu_link_active_background":"","ocean_menu_social_links_bg":"","ocean_menu_social_hover_links_bg":"","ocean_menu_social_links_color":"","ocean_menu_social_hover_links_color":"","ocean_disable_title":"default","ocean_disable_heading":"default","ocean_post_title":"","ocean_post_subheading":"","ocean_post_title_style":"","ocean_post_title_background_color":"","ocean_post_title_background":0,"ocean_post_title_bg_image_position":"","ocean_post_title_bg_image_attachment":"","ocean_post_title_bg_image_repeat":"","ocean_post_title_bg_image_size":"","ocean_post_title_height":0,"ocean_post_title_bg_overlay":0.5,"ocean_post_title_bg_overlay_color":"","ocean_disable_breadcrumbs":"default","ocean_breadcrumbs_color":"","ocean_breadcrumbs_separator_color":"","ocean_breadcrumbs_links_color":"","ocean_breadcrumbs_links_hover_color":"","ocean_display_footer_widgets":"default","ocean_display_footer_bottom":"default","ocean_custom_footer_template":"0","ocean_post_oembed":"","ocean_post_self_hosted_media":"","ocean_post_video_embed":"","ocean_link_format":"","ocean_link_format_target":"self","ocean_quote_format":"","ocean_quote_format_link":"post","ocean_gallery_link_images":"on","ocean_gallery_id":[],"footnotes":""},"categories":[18],"tags":[],"post_folder":[],"class_list":["post-5134","post","type-post","status-publish","format-standard","has-post-thumbnail","hentry","category-laval","entry","has-media"],"yoast_head":"<!-- This site is optimized with the Yoast SEO plugin v27.4 - https:\/\/yoast.com\/product\/yoast-seo-wordpress\/ -->\n<title>Rencontre avec la DRAAF \u00e0 l&#039;Agricampus Laval - 5 septembre 2024 - PAYS DE LA LOIRE<\/title>\n<meta name=\"robots\" content=\"index, follow, max-snippet:-1, max-image-preview:large, max-video-preview:-1\" \/>\n<link rel=\"canonical\" href=\"https:\/\/regions-snetap-fsu.fr\/pdl\/2024\/09\/05\/rencontre-avec-la-draaf-a-lagricampus-laval-5-septembre-2024\/\" \/>\n<meta property=\"og:locale\" content=\"fr_FR\" \/>\n<meta property=\"og:type\" content=\"article\" \/>\n<meta property=\"og:title\" content=\"Rencontre avec la DRAAF \u00e0 l&#039;Agricampus Laval - 5 septembre 2024 - PAYS DE LA LOIRE\" \/>\n<meta property=\"og:description\" content=\"Ce jeudi 5 septembre 2024, Annick Baille, directrice r\u00e9gionale de l\u2019alimentation, de l\u2019agriculture et de la for\u00eat (DRAAF) et Philippe Nenon, chef du Service R\u00e9gional de la Formation et du D\u00e9veloppement (SRFD) \u00e9taient pr\u00e9sents sur l\u2019Agricampus de Laval afin de rencontrer certains \u00e9tudiants. Vos repr\u00e9sentants locaux des personnels ont sollicit\u00e9 une audience afin d\u2019\u00e9voquer certains [&hellip;]\" \/>\n<meta property=\"og:url\" content=\"https:\/\/regions-snetap-fsu.fr\/pdl\/2024\/09\/05\/rencontre-avec-la-draaf-a-lagricampus-laval-5-septembre-2024\/\" \/>\n<meta property=\"og:site_name\" content=\"PAYS DE LA LOIRE\" \/>\n<meta property=\"article:published_time\" content=\"2024-09-05T15:32:15+00:00\" \/>\n<meta property=\"article:modified_time\" content=\"2024-10-16T20:36:55+00:00\" \/>\n<meta property=\"og:image\" content=\"https:\/\/regions-snetap-fsu.fr\/pdl\/wp-content\/uploads\/sites\/4\/2024\/09\/Yvan-LOBJOIT-nouveau-directeur-regional-de-la-DRAAF-des-Pays-de-la-Loire_articleimage.jpg\" \/>\n\t<meta property=\"og:image:width\" content=\"314\" \/>\n\t<meta property=\"og:image:height\" content=\"161\" \/>\n\t<meta property=\"og:image:type\" content=\"image\/jpeg\" \/>\n<meta name=\"author\" content=\"yvigner\" \/>\n<meta name=\"twitter:card\" content=\"summary_large_image\" \/>\n<meta name=\"twitter:label1\" content=\"\u00c9crit par\" \/>\n\t<meta name=\"twitter:data1\" content=\"yvigner\" \/>\n\t<meta name=\"twitter:label2\" content=\"Dur\u00e9e de lecture estim\u00e9e\" \/>\n\t<meta name=\"twitter:data2\" content=\"3 minutes\" \/>\n<script type=\"application\/ld+json\" class=\"yoast-schema-graph\">{\"@context\":\"https:\\\/\\\/schema.org\",\"@graph\":[{\"@type\":\"Article\",\"@id\":\"https:\\\/\\\/regions-snetap-fsu.fr\\\/pdl\\\/2024\\\/09\\\/05\\\/rencontre-avec-la-draaf-a-lagricampus-laval-5-septembre-2024\\\/#article\",\"isPartOf\":{\"@id\":\"https:\\\/\\\/regions-snetap-fsu.fr\\\/pdl\\\/2024\\\/09\\\/05\\\/rencontre-avec-la-draaf-a-lagricampus-laval-5-septembre-2024\\\/\"},\"author\":{\"name\":\"yvigner\",\"@id\":\"https:\\\/\\\/regions-snetap-fsu.fr\\\/pdl\\\/#\\\/schema\\\/person\\\/d4530af043f9e8d27bdd71c468ec93b1\"},\"headline\":\"Rencontre avec la DRAAF \u00e0 l&rsquo;Agricampus Laval &#8211; 5 septembre 2024\",\"datePublished\":\"2024-09-05T15:32:15+00:00\",\"dateModified\":\"2024-10-16T20:36:55+00:00\",\"mainEntityOfPage\":{\"@id\":\"https:\\\/\\\/regions-snetap-fsu.fr\\\/pdl\\\/2024\\\/09\\\/05\\\/rencontre-avec-la-draaf-a-lagricampus-laval-5-septembre-2024\\\/\"},\"wordCount\":636,\"publisher\":{\"@id\":\"https:\\\/\\\/regions-snetap-fsu.fr\\\/pdl\\\/#organization\"},\"image\":{\"@id\":\"https:\\\/\\\/regions-snetap-fsu.fr\\\/pdl\\\/2024\\\/09\\\/05\\\/rencontre-avec-la-draaf-a-lagricampus-laval-5-septembre-2024\\\/#primaryimage\"},\"thumbnailUrl\":\"https:\\\/\\\/regions-snetap-fsu.fr\\\/pdl\\\/wp-content\\\/uploads\\\/sites\\\/4\\\/2024\\\/09\\\/Yvan-LOBJOIT-nouveau-directeur-regional-de-la-DRAAF-des-Pays-de-la-Loire_articleimage.jpg\",\"articleSection\":[\"Laval\"],\"inLanguage\":\"fr-FR\"},{\"@type\":\"WebPage\",\"@id\":\"https:\\\/\\\/regions-snetap-fsu.fr\\\/pdl\\\/2024\\\/09\\\/05\\\/rencontre-avec-la-draaf-a-lagricampus-laval-5-septembre-2024\\\/\",\"url\":\"https:\\\/\\\/regions-snetap-fsu.fr\\\/pdl\\\/2024\\\/09\\\/05\\\/rencontre-avec-la-draaf-a-lagricampus-laval-5-septembre-2024\\\/\",\"name\":\"Rencontre avec la DRAAF \u00e0 l'Agricampus Laval - 5 septembre 2024 - PAYS DE LA LOIRE\",\"isPartOf\":{\"@id\":\"https:\\\/\\\/regions-snetap-fsu.fr\\\/pdl\\\/#website\"},\"primaryImageOfPage\":{\"@id\":\"https:\\\/\\\/regions-snetap-fsu.fr\\\/pdl\\\/2024\\\/09\\\/05\\\/rencontre-avec-la-draaf-a-lagricampus-laval-5-septembre-2024\\\/#primaryimage\"},\"image\":{\"@id\":\"https:\\\/\\\/regions-snetap-fsu.fr\\\/pdl\\\/2024\\\/09\\\/05\\\/rencontre-avec-la-draaf-a-lagricampus-laval-5-septembre-2024\\\/#primaryimage\"},\"thumbnailUrl\":\"https:\\\/\\\/regions-snetap-fsu.fr\\\/pdl\\\/wp-content\\\/uploads\\\/sites\\\/4\\\/2024\\\/09\\\/Yvan-LOBJOIT-nouveau-directeur-regional-de-la-DRAAF-des-Pays-de-la-Loire_articleimage.jpg\",\"datePublished\":\"2024-09-05T15:32:15+00:00\",\"dateModified\":\"2024-10-16T20:36:55+00:00\",\"breadcrumb\":{\"@id\":\"https:\\\/\\\/regions-snetap-fsu.fr\\\/pdl\\\/2024\\\/09\\\/05\\\/rencontre-avec-la-draaf-a-lagricampus-laval-5-septembre-2024\\\/#breadcrumb\"},\"inLanguage\":\"fr-FR\",\"potentialAction\":[{\"@type\":\"ReadAction\",\"target\":[\"https:\\\/\\\/regions-snetap-fsu.fr\\\/pdl\\\/2024\\\/09\\\/05\\\/rencontre-avec-la-draaf-a-lagricampus-laval-5-septembre-2024\\\/\"]}]},{\"@type\":\"ImageObject\",\"inLanguage\":\"fr-FR\",\"@id\":\"https:\\\/\\\/regions-snetap-fsu.fr\\\/pdl\\\/2024\\\/09\\\/05\\\/rencontre-avec-la-draaf-a-lagricampus-laval-5-septembre-2024\\\/#primaryimage\",\"url\":\"https:\\\/\\\/regions-snetap-fsu.fr\\\/pdl\\\/wp-content\\\/uploads\\\/sites\\\/4\\\/2024\\\/09\\\/Yvan-LOBJOIT-nouveau-directeur-regional-de-la-DRAAF-des-Pays-de-la-Loire_articleimage.jpg\",\"contentUrl\":\"https:\\\/\\\/regions-snetap-fsu.fr\\\/pdl\\\/wp-content\\\/uploads\\\/sites\\\/4\\\/2024\\\/09\\\/Yvan-LOBJOIT-nouveau-directeur-regional-de-la-DRAAF-des-Pays-de-la-Loire_articleimage.jpg\",\"width\":314,\"height\":161},{\"@type\":\"BreadcrumbList\",\"@id\":\"https:\\\/\\\/regions-snetap-fsu.fr\\\/pdl\\\/2024\\\/09\\\/05\\\/rencontre-avec-la-draaf-a-lagricampus-laval-5-septembre-2024\\\/#breadcrumb\",\"itemListElement\":[{\"@type\":\"ListItem\",\"position\":1,\"name\":\"Accueil\",\"item\":\"https:\\\/\\\/regions-snetap-fsu.fr\\\/pdl\\\/\"},{\"@type\":\"ListItem\",\"position\":2,\"name\":\"Rencontre avec la DRAAF \u00e0 l&rsquo;Agricampus Laval &#8211; 5 septembre 2024\"}]},{\"@type\":\"WebSite\",\"@id\":\"https:\\\/\\\/regions-snetap-fsu.fr\\\/pdl\\\/#website\",\"url\":\"https:\\\/\\\/regions-snetap-fsu.fr\\\/pdl\\\/\",\"name\":\"SNETAP-FSU PAYS DE LA LOIRE\",\"description\":\"SECTION REGIONALE\",\"publisher\":{\"@id\":\"https:\\\/\\\/regions-snetap-fsu.fr\\\/pdl\\\/#organization\"},\"potentialAction\":[{\"@type\":\"SearchAction\",\"target\":{\"@type\":\"EntryPoint\",\"urlTemplate\":\"https:\\\/\\\/regions-snetap-fsu.fr\\\/pdl\\\/?s={search_term_string}\"},\"query-input\":{\"@type\":\"PropertyValueSpecification\",\"valueRequired\":true,\"valueName\":\"search_term_string\"}}],\"inLanguage\":\"fr-FR\"},{\"@type\":\"Organization\",\"@id\":\"https:\\\/\\\/regions-snetap-fsu.fr\\\/pdl\\\/#organization\",\"name\":\"SNETAP-FSU Pays de Loire\",\"url\":\"https:\\\/\\\/regions-snetap-fsu.fr\\\/pdl\\\/\",\"logo\":{\"@type\":\"ImageObject\",\"inLanguage\":\"fr-FR\",\"@id\":\"https:\\\/\\\/regions-snetap-fsu.fr\\\/pdl\\\/#\\\/schema\\\/logo\\\/image\\\/\",\"url\":\"https:\\\/\\\/regions-snetap-fsu.fr\\\/pdl\\\/wp-content\\\/uploads\\\/sites\\\/4\\\/2020\\\/12\\\/SNETAP-Logo.jpg\",\"contentUrl\":\"https:\\\/\\\/regions-snetap-fsu.fr\\\/pdl\\\/wp-content\\\/uploads\\\/sites\\\/4\\\/2020\\\/12\\\/SNETAP-Logo.jpg\",\"width\":464,\"height\":334,\"caption\":\"SNETAP-FSU Pays de Loire\"},\"image\":{\"@id\":\"https:\\\/\\\/regions-snetap-fsu.fr\\\/pdl\\\/#\\\/schema\\\/logo\\\/image\\\/\"}},{\"@type\":\"Person\",\"@id\":\"https:\\\/\\\/regions-snetap-fsu.fr\\\/pdl\\\/#\\\/schema\\\/person\\\/d4530af043f9e8d27bdd71c468ec93b1\",\"name\":\"yvigner\",\"image\":{\"@type\":\"ImageObject\",\"inLanguage\":\"fr-FR\",\"@id\":\"https:\\\/\\\/secure.gravatar.com\\\/avatar\\\/bc72baa6f2406549aecf77a837bc4f03dbe88472c1762138f868571430a23820?s=96&d=mm&r=g\",\"url\":\"https:\\\/\\\/secure.gravatar.com\\\/avatar\\\/bc72baa6f2406549aecf77a837bc4f03dbe88472c1762138f868571430a23820?s=96&d=mm&r=g\",\"contentUrl\":\"https:\\\/\\\/secure.gravatar.com\\\/avatar\\\/bc72baa6f2406549aecf77a837bc4f03dbe88472c1762138f868571430a23820?s=96&d=mm&r=g\",\"caption\":\"yvigner\"},\"url\":\"https:\\\/\\\/regions-snetap-fsu.fr\\\/pdl\\\/author\\\/yvigner\\\/\"}]}<\/script>\n<!-- \/ Yoast SEO plugin. -->","yoast_head_json":{"title":"Rencontre avec la DRAAF \u00e0 l'Agricampus Laval - 5 septembre 2024 - PAYS DE LA LOIRE","robots":{"index":"index","follow":"follow","max-snippet":"max-snippet:-1","max-image-preview":"max-image-preview:large","max-video-preview":"max-video-preview:-1"},"canonical":"https:\/\/regions-snetap-fsu.fr\/pdl\/2024\/09\/05\/rencontre-avec-la-draaf-a-lagricampus-laval-5-septembre-2024\/","og_locale":"fr_FR","og_type":"article","og_title":"Rencontre avec la DRAAF \u00e0 l'Agricampus Laval - 5 septembre 2024 - PAYS DE LA LOIRE","og_description":"Ce jeudi 5 septembre 2024, Annick Baille, directrice r\u00e9gionale de l\u2019alimentation, de l\u2019agriculture et de la for\u00eat (DRAAF) et Philippe Nenon, chef du Service R\u00e9gional de la Formation et du D\u00e9veloppement (SRFD) \u00e9taient pr\u00e9sents sur l\u2019Agricampus de Laval afin de rencontrer certains \u00e9tudiants. Vos repr\u00e9sentants locaux des personnels ont sollicit\u00e9 une audience afin d\u2019\u00e9voquer certains [&hellip;]","og_url":"https:\/\/regions-snetap-fsu.fr\/pdl\/2024\/09\/05\/rencontre-avec-la-draaf-a-lagricampus-laval-5-septembre-2024\/","og_site_name":"PAYS DE LA LOIRE","article_published_time":"2024-09-05T15:32:15+00:00","article_modified_time":"2024-10-16T20:36:55+00:00","og_image":[{"width":314,"height":161,"url":"https:\/\/regions-snetap-fsu.fr\/pdl\/wp-content\/uploads\/sites\/4\/2024\/09\/Yvan-LOBJOIT-nouveau-directeur-regional-de-la-DRAAF-des-Pays-de-la-Loire_articleimage.jpg","type":"image\/jpeg"}],"author":"yvigner","twitter_card":"summary_large_image","twitter_misc":{"\u00c9crit par":"yvigner","Dur\u00e9e de lecture estim\u00e9e":"3 minutes"},"schema":{"@context":"https:\/\/schema.org","@graph":[{"@type":"Article","@id":"https:\/\/regions-snetap-fsu.fr\/pdl\/2024\/09\/05\/rencontre-avec-la-draaf-a-lagricampus-laval-5-septembre-2024\/#article","isPartOf":{"@id":"https:\/\/regions-snetap-fsu.fr\/pdl\/2024\/09\/05\/rencontre-avec-la-draaf-a-lagricampus-laval-5-septembre-2024\/"},"author":{"name":"yvigner","@id":"https:\/\/regions-snetap-fsu.fr\/pdl\/#\/schema\/person\/d4530af043f9e8d27bdd71c468ec93b1"},"headline":"Rencontre avec la DRAAF \u00e0 l&rsquo;Agricampus Laval &#8211; 5 septembre 2024","datePublished":"2024-09-05T15:32:15+00:00","dateModified":"2024-10-16T20:36:55+00:00","mainEntityOfPage":{"@id":"https:\/\/regions-snetap-fsu.fr\/pdl\/2024\/09\/05\/rencontre-avec-la-draaf-a-lagricampus-laval-5-septembre-2024\/"},"wordCount":636,"publisher":{"@id":"https:\/\/regions-snetap-fsu.fr\/pdl\/#organization"},"image":{"@id":"https:\/\/regions-snetap-fsu.fr\/pdl\/2024\/09\/05\/rencontre-avec-la-draaf-a-lagricampus-laval-5-septembre-2024\/#primaryimage"},"thumbnailUrl":"https:\/\/regions-snetap-fsu.fr\/pdl\/wp-content\/uploads\/sites\/4\/2024\/09\/Yvan-LOBJOIT-nouveau-directeur-regional-de-la-DRAAF-des-Pays-de-la-Loire_articleimage.jpg","articleSection":["Laval"],"inLanguage":"fr-FR"},{"@type":"WebPage","@id":"https:\/\/regions-snetap-fsu.fr\/pdl\/2024\/09\/05\/rencontre-avec-la-draaf-a-lagricampus-laval-5-septembre-2024\/","url":"https:\/\/regions-snetap-fsu.fr\/pdl\/2024\/09\/05\/rencontre-avec-la-draaf-a-lagricampus-laval-5-septembre-2024\/","name":"Rencontre avec la DRAAF \u00e0 l'Agricampus Laval - 5 septembre 2024 - PAYS DE LA LOIRE","isPartOf":{"@id":"https:\/\/regions-snetap-fsu.fr\/pdl\/#website"},"primaryImageOfPage":{"@id":"https:\/\/regions-snetap-fsu.fr\/pdl\/2024\/09\/05\/rencontre-avec-la-draaf-a-lagricampus-laval-5-septembre-2024\/#primaryimage"},"image":{"@id":"https:\/\/regions-snetap-fsu.fr\/pdl\/2024\/09\/05\/rencontre-avec-la-draaf-a-lagricampus-laval-5-septembre-2024\/#primaryimage"},"thumbnailUrl":"https:\/\/regions-snetap-fsu.fr\/pdl\/wp-content\/uploads\/sites\/4\/2024\/09\/Yvan-LOBJOIT-nouveau-directeur-regional-de-la-DRAAF-des-Pays-de-la-Loire_articleimage.jpg","datePublished":"2024-09-05T15:32:15+00:00","dateModified":"2024-10-16T20:36:55+00:00","breadcrumb":{"@id":"https:\/\/regions-snetap-fsu.fr\/pdl\/2024\/09\/05\/rencontre-avec-la-draaf-a-lagricampus-laval-5-septembre-2024\/#breadcrumb"},"inLanguage":"fr-FR","potentialAction":[{"@type":"ReadAction","target":["https:\/\/regions-snetap-fsu.fr\/pdl\/2024\/09\/05\/rencontre-avec-la-draaf-a-lagricampus-laval-5-septembre-2024\/"]}]},{"@type":"ImageObject","inLanguage":"fr-FR","@id":"https:\/\/regions-snetap-fsu.fr\/pdl\/2024\/09\/05\/rencontre-avec-la-draaf-a-lagricampus-laval-5-septembre-2024\/#primaryimage","url":"https:\/\/regions-snetap-fsu.fr\/pdl\/wp-content\/uploads\/sites\/4\/2024\/09\/Yvan-LOBJOIT-nouveau-directeur-regional-de-la-DRAAF-des-Pays-de-la-Loire_articleimage.jpg","contentUrl":"https:\/\/regions-snetap-fsu.fr\/pdl\/wp-content\/uploads\/sites\/4\/2024\/09\/Yvan-LOBJOIT-nouveau-directeur-regional-de-la-DRAAF-des-Pays-de-la-Loire_articleimage.jpg","width":314,"height":161},{"@type":"BreadcrumbList","@id":"https:\/\/regions-snetap-fsu.fr\/pdl\/2024\/09\/05\/rencontre-avec-la-draaf-a-lagricampus-laval-5-septembre-2024\/#breadcrumb","itemListElement":[{"@type":"ListItem","position":1,"name":"Accueil","item":"https:\/\/regions-snetap-fsu.fr\/pdl\/"},{"@type":"ListItem","position":2,"name":"Rencontre avec la DRAAF \u00e0 l&rsquo;Agricampus Laval &#8211; 5 septembre 2024"}]},{"@type":"WebSite","@id":"https:\/\/regions-snetap-fsu.fr\/pdl\/#website","url":"https:\/\/regions-snetap-fsu.fr\/pdl\/","name":"SNETAP-FSU PAYS DE LA LOIRE","description":"SECTION REGIONALE","publisher":{"@id":"https:\/\/regions-snetap-fsu.fr\/pdl\/#organization"},"potentialAction":[{"@type":"SearchAction","target":{"@type":"EntryPoint","urlTemplate":"https:\/\/regions-snetap-fsu.fr\/pdl\/?s={search_term_string}"},"query-input":{"@type":"PropertyValueSpecification","valueRequired":true,"valueName":"search_term_string"}}],"inLanguage":"fr-FR"},{"@type":"Organization","@id":"https:\/\/regions-snetap-fsu.fr\/pdl\/#organization","name":"SNETAP-FSU Pays de Loire","url":"https:\/\/regions-snetap-fsu.fr\/pdl\/","logo":{"@type":"ImageObject","inLanguage":"fr-FR","@id":"https:\/\/regions-snetap-fsu.fr\/pdl\/#\/schema\/logo\/image\/","url":"https:\/\/regions-snetap-fsu.fr\/pdl\/wp-content\/uploads\/sites\/4\/2020\/12\/SNETAP-Logo.jpg","contentUrl":"https:\/\/regions-snetap-fsu.fr\/pdl\/wp-content\/uploads\/sites\/4\/2020\/12\/SNETAP-Logo.jpg","width":464,"height":334,"caption":"SNETAP-FSU Pays de Loire"},"image":{"@id":"https:\/\/regions-snetap-fsu.fr\/pdl\/#\/schema\/logo\/image\/"}},{"@type":"Person","@id":"https:\/\/regions-snetap-fsu.fr\/pdl\/#\/schema\/person\/d4530af043f9e8d27bdd71c468ec93b1","name":"yvigner","image":{"@type":"ImageObject","inLanguage":"fr-FR","@id":"https:\/\/secure.gravatar.com\/avatar\/bc72baa6f2406549aecf77a837bc4f03dbe88472c1762138f868571430a23820?s=96&d=mm&r=g","url":"https:\/\/secure.gravatar.com\/avatar\/bc72baa6f2406549aecf77a837bc4f03dbe88472c1762138f868571430a23820?s=96&d=mm&r=g","contentUrl":"https:\/\/secure.gravatar.com\/avatar\/bc72baa6f2406549aecf77a837bc4f03dbe88472c1762138f868571430a23820?s=96&d=mm&r=g","caption":"yvigner"},"url":"https:\/\/regions-snetap-fsu.fr\/pdl\/author\/yvigner\/"}]}},"_links":{"self":[{"href":"https:\/\/regions-snetap-fsu.fr\/pdl\/wp-json\/wp\/v2\/posts\/5134","targetHints":{"allow":["GET"]}}],"collection":[{"href":"https:\/\/regions-snetap-fsu.fr\/pdl\/wp-json\/wp\/v2\/posts"}],"about":[{"href":"https:\/\/regions-snetap-fsu.fr\/pdl\/wp-json\/wp\/v2\/types\/post"}],"author":[{"embeddable":true,"href":"https:\/\/regions-snetap-fsu.fr\/pdl\/wp-json\/wp\/v2\/users\/2"}],"replies":[{"embeddable":true,"href":"https:\/\/regions-snetap-fsu.fr\/pdl\/wp-json\/wp\/v2\/comments?post=5134"}],"version-history":[{"count":2,"href":"https:\/\/regions-snetap-fsu.fr\/pdl\/wp-json\/wp\/v2\/posts\/5134\/revisions"}],"predecessor-version":[{"id":5179,"href":"https:\/\/regions-snetap-fsu.fr\/pdl\/wp-json\/wp\/v2\/posts\/5134\/revisions\/5179"}],"wp:featuredmedia":[{"embeddable":true,"href":"https:\/\/regions-snetap-fsu.fr\/pdl\/wp-json\/wp\/v2\/media\/5178"}],"wp:attachment":[{"href":"https:\/\/regions-snetap-fsu.fr\/pdl\/wp-json\/wp\/v2\/media?parent=5134"}],"wp:term":[{"taxonomy":"category","embeddable":true,"href":"https:\/\/regions-snetap-fsu.fr\/pdl\/wp-json\/wp\/v2\/categories?post=5134"},{"taxonomy":"post_tag","embeddable":true,"href":"https:\/\/regions-snetap-fsu.fr\/pdl\/wp-json\/wp\/v2\/tags?post=5134"},{"taxonomy":"post_folder","embeddable":true,"href":"https:\/\/regions-snetap-fsu.fr\/pdl\/wp-json\/wp\/v2\/post_folder?post=5134"}],"curies":[{"name":"wp","href":"https:\/\/api.w.org\/{rel}","templated":true}]}}