{"id":513,"date":"2017-06-22T16:00:46","date_gmt":"2017-06-22T14:00:46","guid":{"rendered":"http:\/\/snetap-fsu.fr\/comp\/pdl\/?p=513"},"modified":"2018-09-08T22:25:47","modified_gmt":"2018-09-08T20:25:47","slug":"le-snetap-rencontre-les-elus-du-conseil-regional-bien-peu-dinformations-de-graves-craintes-quant-aux-projets-dinvestissements","status":"publish","type":"post","link":"https:\/\/regions-snetap-fsu.fr\/pdl\/2017\/06\/22\/le-snetap-rencontre-les-elus-du-conseil-regional-bien-peu-dinformations-de-graves-craintes-quant-aux-projets-dinvestissements\/","title":{"rendered":"Le SNETAP rencontre les \u00e9lus du Conseil R\u00e9gional : BIEN PEU D&#039;INFORMATIONS, DE GRAVES CRAINTES  QUANT AUX PROJETS D&#039;INVESTISSEMENTS"},"content":{"rendered":"<p class=\"western\" align=\"justify\"><span style=\"font-family: Arial, sans-serif\"><span style=\"font-size: large\"><u><b>Compte rendu rencontre du Conseil r\u00e9gional (2 juin 2017)<\/b><\/u><\/span><\/span><\/p>\n<p class=\"western\" align=\"center\"><span style=\"font-family: Arial, sans-serif\"><span style=\"font-size: medium\"><b>BIEN PEU D&rsquo;INFORMATIONS, DE GRAVES CRAINTES <\/b><\/span><\/span><\/p>\n<p class=\"western\" align=\"center\"><span style=\"font-family: Arial, sans-serif\"><span style=\"font-size: medium\"><b>QUANT AUX PROJETS D&rsquo;INVESTISSEMENTS<\/b><\/span><\/span><\/p>\n<p class=\"western\" align=\"justify\"><span style=\"font-family: Arial, sans-serif\"><span style=\"font-size: small\">La d\u00e9l\u00e9gation du conseil r\u00e9gional \u00e9tait compos\u00e9e de M.CHEREAU (VP \u00e0 l&rsquo;Education), M.de MOUCHERON (Directeur des Lyc\u00e9es)\u00a0; celle de la FSU de Jeanne Marie ROUSSEAU (EPL NANTES TERRE ATLANTIQUE) , Thierry ARENZANA (LE MANS) et de Yoann VIGNER (EPL LAVAL).\u00a0<\/span><\/span><\/p>\n<p class=\"western\" align=\"justify\"><span style=\"font-family: Arial, sans-serif\"><span style=\"font-size: small\">Ordre du jour : dotations lyc\u00e9es, PAE, chauffeurs de bus, travaux dans les \u00e9tablissements, personnels ARL (et dialogue social), emplois avenirs<\/span><\/span><\/p>\n<p class=\"western\" align=\"justify\"><span style=\"font-family: Arial, sans-serif\"><span style=\"font-size: small\"><b>&#8211; Dotations <\/b> : M.CHEREAU nous a rappel\u00e9 qu&rsquo;il n&rsquo;y avait pas de baisse de DGF (dotation globale de fonctionnement) pour les lyc\u00e9es agricoles alors que les autres pourraient \u00eatre trait\u00e9s diff\u00e9remment <\/span><\/span><\/p>\n<p class=\"western\" align=\"justify\"><span style=\"font-family: Arial, sans-serif\"><span style=\"font-size: small\"><b>&#8211; Dialogue socia<\/b>l : Nous avons d\u00e9nonc\u00e9 l&rsquo;absence de dialogue social dans les instances du Conseil r\u00e9gional (CREFOP et instances pr\u00e9paratoires) notamment concernant la note de cadrage pour l&rsquo;\u00e9tablissement de la carte scolaire. Ce document important nous a seulement \u00e9t\u00e9 pr\u00e9sent\u00e9 finalis\u00e9\u2026<\/span><\/span><\/p>\n<p class=\"western\" align=\"justify\"><span style=\"font-family: Arial, sans-serif\"><span style=\"font-size: small\">Dans la suite de cette question des \u00e9changes avec les \u00e9lus du CR PDL, nous nous sommes \u00e9tonn\u00e9s\u00a0 de la difficult\u00e9 (6 mois) pour rencontrer M.CHEREAU, mais aussi de l&rsquo;absence des repr\u00e9sentants du CR PDL au CA de Brette les Pins (72). <\/span><\/span><\/p>\n<p class=\"western\" align=\"justify\"><span style=\"font-family: Arial, sans-serif\"><span style=\"font-size: small\"><b>&#8211; investissements-travaux dans les lyc\u00e9es<\/b><\/span><\/span><span style=\"font-family: Arial, sans-serif\"><span style=\"font-size: small\"> : Le PIL (programme d&rsquo;investissement lourd) sera probablement d\u00e9fini en d\u00e9cembre et pour un temps plus long (plus pr\u00e8s r\u00e9alit\u00e9) donc plut\u00f4t 6-7ans. Il fera suite \u00e0 une \u00e9tude d\u00e9mographique et une connaissance fine de la capacit\u00e9 d&rsquo;accueil des lyc\u00e9es publics. M.CHEREAU a rappel\u00e9 que le CR avait d\u00e9j\u00e0 engag\u00e9 au titre du PIL 400 millions d&rsquo;\u20ac sur 500 millions pr\u00e9vus sur ce poste pour la mandature. Si l&rsquo;\u00e9tude d\u00e9mographique est presque termin\u00e9e, elle met en valeur le fait que l&rsquo;INSEE s&rsquo;est tromp\u00e9. Il y aura 10 000 lyc\u00e9ens suppl\u00e9mentaires dans les prochaines ann\u00e9es et ce sera la priorit\u00e9&#8230;CELA S&rsquo;ANNONCE DONC MAL POUR TOUS LES BESOINS DE NOS ETABLISSEMENTS EN NOUVELLES CONSTRUCTIONS. Pour information, les \u00e9lus du CR se d\u00e9placeront au Grand Blottereau fin juin (cet \u00e9tablissement est bien identifi\u00e9 comme un situation probl\u00e8me). <\/span><\/span><\/p>\n<p class=\"western\" align=\"justify\"><span style=\"font-family: Arial, sans-serif\"><span style=\"font-size: small\">&#8211;<b> Chauffeurs de bus :<\/b> nous avons rappel\u00e9 notre position et demande (un chauffeur et un bus par lyc\u00e9e)&#8230;le CR est toujours dans le refus. Nous nous sommes \u00e9tonn\u00e9s que le lyc\u00e9e de Gu\u00e9rande ne figure pas dans la liste des \u00e9tablissements b\u00e9n\u00e9ficiant d&rsquo;un appui financier pour les sorties p\u00e9dagogiques (voir tableau en pi\u00e8ce jointe). Nous avons \u00e9galement demand\u00e9 \u00e0 ce que soit diff\u00e9renci\u00e9e la subvention transport p\u00e9dagogique du reste de la dotation du CR. Il nous a \u00e9t\u00e9 r\u00e9pondu que cette question serait soulev\u00e9e lors d&rsquo;un prochain \u00e9change avec les gestionnaires des lyc\u00e9es. <\/span><\/span><\/p>\n<p class=\"western\" align=\"justify\"><span style=\"font-family: Arial, sans-serif\"><span style=\"font-size: small\">&#8211; <b>PAE ( projets d&rsquo;actions \u00e9ducatives) <\/b>, ils seront int\u00e9gr\u00e9s dans un nouveau dispositif PER-(pacte \u00e9ducatif r\u00e9gional) Le p\u00e9rim\u00e8tre sera de m\u00eame nature, th\u00e9matis\u00e9 diff\u00e9remment et avec quelques \u00e9conomies mais sur frais de structures-Il est \u00e0 noter qu&rsquo;il y a fongibilit\u00e9 possible des subventions sur ces projets.Le conseil r\u00e9gional va cr\u00e9er des ambassadeurs du civisme (Service civique dans les \u00e9tablissements). Le conseil r\u00e9gional vient de mettre en place un groupe de travail sur les PAE (EAP pr\u00e9sent). Enfin, le dispositif PRADT est reconduit : 50 000\u20ac auraient \u00e9t\u00e9 pr\u00e9serv\u00e9s au vote budget suppl\u00e9mentaire. <\/span><\/span><\/p>\n<p class=\"western\" align=\"justify\"><span style=\"font-family: Arial, sans-serif\"><span style=\"font-size: small\">Chaque lyc\u00e9e a re\u00e7u montant aide pour pass-class\/pass-culture. <\/span><\/span><\/p>\n<p class=\"western\" align=\"justify\"><span style=\"font-family: Arial, sans-serif\"><span style=\"font-size: small\"><b>ELYCO<\/b><\/span><\/span><span style=\"font-family: Arial, sans-serif\"><span style=\"font-size: small\">\u00a0: P.BARRE (\u00e9lu) est en charge de ce sujet. Si les personnels ont des remont\u00e9es \u00e0 ce sujet (\u00e0 l&rsquo;occasion du renouvellement de l&rsquo;appel d&rsquo;offre sur l&rsquo;ENT) , elles sont \u00e0 nous transmettre , nous les ferons suivre \u00e0 M.DEMOUCHERON. Nous nous sommes inqui\u00e9t\u00e9s aussi de la question du transfert de la comp\u00e9tence informatique au conseil r\u00e9gional et de l&rsquo;avenir des TFR IBA. La r\u00e9ponse de M.MOUCHERON a \u00e9t\u00e9 claire\u00a0: si c&rsquo;est un technicien r\u00e9gion qui reprend la mission, son temps par lyc\u00e9e est de 30-40\u00a0%, des \u00e9l\u00e9ments pourront-seront externalis\u00e9s. Sur ce m\u00eame sujet, le conseil r\u00e9gional est au courant de la situation de l&rsquo;AE de Fontenay le Comte qui exer\u00e7ait cette mission et dont le contrat arrive \u00e0 sa 6<\/span><\/span><sup><span style=\"font-family: Arial, sans-serif\"><span style=\"font-size: small\">e<\/span><\/span><\/sup><span style=\"font-family: Arial, sans-serif\"><span style=\"font-size: small\"> ann\u00e9e&#8230;mais il n&rsquo;a pas \u00e9t\u00e9 \u00e9voqu\u00e9 de solution. <\/span><\/span><\/p>\n<p class=\"western\" align=\"justify\"><span style=\"font-family: Arial, sans-serif\"><span style=\"font-size: small\">Personnels : M Chereau nous a indiqu\u00e9 que le service Education du CR n&rsquo;\u00e9tait pas \u00e0 m\u00eame de discuter des questions de personnels avec nous . Il faudrait pour cela s&rsquo;adresser au service des ressurces humaines . Nous avons toutefois signal\u00e9 notre \u00e9moi sur le fait que des personnels en Contrat Emploi Avenir n&rsquo;aient pas \u00e9t\u00e9 reconduits . <\/span><\/span><\/p>\n<p class=\"western\" align=\"right\"><span style=\"font-family: Arial, sans-serif\"><span style=\"font-size: small\">Yoann VIGNER<\/span><\/span><\/p>\n<p class=\"western\" align=\"right\"><span style=\"font-family: Arial, sans-serif\"><span style=\"font-size: small\">Co-secr\u00e9taire r\u00e9gional<\/span><\/span><\/p>\n<p class=\"western\" align=\"justify\">\n","protected":false},"excerpt":{"rendered":"<p>Compte rendu rencontre du Conseil r\u00e9gional (2 juin 2017) BIEN PEU D&rsquo;INFORMATIONS, DE GRAVES CRAINTES QUANT AUX PROJETS D&rsquo;INVESTISSEMENTS La d\u00e9l\u00e9gation du conseil r\u00e9gional \u00e9tait compos\u00e9e de M.CHEREAU (VP \u00e0 l&rsquo;Education), M.de MOUCHERON (Directeur des Lyc\u00e9es)\u00a0; celle de la FSU de Jeanne Marie ROUSSEAU (EPL NANTES TERRE ATLANTIQUE) , Thierry ARENZANA (LE MANS) et de [&hellip;]<\/p>\n","protected":false},"author":2,"featured_media":0,"comment_status":"closed","ping_status":"closed","sticky":false,"template":"","format":"standard","meta":{"ocean_post_layout":"","ocean_both_sidebars_style":"","ocean_both_sidebars_content_width":0,"ocean_both_sidebars_sidebars_width":0,"ocean_sidebar":"","ocean_second_sidebar":"","ocean_disable_margins":"enable","ocean_add_body_class":"","ocean_shortcode_before_top_bar":"","ocean_shortcode_after_top_bar":"","ocean_shortcode_before_header":"","ocean_shortcode_after_header":"","ocean_has_shortcode":"","ocean_shortcode_after_title":"","ocean_shortcode_before_footer_widgets":"","ocean_shortcode_after_footer_widgets":"","ocean_shortcode_before_footer_bottom":"","ocean_shortcode_after_footer_bottom":"","ocean_display_top_bar":"default","ocean_display_header":"default","ocean_header_style":"","ocean_center_header_left_menu":"","ocean_custom_header_template":"","ocean_custom_logo":0,"ocean_custom_retina_logo":0,"ocean_custom_logo_max_width":0,"ocean_custom_logo_tablet_max_width":0,"ocean_custom_logo_mobile_max_width":0,"ocean_custom_logo_max_height":0,"ocean_custom_logo_tablet_max_height":0,"ocean_custom_logo_mobile_max_height":0,"ocean_header_custom_menu":"","ocean_menu_typo_font_family":"","ocean_menu_typo_font_subset":"","ocean_menu_typo_font_size":0,"ocean_menu_typo_font_size_tablet":0,"ocean_menu_typo_font_size_mobile":0,"ocean_menu_typo_font_size_unit":"px","ocean_menu_typo_font_weight":"","ocean_menu_typo_font_weight_tablet":"","ocean_menu_typo_font_weight_mobile":"","ocean_menu_typo_transform":"","ocean_menu_typo_transform_tablet":"","ocean_menu_typo_transform_mobile":"","ocean_menu_typo_line_height":0,"ocean_menu_typo_line_height_tablet":0,"ocean_menu_typo_line_height_mobile":0,"ocean_menu_typo_line_height_unit":"","ocean_menu_typo_spacing":0,"ocean_menu_typo_spacing_tablet":0,"ocean_menu_typo_spacing_mobile":0,"ocean_menu_typo_spacing_unit":"","ocean_menu_link_color":"","ocean_menu_link_color_hover":"","ocean_menu_link_color_active":"","ocean_menu_link_background":"","ocean_menu_link_hover_background":"","ocean_menu_link_active_background":"","ocean_menu_social_links_bg":"","ocean_menu_social_hover_links_bg":"","ocean_menu_social_links_color":"","ocean_menu_social_hover_links_color":"","ocean_disable_title":"default","ocean_disable_heading":"default","ocean_post_title":"","ocean_post_subheading":"","ocean_post_title_style":"","ocean_post_title_background_color":"","ocean_post_title_background":0,"ocean_post_title_bg_image_position":"","ocean_post_title_bg_image_attachment":"","ocean_post_title_bg_image_repeat":"","ocean_post_title_bg_image_size":"","ocean_post_title_height":0,"ocean_post_title_bg_overlay":0.5,"ocean_post_title_bg_overlay_color":"","ocean_disable_breadcrumbs":"default","ocean_breadcrumbs_color":"","ocean_breadcrumbs_separator_color":"","ocean_breadcrumbs_links_color":"","ocean_breadcrumbs_links_hover_color":"","ocean_display_footer_widgets":"default","ocean_display_footer_bottom":"default","ocean_custom_footer_template":"","ocean_post_oembed":"","ocean_post_self_hosted_media":"","ocean_post_video_embed":"","ocean_link_format":"","ocean_link_format_target":"self","ocean_quote_format":"","ocean_quote_format_link":"post","ocean_gallery_link_images":"on","ocean_gallery_id":[],"footnotes":""},"categories":[9],"tags":[],"post_folder":[],"class_list":["post-513","post","type-post","status-publish","format-standard","hentry","category-actions-et-communiques","entry"],"yoast_head":"<!-- This site is optimized with the Yoast SEO plugin v27.4 - https:\/\/yoast.com\/product\/yoast-seo-wordpress\/ -->\n<title>Le SNETAP rencontre les \u00e9lus du Conseil R\u00e9gional : BIEN PEU D&#039;INFORMATIONS, DE GRAVES CRAINTES QUANT AUX PROJETS D&#039;INVESTISSEMENTS - PAYS DE LA LOIRE<\/title>\n<meta name=\"robots\" content=\"index, follow, max-snippet:-1, max-image-preview:large, max-video-preview:-1\" \/>\n<link rel=\"canonical\" href=\"https:\/\/regions-snetap-fsu.fr\/pdl\/2017\/06\/22\/le-snetap-rencontre-les-elus-du-conseil-regional-bien-peu-dinformations-de-graves-craintes-quant-aux-projets-dinvestissements\/\" \/>\n<meta property=\"og:locale\" content=\"fr_FR\" \/>\n<meta property=\"og:type\" content=\"article\" \/>\n<meta property=\"og:title\" content=\"Le SNETAP rencontre les \u00e9lus du Conseil R\u00e9gional : BIEN PEU D&#039;INFORMATIONS, DE GRAVES CRAINTES QUANT AUX PROJETS D&#039;INVESTISSEMENTS - PAYS DE LA LOIRE\" \/>\n<meta property=\"og:description\" content=\"Compte rendu rencontre du Conseil r\u00e9gional (2 juin 2017) BIEN PEU D&rsquo;INFORMATIONS, DE GRAVES CRAINTES QUANT AUX PROJETS D&rsquo;INVESTISSEMENTS La d\u00e9l\u00e9gation du conseil r\u00e9gional \u00e9tait compos\u00e9e de M.CHEREAU (VP \u00e0 l&rsquo;Education), M.de MOUCHERON (Directeur des Lyc\u00e9es)\u00a0; celle de la FSU de Jeanne Marie ROUSSEAU (EPL NANTES TERRE ATLANTIQUE) , Thierry ARENZANA (LE MANS) et de [&hellip;]\" \/>\n<meta property=\"og:url\" content=\"https:\/\/regions-snetap-fsu.fr\/pdl\/2017\/06\/22\/le-snetap-rencontre-les-elus-du-conseil-regional-bien-peu-dinformations-de-graves-craintes-quant-aux-projets-dinvestissements\/\" \/>\n<meta property=\"og:site_name\" content=\"PAYS DE LA LOIRE\" \/>\n<meta property=\"article:published_time\" content=\"2017-06-22T14:00:46+00:00\" \/>\n<meta property=\"article:modified_time\" content=\"2018-09-08T20:25:47+00:00\" \/>\n<meta name=\"author\" content=\"yvigner\" \/>\n<meta name=\"twitter:card\" content=\"summary_large_image\" \/>\n<meta name=\"twitter:label1\" content=\"\u00c9crit par\" \/>\n\t<meta name=\"twitter:data1\" content=\"yvigner\" \/>\n\t<meta name=\"twitter:label2\" content=\"Dur\u00e9e de lecture estim\u00e9e\" \/>\n\t<meta name=\"twitter:data2\" content=\"4 minutes\" \/>\n<script type=\"application\/ld+json\" class=\"yoast-schema-graph\">{\"@context\":\"https:\\\/\\\/schema.org\",\"@graph\":[{\"@type\":\"Article\",\"@id\":\"https:\\\/\\\/regions-snetap-fsu.fr\\\/pdl\\\/2017\\\/06\\\/22\\\/le-snetap-rencontre-les-elus-du-conseil-regional-bien-peu-dinformations-de-graves-craintes-quant-aux-projets-dinvestissements\\\/#article\",\"isPartOf\":{\"@id\":\"https:\\\/\\\/regions-snetap-fsu.fr\\\/pdl\\\/2017\\\/06\\\/22\\\/le-snetap-rencontre-les-elus-du-conseil-regional-bien-peu-dinformations-de-graves-craintes-quant-aux-projets-dinvestissements\\\/\"},\"author\":{\"name\":\"yvigner\",\"@id\":\"https:\\\/\\\/regions-snetap-fsu.fr\\\/pdl\\\/#\\\/schema\\\/person\\\/d4530af043f9e8d27bdd71c468ec93b1\"},\"headline\":\"Le SNETAP rencontre les \u00e9lus du Conseil R\u00e9gional : BIEN PEU D&#039;INFORMATIONS, DE GRAVES CRAINTES QUANT AUX PROJETS D&#039;INVESTISSEMENTS\",\"datePublished\":\"2017-06-22T14:00:46+00:00\",\"dateModified\":\"2018-09-08T20:25:47+00:00\",\"mainEntityOfPage\":{\"@id\":\"https:\\\/\\\/regions-snetap-fsu.fr\\\/pdl\\\/2017\\\/06\\\/22\\\/le-snetap-rencontre-les-elus-du-conseil-regional-bien-peu-dinformations-de-graves-craintes-quant-aux-projets-dinvestissements\\\/\"},\"wordCount\":831,\"publisher\":{\"@id\":\"https:\\\/\\\/regions-snetap-fsu.fr\\\/pdl\\\/#organization\"},\"articleSection\":[\"Communiqu\u00e9s\"],\"inLanguage\":\"fr-FR\"},{\"@type\":\"WebPage\",\"@id\":\"https:\\\/\\\/regions-snetap-fsu.fr\\\/pdl\\\/2017\\\/06\\\/22\\\/le-snetap-rencontre-les-elus-du-conseil-regional-bien-peu-dinformations-de-graves-craintes-quant-aux-projets-dinvestissements\\\/\",\"url\":\"https:\\\/\\\/regions-snetap-fsu.fr\\\/pdl\\\/2017\\\/06\\\/22\\\/le-snetap-rencontre-les-elus-du-conseil-regional-bien-peu-dinformations-de-graves-craintes-quant-aux-projets-dinvestissements\\\/\",\"name\":\"Le SNETAP rencontre les \u00e9lus du Conseil R\u00e9gional : BIEN PEU D&#039;INFORMATIONS, DE GRAVES CRAINTES QUANT AUX PROJETS D&#039;INVESTISSEMENTS - PAYS DE LA LOIRE\",\"isPartOf\":{\"@id\":\"https:\\\/\\\/regions-snetap-fsu.fr\\\/pdl\\\/#website\"},\"datePublished\":\"2017-06-22T14:00:46+00:00\",\"dateModified\":\"2018-09-08T20:25:47+00:00\",\"breadcrumb\":{\"@id\":\"https:\\\/\\\/regions-snetap-fsu.fr\\\/pdl\\\/2017\\\/06\\\/22\\\/le-snetap-rencontre-les-elus-du-conseil-regional-bien-peu-dinformations-de-graves-craintes-quant-aux-projets-dinvestissements\\\/#breadcrumb\"},\"inLanguage\":\"fr-FR\",\"potentialAction\":[{\"@type\":\"ReadAction\",\"target\":[\"https:\\\/\\\/regions-snetap-fsu.fr\\\/pdl\\\/2017\\\/06\\\/22\\\/le-snetap-rencontre-les-elus-du-conseil-regional-bien-peu-dinformations-de-graves-craintes-quant-aux-projets-dinvestissements\\\/\"]}]},{\"@type\":\"BreadcrumbList\",\"@id\":\"https:\\\/\\\/regions-snetap-fsu.fr\\\/pdl\\\/2017\\\/06\\\/22\\\/le-snetap-rencontre-les-elus-du-conseil-regional-bien-peu-dinformations-de-graves-craintes-quant-aux-projets-dinvestissements\\\/#breadcrumb\",\"itemListElement\":[{\"@type\":\"ListItem\",\"position\":1,\"name\":\"Accueil\",\"item\":\"https:\\\/\\\/regions-snetap-fsu.fr\\\/pdl\\\/\"},{\"@type\":\"ListItem\",\"position\":2,\"name\":\"Le SNETAP rencontre les \u00e9lus du Conseil R\u00e9gional : BIEN PEU D&#039;INFORMATIONS, DE GRAVES CRAINTES QUANT AUX PROJETS D&#039;INVESTISSEMENTS\"}]},{\"@type\":\"WebSite\",\"@id\":\"https:\\\/\\\/regions-snetap-fsu.fr\\\/pdl\\\/#website\",\"url\":\"https:\\\/\\\/regions-snetap-fsu.fr\\\/pdl\\\/\",\"name\":\"SNETAP-FSU PAYS DE LA LOIRE\",\"description\":\"SECTION REGIONALE\",\"publisher\":{\"@id\":\"https:\\\/\\\/regions-snetap-fsu.fr\\\/pdl\\\/#organization\"},\"potentialAction\":[{\"@type\":\"SearchAction\",\"target\":{\"@type\":\"EntryPoint\",\"urlTemplate\":\"https:\\\/\\\/regions-snetap-fsu.fr\\\/pdl\\\/?s={search_term_string}\"},\"query-input\":{\"@type\":\"PropertyValueSpecification\",\"valueRequired\":true,\"valueName\":\"search_term_string\"}}],\"inLanguage\":\"fr-FR\"},{\"@type\":\"Organization\",\"@id\":\"https:\\\/\\\/regions-snetap-fsu.fr\\\/pdl\\\/#organization\",\"name\":\"SNETAP-FSU Pays de Loire\",\"url\":\"https:\\\/\\\/regions-snetap-fsu.fr\\\/pdl\\\/\",\"logo\":{\"@type\":\"ImageObject\",\"inLanguage\":\"fr-FR\",\"@id\":\"https:\\\/\\\/regions-snetap-fsu.fr\\\/pdl\\\/#\\\/schema\\\/logo\\\/image\\\/\",\"url\":\"https:\\\/\\\/regions-snetap-fsu.fr\\\/pdl\\\/wp-content\\\/uploads\\\/sites\\\/4\\\/2020\\\/12\\\/SNETAP-Logo.jpg\",\"contentUrl\":\"https:\\\/\\\/regions-snetap-fsu.fr\\\/pdl\\\/wp-content\\\/uploads\\\/sites\\\/4\\\/2020\\\/12\\\/SNETAP-Logo.jpg\",\"width\":464,\"height\":334,\"caption\":\"SNETAP-FSU Pays de Loire\"},\"image\":{\"@id\":\"https:\\\/\\\/regions-snetap-fsu.fr\\\/pdl\\\/#\\\/schema\\\/logo\\\/image\\\/\"}},{\"@type\":\"Person\",\"@id\":\"https:\\\/\\\/regions-snetap-fsu.fr\\\/pdl\\\/#\\\/schema\\\/person\\\/d4530af043f9e8d27bdd71c468ec93b1\",\"name\":\"yvigner\",\"image\":{\"@type\":\"ImageObject\",\"inLanguage\":\"fr-FR\",\"@id\":\"https:\\\/\\\/secure.gravatar.com\\\/avatar\\\/bc72baa6f2406549aecf77a837bc4f03dbe88472c1762138f868571430a23820?s=96&d=mm&r=g\",\"url\":\"https:\\\/\\\/secure.gravatar.com\\\/avatar\\\/bc72baa6f2406549aecf77a837bc4f03dbe88472c1762138f868571430a23820?s=96&d=mm&r=g\",\"contentUrl\":\"https:\\\/\\\/secure.gravatar.com\\\/avatar\\\/bc72baa6f2406549aecf77a837bc4f03dbe88472c1762138f868571430a23820?s=96&d=mm&r=g\",\"caption\":\"yvigner\"},\"url\":\"https:\\\/\\\/regions-snetap-fsu.fr\\\/pdl\\\/author\\\/yvigner\\\/\"}]}<\/script>\n<!-- \/ Yoast SEO plugin. -->","yoast_head_json":{"title":"Le SNETAP rencontre les \u00e9lus du Conseil R\u00e9gional : BIEN PEU D&#039;INFORMATIONS, DE GRAVES CRAINTES QUANT AUX PROJETS D&#039;INVESTISSEMENTS - PAYS DE LA LOIRE","robots":{"index":"index","follow":"follow","max-snippet":"max-snippet:-1","max-image-preview":"max-image-preview:large","max-video-preview":"max-video-preview:-1"},"canonical":"https:\/\/regions-snetap-fsu.fr\/pdl\/2017\/06\/22\/le-snetap-rencontre-les-elus-du-conseil-regional-bien-peu-dinformations-de-graves-craintes-quant-aux-projets-dinvestissements\/","og_locale":"fr_FR","og_type":"article","og_title":"Le SNETAP rencontre les \u00e9lus du Conseil R\u00e9gional : BIEN PEU D&#039;INFORMATIONS, DE GRAVES CRAINTES QUANT AUX PROJETS D&#039;INVESTISSEMENTS - PAYS DE LA LOIRE","og_description":"Compte rendu rencontre du Conseil r\u00e9gional (2 juin 2017) BIEN PEU D&rsquo;INFORMATIONS, DE GRAVES CRAINTES QUANT AUX PROJETS D&rsquo;INVESTISSEMENTS La d\u00e9l\u00e9gation du conseil r\u00e9gional \u00e9tait compos\u00e9e de M.CHEREAU (VP \u00e0 l&rsquo;Education), M.de MOUCHERON (Directeur des Lyc\u00e9es)\u00a0; celle de la FSU de Jeanne Marie ROUSSEAU (EPL NANTES TERRE ATLANTIQUE) , Thierry ARENZANA (LE MANS) et de [&hellip;]","og_url":"https:\/\/regions-snetap-fsu.fr\/pdl\/2017\/06\/22\/le-snetap-rencontre-les-elus-du-conseil-regional-bien-peu-dinformations-de-graves-craintes-quant-aux-projets-dinvestissements\/","og_site_name":"PAYS DE LA LOIRE","article_published_time":"2017-06-22T14:00:46+00:00","article_modified_time":"2018-09-08T20:25:47+00:00","author":"yvigner","twitter_card":"summary_large_image","twitter_misc":{"\u00c9crit par":"yvigner","Dur\u00e9e de lecture estim\u00e9e":"4 minutes"},"schema":{"@context":"https:\/\/schema.org","@graph":[{"@type":"Article","@id":"https:\/\/regions-snetap-fsu.fr\/pdl\/2017\/06\/22\/le-snetap-rencontre-les-elus-du-conseil-regional-bien-peu-dinformations-de-graves-craintes-quant-aux-projets-dinvestissements\/#article","isPartOf":{"@id":"https:\/\/regions-snetap-fsu.fr\/pdl\/2017\/06\/22\/le-snetap-rencontre-les-elus-du-conseil-regional-bien-peu-dinformations-de-graves-craintes-quant-aux-projets-dinvestissements\/"},"author":{"name":"yvigner","@id":"https:\/\/regions-snetap-fsu.fr\/pdl\/#\/schema\/person\/d4530af043f9e8d27bdd71c468ec93b1"},"headline":"Le SNETAP rencontre les \u00e9lus du Conseil R\u00e9gional : BIEN PEU D&#039;INFORMATIONS, DE GRAVES CRAINTES QUANT AUX PROJETS D&#039;INVESTISSEMENTS","datePublished":"2017-06-22T14:00:46+00:00","dateModified":"2018-09-08T20:25:47+00:00","mainEntityOfPage":{"@id":"https:\/\/regions-snetap-fsu.fr\/pdl\/2017\/06\/22\/le-snetap-rencontre-les-elus-du-conseil-regional-bien-peu-dinformations-de-graves-craintes-quant-aux-projets-dinvestissements\/"},"wordCount":831,"publisher":{"@id":"https:\/\/regions-snetap-fsu.fr\/pdl\/#organization"},"articleSection":["Communiqu\u00e9s"],"inLanguage":"fr-FR"},{"@type":"WebPage","@id":"https:\/\/regions-snetap-fsu.fr\/pdl\/2017\/06\/22\/le-snetap-rencontre-les-elus-du-conseil-regional-bien-peu-dinformations-de-graves-craintes-quant-aux-projets-dinvestissements\/","url":"https:\/\/regions-snetap-fsu.fr\/pdl\/2017\/06\/22\/le-snetap-rencontre-les-elus-du-conseil-regional-bien-peu-dinformations-de-graves-craintes-quant-aux-projets-dinvestissements\/","name":"Le SNETAP rencontre les \u00e9lus du Conseil R\u00e9gional : BIEN PEU D&#039;INFORMATIONS, DE GRAVES CRAINTES QUANT AUX PROJETS D&#039;INVESTISSEMENTS - PAYS DE LA LOIRE","isPartOf":{"@id":"https:\/\/regions-snetap-fsu.fr\/pdl\/#website"},"datePublished":"2017-06-22T14:00:46+00:00","dateModified":"2018-09-08T20:25:47+00:00","breadcrumb":{"@id":"https:\/\/regions-snetap-fsu.fr\/pdl\/2017\/06\/22\/le-snetap-rencontre-les-elus-du-conseil-regional-bien-peu-dinformations-de-graves-craintes-quant-aux-projets-dinvestissements\/#breadcrumb"},"inLanguage":"fr-FR","potentialAction":[{"@type":"ReadAction","target":["https:\/\/regions-snetap-fsu.fr\/pdl\/2017\/06\/22\/le-snetap-rencontre-les-elus-du-conseil-regional-bien-peu-dinformations-de-graves-craintes-quant-aux-projets-dinvestissements\/"]}]},{"@type":"BreadcrumbList","@id":"https:\/\/regions-snetap-fsu.fr\/pdl\/2017\/06\/22\/le-snetap-rencontre-les-elus-du-conseil-regional-bien-peu-dinformations-de-graves-craintes-quant-aux-projets-dinvestissements\/#breadcrumb","itemListElement":[{"@type":"ListItem","position":1,"name":"Accueil","item":"https:\/\/regions-snetap-fsu.fr\/pdl\/"},{"@type":"ListItem","position":2,"name":"Le SNETAP rencontre les \u00e9lus du Conseil R\u00e9gional : BIEN PEU D&#039;INFORMATIONS, DE GRAVES CRAINTES QUANT AUX PROJETS D&#039;INVESTISSEMENTS"}]},{"@type":"WebSite","@id":"https:\/\/regions-snetap-fsu.fr\/pdl\/#website","url":"https:\/\/regions-snetap-fsu.fr\/pdl\/","name":"SNETAP-FSU PAYS DE LA LOIRE","description":"SECTION REGIONALE","publisher":{"@id":"https:\/\/regions-snetap-fsu.fr\/pdl\/#organization"},"potentialAction":[{"@type":"SearchAction","target":{"@type":"EntryPoint","urlTemplate":"https:\/\/regions-snetap-fsu.fr\/pdl\/?s={search_term_string}"},"query-input":{"@type":"PropertyValueSpecification","valueRequired":true,"valueName":"search_term_string"}}],"inLanguage":"fr-FR"},{"@type":"Organization","@id":"https:\/\/regions-snetap-fsu.fr\/pdl\/#organization","name":"SNETAP-FSU Pays de Loire","url":"https:\/\/regions-snetap-fsu.fr\/pdl\/","logo":{"@type":"ImageObject","inLanguage":"fr-FR","@id":"https:\/\/regions-snetap-fsu.fr\/pdl\/#\/schema\/logo\/image\/","url":"https:\/\/regions-snetap-fsu.fr\/pdl\/wp-content\/uploads\/sites\/4\/2020\/12\/SNETAP-Logo.jpg","contentUrl":"https:\/\/regions-snetap-fsu.fr\/pdl\/wp-content\/uploads\/sites\/4\/2020\/12\/SNETAP-Logo.jpg","width":464,"height":334,"caption":"SNETAP-FSU Pays de Loire"},"image":{"@id":"https:\/\/regions-snetap-fsu.fr\/pdl\/#\/schema\/logo\/image\/"}},{"@type":"Person","@id":"https:\/\/regions-snetap-fsu.fr\/pdl\/#\/schema\/person\/d4530af043f9e8d27bdd71c468ec93b1","name":"yvigner","image":{"@type":"ImageObject","inLanguage":"fr-FR","@id":"https:\/\/secure.gravatar.com\/avatar\/bc72baa6f2406549aecf77a837bc4f03dbe88472c1762138f868571430a23820?s=96&d=mm&r=g","url":"https:\/\/secure.gravatar.com\/avatar\/bc72baa6f2406549aecf77a837bc4f03dbe88472c1762138f868571430a23820?s=96&d=mm&r=g","contentUrl":"https:\/\/secure.gravatar.com\/avatar\/bc72baa6f2406549aecf77a837bc4f03dbe88472c1762138f868571430a23820?s=96&d=mm&r=g","caption":"yvigner"},"url":"https:\/\/regions-snetap-fsu.fr\/pdl\/author\/yvigner\/"}]}},"_links":{"self":[{"href":"https:\/\/regions-snetap-fsu.fr\/pdl\/wp-json\/wp\/v2\/posts\/513","targetHints":{"allow":["GET"]}}],"collection":[{"href":"https:\/\/regions-snetap-fsu.fr\/pdl\/wp-json\/wp\/v2\/posts"}],"about":[{"href":"https:\/\/regions-snetap-fsu.fr\/pdl\/wp-json\/wp\/v2\/types\/post"}],"author":[{"embeddable":true,"href":"https:\/\/regions-snetap-fsu.fr\/pdl\/wp-json\/wp\/v2\/users\/2"}],"replies":[{"embeddable":true,"href":"https:\/\/regions-snetap-fsu.fr\/pdl\/wp-json\/wp\/v2\/comments?post=513"}],"version-history":[{"count":1,"href":"https:\/\/regions-snetap-fsu.fr\/pdl\/wp-json\/wp\/v2\/posts\/513\/revisions"}],"predecessor-version":[{"id":2748,"href":"https:\/\/regions-snetap-fsu.fr\/pdl\/wp-json\/wp\/v2\/posts\/513\/revisions\/2748"}],"wp:attachment":[{"href":"https:\/\/regions-snetap-fsu.fr\/pdl\/wp-json\/wp\/v2\/media?parent=513"}],"wp:term":[{"taxonomy":"category","embeddable":true,"href":"https:\/\/regions-snetap-fsu.fr\/pdl\/wp-json\/wp\/v2\/categories?post=513"},{"taxonomy":"post_tag","embeddable":true,"href":"https:\/\/regions-snetap-fsu.fr\/pdl\/wp-json\/wp\/v2\/tags?post=513"},{"taxonomy":"post_folder","embeddable":true,"href":"https:\/\/regions-snetap-fsu.fr\/pdl\/wp-json\/wp\/v2\/post_folder?post=513"}],"curies":[{"name":"wp","href":"https:\/\/api.w.org\/{rel}","templated":true}]}}