{"id":5124,"date":"2024-07-12T16:47:54","date_gmt":"2024-07-12T14:47:54","guid":{"rendered":"https:\/\/regions-snetap-fsu.fr\/pdl\/?p=5124"},"modified":"2024-07-12T16:47:54","modified_gmt":"2024-07-12T14:47:54","slug":"valoriser-et-reconnaitre-le-travail-des-personnels-preavis-de-greve-au-lycee-agricole-de-brette-les-pins","status":"publish","type":"post","link":"https:\/\/regions-snetap-fsu.fr\/pdl\/2024\/07\/12\/valoriser-et-reconnaitre-le-travail-des-personnels-preavis-de-greve-au-lycee-agricole-de-brette-les-pins\/","title":{"rendered":"Valoriser et reconnaitre le travail des personnels ! Pr\u00e9avis de gr\u00e8ve au lyc\u00e9e agricole de Brette les Pins"},"content":{"rendered":"<p>Le SNETAP-FSU d\u00e9pose \u00e0 la demande des personnels du lyc\u00e9e agricole de Brette les Pins un pr\u00e9avis de gr\u00e8ve le 12 septembre 2024 \u00e0 propos de la situation des personnels administratifs de l\u2019\u00e9tablissement.<\/p>\n\n\t\t<div class=\"wppdfemb-frame-container-1\" style=\"-webkit-overflow-scrolling:auto;\">\n\t\t\t<iframe class=\"pdfembed-iframe nonfullscreen wppdf-emb-iframe-1\"\n\t\t\t\tsrc=\"https:\/\/regions-snetap-fsu.fr\/pdl\/?pdfemb-data=eyJ1cmwiOiJodHRwczpcL1wvcmVnaW9ucy1zbmV0YXAtZnN1LmZyXC9wZGxcL3dwLWNvbnRlbnRcL3VwbG9hZHNcL3NpdGVzXC80XC8yMDI0XC8wN1wvMjAyNC0wOS0xMl9wcmVhdmlzX0JyZXR0ZS5wZGYiLCJpbmRleCI6MSwicGRmSUQiOjUxMjV9\"\n\t\t\t\t\t\t\t\tdata-pdf-id=\"5125\"\n\t\t\t\tdata-pdf-index=\"1\"\n\t\t\t\tstyle=\"border:none;width:100%;max-width:100%;height:100vh;\"\n\t\t\t\tscrolling=\"yes\">\n\t\t\t<\/iframe>\n\t\t<\/div>\n\n\t\t\n","protected":false},"excerpt":{"rendered":"<p>Le SNETAP-FSU d\u00e9pose \u00e0 la demande des personnels du lyc\u00e9e agricole de Brette les Pins un pr\u00e9avis de gr\u00e8ve le 12 septembre 2024 \u00e0 propos de la situation des personnels administratifs de l\u2019\u00e9tablissement.<\/p>\n","protected":false},"author":2,"featured_media":4837,"comment_status":"closed","ping_status":"closed","sticky":false,"template":"","format":"standard","meta":{"ocean_post_layout":"","ocean_both_sidebars_style":"","ocean_both_sidebars_content_width":0,"ocean_both_sidebars_sidebars_width":0,"ocean_sidebar":"0","ocean_second_sidebar":"0","ocean_disable_margins":"enable","ocean_add_body_class":"","ocean_shortcode_before_top_bar":"","ocean_shortcode_after_top_bar":"","ocean_shortcode_before_header":"","ocean_shortcode_after_header":"","ocean_has_shortcode":"","ocean_shortcode_after_title":"","ocean_shortcode_before_footer_widgets":"","ocean_shortcode_after_footer_widgets":"","ocean_shortcode_before_footer_bottom":"","ocean_shortcode_after_footer_bottom":"","ocean_display_top_bar":"default","ocean_display_header":"default","ocean_header_style":"","ocean_center_header_left_menu":"0","ocean_custom_header_template":"0","ocean_custom_logo":0,"ocean_custom_retina_logo":0,"ocean_custom_logo_max_width":0,"ocean_custom_logo_tablet_max_width":0,"ocean_custom_logo_mobile_max_width":0,"ocean_custom_logo_max_height":0,"ocean_custom_logo_tablet_max_height":0,"ocean_custom_logo_mobile_max_height":0,"ocean_header_custom_menu":"0","ocean_menu_typo_font_family":"0","ocean_menu_typo_font_subset":"","ocean_menu_typo_font_size":0,"ocean_menu_typo_font_size_tablet":0,"ocean_menu_typo_font_size_mobile":0,"ocean_menu_typo_font_size_unit":"px","ocean_menu_typo_font_weight":"","ocean_menu_typo_font_weight_tablet":"","ocean_menu_typo_font_weight_mobile":"","ocean_menu_typo_transform":"","ocean_menu_typo_transform_tablet":"","ocean_menu_typo_transform_mobile":"","ocean_menu_typo_line_height":0,"ocean_menu_typo_line_height_tablet":0,"ocean_menu_typo_line_height_mobile":0,"ocean_menu_typo_line_height_unit":"","ocean_menu_typo_spacing":0,"ocean_menu_typo_spacing_tablet":0,"ocean_menu_typo_spacing_mobile":0,"ocean_menu_typo_spacing_unit":"","ocean_menu_link_color":"","ocean_menu_link_color_hover":"","ocean_menu_link_color_active":"","ocean_menu_link_background":"","ocean_menu_link_hover_background":"","ocean_menu_link_active_background":"","ocean_menu_social_links_bg":"","ocean_menu_social_hover_links_bg":"","ocean_menu_social_links_color":"","ocean_menu_social_hover_links_color":"","ocean_disable_title":"default","ocean_disable_heading":"default","ocean_post_title":"","ocean_post_subheading":"","ocean_post_title_style":"","ocean_post_title_background_color":"","ocean_post_title_background":0,"ocean_post_title_bg_image_position":"","ocean_post_title_bg_image_attachment":"","ocean_post_title_bg_image_repeat":"","ocean_post_title_bg_image_size":"","ocean_post_title_height":0,"ocean_post_title_bg_overlay":0.5,"ocean_post_title_bg_overlay_color":"","ocean_disable_breadcrumbs":"default","ocean_breadcrumbs_color":"","ocean_breadcrumbs_separator_color":"","ocean_breadcrumbs_links_color":"","ocean_breadcrumbs_links_hover_color":"","ocean_display_footer_widgets":"default","ocean_display_footer_bottom":"default","ocean_custom_footer_template":"0","ocean_post_oembed":"","ocean_post_self_hosted_media":"","ocean_post_video_embed":"","ocean_link_format":"","ocean_link_format_target":"self","ocean_quote_format":"","ocean_quote_format_link":"post","ocean_gallery_link_images":"on","ocean_gallery_id":[],"footnotes":""},"categories":[28,22],"tags":[],"post_folder":[],"class_list":["post-5124","post","type-post","status-publish","format-standard","has-post-thumbnail","hentry","category-actions-regionales","category-brette-les-pins","entry","has-media"],"yoast_head":"<!-- This site is optimized with the Yoast SEO plugin v27.4 - https:\/\/yoast.com\/product\/yoast-seo-wordpress\/ -->\n<title>Valoriser et reconnaitre le travail des personnels ! Pr\u00e9avis de gr\u00e8ve au lyc\u00e9e agricole de Brette les Pins - PAYS DE LA LOIRE<\/title>\n<meta name=\"robots\" content=\"index, follow, max-snippet:-1, max-image-preview:large, max-video-preview:-1\" \/>\n<link rel=\"canonical\" href=\"https:\/\/regions-snetap-fsu.fr\/pdl\/2024\/07\/12\/valoriser-et-reconnaitre-le-travail-des-personnels-preavis-de-greve-au-lycee-agricole-de-brette-les-pins\/\" \/>\n<meta property=\"og:locale\" content=\"fr_FR\" \/>\n<meta property=\"og:type\" content=\"article\" \/>\n<meta property=\"og:title\" content=\"Valoriser et reconnaitre le travail des personnels ! Pr\u00e9avis de gr\u00e8ve au lyc\u00e9e agricole de Brette les Pins - PAYS DE LA LOIRE\" \/>\n<meta property=\"og:description\" content=\"Le SNETAP-FSU d\u00e9pose \u00e0 la demande des personnels du lyc\u00e9e agricole de Brette les Pins un pr\u00e9avis de gr\u00e8ve le 12 septembre 2024 \u00e0 propos de la situation des personnels administratifs de l\u2019\u00e9tablissement.\" \/>\n<meta property=\"og:url\" content=\"https:\/\/regions-snetap-fsu.fr\/pdl\/2024\/07\/12\/valoriser-et-reconnaitre-le-travail-des-personnels-preavis-de-greve-au-lycee-agricole-de-brette-les-pins\/\" \/>\n<meta property=\"og:site_name\" content=\"PAYS DE LA LOIRE\" \/>\n<meta property=\"article:published_time\" content=\"2024-07-12T14:47:54+00:00\" \/>\n<meta property=\"og:image\" content=\"https:\/\/regions-snetap-fsu.fr\/pdl\/wp-content\/uploads\/sites\/4\/2023\/03\/greve-122.png\" \/>\n\t<meta property=\"og:image:width\" content=\"720\" \/>\n\t<meta property=\"og:image:height\" content=\"300\" \/>\n\t<meta property=\"og:image:type\" content=\"image\/png\" \/>\n<meta name=\"author\" content=\"yvigner\" \/>\n<meta name=\"twitter:card\" content=\"summary_large_image\" \/>\n<meta name=\"twitter:label1\" content=\"\u00c9crit par\" \/>\n\t<meta name=\"twitter:data1\" content=\"yvigner\" \/>\n<script type=\"application\/ld+json\" class=\"yoast-schema-graph\">{\"@context\":\"https:\\\/\\\/schema.org\",\"@graph\":[{\"@type\":\"Article\",\"@id\":\"https:\\\/\\\/regions-snetap-fsu.fr\\\/pdl\\\/2024\\\/07\\\/12\\\/valoriser-et-reconnaitre-le-travail-des-personnels-preavis-de-greve-au-lycee-agricole-de-brette-les-pins\\\/#article\",\"isPartOf\":{\"@id\":\"https:\\\/\\\/regions-snetap-fsu.fr\\\/pdl\\\/2024\\\/07\\\/12\\\/valoriser-et-reconnaitre-le-travail-des-personnels-preavis-de-greve-au-lycee-agricole-de-brette-les-pins\\\/\"},\"author\":{\"name\":\"yvigner\",\"@id\":\"https:\\\/\\\/regions-snetap-fsu.fr\\\/pdl\\\/#\\\/schema\\\/person\\\/d4530af043f9e8d27bdd71c468ec93b1\"},\"headline\":\"Valoriser et reconnaitre le travail des personnels ! Pr\u00e9avis de gr\u00e8ve au lyc\u00e9e agricole de Brette les Pins\",\"datePublished\":\"2024-07-12T14:47:54+00:00\",\"mainEntityOfPage\":{\"@id\":\"https:\\\/\\\/regions-snetap-fsu.fr\\\/pdl\\\/2024\\\/07\\\/12\\\/valoriser-et-reconnaitre-le-travail-des-personnels-preavis-de-greve-au-lycee-agricole-de-brette-les-pins\\\/\"},\"wordCount\":68,\"publisher\":{\"@id\":\"https:\\\/\\\/regions-snetap-fsu.fr\\\/pdl\\\/#organization\"},\"image\":{\"@id\":\"https:\\\/\\\/regions-snetap-fsu.fr\\\/pdl\\\/2024\\\/07\\\/12\\\/valoriser-et-reconnaitre-le-travail-des-personnels-preavis-de-greve-au-lycee-agricole-de-brette-les-pins\\\/#primaryimage\"},\"thumbnailUrl\":\"https:\\\/\\\/regions-snetap-fsu.fr\\\/pdl\\\/wp-content\\\/uploads\\\/sites\\\/4\\\/2023\\\/03\\\/greve-122.png\",\"articleSection\":[\"Actions r\u00e9gionales\",\"Brette les Pins\"],\"inLanguage\":\"fr-FR\"},{\"@type\":\"WebPage\",\"@id\":\"https:\\\/\\\/regions-snetap-fsu.fr\\\/pdl\\\/2024\\\/07\\\/12\\\/valoriser-et-reconnaitre-le-travail-des-personnels-preavis-de-greve-au-lycee-agricole-de-brette-les-pins\\\/\",\"url\":\"https:\\\/\\\/regions-snetap-fsu.fr\\\/pdl\\\/2024\\\/07\\\/12\\\/valoriser-et-reconnaitre-le-travail-des-personnels-preavis-de-greve-au-lycee-agricole-de-brette-les-pins\\\/\",\"name\":\"Valoriser et reconnaitre le travail des personnels ! Pr\u00e9avis de gr\u00e8ve au lyc\u00e9e agricole de Brette les Pins - PAYS DE LA LOIRE\",\"isPartOf\":{\"@id\":\"https:\\\/\\\/regions-snetap-fsu.fr\\\/pdl\\\/#website\"},\"primaryImageOfPage\":{\"@id\":\"https:\\\/\\\/regions-snetap-fsu.fr\\\/pdl\\\/2024\\\/07\\\/12\\\/valoriser-et-reconnaitre-le-travail-des-personnels-preavis-de-greve-au-lycee-agricole-de-brette-les-pins\\\/#primaryimage\"},\"image\":{\"@id\":\"https:\\\/\\\/regions-snetap-fsu.fr\\\/pdl\\\/2024\\\/07\\\/12\\\/valoriser-et-reconnaitre-le-travail-des-personnels-preavis-de-greve-au-lycee-agricole-de-brette-les-pins\\\/#primaryimage\"},\"thumbnailUrl\":\"https:\\\/\\\/regions-snetap-fsu.fr\\\/pdl\\\/wp-content\\\/uploads\\\/sites\\\/4\\\/2023\\\/03\\\/greve-122.png\",\"datePublished\":\"2024-07-12T14:47:54+00:00\",\"breadcrumb\":{\"@id\":\"https:\\\/\\\/regions-snetap-fsu.fr\\\/pdl\\\/2024\\\/07\\\/12\\\/valoriser-et-reconnaitre-le-travail-des-personnels-preavis-de-greve-au-lycee-agricole-de-brette-les-pins\\\/#breadcrumb\"},\"inLanguage\":\"fr-FR\",\"potentialAction\":[{\"@type\":\"ReadAction\",\"target\":[\"https:\\\/\\\/regions-snetap-fsu.fr\\\/pdl\\\/2024\\\/07\\\/12\\\/valoriser-et-reconnaitre-le-travail-des-personnels-preavis-de-greve-au-lycee-agricole-de-brette-les-pins\\\/\"]}]},{\"@type\":\"ImageObject\",\"inLanguage\":\"fr-FR\",\"@id\":\"https:\\\/\\\/regions-snetap-fsu.fr\\\/pdl\\\/2024\\\/07\\\/12\\\/valoriser-et-reconnaitre-le-travail-des-personnels-preavis-de-greve-au-lycee-agricole-de-brette-les-pins\\\/#primaryimage\",\"url\":\"https:\\\/\\\/regions-snetap-fsu.fr\\\/pdl\\\/wp-content\\\/uploads\\\/sites\\\/4\\\/2023\\\/03\\\/greve-122.png\",\"contentUrl\":\"https:\\\/\\\/regions-snetap-fsu.fr\\\/pdl\\\/wp-content\\\/uploads\\\/sites\\\/4\\\/2023\\\/03\\\/greve-122.png\",\"width\":720,\"height\":300},{\"@type\":\"BreadcrumbList\",\"@id\":\"https:\\\/\\\/regions-snetap-fsu.fr\\\/pdl\\\/2024\\\/07\\\/12\\\/valoriser-et-reconnaitre-le-travail-des-personnels-preavis-de-greve-au-lycee-agricole-de-brette-les-pins\\\/#breadcrumb\",\"itemListElement\":[{\"@type\":\"ListItem\",\"position\":1,\"name\":\"Accueil\",\"item\":\"https:\\\/\\\/regions-snetap-fsu.fr\\\/pdl\\\/\"},{\"@type\":\"ListItem\",\"position\":2,\"name\":\"Valoriser et reconnaitre le travail des personnels ! Pr\u00e9avis de gr\u00e8ve au lyc\u00e9e agricole de Brette les Pins\"}]},{\"@type\":\"WebSite\",\"@id\":\"https:\\\/\\\/regions-snetap-fsu.fr\\\/pdl\\\/#website\",\"url\":\"https:\\\/\\\/regions-snetap-fsu.fr\\\/pdl\\\/\",\"name\":\"SNETAP-FSU PAYS DE LA LOIRE\",\"description\":\"SECTION REGIONALE\",\"publisher\":{\"@id\":\"https:\\\/\\\/regions-snetap-fsu.fr\\\/pdl\\\/#organization\"},\"potentialAction\":[{\"@type\":\"SearchAction\",\"target\":{\"@type\":\"EntryPoint\",\"urlTemplate\":\"https:\\\/\\\/regions-snetap-fsu.fr\\\/pdl\\\/?s={search_term_string}\"},\"query-input\":{\"@type\":\"PropertyValueSpecification\",\"valueRequired\":true,\"valueName\":\"search_term_string\"}}],\"inLanguage\":\"fr-FR\"},{\"@type\":\"Organization\",\"@id\":\"https:\\\/\\\/regions-snetap-fsu.fr\\\/pdl\\\/#organization\",\"name\":\"SNETAP-FSU Pays de Loire\",\"url\":\"https:\\\/\\\/regions-snetap-fsu.fr\\\/pdl\\\/\",\"logo\":{\"@type\":\"ImageObject\",\"inLanguage\":\"fr-FR\",\"@id\":\"https:\\\/\\\/regions-snetap-fsu.fr\\\/pdl\\\/#\\\/schema\\\/logo\\\/image\\\/\",\"url\":\"https:\\\/\\\/regions-snetap-fsu.fr\\\/pdl\\\/wp-content\\\/uploads\\\/sites\\\/4\\\/2020\\\/12\\\/SNETAP-Logo.jpg\",\"contentUrl\":\"https:\\\/\\\/regions-snetap-fsu.fr\\\/pdl\\\/wp-content\\\/uploads\\\/sites\\\/4\\\/2020\\\/12\\\/SNETAP-Logo.jpg\",\"width\":464,\"height\":334,\"caption\":\"SNETAP-FSU Pays de Loire\"},\"image\":{\"@id\":\"https:\\\/\\\/regions-snetap-fsu.fr\\\/pdl\\\/#\\\/schema\\\/logo\\\/image\\\/\"}},{\"@type\":\"Person\",\"@id\":\"https:\\\/\\\/regions-snetap-fsu.fr\\\/pdl\\\/#\\\/schema\\\/person\\\/d4530af043f9e8d27bdd71c468ec93b1\",\"name\":\"yvigner\",\"image\":{\"@type\":\"ImageObject\",\"inLanguage\":\"fr-FR\",\"@id\":\"https:\\\/\\\/secure.gravatar.com\\\/avatar\\\/bc72baa6f2406549aecf77a837bc4f03dbe88472c1762138f868571430a23820?s=96&d=mm&r=g\",\"url\":\"https:\\\/\\\/secure.gravatar.com\\\/avatar\\\/bc72baa6f2406549aecf77a837bc4f03dbe88472c1762138f868571430a23820?s=96&d=mm&r=g\",\"contentUrl\":\"https:\\\/\\\/secure.gravatar.com\\\/avatar\\\/bc72baa6f2406549aecf77a837bc4f03dbe88472c1762138f868571430a23820?s=96&d=mm&r=g\",\"caption\":\"yvigner\"},\"url\":\"https:\\\/\\\/regions-snetap-fsu.fr\\\/pdl\\\/author\\\/yvigner\\\/\"}]}<\/script>\n<!-- \/ Yoast SEO plugin. -->","yoast_head_json":{"title":"Valoriser et reconnaitre le travail des personnels ! Pr\u00e9avis de gr\u00e8ve au lyc\u00e9e agricole de Brette les Pins - PAYS DE LA LOIRE","robots":{"index":"index","follow":"follow","max-snippet":"max-snippet:-1","max-image-preview":"max-image-preview:large","max-video-preview":"max-video-preview:-1"},"canonical":"https:\/\/regions-snetap-fsu.fr\/pdl\/2024\/07\/12\/valoriser-et-reconnaitre-le-travail-des-personnels-preavis-de-greve-au-lycee-agricole-de-brette-les-pins\/","og_locale":"fr_FR","og_type":"article","og_title":"Valoriser et reconnaitre le travail des personnels ! Pr\u00e9avis de gr\u00e8ve au lyc\u00e9e agricole de Brette les Pins - PAYS DE LA LOIRE","og_description":"Le SNETAP-FSU d\u00e9pose \u00e0 la demande des personnels du lyc\u00e9e agricole de Brette les Pins un pr\u00e9avis de gr\u00e8ve le 12 septembre 2024 \u00e0 propos de la situation des personnels administratifs de l\u2019\u00e9tablissement.","og_url":"https:\/\/regions-snetap-fsu.fr\/pdl\/2024\/07\/12\/valoriser-et-reconnaitre-le-travail-des-personnels-preavis-de-greve-au-lycee-agricole-de-brette-les-pins\/","og_site_name":"PAYS DE LA LOIRE","article_published_time":"2024-07-12T14:47:54+00:00","og_image":[{"width":720,"height":300,"url":"https:\/\/regions-snetap-fsu.fr\/pdl\/wp-content\/uploads\/sites\/4\/2023\/03\/greve-122.png","type":"image\/png"}],"author":"yvigner","twitter_card":"summary_large_image","twitter_misc":{"\u00c9crit par":"yvigner"},"schema":{"@context":"https:\/\/schema.org","@graph":[{"@type":"Article","@id":"https:\/\/regions-snetap-fsu.fr\/pdl\/2024\/07\/12\/valoriser-et-reconnaitre-le-travail-des-personnels-preavis-de-greve-au-lycee-agricole-de-brette-les-pins\/#article","isPartOf":{"@id":"https:\/\/regions-snetap-fsu.fr\/pdl\/2024\/07\/12\/valoriser-et-reconnaitre-le-travail-des-personnels-preavis-de-greve-au-lycee-agricole-de-brette-les-pins\/"},"author":{"name":"yvigner","@id":"https:\/\/regions-snetap-fsu.fr\/pdl\/#\/schema\/person\/d4530af043f9e8d27bdd71c468ec93b1"},"headline":"Valoriser et reconnaitre le travail des personnels ! Pr\u00e9avis de gr\u00e8ve au lyc\u00e9e agricole de Brette les Pins","datePublished":"2024-07-12T14:47:54+00:00","mainEntityOfPage":{"@id":"https:\/\/regions-snetap-fsu.fr\/pdl\/2024\/07\/12\/valoriser-et-reconnaitre-le-travail-des-personnels-preavis-de-greve-au-lycee-agricole-de-brette-les-pins\/"},"wordCount":68,"publisher":{"@id":"https:\/\/regions-snetap-fsu.fr\/pdl\/#organization"},"image":{"@id":"https:\/\/regions-snetap-fsu.fr\/pdl\/2024\/07\/12\/valoriser-et-reconnaitre-le-travail-des-personnels-preavis-de-greve-au-lycee-agricole-de-brette-les-pins\/#primaryimage"},"thumbnailUrl":"https:\/\/regions-snetap-fsu.fr\/pdl\/wp-content\/uploads\/sites\/4\/2023\/03\/greve-122.png","articleSection":["Actions r\u00e9gionales","Brette les Pins"],"inLanguage":"fr-FR"},{"@type":"WebPage","@id":"https:\/\/regions-snetap-fsu.fr\/pdl\/2024\/07\/12\/valoriser-et-reconnaitre-le-travail-des-personnels-preavis-de-greve-au-lycee-agricole-de-brette-les-pins\/","url":"https:\/\/regions-snetap-fsu.fr\/pdl\/2024\/07\/12\/valoriser-et-reconnaitre-le-travail-des-personnels-preavis-de-greve-au-lycee-agricole-de-brette-les-pins\/","name":"Valoriser et reconnaitre le travail des personnels ! Pr\u00e9avis de gr\u00e8ve au lyc\u00e9e agricole de Brette les Pins - PAYS DE LA LOIRE","isPartOf":{"@id":"https:\/\/regions-snetap-fsu.fr\/pdl\/#website"},"primaryImageOfPage":{"@id":"https:\/\/regions-snetap-fsu.fr\/pdl\/2024\/07\/12\/valoriser-et-reconnaitre-le-travail-des-personnels-preavis-de-greve-au-lycee-agricole-de-brette-les-pins\/#primaryimage"},"image":{"@id":"https:\/\/regions-snetap-fsu.fr\/pdl\/2024\/07\/12\/valoriser-et-reconnaitre-le-travail-des-personnels-preavis-de-greve-au-lycee-agricole-de-brette-les-pins\/#primaryimage"},"thumbnailUrl":"https:\/\/regions-snetap-fsu.fr\/pdl\/wp-content\/uploads\/sites\/4\/2023\/03\/greve-122.png","datePublished":"2024-07-12T14:47:54+00:00","breadcrumb":{"@id":"https:\/\/regions-snetap-fsu.fr\/pdl\/2024\/07\/12\/valoriser-et-reconnaitre-le-travail-des-personnels-preavis-de-greve-au-lycee-agricole-de-brette-les-pins\/#breadcrumb"},"inLanguage":"fr-FR","potentialAction":[{"@type":"ReadAction","target":["https:\/\/regions-snetap-fsu.fr\/pdl\/2024\/07\/12\/valoriser-et-reconnaitre-le-travail-des-personnels-preavis-de-greve-au-lycee-agricole-de-brette-les-pins\/"]}]},{"@type":"ImageObject","inLanguage":"fr-FR","@id":"https:\/\/regions-snetap-fsu.fr\/pdl\/2024\/07\/12\/valoriser-et-reconnaitre-le-travail-des-personnels-preavis-de-greve-au-lycee-agricole-de-brette-les-pins\/#primaryimage","url":"https:\/\/regions-snetap-fsu.fr\/pdl\/wp-content\/uploads\/sites\/4\/2023\/03\/greve-122.png","contentUrl":"https:\/\/regions-snetap-fsu.fr\/pdl\/wp-content\/uploads\/sites\/4\/2023\/03\/greve-122.png","width":720,"height":300},{"@type":"BreadcrumbList","@id":"https:\/\/regions-snetap-fsu.fr\/pdl\/2024\/07\/12\/valoriser-et-reconnaitre-le-travail-des-personnels-preavis-de-greve-au-lycee-agricole-de-brette-les-pins\/#breadcrumb","itemListElement":[{"@type":"ListItem","position":1,"name":"Accueil","item":"https:\/\/regions-snetap-fsu.fr\/pdl\/"},{"@type":"ListItem","position":2,"name":"Valoriser et reconnaitre le travail des personnels ! Pr\u00e9avis de gr\u00e8ve au lyc\u00e9e agricole de Brette les Pins"}]},{"@type":"WebSite","@id":"https:\/\/regions-snetap-fsu.fr\/pdl\/#website","url":"https:\/\/regions-snetap-fsu.fr\/pdl\/","name":"SNETAP-FSU PAYS DE LA LOIRE","description":"SECTION REGIONALE","publisher":{"@id":"https:\/\/regions-snetap-fsu.fr\/pdl\/#organization"},"potentialAction":[{"@type":"SearchAction","target":{"@type":"EntryPoint","urlTemplate":"https:\/\/regions-snetap-fsu.fr\/pdl\/?s={search_term_string}"},"query-input":{"@type":"PropertyValueSpecification","valueRequired":true,"valueName":"search_term_string"}}],"inLanguage":"fr-FR"},{"@type":"Organization","@id":"https:\/\/regions-snetap-fsu.fr\/pdl\/#organization","name":"SNETAP-FSU Pays de Loire","url":"https:\/\/regions-snetap-fsu.fr\/pdl\/","logo":{"@type":"ImageObject","inLanguage":"fr-FR","@id":"https:\/\/regions-snetap-fsu.fr\/pdl\/#\/schema\/logo\/image\/","url":"https:\/\/regions-snetap-fsu.fr\/pdl\/wp-content\/uploads\/sites\/4\/2020\/12\/SNETAP-Logo.jpg","contentUrl":"https:\/\/regions-snetap-fsu.fr\/pdl\/wp-content\/uploads\/sites\/4\/2020\/12\/SNETAP-Logo.jpg","width":464,"height":334,"caption":"SNETAP-FSU Pays de Loire"},"image":{"@id":"https:\/\/regions-snetap-fsu.fr\/pdl\/#\/schema\/logo\/image\/"}},{"@type":"Person","@id":"https:\/\/regions-snetap-fsu.fr\/pdl\/#\/schema\/person\/d4530af043f9e8d27bdd71c468ec93b1","name":"yvigner","image":{"@type":"ImageObject","inLanguage":"fr-FR","@id":"https:\/\/secure.gravatar.com\/avatar\/bc72baa6f2406549aecf77a837bc4f03dbe88472c1762138f868571430a23820?s=96&d=mm&r=g","url":"https:\/\/secure.gravatar.com\/avatar\/bc72baa6f2406549aecf77a837bc4f03dbe88472c1762138f868571430a23820?s=96&d=mm&r=g","contentUrl":"https:\/\/secure.gravatar.com\/avatar\/bc72baa6f2406549aecf77a837bc4f03dbe88472c1762138f868571430a23820?s=96&d=mm&r=g","caption":"yvigner"},"url":"https:\/\/regions-snetap-fsu.fr\/pdl\/author\/yvigner\/"}]}},"_links":{"self":[{"href":"https:\/\/regions-snetap-fsu.fr\/pdl\/wp-json\/wp\/v2\/posts\/5124","targetHints":{"allow":["GET"]}}],"collection":[{"href":"https:\/\/regions-snetap-fsu.fr\/pdl\/wp-json\/wp\/v2\/posts"}],"about":[{"href":"https:\/\/regions-snetap-fsu.fr\/pdl\/wp-json\/wp\/v2\/types\/post"}],"author":[{"embeddable":true,"href":"https:\/\/regions-snetap-fsu.fr\/pdl\/wp-json\/wp\/v2\/users\/2"}],"replies":[{"embeddable":true,"href":"https:\/\/regions-snetap-fsu.fr\/pdl\/wp-json\/wp\/v2\/comments?post=5124"}],"version-history":[{"count":1,"href":"https:\/\/regions-snetap-fsu.fr\/pdl\/wp-json\/wp\/v2\/posts\/5124\/revisions"}],"predecessor-version":[{"id":5126,"href":"https:\/\/regions-snetap-fsu.fr\/pdl\/wp-json\/wp\/v2\/posts\/5124\/revisions\/5126"}],"wp:featuredmedia":[{"embeddable":true,"href":"https:\/\/regions-snetap-fsu.fr\/pdl\/wp-json\/wp\/v2\/media\/4837"}],"wp:attachment":[{"href":"https:\/\/regions-snetap-fsu.fr\/pdl\/wp-json\/wp\/v2\/media?parent=5124"}],"wp:term":[{"taxonomy":"category","embeddable":true,"href":"https:\/\/regions-snetap-fsu.fr\/pdl\/wp-json\/wp\/v2\/categories?post=5124"},{"taxonomy":"post_tag","embeddable":true,"href":"https:\/\/regions-snetap-fsu.fr\/pdl\/wp-json\/wp\/v2\/tags?post=5124"},{"taxonomy":"post_folder","embeddable":true,"href":"https:\/\/regions-snetap-fsu.fr\/pdl\/wp-json\/wp\/v2\/post_folder?post=5124"}],"curies":[{"name":"wp","href":"https:\/\/api.w.org\/{rel}","templated":true}]}}