{"id":5079,"date":"2024-05-02T15:36:27","date_gmt":"2024-05-02T13:36:27","guid":{"rendered":"https:\/\/regions-snetap-fsu.fr\/pdl\/?p=5079"},"modified":"2024-05-02T15:43:45","modified_gmt":"2024-05-02T13:43:45","slug":"gagne-quand-les-elu-es-elan-commun-permettent-aux-agents-de-faire-valoir-leurs-droits","status":"publish","type":"post","link":"https:\/\/regions-snetap-fsu.fr\/pdl\/2024\/05\/02\/gagne-quand-les-elu-es-elan-commun-permettent-aux-agents-de-faire-valoir-leurs-droits\/","title":{"rendered":"Gagn\u00e9 ! Quand les \u00e9lu.es ELAN COMMUN permettent aux agents de faire valoir leurs droits"},"content":{"rendered":"<p style=\"text-align: justify;\"><span style=\"font-size: 18pt;\"><strong><span style=\"font-family: arial, helvetica, sans-serif;\">Gagn\u00e9\u00a0!<\/span><\/strong><\/span><\/p>\n<p style=\"text-align: justify;\"><span style=\"font-family: arial, helvetica, sans-serif;\">A la derni\u00e8re CCPR des Pays de la Loire, nous avons si\u00e9g\u00e9 pour statuer sur le licenciement d\u2019un.e coll\u00e8gue d\u2019un \u00e9tablissement de la R\u00e9gion. En arr\u00eat maladie longue dur\u00e9e depuis de longs mois et reconnu.e dans l\u2019incapacit\u00e9 de travailler dans son \u00e9tablissement, la direction demandait son licenciement.<\/span><\/p>\n<p style=\"text-align: justify;\"><span style=\"font-family: arial, helvetica, sans-serif;\">Avec ce.cette coll\u00e8gue, et au-del\u00e0 des conditions particuli\u00e8res qui avaient conduit \u00e0 son arr\u00eat de travail, les repr\u00e9sentants du personnel SNETAP-FSU-Elan Commun ont port\u00e9 ses demandes jusqu\u2019alors sans effet, de paiement de ses heures suppl\u00e9mentaires et de ses jours de cong\u00e9s non pris pendant son arr\u00eat.<\/span><\/p>\n<p style=\"text-align: justify;\"><strong><span style=\"font-family: arial, helvetica, sans-serif;\">Nous avons vot\u00e9 contre le licenciement et \u00e0 parit\u00e9 des voix, la CCPR n\u2019a pas pu se prononcer.<\/span><\/strong><\/p>\n<p style=\"text-align: justify;\"><span style=\"font-family: arial, helvetica, sans-serif;\">Dans la mesure o\u00f9 aucun reclassement dans l\u2019\u00e9tablissement n\u2019\u00e9tait possible sans mettre en p\u00e9ril la sant\u00e9 du (de la) coll\u00e8gue, le licenciement sera prononc\u00e9 mais les deux parties ont trouv\u00e9 \u00e0 s\u2019entendre \u00e0 l\u2019issue de la Commission et <strong>l\u2019ensemble des demandes de l&rsquo;agent.e ont \u00e9t\u00e9 satisfaites.<\/strong><\/span><\/p>\n<p style=\"text-align: justify;\"><span style=\"font-family: arial, helvetica, sans-serif;\">D\u2019o\u00f9 l\u2019importance de notre pr\u00e9sence et de notre action dans la seule instance qui permette de faire valoir les droits des Agent.es Contractuel.les sur Budget de nos \u00e9tablissements.<\/span><\/p>\n<p style=\"text-align: right;\"><strong><span style=\"font-family: arial, helvetica, sans-serif;\">Pour les repr\u00e9sentants \u00e0 la CCPR des Pays de la Loire,<\/span><\/strong><\/p>\n<p style=\"text-align: right;\"><strong><span style=\"font-family: arial, helvetica, sans-serif;\">Thierry Nouchy<\/span><\/strong><\/p>\n<p>&nbsp;<\/p>\n","protected":false},"excerpt":{"rendered":"<p>Gagn\u00e9\u00a0! A la derni\u00e8re CCPR des Pays de la Loire, nous avons si\u00e9g\u00e9 pour statuer sur le licenciement d\u2019un.e coll\u00e8gue d\u2019un \u00e9tablissement de la R\u00e9gion. En arr\u00eat maladie longue dur\u00e9e depuis de longs mois et reconnu.e dans l\u2019incapacit\u00e9 de travailler dans son \u00e9tablissement, la direction demandait son licenciement. Avec ce.cette coll\u00e8gue, et au-del\u00e0 des conditions [&hellip;]<\/p>\n","protected":false},"author":2,"featured_media":5081,"comment_status":"closed","ping_status":"closed","sticky":false,"template":"","format":"standard","meta":{"ocean_post_layout":"","ocean_both_sidebars_style":"","ocean_both_sidebars_content_width":0,"ocean_both_sidebars_sidebars_width":0,"ocean_sidebar":"0","ocean_second_sidebar":"0","ocean_disable_margins":"enable","ocean_add_body_class":"","ocean_shortcode_before_top_bar":"","ocean_shortcode_after_top_bar":"","ocean_shortcode_before_header":"","ocean_shortcode_after_header":"","ocean_has_shortcode":"","ocean_shortcode_after_title":"","ocean_shortcode_before_footer_widgets":"","ocean_shortcode_after_footer_widgets":"","ocean_shortcode_before_footer_bottom":"","ocean_shortcode_after_footer_bottom":"","ocean_display_top_bar":"default","ocean_display_header":"default","ocean_header_style":"","ocean_center_header_left_menu":"0","ocean_custom_header_template":"0","ocean_custom_logo":0,"ocean_custom_retina_logo":0,"ocean_custom_logo_max_width":0,"ocean_custom_logo_tablet_max_width":0,"ocean_custom_logo_mobile_max_width":0,"ocean_custom_logo_max_height":0,"ocean_custom_logo_tablet_max_height":0,"ocean_custom_logo_mobile_max_height":0,"ocean_header_custom_menu":"0","ocean_menu_typo_font_family":"0","ocean_menu_typo_font_subset":"","ocean_menu_typo_font_size":0,"ocean_menu_typo_font_size_tablet":0,"ocean_menu_typo_font_size_mobile":0,"ocean_menu_typo_font_size_unit":"px","ocean_menu_typo_font_weight":"","ocean_menu_typo_font_weight_tablet":"","ocean_menu_typo_font_weight_mobile":"","ocean_menu_typo_transform":"","ocean_menu_typo_transform_tablet":"","ocean_menu_typo_transform_mobile":"","ocean_menu_typo_line_height":0,"ocean_menu_typo_line_height_tablet":0,"ocean_menu_typo_line_height_mobile":0,"ocean_menu_typo_line_height_unit":"","ocean_menu_typo_spacing":0,"ocean_menu_typo_spacing_tablet":0,"ocean_menu_typo_spacing_mobile":0,"ocean_menu_typo_spacing_unit":"","ocean_menu_link_color":"","ocean_menu_link_color_hover":"","ocean_menu_link_color_active":"","ocean_menu_link_background":"","ocean_menu_link_hover_background":"","ocean_menu_link_active_background":"","ocean_menu_social_links_bg":"","ocean_menu_social_hover_links_bg":"","ocean_menu_social_links_color":"","ocean_menu_social_hover_links_color":"","ocean_disable_title":"default","ocean_disable_heading":"default","ocean_post_title":"","ocean_post_subheading":"","ocean_post_title_style":"","ocean_post_title_background_color":"","ocean_post_title_background":0,"ocean_post_title_bg_image_position":"","ocean_post_title_bg_image_attachment":"","ocean_post_title_bg_image_repeat":"","ocean_post_title_bg_image_size":"","ocean_post_title_height":0,"ocean_post_title_bg_overlay":0.5,"ocean_post_title_bg_overlay_color":"","ocean_disable_breadcrumbs":"default","ocean_breadcrumbs_color":"","ocean_breadcrumbs_separator_color":"","ocean_breadcrumbs_links_color":"","ocean_breadcrumbs_links_hover_color":"","ocean_display_footer_widgets":"default","ocean_display_footer_bottom":"default","ocean_custom_footer_template":"0","ocean_post_oembed":"","ocean_post_self_hosted_media":"","ocean_post_video_embed":"","ocean_link_format":"","ocean_link_format_target":"self","ocean_quote_format":"","ocean_quote_format_link":"post","ocean_gallery_link_images":"on","ocean_gallery_id":[],"footnotes":""},"categories":[13],"tags":[],"post_folder":[],"class_list":["post-5079","post","type-post","status-publish","format-standard","has-post-thumbnail","hentry","category-ccpr","entry","has-media"],"yoast_head":"<!-- This site is optimized with the Yoast SEO plugin v27.4 - https:\/\/yoast.com\/product\/yoast-seo-wordpress\/ -->\n<title>Gagn\u00e9 ! Quand les \u00e9lu.es ELAN COMMUN permettent aux agents de faire valoir leurs droits - PAYS DE LA LOIRE<\/title>\n<meta name=\"robots\" content=\"index, follow, max-snippet:-1, max-image-preview:large, max-video-preview:-1\" \/>\n<link rel=\"canonical\" href=\"https:\/\/regions-snetap-fsu.fr\/pdl\/2024\/05\/02\/gagne-quand-les-elu-es-elan-commun-permettent-aux-agents-de-faire-valoir-leurs-droits\/\" \/>\n<meta property=\"og:locale\" content=\"fr_FR\" \/>\n<meta property=\"og:type\" content=\"article\" \/>\n<meta property=\"og:title\" content=\"Gagn\u00e9 ! Quand les \u00e9lu.es ELAN COMMUN permettent aux agents de faire valoir leurs droits - PAYS DE LA LOIRE\" \/>\n<meta property=\"og:description\" content=\"Gagn\u00e9\u00a0! A la derni\u00e8re CCPR des Pays de la Loire, nous avons si\u00e9g\u00e9 pour statuer sur le licenciement d\u2019un.e coll\u00e8gue d\u2019un \u00e9tablissement de la R\u00e9gion. En arr\u00eat maladie longue dur\u00e9e depuis de longs mois et reconnu.e dans l\u2019incapacit\u00e9 de travailler dans son \u00e9tablissement, la direction demandait son licenciement. Avec ce.cette coll\u00e8gue, et au-del\u00e0 des conditions [&hellip;]\" \/>\n<meta property=\"og:url\" content=\"https:\/\/regions-snetap-fsu.fr\/pdl\/2024\/05\/02\/gagne-quand-les-elu-es-elan-commun-permettent-aux-agents-de-faire-valoir-leurs-droits\/\" \/>\n<meta property=\"og:site_name\" content=\"PAYS DE LA LOIRE\" \/>\n<meta property=\"article:published_time\" content=\"2024-05-02T13:36:27+00:00\" \/>\n<meta property=\"article:modified_time\" content=\"2024-05-02T13:43:45+00:00\" \/>\n<meta property=\"og:image\" content=\"https:\/\/regions-snetap-fsu.fr\/pdl\/wp-content\/uploads\/sites\/4\/2024\/05\/1.png\" \/>\n\t<meta property=\"og:image:width\" content=\"1772\" \/>\n\t<meta property=\"og:image:height\" content=\"1181\" \/>\n\t<meta property=\"og:image:type\" content=\"image\/png\" \/>\n<meta name=\"author\" content=\"yvigner\" \/>\n<meta name=\"twitter:card\" content=\"summary_large_image\" \/>\n<meta name=\"twitter:label1\" content=\"\u00c9crit par\" \/>\n\t<meta name=\"twitter:data1\" content=\"yvigner\" \/>\n\t<meta name=\"twitter:label2\" content=\"Dur\u00e9e de lecture estim\u00e9e\" \/>\n\t<meta name=\"twitter:data2\" content=\"1 minute\" \/>\n<script type=\"application\/ld+json\" class=\"yoast-schema-graph\">{\"@context\":\"https:\\\/\\\/schema.org\",\"@graph\":[{\"@type\":\"Article\",\"@id\":\"https:\\\/\\\/regions-snetap-fsu.fr\\\/pdl\\\/2024\\\/05\\\/02\\\/gagne-quand-les-elu-es-elan-commun-permettent-aux-agents-de-faire-valoir-leurs-droits\\\/#article\",\"isPartOf\":{\"@id\":\"https:\\\/\\\/regions-snetap-fsu.fr\\\/pdl\\\/2024\\\/05\\\/02\\\/gagne-quand-les-elu-es-elan-commun-permettent-aux-agents-de-faire-valoir-leurs-droits\\\/\"},\"author\":{\"name\":\"yvigner\",\"@id\":\"https:\\\/\\\/regions-snetap-fsu.fr\\\/pdl\\\/#\\\/schema\\\/person\\\/d4530af043f9e8d27bdd71c468ec93b1\"},\"headline\":\"Gagn\u00e9 ! Quand les \u00e9lu.es ELAN COMMUN permettent aux agents de faire valoir leurs droits\",\"datePublished\":\"2024-05-02T13:36:27+00:00\",\"dateModified\":\"2024-05-02T13:43:45+00:00\",\"mainEntityOfPage\":{\"@id\":\"https:\\\/\\\/regions-snetap-fsu.fr\\\/pdl\\\/2024\\\/05\\\/02\\\/gagne-quand-les-elu-es-elan-commun-permettent-aux-agents-de-faire-valoir-leurs-droits\\\/\"},\"wordCount\":246,\"publisher\":{\"@id\":\"https:\\\/\\\/regions-snetap-fsu.fr\\\/pdl\\\/#organization\"},\"image\":{\"@id\":\"https:\\\/\\\/regions-snetap-fsu.fr\\\/pdl\\\/2024\\\/05\\\/02\\\/gagne-quand-les-elu-es-elan-commun-permettent-aux-agents-de-faire-valoir-leurs-droits\\\/#primaryimage\"},\"thumbnailUrl\":\"https:\\\/\\\/regions-snetap-fsu.fr\\\/pdl\\\/wp-content\\\/uploads\\\/sites\\\/4\\\/2024\\\/05\\\/1.png\",\"articleSection\":[\"CCPR\"],\"inLanguage\":\"fr-FR\"},{\"@type\":\"WebPage\",\"@id\":\"https:\\\/\\\/regions-snetap-fsu.fr\\\/pdl\\\/2024\\\/05\\\/02\\\/gagne-quand-les-elu-es-elan-commun-permettent-aux-agents-de-faire-valoir-leurs-droits\\\/\",\"url\":\"https:\\\/\\\/regions-snetap-fsu.fr\\\/pdl\\\/2024\\\/05\\\/02\\\/gagne-quand-les-elu-es-elan-commun-permettent-aux-agents-de-faire-valoir-leurs-droits\\\/\",\"name\":\"Gagn\u00e9 ! Quand les \u00e9lu.es ELAN COMMUN permettent aux agents de faire valoir leurs droits - PAYS DE LA LOIRE\",\"isPartOf\":{\"@id\":\"https:\\\/\\\/regions-snetap-fsu.fr\\\/pdl\\\/#website\"},\"primaryImageOfPage\":{\"@id\":\"https:\\\/\\\/regions-snetap-fsu.fr\\\/pdl\\\/2024\\\/05\\\/02\\\/gagne-quand-les-elu-es-elan-commun-permettent-aux-agents-de-faire-valoir-leurs-droits\\\/#primaryimage\"},\"image\":{\"@id\":\"https:\\\/\\\/regions-snetap-fsu.fr\\\/pdl\\\/2024\\\/05\\\/02\\\/gagne-quand-les-elu-es-elan-commun-permettent-aux-agents-de-faire-valoir-leurs-droits\\\/#primaryimage\"},\"thumbnailUrl\":\"https:\\\/\\\/regions-snetap-fsu.fr\\\/pdl\\\/wp-content\\\/uploads\\\/sites\\\/4\\\/2024\\\/05\\\/1.png\",\"datePublished\":\"2024-05-02T13:36:27+00:00\",\"dateModified\":\"2024-05-02T13:43:45+00:00\",\"breadcrumb\":{\"@id\":\"https:\\\/\\\/regions-snetap-fsu.fr\\\/pdl\\\/2024\\\/05\\\/02\\\/gagne-quand-les-elu-es-elan-commun-permettent-aux-agents-de-faire-valoir-leurs-droits\\\/#breadcrumb\"},\"inLanguage\":\"fr-FR\",\"potentialAction\":[{\"@type\":\"ReadAction\",\"target\":[\"https:\\\/\\\/regions-snetap-fsu.fr\\\/pdl\\\/2024\\\/05\\\/02\\\/gagne-quand-les-elu-es-elan-commun-permettent-aux-agents-de-faire-valoir-leurs-droits\\\/\"]}]},{\"@type\":\"ImageObject\",\"inLanguage\":\"fr-FR\",\"@id\":\"https:\\\/\\\/regions-snetap-fsu.fr\\\/pdl\\\/2024\\\/05\\\/02\\\/gagne-quand-les-elu-es-elan-commun-permettent-aux-agents-de-faire-valoir-leurs-droits\\\/#primaryimage\",\"url\":\"https:\\\/\\\/regions-snetap-fsu.fr\\\/pdl\\\/wp-content\\\/uploads\\\/sites\\\/4\\\/2024\\\/05\\\/1.png\",\"contentUrl\":\"https:\\\/\\\/regions-snetap-fsu.fr\\\/pdl\\\/wp-content\\\/uploads\\\/sites\\\/4\\\/2024\\\/05\\\/1.png\",\"width\":1772,\"height\":1181},{\"@type\":\"BreadcrumbList\",\"@id\":\"https:\\\/\\\/regions-snetap-fsu.fr\\\/pdl\\\/2024\\\/05\\\/02\\\/gagne-quand-les-elu-es-elan-commun-permettent-aux-agents-de-faire-valoir-leurs-droits\\\/#breadcrumb\",\"itemListElement\":[{\"@type\":\"ListItem\",\"position\":1,\"name\":\"Accueil\",\"item\":\"https:\\\/\\\/regions-snetap-fsu.fr\\\/pdl\\\/\"},{\"@type\":\"ListItem\",\"position\":2,\"name\":\"Gagn\u00e9 ! Quand les \u00e9lu.es ELAN COMMUN permettent aux agents de faire valoir leurs droits\"}]},{\"@type\":\"WebSite\",\"@id\":\"https:\\\/\\\/regions-snetap-fsu.fr\\\/pdl\\\/#website\",\"url\":\"https:\\\/\\\/regions-snetap-fsu.fr\\\/pdl\\\/\",\"name\":\"SNETAP-FSU PAYS DE LA LOIRE\",\"description\":\"SECTION REGIONALE\",\"publisher\":{\"@id\":\"https:\\\/\\\/regions-snetap-fsu.fr\\\/pdl\\\/#organization\"},\"potentialAction\":[{\"@type\":\"SearchAction\",\"target\":{\"@type\":\"EntryPoint\",\"urlTemplate\":\"https:\\\/\\\/regions-snetap-fsu.fr\\\/pdl\\\/?s={search_term_string}\"},\"query-input\":{\"@type\":\"PropertyValueSpecification\",\"valueRequired\":true,\"valueName\":\"search_term_string\"}}],\"inLanguage\":\"fr-FR\"},{\"@type\":\"Organization\",\"@id\":\"https:\\\/\\\/regions-snetap-fsu.fr\\\/pdl\\\/#organization\",\"name\":\"SNETAP-FSU Pays de Loire\",\"url\":\"https:\\\/\\\/regions-snetap-fsu.fr\\\/pdl\\\/\",\"logo\":{\"@type\":\"ImageObject\",\"inLanguage\":\"fr-FR\",\"@id\":\"https:\\\/\\\/regions-snetap-fsu.fr\\\/pdl\\\/#\\\/schema\\\/logo\\\/image\\\/\",\"url\":\"https:\\\/\\\/regions-snetap-fsu.fr\\\/pdl\\\/wp-content\\\/uploads\\\/sites\\\/4\\\/2020\\\/12\\\/SNETAP-Logo.jpg\",\"contentUrl\":\"https:\\\/\\\/regions-snetap-fsu.fr\\\/pdl\\\/wp-content\\\/uploads\\\/sites\\\/4\\\/2020\\\/12\\\/SNETAP-Logo.jpg\",\"width\":464,\"height\":334,\"caption\":\"SNETAP-FSU Pays de Loire\"},\"image\":{\"@id\":\"https:\\\/\\\/regions-snetap-fsu.fr\\\/pdl\\\/#\\\/schema\\\/logo\\\/image\\\/\"}},{\"@type\":\"Person\",\"@id\":\"https:\\\/\\\/regions-snetap-fsu.fr\\\/pdl\\\/#\\\/schema\\\/person\\\/d4530af043f9e8d27bdd71c468ec93b1\",\"name\":\"yvigner\",\"image\":{\"@type\":\"ImageObject\",\"inLanguage\":\"fr-FR\",\"@id\":\"https:\\\/\\\/secure.gravatar.com\\\/avatar\\\/bc72baa6f2406549aecf77a837bc4f03dbe88472c1762138f868571430a23820?s=96&d=mm&r=g\",\"url\":\"https:\\\/\\\/secure.gravatar.com\\\/avatar\\\/bc72baa6f2406549aecf77a837bc4f03dbe88472c1762138f868571430a23820?s=96&d=mm&r=g\",\"contentUrl\":\"https:\\\/\\\/secure.gravatar.com\\\/avatar\\\/bc72baa6f2406549aecf77a837bc4f03dbe88472c1762138f868571430a23820?s=96&d=mm&r=g\",\"caption\":\"yvigner\"},\"url\":\"https:\\\/\\\/regions-snetap-fsu.fr\\\/pdl\\\/author\\\/yvigner\\\/\"}]}<\/script>\n<!-- \/ Yoast SEO plugin. -->","yoast_head_json":{"title":"Gagn\u00e9 ! Quand les \u00e9lu.es ELAN COMMUN permettent aux agents de faire valoir leurs droits - PAYS DE LA LOIRE","robots":{"index":"index","follow":"follow","max-snippet":"max-snippet:-1","max-image-preview":"max-image-preview:large","max-video-preview":"max-video-preview:-1"},"canonical":"https:\/\/regions-snetap-fsu.fr\/pdl\/2024\/05\/02\/gagne-quand-les-elu-es-elan-commun-permettent-aux-agents-de-faire-valoir-leurs-droits\/","og_locale":"fr_FR","og_type":"article","og_title":"Gagn\u00e9 ! Quand les \u00e9lu.es ELAN COMMUN permettent aux agents de faire valoir leurs droits - PAYS DE LA LOIRE","og_description":"Gagn\u00e9\u00a0! A la derni\u00e8re CCPR des Pays de la Loire, nous avons si\u00e9g\u00e9 pour statuer sur le licenciement d\u2019un.e coll\u00e8gue d\u2019un \u00e9tablissement de la R\u00e9gion. En arr\u00eat maladie longue dur\u00e9e depuis de longs mois et reconnu.e dans l\u2019incapacit\u00e9 de travailler dans son \u00e9tablissement, la direction demandait son licenciement. Avec ce.cette coll\u00e8gue, et au-del\u00e0 des conditions [&hellip;]","og_url":"https:\/\/regions-snetap-fsu.fr\/pdl\/2024\/05\/02\/gagne-quand-les-elu-es-elan-commun-permettent-aux-agents-de-faire-valoir-leurs-droits\/","og_site_name":"PAYS DE LA LOIRE","article_published_time":"2024-05-02T13:36:27+00:00","article_modified_time":"2024-05-02T13:43:45+00:00","og_image":[{"width":1772,"height":1181,"url":"https:\/\/regions-snetap-fsu.fr\/pdl\/wp-content\/uploads\/sites\/4\/2024\/05\/1.png","type":"image\/png"}],"author":"yvigner","twitter_card":"summary_large_image","twitter_misc":{"\u00c9crit par":"yvigner","Dur\u00e9e de lecture estim\u00e9e":"1 minute"},"schema":{"@context":"https:\/\/schema.org","@graph":[{"@type":"Article","@id":"https:\/\/regions-snetap-fsu.fr\/pdl\/2024\/05\/02\/gagne-quand-les-elu-es-elan-commun-permettent-aux-agents-de-faire-valoir-leurs-droits\/#article","isPartOf":{"@id":"https:\/\/regions-snetap-fsu.fr\/pdl\/2024\/05\/02\/gagne-quand-les-elu-es-elan-commun-permettent-aux-agents-de-faire-valoir-leurs-droits\/"},"author":{"name":"yvigner","@id":"https:\/\/regions-snetap-fsu.fr\/pdl\/#\/schema\/person\/d4530af043f9e8d27bdd71c468ec93b1"},"headline":"Gagn\u00e9 ! Quand les \u00e9lu.es ELAN COMMUN permettent aux agents de faire valoir leurs droits","datePublished":"2024-05-02T13:36:27+00:00","dateModified":"2024-05-02T13:43:45+00:00","mainEntityOfPage":{"@id":"https:\/\/regions-snetap-fsu.fr\/pdl\/2024\/05\/02\/gagne-quand-les-elu-es-elan-commun-permettent-aux-agents-de-faire-valoir-leurs-droits\/"},"wordCount":246,"publisher":{"@id":"https:\/\/regions-snetap-fsu.fr\/pdl\/#organization"},"image":{"@id":"https:\/\/regions-snetap-fsu.fr\/pdl\/2024\/05\/02\/gagne-quand-les-elu-es-elan-commun-permettent-aux-agents-de-faire-valoir-leurs-droits\/#primaryimage"},"thumbnailUrl":"https:\/\/regions-snetap-fsu.fr\/pdl\/wp-content\/uploads\/sites\/4\/2024\/05\/1.png","articleSection":["CCPR"],"inLanguage":"fr-FR"},{"@type":"WebPage","@id":"https:\/\/regions-snetap-fsu.fr\/pdl\/2024\/05\/02\/gagne-quand-les-elu-es-elan-commun-permettent-aux-agents-de-faire-valoir-leurs-droits\/","url":"https:\/\/regions-snetap-fsu.fr\/pdl\/2024\/05\/02\/gagne-quand-les-elu-es-elan-commun-permettent-aux-agents-de-faire-valoir-leurs-droits\/","name":"Gagn\u00e9 ! Quand les \u00e9lu.es ELAN COMMUN permettent aux agents de faire valoir leurs droits - PAYS DE LA LOIRE","isPartOf":{"@id":"https:\/\/regions-snetap-fsu.fr\/pdl\/#website"},"primaryImageOfPage":{"@id":"https:\/\/regions-snetap-fsu.fr\/pdl\/2024\/05\/02\/gagne-quand-les-elu-es-elan-commun-permettent-aux-agents-de-faire-valoir-leurs-droits\/#primaryimage"},"image":{"@id":"https:\/\/regions-snetap-fsu.fr\/pdl\/2024\/05\/02\/gagne-quand-les-elu-es-elan-commun-permettent-aux-agents-de-faire-valoir-leurs-droits\/#primaryimage"},"thumbnailUrl":"https:\/\/regions-snetap-fsu.fr\/pdl\/wp-content\/uploads\/sites\/4\/2024\/05\/1.png","datePublished":"2024-05-02T13:36:27+00:00","dateModified":"2024-05-02T13:43:45+00:00","breadcrumb":{"@id":"https:\/\/regions-snetap-fsu.fr\/pdl\/2024\/05\/02\/gagne-quand-les-elu-es-elan-commun-permettent-aux-agents-de-faire-valoir-leurs-droits\/#breadcrumb"},"inLanguage":"fr-FR","potentialAction":[{"@type":"ReadAction","target":["https:\/\/regions-snetap-fsu.fr\/pdl\/2024\/05\/02\/gagne-quand-les-elu-es-elan-commun-permettent-aux-agents-de-faire-valoir-leurs-droits\/"]}]},{"@type":"ImageObject","inLanguage":"fr-FR","@id":"https:\/\/regions-snetap-fsu.fr\/pdl\/2024\/05\/02\/gagne-quand-les-elu-es-elan-commun-permettent-aux-agents-de-faire-valoir-leurs-droits\/#primaryimage","url":"https:\/\/regions-snetap-fsu.fr\/pdl\/wp-content\/uploads\/sites\/4\/2024\/05\/1.png","contentUrl":"https:\/\/regions-snetap-fsu.fr\/pdl\/wp-content\/uploads\/sites\/4\/2024\/05\/1.png","width":1772,"height":1181},{"@type":"BreadcrumbList","@id":"https:\/\/regions-snetap-fsu.fr\/pdl\/2024\/05\/02\/gagne-quand-les-elu-es-elan-commun-permettent-aux-agents-de-faire-valoir-leurs-droits\/#breadcrumb","itemListElement":[{"@type":"ListItem","position":1,"name":"Accueil","item":"https:\/\/regions-snetap-fsu.fr\/pdl\/"},{"@type":"ListItem","position":2,"name":"Gagn\u00e9 ! Quand les \u00e9lu.es ELAN COMMUN permettent aux agents de faire valoir leurs droits"}]},{"@type":"WebSite","@id":"https:\/\/regions-snetap-fsu.fr\/pdl\/#website","url":"https:\/\/regions-snetap-fsu.fr\/pdl\/","name":"SNETAP-FSU PAYS DE LA LOIRE","description":"SECTION REGIONALE","publisher":{"@id":"https:\/\/regions-snetap-fsu.fr\/pdl\/#organization"},"potentialAction":[{"@type":"SearchAction","target":{"@type":"EntryPoint","urlTemplate":"https:\/\/regions-snetap-fsu.fr\/pdl\/?s={search_term_string}"},"query-input":{"@type":"PropertyValueSpecification","valueRequired":true,"valueName":"search_term_string"}}],"inLanguage":"fr-FR"},{"@type":"Organization","@id":"https:\/\/regions-snetap-fsu.fr\/pdl\/#organization","name":"SNETAP-FSU Pays de Loire","url":"https:\/\/regions-snetap-fsu.fr\/pdl\/","logo":{"@type":"ImageObject","inLanguage":"fr-FR","@id":"https:\/\/regions-snetap-fsu.fr\/pdl\/#\/schema\/logo\/image\/","url":"https:\/\/regions-snetap-fsu.fr\/pdl\/wp-content\/uploads\/sites\/4\/2020\/12\/SNETAP-Logo.jpg","contentUrl":"https:\/\/regions-snetap-fsu.fr\/pdl\/wp-content\/uploads\/sites\/4\/2020\/12\/SNETAP-Logo.jpg","width":464,"height":334,"caption":"SNETAP-FSU Pays de Loire"},"image":{"@id":"https:\/\/regions-snetap-fsu.fr\/pdl\/#\/schema\/logo\/image\/"}},{"@type":"Person","@id":"https:\/\/regions-snetap-fsu.fr\/pdl\/#\/schema\/person\/d4530af043f9e8d27bdd71c468ec93b1","name":"yvigner","image":{"@type":"ImageObject","inLanguage":"fr-FR","@id":"https:\/\/secure.gravatar.com\/avatar\/bc72baa6f2406549aecf77a837bc4f03dbe88472c1762138f868571430a23820?s=96&d=mm&r=g","url":"https:\/\/secure.gravatar.com\/avatar\/bc72baa6f2406549aecf77a837bc4f03dbe88472c1762138f868571430a23820?s=96&d=mm&r=g","contentUrl":"https:\/\/secure.gravatar.com\/avatar\/bc72baa6f2406549aecf77a837bc4f03dbe88472c1762138f868571430a23820?s=96&d=mm&r=g","caption":"yvigner"},"url":"https:\/\/regions-snetap-fsu.fr\/pdl\/author\/yvigner\/"}]}},"_links":{"self":[{"href":"https:\/\/regions-snetap-fsu.fr\/pdl\/wp-json\/wp\/v2\/posts\/5079","targetHints":{"allow":["GET"]}}],"collection":[{"href":"https:\/\/regions-snetap-fsu.fr\/pdl\/wp-json\/wp\/v2\/posts"}],"about":[{"href":"https:\/\/regions-snetap-fsu.fr\/pdl\/wp-json\/wp\/v2\/types\/post"}],"author":[{"embeddable":true,"href":"https:\/\/regions-snetap-fsu.fr\/pdl\/wp-json\/wp\/v2\/users\/2"}],"replies":[{"embeddable":true,"href":"https:\/\/regions-snetap-fsu.fr\/pdl\/wp-json\/wp\/v2\/comments?post=5079"}],"version-history":[{"count":1,"href":"https:\/\/regions-snetap-fsu.fr\/pdl\/wp-json\/wp\/v2\/posts\/5079\/revisions"}],"predecessor-version":[{"id":5080,"href":"https:\/\/regions-snetap-fsu.fr\/pdl\/wp-json\/wp\/v2\/posts\/5079\/revisions\/5080"}],"wp:featuredmedia":[{"embeddable":true,"href":"https:\/\/regions-snetap-fsu.fr\/pdl\/wp-json\/wp\/v2\/media\/5081"}],"wp:attachment":[{"href":"https:\/\/regions-snetap-fsu.fr\/pdl\/wp-json\/wp\/v2\/media?parent=5079"}],"wp:term":[{"taxonomy":"category","embeddable":true,"href":"https:\/\/regions-snetap-fsu.fr\/pdl\/wp-json\/wp\/v2\/categories?post=5079"},{"taxonomy":"post_tag","embeddable":true,"href":"https:\/\/regions-snetap-fsu.fr\/pdl\/wp-json\/wp\/v2\/tags?post=5079"},{"taxonomy":"post_folder","embeddable":true,"href":"https:\/\/regions-snetap-fsu.fr\/pdl\/wp-json\/wp\/v2\/post_folder?post=5079"}],"curies":[{"name":"wp","href":"https:\/\/api.w.org\/{rel}","templated":true}]}}