{"id":5052,"date":"2024-03-18T00:26:04","date_gmt":"2024-03-17T23:26:04","guid":{"rendered":"https:\/\/regions-snetap-fsu.fr\/pdl\/?p=5052"},"modified":"2024-04-18T00:38:13","modified_gmt":"2024-04-17T22:38:13","slug":"une-delegation-du-snetap-rencontre-m-nenon-chef-du-srfd-a-propos-de-la-situation-financiere-des-epl-en-pays-de-la-loire-le-8-fevrier-2024","status":"publish","type":"post","link":"https:\/\/regions-snetap-fsu.fr\/pdl\/2024\/03\/18\/une-delegation-du-snetap-rencontre-m-nenon-chef-du-srfd-a-propos-de-la-situation-financiere-des-epl-en-pays-de-la-loire-le-8-fevrier-2024\/","title":{"rendered":"Une d\u00e9l\u00e9gation du SNETAP rencontre M. NENON, Chef du SRFD, \u00e0 propos de la situation financi\u00e8re des EPL en Pays de la Loire, le 8 f\u00e9vrier 2024"},"content":{"rendered":"<p><span style=\"font-family: arial, helvetica, sans-serif;\">En f\u00e9vrier dernier, une d\u00e9l\u00e9gation de repr\u00e9sentant.es des personnels des EPL des Pays de la Loire rencontrait le Chef du SRFD au sujet de la situation financi\u00e8re des EPL.\u00a0<\/span><\/p>\n<p style=\"text-align: justify;\"><span style=\"font-family: arial, helvetica, sans-serif;\"><b>Tous les EPL doivent s\u2019interroger \u00e0 moyen terme mais 3 Lyc\u00e9es sont d\u00e9j\u00e0 dans la tourmente<\/b><\/span><\/p>\n<p style=\"text-align: justify;\"><span style=\"font-family: arial, helvetica, sans-serif;\"><span style=\"font-weight: 400;\">Les Lyc\u00e9es de P\u00e9tr\u00e9, du Fresne et de Ch\u00e2teau Gontier ont vu leur situation se d\u00e9grader en 2 ans. L&rsquo;inflation est un \u00e9l\u00e9ment important et r\u00e9v\u00e9lateur puisque le budget des fluides a \u00e9t\u00e9 multipli\u00e9 par 2 sur les EPL. L\u2019absence ou les retards de r\u00e9novation des b\u00e2timents par le Conseil r\u00e9gional engendre un gouffre financier au niveau fluide et maintenance :<\/span><b> nos lyc\u00e9es sont des passoires \u00e9nerg\u00e9tiques !<\/b><\/span><\/p>\n<p style=\"text-align: justify;\"><span style=\"font-family: arial, helvetica, sans-serif;\"><b>Des plans de redressement mis en place, mais de dr\u00f4les de pr\u00e9conisations<\/b><\/span><\/p>\n<p style=\"text-align: justify;\"><span style=\"font-family: arial, helvetica, sans-serif;\"><span style=\"font-weight: 400;\">Le but des plans de redressement mis en place dans 2 lyc\u00e9es est de faire une analyse la plus objective possible avec la mise en place de comit\u00e9 de suvi. Dans le comit\u00e9 de suivi, sont pr\u00e9sents la direction, le chef du SRFD, un repr\u00e9sentant du Conseil r\u00e9gional et des repr\u00e9sentants des personnels de l\u2019ensemble des centres. Ce comit\u00e9 sera force de propositions et proposera un plan d\u2019action qui devra \u00eatre valid\u00e9 au CA avant de le mettre en \u0153uvre. <\/span><b>Pour l\u2019instant les pr\u00e9conisations, dans certains EPL,\u00a0 nous laissent dubitatifs voire plus<\/b><span style=\"font-weight: 400;\"> : prendre un emprunt d\u2019un million d\u2019euros \u00e0 la banque, mettre un ouvrier agricole \u00e0 la place d\u2019un directeur d\u2019exploitation d\u00e9missionnaire pour faire baisser la masse salariale, mettre en place une classe de bac pro en mixage pour r\u00e9cup\u00e9rer de la taxe d\u2019apprentissage, supprimer des formations, fermer des sites ? &#8230;voil\u00e0 parfois certaines propositions !<\/span><\/span><\/p>\n<p style=\"text-align: justify;\"><span style=\"font-family: arial, helvetica, sans-serif;\"><b>L&rsquo;Etat ne peut s&rsquo;exon\u00e9rer de ses responsabilit\u00e9s<\/b><\/span><\/p>\n<p style=\"text-align: justify;\"><span style=\"font-family: arial, helvetica, sans-serif;\"><span style=\"font-weight: 400;\">Les difficult\u00e9s en ressources humaines (dans les \u00e9quipes de Direction notamment mais plus g\u00e9n\u00e9ralement en personnel administratif), en accompagnement, r\u00e9sultat d&rsquo;un vrai d\u00e9sengagement de l\u2019Etat et de la DGER sont aussi \u00e0 l&rsquo;origine des difficult\u00e9s financi\u00e8res des EPL. Des difficult\u00e9s de management et l&rsquo;absence de st<\/span>abilit\u00e9 au niveau des directions participent aussi, en effet,\u00a0 \u00e0 fragiliser financi\u00e8rement les EPL. Il y a un grand \u201cturn over\u201d, des postes vacants non pourvus et trop de contractuels au niveau des \u00e9quipes de direction. C&rsquo;est un grand plan d&rsquo;appui technique et de formation pour nos coll\u00e8gues qui doit \u00eatre mis en place. <b>Que fait le Minist\u00e8re pour nos \u00e9tablissements ?<\/b><\/span><\/p>\n<p>&nbsp;<\/p>\n<p><span style=\"font-family: arial, helvetica, sans-serif;\"><strong>Des exploitations agricoles qui fragilisent les budgets<\/strong><\/span><\/p>\n<p style=\"text-align: justify;\"><span style=\"font-family: arial, helvetica, sans-serif;\"><b>Enfin, ce sont aussi souvent les exploitations des lyc\u00e9es agricoles qui plombent les budgets. <\/b><span style=\"font-weight: 400;\">Les probl\u00e8mes sont surtout li\u00e9s \u00e0 la masse salariale, la maintenance et la sous-traitance qui ne cessent d&rsquo;augmenter. L\u2019exploitation agricole a pourtant un r\u00f4le p\u00e9dagogique mais suit la loi du march\u00e9 et rencontre des probl\u00e8mes de productivit\u00e9 et de rentabilit\u00e9.\u00a0<\/span><b>Les salari\u00e9s r\u00e9alisent \u00e9galement un travail p\u00e9dagogique et devraient donc \u00eatre pay\u00e9s par l&rsquo;\u00c9tat et non par le lyc\u00e9e. <\/b><span style=\"font-weight: 400;\">L\u2019ann\u00e9e derni\u00e8re, la r\u00e9gion avait octroy\u00e9 475 000 \u20ac pour le surco\u00fbt p\u00e9dagogique des exploitations et \u00e9galement une prime pour le surco\u00fbt \u00e9nerg\u00e9tique. Ces deux primes ne sont pour l\u2019instant pas reconduites ce qui pose des difficult\u00e9s aux \u00e9tablissements pour faire le budget 2024.\u00a0<\/span><b>Ces primes doivent perdre leur caract\u00e8re exceptionnel et devenir p\u00e9rennes<\/b><span style=\"font-weight: 400;\">.<\/span><\/span><\/p>\n<p style=\"text-align: justify;\"><span style=\"font-family: arial, helvetica, sans-serif;\">Localement (au sein des comit\u00e9s de suivi et des CA), r\u00e9gionalement (en rencontrant et r\u00e9clamant des appuis et des solutions aupr\u00e8s de l&rsquo;autorit\u00e9 acad\u00e9mique et du conseil r\u00e9gional) et nationalement (par la demande de rencontre avec la DGER), les \u00e9lu.es du SNETAP-FSU refusent la fatalit\u00e9 de budgets fragiles qui menacent \u00e0 terme les emplois des agent.es, nos formations et l&rsquo;avenir de nos EPL m\u00eame.\u00a0<\/span><\/p>\n<p>&nbsp;<\/p>\n<p style=\"text-align: right;\"><strong>Pour la d\u00e9l\u00e9gation<\/strong><\/p>\n<p style=\"text-align: right;\"><strong>Val\u00e9rie BOUGET, co-secr\u00e9taire r\u00e9gionale adjointe<\/strong><\/p>\n","protected":false},"excerpt":{"rendered":"<p>En f\u00e9vrier dernier, une d\u00e9l\u00e9gation de repr\u00e9sentant.es des personnels des EPL des Pays de la Loire rencontrait le Chef du SRFD au sujet de la situation financi\u00e8re des EPL.\u00a0 Tous les EPL doivent s\u2019interroger \u00e0 moyen terme mais 3 Lyc\u00e9es sont d\u00e9j\u00e0 dans la tourmente Les Lyc\u00e9es de P\u00e9tr\u00e9, du Fresne et de Ch\u00e2teau Gontier [&hellip;]<\/p>\n","protected":false},"author":2,"featured_media":5053,"comment_status":"closed","ping_status":"closed","sticky":false,"template":"","format":"standard","meta":{"ocean_post_layout":"","ocean_both_sidebars_style":"","ocean_both_sidebars_content_width":0,"ocean_both_sidebars_sidebars_width":0,"ocean_sidebar":"0","ocean_second_sidebar":"0","ocean_disable_margins":"enable","ocean_add_body_class":"","ocean_shortcode_before_top_bar":"","ocean_shortcode_after_top_bar":"","ocean_shortcode_before_header":"","ocean_shortcode_after_header":"","ocean_has_shortcode":"","ocean_shortcode_after_title":"","ocean_shortcode_before_footer_widgets":"","ocean_shortcode_after_footer_widgets":"","ocean_shortcode_before_footer_bottom":"","ocean_shortcode_after_footer_bottom":"","ocean_display_top_bar":"default","ocean_display_header":"default","ocean_header_style":"","ocean_center_header_left_menu":"0","ocean_custom_header_template":"0","ocean_custom_logo":0,"ocean_custom_retina_logo":0,"ocean_custom_logo_max_width":0,"ocean_custom_logo_tablet_max_width":0,"ocean_custom_logo_mobile_max_width":0,"ocean_custom_logo_max_height":0,"ocean_custom_logo_tablet_max_height":0,"ocean_custom_logo_mobile_max_height":0,"ocean_header_custom_menu":"0","ocean_menu_typo_font_family":"0","ocean_menu_typo_font_subset":"","ocean_menu_typo_font_size":0,"ocean_menu_typo_font_size_tablet":0,"ocean_menu_typo_font_size_mobile":0,"ocean_menu_typo_font_size_unit":"px","ocean_menu_typo_font_weight":"","ocean_menu_typo_font_weight_tablet":"","ocean_menu_typo_font_weight_mobile":"","ocean_menu_typo_transform":"","ocean_menu_typo_transform_tablet":"","ocean_menu_typo_transform_mobile":"","ocean_menu_typo_line_height":0,"ocean_menu_typo_line_height_tablet":0,"ocean_menu_typo_line_height_mobile":0,"ocean_menu_typo_line_height_unit":"","ocean_menu_typo_spacing":0,"ocean_menu_typo_spacing_tablet":0,"ocean_menu_typo_spacing_mobile":0,"ocean_menu_typo_spacing_unit":"","ocean_menu_link_color":"","ocean_menu_link_color_hover":"","ocean_menu_link_color_active":"","ocean_menu_link_background":"","ocean_menu_link_hover_background":"","ocean_menu_link_active_background":"","ocean_menu_social_links_bg":"","ocean_menu_social_hover_links_bg":"","ocean_menu_social_links_color":"","ocean_menu_social_hover_links_color":"","ocean_disable_title":"default","ocean_disable_heading":"default","ocean_post_title":"","ocean_post_subheading":"","ocean_post_title_style":"","ocean_post_title_background_color":"","ocean_post_title_background":0,"ocean_post_title_bg_image_position":"","ocean_post_title_bg_image_attachment":"","ocean_post_title_bg_image_repeat":"","ocean_post_title_bg_image_size":"","ocean_post_title_height":0,"ocean_post_title_bg_overlay":0.5,"ocean_post_title_bg_overlay_color":"","ocean_disable_breadcrumbs":"default","ocean_breadcrumbs_color":"","ocean_breadcrumbs_separator_color":"","ocean_breadcrumbs_links_color":"","ocean_breadcrumbs_links_hover_color":"","ocean_display_footer_widgets":"default","ocean_display_footer_bottom":"default","ocean_custom_footer_template":"0","ocean_post_oembed":"","ocean_post_self_hosted_media":"","ocean_post_video_embed":"","ocean_link_format":"","ocean_link_format_target":"self","ocean_quote_format":"","ocean_quote_format_link":"post","ocean_gallery_link_images":"on","ocean_gallery_id":[],"footnotes":""},"categories":[28],"tags":[],"post_folder":[],"class_list":["post-5052","post","type-post","status-publish","format-standard","has-post-thumbnail","hentry","category-actions-regionales","entry","has-media"],"yoast_head":"<!-- This site is optimized with the Yoast SEO plugin v27.4 - https:\/\/yoast.com\/product\/yoast-seo-wordpress\/ -->\n<title>Une d\u00e9l\u00e9gation du SNETAP rencontre M. NENON, Chef du SRFD, \u00e0 propos de la situation financi\u00e8re des EPL en Pays de la Loire, le 8 f\u00e9vrier 2024 - PAYS DE LA LOIRE<\/title>\n<meta name=\"robots\" content=\"index, follow, max-snippet:-1, max-image-preview:large, max-video-preview:-1\" \/>\n<link rel=\"canonical\" href=\"https:\/\/regions-snetap-fsu.fr\/pdl\/2024\/03\/18\/une-delegation-du-snetap-rencontre-m-nenon-chef-du-srfd-a-propos-de-la-situation-financiere-des-epl-en-pays-de-la-loire-le-8-fevrier-2024\/\" \/>\n<meta property=\"og:locale\" content=\"fr_FR\" \/>\n<meta property=\"og:type\" content=\"article\" \/>\n<meta property=\"og:title\" content=\"Une d\u00e9l\u00e9gation du SNETAP rencontre M. NENON, Chef du SRFD, \u00e0 propos de la situation financi\u00e8re des EPL en Pays de la Loire, le 8 f\u00e9vrier 2024 - PAYS DE LA LOIRE\" \/>\n<meta property=\"og:description\" content=\"En f\u00e9vrier dernier, une d\u00e9l\u00e9gation de repr\u00e9sentant.es des personnels des EPL des Pays de la Loire rencontrait le Chef du SRFD au sujet de la situation financi\u00e8re des EPL.\u00a0 Tous les EPL doivent s\u2019interroger \u00e0 moyen terme mais 3 Lyc\u00e9es sont d\u00e9j\u00e0 dans la tourmente Les Lyc\u00e9es de P\u00e9tr\u00e9, du Fresne et de Ch\u00e2teau Gontier [&hellip;]\" \/>\n<meta property=\"og:url\" content=\"https:\/\/regions-snetap-fsu.fr\/pdl\/2024\/03\/18\/une-delegation-du-snetap-rencontre-m-nenon-chef-du-srfd-a-propos-de-la-situation-financiere-des-epl-en-pays-de-la-loire-le-8-fevrier-2024\/\" \/>\n<meta property=\"og:site_name\" content=\"PAYS DE LA LOIRE\" \/>\n<meta property=\"article:published_time\" content=\"2024-03-17T23:26:04+00:00\" \/>\n<meta property=\"article:modified_time\" content=\"2024-04-17T22:38:13+00:00\" \/>\n<meta property=\"og:image\" content=\"https:\/\/regions-snetap-fsu.fr\/pdl\/wp-content\/uploads\/sites\/4\/2024\/04\/20240208_103041-scaled.jpg\" \/>\n\t<meta property=\"og:image:width\" content=\"2560\" \/>\n\t<meta property=\"og:image:height\" content=\"1440\" \/>\n\t<meta property=\"og:image:type\" content=\"image\/jpeg\" \/>\n<meta name=\"author\" content=\"yvigner\" \/>\n<meta name=\"twitter:card\" content=\"summary_large_image\" \/>\n<meta name=\"twitter:label1\" content=\"\u00c9crit par\" \/>\n\t<meta name=\"twitter:data1\" content=\"yvigner\" \/>\n\t<meta name=\"twitter:label2\" content=\"Dur\u00e9e de lecture estim\u00e9e\" \/>\n\t<meta name=\"twitter:data2\" content=\"3 minutes\" \/>\n<script type=\"application\/ld+json\" class=\"yoast-schema-graph\">{\"@context\":\"https:\\\/\\\/schema.org\",\"@graph\":[{\"@type\":\"Article\",\"@id\":\"https:\\\/\\\/regions-snetap-fsu.fr\\\/pdl\\\/2024\\\/03\\\/18\\\/une-delegation-du-snetap-rencontre-m-nenon-chef-du-srfd-a-propos-de-la-situation-financiere-des-epl-en-pays-de-la-loire-le-8-fevrier-2024\\\/#article\",\"isPartOf\":{\"@id\":\"https:\\\/\\\/regions-snetap-fsu.fr\\\/pdl\\\/2024\\\/03\\\/18\\\/une-delegation-du-snetap-rencontre-m-nenon-chef-du-srfd-a-propos-de-la-situation-financiere-des-epl-en-pays-de-la-loire-le-8-fevrier-2024\\\/\"},\"author\":{\"name\":\"yvigner\",\"@id\":\"https:\\\/\\\/regions-snetap-fsu.fr\\\/pdl\\\/#\\\/schema\\\/person\\\/d4530af043f9e8d27bdd71c468ec93b1\"},\"headline\":\"Une d\u00e9l\u00e9gation du SNETAP rencontre M. NENON, Chef du SRFD, \u00e0 propos de la situation financi\u00e8re des EPL en Pays de la Loire, le 8 f\u00e9vrier 2024\",\"datePublished\":\"2024-03-17T23:26:04+00:00\",\"dateModified\":\"2024-04-17T22:38:13+00:00\",\"mainEntityOfPage\":{\"@id\":\"https:\\\/\\\/regions-snetap-fsu.fr\\\/pdl\\\/2024\\\/03\\\/18\\\/une-delegation-du-snetap-rencontre-m-nenon-chef-du-srfd-a-propos-de-la-situation-financiere-des-epl-en-pays-de-la-loire-le-8-fevrier-2024\\\/\"},\"wordCount\":706,\"publisher\":{\"@id\":\"https:\\\/\\\/regions-snetap-fsu.fr\\\/pdl\\\/#organization\"},\"image\":{\"@id\":\"https:\\\/\\\/regions-snetap-fsu.fr\\\/pdl\\\/2024\\\/03\\\/18\\\/une-delegation-du-snetap-rencontre-m-nenon-chef-du-srfd-a-propos-de-la-situation-financiere-des-epl-en-pays-de-la-loire-le-8-fevrier-2024\\\/#primaryimage\"},\"thumbnailUrl\":\"https:\\\/\\\/regions-snetap-fsu.fr\\\/pdl\\\/wp-content\\\/uploads\\\/sites\\\/4\\\/2024\\\/04\\\/20240208_103041-scaled.jpg\",\"articleSection\":[\"Actions r\u00e9gionales\"],\"inLanguage\":\"fr-FR\"},{\"@type\":\"WebPage\",\"@id\":\"https:\\\/\\\/regions-snetap-fsu.fr\\\/pdl\\\/2024\\\/03\\\/18\\\/une-delegation-du-snetap-rencontre-m-nenon-chef-du-srfd-a-propos-de-la-situation-financiere-des-epl-en-pays-de-la-loire-le-8-fevrier-2024\\\/\",\"url\":\"https:\\\/\\\/regions-snetap-fsu.fr\\\/pdl\\\/2024\\\/03\\\/18\\\/une-delegation-du-snetap-rencontre-m-nenon-chef-du-srfd-a-propos-de-la-situation-financiere-des-epl-en-pays-de-la-loire-le-8-fevrier-2024\\\/\",\"name\":\"Une d\u00e9l\u00e9gation du SNETAP rencontre M. NENON, Chef du SRFD, \u00e0 propos de la situation financi\u00e8re des EPL en Pays de la Loire, le 8 f\u00e9vrier 2024 - PAYS DE LA LOIRE\",\"isPartOf\":{\"@id\":\"https:\\\/\\\/regions-snetap-fsu.fr\\\/pdl\\\/#website\"},\"primaryImageOfPage\":{\"@id\":\"https:\\\/\\\/regions-snetap-fsu.fr\\\/pdl\\\/2024\\\/03\\\/18\\\/une-delegation-du-snetap-rencontre-m-nenon-chef-du-srfd-a-propos-de-la-situation-financiere-des-epl-en-pays-de-la-loire-le-8-fevrier-2024\\\/#primaryimage\"},\"image\":{\"@id\":\"https:\\\/\\\/regions-snetap-fsu.fr\\\/pdl\\\/2024\\\/03\\\/18\\\/une-delegation-du-snetap-rencontre-m-nenon-chef-du-srfd-a-propos-de-la-situation-financiere-des-epl-en-pays-de-la-loire-le-8-fevrier-2024\\\/#primaryimage\"},\"thumbnailUrl\":\"https:\\\/\\\/regions-snetap-fsu.fr\\\/pdl\\\/wp-content\\\/uploads\\\/sites\\\/4\\\/2024\\\/04\\\/20240208_103041-scaled.jpg\",\"datePublished\":\"2024-03-17T23:26:04+00:00\",\"dateModified\":\"2024-04-17T22:38:13+00:00\",\"breadcrumb\":{\"@id\":\"https:\\\/\\\/regions-snetap-fsu.fr\\\/pdl\\\/2024\\\/03\\\/18\\\/une-delegation-du-snetap-rencontre-m-nenon-chef-du-srfd-a-propos-de-la-situation-financiere-des-epl-en-pays-de-la-loire-le-8-fevrier-2024\\\/#breadcrumb\"},\"inLanguage\":\"fr-FR\",\"potentialAction\":[{\"@type\":\"ReadAction\",\"target\":[\"https:\\\/\\\/regions-snetap-fsu.fr\\\/pdl\\\/2024\\\/03\\\/18\\\/une-delegation-du-snetap-rencontre-m-nenon-chef-du-srfd-a-propos-de-la-situation-financiere-des-epl-en-pays-de-la-loire-le-8-fevrier-2024\\\/\"]}]},{\"@type\":\"ImageObject\",\"inLanguage\":\"fr-FR\",\"@id\":\"https:\\\/\\\/regions-snetap-fsu.fr\\\/pdl\\\/2024\\\/03\\\/18\\\/une-delegation-du-snetap-rencontre-m-nenon-chef-du-srfd-a-propos-de-la-situation-financiere-des-epl-en-pays-de-la-loire-le-8-fevrier-2024\\\/#primaryimage\",\"url\":\"https:\\\/\\\/regions-snetap-fsu.fr\\\/pdl\\\/wp-content\\\/uploads\\\/sites\\\/4\\\/2024\\\/04\\\/20240208_103041-scaled.jpg\",\"contentUrl\":\"https:\\\/\\\/regions-snetap-fsu.fr\\\/pdl\\\/wp-content\\\/uploads\\\/sites\\\/4\\\/2024\\\/04\\\/20240208_103041-scaled.jpg\",\"width\":2560,\"height\":1440},{\"@type\":\"BreadcrumbList\",\"@id\":\"https:\\\/\\\/regions-snetap-fsu.fr\\\/pdl\\\/2024\\\/03\\\/18\\\/une-delegation-du-snetap-rencontre-m-nenon-chef-du-srfd-a-propos-de-la-situation-financiere-des-epl-en-pays-de-la-loire-le-8-fevrier-2024\\\/#breadcrumb\",\"itemListElement\":[{\"@type\":\"ListItem\",\"position\":1,\"name\":\"Accueil\",\"item\":\"https:\\\/\\\/regions-snetap-fsu.fr\\\/pdl\\\/\"},{\"@type\":\"ListItem\",\"position\":2,\"name\":\"Une d\u00e9l\u00e9gation du SNETAP rencontre M. NENON, Chef du SRFD, \u00e0 propos de la situation financi\u00e8re des EPL en Pays de la Loire, le 8 f\u00e9vrier 2024\"}]},{\"@type\":\"WebSite\",\"@id\":\"https:\\\/\\\/regions-snetap-fsu.fr\\\/pdl\\\/#website\",\"url\":\"https:\\\/\\\/regions-snetap-fsu.fr\\\/pdl\\\/\",\"name\":\"SNETAP-FSU PAYS DE LA LOIRE\",\"description\":\"SECTION REGIONALE\",\"publisher\":{\"@id\":\"https:\\\/\\\/regions-snetap-fsu.fr\\\/pdl\\\/#organization\"},\"potentialAction\":[{\"@type\":\"SearchAction\",\"target\":{\"@type\":\"EntryPoint\",\"urlTemplate\":\"https:\\\/\\\/regions-snetap-fsu.fr\\\/pdl\\\/?s={search_term_string}\"},\"query-input\":{\"@type\":\"PropertyValueSpecification\",\"valueRequired\":true,\"valueName\":\"search_term_string\"}}],\"inLanguage\":\"fr-FR\"},{\"@type\":\"Organization\",\"@id\":\"https:\\\/\\\/regions-snetap-fsu.fr\\\/pdl\\\/#organization\",\"name\":\"SNETAP-FSU Pays de Loire\",\"url\":\"https:\\\/\\\/regions-snetap-fsu.fr\\\/pdl\\\/\",\"logo\":{\"@type\":\"ImageObject\",\"inLanguage\":\"fr-FR\",\"@id\":\"https:\\\/\\\/regions-snetap-fsu.fr\\\/pdl\\\/#\\\/schema\\\/logo\\\/image\\\/\",\"url\":\"https:\\\/\\\/regions-snetap-fsu.fr\\\/pdl\\\/wp-content\\\/uploads\\\/sites\\\/4\\\/2020\\\/12\\\/SNETAP-Logo.jpg\",\"contentUrl\":\"https:\\\/\\\/regions-snetap-fsu.fr\\\/pdl\\\/wp-content\\\/uploads\\\/sites\\\/4\\\/2020\\\/12\\\/SNETAP-Logo.jpg\",\"width\":464,\"height\":334,\"caption\":\"SNETAP-FSU Pays de Loire\"},\"image\":{\"@id\":\"https:\\\/\\\/regions-snetap-fsu.fr\\\/pdl\\\/#\\\/schema\\\/logo\\\/image\\\/\"}},{\"@type\":\"Person\",\"@id\":\"https:\\\/\\\/regions-snetap-fsu.fr\\\/pdl\\\/#\\\/schema\\\/person\\\/d4530af043f9e8d27bdd71c468ec93b1\",\"name\":\"yvigner\",\"image\":{\"@type\":\"ImageObject\",\"inLanguage\":\"fr-FR\",\"@id\":\"https:\\\/\\\/secure.gravatar.com\\\/avatar\\\/bc72baa6f2406549aecf77a837bc4f03dbe88472c1762138f868571430a23820?s=96&d=mm&r=g\",\"url\":\"https:\\\/\\\/secure.gravatar.com\\\/avatar\\\/bc72baa6f2406549aecf77a837bc4f03dbe88472c1762138f868571430a23820?s=96&d=mm&r=g\",\"contentUrl\":\"https:\\\/\\\/secure.gravatar.com\\\/avatar\\\/bc72baa6f2406549aecf77a837bc4f03dbe88472c1762138f868571430a23820?s=96&d=mm&r=g\",\"caption\":\"yvigner\"},\"url\":\"https:\\\/\\\/regions-snetap-fsu.fr\\\/pdl\\\/author\\\/yvigner\\\/\"}]}<\/script>\n<!-- \/ Yoast SEO plugin. -->","yoast_head_json":{"title":"Une d\u00e9l\u00e9gation du SNETAP rencontre M. NENON, Chef du SRFD, \u00e0 propos de la situation financi\u00e8re des EPL en Pays de la Loire, le 8 f\u00e9vrier 2024 - PAYS DE LA LOIRE","robots":{"index":"index","follow":"follow","max-snippet":"max-snippet:-1","max-image-preview":"max-image-preview:large","max-video-preview":"max-video-preview:-1"},"canonical":"https:\/\/regions-snetap-fsu.fr\/pdl\/2024\/03\/18\/une-delegation-du-snetap-rencontre-m-nenon-chef-du-srfd-a-propos-de-la-situation-financiere-des-epl-en-pays-de-la-loire-le-8-fevrier-2024\/","og_locale":"fr_FR","og_type":"article","og_title":"Une d\u00e9l\u00e9gation du SNETAP rencontre M. NENON, Chef du SRFD, \u00e0 propos de la situation financi\u00e8re des EPL en Pays de la Loire, le 8 f\u00e9vrier 2024 - PAYS DE LA LOIRE","og_description":"En f\u00e9vrier dernier, une d\u00e9l\u00e9gation de repr\u00e9sentant.es des personnels des EPL des Pays de la Loire rencontrait le Chef du SRFD au sujet de la situation financi\u00e8re des EPL.\u00a0 Tous les EPL doivent s\u2019interroger \u00e0 moyen terme mais 3 Lyc\u00e9es sont d\u00e9j\u00e0 dans la tourmente Les Lyc\u00e9es de P\u00e9tr\u00e9, du Fresne et de Ch\u00e2teau Gontier [&hellip;]","og_url":"https:\/\/regions-snetap-fsu.fr\/pdl\/2024\/03\/18\/une-delegation-du-snetap-rencontre-m-nenon-chef-du-srfd-a-propos-de-la-situation-financiere-des-epl-en-pays-de-la-loire-le-8-fevrier-2024\/","og_site_name":"PAYS DE LA LOIRE","article_published_time":"2024-03-17T23:26:04+00:00","article_modified_time":"2024-04-17T22:38:13+00:00","og_image":[{"width":2560,"height":1440,"url":"https:\/\/regions-snetap-fsu.fr\/pdl\/wp-content\/uploads\/sites\/4\/2024\/04\/20240208_103041-scaled.jpg","type":"image\/jpeg"}],"author":"yvigner","twitter_card":"summary_large_image","twitter_misc":{"\u00c9crit par":"yvigner","Dur\u00e9e de lecture estim\u00e9e":"3 minutes"},"schema":{"@context":"https:\/\/schema.org","@graph":[{"@type":"Article","@id":"https:\/\/regions-snetap-fsu.fr\/pdl\/2024\/03\/18\/une-delegation-du-snetap-rencontre-m-nenon-chef-du-srfd-a-propos-de-la-situation-financiere-des-epl-en-pays-de-la-loire-le-8-fevrier-2024\/#article","isPartOf":{"@id":"https:\/\/regions-snetap-fsu.fr\/pdl\/2024\/03\/18\/une-delegation-du-snetap-rencontre-m-nenon-chef-du-srfd-a-propos-de-la-situation-financiere-des-epl-en-pays-de-la-loire-le-8-fevrier-2024\/"},"author":{"name":"yvigner","@id":"https:\/\/regions-snetap-fsu.fr\/pdl\/#\/schema\/person\/d4530af043f9e8d27bdd71c468ec93b1"},"headline":"Une d\u00e9l\u00e9gation du SNETAP rencontre M. NENON, Chef du SRFD, \u00e0 propos de la situation financi\u00e8re des EPL en Pays de la Loire, le 8 f\u00e9vrier 2024","datePublished":"2024-03-17T23:26:04+00:00","dateModified":"2024-04-17T22:38:13+00:00","mainEntityOfPage":{"@id":"https:\/\/regions-snetap-fsu.fr\/pdl\/2024\/03\/18\/une-delegation-du-snetap-rencontre-m-nenon-chef-du-srfd-a-propos-de-la-situation-financiere-des-epl-en-pays-de-la-loire-le-8-fevrier-2024\/"},"wordCount":706,"publisher":{"@id":"https:\/\/regions-snetap-fsu.fr\/pdl\/#organization"},"image":{"@id":"https:\/\/regions-snetap-fsu.fr\/pdl\/2024\/03\/18\/une-delegation-du-snetap-rencontre-m-nenon-chef-du-srfd-a-propos-de-la-situation-financiere-des-epl-en-pays-de-la-loire-le-8-fevrier-2024\/#primaryimage"},"thumbnailUrl":"https:\/\/regions-snetap-fsu.fr\/pdl\/wp-content\/uploads\/sites\/4\/2024\/04\/20240208_103041-scaled.jpg","articleSection":["Actions r\u00e9gionales"],"inLanguage":"fr-FR"},{"@type":"WebPage","@id":"https:\/\/regions-snetap-fsu.fr\/pdl\/2024\/03\/18\/une-delegation-du-snetap-rencontre-m-nenon-chef-du-srfd-a-propos-de-la-situation-financiere-des-epl-en-pays-de-la-loire-le-8-fevrier-2024\/","url":"https:\/\/regions-snetap-fsu.fr\/pdl\/2024\/03\/18\/une-delegation-du-snetap-rencontre-m-nenon-chef-du-srfd-a-propos-de-la-situation-financiere-des-epl-en-pays-de-la-loire-le-8-fevrier-2024\/","name":"Une d\u00e9l\u00e9gation du SNETAP rencontre M. NENON, Chef du SRFD, \u00e0 propos de la situation financi\u00e8re des EPL en Pays de la Loire, le 8 f\u00e9vrier 2024 - PAYS DE LA LOIRE","isPartOf":{"@id":"https:\/\/regions-snetap-fsu.fr\/pdl\/#website"},"primaryImageOfPage":{"@id":"https:\/\/regions-snetap-fsu.fr\/pdl\/2024\/03\/18\/une-delegation-du-snetap-rencontre-m-nenon-chef-du-srfd-a-propos-de-la-situation-financiere-des-epl-en-pays-de-la-loire-le-8-fevrier-2024\/#primaryimage"},"image":{"@id":"https:\/\/regions-snetap-fsu.fr\/pdl\/2024\/03\/18\/une-delegation-du-snetap-rencontre-m-nenon-chef-du-srfd-a-propos-de-la-situation-financiere-des-epl-en-pays-de-la-loire-le-8-fevrier-2024\/#primaryimage"},"thumbnailUrl":"https:\/\/regions-snetap-fsu.fr\/pdl\/wp-content\/uploads\/sites\/4\/2024\/04\/20240208_103041-scaled.jpg","datePublished":"2024-03-17T23:26:04+00:00","dateModified":"2024-04-17T22:38:13+00:00","breadcrumb":{"@id":"https:\/\/regions-snetap-fsu.fr\/pdl\/2024\/03\/18\/une-delegation-du-snetap-rencontre-m-nenon-chef-du-srfd-a-propos-de-la-situation-financiere-des-epl-en-pays-de-la-loire-le-8-fevrier-2024\/#breadcrumb"},"inLanguage":"fr-FR","potentialAction":[{"@type":"ReadAction","target":["https:\/\/regions-snetap-fsu.fr\/pdl\/2024\/03\/18\/une-delegation-du-snetap-rencontre-m-nenon-chef-du-srfd-a-propos-de-la-situation-financiere-des-epl-en-pays-de-la-loire-le-8-fevrier-2024\/"]}]},{"@type":"ImageObject","inLanguage":"fr-FR","@id":"https:\/\/regions-snetap-fsu.fr\/pdl\/2024\/03\/18\/une-delegation-du-snetap-rencontre-m-nenon-chef-du-srfd-a-propos-de-la-situation-financiere-des-epl-en-pays-de-la-loire-le-8-fevrier-2024\/#primaryimage","url":"https:\/\/regions-snetap-fsu.fr\/pdl\/wp-content\/uploads\/sites\/4\/2024\/04\/20240208_103041-scaled.jpg","contentUrl":"https:\/\/regions-snetap-fsu.fr\/pdl\/wp-content\/uploads\/sites\/4\/2024\/04\/20240208_103041-scaled.jpg","width":2560,"height":1440},{"@type":"BreadcrumbList","@id":"https:\/\/regions-snetap-fsu.fr\/pdl\/2024\/03\/18\/une-delegation-du-snetap-rencontre-m-nenon-chef-du-srfd-a-propos-de-la-situation-financiere-des-epl-en-pays-de-la-loire-le-8-fevrier-2024\/#breadcrumb","itemListElement":[{"@type":"ListItem","position":1,"name":"Accueil","item":"https:\/\/regions-snetap-fsu.fr\/pdl\/"},{"@type":"ListItem","position":2,"name":"Une d\u00e9l\u00e9gation du SNETAP rencontre M. NENON, Chef du SRFD, \u00e0 propos de la situation financi\u00e8re des EPL en Pays de la Loire, le 8 f\u00e9vrier 2024"}]},{"@type":"WebSite","@id":"https:\/\/regions-snetap-fsu.fr\/pdl\/#website","url":"https:\/\/regions-snetap-fsu.fr\/pdl\/","name":"SNETAP-FSU PAYS DE LA LOIRE","description":"SECTION REGIONALE","publisher":{"@id":"https:\/\/regions-snetap-fsu.fr\/pdl\/#organization"},"potentialAction":[{"@type":"SearchAction","target":{"@type":"EntryPoint","urlTemplate":"https:\/\/regions-snetap-fsu.fr\/pdl\/?s={search_term_string}"},"query-input":{"@type":"PropertyValueSpecification","valueRequired":true,"valueName":"search_term_string"}}],"inLanguage":"fr-FR"},{"@type":"Organization","@id":"https:\/\/regions-snetap-fsu.fr\/pdl\/#organization","name":"SNETAP-FSU Pays de Loire","url":"https:\/\/regions-snetap-fsu.fr\/pdl\/","logo":{"@type":"ImageObject","inLanguage":"fr-FR","@id":"https:\/\/regions-snetap-fsu.fr\/pdl\/#\/schema\/logo\/image\/","url":"https:\/\/regions-snetap-fsu.fr\/pdl\/wp-content\/uploads\/sites\/4\/2020\/12\/SNETAP-Logo.jpg","contentUrl":"https:\/\/regions-snetap-fsu.fr\/pdl\/wp-content\/uploads\/sites\/4\/2020\/12\/SNETAP-Logo.jpg","width":464,"height":334,"caption":"SNETAP-FSU Pays de Loire"},"image":{"@id":"https:\/\/regions-snetap-fsu.fr\/pdl\/#\/schema\/logo\/image\/"}},{"@type":"Person","@id":"https:\/\/regions-snetap-fsu.fr\/pdl\/#\/schema\/person\/d4530af043f9e8d27bdd71c468ec93b1","name":"yvigner","image":{"@type":"ImageObject","inLanguage":"fr-FR","@id":"https:\/\/secure.gravatar.com\/avatar\/bc72baa6f2406549aecf77a837bc4f03dbe88472c1762138f868571430a23820?s=96&d=mm&r=g","url":"https:\/\/secure.gravatar.com\/avatar\/bc72baa6f2406549aecf77a837bc4f03dbe88472c1762138f868571430a23820?s=96&d=mm&r=g","contentUrl":"https:\/\/secure.gravatar.com\/avatar\/bc72baa6f2406549aecf77a837bc4f03dbe88472c1762138f868571430a23820?s=96&d=mm&r=g","caption":"yvigner"},"url":"https:\/\/regions-snetap-fsu.fr\/pdl\/author\/yvigner\/"}]}},"_links":{"self":[{"href":"https:\/\/regions-snetap-fsu.fr\/pdl\/wp-json\/wp\/v2\/posts\/5052","targetHints":{"allow":["GET"]}}],"collection":[{"href":"https:\/\/regions-snetap-fsu.fr\/pdl\/wp-json\/wp\/v2\/posts"}],"about":[{"href":"https:\/\/regions-snetap-fsu.fr\/pdl\/wp-json\/wp\/v2\/types\/post"}],"author":[{"embeddable":true,"href":"https:\/\/regions-snetap-fsu.fr\/pdl\/wp-json\/wp\/v2\/users\/2"}],"replies":[{"embeddable":true,"href":"https:\/\/regions-snetap-fsu.fr\/pdl\/wp-json\/wp\/v2\/comments?post=5052"}],"version-history":[{"count":3,"href":"https:\/\/regions-snetap-fsu.fr\/pdl\/wp-json\/wp\/v2\/posts\/5052\/revisions"}],"predecessor-version":[{"id":5057,"href":"https:\/\/regions-snetap-fsu.fr\/pdl\/wp-json\/wp\/v2\/posts\/5052\/revisions\/5057"}],"wp:featuredmedia":[{"embeddable":true,"href":"https:\/\/regions-snetap-fsu.fr\/pdl\/wp-json\/wp\/v2\/media\/5053"}],"wp:attachment":[{"href":"https:\/\/regions-snetap-fsu.fr\/pdl\/wp-json\/wp\/v2\/media?parent=5052"}],"wp:term":[{"taxonomy":"category","embeddable":true,"href":"https:\/\/regions-snetap-fsu.fr\/pdl\/wp-json\/wp\/v2\/categories?post=5052"},{"taxonomy":"post_tag","embeddable":true,"href":"https:\/\/regions-snetap-fsu.fr\/pdl\/wp-json\/wp\/v2\/tags?post=5052"},{"taxonomy":"post_folder","embeddable":true,"href":"https:\/\/regions-snetap-fsu.fr\/pdl\/wp-json\/wp\/v2\/post_folder?post=5052"}],"curies":[{"name":"wp","href":"https:\/\/api.w.org\/{rel}","templated":true}]}}