{"id":5048,"date":"2024-03-27T11:16:29","date_gmt":"2024-03-27T10:16:29","guid":{"rendered":"https:\/\/regions-snetap-fsu.fr\/pdl\/?p=5048"},"modified":"2024-03-27T11:17:54","modified_gmt":"2024-03-27T10:17:54","slug":"aesh-lelan-commun-obtient-la-relance-du-groupe-de-travail-regional","status":"publish","type":"post","link":"https:\/\/regions-snetap-fsu.fr\/pdl\/2024\/03\/27\/aesh-lelan-commun-obtient-la-relance-du-groupe-de-travail-regional\/","title":{"rendered":"AESH, l&rsquo;ELAN COMMUN obtient la relance du groupe de travail r\u00e9gional"},"content":{"rendered":"<p style=\"text-align: justify;\"><span style=\"font-family: arial, helvetica, sans-serif;\">A l&rsquo;initiative de l&rsquo;ELAN COMMUN (SNETAP-CGT-SUD) s&rsquo;est r\u00e9uni le 12 mars dernier un groupe de travail concernant les AESH en Pays de la Loire. Ce groupe de travail \u00e9tait compos\u00e9 de 3 AESH, d&rsquo;\u00e9lu.es du CSA EA, d&rsquo;un Directeur d&rsquo;EPL et de deux repr\u00e9sentant.es du SRFD (Mme GUIGNARD et M. PICHON).<\/span><\/p>\n<p style=\"text-align: justify;\">L&rsquo;objectif principal est la r\u00e9daction d&rsquo;un VADEMECUM regroupant l&rsquo;ensemble des informations indispensables aux AESH (cadre de travail, \u00e9l\u00e9ments r\u00e8glementaires, missions des AESH, droits des AESH&#8230;). Un outil \u00e9volutif et disponible pour toutes et tous). Les repr\u00e9sentant.es de l&rsquo;ELAN COMMUN ont propos\u00e9 un premier cadre de travail qui devra \u00eatre amend\u00e9 en bin\u00f4me pour le prochain GT en fin d&rsquo;ann\u00e9e scolaire.<\/p>\n<p style=\"text-align: justify;\">Nous avons \u00e9galement lors de ce GT demand\u00e9 \u00e0 l&rsquo;autorit\u00e9 acad\u00e9mique de communiquer en direction des EPL pour repr\u00e9ciser des points majeurs des conditions de travail des AESH (par le biais d&rsquo;un courrier)<br \/>\n&#8211; <span style=\"text-decoration: underline;\"><strong>EQUIPEMENT :<\/strong><\/span> les AESH doivent recevoir et des outils pour r\u00e9aliser leurs missions (fournitures de bureau, ordinateur \u00e9ventuellement) mais aussi des EPI (\u00e9quipements de protection individuelle) lorsque l&rsquo;AESH accompagne son ou ses \u00e9l\u00e8ves en TP ou en stage. Ils sont OBLIGATOIREMENT fournis par l&rsquo;\u00e9tablissement en lien avec les\u00a0 besoins r\u00e9els<br \/>\n&#8211; <strong><span style=\"text-decoration: underline;\">REMPLACEMENT D&rsquo;UN.E AESH :<\/span> <\/strong>lors d&rsquo;un arr\u00eat de travail d&rsquo;une AESH, un avenant peut \u00eatre propos\u00e9 aux coll\u00e8gues afin d&rsquo;augmenter le nombre d&rsquo;heures d&rsquo;accompagnement et palier ainsi\u00a0 l&rsquo;absence de celle-ci aupr\u00e8s de ses \u00e9l\u00e8ves. Un contrat de remplacement peut \u00eatre propos\u00e9 \u00e0 une autre personne.<br \/>\n&#8211; <span style=\"text-decoration: underline;\"><strong>JOURS DE FRACTIONNEMENT :\u00a0<\/strong> <\/span>les AESH ont le droit \u00e0 2 jours de fractionnement<br \/>\n&#8211; <span style=\"text-decoration: underline;\"><strong>JPO :<\/strong><\/span> les JPO ne font pas parties des obligations des AESH<br \/>\n&#8211; <span style=\"text-decoration: underline;\"><strong>CCF\/ accompagnement :<\/strong><\/span> accompagner un \u00e9l\u00e8ve aux examens et accompagner les \u00e9l\u00e8ves en cours sont 2 droits qui s&rsquo;opposent. On ne peut demander \u00e0 un.e AESH de laisser son \u00e9l\u00e8ve pour r\u00e9aliser un CCF avec un autre \u00e9l\u00e8ve.<\/p>\n<p style=\"text-align: justify;\">Nous avons renouveler notre demande d&rsquo;une r\u00e9flexion r\u00e9gionale sur un poste d&rsquo;AESH r\u00e9f\u00e9rent r\u00e9gional (avec indemnit\u00e9s de fonction).<\/p>\n<p style=\"text-align: justify;\"><span style=\"font-family: arial, helvetica, sans-serif;\">Enfin, nous avons questionn\u00e9 la DRAAF sur la pr\u00e9sence inutile des AESH en fin d&rsquo;ann\u00e9e scolaire (lorsqu&rsquo;il n&rsquo;y a plus d&rsquo;\u00e9l\u00e8ves sur l&rsquo;\u00e9tablissement). <\/span><\/p>\n<p style=\"text-align: right;\"><span style=\"font-family: arial, helvetica, sans-serif;\">Nous attendons une r\u00e9ponse concr\u00e8te sur tous ces sujets,\u00a0 rapidement. &#8230;<\/span><\/p>\n<p style=\"text-align: right;\"><span style=\"text-decoration: underline;\"><span style=\"font-size: 12pt;\"><strong>Pour les repr\u00e9sentant.es ELAN COMMUN<\/strong><\/span><\/span><\/p>\n<p style=\"text-align: right;\"><span style=\"font-family: arial, helvetica, sans-serif; font-size: 10pt;\"><strong>M\u00e9lanie FROUIN, AESH-R\u00e9f\u00e9rente r\u00e9gionale SNETAP-FSU<\/strong><\/span><\/p>\n<p style=\"text-align: right;\"><span style=\"font-family: arial, helvetica, sans-serif; font-size: 10pt;\"><strong>Yoann VIGNER, co-secr\u00e9taire r\u00e9gional SNETAP-FSU<\/strong><\/span><\/p>\n<p>&nbsp;<\/p>\n","protected":false},"excerpt":{"rendered":"<p>A l&rsquo;initiative de l&rsquo;ELAN COMMUN (SNETAP-CGT-SUD) s&rsquo;est r\u00e9uni le 12 mars dernier un groupe de travail concernant les AESH en Pays de la Loire. Ce groupe de travail \u00e9tait compos\u00e9 de 3 AESH, d&rsquo;\u00e9lu.es du CSA EA, d&rsquo;un Directeur d&rsquo;EPL et de deux repr\u00e9sentant.es du SRFD (Mme GUIGNARD et M. PICHON). L&rsquo;objectif principal est la [&hellip;]<\/p>\n","protected":false},"author":2,"featured_media":0,"comment_status":"closed","ping_status":"closed","sticky":false,"template":"","format":"standard","meta":{"ocean_post_layout":"","ocean_both_sidebars_style":"","ocean_both_sidebars_content_width":0,"ocean_both_sidebars_sidebars_width":0,"ocean_sidebar":"0","ocean_second_sidebar":"0","ocean_disable_margins":"enable","ocean_add_body_class":"","ocean_shortcode_before_top_bar":"","ocean_shortcode_after_top_bar":"","ocean_shortcode_before_header":"","ocean_shortcode_after_header":"","ocean_has_shortcode":"","ocean_shortcode_after_title":"","ocean_shortcode_before_footer_widgets":"","ocean_shortcode_after_footer_widgets":"","ocean_shortcode_before_footer_bottom":"","ocean_shortcode_after_footer_bottom":"","ocean_display_top_bar":"default","ocean_display_header":"default","ocean_header_style":"","ocean_center_header_left_menu":"0","ocean_custom_header_template":"0","ocean_custom_logo":0,"ocean_custom_retina_logo":0,"ocean_custom_logo_max_width":0,"ocean_custom_logo_tablet_max_width":0,"ocean_custom_logo_mobile_max_width":0,"ocean_custom_logo_max_height":0,"ocean_custom_logo_tablet_max_height":0,"ocean_custom_logo_mobile_max_height":0,"ocean_header_custom_menu":"0","ocean_menu_typo_font_family":"0","ocean_menu_typo_font_subset":"","ocean_menu_typo_font_size":0,"ocean_menu_typo_font_size_tablet":0,"ocean_menu_typo_font_size_mobile":0,"ocean_menu_typo_font_size_unit":"px","ocean_menu_typo_font_weight":"","ocean_menu_typo_font_weight_tablet":"","ocean_menu_typo_font_weight_mobile":"","ocean_menu_typo_transform":"","ocean_menu_typo_transform_tablet":"","ocean_menu_typo_transform_mobile":"","ocean_menu_typo_line_height":0,"ocean_menu_typo_line_height_tablet":0,"ocean_menu_typo_line_height_mobile":0,"ocean_menu_typo_line_height_unit":"","ocean_menu_typo_spacing":0,"ocean_menu_typo_spacing_tablet":0,"ocean_menu_typo_spacing_mobile":0,"ocean_menu_typo_spacing_unit":"","ocean_menu_link_color":"","ocean_menu_link_color_hover":"","ocean_menu_link_color_active":"","ocean_menu_link_background":"","ocean_menu_link_hover_background":"","ocean_menu_link_active_background":"","ocean_menu_social_links_bg":"","ocean_menu_social_hover_links_bg":"","ocean_menu_social_links_color":"","ocean_menu_social_hover_links_color":"","ocean_disable_title":"default","ocean_disable_heading":"default","ocean_post_title":"","ocean_post_subheading":"","ocean_post_title_style":"","ocean_post_title_background_color":"","ocean_post_title_background":0,"ocean_post_title_bg_image_position":"","ocean_post_title_bg_image_attachment":"","ocean_post_title_bg_image_repeat":"","ocean_post_title_bg_image_size":"","ocean_post_title_height":0,"ocean_post_title_bg_overlay":0.5,"ocean_post_title_bg_overlay_color":"","ocean_disable_breadcrumbs":"default","ocean_breadcrumbs_color":"","ocean_breadcrumbs_separator_color":"","ocean_breadcrumbs_links_color":"","ocean_breadcrumbs_links_hover_color":"","ocean_display_footer_widgets":"default","ocean_display_footer_bottom":"default","ocean_custom_footer_template":"0","ocean_post_oembed":"","ocean_post_self_hosted_media":"","ocean_post_video_embed":"","ocean_link_format":"","ocean_link_format_target":"self","ocean_quote_format":"","ocean_quote_format_link":"post","ocean_gallery_link_images":"on","ocean_gallery_id":[],"footnotes":""},"categories":[37],"tags":[],"post_folder":[],"class_list":["post-5048","post","type-post","status-publish","format-standard","hentry","category-aesh","entry"],"yoast_head":"<!-- This site is optimized with the Yoast SEO plugin v27.4 - https:\/\/yoast.com\/product\/yoast-seo-wordpress\/ -->\n<title>AESH, l&#039;ELAN COMMUN obtient la relance du groupe de travail r\u00e9gional - PAYS DE LA LOIRE<\/title>\n<meta name=\"robots\" content=\"index, follow, max-snippet:-1, max-image-preview:large, max-video-preview:-1\" \/>\n<link rel=\"canonical\" href=\"https:\/\/regions-snetap-fsu.fr\/pdl\/2024\/03\/27\/aesh-lelan-commun-obtient-la-relance-du-groupe-de-travail-regional\/\" \/>\n<meta property=\"og:locale\" content=\"fr_FR\" \/>\n<meta property=\"og:type\" content=\"article\" \/>\n<meta property=\"og:title\" content=\"AESH, l&#039;ELAN COMMUN obtient la relance du groupe de travail r\u00e9gional - PAYS DE LA LOIRE\" \/>\n<meta property=\"og:description\" content=\"A l&rsquo;initiative de l&rsquo;ELAN COMMUN (SNETAP-CGT-SUD) s&rsquo;est r\u00e9uni le 12 mars dernier un groupe de travail concernant les AESH en Pays de la Loire. Ce groupe de travail \u00e9tait compos\u00e9 de 3 AESH, d&rsquo;\u00e9lu.es du CSA EA, d&rsquo;un Directeur d&rsquo;EPL et de deux repr\u00e9sentant.es du SRFD (Mme GUIGNARD et M. PICHON). L&rsquo;objectif principal est la [&hellip;]\" \/>\n<meta property=\"og:url\" content=\"https:\/\/regions-snetap-fsu.fr\/pdl\/2024\/03\/27\/aesh-lelan-commun-obtient-la-relance-du-groupe-de-travail-regional\/\" \/>\n<meta property=\"og:site_name\" content=\"PAYS DE LA LOIRE\" \/>\n<meta property=\"article:published_time\" content=\"2024-03-27T10:16:29+00:00\" \/>\n<meta property=\"article:modified_time\" content=\"2024-03-27T10:17:54+00:00\" \/>\n<meta name=\"author\" content=\"yvigner\" \/>\n<meta name=\"twitter:card\" content=\"summary_large_image\" \/>\n<meta name=\"twitter:label1\" content=\"\u00c9crit par\" \/>\n\t<meta name=\"twitter:data1\" content=\"yvigner\" \/>\n\t<meta name=\"twitter:label2\" content=\"Dur\u00e9e de lecture estim\u00e9e\" \/>\n\t<meta name=\"twitter:data2\" content=\"2 minutes\" \/>\n<script type=\"application\/ld+json\" class=\"yoast-schema-graph\">{\"@context\":\"https:\\\/\\\/schema.org\",\"@graph\":[{\"@type\":\"Article\",\"@id\":\"https:\\\/\\\/regions-snetap-fsu.fr\\\/pdl\\\/2024\\\/03\\\/27\\\/aesh-lelan-commun-obtient-la-relance-du-groupe-de-travail-regional\\\/#article\",\"isPartOf\":{\"@id\":\"https:\\\/\\\/regions-snetap-fsu.fr\\\/pdl\\\/2024\\\/03\\\/27\\\/aesh-lelan-commun-obtient-la-relance-du-groupe-de-travail-regional\\\/\"},\"author\":{\"name\":\"yvigner\",\"@id\":\"https:\\\/\\\/regions-snetap-fsu.fr\\\/pdl\\\/#\\\/schema\\\/person\\\/d4530af043f9e8d27bdd71c468ec93b1\"},\"headline\":\"AESH, l&rsquo;ELAN COMMUN obtient la relance du groupe de travail r\u00e9gional\",\"datePublished\":\"2024-03-27T10:16:29+00:00\",\"dateModified\":\"2024-03-27T10:17:54+00:00\",\"mainEntityOfPage\":{\"@id\":\"https:\\\/\\\/regions-snetap-fsu.fr\\\/pdl\\\/2024\\\/03\\\/27\\\/aesh-lelan-commun-obtient-la-relance-du-groupe-de-travail-regional\\\/\"},\"wordCount\":451,\"publisher\":{\"@id\":\"https:\\\/\\\/regions-snetap-fsu.fr\\\/pdl\\\/#organization\"},\"articleSection\":[\"AESH\"],\"inLanguage\":\"fr-FR\"},{\"@type\":\"WebPage\",\"@id\":\"https:\\\/\\\/regions-snetap-fsu.fr\\\/pdl\\\/2024\\\/03\\\/27\\\/aesh-lelan-commun-obtient-la-relance-du-groupe-de-travail-regional\\\/\",\"url\":\"https:\\\/\\\/regions-snetap-fsu.fr\\\/pdl\\\/2024\\\/03\\\/27\\\/aesh-lelan-commun-obtient-la-relance-du-groupe-de-travail-regional\\\/\",\"name\":\"AESH, l'ELAN COMMUN obtient la relance du groupe de travail r\u00e9gional - PAYS DE LA LOIRE\",\"isPartOf\":{\"@id\":\"https:\\\/\\\/regions-snetap-fsu.fr\\\/pdl\\\/#website\"},\"datePublished\":\"2024-03-27T10:16:29+00:00\",\"dateModified\":\"2024-03-27T10:17:54+00:00\",\"breadcrumb\":{\"@id\":\"https:\\\/\\\/regions-snetap-fsu.fr\\\/pdl\\\/2024\\\/03\\\/27\\\/aesh-lelan-commun-obtient-la-relance-du-groupe-de-travail-regional\\\/#breadcrumb\"},\"inLanguage\":\"fr-FR\",\"potentialAction\":[{\"@type\":\"ReadAction\",\"target\":[\"https:\\\/\\\/regions-snetap-fsu.fr\\\/pdl\\\/2024\\\/03\\\/27\\\/aesh-lelan-commun-obtient-la-relance-du-groupe-de-travail-regional\\\/\"]}]},{\"@type\":\"BreadcrumbList\",\"@id\":\"https:\\\/\\\/regions-snetap-fsu.fr\\\/pdl\\\/2024\\\/03\\\/27\\\/aesh-lelan-commun-obtient-la-relance-du-groupe-de-travail-regional\\\/#breadcrumb\",\"itemListElement\":[{\"@type\":\"ListItem\",\"position\":1,\"name\":\"Accueil\",\"item\":\"https:\\\/\\\/regions-snetap-fsu.fr\\\/pdl\\\/\"},{\"@type\":\"ListItem\",\"position\":2,\"name\":\"AESH, l&rsquo;ELAN COMMUN obtient la relance du groupe de travail r\u00e9gional\"}]},{\"@type\":\"WebSite\",\"@id\":\"https:\\\/\\\/regions-snetap-fsu.fr\\\/pdl\\\/#website\",\"url\":\"https:\\\/\\\/regions-snetap-fsu.fr\\\/pdl\\\/\",\"name\":\"SNETAP-FSU PAYS DE LA LOIRE\",\"description\":\"SECTION REGIONALE\",\"publisher\":{\"@id\":\"https:\\\/\\\/regions-snetap-fsu.fr\\\/pdl\\\/#organization\"},\"potentialAction\":[{\"@type\":\"SearchAction\",\"target\":{\"@type\":\"EntryPoint\",\"urlTemplate\":\"https:\\\/\\\/regions-snetap-fsu.fr\\\/pdl\\\/?s={search_term_string}\"},\"query-input\":{\"@type\":\"PropertyValueSpecification\",\"valueRequired\":true,\"valueName\":\"search_term_string\"}}],\"inLanguage\":\"fr-FR\"},{\"@type\":\"Organization\",\"@id\":\"https:\\\/\\\/regions-snetap-fsu.fr\\\/pdl\\\/#organization\",\"name\":\"SNETAP-FSU Pays de Loire\",\"url\":\"https:\\\/\\\/regions-snetap-fsu.fr\\\/pdl\\\/\",\"logo\":{\"@type\":\"ImageObject\",\"inLanguage\":\"fr-FR\",\"@id\":\"https:\\\/\\\/regions-snetap-fsu.fr\\\/pdl\\\/#\\\/schema\\\/logo\\\/image\\\/\",\"url\":\"https:\\\/\\\/regions-snetap-fsu.fr\\\/pdl\\\/wp-content\\\/uploads\\\/sites\\\/4\\\/2020\\\/12\\\/SNETAP-Logo.jpg\",\"contentUrl\":\"https:\\\/\\\/regions-snetap-fsu.fr\\\/pdl\\\/wp-content\\\/uploads\\\/sites\\\/4\\\/2020\\\/12\\\/SNETAP-Logo.jpg\",\"width\":464,\"height\":334,\"caption\":\"SNETAP-FSU Pays de Loire\"},\"image\":{\"@id\":\"https:\\\/\\\/regions-snetap-fsu.fr\\\/pdl\\\/#\\\/schema\\\/logo\\\/image\\\/\"}},{\"@type\":\"Person\",\"@id\":\"https:\\\/\\\/regions-snetap-fsu.fr\\\/pdl\\\/#\\\/schema\\\/person\\\/d4530af043f9e8d27bdd71c468ec93b1\",\"name\":\"yvigner\",\"image\":{\"@type\":\"ImageObject\",\"inLanguage\":\"fr-FR\",\"@id\":\"https:\\\/\\\/secure.gravatar.com\\\/avatar\\\/bc72baa6f2406549aecf77a837bc4f03dbe88472c1762138f868571430a23820?s=96&d=mm&r=g\",\"url\":\"https:\\\/\\\/secure.gravatar.com\\\/avatar\\\/bc72baa6f2406549aecf77a837bc4f03dbe88472c1762138f868571430a23820?s=96&d=mm&r=g\",\"contentUrl\":\"https:\\\/\\\/secure.gravatar.com\\\/avatar\\\/bc72baa6f2406549aecf77a837bc4f03dbe88472c1762138f868571430a23820?s=96&d=mm&r=g\",\"caption\":\"yvigner\"},\"url\":\"https:\\\/\\\/regions-snetap-fsu.fr\\\/pdl\\\/author\\\/yvigner\\\/\"}]}<\/script>\n<!-- \/ Yoast SEO plugin. -->","yoast_head_json":{"title":"AESH, l'ELAN COMMUN obtient la relance du groupe de travail r\u00e9gional - PAYS DE LA LOIRE","robots":{"index":"index","follow":"follow","max-snippet":"max-snippet:-1","max-image-preview":"max-image-preview:large","max-video-preview":"max-video-preview:-1"},"canonical":"https:\/\/regions-snetap-fsu.fr\/pdl\/2024\/03\/27\/aesh-lelan-commun-obtient-la-relance-du-groupe-de-travail-regional\/","og_locale":"fr_FR","og_type":"article","og_title":"AESH, l'ELAN COMMUN obtient la relance du groupe de travail r\u00e9gional - PAYS DE LA LOIRE","og_description":"A l&rsquo;initiative de l&rsquo;ELAN COMMUN (SNETAP-CGT-SUD) s&rsquo;est r\u00e9uni le 12 mars dernier un groupe de travail concernant les AESH en Pays de la Loire. Ce groupe de travail \u00e9tait compos\u00e9 de 3 AESH, d&rsquo;\u00e9lu.es du CSA EA, d&rsquo;un Directeur d&rsquo;EPL et de deux repr\u00e9sentant.es du SRFD (Mme GUIGNARD et M. PICHON). L&rsquo;objectif principal est la [&hellip;]","og_url":"https:\/\/regions-snetap-fsu.fr\/pdl\/2024\/03\/27\/aesh-lelan-commun-obtient-la-relance-du-groupe-de-travail-regional\/","og_site_name":"PAYS DE LA LOIRE","article_published_time":"2024-03-27T10:16:29+00:00","article_modified_time":"2024-03-27T10:17:54+00:00","author":"yvigner","twitter_card":"summary_large_image","twitter_misc":{"\u00c9crit par":"yvigner","Dur\u00e9e de lecture estim\u00e9e":"2 minutes"},"schema":{"@context":"https:\/\/schema.org","@graph":[{"@type":"Article","@id":"https:\/\/regions-snetap-fsu.fr\/pdl\/2024\/03\/27\/aesh-lelan-commun-obtient-la-relance-du-groupe-de-travail-regional\/#article","isPartOf":{"@id":"https:\/\/regions-snetap-fsu.fr\/pdl\/2024\/03\/27\/aesh-lelan-commun-obtient-la-relance-du-groupe-de-travail-regional\/"},"author":{"name":"yvigner","@id":"https:\/\/regions-snetap-fsu.fr\/pdl\/#\/schema\/person\/d4530af043f9e8d27bdd71c468ec93b1"},"headline":"AESH, l&rsquo;ELAN COMMUN obtient la relance du groupe de travail r\u00e9gional","datePublished":"2024-03-27T10:16:29+00:00","dateModified":"2024-03-27T10:17:54+00:00","mainEntityOfPage":{"@id":"https:\/\/regions-snetap-fsu.fr\/pdl\/2024\/03\/27\/aesh-lelan-commun-obtient-la-relance-du-groupe-de-travail-regional\/"},"wordCount":451,"publisher":{"@id":"https:\/\/regions-snetap-fsu.fr\/pdl\/#organization"},"articleSection":["AESH"],"inLanguage":"fr-FR"},{"@type":"WebPage","@id":"https:\/\/regions-snetap-fsu.fr\/pdl\/2024\/03\/27\/aesh-lelan-commun-obtient-la-relance-du-groupe-de-travail-regional\/","url":"https:\/\/regions-snetap-fsu.fr\/pdl\/2024\/03\/27\/aesh-lelan-commun-obtient-la-relance-du-groupe-de-travail-regional\/","name":"AESH, l'ELAN COMMUN obtient la relance du groupe de travail r\u00e9gional - PAYS DE LA LOIRE","isPartOf":{"@id":"https:\/\/regions-snetap-fsu.fr\/pdl\/#website"},"datePublished":"2024-03-27T10:16:29+00:00","dateModified":"2024-03-27T10:17:54+00:00","breadcrumb":{"@id":"https:\/\/regions-snetap-fsu.fr\/pdl\/2024\/03\/27\/aesh-lelan-commun-obtient-la-relance-du-groupe-de-travail-regional\/#breadcrumb"},"inLanguage":"fr-FR","potentialAction":[{"@type":"ReadAction","target":["https:\/\/regions-snetap-fsu.fr\/pdl\/2024\/03\/27\/aesh-lelan-commun-obtient-la-relance-du-groupe-de-travail-regional\/"]}]},{"@type":"BreadcrumbList","@id":"https:\/\/regions-snetap-fsu.fr\/pdl\/2024\/03\/27\/aesh-lelan-commun-obtient-la-relance-du-groupe-de-travail-regional\/#breadcrumb","itemListElement":[{"@type":"ListItem","position":1,"name":"Accueil","item":"https:\/\/regions-snetap-fsu.fr\/pdl\/"},{"@type":"ListItem","position":2,"name":"AESH, l&rsquo;ELAN COMMUN obtient la relance du groupe de travail r\u00e9gional"}]},{"@type":"WebSite","@id":"https:\/\/regions-snetap-fsu.fr\/pdl\/#website","url":"https:\/\/regions-snetap-fsu.fr\/pdl\/","name":"SNETAP-FSU PAYS DE LA LOIRE","description":"SECTION REGIONALE","publisher":{"@id":"https:\/\/regions-snetap-fsu.fr\/pdl\/#organization"},"potentialAction":[{"@type":"SearchAction","target":{"@type":"EntryPoint","urlTemplate":"https:\/\/regions-snetap-fsu.fr\/pdl\/?s={search_term_string}"},"query-input":{"@type":"PropertyValueSpecification","valueRequired":true,"valueName":"search_term_string"}}],"inLanguage":"fr-FR"},{"@type":"Organization","@id":"https:\/\/regions-snetap-fsu.fr\/pdl\/#organization","name":"SNETAP-FSU Pays de Loire","url":"https:\/\/regions-snetap-fsu.fr\/pdl\/","logo":{"@type":"ImageObject","inLanguage":"fr-FR","@id":"https:\/\/regions-snetap-fsu.fr\/pdl\/#\/schema\/logo\/image\/","url":"https:\/\/regions-snetap-fsu.fr\/pdl\/wp-content\/uploads\/sites\/4\/2020\/12\/SNETAP-Logo.jpg","contentUrl":"https:\/\/regions-snetap-fsu.fr\/pdl\/wp-content\/uploads\/sites\/4\/2020\/12\/SNETAP-Logo.jpg","width":464,"height":334,"caption":"SNETAP-FSU Pays de Loire"},"image":{"@id":"https:\/\/regions-snetap-fsu.fr\/pdl\/#\/schema\/logo\/image\/"}},{"@type":"Person","@id":"https:\/\/regions-snetap-fsu.fr\/pdl\/#\/schema\/person\/d4530af043f9e8d27bdd71c468ec93b1","name":"yvigner","image":{"@type":"ImageObject","inLanguage":"fr-FR","@id":"https:\/\/secure.gravatar.com\/avatar\/bc72baa6f2406549aecf77a837bc4f03dbe88472c1762138f868571430a23820?s=96&d=mm&r=g","url":"https:\/\/secure.gravatar.com\/avatar\/bc72baa6f2406549aecf77a837bc4f03dbe88472c1762138f868571430a23820?s=96&d=mm&r=g","contentUrl":"https:\/\/secure.gravatar.com\/avatar\/bc72baa6f2406549aecf77a837bc4f03dbe88472c1762138f868571430a23820?s=96&d=mm&r=g","caption":"yvigner"},"url":"https:\/\/regions-snetap-fsu.fr\/pdl\/author\/yvigner\/"}]}},"_links":{"self":[{"href":"https:\/\/regions-snetap-fsu.fr\/pdl\/wp-json\/wp\/v2\/posts\/5048","targetHints":{"allow":["GET"]}}],"collection":[{"href":"https:\/\/regions-snetap-fsu.fr\/pdl\/wp-json\/wp\/v2\/posts"}],"about":[{"href":"https:\/\/regions-snetap-fsu.fr\/pdl\/wp-json\/wp\/v2\/types\/post"}],"author":[{"embeddable":true,"href":"https:\/\/regions-snetap-fsu.fr\/pdl\/wp-json\/wp\/v2\/users\/2"}],"replies":[{"embeddable":true,"href":"https:\/\/regions-snetap-fsu.fr\/pdl\/wp-json\/wp\/v2\/comments?post=5048"}],"version-history":[{"count":3,"href":"https:\/\/regions-snetap-fsu.fr\/pdl\/wp-json\/wp\/v2\/posts\/5048\/revisions"}],"predecessor-version":[{"id":5051,"href":"https:\/\/regions-snetap-fsu.fr\/pdl\/wp-json\/wp\/v2\/posts\/5048\/revisions\/5051"}],"wp:attachment":[{"href":"https:\/\/regions-snetap-fsu.fr\/pdl\/wp-json\/wp\/v2\/media?parent=5048"}],"wp:term":[{"taxonomy":"category","embeddable":true,"href":"https:\/\/regions-snetap-fsu.fr\/pdl\/wp-json\/wp\/v2\/categories?post=5048"},{"taxonomy":"post_tag","embeddable":true,"href":"https:\/\/regions-snetap-fsu.fr\/pdl\/wp-json\/wp\/v2\/tags?post=5048"},{"taxonomy":"post_folder","embeddable":true,"href":"https:\/\/regions-snetap-fsu.fr\/pdl\/wp-json\/wp\/v2\/post_folder?post=5048"}],"curies":[{"name":"wp","href":"https:\/\/api.w.org\/{rel}","templated":true}]}}