{"id":5041,"date":"2024-01-18T23:22:45","date_gmt":"2024-01-18T22:22:45","guid":{"rendered":"https:\/\/regions-snetap-fsu.fr\/pdl\/?p=5041"},"modified":"2024-01-18T23:32:19","modified_gmt":"2024-01-18T22:32:19","slug":"la-fsu-rencontre-le-conseil-regional-des-pays-de-la-loire","status":"publish","type":"post","link":"https:\/\/regions-snetap-fsu.fr\/pdl\/2024\/01\/18\/la-fsu-rencontre-le-conseil-regional-des-pays-de-la-loire\/","title":{"rendered":"La FSU rencontre le Conseil r\u00e9gional\u00a0des Pays de la Loire"},"content":{"rendered":"<p style=\"text-align: justify;\"><span style=\"font-weight: 400;\">Une d\u00e9l\u00e9gation de 4 coll\u00e8gues (FSU 44, SNUEP-FSU, SNETAP-FSU) a rencontr\u00e9 le lundi 15 janvier, Andr\u00e9 MARTIN, vice-pr\u00e9sident du Conseil R\u00e9gional, pr\u00e9sident de la commission Jeunesse et Education.\u00a0 <\/span><span style=\"font-weight: 400;\">Il s\u2019agissait (suite \u00e0 notre demande de la rentr\u00e9e\u2026) d\u2019\u00e9changer avec les \u00e9lus de la r\u00e9gion sur les modalit\u00e9s de mise en \u0153uvre de la r\u00e9forme de la voie professionnelle dans notre r\u00e9gion et sur la situation de l&rsquo;enseignement agricole public.<\/span><\/p>\n<p style=\"text-align: justify;\"><b>R\u00e9forme de la voie pro et carte scolaire<\/b><\/p>\n<p style=\"text-align: justify;\"><span style=\"font-weight: 400;\">La FSU a rappel\u00e9 son opposition \u00e0 la future r\u00e9forme de la voie professionnelle \u00e9labor\u00e9e par le gouvernement. Elle a d\u00e9nonc\u00e9 aussi les derni\u00e8res cartes de formation d\u00e9favorables \u00e0 l\u2019enseignement public. Les menaces sur les postes sont constantes, notamment avec le mixage des formations. La FSU a \u00e9galement d\u00e9nonc\u00e9 les trop faibles d\u00e9bats, \u00e9changes sur la note de cadrage (produite conjointement entre rectorat et r\u00e9gion) qui fixe les grandes lignes pour les ouvertures\/ fermetures de classe chaque ann\u00e9e. Ce trop faible dialogue social emp\u00eache les \u00e9quipes p\u00e9dagogiques et leurs repr\u00e9sentants de donner leur avis sur la carte scolaire. <\/span><span style=\"font-weight: 400;\">M. Martin s\u2019est dit favorable \u00e0 un envoi de la note de cadrage fin du 2\u00e8me trimestre pour que les repr\u00e9sentant.es des personnels puissent donner un avis. Il nous a \u00e9galement pr\u00e9cis\u00e9 que le Conseil r\u00e9gional des Pays de la Loire r\u00e9digeait un livre blanc sur la mise en \u0153uvre de la r\u00e9forme de la voie professionnelle.\u00a0<\/span><\/p>\n<p style=\"text-align: justify;\"><b>De la n\u00e9cessit\u00e9 d\u2019appuyer plus les plateaux techniques-ateliers\u00a0 technologiques-exploitations agricoles des \u00e9tablissements<\/b><\/p>\n<p style=\"text-align: justify;\"><span style=\"font-weight: 400;\">La FSU a rappel\u00e9 l\u2019importance du maintien des emplois r\u00e9gionaux d\u2019agents magasiniers dans les lyc\u00e9es professionnels de l&rsquo;EN comme nous d\u00e9fendons le maintien des postes aux espaces verts dans les lyc\u00e9es agricoles. <\/span><span style=\"font-weight: 400;\">La FSU a d\u00e9nonc\u00e9 la v\u00e9tust\u00e9, l\u2019\u00e9tat de d\u00e9labrement, les difficult\u00e9s de certains plateaux techniques-ateliers technologiques des lyc\u00e9es agricoles. Il y a urgence \u00e0 pr\u00e9voir des moyens suppl\u00e9mentaires pour les restaurer. <\/span><span style=\"font-weight: 400;\">La r\u00e9gion entend cette revendication et s&rsquo;interroge, notamment, sur la trop grande diversit\u00e9 des ateliers sur certaines exploitations agricoles d&rsquo;\u00e9tablissement. Il n\u2019est pas certain que la sp\u00e9cialisation soit la bonne r\u00e9ponse et l\u2019enjeu premier est bien de refinancer les plateaux techniques et ateliers technologiques. <\/span><span style=\"font-weight: 400;\">Pour l\u2019enseignement agricole public, la FSU a port\u00e9 notamment l\u2019id\u00e9e d\u2019une r\u00e9flexion n\u00e9cessaire sur le statut public des salari\u00e9s d\u2019exploitation agricole dans les lyc\u00e9es.<\/span><\/p>\n<p style=\"text-align: justify;\"><b>Manuels scolaires, o\u00f9 en est-on des dotations ?\u00a0<\/b><\/p>\n<p style=\"text-align: justify;\"><span style=\"font-weight: 400;\">Certains \u00e9tablissements ont \u00e9t\u00e9 confront\u00e9s \u00e0 des refus de compl\u00e9ments de financement des manuels scolaires (dont la gratuit\u00e9 est garantie par la collectivit\u00e9). Pourtant la r\u00e9gion dit avoir provisionn\u00e9 plusieurs millions d\u2019euros pour les manuels scolaires papier (renouvellement et acquisition des nouveaux). La FSU a, \u00e9galement, rappel\u00e9 que le tout num\u00e9rique n\u2019\u00e9tait pas une solution et que les versions papier \u00e9taient encore majoritairement utilis\u00e9es dans les classes et dans les foyers pour le travail personnel.\u00a0<\/span><\/p>\n<p style=\"text-align: justify;\"><b>D\u2019ELYCO \u00e0 ELEN<\/b><span style=\"font-weight: 400;\">.<\/span><\/p>\n<p style=\"text-align: justify;\"><span style=\"font-weight: 400;\">La FSU a interrog\u00e9 la r\u00e9gion sur l\u2019ENT \u00e0 pourvoir dans les lyc\u00e9es suite \u00e0 la future fin du contrat avec Elyco. La r\u00e9gion souhaite mettre en place sa propre plate-forme (qui utilisera des outils gratuits et libres), un travail commun est engag\u00e9 avec l\u2019acad\u00e9mie de Rennes. Les d\u00e9partements de la r\u00e9gion, dans le cadre, \u00e9ventuellement, d\u2019un groupement d\u2019int\u00e9r\u00eat public, sont engag\u00e9s aussi dans ce processus. Le nom retenu pour l\u2019instant par la r\u00e9gion est ELEN. Nous avons, de nouveau, r\u00e9clam\u00e9 que les personnels soient associ\u00e9s, notamment, \u00e0 la d\u00e9finition des besoins.\u00a0<\/span><\/p>\n<p style=\"text-align: justify;\"><b>ALERTE sur les finances des EPL agricoles publics<\/b><\/p>\n<p style=\"text-align: justify;\"><span style=\"font-weight: 400;\">Enfin, la FSU est intervenue sur la situation financi\u00e8re pr\u00e9occupante de nombreux lyc\u00e9es agricoles publics. Les difficult\u00e9s sont bien structurelles notamment en lien avec les fragilit\u00e9s des exploitations agricoles, de certains CFPPA (en lien avec le financement de l\u2019appel d\u2019offre du Conseil r\u00e9gional), le prix de l\u2019\u00e9nergie\u2026 Nous avons sollicit\u00e9 la collectivit\u00e9 pour un \u00e9change sur ce sujet. Nous avons \u00e9galement rappel\u00e9 notre demande de transparence et de visibilit\u00e9 quant au financement des transports p\u00e9dagogiques pour les sorties obligatoires dans les EPL agricoles. <\/span><\/p>\n","protected":false},"excerpt":{"rendered":"<p>Une d\u00e9l\u00e9gation de 4 coll\u00e8gues (FSU 44, SNUEP-FSU, SNETAP-FSU) a rencontr\u00e9 le lundi 15 janvier, Andr\u00e9 MARTIN, vice-pr\u00e9sident du Conseil R\u00e9gional, pr\u00e9sident de la commission Jeunesse et Education.\u00a0 Il s\u2019agissait (suite \u00e0 notre demande de la rentr\u00e9e\u2026) d\u2019\u00e9changer avec les \u00e9lus de la r\u00e9gion sur les modalit\u00e9s de mise en \u0153uvre de la r\u00e9forme de [&hellip;]<\/p>\n","protected":false},"author":2,"featured_media":5042,"comment_status":"closed","ping_status":"closed","sticky":false,"template":"","format":"standard","meta":{"ocean_post_layout":"","ocean_both_sidebars_style":"","ocean_both_sidebars_content_width":0,"ocean_both_sidebars_sidebars_width":0,"ocean_sidebar":"0","ocean_second_sidebar":"0","ocean_disable_margins":"enable","ocean_add_body_class":"","ocean_shortcode_before_top_bar":"","ocean_shortcode_after_top_bar":"","ocean_shortcode_before_header":"","ocean_shortcode_after_header":"","ocean_has_shortcode":"","ocean_shortcode_after_title":"","ocean_shortcode_before_footer_widgets":"","ocean_shortcode_after_footer_widgets":"","ocean_shortcode_before_footer_bottom":"","ocean_shortcode_after_footer_bottom":"","ocean_display_top_bar":"default","ocean_display_header":"default","ocean_header_style":"","ocean_center_header_left_menu":"0","ocean_custom_header_template":"0","ocean_custom_logo":0,"ocean_custom_retina_logo":0,"ocean_custom_logo_max_width":0,"ocean_custom_logo_tablet_max_width":0,"ocean_custom_logo_mobile_max_width":0,"ocean_custom_logo_max_height":0,"ocean_custom_logo_tablet_max_height":0,"ocean_custom_logo_mobile_max_height":0,"ocean_header_custom_menu":"0","ocean_menu_typo_font_family":"0","ocean_menu_typo_font_subset":"","ocean_menu_typo_font_size":0,"ocean_menu_typo_font_size_tablet":0,"ocean_menu_typo_font_size_mobile":0,"ocean_menu_typo_font_size_unit":"px","ocean_menu_typo_font_weight":"","ocean_menu_typo_font_weight_tablet":"","ocean_menu_typo_font_weight_mobile":"","ocean_menu_typo_transform":"","ocean_menu_typo_transform_tablet":"","ocean_menu_typo_transform_mobile":"","ocean_menu_typo_line_height":0,"ocean_menu_typo_line_height_tablet":0,"ocean_menu_typo_line_height_mobile":0,"ocean_menu_typo_line_height_unit":"","ocean_menu_typo_spacing":0,"ocean_menu_typo_spacing_tablet":0,"ocean_menu_typo_spacing_mobile":0,"ocean_menu_typo_spacing_unit":"","ocean_menu_link_color":"","ocean_menu_link_color_hover":"","ocean_menu_link_color_active":"","ocean_menu_link_background":"","ocean_menu_link_hover_background":"","ocean_menu_link_active_background":"","ocean_menu_social_links_bg":"","ocean_menu_social_hover_links_bg":"","ocean_menu_social_links_color":"","ocean_menu_social_hover_links_color":"","ocean_disable_title":"default","ocean_disable_heading":"default","ocean_post_title":"","ocean_post_subheading":"","ocean_post_title_style":"","ocean_post_title_background_color":"","ocean_post_title_background":0,"ocean_post_title_bg_image_position":"","ocean_post_title_bg_image_attachment":"","ocean_post_title_bg_image_repeat":"","ocean_post_title_bg_image_size":"","ocean_post_title_height":0,"ocean_post_title_bg_overlay":0.5,"ocean_post_title_bg_overlay_color":"","ocean_disable_breadcrumbs":"default","ocean_breadcrumbs_color":"","ocean_breadcrumbs_separator_color":"","ocean_breadcrumbs_links_color":"","ocean_breadcrumbs_links_hover_color":"","ocean_display_footer_widgets":"default","ocean_display_footer_bottom":"default","ocean_custom_footer_template":"0","ocean_post_oembed":"","ocean_post_self_hosted_media":"","ocean_post_video_embed":"","ocean_link_format":"","ocean_link_format_target":"self","ocean_quote_format":"","ocean_quote_format_link":"post","ocean_gallery_link_images":"on","ocean_gallery_id":[],"footnotes":""},"categories":[7],"tags":[],"post_folder":[],"class_list":["post-5041","post","type-post","status-publish","format-standard","has-post-thumbnail","hentry","category-conseil-regional","entry","has-media"],"yoast_head":"<!-- This site is optimized with the Yoast SEO plugin v27.4 - https:\/\/yoast.com\/product\/yoast-seo-wordpress\/ -->\n<title>La FSU rencontre le Conseil r\u00e9gional\u00a0des Pays de la Loire - PAYS DE LA LOIRE<\/title>\n<meta name=\"robots\" content=\"index, follow, max-snippet:-1, max-image-preview:large, max-video-preview:-1\" \/>\n<link rel=\"canonical\" href=\"https:\/\/regions-snetap-fsu.fr\/pdl\/2024\/01\/18\/la-fsu-rencontre-le-conseil-regional-des-pays-de-la-loire\/\" \/>\n<meta property=\"og:locale\" content=\"fr_FR\" \/>\n<meta property=\"og:type\" content=\"article\" \/>\n<meta property=\"og:title\" content=\"La FSU rencontre le Conseil r\u00e9gional\u00a0des Pays de la Loire - PAYS DE LA LOIRE\" \/>\n<meta property=\"og:description\" content=\"Une d\u00e9l\u00e9gation de 4 coll\u00e8gues (FSU 44, SNUEP-FSU, SNETAP-FSU) a rencontr\u00e9 le lundi 15 janvier, Andr\u00e9 MARTIN, vice-pr\u00e9sident du Conseil R\u00e9gional, pr\u00e9sident de la commission Jeunesse et Education.\u00a0 Il s\u2019agissait (suite \u00e0 notre demande de la rentr\u00e9e\u2026) d\u2019\u00e9changer avec les \u00e9lus de la r\u00e9gion sur les modalit\u00e9s de mise en \u0153uvre de la r\u00e9forme de [&hellip;]\" \/>\n<meta property=\"og:url\" content=\"https:\/\/regions-snetap-fsu.fr\/pdl\/2024\/01\/18\/la-fsu-rencontre-le-conseil-regional-des-pays-de-la-loire\/\" \/>\n<meta property=\"og:site_name\" content=\"PAYS DE LA LOIRE\" \/>\n<meta property=\"article:published_time\" content=\"2024-01-18T22:22:45+00:00\" \/>\n<meta property=\"article:modified_time\" content=\"2024-01-18T22:32:19+00:00\" \/>\n<meta property=\"og:image\" content=\"https:\/\/regions-snetap-fsu.fr\/pdl\/wp-content\/uploads\/sites\/4\/2024\/01\/20240115_153342-scaled.jpg\" \/>\n\t<meta property=\"og:image:width\" content=\"1440\" \/>\n\t<meta property=\"og:image:height\" content=\"2560\" \/>\n\t<meta property=\"og:image:type\" content=\"image\/jpeg\" \/>\n<meta name=\"author\" content=\"yvigner\" \/>\n<meta name=\"twitter:card\" content=\"summary_large_image\" \/>\n<meta name=\"twitter:label1\" content=\"\u00c9crit par\" \/>\n\t<meta name=\"twitter:data1\" content=\"yvigner\" \/>\n\t<meta name=\"twitter:label2\" content=\"Dur\u00e9e de lecture estim\u00e9e\" \/>\n\t<meta name=\"twitter:data2\" content=\"4 minutes\" \/>\n<script type=\"application\/ld+json\" class=\"yoast-schema-graph\">{\"@context\":\"https:\\\/\\\/schema.org\",\"@graph\":[{\"@type\":\"Article\",\"@id\":\"https:\\\/\\\/regions-snetap-fsu.fr\\\/pdl\\\/2024\\\/01\\\/18\\\/la-fsu-rencontre-le-conseil-regional-des-pays-de-la-loire\\\/#article\",\"isPartOf\":{\"@id\":\"https:\\\/\\\/regions-snetap-fsu.fr\\\/pdl\\\/2024\\\/01\\\/18\\\/la-fsu-rencontre-le-conseil-regional-des-pays-de-la-loire\\\/\"},\"author\":{\"name\":\"yvigner\",\"@id\":\"https:\\\/\\\/regions-snetap-fsu.fr\\\/pdl\\\/#\\\/schema\\\/person\\\/d4530af043f9e8d27bdd71c468ec93b1\"},\"headline\":\"La FSU rencontre le Conseil r\u00e9gional\u00a0des Pays de la Loire\",\"datePublished\":\"2024-01-18T22:22:45+00:00\",\"dateModified\":\"2024-01-18T22:32:19+00:00\",\"mainEntityOfPage\":{\"@id\":\"https:\\\/\\\/regions-snetap-fsu.fr\\\/pdl\\\/2024\\\/01\\\/18\\\/la-fsu-rencontre-le-conseil-regional-des-pays-de-la-loire\\\/\"},\"wordCount\":746,\"publisher\":{\"@id\":\"https:\\\/\\\/regions-snetap-fsu.fr\\\/pdl\\\/#organization\"},\"image\":{\"@id\":\"https:\\\/\\\/regions-snetap-fsu.fr\\\/pdl\\\/2024\\\/01\\\/18\\\/la-fsu-rencontre-le-conseil-regional-des-pays-de-la-loire\\\/#primaryimage\"},\"thumbnailUrl\":\"https:\\\/\\\/regions-snetap-fsu.fr\\\/pdl\\\/wp-content\\\/uploads\\\/sites\\\/4\\\/2024\\\/01\\\/20240115_153342-scaled.jpg\",\"articleSection\":[\"Conseil r\u00e9gional\"],\"inLanguage\":\"fr-FR\"},{\"@type\":\"WebPage\",\"@id\":\"https:\\\/\\\/regions-snetap-fsu.fr\\\/pdl\\\/2024\\\/01\\\/18\\\/la-fsu-rencontre-le-conseil-regional-des-pays-de-la-loire\\\/\",\"url\":\"https:\\\/\\\/regions-snetap-fsu.fr\\\/pdl\\\/2024\\\/01\\\/18\\\/la-fsu-rencontre-le-conseil-regional-des-pays-de-la-loire\\\/\",\"name\":\"La FSU rencontre le Conseil r\u00e9gional\u00a0des Pays de la Loire - PAYS DE LA LOIRE\",\"isPartOf\":{\"@id\":\"https:\\\/\\\/regions-snetap-fsu.fr\\\/pdl\\\/#website\"},\"primaryImageOfPage\":{\"@id\":\"https:\\\/\\\/regions-snetap-fsu.fr\\\/pdl\\\/2024\\\/01\\\/18\\\/la-fsu-rencontre-le-conseil-regional-des-pays-de-la-loire\\\/#primaryimage\"},\"image\":{\"@id\":\"https:\\\/\\\/regions-snetap-fsu.fr\\\/pdl\\\/2024\\\/01\\\/18\\\/la-fsu-rencontre-le-conseil-regional-des-pays-de-la-loire\\\/#primaryimage\"},\"thumbnailUrl\":\"https:\\\/\\\/regions-snetap-fsu.fr\\\/pdl\\\/wp-content\\\/uploads\\\/sites\\\/4\\\/2024\\\/01\\\/20240115_153342-scaled.jpg\",\"datePublished\":\"2024-01-18T22:22:45+00:00\",\"dateModified\":\"2024-01-18T22:32:19+00:00\",\"breadcrumb\":{\"@id\":\"https:\\\/\\\/regions-snetap-fsu.fr\\\/pdl\\\/2024\\\/01\\\/18\\\/la-fsu-rencontre-le-conseil-regional-des-pays-de-la-loire\\\/#breadcrumb\"},\"inLanguage\":\"fr-FR\",\"potentialAction\":[{\"@type\":\"ReadAction\",\"target\":[\"https:\\\/\\\/regions-snetap-fsu.fr\\\/pdl\\\/2024\\\/01\\\/18\\\/la-fsu-rencontre-le-conseil-regional-des-pays-de-la-loire\\\/\"]}]},{\"@type\":\"ImageObject\",\"inLanguage\":\"fr-FR\",\"@id\":\"https:\\\/\\\/regions-snetap-fsu.fr\\\/pdl\\\/2024\\\/01\\\/18\\\/la-fsu-rencontre-le-conseil-regional-des-pays-de-la-loire\\\/#primaryimage\",\"url\":\"https:\\\/\\\/regions-snetap-fsu.fr\\\/pdl\\\/wp-content\\\/uploads\\\/sites\\\/4\\\/2024\\\/01\\\/20240115_153342-scaled.jpg\",\"contentUrl\":\"https:\\\/\\\/regions-snetap-fsu.fr\\\/pdl\\\/wp-content\\\/uploads\\\/sites\\\/4\\\/2024\\\/01\\\/20240115_153342-scaled.jpg\",\"width\":1440,\"height\":2560,\"caption\":\"Rencontre Conseil r\u00e9gional 18\\\/01\\\/24\"},{\"@type\":\"BreadcrumbList\",\"@id\":\"https:\\\/\\\/regions-snetap-fsu.fr\\\/pdl\\\/2024\\\/01\\\/18\\\/la-fsu-rencontre-le-conseil-regional-des-pays-de-la-loire\\\/#breadcrumb\",\"itemListElement\":[{\"@type\":\"ListItem\",\"position\":1,\"name\":\"Accueil\",\"item\":\"https:\\\/\\\/regions-snetap-fsu.fr\\\/pdl\\\/\"},{\"@type\":\"ListItem\",\"position\":2,\"name\":\"La FSU rencontre le Conseil r\u00e9gional\u00a0des Pays de la Loire\"}]},{\"@type\":\"WebSite\",\"@id\":\"https:\\\/\\\/regions-snetap-fsu.fr\\\/pdl\\\/#website\",\"url\":\"https:\\\/\\\/regions-snetap-fsu.fr\\\/pdl\\\/\",\"name\":\"SNETAP-FSU PAYS DE LA LOIRE\",\"description\":\"SECTION REGIONALE\",\"publisher\":{\"@id\":\"https:\\\/\\\/regions-snetap-fsu.fr\\\/pdl\\\/#organization\"},\"potentialAction\":[{\"@type\":\"SearchAction\",\"target\":{\"@type\":\"EntryPoint\",\"urlTemplate\":\"https:\\\/\\\/regions-snetap-fsu.fr\\\/pdl\\\/?s={search_term_string}\"},\"query-input\":{\"@type\":\"PropertyValueSpecification\",\"valueRequired\":true,\"valueName\":\"search_term_string\"}}],\"inLanguage\":\"fr-FR\"},{\"@type\":\"Organization\",\"@id\":\"https:\\\/\\\/regions-snetap-fsu.fr\\\/pdl\\\/#organization\",\"name\":\"SNETAP-FSU Pays de Loire\",\"url\":\"https:\\\/\\\/regions-snetap-fsu.fr\\\/pdl\\\/\",\"logo\":{\"@type\":\"ImageObject\",\"inLanguage\":\"fr-FR\",\"@id\":\"https:\\\/\\\/regions-snetap-fsu.fr\\\/pdl\\\/#\\\/schema\\\/logo\\\/image\\\/\",\"url\":\"https:\\\/\\\/regions-snetap-fsu.fr\\\/pdl\\\/wp-content\\\/uploads\\\/sites\\\/4\\\/2020\\\/12\\\/SNETAP-Logo.jpg\",\"contentUrl\":\"https:\\\/\\\/regions-snetap-fsu.fr\\\/pdl\\\/wp-content\\\/uploads\\\/sites\\\/4\\\/2020\\\/12\\\/SNETAP-Logo.jpg\",\"width\":464,\"height\":334,\"caption\":\"SNETAP-FSU Pays de Loire\"},\"image\":{\"@id\":\"https:\\\/\\\/regions-snetap-fsu.fr\\\/pdl\\\/#\\\/schema\\\/logo\\\/image\\\/\"}},{\"@type\":\"Person\",\"@id\":\"https:\\\/\\\/regions-snetap-fsu.fr\\\/pdl\\\/#\\\/schema\\\/person\\\/d4530af043f9e8d27bdd71c468ec93b1\",\"name\":\"yvigner\",\"image\":{\"@type\":\"ImageObject\",\"inLanguage\":\"fr-FR\",\"@id\":\"https:\\\/\\\/secure.gravatar.com\\\/avatar\\\/bc72baa6f2406549aecf77a837bc4f03dbe88472c1762138f868571430a23820?s=96&d=mm&r=g\",\"url\":\"https:\\\/\\\/secure.gravatar.com\\\/avatar\\\/bc72baa6f2406549aecf77a837bc4f03dbe88472c1762138f868571430a23820?s=96&d=mm&r=g\",\"contentUrl\":\"https:\\\/\\\/secure.gravatar.com\\\/avatar\\\/bc72baa6f2406549aecf77a837bc4f03dbe88472c1762138f868571430a23820?s=96&d=mm&r=g\",\"caption\":\"yvigner\"},\"url\":\"https:\\\/\\\/regions-snetap-fsu.fr\\\/pdl\\\/author\\\/yvigner\\\/\"}]}<\/script>\n<!-- \/ Yoast SEO plugin. -->","yoast_head_json":{"title":"La FSU rencontre le Conseil r\u00e9gional\u00a0des Pays de la Loire - PAYS DE LA LOIRE","robots":{"index":"index","follow":"follow","max-snippet":"max-snippet:-1","max-image-preview":"max-image-preview:large","max-video-preview":"max-video-preview:-1"},"canonical":"https:\/\/regions-snetap-fsu.fr\/pdl\/2024\/01\/18\/la-fsu-rencontre-le-conseil-regional-des-pays-de-la-loire\/","og_locale":"fr_FR","og_type":"article","og_title":"La FSU rencontre le Conseil r\u00e9gional\u00a0des Pays de la Loire - PAYS DE LA LOIRE","og_description":"Une d\u00e9l\u00e9gation de 4 coll\u00e8gues (FSU 44, SNUEP-FSU, SNETAP-FSU) a rencontr\u00e9 le lundi 15 janvier, Andr\u00e9 MARTIN, vice-pr\u00e9sident du Conseil R\u00e9gional, pr\u00e9sident de la commission Jeunesse et Education.\u00a0 Il s\u2019agissait (suite \u00e0 notre demande de la rentr\u00e9e\u2026) d\u2019\u00e9changer avec les \u00e9lus de la r\u00e9gion sur les modalit\u00e9s de mise en \u0153uvre de la r\u00e9forme de [&hellip;]","og_url":"https:\/\/regions-snetap-fsu.fr\/pdl\/2024\/01\/18\/la-fsu-rencontre-le-conseil-regional-des-pays-de-la-loire\/","og_site_name":"PAYS DE LA LOIRE","article_published_time":"2024-01-18T22:22:45+00:00","article_modified_time":"2024-01-18T22:32:19+00:00","og_image":[{"width":1440,"height":2560,"url":"https:\/\/regions-snetap-fsu.fr\/pdl\/wp-content\/uploads\/sites\/4\/2024\/01\/20240115_153342-scaled.jpg","type":"image\/jpeg"}],"author":"yvigner","twitter_card":"summary_large_image","twitter_misc":{"\u00c9crit par":"yvigner","Dur\u00e9e de lecture estim\u00e9e":"4 minutes"},"schema":{"@context":"https:\/\/schema.org","@graph":[{"@type":"Article","@id":"https:\/\/regions-snetap-fsu.fr\/pdl\/2024\/01\/18\/la-fsu-rencontre-le-conseil-regional-des-pays-de-la-loire\/#article","isPartOf":{"@id":"https:\/\/regions-snetap-fsu.fr\/pdl\/2024\/01\/18\/la-fsu-rencontre-le-conseil-regional-des-pays-de-la-loire\/"},"author":{"name":"yvigner","@id":"https:\/\/regions-snetap-fsu.fr\/pdl\/#\/schema\/person\/d4530af043f9e8d27bdd71c468ec93b1"},"headline":"La FSU rencontre le Conseil r\u00e9gional\u00a0des Pays de la Loire","datePublished":"2024-01-18T22:22:45+00:00","dateModified":"2024-01-18T22:32:19+00:00","mainEntityOfPage":{"@id":"https:\/\/regions-snetap-fsu.fr\/pdl\/2024\/01\/18\/la-fsu-rencontre-le-conseil-regional-des-pays-de-la-loire\/"},"wordCount":746,"publisher":{"@id":"https:\/\/regions-snetap-fsu.fr\/pdl\/#organization"},"image":{"@id":"https:\/\/regions-snetap-fsu.fr\/pdl\/2024\/01\/18\/la-fsu-rencontre-le-conseil-regional-des-pays-de-la-loire\/#primaryimage"},"thumbnailUrl":"https:\/\/regions-snetap-fsu.fr\/pdl\/wp-content\/uploads\/sites\/4\/2024\/01\/20240115_153342-scaled.jpg","articleSection":["Conseil r\u00e9gional"],"inLanguage":"fr-FR"},{"@type":"WebPage","@id":"https:\/\/regions-snetap-fsu.fr\/pdl\/2024\/01\/18\/la-fsu-rencontre-le-conseil-regional-des-pays-de-la-loire\/","url":"https:\/\/regions-snetap-fsu.fr\/pdl\/2024\/01\/18\/la-fsu-rencontre-le-conseil-regional-des-pays-de-la-loire\/","name":"La FSU rencontre le Conseil r\u00e9gional\u00a0des Pays de la Loire - PAYS DE LA LOIRE","isPartOf":{"@id":"https:\/\/regions-snetap-fsu.fr\/pdl\/#website"},"primaryImageOfPage":{"@id":"https:\/\/regions-snetap-fsu.fr\/pdl\/2024\/01\/18\/la-fsu-rencontre-le-conseil-regional-des-pays-de-la-loire\/#primaryimage"},"image":{"@id":"https:\/\/regions-snetap-fsu.fr\/pdl\/2024\/01\/18\/la-fsu-rencontre-le-conseil-regional-des-pays-de-la-loire\/#primaryimage"},"thumbnailUrl":"https:\/\/regions-snetap-fsu.fr\/pdl\/wp-content\/uploads\/sites\/4\/2024\/01\/20240115_153342-scaled.jpg","datePublished":"2024-01-18T22:22:45+00:00","dateModified":"2024-01-18T22:32:19+00:00","breadcrumb":{"@id":"https:\/\/regions-snetap-fsu.fr\/pdl\/2024\/01\/18\/la-fsu-rencontre-le-conseil-regional-des-pays-de-la-loire\/#breadcrumb"},"inLanguage":"fr-FR","potentialAction":[{"@type":"ReadAction","target":["https:\/\/regions-snetap-fsu.fr\/pdl\/2024\/01\/18\/la-fsu-rencontre-le-conseil-regional-des-pays-de-la-loire\/"]}]},{"@type":"ImageObject","inLanguage":"fr-FR","@id":"https:\/\/regions-snetap-fsu.fr\/pdl\/2024\/01\/18\/la-fsu-rencontre-le-conseil-regional-des-pays-de-la-loire\/#primaryimage","url":"https:\/\/regions-snetap-fsu.fr\/pdl\/wp-content\/uploads\/sites\/4\/2024\/01\/20240115_153342-scaled.jpg","contentUrl":"https:\/\/regions-snetap-fsu.fr\/pdl\/wp-content\/uploads\/sites\/4\/2024\/01\/20240115_153342-scaled.jpg","width":1440,"height":2560,"caption":"Rencontre Conseil r\u00e9gional 18\/01\/24"},{"@type":"BreadcrumbList","@id":"https:\/\/regions-snetap-fsu.fr\/pdl\/2024\/01\/18\/la-fsu-rencontre-le-conseil-regional-des-pays-de-la-loire\/#breadcrumb","itemListElement":[{"@type":"ListItem","position":1,"name":"Accueil","item":"https:\/\/regions-snetap-fsu.fr\/pdl\/"},{"@type":"ListItem","position":2,"name":"La FSU rencontre le Conseil r\u00e9gional\u00a0des Pays de la Loire"}]},{"@type":"WebSite","@id":"https:\/\/regions-snetap-fsu.fr\/pdl\/#website","url":"https:\/\/regions-snetap-fsu.fr\/pdl\/","name":"SNETAP-FSU PAYS DE LA LOIRE","description":"SECTION REGIONALE","publisher":{"@id":"https:\/\/regions-snetap-fsu.fr\/pdl\/#organization"},"potentialAction":[{"@type":"SearchAction","target":{"@type":"EntryPoint","urlTemplate":"https:\/\/regions-snetap-fsu.fr\/pdl\/?s={search_term_string}"},"query-input":{"@type":"PropertyValueSpecification","valueRequired":true,"valueName":"search_term_string"}}],"inLanguage":"fr-FR"},{"@type":"Organization","@id":"https:\/\/regions-snetap-fsu.fr\/pdl\/#organization","name":"SNETAP-FSU Pays de Loire","url":"https:\/\/regions-snetap-fsu.fr\/pdl\/","logo":{"@type":"ImageObject","inLanguage":"fr-FR","@id":"https:\/\/regions-snetap-fsu.fr\/pdl\/#\/schema\/logo\/image\/","url":"https:\/\/regions-snetap-fsu.fr\/pdl\/wp-content\/uploads\/sites\/4\/2020\/12\/SNETAP-Logo.jpg","contentUrl":"https:\/\/regions-snetap-fsu.fr\/pdl\/wp-content\/uploads\/sites\/4\/2020\/12\/SNETAP-Logo.jpg","width":464,"height":334,"caption":"SNETAP-FSU Pays de Loire"},"image":{"@id":"https:\/\/regions-snetap-fsu.fr\/pdl\/#\/schema\/logo\/image\/"}},{"@type":"Person","@id":"https:\/\/regions-snetap-fsu.fr\/pdl\/#\/schema\/person\/d4530af043f9e8d27bdd71c468ec93b1","name":"yvigner","image":{"@type":"ImageObject","inLanguage":"fr-FR","@id":"https:\/\/secure.gravatar.com\/avatar\/bc72baa6f2406549aecf77a837bc4f03dbe88472c1762138f868571430a23820?s=96&d=mm&r=g","url":"https:\/\/secure.gravatar.com\/avatar\/bc72baa6f2406549aecf77a837bc4f03dbe88472c1762138f868571430a23820?s=96&d=mm&r=g","contentUrl":"https:\/\/secure.gravatar.com\/avatar\/bc72baa6f2406549aecf77a837bc4f03dbe88472c1762138f868571430a23820?s=96&d=mm&r=g","caption":"yvigner"},"url":"https:\/\/regions-snetap-fsu.fr\/pdl\/author\/yvigner\/"}]}},"_links":{"self":[{"href":"https:\/\/regions-snetap-fsu.fr\/pdl\/wp-json\/wp\/v2\/posts\/5041","targetHints":{"allow":["GET"]}}],"collection":[{"href":"https:\/\/regions-snetap-fsu.fr\/pdl\/wp-json\/wp\/v2\/posts"}],"about":[{"href":"https:\/\/regions-snetap-fsu.fr\/pdl\/wp-json\/wp\/v2\/types\/post"}],"author":[{"embeddable":true,"href":"https:\/\/regions-snetap-fsu.fr\/pdl\/wp-json\/wp\/v2\/users\/2"}],"replies":[{"embeddable":true,"href":"https:\/\/regions-snetap-fsu.fr\/pdl\/wp-json\/wp\/v2\/comments?post=5041"}],"version-history":[{"count":4,"href":"https:\/\/regions-snetap-fsu.fr\/pdl\/wp-json\/wp\/v2\/posts\/5041\/revisions"}],"predecessor-version":[{"id":5046,"href":"https:\/\/regions-snetap-fsu.fr\/pdl\/wp-json\/wp\/v2\/posts\/5041\/revisions\/5046"}],"wp:featuredmedia":[{"embeddable":true,"href":"https:\/\/regions-snetap-fsu.fr\/pdl\/wp-json\/wp\/v2\/media\/5042"}],"wp:attachment":[{"href":"https:\/\/regions-snetap-fsu.fr\/pdl\/wp-json\/wp\/v2\/media?parent=5041"}],"wp:term":[{"taxonomy":"category","embeddable":true,"href":"https:\/\/regions-snetap-fsu.fr\/pdl\/wp-json\/wp\/v2\/categories?post=5041"},{"taxonomy":"post_tag","embeddable":true,"href":"https:\/\/regions-snetap-fsu.fr\/pdl\/wp-json\/wp\/v2\/tags?post=5041"},{"taxonomy":"post_folder","embeddable":true,"href":"https:\/\/regions-snetap-fsu.fr\/pdl\/wp-json\/wp\/v2\/post_folder?post=5041"}],"curies":[{"name":"wp","href":"https:\/\/api.w.org\/{rel}","templated":true}]}}