{"id":4984,"date":"2023-09-27T18:16:48","date_gmt":"2023-09-27T16:16:48","guid":{"rendered":"https:\/\/regions-snetap-fsu.fr\/pdl\/?p=4984"},"modified":"2023-12-13T16:27:11","modified_gmt":"2023-12-13T15:27:11","slug":"preavis-de-greve-au-lpa-de-brette-les-pins-le-3-octobre-2023","status":"publish","type":"post","link":"https:\/\/regions-snetap-fsu.fr\/pdl\/2023\/09\/27\/preavis-de-greve-au-lpa-de-brette-les-pins-le-3-octobre-2023\/","title":{"rendered":"Pr\u00e9avis de gr\u00e8ve au LPA de Brette Les Pins le 3 octobre 2023"},"content":{"rendered":"<div class=\"crayon article-chapo-8369 chapo surlignable crayon-init crayon-autorise\">\n<p>Monsieur le ministre de l\u2019Agriculture et de la Souverainet\u00e9 alimentaire<br class=\"autobr\" \/>Madame la pr\u00e9sidente du Conseil R\u00e9gional des Pays de la Loire<\/p>\n<p>Monsieur le Ministre,<br class=\"autobr\" \/>Madame La pr\u00e9sidente du Conseil r\u00e9gional des Pays de la Loire<\/p>\n<p>Par le pr\u00e9sent message, le SNETAP-<a class=\"cs_glossaire\" href=\"https:\/\/www.snetap-fsu.fr\/+-FSU-+.html\" name=\"mot96_0\"><span class=\"gl_mot\">FSU<\/span><\/a>\u00a0vous informe qu\u2019il d\u00e9pose \u00e0 la demande des personnels du lyc\u00e9e agricole de Brette les Pins un pr\u00e9avis de gr\u00e8ve le mardi 3 octobre 2023<\/p>\n<\/div>\n<div class=\"crayon article-texte-8369 texte surlignable clearfix crayon-init crayon-autorise crayon-hover\">\n<p>Les personnels de l\u2019\u00e9tablissement entendent d\u00e9noncer une situation aujourd\u2019hui intenable\u00a0: des<br class=\"autobr\" \/>\u00e9l\u00e8ves sans enseignant\u2022es et un lyc\u00e9e qui fonctionne en mode d\u00e9grad\u00e9\u00a0; Des enseignant\u2022es recrut\u00e9\u00b7esqui ne peuvent pas \u00eatre devant les \u00e9l\u00e8ves\u00a0; Un service administratif sans secr\u00e9taire g\u00e9n\u00e9ral, des agent\u00b7es sous tension\u00a0; un plein temps toujours manquant sur le service m\u00e9nage\/entretien, des conditions de travail d\u00e9grad\u00e9es.<\/p>\n<p>Les personnels de l\u2019\u00e9tablissement font le constat que, presque un mois apr\u00e8s la rentr\u00e9e, de trop<br class=\"autobr\" \/>nombreux postes non pourvus sont toujours vacants. Tous les services sont impact\u00e9s et la situation devient intenable.<\/p>\n<p>Sur le lyc\u00e9e de Brette 3 enseignant\u00b7es manquent toujours \u00e0 l\u2019appel\u00a0: un enseignant d\u2019<a class=\"cs_glossaire\" href=\"https:\/\/www.snetap-fsu.fr\/+-EPS-+.html\" name=\"mot83_0\"><span class=\"gl_mot\">EPS<\/span><\/a>\u00a0\u00e0 50%, de Sc.Eco \u00e0 100% et de math\u00e9matiques \u00e0 100%\u00a0!<br class=\"autobr\" \/>Sur un \u00e9tablissement de la taille de Brette les Pins, avec une \u00e9quipe enseignante r\u00e9duite, l\u2019impact est \u00e9norme.<br class=\"autobr\" \/>Pour la classe de troisi\u00e8me en particulier, 5 modules sont concern\u00e9s par les enseignant\u00b7es manquant\u00b7es, soit environ 30% du temps sans professeur depuis bient\u00f4t 4 semaines pour des \u00e9l\u00e8ves qui ont d\u00e9j\u00e0 du mal \u00e0 se mettre au travail. Le service de vie scolaire est lui aussi fortement impact\u00e9 par toutes ces absences.<\/p>\n<p>Cette situation est d\u2019autant plus aberrante que tous les enseignant\u00b7es sont recrut\u00e9\u00b7es (dont 1 avant la rentr\u00e9e) mais ne peuvent pas intervenir, faute d\u2019autorisation de recrutement et\/ou de contrat\u00a0!<\/p>\n<p>Nous demandons simplement que des contrats soit sign\u00e9s pour que ces 3 personnes puissent prendre leurs postes.<\/p>\n<p>De la m\u00eame fa\u00e7on, le poste central de secr\u00e9taire g\u00e9n\u00e9ral est vacant depuis la fin du mois d\u2019ao\u00fbt. L\u00e0 encore, un agent est recrut\u00e9 mais ne peut prendre ses fonctions pour des raisons administratives. Tous les services sont affect\u00e9s par la situation.<\/p>\n<p>Depuis un mois la charge de travail est r\u00e9partie sur la direction et les agents du service. Des agent\u00b7es de cat\u00e9gories C se retrouvent avec des t\u00e2ches suppl\u00e9mentaires qui sont loin de correspondre \u00e0 leur niveau de r\u00e9mun\u00e9ration. De plus, rien n\u2019est pr\u00e9vu pour valoriser ce travail suppl\u00e9mentaire et le temps pass\u00e9 \u00e0 r\u00e9aliser ce surplus de travail l\u2019est au d\u00e9pend des t\u00e2ches habituelles&#8230;qui restent \u00e0 faire\u00a0!<\/p>\n<div class=\"texteencadre-spip spip\">\n<p>Nous demandons\u00a0:<\/p>\n<ul class=\"spip\">\n<li>\u00a0qu\u2019une solution administrative soit mise en place pour que la personne recrut\u00e9e puisse prendre ses fonctions.<\/li>\n<li>\u00a0qu\u2019une solution soit trouv\u00e9e pour valoriser le travail des agent\u00b7es ayant compens\u00e9 le travail du<br class=\"autobr\" \/>secr\u00e9taire g\u00e9n\u00e9ral<\/li>\n<\/ul>\n<p>Depuis un certain temps un agent en m\u00e9nage et un agent d\u2019entretien ne peuvent plus effectuer la totalit\u00e9 de leur service pour raison m\u00e9dicale. Un mi-temps d\u2019entretien et un mi-temps m\u00e9nage sont concern\u00e9s. Jusqu\u2019au mois de juin 2023, le Conseil R\u00e9gional avait recrut\u00e9 un agent qui effectuait ces 2 mi-temps. Depuis la rentr\u00e9e 2023 plus personne ne vient compl\u00e9ter l\u2019\u00e9quipe. La situation qui \u00e9tait d\u00e9j\u00e0 tr\u00e8s tendue devient intenable au quotidien, voire impossible quand un\u00b7e agent\u00b7e s\u2019absente.<\/p>\n<p>Nous demandons qu\u2019un\u00b7e agent\u00b7e soit recrut\u00e9\u00b7e pour compenser les 2 mi-temps manquants.<br class=\"autobr\" \/>Si la situation ne revient pas tr\u00e8s rapidement \u00e0 la normale les personnels se mettront en gr\u00e8ve.<\/p>\n<p>Soyez assur\u00e9.es, mesdames, messieurs, une nouvelle fois, de notre d\u00e9termination \u00e0 mettre tout en \u0153uvre pour que le\u00a0<a class=\"cs_glossaire\" href=\"https:\/\/www.snetap-fsu.fr\/+-LPA-+.html\" name=\"mot107_1\"><span class=\"gl_mot\">LPA<\/span><\/a>\u00a0retrouve une ambiance saine et apais\u00e9e.<\/p>\n<\/div>\n<p style=\"text-align: right;\"><strong>Pour le secr\u00e9tariat g\u00e9n\u00e9ral<\/strong><br class=\"autobr\" \/><strong>Fabrice Cardon, Secr\u00e9taire G\u00e9n\u00e9ral adjoint de la vie syndicale SNETAP-<a class=\"cs_glossaire\" href=\"https:\/\/www.snetap-fsu.fr\/+-FSU-+.html\" name=\"mot96_2\"><span class=\"gl_mot\">FSU<\/span><\/a><\/strong><\/p>\n<\/div>\n","protected":false},"excerpt":{"rendered":"<p>Monsieur le ministre de l\u2019Agriculture et de la Souverainet\u00e9 alimentaireMadame la pr\u00e9sidente du Conseil R\u00e9gional des Pays de la Loire Monsieur le Ministre,Madame La pr\u00e9sidente du Conseil r\u00e9gional des Pays de la Loire Par le pr\u00e9sent message, le SNETAP-FSU\u00a0vous informe qu\u2019il d\u00e9pose \u00e0 la demande des personnels du lyc\u00e9e agricole de Brette les Pins un [&hellip;]<\/p>\n","protected":false},"author":2,"featured_media":5023,"comment_status":"closed","ping_status":"closed","sticky":false,"template":"","format":"standard","meta":{"ocean_post_layout":"","ocean_both_sidebars_style":"","ocean_both_sidebars_content_width":0,"ocean_both_sidebars_sidebars_width":0,"ocean_sidebar":"0","ocean_second_sidebar":"0","ocean_disable_margins":"enable","ocean_add_body_class":"","ocean_shortcode_before_top_bar":"","ocean_shortcode_after_top_bar":"","ocean_shortcode_before_header":"","ocean_shortcode_after_header":"","ocean_has_shortcode":"","ocean_shortcode_after_title":"","ocean_shortcode_before_footer_widgets":"","ocean_shortcode_after_footer_widgets":"","ocean_shortcode_before_footer_bottom":"","ocean_shortcode_after_footer_bottom":"","ocean_display_top_bar":"default","ocean_display_header":"default","ocean_header_style":"","ocean_center_header_left_menu":"0","ocean_custom_header_template":"0","ocean_custom_logo":0,"ocean_custom_retina_logo":0,"ocean_custom_logo_max_width":0,"ocean_custom_logo_tablet_max_width":0,"ocean_custom_logo_mobile_max_width":0,"ocean_custom_logo_max_height":0,"ocean_custom_logo_tablet_max_height":0,"ocean_custom_logo_mobile_max_height":0,"ocean_header_custom_menu":"0","ocean_menu_typo_font_family":"0","ocean_menu_typo_font_subset":"","ocean_menu_typo_font_size":0,"ocean_menu_typo_font_size_tablet":0,"ocean_menu_typo_font_size_mobile":0,"ocean_menu_typo_font_size_unit":"px","ocean_menu_typo_font_weight":"","ocean_menu_typo_font_weight_tablet":"","ocean_menu_typo_font_weight_mobile":"","ocean_menu_typo_transform":"","ocean_menu_typo_transform_tablet":"","ocean_menu_typo_transform_mobile":"","ocean_menu_typo_line_height":0,"ocean_menu_typo_line_height_tablet":0,"ocean_menu_typo_line_height_mobile":0,"ocean_menu_typo_line_height_unit":"","ocean_menu_typo_spacing":0,"ocean_menu_typo_spacing_tablet":0,"ocean_menu_typo_spacing_mobile":0,"ocean_menu_typo_spacing_unit":"","ocean_menu_link_color":"","ocean_menu_link_color_hover":"","ocean_menu_link_color_active":"","ocean_menu_link_background":"","ocean_menu_link_hover_background":"","ocean_menu_link_active_background":"","ocean_menu_social_links_bg":"","ocean_menu_social_hover_links_bg":"","ocean_menu_social_links_color":"","ocean_menu_social_hover_links_color":"","ocean_disable_title":"default","ocean_disable_heading":"default","ocean_post_title":"","ocean_post_subheading":"","ocean_post_title_style":"","ocean_post_title_background_color":"","ocean_post_title_background":0,"ocean_post_title_bg_image_position":"","ocean_post_title_bg_image_attachment":"","ocean_post_title_bg_image_repeat":"","ocean_post_title_bg_image_size":"","ocean_post_title_height":0,"ocean_post_title_bg_overlay":0.5,"ocean_post_title_bg_overlay_color":"","ocean_disable_breadcrumbs":"default","ocean_breadcrumbs_color":"","ocean_breadcrumbs_separator_color":"","ocean_breadcrumbs_links_color":"","ocean_breadcrumbs_links_hover_color":"","ocean_display_footer_widgets":"default","ocean_display_footer_bottom":"default","ocean_custom_footer_template":"0","ocean_post_oembed":"","ocean_post_self_hosted_media":"","ocean_post_video_embed":"","ocean_link_format":"","ocean_link_format_target":"self","ocean_quote_format":"","ocean_quote_format_link":"post","ocean_gallery_link_images":"on","ocean_gallery_id":[],"footnotes":""},"categories":[22],"tags":[],"post_folder":[],"class_list":["post-4984","post","type-post","status-publish","format-standard","has-post-thumbnail","hentry","category-brette-les-pins","entry","has-media"],"yoast_head":"<!-- This site is optimized with the Yoast SEO plugin v27.4 - https:\/\/yoast.com\/product\/yoast-seo-wordpress\/ -->\n<title>Pr\u00e9avis de gr\u00e8ve au LPA de Brette Les Pins le 3 octobre 2023 - PAYS DE LA LOIRE<\/title>\n<meta name=\"robots\" content=\"index, follow, max-snippet:-1, max-image-preview:large, max-video-preview:-1\" \/>\n<link rel=\"canonical\" href=\"https:\/\/regions-snetap-fsu.fr\/pdl\/2023\/09\/27\/preavis-de-greve-au-lpa-de-brette-les-pins-le-3-octobre-2023\/\" \/>\n<meta property=\"og:locale\" content=\"fr_FR\" \/>\n<meta property=\"og:type\" content=\"article\" \/>\n<meta property=\"og:title\" content=\"Pr\u00e9avis de gr\u00e8ve au LPA de Brette Les Pins le 3 octobre 2023 - PAYS DE LA LOIRE\" \/>\n<meta property=\"og:description\" content=\"Monsieur le ministre de l\u2019Agriculture et de la Souverainet\u00e9 alimentaireMadame la pr\u00e9sidente du Conseil R\u00e9gional des Pays de la Loire Monsieur le Ministre,Madame La pr\u00e9sidente du Conseil r\u00e9gional des Pays de la Loire Par le pr\u00e9sent message, le SNETAP-FSU\u00a0vous informe qu\u2019il d\u00e9pose \u00e0 la demande des personnels du lyc\u00e9e agricole de Brette les Pins un [&hellip;]\" \/>\n<meta property=\"og:url\" content=\"https:\/\/regions-snetap-fsu.fr\/pdl\/2023\/09\/27\/preavis-de-greve-au-lpa-de-brette-les-pins-le-3-octobre-2023\/\" \/>\n<meta property=\"og:site_name\" content=\"PAYS DE LA LOIRE\" \/>\n<meta property=\"article:published_time\" content=\"2023-09-27T16:16:48+00:00\" \/>\n<meta property=\"article:modified_time\" content=\"2023-12-13T15:27:11+00:00\" \/>\n<meta property=\"og:image\" content=\"https:\/\/regions-snetap-fsu.fr\/pdl\/wp-content\/uploads\/sites\/4\/2023\/09\/telechargement.jpg\" \/>\n\t<meta property=\"og:image:width\" content=\"259\" \/>\n\t<meta property=\"og:image:height\" content=\"194\" \/>\n\t<meta property=\"og:image:type\" content=\"image\/jpeg\" \/>\n<meta name=\"author\" content=\"yvigner\" \/>\n<meta name=\"twitter:card\" content=\"summary_large_image\" \/>\n<meta name=\"twitter:label1\" content=\"\u00c9crit par\" \/>\n\t<meta name=\"twitter:data1\" content=\"yvigner\" \/>\n\t<meta name=\"twitter:label2\" content=\"Dur\u00e9e de lecture estim\u00e9e\" \/>\n\t<meta name=\"twitter:data2\" content=\"3 minutes\" \/>\n<script type=\"application\/ld+json\" class=\"yoast-schema-graph\">{\"@context\":\"https:\\\/\\\/schema.org\",\"@graph\":[{\"@type\":\"Article\",\"@id\":\"https:\\\/\\\/regions-snetap-fsu.fr\\\/pdl\\\/2023\\\/09\\\/27\\\/preavis-de-greve-au-lpa-de-brette-les-pins-le-3-octobre-2023\\\/#article\",\"isPartOf\":{\"@id\":\"https:\\\/\\\/regions-snetap-fsu.fr\\\/pdl\\\/2023\\\/09\\\/27\\\/preavis-de-greve-au-lpa-de-brette-les-pins-le-3-octobre-2023\\\/\"},\"author\":{\"name\":\"yvigner\",\"@id\":\"https:\\\/\\\/regions-snetap-fsu.fr\\\/pdl\\\/#\\\/schema\\\/person\\\/d4530af043f9e8d27bdd71c468ec93b1\"},\"headline\":\"Pr\u00e9avis de gr\u00e8ve au LPA de Brette Les Pins le 3 octobre 2023\",\"datePublished\":\"2023-09-27T16:16:48+00:00\",\"dateModified\":\"2023-12-13T15:27:11+00:00\",\"mainEntityOfPage\":{\"@id\":\"https:\\\/\\\/regions-snetap-fsu.fr\\\/pdl\\\/2023\\\/09\\\/27\\\/preavis-de-greve-au-lpa-de-brette-les-pins-le-3-octobre-2023\\\/\"},\"wordCount\":689,\"publisher\":{\"@id\":\"https:\\\/\\\/regions-snetap-fsu.fr\\\/pdl\\\/#organization\"},\"image\":{\"@id\":\"https:\\\/\\\/regions-snetap-fsu.fr\\\/pdl\\\/2023\\\/09\\\/27\\\/preavis-de-greve-au-lpa-de-brette-les-pins-le-3-octobre-2023\\\/#primaryimage\"},\"thumbnailUrl\":\"https:\\\/\\\/regions-snetap-fsu.fr\\\/pdl\\\/wp-content\\\/uploads\\\/sites\\\/4\\\/2023\\\/09\\\/telechargement.jpg\",\"articleSection\":[\"Brette les Pins\"],\"inLanguage\":\"fr-FR\"},{\"@type\":\"WebPage\",\"@id\":\"https:\\\/\\\/regions-snetap-fsu.fr\\\/pdl\\\/2023\\\/09\\\/27\\\/preavis-de-greve-au-lpa-de-brette-les-pins-le-3-octobre-2023\\\/\",\"url\":\"https:\\\/\\\/regions-snetap-fsu.fr\\\/pdl\\\/2023\\\/09\\\/27\\\/preavis-de-greve-au-lpa-de-brette-les-pins-le-3-octobre-2023\\\/\",\"name\":\"Pr\u00e9avis de gr\u00e8ve au LPA de Brette Les Pins le 3 octobre 2023 - PAYS DE LA LOIRE\",\"isPartOf\":{\"@id\":\"https:\\\/\\\/regions-snetap-fsu.fr\\\/pdl\\\/#website\"},\"primaryImageOfPage\":{\"@id\":\"https:\\\/\\\/regions-snetap-fsu.fr\\\/pdl\\\/2023\\\/09\\\/27\\\/preavis-de-greve-au-lpa-de-brette-les-pins-le-3-octobre-2023\\\/#primaryimage\"},\"image\":{\"@id\":\"https:\\\/\\\/regions-snetap-fsu.fr\\\/pdl\\\/2023\\\/09\\\/27\\\/preavis-de-greve-au-lpa-de-brette-les-pins-le-3-octobre-2023\\\/#primaryimage\"},\"thumbnailUrl\":\"https:\\\/\\\/regions-snetap-fsu.fr\\\/pdl\\\/wp-content\\\/uploads\\\/sites\\\/4\\\/2023\\\/09\\\/telechargement.jpg\",\"datePublished\":\"2023-09-27T16:16:48+00:00\",\"dateModified\":\"2023-12-13T15:27:11+00:00\",\"breadcrumb\":{\"@id\":\"https:\\\/\\\/regions-snetap-fsu.fr\\\/pdl\\\/2023\\\/09\\\/27\\\/preavis-de-greve-au-lpa-de-brette-les-pins-le-3-octobre-2023\\\/#breadcrumb\"},\"inLanguage\":\"fr-FR\",\"potentialAction\":[{\"@type\":\"ReadAction\",\"target\":[\"https:\\\/\\\/regions-snetap-fsu.fr\\\/pdl\\\/2023\\\/09\\\/27\\\/preavis-de-greve-au-lpa-de-brette-les-pins-le-3-octobre-2023\\\/\"]}]},{\"@type\":\"ImageObject\",\"inLanguage\":\"fr-FR\",\"@id\":\"https:\\\/\\\/regions-snetap-fsu.fr\\\/pdl\\\/2023\\\/09\\\/27\\\/preavis-de-greve-au-lpa-de-brette-les-pins-le-3-octobre-2023\\\/#primaryimage\",\"url\":\"https:\\\/\\\/regions-snetap-fsu.fr\\\/pdl\\\/wp-content\\\/uploads\\\/sites\\\/4\\\/2023\\\/09\\\/telechargement.jpg\",\"contentUrl\":\"https:\\\/\\\/regions-snetap-fsu.fr\\\/pdl\\\/wp-content\\\/uploads\\\/sites\\\/4\\\/2023\\\/09\\\/telechargement.jpg\",\"width\":259,\"height\":194},{\"@type\":\"BreadcrumbList\",\"@id\":\"https:\\\/\\\/regions-snetap-fsu.fr\\\/pdl\\\/2023\\\/09\\\/27\\\/preavis-de-greve-au-lpa-de-brette-les-pins-le-3-octobre-2023\\\/#breadcrumb\",\"itemListElement\":[{\"@type\":\"ListItem\",\"position\":1,\"name\":\"Accueil\",\"item\":\"https:\\\/\\\/regions-snetap-fsu.fr\\\/pdl\\\/\"},{\"@type\":\"ListItem\",\"position\":2,\"name\":\"Pr\u00e9avis de gr\u00e8ve au LPA de Brette Les Pins le 3 octobre 2023\"}]},{\"@type\":\"WebSite\",\"@id\":\"https:\\\/\\\/regions-snetap-fsu.fr\\\/pdl\\\/#website\",\"url\":\"https:\\\/\\\/regions-snetap-fsu.fr\\\/pdl\\\/\",\"name\":\"SNETAP-FSU PAYS DE LA LOIRE\",\"description\":\"SECTION REGIONALE\",\"publisher\":{\"@id\":\"https:\\\/\\\/regions-snetap-fsu.fr\\\/pdl\\\/#organization\"},\"potentialAction\":[{\"@type\":\"SearchAction\",\"target\":{\"@type\":\"EntryPoint\",\"urlTemplate\":\"https:\\\/\\\/regions-snetap-fsu.fr\\\/pdl\\\/?s={search_term_string}\"},\"query-input\":{\"@type\":\"PropertyValueSpecification\",\"valueRequired\":true,\"valueName\":\"search_term_string\"}}],\"inLanguage\":\"fr-FR\"},{\"@type\":\"Organization\",\"@id\":\"https:\\\/\\\/regions-snetap-fsu.fr\\\/pdl\\\/#organization\",\"name\":\"SNETAP-FSU Pays de Loire\",\"url\":\"https:\\\/\\\/regions-snetap-fsu.fr\\\/pdl\\\/\",\"logo\":{\"@type\":\"ImageObject\",\"inLanguage\":\"fr-FR\",\"@id\":\"https:\\\/\\\/regions-snetap-fsu.fr\\\/pdl\\\/#\\\/schema\\\/logo\\\/image\\\/\",\"url\":\"https:\\\/\\\/regions-snetap-fsu.fr\\\/pdl\\\/wp-content\\\/uploads\\\/sites\\\/4\\\/2020\\\/12\\\/SNETAP-Logo.jpg\",\"contentUrl\":\"https:\\\/\\\/regions-snetap-fsu.fr\\\/pdl\\\/wp-content\\\/uploads\\\/sites\\\/4\\\/2020\\\/12\\\/SNETAP-Logo.jpg\",\"width\":464,\"height\":334,\"caption\":\"SNETAP-FSU Pays de Loire\"},\"image\":{\"@id\":\"https:\\\/\\\/regions-snetap-fsu.fr\\\/pdl\\\/#\\\/schema\\\/logo\\\/image\\\/\"}},{\"@type\":\"Person\",\"@id\":\"https:\\\/\\\/regions-snetap-fsu.fr\\\/pdl\\\/#\\\/schema\\\/person\\\/d4530af043f9e8d27bdd71c468ec93b1\",\"name\":\"yvigner\",\"image\":{\"@type\":\"ImageObject\",\"inLanguage\":\"fr-FR\",\"@id\":\"https:\\\/\\\/secure.gravatar.com\\\/avatar\\\/bc72baa6f2406549aecf77a837bc4f03dbe88472c1762138f868571430a23820?s=96&d=mm&r=g\",\"url\":\"https:\\\/\\\/secure.gravatar.com\\\/avatar\\\/bc72baa6f2406549aecf77a837bc4f03dbe88472c1762138f868571430a23820?s=96&d=mm&r=g\",\"contentUrl\":\"https:\\\/\\\/secure.gravatar.com\\\/avatar\\\/bc72baa6f2406549aecf77a837bc4f03dbe88472c1762138f868571430a23820?s=96&d=mm&r=g\",\"caption\":\"yvigner\"},\"url\":\"https:\\\/\\\/regions-snetap-fsu.fr\\\/pdl\\\/author\\\/yvigner\\\/\"}]}<\/script>\n<!-- \/ Yoast SEO plugin. -->","yoast_head_json":{"title":"Pr\u00e9avis de gr\u00e8ve au LPA de Brette Les Pins le 3 octobre 2023 - PAYS DE LA LOIRE","robots":{"index":"index","follow":"follow","max-snippet":"max-snippet:-1","max-image-preview":"max-image-preview:large","max-video-preview":"max-video-preview:-1"},"canonical":"https:\/\/regions-snetap-fsu.fr\/pdl\/2023\/09\/27\/preavis-de-greve-au-lpa-de-brette-les-pins-le-3-octobre-2023\/","og_locale":"fr_FR","og_type":"article","og_title":"Pr\u00e9avis de gr\u00e8ve au LPA de Brette Les Pins le 3 octobre 2023 - PAYS DE LA LOIRE","og_description":"Monsieur le ministre de l\u2019Agriculture et de la Souverainet\u00e9 alimentaireMadame la pr\u00e9sidente du Conseil R\u00e9gional des Pays de la Loire Monsieur le Ministre,Madame La pr\u00e9sidente du Conseil r\u00e9gional des Pays de la Loire Par le pr\u00e9sent message, le SNETAP-FSU\u00a0vous informe qu\u2019il d\u00e9pose \u00e0 la demande des personnels du lyc\u00e9e agricole de Brette les Pins un [&hellip;]","og_url":"https:\/\/regions-snetap-fsu.fr\/pdl\/2023\/09\/27\/preavis-de-greve-au-lpa-de-brette-les-pins-le-3-octobre-2023\/","og_site_name":"PAYS DE LA LOIRE","article_published_time":"2023-09-27T16:16:48+00:00","article_modified_time":"2023-12-13T15:27:11+00:00","og_image":[{"width":259,"height":194,"url":"https:\/\/regions-snetap-fsu.fr\/pdl\/wp-content\/uploads\/sites\/4\/2023\/09\/telechargement.jpg","type":"image\/jpeg"}],"author":"yvigner","twitter_card":"summary_large_image","twitter_misc":{"\u00c9crit par":"yvigner","Dur\u00e9e de lecture estim\u00e9e":"3 minutes"},"schema":{"@context":"https:\/\/schema.org","@graph":[{"@type":"Article","@id":"https:\/\/regions-snetap-fsu.fr\/pdl\/2023\/09\/27\/preavis-de-greve-au-lpa-de-brette-les-pins-le-3-octobre-2023\/#article","isPartOf":{"@id":"https:\/\/regions-snetap-fsu.fr\/pdl\/2023\/09\/27\/preavis-de-greve-au-lpa-de-brette-les-pins-le-3-octobre-2023\/"},"author":{"name":"yvigner","@id":"https:\/\/regions-snetap-fsu.fr\/pdl\/#\/schema\/person\/d4530af043f9e8d27bdd71c468ec93b1"},"headline":"Pr\u00e9avis de gr\u00e8ve au LPA de Brette Les Pins le 3 octobre 2023","datePublished":"2023-09-27T16:16:48+00:00","dateModified":"2023-12-13T15:27:11+00:00","mainEntityOfPage":{"@id":"https:\/\/regions-snetap-fsu.fr\/pdl\/2023\/09\/27\/preavis-de-greve-au-lpa-de-brette-les-pins-le-3-octobre-2023\/"},"wordCount":689,"publisher":{"@id":"https:\/\/regions-snetap-fsu.fr\/pdl\/#organization"},"image":{"@id":"https:\/\/regions-snetap-fsu.fr\/pdl\/2023\/09\/27\/preavis-de-greve-au-lpa-de-brette-les-pins-le-3-octobre-2023\/#primaryimage"},"thumbnailUrl":"https:\/\/regions-snetap-fsu.fr\/pdl\/wp-content\/uploads\/sites\/4\/2023\/09\/telechargement.jpg","articleSection":["Brette les Pins"],"inLanguage":"fr-FR"},{"@type":"WebPage","@id":"https:\/\/regions-snetap-fsu.fr\/pdl\/2023\/09\/27\/preavis-de-greve-au-lpa-de-brette-les-pins-le-3-octobre-2023\/","url":"https:\/\/regions-snetap-fsu.fr\/pdl\/2023\/09\/27\/preavis-de-greve-au-lpa-de-brette-les-pins-le-3-octobre-2023\/","name":"Pr\u00e9avis de gr\u00e8ve au LPA de Brette Les Pins le 3 octobre 2023 - PAYS DE LA LOIRE","isPartOf":{"@id":"https:\/\/regions-snetap-fsu.fr\/pdl\/#website"},"primaryImageOfPage":{"@id":"https:\/\/regions-snetap-fsu.fr\/pdl\/2023\/09\/27\/preavis-de-greve-au-lpa-de-brette-les-pins-le-3-octobre-2023\/#primaryimage"},"image":{"@id":"https:\/\/regions-snetap-fsu.fr\/pdl\/2023\/09\/27\/preavis-de-greve-au-lpa-de-brette-les-pins-le-3-octobre-2023\/#primaryimage"},"thumbnailUrl":"https:\/\/regions-snetap-fsu.fr\/pdl\/wp-content\/uploads\/sites\/4\/2023\/09\/telechargement.jpg","datePublished":"2023-09-27T16:16:48+00:00","dateModified":"2023-12-13T15:27:11+00:00","breadcrumb":{"@id":"https:\/\/regions-snetap-fsu.fr\/pdl\/2023\/09\/27\/preavis-de-greve-au-lpa-de-brette-les-pins-le-3-octobre-2023\/#breadcrumb"},"inLanguage":"fr-FR","potentialAction":[{"@type":"ReadAction","target":["https:\/\/regions-snetap-fsu.fr\/pdl\/2023\/09\/27\/preavis-de-greve-au-lpa-de-brette-les-pins-le-3-octobre-2023\/"]}]},{"@type":"ImageObject","inLanguage":"fr-FR","@id":"https:\/\/regions-snetap-fsu.fr\/pdl\/2023\/09\/27\/preavis-de-greve-au-lpa-de-brette-les-pins-le-3-octobre-2023\/#primaryimage","url":"https:\/\/regions-snetap-fsu.fr\/pdl\/wp-content\/uploads\/sites\/4\/2023\/09\/telechargement.jpg","contentUrl":"https:\/\/regions-snetap-fsu.fr\/pdl\/wp-content\/uploads\/sites\/4\/2023\/09\/telechargement.jpg","width":259,"height":194},{"@type":"BreadcrumbList","@id":"https:\/\/regions-snetap-fsu.fr\/pdl\/2023\/09\/27\/preavis-de-greve-au-lpa-de-brette-les-pins-le-3-octobre-2023\/#breadcrumb","itemListElement":[{"@type":"ListItem","position":1,"name":"Accueil","item":"https:\/\/regions-snetap-fsu.fr\/pdl\/"},{"@type":"ListItem","position":2,"name":"Pr\u00e9avis de gr\u00e8ve au LPA de Brette Les Pins le 3 octobre 2023"}]},{"@type":"WebSite","@id":"https:\/\/regions-snetap-fsu.fr\/pdl\/#website","url":"https:\/\/regions-snetap-fsu.fr\/pdl\/","name":"SNETAP-FSU PAYS DE LA LOIRE","description":"SECTION REGIONALE","publisher":{"@id":"https:\/\/regions-snetap-fsu.fr\/pdl\/#organization"},"potentialAction":[{"@type":"SearchAction","target":{"@type":"EntryPoint","urlTemplate":"https:\/\/regions-snetap-fsu.fr\/pdl\/?s={search_term_string}"},"query-input":{"@type":"PropertyValueSpecification","valueRequired":true,"valueName":"search_term_string"}}],"inLanguage":"fr-FR"},{"@type":"Organization","@id":"https:\/\/regions-snetap-fsu.fr\/pdl\/#organization","name":"SNETAP-FSU Pays de Loire","url":"https:\/\/regions-snetap-fsu.fr\/pdl\/","logo":{"@type":"ImageObject","inLanguage":"fr-FR","@id":"https:\/\/regions-snetap-fsu.fr\/pdl\/#\/schema\/logo\/image\/","url":"https:\/\/regions-snetap-fsu.fr\/pdl\/wp-content\/uploads\/sites\/4\/2020\/12\/SNETAP-Logo.jpg","contentUrl":"https:\/\/regions-snetap-fsu.fr\/pdl\/wp-content\/uploads\/sites\/4\/2020\/12\/SNETAP-Logo.jpg","width":464,"height":334,"caption":"SNETAP-FSU Pays de Loire"},"image":{"@id":"https:\/\/regions-snetap-fsu.fr\/pdl\/#\/schema\/logo\/image\/"}},{"@type":"Person","@id":"https:\/\/regions-snetap-fsu.fr\/pdl\/#\/schema\/person\/d4530af043f9e8d27bdd71c468ec93b1","name":"yvigner","image":{"@type":"ImageObject","inLanguage":"fr-FR","@id":"https:\/\/secure.gravatar.com\/avatar\/bc72baa6f2406549aecf77a837bc4f03dbe88472c1762138f868571430a23820?s=96&d=mm&r=g","url":"https:\/\/secure.gravatar.com\/avatar\/bc72baa6f2406549aecf77a837bc4f03dbe88472c1762138f868571430a23820?s=96&d=mm&r=g","contentUrl":"https:\/\/secure.gravatar.com\/avatar\/bc72baa6f2406549aecf77a837bc4f03dbe88472c1762138f868571430a23820?s=96&d=mm&r=g","caption":"yvigner"},"url":"https:\/\/regions-snetap-fsu.fr\/pdl\/author\/yvigner\/"}]}},"_links":{"self":[{"href":"https:\/\/regions-snetap-fsu.fr\/pdl\/wp-json\/wp\/v2\/posts\/4984","targetHints":{"allow":["GET"]}}],"collection":[{"href":"https:\/\/regions-snetap-fsu.fr\/pdl\/wp-json\/wp\/v2\/posts"}],"about":[{"href":"https:\/\/regions-snetap-fsu.fr\/pdl\/wp-json\/wp\/v2\/types\/post"}],"author":[{"embeddable":true,"href":"https:\/\/regions-snetap-fsu.fr\/pdl\/wp-json\/wp\/v2\/users\/2"}],"replies":[{"embeddable":true,"href":"https:\/\/regions-snetap-fsu.fr\/pdl\/wp-json\/wp\/v2\/comments?post=4984"}],"version-history":[{"count":2,"href":"https:\/\/regions-snetap-fsu.fr\/pdl\/wp-json\/wp\/v2\/posts\/4984\/revisions"}],"predecessor-version":[{"id":5024,"href":"https:\/\/regions-snetap-fsu.fr\/pdl\/wp-json\/wp\/v2\/posts\/4984\/revisions\/5024"}],"wp:featuredmedia":[{"embeddable":true,"href":"https:\/\/regions-snetap-fsu.fr\/pdl\/wp-json\/wp\/v2\/media\/5023"}],"wp:attachment":[{"href":"https:\/\/regions-snetap-fsu.fr\/pdl\/wp-json\/wp\/v2\/media?parent=4984"}],"wp:term":[{"taxonomy":"category","embeddable":true,"href":"https:\/\/regions-snetap-fsu.fr\/pdl\/wp-json\/wp\/v2\/categories?post=4984"},{"taxonomy":"post_tag","embeddable":true,"href":"https:\/\/regions-snetap-fsu.fr\/pdl\/wp-json\/wp\/v2\/tags?post=4984"},{"taxonomy":"post_folder","embeddable":true,"href":"https:\/\/regions-snetap-fsu.fr\/pdl\/wp-json\/wp\/v2\/post_folder?post=4984"}],"curies":[{"name":"wp","href":"https:\/\/api.w.org\/{rel}","templated":true}]}}