{"id":4882,"date":"2023-04-25T12:26:29","date_gmt":"2023-04-25T10:26:29","guid":{"rendered":"https:\/\/regions-snetap-fsu.fr\/pdl\/?p=4882"},"modified":"2023-05-27T19:35:46","modified_gmt":"2023-05-27T17:35:46","slug":"former-de-futur-es-agricultrices-et-agriculteurs-en-mayenne-il-y-a-urgence","status":"publish","type":"post","link":"https:\/\/regions-snetap-fsu.fr\/pdl\/2023\/04\/25\/former-de-futur-es-agricultrices-et-agriculteurs-en-mayenne-il-y-a-urgence\/","title":{"rendered":"Former de futur.es agricultrices et agriculteurs en Mayenne, il y a URGENCE ! Lettre ouverte au Ministre de l&rsquo;Agriculture et \u00e0 la Pr\u00e9sidente du Conseil r\u00e9gional"},"content":{"rendered":"<p align=\"center\"><strong><span style=\"font-family: Arial, serif;\"><span style=\"font-size: x-large;\">Former de futur.es agricultrices et agriculteurs en Mayenne, <\/span><\/span><span style=\"font-family: Arial, serif;\"><span style=\"font-size: x-large;\">il y a URGENCE !<\/span><\/span><\/strong><\/p>\n<p style=\"text-align: left;\" align=\"right\"><span style=\"font-size: 18pt;\"><strong><span style=\"font-family: arial, helvetica, sans-serif;\">LETTRE OUVERTE&#8230; des Mayennais.es soulignent l&rsquo;URGENCE.<\/span><\/strong><\/span><\/p>\n<p align=\"right\"><span style=\"font-family: Arial, sans-serif;\"><span style=\"font-size: medium;\">A Monsieur le Ministre de l\u2019Agriculture<\/span><\/span><\/p>\n<p align=\"right\"><span style=\"font-family: Arial, sans-serif;\"><span style=\"font-size: medium;\">A Madame la Pr\u00e9sidente de r\u00e9gion, <\/span><\/span><\/p>\n<p align=\"right\"><span style=\"font-family: Arial, sans-serif;\"><span style=\"font-size: medium;\">A Madame la Directrice R\u00e9gionale de l\u2019agriculture, de l\u2019alimentation et de la for\u00eat,<\/span><\/span><\/p>\n<p align=\"justify\"><span style=\"font-family: Arial, sans-serif;\"><span style=\"font-size: medium;\">A l\u2019heure o\u00f9 30\u00a0% des chefs d\u2019exploitation sont \u00e2g\u00e9s de plus de 55\u00a0ans, <\/span><\/span><\/p>\n<p align=\"justify\"><span style=\"font-family: Arial, sans-serif;\"><span style=\"font-size: medium;\"><span style=\"color: #000000;\">A l\u2019heure o\u00f9 e<\/span><span style=\"color: #000000;\">n Mayenne, d\u00e9partement d\u2019\u00e9levage, pr\u00e8s de 850\u00a0agriculteurs partiront en retraite ou cesseront leur activit\u00e9, entre\u00a02022 et\u00a02023, <\/span><\/span><\/span><\/p>\n<p align=\"justify\"><span style=\"font-family: Arial, sans-serif;\"><span style=\"font-size: medium;\">A l\u2019heure o\u00f9 notre d\u00e9partement conna\u00eet 420 d\u00e9parts contre 200 installations par an, <\/span><\/span><\/p>\n<p align=\"justify\"><span style=\"font-family: Arial, sans-serif;\"><span style=\"font-size: medium;\">A l\u2019heure o\u00f9 la main-d&rsquo;\u0153uvre dans de nombreuses exploitations mayennaises fait d\u00e9faut,<\/span><\/span><\/p>\n<p align=\"justify\"><span style=\"font-family: Arial, sans-serif;\"><span style=\"font-size: medium;\">A l\u2019heure o\u00f9 le Minist\u00e8re de l\u2019Agriculture s\u2019enrichit d\u2019une comp\u00e9tence au combien n\u00e9cessaire, celle de la Souverainet\u00e9 Alimentaire, <\/span><\/span><\/p>\n<p align=\"justify\"><span style=\"font-family: Arial, sans-serif;\"><span style=\"font-size: medium;\">A l\u2019heure o\u00f9 le Ministre de l\u2019Agriculture lance une grande concertation autour d\u2019un pacte et d\u2019une loi d\u2019avenir agricole (tant nationalement que r\u00e9gionalement), <\/span><\/span><\/p>\n<p align=\"justify\"><span style=\"font-family: Arial, sans-serif;\"><span style=\"font-size: medium;\">Qu&rsquo;en est-il de la formation agricole propos\u00e9e aux jeunes et adultes qui souhaitent devenir ces professionnels qui, demain, rempliront nos assiettes ?<\/span><\/span><\/p>\n<p align=\"justify\"><span style=\"font-family: Arial, sans-serif;\"><span style=\"font-size: medium;\">Pour garantir la souverainet\u00e9 alimentaire d\u2019un pays, en permettant l\u2019acc\u00e8s pour tous \u00e0 une alimentation de qualit\u00e9, et de proximit\u00e9 il faut former des agriculteurs et des agricultrices, chef-fes d\u2019entreprises comp\u00e9tent-es, pour relever ce d\u00e9fi agro-\u00e9cologique ainsi que des salari\u00e9-es et technicien-nes.<\/span><\/span><\/p>\n<p align=\"justify\"><span style=\"font-family: Arial, sans-serif;\"><span style=\"font-size: medium;\">C\u2019est ce que permettent le Baccalaur\u00e9at Professionnel Conduite et Gestion des Entreprises Agricoles (CGEA) en formation initiale et le Brevet Professionnel de Responsable d\u2019entreprise Agricole (BP REA) en formation adulte propos\u00e9s par l\u2019Enseignement Agricole \u00e0 l\u2019Agricampus de Laval.<\/span><\/span><\/p>\n<p align=\"justify\"><span style=\"font-family: Arial, sans-serif;\"><span style=\"font-size: medium;\">Mais afin de former la rel\u00e8ve, de former l\u2019avenir il faut des classes et des places dans nos \u00e9tablissements de formation agricole\u00a0! Il faut une ambition de formation de la part de l\u2019\u00c9tat et des collectivit\u00e9s. <\/span><\/span><\/p>\n<p align=\"justify\"><span style=\"font-family: Arial, sans-serif;\"><span style=\"font-size: medium;\">Au Lyc\u00e9e Agricampus Laval, chaque ann\u00e9e, la fili\u00e8re CGEA refuse un grand nombre de jeunes, faute de place : de 15 \u00e0 20 demandes tous les ans. Le Minist\u00e8re de l\u2019Agriculture doit ouvrir une nouvelle classe de BAC PRO CGEA dans cet \u00e9tablissement \u00e0 la rentr\u00e9e prochaine\u00a0!<\/span><\/span><\/p>\n<p align=\"justify\"><span style=\"font-family: Arial, sans-serif;\"><span style=\"font-size: medium;\">De la m\u00eame mani\u00e8re, le BP REA au centre de formation de l\u2019Agricampus doit \u00eatre soutenu, p\u00e9rennis\u00e9 car le nombre d\u2019heures de formation et l\u2019indemnisation des stagiaires en formation ont \u00e9t\u00e9 r\u00e9duits dans le dernier appel d\u2019offre du Conseil r\u00e9gional, fragilisant la formation et son recrutement. <\/span><\/span><\/p>\n<p align=\"justify\"><span style=\"font-family: Arial, sans-serif;\"><span style=\"font-size: medium;\">Par cette lettre ouverte, nous, signataires demandons \u00e0 la Direction R\u00e9gionale de l\u2019alimentation, de l\u2019agriculture et la for\u00eat et au Conseil r\u00e9gional des Pays de la Loire d\u2019entendre l\u2019appel des acteurs.trices de l\u2019agriculture et de la formation agricole du d\u00e9partement de la Mayenne, des \u00e9lu.es et des citoyen.nes du territoire. Nous ne pourrons relever le d\u00e9fi du maintien et du d\u00e9veloppement de l\u2019agriculture sur notre territoire sans des choix plus ambitieux, sans le maintien et le d\u00e9veloppement de formation agricole ambitieuse. L\u2019URGENCE est l\u00e0. <\/span><\/span><\/p>\n<p align=\"justify\"><span style=\"font-family: Arial, sans-serif;\"><span style=\"font-size: medium;\">Il y a urgence \u00e0 former de futur.es agricultrices et agriculteurs en Mayenne<\/span><\/span><\/p>\n<p align=\"justify\"><span style=\"font-family: Arial, sans-serif;\"><span style=\"font-size: medium;\"><b>53 premier.es signataires<\/b><\/span><\/span><\/p>\n<p align=\"justify\"><span style=\"font-family: Arial, sans-serif;\"><span style=\"font-size: medium;\"><span style=\"color: #000000;\"><b>Claude CHARRON <\/b><\/span><span style=\"color: #000000;\">(<\/span><span style=\"color: #1f1f1f;\">Agriculteur retrait\u00e9. Ancien pr\u00e9sident de la chambre d&rsquo;agriculture de la Mayenne<\/span><span style=\"color: #000000;\">), <\/span><span style=\"color: #000000;\"><b>Yoann <\/b><\/span><span style=\"color: #1f1f1f;\"><b>VIGNER<\/b><\/span><span style=\"color: #1f1f1f;\"> (Enseignant au lyc\u00e9e Agricampus de Laval, membre du conseil d&rsquo;administration<\/span><span style=\"color: #000000;\">), <\/span><span style=\"color: #000000;\"><b>Guillaume GAROT <\/b><\/span><span style=\"color: #000000;\">(D<\/span><span style=\"color: #000000;\">\u00e9put\u00e9 de la Mayenne<\/span><span style=\"color: #000000;\">), <\/span><span style=\"color: #000000;\"><b>C\u00e9lia DUBOS<\/b><\/span> <span style=\"color: #000000;\">(Enseignante <\/span><span style=\"color: #000000;\">au lyc\u00e9e Agricampus de Laval, coordinatrice de la fili\u00e8re CGEA<\/span><span style=\"color: #000000;\">), <\/span><span style=\"color: #1f1f1f;\"><b>Fran\u00e7ois BLOT<\/b><\/span><span style=\"color: #000000;\"> (<\/span><span style=\"color: #1f1f1f;\">Agriculteur. Pr\u00e9sident des Jeunes Agriculteurs de la Mayenne<\/span><span style=\"color: #000000;\">), <\/span><span style=\"color: #000000;\"><b>Sol\u00e8ne M<\/b><\/span><span style=\"color: #000000;\"><b>ESNAGER<\/b><\/span><span style=\"color: #000000;\"> (conseill\u00e8re r\u00e9gionale), <\/span><span style=\"color: #1f1f1f;\"><b>Sylvaine PHELIPPEAU <\/b><\/span><span style=\"color: #000000;\">(<\/span><span style=\"color: #1f1f1f;\">Enseignante-formatrice au CFPPA de l&rsquo;Agricampus Laval, membre du conseil d&rsquo;administration<\/span><span style=\"color: #000000;\">), <\/span><span style=\"color: #1f1f1f;\"><b>St\u00e9phane DURAND<\/b><\/span><span style=\"color: #000000;\"> (<\/span><span style=\"color: #1f1f1f;\">Agriculteur. Porte parole de la conf\u00e9d\u00e9ration paysanne de la Mayenne<\/span><span style=\"color: #000000;\">), <\/span><span style=\"color: #1f1f1f;\"><b>Emmanuel LORY<\/b><\/span><span style=\"color: #000000;\"> (<\/span><span style=\"color: #1f1f1f;\">Enseignant d&rsquo;histoire g\u00e9ographie \u00e0 l&rsquo;Agricampus Laval, repr\u00e9sentant des personnels au conseil d&rsquo;administration<\/span><span style=\"color: #000000;\">), <\/span><span style=\"color: #1f1f1f;\"><b>Florian BERCAULT<\/b><\/span><span style=\"color: #000000;\"> (<\/span><span style=\"color: #1f1f1f;\">Maire de Laval, pr\u00e9sident de Laval Agglom\u00e9ration<\/span><span style=\"color: #000000;\">), <\/span><span style=\"color: #1f1f1f;\"><b>H\u00e9l\u00e8ne TRONCHET<\/b><\/span><b> <\/b><span style=\"color: #000000;\">(<\/span><span style=\"color: #1f1f1f;\">Personnel administratif \u00e0 l&rsquo;Agricampus Laval<\/span><span style=\"color: #000000;\">), <\/span><span style=\"color: #1f1f1f;\"><b>L\u00e9o COLAS<\/b><\/span><span style=\"color: #000000;\"> (agriculteur), <\/span><span style=\"color: #1f1f1f;\"><b>Mickaelle MARAQUIN<\/b><\/span><b> <\/b><span style=\"color: #000000;\">(<\/span><span style=\"color: #1f1f1f;\">Enseignante-formatrice au CFA de l&rsquo;Agricampus Laval, repr\u00e9sentante des personnels<\/span><span style=\"color: #000000;\">), <strong>Joel BALANDRAUD<\/strong>, (Maire d&rsquo;Evron et pr\u00e9sident de la communaut\u00e9 de communes des Coevrons), <\/span><span style=\"color: #1f1f1f;\"><b>Nad\u00e8ge DAVOUST<\/b><\/span><span style=\"color: #000000;\"> (<\/span><span style=\"color: #1f1f1f;\">Conseill\u00e8re d\u00e9partementale membre de la commission d&rsquo;\u00e9tude Environnement et Agriculture<\/span><span style=\"color: #000000;\">), <\/span><span style=\"color: #1f1f1f;\"><b>Delphine SAINT ELLIER PAILLARD<\/b><\/span><span style=\"color: #000000;\"> (<\/span><span style=\"color: #1f1f1f;\">Repr\u00e9sentante des parents d&rsquo;\u00e9l\u00e8ves au lyc\u00e9e Agricampus de Laval<\/span><span style=\"color: #000000;\">), <\/span><\/span><\/span><span style=\"font-family: Arial, sans-serif;\"><span style=\"font-size: medium;\"><span style=\"color: #1f1f1f;\"><b>Yannick FAVENNEC <\/b>(d\u00e9put\u00e9 de la Mayenne<b>), Marie-Jeanne GRANDIN<\/b><\/span><span style=\"color: #000000;\"> (<\/span><span style=\"color: #1f1f1f;\">Agricultrice<\/span><span style=\"color: #000000;\">), <\/span><span style=\"color: #1f1f1f;\"><b>Camille PETRON<\/b><\/span> <span style=\"color: #000000;\">(<\/span><span style=\"color: #1f1f1f;\">Adjointe au maire de Laval, <\/span><span style=\"color: #1f1f1f;\">conseill\u00e8re d\u00e9partementale<\/span><span style=\"color: #000000;\">), <\/span><span style=\"color: #1f1f1f;\"><b>Antoine VALPREMIT<\/b><\/span><span style=\"color: #000000;\"> (<\/span><span style=\"color: #1f1f1f;\">1er Vice-Pr\u00e9sident de Mayenne Communaut\u00e9<\/span><span style=\"color: #000000;\">), <\/span><span style=\"color: #1f1f1f;\"><b>Cl\u00e9ment BEUCHER<\/b><\/span><span style=\"color: #000000;\"> (<\/span><span style=\"color: #1f1f1f;\">Maraicher, maire de Saint Poix<\/span><span style=\"color: #000000;\"> ), <\/span><span style=\"color: #1f1f1f;\"><b>Marion G<\/b><\/span><span style=\"color: #1f1f1f;\"><b>AILLOT<\/b><\/span><b> <\/b><span style=\"color: #000000;\">(<\/span><span style=\"color: #1f1f1f;\">Inseminatrice<\/span><span style=\"color: #000000;\">), <\/span><span style=\"color: #000000;\"><b>Eric D\u00c9NEC\u00c9 <\/b><\/span><span style=\"color: #000000;\">(<\/span><span style=\"color: #000000;\">Enseignant en Productions Animales<\/span><span style=\"color: #000000;\">)<\/span><span style=\"color: #000000;\"> \u00e0 l&rsquo;Agricampus Laval, <\/span><span style=\"color: #1f1f1f;\"><b>Philippe BESNARD<\/b><\/span><span style=\"color: #000000;\"> (<\/span><span style=\"color: #1f1f1f;\">Repr\u00e9sentant des parents d&rsquo;\u00e9l\u00e8ves au lyc\u00e9e Agricampus de Laval<\/span><span style=\"color: #000000;\">), <\/span><span style=\"color: #1f1f1f;\"><b>Franck LEGEAY<\/b><\/span><span style=\"color: #000000;\"> (agriculteur), <\/span><span style=\"color: #000000;\"><b>Nad\u00e8ge BRODIN<\/b><\/span> <span style=\"color: #000000;\">(<\/span><span style=\"color: #000000;\">Enseignante en ESC \u00e0 l&rsquo;Agricampus Laval<\/span><span style=\"color: #000000;\">), <\/span><span style=\"color: #000000;\"><b>Julien <\/b><\/span><span style=\"color: #1f1f1f;\"><b>BROCAIL<\/b><\/span> <span style=\"color: #000000;\">(<\/span><span style=\"color: #1f1f1f;\">Conseiller communautaire d\u00e9l\u00e9gu\u00e9 de Laval Agglom\u00e9ration \u00c9nergies et lutte contre le r\u00e9chauffement climatique<\/span><span style=\"color: #000000;\">), <\/span><span style=\"color: #1f1f1f;\"><b>Jean-Fra\u00e7ois RAIMBAUL<\/b><\/span><span style=\"color: #1f1f1f;\"><b>T<\/b><\/span><span style=\"color: #000000;\"> (<\/span><span style=\"color: #1f1f1f;\">Conseiller municipal du Bourgneuf la Foret, Enseignant formateur au CFPPA de l&rsquo;Agricampus Laval<\/span><span style=\"color: #000000;\">), <\/span><span style=\"color: #1f1f1f;\"><b>Nolwenn<\/b><\/span><b> <\/b><span style=\"color: #1f1f1f;\"><b>GUERIN<\/b><\/span><span style=\"color: #1f1f1f;\"> (Maire d\u00e9l\u00e9gu\u00e9e Az\u00e9, Chateau Gontier sur Mayenne), <\/span><span style=\"color: #000000;\"><b>L\u00e9o REUZE<\/b><\/span> <span style=\"color: #000000;\">(<\/span><span style=\"color: #000000;\">conseiller principal d&rsquo;\u00e9ducation \u00e0 l&rsquo;Agricampus Laval<\/span><span style=\"color: #000000;\">),<\/span> <span style=\"color: #1f1f1f;\"><b>Anne-Cecile K<\/b><\/span><span style=\"color: #1f1f1f;\"><b>ANAHELE<\/b><\/span><span style=\"color: #1f1f1f;\"> (salari\u00e9e agricole), <\/span><span style=\"color: #000000;\"><b>Antoine<\/b><\/span><span style=\"color: #000000;\"><b> DUBOS<\/b><\/span> <span style=\"color: #000000;\">(<\/span><span style=\"color: #000000;\">Enseignant de Biologie \u00e9cologie \u00e0 l&rsquo;Agricampus Laval<\/span><span style=\"color: #000000;\">), <\/span><span style=\"color: #1f1f1f;\"><b>Michel LEPAGE<\/b><\/span><span style=\"color: #1f1f1f;\"> (Terres de liens 53 ), <\/span><span style=\"color: #000000;\"><b>Alain DENOUAL<\/b><\/span> <span style=\"color: #000000;\">(<\/span><span style=\"color: #000000;\">Formateur en zootechnie au CFPPA de l&rsquo;Agricampus Laval<\/span><span style=\"color: #000000;\">), <\/span><span style=\"color: #1f1f1f;\"><b>Thomas BEUCHER<\/b><\/span><span style=\"color: #1f1f1f;\"> (Salari\u00e9 agricole), <\/span><span style=\"color: #000000;\"><b>Olivier BERTRAND<\/b><\/span> <span style=\"color: #000000;\">(<\/span><span style=\"color: #000000;\">V\u00e9t\u00e9rinaire et formateur au CFA de l&rsquo;Agricampus de Laval (Math, physique, biologie, zootechnie bovine), <\/span><span style=\"color: #1f1f1f;\"><b>H\u00e9l\u00e8ne BROSSEAU<\/b><\/span><span style=\"color: #1f1f1f;\"> (Gestionnaire administrative au GDS ), <\/span><span style=\"color: #1f1f1f;\"><b>Laurent THORAVAL<\/b><\/span><span style=\"color: #1f1f1f;\"> (Enseignant au lyc\u00e9e Agricampus de Laval, membre du conseil d&rsquo;administration), <\/span><span style=\"color: #1f1f1f;\"><b>Candide NADAUD<\/b><\/span><span style=\"color: #1f1f1f;\"> (Ex salari\u00e9e agricole en bovin lait, ancienne \u00e9l\u00e8ve de l&rsquo;Agricampus Laval), <\/span><span style=\"color: #000000;\"><b>Emmanuel FOURNIER<\/b><\/span> <span style=\"color: #000000;\">(<\/span><span style=\"color: #000000;\">Enseignant de Zootechnie \u00e0 l&rsquo;Agricampus Laval<\/span><span style=\"color: #000000;\">), <\/span><span style=\"color: #1f1f1f;\"><b>Pauline HASLE<\/b><\/span><span style=\"color: #1f1f1f;\"> (Cheffe de projet en innovation territoriale, ancienne \u00e9l\u00e8ve du lyc\u00e9e Agricampus de Laval), <\/span><span style=\"color: #1f1f1f;\"><b>Lucie GESBERT<\/b><\/span><span style=\"color: #1f1f1f;\"> (Agricultrice &#8211; Ancienne apprenante BP REA), <\/span><span style=\"color: #000000;\"><b>Jerome BELLIER<\/b><\/span> <span style=\"color: #000000;\">(<\/span><span style=\"color: #000000;\">Personnel administratif \u00e0 l&rsquo;Agricampus Laval<\/span><span style=\"color: #000000;\">), <\/span><span style=\"color: #1f1f1f;\"><b>Mickael LEPAGE<\/b><\/span><span style=\"color: #1f1f1f;\"> (Agriculteur, r\u00e9f\u00e9rent p\u00e9dagogique Civam Bio), <\/span> <span style=\"color: #000000;\"><b>Fabienne ROUSSEL<\/b><\/span> <span style=\"color: #000000;\">(<\/span><span style=\"color: #000000;\">Enseignante de Documentation \u00e0 l&rsquo;Agricampus Laval<\/span><span style=\"color: #000000;\">),<\/span> <span style=\"color: #1f1f1f;\"><b>Pierrick RENOU<\/b><\/span><span style=\"color: #1f1f1f;\"> (Ancien apprenant BP REA en cours d&rsquo;installation), <\/span><span style=\"color: #000000;\"><b>Guillaume VAREILLE<\/b><\/span> <span style=\"color: #000000;\">(<\/span><span style=\"color: #000000;\">Enseignant de Physique Chimie \u00e0 l&rsquo;Agricampus Laval<\/span><span style=\"color: #000000;\">), <\/span><span style=\"color: #1f1f1f;\"><b>Aude FERET<\/b><\/span><span style=\"color: #1f1f1f;\"> (Maraich\u00e8re), <\/span><span style=\"color: #000000;\"><b>Barbara GAUTUN<\/b><\/span> <span style=\"color: #000000;\">(<\/span><span style=\"color: #000000;\">Enseignante de math\u00e9matiques \u00e0 l&rsquo;Agricampus Laval<\/span><span style=\"color: #000000;\">), <\/span><span style=\"color: #1f1f1f;\"><b>Marie MANDELLI<\/b><\/span><span style=\"color: #1f1f1f;\"> (Maire de la Bazouges de Chem\u00e9r\u00e9), <\/span><span style=\"color: #000000;\"><b>Fabien DEREPPER<\/b><\/span> <span style=\"color: #000000;\">(<\/span><span style=\"color: #000000;\">Enseignant-Formateur au CFPPA Agricampus de Laval<\/span><span style=\"color: #000000;\">)<\/span><span style=\"color: #000000;\">, <\/span><span style=\"color: #1f1f1f;\"><b>Marieke DE KAM<\/b><\/span><span style=\"color: #1f1f1f;\"> (Agricultrice, Associ\u00e9e GAEC Arc en Ciel), <\/span><span style=\"color: #000000;\"><b>Jerome BAUDOUIN<\/b><\/span> <span style=\"color: #000000;\">(<\/span><span style=\"color: #000000;\">Enseignant en EPS \u00e0 l&rsquo;Agricampus Laval<\/span><span style=\"color: #000000;\">),<\/span> <span style=\"color: #1f1f1f;\"><b>Suzanna LEMOINE<\/b><\/span><span style=\"color: #1f1f1f;\"> (Agricultrice, ancienne BP REA), <strong>Samuel BERNARD<\/strong> (Producteur Arboriculteur &#8211; Longuefuye), <\/span><\/span><\/span><strong>Guillaume COUSIN <\/strong>(Conseiller municipal de la Roche Neuville)<strong>, Yvan Lef\u00e8vre<\/strong> (Conseiller municipal de Port Brillet),<strong> Bouchera LAMRHARI (<\/strong>Conseill\u00e8re municipale de Port Brillet)<strong>, Marion LANDELLE <\/strong>(salari\u00e9e agricole), <strong>Ma\u00eblle BOUILLE<\/strong> (enseignante en zootechnie au lyc\u00e9e Agricampus de Laval), <span style=\"font-family: Arial, sans-serif;\"><span style=\"font-size: medium;\"><span style=\"color: #000000;\"><b>Patricia LEFEUVRE<\/b><\/span> <span style=\"color: #000000;\">(<\/span><span style=\"color: #000000;\">Personnel administratif \u00e0 l&rsquo;Agricampus Laval<\/span><span style=\"color: #000000;\">). <\/span><\/span><\/span><span style=\"font-family: Arial, sans-serif;\"><span style=\"font-size: medium;\"><b>Christian LEBLANC <\/b>(Ancien agriculteur, maire de St Pierre sur Erve), <b>Katell SANTERRE <\/b>(Enseignante d&rsquo;anglais \u00e0 l&rsquo;Agricampus Laval),<b> Pierre GENEST <\/b>(agriculteur, ancien pr\u00e9sident du Conseil d&rsquo;administration de l&rsquo;Agricampus Laval)<b>, <\/b>\u00a0<b>Laurence GLORIA<\/b> (Enseignante d&rsquo;informatique \u00e0 l&rsquo;Agricampus Laval), <b>Delphine BALDECK<\/b> (Ancienne enseignante d&rsquo;\u00e9conomie-gestion \u00e0 l&rsquo;Agricampus Laval), <b>Yannick GOURMELON<\/b> (Enseignant-formateur d&rsquo;EPS et d&rsquo;informatique au CFA de l&rsquo;Agricampus Laval), <b>Nathalie LEFAUX<\/b> (Enseignante d&rsquo;espagnol \u00e0 l&rsquo;Agricampus Laval), <b>Marie NICOLIC<\/b> (Enseignante en ESC \u00e0 l&rsquo;Agricampus Laval), <b>Jerome GOSSANT<\/b> (Enseignant de math\u00e9matiques \u00e0 l&rsquo;Agricampus Laval), <b>Ang\u00e8le TRIBOUT<\/b> (Enseignante en philosophie \u00e0 l&rsquo;Agricampus Laval), <b>Nathalie PEAN<\/b> (Enseignante d&rsquo;anglais \u00e0 l&rsquo;Agricampus Laval), <b>Kristell CHEVAILLIER<\/b> (Enseignante en fran\u00e7ais \u00e0 l&rsquo;Agricampus Laval), <b>Sarah BERTRAND<\/b> (Personnel administratif \u00e0 l&rsquo;Agricampus Laval), <b>Nathalie HERVO<\/b> (Enseignante de Biologie \u00e9cologie \u00e0 l&rsquo;Agricampus Laval), <b>Sophie PROVOST<\/b> (Enseignante de Zootechnie \u00e0 l&rsquo;Agricampus Laval), <b>ELIE D<\/b><b>AVID <\/b>(Enseignant en agro\u00e9quipement \u00e0 l&rsquo;Agricampus Laval dans la fili\u00e8re CGEA), <b>Marc<\/b><b> LEBESGUE<\/b> (Personnel administratif \u00e0 l&rsquo;Agricampus Laval), <b>Jamal DABACHI<\/b> (Enseignant de Math\u00e9matiques \u00e0 l&rsquo;Agricampus Laval), <b>Quentin LOTTON<\/b> (Assistant d&rsquo;\u00e9ducation \u00e0 l&rsquo;AGRICAMPUS Laval) <b>Gilles LECORDIER JEHAN<\/b> (Enseignant-Formateur au CFPPA Agricampus de Laval), <strong>Ludovic CHARRON<\/strong> (personnel administratif \u00e0 l&rsquo;Agricampus Laval)&#8230;<\/span><\/span><\/p>\n","protected":false},"excerpt":{"rendered":"<p>Former de futur.es agricultrices et agriculteurs en Mayenne, il y a URGENCE ! LETTRE OUVERTE&#8230; des Mayennais.es soulignent l&rsquo;URGENCE. A Monsieur le Ministre de l\u2019Agriculture A Madame la Pr\u00e9sidente de r\u00e9gion, A Madame la Directrice R\u00e9gionale de l\u2019agriculture, de l\u2019alimentation et de la for\u00eat, A l\u2019heure o\u00f9 30\u00a0% des chefs d\u2019exploitation sont \u00e2g\u00e9s de plus [&hellip;]<\/p>\n","protected":false},"author":2,"featured_media":4884,"comment_status":"closed","ping_status":"closed","sticky":false,"template":"","format":"standard","meta":{"ocean_post_layout":"","ocean_both_sidebars_style":"","ocean_both_sidebars_content_width":0,"ocean_both_sidebars_sidebars_width":0,"ocean_sidebar":"0","ocean_second_sidebar":"0","ocean_disable_margins":"enable","ocean_add_body_class":"","ocean_shortcode_before_top_bar":"","ocean_shortcode_after_top_bar":"","ocean_shortcode_before_header":"","ocean_shortcode_after_header":"","ocean_has_shortcode":"","ocean_shortcode_after_title":"","ocean_shortcode_before_footer_widgets":"","ocean_shortcode_after_footer_widgets":"","ocean_shortcode_before_footer_bottom":"","ocean_shortcode_after_footer_bottom":"","ocean_display_top_bar":"default","ocean_display_header":"default","ocean_header_style":"","ocean_center_header_left_menu":"0","ocean_custom_header_template":"0","ocean_custom_logo":0,"ocean_custom_retina_logo":0,"ocean_custom_logo_max_width":0,"ocean_custom_logo_tablet_max_width":0,"ocean_custom_logo_mobile_max_width":0,"ocean_custom_logo_max_height":0,"ocean_custom_logo_tablet_max_height":0,"ocean_custom_logo_mobile_max_height":0,"ocean_header_custom_menu":"0","ocean_menu_typo_font_family":"0","ocean_menu_typo_font_subset":"","ocean_menu_typo_font_size":0,"ocean_menu_typo_font_size_tablet":0,"ocean_menu_typo_font_size_mobile":0,"ocean_menu_typo_font_size_unit":"px","ocean_menu_typo_font_weight":"","ocean_menu_typo_font_weight_tablet":"","ocean_menu_typo_font_weight_mobile":"","ocean_menu_typo_transform":"","ocean_menu_typo_transform_tablet":"","ocean_menu_typo_transform_mobile":"","ocean_menu_typo_line_height":0,"ocean_menu_typo_line_height_tablet":0,"ocean_menu_typo_line_height_mobile":0,"ocean_menu_typo_line_height_unit":"","ocean_menu_typo_spacing":0,"ocean_menu_typo_spacing_tablet":0,"ocean_menu_typo_spacing_mobile":0,"ocean_menu_typo_spacing_unit":"","ocean_menu_link_color":"","ocean_menu_link_color_hover":"","ocean_menu_link_color_active":"","ocean_menu_link_background":"","ocean_menu_link_hover_background":"","ocean_menu_link_active_background":"","ocean_menu_social_links_bg":"","ocean_menu_social_hover_links_bg":"","ocean_menu_social_links_color":"","ocean_menu_social_hover_links_color":"","ocean_disable_title":"default","ocean_disable_heading":"default","ocean_post_title":"","ocean_post_subheading":"","ocean_post_title_style":"","ocean_post_title_background_color":"","ocean_post_title_background":0,"ocean_post_title_bg_image_position":"","ocean_post_title_bg_image_attachment":"","ocean_post_title_bg_image_repeat":"","ocean_post_title_bg_image_size":"","ocean_post_title_height":0,"ocean_post_title_bg_overlay":0.5,"ocean_post_title_bg_overlay_color":"","ocean_disable_breadcrumbs":"default","ocean_breadcrumbs_color":"","ocean_breadcrumbs_separator_color":"","ocean_breadcrumbs_links_color":"","ocean_breadcrumbs_links_hover_color":"","ocean_display_footer_widgets":"default","ocean_display_footer_bottom":"default","ocean_custom_footer_template":"0","ocean_post_oembed":"","ocean_post_self_hosted_media":"","ocean_post_video_embed":"","ocean_link_format":"","ocean_link_format_target":"self","ocean_quote_format":"","ocean_quote_format_link":"post","ocean_gallery_link_images":"off","ocean_gallery_id":[],"footnotes":""},"categories":[28,18],"tags":[],"post_folder":[],"class_list":["post-4882","post","type-post","status-publish","format-standard","has-post-thumbnail","hentry","category-actions-regionales","category-laval","entry","has-media"],"yoast_head":"<!-- This site is optimized with the Yoast SEO plugin v27.4 - https:\/\/yoast.com\/product\/yoast-seo-wordpress\/ -->\n<title>Former de futur.es agricultrices et agriculteurs en Mayenne, il y a URGENCE ! Lettre ouverte au Ministre de l&#039;Agriculture et \u00e0 la Pr\u00e9sidente du Conseil r\u00e9gional - PAYS DE LA LOIRE<\/title>\n<meta name=\"robots\" content=\"index, follow, max-snippet:-1, max-image-preview:large, max-video-preview:-1\" \/>\n<link rel=\"canonical\" href=\"https:\/\/regions-snetap-fsu.fr\/pdl\/2023\/04\/25\/former-de-futur-es-agricultrices-et-agriculteurs-en-mayenne-il-y-a-urgence\/\" \/>\n<meta property=\"og:locale\" content=\"fr_FR\" \/>\n<meta property=\"og:type\" content=\"article\" \/>\n<meta property=\"og:title\" content=\"Former de futur.es agricultrices et agriculteurs en Mayenne, il y a URGENCE ! Lettre ouverte au Ministre de l&#039;Agriculture et \u00e0 la Pr\u00e9sidente du Conseil r\u00e9gional - PAYS DE LA LOIRE\" \/>\n<meta property=\"og:description\" content=\"Former de futur.es agricultrices et agriculteurs en Mayenne, il y a URGENCE ! LETTRE OUVERTE&#8230; des Mayennais.es soulignent l&rsquo;URGENCE. A Monsieur le Ministre de l\u2019Agriculture A Madame la Pr\u00e9sidente de r\u00e9gion, A Madame la Directrice R\u00e9gionale de l\u2019agriculture, de l\u2019alimentation et de la for\u00eat, A l\u2019heure o\u00f9 30\u00a0% des chefs d\u2019exploitation sont \u00e2g\u00e9s de plus [&hellip;]\" \/>\n<meta property=\"og:url\" content=\"https:\/\/regions-snetap-fsu.fr\/pdl\/2023\/04\/25\/former-de-futur-es-agricultrices-et-agriculteurs-en-mayenne-il-y-a-urgence\/\" \/>\n<meta property=\"og:site_name\" content=\"PAYS DE LA LOIRE\" \/>\n<meta property=\"article:published_time\" content=\"2023-04-25T10:26:29+00:00\" \/>\n<meta property=\"article:modified_time\" content=\"2023-05-27T17:35:46+00:00\" \/>\n<meta property=\"og:image\" content=\"https:\/\/regions-snetap-fsu.fr\/pdl\/wp-content\/uploads\/sites\/4\/2023\/04\/2016-11-22-11.24.55.jpg\" \/>\n\t<meta property=\"og:image:width\" content=\"2560\" \/>\n\t<meta property=\"og:image:height\" content=\"1440\" \/>\n\t<meta property=\"og:image:type\" content=\"image\/jpeg\" \/>\n<meta name=\"author\" content=\"yvigner\" \/>\n<meta name=\"twitter:card\" content=\"summary_large_image\" \/>\n<meta name=\"twitter:label1\" content=\"\u00c9crit par\" \/>\n\t<meta name=\"twitter:data1\" content=\"yvigner\" \/>\n\t<meta name=\"twitter:label2\" content=\"Dur\u00e9e de lecture estim\u00e9e\" \/>\n\t<meta name=\"twitter:data2\" content=\"7 minutes\" \/>\n<script type=\"application\/ld+json\" class=\"yoast-schema-graph\">{\"@context\":\"https:\\\/\\\/schema.org\",\"@graph\":[{\"@type\":\"Article\",\"@id\":\"https:\\\/\\\/regions-snetap-fsu.fr\\\/pdl\\\/2023\\\/04\\\/25\\\/former-de-futur-es-agricultrices-et-agriculteurs-en-mayenne-il-y-a-urgence\\\/#article\",\"isPartOf\":{\"@id\":\"https:\\\/\\\/regions-snetap-fsu.fr\\\/pdl\\\/2023\\\/04\\\/25\\\/former-de-futur-es-agricultrices-et-agriculteurs-en-mayenne-il-y-a-urgence\\\/\"},\"author\":{\"name\":\"yvigner\",\"@id\":\"https:\\\/\\\/regions-snetap-fsu.fr\\\/pdl\\\/#\\\/schema\\\/person\\\/d4530af043f9e8d27bdd71c468ec93b1\"},\"headline\":\"Former de futur.es agricultrices et agriculteurs en Mayenne, il y a URGENCE ! Lettre ouverte au Ministre de l&rsquo;Agriculture et \u00e0 la Pr\u00e9sidente du Conseil r\u00e9gional\",\"datePublished\":\"2023-04-25T10:26:29+00:00\",\"dateModified\":\"2023-05-27T17:35:46+00:00\",\"mainEntityOfPage\":{\"@id\":\"https:\\\/\\\/regions-snetap-fsu.fr\\\/pdl\\\/2023\\\/04\\\/25\\\/former-de-futur-es-agricultrices-et-agriculteurs-en-mayenne-il-y-a-urgence\\\/\"},\"wordCount\":1389,\"publisher\":{\"@id\":\"https:\\\/\\\/regions-snetap-fsu.fr\\\/pdl\\\/#organization\"},\"image\":{\"@id\":\"https:\\\/\\\/regions-snetap-fsu.fr\\\/pdl\\\/2023\\\/04\\\/25\\\/former-de-futur-es-agricultrices-et-agriculteurs-en-mayenne-il-y-a-urgence\\\/#primaryimage\"},\"thumbnailUrl\":\"https:\\\/\\\/regions-snetap-fsu.fr\\\/pdl\\\/wp-content\\\/uploads\\\/sites\\\/4\\\/2023\\\/04\\\/2016-11-22-11.24.55.jpg\",\"articleSection\":[\"Actions r\u00e9gionales\",\"Laval\"],\"inLanguage\":\"fr-FR\"},{\"@type\":\"WebPage\",\"@id\":\"https:\\\/\\\/regions-snetap-fsu.fr\\\/pdl\\\/2023\\\/04\\\/25\\\/former-de-futur-es-agricultrices-et-agriculteurs-en-mayenne-il-y-a-urgence\\\/\",\"url\":\"https:\\\/\\\/regions-snetap-fsu.fr\\\/pdl\\\/2023\\\/04\\\/25\\\/former-de-futur-es-agricultrices-et-agriculteurs-en-mayenne-il-y-a-urgence\\\/\",\"name\":\"Former de futur.es agricultrices et agriculteurs en Mayenne, il y a URGENCE ! Lettre ouverte au Ministre de l'Agriculture et \u00e0 la Pr\u00e9sidente du Conseil r\u00e9gional - PAYS DE LA LOIRE\",\"isPartOf\":{\"@id\":\"https:\\\/\\\/regions-snetap-fsu.fr\\\/pdl\\\/#website\"},\"primaryImageOfPage\":{\"@id\":\"https:\\\/\\\/regions-snetap-fsu.fr\\\/pdl\\\/2023\\\/04\\\/25\\\/former-de-futur-es-agricultrices-et-agriculteurs-en-mayenne-il-y-a-urgence\\\/#primaryimage\"},\"image\":{\"@id\":\"https:\\\/\\\/regions-snetap-fsu.fr\\\/pdl\\\/2023\\\/04\\\/25\\\/former-de-futur-es-agricultrices-et-agriculteurs-en-mayenne-il-y-a-urgence\\\/#primaryimage\"},\"thumbnailUrl\":\"https:\\\/\\\/regions-snetap-fsu.fr\\\/pdl\\\/wp-content\\\/uploads\\\/sites\\\/4\\\/2023\\\/04\\\/2016-11-22-11.24.55.jpg\",\"datePublished\":\"2023-04-25T10:26:29+00:00\",\"dateModified\":\"2023-05-27T17:35:46+00:00\",\"breadcrumb\":{\"@id\":\"https:\\\/\\\/regions-snetap-fsu.fr\\\/pdl\\\/2023\\\/04\\\/25\\\/former-de-futur-es-agricultrices-et-agriculteurs-en-mayenne-il-y-a-urgence\\\/#breadcrumb\"},\"inLanguage\":\"fr-FR\",\"potentialAction\":[{\"@type\":\"ReadAction\",\"target\":[\"https:\\\/\\\/regions-snetap-fsu.fr\\\/pdl\\\/2023\\\/04\\\/25\\\/former-de-futur-es-agricultrices-et-agriculteurs-en-mayenne-il-y-a-urgence\\\/\"]}]},{\"@type\":\"ImageObject\",\"inLanguage\":\"fr-FR\",\"@id\":\"https:\\\/\\\/regions-snetap-fsu.fr\\\/pdl\\\/2023\\\/04\\\/25\\\/former-de-futur-es-agricultrices-et-agriculteurs-en-mayenne-il-y-a-urgence\\\/#primaryimage\",\"url\":\"https:\\\/\\\/regions-snetap-fsu.fr\\\/pdl\\\/wp-content\\\/uploads\\\/sites\\\/4\\\/2023\\\/04\\\/2016-11-22-11.24.55.jpg\",\"contentUrl\":\"https:\\\/\\\/regions-snetap-fsu.fr\\\/pdl\\\/wp-content\\\/uploads\\\/sites\\\/4\\\/2023\\\/04\\\/2016-11-22-11.24.55.jpg\",\"width\":2560,\"height\":1440},{\"@type\":\"BreadcrumbList\",\"@id\":\"https:\\\/\\\/regions-snetap-fsu.fr\\\/pdl\\\/2023\\\/04\\\/25\\\/former-de-futur-es-agricultrices-et-agriculteurs-en-mayenne-il-y-a-urgence\\\/#breadcrumb\",\"itemListElement\":[{\"@type\":\"ListItem\",\"position\":1,\"name\":\"Accueil\",\"item\":\"https:\\\/\\\/regions-snetap-fsu.fr\\\/pdl\\\/\"},{\"@type\":\"ListItem\",\"position\":2,\"name\":\"Former de futur.es agricultrices et agriculteurs en Mayenne, il y a URGENCE ! Lettre ouverte au Ministre de l&rsquo;Agriculture et \u00e0 la Pr\u00e9sidente du Conseil r\u00e9gional\"}]},{\"@type\":\"WebSite\",\"@id\":\"https:\\\/\\\/regions-snetap-fsu.fr\\\/pdl\\\/#website\",\"url\":\"https:\\\/\\\/regions-snetap-fsu.fr\\\/pdl\\\/\",\"name\":\"SNETAP-FSU PAYS DE LA LOIRE\",\"description\":\"SECTION REGIONALE\",\"publisher\":{\"@id\":\"https:\\\/\\\/regions-snetap-fsu.fr\\\/pdl\\\/#organization\"},\"potentialAction\":[{\"@type\":\"SearchAction\",\"target\":{\"@type\":\"EntryPoint\",\"urlTemplate\":\"https:\\\/\\\/regions-snetap-fsu.fr\\\/pdl\\\/?s={search_term_string}\"},\"query-input\":{\"@type\":\"PropertyValueSpecification\",\"valueRequired\":true,\"valueName\":\"search_term_string\"}}],\"inLanguage\":\"fr-FR\"},{\"@type\":\"Organization\",\"@id\":\"https:\\\/\\\/regions-snetap-fsu.fr\\\/pdl\\\/#organization\",\"name\":\"SNETAP-FSU Pays de Loire\",\"url\":\"https:\\\/\\\/regions-snetap-fsu.fr\\\/pdl\\\/\",\"logo\":{\"@type\":\"ImageObject\",\"inLanguage\":\"fr-FR\",\"@id\":\"https:\\\/\\\/regions-snetap-fsu.fr\\\/pdl\\\/#\\\/schema\\\/logo\\\/image\\\/\",\"url\":\"https:\\\/\\\/regions-snetap-fsu.fr\\\/pdl\\\/wp-content\\\/uploads\\\/sites\\\/4\\\/2020\\\/12\\\/SNETAP-Logo.jpg\",\"contentUrl\":\"https:\\\/\\\/regions-snetap-fsu.fr\\\/pdl\\\/wp-content\\\/uploads\\\/sites\\\/4\\\/2020\\\/12\\\/SNETAP-Logo.jpg\",\"width\":464,\"height\":334,\"caption\":\"SNETAP-FSU Pays de Loire\"},\"image\":{\"@id\":\"https:\\\/\\\/regions-snetap-fsu.fr\\\/pdl\\\/#\\\/schema\\\/logo\\\/image\\\/\"}},{\"@type\":\"Person\",\"@id\":\"https:\\\/\\\/regions-snetap-fsu.fr\\\/pdl\\\/#\\\/schema\\\/person\\\/d4530af043f9e8d27bdd71c468ec93b1\",\"name\":\"yvigner\",\"image\":{\"@type\":\"ImageObject\",\"inLanguage\":\"fr-FR\",\"@id\":\"https:\\\/\\\/secure.gravatar.com\\\/avatar\\\/bc72baa6f2406549aecf77a837bc4f03dbe88472c1762138f868571430a23820?s=96&d=mm&r=g\",\"url\":\"https:\\\/\\\/secure.gravatar.com\\\/avatar\\\/bc72baa6f2406549aecf77a837bc4f03dbe88472c1762138f868571430a23820?s=96&d=mm&r=g\",\"contentUrl\":\"https:\\\/\\\/secure.gravatar.com\\\/avatar\\\/bc72baa6f2406549aecf77a837bc4f03dbe88472c1762138f868571430a23820?s=96&d=mm&r=g\",\"caption\":\"yvigner\"},\"url\":\"https:\\\/\\\/regions-snetap-fsu.fr\\\/pdl\\\/author\\\/yvigner\\\/\"}]}<\/script>\n<!-- \/ Yoast SEO plugin. -->","yoast_head_json":{"title":"Former de futur.es agricultrices et agriculteurs en Mayenne, il y a URGENCE ! Lettre ouverte au Ministre de l'Agriculture et \u00e0 la Pr\u00e9sidente du Conseil r\u00e9gional - PAYS DE LA LOIRE","robots":{"index":"index","follow":"follow","max-snippet":"max-snippet:-1","max-image-preview":"max-image-preview:large","max-video-preview":"max-video-preview:-1"},"canonical":"https:\/\/regions-snetap-fsu.fr\/pdl\/2023\/04\/25\/former-de-futur-es-agricultrices-et-agriculteurs-en-mayenne-il-y-a-urgence\/","og_locale":"fr_FR","og_type":"article","og_title":"Former de futur.es agricultrices et agriculteurs en Mayenne, il y a URGENCE ! Lettre ouverte au Ministre de l'Agriculture et \u00e0 la Pr\u00e9sidente du Conseil r\u00e9gional - PAYS DE LA LOIRE","og_description":"Former de futur.es agricultrices et agriculteurs en Mayenne, il y a URGENCE ! LETTRE OUVERTE&#8230; des Mayennais.es soulignent l&rsquo;URGENCE. A Monsieur le Ministre de l\u2019Agriculture A Madame la Pr\u00e9sidente de r\u00e9gion, A Madame la Directrice R\u00e9gionale de l\u2019agriculture, de l\u2019alimentation et de la for\u00eat, A l\u2019heure o\u00f9 30\u00a0% des chefs d\u2019exploitation sont \u00e2g\u00e9s de plus [&hellip;]","og_url":"https:\/\/regions-snetap-fsu.fr\/pdl\/2023\/04\/25\/former-de-futur-es-agricultrices-et-agriculteurs-en-mayenne-il-y-a-urgence\/","og_site_name":"PAYS DE LA LOIRE","article_published_time":"2023-04-25T10:26:29+00:00","article_modified_time":"2023-05-27T17:35:46+00:00","og_image":[{"width":2560,"height":1440,"url":"https:\/\/regions-snetap-fsu.fr\/pdl\/wp-content\/uploads\/sites\/4\/2023\/04\/2016-11-22-11.24.55.jpg","type":"image\/jpeg"}],"author":"yvigner","twitter_card":"summary_large_image","twitter_misc":{"\u00c9crit par":"yvigner","Dur\u00e9e de lecture estim\u00e9e":"7 minutes"},"schema":{"@context":"https:\/\/schema.org","@graph":[{"@type":"Article","@id":"https:\/\/regions-snetap-fsu.fr\/pdl\/2023\/04\/25\/former-de-futur-es-agricultrices-et-agriculteurs-en-mayenne-il-y-a-urgence\/#article","isPartOf":{"@id":"https:\/\/regions-snetap-fsu.fr\/pdl\/2023\/04\/25\/former-de-futur-es-agricultrices-et-agriculteurs-en-mayenne-il-y-a-urgence\/"},"author":{"name":"yvigner","@id":"https:\/\/regions-snetap-fsu.fr\/pdl\/#\/schema\/person\/d4530af043f9e8d27bdd71c468ec93b1"},"headline":"Former de futur.es agricultrices et agriculteurs en Mayenne, il y a URGENCE ! Lettre ouverte au Ministre de l&rsquo;Agriculture et \u00e0 la Pr\u00e9sidente du Conseil r\u00e9gional","datePublished":"2023-04-25T10:26:29+00:00","dateModified":"2023-05-27T17:35:46+00:00","mainEntityOfPage":{"@id":"https:\/\/regions-snetap-fsu.fr\/pdl\/2023\/04\/25\/former-de-futur-es-agricultrices-et-agriculteurs-en-mayenne-il-y-a-urgence\/"},"wordCount":1389,"publisher":{"@id":"https:\/\/regions-snetap-fsu.fr\/pdl\/#organization"},"image":{"@id":"https:\/\/regions-snetap-fsu.fr\/pdl\/2023\/04\/25\/former-de-futur-es-agricultrices-et-agriculteurs-en-mayenne-il-y-a-urgence\/#primaryimage"},"thumbnailUrl":"https:\/\/regions-snetap-fsu.fr\/pdl\/wp-content\/uploads\/sites\/4\/2023\/04\/2016-11-22-11.24.55.jpg","articleSection":["Actions r\u00e9gionales","Laval"],"inLanguage":"fr-FR"},{"@type":"WebPage","@id":"https:\/\/regions-snetap-fsu.fr\/pdl\/2023\/04\/25\/former-de-futur-es-agricultrices-et-agriculteurs-en-mayenne-il-y-a-urgence\/","url":"https:\/\/regions-snetap-fsu.fr\/pdl\/2023\/04\/25\/former-de-futur-es-agricultrices-et-agriculteurs-en-mayenne-il-y-a-urgence\/","name":"Former de futur.es agricultrices et agriculteurs en Mayenne, il y a URGENCE ! Lettre ouverte au Ministre de l'Agriculture et \u00e0 la Pr\u00e9sidente du Conseil r\u00e9gional - PAYS DE LA LOIRE","isPartOf":{"@id":"https:\/\/regions-snetap-fsu.fr\/pdl\/#website"},"primaryImageOfPage":{"@id":"https:\/\/regions-snetap-fsu.fr\/pdl\/2023\/04\/25\/former-de-futur-es-agricultrices-et-agriculteurs-en-mayenne-il-y-a-urgence\/#primaryimage"},"image":{"@id":"https:\/\/regions-snetap-fsu.fr\/pdl\/2023\/04\/25\/former-de-futur-es-agricultrices-et-agriculteurs-en-mayenne-il-y-a-urgence\/#primaryimage"},"thumbnailUrl":"https:\/\/regions-snetap-fsu.fr\/pdl\/wp-content\/uploads\/sites\/4\/2023\/04\/2016-11-22-11.24.55.jpg","datePublished":"2023-04-25T10:26:29+00:00","dateModified":"2023-05-27T17:35:46+00:00","breadcrumb":{"@id":"https:\/\/regions-snetap-fsu.fr\/pdl\/2023\/04\/25\/former-de-futur-es-agricultrices-et-agriculteurs-en-mayenne-il-y-a-urgence\/#breadcrumb"},"inLanguage":"fr-FR","potentialAction":[{"@type":"ReadAction","target":["https:\/\/regions-snetap-fsu.fr\/pdl\/2023\/04\/25\/former-de-futur-es-agricultrices-et-agriculteurs-en-mayenne-il-y-a-urgence\/"]}]},{"@type":"ImageObject","inLanguage":"fr-FR","@id":"https:\/\/regions-snetap-fsu.fr\/pdl\/2023\/04\/25\/former-de-futur-es-agricultrices-et-agriculteurs-en-mayenne-il-y-a-urgence\/#primaryimage","url":"https:\/\/regions-snetap-fsu.fr\/pdl\/wp-content\/uploads\/sites\/4\/2023\/04\/2016-11-22-11.24.55.jpg","contentUrl":"https:\/\/regions-snetap-fsu.fr\/pdl\/wp-content\/uploads\/sites\/4\/2023\/04\/2016-11-22-11.24.55.jpg","width":2560,"height":1440},{"@type":"BreadcrumbList","@id":"https:\/\/regions-snetap-fsu.fr\/pdl\/2023\/04\/25\/former-de-futur-es-agricultrices-et-agriculteurs-en-mayenne-il-y-a-urgence\/#breadcrumb","itemListElement":[{"@type":"ListItem","position":1,"name":"Accueil","item":"https:\/\/regions-snetap-fsu.fr\/pdl\/"},{"@type":"ListItem","position":2,"name":"Former de futur.es agricultrices et agriculteurs en Mayenne, il y a URGENCE ! Lettre ouverte au Ministre de l&rsquo;Agriculture et \u00e0 la Pr\u00e9sidente du Conseil r\u00e9gional"}]},{"@type":"WebSite","@id":"https:\/\/regions-snetap-fsu.fr\/pdl\/#website","url":"https:\/\/regions-snetap-fsu.fr\/pdl\/","name":"SNETAP-FSU PAYS DE LA LOIRE","description":"SECTION REGIONALE","publisher":{"@id":"https:\/\/regions-snetap-fsu.fr\/pdl\/#organization"},"potentialAction":[{"@type":"SearchAction","target":{"@type":"EntryPoint","urlTemplate":"https:\/\/regions-snetap-fsu.fr\/pdl\/?s={search_term_string}"},"query-input":{"@type":"PropertyValueSpecification","valueRequired":true,"valueName":"search_term_string"}}],"inLanguage":"fr-FR"},{"@type":"Organization","@id":"https:\/\/regions-snetap-fsu.fr\/pdl\/#organization","name":"SNETAP-FSU Pays de Loire","url":"https:\/\/regions-snetap-fsu.fr\/pdl\/","logo":{"@type":"ImageObject","inLanguage":"fr-FR","@id":"https:\/\/regions-snetap-fsu.fr\/pdl\/#\/schema\/logo\/image\/","url":"https:\/\/regions-snetap-fsu.fr\/pdl\/wp-content\/uploads\/sites\/4\/2020\/12\/SNETAP-Logo.jpg","contentUrl":"https:\/\/regions-snetap-fsu.fr\/pdl\/wp-content\/uploads\/sites\/4\/2020\/12\/SNETAP-Logo.jpg","width":464,"height":334,"caption":"SNETAP-FSU Pays de Loire"},"image":{"@id":"https:\/\/regions-snetap-fsu.fr\/pdl\/#\/schema\/logo\/image\/"}},{"@type":"Person","@id":"https:\/\/regions-snetap-fsu.fr\/pdl\/#\/schema\/person\/d4530af043f9e8d27bdd71c468ec93b1","name":"yvigner","image":{"@type":"ImageObject","inLanguage":"fr-FR","@id":"https:\/\/secure.gravatar.com\/avatar\/bc72baa6f2406549aecf77a837bc4f03dbe88472c1762138f868571430a23820?s=96&d=mm&r=g","url":"https:\/\/secure.gravatar.com\/avatar\/bc72baa6f2406549aecf77a837bc4f03dbe88472c1762138f868571430a23820?s=96&d=mm&r=g","contentUrl":"https:\/\/secure.gravatar.com\/avatar\/bc72baa6f2406549aecf77a837bc4f03dbe88472c1762138f868571430a23820?s=96&d=mm&r=g","caption":"yvigner"},"url":"https:\/\/regions-snetap-fsu.fr\/pdl\/author\/yvigner\/"}]}},"_links":{"self":[{"href":"https:\/\/regions-snetap-fsu.fr\/pdl\/wp-json\/wp\/v2\/posts\/4882","targetHints":{"allow":["GET"]}}],"collection":[{"href":"https:\/\/regions-snetap-fsu.fr\/pdl\/wp-json\/wp\/v2\/posts"}],"about":[{"href":"https:\/\/regions-snetap-fsu.fr\/pdl\/wp-json\/wp\/v2\/types\/post"}],"author":[{"embeddable":true,"href":"https:\/\/regions-snetap-fsu.fr\/pdl\/wp-json\/wp\/v2\/users\/2"}],"replies":[{"embeddable":true,"href":"https:\/\/regions-snetap-fsu.fr\/pdl\/wp-json\/wp\/v2\/comments?post=4882"}],"version-history":[{"count":12,"href":"https:\/\/regions-snetap-fsu.fr\/pdl\/wp-json\/wp\/v2\/posts\/4882\/revisions"}],"predecessor-version":[{"id":4903,"href":"https:\/\/regions-snetap-fsu.fr\/pdl\/wp-json\/wp\/v2\/posts\/4882\/revisions\/4903"}],"wp:featuredmedia":[{"embeddable":true,"href":"https:\/\/regions-snetap-fsu.fr\/pdl\/wp-json\/wp\/v2\/media\/4884"}],"wp:attachment":[{"href":"https:\/\/regions-snetap-fsu.fr\/pdl\/wp-json\/wp\/v2\/media?parent=4882"}],"wp:term":[{"taxonomy":"category","embeddable":true,"href":"https:\/\/regions-snetap-fsu.fr\/pdl\/wp-json\/wp\/v2\/categories?post=4882"},{"taxonomy":"post_tag","embeddable":true,"href":"https:\/\/regions-snetap-fsu.fr\/pdl\/wp-json\/wp\/v2\/tags?post=4882"},{"taxonomy":"post_folder","embeddable":true,"href":"https:\/\/regions-snetap-fsu.fr\/pdl\/wp-json\/wp\/v2\/post_folder?post=4882"}],"curies":[{"name":"wp","href":"https:\/\/api.w.org\/{rel}","templated":true}]}}