{"id":4820,"date":"2023-03-05T19:23:15","date_gmt":"2023-03-05T18:23:15","guid":{"rendered":"https:\/\/regions-snetap-fsu.fr\/pdl\/?p=4820"},"modified":"2023-03-05T19:25:34","modified_gmt":"2023-03-05T18:25:34","slug":"1er-comite-social-dadministration-regional-de-lenseignement-agricole-lelan-commun-continue-dagir-pour-les-conditions-de-travail-des-personnels","status":"publish","type":"post","link":"https:\/\/regions-snetap-fsu.fr\/pdl\/2023\/03\/05\/1er-comite-social-dadministration-regional-de-lenseignement-agricole-lelan-commun-continue-dagir-pour-les-conditions-de-travail-des-personnels\/","title":{"rendered":"1er Comit\u00e9 social d&rsquo;administration r\u00e9gional de l&rsquo;enseignement agricole : l&rsquo;Elan Commun continue d&rsquo;agir pour les conditions de travail des personnels"},"content":{"rendered":"<p style=\"text-align: left;\" align=\"center\"><span style=\"font-family: Times New Roman, serif;\"><span style=\"font-size: medium;\"><span style=\"font-family: Arial, serif;\"><span style=\"font-size: large;\"><b>Compte rendu du <\/b><\/span><\/span><span style=\"font-family: Arial, serif;\"><span style=\"font-size: large;\"><b>CSAU-REA des Pays de la Loire<\/b><\/span><\/span><span style=\"font-family: Arial, serif;\"><span style=\"font-size: large;\"><b> du <\/b><\/span><\/span><span style=\"font-family: Arial, serif;\"><span style=\"font-size: large;\"><b>26 janvier<\/b><\/span><\/span><span style=\"font-family: Arial, serif;\"><span style=\"font-size: large;\"><b> 202<\/b><\/span><\/span><span style=\"font-family: Arial, serif;\"><span style=\"font-size: large;\"><b>3<\/b><\/span><\/span><span style=\"font-family: Arial, serif;\"><span style=\"font-size: large;\"><b> (Nantes)<\/b><\/span><\/span><\/span><\/span><\/p>\n<p><span style=\"font-family: Times New Roman, serif;\"><span style=\"font-size: medium;\"><span style=\"font-family: Arial, serif;\">Etaient pr\u00e9sents\u00a0: Mr Jacquemin (DRAAF), Mr N\u00e9non (SRFD), Mme Godiot (SRFD), Mr Vigner (<\/span><span style=\"font-family: Arial, serif;\">ELAN COMMUN-<\/span><span style=\"font-family: Arial, serif;\">SNETAP), Mr Lory (<\/span><span style=\"font-family: Arial, serif;\">ELAN COMMUN-<\/span><span style=\"font-family: Arial, serif;\">SNETAP), Mme Bouget (<\/span><span style=\"font-family: Arial, serif;\">ELAN COMMUN-<\/span><span style=\"font-family: Arial, serif;\">SNETAP), Mr Sorlut (<\/span><span style=\"font-family: Arial, serif;\">ELAN COMMUN-<\/span><span style=\"font-family: Arial, serif;\">SNETAP),Mr Richard (<\/span><span style=\"font-family: Arial, serif;\">ELAN COMMUN-<\/span><span style=\"font-family: Arial, serif;\">SNETAP),Mme Robillard (<\/span><span style=\"font-family: Arial, serif;\">ELAN COMMUN-<\/span><span style=\"font-family: Arial, serif;\">SNETAP), Mme <\/span><span style=\"font-family: Arial, serif;\">BURON<\/span><span style=\"font-family: Arial, serif;\"> (<\/span><span style=\"font-family: Arial, serif;\">ELAN COMMUN-<\/span><span style=\"font-family: Arial, serif;\">S<\/span><span style=\"font-family: Arial, serif;\">ud Rural Territoires<\/span><span style=\"font-family: Arial, serif;\">), Mme Robert (<\/span><span style=\"font-family: Arial, serif;\">ELAN COMMUN-<\/span><span style=\"font-family: Arial, serif;\">SNETAP), Mme M\u00e9tais (<\/span><span style=\"font-family: Arial, serif;\">SEA UNSA<\/span><span style=\"font-family: Arial, serif;\">), Mr R\u00e9tif (<\/span><span style=\"font-family: Arial, serif;\">SEA UNSA<\/span><span style=\"font-family: Arial, serif;\">), Mr Renault (ISST), Mme Balona (AS) et Mme Richard (directrice EPLEFPA <\/span><span style=\"font-family: Arial, serif;\">d\u2019Angers<\/span><span style=\"font-family: Arial, serif;\">). <\/span><\/span><\/span><\/p>\n<p><span style=\"font-family: Times New Roman, serif;\"><span style=\"font-size: medium;\"><span style=\"font-family: Arial, serif;\">La s\u00e9ance d\u00e9bute \u00e0 14h25.<\/span><\/span><\/span><\/p>\n<p><span style=\"font-family: Times New Roman, serif;\"><span style=\"font-size: medium;\"><span style=\"font-family: Arial, serif;\"><b>1\u00b0 Mise en place du CSA U REA<\/b><\/span><\/span><\/span><\/p>\n<ul>\n<li style=\"list-style-type: none;\">\n<ul>\n<li><span style=\"font-size: medium; font-family: Arial, serif;\">9<\/span><span style=\"font-size: medium; font-family: Arial, serif;\"> ELAN commun et 1 <\/span><span style=\"font-size: medium; font-family: Arial, serif;\">SEA UNSA<\/span><\/li>\n<\/ul>\n<\/li>\n<\/ul>\n<ul>\n<li style=\"list-style-type: none;\">\n<ul>\n<li><span style=\"font-family: Arial, serif; font-size: medium;\">Pas de r\u00e8glement int\u00e9rieur pour le moment (en attente de NS)<\/span><\/li>\n<\/ul>\n<\/li>\n<\/ul>\n<ul>\n<li style=\"list-style-type: none;\">\n<ul>\n<li><span style=\"font-family: Arial, serif; font-size: medium;\">nous avons demand\u00e9 \u00e0 ce que l\u2019ensemble des \u00e9lu.es ait acc\u00e8s aux dossiers RESANA des instances<\/span><\/li>\n<\/ul>\n<\/li>\n<\/ul>\n<ul>\n<li style=\"list-style-type: none;\">\n<ul>\n<li><span style=\"font-family: Arial, serif; font-size: medium;\">nous avons demand\u00e9 les r\u00e8gles pour la d\u00e9signation des repr\u00e9sentant.es en CREA, CAEN et commission d\u2019appel<\/span><\/li>\n<\/ul>\n<\/li>\n<\/ul>\n<ul>\n<li style=\"list-style-type: none;\">\n<ul>\n<li><span style=\"font-size: medium; font-family: Arial, serif;\">Les repr\u00e9sentants SEA UNSA<\/span><span style=\"font-size: medium; font-family: Arial, serif;\"> demande<\/span><span style=\"font-size: medium; font-family: Arial, serif;\">nt<\/span><span style=\"font-size: medium; font-family: Arial, serif;\"> une harmonisation du calendrier entre les diff\u00e9rentes instances<\/span><\/li>\n<\/ul>\n<\/li>\n<\/ul>\n<p><span style=\"font-family: Times New Roman, serif;\"><span style=\"font-size: medium;\"><span style=\"font-family: Arial, serif;\"><b>2<\/b><\/span><span style=\"font-family: Arial, serif;\"><b>\u00b0 Formation sp\u00e9cialis\u00e9e (<\/b><\/span><span style=\"font-family: Arial, serif;\"><b>ex-<\/b><\/span><span style=\"font-family: Arial, serif;\"><b>CHSCTREA)<\/b><\/span><\/span><\/span><\/p>\n<ul>\n<li style=\"list-style-type: none;\">\n<ul>\n<li><span style=\"font-size: medium; font-family: Arial, serif;\">9 ELAN COMMUN ET 1 <\/span><span style=\"font-size: medium; font-family: Arial, serif;\">SEA UNSA<\/span><\/li>\n<\/ul>\n<\/li>\n<\/ul>\n<ul>\n<li style=\"list-style-type: none;\">\n<ul>\n<li><span style=\"font-size: medium; font-family: Arial, serif;\">Election de la secr\u00e9taire et de la secr\u00e9taire adjointe : Caroline Robert (<\/span><span style=\"font-size: medium; font-family: Arial, serif;\">Elan Commun-SNETAP<\/span><span style=\"font-size: medium; font-family: Arial, serif;\">) et Val\u00e9rie Bouget (<\/span><span style=\"font-size: medium; font-family: Arial, serif;\">Elan Commun-SNETAP<\/span><span style=\"font-size: medium; font-family: Arial, serif;\">) <\/span><span style=\"font-size: medium; font-family: Arial, serif;\">sont \u00e9lues \u00e0 l\u2019unanimit\u00e9<\/span><\/li>\n<\/ul>\n<\/li>\n<\/ul>\n<ul>\n<li style=\"list-style-type: none;\">\n<ul>\n<li><span style=\"font-family: Arial, serif; font-size: medium;\">Retour des actions du CHSCTREA durant 2022<\/span><\/li>\n<\/ul>\n<\/li>\n<\/ul>\n<p><span style=\"color: #000000;\"><span style=\"font-family: Arial, serif;\"><span style=\"font-size: medium;\"><b>3<\/b><\/span><\/span><\/span><span style=\"color: #000000;\"><span style=\"font-family: Arial, serif;\"><span style=\"font-size: medium;\"><b>\u00b0 Visite du LPA Le Grand Blottereau<\/b><\/span><\/span><\/span><\/p>\n<ul>\n<li style=\"list-style-type: none;\">\n<ul>\n<li><b style=\"font-size: medium; font-family: Arial, serif; color: #000000;\">Lecture du compte rendu et des pr\u00e9conisations\u00a0<\/b><\/li>\n<\/ul>\n<\/li>\n<\/ul>\n<p align=\"justify\"><span style=\"color: #000000;\"><span style=\"font-family: Arial, serif;\"><span style=\"font-size: medium;\"><b> *<\/b><\/span><\/span><\/span><span style=\"color: #000000;\"><span style=\"font-family: Arial, serif;\"><span style=\"font-size: medium;\"> Beaucoup de probl\u00e8mes soulev\u00e9s\u00a0: V\u00e9tust\u00e9 et pr\u00e9carit\u00e9 des locaux, public <\/span><\/span><\/span><span style=\"color: #000000;\"><span style=\"font-family: Arial, serif;\"><span style=\"font-size: medium;\">\u00e0 besoins <\/span><\/span><\/span><span style=\"color: #000000;\"><span style=\"font-family: Arial, serif;\"><span style=\"font-size: medium;\">particulier<\/span><\/span><\/span><span style=\"color: #000000;\"><span style=\"font-family: Arial, serif;\"><span style=\"font-size: medium;\">s<\/span><\/span><\/span><span style=\"color: #000000;\"><span style=\"font-family: Arial, serif;\"><span style=\"font-size: medium;\">, communication interne \u00e0 l\u2019\u00e9tablissement, probl\u00e8me de vestiaire<\/span><\/span><\/span><span style=\"color: #000000;\"><span style=\"font-family: Arial, serif;\"><span style=\"font-size: medium;\">s<\/span><\/span><\/span><span style=\"color: #000000;\"><span style=\"font-family: Arial, serif;\"><span style=\"font-size: medium;\"> aussi bien pour le personnel que les apprenants, probl\u00e8me de restauration (pas de cantine sur place), idem pour l\u2019internat, tout se passe \u00e0 La Collini\u00e8re, \u00e9tablissement Education National<\/span><\/span><\/span><span style=\"color: #000000;\"><span style=\"font-family: Arial, serif;\"><span style=\"font-size: medium;\">e<\/span><\/span><\/span><span style=\"color: #000000;\"><span style=\"font-family: Arial, serif;\"><span style=\"font-size: medium;\">, relation<\/span><\/span><\/span><span style=\"color: #000000;\"><span style=\"font-family: Arial, serif;\"><span style=\"font-size: medium;\">s<\/span><\/span><\/span><span style=\"color: #000000;\"><span style=\"font-family: Arial, serif;\"><span style=\"font-size: medium;\"> tendues, besoin d\u2019avoir des r\u00e9ponses du DRAAF et mise en place d\u2019un plan d\u2019action avec une nouvelle visite en avril 2023.<\/span><\/span><\/span><\/p>\n<ul>\n<li style=\"list-style-type: none;\">\n<ul>\n<li><span style=\"color: #000000;\"><span style=\"font-family: Arial, serif;\"><span style=\"font-size: medium;\"><b>Le DRAAF adjoint s\u2019engage \u00e0 soutenir le Grand Blottereau <\/b><\/span><\/span><\/span><span style=\"color: #000000;\"><span style=\"font-family: Arial, serif;\"><span style=\"font-size: medium;\"><b>et \u00e0 s\u2019y rendre au 15 avril<\/b><\/span><\/span><\/span><\/li>\n<\/ul>\n<\/li>\n<\/ul>\n<ul>\n<li style=\"list-style-type: none;\">\n<ul>\n<li><span style=\"color: #000000;\"><span style=\"font-family: Arial, serif;\"><span style=\"font-size: medium;\"><b>Le SNETAP pr\u00e9voit de rencontrer la mairie de Nantes <\/b><\/span><\/span><\/span><span style=\"color: #000000;\"><span style=\"font-family: Arial, serif;\"><span style=\"font-size: medium;\"><b>et <\/b><\/span><\/span><\/span><span style=\"color: #000000;\"><span style=\"font-family: Arial, serif;\"><span style=\"font-size: medium;\"><b>de<\/b><\/span><\/span><\/span><span style=\"color: #000000;\"><span style=\"font-family: Arial, serif;\"><span style=\"font-size: medium;\"><b> rendre compte aux agents de l\u2019EPL <\/b><\/span><\/span><\/span><span style=\"color: #000000;\"><span style=\"font-family: Arial, serif;\"><span style=\"font-size: medium;\"><b>(HMI pr\u00e9vue le 9 f\u00e9vrier)<\/b><\/span><\/span><\/span><\/li>\n<\/ul>\n<\/li>\n<\/ul>\n<p><span style=\"color: #000000;\"><span style=\"font-family: Arial, serif;\"><span style=\"font-size: medium;\"><b>5\u00b0 Groupe de travail sant\u00e9 prestations (r\u00e9uni le 06\/10\/202<\/b><\/span><\/span><\/span><span style=\"color: #000000;\"><span style=\"font-family: Arial, serif;\"><span style=\"font-size: medium;\"><b>2 et nouvelle r\u00e9union pr\u00e9vue le 1<\/b><\/span><\/span><\/span><span style=\"color: #000000;\"><sup><span style=\"font-family: Arial, serif;\"><span style=\"font-size: medium;\"><b>er<\/b><\/span><\/span><\/sup><\/span><span style=\"color: #000000;\"><span style=\"font-family: Arial, serif;\"><span style=\"font-size: medium;\"><b> mars 2023<\/b><\/span><\/span><\/span><span style=\"color: #000000;\"><span style=\"font-family: Arial, serif;\"><span style=\"font-size: medium;\"><b>)<\/b><\/span><\/span><\/span><\/p>\n<ul>\n<li style=\"list-style-type: none;\">\n<ul>\n<li><span style=\"color: #000000;\"><span style=\"font-family: Arial, serif;\"><span style=\"font-size: medium;\">Affichages RPS, droits aux cong\u00e9s maladie transmis dans les \u00e9tablissements mais souvent pas affich\u00e9s. Rappel aux chefs d\u2019\u00e9tablissement <\/span><\/span><\/span><span style=\"color: #000000;\"><span style=\"font-family: Arial, serif;\"><span style=\"font-size: medium;\">sera fait d\u00e9but f\u00e9vrier lors de la prochaine r\u00e9union des SG<\/span><\/span><\/span><\/li>\n<\/ul>\n<\/li>\n<\/ul>\n<ul>\n<li style=\"list-style-type: none;\">\n<ul>\n<li><span style=\"color: #000000;\"><span style=\"font-family: Arial, serif;\"><span style=\"font-size: medium;\">Guide action social<\/span><\/span><\/span><span style=\"color: #000000;\"><span style=\"font-family: Arial, serif;\"><span style=\"font-size: medium;\">e <\/span><\/span><\/span><span style=\"color: #000000;\"><span style=\"font-family: Arial, serif;\"><span style=\"font-size: medium;\">: en att<\/span><\/span><\/span><span style=\"color: #000000;\"><span style=\"font-family: Arial, serif;\"><span style=\"font-size: medium;\">e<\/span><\/span><\/span><span style=\"color: #000000;\"><span style=\"font-family: Arial, serif;\"><span style=\"font-size: medium;\">nte de la derni\u00e8re note de service, <\/span><\/span><\/span><span style=\"color: #000000;\"><span style=\"font-family: Arial, serif;\"><span style=\"font-size: medium;\">le document est presque termin\u00e9<\/span><\/span><\/span><\/li>\n<\/ul>\n<\/li>\n<\/ul>\n<ul>\n<li style=\"list-style-type: none;\">\n<ul>\n<li><span style=\"color: #000000;\"><span style=\"font-family: Arial, serif;\"><span style=\"font-size: medium;\">Gestion situation<\/span><\/span><\/span><span style=\"color: #000000;\"><span style=\"font-family: Arial, serif;\"><span style=\"font-size: medium;\">s<\/span><\/span><\/span><span style=\"color: #000000;\"><span style=\"font-family: Arial, serif;\"><span style=\"font-size: medium;\"> graves pour les apprenants\u00a0: \u00e9criture d\u2019un protocole et demande de formation <\/span><\/span><\/span><span style=\"color: #000000;\"><span style=\"font-family: Arial, serif;\"><span style=\"font-size: medium;\">(sujet abord\u00e9 le 1\/3)<\/span><\/span><\/span><\/li>\n<\/ul>\n<\/li>\n<\/ul>\n<ul>\n<li style=\"list-style-type: none;\">\n<ul>\n<li><span style=\"color: #000000;\"><span style=\"font-family: Arial, serif;\"><span style=\"font-size: medium;\">EPI : aucune avanc\u00e9e <\/span><\/span><\/span><span style=\"color: #000000;\"><span style=\"font-family: Arial, serif;\"><span style=\"font-size: medium;\">nationale <\/span><\/span><\/span><span style=\"color: #000000;\"><span style=\"font-family: Arial, serif;\"><span style=\"font-size: medium;\">tant que le minist\u00e8re n\u2019\u00e9crit pas une NS avec obligation pour les chefs d\u2019\u00e9tablissements de budg\u00e9tiser les EPI sur le budget de l\u2019\u00e9tablissement. <\/span><\/span><\/span><span style=\"color: #000000;\"><span style=\"font-family: Arial, serif;\"><span style=\"font-size: medium;\">Cependant, un document r\u00e9gional sera mis en place \u00e0 la suite des travaux du groupe.<\/span><\/span><\/span><\/li>\n<\/ul>\n<\/li>\n<\/ul>\n<p><span style=\"color: #000000;\"><span style=\"font-family: Arial, serif;\"><span style=\"font-size: medium;\">Ce travail sera pr\u00e9sent\u00e9 \u00e0 la prochaine formation sp\u00e9cialis\u00e9e.<\/span><\/span><\/span><\/p>\n<p><span style=\"color: #000000;\"><span style=\"font-family: Arial, serif;\"><span style=\"font-size: medium;\"><b>6\u00b0 Coupures \u00e9lectriques<\/b><\/span><\/span><\/span><\/p>\n<ul>\n<li style=\"list-style-type: none;\">\n<ul>\n<li><span style=\"font-size: medium; font-family: Arial, serif; color: #000000;\">Notes adress\u00e9es le 15\/12 aux \u00e9tablissements<\/span><\/li>\n<\/ul>\n<\/li>\n<\/ul>\n<p><span style=\"color: #000000;\"><span style=\"font-family: Arial, serif;\"><span style=\"font-size: medium;\"><b>7\u00b0 Questions diverses pos\u00e9es par le SEA UNSA<\/b><\/span><\/span><\/span><\/p>\n<ul>\n<li style=\"list-style-type: none;\">\n<ul>\n<li><span style=\"color: #000000;\"><span style=\"font-family: Arial, serif;\">Protocole locaux (CFA, CFPPA) : mode pause pour le moment mais reprise d\u2019ici Avril et poursuite si consultation sur les \u00e9tablissements<\/span><\/span><\/li>\n<\/ul>\n<\/li>\n<\/ul>\n<ul>\n<li style=\"list-style-type: none;\">\n<ul>\n<li><span style=\"font-family: Arial, serif; color: #000000;\">Outils informatiques dont FREGATA sont la source de nombreux dysfonctionnements et de souffrance au travail pour les agents administratifs, besoin de formation en pr\u00e9sentielle demande d\u00e9j\u00e0 r\u00e9alis\u00e9e par le SNETAP en octobre 2022.<\/span><\/li>\n<\/ul>\n<\/li>\n<\/ul>\n<ul>\n<li style=\"list-style-type: none;\">\n<ul>\n<li><span style=\"color: #000000;\"><span style=\"font-family: Arial, serif;\">Questions concernant l\u2019organisation des<\/span><\/span><span style=\"color: #000000;\"><span style=\"font-family: Arial, serif;\"> Olympiades et INCLUSCOL <\/span><\/span><span style=\"color: #000000;\"><span style=\"font-family: Arial, serif;\">par l\u2019<\/span><\/span><span style=\"color: #000000;\"><span style=\"font-family: Arial, serif;\">Education Nationale. <\/span><\/span><span style=\"color: #000000;\"><span style=\"font-family: Arial, serif;\">Le SRFD indique ne pas avoir <\/span><\/span><span style=\"color: #000000;\"><span style=\"font-family: Arial, serif;\">la main dessus.<\/span><\/span><\/li>\n<\/ul>\n<\/li>\n<\/ul>\n<p style=\"text-align: right;\"><strong>Pour les \u00e9lus de l&rsquo;ELAN COMMUN<\/strong><\/p>\n<p style=\"text-align: right;\"><strong>Caroline ROBERT, secr\u00e9taire de la formation sp\u00e9cialis\u00e9e Sant\u00e9-S\u00e9curit\u00e9 <\/strong><\/p>\n<p style=\"text-align: right;\"><strong>et Conditions de travail du CSAU-REA des Pays de la Loire<\/strong><\/p>\n","protected":false},"excerpt":{"rendered":"<p>Compte rendu du CSAU-REA des Pays de la Loire du 26 janvier 2023 (Nantes) Etaient pr\u00e9sents\u00a0: Mr Jacquemin (DRAAF), Mr N\u00e9non (SRFD), Mme Godiot (SRFD), Mr Vigner (ELAN COMMUN-SNETAP), Mr Lory (ELAN COMMUN-SNETAP), Mme Bouget (ELAN COMMUN-SNETAP), Mr Sorlut (ELAN COMMUN-SNETAP),Mr Richard (ELAN COMMUN-SNETAP),Mme Robillard (ELAN COMMUN-SNETAP), Mme BURON (ELAN COMMUN-Sud Rural Territoires), Mme Robert [&hellip;]<\/p>\n","protected":false},"author":2,"featured_media":3647,"comment_status":"closed","ping_status":"closed","sticky":false,"template":"","format":"standard","meta":{"ocean_post_layout":"","ocean_both_sidebars_style":"","ocean_both_sidebars_content_width":0,"ocean_both_sidebars_sidebars_width":0,"ocean_sidebar":"0","ocean_second_sidebar":"0","ocean_disable_margins":"enable","ocean_add_body_class":"","ocean_shortcode_before_top_bar":"","ocean_shortcode_after_top_bar":"","ocean_shortcode_before_header":"","ocean_shortcode_after_header":"","ocean_has_shortcode":"","ocean_shortcode_after_title":"","ocean_shortcode_before_footer_widgets":"","ocean_shortcode_after_footer_widgets":"","ocean_shortcode_before_footer_bottom":"","ocean_shortcode_after_footer_bottom":"","ocean_display_top_bar":"default","ocean_display_header":"default","ocean_header_style":"","ocean_center_header_left_menu":"0","ocean_custom_header_template":"0","ocean_custom_logo":0,"ocean_custom_retina_logo":0,"ocean_custom_logo_max_width":0,"ocean_custom_logo_tablet_max_width":0,"ocean_custom_logo_mobile_max_width":0,"ocean_custom_logo_max_height":0,"ocean_custom_logo_tablet_max_height":0,"ocean_custom_logo_mobile_max_height":0,"ocean_header_custom_menu":"0","ocean_menu_typo_font_family":"0","ocean_menu_typo_font_subset":"","ocean_menu_typo_font_size":0,"ocean_menu_typo_font_size_tablet":0,"ocean_menu_typo_font_size_mobile":0,"ocean_menu_typo_font_size_unit":"px","ocean_menu_typo_font_weight":"","ocean_menu_typo_font_weight_tablet":"","ocean_menu_typo_font_weight_mobile":"","ocean_menu_typo_transform":"","ocean_menu_typo_transform_tablet":"","ocean_menu_typo_transform_mobile":"","ocean_menu_typo_line_height":0,"ocean_menu_typo_line_height_tablet":0,"ocean_menu_typo_line_height_mobile":0,"ocean_menu_typo_line_height_unit":"","ocean_menu_typo_spacing":0,"ocean_menu_typo_spacing_tablet":0,"ocean_menu_typo_spacing_mobile":0,"ocean_menu_typo_spacing_unit":"","ocean_menu_link_color":"","ocean_menu_link_color_hover":"","ocean_menu_link_color_active":"","ocean_menu_link_background":"","ocean_menu_link_hover_background":"","ocean_menu_link_active_background":"","ocean_menu_social_links_bg":"","ocean_menu_social_hover_links_bg":"","ocean_menu_social_links_color":"","ocean_menu_social_hover_links_color":"","ocean_disable_title":"default","ocean_disable_heading":"default","ocean_post_title":"","ocean_post_subheading":"","ocean_post_title_style":"","ocean_post_title_background_color":"","ocean_post_title_background":0,"ocean_post_title_bg_image_position":"","ocean_post_title_bg_image_attachment":"","ocean_post_title_bg_image_repeat":"","ocean_post_title_bg_image_size":"","ocean_post_title_height":0,"ocean_post_title_bg_overlay":0.5,"ocean_post_title_bg_overlay_color":"","ocean_disable_breadcrumbs":"default","ocean_breadcrumbs_color":"","ocean_breadcrumbs_separator_color":"","ocean_breadcrumbs_links_color":"","ocean_breadcrumbs_links_hover_color":"","ocean_display_footer_widgets":"default","ocean_display_footer_bottom":"default","ocean_custom_footer_template":"0","ocean_post_oembed":"","ocean_post_self_hosted_media":"","ocean_post_video_embed":"","ocean_link_format":"","ocean_link_format_target":"self","ocean_quote_format":"","ocean_quote_format_link":"post","ocean_gallery_link_images":"off","ocean_gallery_id":[],"footnotes":""},"categories":[11],"tags":[],"post_folder":[],"class_list":["post-4820","post","type-post","status-publish","format-standard","has-post-thumbnail","hentry","category-chsctrea","entry","has-media"],"yoast_head":"<!-- This site is optimized with the Yoast SEO plugin v27.4 - https:\/\/yoast.com\/product\/yoast-seo-wordpress\/ -->\n<title>1er Comit\u00e9 social d&#039;administration r\u00e9gional de l&#039;enseignement agricole : l&#039;Elan Commun continue d&#039;agir pour les conditions de travail des personnels - PAYS DE LA LOIRE<\/title>\n<meta name=\"robots\" content=\"index, follow, max-snippet:-1, max-image-preview:large, max-video-preview:-1\" \/>\n<link rel=\"canonical\" href=\"https:\/\/regions-snetap-fsu.fr\/pdl\/2023\/03\/05\/1er-comite-social-dadministration-regional-de-lenseignement-agricole-lelan-commun-continue-dagir-pour-les-conditions-de-travail-des-personnels\/\" \/>\n<meta property=\"og:locale\" content=\"fr_FR\" \/>\n<meta property=\"og:type\" content=\"article\" \/>\n<meta property=\"og:title\" content=\"1er Comit\u00e9 social d&#039;administration r\u00e9gional de l&#039;enseignement agricole : l&#039;Elan Commun continue d&#039;agir pour les conditions de travail des personnels - PAYS DE LA LOIRE\" \/>\n<meta property=\"og:description\" content=\"Compte rendu du CSAU-REA des Pays de la Loire du 26 janvier 2023 (Nantes) Etaient pr\u00e9sents\u00a0: Mr Jacquemin (DRAAF), Mr N\u00e9non (SRFD), Mme Godiot (SRFD), Mr Vigner (ELAN COMMUN-SNETAP), Mr Lory (ELAN COMMUN-SNETAP), Mme Bouget (ELAN COMMUN-SNETAP), Mr Sorlut (ELAN COMMUN-SNETAP),Mr Richard (ELAN COMMUN-SNETAP),Mme Robillard (ELAN COMMUN-SNETAP), Mme BURON (ELAN COMMUN-Sud Rural Territoires), Mme Robert [&hellip;]\" \/>\n<meta property=\"og:url\" content=\"https:\/\/regions-snetap-fsu.fr\/pdl\/2023\/03\/05\/1er-comite-social-dadministration-regional-de-lenseignement-agricole-lelan-commun-continue-dagir-pour-les-conditions-de-travail-des-personnels\/\" \/>\n<meta property=\"og:site_name\" content=\"PAYS DE LA LOIRE\" \/>\n<meta property=\"article:published_time\" content=\"2023-03-05T18:23:15+00:00\" \/>\n<meta property=\"article:modified_time\" content=\"2023-03-05T18:25:34+00:00\" \/>\n<meta property=\"og:image\" content=\"https:\/\/regions-snetap-fsu.fr\/pdl\/wp-content\/uploads\/sites\/4\/2020\/09\/chsct_une_responsabilite_a_double_sens.jpg\" \/>\n\t<meta property=\"og:image:width\" content=\"1600\" \/>\n\t<meta property=\"og:image:height\" content=\"550\" \/>\n\t<meta property=\"og:image:type\" content=\"image\/jpeg\" \/>\n<meta name=\"author\" content=\"yvigner\" \/>\n<meta name=\"twitter:card\" content=\"summary_large_image\" \/>\n<meta name=\"twitter:label1\" content=\"\u00c9crit par\" \/>\n\t<meta name=\"twitter:data1\" content=\"yvigner\" \/>\n\t<meta name=\"twitter:label2\" content=\"Dur\u00e9e de lecture estim\u00e9e\" \/>\n\t<meta name=\"twitter:data2\" content=\"3 minutes\" \/>\n<script type=\"application\/ld+json\" class=\"yoast-schema-graph\">{\"@context\":\"https:\\\/\\\/schema.org\",\"@graph\":[{\"@type\":\"Article\",\"@id\":\"https:\\\/\\\/regions-snetap-fsu.fr\\\/pdl\\\/2023\\\/03\\\/05\\\/1er-comite-social-dadministration-regional-de-lenseignement-agricole-lelan-commun-continue-dagir-pour-les-conditions-de-travail-des-personnels\\\/#article\",\"isPartOf\":{\"@id\":\"https:\\\/\\\/regions-snetap-fsu.fr\\\/pdl\\\/2023\\\/03\\\/05\\\/1er-comite-social-dadministration-regional-de-lenseignement-agricole-lelan-commun-continue-dagir-pour-les-conditions-de-travail-des-personnels\\\/\"},\"author\":{\"name\":\"yvigner\",\"@id\":\"https:\\\/\\\/regions-snetap-fsu.fr\\\/pdl\\\/#\\\/schema\\\/person\\\/d4530af043f9e8d27bdd71c468ec93b1\"},\"headline\":\"1er Comit\u00e9 social d&rsquo;administration r\u00e9gional de l&rsquo;enseignement agricole : l&rsquo;Elan Commun continue d&rsquo;agir pour les conditions de travail des personnels\",\"datePublished\":\"2023-03-05T18:23:15+00:00\",\"dateModified\":\"2023-03-05T18:25:34+00:00\",\"mainEntityOfPage\":{\"@id\":\"https:\\\/\\\/regions-snetap-fsu.fr\\\/pdl\\\/2023\\\/03\\\/05\\\/1er-comite-social-dadministration-regional-de-lenseignement-agricole-lelan-commun-continue-dagir-pour-les-conditions-de-travail-des-personnels\\\/\"},\"wordCount\":654,\"publisher\":{\"@id\":\"https:\\\/\\\/regions-snetap-fsu.fr\\\/pdl\\\/#organization\"},\"image\":{\"@id\":\"https:\\\/\\\/regions-snetap-fsu.fr\\\/pdl\\\/2023\\\/03\\\/05\\\/1er-comite-social-dadministration-regional-de-lenseignement-agricole-lelan-commun-continue-dagir-pour-les-conditions-de-travail-des-personnels\\\/#primaryimage\"},\"thumbnailUrl\":\"https:\\\/\\\/regions-snetap-fsu.fr\\\/pdl\\\/wp-content\\\/uploads\\\/sites\\\/4\\\/2020\\\/09\\\/chsct_une_responsabilite_a_double_sens.jpg\",\"articleSection\":[\"Formation sp\u00e9cialis\u00e9e Sant\u00e9 et S\u00e9curit\u00e9 au travail (ex-CHSCTREA)\"],\"inLanguage\":\"fr-FR\"},{\"@type\":\"WebPage\",\"@id\":\"https:\\\/\\\/regions-snetap-fsu.fr\\\/pdl\\\/2023\\\/03\\\/05\\\/1er-comite-social-dadministration-regional-de-lenseignement-agricole-lelan-commun-continue-dagir-pour-les-conditions-de-travail-des-personnels\\\/\",\"url\":\"https:\\\/\\\/regions-snetap-fsu.fr\\\/pdl\\\/2023\\\/03\\\/05\\\/1er-comite-social-dadministration-regional-de-lenseignement-agricole-lelan-commun-continue-dagir-pour-les-conditions-de-travail-des-personnels\\\/\",\"name\":\"1er Comit\u00e9 social d'administration r\u00e9gional de l'enseignement agricole : l'Elan Commun continue d'agir pour les conditions de travail des personnels - PAYS DE LA LOIRE\",\"isPartOf\":{\"@id\":\"https:\\\/\\\/regions-snetap-fsu.fr\\\/pdl\\\/#website\"},\"primaryImageOfPage\":{\"@id\":\"https:\\\/\\\/regions-snetap-fsu.fr\\\/pdl\\\/2023\\\/03\\\/05\\\/1er-comite-social-dadministration-regional-de-lenseignement-agricole-lelan-commun-continue-dagir-pour-les-conditions-de-travail-des-personnels\\\/#primaryimage\"},\"image\":{\"@id\":\"https:\\\/\\\/regions-snetap-fsu.fr\\\/pdl\\\/2023\\\/03\\\/05\\\/1er-comite-social-dadministration-regional-de-lenseignement-agricole-lelan-commun-continue-dagir-pour-les-conditions-de-travail-des-personnels\\\/#primaryimage\"},\"thumbnailUrl\":\"https:\\\/\\\/regions-snetap-fsu.fr\\\/pdl\\\/wp-content\\\/uploads\\\/sites\\\/4\\\/2020\\\/09\\\/chsct_une_responsabilite_a_double_sens.jpg\",\"datePublished\":\"2023-03-05T18:23:15+00:00\",\"dateModified\":\"2023-03-05T18:25:34+00:00\",\"breadcrumb\":{\"@id\":\"https:\\\/\\\/regions-snetap-fsu.fr\\\/pdl\\\/2023\\\/03\\\/05\\\/1er-comite-social-dadministration-regional-de-lenseignement-agricole-lelan-commun-continue-dagir-pour-les-conditions-de-travail-des-personnels\\\/#breadcrumb\"},\"inLanguage\":\"fr-FR\",\"potentialAction\":[{\"@type\":\"ReadAction\",\"target\":[\"https:\\\/\\\/regions-snetap-fsu.fr\\\/pdl\\\/2023\\\/03\\\/05\\\/1er-comite-social-dadministration-regional-de-lenseignement-agricole-lelan-commun-continue-dagir-pour-les-conditions-de-travail-des-personnels\\\/\"]}]},{\"@type\":\"ImageObject\",\"inLanguage\":\"fr-FR\",\"@id\":\"https:\\\/\\\/regions-snetap-fsu.fr\\\/pdl\\\/2023\\\/03\\\/05\\\/1er-comite-social-dadministration-regional-de-lenseignement-agricole-lelan-commun-continue-dagir-pour-les-conditions-de-travail-des-personnels\\\/#primaryimage\",\"url\":\"https:\\\/\\\/regions-snetap-fsu.fr\\\/pdl\\\/wp-content\\\/uploads\\\/sites\\\/4\\\/2020\\\/09\\\/chsct_une_responsabilite_a_double_sens.jpg\",\"contentUrl\":\"https:\\\/\\\/regions-snetap-fsu.fr\\\/pdl\\\/wp-content\\\/uploads\\\/sites\\\/4\\\/2020\\\/09\\\/chsct_une_responsabilite_a_double_sens.jpg\",\"width\":1600,\"height\":550},{\"@type\":\"BreadcrumbList\",\"@id\":\"https:\\\/\\\/regions-snetap-fsu.fr\\\/pdl\\\/2023\\\/03\\\/05\\\/1er-comite-social-dadministration-regional-de-lenseignement-agricole-lelan-commun-continue-dagir-pour-les-conditions-de-travail-des-personnels\\\/#breadcrumb\",\"itemListElement\":[{\"@type\":\"ListItem\",\"position\":1,\"name\":\"Accueil\",\"item\":\"https:\\\/\\\/regions-snetap-fsu.fr\\\/pdl\\\/\"},{\"@type\":\"ListItem\",\"position\":2,\"name\":\"1er Comit\u00e9 social d&rsquo;administration r\u00e9gional de l&rsquo;enseignement agricole : l&rsquo;Elan Commun continue d&rsquo;agir pour les conditions de travail des personnels\"}]},{\"@type\":\"WebSite\",\"@id\":\"https:\\\/\\\/regions-snetap-fsu.fr\\\/pdl\\\/#website\",\"url\":\"https:\\\/\\\/regions-snetap-fsu.fr\\\/pdl\\\/\",\"name\":\"SNETAP-FSU PAYS DE LA LOIRE\",\"description\":\"SECTION REGIONALE\",\"publisher\":{\"@id\":\"https:\\\/\\\/regions-snetap-fsu.fr\\\/pdl\\\/#organization\"},\"potentialAction\":[{\"@type\":\"SearchAction\",\"target\":{\"@type\":\"EntryPoint\",\"urlTemplate\":\"https:\\\/\\\/regions-snetap-fsu.fr\\\/pdl\\\/?s={search_term_string}\"},\"query-input\":{\"@type\":\"PropertyValueSpecification\",\"valueRequired\":true,\"valueName\":\"search_term_string\"}}],\"inLanguage\":\"fr-FR\"},{\"@type\":\"Organization\",\"@id\":\"https:\\\/\\\/regions-snetap-fsu.fr\\\/pdl\\\/#organization\",\"name\":\"SNETAP-FSU Pays de Loire\",\"url\":\"https:\\\/\\\/regions-snetap-fsu.fr\\\/pdl\\\/\",\"logo\":{\"@type\":\"ImageObject\",\"inLanguage\":\"fr-FR\",\"@id\":\"https:\\\/\\\/regions-snetap-fsu.fr\\\/pdl\\\/#\\\/schema\\\/logo\\\/image\\\/\",\"url\":\"https:\\\/\\\/regions-snetap-fsu.fr\\\/pdl\\\/wp-content\\\/uploads\\\/sites\\\/4\\\/2020\\\/12\\\/SNETAP-Logo.jpg\",\"contentUrl\":\"https:\\\/\\\/regions-snetap-fsu.fr\\\/pdl\\\/wp-content\\\/uploads\\\/sites\\\/4\\\/2020\\\/12\\\/SNETAP-Logo.jpg\",\"width\":464,\"height\":334,\"caption\":\"SNETAP-FSU Pays de Loire\"},\"image\":{\"@id\":\"https:\\\/\\\/regions-snetap-fsu.fr\\\/pdl\\\/#\\\/schema\\\/logo\\\/image\\\/\"}},{\"@type\":\"Person\",\"@id\":\"https:\\\/\\\/regions-snetap-fsu.fr\\\/pdl\\\/#\\\/schema\\\/person\\\/d4530af043f9e8d27bdd71c468ec93b1\",\"name\":\"yvigner\",\"image\":{\"@type\":\"ImageObject\",\"inLanguage\":\"fr-FR\",\"@id\":\"https:\\\/\\\/secure.gravatar.com\\\/avatar\\\/bc72baa6f2406549aecf77a837bc4f03dbe88472c1762138f868571430a23820?s=96&d=mm&r=g\",\"url\":\"https:\\\/\\\/secure.gravatar.com\\\/avatar\\\/bc72baa6f2406549aecf77a837bc4f03dbe88472c1762138f868571430a23820?s=96&d=mm&r=g\",\"contentUrl\":\"https:\\\/\\\/secure.gravatar.com\\\/avatar\\\/bc72baa6f2406549aecf77a837bc4f03dbe88472c1762138f868571430a23820?s=96&d=mm&r=g\",\"caption\":\"yvigner\"},\"url\":\"https:\\\/\\\/regions-snetap-fsu.fr\\\/pdl\\\/author\\\/yvigner\\\/\"}]}<\/script>\n<!-- \/ Yoast SEO plugin. -->","yoast_head_json":{"title":"1er Comit\u00e9 social d'administration r\u00e9gional de l'enseignement agricole : l'Elan Commun continue d'agir pour les conditions de travail des personnels - PAYS DE LA LOIRE","robots":{"index":"index","follow":"follow","max-snippet":"max-snippet:-1","max-image-preview":"max-image-preview:large","max-video-preview":"max-video-preview:-1"},"canonical":"https:\/\/regions-snetap-fsu.fr\/pdl\/2023\/03\/05\/1er-comite-social-dadministration-regional-de-lenseignement-agricole-lelan-commun-continue-dagir-pour-les-conditions-de-travail-des-personnels\/","og_locale":"fr_FR","og_type":"article","og_title":"1er Comit\u00e9 social d'administration r\u00e9gional de l'enseignement agricole : l'Elan Commun continue d'agir pour les conditions de travail des personnels - PAYS DE LA LOIRE","og_description":"Compte rendu du CSAU-REA des Pays de la Loire du 26 janvier 2023 (Nantes) Etaient pr\u00e9sents\u00a0: Mr Jacquemin (DRAAF), Mr N\u00e9non (SRFD), Mme Godiot (SRFD), Mr Vigner (ELAN COMMUN-SNETAP), Mr Lory (ELAN COMMUN-SNETAP), Mme Bouget (ELAN COMMUN-SNETAP), Mr Sorlut (ELAN COMMUN-SNETAP),Mr Richard (ELAN COMMUN-SNETAP),Mme Robillard (ELAN COMMUN-SNETAP), Mme BURON (ELAN COMMUN-Sud Rural Territoires), Mme Robert [&hellip;]","og_url":"https:\/\/regions-snetap-fsu.fr\/pdl\/2023\/03\/05\/1er-comite-social-dadministration-regional-de-lenseignement-agricole-lelan-commun-continue-dagir-pour-les-conditions-de-travail-des-personnels\/","og_site_name":"PAYS DE LA LOIRE","article_published_time":"2023-03-05T18:23:15+00:00","article_modified_time":"2023-03-05T18:25:34+00:00","og_image":[{"width":1600,"height":550,"url":"https:\/\/regions-snetap-fsu.fr\/pdl\/wp-content\/uploads\/sites\/4\/2020\/09\/chsct_une_responsabilite_a_double_sens.jpg","type":"image\/jpeg"}],"author":"yvigner","twitter_card":"summary_large_image","twitter_misc":{"\u00c9crit par":"yvigner","Dur\u00e9e de lecture estim\u00e9e":"3 minutes"},"schema":{"@context":"https:\/\/schema.org","@graph":[{"@type":"Article","@id":"https:\/\/regions-snetap-fsu.fr\/pdl\/2023\/03\/05\/1er-comite-social-dadministration-regional-de-lenseignement-agricole-lelan-commun-continue-dagir-pour-les-conditions-de-travail-des-personnels\/#article","isPartOf":{"@id":"https:\/\/regions-snetap-fsu.fr\/pdl\/2023\/03\/05\/1er-comite-social-dadministration-regional-de-lenseignement-agricole-lelan-commun-continue-dagir-pour-les-conditions-de-travail-des-personnels\/"},"author":{"name":"yvigner","@id":"https:\/\/regions-snetap-fsu.fr\/pdl\/#\/schema\/person\/d4530af043f9e8d27bdd71c468ec93b1"},"headline":"1er Comit\u00e9 social d&rsquo;administration r\u00e9gional de l&rsquo;enseignement agricole : l&rsquo;Elan Commun continue d&rsquo;agir pour les conditions de travail des personnels","datePublished":"2023-03-05T18:23:15+00:00","dateModified":"2023-03-05T18:25:34+00:00","mainEntityOfPage":{"@id":"https:\/\/regions-snetap-fsu.fr\/pdl\/2023\/03\/05\/1er-comite-social-dadministration-regional-de-lenseignement-agricole-lelan-commun-continue-dagir-pour-les-conditions-de-travail-des-personnels\/"},"wordCount":654,"publisher":{"@id":"https:\/\/regions-snetap-fsu.fr\/pdl\/#organization"},"image":{"@id":"https:\/\/regions-snetap-fsu.fr\/pdl\/2023\/03\/05\/1er-comite-social-dadministration-regional-de-lenseignement-agricole-lelan-commun-continue-dagir-pour-les-conditions-de-travail-des-personnels\/#primaryimage"},"thumbnailUrl":"https:\/\/regions-snetap-fsu.fr\/pdl\/wp-content\/uploads\/sites\/4\/2020\/09\/chsct_une_responsabilite_a_double_sens.jpg","articleSection":["Formation sp\u00e9cialis\u00e9e Sant\u00e9 et S\u00e9curit\u00e9 au travail (ex-CHSCTREA)"],"inLanguage":"fr-FR"},{"@type":"WebPage","@id":"https:\/\/regions-snetap-fsu.fr\/pdl\/2023\/03\/05\/1er-comite-social-dadministration-regional-de-lenseignement-agricole-lelan-commun-continue-dagir-pour-les-conditions-de-travail-des-personnels\/","url":"https:\/\/regions-snetap-fsu.fr\/pdl\/2023\/03\/05\/1er-comite-social-dadministration-regional-de-lenseignement-agricole-lelan-commun-continue-dagir-pour-les-conditions-de-travail-des-personnels\/","name":"1er Comit\u00e9 social d'administration r\u00e9gional de l'enseignement agricole : l'Elan Commun continue d'agir pour les conditions de travail des personnels - PAYS DE LA LOIRE","isPartOf":{"@id":"https:\/\/regions-snetap-fsu.fr\/pdl\/#website"},"primaryImageOfPage":{"@id":"https:\/\/regions-snetap-fsu.fr\/pdl\/2023\/03\/05\/1er-comite-social-dadministration-regional-de-lenseignement-agricole-lelan-commun-continue-dagir-pour-les-conditions-de-travail-des-personnels\/#primaryimage"},"image":{"@id":"https:\/\/regions-snetap-fsu.fr\/pdl\/2023\/03\/05\/1er-comite-social-dadministration-regional-de-lenseignement-agricole-lelan-commun-continue-dagir-pour-les-conditions-de-travail-des-personnels\/#primaryimage"},"thumbnailUrl":"https:\/\/regions-snetap-fsu.fr\/pdl\/wp-content\/uploads\/sites\/4\/2020\/09\/chsct_une_responsabilite_a_double_sens.jpg","datePublished":"2023-03-05T18:23:15+00:00","dateModified":"2023-03-05T18:25:34+00:00","breadcrumb":{"@id":"https:\/\/regions-snetap-fsu.fr\/pdl\/2023\/03\/05\/1er-comite-social-dadministration-regional-de-lenseignement-agricole-lelan-commun-continue-dagir-pour-les-conditions-de-travail-des-personnels\/#breadcrumb"},"inLanguage":"fr-FR","potentialAction":[{"@type":"ReadAction","target":["https:\/\/regions-snetap-fsu.fr\/pdl\/2023\/03\/05\/1er-comite-social-dadministration-regional-de-lenseignement-agricole-lelan-commun-continue-dagir-pour-les-conditions-de-travail-des-personnels\/"]}]},{"@type":"ImageObject","inLanguage":"fr-FR","@id":"https:\/\/regions-snetap-fsu.fr\/pdl\/2023\/03\/05\/1er-comite-social-dadministration-regional-de-lenseignement-agricole-lelan-commun-continue-dagir-pour-les-conditions-de-travail-des-personnels\/#primaryimage","url":"https:\/\/regions-snetap-fsu.fr\/pdl\/wp-content\/uploads\/sites\/4\/2020\/09\/chsct_une_responsabilite_a_double_sens.jpg","contentUrl":"https:\/\/regions-snetap-fsu.fr\/pdl\/wp-content\/uploads\/sites\/4\/2020\/09\/chsct_une_responsabilite_a_double_sens.jpg","width":1600,"height":550},{"@type":"BreadcrumbList","@id":"https:\/\/regions-snetap-fsu.fr\/pdl\/2023\/03\/05\/1er-comite-social-dadministration-regional-de-lenseignement-agricole-lelan-commun-continue-dagir-pour-les-conditions-de-travail-des-personnels\/#breadcrumb","itemListElement":[{"@type":"ListItem","position":1,"name":"Accueil","item":"https:\/\/regions-snetap-fsu.fr\/pdl\/"},{"@type":"ListItem","position":2,"name":"1er Comit\u00e9 social d&rsquo;administration r\u00e9gional de l&rsquo;enseignement agricole : l&rsquo;Elan Commun continue d&rsquo;agir pour les conditions de travail des personnels"}]},{"@type":"WebSite","@id":"https:\/\/regions-snetap-fsu.fr\/pdl\/#website","url":"https:\/\/regions-snetap-fsu.fr\/pdl\/","name":"SNETAP-FSU PAYS DE LA LOIRE","description":"SECTION REGIONALE","publisher":{"@id":"https:\/\/regions-snetap-fsu.fr\/pdl\/#organization"},"potentialAction":[{"@type":"SearchAction","target":{"@type":"EntryPoint","urlTemplate":"https:\/\/regions-snetap-fsu.fr\/pdl\/?s={search_term_string}"},"query-input":{"@type":"PropertyValueSpecification","valueRequired":true,"valueName":"search_term_string"}}],"inLanguage":"fr-FR"},{"@type":"Organization","@id":"https:\/\/regions-snetap-fsu.fr\/pdl\/#organization","name":"SNETAP-FSU Pays de Loire","url":"https:\/\/regions-snetap-fsu.fr\/pdl\/","logo":{"@type":"ImageObject","inLanguage":"fr-FR","@id":"https:\/\/regions-snetap-fsu.fr\/pdl\/#\/schema\/logo\/image\/","url":"https:\/\/regions-snetap-fsu.fr\/pdl\/wp-content\/uploads\/sites\/4\/2020\/12\/SNETAP-Logo.jpg","contentUrl":"https:\/\/regions-snetap-fsu.fr\/pdl\/wp-content\/uploads\/sites\/4\/2020\/12\/SNETAP-Logo.jpg","width":464,"height":334,"caption":"SNETAP-FSU Pays de Loire"},"image":{"@id":"https:\/\/regions-snetap-fsu.fr\/pdl\/#\/schema\/logo\/image\/"}},{"@type":"Person","@id":"https:\/\/regions-snetap-fsu.fr\/pdl\/#\/schema\/person\/d4530af043f9e8d27bdd71c468ec93b1","name":"yvigner","image":{"@type":"ImageObject","inLanguage":"fr-FR","@id":"https:\/\/secure.gravatar.com\/avatar\/bc72baa6f2406549aecf77a837bc4f03dbe88472c1762138f868571430a23820?s=96&d=mm&r=g","url":"https:\/\/secure.gravatar.com\/avatar\/bc72baa6f2406549aecf77a837bc4f03dbe88472c1762138f868571430a23820?s=96&d=mm&r=g","contentUrl":"https:\/\/secure.gravatar.com\/avatar\/bc72baa6f2406549aecf77a837bc4f03dbe88472c1762138f868571430a23820?s=96&d=mm&r=g","caption":"yvigner"},"url":"https:\/\/regions-snetap-fsu.fr\/pdl\/author\/yvigner\/"}]}},"_links":{"self":[{"href":"https:\/\/regions-snetap-fsu.fr\/pdl\/wp-json\/wp\/v2\/posts\/4820","targetHints":{"allow":["GET"]}}],"collection":[{"href":"https:\/\/regions-snetap-fsu.fr\/pdl\/wp-json\/wp\/v2\/posts"}],"about":[{"href":"https:\/\/regions-snetap-fsu.fr\/pdl\/wp-json\/wp\/v2\/types\/post"}],"author":[{"embeddable":true,"href":"https:\/\/regions-snetap-fsu.fr\/pdl\/wp-json\/wp\/v2\/users\/2"}],"replies":[{"embeddable":true,"href":"https:\/\/regions-snetap-fsu.fr\/pdl\/wp-json\/wp\/v2\/comments?post=4820"}],"version-history":[{"count":3,"href":"https:\/\/regions-snetap-fsu.fr\/pdl\/wp-json\/wp\/v2\/posts\/4820\/revisions"}],"predecessor-version":[{"id":4823,"href":"https:\/\/regions-snetap-fsu.fr\/pdl\/wp-json\/wp\/v2\/posts\/4820\/revisions\/4823"}],"wp:featuredmedia":[{"embeddable":true,"href":"https:\/\/regions-snetap-fsu.fr\/pdl\/wp-json\/wp\/v2\/media\/3647"}],"wp:attachment":[{"href":"https:\/\/regions-snetap-fsu.fr\/pdl\/wp-json\/wp\/v2\/media?parent=4820"}],"wp:term":[{"taxonomy":"category","embeddable":true,"href":"https:\/\/regions-snetap-fsu.fr\/pdl\/wp-json\/wp\/v2\/categories?post=4820"},{"taxonomy":"post_tag","embeddable":true,"href":"https:\/\/regions-snetap-fsu.fr\/pdl\/wp-json\/wp\/v2\/tags?post=4820"},{"taxonomy":"post_folder","embeddable":true,"href":"https:\/\/regions-snetap-fsu.fr\/pdl\/wp-json\/wp\/v2\/post_folder?post=4820"}],"curies":[{"name":"wp","href":"https:\/\/api.w.org\/{rel}","templated":true}]}}