{"id":4754,"date":"2022-12-29T12:02:18","date_gmt":"2022-12-29T11:02:18","guid":{"rendered":"https:\/\/regions-snetap-fsu.fr\/pdl\/?p=4754"},"modified":"2022-12-29T12:02:18","modified_gmt":"2022-12-29T11:02:18","slug":"chsctrea-des-pays-de-la-loire-continuer-a-porter-les-demandes-des-agent-es-continuer-de-defendre-vos-conditions-de-travail","status":"publish","type":"post","link":"https:\/\/regions-snetap-fsu.fr\/pdl\/2022\/12\/29\/chsctrea-des-pays-de-la-loire-continuer-a-porter-les-demandes-des-agent-es-continuer-de-defendre-vos-conditions-de-travail\/","title":{"rendered":"CHSCTREA des Pays de la Loire&#8230;Continuer \u00e0 porter les demandes des agent.es. Continuer de d\u00e9fendre vos conditions de travail."},"content":{"rendered":"<p align=\"justify\"><span style=\"font-family: Arial, sans-serif;\">Le 13 octobre dernier, s\u2019est tenu \u00e0 Nantes le CHSCTREA des Pays de la Loire. Voici quelques \u00e9l\u00e9ments de compte rendu. <\/span><\/p>\n<p align=\"justify\"><span style=\"font-family: Arial, sans-serif;\"><b>Une pand\u00e9mie de COVID qui n\u2019est pas termin\u00e9e. <\/b><\/span><\/p>\n<p align=\"justify\"><span style=\"font-family: Arial, sans-serif;\">Alors que nous constatons une augmentation des cas dans les \u00e9tablissements (et une surcharge de travail pour les services infirmerie), la situation est, selon la DGER, contenue et donc le niveau est normal. Nous constatons une baisse de la vigilance dans les \u00e9tablissement (masque, distanciation, protocole cas contact). Le SRFD annonce une nouvelle dotation en masque sans avoir d\u2019information pour les autotests A notre demande, un rappel des consignes COVID sera faite lors de la prochaine r\u00e9union des chefs d\u2019\u00e9tablissements. <\/span><\/p>\n<p align=\"justify\"><span style=\"font-family: Arial, sans-serif;\"><span style=\"font-size: medium;\"><b>Des dossiers qui restent bloqu\u00e9s mais que nous continuons de suivre (retour sur les avis du dernier CHSCTREA)<\/b><\/span><\/span><\/p>\n<p align=\"justify\"><span style=\"font-family: Arial, sans-serif;\">Concernant l\u2019\u00e9valuation des impacts de la crise sanitaire : une enqu\u00eate est demand\u00e9e pas seulement r\u00e9gionale mais nationale ainsi qu\u2019un bilan sur les enseignements \u00e0 distance. Un Retex serait pr\u00e9vu en CHSTCT minist\u00e9riel&#8230;<\/span><\/p>\n<p align=\"justify\"><span style=\"font-family: Arial, sans-serif;\">Concernant le retard de paiement et avance de frais\u00a0: dure depuis 3 ans et pas l\u2019impression que cela se r\u00e8gle, arr\u00eater de renvoyer la faute sur l\u2019agent, demande d\u2019un bulletin de salaire plus lisible. La DRAAF va interpeller le SRH. Nous continuons de suivre le dossier\u00a0!<\/span><\/p>\n<p align=\"justify\"><span style=\"font-family: Arial, sans-serif;\">Concernant l\u2019\u00e9puisement professionnel et la n\u00e9cessaire augmentation des dotations en personnels, nous avons, de nouveau, interpell\u00e9 l\u2019administration sur le sujet qui nous dit avoir fait remonter l\u2019avis \u00e0 la DGER et au SRH.<\/span><\/p>\n<p align=\"justify\"><span style=\"font-family: Arial, sans-serif;\">Enfin, pour ce qui est de la m\u00e9decine du travail et de pr\u00e9vention&#8230;nous ne constatons aucune \u00e9volution. Toujours pas de m\u00e9decine du travail qui a pourtant une place pr\u00e9pond\u00e9rante dans nos \u00e9tablissements. Nous rappelons que le minist\u00e8re des Finances a opt\u00e9 pour salarier sa m\u00e9decine du travail. Nous allons relancer les actions en justice. Pour terminer nous avons demand\u00e9 relancer l\u2019\u00e9tude des RPS (plan et diagnostic) et fait une demande d\u2019\u00e9valuation en CHSCTM pour mesurer les faits.<\/span><\/p>\n<p align=\"justify\">\n<p align=\"justify\"><span style=\"font-family: Arial, sans-serif;\"><span style=\"font-size: medium;\"><b>Un CHSCTREA en action&#8230;la suite des groupes de travail <\/b><\/span><\/span><\/p>\n<p align=\"justify\"><span style=\"font-family: Arial, sans-serif;\">Suite \u00e0 la r\u00e9union de travail avec les \u00e9lus, nous avons avanc\u00e9 sur nombre de dossiers\u00a0: <\/span><\/p>\n<ul>\n<li style=\"list-style-type: none;\">\n<ul>\n<li style=\"text-align: justify;\"><span style=\"font-family: Arial, sans-serif;\">INFORMER LES AGENTS : nous avons list\u00e9 diff\u00e9rents types d\u2019informations qui doivent \u00eatre port\u00e9es \u00e0 connaissance des agents. Ces documents seront transmis \u00e0 la direction des \u00e9tablissements pour communication aupr\u00e8s des agents. Ils concernant les i<\/span><span style=\"font-family: Arial, sans-serif;\">nformations sant\u00e9 et <\/span><span style=\"font-family: Arial, sans-serif;\">les <\/span><span style=\"font-family: Arial, sans-serif;\">prestations sociales <\/span><span style=\"font-family: Arial, sans-serif;\">(n<\/span><span style=\"font-family: Arial, sans-serif;\">ote et affichage en EPL <\/span><span style=\"font-family: Arial, sans-serif;\">doivent \u00eatre mis en place<\/span><span style=\"font-family: Arial, sans-serif;\">\u00a0: affichages r\u00e9glementaires dans les diff\u00e9rents sites des \u00e9tablissements, \u00e0 adapter en fonction des locaux. Affiches RPS\/\u00e9v\u00e8nements graves\u00a0: Recense l\u2019ensemble des dispositifs mis en place (national, r\u00e9gional ou local). <\/span><span style=\"font-family: Arial, sans-serif;\">R<\/span><span style=\"font-family: Arial, sans-serif;\">emont\u00e9e des signalements d\u2019agressions de coll\u00e8gues au niveau de la DGER <\/span><span style=\"font-family: Arial, sans-serif;\">(par <\/span><span style=\"font-family: Arial, sans-serif;\">messagerie<\/span><span style=\"font-family: Arial, sans-serif;\">). <\/span><span style=\"font-family: Arial, sans-serif;\">Cong\u00e9s maladie\u00a0: R\u00e9capitulatif des droits \u00e0 cong\u00e9s maladie en fonction des statuts (titulaire\/contractuel).<\/span><\/li>\n<\/ul>\n<\/li>\n<\/ul>\n<ul style=\"text-align: justify;\">\n<li style=\"list-style-type: none;\">\n<ul>\n<li><span style=\"font-family: Arial, sans-serif;\">Prestations sociales. <\/span><span style=\"font-family: Arial, sans-serif;\">Un t<\/span><span style=\"font-family: Arial, sans-serif;\">ravail sur la base du guide r\u00e9alis\u00e9 par le lyc\u00e9e de Laval <\/span><span style=\"font-family: Arial, sans-serif;\">est en cours<\/span><span style=\"font-family: Arial, sans-serif;\">. <\/span><span style=\"font-family: Arial, sans-serif;\">Un n<\/span><span style=\"font-family: Arial, sans-serif;\">ouveau temps d\u2019\u00e9change du groupe de travail pr\u00e9vu en f\u00e9vrier\/mars pour mise \u00e0 jour au vu de la nouvelle NS publi\u00e9e en f\u00e9vrier. <\/span><span style=\"font-family: Arial, sans-serif;\">Nous\u00a0<\/span><span style=\"font-family: Arial, sans-serif;\">esp\u00e9rons la<\/span><span style=\"font-family: Arial, sans-serif;\"> diffusion aupr\u00e8s des \u00e9tablissements d\u00e8s le printemps.<\/span><\/li>\n<\/ul>\n<\/li>\n<\/ul>\n<ul>\n<li style=\"list-style-type: none;\">\n<ul>\n<li style=\"text-align: justify;\"><span style=\"font-family: Arial, sans-serif;\">EPI : Les \u00e9tablissements doivent fournir les EPI et avoir un budget sp\u00e9cial pour cela. <\/span><span style=\"font-family: Arial, sans-serif;\">Mais nous constatons que ce n\u2019est p<\/span><span style=\"font-family: Arial, sans-serif;\">as le cas dans certains \u00e9tablissements. <\/span><span style=\"font-family: Arial, sans-serif;\">Certains p<\/span><span style=\"font-family: Arial, sans-serif;\">euvent <\/span><span style=\"font-family: Arial, sans-serif;\">m\u00eame prendre ce financement <\/span><span style=\"font-family: Arial, sans-serif;\">sur les chairs. <\/span><span style=\"font-family: Arial, sans-serif;\">Il est pr\u00e9vu le r<\/span><span style=\"font-family: Arial, sans-serif;\">ecensement des pratiques dans chaque \u00e9tablissement, <\/span><span style=\"font-family: Arial, sans-serif;\">un nouveau GT sur le sujet est <\/span><span style=\"font-family: Arial, sans-serif;\">pr\u00e9vu le 12\/01\/2023.<\/span><\/li>\n<\/ul>\n<\/li>\n<\/ul>\n<p align=\"justify\"><span style=\"font-family: Arial, sans-serif;\"><span style=\"font-size: medium;\"><b>Des visites \u00e9tablissements qui se pr\u00e9parent. <\/b><\/span><\/span><\/p>\n<p align=\"justify\"><span style=\"font-family: Arial, sans-serif;\">Nous demandons de visiter le LPA du Grand Blottereau au vu des difficult\u00e9s rencontr\u00e9es. Accord du DRAAF \u00e0 \u00ab\u00a0condition de ne pas freiner les actions engag\u00e9es\u00a0\u00bb. Cette visite s\u2019est d\u00e9roul\u00e9e le 6 d\u00e9cembre. La 2\u00e8me visite se fera sur le site de Lu\u00e7on P\u00e9tr\u00e9 au printemps.<\/span><\/p>\n<p align=\"justify\"><b style=\"font-family: Arial, sans-serif; font-size: medium;\">Des \u00e9lus qui portent des avis pour <\/b><span style=\"font-family: Arial, sans-serif; font-size: medium;\"><b>am\u00e9liorer<\/b><\/span><b style=\"font-family: Arial, sans-serif; font-size: medium;\"> vos conditions de travail<\/b><\/p>\n<p align=\"justify\"><span style=\"font-family: Arial, sans-serif;\"><a href=\"https:\/\/regions-snetap-fsu.fr\/pdl\/2022\/10\/17\/avis-votes-lors-du-chsctrea-des-pays-de-la-loire-du-13-octobre-2022\/\">Voici ici la liste des avis que nous avons port\u00e9s lors du ce CHSCTREA<\/a> et <a href=\"https:\/\/regions-snetap-fsu.fr\/pdl\/2022\/12\/29\/reponse-de-ladministration-aux-avis-portes-par-les-personnels-lors-du-chsctrea-du-13-10-22\/\">ici les r\u00e9ponses de l\u2019administration<\/a><\/span><\/p>\n<p align=\"justify\"><span style=\"font-family: Arial, sans-serif;\"><span style=\"font-size: medium;\"><b>Dates des prochains CHSCTREA qui deviendra la commission sp\u00e9cialis\u00e9e Sant\u00e9 et Conditions de travail du Comit\u00e9 Social d\u2019administration R\u00e9gional de l\u2019Enseignement Agricole\u00a0: <\/b><\/span>Jeudi 26\/01\/2023 et Jeudi 13\/04\/2023<\/span><\/p>\n<p align=\"right\"><a name=\"_GoBack\"><\/a> <span style=\"font-family: Arial, sans-serif;\">Caroline ROBERT, secr\u00e9taire du CHSCTREA des Pays de la Loire<\/span><\/p>\n<p align=\"right\"><span style=\"font-family: Arial, sans-serif;\">Yoann VIGNER, membre du CHSCTREA<\/span><\/p>\n","protected":false},"excerpt":{"rendered":"<p>Le 13 octobre dernier, s\u2019est tenu \u00e0 Nantes le CHSCTREA des Pays de la Loire. Voici quelques \u00e9l\u00e9ments de compte rendu. Une pand\u00e9mie de COVID qui n\u2019est pas termin\u00e9e. Alors que nous constatons une augmentation des cas dans les \u00e9tablissements (et une surcharge de travail pour les services infirmerie), la situation est, selon la DGER, [&hellip;]<\/p>\n","protected":false},"author":2,"featured_media":3647,"comment_status":"closed","ping_status":"closed","sticky":false,"template":"","format":"standard","meta":{"ocean_post_layout":"","ocean_both_sidebars_style":"","ocean_both_sidebars_content_width":0,"ocean_both_sidebars_sidebars_width":0,"ocean_sidebar":"0","ocean_second_sidebar":"0","ocean_disable_margins":"enable","ocean_add_body_class":"","ocean_shortcode_before_top_bar":"","ocean_shortcode_after_top_bar":"","ocean_shortcode_before_header":"","ocean_shortcode_after_header":"","ocean_has_shortcode":"","ocean_shortcode_after_title":"","ocean_shortcode_before_footer_widgets":"","ocean_shortcode_after_footer_widgets":"","ocean_shortcode_before_footer_bottom":"","ocean_shortcode_after_footer_bottom":"","ocean_display_top_bar":"default","ocean_display_header":"default","ocean_header_style":"","ocean_center_header_left_menu":"0","ocean_custom_header_template":"0","ocean_custom_logo":0,"ocean_custom_retina_logo":0,"ocean_custom_logo_max_width":0,"ocean_custom_logo_tablet_max_width":0,"ocean_custom_logo_mobile_max_width":0,"ocean_custom_logo_max_height":0,"ocean_custom_logo_tablet_max_height":0,"ocean_custom_logo_mobile_max_height":0,"ocean_header_custom_menu":"0","ocean_menu_typo_font_family":"0","ocean_menu_typo_font_subset":"","ocean_menu_typo_font_size":0,"ocean_menu_typo_font_size_tablet":0,"ocean_menu_typo_font_size_mobile":0,"ocean_menu_typo_font_size_unit":"px","ocean_menu_typo_font_weight":"","ocean_menu_typo_font_weight_tablet":"","ocean_menu_typo_font_weight_mobile":"","ocean_menu_typo_transform":"","ocean_menu_typo_transform_tablet":"","ocean_menu_typo_transform_mobile":"","ocean_menu_typo_line_height":0,"ocean_menu_typo_line_height_tablet":0,"ocean_menu_typo_line_height_mobile":0,"ocean_menu_typo_line_height_unit":"","ocean_menu_typo_spacing":0,"ocean_menu_typo_spacing_tablet":0,"ocean_menu_typo_spacing_mobile":0,"ocean_menu_typo_spacing_unit":"","ocean_menu_link_color":"","ocean_menu_link_color_hover":"","ocean_menu_link_color_active":"","ocean_menu_link_background":"","ocean_menu_link_hover_background":"","ocean_menu_link_active_background":"","ocean_menu_social_links_bg":"","ocean_menu_social_hover_links_bg":"","ocean_menu_social_links_color":"","ocean_menu_social_hover_links_color":"","ocean_disable_title":"default","ocean_disable_heading":"default","ocean_post_title":"","ocean_post_subheading":"","ocean_post_title_style":"","ocean_post_title_background_color":"","ocean_post_title_background":0,"ocean_post_title_bg_image_position":"","ocean_post_title_bg_image_attachment":"","ocean_post_title_bg_image_repeat":"","ocean_post_title_bg_image_size":"","ocean_post_title_height":0,"ocean_post_title_bg_overlay":0.5,"ocean_post_title_bg_overlay_color":"","ocean_disable_breadcrumbs":"default","ocean_breadcrumbs_color":"","ocean_breadcrumbs_separator_color":"","ocean_breadcrumbs_links_color":"","ocean_breadcrumbs_links_hover_color":"","ocean_display_footer_widgets":"default","ocean_display_footer_bottom":"default","ocean_custom_footer_template":"0","ocean_post_oembed":"","ocean_post_self_hosted_media":"","ocean_post_video_embed":"","ocean_link_format":"","ocean_link_format_target":"self","ocean_quote_format":"","ocean_quote_format_link":"post","ocean_gallery_link_images":"off","ocean_gallery_id":[],"footnotes":""},"categories":[11],"tags":[],"post_folder":[],"class_list":["post-4754","post","type-post","status-publish","format-standard","has-post-thumbnail","hentry","category-chsctrea","entry","has-media"],"yoast_head":"<!-- This site is optimized with the Yoast SEO plugin v27.4 - https:\/\/yoast.com\/product\/yoast-seo-wordpress\/ -->\n<title>CHSCTREA des Pays de la Loire...Continuer \u00e0 porter les demandes des agent.es. Continuer de d\u00e9fendre vos conditions de travail. - PAYS DE LA LOIRE<\/title>\n<meta name=\"robots\" content=\"index, follow, max-snippet:-1, max-image-preview:large, max-video-preview:-1\" \/>\n<link rel=\"canonical\" href=\"https:\/\/regions-snetap-fsu.fr\/pdl\/2022\/12\/29\/chsctrea-des-pays-de-la-loire-continuer-a-porter-les-demandes-des-agent-es-continuer-de-defendre-vos-conditions-de-travail\/\" \/>\n<meta property=\"og:locale\" content=\"fr_FR\" \/>\n<meta property=\"og:type\" content=\"article\" \/>\n<meta property=\"og:title\" content=\"CHSCTREA des Pays de la Loire...Continuer \u00e0 porter les demandes des agent.es. Continuer de d\u00e9fendre vos conditions de travail. - PAYS DE LA LOIRE\" \/>\n<meta property=\"og:description\" content=\"Le 13 octobre dernier, s\u2019est tenu \u00e0 Nantes le CHSCTREA des Pays de la Loire. Voici quelques \u00e9l\u00e9ments de compte rendu. Une pand\u00e9mie de COVID qui n\u2019est pas termin\u00e9e. Alors que nous constatons une augmentation des cas dans les \u00e9tablissements (et une surcharge de travail pour les services infirmerie), la situation est, selon la DGER, [&hellip;]\" \/>\n<meta property=\"og:url\" content=\"https:\/\/regions-snetap-fsu.fr\/pdl\/2022\/12\/29\/chsctrea-des-pays-de-la-loire-continuer-a-porter-les-demandes-des-agent-es-continuer-de-defendre-vos-conditions-de-travail\/\" \/>\n<meta property=\"og:site_name\" content=\"PAYS DE LA LOIRE\" \/>\n<meta property=\"article:published_time\" content=\"2022-12-29T11:02:18+00:00\" \/>\n<meta property=\"og:image\" content=\"https:\/\/regions-snetap-fsu.fr\/pdl\/wp-content\/uploads\/sites\/4\/2020\/09\/chsct_une_responsabilite_a_double_sens.jpg\" \/>\n\t<meta property=\"og:image:width\" content=\"1600\" \/>\n\t<meta property=\"og:image:height\" content=\"550\" \/>\n\t<meta property=\"og:image:type\" content=\"image\/jpeg\" \/>\n<meta name=\"author\" content=\"yvigner\" \/>\n<meta name=\"twitter:card\" content=\"summary_large_image\" \/>\n<meta name=\"twitter:label1\" content=\"\u00c9crit par\" \/>\n\t<meta name=\"twitter:data1\" content=\"yvigner\" \/>\n\t<meta name=\"twitter:label2\" content=\"Dur\u00e9e de lecture estim\u00e9e\" \/>\n\t<meta name=\"twitter:data2\" content=\"4 minutes\" \/>\n<script type=\"application\/ld+json\" class=\"yoast-schema-graph\">{\"@context\":\"https:\\\/\\\/schema.org\",\"@graph\":[{\"@type\":\"Article\",\"@id\":\"https:\\\/\\\/regions-snetap-fsu.fr\\\/pdl\\\/2022\\\/12\\\/29\\\/chsctrea-des-pays-de-la-loire-continuer-a-porter-les-demandes-des-agent-es-continuer-de-defendre-vos-conditions-de-travail\\\/#article\",\"isPartOf\":{\"@id\":\"https:\\\/\\\/regions-snetap-fsu.fr\\\/pdl\\\/2022\\\/12\\\/29\\\/chsctrea-des-pays-de-la-loire-continuer-a-porter-les-demandes-des-agent-es-continuer-de-defendre-vos-conditions-de-travail\\\/\"},\"author\":{\"name\":\"yvigner\",\"@id\":\"https:\\\/\\\/regions-snetap-fsu.fr\\\/pdl\\\/#\\\/schema\\\/person\\\/d4530af043f9e8d27bdd71c468ec93b1\"},\"headline\":\"CHSCTREA des Pays de la Loire&#8230;Continuer \u00e0 porter les demandes des agent.es. Continuer de d\u00e9fendre vos conditions de travail.\",\"datePublished\":\"2022-12-29T11:02:18+00:00\",\"mainEntityOfPage\":{\"@id\":\"https:\\\/\\\/regions-snetap-fsu.fr\\\/pdl\\\/2022\\\/12\\\/29\\\/chsctrea-des-pays-de-la-loire-continuer-a-porter-les-demandes-des-agent-es-continuer-de-defendre-vos-conditions-de-travail\\\/\"},\"wordCount\":780,\"publisher\":{\"@id\":\"https:\\\/\\\/regions-snetap-fsu.fr\\\/pdl\\\/#organization\"},\"image\":{\"@id\":\"https:\\\/\\\/regions-snetap-fsu.fr\\\/pdl\\\/2022\\\/12\\\/29\\\/chsctrea-des-pays-de-la-loire-continuer-a-porter-les-demandes-des-agent-es-continuer-de-defendre-vos-conditions-de-travail\\\/#primaryimage\"},\"thumbnailUrl\":\"https:\\\/\\\/regions-snetap-fsu.fr\\\/pdl\\\/wp-content\\\/uploads\\\/sites\\\/4\\\/2020\\\/09\\\/chsct_une_responsabilite_a_double_sens.jpg\",\"articleSection\":[\"Formation sp\u00e9cialis\u00e9e Sant\u00e9 et S\u00e9curit\u00e9 au travail (ex-CHSCTREA)\"],\"inLanguage\":\"fr-FR\"},{\"@type\":\"WebPage\",\"@id\":\"https:\\\/\\\/regions-snetap-fsu.fr\\\/pdl\\\/2022\\\/12\\\/29\\\/chsctrea-des-pays-de-la-loire-continuer-a-porter-les-demandes-des-agent-es-continuer-de-defendre-vos-conditions-de-travail\\\/\",\"url\":\"https:\\\/\\\/regions-snetap-fsu.fr\\\/pdl\\\/2022\\\/12\\\/29\\\/chsctrea-des-pays-de-la-loire-continuer-a-porter-les-demandes-des-agent-es-continuer-de-defendre-vos-conditions-de-travail\\\/\",\"name\":\"CHSCTREA des Pays de la Loire...Continuer \u00e0 porter les demandes des agent.es. Continuer de d\u00e9fendre vos conditions de travail. - PAYS DE LA LOIRE\",\"isPartOf\":{\"@id\":\"https:\\\/\\\/regions-snetap-fsu.fr\\\/pdl\\\/#website\"},\"primaryImageOfPage\":{\"@id\":\"https:\\\/\\\/regions-snetap-fsu.fr\\\/pdl\\\/2022\\\/12\\\/29\\\/chsctrea-des-pays-de-la-loire-continuer-a-porter-les-demandes-des-agent-es-continuer-de-defendre-vos-conditions-de-travail\\\/#primaryimage\"},\"image\":{\"@id\":\"https:\\\/\\\/regions-snetap-fsu.fr\\\/pdl\\\/2022\\\/12\\\/29\\\/chsctrea-des-pays-de-la-loire-continuer-a-porter-les-demandes-des-agent-es-continuer-de-defendre-vos-conditions-de-travail\\\/#primaryimage\"},\"thumbnailUrl\":\"https:\\\/\\\/regions-snetap-fsu.fr\\\/pdl\\\/wp-content\\\/uploads\\\/sites\\\/4\\\/2020\\\/09\\\/chsct_une_responsabilite_a_double_sens.jpg\",\"datePublished\":\"2022-12-29T11:02:18+00:00\",\"breadcrumb\":{\"@id\":\"https:\\\/\\\/regions-snetap-fsu.fr\\\/pdl\\\/2022\\\/12\\\/29\\\/chsctrea-des-pays-de-la-loire-continuer-a-porter-les-demandes-des-agent-es-continuer-de-defendre-vos-conditions-de-travail\\\/#breadcrumb\"},\"inLanguage\":\"fr-FR\",\"potentialAction\":[{\"@type\":\"ReadAction\",\"target\":[\"https:\\\/\\\/regions-snetap-fsu.fr\\\/pdl\\\/2022\\\/12\\\/29\\\/chsctrea-des-pays-de-la-loire-continuer-a-porter-les-demandes-des-agent-es-continuer-de-defendre-vos-conditions-de-travail\\\/\"]}]},{\"@type\":\"ImageObject\",\"inLanguage\":\"fr-FR\",\"@id\":\"https:\\\/\\\/regions-snetap-fsu.fr\\\/pdl\\\/2022\\\/12\\\/29\\\/chsctrea-des-pays-de-la-loire-continuer-a-porter-les-demandes-des-agent-es-continuer-de-defendre-vos-conditions-de-travail\\\/#primaryimage\",\"url\":\"https:\\\/\\\/regions-snetap-fsu.fr\\\/pdl\\\/wp-content\\\/uploads\\\/sites\\\/4\\\/2020\\\/09\\\/chsct_une_responsabilite_a_double_sens.jpg\",\"contentUrl\":\"https:\\\/\\\/regions-snetap-fsu.fr\\\/pdl\\\/wp-content\\\/uploads\\\/sites\\\/4\\\/2020\\\/09\\\/chsct_une_responsabilite_a_double_sens.jpg\",\"width\":1600,\"height\":550},{\"@type\":\"BreadcrumbList\",\"@id\":\"https:\\\/\\\/regions-snetap-fsu.fr\\\/pdl\\\/2022\\\/12\\\/29\\\/chsctrea-des-pays-de-la-loire-continuer-a-porter-les-demandes-des-agent-es-continuer-de-defendre-vos-conditions-de-travail\\\/#breadcrumb\",\"itemListElement\":[{\"@type\":\"ListItem\",\"position\":1,\"name\":\"Accueil\",\"item\":\"https:\\\/\\\/regions-snetap-fsu.fr\\\/pdl\\\/\"},{\"@type\":\"ListItem\",\"position\":2,\"name\":\"CHSCTREA des Pays de la Loire&#8230;Continuer \u00e0 porter les demandes des agent.es. Continuer de d\u00e9fendre vos conditions de travail.\"}]},{\"@type\":\"WebSite\",\"@id\":\"https:\\\/\\\/regions-snetap-fsu.fr\\\/pdl\\\/#website\",\"url\":\"https:\\\/\\\/regions-snetap-fsu.fr\\\/pdl\\\/\",\"name\":\"SNETAP-FSU PAYS DE LA LOIRE\",\"description\":\"SECTION REGIONALE\",\"publisher\":{\"@id\":\"https:\\\/\\\/regions-snetap-fsu.fr\\\/pdl\\\/#organization\"},\"potentialAction\":[{\"@type\":\"SearchAction\",\"target\":{\"@type\":\"EntryPoint\",\"urlTemplate\":\"https:\\\/\\\/regions-snetap-fsu.fr\\\/pdl\\\/?s={search_term_string}\"},\"query-input\":{\"@type\":\"PropertyValueSpecification\",\"valueRequired\":true,\"valueName\":\"search_term_string\"}}],\"inLanguage\":\"fr-FR\"},{\"@type\":\"Organization\",\"@id\":\"https:\\\/\\\/regions-snetap-fsu.fr\\\/pdl\\\/#organization\",\"name\":\"SNETAP-FSU Pays de Loire\",\"url\":\"https:\\\/\\\/regions-snetap-fsu.fr\\\/pdl\\\/\",\"logo\":{\"@type\":\"ImageObject\",\"inLanguage\":\"fr-FR\",\"@id\":\"https:\\\/\\\/regions-snetap-fsu.fr\\\/pdl\\\/#\\\/schema\\\/logo\\\/image\\\/\",\"url\":\"https:\\\/\\\/regions-snetap-fsu.fr\\\/pdl\\\/wp-content\\\/uploads\\\/sites\\\/4\\\/2020\\\/12\\\/SNETAP-Logo.jpg\",\"contentUrl\":\"https:\\\/\\\/regions-snetap-fsu.fr\\\/pdl\\\/wp-content\\\/uploads\\\/sites\\\/4\\\/2020\\\/12\\\/SNETAP-Logo.jpg\",\"width\":464,\"height\":334,\"caption\":\"SNETAP-FSU Pays de Loire\"},\"image\":{\"@id\":\"https:\\\/\\\/regions-snetap-fsu.fr\\\/pdl\\\/#\\\/schema\\\/logo\\\/image\\\/\"}},{\"@type\":\"Person\",\"@id\":\"https:\\\/\\\/regions-snetap-fsu.fr\\\/pdl\\\/#\\\/schema\\\/person\\\/d4530af043f9e8d27bdd71c468ec93b1\",\"name\":\"yvigner\",\"image\":{\"@type\":\"ImageObject\",\"inLanguage\":\"fr-FR\",\"@id\":\"https:\\\/\\\/secure.gravatar.com\\\/avatar\\\/bc72baa6f2406549aecf77a837bc4f03dbe88472c1762138f868571430a23820?s=96&d=mm&r=g\",\"url\":\"https:\\\/\\\/secure.gravatar.com\\\/avatar\\\/bc72baa6f2406549aecf77a837bc4f03dbe88472c1762138f868571430a23820?s=96&d=mm&r=g\",\"contentUrl\":\"https:\\\/\\\/secure.gravatar.com\\\/avatar\\\/bc72baa6f2406549aecf77a837bc4f03dbe88472c1762138f868571430a23820?s=96&d=mm&r=g\",\"caption\":\"yvigner\"},\"url\":\"https:\\\/\\\/regions-snetap-fsu.fr\\\/pdl\\\/author\\\/yvigner\\\/\"}]}<\/script>\n<!-- \/ Yoast SEO plugin. -->","yoast_head_json":{"title":"CHSCTREA des Pays de la Loire...Continuer \u00e0 porter les demandes des agent.es. Continuer de d\u00e9fendre vos conditions de travail. - PAYS DE LA LOIRE","robots":{"index":"index","follow":"follow","max-snippet":"max-snippet:-1","max-image-preview":"max-image-preview:large","max-video-preview":"max-video-preview:-1"},"canonical":"https:\/\/regions-snetap-fsu.fr\/pdl\/2022\/12\/29\/chsctrea-des-pays-de-la-loire-continuer-a-porter-les-demandes-des-agent-es-continuer-de-defendre-vos-conditions-de-travail\/","og_locale":"fr_FR","og_type":"article","og_title":"CHSCTREA des Pays de la Loire...Continuer \u00e0 porter les demandes des agent.es. Continuer de d\u00e9fendre vos conditions de travail. - PAYS DE LA LOIRE","og_description":"Le 13 octobre dernier, s\u2019est tenu \u00e0 Nantes le CHSCTREA des Pays de la Loire. Voici quelques \u00e9l\u00e9ments de compte rendu. Une pand\u00e9mie de COVID qui n\u2019est pas termin\u00e9e. Alors que nous constatons une augmentation des cas dans les \u00e9tablissements (et une surcharge de travail pour les services infirmerie), la situation est, selon la DGER, [&hellip;]","og_url":"https:\/\/regions-snetap-fsu.fr\/pdl\/2022\/12\/29\/chsctrea-des-pays-de-la-loire-continuer-a-porter-les-demandes-des-agent-es-continuer-de-defendre-vos-conditions-de-travail\/","og_site_name":"PAYS DE LA LOIRE","article_published_time":"2022-12-29T11:02:18+00:00","og_image":[{"width":1600,"height":550,"url":"https:\/\/regions-snetap-fsu.fr\/pdl\/wp-content\/uploads\/sites\/4\/2020\/09\/chsct_une_responsabilite_a_double_sens.jpg","type":"image\/jpeg"}],"author":"yvigner","twitter_card":"summary_large_image","twitter_misc":{"\u00c9crit par":"yvigner","Dur\u00e9e de lecture estim\u00e9e":"4 minutes"},"schema":{"@context":"https:\/\/schema.org","@graph":[{"@type":"Article","@id":"https:\/\/regions-snetap-fsu.fr\/pdl\/2022\/12\/29\/chsctrea-des-pays-de-la-loire-continuer-a-porter-les-demandes-des-agent-es-continuer-de-defendre-vos-conditions-de-travail\/#article","isPartOf":{"@id":"https:\/\/regions-snetap-fsu.fr\/pdl\/2022\/12\/29\/chsctrea-des-pays-de-la-loire-continuer-a-porter-les-demandes-des-agent-es-continuer-de-defendre-vos-conditions-de-travail\/"},"author":{"name":"yvigner","@id":"https:\/\/regions-snetap-fsu.fr\/pdl\/#\/schema\/person\/d4530af043f9e8d27bdd71c468ec93b1"},"headline":"CHSCTREA des Pays de la Loire&#8230;Continuer \u00e0 porter les demandes des agent.es. Continuer de d\u00e9fendre vos conditions de travail.","datePublished":"2022-12-29T11:02:18+00:00","mainEntityOfPage":{"@id":"https:\/\/regions-snetap-fsu.fr\/pdl\/2022\/12\/29\/chsctrea-des-pays-de-la-loire-continuer-a-porter-les-demandes-des-agent-es-continuer-de-defendre-vos-conditions-de-travail\/"},"wordCount":780,"publisher":{"@id":"https:\/\/regions-snetap-fsu.fr\/pdl\/#organization"},"image":{"@id":"https:\/\/regions-snetap-fsu.fr\/pdl\/2022\/12\/29\/chsctrea-des-pays-de-la-loire-continuer-a-porter-les-demandes-des-agent-es-continuer-de-defendre-vos-conditions-de-travail\/#primaryimage"},"thumbnailUrl":"https:\/\/regions-snetap-fsu.fr\/pdl\/wp-content\/uploads\/sites\/4\/2020\/09\/chsct_une_responsabilite_a_double_sens.jpg","articleSection":["Formation sp\u00e9cialis\u00e9e Sant\u00e9 et S\u00e9curit\u00e9 au travail (ex-CHSCTREA)"],"inLanguage":"fr-FR"},{"@type":"WebPage","@id":"https:\/\/regions-snetap-fsu.fr\/pdl\/2022\/12\/29\/chsctrea-des-pays-de-la-loire-continuer-a-porter-les-demandes-des-agent-es-continuer-de-defendre-vos-conditions-de-travail\/","url":"https:\/\/regions-snetap-fsu.fr\/pdl\/2022\/12\/29\/chsctrea-des-pays-de-la-loire-continuer-a-porter-les-demandes-des-agent-es-continuer-de-defendre-vos-conditions-de-travail\/","name":"CHSCTREA des Pays de la Loire...Continuer \u00e0 porter les demandes des agent.es. Continuer de d\u00e9fendre vos conditions de travail. - PAYS DE LA LOIRE","isPartOf":{"@id":"https:\/\/regions-snetap-fsu.fr\/pdl\/#website"},"primaryImageOfPage":{"@id":"https:\/\/regions-snetap-fsu.fr\/pdl\/2022\/12\/29\/chsctrea-des-pays-de-la-loire-continuer-a-porter-les-demandes-des-agent-es-continuer-de-defendre-vos-conditions-de-travail\/#primaryimage"},"image":{"@id":"https:\/\/regions-snetap-fsu.fr\/pdl\/2022\/12\/29\/chsctrea-des-pays-de-la-loire-continuer-a-porter-les-demandes-des-agent-es-continuer-de-defendre-vos-conditions-de-travail\/#primaryimage"},"thumbnailUrl":"https:\/\/regions-snetap-fsu.fr\/pdl\/wp-content\/uploads\/sites\/4\/2020\/09\/chsct_une_responsabilite_a_double_sens.jpg","datePublished":"2022-12-29T11:02:18+00:00","breadcrumb":{"@id":"https:\/\/regions-snetap-fsu.fr\/pdl\/2022\/12\/29\/chsctrea-des-pays-de-la-loire-continuer-a-porter-les-demandes-des-agent-es-continuer-de-defendre-vos-conditions-de-travail\/#breadcrumb"},"inLanguage":"fr-FR","potentialAction":[{"@type":"ReadAction","target":["https:\/\/regions-snetap-fsu.fr\/pdl\/2022\/12\/29\/chsctrea-des-pays-de-la-loire-continuer-a-porter-les-demandes-des-agent-es-continuer-de-defendre-vos-conditions-de-travail\/"]}]},{"@type":"ImageObject","inLanguage":"fr-FR","@id":"https:\/\/regions-snetap-fsu.fr\/pdl\/2022\/12\/29\/chsctrea-des-pays-de-la-loire-continuer-a-porter-les-demandes-des-agent-es-continuer-de-defendre-vos-conditions-de-travail\/#primaryimage","url":"https:\/\/regions-snetap-fsu.fr\/pdl\/wp-content\/uploads\/sites\/4\/2020\/09\/chsct_une_responsabilite_a_double_sens.jpg","contentUrl":"https:\/\/regions-snetap-fsu.fr\/pdl\/wp-content\/uploads\/sites\/4\/2020\/09\/chsct_une_responsabilite_a_double_sens.jpg","width":1600,"height":550},{"@type":"BreadcrumbList","@id":"https:\/\/regions-snetap-fsu.fr\/pdl\/2022\/12\/29\/chsctrea-des-pays-de-la-loire-continuer-a-porter-les-demandes-des-agent-es-continuer-de-defendre-vos-conditions-de-travail\/#breadcrumb","itemListElement":[{"@type":"ListItem","position":1,"name":"Accueil","item":"https:\/\/regions-snetap-fsu.fr\/pdl\/"},{"@type":"ListItem","position":2,"name":"CHSCTREA des Pays de la Loire&#8230;Continuer \u00e0 porter les demandes des agent.es. Continuer de d\u00e9fendre vos conditions de travail."}]},{"@type":"WebSite","@id":"https:\/\/regions-snetap-fsu.fr\/pdl\/#website","url":"https:\/\/regions-snetap-fsu.fr\/pdl\/","name":"SNETAP-FSU PAYS DE LA LOIRE","description":"SECTION REGIONALE","publisher":{"@id":"https:\/\/regions-snetap-fsu.fr\/pdl\/#organization"},"potentialAction":[{"@type":"SearchAction","target":{"@type":"EntryPoint","urlTemplate":"https:\/\/regions-snetap-fsu.fr\/pdl\/?s={search_term_string}"},"query-input":{"@type":"PropertyValueSpecification","valueRequired":true,"valueName":"search_term_string"}}],"inLanguage":"fr-FR"},{"@type":"Organization","@id":"https:\/\/regions-snetap-fsu.fr\/pdl\/#organization","name":"SNETAP-FSU Pays de Loire","url":"https:\/\/regions-snetap-fsu.fr\/pdl\/","logo":{"@type":"ImageObject","inLanguage":"fr-FR","@id":"https:\/\/regions-snetap-fsu.fr\/pdl\/#\/schema\/logo\/image\/","url":"https:\/\/regions-snetap-fsu.fr\/pdl\/wp-content\/uploads\/sites\/4\/2020\/12\/SNETAP-Logo.jpg","contentUrl":"https:\/\/regions-snetap-fsu.fr\/pdl\/wp-content\/uploads\/sites\/4\/2020\/12\/SNETAP-Logo.jpg","width":464,"height":334,"caption":"SNETAP-FSU Pays de Loire"},"image":{"@id":"https:\/\/regions-snetap-fsu.fr\/pdl\/#\/schema\/logo\/image\/"}},{"@type":"Person","@id":"https:\/\/regions-snetap-fsu.fr\/pdl\/#\/schema\/person\/d4530af043f9e8d27bdd71c468ec93b1","name":"yvigner","image":{"@type":"ImageObject","inLanguage":"fr-FR","@id":"https:\/\/secure.gravatar.com\/avatar\/bc72baa6f2406549aecf77a837bc4f03dbe88472c1762138f868571430a23820?s=96&d=mm&r=g","url":"https:\/\/secure.gravatar.com\/avatar\/bc72baa6f2406549aecf77a837bc4f03dbe88472c1762138f868571430a23820?s=96&d=mm&r=g","contentUrl":"https:\/\/secure.gravatar.com\/avatar\/bc72baa6f2406549aecf77a837bc4f03dbe88472c1762138f868571430a23820?s=96&d=mm&r=g","caption":"yvigner"},"url":"https:\/\/regions-snetap-fsu.fr\/pdl\/author\/yvigner\/"}]}},"_links":{"self":[{"href":"https:\/\/regions-snetap-fsu.fr\/pdl\/wp-json\/wp\/v2\/posts\/4754","targetHints":{"allow":["GET"]}}],"collection":[{"href":"https:\/\/regions-snetap-fsu.fr\/pdl\/wp-json\/wp\/v2\/posts"}],"about":[{"href":"https:\/\/regions-snetap-fsu.fr\/pdl\/wp-json\/wp\/v2\/types\/post"}],"author":[{"embeddable":true,"href":"https:\/\/regions-snetap-fsu.fr\/pdl\/wp-json\/wp\/v2\/users\/2"}],"replies":[{"embeddable":true,"href":"https:\/\/regions-snetap-fsu.fr\/pdl\/wp-json\/wp\/v2\/comments?post=4754"}],"version-history":[{"count":1,"href":"https:\/\/regions-snetap-fsu.fr\/pdl\/wp-json\/wp\/v2\/posts\/4754\/revisions"}],"predecessor-version":[{"id":4755,"href":"https:\/\/regions-snetap-fsu.fr\/pdl\/wp-json\/wp\/v2\/posts\/4754\/revisions\/4755"}],"wp:featuredmedia":[{"embeddable":true,"href":"https:\/\/regions-snetap-fsu.fr\/pdl\/wp-json\/wp\/v2\/media\/3647"}],"wp:attachment":[{"href":"https:\/\/regions-snetap-fsu.fr\/pdl\/wp-json\/wp\/v2\/media?parent=4754"}],"wp:term":[{"taxonomy":"category","embeddable":true,"href":"https:\/\/regions-snetap-fsu.fr\/pdl\/wp-json\/wp\/v2\/categories?post=4754"},{"taxonomy":"post_tag","embeddable":true,"href":"https:\/\/regions-snetap-fsu.fr\/pdl\/wp-json\/wp\/v2\/tags?post=4754"},{"taxonomy":"post_folder","embeddable":true,"href":"https:\/\/regions-snetap-fsu.fr\/pdl\/wp-json\/wp\/v2\/post_folder?post=4754"}],"curies":[{"name":"wp","href":"https:\/\/api.w.org\/{rel}","templated":true}]}}