{"id":4577,"date":"2022-10-11T01:36:30","date_gmt":"2022-10-10T23:36:30","guid":{"rendered":"https:\/\/regions-snetap-fsu.fr\/pdl\/?p=4577"},"modified":"2022-10-11T01:36:30","modified_gmt":"2022-10-10T23:36:30","slug":"la-fsu-53-et-le-snetap-fsu-rencontrent-la-conseillere-education-du-president-de-la-republique","status":"publish","type":"post","link":"https:\/\/regions-snetap-fsu.fr\/pdl\/2022\/10\/11\/la-fsu-53-et-le-snetap-fsu-rencontrent-la-conseillere-education-du-president-de-la-republique\/","title":{"rendered":"La FSU 53 et le SNETAP-FSU rencontrent la conseill\u00e8re \u00e9ducation du Pr\u00e9sident de la R\u00e9publique"},"content":{"rendered":"<p align=\"justify\"><span style=\"font-family: arial, helvetica, sans-serif;\">Ce lundi 10 octobre 2022, \u00e0 l\u2019occasion de la venue du Pr\u00e9sident de la R\u00e9publique en Mayenne, la FSU 53 a rencontr\u00e9 en visioconf\u00e9rence la conseill\u00e8re \u00e9ducation du Pr\u00e9sident : Mme Anne LAUDE. 4 points \u00e9taient mis \u00e0 l\u2019ordre du jour : la r\u00e9forme voie professionnelle, les AESH, les Co\u00fbts \u00e9nerg\u00e9tiques des \u00e9tablissements scolaires, les examens et la date des \u00e9preuve de sp\u00e9cialit\u00e9s en terminale.<\/span><\/p>\n<p align=\"justify\"><span style=\"font-family: arial, helvetica, sans-serif;\">La FSU 53 \u00e9tait repr\u00e9sent\u00e9e par Laurent THORAVAL, secr\u00e9taire d\u00e9partemental de la FSU 53 et Yoann VIGNER, co-secr\u00e9taire r\u00e9gional du SNETAP-FSU. <\/span><\/p>\n<p align=\"justify\"><span style=\"font-family: arial, helvetica, sans-serif;\"><strong>Concernant les AESH,<\/strong> nous avons commenc\u00e9 par une situation locale en Mayenne o\u00f9 le manque structurel de personnels administratifs pour g\u00e9rer l\u2019ensemble des AESH, doubl\u00e9 en ce moment d\u2019arr\u00eats de travail de 2 coll\u00e8gues conduit au retard des paiements et d\u2019\u00e9tablissement des contrats de nos coll\u00e8gues. Au-del\u00e0 du cas local, nous avons rappel\u00e9 les difficult\u00e9s de paiement des salaires, des indemnit\u00e9s compensatrices, de la CSG et m\u00eame des frais de d\u00e9placement. Nous avons \u00e9galement insist\u00e9 sur l\u2019aspect p\u00e9dagogique des missions des AESH, de leur inscription dans l\u2019\u00e9quipe \u00e9ducative et la n\u00e9cessit\u00e9 de leur ouvrir un statut de fonctionnaire. Enfin, nous sommes revenus sur les grilles salariales, obsol\u00e8tes avec le rench\u00e9rissement de la vie et les augmentations du SMIC. Depuis le mois de Mai, l\u2019indice plancher est \u00e0 l\u2019INM 352 pour les 2ers \u00e9chelons de la grille. C\u2019est ce point qui a paru surprendre notre interlocutrice qui a dit prendre bonne note et ne pas comprendre cette lenteur de refonte de ces grilles. Un bon point pour les coll\u00e8gues ? On esp\u00e8re.<\/span><\/p>\n<p align=\"justify\"><span style=\"font-family: arial, helvetica, sans-serif;\"><strong>Pour ce qui est du co\u00fbt \u00e9nerg\u00e9tique<\/strong> et de son augmentation dans le contexte international et national que l\u2019on conna\u00eet, nous avons d\u00e9nonc\u00e9 l\u2019absence d\u2019action de l\u2019\u00c9tat et rappel\u00e9 notre opposition aux initiatives de diverses collectivit\u00e9s de s\u2019immiscer dans les questions p\u00e9dagogiques pour g\u00e9rer la hausse des co\u00fbts des fluides (exemple du Conseil r\u00e9gional des Hauts de France qui pr\u00e9voit de fermer les lyc\u00e9es agricoles le vendredi et de mettre \u00e9l\u00e8ves et professeurs en t\u00e9l\u00e9travail !!).\u00a0Nous avons r\u00e9clam\u00e9 une politique ambitieuse de r\u00e9novation des \u00e9tablissements. L\u2019Etat doit intervenir pour s\u00e9curiser les \u00e9tablissements et pas au d\u00e9triment des \u00e9l\u00e8ves. A cela, la conseill\u00e8re du Pr\u00e9sident a rappel\u00e9 l\u2019existence de n\u00e9gociations \u00e0 l\u2019\u00e9chelle europ\u00e9enne pour conna\u00eetre (limiter?) le co\u00fbt des fluides. \u00ab\u00a0Oui c\u2019est une difficult\u00e9 scrut\u00e9e au plus pr\u00e8s\u00a0\u00bb&#8230;et donc rien de pr\u00e9cis. Rien sur la r\u00e9novation des \u00e9tablissements.<\/span><\/p>\n<p align=\"justify\"><span style=\"font-family: arial, helvetica, sans-serif;\">Enfin, nous avons tenu \u00e0 aborder <strong>les \u00e9preuves de sp\u00e9cialit\u00e9<\/strong> plac\u00e9s au mois de mars pour les baccalaur\u00e9ats g\u00e9n\u00e9raux et technologiques. Au rappel de notre position sur l\u2019incoh\u00e9rence d\u2019un tel sch\u00e9ma d\u2019\u00e9valuation, la conseill\u00e8re nous a r\u00e9pondu que cela se faisait, aussi, \u00e0 la demande des \u00e9l\u00e8ves, pour que les r\u00e9sultats soient pris en compte pour parcoursup. L\u00e0, une vraie diff\u00e9rence \u00ab\u00a0id\u00e9ologique\u00a0\u00bb<\/span><\/p>\n<p align=\"justify\"><span style=\"font-family: arial, helvetica, sans-serif;\"><strong>La voie professionnelle<\/strong> a constitu\u00e9 un temps long (20 minutes) de l\u2019\u00e9change. Pour la FSU et ses syndicats, c\u2019est un NON cat\u00e9gorique au projet MACRON. Il repr\u00e9sente, pour nous un danger pour les lyc\u00e9es professionnels. Nous avons rappel\u00e9 que l\u2019augmentation du temps en entreprise remet en cause toute la formation professionnelle r\u00e9alis\u00e9e en mati\u00e8res professionnelles en classe et sur les plateaux techniques et ateliers technologiques ou exploitations agricoles d\u2019\u00e9tablissement. Quel m\u00e9pris ! Comment comprendre une telle r\u00e9forme, alors, que nos \u00e9l\u00e8ves ont parfois (souvent?) des difficult\u00e9s pour trouver des stages. En ce qui concerne les cartes scolaires qui doivent devenir plus agiles&#8230;nous avons dit plut\u00f4t plus compl\u00e8tes car nombre d\u2019 \u00e9l\u00e8ves, parfois peu mobiles renoncent \u00e0 des formations trop lointaines. Dans nos r\u00e9gions de l\u2019ouest, les cartes scolaires indigentes, dans certaines fili\u00e8res, favorisent les lyc\u00e9es priv\u00e9s. Pour ces cartes de formations, nous avons \u00e9mis le souhait d\u2019\u00eatre des acteurs et non de simples invit\u00e9s sur strapontins dans les CREFOP.\u00a0<\/span><span style=\"font-family: arial, helvetica, sans-serif;\">Enfin, avons relev\u00e9 l\u2019incoh\u00e9rence du projet gouvernemental, d\u2019autant plus au Minist\u00e8re de l\u2019Agriculture qui est d\u00e9j\u00e0 en train de faire \u00e9voluer ses formations professionnelles&#8230;Une r\u00e9forme en \u00e9crase une autre\u00a0! Un enseignement agricole (et maritime d\u2019ailleurs) qui semblent les grands oubli\u00e9s de la concertation. Au final, une vraie diff\u00e9rence politique (nous ne furent pas surpris), une volont\u00e9 assum\u00e9e d\u2019un ad\u00e9quationnisme entre formation et territoire, selon nous impossible au regard de la mobilit\u00e9 mais aussi des envies et devenir personnel en terme d\u2019\u00e9panouissement de nos \u00e9l\u00e8ves. Cette vue ne trouvant pas prise semble-t-il dans cette pure gestion comptable des prol\u00e9taires.<\/span><\/p>\n<p align=\"justify\"><span style=\"font-family: arial, helvetica, sans-serif;\">Un dialogue courtois mais clairement sans ouverture aucune pour reconna\u00eetre que la politique \u00e9ducative choisie par le gouvernement va dans le mur et qui renforce notre volont\u00e9 et <span style=\"font-size: 14pt;\"><strong>la n\u00e9cessit\u00e9 de la mobilisation le 18 octobre prochain pour r\u00e9clamer le retrait du projet MACRON\u00a0!<\/strong><\/span><\/span><\/p>\n<p align=\"justify\"><span style=\"font-family: arial, helvetica, sans-serif;\">Laurent THORAVAL et Yoann VIGNER<\/span><\/p>\n","protected":false},"excerpt":{"rendered":"<p>Ce lundi 10 octobre 2022, \u00e0 l\u2019occasion de la venue du Pr\u00e9sident de la R\u00e9publique en Mayenne, la FSU 53 a rencontr\u00e9 en visioconf\u00e9rence la conseill\u00e8re \u00e9ducation du Pr\u00e9sident : Mme Anne LAUDE. 4 points \u00e9taient mis \u00e0 l\u2019ordre du jour : la r\u00e9forme voie professionnelle, les AESH, les Co\u00fbts \u00e9nerg\u00e9tiques des \u00e9tablissements scolaires, les [&hellip;]<\/p>\n","protected":false},"author":2,"featured_media":4578,"comment_status":"closed","ping_status":"closed","sticky":false,"template":"","format":"standard","meta":{"ocean_post_layout":"","ocean_both_sidebars_style":"","ocean_both_sidebars_content_width":0,"ocean_both_sidebars_sidebars_width":0,"ocean_sidebar":"0","ocean_second_sidebar":"0","ocean_disable_margins":"enable","ocean_add_body_class":"","ocean_shortcode_before_top_bar":"","ocean_shortcode_after_top_bar":"","ocean_shortcode_before_header":"","ocean_shortcode_after_header":"","ocean_has_shortcode":"","ocean_shortcode_after_title":"","ocean_shortcode_before_footer_widgets":"","ocean_shortcode_after_footer_widgets":"","ocean_shortcode_before_footer_bottom":"","ocean_shortcode_after_footer_bottom":"","ocean_display_top_bar":"default","ocean_display_header":"default","ocean_header_style":"","ocean_center_header_left_menu":"0","ocean_custom_header_template":"0","ocean_custom_logo":0,"ocean_custom_retina_logo":0,"ocean_custom_logo_max_width":0,"ocean_custom_logo_tablet_max_width":0,"ocean_custom_logo_mobile_max_width":0,"ocean_custom_logo_max_height":0,"ocean_custom_logo_tablet_max_height":0,"ocean_custom_logo_mobile_max_height":0,"ocean_header_custom_menu":"0","ocean_menu_typo_font_family":"0","ocean_menu_typo_font_subset":"","ocean_menu_typo_font_size":0,"ocean_menu_typo_font_size_tablet":0,"ocean_menu_typo_font_size_mobile":0,"ocean_menu_typo_font_size_unit":"px","ocean_menu_typo_font_weight":"","ocean_menu_typo_font_weight_tablet":"","ocean_menu_typo_font_weight_mobile":"","ocean_menu_typo_transform":"","ocean_menu_typo_transform_tablet":"","ocean_menu_typo_transform_mobile":"","ocean_menu_typo_line_height":0,"ocean_menu_typo_line_height_tablet":0,"ocean_menu_typo_line_height_mobile":0,"ocean_menu_typo_line_height_unit":"","ocean_menu_typo_spacing":0,"ocean_menu_typo_spacing_tablet":0,"ocean_menu_typo_spacing_mobile":0,"ocean_menu_typo_spacing_unit":"","ocean_menu_link_color":"","ocean_menu_link_color_hover":"","ocean_menu_link_color_active":"","ocean_menu_link_background":"","ocean_menu_link_hover_background":"","ocean_menu_link_active_background":"","ocean_menu_social_links_bg":"","ocean_menu_social_hover_links_bg":"","ocean_menu_social_links_color":"","ocean_menu_social_hover_links_color":"","ocean_disable_title":"default","ocean_disable_heading":"default","ocean_post_title":"","ocean_post_subheading":"","ocean_post_title_style":"","ocean_post_title_background_color":"","ocean_post_title_background":0,"ocean_post_title_bg_image_position":"","ocean_post_title_bg_image_attachment":"","ocean_post_title_bg_image_repeat":"","ocean_post_title_bg_image_size":"","ocean_post_title_height":0,"ocean_post_title_bg_overlay":0.5,"ocean_post_title_bg_overlay_color":"","ocean_disable_breadcrumbs":"default","ocean_breadcrumbs_color":"","ocean_breadcrumbs_separator_color":"","ocean_breadcrumbs_links_color":"","ocean_breadcrumbs_links_hover_color":"","ocean_display_footer_widgets":"default","ocean_display_footer_bottom":"default","ocean_custom_footer_template":"0","ocean_post_oembed":"","ocean_post_self_hosted_media":"","ocean_post_video_embed":"","ocean_link_format":"","ocean_link_format_target":"self","ocean_quote_format":"","ocean_quote_format_link":"post","ocean_gallery_link_images":"off","ocean_gallery_id":[],"footnotes":""},"categories":[28,19,18],"tags":[],"post_folder":[],"class_list":["post-4577","post","type-post","status-publish","format-standard","has-post-thumbnail","hentry","category-actions-regionales","category-chateau-gontier","category-laval","entry","has-media"],"yoast_head":"<!-- This site is optimized with the Yoast SEO plugin v27.4 - https:\/\/yoast.com\/product\/yoast-seo-wordpress\/ -->\n<title>La FSU 53 et le SNETAP-FSU rencontrent la conseill\u00e8re \u00e9ducation du Pr\u00e9sident de la R\u00e9publique - PAYS DE LA LOIRE<\/title>\n<meta name=\"robots\" content=\"index, follow, max-snippet:-1, max-image-preview:large, max-video-preview:-1\" \/>\n<link rel=\"canonical\" href=\"https:\/\/regions-snetap-fsu.fr\/pdl\/2022\/10\/11\/la-fsu-53-et-le-snetap-fsu-rencontrent-la-conseillere-education-du-president-de-la-republique\/\" \/>\n<meta property=\"og:locale\" content=\"fr_FR\" \/>\n<meta property=\"og:type\" content=\"article\" \/>\n<meta property=\"og:title\" content=\"La FSU 53 et le SNETAP-FSU rencontrent la conseill\u00e8re \u00e9ducation du Pr\u00e9sident de la R\u00e9publique - PAYS DE LA LOIRE\" \/>\n<meta property=\"og:description\" content=\"Ce lundi 10 octobre 2022, \u00e0 l\u2019occasion de la venue du Pr\u00e9sident de la R\u00e9publique en Mayenne, la FSU 53 a rencontr\u00e9 en visioconf\u00e9rence la conseill\u00e8re \u00e9ducation du Pr\u00e9sident : Mme Anne LAUDE. 4 points \u00e9taient mis \u00e0 l\u2019ordre du jour : la r\u00e9forme voie professionnelle, les AESH, les Co\u00fbts \u00e9nerg\u00e9tiques des \u00e9tablissements scolaires, les [&hellip;]\" \/>\n<meta property=\"og:url\" content=\"https:\/\/regions-snetap-fsu.fr\/pdl\/2022\/10\/11\/la-fsu-53-et-le-snetap-fsu-rencontrent-la-conseillere-education-du-president-de-la-republique\/\" \/>\n<meta property=\"og:site_name\" content=\"PAYS DE LA LOIRE\" \/>\n<meta property=\"article:published_time\" content=\"2022-10-10T23:36:30+00:00\" \/>\n<meta property=\"og:image\" content=\"https:\/\/regions-snetap-fsu.fr\/pdl\/wp-content\/uploads\/sites\/4\/2022\/10\/Compress_20221011_012602_2389.jpg\" \/>\n\t<meta property=\"og:image:width\" content=\"1824\" \/>\n\t<meta property=\"og:image:height\" content=\"1368\" \/>\n\t<meta property=\"og:image:type\" content=\"image\/jpeg\" \/>\n<meta name=\"author\" content=\"yvigner\" \/>\n<meta name=\"twitter:card\" content=\"summary_large_image\" \/>\n<meta name=\"twitter:label1\" content=\"\u00c9crit par\" \/>\n\t<meta name=\"twitter:data1\" content=\"yvigner\" \/>\n\t<meta name=\"twitter:label2\" content=\"Dur\u00e9e de lecture estim\u00e9e\" \/>\n\t<meta name=\"twitter:data2\" content=\"4 minutes\" \/>\n<script type=\"application\/ld+json\" class=\"yoast-schema-graph\">{\"@context\":\"https:\\\/\\\/schema.org\",\"@graph\":[{\"@type\":\"Article\",\"@id\":\"https:\\\/\\\/regions-snetap-fsu.fr\\\/pdl\\\/2022\\\/10\\\/11\\\/la-fsu-53-et-le-snetap-fsu-rencontrent-la-conseillere-education-du-president-de-la-republique\\\/#article\",\"isPartOf\":{\"@id\":\"https:\\\/\\\/regions-snetap-fsu.fr\\\/pdl\\\/2022\\\/10\\\/11\\\/la-fsu-53-et-le-snetap-fsu-rencontrent-la-conseillere-education-du-president-de-la-republique\\\/\"},\"author\":{\"name\":\"yvigner\",\"@id\":\"https:\\\/\\\/regions-snetap-fsu.fr\\\/pdl\\\/#\\\/schema\\\/person\\\/d4530af043f9e8d27bdd71c468ec93b1\"},\"headline\":\"La FSU 53 et le SNETAP-FSU rencontrent la conseill\u00e8re \u00e9ducation du Pr\u00e9sident de la R\u00e9publique\",\"datePublished\":\"2022-10-10T23:36:30+00:00\",\"mainEntityOfPage\":{\"@id\":\"https:\\\/\\\/regions-snetap-fsu.fr\\\/pdl\\\/2022\\\/10\\\/11\\\/la-fsu-53-et-le-snetap-fsu-rencontrent-la-conseillere-education-du-president-de-la-republique\\\/\"},\"wordCount\":898,\"publisher\":{\"@id\":\"https:\\\/\\\/regions-snetap-fsu.fr\\\/pdl\\\/#organization\"},\"image\":{\"@id\":\"https:\\\/\\\/regions-snetap-fsu.fr\\\/pdl\\\/2022\\\/10\\\/11\\\/la-fsu-53-et-le-snetap-fsu-rencontrent-la-conseillere-education-du-president-de-la-republique\\\/#primaryimage\"},\"thumbnailUrl\":\"https:\\\/\\\/regions-snetap-fsu.fr\\\/pdl\\\/wp-content\\\/uploads\\\/sites\\\/4\\\/2022\\\/10\\\/Compress_20221011_012602_2389.jpg\",\"articleSection\":[\"Actions r\u00e9gionales\",\"Chateau Gontier\",\"Laval\"],\"inLanguage\":\"fr-FR\"},{\"@type\":\"WebPage\",\"@id\":\"https:\\\/\\\/regions-snetap-fsu.fr\\\/pdl\\\/2022\\\/10\\\/11\\\/la-fsu-53-et-le-snetap-fsu-rencontrent-la-conseillere-education-du-president-de-la-republique\\\/\",\"url\":\"https:\\\/\\\/regions-snetap-fsu.fr\\\/pdl\\\/2022\\\/10\\\/11\\\/la-fsu-53-et-le-snetap-fsu-rencontrent-la-conseillere-education-du-president-de-la-republique\\\/\",\"name\":\"La FSU 53 et le SNETAP-FSU rencontrent la conseill\u00e8re \u00e9ducation du Pr\u00e9sident de la R\u00e9publique - PAYS DE LA LOIRE\",\"isPartOf\":{\"@id\":\"https:\\\/\\\/regions-snetap-fsu.fr\\\/pdl\\\/#website\"},\"primaryImageOfPage\":{\"@id\":\"https:\\\/\\\/regions-snetap-fsu.fr\\\/pdl\\\/2022\\\/10\\\/11\\\/la-fsu-53-et-le-snetap-fsu-rencontrent-la-conseillere-education-du-president-de-la-republique\\\/#primaryimage\"},\"image\":{\"@id\":\"https:\\\/\\\/regions-snetap-fsu.fr\\\/pdl\\\/2022\\\/10\\\/11\\\/la-fsu-53-et-le-snetap-fsu-rencontrent-la-conseillere-education-du-president-de-la-republique\\\/#primaryimage\"},\"thumbnailUrl\":\"https:\\\/\\\/regions-snetap-fsu.fr\\\/pdl\\\/wp-content\\\/uploads\\\/sites\\\/4\\\/2022\\\/10\\\/Compress_20221011_012602_2389.jpg\",\"datePublished\":\"2022-10-10T23:36:30+00:00\",\"breadcrumb\":{\"@id\":\"https:\\\/\\\/regions-snetap-fsu.fr\\\/pdl\\\/2022\\\/10\\\/11\\\/la-fsu-53-et-le-snetap-fsu-rencontrent-la-conseillere-education-du-president-de-la-republique\\\/#breadcrumb\"},\"inLanguage\":\"fr-FR\",\"potentialAction\":[{\"@type\":\"ReadAction\",\"target\":[\"https:\\\/\\\/regions-snetap-fsu.fr\\\/pdl\\\/2022\\\/10\\\/11\\\/la-fsu-53-et-le-snetap-fsu-rencontrent-la-conseillere-education-du-president-de-la-republique\\\/\"]}]},{\"@type\":\"ImageObject\",\"inLanguage\":\"fr-FR\",\"@id\":\"https:\\\/\\\/regions-snetap-fsu.fr\\\/pdl\\\/2022\\\/10\\\/11\\\/la-fsu-53-et-le-snetap-fsu-rencontrent-la-conseillere-education-du-president-de-la-republique\\\/#primaryimage\",\"url\":\"https:\\\/\\\/regions-snetap-fsu.fr\\\/pdl\\\/wp-content\\\/uploads\\\/sites\\\/4\\\/2022\\\/10\\\/Compress_20221011_012602_2389.jpg\",\"contentUrl\":\"https:\\\/\\\/regions-snetap-fsu.fr\\\/pdl\\\/wp-content\\\/uploads\\\/sites\\\/4\\\/2022\\\/10\\\/Compress_20221011_012602_2389.jpg\",\"width\":1824,\"height\":1368,\"caption\":\"Rencontre Collaboratrice \u00e9ducation d'E.MACRON \u00e0 Laval 10\\\/10\"},{\"@type\":\"BreadcrumbList\",\"@id\":\"https:\\\/\\\/regions-snetap-fsu.fr\\\/pdl\\\/2022\\\/10\\\/11\\\/la-fsu-53-et-le-snetap-fsu-rencontrent-la-conseillere-education-du-president-de-la-republique\\\/#breadcrumb\",\"itemListElement\":[{\"@type\":\"ListItem\",\"position\":1,\"name\":\"Accueil\",\"item\":\"https:\\\/\\\/regions-snetap-fsu.fr\\\/pdl\\\/\"},{\"@type\":\"ListItem\",\"position\":2,\"name\":\"La FSU 53 et le SNETAP-FSU rencontrent la conseill\u00e8re \u00e9ducation du Pr\u00e9sident de la R\u00e9publique\"}]},{\"@type\":\"WebSite\",\"@id\":\"https:\\\/\\\/regions-snetap-fsu.fr\\\/pdl\\\/#website\",\"url\":\"https:\\\/\\\/regions-snetap-fsu.fr\\\/pdl\\\/\",\"name\":\"SNETAP-FSU PAYS DE LA LOIRE\",\"description\":\"SECTION REGIONALE\",\"publisher\":{\"@id\":\"https:\\\/\\\/regions-snetap-fsu.fr\\\/pdl\\\/#organization\"},\"potentialAction\":[{\"@type\":\"SearchAction\",\"target\":{\"@type\":\"EntryPoint\",\"urlTemplate\":\"https:\\\/\\\/regions-snetap-fsu.fr\\\/pdl\\\/?s={search_term_string}\"},\"query-input\":{\"@type\":\"PropertyValueSpecification\",\"valueRequired\":true,\"valueName\":\"search_term_string\"}}],\"inLanguage\":\"fr-FR\"},{\"@type\":\"Organization\",\"@id\":\"https:\\\/\\\/regions-snetap-fsu.fr\\\/pdl\\\/#organization\",\"name\":\"SNETAP-FSU Pays de Loire\",\"url\":\"https:\\\/\\\/regions-snetap-fsu.fr\\\/pdl\\\/\",\"logo\":{\"@type\":\"ImageObject\",\"inLanguage\":\"fr-FR\",\"@id\":\"https:\\\/\\\/regions-snetap-fsu.fr\\\/pdl\\\/#\\\/schema\\\/logo\\\/image\\\/\",\"url\":\"https:\\\/\\\/regions-snetap-fsu.fr\\\/pdl\\\/wp-content\\\/uploads\\\/sites\\\/4\\\/2020\\\/12\\\/SNETAP-Logo.jpg\",\"contentUrl\":\"https:\\\/\\\/regions-snetap-fsu.fr\\\/pdl\\\/wp-content\\\/uploads\\\/sites\\\/4\\\/2020\\\/12\\\/SNETAP-Logo.jpg\",\"width\":464,\"height\":334,\"caption\":\"SNETAP-FSU Pays de Loire\"},\"image\":{\"@id\":\"https:\\\/\\\/regions-snetap-fsu.fr\\\/pdl\\\/#\\\/schema\\\/logo\\\/image\\\/\"}},{\"@type\":\"Person\",\"@id\":\"https:\\\/\\\/regions-snetap-fsu.fr\\\/pdl\\\/#\\\/schema\\\/person\\\/d4530af043f9e8d27bdd71c468ec93b1\",\"name\":\"yvigner\",\"image\":{\"@type\":\"ImageObject\",\"inLanguage\":\"fr-FR\",\"@id\":\"https:\\\/\\\/secure.gravatar.com\\\/avatar\\\/bc72baa6f2406549aecf77a837bc4f03dbe88472c1762138f868571430a23820?s=96&d=mm&r=g\",\"url\":\"https:\\\/\\\/secure.gravatar.com\\\/avatar\\\/bc72baa6f2406549aecf77a837bc4f03dbe88472c1762138f868571430a23820?s=96&d=mm&r=g\",\"contentUrl\":\"https:\\\/\\\/secure.gravatar.com\\\/avatar\\\/bc72baa6f2406549aecf77a837bc4f03dbe88472c1762138f868571430a23820?s=96&d=mm&r=g\",\"caption\":\"yvigner\"},\"url\":\"https:\\\/\\\/regions-snetap-fsu.fr\\\/pdl\\\/author\\\/yvigner\\\/\"}]}<\/script>\n<!-- \/ Yoast SEO plugin. -->","yoast_head_json":{"title":"La FSU 53 et le SNETAP-FSU rencontrent la conseill\u00e8re \u00e9ducation du Pr\u00e9sident de la R\u00e9publique - PAYS DE LA LOIRE","robots":{"index":"index","follow":"follow","max-snippet":"max-snippet:-1","max-image-preview":"max-image-preview:large","max-video-preview":"max-video-preview:-1"},"canonical":"https:\/\/regions-snetap-fsu.fr\/pdl\/2022\/10\/11\/la-fsu-53-et-le-snetap-fsu-rencontrent-la-conseillere-education-du-president-de-la-republique\/","og_locale":"fr_FR","og_type":"article","og_title":"La FSU 53 et le SNETAP-FSU rencontrent la conseill\u00e8re \u00e9ducation du Pr\u00e9sident de la R\u00e9publique - PAYS DE LA LOIRE","og_description":"Ce lundi 10 octobre 2022, \u00e0 l\u2019occasion de la venue du Pr\u00e9sident de la R\u00e9publique en Mayenne, la FSU 53 a rencontr\u00e9 en visioconf\u00e9rence la conseill\u00e8re \u00e9ducation du Pr\u00e9sident : Mme Anne LAUDE. 4 points \u00e9taient mis \u00e0 l\u2019ordre du jour : la r\u00e9forme voie professionnelle, les AESH, les Co\u00fbts \u00e9nerg\u00e9tiques des \u00e9tablissements scolaires, les [&hellip;]","og_url":"https:\/\/regions-snetap-fsu.fr\/pdl\/2022\/10\/11\/la-fsu-53-et-le-snetap-fsu-rencontrent-la-conseillere-education-du-president-de-la-republique\/","og_site_name":"PAYS DE LA LOIRE","article_published_time":"2022-10-10T23:36:30+00:00","og_image":[{"width":1824,"height":1368,"url":"https:\/\/regions-snetap-fsu.fr\/pdl\/wp-content\/uploads\/sites\/4\/2022\/10\/Compress_20221011_012602_2389.jpg","type":"image\/jpeg"}],"author":"yvigner","twitter_card":"summary_large_image","twitter_misc":{"\u00c9crit par":"yvigner","Dur\u00e9e de lecture estim\u00e9e":"4 minutes"},"schema":{"@context":"https:\/\/schema.org","@graph":[{"@type":"Article","@id":"https:\/\/regions-snetap-fsu.fr\/pdl\/2022\/10\/11\/la-fsu-53-et-le-snetap-fsu-rencontrent-la-conseillere-education-du-president-de-la-republique\/#article","isPartOf":{"@id":"https:\/\/regions-snetap-fsu.fr\/pdl\/2022\/10\/11\/la-fsu-53-et-le-snetap-fsu-rencontrent-la-conseillere-education-du-president-de-la-republique\/"},"author":{"name":"yvigner","@id":"https:\/\/regions-snetap-fsu.fr\/pdl\/#\/schema\/person\/d4530af043f9e8d27bdd71c468ec93b1"},"headline":"La FSU 53 et le SNETAP-FSU rencontrent la conseill\u00e8re \u00e9ducation du Pr\u00e9sident de la R\u00e9publique","datePublished":"2022-10-10T23:36:30+00:00","mainEntityOfPage":{"@id":"https:\/\/regions-snetap-fsu.fr\/pdl\/2022\/10\/11\/la-fsu-53-et-le-snetap-fsu-rencontrent-la-conseillere-education-du-president-de-la-republique\/"},"wordCount":898,"publisher":{"@id":"https:\/\/regions-snetap-fsu.fr\/pdl\/#organization"},"image":{"@id":"https:\/\/regions-snetap-fsu.fr\/pdl\/2022\/10\/11\/la-fsu-53-et-le-snetap-fsu-rencontrent-la-conseillere-education-du-president-de-la-republique\/#primaryimage"},"thumbnailUrl":"https:\/\/regions-snetap-fsu.fr\/pdl\/wp-content\/uploads\/sites\/4\/2022\/10\/Compress_20221011_012602_2389.jpg","articleSection":["Actions r\u00e9gionales","Chateau Gontier","Laval"],"inLanguage":"fr-FR"},{"@type":"WebPage","@id":"https:\/\/regions-snetap-fsu.fr\/pdl\/2022\/10\/11\/la-fsu-53-et-le-snetap-fsu-rencontrent-la-conseillere-education-du-president-de-la-republique\/","url":"https:\/\/regions-snetap-fsu.fr\/pdl\/2022\/10\/11\/la-fsu-53-et-le-snetap-fsu-rencontrent-la-conseillere-education-du-president-de-la-republique\/","name":"La FSU 53 et le SNETAP-FSU rencontrent la conseill\u00e8re \u00e9ducation du Pr\u00e9sident de la R\u00e9publique - PAYS DE LA LOIRE","isPartOf":{"@id":"https:\/\/regions-snetap-fsu.fr\/pdl\/#website"},"primaryImageOfPage":{"@id":"https:\/\/regions-snetap-fsu.fr\/pdl\/2022\/10\/11\/la-fsu-53-et-le-snetap-fsu-rencontrent-la-conseillere-education-du-president-de-la-republique\/#primaryimage"},"image":{"@id":"https:\/\/regions-snetap-fsu.fr\/pdl\/2022\/10\/11\/la-fsu-53-et-le-snetap-fsu-rencontrent-la-conseillere-education-du-president-de-la-republique\/#primaryimage"},"thumbnailUrl":"https:\/\/regions-snetap-fsu.fr\/pdl\/wp-content\/uploads\/sites\/4\/2022\/10\/Compress_20221011_012602_2389.jpg","datePublished":"2022-10-10T23:36:30+00:00","breadcrumb":{"@id":"https:\/\/regions-snetap-fsu.fr\/pdl\/2022\/10\/11\/la-fsu-53-et-le-snetap-fsu-rencontrent-la-conseillere-education-du-president-de-la-republique\/#breadcrumb"},"inLanguage":"fr-FR","potentialAction":[{"@type":"ReadAction","target":["https:\/\/regions-snetap-fsu.fr\/pdl\/2022\/10\/11\/la-fsu-53-et-le-snetap-fsu-rencontrent-la-conseillere-education-du-president-de-la-republique\/"]}]},{"@type":"ImageObject","inLanguage":"fr-FR","@id":"https:\/\/regions-snetap-fsu.fr\/pdl\/2022\/10\/11\/la-fsu-53-et-le-snetap-fsu-rencontrent-la-conseillere-education-du-president-de-la-republique\/#primaryimage","url":"https:\/\/regions-snetap-fsu.fr\/pdl\/wp-content\/uploads\/sites\/4\/2022\/10\/Compress_20221011_012602_2389.jpg","contentUrl":"https:\/\/regions-snetap-fsu.fr\/pdl\/wp-content\/uploads\/sites\/4\/2022\/10\/Compress_20221011_012602_2389.jpg","width":1824,"height":1368,"caption":"Rencontre Collaboratrice \u00e9ducation d'E.MACRON \u00e0 Laval 10\/10"},{"@type":"BreadcrumbList","@id":"https:\/\/regions-snetap-fsu.fr\/pdl\/2022\/10\/11\/la-fsu-53-et-le-snetap-fsu-rencontrent-la-conseillere-education-du-president-de-la-republique\/#breadcrumb","itemListElement":[{"@type":"ListItem","position":1,"name":"Accueil","item":"https:\/\/regions-snetap-fsu.fr\/pdl\/"},{"@type":"ListItem","position":2,"name":"La FSU 53 et le SNETAP-FSU rencontrent la conseill\u00e8re \u00e9ducation du Pr\u00e9sident de la R\u00e9publique"}]},{"@type":"WebSite","@id":"https:\/\/regions-snetap-fsu.fr\/pdl\/#website","url":"https:\/\/regions-snetap-fsu.fr\/pdl\/","name":"SNETAP-FSU PAYS DE LA LOIRE","description":"SECTION REGIONALE","publisher":{"@id":"https:\/\/regions-snetap-fsu.fr\/pdl\/#organization"},"potentialAction":[{"@type":"SearchAction","target":{"@type":"EntryPoint","urlTemplate":"https:\/\/regions-snetap-fsu.fr\/pdl\/?s={search_term_string}"},"query-input":{"@type":"PropertyValueSpecification","valueRequired":true,"valueName":"search_term_string"}}],"inLanguage":"fr-FR"},{"@type":"Organization","@id":"https:\/\/regions-snetap-fsu.fr\/pdl\/#organization","name":"SNETAP-FSU Pays de Loire","url":"https:\/\/regions-snetap-fsu.fr\/pdl\/","logo":{"@type":"ImageObject","inLanguage":"fr-FR","@id":"https:\/\/regions-snetap-fsu.fr\/pdl\/#\/schema\/logo\/image\/","url":"https:\/\/regions-snetap-fsu.fr\/pdl\/wp-content\/uploads\/sites\/4\/2020\/12\/SNETAP-Logo.jpg","contentUrl":"https:\/\/regions-snetap-fsu.fr\/pdl\/wp-content\/uploads\/sites\/4\/2020\/12\/SNETAP-Logo.jpg","width":464,"height":334,"caption":"SNETAP-FSU Pays de Loire"},"image":{"@id":"https:\/\/regions-snetap-fsu.fr\/pdl\/#\/schema\/logo\/image\/"}},{"@type":"Person","@id":"https:\/\/regions-snetap-fsu.fr\/pdl\/#\/schema\/person\/d4530af043f9e8d27bdd71c468ec93b1","name":"yvigner","image":{"@type":"ImageObject","inLanguage":"fr-FR","@id":"https:\/\/secure.gravatar.com\/avatar\/bc72baa6f2406549aecf77a837bc4f03dbe88472c1762138f868571430a23820?s=96&d=mm&r=g","url":"https:\/\/secure.gravatar.com\/avatar\/bc72baa6f2406549aecf77a837bc4f03dbe88472c1762138f868571430a23820?s=96&d=mm&r=g","contentUrl":"https:\/\/secure.gravatar.com\/avatar\/bc72baa6f2406549aecf77a837bc4f03dbe88472c1762138f868571430a23820?s=96&d=mm&r=g","caption":"yvigner"},"url":"https:\/\/regions-snetap-fsu.fr\/pdl\/author\/yvigner\/"}]}},"_links":{"self":[{"href":"https:\/\/regions-snetap-fsu.fr\/pdl\/wp-json\/wp\/v2\/posts\/4577","targetHints":{"allow":["GET"]}}],"collection":[{"href":"https:\/\/regions-snetap-fsu.fr\/pdl\/wp-json\/wp\/v2\/posts"}],"about":[{"href":"https:\/\/regions-snetap-fsu.fr\/pdl\/wp-json\/wp\/v2\/types\/post"}],"author":[{"embeddable":true,"href":"https:\/\/regions-snetap-fsu.fr\/pdl\/wp-json\/wp\/v2\/users\/2"}],"replies":[{"embeddable":true,"href":"https:\/\/regions-snetap-fsu.fr\/pdl\/wp-json\/wp\/v2\/comments?post=4577"}],"version-history":[{"count":1,"href":"https:\/\/regions-snetap-fsu.fr\/pdl\/wp-json\/wp\/v2\/posts\/4577\/revisions"}],"predecessor-version":[{"id":4579,"href":"https:\/\/regions-snetap-fsu.fr\/pdl\/wp-json\/wp\/v2\/posts\/4577\/revisions\/4579"}],"wp:featuredmedia":[{"embeddable":true,"href":"https:\/\/regions-snetap-fsu.fr\/pdl\/wp-json\/wp\/v2\/media\/4578"}],"wp:attachment":[{"href":"https:\/\/regions-snetap-fsu.fr\/pdl\/wp-json\/wp\/v2\/media?parent=4577"}],"wp:term":[{"taxonomy":"category","embeddable":true,"href":"https:\/\/regions-snetap-fsu.fr\/pdl\/wp-json\/wp\/v2\/categories?post=4577"},{"taxonomy":"post_tag","embeddable":true,"href":"https:\/\/regions-snetap-fsu.fr\/pdl\/wp-json\/wp\/v2\/tags?post=4577"},{"taxonomy":"post_folder","embeddable":true,"href":"https:\/\/regions-snetap-fsu.fr\/pdl\/wp-json\/wp\/v2\/post_folder?post=4577"}],"curies":[{"name":"wp","href":"https:\/\/api.w.org\/{rel}","templated":true}]}}