{"id":4538,"date":"2022-10-05T00:22:36","date_gmt":"2022-10-04T22:22:36","guid":{"rendered":"https:\/\/regions-snetap-fsu.fr\/pdl\/?p=4538"},"modified":"2022-10-05T00:28:29","modified_gmt":"2022-10-04T22:28:29","slug":"actions-educatives-ligeriennes-une-premiere-clarification-mais-des-equipes-educatives-bien-ignorees","status":"publish","type":"post","link":"https:\/\/regions-snetap-fsu.fr\/pdl\/2022\/10\/05\/actions-educatives-ligeriennes-une-premiere-clarification-mais-des-equipes-educatives-bien-ignorees\/","title":{"rendered":"Actions \u00e9ducatives lig\u00e9riennes : une premi\u00e8re clarification mais des \u00e9quipes \u00e9ducatives bien ignor\u00e9es !"},"content":{"rendered":"<p style=\"text-align: justify;\"><span style=\"font-family: arial, helvetica, sans-serif;\">Suite \u00e0 la mobilisation du 29 septembre dernier (<a href=\"https:\/\/regions-snetap-fsu.fr\/pdl\/2022\/09\/29\/defense-des-actions-educatives-ligeriennes-une-1ere-mobilisation-reussie-qui-en-appelle-dautres\/\">https:\/\/regions-snetap-fsu.fr\/pdl\/2022\/09\/29\/defense-des-actions-educatives-ligeriennes-une-1ere-mobilisation-reussie-qui-en-appelle-dautres\/<\/a>), une d\u00e9l\u00e9gation de repr\u00e9sentants FSU des lyc\u00e9es g\u00e9n\u00e9raux, technologiques, professionnels et agricoles publics des Pays de la Loire a rencontr\u00e9, ce lundi 3 octobre\u00a0 des \u00e9lus du Conseil r\u00e9gional (A.MARTIN, A-S.FAGOT) et F.CHAINARD, directeur g\u00e9n\u00e9ral adjoint en charge de la jeunesse, de l&rsquo;orientation, des formations et de l&#8217;emploi afin d&rsquo;\u00e9changer sur la question des actions \u00e9ducatives lig\u00e9riennes.\u00a0<\/span><\/p>\n<div class=\"iJ1Kvb\">\n<p class=\"GmE3X\" style=\"text-align: justify;\" role=\"heading\" aria-level=\"2\"><strong><span style=\"font-family: arial, helvetica, sans-serif; font-size: 14pt;\">Un budget maintenu&#8230;pour \u00e9couter les jeunes ? <\/span><\/strong><span style=\"font-family: arial, helvetica, sans-serif; font-size: 12pt;\">Lors de cet \u00e9change, A.MARTIN a pr\u00e9cis\u00e9 que le montant des AEL (plus de 1.1 millions d&rsquo;euros) \u00e9tait maintenu. On pourra, au moins, se r\u00e9jouir que l&rsquo;action des personnels (appuy\u00e9e par des \u00e9lu.es) a permis de faire la lumi\u00e8re sur ces AEL et participer \u00e0 maintenir leur existence. M<\/span><span style=\"font-family: arial, helvetica, sans-serif; font-size: 12pt;\">ais le calendrier de mise en \u0153uvre de ces projets sera d\u00e9cal\u00e9.. \u00e0 janvier 2023. D\u00e9cal\u00e9 pour prendre en compte, le BIG BANG de la jeunesse, d\u00e9cal\u00e9 pour entendre la parole des jeunes (qui sera notamment recueillie le 1er d\u00e9cembre prochain).\u00a0<\/span><\/p>\n<p style=\"text-align: justify;\"><span style=\"font-family: arial, helvetica, sans-serif;\"><span style=\"font-size: 14pt;\"><strong>Des \u00e9quipes \u00e9ducatives bien peu consid\u00e9r\u00e9es.<\/strong><\/span> Alors que depuis plus de 10 jours, nous demandions des explications aux \u00e9lus lig\u00e9riens, \u00e0 la Pr\u00e9sidente, au Vice-Pr\u00e9sident en charge des lyc\u00e9es. C&rsquo;est aux Directeurs et Secr\u00e9taires g\u00e9n\u00e9raux que l&rsquo;annonce a \u00e9t\u00e9 faite en premier&#8230;Alors que depuis de nombreuses ann\u00e9es, les \u00e9quipes s&rsquo;inscrivaient dans cette d\u00e9marche de p\u00e9dagogie de projet qu&rsquo;appuient les AEL, elles apprennent 10 jours avant la cl\u00f4ture des inscriptions que de nouveaux th\u00e8mes pourraient \u00eatre rajout\u00e9s (ou pas) mais sur proposition des jeunes (seulement) et que le calendrier est repouss\u00e9 (pour toutes et tous) d&rsquo;au moins trois mois. Heureusement que nous avons interpell\u00e9 le Conseil r\u00e9gional&#8230;Aurions nous eu l&rsquo;information sans cela ? Alors qu&rsquo;il s&rsquo;agit l\u00e0 de projets p\u00e9dagogiques, port\u00e9s, \u00e9crits, \u00e9valu\u00e9s par les \u00e9quipes, elles sont ignor\u00e9es dans cette d\u00e9cision.\u00a0<\/span><\/p>\n<p style=\"text-align: justify;\"><span style=\"font-family: arial, helvetica, sans-serif;\"><span style=\"font-size: 14pt;\"><strong>Comment comprendre une tel initiative ?<\/strong><\/span> Comment comprendre une telle initiative quand ces projets ne pourront se mettre se mettre en place qu&rsquo;en f\u00e9vrier (au mieux) soit les 2\/3 de l&rsquo;ann\u00e9e pass\u00e9e ? Si des jeunes (ici nous parlons d&rsquo;\u00e9l\u00e8ves et d&rsquo;apprentis) semblent vouloir parler environnement dans ces futurs AEL, pourquoi supprimer ce th\u00e8me cette ann\u00e9e (selon la liste fournie \u00e0 cette rentr\u00e9e) ? Comment comprendre une telle initiative quand \u00e0 nos remarques r\u00e9p\u00e9t\u00e9es sur l&rsquo;importance majeure de ces cr\u00e9dits, le Conseil r\u00e9gional r\u00e9pond qu&rsquo;il ne s&rsquo;agit que de d\u00e9penses facultatives ?<\/span><\/p>\n<p style=\"text-align: justify;\"><strong><span style=\"font-family: arial, helvetica, sans-serif;\">Nous continuons de porter l&rsquo;id\u00e9e que ces AEL, sont de vrais atouts pour construire des projets d&rsquo;ouverture culturelle, citoyenne&#8230;dans le cadre de nos cours. Nous allons continuer de nous adresser aux \u00e9lus r\u00e9gionaux pour qu&rsquo;ils entendent ce besoin de soutien, ce besoin d&rsquo;un calendrier resserr\u00e9 qui ne peut \u00eatre celui pr\u00e9sent\u00e9 ce 3 octobre.\u00a0<\/span><\/strong><\/p>\n<p style=\"text-align: right;\"><span style=\"font-family: arial, helvetica, sans-serif;\">Pour la FSU des Pays de la Loire,\u00a0<\/span><\/p>\n<p style=\"text-align: right;\"><span style=\"font-family: arial, helvetica, sans-serif;\">Yoann VIGNER-Co-secr\u00e9taire r\u00e9gional du SNETAP-FSU des Pays de la Loire<\/span><\/p>\n<\/div>\n","protected":false},"excerpt":{"rendered":"<p>Suite \u00e0 la mobilisation du 29 septembre dernier (https:\/\/regions-snetap-fsu.fr\/pdl\/2022\/09\/29\/defense-des-actions-educatives-ligeriennes-une-1ere-mobilisation-reussie-qui-en-appelle-dautres\/), une d\u00e9l\u00e9gation de repr\u00e9sentants FSU des lyc\u00e9es g\u00e9n\u00e9raux, technologiques, professionnels et agricoles publics des Pays de la Loire a rencontr\u00e9, ce lundi 3 octobre\u00a0 des \u00e9lus du Conseil r\u00e9gional (A.MARTIN, A-S.FAGOT) et F.CHAINARD, directeur g\u00e9n\u00e9ral adjoint en charge de la jeunesse, de l&rsquo;orientation, des formations et [&hellip;]<\/p>\n","protected":false},"author":2,"featured_media":4541,"comment_status":"closed","ping_status":"closed","sticky":false,"template":"","format":"standard","meta":{"ocean_post_layout":"","ocean_both_sidebars_style":"","ocean_both_sidebars_content_width":0,"ocean_both_sidebars_sidebars_width":0,"ocean_sidebar":"0","ocean_second_sidebar":"0","ocean_disable_margins":"enable","ocean_add_body_class":"","ocean_shortcode_before_top_bar":"","ocean_shortcode_after_top_bar":"","ocean_shortcode_before_header":"","ocean_shortcode_after_header":"","ocean_has_shortcode":"","ocean_shortcode_after_title":"","ocean_shortcode_before_footer_widgets":"","ocean_shortcode_after_footer_widgets":"","ocean_shortcode_before_footer_bottom":"","ocean_shortcode_after_footer_bottom":"","ocean_display_top_bar":"default","ocean_display_header":"default","ocean_header_style":"","ocean_center_header_left_menu":"0","ocean_custom_header_template":"0","ocean_custom_logo":0,"ocean_custom_retina_logo":0,"ocean_custom_logo_max_width":0,"ocean_custom_logo_tablet_max_width":0,"ocean_custom_logo_mobile_max_width":0,"ocean_custom_logo_max_height":0,"ocean_custom_logo_tablet_max_height":0,"ocean_custom_logo_mobile_max_height":0,"ocean_header_custom_menu":"0","ocean_menu_typo_font_family":"0","ocean_menu_typo_font_subset":"","ocean_menu_typo_font_size":0,"ocean_menu_typo_font_size_tablet":0,"ocean_menu_typo_font_size_mobile":0,"ocean_menu_typo_font_size_unit":"px","ocean_menu_typo_font_weight":"","ocean_menu_typo_font_weight_tablet":"","ocean_menu_typo_font_weight_mobile":"","ocean_menu_typo_transform":"","ocean_menu_typo_transform_tablet":"","ocean_menu_typo_transform_mobile":"","ocean_menu_typo_line_height":0,"ocean_menu_typo_line_height_tablet":0,"ocean_menu_typo_line_height_mobile":0,"ocean_menu_typo_line_height_unit":"","ocean_menu_typo_spacing":0,"ocean_menu_typo_spacing_tablet":0,"ocean_menu_typo_spacing_mobile":0,"ocean_menu_typo_spacing_unit":"","ocean_menu_link_color":"","ocean_menu_link_color_hover":"","ocean_menu_link_color_active":"","ocean_menu_link_background":"","ocean_menu_link_hover_background":"","ocean_menu_link_active_background":"","ocean_menu_social_links_bg":"","ocean_menu_social_hover_links_bg":"","ocean_menu_social_links_color":"","ocean_menu_social_hover_links_color":"","ocean_disable_title":"default","ocean_disable_heading":"default","ocean_post_title":"","ocean_post_subheading":"","ocean_post_title_style":"","ocean_post_title_background_color":"","ocean_post_title_background":0,"ocean_post_title_bg_image_position":"","ocean_post_title_bg_image_attachment":"","ocean_post_title_bg_image_repeat":"","ocean_post_title_bg_image_size":"","ocean_post_title_height":0,"ocean_post_title_bg_overlay":0.5,"ocean_post_title_bg_overlay_color":"","ocean_disable_breadcrumbs":"default","ocean_breadcrumbs_color":"","ocean_breadcrumbs_separator_color":"","ocean_breadcrumbs_links_color":"","ocean_breadcrumbs_links_hover_color":"","ocean_display_footer_widgets":"default","ocean_display_footer_bottom":"default","ocean_custom_footer_template":"0","ocean_post_oembed":"","ocean_post_self_hosted_media":"","ocean_post_video_embed":"","ocean_link_format":"","ocean_link_format_target":"self","ocean_quote_format":"","ocean_quote_format_link":"post","ocean_gallery_link_images":"off","ocean_gallery_id":[],"footnotes":""},"categories":[28],"tags":[],"post_folder":[],"class_list":["post-4538","post","type-post","status-publish","format-standard","has-post-thumbnail","hentry","category-actions-regionales","entry","has-media"],"yoast_head":"<!-- This site is optimized with the Yoast SEO plugin v27.4 - https:\/\/yoast.com\/product\/yoast-seo-wordpress\/ -->\n<title>Actions \u00e9ducatives lig\u00e9riennes : une premi\u00e8re clarification mais des \u00e9quipes \u00e9ducatives bien ignor\u00e9es ! - PAYS DE LA LOIRE<\/title>\n<meta name=\"robots\" content=\"index, follow, max-snippet:-1, max-image-preview:large, max-video-preview:-1\" \/>\n<link rel=\"canonical\" href=\"https:\/\/regions-snetap-fsu.fr\/pdl\/2022\/10\/05\/actions-educatives-ligeriennes-une-premiere-clarification-mais-des-equipes-educatives-bien-ignorees\/\" \/>\n<meta property=\"og:locale\" content=\"fr_FR\" \/>\n<meta property=\"og:type\" content=\"article\" \/>\n<meta property=\"og:title\" content=\"Actions \u00e9ducatives lig\u00e9riennes : une premi\u00e8re clarification mais des \u00e9quipes \u00e9ducatives bien ignor\u00e9es ! - PAYS DE LA LOIRE\" \/>\n<meta property=\"og:description\" content=\"Suite \u00e0 la mobilisation du 29 septembre dernier (https:\/\/regions-snetap-fsu.fr\/pdl\/2022\/09\/29\/defense-des-actions-educatives-ligeriennes-une-1ere-mobilisation-reussie-qui-en-appelle-dautres\/), une d\u00e9l\u00e9gation de repr\u00e9sentants FSU des lyc\u00e9es g\u00e9n\u00e9raux, technologiques, professionnels et agricoles publics des Pays de la Loire a rencontr\u00e9, ce lundi 3 octobre\u00a0 des \u00e9lus du Conseil r\u00e9gional (A.MARTIN, A-S.FAGOT) et F.CHAINARD, directeur g\u00e9n\u00e9ral adjoint en charge de la jeunesse, de l&rsquo;orientation, des formations et [&hellip;]\" \/>\n<meta property=\"og:url\" content=\"https:\/\/regions-snetap-fsu.fr\/pdl\/2022\/10\/05\/actions-educatives-ligeriennes-une-premiere-clarification-mais-des-equipes-educatives-bien-ignorees\/\" \/>\n<meta property=\"og:site_name\" content=\"PAYS DE LA LOIRE\" \/>\n<meta property=\"article:published_time\" content=\"2022-10-04T22:22:36+00:00\" \/>\n<meta property=\"article:modified_time\" content=\"2022-10-04T22:28:29+00:00\" \/>\n<meta property=\"og:image\" content=\"https:\/\/regions-snetap-fsu.fr\/pdl\/wp-content\/uploads\/sites\/4\/2022\/10\/IMG-20220929-WA0024-1.jpg\" \/>\n\t<meta property=\"og:image:width\" content=\"2048\" \/>\n\t<meta property=\"og:image:height\" content=\"1152\" \/>\n\t<meta property=\"og:image:type\" content=\"image\/jpeg\" \/>\n<meta name=\"author\" content=\"yvigner\" \/>\n<meta name=\"twitter:card\" content=\"summary_large_image\" \/>\n<meta name=\"twitter:label1\" content=\"\u00c9crit par\" \/>\n\t<meta name=\"twitter:data1\" content=\"yvigner\" \/>\n\t<meta name=\"twitter:label2\" content=\"Dur\u00e9e de lecture estim\u00e9e\" \/>\n\t<meta name=\"twitter:data2\" content=\"3 minutes\" \/>\n<script type=\"application\/ld+json\" class=\"yoast-schema-graph\">{\"@context\":\"https:\\\/\\\/schema.org\",\"@graph\":[{\"@type\":\"Article\",\"@id\":\"https:\\\/\\\/regions-snetap-fsu.fr\\\/pdl\\\/2022\\\/10\\\/05\\\/actions-educatives-ligeriennes-une-premiere-clarification-mais-des-equipes-educatives-bien-ignorees\\\/#article\",\"isPartOf\":{\"@id\":\"https:\\\/\\\/regions-snetap-fsu.fr\\\/pdl\\\/2022\\\/10\\\/05\\\/actions-educatives-ligeriennes-une-premiere-clarification-mais-des-equipes-educatives-bien-ignorees\\\/\"},\"author\":{\"name\":\"yvigner\",\"@id\":\"https:\\\/\\\/regions-snetap-fsu.fr\\\/pdl\\\/#\\\/schema\\\/person\\\/d4530af043f9e8d27bdd71c468ec93b1\"},\"headline\":\"Actions \u00e9ducatives lig\u00e9riennes : une premi\u00e8re clarification mais des \u00e9quipes \u00e9ducatives bien ignor\u00e9es !\",\"datePublished\":\"2022-10-04T22:22:36+00:00\",\"dateModified\":\"2022-10-04T22:28:29+00:00\",\"mainEntityOfPage\":{\"@id\":\"https:\\\/\\\/regions-snetap-fsu.fr\\\/pdl\\\/2022\\\/10\\\/05\\\/actions-educatives-ligeriennes-une-premiere-clarification-mais-des-equipes-educatives-bien-ignorees\\\/\"},\"wordCount\":549,\"publisher\":{\"@id\":\"https:\\\/\\\/regions-snetap-fsu.fr\\\/pdl\\\/#organization\"},\"image\":{\"@id\":\"https:\\\/\\\/regions-snetap-fsu.fr\\\/pdl\\\/2022\\\/10\\\/05\\\/actions-educatives-ligeriennes-une-premiere-clarification-mais-des-equipes-educatives-bien-ignorees\\\/#primaryimage\"},\"thumbnailUrl\":\"https:\\\/\\\/regions-snetap-fsu.fr\\\/pdl\\\/wp-content\\\/uploads\\\/sites\\\/4\\\/2022\\\/10\\\/IMG-20220929-WA0024-1.jpg\",\"articleSection\":[\"Actions r\u00e9gionales\"],\"inLanguage\":\"fr-FR\"},{\"@type\":\"WebPage\",\"@id\":\"https:\\\/\\\/regions-snetap-fsu.fr\\\/pdl\\\/2022\\\/10\\\/05\\\/actions-educatives-ligeriennes-une-premiere-clarification-mais-des-equipes-educatives-bien-ignorees\\\/\",\"url\":\"https:\\\/\\\/regions-snetap-fsu.fr\\\/pdl\\\/2022\\\/10\\\/05\\\/actions-educatives-ligeriennes-une-premiere-clarification-mais-des-equipes-educatives-bien-ignorees\\\/\",\"name\":\"Actions \u00e9ducatives lig\u00e9riennes : une premi\u00e8re clarification mais des \u00e9quipes \u00e9ducatives bien ignor\u00e9es ! - PAYS DE LA LOIRE\",\"isPartOf\":{\"@id\":\"https:\\\/\\\/regions-snetap-fsu.fr\\\/pdl\\\/#website\"},\"primaryImageOfPage\":{\"@id\":\"https:\\\/\\\/regions-snetap-fsu.fr\\\/pdl\\\/2022\\\/10\\\/05\\\/actions-educatives-ligeriennes-une-premiere-clarification-mais-des-equipes-educatives-bien-ignorees\\\/#primaryimage\"},\"image\":{\"@id\":\"https:\\\/\\\/regions-snetap-fsu.fr\\\/pdl\\\/2022\\\/10\\\/05\\\/actions-educatives-ligeriennes-une-premiere-clarification-mais-des-equipes-educatives-bien-ignorees\\\/#primaryimage\"},\"thumbnailUrl\":\"https:\\\/\\\/regions-snetap-fsu.fr\\\/pdl\\\/wp-content\\\/uploads\\\/sites\\\/4\\\/2022\\\/10\\\/IMG-20220929-WA0024-1.jpg\",\"datePublished\":\"2022-10-04T22:22:36+00:00\",\"dateModified\":\"2022-10-04T22:28:29+00:00\",\"breadcrumb\":{\"@id\":\"https:\\\/\\\/regions-snetap-fsu.fr\\\/pdl\\\/2022\\\/10\\\/05\\\/actions-educatives-ligeriennes-une-premiere-clarification-mais-des-equipes-educatives-bien-ignorees\\\/#breadcrumb\"},\"inLanguage\":\"fr-FR\",\"potentialAction\":[{\"@type\":\"ReadAction\",\"target\":[\"https:\\\/\\\/regions-snetap-fsu.fr\\\/pdl\\\/2022\\\/10\\\/05\\\/actions-educatives-ligeriennes-une-premiere-clarification-mais-des-equipes-educatives-bien-ignorees\\\/\"]}]},{\"@type\":\"ImageObject\",\"inLanguage\":\"fr-FR\",\"@id\":\"https:\\\/\\\/regions-snetap-fsu.fr\\\/pdl\\\/2022\\\/10\\\/05\\\/actions-educatives-ligeriennes-une-premiere-clarification-mais-des-equipes-educatives-bien-ignorees\\\/#primaryimage\",\"url\":\"https:\\\/\\\/regions-snetap-fsu.fr\\\/pdl\\\/wp-content\\\/uploads\\\/sites\\\/4\\\/2022\\\/10\\\/IMG-20220929-WA0024-1.jpg\",\"contentUrl\":\"https:\\\/\\\/regions-snetap-fsu.fr\\\/pdl\\\/wp-content\\\/uploads\\\/sites\\\/4\\\/2022\\\/10\\\/IMG-20220929-WA0024-1.jpg\",\"width\":2048,\"height\":1152},{\"@type\":\"BreadcrumbList\",\"@id\":\"https:\\\/\\\/regions-snetap-fsu.fr\\\/pdl\\\/2022\\\/10\\\/05\\\/actions-educatives-ligeriennes-une-premiere-clarification-mais-des-equipes-educatives-bien-ignorees\\\/#breadcrumb\",\"itemListElement\":[{\"@type\":\"ListItem\",\"position\":1,\"name\":\"Accueil\",\"item\":\"https:\\\/\\\/regions-snetap-fsu.fr\\\/pdl\\\/\"},{\"@type\":\"ListItem\",\"position\":2,\"name\":\"Actions \u00e9ducatives lig\u00e9riennes : une premi\u00e8re clarification mais des \u00e9quipes \u00e9ducatives bien ignor\u00e9es !\"}]},{\"@type\":\"WebSite\",\"@id\":\"https:\\\/\\\/regions-snetap-fsu.fr\\\/pdl\\\/#website\",\"url\":\"https:\\\/\\\/regions-snetap-fsu.fr\\\/pdl\\\/\",\"name\":\"SNETAP-FSU PAYS DE LA LOIRE\",\"description\":\"SECTION REGIONALE\",\"publisher\":{\"@id\":\"https:\\\/\\\/regions-snetap-fsu.fr\\\/pdl\\\/#organization\"},\"potentialAction\":[{\"@type\":\"SearchAction\",\"target\":{\"@type\":\"EntryPoint\",\"urlTemplate\":\"https:\\\/\\\/regions-snetap-fsu.fr\\\/pdl\\\/?s={search_term_string}\"},\"query-input\":{\"@type\":\"PropertyValueSpecification\",\"valueRequired\":true,\"valueName\":\"search_term_string\"}}],\"inLanguage\":\"fr-FR\"},{\"@type\":\"Organization\",\"@id\":\"https:\\\/\\\/regions-snetap-fsu.fr\\\/pdl\\\/#organization\",\"name\":\"SNETAP-FSU Pays de Loire\",\"url\":\"https:\\\/\\\/regions-snetap-fsu.fr\\\/pdl\\\/\",\"logo\":{\"@type\":\"ImageObject\",\"inLanguage\":\"fr-FR\",\"@id\":\"https:\\\/\\\/regions-snetap-fsu.fr\\\/pdl\\\/#\\\/schema\\\/logo\\\/image\\\/\",\"url\":\"https:\\\/\\\/regions-snetap-fsu.fr\\\/pdl\\\/wp-content\\\/uploads\\\/sites\\\/4\\\/2020\\\/12\\\/SNETAP-Logo.jpg\",\"contentUrl\":\"https:\\\/\\\/regions-snetap-fsu.fr\\\/pdl\\\/wp-content\\\/uploads\\\/sites\\\/4\\\/2020\\\/12\\\/SNETAP-Logo.jpg\",\"width\":464,\"height\":334,\"caption\":\"SNETAP-FSU Pays de Loire\"},\"image\":{\"@id\":\"https:\\\/\\\/regions-snetap-fsu.fr\\\/pdl\\\/#\\\/schema\\\/logo\\\/image\\\/\"}},{\"@type\":\"Person\",\"@id\":\"https:\\\/\\\/regions-snetap-fsu.fr\\\/pdl\\\/#\\\/schema\\\/person\\\/d4530af043f9e8d27bdd71c468ec93b1\",\"name\":\"yvigner\",\"image\":{\"@type\":\"ImageObject\",\"inLanguage\":\"fr-FR\",\"@id\":\"https:\\\/\\\/secure.gravatar.com\\\/avatar\\\/bc72baa6f2406549aecf77a837bc4f03dbe88472c1762138f868571430a23820?s=96&d=mm&r=g\",\"url\":\"https:\\\/\\\/secure.gravatar.com\\\/avatar\\\/bc72baa6f2406549aecf77a837bc4f03dbe88472c1762138f868571430a23820?s=96&d=mm&r=g\",\"contentUrl\":\"https:\\\/\\\/secure.gravatar.com\\\/avatar\\\/bc72baa6f2406549aecf77a837bc4f03dbe88472c1762138f868571430a23820?s=96&d=mm&r=g\",\"caption\":\"yvigner\"},\"url\":\"https:\\\/\\\/regions-snetap-fsu.fr\\\/pdl\\\/author\\\/yvigner\\\/\"}]}<\/script>\n<!-- \/ Yoast SEO plugin. -->","yoast_head_json":{"title":"Actions \u00e9ducatives lig\u00e9riennes : une premi\u00e8re clarification mais des \u00e9quipes \u00e9ducatives bien ignor\u00e9es ! - PAYS DE LA LOIRE","robots":{"index":"index","follow":"follow","max-snippet":"max-snippet:-1","max-image-preview":"max-image-preview:large","max-video-preview":"max-video-preview:-1"},"canonical":"https:\/\/regions-snetap-fsu.fr\/pdl\/2022\/10\/05\/actions-educatives-ligeriennes-une-premiere-clarification-mais-des-equipes-educatives-bien-ignorees\/","og_locale":"fr_FR","og_type":"article","og_title":"Actions \u00e9ducatives lig\u00e9riennes : une premi\u00e8re clarification mais des \u00e9quipes \u00e9ducatives bien ignor\u00e9es ! - PAYS DE LA LOIRE","og_description":"Suite \u00e0 la mobilisation du 29 septembre dernier (https:\/\/regions-snetap-fsu.fr\/pdl\/2022\/09\/29\/defense-des-actions-educatives-ligeriennes-une-1ere-mobilisation-reussie-qui-en-appelle-dautres\/), une d\u00e9l\u00e9gation de repr\u00e9sentants FSU des lyc\u00e9es g\u00e9n\u00e9raux, technologiques, professionnels et agricoles publics des Pays de la Loire a rencontr\u00e9, ce lundi 3 octobre\u00a0 des \u00e9lus du Conseil r\u00e9gional (A.MARTIN, A-S.FAGOT) et F.CHAINARD, directeur g\u00e9n\u00e9ral adjoint en charge de la jeunesse, de l&rsquo;orientation, des formations et [&hellip;]","og_url":"https:\/\/regions-snetap-fsu.fr\/pdl\/2022\/10\/05\/actions-educatives-ligeriennes-une-premiere-clarification-mais-des-equipes-educatives-bien-ignorees\/","og_site_name":"PAYS DE LA LOIRE","article_published_time":"2022-10-04T22:22:36+00:00","article_modified_time":"2022-10-04T22:28:29+00:00","og_image":[{"width":2048,"height":1152,"url":"https:\/\/regions-snetap-fsu.fr\/pdl\/wp-content\/uploads\/sites\/4\/2022\/10\/IMG-20220929-WA0024-1.jpg","type":"image\/jpeg"}],"author":"yvigner","twitter_card":"summary_large_image","twitter_misc":{"\u00c9crit par":"yvigner","Dur\u00e9e de lecture estim\u00e9e":"3 minutes"},"schema":{"@context":"https:\/\/schema.org","@graph":[{"@type":"Article","@id":"https:\/\/regions-snetap-fsu.fr\/pdl\/2022\/10\/05\/actions-educatives-ligeriennes-une-premiere-clarification-mais-des-equipes-educatives-bien-ignorees\/#article","isPartOf":{"@id":"https:\/\/regions-snetap-fsu.fr\/pdl\/2022\/10\/05\/actions-educatives-ligeriennes-une-premiere-clarification-mais-des-equipes-educatives-bien-ignorees\/"},"author":{"name":"yvigner","@id":"https:\/\/regions-snetap-fsu.fr\/pdl\/#\/schema\/person\/d4530af043f9e8d27bdd71c468ec93b1"},"headline":"Actions \u00e9ducatives lig\u00e9riennes : une premi\u00e8re clarification mais des \u00e9quipes \u00e9ducatives bien ignor\u00e9es !","datePublished":"2022-10-04T22:22:36+00:00","dateModified":"2022-10-04T22:28:29+00:00","mainEntityOfPage":{"@id":"https:\/\/regions-snetap-fsu.fr\/pdl\/2022\/10\/05\/actions-educatives-ligeriennes-une-premiere-clarification-mais-des-equipes-educatives-bien-ignorees\/"},"wordCount":549,"publisher":{"@id":"https:\/\/regions-snetap-fsu.fr\/pdl\/#organization"},"image":{"@id":"https:\/\/regions-snetap-fsu.fr\/pdl\/2022\/10\/05\/actions-educatives-ligeriennes-une-premiere-clarification-mais-des-equipes-educatives-bien-ignorees\/#primaryimage"},"thumbnailUrl":"https:\/\/regions-snetap-fsu.fr\/pdl\/wp-content\/uploads\/sites\/4\/2022\/10\/IMG-20220929-WA0024-1.jpg","articleSection":["Actions r\u00e9gionales"],"inLanguage":"fr-FR"},{"@type":"WebPage","@id":"https:\/\/regions-snetap-fsu.fr\/pdl\/2022\/10\/05\/actions-educatives-ligeriennes-une-premiere-clarification-mais-des-equipes-educatives-bien-ignorees\/","url":"https:\/\/regions-snetap-fsu.fr\/pdl\/2022\/10\/05\/actions-educatives-ligeriennes-une-premiere-clarification-mais-des-equipes-educatives-bien-ignorees\/","name":"Actions \u00e9ducatives lig\u00e9riennes : une premi\u00e8re clarification mais des \u00e9quipes \u00e9ducatives bien ignor\u00e9es ! - PAYS DE LA LOIRE","isPartOf":{"@id":"https:\/\/regions-snetap-fsu.fr\/pdl\/#website"},"primaryImageOfPage":{"@id":"https:\/\/regions-snetap-fsu.fr\/pdl\/2022\/10\/05\/actions-educatives-ligeriennes-une-premiere-clarification-mais-des-equipes-educatives-bien-ignorees\/#primaryimage"},"image":{"@id":"https:\/\/regions-snetap-fsu.fr\/pdl\/2022\/10\/05\/actions-educatives-ligeriennes-une-premiere-clarification-mais-des-equipes-educatives-bien-ignorees\/#primaryimage"},"thumbnailUrl":"https:\/\/regions-snetap-fsu.fr\/pdl\/wp-content\/uploads\/sites\/4\/2022\/10\/IMG-20220929-WA0024-1.jpg","datePublished":"2022-10-04T22:22:36+00:00","dateModified":"2022-10-04T22:28:29+00:00","breadcrumb":{"@id":"https:\/\/regions-snetap-fsu.fr\/pdl\/2022\/10\/05\/actions-educatives-ligeriennes-une-premiere-clarification-mais-des-equipes-educatives-bien-ignorees\/#breadcrumb"},"inLanguage":"fr-FR","potentialAction":[{"@type":"ReadAction","target":["https:\/\/regions-snetap-fsu.fr\/pdl\/2022\/10\/05\/actions-educatives-ligeriennes-une-premiere-clarification-mais-des-equipes-educatives-bien-ignorees\/"]}]},{"@type":"ImageObject","inLanguage":"fr-FR","@id":"https:\/\/regions-snetap-fsu.fr\/pdl\/2022\/10\/05\/actions-educatives-ligeriennes-une-premiere-clarification-mais-des-equipes-educatives-bien-ignorees\/#primaryimage","url":"https:\/\/regions-snetap-fsu.fr\/pdl\/wp-content\/uploads\/sites\/4\/2022\/10\/IMG-20220929-WA0024-1.jpg","contentUrl":"https:\/\/regions-snetap-fsu.fr\/pdl\/wp-content\/uploads\/sites\/4\/2022\/10\/IMG-20220929-WA0024-1.jpg","width":2048,"height":1152},{"@type":"BreadcrumbList","@id":"https:\/\/regions-snetap-fsu.fr\/pdl\/2022\/10\/05\/actions-educatives-ligeriennes-une-premiere-clarification-mais-des-equipes-educatives-bien-ignorees\/#breadcrumb","itemListElement":[{"@type":"ListItem","position":1,"name":"Accueil","item":"https:\/\/regions-snetap-fsu.fr\/pdl\/"},{"@type":"ListItem","position":2,"name":"Actions \u00e9ducatives lig\u00e9riennes : une premi\u00e8re clarification mais des \u00e9quipes \u00e9ducatives bien ignor\u00e9es !"}]},{"@type":"WebSite","@id":"https:\/\/regions-snetap-fsu.fr\/pdl\/#website","url":"https:\/\/regions-snetap-fsu.fr\/pdl\/","name":"SNETAP-FSU PAYS DE LA LOIRE","description":"SECTION REGIONALE","publisher":{"@id":"https:\/\/regions-snetap-fsu.fr\/pdl\/#organization"},"potentialAction":[{"@type":"SearchAction","target":{"@type":"EntryPoint","urlTemplate":"https:\/\/regions-snetap-fsu.fr\/pdl\/?s={search_term_string}"},"query-input":{"@type":"PropertyValueSpecification","valueRequired":true,"valueName":"search_term_string"}}],"inLanguage":"fr-FR"},{"@type":"Organization","@id":"https:\/\/regions-snetap-fsu.fr\/pdl\/#organization","name":"SNETAP-FSU Pays de Loire","url":"https:\/\/regions-snetap-fsu.fr\/pdl\/","logo":{"@type":"ImageObject","inLanguage":"fr-FR","@id":"https:\/\/regions-snetap-fsu.fr\/pdl\/#\/schema\/logo\/image\/","url":"https:\/\/regions-snetap-fsu.fr\/pdl\/wp-content\/uploads\/sites\/4\/2020\/12\/SNETAP-Logo.jpg","contentUrl":"https:\/\/regions-snetap-fsu.fr\/pdl\/wp-content\/uploads\/sites\/4\/2020\/12\/SNETAP-Logo.jpg","width":464,"height":334,"caption":"SNETAP-FSU Pays de Loire"},"image":{"@id":"https:\/\/regions-snetap-fsu.fr\/pdl\/#\/schema\/logo\/image\/"}},{"@type":"Person","@id":"https:\/\/regions-snetap-fsu.fr\/pdl\/#\/schema\/person\/d4530af043f9e8d27bdd71c468ec93b1","name":"yvigner","image":{"@type":"ImageObject","inLanguage":"fr-FR","@id":"https:\/\/secure.gravatar.com\/avatar\/bc72baa6f2406549aecf77a837bc4f03dbe88472c1762138f868571430a23820?s=96&d=mm&r=g","url":"https:\/\/secure.gravatar.com\/avatar\/bc72baa6f2406549aecf77a837bc4f03dbe88472c1762138f868571430a23820?s=96&d=mm&r=g","contentUrl":"https:\/\/secure.gravatar.com\/avatar\/bc72baa6f2406549aecf77a837bc4f03dbe88472c1762138f868571430a23820?s=96&d=mm&r=g","caption":"yvigner"},"url":"https:\/\/regions-snetap-fsu.fr\/pdl\/author\/yvigner\/"}]}},"_links":{"self":[{"href":"https:\/\/regions-snetap-fsu.fr\/pdl\/wp-json\/wp\/v2\/posts\/4538","targetHints":{"allow":["GET"]}}],"collection":[{"href":"https:\/\/regions-snetap-fsu.fr\/pdl\/wp-json\/wp\/v2\/posts"}],"about":[{"href":"https:\/\/regions-snetap-fsu.fr\/pdl\/wp-json\/wp\/v2\/types\/post"}],"author":[{"embeddable":true,"href":"https:\/\/regions-snetap-fsu.fr\/pdl\/wp-json\/wp\/v2\/users\/2"}],"replies":[{"embeddable":true,"href":"https:\/\/regions-snetap-fsu.fr\/pdl\/wp-json\/wp\/v2\/comments?post=4538"}],"version-history":[{"count":3,"href":"https:\/\/regions-snetap-fsu.fr\/pdl\/wp-json\/wp\/v2\/posts\/4538\/revisions"}],"predecessor-version":[{"id":4545,"href":"https:\/\/regions-snetap-fsu.fr\/pdl\/wp-json\/wp\/v2\/posts\/4538\/revisions\/4545"}],"wp:featuredmedia":[{"embeddable":true,"href":"https:\/\/regions-snetap-fsu.fr\/pdl\/wp-json\/wp\/v2\/media\/4541"}],"wp:attachment":[{"href":"https:\/\/regions-snetap-fsu.fr\/pdl\/wp-json\/wp\/v2\/media?parent=4538"}],"wp:term":[{"taxonomy":"category","embeddable":true,"href":"https:\/\/regions-snetap-fsu.fr\/pdl\/wp-json\/wp\/v2\/categories?post=4538"},{"taxonomy":"post_tag","embeddable":true,"href":"https:\/\/regions-snetap-fsu.fr\/pdl\/wp-json\/wp\/v2\/tags?post=4538"},{"taxonomy":"post_folder","embeddable":true,"href":"https:\/\/regions-snetap-fsu.fr\/pdl\/wp-json\/wp\/v2\/post_folder?post=4538"}],"curies":[{"name":"wp","href":"https:\/\/api.w.org\/{rel}","templated":true}]}}