{"id":4528,"date":"2022-09-29T23:46:18","date_gmt":"2022-09-29T21:46:18","guid":{"rendered":"https:\/\/regions-snetap-fsu.fr\/pdl\/?p=4528"},"modified":"2022-09-29T23:46:18","modified_gmt":"2022-09-29T21:46:18","slug":"defense-des-actions-educatives-ligeriennes-une-1ere-mobilisation-reussie-qui-en-appelle-dautres","status":"publish","type":"post","link":"https:\/\/regions-snetap-fsu.fr\/pdl\/2022\/09\/29\/defense-des-actions-educatives-ligeriennes-une-1ere-mobilisation-reussie-qui-en-appelle-dautres\/","title":{"rendered":"D\u00e9fense des Actions Educatives Lig\u00e9riennes : une 1\u00e8re mobilisation r\u00e9ussie&#8230;qui en appelle d&rsquo;autres !"},"content":{"rendered":"<p style=\"text-align: justify;\"><span style=\"font-family: arial, helvetica, sans-serif;\">Pr\u00e8s de 50 personnes,\u00a0 personnels de lyc\u00e9es g\u00e9n\u00e9raux, technologiques, professionnels et agricoles publics des Pays de la Loire (des coll\u00e8gues des 5 d\u00e9partements lig\u00e9riens \u00e9taient pr\u00e9sents et notamment de tous les lyc\u00e9es agricoles publics) se sont rassembl\u00e9es ce jeudi 29 septembre \u00e0 l&rsquo;appel de la FSU (SNES-FSU, SNUEP-FSU, SNETAP-FSU) et de la CGT-AGRI devant l&rsquo;Hotel de r\u00e9gion \u00e0 Nantes. Ils entendaient d\u00e9noncer le projet mortif\u00e8re du Conseil r\u00e9gional de r\u00e9duire drastiquement les actions \u00e9ducatives lig\u00e9riennes. Sans nouvelle, sans information de la Pr\u00e9sidente de la collectivit\u00e9 ou du Vice-Pr\u00e9sident en charge de la commission formation, les personnels \u00e9taient venus manifester leur col\u00e8re et t\u00e9moigner de la vari\u00e9t\u00e9 des projets que financent les AEL : citoyennet\u00e9, sensibilisation \u00e0 l&rsquo;environnement, simulation d&rsquo;entreprise, projets artistiques&#8230; T\u00e9moigner aussi que des augmentations r\u00e9elles de charge (notamment pour le chauffage) ne peuvent justifier que l&rsquo;on sacrifie l&rsquo;ouverture culturelle, les actions citoyennes. On ne peut choisir entre chauffer les lyc\u00e9es et financer des projets p\u00e9dagogiques. Les 2 sont indispensables. <\/span><\/p>\n<p style=\"text-align: justify;\"><span style=\"font-family: arial, helvetica, sans-serif;\">Ils et elles ont \u00e9galement demand\u00e9 un peu de respect, de dialogue. Comment comprendre sans \u00e9change, la suppression de tant de th\u00e8mes\/sujets d&rsquo;AEL ? Comment comprendre une d\u00e9cision dans une telle pr\u00e9cipitation ? Les acteurs de ces AEL, les enseignant.es notamment, m\u00e9ritent un peu de respect.\u00a0<\/span><\/p>\n<p style=\"text-align: justify;\"><span style=\"font-family: arial, helvetica, sans-serif;\">Tous les coll\u00e8gues pr\u00e9sents ont \u00e9galement pu \u00e9changer avec des \u00e9lus pr\u00e9sents\u00a0 (V.MAHE, M.BERTU, C.TAFFOREAU, S.LALANDE et F.NICOLON), venus apporter leur soutien \u00e0 cette mobilisation.\u00a0<\/span><\/p>\n<p style=\"text-align: justify;\"><span style=\"font-family: arial, helvetica, sans-serif;\">Conscient.es de l&rsquo;importance de ce dispositif dans la r\u00e9ussite des lyc\u00e9en.nes et des apprenti.es, il a \u00e9t\u00e9 convenu de continuer \u00e0 interpeller les \u00e9lus, les parents d&rsquo;\u00e9l\u00e8ves afin que l&rsquo;ensemble du dispositif et des cr\u00e9dits soient remis en place et consolid\u00e9s pour le budget 2023. D\u00e8s les prochaines semaines et notamment \u00e0 l&rsquo;occasion du d\u00e9bat budg\u00e9taire d&rsquo;autres mobilisations seront mises en place.\u00a0<\/span><\/p>\n<p style=\"text-align: justify;\">\n<span style=\"font-family: arial, helvetica, sans-serif;\"><span style=\"text-decoration: underline;\"><strong>Info de derni\u00e8re minute<\/strong> <\/span>: une entrevue avec le Vice Pr\u00e9sident du Conseil r\u00e9gional A\/MARTIN est pr\u00e9vue ce lundi 3 octobre.\u00a0<\/span><\/p>\n<p><img fetchpriority=\"high\" decoding=\"async\" class=\"alignnone size-full wp-image-4531\" src=\"https:\/\/regions-snetap-fsu.fr\/pdl\/wp-content\/uploads\/sites\/4\/2022\/09\/IMG-20220929-WA0009.jpg\" alt=\"\" width=\"2048\" height=\"1152\" srcset=\"https:\/\/regions-snetap-fsu.fr\/pdl\/wp-content\/uploads\/sites\/4\/2022\/09\/IMG-20220929-WA0009.jpg 2048w, https:\/\/regions-snetap-fsu.fr\/pdl\/wp-content\/uploads\/sites\/4\/2022\/09\/IMG-20220929-WA0009-300x169.jpg 300w, https:\/\/regions-snetap-fsu.fr\/pdl\/wp-content\/uploads\/sites\/4\/2022\/09\/IMG-20220929-WA0009-1024x576.jpg 1024w, https:\/\/regions-snetap-fsu.fr\/pdl\/wp-content\/uploads\/sites\/4\/2022\/09\/IMG-20220929-WA0009-768x432.jpg 768w, https:\/\/regions-snetap-fsu.fr\/pdl\/wp-content\/uploads\/sites\/4\/2022\/09\/IMG-20220929-WA0009-1536x864.jpg 1536w, https:\/\/regions-snetap-fsu.fr\/pdl\/wp-content\/uploads\/sites\/4\/2022\/09\/IMG-20220929-WA0009-800x450.jpg 800w\" sizes=\"(max-width: 2048px) 100vw, 2048px\" \/> <img decoding=\"async\" class=\"alignnone size-full wp-image-4530\" src=\"https:\/\/regions-snetap-fsu.fr\/pdl\/wp-content\/uploads\/sites\/4\/2022\/09\/IMG-20220929-WA0022.jpg\" alt=\"\" width=\"2048\" height=\"1152\" srcset=\"https:\/\/regions-snetap-fsu.fr\/pdl\/wp-content\/uploads\/sites\/4\/2022\/09\/IMG-20220929-WA0022.jpg 2048w, https:\/\/regions-snetap-fsu.fr\/pdl\/wp-content\/uploads\/sites\/4\/2022\/09\/IMG-20220929-WA0022-300x169.jpg 300w, https:\/\/regions-snetap-fsu.fr\/pdl\/wp-content\/uploads\/sites\/4\/2022\/09\/IMG-20220929-WA0022-1024x576.jpg 1024w, https:\/\/regions-snetap-fsu.fr\/pdl\/wp-content\/uploads\/sites\/4\/2022\/09\/IMG-20220929-WA0022-768x432.jpg 768w, https:\/\/regions-snetap-fsu.fr\/pdl\/wp-content\/uploads\/sites\/4\/2022\/09\/IMG-20220929-WA0022-1536x864.jpg 1536w, https:\/\/regions-snetap-fsu.fr\/pdl\/wp-content\/uploads\/sites\/4\/2022\/09\/IMG-20220929-WA0022-800x450.jpg 800w\" sizes=\"(max-width: 2048px) 100vw, 2048px\" \/><\/p>\n","protected":false},"excerpt":{"rendered":"<p>Pr\u00e8s de 50 personnes,\u00a0 personnels de lyc\u00e9es g\u00e9n\u00e9raux, technologiques, professionnels et agricoles publics des Pays de la Loire (des coll\u00e8gues des 5 d\u00e9partements lig\u00e9riens \u00e9taient pr\u00e9sents et notamment de tous les lyc\u00e9es agricoles publics) se sont rassembl\u00e9es ce jeudi 29 septembre \u00e0 l&rsquo;appel de la FSU (SNES-FSU, SNUEP-FSU, SNETAP-FSU) et de la CGT-AGRI devant l&rsquo;Hotel [&hellip;]<\/p>\n","protected":false},"author":2,"featured_media":4529,"comment_status":"closed","ping_status":"closed","sticky":false,"template":"","format":"standard","meta":{"ocean_post_layout":"","ocean_both_sidebars_style":"","ocean_both_sidebars_content_width":0,"ocean_both_sidebars_sidebars_width":0,"ocean_sidebar":"0","ocean_second_sidebar":"0","ocean_disable_margins":"enable","ocean_add_body_class":"","ocean_shortcode_before_top_bar":"","ocean_shortcode_after_top_bar":"","ocean_shortcode_before_header":"","ocean_shortcode_after_header":"","ocean_has_shortcode":"","ocean_shortcode_after_title":"","ocean_shortcode_before_footer_widgets":"","ocean_shortcode_after_footer_widgets":"","ocean_shortcode_before_footer_bottom":"","ocean_shortcode_after_footer_bottom":"","ocean_display_top_bar":"default","ocean_display_header":"default","ocean_header_style":"","ocean_center_header_left_menu":"0","ocean_custom_header_template":"0","ocean_custom_logo":0,"ocean_custom_retina_logo":0,"ocean_custom_logo_max_width":0,"ocean_custom_logo_tablet_max_width":0,"ocean_custom_logo_mobile_max_width":0,"ocean_custom_logo_max_height":0,"ocean_custom_logo_tablet_max_height":0,"ocean_custom_logo_mobile_max_height":0,"ocean_header_custom_menu":"0","ocean_menu_typo_font_family":"0","ocean_menu_typo_font_subset":"","ocean_menu_typo_font_size":0,"ocean_menu_typo_font_size_tablet":0,"ocean_menu_typo_font_size_mobile":0,"ocean_menu_typo_font_size_unit":"px","ocean_menu_typo_font_weight":"","ocean_menu_typo_font_weight_tablet":"","ocean_menu_typo_font_weight_mobile":"","ocean_menu_typo_transform":"","ocean_menu_typo_transform_tablet":"","ocean_menu_typo_transform_mobile":"","ocean_menu_typo_line_height":0,"ocean_menu_typo_line_height_tablet":0,"ocean_menu_typo_line_height_mobile":0,"ocean_menu_typo_line_height_unit":"","ocean_menu_typo_spacing":0,"ocean_menu_typo_spacing_tablet":0,"ocean_menu_typo_spacing_mobile":0,"ocean_menu_typo_spacing_unit":"","ocean_menu_link_color":"","ocean_menu_link_color_hover":"","ocean_menu_link_color_active":"","ocean_menu_link_background":"","ocean_menu_link_hover_background":"","ocean_menu_link_active_background":"","ocean_menu_social_links_bg":"","ocean_menu_social_hover_links_bg":"","ocean_menu_social_links_color":"","ocean_menu_social_hover_links_color":"","ocean_disable_title":"default","ocean_disable_heading":"default","ocean_post_title":"","ocean_post_subheading":"","ocean_post_title_style":"","ocean_post_title_background_color":"","ocean_post_title_background":0,"ocean_post_title_bg_image_position":"","ocean_post_title_bg_image_attachment":"","ocean_post_title_bg_image_repeat":"","ocean_post_title_bg_image_size":"","ocean_post_title_height":0,"ocean_post_title_bg_overlay":0.5,"ocean_post_title_bg_overlay_color":"","ocean_disable_breadcrumbs":"default","ocean_breadcrumbs_color":"","ocean_breadcrumbs_separator_color":"","ocean_breadcrumbs_links_color":"","ocean_breadcrumbs_links_hover_color":"","ocean_display_footer_widgets":"default","ocean_display_footer_bottom":"default","ocean_custom_footer_template":"0","ocean_post_oembed":"","ocean_post_self_hosted_media":"","ocean_post_video_embed":"","ocean_link_format":"","ocean_link_format_target":"self","ocean_quote_format":"","ocean_quote_format_link":"post","ocean_gallery_link_images":"off","ocean_gallery_id":[],"footnotes":""},"categories":[28],"tags":[],"post_folder":[],"class_list":["post-4528","post","type-post","status-publish","format-standard","has-post-thumbnail","hentry","category-actions-regionales","entry","has-media"],"yoast_head":"<!-- This site is optimized with the Yoast SEO plugin v27.4 - https:\/\/yoast.com\/product\/yoast-seo-wordpress\/ -->\n<title>D\u00e9fense des Actions Educatives Lig\u00e9riennes : une 1\u00e8re mobilisation r\u00e9ussie...qui en appelle d&#039;autres ! - PAYS DE LA LOIRE<\/title>\n<meta name=\"robots\" content=\"index, follow, max-snippet:-1, max-image-preview:large, max-video-preview:-1\" \/>\n<link rel=\"canonical\" href=\"https:\/\/regions-snetap-fsu.fr\/pdl\/2022\/09\/29\/defense-des-actions-educatives-ligeriennes-une-1ere-mobilisation-reussie-qui-en-appelle-dautres\/\" \/>\n<meta property=\"og:locale\" content=\"fr_FR\" \/>\n<meta property=\"og:type\" content=\"article\" \/>\n<meta property=\"og:title\" content=\"D\u00e9fense des Actions Educatives Lig\u00e9riennes : une 1\u00e8re mobilisation r\u00e9ussie...qui en appelle d&#039;autres ! - PAYS DE LA LOIRE\" \/>\n<meta property=\"og:description\" content=\"Pr\u00e8s de 50 personnes,\u00a0 personnels de lyc\u00e9es g\u00e9n\u00e9raux, technologiques, professionnels et agricoles publics des Pays de la Loire (des coll\u00e8gues des 5 d\u00e9partements lig\u00e9riens \u00e9taient pr\u00e9sents et notamment de tous les lyc\u00e9es agricoles publics) se sont rassembl\u00e9es ce jeudi 29 septembre \u00e0 l&rsquo;appel de la FSU (SNES-FSU, SNUEP-FSU, SNETAP-FSU) et de la CGT-AGRI devant l&rsquo;Hotel [&hellip;]\" \/>\n<meta property=\"og:url\" content=\"https:\/\/regions-snetap-fsu.fr\/pdl\/2022\/09\/29\/defense-des-actions-educatives-ligeriennes-une-1ere-mobilisation-reussie-qui-en-appelle-dautres\/\" \/>\n<meta property=\"og:site_name\" content=\"PAYS DE LA LOIRE\" \/>\n<meta property=\"article:published_time\" content=\"2022-09-29T21:46:18+00:00\" \/>\n<meta property=\"og:image\" content=\"https:\/\/regions-snetap-fsu.fr\/pdl\/wp-content\/uploads\/sites\/4\/2022\/09\/IMG-20220929-WA0004.jpg\" \/>\n\t<meta property=\"og:image:width\" content=\"2048\" \/>\n\t<meta property=\"og:image:height\" content=\"1152\" \/>\n\t<meta property=\"og:image:type\" content=\"image\/jpeg\" \/>\n<meta name=\"author\" content=\"yvigner\" \/>\n<meta name=\"twitter:card\" content=\"summary_large_image\" \/>\n<meta name=\"twitter:label1\" content=\"\u00c9crit par\" \/>\n\t<meta name=\"twitter:data1\" content=\"yvigner\" \/>\n\t<meta name=\"twitter:label2\" content=\"Dur\u00e9e de lecture estim\u00e9e\" \/>\n\t<meta name=\"twitter:data2\" content=\"2 minutes\" \/>\n<script type=\"application\/ld+json\" class=\"yoast-schema-graph\">{\"@context\":\"https:\\\/\\\/schema.org\",\"@graph\":[{\"@type\":\"Article\",\"@id\":\"https:\\\/\\\/regions-snetap-fsu.fr\\\/pdl\\\/2022\\\/09\\\/29\\\/defense-des-actions-educatives-ligeriennes-une-1ere-mobilisation-reussie-qui-en-appelle-dautres\\\/#article\",\"isPartOf\":{\"@id\":\"https:\\\/\\\/regions-snetap-fsu.fr\\\/pdl\\\/2022\\\/09\\\/29\\\/defense-des-actions-educatives-ligeriennes-une-1ere-mobilisation-reussie-qui-en-appelle-dautres\\\/\"},\"author\":{\"name\":\"yvigner\",\"@id\":\"https:\\\/\\\/regions-snetap-fsu.fr\\\/pdl\\\/#\\\/schema\\\/person\\\/d4530af043f9e8d27bdd71c468ec93b1\"},\"headline\":\"D\u00e9fense des Actions Educatives Lig\u00e9riennes : une 1\u00e8re mobilisation r\u00e9ussie&#8230;qui en appelle d&rsquo;autres !\",\"datePublished\":\"2022-09-29T21:46:18+00:00\",\"mainEntityOfPage\":{\"@id\":\"https:\\\/\\\/regions-snetap-fsu.fr\\\/pdl\\\/2022\\\/09\\\/29\\\/defense-des-actions-educatives-ligeriennes-une-1ere-mobilisation-reussie-qui-en-appelle-dautres\\\/\"},\"wordCount\":383,\"publisher\":{\"@id\":\"https:\\\/\\\/regions-snetap-fsu.fr\\\/pdl\\\/#organization\"},\"image\":{\"@id\":\"https:\\\/\\\/regions-snetap-fsu.fr\\\/pdl\\\/2022\\\/09\\\/29\\\/defense-des-actions-educatives-ligeriennes-une-1ere-mobilisation-reussie-qui-en-appelle-dautres\\\/#primaryimage\"},\"thumbnailUrl\":\"https:\\\/\\\/regions-snetap-fsu.fr\\\/pdl\\\/wp-content\\\/uploads\\\/sites\\\/4\\\/2022\\\/09\\\/IMG-20220929-WA0004.jpg\",\"articleSection\":[\"Actions r\u00e9gionales\"],\"inLanguage\":\"fr-FR\"},{\"@type\":\"WebPage\",\"@id\":\"https:\\\/\\\/regions-snetap-fsu.fr\\\/pdl\\\/2022\\\/09\\\/29\\\/defense-des-actions-educatives-ligeriennes-une-1ere-mobilisation-reussie-qui-en-appelle-dautres\\\/\",\"url\":\"https:\\\/\\\/regions-snetap-fsu.fr\\\/pdl\\\/2022\\\/09\\\/29\\\/defense-des-actions-educatives-ligeriennes-une-1ere-mobilisation-reussie-qui-en-appelle-dautres\\\/\",\"name\":\"D\u00e9fense des Actions Educatives Lig\u00e9riennes : une 1\u00e8re mobilisation r\u00e9ussie...qui en appelle d'autres ! - PAYS DE LA LOIRE\",\"isPartOf\":{\"@id\":\"https:\\\/\\\/regions-snetap-fsu.fr\\\/pdl\\\/#website\"},\"primaryImageOfPage\":{\"@id\":\"https:\\\/\\\/regions-snetap-fsu.fr\\\/pdl\\\/2022\\\/09\\\/29\\\/defense-des-actions-educatives-ligeriennes-une-1ere-mobilisation-reussie-qui-en-appelle-dautres\\\/#primaryimage\"},\"image\":{\"@id\":\"https:\\\/\\\/regions-snetap-fsu.fr\\\/pdl\\\/2022\\\/09\\\/29\\\/defense-des-actions-educatives-ligeriennes-une-1ere-mobilisation-reussie-qui-en-appelle-dautres\\\/#primaryimage\"},\"thumbnailUrl\":\"https:\\\/\\\/regions-snetap-fsu.fr\\\/pdl\\\/wp-content\\\/uploads\\\/sites\\\/4\\\/2022\\\/09\\\/IMG-20220929-WA0004.jpg\",\"datePublished\":\"2022-09-29T21:46:18+00:00\",\"breadcrumb\":{\"@id\":\"https:\\\/\\\/regions-snetap-fsu.fr\\\/pdl\\\/2022\\\/09\\\/29\\\/defense-des-actions-educatives-ligeriennes-une-1ere-mobilisation-reussie-qui-en-appelle-dautres\\\/#breadcrumb\"},\"inLanguage\":\"fr-FR\",\"potentialAction\":[{\"@type\":\"ReadAction\",\"target\":[\"https:\\\/\\\/regions-snetap-fsu.fr\\\/pdl\\\/2022\\\/09\\\/29\\\/defense-des-actions-educatives-ligeriennes-une-1ere-mobilisation-reussie-qui-en-appelle-dautres\\\/\"]}]},{\"@type\":\"ImageObject\",\"inLanguage\":\"fr-FR\",\"@id\":\"https:\\\/\\\/regions-snetap-fsu.fr\\\/pdl\\\/2022\\\/09\\\/29\\\/defense-des-actions-educatives-ligeriennes-une-1ere-mobilisation-reussie-qui-en-appelle-dautres\\\/#primaryimage\",\"url\":\"https:\\\/\\\/regions-snetap-fsu.fr\\\/pdl\\\/wp-content\\\/uploads\\\/sites\\\/4\\\/2022\\\/09\\\/IMG-20220929-WA0004.jpg\",\"contentUrl\":\"https:\\\/\\\/regions-snetap-fsu.fr\\\/pdl\\\/wp-content\\\/uploads\\\/sites\\\/4\\\/2022\\\/09\\\/IMG-20220929-WA0004.jpg\",\"width\":2048,\"height\":1152,\"caption\":\"Action AEL 29\\\/09\\\/2022\"},{\"@type\":\"BreadcrumbList\",\"@id\":\"https:\\\/\\\/regions-snetap-fsu.fr\\\/pdl\\\/2022\\\/09\\\/29\\\/defense-des-actions-educatives-ligeriennes-une-1ere-mobilisation-reussie-qui-en-appelle-dautres\\\/#breadcrumb\",\"itemListElement\":[{\"@type\":\"ListItem\",\"position\":1,\"name\":\"Accueil\",\"item\":\"https:\\\/\\\/regions-snetap-fsu.fr\\\/pdl\\\/\"},{\"@type\":\"ListItem\",\"position\":2,\"name\":\"D\u00e9fense des Actions Educatives Lig\u00e9riennes : une 1\u00e8re mobilisation r\u00e9ussie&#8230;qui en appelle d&rsquo;autres !\"}]},{\"@type\":\"WebSite\",\"@id\":\"https:\\\/\\\/regions-snetap-fsu.fr\\\/pdl\\\/#website\",\"url\":\"https:\\\/\\\/regions-snetap-fsu.fr\\\/pdl\\\/\",\"name\":\"SNETAP-FSU PAYS DE LA LOIRE\",\"description\":\"SECTION REGIONALE\",\"publisher\":{\"@id\":\"https:\\\/\\\/regions-snetap-fsu.fr\\\/pdl\\\/#organization\"},\"potentialAction\":[{\"@type\":\"SearchAction\",\"target\":{\"@type\":\"EntryPoint\",\"urlTemplate\":\"https:\\\/\\\/regions-snetap-fsu.fr\\\/pdl\\\/?s={search_term_string}\"},\"query-input\":{\"@type\":\"PropertyValueSpecification\",\"valueRequired\":true,\"valueName\":\"search_term_string\"}}],\"inLanguage\":\"fr-FR\"},{\"@type\":\"Organization\",\"@id\":\"https:\\\/\\\/regions-snetap-fsu.fr\\\/pdl\\\/#organization\",\"name\":\"SNETAP-FSU Pays de Loire\",\"url\":\"https:\\\/\\\/regions-snetap-fsu.fr\\\/pdl\\\/\",\"logo\":{\"@type\":\"ImageObject\",\"inLanguage\":\"fr-FR\",\"@id\":\"https:\\\/\\\/regions-snetap-fsu.fr\\\/pdl\\\/#\\\/schema\\\/logo\\\/image\\\/\",\"url\":\"https:\\\/\\\/regions-snetap-fsu.fr\\\/pdl\\\/wp-content\\\/uploads\\\/sites\\\/4\\\/2020\\\/12\\\/SNETAP-Logo.jpg\",\"contentUrl\":\"https:\\\/\\\/regions-snetap-fsu.fr\\\/pdl\\\/wp-content\\\/uploads\\\/sites\\\/4\\\/2020\\\/12\\\/SNETAP-Logo.jpg\",\"width\":464,\"height\":334,\"caption\":\"SNETAP-FSU Pays de Loire\"},\"image\":{\"@id\":\"https:\\\/\\\/regions-snetap-fsu.fr\\\/pdl\\\/#\\\/schema\\\/logo\\\/image\\\/\"}},{\"@type\":\"Person\",\"@id\":\"https:\\\/\\\/regions-snetap-fsu.fr\\\/pdl\\\/#\\\/schema\\\/person\\\/d4530af043f9e8d27bdd71c468ec93b1\",\"name\":\"yvigner\",\"image\":{\"@type\":\"ImageObject\",\"inLanguage\":\"fr-FR\",\"@id\":\"https:\\\/\\\/secure.gravatar.com\\\/avatar\\\/bc72baa6f2406549aecf77a837bc4f03dbe88472c1762138f868571430a23820?s=96&d=mm&r=g\",\"url\":\"https:\\\/\\\/secure.gravatar.com\\\/avatar\\\/bc72baa6f2406549aecf77a837bc4f03dbe88472c1762138f868571430a23820?s=96&d=mm&r=g\",\"contentUrl\":\"https:\\\/\\\/secure.gravatar.com\\\/avatar\\\/bc72baa6f2406549aecf77a837bc4f03dbe88472c1762138f868571430a23820?s=96&d=mm&r=g\",\"caption\":\"yvigner\"},\"url\":\"https:\\\/\\\/regions-snetap-fsu.fr\\\/pdl\\\/author\\\/yvigner\\\/\"}]}<\/script>\n<!-- \/ Yoast SEO plugin. -->","yoast_head_json":{"title":"D\u00e9fense des Actions Educatives Lig\u00e9riennes : une 1\u00e8re mobilisation r\u00e9ussie...qui en appelle d'autres ! - PAYS DE LA LOIRE","robots":{"index":"index","follow":"follow","max-snippet":"max-snippet:-1","max-image-preview":"max-image-preview:large","max-video-preview":"max-video-preview:-1"},"canonical":"https:\/\/regions-snetap-fsu.fr\/pdl\/2022\/09\/29\/defense-des-actions-educatives-ligeriennes-une-1ere-mobilisation-reussie-qui-en-appelle-dautres\/","og_locale":"fr_FR","og_type":"article","og_title":"D\u00e9fense des Actions Educatives Lig\u00e9riennes : une 1\u00e8re mobilisation r\u00e9ussie...qui en appelle d'autres ! - PAYS DE LA LOIRE","og_description":"Pr\u00e8s de 50 personnes,\u00a0 personnels de lyc\u00e9es g\u00e9n\u00e9raux, technologiques, professionnels et agricoles publics des Pays de la Loire (des coll\u00e8gues des 5 d\u00e9partements lig\u00e9riens \u00e9taient pr\u00e9sents et notamment de tous les lyc\u00e9es agricoles publics) se sont rassembl\u00e9es ce jeudi 29 septembre \u00e0 l&rsquo;appel de la FSU (SNES-FSU, SNUEP-FSU, SNETAP-FSU) et de la CGT-AGRI devant l&rsquo;Hotel [&hellip;]","og_url":"https:\/\/regions-snetap-fsu.fr\/pdl\/2022\/09\/29\/defense-des-actions-educatives-ligeriennes-une-1ere-mobilisation-reussie-qui-en-appelle-dautres\/","og_site_name":"PAYS DE LA LOIRE","article_published_time":"2022-09-29T21:46:18+00:00","og_image":[{"width":2048,"height":1152,"url":"https:\/\/regions-snetap-fsu.fr\/pdl\/wp-content\/uploads\/sites\/4\/2022\/09\/IMG-20220929-WA0004.jpg","type":"image\/jpeg"}],"author":"yvigner","twitter_card":"summary_large_image","twitter_misc":{"\u00c9crit par":"yvigner","Dur\u00e9e de lecture estim\u00e9e":"2 minutes"},"schema":{"@context":"https:\/\/schema.org","@graph":[{"@type":"Article","@id":"https:\/\/regions-snetap-fsu.fr\/pdl\/2022\/09\/29\/defense-des-actions-educatives-ligeriennes-une-1ere-mobilisation-reussie-qui-en-appelle-dautres\/#article","isPartOf":{"@id":"https:\/\/regions-snetap-fsu.fr\/pdl\/2022\/09\/29\/defense-des-actions-educatives-ligeriennes-une-1ere-mobilisation-reussie-qui-en-appelle-dautres\/"},"author":{"name":"yvigner","@id":"https:\/\/regions-snetap-fsu.fr\/pdl\/#\/schema\/person\/d4530af043f9e8d27bdd71c468ec93b1"},"headline":"D\u00e9fense des Actions Educatives Lig\u00e9riennes : une 1\u00e8re mobilisation r\u00e9ussie&#8230;qui en appelle d&rsquo;autres !","datePublished":"2022-09-29T21:46:18+00:00","mainEntityOfPage":{"@id":"https:\/\/regions-snetap-fsu.fr\/pdl\/2022\/09\/29\/defense-des-actions-educatives-ligeriennes-une-1ere-mobilisation-reussie-qui-en-appelle-dautres\/"},"wordCount":383,"publisher":{"@id":"https:\/\/regions-snetap-fsu.fr\/pdl\/#organization"},"image":{"@id":"https:\/\/regions-snetap-fsu.fr\/pdl\/2022\/09\/29\/defense-des-actions-educatives-ligeriennes-une-1ere-mobilisation-reussie-qui-en-appelle-dautres\/#primaryimage"},"thumbnailUrl":"https:\/\/regions-snetap-fsu.fr\/pdl\/wp-content\/uploads\/sites\/4\/2022\/09\/IMG-20220929-WA0004.jpg","articleSection":["Actions r\u00e9gionales"],"inLanguage":"fr-FR"},{"@type":"WebPage","@id":"https:\/\/regions-snetap-fsu.fr\/pdl\/2022\/09\/29\/defense-des-actions-educatives-ligeriennes-une-1ere-mobilisation-reussie-qui-en-appelle-dautres\/","url":"https:\/\/regions-snetap-fsu.fr\/pdl\/2022\/09\/29\/defense-des-actions-educatives-ligeriennes-une-1ere-mobilisation-reussie-qui-en-appelle-dautres\/","name":"D\u00e9fense des Actions Educatives Lig\u00e9riennes : une 1\u00e8re mobilisation r\u00e9ussie...qui en appelle d'autres ! - PAYS DE LA LOIRE","isPartOf":{"@id":"https:\/\/regions-snetap-fsu.fr\/pdl\/#website"},"primaryImageOfPage":{"@id":"https:\/\/regions-snetap-fsu.fr\/pdl\/2022\/09\/29\/defense-des-actions-educatives-ligeriennes-une-1ere-mobilisation-reussie-qui-en-appelle-dautres\/#primaryimage"},"image":{"@id":"https:\/\/regions-snetap-fsu.fr\/pdl\/2022\/09\/29\/defense-des-actions-educatives-ligeriennes-une-1ere-mobilisation-reussie-qui-en-appelle-dautres\/#primaryimage"},"thumbnailUrl":"https:\/\/regions-snetap-fsu.fr\/pdl\/wp-content\/uploads\/sites\/4\/2022\/09\/IMG-20220929-WA0004.jpg","datePublished":"2022-09-29T21:46:18+00:00","breadcrumb":{"@id":"https:\/\/regions-snetap-fsu.fr\/pdl\/2022\/09\/29\/defense-des-actions-educatives-ligeriennes-une-1ere-mobilisation-reussie-qui-en-appelle-dautres\/#breadcrumb"},"inLanguage":"fr-FR","potentialAction":[{"@type":"ReadAction","target":["https:\/\/regions-snetap-fsu.fr\/pdl\/2022\/09\/29\/defense-des-actions-educatives-ligeriennes-une-1ere-mobilisation-reussie-qui-en-appelle-dautres\/"]}]},{"@type":"ImageObject","inLanguage":"fr-FR","@id":"https:\/\/regions-snetap-fsu.fr\/pdl\/2022\/09\/29\/defense-des-actions-educatives-ligeriennes-une-1ere-mobilisation-reussie-qui-en-appelle-dautres\/#primaryimage","url":"https:\/\/regions-snetap-fsu.fr\/pdl\/wp-content\/uploads\/sites\/4\/2022\/09\/IMG-20220929-WA0004.jpg","contentUrl":"https:\/\/regions-snetap-fsu.fr\/pdl\/wp-content\/uploads\/sites\/4\/2022\/09\/IMG-20220929-WA0004.jpg","width":2048,"height":1152,"caption":"Action AEL 29\/09\/2022"},{"@type":"BreadcrumbList","@id":"https:\/\/regions-snetap-fsu.fr\/pdl\/2022\/09\/29\/defense-des-actions-educatives-ligeriennes-une-1ere-mobilisation-reussie-qui-en-appelle-dautres\/#breadcrumb","itemListElement":[{"@type":"ListItem","position":1,"name":"Accueil","item":"https:\/\/regions-snetap-fsu.fr\/pdl\/"},{"@type":"ListItem","position":2,"name":"D\u00e9fense des Actions Educatives Lig\u00e9riennes : une 1\u00e8re mobilisation r\u00e9ussie&#8230;qui en appelle d&rsquo;autres !"}]},{"@type":"WebSite","@id":"https:\/\/regions-snetap-fsu.fr\/pdl\/#website","url":"https:\/\/regions-snetap-fsu.fr\/pdl\/","name":"SNETAP-FSU PAYS DE LA LOIRE","description":"SECTION REGIONALE","publisher":{"@id":"https:\/\/regions-snetap-fsu.fr\/pdl\/#organization"},"potentialAction":[{"@type":"SearchAction","target":{"@type":"EntryPoint","urlTemplate":"https:\/\/regions-snetap-fsu.fr\/pdl\/?s={search_term_string}"},"query-input":{"@type":"PropertyValueSpecification","valueRequired":true,"valueName":"search_term_string"}}],"inLanguage":"fr-FR"},{"@type":"Organization","@id":"https:\/\/regions-snetap-fsu.fr\/pdl\/#organization","name":"SNETAP-FSU Pays de Loire","url":"https:\/\/regions-snetap-fsu.fr\/pdl\/","logo":{"@type":"ImageObject","inLanguage":"fr-FR","@id":"https:\/\/regions-snetap-fsu.fr\/pdl\/#\/schema\/logo\/image\/","url":"https:\/\/regions-snetap-fsu.fr\/pdl\/wp-content\/uploads\/sites\/4\/2020\/12\/SNETAP-Logo.jpg","contentUrl":"https:\/\/regions-snetap-fsu.fr\/pdl\/wp-content\/uploads\/sites\/4\/2020\/12\/SNETAP-Logo.jpg","width":464,"height":334,"caption":"SNETAP-FSU Pays de Loire"},"image":{"@id":"https:\/\/regions-snetap-fsu.fr\/pdl\/#\/schema\/logo\/image\/"}},{"@type":"Person","@id":"https:\/\/regions-snetap-fsu.fr\/pdl\/#\/schema\/person\/d4530af043f9e8d27bdd71c468ec93b1","name":"yvigner","image":{"@type":"ImageObject","inLanguage":"fr-FR","@id":"https:\/\/secure.gravatar.com\/avatar\/bc72baa6f2406549aecf77a837bc4f03dbe88472c1762138f868571430a23820?s=96&d=mm&r=g","url":"https:\/\/secure.gravatar.com\/avatar\/bc72baa6f2406549aecf77a837bc4f03dbe88472c1762138f868571430a23820?s=96&d=mm&r=g","contentUrl":"https:\/\/secure.gravatar.com\/avatar\/bc72baa6f2406549aecf77a837bc4f03dbe88472c1762138f868571430a23820?s=96&d=mm&r=g","caption":"yvigner"},"url":"https:\/\/regions-snetap-fsu.fr\/pdl\/author\/yvigner\/"}]}},"_links":{"self":[{"href":"https:\/\/regions-snetap-fsu.fr\/pdl\/wp-json\/wp\/v2\/posts\/4528","targetHints":{"allow":["GET"]}}],"collection":[{"href":"https:\/\/regions-snetap-fsu.fr\/pdl\/wp-json\/wp\/v2\/posts"}],"about":[{"href":"https:\/\/regions-snetap-fsu.fr\/pdl\/wp-json\/wp\/v2\/types\/post"}],"author":[{"embeddable":true,"href":"https:\/\/regions-snetap-fsu.fr\/pdl\/wp-json\/wp\/v2\/users\/2"}],"replies":[{"embeddable":true,"href":"https:\/\/regions-snetap-fsu.fr\/pdl\/wp-json\/wp\/v2\/comments?post=4528"}],"version-history":[{"count":1,"href":"https:\/\/regions-snetap-fsu.fr\/pdl\/wp-json\/wp\/v2\/posts\/4528\/revisions"}],"predecessor-version":[{"id":4532,"href":"https:\/\/regions-snetap-fsu.fr\/pdl\/wp-json\/wp\/v2\/posts\/4528\/revisions\/4532"}],"wp:featuredmedia":[{"embeddable":true,"href":"https:\/\/regions-snetap-fsu.fr\/pdl\/wp-json\/wp\/v2\/media\/4529"}],"wp:attachment":[{"href":"https:\/\/regions-snetap-fsu.fr\/pdl\/wp-json\/wp\/v2\/media?parent=4528"}],"wp:term":[{"taxonomy":"category","embeddable":true,"href":"https:\/\/regions-snetap-fsu.fr\/pdl\/wp-json\/wp\/v2\/categories?post=4528"},{"taxonomy":"post_tag","embeddable":true,"href":"https:\/\/regions-snetap-fsu.fr\/pdl\/wp-json\/wp\/v2\/tags?post=4528"},{"taxonomy":"post_folder","embeddable":true,"href":"https:\/\/regions-snetap-fsu.fr\/pdl\/wp-json\/wp\/v2\/post_folder?post=4528"}],"curies":[{"name":"wp","href":"https:\/\/api.w.org\/{rel}","templated":true}]}}