{"id":4501,"date":"2022-09-23T00:01:02","date_gmt":"2022-09-22T22:01:02","guid":{"rendered":"https:\/\/regions-snetap-fsu.fr\/pdl\/?p=4501"},"modified":"2022-09-23T00:05:03","modified_gmt":"2022-09-22T22:05:03","slug":"2e-journee-de-la-campagne-electorale-pour-les-elections-professionnelles-dans-lenseignement-agricole-public-la-sarthe","status":"publish","type":"post","link":"https:\/\/regions-snetap-fsu.fr\/pdl\/2022\/09\/23\/2e-journee-de-la-campagne-electorale-pour-les-elections-professionnelles-dans-lenseignement-agricole-public-la-sarthe\/","title":{"rendered":"2e journ\u00e9e de la campagne \u00e9lectorale pour les \u00e9lections professionnelles dans l&rsquo;enseignement agricole public lig\u00e9rien: la Sarthe"},"content":{"rendered":"<p style=\"text-align: justify;\">Ce jeudi 22 septembre, les repr\u00e9sentants r\u00e9gionaux du SNETAP-FSU, SUD RURAL TERRITOIRES et CGT-AGRI ont continu\u00e9 leur tour de r\u00e9gion des \u00e9tablissements agricoles publics. Ils ont rencontr\u00e9 des personnels des EPL de Brette les Pins et Rouillon, les deux \u00e9tablissements publics de la Sarthe. Au menu des \u00e9changes : la baisse drastique des AEL et la n\u00e9cessit\u00e9 de se mobiliser, la r\u00e9forme de la voie professionnelle, les conditions de travail des agents administratifs, les contrats de travail des AESH-AED, le sujet des primes&#8230;<\/p>\n<p><img fetchpriority=\"high\" decoding=\"async\" class=\"alignnone size-full wp-image-4502\" src=\"https:\/\/regions-snetap-fsu.fr\/pdl\/wp-content\/uploads\/sites\/4\/2022\/09\/Compress_20220922_235532_2203.jpg\" alt=\"\" width=\"1344\" height=\"756\" srcset=\"https:\/\/regions-snetap-fsu.fr\/pdl\/wp-content\/uploads\/sites\/4\/2022\/09\/Compress_20220922_235532_2203.jpg 1344w, https:\/\/regions-snetap-fsu.fr\/pdl\/wp-content\/uploads\/sites\/4\/2022\/09\/Compress_20220922_235532_2203-300x169.jpg 300w, https:\/\/regions-snetap-fsu.fr\/pdl\/wp-content\/uploads\/sites\/4\/2022\/09\/Compress_20220922_235532_2203-1024x576.jpg 1024w, https:\/\/regions-snetap-fsu.fr\/pdl\/wp-content\/uploads\/sites\/4\/2022\/09\/Compress_20220922_235532_2203-768x432.jpg 768w, https:\/\/regions-snetap-fsu.fr\/pdl\/wp-content\/uploads\/sites\/4\/2022\/09\/Compress_20220922_235532_2203-800x450.jpg 800w\" sizes=\"(max-width: 1344px) 100vw, 1344px\" \/> <img decoding=\"async\" class=\"alignnone size-full wp-image-4503\" src=\"https:\/\/regions-snetap-fsu.fr\/pdl\/wp-content\/uploads\/sites\/4\/2022\/09\/Compress_20220922_235532_2410.jpg\" alt=\"\" width=\"1344\" height=\"756\" srcset=\"https:\/\/regions-snetap-fsu.fr\/pdl\/wp-content\/uploads\/sites\/4\/2022\/09\/Compress_20220922_235532_2410.jpg 1344w, https:\/\/regions-snetap-fsu.fr\/pdl\/wp-content\/uploads\/sites\/4\/2022\/09\/Compress_20220922_235532_2410-300x169.jpg 300w, https:\/\/regions-snetap-fsu.fr\/pdl\/wp-content\/uploads\/sites\/4\/2022\/09\/Compress_20220922_235532_2410-1024x576.jpg 1024w, https:\/\/regions-snetap-fsu.fr\/pdl\/wp-content\/uploads\/sites\/4\/2022\/09\/Compress_20220922_235532_2410-768x432.jpg 768w, https:\/\/regions-snetap-fsu.fr\/pdl\/wp-content\/uploads\/sites\/4\/2022\/09\/Compress_20220922_235532_2410-800x450.jpg 800w\" sizes=\"(max-width: 1344px) 100vw, 1344px\" \/> <img decoding=\"async\" class=\"alignnone size-full wp-image-4505\" src=\"https:\/\/regions-snetap-fsu.fr\/pdl\/wp-content\/uploads\/sites\/4\/2022\/09\/Compress_20220922_235531_1932.jpg\" alt=\"\" width=\"1344\" height=\"756\" srcset=\"https:\/\/regions-snetap-fsu.fr\/pdl\/wp-content\/uploads\/sites\/4\/2022\/09\/Compress_20220922_235531_1932.jpg 1344w, https:\/\/regions-snetap-fsu.fr\/pdl\/wp-content\/uploads\/sites\/4\/2022\/09\/Compress_20220922_235531_1932-300x169.jpg 300w, https:\/\/regions-snetap-fsu.fr\/pdl\/wp-content\/uploads\/sites\/4\/2022\/09\/Compress_20220922_235531_1932-1024x576.jpg 1024w, https:\/\/regions-snetap-fsu.fr\/pdl\/wp-content\/uploads\/sites\/4\/2022\/09\/Compress_20220922_235531_1932-768x432.jpg 768w, https:\/\/regions-snetap-fsu.fr\/pdl\/wp-content\/uploads\/sites\/4\/2022\/09\/Compress_20220922_235531_1932-800x450.jpg 800w\" sizes=\"(max-width: 1344px) 100vw, 1344px\" \/><\/p>\n","protected":false},"excerpt":{"rendered":"<p>Ce jeudi 22 septembre, les repr\u00e9sentants r\u00e9gionaux du SNETAP-FSU, SUD RURAL TERRITOIRES et CGT-AGRI ont continu\u00e9 leur tour de r\u00e9gion des \u00e9tablissements agricoles publics. Ils ont rencontr\u00e9 des personnels des EPL de Brette les Pins et Rouillon, les deux \u00e9tablissements publics de la Sarthe. Au menu des \u00e9changes : la baisse drastique des AEL et [&hellip;]<\/p>\n","protected":false},"author":2,"featured_media":4502,"comment_status":"closed","ping_status":"closed","sticky":false,"template":"","format":"standard","meta":{"ocean_post_layout":"","ocean_both_sidebars_style":"","ocean_both_sidebars_content_width":0,"ocean_both_sidebars_sidebars_width":0,"ocean_sidebar":"0","ocean_second_sidebar":"0","ocean_disable_margins":"enable","ocean_add_body_class":"","ocean_shortcode_before_top_bar":"","ocean_shortcode_after_top_bar":"","ocean_shortcode_before_header":"","ocean_shortcode_after_header":"","ocean_has_shortcode":"","ocean_shortcode_after_title":"","ocean_shortcode_before_footer_widgets":"","ocean_shortcode_after_footer_widgets":"","ocean_shortcode_before_footer_bottom":"","ocean_shortcode_after_footer_bottom":"","ocean_display_top_bar":"default","ocean_display_header":"default","ocean_header_style":"","ocean_center_header_left_menu":"0","ocean_custom_header_template":"0","ocean_custom_logo":0,"ocean_custom_retina_logo":0,"ocean_custom_logo_max_width":0,"ocean_custom_logo_tablet_max_width":0,"ocean_custom_logo_mobile_max_width":0,"ocean_custom_logo_max_height":0,"ocean_custom_logo_tablet_max_height":0,"ocean_custom_logo_mobile_max_height":0,"ocean_header_custom_menu":"0","ocean_menu_typo_font_family":"0","ocean_menu_typo_font_subset":"","ocean_menu_typo_font_size":0,"ocean_menu_typo_font_size_tablet":0,"ocean_menu_typo_font_size_mobile":0,"ocean_menu_typo_font_size_unit":"px","ocean_menu_typo_font_weight":"","ocean_menu_typo_font_weight_tablet":"","ocean_menu_typo_font_weight_mobile":"","ocean_menu_typo_transform":"","ocean_menu_typo_transform_tablet":"","ocean_menu_typo_transform_mobile":"","ocean_menu_typo_line_height":0,"ocean_menu_typo_line_height_tablet":0,"ocean_menu_typo_line_height_mobile":0,"ocean_menu_typo_line_height_unit":"","ocean_menu_typo_spacing":0,"ocean_menu_typo_spacing_tablet":0,"ocean_menu_typo_spacing_mobile":0,"ocean_menu_typo_spacing_unit":"","ocean_menu_link_color":"","ocean_menu_link_color_hover":"","ocean_menu_link_color_active":"","ocean_menu_link_background":"","ocean_menu_link_hover_background":"","ocean_menu_link_active_background":"","ocean_menu_social_links_bg":"","ocean_menu_social_hover_links_bg":"","ocean_menu_social_links_color":"","ocean_menu_social_hover_links_color":"","ocean_disable_title":"default","ocean_disable_heading":"default","ocean_post_title":"","ocean_post_subheading":"","ocean_post_title_style":"","ocean_post_title_background_color":"","ocean_post_title_background":0,"ocean_post_title_bg_image_position":"","ocean_post_title_bg_image_attachment":"","ocean_post_title_bg_image_repeat":"","ocean_post_title_bg_image_size":"","ocean_post_title_height":0,"ocean_post_title_bg_overlay":0.5,"ocean_post_title_bg_overlay_color":"","ocean_disable_breadcrumbs":"default","ocean_breadcrumbs_color":"","ocean_breadcrumbs_separator_color":"","ocean_breadcrumbs_links_color":"","ocean_breadcrumbs_links_hover_color":"","ocean_display_footer_widgets":"default","ocean_display_footer_bottom":"default","ocean_custom_footer_template":"0","ocean_post_oembed":"","ocean_post_self_hosted_media":"","ocean_post_video_embed":"","ocean_link_format":"","ocean_link_format_target":"self","ocean_quote_format":"","ocean_quote_format_link":"post","ocean_gallery_link_images":"off","ocean_gallery_id":[],"footnotes":""},"categories":[22,30,20],"tags":[],"post_folder":[],"class_list":["post-4501","post","type-post","status-publish","format-standard","has-post-thumbnail","hentry","category-brette-les-pins","category-elections","category-le-mans","entry","has-media"],"yoast_head":"<!-- This site is optimized with the Yoast SEO plugin v27.4 - https:\/\/yoast.com\/product\/yoast-seo-wordpress\/ -->\n<title>2e journ\u00e9e de la campagne \u00e9lectorale pour les \u00e9lections professionnelles dans l&#039;enseignement agricole public lig\u00e9rien: la Sarthe - PAYS DE LA LOIRE<\/title>\n<meta name=\"robots\" content=\"index, follow, max-snippet:-1, max-image-preview:large, max-video-preview:-1\" \/>\n<link rel=\"canonical\" href=\"https:\/\/regions-snetap-fsu.fr\/pdl\/2022\/09\/23\/2e-journee-de-la-campagne-electorale-pour-les-elections-professionnelles-dans-lenseignement-agricole-public-la-sarthe\/\" \/>\n<meta property=\"og:locale\" content=\"fr_FR\" \/>\n<meta property=\"og:type\" content=\"article\" \/>\n<meta property=\"og:title\" content=\"2e journ\u00e9e de la campagne \u00e9lectorale pour les \u00e9lections professionnelles dans l&#039;enseignement agricole public lig\u00e9rien: la Sarthe - PAYS DE LA LOIRE\" \/>\n<meta property=\"og:description\" content=\"Ce jeudi 22 septembre, les repr\u00e9sentants r\u00e9gionaux du SNETAP-FSU, SUD RURAL TERRITOIRES et CGT-AGRI ont continu\u00e9 leur tour de r\u00e9gion des \u00e9tablissements agricoles publics. Ils ont rencontr\u00e9 des personnels des EPL de Brette les Pins et Rouillon, les deux \u00e9tablissements publics de la Sarthe. Au menu des \u00e9changes : la baisse drastique des AEL et [&hellip;]\" \/>\n<meta property=\"og:url\" content=\"https:\/\/regions-snetap-fsu.fr\/pdl\/2022\/09\/23\/2e-journee-de-la-campagne-electorale-pour-les-elections-professionnelles-dans-lenseignement-agricole-public-la-sarthe\/\" \/>\n<meta property=\"og:site_name\" content=\"PAYS DE LA LOIRE\" \/>\n<meta property=\"article:published_time\" content=\"2022-09-22T22:01:02+00:00\" \/>\n<meta property=\"article:modified_time\" content=\"2022-09-22T22:05:03+00:00\" \/>\n<meta property=\"og:image\" content=\"https:\/\/regions-snetap-fsu.fr\/pdl\/wp-content\/uploads\/sites\/4\/2022\/09\/Compress_20220922_235532_2203.jpg\" \/>\n\t<meta property=\"og:image:width\" content=\"1344\" \/>\n\t<meta property=\"og:image:height\" content=\"756\" \/>\n\t<meta property=\"og:image:type\" content=\"image\/jpeg\" \/>\n<meta name=\"author\" content=\"yvigner\" \/>\n<meta name=\"twitter:card\" content=\"summary_large_image\" \/>\n<meta name=\"twitter:label1\" content=\"\u00c9crit par\" \/>\n\t<meta name=\"twitter:data1\" content=\"yvigner\" \/>\n<script type=\"application\/ld+json\" class=\"yoast-schema-graph\">{\"@context\":\"https:\\\/\\\/schema.org\",\"@graph\":[{\"@type\":\"Article\",\"@id\":\"https:\\\/\\\/regions-snetap-fsu.fr\\\/pdl\\\/2022\\\/09\\\/23\\\/2e-journee-de-la-campagne-electorale-pour-les-elections-professionnelles-dans-lenseignement-agricole-public-la-sarthe\\\/#article\",\"isPartOf\":{\"@id\":\"https:\\\/\\\/regions-snetap-fsu.fr\\\/pdl\\\/2022\\\/09\\\/23\\\/2e-journee-de-la-campagne-electorale-pour-les-elections-professionnelles-dans-lenseignement-agricole-public-la-sarthe\\\/\"},\"author\":{\"name\":\"yvigner\",\"@id\":\"https:\\\/\\\/regions-snetap-fsu.fr\\\/pdl\\\/#\\\/schema\\\/person\\\/d4530af043f9e8d27bdd71c468ec93b1\"},\"headline\":\"2e journ\u00e9e de la campagne \u00e9lectorale pour les \u00e9lections professionnelles dans l&rsquo;enseignement agricole public lig\u00e9rien: la Sarthe\",\"datePublished\":\"2022-09-22T22:01:02+00:00\",\"dateModified\":\"2022-09-22T22:05:03+00:00\",\"mainEntityOfPage\":{\"@id\":\"https:\\\/\\\/regions-snetap-fsu.fr\\\/pdl\\\/2022\\\/09\\\/23\\\/2e-journee-de-la-campagne-electorale-pour-les-elections-professionnelles-dans-lenseignement-agricole-public-la-sarthe\\\/\"},\"wordCount\":106,\"publisher\":{\"@id\":\"https:\\\/\\\/regions-snetap-fsu.fr\\\/pdl\\\/#organization\"},\"image\":{\"@id\":\"https:\\\/\\\/regions-snetap-fsu.fr\\\/pdl\\\/2022\\\/09\\\/23\\\/2e-journee-de-la-campagne-electorale-pour-les-elections-professionnelles-dans-lenseignement-agricole-public-la-sarthe\\\/#primaryimage\"},\"thumbnailUrl\":\"https:\\\/\\\/regions-snetap-fsu.fr\\\/pdl\\\/wp-content\\\/uploads\\\/sites\\\/4\\\/2022\\\/09\\\/Compress_20220922_235532_2203.jpg\",\"articleSection\":[\"Brette les Pins\",\"Elections\",\"Le Mans\"],\"inLanguage\":\"fr-FR\"},{\"@type\":\"WebPage\",\"@id\":\"https:\\\/\\\/regions-snetap-fsu.fr\\\/pdl\\\/2022\\\/09\\\/23\\\/2e-journee-de-la-campagne-electorale-pour-les-elections-professionnelles-dans-lenseignement-agricole-public-la-sarthe\\\/\",\"url\":\"https:\\\/\\\/regions-snetap-fsu.fr\\\/pdl\\\/2022\\\/09\\\/23\\\/2e-journee-de-la-campagne-electorale-pour-les-elections-professionnelles-dans-lenseignement-agricole-public-la-sarthe\\\/\",\"name\":\"2e journ\u00e9e de la campagne \u00e9lectorale pour les \u00e9lections professionnelles dans l'enseignement agricole public lig\u00e9rien: la Sarthe - PAYS DE LA LOIRE\",\"isPartOf\":{\"@id\":\"https:\\\/\\\/regions-snetap-fsu.fr\\\/pdl\\\/#website\"},\"primaryImageOfPage\":{\"@id\":\"https:\\\/\\\/regions-snetap-fsu.fr\\\/pdl\\\/2022\\\/09\\\/23\\\/2e-journee-de-la-campagne-electorale-pour-les-elections-professionnelles-dans-lenseignement-agricole-public-la-sarthe\\\/#primaryimage\"},\"image\":{\"@id\":\"https:\\\/\\\/regions-snetap-fsu.fr\\\/pdl\\\/2022\\\/09\\\/23\\\/2e-journee-de-la-campagne-electorale-pour-les-elections-professionnelles-dans-lenseignement-agricole-public-la-sarthe\\\/#primaryimage\"},\"thumbnailUrl\":\"https:\\\/\\\/regions-snetap-fsu.fr\\\/pdl\\\/wp-content\\\/uploads\\\/sites\\\/4\\\/2022\\\/09\\\/Compress_20220922_235532_2203.jpg\",\"datePublished\":\"2022-09-22T22:01:02+00:00\",\"dateModified\":\"2022-09-22T22:05:03+00:00\",\"breadcrumb\":{\"@id\":\"https:\\\/\\\/regions-snetap-fsu.fr\\\/pdl\\\/2022\\\/09\\\/23\\\/2e-journee-de-la-campagne-electorale-pour-les-elections-professionnelles-dans-lenseignement-agricole-public-la-sarthe\\\/#breadcrumb\"},\"inLanguage\":\"fr-FR\",\"potentialAction\":[{\"@type\":\"ReadAction\",\"target\":[\"https:\\\/\\\/regions-snetap-fsu.fr\\\/pdl\\\/2022\\\/09\\\/23\\\/2e-journee-de-la-campagne-electorale-pour-les-elections-professionnelles-dans-lenseignement-agricole-public-la-sarthe\\\/\"]}]},{\"@type\":\"ImageObject\",\"inLanguage\":\"fr-FR\",\"@id\":\"https:\\\/\\\/regions-snetap-fsu.fr\\\/pdl\\\/2022\\\/09\\\/23\\\/2e-journee-de-la-campagne-electorale-pour-les-elections-professionnelles-dans-lenseignement-agricole-public-la-sarthe\\\/#primaryimage\",\"url\":\"https:\\\/\\\/regions-snetap-fsu.fr\\\/pdl\\\/wp-content\\\/uploads\\\/sites\\\/4\\\/2022\\\/09\\\/Compress_20220922_235532_2203.jpg\",\"contentUrl\":\"https:\\\/\\\/regions-snetap-fsu.fr\\\/pdl\\\/wp-content\\\/uploads\\\/sites\\\/4\\\/2022\\\/09\\\/Compress_20220922_235532_2203.jpg\",\"width\":1344,\"height\":756,\"caption\":\"Rencontre personnels Brette les Pins 22\\\/09\\\/22\"},{\"@type\":\"BreadcrumbList\",\"@id\":\"https:\\\/\\\/regions-snetap-fsu.fr\\\/pdl\\\/2022\\\/09\\\/23\\\/2e-journee-de-la-campagne-electorale-pour-les-elections-professionnelles-dans-lenseignement-agricole-public-la-sarthe\\\/#breadcrumb\",\"itemListElement\":[{\"@type\":\"ListItem\",\"position\":1,\"name\":\"Accueil\",\"item\":\"https:\\\/\\\/regions-snetap-fsu.fr\\\/pdl\\\/\"},{\"@type\":\"ListItem\",\"position\":2,\"name\":\"2e journ\u00e9e de la campagne \u00e9lectorale pour les \u00e9lections professionnelles dans l&rsquo;enseignement agricole public: la Sarthe\"}]},{\"@type\":\"WebSite\",\"@id\":\"https:\\\/\\\/regions-snetap-fsu.fr\\\/pdl\\\/#website\",\"url\":\"https:\\\/\\\/regions-snetap-fsu.fr\\\/pdl\\\/\",\"name\":\"SNETAP-FSU PAYS DE LA LOIRE\",\"description\":\"SECTION REGIONALE\",\"publisher\":{\"@id\":\"https:\\\/\\\/regions-snetap-fsu.fr\\\/pdl\\\/#organization\"},\"potentialAction\":[{\"@type\":\"SearchAction\",\"target\":{\"@type\":\"EntryPoint\",\"urlTemplate\":\"https:\\\/\\\/regions-snetap-fsu.fr\\\/pdl\\\/?s={search_term_string}\"},\"query-input\":{\"@type\":\"PropertyValueSpecification\",\"valueRequired\":true,\"valueName\":\"search_term_string\"}}],\"inLanguage\":\"fr-FR\"},{\"@type\":\"Organization\",\"@id\":\"https:\\\/\\\/regions-snetap-fsu.fr\\\/pdl\\\/#organization\",\"name\":\"SNETAP-FSU Pays de Loire\",\"url\":\"https:\\\/\\\/regions-snetap-fsu.fr\\\/pdl\\\/\",\"logo\":{\"@type\":\"ImageObject\",\"inLanguage\":\"fr-FR\",\"@id\":\"https:\\\/\\\/regions-snetap-fsu.fr\\\/pdl\\\/#\\\/schema\\\/logo\\\/image\\\/\",\"url\":\"https:\\\/\\\/regions-snetap-fsu.fr\\\/pdl\\\/wp-content\\\/uploads\\\/sites\\\/4\\\/2020\\\/12\\\/SNETAP-Logo.jpg\",\"contentUrl\":\"https:\\\/\\\/regions-snetap-fsu.fr\\\/pdl\\\/wp-content\\\/uploads\\\/sites\\\/4\\\/2020\\\/12\\\/SNETAP-Logo.jpg\",\"width\":464,\"height\":334,\"caption\":\"SNETAP-FSU Pays de Loire\"},\"image\":{\"@id\":\"https:\\\/\\\/regions-snetap-fsu.fr\\\/pdl\\\/#\\\/schema\\\/logo\\\/image\\\/\"}},{\"@type\":\"Person\",\"@id\":\"https:\\\/\\\/regions-snetap-fsu.fr\\\/pdl\\\/#\\\/schema\\\/person\\\/d4530af043f9e8d27bdd71c468ec93b1\",\"name\":\"yvigner\",\"image\":{\"@type\":\"ImageObject\",\"inLanguage\":\"fr-FR\",\"@id\":\"https:\\\/\\\/secure.gravatar.com\\\/avatar\\\/bc72baa6f2406549aecf77a837bc4f03dbe88472c1762138f868571430a23820?s=96&d=mm&r=g\",\"url\":\"https:\\\/\\\/secure.gravatar.com\\\/avatar\\\/bc72baa6f2406549aecf77a837bc4f03dbe88472c1762138f868571430a23820?s=96&d=mm&r=g\",\"contentUrl\":\"https:\\\/\\\/secure.gravatar.com\\\/avatar\\\/bc72baa6f2406549aecf77a837bc4f03dbe88472c1762138f868571430a23820?s=96&d=mm&r=g\",\"caption\":\"yvigner\"},\"url\":\"https:\\\/\\\/regions-snetap-fsu.fr\\\/pdl\\\/author\\\/yvigner\\\/\"}]}<\/script>\n<!-- \/ Yoast SEO plugin. -->","yoast_head_json":{"title":"2e journ\u00e9e de la campagne \u00e9lectorale pour les \u00e9lections professionnelles dans l'enseignement agricole public lig\u00e9rien: la Sarthe - PAYS DE LA LOIRE","robots":{"index":"index","follow":"follow","max-snippet":"max-snippet:-1","max-image-preview":"max-image-preview:large","max-video-preview":"max-video-preview:-1"},"canonical":"https:\/\/regions-snetap-fsu.fr\/pdl\/2022\/09\/23\/2e-journee-de-la-campagne-electorale-pour-les-elections-professionnelles-dans-lenseignement-agricole-public-la-sarthe\/","og_locale":"fr_FR","og_type":"article","og_title":"2e journ\u00e9e de la campagne \u00e9lectorale pour les \u00e9lections professionnelles dans l'enseignement agricole public lig\u00e9rien: la Sarthe - PAYS DE LA LOIRE","og_description":"Ce jeudi 22 septembre, les repr\u00e9sentants r\u00e9gionaux du SNETAP-FSU, SUD RURAL TERRITOIRES et CGT-AGRI ont continu\u00e9 leur tour de r\u00e9gion des \u00e9tablissements agricoles publics. Ils ont rencontr\u00e9 des personnels des EPL de Brette les Pins et Rouillon, les deux \u00e9tablissements publics de la Sarthe. Au menu des \u00e9changes : la baisse drastique des AEL et [&hellip;]","og_url":"https:\/\/regions-snetap-fsu.fr\/pdl\/2022\/09\/23\/2e-journee-de-la-campagne-electorale-pour-les-elections-professionnelles-dans-lenseignement-agricole-public-la-sarthe\/","og_site_name":"PAYS DE LA LOIRE","article_published_time":"2022-09-22T22:01:02+00:00","article_modified_time":"2022-09-22T22:05:03+00:00","og_image":[{"width":1344,"height":756,"url":"https:\/\/regions-snetap-fsu.fr\/pdl\/wp-content\/uploads\/sites\/4\/2022\/09\/Compress_20220922_235532_2203.jpg","type":"image\/jpeg"}],"author":"yvigner","twitter_card":"summary_large_image","twitter_misc":{"\u00c9crit par":"yvigner"},"schema":{"@context":"https:\/\/schema.org","@graph":[{"@type":"Article","@id":"https:\/\/regions-snetap-fsu.fr\/pdl\/2022\/09\/23\/2e-journee-de-la-campagne-electorale-pour-les-elections-professionnelles-dans-lenseignement-agricole-public-la-sarthe\/#article","isPartOf":{"@id":"https:\/\/regions-snetap-fsu.fr\/pdl\/2022\/09\/23\/2e-journee-de-la-campagne-electorale-pour-les-elections-professionnelles-dans-lenseignement-agricole-public-la-sarthe\/"},"author":{"name":"yvigner","@id":"https:\/\/regions-snetap-fsu.fr\/pdl\/#\/schema\/person\/d4530af043f9e8d27bdd71c468ec93b1"},"headline":"2e journ\u00e9e de la campagne \u00e9lectorale pour les \u00e9lections professionnelles dans l&rsquo;enseignement agricole public lig\u00e9rien: la Sarthe","datePublished":"2022-09-22T22:01:02+00:00","dateModified":"2022-09-22T22:05:03+00:00","mainEntityOfPage":{"@id":"https:\/\/regions-snetap-fsu.fr\/pdl\/2022\/09\/23\/2e-journee-de-la-campagne-electorale-pour-les-elections-professionnelles-dans-lenseignement-agricole-public-la-sarthe\/"},"wordCount":106,"publisher":{"@id":"https:\/\/regions-snetap-fsu.fr\/pdl\/#organization"},"image":{"@id":"https:\/\/regions-snetap-fsu.fr\/pdl\/2022\/09\/23\/2e-journee-de-la-campagne-electorale-pour-les-elections-professionnelles-dans-lenseignement-agricole-public-la-sarthe\/#primaryimage"},"thumbnailUrl":"https:\/\/regions-snetap-fsu.fr\/pdl\/wp-content\/uploads\/sites\/4\/2022\/09\/Compress_20220922_235532_2203.jpg","articleSection":["Brette les Pins","Elections","Le Mans"],"inLanguage":"fr-FR"},{"@type":"WebPage","@id":"https:\/\/regions-snetap-fsu.fr\/pdl\/2022\/09\/23\/2e-journee-de-la-campagne-electorale-pour-les-elections-professionnelles-dans-lenseignement-agricole-public-la-sarthe\/","url":"https:\/\/regions-snetap-fsu.fr\/pdl\/2022\/09\/23\/2e-journee-de-la-campagne-electorale-pour-les-elections-professionnelles-dans-lenseignement-agricole-public-la-sarthe\/","name":"2e journ\u00e9e de la campagne \u00e9lectorale pour les \u00e9lections professionnelles dans l'enseignement agricole public lig\u00e9rien: la Sarthe - PAYS DE LA LOIRE","isPartOf":{"@id":"https:\/\/regions-snetap-fsu.fr\/pdl\/#website"},"primaryImageOfPage":{"@id":"https:\/\/regions-snetap-fsu.fr\/pdl\/2022\/09\/23\/2e-journee-de-la-campagne-electorale-pour-les-elections-professionnelles-dans-lenseignement-agricole-public-la-sarthe\/#primaryimage"},"image":{"@id":"https:\/\/regions-snetap-fsu.fr\/pdl\/2022\/09\/23\/2e-journee-de-la-campagne-electorale-pour-les-elections-professionnelles-dans-lenseignement-agricole-public-la-sarthe\/#primaryimage"},"thumbnailUrl":"https:\/\/regions-snetap-fsu.fr\/pdl\/wp-content\/uploads\/sites\/4\/2022\/09\/Compress_20220922_235532_2203.jpg","datePublished":"2022-09-22T22:01:02+00:00","dateModified":"2022-09-22T22:05:03+00:00","breadcrumb":{"@id":"https:\/\/regions-snetap-fsu.fr\/pdl\/2022\/09\/23\/2e-journee-de-la-campagne-electorale-pour-les-elections-professionnelles-dans-lenseignement-agricole-public-la-sarthe\/#breadcrumb"},"inLanguage":"fr-FR","potentialAction":[{"@type":"ReadAction","target":["https:\/\/regions-snetap-fsu.fr\/pdl\/2022\/09\/23\/2e-journee-de-la-campagne-electorale-pour-les-elections-professionnelles-dans-lenseignement-agricole-public-la-sarthe\/"]}]},{"@type":"ImageObject","inLanguage":"fr-FR","@id":"https:\/\/regions-snetap-fsu.fr\/pdl\/2022\/09\/23\/2e-journee-de-la-campagne-electorale-pour-les-elections-professionnelles-dans-lenseignement-agricole-public-la-sarthe\/#primaryimage","url":"https:\/\/regions-snetap-fsu.fr\/pdl\/wp-content\/uploads\/sites\/4\/2022\/09\/Compress_20220922_235532_2203.jpg","contentUrl":"https:\/\/regions-snetap-fsu.fr\/pdl\/wp-content\/uploads\/sites\/4\/2022\/09\/Compress_20220922_235532_2203.jpg","width":1344,"height":756,"caption":"Rencontre personnels Brette les Pins 22\/09\/22"},{"@type":"BreadcrumbList","@id":"https:\/\/regions-snetap-fsu.fr\/pdl\/2022\/09\/23\/2e-journee-de-la-campagne-electorale-pour-les-elections-professionnelles-dans-lenseignement-agricole-public-la-sarthe\/#breadcrumb","itemListElement":[{"@type":"ListItem","position":1,"name":"Accueil","item":"https:\/\/regions-snetap-fsu.fr\/pdl\/"},{"@type":"ListItem","position":2,"name":"2e journ\u00e9e de la campagne \u00e9lectorale pour les \u00e9lections professionnelles dans l&rsquo;enseignement agricole public: la Sarthe"}]},{"@type":"WebSite","@id":"https:\/\/regions-snetap-fsu.fr\/pdl\/#website","url":"https:\/\/regions-snetap-fsu.fr\/pdl\/","name":"SNETAP-FSU PAYS DE LA LOIRE","description":"SECTION REGIONALE","publisher":{"@id":"https:\/\/regions-snetap-fsu.fr\/pdl\/#organization"},"potentialAction":[{"@type":"SearchAction","target":{"@type":"EntryPoint","urlTemplate":"https:\/\/regions-snetap-fsu.fr\/pdl\/?s={search_term_string}"},"query-input":{"@type":"PropertyValueSpecification","valueRequired":true,"valueName":"search_term_string"}}],"inLanguage":"fr-FR"},{"@type":"Organization","@id":"https:\/\/regions-snetap-fsu.fr\/pdl\/#organization","name":"SNETAP-FSU Pays de Loire","url":"https:\/\/regions-snetap-fsu.fr\/pdl\/","logo":{"@type":"ImageObject","inLanguage":"fr-FR","@id":"https:\/\/regions-snetap-fsu.fr\/pdl\/#\/schema\/logo\/image\/","url":"https:\/\/regions-snetap-fsu.fr\/pdl\/wp-content\/uploads\/sites\/4\/2020\/12\/SNETAP-Logo.jpg","contentUrl":"https:\/\/regions-snetap-fsu.fr\/pdl\/wp-content\/uploads\/sites\/4\/2020\/12\/SNETAP-Logo.jpg","width":464,"height":334,"caption":"SNETAP-FSU Pays de Loire"},"image":{"@id":"https:\/\/regions-snetap-fsu.fr\/pdl\/#\/schema\/logo\/image\/"}},{"@type":"Person","@id":"https:\/\/regions-snetap-fsu.fr\/pdl\/#\/schema\/person\/d4530af043f9e8d27bdd71c468ec93b1","name":"yvigner","image":{"@type":"ImageObject","inLanguage":"fr-FR","@id":"https:\/\/secure.gravatar.com\/avatar\/bc72baa6f2406549aecf77a837bc4f03dbe88472c1762138f868571430a23820?s=96&d=mm&r=g","url":"https:\/\/secure.gravatar.com\/avatar\/bc72baa6f2406549aecf77a837bc4f03dbe88472c1762138f868571430a23820?s=96&d=mm&r=g","contentUrl":"https:\/\/secure.gravatar.com\/avatar\/bc72baa6f2406549aecf77a837bc4f03dbe88472c1762138f868571430a23820?s=96&d=mm&r=g","caption":"yvigner"},"url":"https:\/\/regions-snetap-fsu.fr\/pdl\/author\/yvigner\/"}]}},"_links":{"self":[{"href":"https:\/\/regions-snetap-fsu.fr\/pdl\/wp-json\/wp\/v2\/posts\/4501","targetHints":{"allow":["GET"]}}],"collection":[{"href":"https:\/\/regions-snetap-fsu.fr\/pdl\/wp-json\/wp\/v2\/posts"}],"about":[{"href":"https:\/\/regions-snetap-fsu.fr\/pdl\/wp-json\/wp\/v2\/types\/post"}],"author":[{"embeddable":true,"href":"https:\/\/regions-snetap-fsu.fr\/pdl\/wp-json\/wp\/v2\/users\/2"}],"replies":[{"embeddable":true,"href":"https:\/\/regions-snetap-fsu.fr\/pdl\/wp-json\/wp\/v2\/comments?post=4501"}],"version-history":[{"count":5,"href":"https:\/\/regions-snetap-fsu.fr\/pdl\/wp-json\/wp\/v2\/posts\/4501\/revisions"}],"predecessor-version":[{"id":4510,"href":"https:\/\/regions-snetap-fsu.fr\/pdl\/wp-json\/wp\/v2\/posts\/4501\/revisions\/4510"}],"wp:featuredmedia":[{"embeddable":true,"href":"https:\/\/regions-snetap-fsu.fr\/pdl\/wp-json\/wp\/v2\/media\/4502"}],"wp:attachment":[{"href":"https:\/\/regions-snetap-fsu.fr\/pdl\/wp-json\/wp\/v2\/media?parent=4501"}],"wp:term":[{"taxonomy":"category","embeddable":true,"href":"https:\/\/regions-snetap-fsu.fr\/pdl\/wp-json\/wp\/v2\/categories?post=4501"},{"taxonomy":"post_tag","embeddable":true,"href":"https:\/\/regions-snetap-fsu.fr\/pdl\/wp-json\/wp\/v2\/tags?post=4501"},{"taxonomy":"post_folder","embeddable":true,"href":"https:\/\/regions-snetap-fsu.fr\/pdl\/wp-json\/wp\/v2\/post_folder?post=4501"}],"curies":[{"name":"wp","href":"https:\/\/api.w.org\/{rel}","templated":true}]}}