{"id":4488,"date":"2022-09-21T10:20:02","date_gmt":"2022-09-21T08:20:02","guid":{"rendered":"https:\/\/regions-snetap-fsu.fr\/pdl\/?p=4488"},"modified":"2022-09-21T10:20:02","modified_gmt":"2022-09-21T08:20:02","slug":"reduction-drastique-des-actions-educatives-ligeriennes-un-coup-de-massue-pour-les-projets-pedagogiques-contre-les-lyceen-nes-ligerien-nes","status":"publish","type":"post","link":"https:\/\/regions-snetap-fsu.fr\/pdl\/2022\/09\/21\/reduction-drastique-des-actions-educatives-ligeriennes-un-coup-de-massue-pour-les-projets-pedagogiques-contre-les-lyceen-nes-ligerien-nes\/","title":{"rendered":"R\u00e9duction drastique des Actions Educatives Lig\u00e9riennes : un coup de massue pour les projets p\u00e9dagogiques, contre les lyc\u00e9en.nes lig\u00e9rien.nes"},"content":{"rendered":"<p align=\"justify\"><span style=\"font-family: Arial, sans-serif; font-size: 12pt;\"><span style=\"color: #000000;\">Quelques jours apr\u00e8s la rentr\u00e9e, les \u00e9quipes p\u00e9dagogiques des lyc\u00e9es et CFA lig\u00e9riens viennent d&rsquo;apprendre (mais pas encore officiellement) que nombre de th\u00e8mes\/dossiers des actions \u00e9ducatives lig\u00e9riennes seront soit fortement r\u00e9duits ou pire tout simplement supprim\u00e9s.<\/span><\/span><\/p>\n<div id=\"magicdomid5\" dir=\"ltr\">\n<p align=\"justify\"><span style=\"font-family: Arial, sans-serif; font-size: 12pt;\"><span style=\"color: #000000;\"><br \/>\nCe sera notamment le cas\u00a0 de l&rsquo;op\u00e9ration \u00ab\u00a0les jeunes ont du talent et s&rsquo;exposent\u00a0\u00bb ou encore sur les actions en lien avec la transition \u00e9cologique et \u00e9nerg\u00e9tique ou encore \u00ab\u00a0Esprit d\u2019engagement : civisme et valeurs de la R\u00e9publique\u00a0\u00bb ou encore \u00ab\u00a0Esprit d\u2019entreprendre : ouverture aux entreprises et richesses des territoires\u00a0\u00bb. Sans ces financements, il va \u00eatre impossible pour nombre d&rsquo;\u00e9quipes de proposer une ouverture culturelle aux lyc\u00e9en.nes, notamment dans les lyc\u00e9es professionnels et dans certains territoires (une v\u00e9ritable double peine suit \u00e0 l\u2019augmentation des co\u00fbts des transports). M\u00eame les PRADT (Projets R\u00e9gionaux d\u2019Animation et de D\u00e9veloppement des Territoires)\u00a0 seraient remis en cause, nous n&rsquo;avons pour l&rsquo;instant aucun \u00e9l\u00e9ment officiels sur le maintien de ce dispositif .<\/span><\/span><\/p>\n<\/div>\n<div id=\"magicdomid7\" dir=\"ltr\">\n<p align=\"justify\"><span style=\"font-family: Arial, sans-serif; font-size: 12pt;\"><span style=\"color: #000000;\"><br \/>\nNos organisations syndicales SNES-FSU, SNETAP-FSU et SNUEP-FSU d\u00e9noncent le choix budg\u00e9taire (non assum\u00e9\u00a0?) qui conduit \u00e0 r\u00e9duire tr\u00e8s fortement les Actions Educatives Lig\u00e9riennes. Cette\u00a0annonce n&rsquo;a jamais \u00e9t\u00e9 faite aux \u00e9quipes. Certaines ont m\u00eame d\u00e9j\u00e0 lanc\u00e9 des projets ou construit leur progression autour de certaines actions, fa\u00e7on de travailler demand\u00e9e par les AEL eux-m\u00eames. C\u2019est un coup sans pr\u00e9c\u00e9dent aux actions p\u00e9dagogiques diversifi\u00e9es mises en place dans les \u00e9tablissements. Depuis de nombreuses ann\u00e9es, ces AEL constituaient un atout majeur dans la mise place de la p\u00e9dagogie de projet, dans l\u2019ouverture culturelle, artistique au service des lyc\u00e9en.nes lig\u00e9rien.nes. C\u2019est un coup \u00e9galement pour les acteurs culturels et associatifs, acteurs-partenaires de ces projets. <\/span><\/span><\/p>\n<\/div>\n<div id=\"magicdomid12\" dir=\"ltr\">\n<p align=\"justify\"><span style=\"font-size: 12pt;\"><span style=\"font-family: Arial, sans-serif;\"><span style=\"color: #000000;\">Par le pr\u00e9sent communiqu\u00e9, nous demandons aux \u00e9lus r\u00e9gionaux de revenir sur leur d\u00e9cision, nous sollicitons les \u00e9lus de la commission <\/span><\/span><span style=\"color: #2a2a2a;\">Jeunesse, emploi, formations, lyc\u00e9e et orientation <\/span><span style=\"color: #2a2a2a;\">et <\/span> la Direction des Lyc\u00e9es pour une rencontre.<\/span><\/p>\n<\/div>\n<p align=\"right\"><span style=\"font-size: 12pt;\"><span style=\"color: #000000;\"><span style=\"font-family: Arial, sans-serif;\">Nelly HERVOUET <\/span><\/span><span style=\"color: #000000;\"><span style=\"font-family: Arial, sans-serif;\">et <\/span><\/span><span style=\"color: #222222;\"><span style=\"font-family: Arial, Helvetica, sans-serif;\">Jeoffrey-Gaylord REMAUD\u00a0<\/span><\/span> <span style=\"color: #000000;\"><span style=\"font-family: Arial, sans-serif;\">, SNES-FSU<\/span><\/span><\/span><\/p>\n<p align=\"right\"><span style=\"color: #000000; font-size: 12pt;\"><span style=\"font-family: Arial, sans-serif;\">C\u00e9cile CHENE, SNUEP-FSU<\/span><\/span><\/p>\n<p align=\"right\"><span style=\"color: #000000; font-size: 12pt;\"><span style=\"font-family: Arial, sans-serif;\">Virginie JADEAU et Yoann VIGNER , SNETAP-FSU<\/span><\/span><\/p>\n\n\t\t<div class=\"wppdfemb-frame-container-1\" style=\"-webkit-overflow-scrolling:auto;\">\n\t\t\t<iframe class=\"pdfembed-iframe nonfullscreen wppdf-emb-iframe-1\"\n\t\t\t\tsrc=\"https:\/\/regions-snetap-fsu.fr\/pdl\/?pdfemb-data=eyJ1cmwiOiJodHRwczpcL1wvcmVnaW9ucy1zbmV0YXAtZnN1LmZyXC9wZGxcL3dwLWNvbnRlbnRcL3VwbG9hZHNcL3NpdGVzXC80XC8yMDIyXC8wOVwvQ29tbXVuaXF1ZS1GU1UtU05FUy1TTlVFUC1TTkVUQVAtc3VwcHJlc3Npb24tQUVMLVBETC5wZGYiLCJ0aXRsZSI6IkNvbW11bmlxdVx1MDBlOSBGU1UgU05FUyBTTlVFUCBTTkVUQVAgc3VwcHJlc3Npb24gQUVMIFBETCIsImluZGV4IjoxLCJwZGZJRCI6NDQ4OX0\"\n\t\t\t\ttitle=\"Communiqu\u00e9 FSU SNES SNUEP SNETAP suppression AEL PDL\"\t\t\t\tdata-pdf-id=\"4489\"\n\t\t\t\tdata-pdf-index=\"1\"\n\t\t\t\tstyle=\"border:none;width:100%;max-width:100%;height:100vh;\"\n\t\t\t\tscrolling=\"yes\">\n\t\t\t<\/iframe>\n\t\t<\/div>\n\n\t\t\n","protected":false},"excerpt":{"rendered":"<p>Quelques jours apr\u00e8s la rentr\u00e9e, les \u00e9quipes p\u00e9dagogiques des lyc\u00e9es et CFA lig\u00e9riens viennent d&rsquo;apprendre (mais pas encore officiellement) que nombre de th\u00e8mes\/dossiers des actions \u00e9ducatives lig\u00e9riennes seront soit fortement r\u00e9duits ou pire tout simplement supprim\u00e9s. Ce sera notamment le cas\u00a0 de l&rsquo;op\u00e9ration \u00ab\u00a0les jeunes ont du talent et s&rsquo;exposent\u00a0\u00bb ou encore sur les actions [&hellip;]<\/p>\n","protected":false},"author":2,"featured_media":3887,"comment_status":"closed","ping_status":"closed","sticky":false,"template":"","format":"standard","meta":{"ocean_post_layout":"","ocean_both_sidebars_style":"","ocean_both_sidebars_content_width":0,"ocean_both_sidebars_sidebars_width":0,"ocean_sidebar":"0","ocean_second_sidebar":"0","ocean_disable_margins":"enable","ocean_add_body_class":"","ocean_shortcode_before_top_bar":"","ocean_shortcode_after_top_bar":"","ocean_shortcode_before_header":"","ocean_shortcode_after_header":"","ocean_has_shortcode":"","ocean_shortcode_after_title":"","ocean_shortcode_before_footer_widgets":"","ocean_shortcode_after_footer_widgets":"","ocean_shortcode_before_footer_bottom":"","ocean_shortcode_after_footer_bottom":"","ocean_display_top_bar":"default","ocean_display_header":"default","ocean_header_style":"","ocean_center_header_left_menu":"0","ocean_custom_header_template":"0","ocean_custom_logo":0,"ocean_custom_retina_logo":0,"ocean_custom_logo_max_width":0,"ocean_custom_logo_tablet_max_width":0,"ocean_custom_logo_mobile_max_width":0,"ocean_custom_logo_max_height":0,"ocean_custom_logo_tablet_max_height":0,"ocean_custom_logo_mobile_max_height":0,"ocean_header_custom_menu":"0","ocean_menu_typo_font_family":"0","ocean_menu_typo_font_subset":"","ocean_menu_typo_font_size":0,"ocean_menu_typo_font_size_tablet":0,"ocean_menu_typo_font_size_mobile":0,"ocean_menu_typo_font_size_unit":"px","ocean_menu_typo_font_weight":"","ocean_menu_typo_font_weight_tablet":"","ocean_menu_typo_font_weight_mobile":"","ocean_menu_typo_transform":"","ocean_menu_typo_transform_tablet":"","ocean_menu_typo_transform_mobile":"","ocean_menu_typo_line_height":0,"ocean_menu_typo_line_height_tablet":0,"ocean_menu_typo_line_height_mobile":0,"ocean_menu_typo_line_height_unit":"","ocean_menu_typo_spacing":0,"ocean_menu_typo_spacing_tablet":0,"ocean_menu_typo_spacing_mobile":0,"ocean_menu_typo_spacing_unit":"","ocean_menu_link_color":"","ocean_menu_link_color_hover":"","ocean_menu_link_color_active":"","ocean_menu_link_background":"","ocean_menu_link_hover_background":"","ocean_menu_link_active_background":"","ocean_menu_social_links_bg":"","ocean_menu_social_hover_links_bg":"","ocean_menu_social_links_color":"","ocean_menu_social_hover_links_color":"","ocean_disable_title":"default","ocean_disable_heading":"default","ocean_post_title":"","ocean_post_subheading":"","ocean_post_title_style":"","ocean_post_title_background_color":"","ocean_post_title_background":0,"ocean_post_title_bg_image_position":"","ocean_post_title_bg_image_attachment":"","ocean_post_title_bg_image_repeat":"","ocean_post_title_bg_image_size":"","ocean_post_title_height":0,"ocean_post_title_bg_overlay":0.5,"ocean_post_title_bg_overlay_color":"","ocean_disable_breadcrumbs":"default","ocean_breadcrumbs_color":"","ocean_breadcrumbs_separator_color":"","ocean_breadcrumbs_links_color":"","ocean_breadcrumbs_links_hover_color":"","ocean_display_footer_widgets":"default","ocean_display_footer_bottom":"default","ocean_custom_footer_template":"0","ocean_post_oembed":"","ocean_post_self_hosted_media":"","ocean_post_video_embed":"","ocean_link_format":"","ocean_link_format_target":"self","ocean_quote_format":"","ocean_quote_format_link":"post","ocean_gallery_link_images":"off","ocean_gallery_id":[],"footnotes":""},"categories":[9],"tags":[],"post_folder":[],"class_list":["post-4488","post","type-post","status-publish","format-standard","has-post-thumbnail","hentry","category-actions-et-communiques","entry","has-media"],"yoast_head":"<!-- This site is optimized with the Yoast SEO plugin v27.4 - https:\/\/yoast.com\/product\/yoast-seo-wordpress\/ -->\n<title>R\u00e9duction drastique des Actions Educatives Lig\u00e9riennes : un coup de massue pour les projets p\u00e9dagogiques, contre les lyc\u00e9en.nes lig\u00e9rien.nes - PAYS DE LA LOIRE<\/title>\n<meta name=\"robots\" content=\"index, follow, max-snippet:-1, max-image-preview:large, max-video-preview:-1\" \/>\n<link rel=\"canonical\" href=\"https:\/\/regions-snetap-fsu.fr\/pdl\/2022\/09\/21\/reduction-drastique-des-actions-educatives-ligeriennes-un-coup-de-massue-pour-les-projets-pedagogiques-contre-les-lyceen-nes-ligerien-nes\/\" \/>\n<meta property=\"og:locale\" content=\"fr_FR\" \/>\n<meta property=\"og:type\" content=\"article\" \/>\n<meta property=\"og:title\" content=\"R\u00e9duction drastique des Actions Educatives Lig\u00e9riennes : un coup de massue pour les projets p\u00e9dagogiques, contre les lyc\u00e9en.nes lig\u00e9rien.nes - PAYS DE LA LOIRE\" \/>\n<meta property=\"og:description\" content=\"Quelques jours apr\u00e8s la rentr\u00e9e, les \u00e9quipes p\u00e9dagogiques des lyc\u00e9es et CFA lig\u00e9riens viennent d&rsquo;apprendre (mais pas encore officiellement) que nombre de th\u00e8mes\/dossiers des actions \u00e9ducatives lig\u00e9riennes seront soit fortement r\u00e9duits ou pire tout simplement supprim\u00e9s. Ce sera notamment le cas\u00a0 de l&rsquo;op\u00e9ration \u00ab\u00a0les jeunes ont du talent et s&rsquo;exposent\u00a0\u00bb ou encore sur les actions [&hellip;]\" \/>\n<meta property=\"og:url\" content=\"https:\/\/regions-snetap-fsu.fr\/pdl\/2022\/09\/21\/reduction-drastique-des-actions-educatives-ligeriennes-un-coup-de-massue-pour-les-projets-pedagogiques-contre-les-lyceen-nes-ligerien-nes\/\" \/>\n<meta property=\"og:site_name\" content=\"PAYS DE LA LOIRE\" \/>\n<meta property=\"article:published_time\" content=\"2022-09-21T08:20:02+00:00\" \/>\n<meta property=\"og:image\" content=\"https:\/\/regions-snetap-fsu.fr\/pdl\/wp-content\/uploads\/sites\/4\/2021\/03\/fsu-sign-horiz-rouge.png\" \/>\n\t<meta property=\"og:image:width\" content=\"921\" \/>\n\t<meta property=\"og:image:height\" content=\"420\" \/>\n\t<meta property=\"og:image:type\" content=\"image\/png\" \/>\n<meta name=\"author\" content=\"yvigner\" \/>\n<meta name=\"twitter:card\" content=\"summary_large_image\" \/>\n<meta name=\"twitter:label1\" content=\"\u00c9crit par\" \/>\n\t<meta name=\"twitter:data1\" content=\"yvigner\" \/>\n\t<meta name=\"twitter:label2\" content=\"Dur\u00e9e de lecture estim\u00e9e\" \/>\n\t<meta name=\"twitter:data2\" content=\"2 minutes\" \/>\n<script type=\"application\/ld+json\" class=\"yoast-schema-graph\">{\"@context\":\"https:\\\/\\\/schema.org\",\"@graph\":[{\"@type\":\"Article\",\"@id\":\"https:\\\/\\\/regions-snetap-fsu.fr\\\/pdl\\\/2022\\\/09\\\/21\\\/reduction-drastique-des-actions-educatives-ligeriennes-un-coup-de-massue-pour-les-projets-pedagogiques-contre-les-lyceen-nes-ligerien-nes\\\/#article\",\"isPartOf\":{\"@id\":\"https:\\\/\\\/regions-snetap-fsu.fr\\\/pdl\\\/2022\\\/09\\\/21\\\/reduction-drastique-des-actions-educatives-ligeriennes-un-coup-de-massue-pour-les-projets-pedagogiques-contre-les-lyceen-nes-ligerien-nes\\\/\"},\"author\":{\"name\":\"yvigner\",\"@id\":\"https:\\\/\\\/regions-snetap-fsu.fr\\\/pdl\\\/#\\\/schema\\\/person\\\/d4530af043f9e8d27bdd71c468ec93b1\"},\"headline\":\"R\u00e9duction drastique des Actions Educatives Lig\u00e9riennes : un coup de massue pour les projets p\u00e9dagogiques, contre les lyc\u00e9en.nes lig\u00e9rien.nes\",\"datePublished\":\"2022-09-21T08:20:02+00:00\",\"mainEntityOfPage\":{\"@id\":\"https:\\\/\\\/regions-snetap-fsu.fr\\\/pdl\\\/2022\\\/09\\\/21\\\/reduction-drastique-des-actions-educatives-ligeriennes-un-coup-de-massue-pour-les-projets-pedagogiques-contre-les-lyceen-nes-ligerien-nes\\\/\"},\"wordCount\":415,\"publisher\":{\"@id\":\"https:\\\/\\\/regions-snetap-fsu.fr\\\/pdl\\\/#organization\"},\"image\":{\"@id\":\"https:\\\/\\\/regions-snetap-fsu.fr\\\/pdl\\\/2022\\\/09\\\/21\\\/reduction-drastique-des-actions-educatives-ligeriennes-un-coup-de-massue-pour-les-projets-pedagogiques-contre-les-lyceen-nes-ligerien-nes\\\/#primaryimage\"},\"thumbnailUrl\":\"https:\\\/\\\/regions-snetap-fsu.fr\\\/pdl\\\/wp-content\\\/uploads\\\/sites\\\/4\\\/2021\\\/03\\\/fsu-sign-horiz-rouge.png\",\"articleSection\":[\"Communiqu\u00e9s\"],\"inLanguage\":\"fr-FR\"},{\"@type\":\"WebPage\",\"@id\":\"https:\\\/\\\/regions-snetap-fsu.fr\\\/pdl\\\/2022\\\/09\\\/21\\\/reduction-drastique-des-actions-educatives-ligeriennes-un-coup-de-massue-pour-les-projets-pedagogiques-contre-les-lyceen-nes-ligerien-nes\\\/\",\"url\":\"https:\\\/\\\/regions-snetap-fsu.fr\\\/pdl\\\/2022\\\/09\\\/21\\\/reduction-drastique-des-actions-educatives-ligeriennes-un-coup-de-massue-pour-les-projets-pedagogiques-contre-les-lyceen-nes-ligerien-nes\\\/\",\"name\":\"R\u00e9duction drastique des Actions Educatives Lig\u00e9riennes : un coup de massue pour les projets p\u00e9dagogiques, contre les lyc\u00e9en.nes lig\u00e9rien.nes - PAYS DE LA LOIRE\",\"isPartOf\":{\"@id\":\"https:\\\/\\\/regions-snetap-fsu.fr\\\/pdl\\\/#website\"},\"primaryImageOfPage\":{\"@id\":\"https:\\\/\\\/regions-snetap-fsu.fr\\\/pdl\\\/2022\\\/09\\\/21\\\/reduction-drastique-des-actions-educatives-ligeriennes-un-coup-de-massue-pour-les-projets-pedagogiques-contre-les-lyceen-nes-ligerien-nes\\\/#primaryimage\"},\"image\":{\"@id\":\"https:\\\/\\\/regions-snetap-fsu.fr\\\/pdl\\\/2022\\\/09\\\/21\\\/reduction-drastique-des-actions-educatives-ligeriennes-un-coup-de-massue-pour-les-projets-pedagogiques-contre-les-lyceen-nes-ligerien-nes\\\/#primaryimage\"},\"thumbnailUrl\":\"https:\\\/\\\/regions-snetap-fsu.fr\\\/pdl\\\/wp-content\\\/uploads\\\/sites\\\/4\\\/2021\\\/03\\\/fsu-sign-horiz-rouge.png\",\"datePublished\":\"2022-09-21T08:20:02+00:00\",\"breadcrumb\":{\"@id\":\"https:\\\/\\\/regions-snetap-fsu.fr\\\/pdl\\\/2022\\\/09\\\/21\\\/reduction-drastique-des-actions-educatives-ligeriennes-un-coup-de-massue-pour-les-projets-pedagogiques-contre-les-lyceen-nes-ligerien-nes\\\/#breadcrumb\"},\"inLanguage\":\"fr-FR\",\"potentialAction\":[{\"@type\":\"ReadAction\",\"target\":[\"https:\\\/\\\/regions-snetap-fsu.fr\\\/pdl\\\/2022\\\/09\\\/21\\\/reduction-drastique-des-actions-educatives-ligeriennes-un-coup-de-massue-pour-les-projets-pedagogiques-contre-les-lyceen-nes-ligerien-nes\\\/\"]}]},{\"@type\":\"ImageObject\",\"inLanguage\":\"fr-FR\",\"@id\":\"https:\\\/\\\/regions-snetap-fsu.fr\\\/pdl\\\/2022\\\/09\\\/21\\\/reduction-drastique-des-actions-educatives-ligeriennes-un-coup-de-massue-pour-les-projets-pedagogiques-contre-les-lyceen-nes-ligerien-nes\\\/#primaryimage\",\"url\":\"https:\\\/\\\/regions-snetap-fsu.fr\\\/pdl\\\/wp-content\\\/uploads\\\/sites\\\/4\\\/2021\\\/03\\\/fsu-sign-horiz-rouge.png\",\"contentUrl\":\"https:\\\/\\\/regions-snetap-fsu.fr\\\/pdl\\\/wp-content\\\/uploads\\\/sites\\\/4\\\/2021\\\/03\\\/fsu-sign-horiz-rouge.png\",\"width\":921,\"height\":420},{\"@type\":\"BreadcrumbList\",\"@id\":\"https:\\\/\\\/regions-snetap-fsu.fr\\\/pdl\\\/2022\\\/09\\\/21\\\/reduction-drastique-des-actions-educatives-ligeriennes-un-coup-de-massue-pour-les-projets-pedagogiques-contre-les-lyceen-nes-ligerien-nes\\\/#breadcrumb\",\"itemListElement\":[{\"@type\":\"ListItem\",\"position\":1,\"name\":\"Accueil\",\"item\":\"https:\\\/\\\/regions-snetap-fsu.fr\\\/pdl\\\/\"},{\"@type\":\"ListItem\",\"position\":2,\"name\":\"R\u00e9duction drastique des Actions Educatives Lig\u00e9riennes : un coup de massue pour les projets p\u00e9dagogiques, contre les lyc\u00e9en.nes lig\u00e9rien.nes\"}]},{\"@type\":\"WebSite\",\"@id\":\"https:\\\/\\\/regions-snetap-fsu.fr\\\/pdl\\\/#website\",\"url\":\"https:\\\/\\\/regions-snetap-fsu.fr\\\/pdl\\\/\",\"name\":\"SNETAP-FSU PAYS DE LA LOIRE\",\"description\":\"SECTION REGIONALE\",\"publisher\":{\"@id\":\"https:\\\/\\\/regions-snetap-fsu.fr\\\/pdl\\\/#organization\"},\"potentialAction\":[{\"@type\":\"SearchAction\",\"target\":{\"@type\":\"EntryPoint\",\"urlTemplate\":\"https:\\\/\\\/regions-snetap-fsu.fr\\\/pdl\\\/?s={search_term_string}\"},\"query-input\":{\"@type\":\"PropertyValueSpecification\",\"valueRequired\":true,\"valueName\":\"search_term_string\"}}],\"inLanguage\":\"fr-FR\"},{\"@type\":\"Organization\",\"@id\":\"https:\\\/\\\/regions-snetap-fsu.fr\\\/pdl\\\/#organization\",\"name\":\"SNETAP-FSU Pays de Loire\",\"url\":\"https:\\\/\\\/regions-snetap-fsu.fr\\\/pdl\\\/\",\"logo\":{\"@type\":\"ImageObject\",\"inLanguage\":\"fr-FR\",\"@id\":\"https:\\\/\\\/regions-snetap-fsu.fr\\\/pdl\\\/#\\\/schema\\\/logo\\\/image\\\/\",\"url\":\"https:\\\/\\\/regions-snetap-fsu.fr\\\/pdl\\\/wp-content\\\/uploads\\\/sites\\\/4\\\/2020\\\/12\\\/SNETAP-Logo.jpg\",\"contentUrl\":\"https:\\\/\\\/regions-snetap-fsu.fr\\\/pdl\\\/wp-content\\\/uploads\\\/sites\\\/4\\\/2020\\\/12\\\/SNETAP-Logo.jpg\",\"width\":464,\"height\":334,\"caption\":\"SNETAP-FSU Pays de Loire\"},\"image\":{\"@id\":\"https:\\\/\\\/regions-snetap-fsu.fr\\\/pdl\\\/#\\\/schema\\\/logo\\\/image\\\/\"}},{\"@type\":\"Person\",\"@id\":\"https:\\\/\\\/regions-snetap-fsu.fr\\\/pdl\\\/#\\\/schema\\\/person\\\/d4530af043f9e8d27bdd71c468ec93b1\",\"name\":\"yvigner\",\"image\":{\"@type\":\"ImageObject\",\"inLanguage\":\"fr-FR\",\"@id\":\"https:\\\/\\\/secure.gravatar.com\\\/avatar\\\/bc72baa6f2406549aecf77a837bc4f03dbe88472c1762138f868571430a23820?s=96&d=mm&r=g\",\"url\":\"https:\\\/\\\/secure.gravatar.com\\\/avatar\\\/bc72baa6f2406549aecf77a837bc4f03dbe88472c1762138f868571430a23820?s=96&d=mm&r=g\",\"contentUrl\":\"https:\\\/\\\/secure.gravatar.com\\\/avatar\\\/bc72baa6f2406549aecf77a837bc4f03dbe88472c1762138f868571430a23820?s=96&d=mm&r=g\",\"caption\":\"yvigner\"},\"url\":\"https:\\\/\\\/regions-snetap-fsu.fr\\\/pdl\\\/author\\\/yvigner\\\/\"}]}<\/script>\n<!-- \/ Yoast SEO plugin. -->","yoast_head_json":{"title":"R\u00e9duction drastique des Actions Educatives Lig\u00e9riennes : un coup de massue pour les projets p\u00e9dagogiques, contre les lyc\u00e9en.nes lig\u00e9rien.nes - PAYS DE LA LOIRE","robots":{"index":"index","follow":"follow","max-snippet":"max-snippet:-1","max-image-preview":"max-image-preview:large","max-video-preview":"max-video-preview:-1"},"canonical":"https:\/\/regions-snetap-fsu.fr\/pdl\/2022\/09\/21\/reduction-drastique-des-actions-educatives-ligeriennes-un-coup-de-massue-pour-les-projets-pedagogiques-contre-les-lyceen-nes-ligerien-nes\/","og_locale":"fr_FR","og_type":"article","og_title":"R\u00e9duction drastique des Actions Educatives Lig\u00e9riennes : un coup de massue pour les projets p\u00e9dagogiques, contre les lyc\u00e9en.nes lig\u00e9rien.nes - PAYS DE LA LOIRE","og_description":"Quelques jours apr\u00e8s la rentr\u00e9e, les \u00e9quipes p\u00e9dagogiques des lyc\u00e9es et CFA lig\u00e9riens viennent d&rsquo;apprendre (mais pas encore officiellement) que nombre de th\u00e8mes\/dossiers des actions \u00e9ducatives lig\u00e9riennes seront soit fortement r\u00e9duits ou pire tout simplement supprim\u00e9s. Ce sera notamment le cas\u00a0 de l&rsquo;op\u00e9ration \u00ab\u00a0les jeunes ont du talent et s&rsquo;exposent\u00a0\u00bb ou encore sur les actions [&hellip;]","og_url":"https:\/\/regions-snetap-fsu.fr\/pdl\/2022\/09\/21\/reduction-drastique-des-actions-educatives-ligeriennes-un-coup-de-massue-pour-les-projets-pedagogiques-contre-les-lyceen-nes-ligerien-nes\/","og_site_name":"PAYS DE LA LOIRE","article_published_time":"2022-09-21T08:20:02+00:00","og_image":[{"width":921,"height":420,"url":"https:\/\/regions-snetap-fsu.fr\/pdl\/wp-content\/uploads\/sites\/4\/2021\/03\/fsu-sign-horiz-rouge.png","type":"image\/png"}],"author":"yvigner","twitter_card":"summary_large_image","twitter_misc":{"\u00c9crit par":"yvigner","Dur\u00e9e de lecture estim\u00e9e":"2 minutes"},"schema":{"@context":"https:\/\/schema.org","@graph":[{"@type":"Article","@id":"https:\/\/regions-snetap-fsu.fr\/pdl\/2022\/09\/21\/reduction-drastique-des-actions-educatives-ligeriennes-un-coup-de-massue-pour-les-projets-pedagogiques-contre-les-lyceen-nes-ligerien-nes\/#article","isPartOf":{"@id":"https:\/\/regions-snetap-fsu.fr\/pdl\/2022\/09\/21\/reduction-drastique-des-actions-educatives-ligeriennes-un-coup-de-massue-pour-les-projets-pedagogiques-contre-les-lyceen-nes-ligerien-nes\/"},"author":{"name":"yvigner","@id":"https:\/\/regions-snetap-fsu.fr\/pdl\/#\/schema\/person\/d4530af043f9e8d27bdd71c468ec93b1"},"headline":"R\u00e9duction drastique des Actions Educatives Lig\u00e9riennes : un coup de massue pour les projets p\u00e9dagogiques, contre les lyc\u00e9en.nes lig\u00e9rien.nes","datePublished":"2022-09-21T08:20:02+00:00","mainEntityOfPage":{"@id":"https:\/\/regions-snetap-fsu.fr\/pdl\/2022\/09\/21\/reduction-drastique-des-actions-educatives-ligeriennes-un-coup-de-massue-pour-les-projets-pedagogiques-contre-les-lyceen-nes-ligerien-nes\/"},"wordCount":415,"publisher":{"@id":"https:\/\/regions-snetap-fsu.fr\/pdl\/#organization"},"image":{"@id":"https:\/\/regions-snetap-fsu.fr\/pdl\/2022\/09\/21\/reduction-drastique-des-actions-educatives-ligeriennes-un-coup-de-massue-pour-les-projets-pedagogiques-contre-les-lyceen-nes-ligerien-nes\/#primaryimage"},"thumbnailUrl":"https:\/\/regions-snetap-fsu.fr\/pdl\/wp-content\/uploads\/sites\/4\/2021\/03\/fsu-sign-horiz-rouge.png","articleSection":["Communiqu\u00e9s"],"inLanguage":"fr-FR"},{"@type":"WebPage","@id":"https:\/\/regions-snetap-fsu.fr\/pdl\/2022\/09\/21\/reduction-drastique-des-actions-educatives-ligeriennes-un-coup-de-massue-pour-les-projets-pedagogiques-contre-les-lyceen-nes-ligerien-nes\/","url":"https:\/\/regions-snetap-fsu.fr\/pdl\/2022\/09\/21\/reduction-drastique-des-actions-educatives-ligeriennes-un-coup-de-massue-pour-les-projets-pedagogiques-contre-les-lyceen-nes-ligerien-nes\/","name":"R\u00e9duction drastique des Actions Educatives Lig\u00e9riennes : un coup de massue pour les projets p\u00e9dagogiques, contre les lyc\u00e9en.nes lig\u00e9rien.nes - PAYS DE LA LOIRE","isPartOf":{"@id":"https:\/\/regions-snetap-fsu.fr\/pdl\/#website"},"primaryImageOfPage":{"@id":"https:\/\/regions-snetap-fsu.fr\/pdl\/2022\/09\/21\/reduction-drastique-des-actions-educatives-ligeriennes-un-coup-de-massue-pour-les-projets-pedagogiques-contre-les-lyceen-nes-ligerien-nes\/#primaryimage"},"image":{"@id":"https:\/\/regions-snetap-fsu.fr\/pdl\/2022\/09\/21\/reduction-drastique-des-actions-educatives-ligeriennes-un-coup-de-massue-pour-les-projets-pedagogiques-contre-les-lyceen-nes-ligerien-nes\/#primaryimage"},"thumbnailUrl":"https:\/\/regions-snetap-fsu.fr\/pdl\/wp-content\/uploads\/sites\/4\/2021\/03\/fsu-sign-horiz-rouge.png","datePublished":"2022-09-21T08:20:02+00:00","breadcrumb":{"@id":"https:\/\/regions-snetap-fsu.fr\/pdl\/2022\/09\/21\/reduction-drastique-des-actions-educatives-ligeriennes-un-coup-de-massue-pour-les-projets-pedagogiques-contre-les-lyceen-nes-ligerien-nes\/#breadcrumb"},"inLanguage":"fr-FR","potentialAction":[{"@type":"ReadAction","target":["https:\/\/regions-snetap-fsu.fr\/pdl\/2022\/09\/21\/reduction-drastique-des-actions-educatives-ligeriennes-un-coup-de-massue-pour-les-projets-pedagogiques-contre-les-lyceen-nes-ligerien-nes\/"]}]},{"@type":"ImageObject","inLanguage":"fr-FR","@id":"https:\/\/regions-snetap-fsu.fr\/pdl\/2022\/09\/21\/reduction-drastique-des-actions-educatives-ligeriennes-un-coup-de-massue-pour-les-projets-pedagogiques-contre-les-lyceen-nes-ligerien-nes\/#primaryimage","url":"https:\/\/regions-snetap-fsu.fr\/pdl\/wp-content\/uploads\/sites\/4\/2021\/03\/fsu-sign-horiz-rouge.png","contentUrl":"https:\/\/regions-snetap-fsu.fr\/pdl\/wp-content\/uploads\/sites\/4\/2021\/03\/fsu-sign-horiz-rouge.png","width":921,"height":420},{"@type":"BreadcrumbList","@id":"https:\/\/regions-snetap-fsu.fr\/pdl\/2022\/09\/21\/reduction-drastique-des-actions-educatives-ligeriennes-un-coup-de-massue-pour-les-projets-pedagogiques-contre-les-lyceen-nes-ligerien-nes\/#breadcrumb","itemListElement":[{"@type":"ListItem","position":1,"name":"Accueil","item":"https:\/\/regions-snetap-fsu.fr\/pdl\/"},{"@type":"ListItem","position":2,"name":"R\u00e9duction drastique des Actions Educatives Lig\u00e9riennes : un coup de massue pour les projets p\u00e9dagogiques, contre les lyc\u00e9en.nes lig\u00e9rien.nes"}]},{"@type":"WebSite","@id":"https:\/\/regions-snetap-fsu.fr\/pdl\/#website","url":"https:\/\/regions-snetap-fsu.fr\/pdl\/","name":"SNETAP-FSU PAYS DE LA LOIRE","description":"SECTION REGIONALE","publisher":{"@id":"https:\/\/regions-snetap-fsu.fr\/pdl\/#organization"},"potentialAction":[{"@type":"SearchAction","target":{"@type":"EntryPoint","urlTemplate":"https:\/\/regions-snetap-fsu.fr\/pdl\/?s={search_term_string}"},"query-input":{"@type":"PropertyValueSpecification","valueRequired":true,"valueName":"search_term_string"}}],"inLanguage":"fr-FR"},{"@type":"Organization","@id":"https:\/\/regions-snetap-fsu.fr\/pdl\/#organization","name":"SNETAP-FSU Pays de Loire","url":"https:\/\/regions-snetap-fsu.fr\/pdl\/","logo":{"@type":"ImageObject","inLanguage":"fr-FR","@id":"https:\/\/regions-snetap-fsu.fr\/pdl\/#\/schema\/logo\/image\/","url":"https:\/\/regions-snetap-fsu.fr\/pdl\/wp-content\/uploads\/sites\/4\/2020\/12\/SNETAP-Logo.jpg","contentUrl":"https:\/\/regions-snetap-fsu.fr\/pdl\/wp-content\/uploads\/sites\/4\/2020\/12\/SNETAP-Logo.jpg","width":464,"height":334,"caption":"SNETAP-FSU Pays de Loire"},"image":{"@id":"https:\/\/regions-snetap-fsu.fr\/pdl\/#\/schema\/logo\/image\/"}},{"@type":"Person","@id":"https:\/\/regions-snetap-fsu.fr\/pdl\/#\/schema\/person\/d4530af043f9e8d27bdd71c468ec93b1","name":"yvigner","image":{"@type":"ImageObject","inLanguage":"fr-FR","@id":"https:\/\/secure.gravatar.com\/avatar\/bc72baa6f2406549aecf77a837bc4f03dbe88472c1762138f868571430a23820?s=96&d=mm&r=g","url":"https:\/\/secure.gravatar.com\/avatar\/bc72baa6f2406549aecf77a837bc4f03dbe88472c1762138f868571430a23820?s=96&d=mm&r=g","contentUrl":"https:\/\/secure.gravatar.com\/avatar\/bc72baa6f2406549aecf77a837bc4f03dbe88472c1762138f868571430a23820?s=96&d=mm&r=g","caption":"yvigner"},"url":"https:\/\/regions-snetap-fsu.fr\/pdl\/author\/yvigner\/"}]}},"_links":{"self":[{"href":"https:\/\/regions-snetap-fsu.fr\/pdl\/wp-json\/wp\/v2\/posts\/4488","targetHints":{"allow":["GET"]}}],"collection":[{"href":"https:\/\/regions-snetap-fsu.fr\/pdl\/wp-json\/wp\/v2\/posts"}],"about":[{"href":"https:\/\/regions-snetap-fsu.fr\/pdl\/wp-json\/wp\/v2\/types\/post"}],"author":[{"embeddable":true,"href":"https:\/\/regions-snetap-fsu.fr\/pdl\/wp-json\/wp\/v2\/users\/2"}],"replies":[{"embeddable":true,"href":"https:\/\/regions-snetap-fsu.fr\/pdl\/wp-json\/wp\/v2\/comments?post=4488"}],"version-history":[{"count":1,"href":"https:\/\/regions-snetap-fsu.fr\/pdl\/wp-json\/wp\/v2\/posts\/4488\/revisions"}],"predecessor-version":[{"id":4490,"href":"https:\/\/regions-snetap-fsu.fr\/pdl\/wp-json\/wp\/v2\/posts\/4488\/revisions\/4490"}],"wp:featuredmedia":[{"embeddable":true,"href":"https:\/\/regions-snetap-fsu.fr\/pdl\/wp-json\/wp\/v2\/media\/3887"}],"wp:attachment":[{"href":"https:\/\/regions-snetap-fsu.fr\/pdl\/wp-json\/wp\/v2\/media?parent=4488"}],"wp:term":[{"taxonomy":"category","embeddable":true,"href":"https:\/\/regions-snetap-fsu.fr\/pdl\/wp-json\/wp\/v2\/categories?post=4488"},{"taxonomy":"post_tag","embeddable":true,"href":"https:\/\/regions-snetap-fsu.fr\/pdl\/wp-json\/wp\/v2\/tags?post=4488"},{"taxonomy":"post_folder","embeddable":true,"href":"https:\/\/regions-snetap-fsu.fr\/pdl\/wp-json\/wp\/v2\/post_folder?post=4488"}],"curies":[{"name":"wp","href":"https:\/\/api.w.org\/{rel}","templated":true}]}}