{"id":448,"date":"2017-04-27T22:52:50","date_gmt":"2017-04-27T20:52:50","guid":{"rendered":"http:\/\/snetap-fsu.fr\/comp\/pdl\/?p=448"},"modified":"2018-09-19T21:57:16","modified_gmt":"2018-09-19T19:57:16","slug":"capa-sapver-a-brette-les-pins-nous-ne-renoncerons-pas","status":"publish","type":"post","link":"https:\/\/regions-snetap-fsu.fr\/pdl\/2017\/04\/27\/capa-sapver-a-brette-les-pins-nous-ne-renoncerons-pas\/","title":{"rendered":"CAPA SAPVER \u00e0 BRETTE LES PINS :  NOUS NE RENONCERONS PAS !"},"content":{"rendered":"<h3 class=\"western\" align=\"center\"><span style=\"font-family: Arial, sans-serif\"><span style=\"font-size: large\">CAPA SAPVER \u00e0 BRETTE LES PINS\u00a0:\u00a0<\/span><\/span><span style=\"font-family: Arial, sans-serif\"><span style=\"font-size: large\">NOUS NE RENONCERONS PAS\u00a0!<\/span><\/span><\/h3>\n<p class=\"western\"><span style=\"font-family: Arial, sans-serif;font-size: 12pt\"><u><b>RENCONTRE DES SERVICES DE LA DGER <\/b><\/u><\/span><\/p>\n<p class=\"western\" align=\"justify\"><span style=\"font-size: 12pt\"><span style=\"font-family: Arial, sans-serif\">Une d\u00e9l\u00e9gation de la section locale de Brette les Pins et de la section r\u00e9gionale du SNETAP-FSU, accompagn\u00e9 d&rsquo;un secr\u00e9taire g\u00e9n\u00e9ral adjoint du SNETAP-FSU (F.CARDON) a \u00e9t\u00e9 re\u00e7u ce jour par la Sous Direction EDC de la DGER en la personne de Messieurs TRONCO et NUSSBAUMER. Cette rencontre faisait suite \u00e0 de nombreux courriers de notre part tant au Cabinet du Ministre, \u00e0 la DGER qu&rsquo;au Conseil R\u00e9gional, au sujet du refus, par les Services du Minist\u00e8re de l&rsquo;Agriculture d&rsquo;ouvrir une classe de CAPA SAPVER au LPA de Brette les Pins la rentr\u00e9e prochaine.\u00a0<\/span><!--more--><\/span><\/p>\n<p class=\"western\" align=\"justify\"><span style=\"font-family: Arial, sans-serif;font-size: 12pt\"><u><b>ARGUMENTS CONTRE MOYENS FINANCIERS<\/b><\/u><\/span><\/p>\n<p class=\"western\" align=\"justify\"><span style=\"font-family: Arial, sans-serif;font-size: 12pt\">Face \u00e0 nos arguments politiques (le projet avait \u00e9t\u00e9 soutenu, valid\u00e9 par toutes les instances r\u00e9gionales tant de la collectivit\u00e9 locale que du SRFD), p\u00e9dagogiques (ce CAPA est un outil indispensable pour lutter contre le d\u00e9crochage scolaire, l&rsquo;\u00e9chec de nombreux \u00e9l\u00e8ves dans la fili\u00e8re Bac Pro 3 ans) ou de Service Public (cette formation n&rsquo;existe pas dans le Service Public dans les Pays de la Loire, les familles concern\u00e9es n&rsquo;ont pas les moyens de faire appel \u00e0 l&rsquo;enseignement priv\u00e9, les formations de ce secteur dans le Service Public repr\u00e9sente moins de 10\u00a0% des formations)&#8230;la DGER a r\u00e9pondu que les priorit\u00e9s nationales avaient \u00e9t\u00e9 mises&#8230;ailleurs et donc que les moyens nationaux et r\u00e9gionaux \u00e9taient insuffisants pour ouvrir cette formation qui repr\u00e9sente un besoin de 1134h de DGH (pour rappel, la DGH r\u00e9gionale est sup\u00e9rieure \u00e0 240 000h). <\/span><\/p>\n<p class=\"western\" align=\"justify\"><span style=\"font-family: Arial, sans-serif;font-size: 12pt\">Pendant l&rsquo;heure et demie qu&rsquo;a dur\u00e9 cet \u00e9change, nos avons propos\u00e9, argument\u00e9 et demander si les postes (15 ETP) initialement pr\u00e9vus pour financer la r\u00e9forme des obligations des service des enseignants (une r\u00e9forme pour l&rsquo;instant report\u00e9e) pouvaient \u00eatre utilis\u00e9s&#8230;TROP TARD, les postes ont d\u00e9j\u00e0 \u00e9t\u00e9 utilis\u00e9s\u2026<\/span><\/p>\n<p class=\"western\" align=\"justify\"><span style=\"font-family: Arial, sans-serif;font-size: 12pt\"><u><b>MAIS NOUS NE RENONCONS PAS\u00a0!<\/b><\/u><\/span><\/p>\n<p class=\"western\" align=\"justify\"><span style=\"font-family: Arial, sans-serif;font-size: 12pt\">Prochaine \u00e9tape, la poursuite de l&rsquo;expertise&#8230;en local, puis \u00e0 l&rsquo;\u00e9chelle r\u00e9gionale pour un \u00e9ventuel retour vers le national\u2026<\/span><\/p>\n<p class=\"western\" align=\"justify\"><span style=\"font-family: Arial, sans-serif;font-size: 12pt\">Quelles marges de man\u0153uvres existent en local\u00a0? <\/span><\/p>\n<ul>\n<li>\n<p class=\"western\" align=\"justify\"><span style=\"font-family: Arial, sans-serif;font-size: 12pt\">Evolution des seuils dans d&rsquo;autres classes de l&rsquo;\u00e9tablissement\u00a0? <\/span><\/p>\n<\/li>\n<li>\n<p class=\"western\" align=\"justify\"><span style=\"font-family: Arial, sans-serif;font-size: 12pt\">Utilisation des sous-services\u00a0? <\/span><\/p>\n<\/li>\n<\/ul>\n<p class=\"western\" align=\"justify\"><span style=\"font-family: Arial, sans-serif;font-size: 12pt\">Quelles marges de man\u0153uvres peuvent exister \u00e0 l&rsquo;\u00e9chelle r\u00e9gionale\u00a0? <\/span><\/p>\n<ul>\n<li>\n<p class=\"western\" align=\"justify\"><span style=\"font-family: Arial, sans-serif;font-size: 12pt\">Quel red\u00e9ploiement\u00a0?<\/span><\/p>\n<\/li>\n<li>\n<p class=\"western\" align=\"justify\"><span style=\"font-family: Arial, sans-serif;font-size: 12pt\">Moins de besoin en HSE individualisation pour l&rsquo;\u00e9tablissement\u00a0? <\/span><\/p>\n<\/li>\n<\/ul>\n<p class=\"western\" align=\"justify\"><span style=\"font-family: Arial, sans-serif;font-size: 12pt\">Le niveau national (DGER), sans aucun engagement, n&rsquo;a pas ferm\u00e9 la porte \u00e0 un \u00e9ventuel compl\u00e9ment de DGH si cela se comptait \u00ab\u00a0en \u00e9paisseur de trait\u00a0\u00bb (3 \u00e0 400h de DGH). <\/span><\/p>\n<p class=\"western\" align=\"justify\"><span style=\"font-family: Arial, sans-serif;font-size: 12pt\">C&rsquo;est tout le travail, la mobilisation que nous effectuerons dans les prochains jours pour continuer \u00e0 porter ce projet \u00f4 combien pertinent pour la r\u00e9ussite de tous les \u00e9l\u00e8ves et notamment les plus fragiles qui ont un besoin imp\u00e9rieux de ce CAPA SAPVER. <\/span><\/p>\n<p class=\"western\" align=\"right\"><span style=\"font-family: Arial, sans-serif;font-size: 12pt\">La d\u00e9l\u00e9gation SNETAP-FSU<\/span><\/p>\n<p class=\"western\" style=\"text-align: right\" align=\"right\"><span style=\"font-family: Arial, sans-serif;font-size: 12pt\">Emilie VILLACAMPA,\u00a0<\/span><span style=\"font-family: Arial, sans-serif;font-size: 12pt\">Maud LELIEVRE,\u00a0<\/span><span style=\"font-family: Arial, sans-serif;font-size: 12pt\">Eric ASTIER,\u00a0<\/span><span style=\"font-family: Arial, sans-serif;font-size: 12pt\">Yoann VIGNER<\/span><\/p>\n","protected":false},"excerpt":{"rendered":"<p>CAPA SAPVER \u00e0 BRETTE LES PINS\u00a0:\u00a0NOUS NE RENONCERONS PAS\u00a0! RENCONTRE DES SERVICES DE LA DGER Une d\u00e9l\u00e9gation de la section locale de Brette les Pins et de la section r\u00e9gionale du SNETAP-FSU, accompagn\u00e9 d&rsquo;un secr\u00e9taire g\u00e9n\u00e9ral adjoint du SNETAP-FSU (F.CARDON) a \u00e9t\u00e9 re\u00e7u ce jour par la Sous Direction EDC de la DGER en la [&hellip;]<\/p>\n","protected":false},"author":2,"featured_media":0,"comment_status":"closed","ping_status":"closed","sticky":false,"template":"","format":"standard","meta":{"ocean_post_layout":"","ocean_both_sidebars_style":"","ocean_both_sidebars_content_width":0,"ocean_both_sidebars_sidebars_width":0,"ocean_sidebar":"","ocean_second_sidebar":"","ocean_disable_margins":"enable","ocean_add_body_class":"","ocean_shortcode_before_top_bar":"","ocean_shortcode_after_top_bar":"","ocean_shortcode_before_header":"","ocean_shortcode_after_header":"","ocean_has_shortcode":"","ocean_shortcode_after_title":"","ocean_shortcode_before_footer_widgets":"","ocean_shortcode_after_footer_widgets":"","ocean_shortcode_before_footer_bottom":"","ocean_shortcode_after_footer_bottom":"","ocean_display_top_bar":"default","ocean_display_header":"default","ocean_header_style":"","ocean_center_header_left_menu":"","ocean_custom_header_template":"","ocean_custom_logo":0,"ocean_custom_retina_logo":0,"ocean_custom_logo_max_width":0,"ocean_custom_logo_tablet_max_width":0,"ocean_custom_logo_mobile_max_width":0,"ocean_custom_logo_max_height":0,"ocean_custom_logo_tablet_max_height":0,"ocean_custom_logo_mobile_max_height":0,"ocean_header_custom_menu":"","ocean_menu_typo_font_family":"","ocean_menu_typo_font_subset":"","ocean_menu_typo_font_size":0,"ocean_menu_typo_font_size_tablet":0,"ocean_menu_typo_font_size_mobile":0,"ocean_menu_typo_font_size_unit":"px","ocean_menu_typo_font_weight":"","ocean_menu_typo_font_weight_tablet":"","ocean_menu_typo_font_weight_mobile":"","ocean_menu_typo_transform":"","ocean_menu_typo_transform_tablet":"","ocean_menu_typo_transform_mobile":"","ocean_menu_typo_line_height":0,"ocean_menu_typo_line_height_tablet":0,"ocean_menu_typo_line_height_mobile":0,"ocean_menu_typo_line_height_unit":"","ocean_menu_typo_spacing":0,"ocean_menu_typo_spacing_tablet":0,"ocean_menu_typo_spacing_mobile":0,"ocean_menu_typo_spacing_unit":"","ocean_menu_link_color":"","ocean_menu_link_color_hover":"","ocean_menu_link_color_active":"","ocean_menu_link_background":"","ocean_menu_link_hover_background":"","ocean_menu_link_active_background":"","ocean_menu_social_links_bg":"","ocean_menu_social_hover_links_bg":"","ocean_menu_social_links_color":"","ocean_menu_social_hover_links_color":"","ocean_disable_title":"default","ocean_disable_heading":"default","ocean_post_title":"","ocean_post_subheading":"","ocean_post_title_style":"","ocean_post_title_background_color":"","ocean_post_title_background":0,"ocean_post_title_bg_image_position":"","ocean_post_title_bg_image_attachment":"","ocean_post_title_bg_image_repeat":"","ocean_post_title_bg_image_size":"","ocean_post_title_height":0,"ocean_post_title_bg_overlay":0.5,"ocean_post_title_bg_overlay_color":"","ocean_disable_breadcrumbs":"default","ocean_breadcrumbs_color":"","ocean_breadcrumbs_separator_color":"","ocean_breadcrumbs_links_color":"","ocean_breadcrumbs_links_hover_color":"","ocean_display_footer_widgets":"default","ocean_display_footer_bottom":"default","ocean_custom_footer_template":"","ocean_post_oembed":"","ocean_post_self_hosted_media":"","ocean_post_video_embed":"","ocean_link_format":"","ocean_link_format_target":"self","ocean_quote_format":"","ocean_quote_format_link":"post","ocean_gallery_link_images":"on","ocean_gallery_id":[],"footnotes":""},"categories":[22,9],"tags":[],"post_folder":[],"class_list":["post-448","post","type-post","status-publish","format-standard","hentry","category-brette-les-pins","category-actions-et-communiques","entry"],"yoast_head":"<!-- This site is optimized with the Yoast SEO plugin v27.4 - https:\/\/yoast.com\/product\/yoast-seo-wordpress\/ -->\n<title>CAPA SAPVER \u00e0 BRETTE LES PINS : NOUS NE RENONCERONS PAS ! - PAYS DE LA LOIRE<\/title>\n<meta name=\"robots\" content=\"index, follow, max-snippet:-1, max-image-preview:large, max-video-preview:-1\" \/>\n<link rel=\"canonical\" href=\"https:\/\/regions-snetap-fsu.fr\/pdl\/2017\/04\/27\/capa-sapver-a-brette-les-pins-nous-ne-renoncerons-pas\/\" \/>\n<meta property=\"og:locale\" content=\"fr_FR\" \/>\n<meta property=\"og:type\" content=\"article\" \/>\n<meta property=\"og:title\" content=\"CAPA SAPVER \u00e0 BRETTE LES PINS : NOUS NE RENONCERONS PAS ! - PAYS DE LA LOIRE\" \/>\n<meta property=\"og:description\" content=\"CAPA SAPVER \u00e0 BRETTE LES PINS\u00a0:\u00a0NOUS NE RENONCERONS PAS\u00a0! RENCONTRE DES SERVICES DE LA DGER Une d\u00e9l\u00e9gation de la section locale de Brette les Pins et de la section r\u00e9gionale du SNETAP-FSU, accompagn\u00e9 d&rsquo;un secr\u00e9taire g\u00e9n\u00e9ral adjoint du SNETAP-FSU (F.CARDON) a \u00e9t\u00e9 re\u00e7u ce jour par la Sous Direction EDC de la DGER en la [&hellip;]\" \/>\n<meta property=\"og:url\" content=\"https:\/\/regions-snetap-fsu.fr\/pdl\/2017\/04\/27\/capa-sapver-a-brette-les-pins-nous-ne-renoncerons-pas\/\" \/>\n<meta property=\"og:site_name\" content=\"PAYS DE LA LOIRE\" \/>\n<meta property=\"article:published_time\" content=\"2017-04-27T20:52:50+00:00\" \/>\n<meta property=\"article:modified_time\" content=\"2018-09-19T19:57:16+00:00\" \/>\n<meta name=\"author\" content=\"yvigner\" \/>\n<meta name=\"twitter:card\" content=\"summary_large_image\" \/>\n<meta name=\"twitter:label1\" content=\"\u00c9crit par\" \/>\n\t<meta name=\"twitter:data1\" content=\"yvigner\" \/>\n\t<meta name=\"twitter:label2\" content=\"Dur\u00e9e de lecture estim\u00e9e\" \/>\n\t<meta name=\"twitter:data2\" content=\"2 minutes\" \/>\n<script type=\"application\/ld+json\" class=\"yoast-schema-graph\">{\"@context\":\"https:\\\/\\\/schema.org\",\"@graph\":[{\"@type\":\"Article\",\"@id\":\"https:\\\/\\\/regions-snetap-fsu.fr\\\/pdl\\\/2017\\\/04\\\/27\\\/capa-sapver-a-brette-les-pins-nous-ne-renoncerons-pas\\\/#article\",\"isPartOf\":{\"@id\":\"https:\\\/\\\/regions-snetap-fsu.fr\\\/pdl\\\/2017\\\/04\\\/27\\\/capa-sapver-a-brette-les-pins-nous-ne-renoncerons-pas\\\/\"},\"author\":{\"name\":\"yvigner\",\"@id\":\"https:\\\/\\\/regions-snetap-fsu.fr\\\/pdl\\\/#\\\/schema\\\/person\\\/d4530af043f9e8d27bdd71c468ec93b1\"},\"headline\":\"CAPA SAPVER \u00e0 BRETTE LES PINS : NOUS NE RENONCERONS PAS !\",\"datePublished\":\"2017-04-27T20:52:50+00:00\",\"dateModified\":\"2018-09-19T19:57:16+00:00\",\"mainEntityOfPage\":{\"@id\":\"https:\\\/\\\/regions-snetap-fsu.fr\\\/pdl\\\/2017\\\/04\\\/27\\\/capa-sapver-a-brette-les-pins-nous-ne-renoncerons-pas\\\/\"},\"wordCount\":498,\"publisher\":{\"@id\":\"https:\\\/\\\/regions-snetap-fsu.fr\\\/pdl\\\/#organization\"},\"articleSection\":[\"Brette les Pins\",\"Communiqu\u00e9s\"],\"inLanguage\":\"fr-FR\"},{\"@type\":\"WebPage\",\"@id\":\"https:\\\/\\\/regions-snetap-fsu.fr\\\/pdl\\\/2017\\\/04\\\/27\\\/capa-sapver-a-brette-les-pins-nous-ne-renoncerons-pas\\\/\",\"url\":\"https:\\\/\\\/regions-snetap-fsu.fr\\\/pdl\\\/2017\\\/04\\\/27\\\/capa-sapver-a-brette-les-pins-nous-ne-renoncerons-pas\\\/\",\"name\":\"CAPA SAPVER \u00e0 BRETTE LES PINS : NOUS NE RENONCERONS PAS ! - PAYS DE LA LOIRE\",\"isPartOf\":{\"@id\":\"https:\\\/\\\/regions-snetap-fsu.fr\\\/pdl\\\/#website\"},\"datePublished\":\"2017-04-27T20:52:50+00:00\",\"dateModified\":\"2018-09-19T19:57:16+00:00\",\"breadcrumb\":{\"@id\":\"https:\\\/\\\/regions-snetap-fsu.fr\\\/pdl\\\/2017\\\/04\\\/27\\\/capa-sapver-a-brette-les-pins-nous-ne-renoncerons-pas\\\/#breadcrumb\"},\"inLanguage\":\"fr-FR\",\"potentialAction\":[{\"@type\":\"ReadAction\",\"target\":[\"https:\\\/\\\/regions-snetap-fsu.fr\\\/pdl\\\/2017\\\/04\\\/27\\\/capa-sapver-a-brette-les-pins-nous-ne-renoncerons-pas\\\/\"]}]},{\"@type\":\"BreadcrumbList\",\"@id\":\"https:\\\/\\\/regions-snetap-fsu.fr\\\/pdl\\\/2017\\\/04\\\/27\\\/capa-sapver-a-brette-les-pins-nous-ne-renoncerons-pas\\\/#breadcrumb\",\"itemListElement\":[{\"@type\":\"ListItem\",\"position\":1,\"name\":\"Accueil\",\"item\":\"https:\\\/\\\/regions-snetap-fsu.fr\\\/pdl\\\/\"},{\"@type\":\"ListItem\",\"position\":2,\"name\":\"CAPA SAPVER \u00e0 BRETTE LES PINS : NOUS NE RENONCERONS PAS !\"}]},{\"@type\":\"WebSite\",\"@id\":\"https:\\\/\\\/regions-snetap-fsu.fr\\\/pdl\\\/#website\",\"url\":\"https:\\\/\\\/regions-snetap-fsu.fr\\\/pdl\\\/\",\"name\":\"SNETAP-FSU PAYS DE LA LOIRE\",\"description\":\"SECTION REGIONALE\",\"publisher\":{\"@id\":\"https:\\\/\\\/regions-snetap-fsu.fr\\\/pdl\\\/#organization\"},\"potentialAction\":[{\"@type\":\"SearchAction\",\"target\":{\"@type\":\"EntryPoint\",\"urlTemplate\":\"https:\\\/\\\/regions-snetap-fsu.fr\\\/pdl\\\/?s={search_term_string}\"},\"query-input\":{\"@type\":\"PropertyValueSpecification\",\"valueRequired\":true,\"valueName\":\"search_term_string\"}}],\"inLanguage\":\"fr-FR\"},{\"@type\":\"Organization\",\"@id\":\"https:\\\/\\\/regions-snetap-fsu.fr\\\/pdl\\\/#organization\",\"name\":\"SNETAP-FSU Pays de Loire\",\"url\":\"https:\\\/\\\/regions-snetap-fsu.fr\\\/pdl\\\/\",\"logo\":{\"@type\":\"ImageObject\",\"inLanguage\":\"fr-FR\",\"@id\":\"https:\\\/\\\/regions-snetap-fsu.fr\\\/pdl\\\/#\\\/schema\\\/logo\\\/image\\\/\",\"url\":\"https:\\\/\\\/regions-snetap-fsu.fr\\\/pdl\\\/wp-content\\\/uploads\\\/sites\\\/4\\\/2020\\\/12\\\/SNETAP-Logo.jpg\",\"contentUrl\":\"https:\\\/\\\/regions-snetap-fsu.fr\\\/pdl\\\/wp-content\\\/uploads\\\/sites\\\/4\\\/2020\\\/12\\\/SNETAP-Logo.jpg\",\"width\":464,\"height\":334,\"caption\":\"SNETAP-FSU Pays de Loire\"},\"image\":{\"@id\":\"https:\\\/\\\/regions-snetap-fsu.fr\\\/pdl\\\/#\\\/schema\\\/logo\\\/image\\\/\"}},{\"@type\":\"Person\",\"@id\":\"https:\\\/\\\/regions-snetap-fsu.fr\\\/pdl\\\/#\\\/schema\\\/person\\\/d4530af043f9e8d27bdd71c468ec93b1\",\"name\":\"yvigner\",\"image\":{\"@type\":\"ImageObject\",\"inLanguage\":\"fr-FR\",\"@id\":\"https:\\\/\\\/secure.gravatar.com\\\/avatar\\\/bc72baa6f2406549aecf77a837bc4f03dbe88472c1762138f868571430a23820?s=96&d=mm&r=g\",\"url\":\"https:\\\/\\\/secure.gravatar.com\\\/avatar\\\/bc72baa6f2406549aecf77a837bc4f03dbe88472c1762138f868571430a23820?s=96&d=mm&r=g\",\"contentUrl\":\"https:\\\/\\\/secure.gravatar.com\\\/avatar\\\/bc72baa6f2406549aecf77a837bc4f03dbe88472c1762138f868571430a23820?s=96&d=mm&r=g\",\"caption\":\"yvigner\"},\"url\":\"https:\\\/\\\/regions-snetap-fsu.fr\\\/pdl\\\/author\\\/yvigner\\\/\"}]}<\/script>\n<!-- \/ Yoast SEO plugin. -->","yoast_head_json":{"title":"CAPA SAPVER \u00e0 BRETTE LES PINS : NOUS NE RENONCERONS PAS ! - PAYS DE LA LOIRE","robots":{"index":"index","follow":"follow","max-snippet":"max-snippet:-1","max-image-preview":"max-image-preview:large","max-video-preview":"max-video-preview:-1"},"canonical":"https:\/\/regions-snetap-fsu.fr\/pdl\/2017\/04\/27\/capa-sapver-a-brette-les-pins-nous-ne-renoncerons-pas\/","og_locale":"fr_FR","og_type":"article","og_title":"CAPA SAPVER \u00e0 BRETTE LES PINS : NOUS NE RENONCERONS PAS ! - PAYS DE LA LOIRE","og_description":"CAPA SAPVER \u00e0 BRETTE LES PINS\u00a0:\u00a0NOUS NE RENONCERONS PAS\u00a0! RENCONTRE DES SERVICES DE LA DGER Une d\u00e9l\u00e9gation de la section locale de Brette les Pins et de la section r\u00e9gionale du SNETAP-FSU, accompagn\u00e9 d&rsquo;un secr\u00e9taire g\u00e9n\u00e9ral adjoint du SNETAP-FSU (F.CARDON) a \u00e9t\u00e9 re\u00e7u ce jour par la Sous Direction EDC de la DGER en la [&hellip;]","og_url":"https:\/\/regions-snetap-fsu.fr\/pdl\/2017\/04\/27\/capa-sapver-a-brette-les-pins-nous-ne-renoncerons-pas\/","og_site_name":"PAYS DE LA LOIRE","article_published_time":"2017-04-27T20:52:50+00:00","article_modified_time":"2018-09-19T19:57:16+00:00","author":"yvigner","twitter_card":"summary_large_image","twitter_misc":{"\u00c9crit par":"yvigner","Dur\u00e9e de lecture estim\u00e9e":"2 minutes"},"schema":{"@context":"https:\/\/schema.org","@graph":[{"@type":"Article","@id":"https:\/\/regions-snetap-fsu.fr\/pdl\/2017\/04\/27\/capa-sapver-a-brette-les-pins-nous-ne-renoncerons-pas\/#article","isPartOf":{"@id":"https:\/\/regions-snetap-fsu.fr\/pdl\/2017\/04\/27\/capa-sapver-a-brette-les-pins-nous-ne-renoncerons-pas\/"},"author":{"name":"yvigner","@id":"https:\/\/regions-snetap-fsu.fr\/pdl\/#\/schema\/person\/d4530af043f9e8d27bdd71c468ec93b1"},"headline":"CAPA SAPVER \u00e0 BRETTE LES PINS : NOUS NE RENONCERONS PAS !","datePublished":"2017-04-27T20:52:50+00:00","dateModified":"2018-09-19T19:57:16+00:00","mainEntityOfPage":{"@id":"https:\/\/regions-snetap-fsu.fr\/pdl\/2017\/04\/27\/capa-sapver-a-brette-les-pins-nous-ne-renoncerons-pas\/"},"wordCount":498,"publisher":{"@id":"https:\/\/regions-snetap-fsu.fr\/pdl\/#organization"},"articleSection":["Brette les Pins","Communiqu\u00e9s"],"inLanguage":"fr-FR"},{"@type":"WebPage","@id":"https:\/\/regions-snetap-fsu.fr\/pdl\/2017\/04\/27\/capa-sapver-a-brette-les-pins-nous-ne-renoncerons-pas\/","url":"https:\/\/regions-snetap-fsu.fr\/pdl\/2017\/04\/27\/capa-sapver-a-brette-les-pins-nous-ne-renoncerons-pas\/","name":"CAPA SAPVER \u00e0 BRETTE LES PINS : NOUS NE RENONCERONS PAS ! - PAYS DE LA LOIRE","isPartOf":{"@id":"https:\/\/regions-snetap-fsu.fr\/pdl\/#website"},"datePublished":"2017-04-27T20:52:50+00:00","dateModified":"2018-09-19T19:57:16+00:00","breadcrumb":{"@id":"https:\/\/regions-snetap-fsu.fr\/pdl\/2017\/04\/27\/capa-sapver-a-brette-les-pins-nous-ne-renoncerons-pas\/#breadcrumb"},"inLanguage":"fr-FR","potentialAction":[{"@type":"ReadAction","target":["https:\/\/regions-snetap-fsu.fr\/pdl\/2017\/04\/27\/capa-sapver-a-brette-les-pins-nous-ne-renoncerons-pas\/"]}]},{"@type":"BreadcrumbList","@id":"https:\/\/regions-snetap-fsu.fr\/pdl\/2017\/04\/27\/capa-sapver-a-brette-les-pins-nous-ne-renoncerons-pas\/#breadcrumb","itemListElement":[{"@type":"ListItem","position":1,"name":"Accueil","item":"https:\/\/regions-snetap-fsu.fr\/pdl\/"},{"@type":"ListItem","position":2,"name":"CAPA SAPVER \u00e0 BRETTE LES PINS : NOUS NE RENONCERONS PAS !"}]},{"@type":"WebSite","@id":"https:\/\/regions-snetap-fsu.fr\/pdl\/#website","url":"https:\/\/regions-snetap-fsu.fr\/pdl\/","name":"SNETAP-FSU PAYS DE LA LOIRE","description":"SECTION REGIONALE","publisher":{"@id":"https:\/\/regions-snetap-fsu.fr\/pdl\/#organization"},"potentialAction":[{"@type":"SearchAction","target":{"@type":"EntryPoint","urlTemplate":"https:\/\/regions-snetap-fsu.fr\/pdl\/?s={search_term_string}"},"query-input":{"@type":"PropertyValueSpecification","valueRequired":true,"valueName":"search_term_string"}}],"inLanguage":"fr-FR"},{"@type":"Organization","@id":"https:\/\/regions-snetap-fsu.fr\/pdl\/#organization","name":"SNETAP-FSU Pays de Loire","url":"https:\/\/regions-snetap-fsu.fr\/pdl\/","logo":{"@type":"ImageObject","inLanguage":"fr-FR","@id":"https:\/\/regions-snetap-fsu.fr\/pdl\/#\/schema\/logo\/image\/","url":"https:\/\/regions-snetap-fsu.fr\/pdl\/wp-content\/uploads\/sites\/4\/2020\/12\/SNETAP-Logo.jpg","contentUrl":"https:\/\/regions-snetap-fsu.fr\/pdl\/wp-content\/uploads\/sites\/4\/2020\/12\/SNETAP-Logo.jpg","width":464,"height":334,"caption":"SNETAP-FSU Pays de Loire"},"image":{"@id":"https:\/\/regions-snetap-fsu.fr\/pdl\/#\/schema\/logo\/image\/"}},{"@type":"Person","@id":"https:\/\/regions-snetap-fsu.fr\/pdl\/#\/schema\/person\/d4530af043f9e8d27bdd71c468ec93b1","name":"yvigner","image":{"@type":"ImageObject","inLanguage":"fr-FR","@id":"https:\/\/secure.gravatar.com\/avatar\/bc72baa6f2406549aecf77a837bc4f03dbe88472c1762138f868571430a23820?s=96&d=mm&r=g","url":"https:\/\/secure.gravatar.com\/avatar\/bc72baa6f2406549aecf77a837bc4f03dbe88472c1762138f868571430a23820?s=96&d=mm&r=g","contentUrl":"https:\/\/secure.gravatar.com\/avatar\/bc72baa6f2406549aecf77a837bc4f03dbe88472c1762138f868571430a23820?s=96&d=mm&r=g","caption":"yvigner"},"url":"https:\/\/regions-snetap-fsu.fr\/pdl\/author\/yvigner\/"}]}},"_links":{"self":[{"href":"https:\/\/regions-snetap-fsu.fr\/pdl\/wp-json\/wp\/v2\/posts\/448","targetHints":{"allow":["GET"]}}],"collection":[{"href":"https:\/\/regions-snetap-fsu.fr\/pdl\/wp-json\/wp\/v2\/posts"}],"about":[{"href":"https:\/\/regions-snetap-fsu.fr\/pdl\/wp-json\/wp\/v2\/types\/post"}],"author":[{"embeddable":true,"href":"https:\/\/regions-snetap-fsu.fr\/pdl\/wp-json\/wp\/v2\/users\/2"}],"replies":[{"embeddable":true,"href":"https:\/\/regions-snetap-fsu.fr\/pdl\/wp-json\/wp\/v2\/comments?post=448"}],"version-history":[{"count":1,"href":"https:\/\/regions-snetap-fsu.fr\/pdl\/wp-json\/wp\/v2\/posts\/448\/revisions"}],"predecessor-version":[{"id":2754,"href":"https:\/\/regions-snetap-fsu.fr\/pdl\/wp-json\/wp\/v2\/posts\/448\/revisions\/2754"}],"wp:attachment":[{"href":"https:\/\/regions-snetap-fsu.fr\/pdl\/wp-json\/wp\/v2\/media?parent=448"}],"wp:term":[{"taxonomy":"category","embeddable":true,"href":"https:\/\/regions-snetap-fsu.fr\/pdl\/wp-json\/wp\/v2\/categories?post=448"},{"taxonomy":"post_tag","embeddable":true,"href":"https:\/\/regions-snetap-fsu.fr\/pdl\/wp-json\/wp\/v2\/tags?post=448"},{"taxonomy":"post_folder","embeddable":true,"href":"https:\/\/regions-snetap-fsu.fr\/pdl\/wp-json\/wp\/v2\/post_folder?post=448"}],"curies":[{"name":"wp","href":"https:\/\/api.w.org\/{rel}","templated":true}]}}