{"id":4470,"date":"2022-09-17T00:06:26","date_gmt":"2022-09-16T22:06:26","guid":{"rendered":"https:\/\/regions-snetap-fsu.fr\/pdl\/?p=4470"},"modified":"2022-09-17T00:07:03","modified_gmt":"2022-09-16T22:07:03","slug":"legta-du-mans-chronique-dune-lutte-locale-solidaire-syndicale-et-victorieuse","status":"publish","type":"post","link":"https:\/\/regions-snetap-fsu.fr\/pdl\/2022\/09\/17\/legta-du-mans-chronique-dune-lutte-locale-solidaire-syndicale-et-victorieuse\/","title":{"rendered":"LEGTA du MANS : Chronique d&rsquo;une lutte locale, solidaire, syndicale et victorieuse"},"content":{"rendered":"<p align=\"justify\"><span style=\"font-size: 12pt; font-family: arial, helvetica, sans-serif;\">En cette rentr\u00e9e 2022, les personnels sont d\u00e9sabus\u00e9.es voire sid\u00e9r\u00e9.es lorsqu\u2019ils. elles d\u00e9couvrent la mani\u00e8re avec laquelle leurs coll\u00e8gues, les \u00e9l\u00e8ves et \u00e9tudiant.es peuvent \u00eatre trait\u00e9.es par leur employeur, le minist\u00e8re de l\u2019Agriculture.<\/span><\/p>\n<p align=\"justify\"><span style=\"font-size: 12pt; font-family: arial, helvetica, sans-serif;\"><b>Confront\u00e9 depuis octobre 2019 \u00e0 des difficult\u00e9s pour remplacer une coll\u00e8gue en arr\u00eat de travail, l\u2019\u00e9tablissement a depuis 3 ann\u00e9es scolaires recherch\u00e9 en vain une solution.<\/b><\/span><\/p>\n<p align=\"justify\"><span style=\"font-size: 12pt; font-family: arial, helvetica, sans-serif;\">&#8211; appel \u00e0 candidature, recherche P\u00f4le Emploi \u2026<\/span><\/p>\n<p align=\"justify\"><span style=\"font-size: 12pt; font-family: arial, helvetica, sans-serif;\">&#8211; recours \u00e0 des vacations avec des agent.es des CFA et CFPPA de l\u2019\u00e9tablissement ;<\/span><\/p>\n<p align=\"justify\"><span style=\"font-size: 12pt; font-family: arial, helvetica, sans-serif;\">&#8211; recours \u00e0 des HSE \u00ab de remplacement \u00bb avec des coll\u00e8gues du lyc\u00e9e ;<\/span><\/p>\n<p align=\"justify\"><span style=\"font-size: 12pt; font-family: arial, helvetica, sans-serif;\">&#8211; b\u00e9n\u00e9volat partiel ou total de certain.es enseignant.es du lyc\u00e9e ;<\/span><\/p>\n<p align=\"justify\"><span style=\"font-size: 12pt; font-family: arial, helvetica, sans-serif;\">&#8211; sollicitation de professionnels forestiers\u2026<\/span><\/p>\n<p align=\"justify\"><span style=\"font-size: 12pt; font-family: arial, helvetica, sans-serif;\"><b>Ces solutions, insuffisantes ont \u00e9puis\u00e9 les personnels et suscit\u00e9 des inqui\u00e9tudes l\u00e9gitimes des\u00a0<\/b><\/span><span style=\"font-size: 12pt; font-family: arial, helvetica, sans-serif;\"><b>usager.es.<\/b> Durant l\u2019ann\u00e9e scolaire 2021-2022, les parents d\u2019\u00e9l\u00e8ves de plusieurs classes sans\u00a0<\/span><span style=\"font-size: 12pt; font-family: arial, helvetica, sans-serif;\">enseignement se sont \u00e9mu.es de cette situation aupr\u00e8s de la direction ainsi que dans les instances de\u00a0<\/span><span style=\"font-size: 12pt; font-family: arial, helvetica, sans-serif;\">l\u2019\u00e9tablissement (Conseil Int\u00e9rieur et Conseil d\u2019administration).\u00a0<\/span><\/p>\n<p align=\"justify\"><span style=\"font-size: 12pt; font-family: arial, helvetica, sans-serif;\"><b>Face \u00e0 cette situation, en juin 2022, la direction a propos\u00e9 de mettre en place un dispositif\u00a0<\/b><\/span><span style=\"font-size: 12pt; font-family: arial, helvetica, sans-serif;\"><b>permettant d\u2019assurer l\u2019int\u00e9gralit\u00e9 des enseignements disciplinaires sur l\u2019ann\u00e9e scolaire 2022-2023.<\/b><\/span><\/p>\n<p align=\"justify\"><span style=\"font-size: 12pt; font-family: arial, helvetica, sans-serif;\">Cette solution passe par la demande de cr\u00e9ation d\u2019un demi-poste d\u2019ACEN dans la discipline et pas\u00a0<\/span><span style=\"font-size: 12pt; font-family: arial, helvetica, sans-serif;\">seulement des cr\u00e9dits de remplacement li\u00e9s aux arr\u00eats de travail. <\/span><\/p>\n<p align=\"justify\"><span style=\"font-size: 12pt; font-family: arial, helvetica, sans-serif;\">La direction en fait la demande \u00e0 l\u2019autorit\u00e9 acad\u00e9mique qui a donn\u00e9 son accord oral d\u00e9but juillet. Forte de ce feu vert, la direction propose ce mi-temps \u00e0 un coll\u00e8gue ACEN de l\u2019\u00e9tablissement, d\u00e9j\u00e0 \u00e0 50 % pour lui proposer un 100 %. Ce dernier accepte et renonce par ailleurs \u00e0 une affectation 100 % dans un autre\u00a0<\/span><span style=\"font-size: 12pt; font-family: arial, helvetica, sans-serif;\">\u00e9tablissement agricole public\u2026 plus \u00e9loign\u00e9 de son domicile.<\/span><\/p>\n<p align=\"justify\"><span style=\"font-size: 12pt; font-family: arial, helvetica, sans-serif;\">Or, le lundi 29 ao\u00fbt, la direction de l\u2019\u00e9tablissement informe ce coll\u00e8gue qu\u2019elle a re\u00e7u <b>une r\u00e9ponse \u00e9crite du minist\u00e8re<\/b>, le vendredi 26 ao\u00fbt, <b>refusant cette solution<\/b> <b>et<\/b> <b>n\u2019accordant<\/b> <b>que des cr\u00e9dits de remplacement<\/b>\u2026<\/span><\/p>\n<p align=\"justify\"><span style=\"font-size: 12pt; font-family: arial, helvetica, sans-serif;\"><b>Temps de service et salaire divis\u00e9s par deux pour le coll\u00e8gue, emplois du temps fortement modifi\u00e9s pour d\u2019autres, sans garantir l\u2019enti\u00e8ret\u00e9 des cours. <\/b><\/span><\/p>\n<p align=\"justify\"><span style=\"font-family: arial, helvetica, sans-serif; font-size: 12pt;\">L\u2019\u00e9tablissement se retrouve de fait dans la situation \u00e9voqu\u00e9e ci-dessus depuis octobre 2019.\u00a0<\/span><span style=\"font-size: 12pt; font-family: arial, helvetica, sans-serif;\">C\u2019est pourquoi, le 8 septembre, l\u2019intersyndicale <b>SNETAP-FSU , CGT-Agri et SEA-UNSA\u00a0<\/b><\/span><span style=\"font-size: 12pt; font-family: arial, helvetica, sans-serif;\">du <b>lyc\u00e9e de Rouillon<\/b> d\u00e9pose, au nom des personnels de l\u2019\u00e9tablissement r\u00e9unis en Assembl\u00e9e G\u00e9n\u00e9rale, un pr\u00e9avis de <b>GR\u00c8VE POUR LE JEUDI 15 SEPTEMBRE 2022.<\/b><\/span><\/p>\n<p align=\"justify\"><span style=\"color: #000000; font-size: 12pt; font-family: arial, helvetica, sans-serif;\"><b>\u00a0<\/b><\/span><\/p>\n<p align=\"justify\"><span style=\"color: #000000; font-size: 12pt; font-family: arial, helvetica, sans-serif;\"><b>Le lendemain du d\u00e9p\u00f4t de ce pr\u00e9avis et apr\u00e8s que les parents et la presse locale en aient \u00e9t\u00e9 avertis, le minist\u00e8re a finalement nomm\u00e9 notre coll\u00e8gue \u00e0 temps plein pour toute l\u2019ann\u00e9e scolaire.<\/b><\/span><\/p>\n<p align=\"justify\"><span style=\"color: #000000; font-size: 12pt; font-family: arial, helvetica, sans-serif;\">L\u2019intersyndicale a donc lev\u00e9 le pr\u00e9avis de gr\u00e8ve.<\/span><\/p>\n<p align=\"justify\"><span style=\"color: #000000; font-size: 12pt; font-family: arial, helvetica, sans-serif;\"><b>C\u2019est bien la mobilisation des personnels qui a permis cette victoire pour toute la communaut\u00e9 \u00e9ducative de Rouillon et nous saurons nous en souvenir.<\/b><\/span><\/p>\n<p align=\"justify\">\n","protected":false},"excerpt":{"rendered":"<p>En cette rentr\u00e9e 2022, les personnels sont d\u00e9sabus\u00e9.es voire sid\u00e9r\u00e9.es lorsqu\u2019ils. elles d\u00e9couvrent la mani\u00e8re avec laquelle leurs coll\u00e8gues, les \u00e9l\u00e8ves et \u00e9tudiant.es peuvent \u00eatre trait\u00e9.es par leur employeur, le minist\u00e8re de l\u2019Agriculture. Confront\u00e9 depuis octobre 2019 \u00e0 des difficult\u00e9s pour remplacer une coll\u00e8gue en arr\u00eat de travail, l\u2019\u00e9tablissement a depuis 3 ann\u00e9es scolaires recherch\u00e9 [&hellip;]<\/p>\n","protected":false},"author":2,"featured_media":3866,"comment_status":"closed","ping_status":"closed","sticky":false,"template":"","format":"standard","meta":{"ocean_post_layout":"","ocean_both_sidebars_style":"","ocean_both_sidebars_content_width":0,"ocean_both_sidebars_sidebars_width":0,"ocean_sidebar":"0","ocean_second_sidebar":"0","ocean_disable_margins":"enable","ocean_add_body_class":"","ocean_shortcode_before_top_bar":"","ocean_shortcode_after_top_bar":"","ocean_shortcode_before_header":"","ocean_shortcode_after_header":"","ocean_has_shortcode":"","ocean_shortcode_after_title":"","ocean_shortcode_before_footer_widgets":"","ocean_shortcode_after_footer_widgets":"","ocean_shortcode_before_footer_bottom":"","ocean_shortcode_after_footer_bottom":"","ocean_display_top_bar":"default","ocean_display_header":"default","ocean_header_style":"","ocean_center_header_left_menu":"0","ocean_custom_header_template":"0","ocean_custom_logo":0,"ocean_custom_retina_logo":0,"ocean_custom_logo_max_width":0,"ocean_custom_logo_tablet_max_width":0,"ocean_custom_logo_mobile_max_width":0,"ocean_custom_logo_max_height":0,"ocean_custom_logo_tablet_max_height":0,"ocean_custom_logo_mobile_max_height":0,"ocean_header_custom_menu":"0","ocean_menu_typo_font_family":"0","ocean_menu_typo_font_subset":"","ocean_menu_typo_font_size":0,"ocean_menu_typo_font_size_tablet":0,"ocean_menu_typo_font_size_mobile":0,"ocean_menu_typo_font_size_unit":"px","ocean_menu_typo_font_weight":"","ocean_menu_typo_font_weight_tablet":"","ocean_menu_typo_font_weight_mobile":"","ocean_menu_typo_transform":"","ocean_menu_typo_transform_tablet":"","ocean_menu_typo_transform_mobile":"","ocean_menu_typo_line_height":0,"ocean_menu_typo_line_height_tablet":0,"ocean_menu_typo_line_height_mobile":0,"ocean_menu_typo_line_height_unit":"","ocean_menu_typo_spacing":0,"ocean_menu_typo_spacing_tablet":0,"ocean_menu_typo_spacing_mobile":0,"ocean_menu_typo_spacing_unit":"","ocean_menu_link_color":"","ocean_menu_link_color_hover":"","ocean_menu_link_color_active":"","ocean_menu_link_background":"","ocean_menu_link_hover_background":"","ocean_menu_link_active_background":"","ocean_menu_social_links_bg":"","ocean_menu_social_hover_links_bg":"","ocean_menu_social_links_color":"","ocean_menu_social_hover_links_color":"","ocean_disable_title":"default","ocean_disable_heading":"default","ocean_post_title":"","ocean_post_subheading":"","ocean_post_title_style":"","ocean_post_title_background_color":"","ocean_post_title_background":0,"ocean_post_title_bg_image_position":"","ocean_post_title_bg_image_attachment":"","ocean_post_title_bg_image_repeat":"","ocean_post_title_bg_image_size":"","ocean_post_title_height":0,"ocean_post_title_bg_overlay":0.5,"ocean_post_title_bg_overlay_color":"","ocean_disable_breadcrumbs":"default","ocean_breadcrumbs_color":"","ocean_breadcrumbs_separator_color":"","ocean_breadcrumbs_links_color":"","ocean_breadcrumbs_links_hover_color":"","ocean_display_footer_widgets":"default","ocean_display_footer_bottom":"default","ocean_custom_footer_template":"0","ocean_post_oembed":"","ocean_post_self_hosted_media":"","ocean_post_video_embed":"","ocean_link_format":"","ocean_link_format_target":"self","ocean_quote_format":"","ocean_quote_format_link":"post","ocean_gallery_link_images":"off","ocean_gallery_id":[],"footnotes":""},"categories":[28,20],"tags":[],"post_folder":[],"class_list":["post-4470","post","type-post","status-publish","format-standard","has-post-thumbnail","hentry","category-actions-regionales","category-le-mans","entry","has-media"],"yoast_head":"<!-- This site is optimized with the Yoast SEO plugin v27.4 - https:\/\/yoast.com\/product\/yoast-seo-wordpress\/ -->\n<title>LEGTA du MANS : Chronique d&#039;une lutte locale, solidaire, syndicale et victorieuse - PAYS DE LA LOIRE<\/title>\n<meta name=\"robots\" content=\"index, follow, max-snippet:-1, max-image-preview:large, max-video-preview:-1\" \/>\n<link rel=\"canonical\" href=\"https:\/\/regions-snetap-fsu.fr\/pdl\/2022\/09\/17\/legta-du-mans-chronique-dune-lutte-locale-solidaire-syndicale-et-victorieuse\/\" \/>\n<meta property=\"og:locale\" content=\"fr_FR\" \/>\n<meta property=\"og:type\" content=\"article\" \/>\n<meta property=\"og:title\" content=\"LEGTA du MANS : Chronique d&#039;une lutte locale, solidaire, syndicale et victorieuse - PAYS DE LA LOIRE\" \/>\n<meta property=\"og:description\" content=\"En cette rentr\u00e9e 2022, les personnels sont d\u00e9sabus\u00e9.es voire sid\u00e9r\u00e9.es lorsqu\u2019ils. elles d\u00e9couvrent la mani\u00e8re avec laquelle leurs coll\u00e8gues, les \u00e9l\u00e8ves et \u00e9tudiant.es peuvent \u00eatre trait\u00e9.es par leur employeur, le minist\u00e8re de l\u2019Agriculture. Confront\u00e9 depuis octobre 2019 \u00e0 des difficult\u00e9s pour remplacer une coll\u00e8gue en arr\u00eat de travail, l\u2019\u00e9tablissement a depuis 3 ann\u00e9es scolaires recherch\u00e9 [&hellip;]\" \/>\n<meta property=\"og:url\" content=\"https:\/\/regions-snetap-fsu.fr\/pdl\/2022\/09\/17\/legta-du-mans-chronique-dune-lutte-locale-solidaire-syndicale-et-victorieuse\/\" \/>\n<meta property=\"og:site_name\" content=\"PAYS DE LA LOIRE\" \/>\n<meta property=\"article:published_time\" content=\"2022-09-16T22:06:26+00:00\" \/>\n<meta property=\"article:modified_time\" content=\"2022-09-16T22:07:03+00:00\" \/>\n<meta property=\"og:image\" content=\"https:\/\/regions-snetap-fsu.fr\/pdl\/wp-content\/uploads\/sites\/4\/2021\/02\/IMG-20201218-WA0003.jpg\" \/>\n\t<meta property=\"og:image:width\" content=\"1600\" \/>\n\t<meta property=\"og:image:height\" content=\"900\" \/>\n\t<meta property=\"og:image:type\" content=\"image\/jpeg\" \/>\n<meta name=\"author\" content=\"yvigner\" \/>\n<meta name=\"twitter:card\" content=\"summary_large_image\" \/>\n<meta name=\"twitter:label1\" content=\"\u00c9crit par\" \/>\n\t<meta name=\"twitter:data1\" content=\"yvigner\" \/>\n\t<meta name=\"twitter:label2\" content=\"Dur\u00e9e de lecture estim\u00e9e\" \/>\n\t<meta name=\"twitter:data2\" content=\"3 minutes\" \/>\n<script type=\"application\/ld+json\" class=\"yoast-schema-graph\">{\"@context\":\"https:\\\/\\\/schema.org\",\"@graph\":[{\"@type\":\"Article\",\"@id\":\"https:\\\/\\\/regions-snetap-fsu.fr\\\/pdl\\\/2022\\\/09\\\/17\\\/legta-du-mans-chronique-dune-lutte-locale-solidaire-syndicale-et-victorieuse\\\/#article\",\"isPartOf\":{\"@id\":\"https:\\\/\\\/regions-snetap-fsu.fr\\\/pdl\\\/2022\\\/09\\\/17\\\/legta-du-mans-chronique-dune-lutte-locale-solidaire-syndicale-et-victorieuse\\\/\"},\"author\":{\"name\":\"yvigner\",\"@id\":\"https:\\\/\\\/regions-snetap-fsu.fr\\\/pdl\\\/#\\\/schema\\\/person\\\/d4530af043f9e8d27bdd71c468ec93b1\"},\"headline\":\"LEGTA du MANS : Chronique d&rsquo;une lutte locale, solidaire, syndicale et victorieuse\",\"datePublished\":\"2022-09-16T22:06:26+00:00\",\"dateModified\":\"2022-09-16T22:07:03+00:00\",\"mainEntityOfPage\":{\"@id\":\"https:\\\/\\\/regions-snetap-fsu.fr\\\/pdl\\\/2022\\\/09\\\/17\\\/legta-du-mans-chronique-dune-lutte-locale-solidaire-syndicale-et-victorieuse\\\/\"},\"wordCount\":530,\"publisher\":{\"@id\":\"https:\\\/\\\/regions-snetap-fsu.fr\\\/pdl\\\/#organization\"},\"image\":{\"@id\":\"https:\\\/\\\/regions-snetap-fsu.fr\\\/pdl\\\/2022\\\/09\\\/17\\\/legta-du-mans-chronique-dune-lutte-locale-solidaire-syndicale-et-victorieuse\\\/#primaryimage\"},\"thumbnailUrl\":\"https:\\\/\\\/regions-snetap-fsu.fr\\\/pdl\\\/wp-content\\\/uploads\\\/sites\\\/4\\\/2021\\\/02\\\/IMG-20201218-WA0003.jpg\",\"articleSection\":[\"Actions r\u00e9gionales\",\"Le Mans\"],\"inLanguage\":\"fr-FR\"},{\"@type\":\"WebPage\",\"@id\":\"https:\\\/\\\/regions-snetap-fsu.fr\\\/pdl\\\/2022\\\/09\\\/17\\\/legta-du-mans-chronique-dune-lutte-locale-solidaire-syndicale-et-victorieuse\\\/\",\"url\":\"https:\\\/\\\/regions-snetap-fsu.fr\\\/pdl\\\/2022\\\/09\\\/17\\\/legta-du-mans-chronique-dune-lutte-locale-solidaire-syndicale-et-victorieuse\\\/\",\"name\":\"LEGTA du MANS : Chronique d'une lutte locale, solidaire, syndicale et victorieuse - PAYS DE LA LOIRE\",\"isPartOf\":{\"@id\":\"https:\\\/\\\/regions-snetap-fsu.fr\\\/pdl\\\/#website\"},\"primaryImageOfPage\":{\"@id\":\"https:\\\/\\\/regions-snetap-fsu.fr\\\/pdl\\\/2022\\\/09\\\/17\\\/legta-du-mans-chronique-dune-lutte-locale-solidaire-syndicale-et-victorieuse\\\/#primaryimage\"},\"image\":{\"@id\":\"https:\\\/\\\/regions-snetap-fsu.fr\\\/pdl\\\/2022\\\/09\\\/17\\\/legta-du-mans-chronique-dune-lutte-locale-solidaire-syndicale-et-victorieuse\\\/#primaryimage\"},\"thumbnailUrl\":\"https:\\\/\\\/regions-snetap-fsu.fr\\\/pdl\\\/wp-content\\\/uploads\\\/sites\\\/4\\\/2021\\\/02\\\/IMG-20201218-WA0003.jpg\",\"datePublished\":\"2022-09-16T22:06:26+00:00\",\"dateModified\":\"2022-09-16T22:07:03+00:00\",\"breadcrumb\":{\"@id\":\"https:\\\/\\\/regions-snetap-fsu.fr\\\/pdl\\\/2022\\\/09\\\/17\\\/legta-du-mans-chronique-dune-lutte-locale-solidaire-syndicale-et-victorieuse\\\/#breadcrumb\"},\"inLanguage\":\"fr-FR\",\"potentialAction\":[{\"@type\":\"ReadAction\",\"target\":[\"https:\\\/\\\/regions-snetap-fsu.fr\\\/pdl\\\/2022\\\/09\\\/17\\\/legta-du-mans-chronique-dune-lutte-locale-solidaire-syndicale-et-victorieuse\\\/\"]}]},{\"@type\":\"ImageObject\",\"inLanguage\":\"fr-FR\",\"@id\":\"https:\\\/\\\/regions-snetap-fsu.fr\\\/pdl\\\/2022\\\/09\\\/17\\\/legta-du-mans-chronique-dune-lutte-locale-solidaire-syndicale-et-victorieuse\\\/#primaryimage\",\"url\":\"https:\\\/\\\/regions-snetap-fsu.fr\\\/pdl\\\/wp-content\\\/uploads\\\/sites\\\/4\\\/2021\\\/02\\\/IMG-20201218-WA0003.jpg\",\"contentUrl\":\"https:\\\/\\\/regions-snetap-fsu.fr\\\/pdl\\\/wp-content\\\/uploads\\\/sites\\\/4\\\/2021\\\/02\\\/IMG-20201218-WA0003.jpg\",\"width\":1600,\"height\":900},{\"@type\":\"BreadcrumbList\",\"@id\":\"https:\\\/\\\/regions-snetap-fsu.fr\\\/pdl\\\/2022\\\/09\\\/17\\\/legta-du-mans-chronique-dune-lutte-locale-solidaire-syndicale-et-victorieuse\\\/#breadcrumb\",\"itemListElement\":[{\"@type\":\"ListItem\",\"position\":1,\"name\":\"Accueil\",\"item\":\"https:\\\/\\\/regions-snetap-fsu.fr\\\/pdl\\\/\"},{\"@type\":\"ListItem\",\"position\":2,\"name\":\"LEGTA du MANS : Chronique d\u00a0\u00bbune lutte locale, solidaire, syndicale et victorieuse\"}]},{\"@type\":\"WebSite\",\"@id\":\"https:\\\/\\\/regions-snetap-fsu.fr\\\/pdl\\\/#website\",\"url\":\"https:\\\/\\\/regions-snetap-fsu.fr\\\/pdl\\\/\",\"name\":\"SNETAP-FSU PAYS DE LA LOIRE\",\"description\":\"SECTION REGIONALE\",\"publisher\":{\"@id\":\"https:\\\/\\\/regions-snetap-fsu.fr\\\/pdl\\\/#organization\"},\"potentialAction\":[{\"@type\":\"SearchAction\",\"target\":{\"@type\":\"EntryPoint\",\"urlTemplate\":\"https:\\\/\\\/regions-snetap-fsu.fr\\\/pdl\\\/?s={search_term_string}\"},\"query-input\":{\"@type\":\"PropertyValueSpecification\",\"valueRequired\":true,\"valueName\":\"search_term_string\"}}],\"inLanguage\":\"fr-FR\"},{\"@type\":\"Organization\",\"@id\":\"https:\\\/\\\/regions-snetap-fsu.fr\\\/pdl\\\/#organization\",\"name\":\"SNETAP-FSU Pays de Loire\",\"url\":\"https:\\\/\\\/regions-snetap-fsu.fr\\\/pdl\\\/\",\"logo\":{\"@type\":\"ImageObject\",\"inLanguage\":\"fr-FR\",\"@id\":\"https:\\\/\\\/regions-snetap-fsu.fr\\\/pdl\\\/#\\\/schema\\\/logo\\\/image\\\/\",\"url\":\"https:\\\/\\\/regions-snetap-fsu.fr\\\/pdl\\\/wp-content\\\/uploads\\\/sites\\\/4\\\/2020\\\/12\\\/SNETAP-Logo.jpg\",\"contentUrl\":\"https:\\\/\\\/regions-snetap-fsu.fr\\\/pdl\\\/wp-content\\\/uploads\\\/sites\\\/4\\\/2020\\\/12\\\/SNETAP-Logo.jpg\",\"width\":464,\"height\":334,\"caption\":\"SNETAP-FSU Pays de Loire\"},\"image\":{\"@id\":\"https:\\\/\\\/regions-snetap-fsu.fr\\\/pdl\\\/#\\\/schema\\\/logo\\\/image\\\/\"}},{\"@type\":\"Person\",\"@id\":\"https:\\\/\\\/regions-snetap-fsu.fr\\\/pdl\\\/#\\\/schema\\\/person\\\/d4530af043f9e8d27bdd71c468ec93b1\",\"name\":\"yvigner\",\"image\":{\"@type\":\"ImageObject\",\"inLanguage\":\"fr-FR\",\"@id\":\"https:\\\/\\\/secure.gravatar.com\\\/avatar\\\/bc72baa6f2406549aecf77a837bc4f03dbe88472c1762138f868571430a23820?s=96&d=mm&r=g\",\"url\":\"https:\\\/\\\/secure.gravatar.com\\\/avatar\\\/bc72baa6f2406549aecf77a837bc4f03dbe88472c1762138f868571430a23820?s=96&d=mm&r=g\",\"contentUrl\":\"https:\\\/\\\/secure.gravatar.com\\\/avatar\\\/bc72baa6f2406549aecf77a837bc4f03dbe88472c1762138f868571430a23820?s=96&d=mm&r=g\",\"caption\":\"yvigner\"},\"url\":\"https:\\\/\\\/regions-snetap-fsu.fr\\\/pdl\\\/author\\\/yvigner\\\/\"}]}<\/script>\n<!-- \/ Yoast SEO plugin. -->","yoast_head_json":{"title":"LEGTA du MANS : Chronique d'une lutte locale, solidaire, syndicale et victorieuse - PAYS DE LA LOIRE","robots":{"index":"index","follow":"follow","max-snippet":"max-snippet:-1","max-image-preview":"max-image-preview:large","max-video-preview":"max-video-preview:-1"},"canonical":"https:\/\/regions-snetap-fsu.fr\/pdl\/2022\/09\/17\/legta-du-mans-chronique-dune-lutte-locale-solidaire-syndicale-et-victorieuse\/","og_locale":"fr_FR","og_type":"article","og_title":"LEGTA du MANS : Chronique d'une lutte locale, solidaire, syndicale et victorieuse - PAYS DE LA LOIRE","og_description":"En cette rentr\u00e9e 2022, les personnels sont d\u00e9sabus\u00e9.es voire sid\u00e9r\u00e9.es lorsqu\u2019ils. elles d\u00e9couvrent la mani\u00e8re avec laquelle leurs coll\u00e8gues, les \u00e9l\u00e8ves et \u00e9tudiant.es peuvent \u00eatre trait\u00e9.es par leur employeur, le minist\u00e8re de l\u2019Agriculture. Confront\u00e9 depuis octobre 2019 \u00e0 des difficult\u00e9s pour remplacer une coll\u00e8gue en arr\u00eat de travail, l\u2019\u00e9tablissement a depuis 3 ann\u00e9es scolaires recherch\u00e9 [&hellip;]","og_url":"https:\/\/regions-snetap-fsu.fr\/pdl\/2022\/09\/17\/legta-du-mans-chronique-dune-lutte-locale-solidaire-syndicale-et-victorieuse\/","og_site_name":"PAYS DE LA LOIRE","article_published_time":"2022-09-16T22:06:26+00:00","article_modified_time":"2022-09-16T22:07:03+00:00","og_image":[{"width":1600,"height":900,"url":"https:\/\/regions-snetap-fsu.fr\/pdl\/wp-content\/uploads\/sites\/4\/2021\/02\/IMG-20201218-WA0003.jpg","type":"image\/jpeg"}],"author":"yvigner","twitter_card":"summary_large_image","twitter_misc":{"\u00c9crit par":"yvigner","Dur\u00e9e de lecture estim\u00e9e":"3 minutes"},"schema":{"@context":"https:\/\/schema.org","@graph":[{"@type":"Article","@id":"https:\/\/regions-snetap-fsu.fr\/pdl\/2022\/09\/17\/legta-du-mans-chronique-dune-lutte-locale-solidaire-syndicale-et-victorieuse\/#article","isPartOf":{"@id":"https:\/\/regions-snetap-fsu.fr\/pdl\/2022\/09\/17\/legta-du-mans-chronique-dune-lutte-locale-solidaire-syndicale-et-victorieuse\/"},"author":{"name":"yvigner","@id":"https:\/\/regions-snetap-fsu.fr\/pdl\/#\/schema\/person\/d4530af043f9e8d27bdd71c468ec93b1"},"headline":"LEGTA du MANS : Chronique d&rsquo;une lutte locale, solidaire, syndicale et victorieuse","datePublished":"2022-09-16T22:06:26+00:00","dateModified":"2022-09-16T22:07:03+00:00","mainEntityOfPage":{"@id":"https:\/\/regions-snetap-fsu.fr\/pdl\/2022\/09\/17\/legta-du-mans-chronique-dune-lutte-locale-solidaire-syndicale-et-victorieuse\/"},"wordCount":530,"publisher":{"@id":"https:\/\/regions-snetap-fsu.fr\/pdl\/#organization"},"image":{"@id":"https:\/\/regions-snetap-fsu.fr\/pdl\/2022\/09\/17\/legta-du-mans-chronique-dune-lutte-locale-solidaire-syndicale-et-victorieuse\/#primaryimage"},"thumbnailUrl":"https:\/\/regions-snetap-fsu.fr\/pdl\/wp-content\/uploads\/sites\/4\/2021\/02\/IMG-20201218-WA0003.jpg","articleSection":["Actions r\u00e9gionales","Le Mans"],"inLanguage":"fr-FR"},{"@type":"WebPage","@id":"https:\/\/regions-snetap-fsu.fr\/pdl\/2022\/09\/17\/legta-du-mans-chronique-dune-lutte-locale-solidaire-syndicale-et-victorieuse\/","url":"https:\/\/regions-snetap-fsu.fr\/pdl\/2022\/09\/17\/legta-du-mans-chronique-dune-lutte-locale-solidaire-syndicale-et-victorieuse\/","name":"LEGTA du MANS : Chronique d'une lutte locale, solidaire, syndicale et victorieuse - PAYS DE LA LOIRE","isPartOf":{"@id":"https:\/\/regions-snetap-fsu.fr\/pdl\/#website"},"primaryImageOfPage":{"@id":"https:\/\/regions-snetap-fsu.fr\/pdl\/2022\/09\/17\/legta-du-mans-chronique-dune-lutte-locale-solidaire-syndicale-et-victorieuse\/#primaryimage"},"image":{"@id":"https:\/\/regions-snetap-fsu.fr\/pdl\/2022\/09\/17\/legta-du-mans-chronique-dune-lutte-locale-solidaire-syndicale-et-victorieuse\/#primaryimage"},"thumbnailUrl":"https:\/\/regions-snetap-fsu.fr\/pdl\/wp-content\/uploads\/sites\/4\/2021\/02\/IMG-20201218-WA0003.jpg","datePublished":"2022-09-16T22:06:26+00:00","dateModified":"2022-09-16T22:07:03+00:00","breadcrumb":{"@id":"https:\/\/regions-snetap-fsu.fr\/pdl\/2022\/09\/17\/legta-du-mans-chronique-dune-lutte-locale-solidaire-syndicale-et-victorieuse\/#breadcrumb"},"inLanguage":"fr-FR","potentialAction":[{"@type":"ReadAction","target":["https:\/\/regions-snetap-fsu.fr\/pdl\/2022\/09\/17\/legta-du-mans-chronique-dune-lutte-locale-solidaire-syndicale-et-victorieuse\/"]}]},{"@type":"ImageObject","inLanguage":"fr-FR","@id":"https:\/\/regions-snetap-fsu.fr\/pdl\/2022\/09\/17\/legta-du-mans-chronique-dune-lutte-locale-solidaire-syndicale-et-victorieuse\/#primaryimage","url":"https:\/\/regions-snetap-fsu.fr\/pdl\/wp-content\/uploads\/sites\/4\/2021\/02\/IMG-20201218-WA0003.jpg","contentUrl":"https:\/\/regions-snetap-fsu.fr\/pdl\/wp-content\/uploads\/sites\/4\/2021\/02\/IMG-20201218-WA0003.jpg","width":1600,"height":900},{"@type":"BreadcrumbList","@id":"https:\/\/regions-snetap-fsu.fr\/pdl\/2022\/09\/17\/legta-du-mans-chronique-dune-lutte-locale-solidaire-syndicale-et-victorieuse\/#breadcrumb","itemListElement":[{"@type":"ListItem","position":1,"name":"Accueil","item":"https:\/\/regions-snetap-fsu.fr\/pdl\/"},{"@type":"ListItem","position":2,"name":"LEGTA du MANS : Chronique d\u00a0\u00bbune lutte locale, solidaire, syndicale et victorieuse"}]},{"@type":"WebSite","@id":"https:\/\/regions-snetap-fsu.fr\/pdl\/#website","url":"https:\/\/regions-snetap-fsu.fr\/pdl\/","name":"SNETAP-FSU PAYS DE LA LOIRE","description":"SECTION REGIONALE","publisher":{"@id":"https:\/\/regions-snetap-fsu.fr\/pdl\/#organization"},"potentialAction":[{"@type":"SearchAction","target":{"@type":"EntryPoint","urlTemplate":"https:\/\/regions-snetap-fsu.fr\/pdl\/?s={search_term_string}"},"query-input":{"@type":"PropertyValueSpecification","valueRequired":true,"valueName":"search_term_string"}}],"inLanguage":"fr-FR"},{"@type":"Organization","@id":"https:\/\/regions-snetap-fsu.fr\/pdl\/#organization","name":"SNETAP-FSU Pays de Loire","url":"https:\/\/regions-snetap-fsu.fr\/pdl\/","logo":{"@type":"ImageObject","inLanguage":"fr-FR","@id":"https:\/\/regions-snetap-fsu.fr\/pdl\/#\/schema\/logo\/image\/","url":"https:\/\/regions-snetap-fsu.fr\/pdl\/wp-content\/uploads\/sites\/4\/2020\/12\/SNETAP-Logo.jpg","contentUrl":"https:\/\/regions-snetap-fsu.fr\/pdl\/wp-content\/uploads\/sites\/4\/2020\/12\/SNETAP-Logo.jpg","width":464,"height":334,"caption":"SNETAP-FSU Pays de Loire"},"image":{"@id":"https:\/\/regions-snetap-fsu.fr\/pdl\/#\/schema\/logo\/image\/"}},{"@type":"Person","@id":"https:\/\/regions-snetap-fsu.fr\/pdl\/#\/schema\/person\/d4530af043f9e8d27bdd71c468ec93b1","name":"yvigner","image":{"@type":"ImageObject","inLanguage":"fr-FR","@id":"https:\/\/secure.gravatar.com\/avatar\/bc72baa6f2406549aecf77a837bc4f03dbe88472c1762138f868571430a23820?s=96&d=mm&r=g","url":"https:\/\/secure.gravatar.com\/avatar\/bc72baa6f2406549aecf77a837bc4f03dbe88472c1762138f868571430a23820?s=96&d=mm&r=g","contentUrl":"https:\/\/secure.gravatar.com\/avatar\/bc72baa6f2406549aecf77a837bc4f03dbe88472c1762138f868571430a23820?s=96&d=mm&r=g","caption":"yvigner"},"url":"https:\/\/regions-snetap-fsu.fr\/pdl\/author\/yvigner\/"}]}},"_links":{"self":[{"href":"https:\/\/regions-snetap-fsu.fr\/pdl\/wp-json\/wp\/v2\/posts\/4470","targetHints":{"allow":["GET"]}}],"collection":[{"href":"https:\/\/regions-snetap-fsu.fr\/pdl\/wp-json\/wp\/v2\/posts"}],"about":[{"href":"https:\/\/regions-snetap-fsu.fr\/pdl\/wp-json\/wp\/v2\/types\/post"}],"author":[{"embeddable":true,"href":"https:\/\/regions-snetap-fsu.fr\/pdl\/wp-json\/wp\/v2\/users\/2"}],"replies":[{"embeddable":true,"href":"https:\/\/regions-snetap-fsu.fr\/pdl\/wp-json\/wp\/v2\/comments?post=4470"}],"version-history":[{"count":2,"href":"https:\/\/regions-snetap-fsu.fr\/pdl\/wp-json\/wp\/v2\/posts\/4470\/revisions"}],"predecessor-version":[{"id":4472,"href":"https:\/\/regions-snetap-fsu.fr\/pdl\/wp-json\/wp\/v2\/posts\/4470\/revisions\/4472"}],"wp:featuredmedia":[{"embeddable":true,"href":"https:\/\/regions-snetap-fsu.fr\/pdl\/wp-json\/wp\/v2\/media\/3866"}],"wp:attachment":[{"href":"https:\/\/regions-snetap-fsu.fr\/pdl\/wp-json\/wp\/v2\/media?parent=4470"}],"wp:term":[{"taxonomy":"category","embeddable":true,"href":"https:\/\/regions-snetap-fsu.fr\/pdl\/wp-json\/wp\/v2\/categories?post=4470"},{"taxonomy":"post_tag","embeddable":true,"href":"https:\/\/regions-snetap-fsu.fr\/pdl\/wp-json\/wp\/v2\/tags?post=4470"},{"taxonomy":"post_folder","embeddable":true,"href":"https:\/\/regions-snetap-fsu.fr\/pdl\/wp-json\/wp\/v2\/post_folder?post=4470"}],"curies":[{"name":"wp","href":"https:\/\/api.w.org\/{rel}","templated":true}]}}