{"id":445,"date":"2017-04-27T22:44:38","date_gmt":"2017-04-27T20:44:38","guid":{"rendered":"http:\/\/snetap-fsu.fr\/comp\/pdl\/?p=445"},"modified":"2018-09-19T21:57:25","modified_gmt":"2018-09-19T19:57:25","slug":"courrier-a-monsieur-le-ministre-concernant-le-capa-sapver-de-brette-les-pins","status":"publish","type":"post","link":"https:\/\/regions-snetap-fsu.fr\/pdl\/2017\/04\/27\/courrier-a-monsieur-le-ministre-concernant-le-capa-sapver-de-brette-les-pins\/","title":{"rendered":"Courrier \u00e0 Monsieur le Ministre concernant le CAPA SAPVER de Brette les Pins"},"content":{"rendered":"<p class=\"western\" align=\"right\"><span style=\"font-family: Arial, sans-serif\"><span style=\"font-size: medium\">Laval, le 27 avril 2017<\/span><\/span><\/p>\n<p class=\"western\" align=\"right\">\n<p class=\"western\" align=\"right\"><span style=\"font-family: Arial, sans-serif\"><span style=\"font-size: medium\">A Monsieur le Ministre de l&rsquo;Agriculture<\/span><\/span><\/p>\n<p class=\"western\" align=\"right\"><span style=\"font-family: Arial, sans-serif\"><span style=\"font-size: medium\"><b>St\u00e9phane LE FOLL<\/b><\/span><\/span><\/p>\n<p class=\"western\" align=\"right\"><span style=\"font-family: Arial, sans-serif\"><span style=\"font-size: medium\"><span style=\"color: #222222\">78 Rue de Varenne<\/span><\/span><\/span><\/p>\n<p class=\"western\" align=\"right\"><span style=\"font-family: Arial, sans-serif\"><span style=\"font-size: medium\"><span style=\"color: #222222\">75007 Paris<\/span> <\/span><\/span><\/p>\n<p class=\"western\" align=\"justify\"><span style=\"font-family: Arial, sans-serif\"><span style=\"font-size: medium\">Monsieur le Ministre de l&rsquo;Agriculture,<\/span><\/span><\/p>\n<p class=\"western\" align=\"justify\">\n<p class=\"western\" align=\"justify\"><span style=\"font-family: Arial, sans-serif\"><span style=\"font-size: medium\">Malgr\u00e9 un nouvel \u00e9change le mercredi 26 avril 2017 avec les services de la DGER de votre Minist\u00e8re, nous sommes au regret de constater que <b>la d\u00e9cision d&rsquo;ouverture du CAPA SAPVER au LPA de Brette les Pins <\/b><b>est<\/b><b> annul\u00e9e. <\/b><\/span><\/span><\/p>\n<p class=\"western\" align=\"justify\"><span style=\"font-family: Arial, sans-serif\"><span style=\"font-size: medium\">Pourtant ce projet avait recueilli <b>un avis favorable dans les toutes instances r\u00e9gionales<\/b> : CTREA (6 octobre 2016), CREA (3 novembre 2016), CAEN (25 novembre 2016) et CREFOP(9 d\u00e9cembre 2016). Elle faisait partie des 42 ouvertures pr\u00e9vues pour la rentr\u00e9e 2017 d\u00e9cid\u00e9es par la Commission permanente du Conseil r\u00e9gional. <\/span><\/span><\/p>\n<p class=\"western\" align=\"justify\"><span style=\"font-family: Arial, sans-serif\"><span style=\"font-size: medium\"><b>Par cette d\u00e9cision, il n&rsquo;y aurait, \u00e0 la rentr\u00e9e prochaine, AUCUNE ouverture dans l&rsquo;enseignement agricole public des Pays de la Loire <\/b>(puisque l&rsquo;ouverture du BAC PRO Conduite et Gestion de l&rsquo;Entreprise Agricole au Lyc\u00e9e agricole de St Herblain a, elle aussi, \u00e9t\u00e9 annul\u00e9e). <\/span><\/span><\/p>\n<p class=\"western\" align=\"justify\"><span style=\"font-family: Arial, sans-serif\"><span style=\"font-size: medium\"><span style=\"color: #222222\">Cette nouvelle formation est pourtant indispensable. En effet, l\u2019orientation est un vrai casse t\u00eate en fin de troisi\u00e8me, notamment pour nombre de jeunes en difficult\u00e9, faute de CAP suffisants dans le Service public. Des \u00e9l\u00e8ves se retrouvent alors, \u00abpar d\u00e9faut\u00bb, en 2de professionnelle. Classe dans laqelle ils sont donc en grande difficult\u00e9 et ont peu de chance d\u2019obtenir un dipl\u00f4me. <\/span><span style=\"color: #222222\"><b>Ouvrir un CAP est une solution pour lutter contre l&rsquo;\u00e9chec scolaire.<\/b><\/span><span style=\"color: #222222\"> Nous n&rsquo;osons imaginer que la lutte contre la sortie du syst\u00e8me scolaire dont vous avez fait une priorit\u00e9 ne puisse se mettre en place pour un manque 1134 heures (nombre d&rsquo;heures de cours en CAPA1) sur une dotation r\u00e9gionale de 240 000 heures. <\/span><\/span><\/span><\/p>\n<p class=\"western\" align=\"justify\"><span style=\"font-family: Arial, sans-serif\"><span style=\"font-size: medium\">Rajoutons que le Service Public est totalement absent de ces formations dans la r\u00e9gion des Pays de la Loire (5\u00a0% des \u00e9l\u00e8ves scolaris\u00e9s dans les formations vente-service dans les Pays de la Loire sont dans un lyc\u00e9e public). Nous pouvons aussi pr\u00e9ciser que le profil des familles des \u00e9l\u00e8ves potentiellement concern\u00e9s est bien sp\u00e9cifique dans le d\u00e9partement de la Sarthe\u00a0: ces familles ne peuvent pas acc\u00e8der aux formations de l&rsquo;enseignement priv\u00e9.<br \/>\nDe plus, le<span style=\"color: #222222\"> CAPA SAPVER s\u2019inscrit parfaitement dans <\/span><span style=\"color: #222222\"><b>les sp\u00e9cialit\u00e9s professionnelles de l\u2019\u00e9tablissement,<\/b><\/span><span style=\"color: #222222\"> d\u00e9j\u00e0 dot\u00e9 d&rsquo;un BAC PRO SAPAT. L\u2019utilisation du magasin \u00e9cole et les r\u00e9cents investissements du Conseil R\u00e9gional pour une nouvelle cuisine p\u00e9dagogique et la modernisation du p\u00f4le service \u00e0 la personne auraient \u00e9t\u00e9 optimis\u00e9s par l\u2019ouverture de cette formation. Enfin, en ce qui concerne les personnels, les comp\u00e9tences sont, de fait, d\u00e9j\u00e0 pr\u00e9sentes dans l\u2019\u00e9tablissement.<\/span><br \/>\n<span style=\"color: #222222\">Dans le cadre de l\u2019individualisation des parcours, l\u2019existence, dans le m\u00eame \u00e9tablissement, de 2 baccalaur\u00e9ats professionnels (Service et Vente PJ\/PA) et d\u2019un CAPA SAPVER correspondant aux 2 sp\u00e9cialit\u00e9s permettrait \u00abune <\/span> <span style=\"color: #222222\">souplesse\u00bb: ainsi, en fonction du profil des \u00e9l\u00e8ves, il pourrait \u00eatre possible d\u2019envisager plus simplement un changement de classe.<\/span> <\/span><\/span><\/p>\n<p class=\"western\" align=\"justify\"><span style=\"font-family: Arial, sans-serif\"><span style=\"font-size: medium\">Par la pr\u00e9sente, nous vous sollicitons, Monsieur le Ministre, <b>afin que cette formation puisse ouvrir<\/b>, comme cela avait \u00e9t\u00e9 initialement envisag\u00e9. <\/span><\/span><\/p>\n<p class=\"western\" align=\"justify\"><span style=\"font-family: Arial, sans-serif\"><span style=\"font-size: medium\">Nous restons \u00e0 votre disposition pour toute pr\u00e9cision et dans l&rsquo;attente de votre r\u00e9ponse, nous prions de recevoir nos plus sinc\u00e8res salutations.<\/span><\/span><\/p>\n<p class=\"western\" align=\"justify\">\n\t\t<div class=\"wppdfemb-frame-container-1\" style=\"-webkit-overflow-scrolling:auto;\">\n\t\t\t<iframe class=\"pdfembed-iframe nonfullscreen wppdf-emb-iframe-1\"\n\t\t\t\tsrc=\"https:\/\/regions-snetap-fsu.fr\/pdl\/?pdfemb-data=eyJ1cmwiOiJodHRwczpcL1wvcmVnaW9ucy1zbmV0YXAtZnN1LmZyXC9wZGxcL3dwLWNvbnRlbnRcL3VwbG9hZHNcL3NpdGVzXC80XC8yMDE3XC8wNFwvQ291cnJpZXItUy1MRS1GT0xMLTI3LTQtMTcucGRmIiwidGl0bGUiOiJDb3VycmllciBTIExFIEZPTEwgMjcgNCAxNyIsImluZGV4IjoxLCJwZGZJRCI6NDQ2fQ\"\n\t\t\t\ttitle=\"Courrier S LE FOLL 27 4 17\"\t\t\t\tdata-pdf-id=\"446\"\n\t\t\t\tdata-pdf-index=\"1\"\n\t\t\t\tstyle=\"border:none;width:100%;max-width:100%;height:100vh;\"\n\t\t\t\tscrolling=\"yes\">\n\t\t\t<\/iframe>\n\t\t<\/div>\n\n\t\t<\/p>\n","protected":false},"excerpt":{"rendered":"<p>Laval, le 27 avril 2017 A Monsieur le Ministre de l&rsquo;Agriculture St\u00e9phane LE FOLL 78 Rue de Varenne 75007 Paris Monsieur le Ministre de l&rsquo;Agriculture, Malgr\u00e9 un nouvel \u00e9change le mercredi 26 avril 2017 avec les services de la DGER de votre Minist\u00e8re, nous sommes au regret de constater que la d\u00e9cision d&rsquo;ouverture du CAPA [&hellip;]<\/p>\n","protected":false},"author":2,"featured_media":0,"comment_status":"closed","ping_status":"closed","sticky":false,"template":"","format":"standard","meta":{"ocean_post_layout":"","ocean_both_sidebars_style":"","ocean_both_sidebars_content_width":0,"ocean_both_sidebars_sidebars_width":0,"ocean_sidebar":"","ocean_second_sidebar":"","ocean_disable_margins":"enable","ocean_add_body_class":"","ocean_shortcode_before_top_bar":"","ocean_shortcode_after_top_bar":"","ocean_shortcode_before_header":"","ocean_shortcode_after_header":"","ocean_has_shortcode":"","ocean_shortcode_after_title":"","ocean_shortcode_before_footer_widgets":"","ocean_shortcode_after_footer_widgets":"","ocean_shortcode_before_footer_bottom":"","ocean_shortcode_after_footer_bottom":"","ocean_display_top_bar":"default","ocean_display_header":"default","ocean_header_style":"","ocean_center_header_left_menu":"","ocean_custom_header_template":"","ocean_custom_logo":0,"ocean_custom_retina_logo":0,"ocean_custom_logo_max_width":0,"ocean_custom_logo_tablet_max_width":0,"ocean_custom_logo_mobile_max_width":0,"ocean_custom_logo_max_height":0,"ocean_custom_logo_tablet_max_height":0,"ocean_custom_logo_mobile_max_height":0,"ocean_header_custom_menu":"","ocean_menu_typo_font_family":"","ocean_menu_typo_font_subset":"","ocean_menu_typo_font_size":0,"ocean_menu_typo_font_size_tablet":0,"ocean_menu_typo_font_size_mobile":0,"ocean_menu_typo_font_size_unit":"px","ocean_menu_typo_font_weight":"","ocean_menu_typo_font_weight_tablet":"","ocean_menu_typo_font_weight_mobile":"","ocean_menu_typo_transform":"","ocean_menu_typo_transform_tablet":"","ocean_menu_typo_transform_mobile":"","ocean_menu_typo_line_height":0,"ocean_menu_typo_line_height_tablet":0,"ocean_menu_typo_line_height_mobile":0,"ocean_menu_typo_line_height_unit":"","ocean_menu_typo_spacing":0,"ocean_menu_typo_spacing_tablet":0,"ocean_menu_typo_spacing_mobile":0,"ocean_menu_typo_spacing_unit":"","ocean_menu_link_color":"","ocean_menu_link_color_hover":"","ocean_menu_link_color_active":"","ocean_menu_link_background":"","ocean_menu_link_hover_background":"","ocean_menu_link_active_background":"","ocean_menu_social_links_bg":"","ocean_menu_social_hover_links_bg":"","ocean_menu_social_links_color":"","ocean_menu_social_hover_links_color":"","ocean_disable_title":"default","ocean_disable_heading":"default","ocean_post_title":"","ocean_post_subheading":"","ocean_post_title_style":"","ocean_post_title_background_color":"","ocean_post_title_background":0,"ocean_post_title_bg_image_position":"","ocean_post_title_bg_image_attachment":"","ocean_post_title_bg_image_repeat":"","ocean_post_title_bg_image_size":"","ocean_post_title_height":0,"ocean_post_title_bg_overlay":0.5,"ocean_post_title_bg_overlay_color":"","ocean_disable_breadcrumbs":"default","ocean_breadcrumbs_color":"","ocean_breadcrumbs_separator_color":"","ocean_breadcrumbs_links_color":"","ocean_breadcrumbs_links_hover_color":"","ocean_display_footer_widgets":"default","ocean_display_footer_bottom":"default","ocean_custom_footer_template":"","ocean_post_oembed":"","ocean_post_self_hosted_media":"","ocean_post_video_embed":"","ocean_link_format":"","ocean_link_format_target":"self","ocean_quote_format":"","ocean_quote_format_link":"post","ocean_gallery_link_images":"on","ocean_gallery_id":[],"footnotes":""},"categories":[22,6],"tags":[],"post_folder":[],"class_list":["post-445","post","type-post","status-publish","format-standard","hentry","category-brette-les-pins","category-courriers-de-la-section-regionale","entry"],"yoast_head":"<!-- This site is optimized with the Yoast SEO plugin v27.4 - https:\/\/yoast.com\/product\/yoast-seo-wordpress\/ -->\n<title>Courrier \u00e0 Monsieur le Ministre concernant le CAPA SAPVER de Brette les Pins - PAYS DE LA LOIRE<\/title>\n<meta name=\"robots\" content=\"index, follow, max-snippet:-1, max-image-preview:large, max-video-preview:-1\" \/>\n<link rel=\"canonical\" href=\"https:\/\/regions-snetap-fsu.fr\/pdl\/2017\/04\/27\/courrier-a-monsieur-le-ministre-concernant-le-capa-sapver-de-brette-les-pins\/\" \/>\n<meta property=\"og:locale\" content=\"fr_FR\" \/>\n<meta property=\"og:type\" content=\"article\" \/>\n<meta property=\"og:title\" content=\"Courrier \u00e0 Monsieur le Ministre concernant le CAPA SAPVER de Brette les Pins - PAYS DE LA LOIRE\" \/>\n<meta property=\"og:description\" content=\"Laval, le 27 avril 2017 A Monsieur le Ministre de l&rsquo;Agriculture St\u00e9phane LE FOLL 78 Rue de Varenne 75007 Paris Monsieur le Ministre de l&rsquo;Agriculture, Malgr\u00e9 un nouvel \u00e9change le mercredi 26 avril 2017 avec les services de la DGER de votre Minist\u00e8re, nous sommes au regret de constater que la d\u00e9cision d&rsquo;ouverture du CAPA [&hellip;]\" \/>\n<meta property=\"og:url\" content=\"https:\/\/regions-snetap-fsu.fr\/pdl\/2017\/04\/27\/courrier-a-monsieur-le-ministre-concernant-le-capa-sapver-de-brette-les-pins\/\" \/>\n<meta property=\"og:site_name\" content=\"PAYS DE LA LOIRE\" \/>\n<meta property=\"article:published_time\" content=\"2017-04-27T20:44:38+00:00\" \/>\n<meta property=\"article:modified_time\" content=\"2018-09-19T19:57:25+00:00\" \/>\n<meta name=\"author\" content=\"yvigner\" \/>\n<meta name=\"twitter:card\" content=\"summary_large_image\" \/>\n<meta name=\"twitter:label1\" content=\"\u00c9crit par\" \/>\n\t<meta name=\"twitter:data1\" content=\"yvigner\" \/>\n\t<meta name=\"twitter:label2\" content=\"Dur\u00e9e de lecture estim\u00e9e\" \/>\n\t<meta name=\"twitter:data2\" content=\"3 minutes\" \/>\n<script type=\"application\/ld+json\" class=\"yoast-schema-graph\">{\"@context\":\"https:\\\/\\\/schema.org\",\"@graph\":[{\"@type\":\"Article\",\"@id\":\"https:\\\/\\\/regions-snetap-fsu.fr\\\/pdl\\\/2017\\\/04\\\/27\\\/courrier-a-monsieur-le-ministre-concernant-le-capa-sapver-de-brette-les-pins\\\/#article\",\"isPartOf\":{\"@id\":\"https:\\\/\\\/regions-snetap-fsu.fr\\\/pdl\\\/2017\\\/04\\\/27\\\/courrier-a-monsieur-le-ministre-concernant-le-capa-sapver-de-brette-les-pins\\\/\"},\"author\":{\"name\":\"yvigner\",\"@id\":\"https:\\\/\\\/regions-snetap-fsu.fr\\\/pdl\\\/#\\\/schema\\\/person\\\/d4530af043f9e8d27bdd71c468ec93b1\"},\"headline\":\"Courrier \u00e0 Monsieur le Ministre concernant le CAPA SAPVER de Brette les Pins\",\"datePublished\":\"2017-04-27T20:44:38+00:00\",\"dateModified\":\"2018-09-19T19:57:25+00:00\",\"mainEntityOfPage\":{\"@id\":\"https:\\\/\\\/regions-snetap-fsu.fr\\\/pdl\\\/2017\\\/04\\\/27\\\/courrier-a-monsieur-le-ministre-concernant-le-capa-sapver-de-brette-les-pins\\\/\"},\"wordCount\":583,\"publisher\":{\"@id\":\"https:\\\/\\\/regions-snetap-fsu.fr\\\/pdl\\\/#organization\"},\"articleSection\":[\"Brette les Pins\",\"Courriers de la section r\u00e9gionale\"],\"inLanguage\":\"fr-FR\"},{\"@type\":\"WebPage\",\"@id\":\"https:\\\/\\\/regions-snetap-fsu.fr\\\/pdl\\\/2017\\\/04\\\/27\\\/courrier-a-monsieur-le-ministre-concernant-le-capa-sapver-de-brette-les-pins\\\/\",\"url\":\"https:\\\/\\\/regions-snetap-fsu.fr\\\/pdl\\\/2017\\\/04\\\/27\\\/courrier-a-monsieur-le-ministre-concernant-le-capa-sapver-de-brette-les-pins\\\/\",\"name\":\"Courrier \u00e0 Monsieur le Ministre concernant le CAPA SAPVER de Brette les Pins - PAYS DE LA LOIRE\",\"isPartOf\":{\"@id\":\"https:\\\/\\\/regions-snetap-fsu.fr\\\/pdl\\\/#website\"},\"datePublished\":\"2017-04-27T20:44:38+00:00\",\"dateModified\":\"2018-09-19T19:57:25+00:00\",\"breadcrumb\":{\"@id\":\"https:\\\/\\\/regions-snetap-fsu.fr\\\/pdl\\\/2017\\\/04\\\/27\\\/courrier-a-monsieur-le-ministre-concernant-le-capa-sapver-de-brette-les-pins\\\/#breadcrumb\"},\"inLanguage\":\"fr-FR\",\"potentialAction\":[{\"@type\":\"ReadAction\",\"target\":[\"https:\\\/\\\/regions-snetap-fsu.fr\\\/pdl\\\/2017\\\/04\\\/27\\\/courrier-a-monsieur-le-ministre-concernant-le-capa-sapver-de-brette-les-pins\\\/\"]}]},{\"@type\":\"BreadcrumbList\",\"@id\":\"https:\\\/\\\/regions-snetap-fsu.fr\\\/pdl\\\/2017\\\/04\\\/27\\\/courrier-a-monsieur-le-ministre-concernant-le-capa-sapver-de-brette-les-pins\\\/#breadcrumb\",\"itemListElement\":[{\"@type\":\"ListItem\",\"position\":1,\"name\":\"Accueil\",\"item\":\"https:\\\/\\\/regions-snetap-fsu.fr\\\/pdl\\\/\"},{\"@type\":\"ListItem\",\"position\":2,\"name\":\"Courrier \u00e0 Monsieur le Ministre concernant le CAPA SAPVER de Brette les Pins\"}]},{\"@type\":\"WebSite\",\"@id\":\"https:\\\/\\\/regions-snetap-fsu.fr\\\/pdl\\\/#website\",\"url\":\"https:\\\/\\\/regions-snetap-fsu.fr\\\/pdl\\\/\",\"name\":\"SNETAP-FSU PAYS DE LA LOIRE\",\"description\":\"SECTION REGIONALE\",\"publisher\":{\"@id\":\"https:\\\/\\\/regions-snetap-fsu.fr\\\/pdl\\\/#organization\"},\"potentialAction\":[{\"@type\":\"SearchAction\",\"target\":{\"@type\":\"EntryPoint\",\"urlTemplate\":\"https:\\\/\\\/regions-snetap-fsu.fr\\\/pdl\\\/?s={search_term_string}\"},\"query-input\":{\"@type\":\"PropertyValueSpecification\",\"valueRequired\":true,\"valueName\":\"search_term_string\"}}],\"inLanguage\":\"fr-FR\"},{\"@type\":\"Organization\",\"@id\":\"https:\\\/\\\/regions-snetap-fsu.fr\\\/pdl\\\/#organization\",\"name\":\"SNETAP-FSU Pays de Loire\",\"url\":\"https:\\\/\\\/regions-snetap-fsu.fr\\\/pdl\\\/\",\"logo\":{\"@type\":\"ImageObject\",\"inLanguage\":\"fr-FR\",\"@id\":\"https:\\\/\\\/regions-snetap-fsu.fr\\\/pdl\\\/#\\\/schema\\\/logo\\\/image\\\/\",\"url\":\"https:\\\/\\\/regions-snetap-fsu.fr\\\/pdl\\\/wp-content\\\/uploads\\\/sites\\\/4\\\/2020\\\/12\\\/SNETAP-Logo.jpg\",\"contentUrl\":\"https:\\\/\\\/regions-snetap-fsu.fr\\\/pdl\\\/wp-content\\\/uploads\\\/sites\\\/4\\\/2020\\\/12\\\/SNETAP-Logo.jpg\",\"width\":464,\"height\":334,\"caption\":\"SNETAP-FSU Pays de Loire\"},\"image\":{\"@id\":\"https:\\\/\\\/regions-snetap-fsu.fr\\\/pdl\\\/#\\\/schema\\\/logo\\\/image\\\/\"}},{\"@type\":\"Person\",\"@id\":\"https:\\\/\\\/regions-snetap-fsu.fr\\\/pdl\\\/#\\\/schema\\\/person\\\/d4530af043f9e8d27bdd71c468ec93b1\",\"name\":\"yvigner\",\"image\":{\"@type\":\"ImageObject\",\"inLanguage\":\"fr-FR\",\"@id\":\"https:\\\/\\\/secure.gravatar.com\\\/avatar\\\/bc72baa6f2406549aecf77a837bc4f03dbe88472c1762138f868571430a23820?s=96&d=mm&r=g\",\"url\":\"https:\\\/\\\/secure.gravatar.com\\\/avatar\\\/bc72baa6f2406549aecf77a837bc4f03dbe88472c1762138f868571430a23820?s=96&d=mm&r=g\",\"contentUrl\":\"https:\\\/\\\/secure.gravatar.com\\\/avatar\\\/bc72baa6f2406549aecf77a837bc4f03dbe88472c1762138f868571430a23820?s=96&d=mm&r=g\",\"caption\":\"yvigner\"},\"url\":\"https:\\\/\\\/regions-snetap-fsu.fr\\\/pdl\\\/author\\\/yvigner\\\/\"}]}<\/script>\n<!-- \/ Yoast SEO plugin. -->","yoast_head_json":{"title":"Courrier \u00e0 Monsieur le Ministre concernant le CAPA SAPVER de Brette les Pins - PAYS DE LA LOIRE","robots":{"index":"index","follow":"follow","max-snippet":"max-snippet:-1","max-image-preview":"max-image-preview:large","max-video-preview":"max-video-preview:-1"},"canonical":"https:\/\/regions-snetap-fsu.fr\/pdl\/2017\/04\/27\/courrier-a-monsieur-le-ministre-concernant-le-capa-sapver-de-brette-les-pins\/","og_locale":"fr_FR","og_type":"article","og_title":"Courrier \u00e0 Monsieur le Ministre concernant le CAPA SAPVER de Brette les Pins - PAYS DE LA LOIRE","og_description":"Laval, le 27 avril 2017 A Monsieur le Ministre de l&rsquo;Agriculture St\u00e9phane LE FOLL 78 Rue de Varenne 75007 Paris Monsieur le Ministre de l&rsquo;Agriculture, Malgr\u00e9 un nouvel \u00e9change le mercredi 26 avril 2017 avec les services de la DGER de votre Minist\u00e8re, nous sommes au regret de constater que la d\u00e9cision d&rsquo;ouverture du CAPA [&hellip;]","og_url":"https:\/\/regions-snetap-fsu.fr\/pdl\/2017\/04\/27\/courrier-a-monsieur-le-ministre-concernant-le-capa-sapver-de-brette-les-pins\/","og_site_name":"PAYS DE LA LOIRE","article_published_time":"2017-04-27T20:44:38+00:00","article_modified_time":"2018-09-19T19:57:25+00:00","author":"yvigner","twitter_card":"summary_large_image","twitter_misc":{"\u00c9crit par":"yvigner","Dur\u00e9e de lecture estim\u00e9e":"3 minutes"},"schema":{"@context":"https:\/\/schema.org","@graph":[{"@type":"Article","@id":"https:\/\/regions-snetap-fsu.fr\/pdl\/2017\/04\/27\/courrier-a-monsieur-le-ministre-concernant-le-capa-sapver-de-brette-les-pins\/#article","isPartOf":{"@id":"https:\/\/regions-snetap-fsu.fr\/pdl\/2017\/04\/27\/courrier-a-monsieur-le-ministre-concernant-le-capa-sapver-de-brette-les-pins\/"},"author":{"name":"yvigner","@id":"https:\/\/regions-snetap-fsu.fr\/pdl\/#\/schema\/person\/d4530af043f9e8d27bdd71c468ec93b1"},"headline":"Courrier \u00e0 Monsieur le Ministre concernant le CAPA SAPVER de Brette les Pins","datePublished":"2017-04-27T20:44:38+00:00","dateModified":"2018-09-19T19:57:25+00:00","mainEntityOfPage":{"@id":"https:\/\/regions-snetap-fsu.fr\/pdl\/2017\/04\/27\/courrier-a-monsieur-le-ministre-concernant-le-capa-sapver-de-brette-les-pins\/"},"wordCount":583,"publisher":{"@id":"https:\/\/regions-snetap-fsu.fr\/pdl\/#organization"},"articleSection":["Brette les Pins","Courriers de la section r\u00e9gionale"],"inLanguage":"fr-FR"},{"@type":"WebPage","@id":"https:\/\/regions-snetap-fsu.fr\/pdl\/2017\/04\/27\/courrier-a-monsieur-le-ministre-concernant-le-capa-sapver-de-brette-les-pins\/","url":"https:\/\/regions-snetap-fsu.fr\/pdl\/2017\/04\/27\/courrier-a-monsieur-le-ministre-concernant-le-capa-sapver-de-brette-les-pins\/","name":"Courrier \u00e0 Monsieur le Ministre concernant le CAPA SAPVER de Brette les Pins - PAYS DE LA LOIRE","isPartOf":{"@id":"https:\/\/regions-snetap-fsu.fr\/pdl\/#website"},"datePublished":"2017-04-27T20:44:38+00:00","dateModified":"2018-09-19T19:57:25+00:00","breadcrumb":{"@id":"https:\/\/regions-snetap-fsu.fr\/pdl\/2017\/04\/27\/courrier-a-monsieur-le-ministre-concernant-le-capa-sapver-de-brette-les-pins\/#breadcrumb"},"inLanguage":"fr-FR","potentialAction":[{"@type":"ReadAction","target":["https:\/\/regions-snetap-fsu.fr\/pdl\/2017\/04\/27\/courrier-a-monsieur-le-ministre-concernant-le-capa-sapver-de-brette-les-pins\/"]}]},{"@type":"BreadcrumbList","@id":"https:\/\/regions-snetap-fsu.fr\/pdl\/2017\/04\/27\/courrier-a-monsieur-le-ministre-concernant-le-capa-sapver-de-brette-les-pins\/#breadcrumb","itemListElement":[{"@type":"ListItem","position":1,"name":"Accueil","item":"https:\/\/regions-snetap-fsu.fr\/pdl\/"},{"@type":"ListItem","position":2,"name":"Courrier \u00e0 Monsieur le Ministre concernant le CAPA SAPVER de Brette les Pins"}]},{"@type":"WebSite","@id":"https:\/\/regions-snetap-fsu.fr\/pdl\/#website","url":"https:\/\/regions-snetap-fsu.fr\/pdl\/","name":"SNETAP-FSU PAYS DE LA LOIRE","description":"SECTION REGIONALE","publisher":{"@id":"https:\/\/regions-snetap-fsu.fr\/pdl\/#organization"},"potentialAction":[{"@type":"SearchAction","target":{"@type":"EntryPoint","urlTemplate":"https:\/\/regions-snetap-fsu.fr\/pdl\/?s={search_term_string}"},"query-input":{"@type":"PropertyValueSpecification","valueRequired":true,"valueName":"search_term_string"}}],"inLanguage":"fr-FR"},{"@type":"Organization","@id":"https:\/\/regions-snetap-fsu.fr\/pdl\/#organization","name":"SNETAP-FSU Pays de Loire","url":"https:\/\/regions-snetap-fsu.fr\/pdl\/","logo":{"@type":"ImageObject","inLanguage":"fr-FR","@id":"https:\/\/regions-snetap-fsu.fr\/pdl\/#\/schema\/logo\/image\/","url":"https:\/\/regions-snetap-fsu.fr\/pdl\/wp-content\/uploads\/sites\/4\/2020\/12\/SNETAP-Logo.jpg","contentUrl":"https:\/\/regions-snetap-fsu.fr\/pdl\/wp-content\/uploads\/sites\/4\/2020\/12\/SNETAP-Logo.jpg","width":464,"height":334,"caption":"SNETAP-FSU Pays de Loire"},"image":{"@id":"https:\/\/regions-snetap-fsu.fr\/pdl\/#\/schema\/logo\/image\/"}},{"@type":"Person","@id":"https:\/\/regions-snetap-fsu.fr\/pdl\/#\/schema\/person\/d4530af043f9e8d27bdd71c468ec93b1","name":"yvigner","image":{"@type":"ImageObject","inLanguage":"fr-FR","@id":"https:\/\/secure.gravatar.com\/avatar\/bc72baa6f2406549aecf77a837bc4f03dbe88472c1762138f868571430a23820?s=96&d=mm&r=g","url":"https:\/\/secure.gravatar.com\/avatar\/bc72baa6f2406549aecf77a837bc4f03dbe88472c1762138f868571430a23820?s=96&d=mm&r=g","contentUrl":"https:\/\/secure.gravatar.com\/avatar\/bc72baa6f2406549aecf77a837bc4f03dbe88472c1762138f868571430a23820?s=96&d=mm&r=g","caption":"yvigner"},"url":"https:\/\/regions-snetap-fsu.fr\/pdl\/author\/yvigner\/"}]}},"_links":{"self":[{"href":"https:\/\/regions-snetap-fsu.fr\/pdl\/wp-json\/wp\/v2\/posts\/445","targetHints":{"allow":["GET"]}}],"collection":[{"href":"https:\/\/regions-snetap-fsu.fr\/pdl\/wp-json\/wp\/v2\/posts"}],"about":[{"href":"https:\/\/regions-snetap-fsu.fr\/pdl\/wp-json\/wp\/v2\/types\/post"}],"author":[{"embeddable":true,"href":"https:\/\/regions-snetap-fsu.fr\/pdl\/wp-json\/wp\/v2\/users\/2"}],"replies":[{"embeddable":true,"href":"https:\/\/regions-snetap-fsu.fr\/pdl\/wp-json\/wp\/v2\/comments?post=445"}],"version-history":[{"count":1,"href":"https:\/\/regions-snetap-fsu.fr\/pdl\/wp-json\/wp\/v2\/posts\/445\/revisions"}],"predecessor-version":[{"id":2755,"href":"https:\/\/regions-snetap-fsu.fr\/pdl\/wp-json\/wp\/v2\/posts\/445\/revisions\/2755"}],"wp:attachment":[{"href":"https:\/\/regions-snetap-fsu.fr\/pdl\/wp-json\/wp\/v2\/media?parent=445"}],"wp:term":[{"taxonomy":"category","embeddable":true,"href":"https:\/\/regions-snetap-fsu.fr\/pdl\/wp-json\/wp\/v2\/categories?post=445"},{"taxonomy":"post_tag","embeddable":true,"href":"https:\/\/regions-snetap-fsu.fr\/pdl\/wp-json\/wp\/v2\/tags?post=445"},{"taxonomy":"post_folder","embeddable":true,"href":"https:\/\/regions-snetap-fsu.fr\/pdl\/wp-json\/wp\/v2\/post_folder?post=445"}],"curies":[{"name":"wp","href":"https:\/\/api.w.org\/{rel}","templated":true}]}}