{"id":4414,"date":"2022-07-01T00:55:34","date_gmt":"2022-06-30T22:55:34","guid":{"rendered":"https:\/\/regions-snetap-fsu.fr\/pdl\/?p=4414"},"modified":"2022-07-01T00:55:34","modified_gmt":"2022-06-30T22:55:34","slug":"le-snetap-fsu-rencontre-la-direction-des-ressources-humaines-du-conseil-regional","status":"publish","type":"post","link":"https:\/\/regions-snetap-fsu.fr\/pdl\/2022\/07\/01\/le-snetap-fsu-rencontre-la-direction-des-ressources-humaines-du-conseil-regional\/","title":{"rendered":"Le SNETAP-FSU rencontre la Direction des Ressources Humaines du Conseil r\u00e9gional"},"content":{"rendered":"<p style=\"text-align: justify;\"><span style=\"font-family: arial, helvetica, sans-serif;\">Lundi 27 juin, une d\u00e9l\u00e9gation de 5 coll\u00e8gues (V.JADEAU de Montreuil Bellay, P.SORLUT de La Roche sur Yon, V.HUCHET et E.LORY de Laval et Y.VIGNER pour le secr\u00e9tariat r\u00e9gional) a rencontr\u00e9 Monsieur B.SCHAEFFER, directeur adjoint du service ressources humaines du Conseil r\u00e9gional des Pays de la Loire. Comme chaque ann\u00e9e, il s&rsquo;agissait de faire le point sur la situation des personnels agent.es du Conseil r\u00e9gional qui travaillent dans les 12 lyc\u00e9es agricoles et maritimes publics des Pays de la Loire.\u00a0<\/span><\/p>\n<p style=\"text-align: justify;\"><span style=\"font-family: arial, helvetica, sans-serif;\"><strong>Dotation des \u00e9tablissements : des dotations qui doivent augmenter !\u00a0<\/strong><\/span><\/p>\n<p style=\"text-align: justify;\"><span style=\"font-family: arial, helvetica, sans-serif;\">Nos interventions ont tout d&rsquo;abord port\u00e9 sur la question des dotations globales dans les EPL et la question r\u00e9elle des effectifs trop souvent trop faibles pour r\u00e9pondre \u00e0 toutes les missions. Notre coll\u00e8gue V.HUCHET a, par exemple, insist\u00e9 sur les besoins en personnels pour assurer l&rsquo;indispensable dispositif de restauration durable. Le cas particulier du LPA du Grand Blottereau a aussi \u00e9t\u00e9 abord\u00e9 et la n\u00e9cessit\u00e9 de mettre en place dans cet \u00e9tablissement une \u00e9quipe p\u00e9renne d&rsquo;agent.es affect\u00e9.es sur place. <span class=\"author-a-p1z67zfz77zz81z5mz90zt9z87ziz80z6z87z color:red\">Nous avons demand\u00e9 la mise en place<\/span><span class=\"author-a-16pz72z2nmlz76zz70zz74z1qdvn\">\u00a0d&rsquo;un groupe de travail\u00a0<\/span><span class=\"author-a-p1z67zfz77zz81z5mz90zt9z87ziz80z6z87z\">pour mener\u00a0<\/span><span class=\"author-a-16pz72z2nmlz76zz70zz74z1qdvn\">\u00a0une r\u00e9flexion autour de dotations sp\u00e9cifiques des lyc\u00e9es agricoles et maritimes publics (prise en compte des surfaces, des ateliers technologiques et pr\u00e9sence d&rsquo;autres centres constitutifs-CFA et CFPPA avec des usagers de plus en plus nombreux)<\/span><span class=\"author-a-p1z67zfz77zz81z5mz90zt9z87ziz80z6z87z\">. Cette rencontre<\/span><span class=\"author-a-16pz72z2nmlz76zz70zz74z1qdvn\">\u00a0aura lieu tout de suite apr\u00e8s les \u00e9lections professionnelles<\/span><span class=\"author-a-p1z67zfz77zz81z5mz90zt9z87ziz80z6z87z\">, en janvier 2023<\/span><span class=\"author-a-16pz72z2nmlz76zz70zz74z1qdvn\">.<\/span> <\/span><\/p>\n<p style=\"text-align: justify;\"><span style=\"font-family: arial, helvetica, sans-serif;\"><strong>Une insupportable privatisation des services lingerie et espaces verts dans les EPL !<\/strong><\/span><br \/>\n<span style=\"font-family: arial, helvetica, sans-serif;\">Si M.SCHAEFFER a confirm\u00e9 la politique actuelle du Conseil r\u00e9gional, \u00e0 savoir le non renouvellement des agent.es de ces deux types de service, nous avons d\u00e9nonc\u00e9 cette privatisation de fait et notamment pour le lyc\u00e9e agricole de Lu\u00e7on P\u00e9tr\u00e9 qui devrait perdre un poste aux espaces verts en 2023. Nous continuerons de porter et d\u00e9fendre le Service Public dans nos \u00e9tablissements aupr\u00e8s de tous les \u00e9lu.es de la R\u00e9gion dans les prochains mois.\u00a0<\/span><\/p>\n<p style=\"text-align: justify;\"><span style=\"font-family: arial, helvetica, sans-serif;\"><strong>Mission d&rsquo;accueil dans les \u00e9tablissements : une mission qui doit \u00eatre assur\u00e9e par un.e agent.es du Conseil r\u00e9gional\u00a0<\/strong><\/span><\/p>\n<p style=\"text-align: justify;\"><span style=\"font-family: arial, helvetica, sans-serif;\">Mission essentielle et premier contact entre les usagers et les lyc\u00e9es, la mission d&rsquo;accueil a \u00e9t\u00e9 clairement transf\u00e9r\u00e9e par les lois de d\u00e9centralisation aux Conseils r\u00e9gionaux. Pourtant, nous constatons que dans plusieurs \u00e9tablissements cette mission n&rsquo;est pas assur\u00e9e par un agent.e du Conseil r\u00e9gional. C&rsquo;est le cas,\u00a0 par exemple, au Lyc\u00e9e E.PISANI de Montreuil Bellay. Parfois, elle est assur\u00e9e mais au d\u00e9triment des autres missions (poste pris sur la dotation m\u00e9nage&#8230;)<\/span><\/p>\n<p style=\"text-align: justify;\"><span style=\"font-family: arial, helvetica, sans-serif;\"><strong>Des conditions de travail qui se d\u00e9gradent&#8230;cela n&rsquo;est plus possible<\/strong><\/span><\/p>\n<p style=\"text-align: justify;\"><span style=\"font-family: arial, helvetica, sans-serif;\">Alors que le COVID est toujours pr\u00e9sent, que les b\u00e2timents de nos \u00e9tablissements vieillissent et r\u00e9clament toujours plus d&rsquo;intervention, que les remplacements ne sont pas (plus) syst\u00e9matiquement assur\u00e9s&#8230;le constat est clair : les conditions de travail se d\u00e9gradent dans les \u00e9tablissements. Les dotations insuffisantes, la priorit\u00e9 faite au service restauration conduisent \u00e0 un travail emp\u00each\u00e9. Le SNETAP-FSU a d\u00e9nonc\u00e9 cette situation dans nos EPL et entend bien \u0153uvrer pour une autre politique publique dans lyc\u00e9es agricoles et maritimes de notre r\u00e9gion au service de meilleures conditions de travail pour tous les agent.es.\u00a0<\/span><\/p>\n<p style=\"text-align: right;\">Pour la d\u00e9l\u00e9gation, E.LORY et Y.VIGNER<\/p>\n","protected":false},"excerpt":{"rendered":"<p>Lundi 27 juin, une d\u00e9l\u00e9gation de 5 coll\u00e8gues (V.JADEAU de Montreuil Bellay, P.SORLUT de La Roche sur Yon, V.HUCHET et E.LORY de Laval et Y.VIGNER pour le secr\u00e9tariat r\u00e9gional) a rencontr\u00e9 Monsieur B.SCHAEFFER, directeur adjoint du service ressources humaines du Conseil r\u00e9gional des Pays de la Loire. Comme chaque ann\u00e9e, il s&rsquo;agissait de faire le [&hellip;]<\/p>\n","protected":false},"author":2,"featured_media":4415,"comment_status":"closed","ping_status":"closed","sticky":false,"template":"","format":"standard","meta":{"ocean_post_layout":"","ocean_both_sidebars_style":"","ocean_both_sidebars_content_width":0,"ocean_both_sidebars_sidebars_width":0,"ocean_sidebar":"0","ocean_second_sidebar":"0","ocean_disable_margins":"enable","ocean_add_body_class":"","ocean_shortcode_before_top_bar":"","ocean_shortcode_after_top_bar":"","ocean_shortcode_before_header":"","ocean_shortcode_after_header":"","ocean_has_shortcode":"","ocean_shortcode_after_title":"","ocean_shortcode_before_footer_widgets":"","ocean_shortcode_after_footer_widgets":"","ocean_shortcode_before_footer_bottom":"","ocean_shortcode_after_footer_bottom":"","ocean_display_top_bar":"default","ocean_display_header":"default","ocean_header_style":"","ocean_center_header_left_menu":"0","ocean_custom_header_template":"0","ocean_custom_logo":0,"ocean_custom_retina_logo":0,"ocean_custom_logo_max_width":0,"ocean_custom_logo_tablet_max_width":0,"ocean_custom_logo_mobile_max_width":0,"ocean_custom_logo_max_height":0,"ocean_custom_logo_tablet_max_height":0,"ocean_custom_logo_mobile_max_height":0,"ocean_header_custom_menu":"0","ocean_menu_typo_font_family":"0","ocean_menu_typo_font_subset":"","ocean_menu_typo_font_size":0,"ocean_menu_typo_font_size_tablet":0,"ocean_menu_typo_font_size_mobile":0,"ocean_menu_typo_font_size_unit":"px","ocean_menu_typo_font_weight":"","ocean_menu_typo_font_weight_tablet":"","ocean_menu_typo_font_weight_mobile":"","ocean_menu_typo_transform":"","ocean_menu_typo_transform_tablet":"","ocean_menu_typo_transform_mobile":"","ocean_menu_typo_line_height":0,"ocean_menu_typo_line_height_tablet":0,"ocean_menu_typo_line_height_mobile":0,"ocean_menu_typo_line_height_unit":"","ocean_menu_typo_spacing":0,"ocean_menu_typo_spacing_tablet":0,"ocean_menu_typo_spacing_mobile":0,"ocean_menu_typo_spacing_unit":"","ocean_menu_link_color":"","ocean_menu_link_color_hover":"","ocean_menu_link_color_active":"","ocean_menu_link_background":"","ocean_menu_link_hover_background":"","ocean_menu_link_active_background":"","ocean_menu_social_links_bg":"","ocean_menu_social_hover_links_bg":"","ocean_menu_social_links_color":"","ocean_menu_social_hover_links_color":"","ocean_disable_title":"default","ocean_disable_heading":"default","ocean_post_title":"","ocean_post_subheading":"","ocean_post_title_style":"","ocean_post_title_background_color":"","ocean_post_title_background":0,"ocean_post_title_bg_image_position":"","ocean_post_title_bg_image_attachment":"","ocean_post_title_bg_image_repeat":"","ocean_post_title_bg_image_size":"","ocean_post_title_height":0,"ocean_post_title_bg_overlay":0.5,"ocean_post_title_bg_overlay_color":"","ocean_disable_breadcrumbs":"default","ocean_breadcrumbs_color":"","ocean_breadcrumbs_separator_color":"","ocean_breadcrumbs_links_color":"","ocean_breadcrumbs_links_hover_color":"","ocean_display_footer_widgets":"default","ocean_display_footer_bottom":"default","ocean_custom_footer_template":"0","ocean_post_oembed":"","ocean_post_self_hosted_media":"","ocean_post_video_embed":"","ocean_link_format":"","ocean_link_format_target":"self","ocean_quote_format":"","ocean_quote_format_link":"post","ocean_gallery_link_images":"off","ocean_gallery_id":[],"footnotes":""},"categories":[28,7],"tags":[],"post_folder":[],"class_list":["post-4414","post","type-post","status-publish","format-standard","has-post-thumbnail","hentry","category-actions-regionales","category-conseil-regional","entry","has-media"],"yoast_head":"<!-- This site is optimized with the Yoast SEO plugin v27.4 - https:\/\/yoast.com\/product\/yoast-seo-wordpress\/ -->\n<title>Le SNETAP-FSU rencontre la Direction des Ressources Humaines du Conseil r\u00e9gional - PAYS DE LA LOIRE<\/title>\n<meta name=\"robots\" content=\"index, follow, max-snippet:-1, max-image-preview:large, max-video-preview:-1\" \/>\n<link rel=\"canonical\" href=\"https:\/\/regions-snetap-fsu.fr\/pdl\/?p=4414\" \/>\n<meta property=\"og:locale\" content=\"fr_FR\" \/>\n<meta property=\"og:type\" content=\"article\" \/>\n<meta property=\"og:title\" content=\"Le SNETAP-FSU rencontre la Direction des Ressources Humaines du Conseil r\u00e9gional - PAYS DE LA LOIRE\" \/>\n<meta property=\"og:description\" content=\"Lundi 27 juin, une d\u00e9l\u00e9gation de 5 coll\u00e8gues (V.JADEAU de Montreuil Bellay, P.SORLUT de La Roche sur Yon, V.HUCHET et E.LORY de Laval et Y.VIGNER pour le secr\u00e9tariat r\u00e9gional) a rencontr\u00e9 Monsieur B.SCHAEFFER, directeur adjoint du service ressources humaines du Conseil r\u00e9gional des Pays de la Loire. Comme chaque ann\u00e9e, il s&rsquo;agissait de faire le [&hellip;]\" \/>\n<meta property=\"og:url\" content=\"https:\/\/regions-snetap-fsu.fr\/pdl\/?p=4414\" \/>\n<meta property=\"og:site_name\" content=\"PAYS DE LA LOIRE\" \/>\n<meta property=\"article:published_time\" content=\"2022-06-30T22:55:34+00:00\" \/>\n<meta property=\"og:image\" content=\"https:\/\/regions-snetap-fsu.fr\/pdl\/wp-content\/uploads\/sites\/4\/2022\/06\/Capture-1.jpg\" \/>\n\t<meta property=\"og:image:width\" content=\"499\" \/>\n\t<meta property=\"og:image:height\" content=\"573\" \/>\n\t<meta property=\"og:image:type\" content=\"image\/jpeg\" \/>\n<meta name=\"author\" content=\"yvigner\" \/>\n<meta name=\"twitter:card\" content=\"summary_large_image\" \/>\n<meta name=\"twitter:label1\" content=\"\u00c9crit par\" \/>\n\t<meta name=\"twitter:data1\" content=\"yvigner\" \/>\n\t<meta name=\"twitter:label2\" content=\"Dur\u00e9e de lecture estim\u00e9e\" \/>\n\t<meta name=\"twitter:data2\" content=\"3 minutes\" \/>\n<script type=\"application\/ld+json\" class=\"yoast-schema-graph\">{\"@context\":\"https:\\\/\\\/schema.org\",\"@graph\":[{\"@type\":\"Article\",\"@id\":\"https:\\\/\\\/regions-snetap-fsu.fr\\\/pdl\\\/?p=4414#article\",\"isPartOf\":{\"@id\":\"https:\\\/\\\/regions-snetap-fsu.fr\\\/pdl\\\/?p=4414\"},\"author\":{\"name\":\"yvigner\",\"@id\":\"https:\\\/\\\/regions-snetap-fsu.fr\\\/pdl\\\/#\\\/schema\\\/person\\\/d4530af043f9e8d27bdd71c468ec93b1\"},\"headline\":\"Le SNETAP-FSU rencontre la Direction des Ressources Humaines du Conseil r\u00e9gional\",\"datePublished\":\"2022-06-30T22:55:34+00:00\",\"mainEntityOfPage\":{\"@id\":\"https:\\\/\\\/regions-snetap-fsu.fr\\\/pdl\\\/?p=4414\"},\"wordCount\":600,\"publisher\":{\"@id\":\"https:\\\/\\\/regions-snetap-fsu.fr\\\/pdl\\\/#organization\"},\"image\":{\"@id\":\"https:\\\/\\\/regions-snetap-fsu.fr\\\/pdl\\\/?p=4414#primaryimage\"},\"thumbnailUrl\":\"https:\\\/\\\/regions-snetap-fsu.fr\\\/pdl\\\/wp-content\\\/uploads\\\/sites\\\/4\\\/2022\\\/06\\\/Capture-1.jpg\",\"articleSection\":[\"Actions r\u00e9gionales\",\"Conseil r\u00e9gional\"],\"inLanguage\":\"fr-FR\"},{\"@type\":\"WebPage\",\"@id\":\"https:\\\/\\\/regions-snetap-fsu.fr\\\/pdl\\\/?p=4414\",\"url\":\"https:\\\/\\\/regions-snetap-fsu.fr\\\/pdl\\\/?p=4414\",\"name\":\"Le SNETAP-FSU rencontre la Direction des Ressources Humaines du Conseil r\u00e9gional - PAYS DE LA LOIRE\",\"isPartOf\":{\"@id\":\"https:\\\/\\\/regions-snetap-fsu.fr\\\/pdl\\\/#website\"},\"primaryImageOfPage\":{\"@id\":\"https:\\\/\\\/regions-snetap-fsu.fr\\\/pdl\\\/?p=4414#primaryimage\"},\"image\":{\"@id\":\"https:\\\/\\\/regions-snetap-fsu.fr\\\/pdl\\\/?p=4414#primaryimage\"},\"thumbnailUrl\":\"https:\\\/\\\/regions-snetap-fsu.fr\\\/pdl\\\/wp-content\\\/uploads\\\/sites\\\/4\\\/2022\\\/06\\\/Capture-1.jpg\",\"datePublished\":\"2022-06-30T22:55:34+00:00\",\"breadcrumb\":{\"@id\":\"https:\\\/\\\/regions-snetap-fsu.fr\\\/pdl\\\/?p=4414#breadcrumb\"},\"inLanguage\":\"fr-FR\",\"potentialAction\":[{\"@type\":\"ReadAction\",\"target\":[\"https:\\\/\\\/regions-snetap-fsu.fr\\\/pdl\\\/?p=4414\"]}]},{\"@type\":\"ImageObject\",\"inLanguage\":\"fr-FR\",\"@id\":\"https:\\\/\\\/regions-snetap-fsu.fr\\\/pdl\\\/?p=4414#primaryimage\",\"url\":\"https:\\\/\\\/regions-snetap-fsu.fr\\\/pdl\\\/wp-content\\\/uploads\\\/sites\\\/4\\\/2022\\\/06\\\/Capture-1.jpg\",\"contentUrl\":\"https:\\\/\\\/regions-snetap-fsu.fr\\\/pdl\\\/wp-content\\\/uploads\\\/sites\\\/4\\\/2022\\\/06\\\/Capture-1.jpg\",\"width\":499,\"height\":573},{\"@type\":\"BreadcrumbList\",\"@id\":\"https:\\\/\\\/regions-snetap-fsu.fr\\\/pdl\\\/?p=4414#breadcrumb\",\"itemListElement\":[{\"@type\":\"ListItem\",\"position\":1,\"name\":\"Accueil\",\"item\":\"https:\\\/\\\/regions-snetap-fsu.fr\\\/pdl\\\/\"},{\"@type\":\"ListItem\",\"position\":2,\"name\":\"Le SNETAP-FSU rencontre la Direction des Ressources Humaines du Conseil r\u00e9gional\"}]},{\"@type\":\"WebSite\",\"@id\":\"https:\\\/\\\/regions-snetap-fsu.fr\\\/pdl\\\/#website\",\"url\":\"https:\\\/\\\/regions-snetap-fsu.fr\\\/pdl\\\/\",\"name\":\"SNETAP-FSU PAYS DE LA LOIRE\",\"description\":\"SECTION REGIONALE\",\"publisher\":{\"@id\":\"https:\\\/\\\/regions-snetap-fsu.fr\\\/pdl\\\/#organization\"},\"potentialAction\":[{\"@type\":\"SearchAction\",\"target\":{\"@type\":\"EntryPoint\",\"urlTemplate\":\"https:\\\/\\\/regions-snetap-fsu.fr\\\/pdl\\\/?s={search_term_string}\"},\"query-input\":{\"@type\":\"PropertyValueSpecification\",\"valueRequired\":true,\"valueName\":\"search_term_string\"}}],\"inLanguage\":\"fr-FR\"},{\"@type\":\"Organization\",\"@id\":\"https:\\\/\\\/regions-snetap-fsu.fr\\\/pdl\\\/#organization\",\"name\":\"SNETAP-FSU Pays de Loire\",\"url\":\"https:\\\/\\\/regions-snetap-fsu.fr\\\/pdl\\\/\",\"logo\":{\"@type\":\"ImageObject\",\"inLanguage\":\"fr-FR\",\"@id\":\"https:\\\/\\\/regions-snetap-fsu.fr\\\/pdl\\\/#\\\/schema\\\/logo\\\/image\\\/\",\"url\":\"https:\\\/\\\/regions-snetap-fsu.fr\\\/pdl\\\/wp-content\\\/uploads\\\/sites\\\/4\\\/2020\\\/12\\\/SNETAP-Logo.jpg\",\"contentUrl\":\"https:\\\/\\\/regions-snetap-fsu.fr\\\/pdl\\\/wp-content\\\/uploads\\\/sites\\\/4\\\/2020\\\/12\\\/SNETAP-Logo.jpg\",\"width\":464,\"height\":334,\"caption\":\"SNETAP-FSU Pays de Loire\"},\"image\":{\"@id\":\"https:\\\/\\\/regions-snetap-fsu.fr\\\/pdl\\\/#\\\/schema\\\/logo\\\/image\\\/\"}},{\"@type\":\"Person\",\"@id\":\"https:\\\/\\\/regions-snetap-fsu.fr\\\/pdl\\\/#\\\/schema\\\/person\\\/d4530af043f9e8d27bdd71c468ec93b1\",\"name\":\"yvigner\",\"image\":{\"@type\":\"ImageObject\",\"inLanguage\":\"fr-FR\",\"@id\":\"https:\\\/\\\/secure.gravatar.com\\\/avatar\\\/bc72baa6f2406549aecf77a837bc4f03dbe88472c1762138f868571430a23820?s=96&d=mm&r=g\",\"url\":\"https:\\\/\\\/secure.gravatar.com\\\/avatar\\\/bc72baa6f2406549aecf77a837bc4f03dbe88472c1762138f868571430a23820?s=96&d=mm&r=g\",\"contentUrl\":\"https:\\\/\\\/secure.gravatar.com\\\/avatar\\\/bc72baa6f2406549aecf77a837bc4f03dbe88472c1762138f868571430a23820?s=96&d=mm&r=g\",\"caption\":\"yvigner\"},\"url\":\"https:\\\/\\\/regions-snetap-fsu.fr\\\/pdl\\\/author\\\/yvigner\\\/\"}]}<\/script>\n<!-- \/ Yoast SEO plugin. -->","yoast_head_json":{"title":"Le SNETAP-FSU rencontre la Direction des Ressources Humaines du Conseil r\u00e9gional - PAYS DE LA LOIRE","robots":{"index":"index","follow":"follow","max-snippet":"max-snippet:-1","max-image-preview":"max-image-preview:large","max-video-preview":"max-video-preview:-1"},"canonical":"https:\/\/regions-snetap-fsu.fr\/pdl\/?p=4414","og_locale":"fr_FR","og_type":"article","og_title":"Le SNETAP-FSU rencontre la Direction des Ressources Humaines du Conseil r\u00e9gional - PAYS DE LA LOIRE","og_description":"Lundi 27 juin, une d\u00e9l\u00e9gation de 5 coll\u00e8gues (V.JADEAU de Montreuil Bellay, P.SORLUT de La Roche sur Yon, V.HUCHET et E.LORY de Laval et Y.VIGNER pour le secr\u00e9tariat r\u00e9gional) a rencontr\u00e9 Monsieur B.SCHAEFFER, directeur adjoint du service ressources humaines du Conseil r\u00e9gional des Pays de la Loire. Comme chaque ann\u00e9e, il s&rsquo;agissait de faire le [&hellip;]","og_url":"https:\/\/regions-snetap-fsu.fr\/pdl\/?p=4414","og_site_name":"PAYS DE LA LOIRE","article_published_time":"2022-06-30T22:55:34+00:00","og_image":[{"width":499,"height":573,"url":"https:\/\/regions-snetap-fsu.fr\/pdl\/wp-content\/uploads\/sites\/4\/2022\/06\/Capture-1.jpg","type":"image\/jpeg"}],"author":"yvigner","twitter_card":"summary_large_image","twitter_misc":{"\u00c9crit par":"yvigner","Dur\u00e9e de lecture estim\u00e9e":"3 minutes"},"schema":{"@context":"https:\/\/schema.org","@graph":[{"@type":"Article","@id":"https:\/\/regions-snetap-fsu.fr\/pdl\/?p=4414#article","isPartOf":{"@id":"https:\/\/regions-snetap-fsu.fr\/pdl\/?p=4414"},"author":{"name":"yvigner","@id":"https:\/\/regions-snetap-fsu.fr\/pdl\/#\/schema\/person\/d4530af043f9e8d27bdd71c468ec93b1"},"headline":"Le SNETAP-FSU rencontre la Direction des Ressources Humaines du Conseil r\u00e9gional","datePublished":"2022-06-30T22:55:34+00:00","mainEntityOfPage":{"@id":"https:\/\/regions-snetap-fsu.fr\/pdl\/?p=4414"},"wordCount":600,"publisher":{"@id":"https:\/\/regions-snetap-fsu.fr\/pdl\/#organization"},"image":{"@id":"https:\/\/regions-snetap-fsu.fr\/pdl\/?p=4414#primaryimage"},"thumbnailUrl":"https:\/\/regions-snetap-fsu.fr\/pdl\/wp-content\/uploads\/sites\/4\/2022\/06\/Capture-1.jpg","articleSection":["Actions r\u00e9gionales","Conseil r\u00e9gional"],"inLanguage":"fr-FR"},{"@type":"WebPage","@id":"https:\/\/regions-snetap-fsu.fr\/pdl\/?p=4414","url":"https:\/\/regions-snetap-fsu.fr\/pdl\/?p=4414","name":"Le SNETAP-FSU rencontre la Direction des Ressources Humaines du Conseil r\u00e9gional - PAYS DE LA LOIRE","isPartOf":{"@id":"https:\/\/regions-snetap-fsu.fr\/pdl\/#website"},"primaryImageOfPage":{"@id":"https:\/\/regions-snetap-fsu.fr\/pdl\/?p=4414#primaryimage"},"image":{"@id":"https:\/\/regions-snetap-fsu.fr\/pdl\/?p=4414#primaryimage"},"thumbnailUrl":"https:\/\/regions-snetap-fsu.fr\/pdl\/wp-content\/uploads\/sites\/4\/2022\/06\/Capture-1.jpg","datePublished":"2022-06-30T22:55:34+00:00","breadcrumb":{"@id":"https:\/\/regions-snetap-fsu.fr\/pdl\/?p=4414#breadcrumb"},"inLanguage":"fr-FR","potentialAction":[{"@type":"ReadAction","target":["https:\/\/regions-snetap-fsu.fr\/pdl\/?p=4414"]}]},{"@type":"ImageObject","inLanguage":"fr-FR","@id":"https:\/\/regions-snetap-fsu.fr\/pdl\/?p=4414#primaryimage","url":"https:\/\/regions-snetap-fsu.fr\/pdl\/wp-content\/uploads\/sites\/4\/2022\/06\/Capture-1.jpg","contentUrl":"https:\/\/regions-snetap-fsu.fr\/pdl\/wp-content\/uploads\/sites\/4\/2022\/06\/Capture-1.jpg","width":499,"height":573},{"@type":"BreadcrumbList","@id":"https:\/\/regions-snetap-fsu.fr\/pdl\/?p=4414#breadcrumb","itemListElement":[{"@type":"ListItem","position":1,"name":"Accueil","item":"https:\/\/regions-snetap-fsu.fr\/pdl\/"},{"@type":"ListItem","position":2,"name":"Le SNETAP-FSU rencontre la Direction des Ressources Humaines du Conseil r\u00e9gional"}]},{"@type":"WebSite","@id":"https:\/\/regions-snetap-fsu.fr\/pdl\/#website","url":"https:\/\/regions-snetap-fsu.fr\/pdl\/","name":"SNETAP-FSU PAYS DE LA LOIRE","description":"SECTION REGIONALE","publisher":{"@id":"https:\/\/regions-snetap-fsu.fr\/pdl\/#organization"},"potentialAction":[{"@type":"SearchAction","target":{"@type":"EntryPoint","urlTemplate":"https:\/\/regions-snetap-fsu.fr\/pdl\/?s={search_term_string}"},"query-input":{"@type":"PropertyValueSpecification","valueRequired":true,"valueName":"search_term_string"}}],"inLanguage":"fr-FR"},{"@type":"Organization","@id":"https:\/\/regions-snetap-fsu.fr\/pdl\/#organization","name":"SNETAP-FSU Pays de Loire","url":"https:\/\/regions-snetap-fsu.fr\/pdl\/","logo":{"@type":"ImageObject","inLanguage":"fr-FR","@id":"https:\/\/regions-snetap-fsu.fr\/pdl\/#\/schema\/logo\/image\/","url":"https:\/\/regions-snetap-fsu.fr\/pdl\/wp-content\/uploads\/sites\/4\/2020\/12\/SNETAP-Logo.jpg","contentUrl":"https:\/\/regions-snetap-fsu.fr\/pdl\/wp-content\/uploads\/sites\/4\/2020\/12\/SNETAP-Logo.jpg","width":464,"height":334,"caption":"SNETAP-FSU Pays de Loire"},"image":{"@id":"https:\/\/regions-snetap-fsu.fr\/pdl\/#\/schema\/logo\/image\/"}},{"@type":"Person","@id":"https:\/\/regions-snetap-fsu.fr\/pdl\/#\/schema\/person\/d4530af043f9e8d27bdd71c468ec93b1","name":"yvigner","image":{"@type":"ImageObject","inLanguage":"fr-FR","@id":"https:\/\/secure.gravatar.com\/avatar\/bc72baa6f2406549aecf77a837bc4f03dbe88472c1762138f868571430a23820?s=96&d=mm&r=g","url":"https:\/\/secure.gravatar.com\/avatar\/bc72baa6f2406549aecf77a837bc4f03dbe88472c1762138f868571430a23820?s=96&d=mm&r=g","contentUrl":"https:\/\/secure.gravatar.com\/avatar\/bc72baa6f2406549aecf77a837bc4f03dbe88472c1762138f868571430a23820?s=96&d=mm&r=g","caption":"yvigner"},"url":"https:\/\/regions-snetap-fsu.fr\/pdl\/author\/yvigner\/"}]}},"_links":{"self":[{"href":"https:\/\/regions-snetap-fsu.fr\/pdl\/wp-json\/wp\/v2\/posts\/4414","targetHints":{"allow":["GET"]}}],"collection":[{"href":"https:\/\/regions-snetap-fsu.fr\/pdl\/wp-json\/wp\/v2\/posts"}],"about":[{"href":"https:\/\/regions-snetap-fsu.fr\/pdl\/wp-json\/wp\/v2\/types\/post"}],"author":[{"embeddable":true,"href":"https:\/\/regions-snetap-fsu.fr\/pdl\/wp-json\/wp\/v2\/users\/2"}],"replies":[{"embeddable":true,"href":"https:\/\/regions-snetap-fsu.fr\/pdl\/wp-json\/wp\/v2\/comments?post=4414"}],"version-history":[{"count":2,"href":"https:\/\/regions-snetap-fsu.fr\/pdl\/wp-json\/wp\/v2\/posts\/4414\/revisions"}],"predecessor-version":[{"id":4427,"href":"https:\/\/regions-snetap-fsu.fr\/pdl\/wp-json\/wp\/v2\/posts\/4414\/revisions\/4427"}],"wp:featuredmedia":[{"embeddable":true,"href":"https:\/\/regions-snetap-fsu.fr\/pdl\/wp-json\/wp\/v2\/media\/4415"}],"wp:attachment":[{"href":"https:\/\/regions-snetap-fsu.fr\/pdl\/wp-json\/wp\/v2\/media?parent=4414"}],"wp:term":[{"taxonomy":"category","embeddable":true,"href":"https:\/\/regions-snetap-fsu.fr\/pdl\/wp-json\/wp\/v2\/categories?post=4414"},{"taxonomy":"post_tag","embeddable":true,"href":"https:\/\/regions-snetap-fsu.fr\/pdl\/wp-json\/wp\/v2\/tags?post=4414"},{"taxonomy":"post_folder","embeddable":true,"href":"https:\/\/regions-snetap-fsu.fr\/pdl\/wp-json\/wp\/v2\/post_folder?post=4414"}],"curies":[{"name":"wp","href":"https:\/\/api.w.org\/{rel}","templated":true}]}}