{"id":4341,"date":"2022-05-10T07:27:44","date_gmt":"2022-05-10T05:27:44","guid":{"rendered":"https:\/\/regions-snetap-fsu.fr\/pdl\/?p=4341"},"modified":"2022-05-10T07:35:11","modified_gmt":"2022-05-10T05:35:11","slug":"declaration-des-representant-es-de-la-fsu-au-conseil-de-leducation-nationale-du-9-mai-2021","status":"publish","type":"post","link":"https:\/\/regions-snetap-fsu.fr\/pdl\/2022\/05\/10\/declaration-des-representant-es-de-la-fsu-au-conseil-de-leducation-nationale-du-9-mai-2021\/","title":{"rendered":"Quand le Conseil r\u00e9gional continue de favoriser le Priv\u00e9"},"content":{"rendered":"<p align=\"justify\"><span style=\"font-size: 14pt;\"><strong><span style=\"font-family: arial, helvetica, sans-serif;\">D\u00e9claration des repr\u00e9sentant.es de la FSU au CEN des Pays de la Loire (9 mai 2022)<\/span><\/strong><\/span><\/p>\n<p style=\"text-align: justify;\" align=\"justify\"><span style=\"font-family: arial, helvetica, sans-serif; font-size: 12pt;\">Les r\u00e9sultats des \u00e9lections pr\u00e9sidentielles ont montr\u00e9 que les politiques in\u00e9galitaires, liberticides et r\u00e9pressives qu\u2019Emmanuel Macron a mises en \u0153uvre durant cinq ans ont pouss\u00e9 nombre d\u2019\u00e9lecteurs et \u00e9lectrices \u00e0 faire le choix de l\u2019extr\u00eame-droite. Or Emmanuel Macron a pr\u00e9sent\u00e9 un projet \u00e9lectoral qui entend bien acc\u00e9l\u00e9rer ces politiques produisant ressentiment et d\u00e9sesp\u00e9rance sociale, aggravant les in\u00e9galit\u00e9s, divisant la soci\u00e9t\u00e9. L\u2019intention affirm\u00e9e par Emmanuel Macron pendant la campagne de continuer sa politique de casse des solidarit\u00e9s en remettant en cause les retraites et les services publics, en pr\u00e9voyant d\u2019acc\u00e9l\u00e9rer la fragilisation du service public d\u2019\u00e9ducation, notamment la voie professionnelle et du statut de ses personnels, en liant l\u2019obtention du RSA \u00e0 du travail gratuit sont inacceptables.<\/span><\/p>\n<p style=\"text-align: justify;\" align=\"justify\"><span style=\"font-family: arial, helvetica, sans-serif; font-size: 12pt;\">Forte de sa l\u00e9gitimit\u00e9 \u00e0 s\u2019exprimer et \u00e0 revendiquer, la FSU entend donc poursuivre et amplifier les mobilisations pour imposer d\u00e8s maintenant d\u2019autres politiques \u00e9conomiques, sociales et environnementales.<\/span><\/p>\n<p style=\"text-align: justify;\" align=\"justify\"><span style=\"font-family: arial, helvetica, sans-serif; font-size: 12pt;\">Alors que s\u2019appuyant sur la lib\u00e9ralisation de l\u2019\u00e9cole et le d\u00e9mant\u00e8lement des services publics les ministres successifs ont sap\u00e9 les fondements m\u00eame de l\u2019Education Nationale, l\u2019enseignement catholique financ\u00e9 par le Minist\u00e8re de l&rsquo;Education a \u00e9t\u00e9 soigneusement \u00e9pargn\u00e9, des \u00e9coles jusqu\u2019\u00e0 l\u2019Universit\u00e9. Dans le premier degr\u00e9, l\u2019\u00e9ligibilit\u00e9 d\u2019\u00e9tablissements priv\u00e9s dans le dispositif CLA est inacceptable. La FSU s\u2019oppose \u00e0 ce que les moyens destin\u00e9s aux \u00e9l\u00e8ves en ayant le plus besoin puissent partir vers le priv\u00e9. Le choix, \u00e0 travers un financement public inacceptable, de d\u00e9velopper l\u2019Universit\u00e9 Catholique de l\u2019Ouest \u00e0 Laval est une attaque suppl\u00e9mentaire contre l\u2019enseignement sup\u00e9rieur et de recherche d\u00e9j\u00e0 fortement impact\u00e9 par les politiques Vidal. Quant aux dotations vers\u00e9es par la r\u00e9gion et les d\u00e9partements, on ne peut que constater la g\u00e9n\u00e9rosit\u00e9 des d\u00e9partements de Vend\u00e9e et de Maine-et-Loire pour les coll\u00e8ges priv\u00e9s et de la R\u00e9gion Pays-de-Loire pour les lyc\u00e9es priv\u00e9s, seules collectivit\u00e9s \u00e0 accorder la totalit\u00e9 de la subvention demand\u00e9e.<\/span><\/p>\n<p style=\"text-align: justify;\" align=\"justify\"><span style=\"font-family: arial, helvetica, sans-serif; font-size: 12pt;\">Nous sommes donc face \u00e0 un choix politique ancien et poursuivi, surtout id\u00e9ologique et souvent personnel de favoriser ainsi l\u2019enseignement priv\u00e9.<\/span><\/p>\n<p style=\"text-align: justify;\" align=\"justify\"><span style=\"font-family: arial, helvetica, sans-serif; font-size: 12pt;\">Pour la FSU, l\u2019investissement public de l\u2019\u00c9tat et des collectivit\u00e9s doit \u00eatre uniquement en faveur des services publics d\u2019\u00e9ducation, d\u2019enseignement sup\u00e9rieur et de recherche. Sur le territoire, l\u2019argent des collectivit\u00e9s territoriales ne peut servir ni \u00e0 l\u2019installation ni au fonctionnement des \u00e9tablissements priv\u00e9s de la maternelle \u00e0 l\u2019enseignement sup\u00e9rieur. Conform\u00e9ment \u00e0 ses mandats votes au congr\u00e8s de Metz, la FSU continue d\u2019exiger l\u2019abrogation de toutes les lois favorisant et organisant le financement de l\u2019enseignement priv\u00e9. La FSU s&rsquo;oppose au dualisme scolaire et \u00e0 toutes les tentatives d&rsquo;affaiblir le service public d&rsquo;Education au profit du secteur priv\u00e9 dans la perspective de la nationalisation de l&rsquo;enseignement priv\u00e9 sous contrat.<\/span><\/p>\n<p style=\"text-align: right;\" align=\"justify\"><span style=\"font-family: arial, helvetica, sans-serif;\"><strong>Pour la FSU des Pays de la Loire, Bernard VALIN<\/strong><\/span><\/p>\n<p align=\"justify\">\n\t\t<div class=\"wppdfemb-frame-container-1\" style=\"-webkit-overflow-scrolling:auto;\">\n\t\t\t<iframe class=\"pdfembed-iframe nonfullscreen wppdf-emb-iframe-1\"\n\t\t\t\tsrc=\"https:\/\/regions-snetap-fsu.fr\/pdl\/?pdfemb-data=eyJ1cmwiOiJodHRwczpcL1wvcmVnaW9ucy1zbmV0YXAtZnN1LmZyXC9wZGxcL3dwLWNvbnRlbnRcL3VwbG9hZHNcL3NpdGVzXC80XC8yMDIyXC8wNVwvQ0VOX0NSLnBkZiIsImluZGV4IjoxLCJwZGZJRCI6NDM0Mn0\"\n\t\t\t\t\t\t\t\tdata-pdf-id=\"4342\"\n\t\t\t\tdata-pdf-index=\"1\"\n\t\t\t\tstyle=\"border:none;width:100%;max-width:100%;height:100vh;\"\n\t\t\t\tscrolling=\"yes\">\n\t\t\t<\/iframe>\n\t\t<\/div>\n\n\t\t<\/p>\n","protected":false},"excerpt":{"rendered":"<p>D\u00e9claration des repr\u00e9sentant.es de la FSU au CEN des Pays de la Loire (9 mai 2022) Les r\u00e9sultats des \u00e9lections pr\u00e9sidentielles ont montr\u00e9 que les politiques in\u00e9galitaires, liberticides et r\u00e9pressives qu\u2019Emmanuel Macron a mises en \u0153uvre durant cinq ans ont pouss\u00e9 nombre d\u2019\u00e9lecteurs et \u00e9lectrices \u00e0 faire le choix de l\u2019extr\u00eame-droite. Or Emmanuel Macron a [&hellip;]<\/p>\n","protected":false},"author":2,"featured_media":3887,"comment_status":"closed","ping_status":"closed","sticky":false,"template":"","format":"standard","meta":{"ocean_post_layout":"","ocean_both_sidebars_style":"","ocean_both_sidebars_content_width":0,"ocean_both_sidebars_sidebars_width":0,"ocean_sidebar":"0","ocean_second_sidebar":"0","ocean_disable_margins":"enable","ocean_add_body_class":"","ocean_shortcode_before_top_bar":"","ocean_shortcode_after_top_bar":"","ocean_shortcode_before_header":"","ocean_shortcode_after_header":"","ocean_has_shortcode":"","ocean_shortcode_after_title":"","ocean_shortcode_before_footer_widgets":"","ocean_shortcode_after_footer_widgets":"","ocean_shortcode_before_footer_bottom":"","ocean_shortcode_after_footer_bottom":"","ocean_display_top_bar":"default","ocean_display_header":"default","ocean_header_style":"","ocean_center_header_left_menu":"0","ocean_custom_header_template":"0","ocean_custom_logo":0,"ocean_custom_retina_logo":0,"ocean_custom_logo_max_width":0,"ocean_custom_logo_tablet_max_width":0,"ocean_custom_logo_mobile_max_width":0,"ocean_custom_logo_max_height":0,"ocean_custom_logo_tablet_max_height":0,"ocean_custom_logo_mobile_max_height":0,"ocean_header_custom_menu":"0","ocean_menu_typo_font_family":"0","ocean_menu_typo_font_subset":"","ocean_menu_typo_font_size":0,"ocean_menu_typo_font_size_tablet":0,"ocean_menu_typo_font_size_mobile":0,"ocean_menu_typo_font_size_unit":"px","ocean_menu_typo_font_weight":"","ocean_menu_typo_font_weight_tablet":"","ocean_menu_typo_font_weight_mobile":"","ocean_menu_typo_transform":"","ocean_menu_typo_transform_tablet":"","ocean_menu_typo_transform_mobile":"","ocean_menu_typo_line_height":0,"ocean_menu_typo_line_height_tablet":0,"ocean_menu_typo_line_height_mobile":0,"ocean_menu_typo_line_height_unit":"","ocean_menu_typo_spacing":0,"ocean_menu_typo_spacing_tablet":0,"ocean_menu_typo_spacing_mobile":0,"ocean_menu_typo_spacing_unit":"","ocean_menu_link_color":"","ocean_menu_link_color_hover":"","ocean_menu_link_color_active":"","ocean_menu_link_background":"","ocean_menu_link_hover_background":"","ocean_menu_link_active_background":"","ocean_menu_social_links_bg":"","ocean_menu_social_hover_links_bg":"","ocean_menu_social_links_color":"","ocean_menu_social_hover_links_color":"","ocean_disable_title":"default","ocean_disable_heading":"default","ocean_post_title":"","ocean_post_subheading":"","ocean_post_title_style":"","ocean_post_title_background_color":"","ocean_post_title_background":0,"ocean_post_title_bg_image_position":"","ocean_post_title_bg_image_attachment":"","ocean_post_title_bg_image_repeat":"","ocean_post_title_bg_image_size":"","ocean_post_title_height":0,"ocean_post_title_bg_overlay":0.5,"ocean_post_title_bg_overlay_color":"","ocean_disable_breadcrumbs":"default","ocean_breadcrumbs_color":"","ocean_breadcrumbs_separator_color":"","ocean_breadcrumbs_links_color":"","ocean_breadcrumbs_links_hover_color":"","ocean_display_footer_widgets":"default","ocean_display_footer_bottom":"default","ocean_custom_footer_template":"0","ocean_post_oembed":"","ocean_post_self_hosted_media":"","ocean_post_video_embed":"","ocean_link_format":"","ocean_link_format_target":"self","ocean_quote_format":"","ocean_quote_format_link":"post","ocean_gallery_link_images":"off","ocean_gallery_id":[],"footnotes":""},"categories":[9,7],"tags":[],"post_folder":[],"class_list":["post-4341","post","type-post","status-publish","format-standard","has-post-thumbnail","hentry","category-actions-et-communiques","category-conseil-regional","entry","has-media"],"yoast_head":"<!-- This site is optimized with the Yoast SEO plugin v27.4 - https:\/\/yoast.com\/product\/yoast-seo-wordpress\/ -->\n<title>Quand le Conseil r\u00e9gional continue de favoriser le Priv\u00e9 - PAYS DE LA LOIRE<\/title>\n<meta name=\"robots\" content=\"index, follow, max-snippet:-1, max-image-preview:large, max-video-preview:-1\" \/>\n<link rel=\"canonical\" href=\"https:\/\/regions-snetap-fsu.fr\/pdl\/2022\/05\/10\/declaration-des-representant-es-de-la-fsu-au-conseil-de-leducation-nationale-du-9-mai-2021\/\" \/>\n<meta property=\"og:locale\" content=\"fr_FR\" \/>\n<meta property=\"og:type\" content=\"article\" \/>\n<meta property=\"og:title\" content=\"Quand le Conseil r\u00e9gional continue de favoriser le Priv\u00e9 - PAYS DE LA LOIRE\" \/>\n<meta property=\"og:description\" content=\"D\u00e9claration des repr\u00e9sentant.es de la FSU au CEN des Pays de la Loire (9 mai 2022) Les r\u00e9sultats des \u00e9lections pr\u00e9sidentielles ont montr\u00e9 que les politiques in\u00e9galitaires, liberticides et r\u00e9pressives qu\u2019Emmanuel Macron a mises en \u0153uvre durant cinq ans ont pouss\u00e9 nombre d\u2019\u00e9lecteurs et \u00e9lectrices \u00e0 faire le choix de l\u2019extr\u00eame-droite. Or Emmanuel Macron a [&hellip;]\" \/>\n<meta property=\"og:url\" content=\"https:\/\/regions-snetap-fsu.fr\/pdl\/2022\/05\/10\/declaration-des-representant-es-de-la-fsu-au-conseil-de-leducation-nationale-du-9-mai-2021\/\" \/>\n<meta property=\"og:site_name\" content=\"PAYS DE LA LOIRE\" \/>\n<meta property=\"article:published_time\" content=\"2022-05-10T05:27:44+00:00\" \/>\n<meta property=\"article:modified_time\" content=\"2022-05-10T05:35:11+00:00\" \/>\n<meta property=\"og:image\" content=\"https:\/\/regions-snetap-fsu.fr\/pdl\/wp-content\/uploads\/sites\/4\/2021\/03\/fsu-sign-horiz-rouge.png\" \/>\n\t<meta property=\"og:image:width\" content=\"921\" \/>\n\t<meta property=\"og:image:height\" content=\"420\" \/>\n\t<meta property=\"og:image:type\" content=\"image\/png\" \/>\n<meta name=\"author\" content=\"yvigner\" \/>\n<meta name=\"twitter:card\" content=\"summary_large_image\" \/>\n<meta name=\"twitter:label1\" content=\"\u00c9crit par\" \/>\n\t<meta name=\"twitter:data1\" content=\"yvigner\" \/>\n\t<meta name=\"twitter:label2\" content=\"Dur\u00e9e de lecture estim\u00e9e\" \/>\n\t<meta name=\"twitter:data2\" content=\"3 minutes\" \/>\n<script type=\"application\/ld+json\" class=\"yoast-schema-graph\">{\"@context\":\"https:\\\/\\\/schema.org\",\"@graph\":[{\"@type\":\"Article\",\"@id\":\"https:\\\/\\\/regions-snetap-fsu.fr\\\/pdl\\\/2022\\\/05\\\/10\\\/declaration-des-representant-es-de-la-fsu-au-conseil-de-leducation-nationale-du-9-mai-2021\\\/#article\",\"isPartOf\":{\"@id\":\"https:\\\/\\\/regions-snetap-fsu.fr\\\/pdl\\\/2022\\\/05\\\/10\\\/declaration-des-representant-es-de-la-fsu-au-conseil-de-leducation-nationale-du-9-mai-2021\\\/\"},\"author\":{\"name\":\"yvigner\",\"@id\":\"https:\\\/\\\/regions-snetap-fsu.fr\\\/pdl\\\/#\\\/schema\\\/person\\\/d4530af043f9e8d27bdd71c468ec93b1\"},\"headline\":\"Quand le Conseil r\u00e9gional continue de favoriser le Priv\u00e9\",\"datePublished\":\"2022-05-10T05:27:44+00:00\",\"dateModified\":\"2022-05-10T05:35:11+00:00\",\"mainEntityOfPage\":{\"@id\":\"https:\\\/\\\/regions-snetap-fsu.fr\\\/pdl\\\/2022\\\/05\\\/10\\\/declaration-des-representant-es-de-la-fsu-au-conseil-de-leducation-nationale-du-9-mai-2021\\\/\"},\"wordCount\":553,\"publisher\":{\"@id\":\"https:\\\/\\\/regions-snetap-fsu.fr\\\/pdl\\\/#organization\"},\"image\":{\"@id\":\"https:\\\/\\\/regions-snetap-fsu.fr\\\/pdl\\\/2022\\\/05\\\/10\\\/declaration-des-representant-es-de-la-fsu-au-conseil-de-leducation-nationale-du-9-mai-2021\\\/#primaryimage\"},\"thumbnailUrl\":\"https:\\\/\\\/regions-snetap-fsu.fr\\\/pdl\\\/wp-content\\\/uploads\\\/sites\\\/4\\\/2021\\\/03\\\/fsu-sign-horiz-rouge.png\",\"articleSection\":[\"Communiqu\u00e9s\",\"Conseil r\u00e9gional\"],\"inLanguage\":\"fr-FR\"},{\"@type\":\"WebPage\",\"@id\":\"https:\\\/\\\/regions-snetap-fsu.fr\\\/pdl\\\/2022\\\/05\\\/10\\\/declaration-des-representant-es-de-la-fsu-au-conseil-de-leducation-nationale-du-9-mai-2021\\\/\",\"url\":\"https:\\\/\\\/regions-snetap-fsu.fr\\\/pdl\\\/2022\\\/05\\\/10\\\/declaration-des-representant-es-de-la-fsu-au-conseil-de-leducation-nationale-du-9-mai-2021\\\/\",\"name\":\"Quand le Conseil r\u00e9gional continue de favoriser le Priv\u00e9 - PAYS DE LA LOIRE\",\"isPartOf\":{\"@id\":\"https:\\\/\\\/regions-snetap-fsu.fr\\\/pdl\\\/#website\"},\"primaryImageOfPage\":{\"@id\":\"https:\\\/\\\/regions-snetap-fsu.fr\\\/pdl\\\/2022\\\/05\\\/10\\\/declaration-des-representant-es-de-la-fsu-au-conseil-de-leducation-nationale-du-9-mai-2021\\\/#primaryimage\"},\"image\":{\"@id\":\"https:\\\/\\\/regions-snetap-fsu.fr\\\/pdl\\\/2022\\\/05\\\/10\\\/declaration-des-representant-es-de-la-fsu-au-conseil-de-leducation-nationale-du-9-mai-2021\\\/#primaryimage\"},\"thumbnailUrl\":\"https:\\\/\\\/regions-snetap-fsu.fr\\\/pdl\\\/wp-content\\\/uploads\\\/sites\\\/4\\\/2021\\\/03\\\/fsu-sign-horiz-rouge.png\",\"datePublished\":\"2022-05-10T05:27:44+00:00\",\"dateModified\":\"2022-05-10T05:35:11+00:00\",\"breadcrumb\":{\"@id\":\"https:\\\/\\\/regions-snetap-fsu.fr\\\/pdl\\\/2022\\\/05\\\/10\\\/declaration-des-representant-es-de-la-fsu-au-conseil-de-leducation-nationale-du-9-mai-2021\\\/#breadcrumb\"},\"inLanguage\":\"fr-FR\",\"potentialAction\":[{\"@type\":\"ReadAction\",\"target\":[\"https:\\\/\\\/regions-snetap-fsu.fr\\\/pdl\\\/2022\\\/05\\\/10\\\/declaration-des-representant-es-de-la-fsu-au-conseil-de-leducation-nationale-du-9-mai-2021\\\/\"]}]},{\"@type\":\"ImageObject\",\"inLanguage\":\"fr-FR\",\"@id\":\"https:\\\/\\\/regions-snetap-fsu.fr\\\/pdl\\\/2022\\\/05\\\/10\\\/declaration-des-representant-es-de-la-fsu-au-conseil-de-leducation-nationale-du-9-mai-2021\\\/#primaryimage\",\"url\":\"https:\\\/\\\/regions-snetap-fsu.fr\\\/pdl\\\/wp-content\\\/uploads\\\/sites\\\/4\\\/2021\\\/03\\\/fsu-sign-horiz-rouge.png\",\"contentUrl\":\"https:\\\/\\\/regions-snetap-fsu.fr\\\/pdl\\\/wp-content\\\/uploads\\\/sites\\\/4\\\/2021\\\/03\\\/fsu-sign-horiz-rouge.png\",\"width\":921,\"height\":420},{\"@type\":\"BreadcrumbList\",\"@id\":\"https:\\\/\\\/regions-snetap-fsu.fr\\\/pdl\\\/2022\\\/05\\\/10\\\/declaration-des-representant-es-de-la-fsu-au-conseil-de-leducation-nationale-du-9-mai-2021\\\/#breadcrumb\",\"itemListElement\":[{\"@type\":\"ListItem\",\"position\":1,\"name\":\"Accueil\",\"item\":\"https:\\\/\\\/regions-snetap-fsu.fr\\\/pdl\\\/\"},{\"@type\":\"ListItem\",\"position\":2,\"name\":\"Quand le Conseil r\u00e9gional continue de favoriser le Priv\u00e9\"}]},{\"@type\":\"WebSite\",\"@id\":\"https:\\\/\\\/regions-snetap-fsu.fr\\\/pdl\\\/#website\",\"url\":\"https:\\\/\\\/regions-snetap-fsu.fr\\\/pdl\\\/\",\"name\":\"SNETAP-FSU PAYS DE LA LOIRE\",\"description\":\"SECTION REGIONALE\",\"publisher\":{\"@id\":\"https:\\\/\\\/regions-snetap-fsu.fr\\\/pdl\\\/#organization\"},\"potentialAction\":[{\"@type\":\"SearchAction\",\"target\":{\"@type\":\"EntryPoint\",\"urlTemplate\":\"https:\\\/\\\/regions-snetap-fsu.fr\\\/pdl\\\/?s={search_term_string}\"},\"query-input\":{\"@type\":\"PropertyValueSpecification\",\"valueRequired\":true,\"valueName\":\"search_term_string\"}}],\"inLanguage\":\"fr-FR\"},{\"@type\":\"Organization\",\"@id\":\"https:\\\/\\\/regions-snetap-fsu.fr\\\/pdl\\\/#organization\",\"name\":\"SNETAP-FSU Pays de Loire\",\"url\":\"https:\\\/\\\/regions-snetap-fsu.fr\\\/pdl\\\/\",\"logo\":{\"@type\":\"ImageObject\",\"inLanguage\":\"fr-FR\",\"@id\":\"https:\\\/\\\/regions-snetap-fsu.fr\\\/pdl\\\/#\\\/schema\\\/logo\\\/image\\\/\",\"url\":\"https:\\\/\\\/regions-snetap-fsu.fr\\\/pdl\\\/wp-content\\\/uploads\\\/sites\\\/4\\\/2020\\\/12\\\/SNETAP-Logo.jpg\",\"contentUrl\":\"https:\\\/\\\/regions-snetap-fsu.fr\\\/pdl\\\/wp-content\\\/uploads\\\/sites\\\/4\\\/2020\\\/12\\\/SNETAP-Logo.jpg\",\"width\":464,\"height\":334,\"caption\":\"SNETAP-FSU Pays de Loire\"},\"image\":{\"@id\":\"https:\\\/\\\/regions-snetap-fsu.fr\\\/pdl\\\/#\\\/schema\\\/logo\\\/image\\\/\"}},{\"@type\":\"Person\",\"@id\":\"https:\\\/\\\/regions-snetap-fsu.fr\\\/pdl\\\/#\\\/schema\\\/person\\\/d4530af043f9e8d27bdd71c468ec93b1\",\"name\":\"yvigner\",\"image\":{\"@type\":\"ImageObject\",\"inLanguage\":\"fr-FR\",\"@id\":\"https:\\\/\\\/secure.gravatar.com\\\/avatar\\\/bc72baa6f2406549aecf77a837bc4f03dbe88472c1762138f868571430a23820?s=96&d=mm&r=g\",\"url\":\"https:\\\/\\\/secure.gravatar.com\\\/avatar\\\/bc72baa6f2406549aecf77a837bc4f03dbe88472c1762138f868571430a23820?s=96&d=mm&r=g\",\"contentUrl\":\"https:\\\/\\\/secure.gravatar.com\\\/avatar\\\/bc72baa6f2406549aecf77a837bc4f03dbe88472c1762138f868571430a23820?s=96&d=mm&r=g\",\"caption\":\"yvigner\"},\"url\":\"https:\\\/\\\/regions-snetap-fsu.fr\\\/pdl\\\/author\\\/yvigner\\\/\"}]}<\/script>\n<!-- \/ Yoast SEO plugin. -->","yoast_head_json":{"title":"Quand le Conseil r\u00e9gional continue de favoriser le Priv\u00e9 - PAYS DE LA LOIRE","robots":{"index":"index","follow":"follow","max-snippet":"max-snippet:-1","max-image-preview":"max-image-preview:large","max-video-preview":"max-video-preview:-1"},"canonical":"https:\/\/regions-snetap-fsu.fr\/pdl\/2022\/05\/10\/declaration-des-representant-es-de-la-fsu-au-conseil-de-leducation-nationale-du-9-mai-2021\/","og_locale":"fr_FR","og_type":"article","og_title":"Quand le Conseil r\u00e9gional continue de favoriser le Priv\u00e9 - PAYS DE LA LOIRE","og_description":"D\u00e9claration des repr\u00e9sentant.es de la FSU au CEN des Pays de la Loire (9 mai 2022) Les r\u00e9sultats des \u00e9lections pr\u00e9sidentielles ont montr\u00e9 que les politiques in\u00e9galitaires, liberticides et r\u00e9pressives qu\u2019Emmanuel Macron a mises en \u0153uvre durant cinq ans ont pouss\u00e9 nombre d\u2019\u00e9lecteurs et \u00e9lectrices \u00e0 faire le choix de l\u2019extr\u00eame-droite. Or Emmanuel Macron a [&hellip;]","og_url":"https:\/\/regions-snetap-fsu.fr\/pdl\/2022\/05\/10\/declaration-des-representant-es-de-la-fsu-au-conseil-de-leducation-nationale-du-9-mai-2021\/","og_site_name":"PAYS DE LA LOIRE","article_published_time":"2022-05-10T05:27:44+00:00","article_modified_time":"2022-05-10T05:35:11+00:00","og_image":[{"width":921,"height":420,"url":"https:\/\/regions-snetap-fsu.fr\/pdl\/wp-content\/uploads\/sites\/4\/2021\/03\/fsu-sign-horiz-rouge.png","type":"image\/png"}],"author":"yvigner","twitter_card":"summary_large_image","twitter_misc":{"\u00c9crit par":"yvigner","Dur\u00e9e de lecture estim\u00e9e":"3 minutes"},"schema":{"@context":"https:\/\/schema.org","@graph":[{"@type":"Article","@id":"https:\/\/regions-snetap-fsu.fr\/pdl\/2022\/05\/10\/declaration-des-representant-es-de-la-fsu-au-conseil-de-leducation-nationale-du-9-mai-2021\/#article","isPartOf":{"@id":"https:\/\/regions-snetap-fsu.fr\/pdl\/2022\/05\/10\/declaration-des-representant-es-de-la-fsu-au-conseil-de-leducation-nationale-du-9-mai-2021\/"},"author":{"name":"yvigner","@id":"https:\/\/regions-snetap-fsu.fr\/pdl\/#\/schema\/person\/d4530af043f9e8d27bdd71c468ec93b1"},"headline":"Quand le Conseil r\u00e9gional continue de favoriser le Priv\u00e9","datePublished":"2022-05-10T05:27:44+00:00","dateModified":"2022-05-10T05:35:11+00:00","mainEntityOfPage":{"@id":"https:\/\/regions-snetap-fsu.fr\/pdl\/2022\/05\/10\/declaration-des-representant-es-de-la-fsu-au-conseil-de-leducation-nationale-du-9-mai-2021\/"},"wordCount":553,"publisher":{"@id":"https:\/\/regions-snetap-fsu.fr\/pdl\/#organization"},"image":{"@id":"https:\/\/regions-snetap-fsu.fr\/pdl\/2022\/05\/10\/declaration-des-representant-es-de-la-fsu-au-conseil-de-leducation-nationale-du-9-mai-2021\/#primaryimage"},"thumbnailUrl":"https:\/\/regions-snetap-fsu.fr\/pdl\/wp-content\/uploads\/sites\/4\/2021\/03\/fsu-sign-horiz-rouge.png","articleSection":["Communiqu\u00e9s","Conseil r\u00e9gional"],"inLanguage":"fr-FR"},{"@type":"WebPage","@id":"https:\/\/regions-snetap-fsu.fr\/pdl\/2022\/05\/10\/declaration-des-representant-es-de-la-fsu-au-conseil-de-leducation-nationale-du-9-mai-2021\/","url":"https:\/\/regions-snetap-fsu.fr\/pdl\/2022\/05\/10\/declaration-des-representant-es-de-la-fsu-au-conseil-de-leducation-nationale-du-9-mai-2021\/","name":"Quand le Conseil r\u00e9gional continue de favoriser le Priv\u00e9 - PAYS DE LA LOIRE","isPartOf":{"@id":"https:\/\/regions-snetap-fsu.fr\/pdl\/#website"},"primaryImageOfPage":{"@id":"https:\/\/regions-snetap-fsu.fr\/pdl\/2022\/05\/10\/declaration-des-representant-es-de-la-fsu-au-conseil-de-leducation-nationale-du-9-mai-2021\/#primaryimage"},"image":{"@id":"https:\/\/regions-snetap-fsu.fr\/pdl\/2022\/05\/10\/declaration-des-representant-es-de-la-fsu-au-conseil-de-leducation-nationale-du-9-mai-2021\/#primaryimage"},"thumbnailUrl":"https:\/\/regions-snetap-fsu.fr\/pdl\/wp-content\/uploads\/sites\/4\/2021\/03\/fsu-sign-horiz-rouge.png","datePublished":"2022-05-10T05:27:44+00:00","dateModified":"2022-05-10T05:35:11+00:00","breadcrumb":{"@id":"https:\/\/regions-snetap-fsu.fr\/pdl\/2022\/05\/10\/declaration-des-representant-es-de-la-fsu-au-conseil-de-leducation-nationale-du-9-mai-2021\/#breadcrumb"},"inLanguage":"fr-FR","potentialAction":[{"@type":"ReadAction","target":["https:\/\/regions-snetap-fsu.fr\/pdl\/2022\/05\/10\/declaration-des-representant-es-de-la-fsu-au-conseil-de-leducation-nationale-du-9-mai-2021\/"]}]},{"@type":"ImageObject","inLanguage":"fr-FR","@id":"https:\/\/regions-snetap-fsu.fr\/pdl\/2022\/05\/10\/declaration-des-representant-es-de-la-fsu-au-conseil-de-leducation-nationale-du-9-mai-2021\/#primaryimage","url":"https:\/\/regions-snetap-fsu.fr\/pdl\/wp-content\/uploads\/sites\/4\/2021\/03\/fsu-sign-horiz-rouge.png","contentUrl":"https:\/\/regions-snetap-fsu.fr\/pdl\/wp-content\/uploads\/sites\/4\/2021\/03\/fsu-sign-horiz-rouge.png","width":921,"height":420},{"@type":"BreadcrumbList","@id":"https:\/\/regions-snetap-fsu.fr\/pdl\/2022\/05\/10\/declaration-des-representant-es-de-la-fsu-au-conseil-de-leducation-nationale-du-9-mai-2021\/#breadcrumb","itemListElement":[{"@type":"ListItem","position":1,"name":"Accueil","item":"https:\/\/regions-snetap-fsu.fr\/pdl\/"},{"@type":"ListItem","position":2,"name":"Quand le Conseil r\u00e9gional continue de favoriser le Priv\u00e9"}]},{"@type":"WebSite","@id":"https:\/\/regions-snetap-fsu.fr\/pdl\/#website","url":"https:\/\/regions-snetap-fsu.fr\/pdl\/","name":"SNETAP-FSU PAYS DE LA LOIRE","description":"SECTION REGIONALE","publisher":{"@id":"https:\/\/regions-snetap-fsu.fr\/pdl\/#organization"},"potentialAction":[{"@type":"SearchAction","target":{"@type":"EntryPoint","urlTemplate":"https:\/\/regions-snetap-fsu.fr\/pdl\/?s={search_term_string}"},"query-input":{"@type":"PropertyValueSpecification","valueRequired":true,"valueName":"search_term_string"}}],"inLanguage":"fr-FR"},{"@type":"Organization","@id":"https:\/\/regions-snetap-fsu.fr\/pdl\/#organization","name":"SNETAP-FSU Pays de Loire","url":"https:\/\/regions-snetap-fsu.fr\/pdl\/","logo":{"@type":"ImageObject","inLanguage":"fr-FR","@id":"https:\/\/regions-snetap-fsu.fr\/pdl\/#\/schema\/logo\/image\/","url":"https:\/\/regions-snetap-fsu.fr\/pdl\/wp-content\/uploads\/sites\/4\/2020\/12\/SNETAP-Logo.jpg","contentUrl":"https:\/\/regions-snetap-fsu.fr\/pdl\/wp-content\/uploads\/sites\/4\/2020\/12\/SNETAP-Logo.jpg","width":464,"height":334,"caption":"SNETAP-FSU Pays de Loire"},"image":{"@id":"https:\/\/regions-snetap-fsu.fr\/pdl\/#\/schema\/logo\/image\/"}},{"@type":"Person","@id":"https:\/\/regions-snetap-fsu.fr\/pdl\/#\/schema\/person\/d4530af043f9e8d27bdd71c468ec93b1","name":"yvigner","image":{"@type":"ImageObject","inLanguage":"fr-FR","@id":"https:\/\/secure.gravatar.com\/avatar\/bc72baa6f2406549aecf77a837bc4f03dbe88472c1762138f868571430a23820?s=96&d=mm&r=g","url":"https:\/\/secure.gravatar.com\/avatar\/bc72baa6f2406549aecf77a837bc4f03dbe88472c1762138f868571430a23820?s=96&d=mm&r=g","contentUrl":"https:\/\/secure.gravatar.com\/avatar\/bc72baa6f2406549aecf77a837bc4f03dbe88472c1762138f868571430a23820?s=96&d=mm&r=g","caption":"yvigner"},"url":"https:\/\/regions-snetap-fsu.fr\/pdl\/author\/yvigner\/"}]}},"_links":{"self":[{"href":"https:\/\/regions-snetap-fsu.fr\/pdl\/wp-json\/wp\/v2\/posts\/4341","targetHints":{"allow":["GET"]}}],"collection":[{"href":"https:\/\/regions-snetap-fsu.fr\/pdl\/wp-json\/wp\/v2\/posts"}],"about":[{"href":"https:\/\/regions-snetap-fsu.fr\/pdl\/wp-json\/wp\/v2\/types\/post"}],"author":[{"embeddable":true,"href":"https:\/\/regions-snetap-fsu.fr\/pdl\/wp-json\/wp\/v2\/users\/2"}],"replies":[{"embeddable":true,"href":"https:\/\/regions-snetap-fsu.fr\/pdl\/wp-json\/wp\/v2\/comments?post=4341"}],"version-history":[{"count":4,"href":"https:\/\/regions-snetap-fsu.fr\/pdl\/wp-json\/wp\/v2\/posts\/4341\/revisions"}],"predecessor-version":[{"id":4346,"href":"https:\/\/regions-snetap-fsu.fr\/pdl\/wp-json\/wp\/v2\/posts\/4341\/revisions\/4346"}],"wp:featuredmedia":[{"embeddable":true,"href":"https:\/\/regions-snetap-fsu.fr\/pdl\/wp-json\/wp\/v2\/media\/3887"}],"wp:attachment":[{"href":"https:\/\/regions-snetap-fsu.fr\/pdl\/wp-json\/wp\/v2\/media?parent=4341"}],"wp:term":[{"taxonomy":"category","embeddable":true,"href":"https:\/\/regions-snetap-fsu.fr\/pdl\/wp-json\/wp\/v2\/categories?post=4341"},{"taxonomy":"post_tag","embeddable":true,"href":"https:\/\/regions-snetap-fsu.fr\/pdl\/wp-json\/wp\/v2\/tags?post=4341"},{"taxonomy":"post_folder","embeddable":true,"href":"https:\/\/regions-snetap-fsu.fr\/pdl\/wp-json\/wp\/v2\/post_folder?post=4341"}],"curies":[{"name":"wp","href":"https:\/\/api.w.org\/{rel}","templated":true}]}}