{"id":4318,"date":"2022-04-28T23:52:07","date_gmt":"2022-04-28T21:52:07","guid":{"rendered":"https:\/\/regions-snetap-fsu.fr\/pdl\/?p=4318"},"modified":"2022-04-29T00:05:42","modified_gmt":"2022-04-28T22:05:42","slug":"situation-des-aesh-en-pays-de-la-loire-continuer-davancer-pour-la-reconnaissance-du-metier-et-lamelioration-des-conditions-de-travail","status":"publish","type":"post","link":"https:\/\/regions-snetap-fsu.fr\/pdl\/2022\/04\/28\/situation-des-aesh-en-pays-de-la-loire-continuer-davancer-pour-la-reconnaissance-du-metier-et-lamelioration-des-conditions-de-travail\/","title":{"rendered":"Situation des AESH en Pays de la Loire : continuer d&rsquo;avancer pour la reconnaissance du m\u00e9tier et l&rsquo;am\u00e9lioration des conditions de travail."},"content":{"rendered":"<p lang=\"zxx\" align=\"justify\"><span style=\"font-family: Arial, sans-serif;\">Un groupe de travail issu du Comit\u00e9 Technique r\u00e9gional s&rsquo;est r\u00e9uni le 26 avril 2022 concernant la situation des AESH dans la r\u00e9gion des Pays de la Loire. Son objectif \u00e9tait double : fait un point sur la r\u00e9gularisation des situations des agent.es (entendre : mettre fin au non respect de la r\u00e9glementation par les EPL) et poursuivre la r\u00e9daction d&rsquo;un vademecum-guide pour tous les AESH de la r\u00e9gion. <\/span><span style=\"font-family: Arial, sans-serif;\">L&rsquo;intersyndicale SNETAP-CGT-SUD \u00e9tait repr\u00e9sent\u00e9e par M\u00e9lanie GIRARD, Eliane LABIDOIRE, Baptiste CHAUVIN et Yoann VIGNER. <\/span><\/p>\n<p lang=\"zxx\" align=\"justify\"><span style=\"font-family: Arial, sans-serif;\"><span style=\"font-size: large;\"><b>Des probl\u00e8mes qui demeurent<\/b><\/span><\/span><\/p>\n<p lang=\"zxx\" align=\"justify\"><span style=\"font-family: Arial, sans-serif;\"><b>Certains \u00e9tablissements demandent aux AESH d&rsquo;autres missions que celles li\u00e9es \u00e0 l&rsquo;inclusion : l&rsquo;exemple des JPO<\/b><\/span><\/p>\n<p lang=\"zxx\" align=\"justify\"><span style=\"font-family: Arial, sans-serif;\">Dans certains \u00e9tablissements il a \u00e9t\u00e9 demand\u00e9 aux AESH d&rsquo;\u00eatre pr\u00e9sent-e-s aux JPO ce qui est probl\u00e9matique sur deux points. Tout d&rsquo;abord, les 7 heures dues pour la\u00a0 journ\u00e9e dite de solidarit\u00e9 sont d\u00e9j\u00e0 int\u00e9gr\u00e9es au d\u00e9compte des heures des AESH (demander aux AESH d&rsquo;intervenir lors des JPO sous pr\u00e9texte qu&rsquo;ils-elles doivent ces heures est donc faux et ill\u00e9gal). De plus l&rsquo;instruction de la DGER est claire quant aux missions des AESH, seules des t\u00e2ches d&rsquo;inclusion peuvent \u00eatre demand\u00e9es aux AESH, or les JPO n&rsquo;entrent pas dans ce cadre. Dans les \u00e9tablissements ayant fait l&rsquo;erreur, les AESH devront donc \u00eatre pay\u00e9-e-s en heures suppl\u00e9mentaires ou r\u00e9cup\u00e9rer les heures. <\/span><\/p>\n<p lang=\"zxx\" align=\"justify\"><span style=\"font-family: Arial, sans-serif;\"><b>Le p<\/b><b>robl\u00e8me d<\/b><b>u calcul de la quotit\u00e9 <\/b><b>de travail<\/b><\/span><\/p>\n<p lang=\"zxx\" align=\"justify\"><span style=\"font-family: Arial, sans-serif;\">Depuis d\u00e9j\u00e0 plusieurs ann\u00e9es, les notes de service demandent aux employeurs d&rsquo;AESH d&rsquo;arrondir la quotit\u00e9 de travail \u00e0 l&rsquo;entier sup\u00e9rieur. Dans de trop nombreux \u00e9tablissements de la r\u00e9gion cette r\u00e8gle n&rsquo;est appliqu\u00e9e. Nous avons propos\u00e9 \u00e0 la DRAAF un outil pour calculer le manque \u00e0 gagner pour les agent.es. Elle contactera ces \u00e9tablissements pour que les contrats soient rapidement chang\u00e9s et qu&rsquo;un rattrapage de salaire soit op\u00e9r\u00e9. Enfin, il demeure quelques situations d&rsquo;\u00e9tablissement qui n&rsquo;ont pas totalement appliqu\u00e9 les r\u00e8gles de r\u00e9gularisation (probl\u00e8me d&rsquo;indice notamment) suite aux instructions DGER du printemps 2021.<\/span><\/p>\n<p lang=\"zxx\" align=\"justify\"><span style=\"font-family: Arial, sans-serif;\"><span style=\"font-size: medium;\"><b>R\u00e8gle de priorit\u00e9 entre AESH <\/b><\/span><\/span><\/p>\n<p lang=\"zxx\" align=\"justify\"><span style=\"font-family: Arial, sans-serif;\">Le nombre d&rsquo;heures d&rsquo;accompagnement d\u00e9pend des notifications des \u00e9l\u00e8ves, ce nombre d&rsquo;heures peut donc fortement varier d&rsquo;une ann\u00e9e sur l&rsquo;autre, c&rsquo;est une source majeure de la pr\u00e9carit\u00e9 des postes. Mais aucun texte \u00e0 ce jour ne pr\u00e9voit de la r\u00e9partition des heures entre plusieurs AESH d&rsquo;un m\u00eame \u00e9tablissement. Aucun texte ne pr\u00e9cise quel crit\u00e8re est utilis\u00e9 quand un besoin d&rsquo;accompagnement disparait pour d\u00e9cider qui perdra des heures, voire son poste. \u00c0 partir de quel nombre d&rsquo;heures pr\u00e9voit on un licenciement? En fonction de quels crit\u00e8res choisit on de licencier tel ou tel AESH? (anciennet\u00e9, CDI ou CDD, suivi continu des \u00e9l\u00e8ves,&#8230;). Ce manque d&rsquo;informations cr\u00e9e de l&rsquo;incertitude et de l&rsquo;anxi\u00e9t\u00e9 chez les AESH et rend difficile la gestion des ressources humaines pour les \u00e9tablissements. Nous avons demand\u00e9 que r\u00e9gionalement et nationalement des r\u00e8gles soient r\u00e9fl\u00e9chies. <\/span><\/p>\n<p lang=\"zxx\" align=\"justify\"><span style=\"font-family: Arial, sans-serif;\"><b>Lecteur<\/b><b>&#8211;<\/b><b>scripteur<\/b><\/span><\/p>\n<p lang=\"zxx\" align=\"justify\"><span style=\"font-family: Arial, sans-serif;\">Le besoin de lecteurs scripteurs s&rsquo;accentue pour les \u00e9l\u00e8ves notifi\u00e9s mais aussi pour les \u00e9l\u00e8ves n&rsquo;ayant pas d&rsquo;AESH. Par simplicit\u00e9 les administrations consid\u00e8rent que cette t\u00e2che incombe aux AESH, malheureusement elle rentre alors en concurrence avec l&rsquo;accompagnement au quotidien des \u00e9l\u00e8ves-\u00e9tudiant.es. Les \u00e9l\u00e8ves notifi\u00e9s perdant une partie des heures d&rsquo;accompagnement qui leur sont pourtant dues quant leur AESH est bloqu\u00e9 sur des missions de lecteur scripteur. C&rsquo;est INACCEPTABLE ! L&rsquo;accompagnement est une priorit\u00e9 et ce sont donc d&rsquo;autres agents qui doivent \u00eatre convoqu\u00e9s pour les examens-\u00e9valuations. <\/span><\/p>\n<p lang=\"zxx\" align=\"justify\"><span style=\"font-family: Arial, sans-serif;\"><b>CDIsation<\/b><\/span><\/p>\n<p lang=\"zxx\" align=\"justify\"><span style=\"font-family: Arial, sans-serif;\">La derni\u00e8re instruction, la DGER demande aux DRAAF de remonter les dossiers des AESH \u00ab\u00a0CDISABLE\u00a0\u00bb d\u00e8s le mois d&rsquo;avril pour la rentr\u00e9e de septembre suivante. Or, nombre de coll\u00e8gues n&rsquo;ont pas commenc\u00e9 en septembre d&rsquo;une ann\u00e9e scolaire. Nous avons donc convenu avec l&rsquo;administration que les situations des coll\u00e8gues seront port\u00e9s \u00e0 connaissance du SRH du Minist\u00e8re d\u00e8s l&rsquo;ann\u00e9e n-1 pour une CDISATION l&rsquo;ann\u00e9e n. <\/span><\/p>\n<p lang=\"zxx\" align=\"justify\"><span style=\"font-family: Arial, sans-serif;\"><span style=\"font-size: large;\"><b>Se former et \u00e9changer sur nos pratiques<\/b><\/span><\/span><\/p>\n<p lang=\"zxx\" align=\"justify\"><span style=\"font-family: Arial, sans-serif;\">La DRAAF avance sur le th\u00e8me de la formation apport\u00e9e aux AESH entrant en fonction pour se rapprocher de l&rsquo;exigence des 60h lors de la premi\u00e8re ann\u00e9e de poste. D\u00e8s l&rsquo;ann\u00e9e scolaire prochaine, un cycle de formation obligatoire sera mis en place pour les AESH n&rsquo;ayant pas eu la formation, une partie se fera en pr\u00e9sentiel, une autre en distanciel. Les repr\u00e9sentants du SNETAP ont \u00e9mis le besoin de l&rsquo;organisation d&rsquo;\u00e9changes de pratiques entre coll\u00e8gues AESH au moins une fois par an pour cr\u00e9er une \u00e9mulation sur les pratiques et lutter contre les situations d&rsquo;isolement que peuvent connaitre certain-e-s agent-e-s. Un nouveau dossier Resana \u00ab\u00a0AESH Pays de la Loire\u00a0\u00bb va \u00eatre mis en place pour cr\u00e9er un espace d&rsquo;\u00e9changes entre les coll\u00e8gues de la r\u00e9gion. <\/span><\/p>\n<p lang=\"zxx\" align=\"justify\"><span style=\"font-family: Arial, sans-serif;\"><span style=\"font-size: large;\"><b>AESH r\u00e9f\u00e9rent<\/b><\/span><\/span><\/p>\n<p lang=\"zxx\" align=\"justify\"><span style=\"font-family: Arial, sans-serif;\">Dans la m\u00eame discussion a \u00e9t\u00e9 \u00e9voqu\u00e9 l&rsquo;int\u00e9ret du dispositif d&rsquo;AESH r\u00e9f\u00e9rent-e mis en place dans l&rsquo;EN. L&rsquo;AESH r\u00e9f\u00e9rent-e a pour mission d&rsquo;animer le r\u00e9seau, d&rsquo;organiser le travail et les \u00e9changes entre AESH. Une prime de 600 euros mais surtout un temps de travail (4h hebdo) consacr\u00e9 \u00e0 cette mission pourrait \u00eatre pertinent. Nous en avons fait \u00e9tat devant l&rsquo;administration. <\/span><\/p>\n<p lang=\"zxx\" align=\"justify\"><span style=\"font-family: Arial, sans-serif; color: #ff0000;\"><span style=\"font-size: large;\"><b>Accompagnement mutualis\u00e9 : ATTENTION DANGER ! <\/b><\/span><\/span><\/p>\n<p lang=\"zxx\" align=\"justify\"><span style=\"font-family: Arial, sans-serif; color: #ff0000;\">Depuis plusieurs mois, on peut constater que les MDPH\/MDA concluent leurs instructions des dossiers en attribuant aux \u00e9l\u00e8ves un accompagnement mutualis\u00e9 sans indication horaire. Or, si l&rsquo;instruction de la DGER de janvier 2022 pr\u00e9cise bien que que le nombre d&rsquo;heures d&rsquo;un accompagnement mutualis\u00e9 est d\u00e9fini par l&rsquo;\u00e9quipe \u00e9ducative, les probl\u00e9matiques budg\u00e9taires, les contraintes organisationnelles conduisent la DRAAF \u00e0 souvent limiter le nombre d&rsquo;heures d&rsquo;accompagner, parfois tr\u00e8s en de\u00e7\u00e0 des besoins estim\u00e9s par les \u00e9quipes. Pour la rentr\u00e9e prochaine, c&rsquo;est un montant forfaitaire d&rsquo;environ 9h que la DRAAF envisage d&rsquo;attribuer !<\/span><\/p>\n<p lang=\"zxx\" align=\"justify\"><span style=\"font-family: Arial, sans-serif;\"><span style=\"color: #ff0000;\">Le SNETAP-FSU refuse que le texte r\u00e9glementaire ne soit pas respect\u00e9. Si dans sa communication, la DGER consid\u00e8re que le financement de l&rsquo;inclusion n&rsquo;est pas un probl\u00e8me budg\u00e9taire alors elle doit permettre \u00e0 toutes les DRAAF de mettre en place le meilleur accompagnement possible (ici d\u00e9cid\u00e9 par l&rsquo;\u00e9quipe p\u00e9dagogique et la famille) ! Nous nous opposerons, avec les familles, \u00e0 tout non respect des textes qui d\u00e9graderait l&rsquo;accompagnement des jeunes<\/span>. <\/span><\/p>\n<p lang=\"zxx\" align=\"justify\"><span style=\"font-family: Arial, sans-serif;\"><span style=\"font-size: large;\"><b>\u00c9criture d&rsquo;un vademecum ou guide d&rsquo;accueil des AESH : un travail n\u00e9cessaire<\/b><\/span><\/span><\/p>\n<p lang=\"zxx\" align=\"justify\"><span style=\"font-family: Arial, sans-serif;\">Nous nous sommes mis d&rsquo;accord, enfin, sur les objectifs et la marche \u00e0 suivre afin de r\u00e9diger un Vademecum qui vise \u00e0 am\u00e9liorer l&rsquo;accueil et la connaissances du m\u00e9tier et de leurs fonctions, de leurs droits\u00a0 pour les AESH. En s&rsquo;appuyant sur les travaux commenc\u00e9s l&rsquo;an pass\u00e9 et en s&rsquo;inspirant du guide des AESH de l&rsquo;EN, ce document co-r\u00e9dig\u00e9 par les diff\u00e9rents acteurs devrait \u00eatre mis en place \u00e0 la rentr\u00e9e prochaine. <\/span><\/p>\n<p lang=\"zxx\" style=\"text-align: right;\" align=\"justify\"><strong><span style=\"font-family: arial, helvetica, sans-serif;\">Pour la d\u00e9l\u00e9gation, Baptiste CHAUVIN et Yoann VIGNER<\/span><\/strong><\/p>\n","protected":false},"excerpt":{"rendered":"<p>Un groupe de travail issu du Comit\u00e9 Technique r\u00e9gional s&rsquo;est r\u00e9uni le 26 avril 2022 concernant la situation des AESH dans la r\u00e9gion des Pays de la Loire. Son objectif \u00e9tait double : fait un point sur la r\u00e9gularisation des situations des agent.es (entendre : mettre fin au non respect de la r\u00e9glementation par les [&hellip;]<\/p>\n","protected":false},"author":2,"featured_media":4319,"comment_status":"closed","ping_status":"closed","sticky":false,"template":"","format":"standard","meta":{"ocean_post_layout":"","ocean_both_sidebars_style":"","ocean_both_sidebars_content_width":0,"ocean_both_sidebars_sidebars_width":0,"ocean_sidebar":"0","ocean_second_sidebar":"0","ocean_disable_margins":"enable","ocean_add_body_class":"","ocean_shortcode_before_top_bar":"","ocean_shortcode_after_top_bar":"","ocean_shortcode_before_header":"","ocean_shortcode_after_header":"","ocean_has_shortcode":"","ocean_shortcode_after_title":"","ocean_shortcode_before_footer_widgets":"","ocean_shortcode_after_footer_widgets":"","ocean_shortcode_before_footer_bottom":"","ocean_shortcode_after_footer_bottom":"","ocean_display_top_bar":"default","ocean_display_header":"default","ocean_header_style":"","ocean_center_header_left_menu":"0","ocean_custom_header_template":"0","ocean_custom_logo":0,"ocean_custom_retina_logo":0,"ocean_custom_logo_max_width":0,"ocean_custom_logo_tablet_max_width":0,"ocean_custom_logo_mobile_max_width":0,"ocean_custom_logo_max_height":0,"ocean_custom_logo_tablet_max_height":0,"ocean_custom_logo_mobile_max_height":0,"ocean_header_custom_menu":"0","ocean_menu_typo_font_family":"0","ocean_menu_typo_font_subset":"","ocean_menu_typo_font_size":0,"ocean_menu_typo_font_size_tablet":0,"ocean_menu_typo_font_size_mobile":0,"ocean_menu_typo_font_size_unit":"px","ocean_menu_typo_font_weight":"","ocean_menu_typo_font_weight_tablet":"","ocean_menu_typo_font_weight_mobile":"","ocean_menu_typo_transform":"","ocean_menu_typo_transform_tablet":"","ocean_menu_typo_transform_mobile":"","ocean_menu_typo_line_height":0,"ocean_menu_typo_line_height_tablet":0,"ocean_menu_typo_line_height_mobile":0,"ocean_menu_typo_line_height_unit":"","ocean_menu_typo_spacing":0,"ocean_menu_typo_spacing_tablet":0,"ocean_menu_typo_spacing_mobile":0,"ocean_menu_typo_spacing_unit":"","ocean_menu_link_color":"","ocean_menu_link_color_hover":"","ocean_menu_link_color_active":"","ocean_menu_link_background":"","ocean_menu_link_hover_background":"","ocean_menu_link_active_background":"","ocean_menu_social_links_bg":"","ocean_menu_social_hover_links_bg":"","ocean_menu_social_links_color":"","ocean_menu_social_hover_links_color":"","ocean_disable_title":"default","ocean_disable_heading":"default","ocean_post_title":"","ocean_post_subheading":"","ocean_post_title_style":"","ocean_post_title_background_color":"","ocean_post_title_background":0,"ocean_post_title_bg_image_position":"","ocean_post_title_bg_image_attachment":"","ocean_post_title_bg_image_repeat":"","ocean_post_title_bg_image_size":"","ocean_post_title_height":0,"ocean_post_title_bg_overlay":0.5,"ocean_post_title_bg_overlay_color":"","ocean_disable_breadcrumbs":"default","ocean_breadcrumbs_color":"","ocean_breadcrumbs_separator_color":"","ocean_breadcrumbs_links_color":"","ocean_breadcrumbs_links_hover_color":"","ocean_display_footer_widgets":"default","ocean_display_footer_bottom":"default","ocean_custom_footer_template":"0","ocean_post_oembed":"","ocean_post_self_hosted_media":"","ocean_post_video_embed":"","ocean_link_format":"","ocean_link_format_target":"self","ocean_quote_format":"","ocean_quote_format_link":"post","ocean_gallery_link_images":"off","ocean_gallery_id":[],"footnotes":""},"categories":[28,37],"tags":[],"post_folder":[],"class_list":["post-4318","post","type-post","status-publish","format-standard","has-post-thumbnail","hentry","category-actions-regionales","category-aesh","entry","has-media"],"yoast_head":"<!-- This site is optimized with the Yoast SEO plugin v27.4 - https:\/\/yoast.com\/product\/yoast-seo-wordpress\/ -->\n<title>Situation des AESH en Pays de la Loire : continuer d&#039;avancer pour la reconnaissance du m\u00e9tier et l&#039;am\u00e9lioration des conditions de travail. - PAYS DE LA LOIRE<\/title>\n<meta name=\"robots\" content=\"index, follow, max-snippet:-1, max-image-preview:large, max-video-preview:-1\" \/>\n<link rel=\"canonical\" href=\"https:\/\/regions-snetap-fsu.fr\/pdl\/2022\/04\/28\/situation-des-aesh-en-pays-de-la-loire-continuer-davancer-pour-la-reconnaissance-du-metier-et-lamelioration-des-conditions-de-travail\/\" \/>\n<meta property=\"og:locale\" content=\"fr_FR\" \/>\n<meta property=\"og:type\" content=\"article\" \/>\n<meta property=\"og:title\" content=\"Situation des AESH en Pays de la Loire : continuer d&#039;avancer pour la reconnaissance du m\u00e9tier et l&#039;am\u00e9lioration des conditions de travail. - PAYS DE LA LOIRE\" \/>\n<meta property=\"og:description\" content=\"Un groupe de travail issu du Comit\u00e9 Technique r\u00e9gional s&rsquo;est r\u00e9uni le 26 avril 2022 concernant la situation des AESH dans la r\u00e9gion des Pays de la Loire. Son objectif \u00e9tait double : fait un point sur la r\u00e9gularisation des situations des agent.es (entendre : mettre fin au non respect de la r\u00e9glementation par les [&hellip;]\" \/>\n<meta property=\"og:url\" content=\"https:\/\/regions-snetap-fsu.fr\/pdl\/2022\/04\/28\/situation-des-aesh-en-pays-de-la-loire-continuer-davancer-pour-la-reconnaissance-du-metier-et-lamelioration-des-conditions-de-travail\/\" \/>\n<meta property=\"og:site_name\" content=\"PAYS DE LA LOIRE\" \/>\n<meta property=\"article:published_time\" content=\"2022-04-28T21:52:07+00:00\" \/>\n<meta property=\"article:modified_time\" content=\"2022-04-28T22:05:42+00:00\" \/>\n<meta property=\"og:image\" content=\"https:\/\/regions-snetap-fsu.fr\/pdl\/wp-content\/uploads\/sites\/4\/2022\/04\/20220426_165146-scaled.jpg\" \/>\n\t<meta property=\"og:image:width\" content=\"1440\" \/>\n\t<meta property=\"og:image:height\" content=\"2560\" \/>\n\t<meta property=\"og:image:type\" content=\"image\/jpeg\" \/>\n<meta name=\"author\" content=\"yvigner\" \/>\n<meta name=\"twitter:card\" content=\"summary_large_image\" \/>\n<meta name=\"twitter:label1\" content=\"\u00c9crit par\" \/>\n\t<meta name=\"twitter:data1\" content=\"yvigner\" \/>\n\t<meta name=\"twitter:label2\" content=\"Dur\u00e9e de lecture estim\u00e9e\" \/>\n\t<meta name=\"twitter:data2\" content=\"6 minutes\" \/>\n<script type=\"application\/ld+json\" class=\"yoast-schema-graph\">{\"@context\":\"https:\\\/\\\/schema.org\",\"@graph\":[{\"@type\":\"Article\",\"@id\":\"https:\\\/\\\/regions-snetap-fsu.fr\\\/pdl\\\/2022\\\/04\\\/28\\\/situation-des-aesh-en-pays-de-la-loire-continuer-davancer-pour-la-reconnaissance-du-metier-et-lamelioration-des-conditions-de-travail\\\/#article\",\"isPartOf\":{\"@id\":\"https:\\\/\\\/regions-snetap-fsu.fr\\\/pdl\\\/2022\\\/04\\\/28\\\/situation-des-aesh-en-pays-de-la-loire-continuer-davancer-pour-la-reconnaissance-du-metier-et-lamelioration-des-conditions-de-travail\\\/\"},\"author\":{\"name\":\"yvigner\",\"@id\":\"https:\\\/\\\/regions-snetap-fsu.fr\\\/pdl\\\/#\\\/schema\\\/person\\\/d4530af043f9e8d27bdd71c468ec93b1\"},\"headline\":\"Situation des AESH en Pays de la Loire : continuer d&rsquo;avancer pour la reconnaissance du m\u00e9tier et l&rsquo;am\u00e9lioration des conditions de travail.\",\"datePublished\":\"2022-04-28T21:52:07+00:00\",\"dateModified\":\"2022-04-28T22:05:42+00:00\",\"mainEntityOfPage\":{\"@id\":\"https:\\\/\\\/regions-snetap-fsu.fr\\\/pdl\\\/2022\\\/04\\\/28\\\/situation-des-aesh-en-pays-de-la-loire-continuer-davancer-pour-la-reconnaissance-du-metier-et-lamelioration-des-conditions-de-travail\\\/\"},\"wordCount\":1271,\"publisher\":{\"@id\":\"https:\\\/\\\/regions-snetap-fsu.fr\\\/pdl\\\/#organization\"},\"image\":{\"@id\":\"https:\\\/\\\/regions-snetap-fsu.fr\\\/pdl\\\/2022\\\/04\\\/28\\\/situation-des-aesh-en-pays-de-la-loire-continuer-davancer-pour-la-reconnaissance-du-metier-et-lamelioration-des-conditions-de-travail\\\/#primaryimage\"},\"thumbnailUrl\":\"https:\\\/\\\/regions-snetap-fsu.fr\\\/pdl\\\/wp-content\\\/uploads\\\/sites\\\/4\\\/2022\\\/04\\\/20220426_165146-scaled.jpg\",\"articleSection\":[\"Actions r\u00e9gionales\",\"AESH\"],\"inLanguage\":\"fr-FR\"},{\"@type\":\"WebPage\",\"@id\":\"https:\\\/\\\/regions-snetap-fsu.fr\\\/pdl\\\/2022\\\/04\\\/28\\\/situation-des-aesh-en-pays-de-la-loire-continuer-davancer-pour-la-reconnaissance-du-metier-et-lamelioration-des-conditions-de-travail\\\/\",\"url\":\"https:\\\/\\\/regions-snetap-fsu.fr\\\/pdl\\\/2022\\\/04\\\/28\\\/situation-des-aesh-en-pays-de-la-loire-continuer-davancer-pour-la-reconnaissance-du-metier-et-lamelioration-des-conditions-de-travail\\\/\",\"name\":\"Situation des AESH en Pays de la Loire : continuer d'avancer pour la reconnaissance du m\u00e9tier et l'am\u00e9lioration des conditions de travail. - PAYS DE LA LOIRE\",\"isPartOf\":{\"@id\":\"https:\\\/\\\/regions-snetap-fsu.fr\\\/pdl\\\/#website\"},\"primaryImageOfPage\":{\"@id\":\"https:\\\/\\\/regions-snetap-fsu.fr\\\/pdl\\\/2022\\\/04\\\/28\\\/situation-des-aesh-en-pays-de-la-loire-continuer-davancer-pour-la-reconnaissance-du-metier-et-lamelioration-des-conditions-de-travail\\\/#primaryimage\"},\"image\":{\"@id\":\"https:\\\/\\\/regions-snetap-fsu.fr\\\/pdl\\\/2022\\\/04\\\/28\\\/situation-des-aesh-en-pays-de-la-loire-continuer-davancer-pour-la-reconnaissance-du-metier-et-lamelioration-des-conditions-de-travail\\\/#primaryimage\"},\"thumbnailUrl\":\"https:\\\/\\\/regions-snetap-fsu.fr\\\/pdl\\\/wp-content\\\/uploads\\\/sites\\\/4\\\/2022\\\/04\\\/20220426_165146-scaled.jpg\",\"datePublished\":\"2022-04-28T21:52:07+00:00\",\"dateModified\":\"2022-04-28T22:05:42+00:00\",\"breadcrumb\":{\"@id\":\"https:\\\/\\\/regions-snetap-fsu.fr\\\/pdl\\\/2022\\\/04\\\/28\\\/situation-des-aesh-en-pays-de-la-loire-continuer-davancer-pour-la-reconnaissance-du-metier-et-lamelioration-des-conditions-de-travail\\\/#breadcrumb\"},\"inLanguage\":\"fr-FR\",\"potentialAction\":[{\"@type\":\"ReadAction\",\"target\":[\"https:\\\/\\\/regions-snetap-fsu.fr\\\/pdl\\\/2022\\\/04\\\/28\\\/situation-des-aesh-en-pays-de-la-loire-continuer-davancer-pour-la-reconnaissance-du-metier-et-lamelioration-des-conditions-de-travail\\\/\"]}]},{\"@type\":\"ImageObject\",\"inLanguage\":\"fr-FR\",\"@id\":\"https:\\\/\\\/regions-snetap-fsu.fr\\\/pdl\\\/2022\\\/04\\\/28\\\/situation-des-aesh-en-pays-de-la-loire-continuer-davancer-pour-la-reconnaissance-du-metier-et-lamelioration-des-conditions-de-travail\\\/#primaryimage\",\"url\":\"https:\\\/\\\/regions-snetap-fsu.fr\\\/pdl\\\/wp-content\\\/uploads\\\/sites\\\/4\\\/2022\\\/04\\\/20220426_165146-scaled.jpg\",\"contentUrl\":\"https:\\\/\\\/regions-snetap-fsu.fr\\\/pdl\\\/wp-content\\\/uploads\\\/sites\\\/4\\\/2022\\\/04\\\/20220426_165146-scaled.jpg\",\"width\":1440,\"height\":2560},{\"@type\":\"BreadcrumbList\",\"@id\":\"https:\\\/\\\/regions-snetap-fsu.fr\\\/pdl\\\/2022\\\/04\\\/28\\\/situation-des-aesh-en-pays-de-la-loire-continuer-davancer-pour-la-reconnaissance-du-metier-et-lamelioration-des-conditions-de-travail\\\/#breadcrumb\",\"itemListElement\":[{\"@type\":\"ListItem\",\"position\":1,\"name\":\"Accueil\",\"item\":\"https:\\\/\\\/regions-snetap-fsu.fr\\\/pdl\\\/\"},{\"@type\":\"ListItem\",\"position\":2,\"name\":\"Situation des AESH en Pays de la Loire : continuer d&rsquo;avancer pour la reconnaissance du m\u00e9tier et l&rsquo;am\u00e9lioration des conditions de travail.\"}]},{\"@type\":\"WebSite\",\"@id\":\"https:\\\/\\\/regions-snetap-fsu.fr\\\/pdl\\\/#website\",\"url\":\"https:\\\/\\\/regions-snetap-fsu.fr\\\/pdl\\\/\",\"name\":\"SNETAP-FSU PAYS DE LA LOIRE\",\"description\":\"SECTION REGIONALE\",\"publisher\":{\"@id\":\"https:\\\/\\\/regions-snetap-fsu.fr\\\/pdl\\\/#organization\"},\"potentialAction\":[{\"@type\":\"SearchAction\",\"target\":{\"@type\":\"EntryPoint\",\"urlTemplate\":\"https:\\\/\\\/regions-snetap-fsu.fr\\\/pdl\\\/?s={search_term_string}\"},\"query-input\":{\"@type\":\"PropertyValueSpecification\",\"valueRequired\":true,\"valueName\":\"search_term_string\"}}],\"inLanguage\":\"fr-FR\"},{\"@type\":\"Organization\",\"@id\":\"https:\\\/\\\/regions-snetap-fsu.fr\\\/pdl\\\/#organization\",\"name\":\"SNETAP-FSU Pays de Loire\",\"url\":\"https:\\\/\\\/regions-snetap-fsu.fr\\\/pdl\\\/\",\"logo\":{\"@type\":\"ImageObject\",\"inLanguage\":\"fr-FR\",\"@id\":\"https:\\\/\\\/regions-snetap-fsu.fr\\\/pdl\\\/#\\\/schema\\\/logo\\\/image\\\/\",\"url\":\"https:\\\/\\\/regions-snetap-fsu.fr\\\/pdl\\\/wp-content\\\/uploads\\\/sites\\\/4\\\/2020\\\/12\\\/SNETAP-Logo.jpg\",\"contentUrl\":\"https:\\\/\\\/regions-snetap-fsu.fr\\\/pdl\\\/wp-content\\\/uploads\\\/sites\\\/4\\\/2020\\\/12\\\/SNETAP-Logo.jpg\",\"width\":464,\"height\":334,\"caption\":\"SNETAP-FSU Pays de Loire\"},\"image\":{\"@id\":\"https:\\\/\\\/regions-snetap-fsu.fr\\\/pdl\\\/#\\\/schema\\\/logo\\\/image\\\/\"}},{\"@type\":\"Person\",\"@id\":\"https:\\\/\\\/regions-snetap-fsu.fr\\\/pdl\\\/#\\\/schema\\\/person\\\/d4530af043f9e8d27bdd71c468ec93b1\",\"name\":\"yvigner\",\"image\":{\"@type\":\"ImageObject\",\"inLanguage\":\"fr-FR\",\"@id\":\"https:\\\/\\\/secure.gravatar.com\\\/avatar\\\/bc72baa6f2406549aecf77a837bc4f03dbe88472c1762138f868571430a23820?s=96&d=mm&r=g\",\"url\":\"https:\\\/\\\/secure.gravatar.com\\\/avatar\\\/bc72baa6f2406549aecf77a837bc4f03dbe88472c1762138f868571430a23820?s=96&d=mm&r=g\",\"contentUrl\":\"https:\\\/\\\/secure.gravatar.com\\\/avatar\\\/bc72baa6f2406549aecf77a837bc4f03dbe88472c1762138f868571430a23820?s=96&d=mm&r=g\",\"caption\":\"yvigner\"},\"url\":\"https:\\\/\\\/regions-snetap-fsu.fr\\\/pdl\\\/author\\\/yvigner\\\/\"}]}<\/script>\n<!-- \/ Yoast SEO plugin. -->","yoast_head_json":{"title":"Situation des AESH en Pays de la Loire : continuer d'avancer pour la reconnaissance du m\u00e9tier et l'am\u00e9lioration des conditions de travail. - PAYS DE LA LOIRE","robots":{"index":"index","follow":"follow","max-snippet":"max-snippet:-1","max-image-preview":"max-image-preview:large","max-video-preview":"max-video-preview:-1"},"canonical":"https:\/\/regions-snetap-fsu.fr\/pdl\/2022\/04\/28\/situation-des-aesh-en-pays-de-la-loire-continuer-davancer-pour-la-reconnaissance-du-metier-et-lamelioration-des-conditions-de-travail\/","og_locale":"fr_FR","og_type":"article","og_title":"Situation des AESH en Pays de la Loire : continuer d'avancer pour la reconnaissance du m\u00e9tier et l'am\u00e9lioration des conditions de travail. - PAYS DE LA LOIRE","og_description":"Un groupe de travail issu du Comit\u00e9 Technique r\u00e9gional s&rsquo;est r\u00e9uni le 26 avril 2022 concernant la situation des AESH dans la r\u00e9gion des Pays de la Loire. Son objectif \u00e9tait double : fait un point sur la r\u00e9gularisation des situations des agent.es (entendre : mettre fin au non respect de la r\u00e9glementation par les [&hellip;]","og_url":"https:\/\/regions-snetap-fsu.fr\/pdl\/2022\/04\/28\/situation-des-aesh-en-pays-de-la-loire-continuer-davancer-pour-la-reconnaissance-du-metier-et-lamelioration-des-conditions-de-travail\/","og_site_name":"PAYS DE LA LOIRE","article_published_time":"2022-04-28T21:52:07+00:00","article_modified_time":"2022-04-28T22:05:42+00:00","og_image":[{"width":1440,"height":2560,"url":"https:\/\/regions-snetap-fsu.fr\/pdl\/wp-content\/uploads\/sites\/4\/2022\/04\/20220426_165146-scaled.jpg","type":"image\/jpeg"}],"author":"yvigner","twitter_card":"summary_large_image","twitter_misc":{"\u00c9crit par":"yvigner","Dur\u00e9e de lecture estim\u00e9e":"6 minutes"},"schema":{"@context":"https:\/\/schema.org","@graph":[{"@type":"Article","@id":"https:\/\/regions-snetap-fsu.fr\/pdl\/2022\/04\/28\/situation-des-aesh-en-pays-de-la-loire-continuer-davancer-pour-la-reconnaissance-du-metier-et-lamelioration-des-conditions-de-travail\/#article","isPartOf":{"@id":"https:\/\/regions-snetap-fsu.fr\/pdl\/2022\/04\/28\/situation-des-aesh-en-pays-de-la-loire-continuer-davancer-pour-la-reconnaissance-du-metier-et-lamelioration-des-conditions-de-travail\/"},"author":{"name":"yvigner","@id":"https:\/\/regions-snetap-fsu.fr\/pdl\/#\/schema\/person\/d4530af043f9e8d27bdd71c468ec93b1"},"headline":"Situation des AESH en Pays de la Loire : continuer d&rsquo;avancer pour la reconnaissance du m\u00e9tier et l&rsquo;am\u00e9lioration des conditions de travail.","datePublished":"2022-04-28T21:52:07+00:00","dateModified":"2022-04-28T22:05:42+00:00","mainEntityOfPage":{"@id":"https:\/\/regions-snetap-fsu.fr\/pdl\/2022\/04\/28\/situation-des-aesh-en-pays-de-la-loire-continuer-davancer-pour-la-reconnaissance-du-metier-et-lamelioration-des-conditions-de-travail\/"},"wordCount":1271,"publisher":{"@id":"https:\/\/regions-snetap-fsu.fr\/pdl\/#organization"},"image":{"@id":"https:\/\/regions-snetap-fsu.fr\/pdl\/2022\/04\/28\/situation-des-aesh-en-pays-de-la-loire-continuer-davancer-pour-la-reconnaissance-du-metier-et-lamelioration-des-conditions-de-travail\/#primaryimage"},"thumbnailUrl":"https:\/\/regions-snetap-fsu.fr\/pdl\/wp-content\/uploads\/sites\/4\/2022\/04\/20220426_165146-scaled.jpg","articleSection":["Actions r\u00e9gionales","AESH"],"inLanguage":"fr-FR"},{"@type":"WebPage","@id":"https:\/\/regions-snetap-fsu.fr\/pdl\/2022\/04\/28\/situation-des-aesh-en-pays-de-la-loire-continuer-davancer-pour-la-reconnaissance-du-metier-et-lamelioration-des-conditions-de-travail\/","url":"https:\/\/regions-snetap-fsu.fr\/pdl\/2022\/04\/28\/situation-des-aesh-en-pays-de-la-loire-continuer-davancer-pour-la-reconnaissance-du-metier-et-lamelioration-des-conditions-de-travail\/","name":"Situation des AESH en Pays de la Loire : continuer d'avancer pour la reconnaissance du m\u00e9tier et l'am\u00e9lioration des conditions de travail. - PAYS DE LA LOIRE","isPartOf":{"@id":"https:\/\/regions-snetap-fsu.fr\/pdl\/#website"},"primaryImageOfPage":{"@id":"https:\/\/regions-snetap-fsu.fr\/pdl\/2022\/04\/28\/situation-des-aesh-en-pays-de-la-loire-continuer-davancer-pour-la-reconnaissance-du-metier-et-lamelioration-des-conditions-de-travail\/#primaryimage"},"image":{"@id":"https:\/\/regions-snetap-fsu.fr\/pdl\/2022\/04\/28\/situation-des-aesh-en-pays-de-la-loire-continuer-davancer-pour-la-reconnaissance-du-metier-et-lamelioration-des-conditions-de-travail\/#primaryimage"},"thumbnailUrl":"https:\/\/regions-snetap-fsu.fr\/pdl\/wp-content\/uploads\/sites\/4\/2022\/04\/20220426_165146-scaled.jpg","datePublished":"2022-04-28T21:52:07+00:00","dateModified":"2022-04-28T22:05:42+00:00","breadcrumb":{"@id":"https:\/\/regions-snetap-fsu.fr\/pdl\/2022\/04\/28\/situation-des-aesh-en-pays-de-la-loire-continuer-davancer-pour-la-reconnaissance-du-metier-et-lamelioration-des-conditions-de-travail\/#breadcrumb"},"inLanguage":"fr-FR","potentialAction":[{"@type":"ReadAction","target":["https:\/\/regions-snetap-fsu.fr\/pdl\/2022\/04\/28\/situation-des-aesh-en-pays-de-la-loire-continuer-davancer-pour-la-reconnaissance-du-metier-et-lamelioration-des-conditions-de-travail\/"]}]},{"@type":"ImageObject","inLanguage":"fr-FR","@id":"https:\/\/regions-snetap-fsu.fr\/pdl\/2022\/04\/28\/situation-des-aesh-en-pays-de-la-loire-continuer-davancer-pour-la-reconnaissance-du-metier-et-lamelioration-des-conditions-de-travail\/#primaryimage","url":"https:\/\/regions-snetap-fsu.fr\/pdl\/wp-content\/uploads\/sites\/4\/2022\/04\/20220426_165146-scaled.jpg","contentUrl":"https:\/\/regions-snetap-fsu.fr\/pdl\/wp-content\/uploads\/sites\/4\/2022\/04\/20220426_165146-scaled.jpg","width":1440,"height":2560},{"@type":"BreadcrumbList","@id":"https:\/\/regions-snetap-fsu.fr\/pdl\/2022\/04\/28\/situation-des-aesh-en-pays-de-la-loire-continuer-davancer-pour-la-reconnaissance-du-metier-et-lamelioration-des-conditions-de-travail\/#breadcrumb","itemListElement":[{"@type":"ListItem","position":1,"name":"Accueil","item":"https:\/\/regions-snetap-fsu.fr\/pdl\/"},{"@type":"ListItem","position":2,"name":"Situation des AESH en Pays de la Loire : continuer d&rsquo;avancer pour la reconnaissance du m\u00e9tier et l&rsquo;am\u00e9lioration des conditions de travail."}]},{"@type":"WebSite","@id":"https:\/\/regions-snetap-fsu.fr\/pdl\/#website","url":"https:\/\/regions-snetap-fsu.fr\/pdl\/","name":"SNETAP-FSU PAYS DE LA LOIRE","description":"SECTION REGIONALE","publisher":{"@id":"https:\/\/regions-snetap-fsu.fr\/pdl\/#organization"},"potentialAction":[{"@type":"SearchAction","target":{"@type":"EntryPoint","urlTemplate":"https:\/\/regions-snetap-fsu.fr\/pdl\/?s={search_term_string}"},"query-input":{"@type":"PropertyValueSpecification","valueRequired":true,"valueName":"search_term_string"}}],"inLanguage":"fr-FR"},{"@type":"Organization","@id":"https:\/\/regions-snetap-fsu.fr\/pdl\/#organization","name":"SNETAP-FSU Pays de Loire","url":"https:\/\/regions-snetap-fsu.fr\/pdl\/","logo":{"@type":"ImageObject","inLanguage":"fr-FR","@id":"https:\/\/regions-snetap-fsu.fr\/pdl\/#\/schema\/logo\/image\/","url":"https:\/\/regions-snetap-fsu.fr\/pdl\/wp-content\/uploads\/sites\/4\/2020\/12\/SNETAP-Logo.jpg","contentUrl":"https:\/\/regions-snetap-fsu.fr\/pdl\/wp-content\/uploads\/sites\/4\/2020\/12\/SNETAP-Logo.jpg","width":464,"height":334,"caption":"SNETAP-FSU Pays de Loire"},"image":{"@id":"https:\/\/regions-snetap-fsu.fr\/pdl\/#\/schema\/logo\/image\/"}},{"@type":"Person","@id":"https:\/\/regions-snetap-fsu.fr\/pdl\/#\/schema\/person\/d4530af043f9e8d27bdd71c468ec93b1","name":"yvigner","image":{"@type":"ImageObject","inLanguage":"fr-FR","@id":"https:\/\/secure.gravatar.com\/avatar\/bc72baa6f2406549aecf77a837bc4f03dbe88472c1762138f868571430a23820?s=96&d=mm&r=g","url":"https:\/\/secure.gravatar.com\/avatar\/bc72baa6f2406549aecf77a837bc4f03dbe88472c1762138f868571430a23820?s=96&d=mm&r=g","contentUrl":"https:\/\/secure.gravatar.com\/avatar\/bc72baa6f2406549aecf77a837bc4f03dbe88472c1762138f868571430a23820?s=96&d=mm&r=g","caption":"yvigner"},"url":"https:\/\/regions-snetap-fsu.fr\/pdl\/author\/yvigner\/"}]}},"_links":{"self":[{"href":"https:\/\/regions-snetap-fsu.fr\/pdl\/wp-json\/wp\/v2\/posts\/4318","targetHints":{"allow":["GET"]}}],"collection":[{"href":"https:\/\/regions-snetap-fsu.fr\/pdl\/wp-json\/wp\/v2\/posts"}],"about":[{"href":"https:\/\/regions-snetap-fsu.fr\/pdl\/wp-json\/wp\/v2\/types\/post"}],"author":[{"embeddable":true,"href":"https:\/\/regions-snetap-fsu.fr\/pdl\/wp-json\/wp\/v2\/users\/2"}],"replies":[{"embeddable":true,"href":"https:\/\/regions-snetap-fsu.fr\/pdl\/wp-json\/wp\/v2\/comments?post=4318"}],"version-history":[{"count":7,"href":"https:\/\/regions-snetap-fsu.fr\/pdl\/wp-json\/wp\/v2\/posts\/4318\/revisions"}],"predecessor-version":[{"id":4326,"href":"https:\/\/regions-snetap-fsu.fr\/pdl\/wp-json\/wp\/v2\/posts\/4318\/revisions\/4326"}],"wp:featuredmedia":[{"embeddable":true,"href":"https:\/\/regions-snetap-fsu.fr\/pdl\/wp-json\/wp\/v2\/media\/4319"}],"wp:attachment":[{"href":"https:\/\/regions-snetap-fsu.fr\/pdl\/wp-json\/wp\/v2\/media?parent=4318"}],"wp:term":[{"taxonomy":"category","embeddable":true,"href":"https:\/\/regions-snetap-fsu.fr\/pdl\/wp-json\/wp\/v2\/categories?post=4318"},{"taxonomy":"post_tag","embeddable":true,"href":"https:\/\/regions-snetap-fsu.fr\/pdl\/wp-json\/wp\/v2\/tags?post=4318"},{"taxonomy":"post_folder","embeddable":true,"href":"https:\/\/regions-snetap-fsu.fr\/pdl\/wp-json\/wp\/v2\/post_folder?post=4318"}],"curies":[{"name":"wp","href":"https:\/\/api.w.org\/{rel}","templated":true}]}}