{"id":4311,"date":"2022-04-06T23:46:01","date_gmt":"2022-04-06T21:46:01","guid":{"rendered":"https:\/\/regions-snetap-fsu.fr\/pdl\/?p=4311"},"modified":"2022-04-06T23:49:24","modified_gmt":"2022-04-06T21:49:24","slug":"leap-reprend-un-hectar-a-la-defense-les-pays-de-la-loire-y-etaient","status":"publish","type":"post","link":"https:\/\/regions-snetap-fsu.fr\/pdl\/2022\/04\/06\/leap-reprend-un-hectar-a-la-defense-les-pays-de-la-loire-y-etaient\/","title":{"rendered":"L\u2019EAP reprend un Hectar \u00e0 la D\u00e9fense : les Pays de la Loire y \u00e9taient !"},"content":{"rendered":"<p style=\"text-align: justify;\">Une importante d\u00e9l\u00e9gation de l&rsquo;Intersyndicale CGT-AGRI, SUD RURAL et du SNETAP-FSU des Pays de la Loire \u00e9tait pr\u00e9sente le 29 mars 2022 avec un large collectif constitu\u00e9 d\u2019organisations syndicales, f\u00e9d\u00e9ration de parents d\u2019\u00e9l\u00e8ves et organisations citoyennes a su, comme en juin dernier, se rassembler d\u2019une part pour refuser le mod\u00e8le cyber &#8211; productiviste que souhaite imposer Xavier Niel et Audrey Bourolleau (actuelle conseill\u00e8re agriculture du candidat Macron) avec leur \u00e9cole Hectar, et d\u2019autre part pour d\u00e9battre du futur de l\u2019Enseignement Agricole Public ainsi que de l\u2019agriculture et de l\u2019alimentation de demain.<\/p>\n<p><a href=\"http:\/\/www.snetap-fsu.fr\/L-EAP-reprend-un-Hectar-a-la-Defense-videos-emission-France-Inter-presse.html\">http:\/\/www.snetap-fsu.fr\/L-EAP-reprend-un-Hectar-a-la-Defense-videos-emission-France-Inter-presse.html<\/a><\/p>\n","protected":false},"excerpt":{"rendered":"<p>Une importante d\u00e9l\u00e9gation de l&rsquo;Intersyndicale CGT-AGRI, SUD RURAL et du SNETAP-FSU des Pays de la Loire \u00e9tait pr\u00e9sente le 29 mars 2022 avec un large collectif constitu\u00e9 d\u2019organisations syndicales, f\u00e9d\u00e9ration de parents d\u2019\u00e9l\u00e8ves et organisations citoyennes a su, comme en juin dernier, se rassembler d\u2019une part pour refuser le mod\u00e8le cyber &#8211; productiviste que souhaite [&hellip;]<\/p>\n","protected":false},"author":2,"featured_media":4312,"comment_status":"closed","ping_status":"closed","sticky":false,"template":"","format":"standard","meta":{"ocean_post_layout":"","ocean_both_sidebars_style":"","ocean_both_sidebars_content_width":0,"ocean_both_sidebars_sidebars_width":0,"ocean_sidebar":"0","ocean_second_sidebar":"0","ocean_disable_margins":"enable","ocean_add_body_class":"","ocean_shortcode_before_top_bar":"","ocean_shortcode_after_top_bar":"","ocean_shortcode_before_header":"","ocean_shortcode_after_header":"","ocean_has_shortcode":"","ocean_shortcode_after_title":"","ocean_shortcode_before_footer_widgets":"","ocean_shortcode_after_footer_widgets":"","ocean_shortcode_before_footer_bottom":"","ocean_shortcode_after_footer_bottom":"","ocean_display_top_bar":"default","ocean_display_header":"default","ocean_header_style":"","ocean_center_header_left_menu":"0","ocean_custom_header_template":"0","ocean_custom_logo":0,"ocean_custom_retina_logo":0,"ocean_custom_logo_max_width":0,"ocean_custom_logo_tablet_max_width":0,"ocean_custom_logo_mobile_max_width":0,"ocean_custom_logo_max_height":0,"ocean_custom_logo_tablet_max_height":0,"ocean_custom_logo_mobile_max_height":0,"ocean_header_custom_menu":"0","ocean_menu_typo_font_family":"0","ocean_menu_typo_font_subset":"","ocean_menu_typo_font_size":0,"ocean_menu_typo_font_size_tablet":0,"ocean_menu_typo_font_size_mobile":0,"ocean_menu_typo_font_size_unit":"px","ocean_menu_typo_font_weight":"","ocean_menu_typo_font_weight_tablet":"","ocean_menu_typo_font_weight_mobile":"","ocean_menu_typo_transform":"","ocean_menu_typo_transform_tablet":"","ocean_menu_typo_transform_mobile":"","ocean_menu_typo_line_height":0,"ocean_menu_typo_line_height_tablet":0,"ocean_menu_typo_line_height_mobile":0,"ocean_menu_typo_line_height_unit":"","ocean_menu_typo_spacing":0,"ocean_menu_typo_spacing_tablet":0,"ocean_menu_typo_spacing_mobile":0,"ocean_menu_typo_spacing_unit":"","ocean_menu_link_color":"","ocean_menu_link_color_hover":"","ocean_menu_link_color_active":"","ocean_menu_link_background":"","ocean_menu_link_hover_background":"","ocean_menu_link_active_background":"","ocean_menu_social_links_bg":"","ocean_menu_social_hover_links_bg":"","ocean_menu_social_links_color":"","ocean_menu_social_hover_links_color":"","ocean_disable_title":"default","ocean_disable_heading":"default","ocean_post_title":"","ocean_post_subheading":"","ocean_post_title_style":"","ocean_post_title_background_color":"","ocean_post_title_background":0,"ocean_post_title_bg_image_position":"","ocean_post_title_bg_image_attachment":"","ocean_post_title_bg_image_repeat":"","ocean_post_title_bg_image_size":"","ocean_post_title_height":0,"ocean_post_title_bg_overlay":0.5,"ocean_post_title_bg_overlay_color":"","ocean_disable_breadcrumbs":"default","ocean_breadcrumbs_color":"","ocean_breadcrumbs_separator_color":"","ocean_breadcrumbs_links_color":"","ocean_breadcrumbs_links_hover_color":"","ocean_display_footer_widgets":"default","ocean_display_footer_bottom":"default","ocean_custom_footer_template":"0","ocean_post_oembed":"","ocean_post_self_hosted_media":"","ocean_post_video_embed":"","ocean_link_format":"","ocean_link_format_target":"self","ocean_quote_format":"","ocean_quote_format_link":"post","ocean_gallery_link_images":"off","ocean_gallery_id":[],"footnotes":""},"categories":[28],"tags":[],"post_folder":[],"class_list":["post-4311","post","type-post","status-publish","format-standard","has-post-thumbnail","hentry","category-actions-regionales","entry","has-media"],"yoast_head":"<!-- This site is optimized with the Yoast SEO plugin v27.4 - https:\/\/yoast.com\/product\/yoast-seo-wordpress\/ -->\n<title>L\u2019EAP reprend un Hectar \u00e0 la D\u00e9fense : les Pays de la Loire y \u00e9taient ! - PAYS DE LA LOIRE<\/title>\n<meta name=\"robots\" content=\"index, follow, max-snippet:-1, max-image-preview:large, max-video-preview:-1\" \/>\n<link rel=\"canonical\" href=\"https:\/\/regions-snetap-fsu.fr\/pdl\/2022\/04\/06\/leap-reprend-un-hectar-a-la-defense-les-pays-de-la-loire-y-etaient\/\" \/>\n<meta property=\"og:locale\" content=\"fr_FR\" \/>\n<meta property=\"og:type\" content=\"article\" \/>\n<meta property=\"og:title\" content=\"L\u2019EAP reprend un Hectar \u00e0 la D\u00e9fense : les Pays de la Loire y \u00e9taient ! - PAYS DE LA LOIRE\" \/>\n<meta property=\"og:description\" content=\"Une importante d\u00e9l\u00e9gation de l&rsquo;Intersyndicale CGT-AGRI, SUD RURAL et du SNETAP-FSU des Pays de la Loire \u00e9tait pr\u00e9sente le 29 mars 2022 avec un large collectif constitu\u00e9 d\u2019organisations syndicales, f\u00e9d\u00e9ration de parents d\u2019\u00e9l\u00e8ves et organisations citoyennes a su, comme en juin dernier, se rassembler d\u2019une part pour refuser le mod\u00e8le cyber &#8211; productiviste que souhaite [&hellip;]\" \/>\n<meta property=\"og:url\" content=\"https:\/\/regions-snetap-fsu.fr\/pdl\/2022\/04\/06\/leap-reprend-un-hectar-a-la-defense-les-pays-de-la-loire-y-etaient\/\" \/>\n<meta property=\"og:site_name\" content=\"PAYS DE LA LOIRE\" \/>\n<meta property=\"article:published_time\" content=\"2022-04-06T21:46:01+00:00\" \/>\n<meta property=\"article:modified_time\" content=\"2022-04-06T21:49:24+00:00\" \/>\n<meta property=\"og:image\" content=\"https:\/\/regions-snetap-fsu.fr\/pdl\/wp-content\/uploads\/sites\/4\/2022\/04\/20220329_162732-scaled.jpg\" \/>\n\t<meta property=\"og:image:width\" content=\"2560\" \/>\n\t<meta property=\"og:image:height\" content=\"1440\" \/>\n\t<meta property=\"og:image:type\" content=\"image\/jpeg\" \/>\n<meta name=\"author\" content=\"yvigner\" \/>\n<meta name=\"twitter:card\" content=\"summary_large_image\" \/>\n<meta name=\"twitter:label1\" content=\"\u00c9crit par\" \/>\n\t<meta name=\"twitter:data1\" content=\"yvigner\" \/>\n\t<meta name=\"twitter:label2\" content=\"Dur\u00e9e de lecture estim\u00e9e\" \/>\n\t<meta name=\"twitter:data2\" content=\"1 minute\" \/>\n<script type=\"application\/ld+json\" class=\"yoast-schema-graph\">{\"@context\":\"https:\\\/\\\/schema.org\",\"@graph\":[{\"@type\":\"Article\",\"@id\":\"https:\\\/\\\/regions-snetap-fsu.fr\\\/pdl\\\/2022\\\/04\\\/06\\\/leap-reprend-un-hectar-a-la-defense-les-pays-de-la-loire-y-etaient\\\/#article\",\"isPartOf\":{\"@id\":\"https:\\\/\\\/regions-snetap-fsu.fr\\\/pdl\\\/2022\\\/04\\\/06\\\/leap-reprend-un-hectar-a-la-defense-les-pays-de-la-loire-y-etaient\\\/\"},\"author\":{\"name\":\"yvigner\",\"@id\":\"https:\\\/\\\/regions-snetap-fsu.fr\\\/pdl\\\/#\\\/schema\\\/person\\\/d4530af043f9e8d27bdd71c468ec93b1\"},\"headline\":\"L\u2019EAP reprend un Hectar \u00e0 la D\u00e9fense : les Pays de la Loire y \u00e9taient !\",\"datePublished\":\"2022-04-06T21:46:01+00:00\",\"dateModified\":\"2022-04-06T21:49:24+00:00\",\"mainEntityOfPage\":{\"@id\":\"https:\\\/\\\/regions-snetap-fsu.fr\\\/pdl\\\/2022\\\/04\\\/06\\\/leap-reprend-un-hectar-a-la-defense-les-pays-de-la-loire-y-etaient\\\/\"},\"wordCount\":127,\"publisher\":{\"@id\":\"https:\\\/\\\/regions-snetap-fsu.fr\\\/pdl\\\/#organization\"},\"image\":{\"@id\":\"https:\\\/\\\/regions-snetap-fsu.fr\\\/pdl\\\/2022\\\/04\\\/06\\\/leap-reprend-un-hectar-a-la-defense-les-pays-de-la-loire-y-etaient\\\/#primaryimage\"},\"thumbnailUrl\":\"https:\\\/\\\/regions-snetap-fsu.fr\\\/pdl\\\/wp-content\\\/uploads\\\/sites\\\/4\\\/2022\\\/04\\\/20220329_162732-scaled.jpg\",\"articleSection\":[\"Actions r\u00e9gionales\"],\"inLanguage\":\"fr-FR\"},{\"@type\":\"WebPage\",\"@id\":\"https:\\\/\\\/regions-snetap-fsu.fr\\\/pdl\\\/2022\\\/04\\\/06\\\/leap-reprend-un-hectar-a-la-defense-les-pays-de-la-loire-y-etaient\\\/\",\"url\":\"https:\\\/\\\/regions-snetap-fsu.fr\\\/pdl\\\/2022\\\/04\\\/06\\\/leap-reprend-un-hectar-a-la-defense-les-pays-de-la-loire-y-etaient\\\/\",\"name\":\"L\u2019EAP reprend un Hectar \u00e0 la D\u00e9fense : les Pays de la Loire y \u00e9taient ! - PAYS DE LA LOIRE\",\"isPartOf\":{\"@id\":\"https:\\\/\\\/regions-snetap-fsu.fr\\\/pdl\\\/#website\"},\"primaryImageOfPage\":{\"@id\":\"https:\\\/\\\/regions-snetap-fsu.fr\\\/pdl\\\/2022\\\/04\\\/06\\\/leap-reprend-un-hectar-a-la-defense-les-pays-de-la-loire-y-etaient\\\/#primaryimage\"},\"image\":{\"@id\":\"https:\\\/\\\/regions-snetap-fsu.fr\\\/pdl\\\/2022\\\/04\\\/06\\\/leap-reprend-un-hectar-a-la-defense-les-pays-de-la-loire-y-etaient\\\/#primaryimage\"},\"thumbnailUrl\":\"https:\\\/\\\/regions-snetap-fsu.fr\\\/pdl\\\/wp-content\\\/uploads\\\/sites\\\/4\\\/2022\\\/04\\\/20220329_162732-scaled.jpg\",\"datePublished\":\"2022-04-06T21:46:01+00:00\",\"dateModified\":\"2022-04-06T21:49:24+00:00\",\"breadcrumb\":{\"@id\":\"https:\\\/\\\/regions-snetap-fsu.fr\\\/pdl\\\/2022\\\/04\\\/06\\\/leap-reprend-un-hectar-a-la-defense-les-pays-de-la-loire-y-etaient\\\/#breadcrumb\"},\"inLanguage\":\"fr-FR\",\"potentialAction\":[{\"@type\":\"ReadAction\",\"target\":[\"https:\\\/\\\/regions-snetap-fsu.fr\\\/pdl\\\/2022\\\/04\\\/06\\\/leap-reprend-un-hectar-a-la-defense-les-pays-de-la-loire-y-etaient\\\/\"]}]},{\"@type\":\"ImageObject\",\"inLanguage\":\"fr-FR\",\"@id\":\"https:\\\/\\\/regions-snetap-fsu.fr\\\/pdl\\\/2022\\\/04\\\/06\\\/leap-reprend-un-hectar-a-la-defense-les-pays-de-la-loire-y-etaient\\\/#primaryimage\",\"url\":\"https:\\\/\\\/regions-snetap-fsu.fr\\\/pdl\\\/wp-content\\\/uploads\\\/sites\\\/4\\\/2022\\\/04\\\/20220329_162732-scaled.jpg\",\"contentUrl\":\"https:\\\/\\\/regions-snetap-fsu.fr\\\/pdl\\\/wp-content\\\/uploads\\\/sites\\\/4\\\/2022\\\/04\\\/20220329_162732-scaled.jpg\",\"width\":2560,\"height\":1440},{\"@type\":\"BreadcrumbList\",\"@id\":\"https:\\\/\\\/regions-snetap-fsu.fr\\\/pdl\\\/2022\\\/04\\\/06\\\/leap-reprend-un-hectar-a-la-defense-les-pays-de-la-loire-y-etaient\\\/#breadcrumb\",\"itemListElement\":[{\"@type\":\"ListItem\",\"position\":1,\"name\":\"Accueil\",\"item\":\"https:\\\/\\\/regions-snetap-fsu.fr\\\/pdl\\\/\"},{\"@type\":\"ListItem\",\"position\":2,\"name\":\"L\u2019EAP reprend un Hectar \u00e0 la D\u00e9fense : les Pays de la Loire y \u00e9taient !\"}]},{\"@type\":\"WebSite\",\"@id\":\"https:\\\/\\\/regions-snetap-fsu.fr\\\/pdl\\\/#website\",\"url\":\"https:\\\/\\\/regions-snetap-fsu.fr\\\/pdl\\\/\",\"name\":\"SNETAP-FSU PAYS DE LA LOIRE\",\"description\":\"SECTION REGIONALE\",\"publisher\":{\"@id\":\"https:\\\/\\\/regions-snetap-fsu.fr\\\/pdl\\\/#organization\"},\"potentialAction\":[{\"@type\":\"SearchAction\",\"target\":{\"@type\":\"EntryPoint\",\"urlTemplate\":\"https:\\\/\\\/regions-snetap-fsu.fr\\\/pdl\\\/?s={search_term_string}\"},\"query-input\":{\"@type\":\"PropertyValueSpecification\",\"valueRequired\":true,\"valueName\":\"search_term_string\"}}],\"inLanguage\":\"fr-FR\"},{\"@type\":\"Organization\",\"@id\":\"https:\\\/\\\/regions-snetap-fsu.fr\\\/pdl\\\/#organization\",\"name\":\"SNETAP-FSU Pays de Loire\",\"url\":\"https:\\\/\\\/regions-snetap-fsu.fr\\\/pdl\\\/\",\"logo\":{\"@type\":\"ImageObject\",\"inLanguage\":\"fr-FR\",\"@id\":\"https:\\\/\\\/regions-snetap-fsu.fr\\\/pdl\\\/#\\\/schema\\\/logo\\\/image\\\/\",\"url\":\"https:\\\/\\\/regions-snetap-fsu.fr\\\/pdl\\\/wp-content\\\/uploads\\\/sites\\\/4\\\/2020\\\/12\\\/SNETAP-Logo.jpg\",\"contentUrl\":\"https:\\\/\\\/regions-snetap-fsu.fr\\\/pdl\\\/wp-content\\\/uploads\\\/sites\\\/4\\\/2020\\\/12\\\/SNETAP-Logo.jpg\",\"width\":464,\"height\":334,\"caption\":\"SNETAP-FSU Pays de Loire\"},\"image\":{\"@id\":\"https:\\\/\\\/regions-snetap-fsu.fr\\\/pdl\\\/#\\\/schema\\\/logo\\\/image\\\/\"}},{\"@type\":\"Person\",\"@id\":\"https:\\\/\\\/regions-snetap-fsu.fr\\\/pdl\\\/#\\\/schema\\\/person\\\/d4530af043f9e8d27bdd71c468ec93b1\",\"name\":\"yvigner\",\"image\":{\"@type\":\"ImageObject\",\"inLanguage\":\"fr-FR\",\"@id\":\"https:\\\/\\\/secure.gravatar.com\\\/avatar\\\/bc72baa6f2406549aecf77a837bc4f03dbe88472c1762138f868571430a23820?s=96&d=mm&r=g\",\"url\":\"https:\\\/\\\/secure.gravatar.com\\\/avatar\\\/bc72baa6f2406549aecf77a837bc4f03dbe88472c1762138f868571430a23820?s=96&d=mm&r=g\",\"contentUrl\":\"https:\\\/\\\/secure.gravatar.com\\\/avatar\\\/bc72baa6f2406549aecf77a837bc4f03dbe88472c1762138f868571430a23820?s=96&d=mm&r=g\",\"caption\":\"yvigner\"},\"url\":\"https:\\\/\\\/regions-snetap-fsu.fr\\\/pdl\\\/author\\\/yvigner\\\/\"}]}<\/script>\n<!-- \/ Yoast SEO plugin. -->","yoast_head_json":{"title":"L\u2019EAP reprend un Hectar \u00e0 la D\u00e9fense : les Pays de la Loire y \u00e9taient ! - PAYS DE LA LOIRE","robots":{"index":"index","follow":"follow","max-snippet":"max-snippet:-1","max-image-preview":"max-image-preview:large","max-video-preview":"max-video-preview:-1"},"canonical":"https:\/\/regions-snetap-fsu.fr\/pdl\/2022\/04\/06\/leap-reprend-un-hectar-a-la-defense-les-pays-de-la-loire-y-etaient\/","og_locale":"fr_FR","og_type":"article","og_title":"L\u2019EAP reprend un Hectar \u00e0 la D\u00e9fense : les Pays de la Loire y \u00e9taient ! - PAYS DE LA LOIRE","og_description":"Une importante d\u00e9l\u00e9gation de l&rsquo;Intersyndicale CGT-AGRI, SUD RURAL et du SNETAP-FSU des Pays de la Loire \u00e9tait pr\u00e9sente le 29 mars 2022 avec un large collectif constitu\u00e9 d\u2019organisations syndicales, f\u00e9d\u00e9ration de parents d\u2019\u00e9l\u00e8ves et organisations citoyennes a su, comme en juin dernier, se rassembler d\u2019une part pour refuser le mod\u00e8le cyber &#8211; productiviste que souhaite [&hellip;]","og_url":"https:\/\/regions-snetap-fsu.fr\/pdl\/2022\/04\/06\/leap-reprend-un-hectar-a-la-defense-les-pays-de-la-loire-y-etaient\/","og_site_name":"PAYS DE LA LOIRE","article_published_time":"2022-04-06T21:46:01+00:00","article_modified_time":"2022-04-06T21:49:24+00:00","og_image":[{"width":2560,"height":1440,"url":"https:\/\/regions-snetap-fsu.fr\/pdl\/wp-content\/uploads\/sites\/4\/2022\/04\/20220329_162732-scaled.jpg","type":"image\/jpeg"}],"author":"yvigner","twitter_card":"summary_large_image","twitter_misc":{"\u00c9crit par":"yvigner","Dur\u00e9e de lecture estim\u00e9e":"1 minute"},"schema":{"@context":"https:\/\/schema.org","@graph":[{"@type":"Article","@id":"https:\/\/regions-snetap-fsu.fr\/pdl\/2022\/04\/06\/leap-reprend-un-hectar-a-la-defense-les-pays-de-la-loire-y-etaient\/#article","isPartOf":{"@id":"https:\/\/regions-snetap-fsu.fr\/pdl\/2022\/04\/06\/leap-reprend-un-hectar-a-la-defense-les-pays-de-la-loire-y-etaient\/"},"author":{"name":"yvigner","@id":"https:\/\/regions-snetap-fsu.fr\/pdl\/#\/schema\/person\/d4530af043f9e8d27bdd71c468ec93b1"},"headline":"L\u2019EAP reprend un Hectar \u00e0 la D\u00e9fense : les Pays de la Loire y \u00e9taient !","datePublished":"2022-04-06T21:46:01+00:00","dateModified":"2022-04-06T21:49:24+00:00","mainEntityOfPage":{"@id":"https:\/\/regions-snetap-fsu.fr\/pdl\/2022\/04\/06\/leap-reprend-un-hectar-a-la-defense-les-pays-de-la-loire-y-etaient\/"},"wordCount":127,"publisher":{"@id":"https:\/\/regions-snetap-fsu.fr\/pdl\/#organization"},"image":{"@id":"https:\/\/regions-snetap-fsu.fr\/pdl\/2022\/04\/06\/leap-reprend-un-hectar-a-la-defense-les-pays-de-la-loire-y-etaient\/#primaryimage"},"thumbnailUrl":"https:\/\/regions-snetap-fsu.fr\/pdl\/wp-content\/uploads\/sites\/4\/2022\/04\/20220329_162732-scaled.jpg","articleSection":["Actions r\u00e9gionales"],"inLanguage":"fr-FR"},{"@type":"WebPage","@id":"https:\/\/regions-snetap-fsu.fr\/pdl\/2022\/04\/06\/leap-reprend-un-hectar-a-la-defense-les-pays-de-la-loire-y-etaient\/","url":"https:\/\/regions-snetap-fsu.fr\/pdl\/2022\/04\/06\/leap-reprend-un-hectar-a-la-defense-les-pays-de-la-loire-y-etaient\/","name":"L\u2019EAP reprend un Hectar \u00e0 la D\u00e9fense : les Pays de la Loire y \u00e9taient ! - PAYS DE LA LOIRE","isPartOf":{"@id":"https:\/\/regions-snetap-fsu.fr\/pdl\/#website"},"primaryImageOfPage":{"@id":"https:\/\/regions-snetap-fsu.fr\/pdl\/2022\/04\/06\/leap-reprend-un-hectar-a-la-defense-les-pays-de-la-loire-y-etaient\/#primaryimage"},"image":{"@id":"https:\/\/regions-snetap-fsu.fr\/pdl\/2022\/04\/06\/leap-reprend-un-hectar-a-la-defense-les-pays-de-la-loire-y-etaient\/#primaryimage"},"thumbnailUrl":"https:\/\/regions-snetap-fsu.fr\/pdl\/wp-content\/uploads\/sites\/4\/2022\/04\/20220329_162732-scaled.jpg","datePublished":"2022-04-06T21:46:01+00:00","dateModified":"2022-04-06T21:49:24+00:00","breadcrumb":{"@id":"https:\/\/regions-snetap-fsu.fr\/pdl\/2022\/04\/06\/leap-reprend-un-hectar-a-la-defense-les-pays-de-la-loire-y-etaient\/#breadcrumb"},"inLanguage":"fr-FR","potentialAction":[{"@type":"ReadAction","target":["https:\/\/regions-snetap-fsu.fr\/pdl\/2022\/04\/06\/leap-reprend-un-hectar-a-la-defense-les-pays-de-la-loire-y-etaient\/"]}]},{"@type":"ImageObject","inLanguage":"fr-FR","@id":"https:\/\/regions-snetap-fsu.fr\/pdl\/2022\/04\/06\/leap-reprend-un-hectar-a-la-defense-les-pays-de-la-loire-y-etaient\/#primaryimage","url":"https:\/\/regions-snetap-fsu.fr\/pdl\/wp-content\/uploads\/sites\/4\/2022\/04\/20220329_162732-scaled.jpg","contentUrl":"https:\/\/regions-snetap-fsu.fr\/pdl\/wp-content\/uploads\/sites\/4\/2022\/04\/20220329_162732-scaled.jpg","width":2560,"height":1440},{"@type":"BreadcrumbList","@id":"https:\/\/regions-snetap-fsu.fr\/pdl\/2022\/04\/06\/leap-reprend-un-hectar-a-la-defense-les-pays-de-la-loire-y-etaient\/#breadcrumb","itemListElement":[{"@type":"ListItem","position":1,"name":"Accueil","item":"https:\/\/regions-snetap-fsu.fr\/pdl\/"},{"@type":"ListItem","position":2,"name":"L\u2019EAP reprend un Hectar \u00e0 la D\u00e9fense : les Pays de la Loire y \u00e9taient !"}]},{"@type":"WebSite","@id":"https:\/\/regions-snetap-fsu.fr\/pdl\/#website","url":"https:\/\/regions-snetap-fsu.fr\/pdl\/","name":"SNETAP-FSU PAYS DE LA LOIRE","description":"SECTION REGIONALE","publisher":{"@id":"https:\/\/regions-snetap-fsu.fr\/pdl\/#organization"},"potentialAction":[{"@type":"SearchAction","target":{"@type":"EntryPoint","urlTemplate":"https:\/\/regions-snetap-fsu.fr\/pdl\/?s={search_term_string}"},"query-input":{"@type":"PropertyValueSpecification","valueRequired":true,"valueName":"search_term_string"}}],"inLanguage":"fr-FR"},{"@type":"Organization","@id":"https:\/\/regions-snetap-fsu.fr\/pdl\/#organization","name":"SNETAP-FSU Pays de Loire","url":"https:\/\/regions-snetap-fsu.fr\/pdl\/","logo":{"@type":"ImageObject","inLanguage":"fr-FR","@id":"https:\/\/regions-snetap-fsu.fr\/pdl\/#\/schema\/logo\/image\/","url":"https:\/\/regions-snetap-fsu.fr\/pdl\/wp-content\/uploads\/sites\/4\/2020\/12\/SNETAP-Logo.jpg","contentUrl":"https:\/\/regions-snetap-fsu.fr\/pdl\/wp-content\/uploads\/sites\/4\/2020\/12\/SNETAP-Logo.jpg","width":464,"height":334,"caption":"SNETAP-FSU Pays de Loire"},"image":{"@id":"https:\/\/regions-snetap-fsu.fr\/pdl\/#\/schema\/logo\/image\/"}},{"@type":"Person","@id":"https:\/\/regions-snetap-fsu.fr\/pdl\/#\/schema\/person\/d4530af043f9e8d27bdd71c468ec93b1","name":"yvigner","image":{"@type":"ImageObject","inLanguage":"fr-FR","@id":"https:\/\/secure.gravatar.com\/avatar\/bc72baa6f2406549aecf77a837bc4f03dbe88472c1762138f868571430a23820?s=96&d=mm&r=g","url":"https:\/\/secure.gravatar.com\/avatar\/bc72baa6f2406549aecf77a837bc4f03dbe88472c1762138f868571430a23820?s=96&d=mm&r=g","contentUrl":"https:\/\/secure.gravatar.com\/avatar\/bc72baa6f2406549aecf77a837bc4f03dbe88472c1762138f868571430a23820?s=96&d=mm&r=g","caption":"yvigner"},"url":"https:\/\/regions-snetap-fsu.fr\/pdl\/author\/yvigner\/"}]}},"_links":{"self":[{"href":"https:\/\/regions-snetap-fsu.fr\/pdl\/wp-json\/wp\/v2\/posts\/4311","targetHints":{"allow":["GET"]}}],"collection":[{"href":"https:\/\/regions-snetap-fsu.fr\/pdl\/wp-json\/wp\/v2\/posts"}],"about":[{"href":"https:\/\/regions-snetap-fsu.fr\/pdl\/wp-json\/wp\/v2\/types\/post"}],"author":[{"embeddable":true,"href":"https:\/\/regions-snetap-fsu.fr\/pdl\/wp-json\/wp\/v2\/users\/2"}],"replies":[{"embeddable":true,"href":"https:\/\/regions-snetap-fsu.fr\/pdl\/wp-json\/wp\/v2\/comments?post=4311"}],"version-history":[{"count":3,"href":"https:\/\/regions-snetap-fsu.fr\/pdl\/wp-json\/wp\/v2\/posts\/4311\/revisions"}],"predecessor-version":[{"id":4315,"href":"https:\/\/regions-snetap-fsu.fr\/pdl\/wp-json\/wp\/v2\/posts\/4311\/revisions\/4315"}],"wp:featuredmedia":[{"embeddable":true,"href":"https:\/\/regions-snetap-fsu.fr\/pdl\/wp-json\/wp\/v2\/media\/4312"}],"wp:attachment":[{"href":"https:\/\/regions-snetap-fsu.fr\/pdl\/wp-json\/wp\/v2\/media?parent=4311"}],"wp:term":[{"taxonomy":"category","embeddable":true,"href":"https:\/\/regions-snetap-fsu.fr\/pdl\/wp-json\/wp\/v2\/categories?post=4311"},{"taxonomy":"post_tag","embeddable":true,"href":"https:\/\/regions-snetap-fsu.fr\/pdl\/wp-json\/wp\/v2\/tags?post=4311"},{"taxonomy":"post_folder","embeddable":true,"href":"https:\/\/regions-snetap-fsu.fr\/pdl\/wp-json\/wp\/v2\/post_folder?post=4311"}],"curies":[{"name":"wp","href":"https:\/\/api.w.org\/{rel}","templated":true}]}}