{"id":4272,"date":"2022-03-10T20:03:56","date_gmt":"2022-03-10T19:03:56","guid":{"rendered":"https:\/\/regions-snetap-fsu.fr\/pdl\/?p=4272"},"modified":"2022-03-10T20:04:47","modified_gmt":"2022-03-10T19:04:47","slug":"urgence-salaires-rassemblement-le-17-mars-a-laval","status":"publish","type":"post","link":"https:\/\/regions-snetap-fsu.fr\/pdl\/2022\/03\/10\/urgence-salaires-rassemblement-le-17-mars-a-laval\/","title":{"rendered":"Urgence salaires ! Rassemblement le 17 mars \u00e0 LAVAL"},"content":{"rendered":"<p style=\"text-align: center\"><img fetchpriority=\"high\" decoding=\"async\" class=\"alignnone size-medium wp-image-4275\" src=\"https:\/\/regions-snetap-fsu.fr\/pdl\/wp-content\/uploads\/sites\/4\/2022\/03\/Entete-300x268.jpg\" alt=\"\" width=\"300\" height=\"268\" srcset=\"https:\/\/regions-snetap-fsu.fr\/pdl\/wp-content\/uploads\/sites\/4\/2022\/03\/Entete-300x268.jpg 300w, https:\/\/regions-snetap-fsu.fr\/pdl\/wp-content\/uploads\/sites\/4\/2022\/03\/Entete-768x685.jpg 768w, https:\/\/regions-snetap-fsu.fr\/pdl\/wp-content\/uploads\/sites\/4\/2022\/03\/Entete.jpg 854w\" sizes=\"(max-width: 300px) 100vw, 300px\" \/><\/p>\n<p><span style=\"font-family: arial, helvetica, sans-serif\"> L\u2019invasion de l\u2019Ukraine et le contexte international qui en d\u00e9coule ne doit pas <\/span><span style=\"font-family: arial, helvetica, sans-serif\">occulter une pr\u00e9occupation majeure des fran\u00e7ais : l\u2019augmentation des revenus <\/span><span style=\"font-family: arial, helvetica, sans-serif\">et du pouvoir d\u2019achat.<\/span><\/p>\n<p><span style=\"font-family: arial, helvetica, sans-serif\">Les salari\u00e9.e.s du secteur public comme priv\u00e9, les retrait\u00e9-es, les jeunes <\/span><span style=\"font-family: arial, helvetica, sans-serif\">partagent toutes et tous une m\u00eame priorit\u00e9 : face \u00e0 l\u2019augmentation du co\u00fbt <\/span><span style=\"font-family: arial, helvetica, sans-serif\">de la vie, il faut augmenter les salaires, les pensions, les allocations et <\/span><span style=\"font-family: arial, helvetica, sans-serif\">les bourses \u00e9tudiantes.<\/span><\/p>\n<p><span style=\"font-family: arial, helvetica, sans-serif\">Beaucoup ont exprim\u00e9 leurs exigences en se mobilisant, ces derni\u00e8res semaines, ces <\/span><span style=\"font-family: arial, helvetica, sans-serif\">derniers mois dans leur entreprise, leur service, leur branche professionnelle.<\/span><\/p>\n<p><span style=\"font-family: arial, helvetica, sans-serif\">Ainsi en est-il des personnels des services publics, \u00e0 l\u2019instar de celles et ceux de <\/span><span style=\"font-family: arial, helvetica, sans-serif\">l\u2019\u00e9ducation nationale, des soignant-es, des travailleurs sociaux&#8230; De nombreux <\/span><span style=\"font-family: arial, helvetica, sans-serif\">d\u00e9brayages, lors des NAO (n\u00e9gociations annuelles obligatoires), dans les secteurs <\/span><span style=\"font-family: arial, helvetica, sans-serif\">notamment industriels ont permis \u00e9galement des avanc\u00e9es \u00e0 l\u2019\u00e9chelle des entreprises.\u00a0<\/span><br \/>\n<span style=\"font-family: arial, helvetica, sans-serif\"><strong>Mais, en d\u00e9cembre 2021, l\u2019inflation en France a atteint 2,8% sur un an.<\/strong> Pr\u00e8s de la <\/span><span style=\"font-family: arial, helvetica, sans-serif\">moiti\u00e9 provient directement de<strong> l\u2019augmentation en moyenne de 18,6 % du prix de <\/strong><\/span><span style=\"font-family: arial, helvetica, sans-serif\"><strong>l\u2019\u00e9nergie (carburants, \u00e9lectricit\u00e9, gaz)<\/strong> et la situation internationale fait craindre de <\/span><span style=\"font-family: arial, helvetica, sans-serif\">nouvelles flamb\u00e9es.<\/span><br \/>\n<span style=\"font-family: arial, helvetica, sans-serif\">On assiste \u00e9galement \u00e0 <strong>une envol\u00e9e tarifaire des produits alimentaires de <\/strong><\/span><span style=\"font-family: arial, helvetica, sans-serif\"><strong>premi\u00e8re n\u00e9cessit\u00e9<\/strong>.<\/span><\/p>\n<p><span style=\"font-family: arial, helvetica, sans-serif\">C\u2019est bien l\u2019\u00e9volution des revenus par rapport \u00e0 l\u2019inflation qui est d\u00e9terminante, <\/span><span style=\"font-family: arial, helvetica, sans-serif\">un levier essentiel pour maintenir le pouvoir d\u2019achat des m\u00e9nages et agir sur la <\/span><span style=\"font-family: arial, helvetica, sans-serif\">r\u00e9partition entre les revenus du capital et du travail.<\/span><br \/>\n<span style=\"font-family: arial, helvetica, sans-serif\">L\u2019enjeu majeur est donc de combattre la stagnation des salaires plus que d\u2019agir <\/span><span style=\"font-family: arial, helvetica, sans-serif\">sporadiquement sur l\u2019\u00e9volution des prix. <\/span><\/p>\n<p><strong><span style=\"font-family: arial, helvetica, sans-serif\">En Mayenne, les salaires restent bas, plus faibles que dans les <\/span><\/strong><strong><span style=\"font-family: arial, helvetica, sans-serif\">autres d\u00e9partements ,notamment ceux des Mayennaises. Le salaire <\/span><\/strong><strong><span style=\"font-family: arial, helvetica, sans-serif\">brut annuel mayennais est en moyenne inf\u00e9rieur de 5990 euros par <\/span><\/strong><strong><span style=\"font-family: arial, helvetica, sans-serif\">rapport au niveau national (CEAS, n\u00b0393, dec 2021) et les co\u00fbts de <\/span><\/strong><strong><span style=\"font-family: arial, helvetica, sans-serif\">transports li\u00e9s \u00e0 la ruralit\u00e9 n\u00e9cessitent de tr\u00e8s importants frais de <\/span><\/strong><strong><span style=\"font-family: arial, helvetica, sans-serif\">d\u00e9placements.<\/span><\/strong><\/p>\n<p><span style=\"font-family: arial, helvetica, sans-serif\">C\u2019est pour toutes ces raisons que pour les organisations syndicales CGT, <\/span><span style=\"font-family: arial, helvetica, sans-serif\">FSU, Solidaires et UNSA il faut : <\/span><\/p>\n<p><strong><span style=\"font-family: arial, helvetica, sans-serif\">&#8211; Une revalorisation imm\u00e9diate de l\u2019ensemble des salaires dans le<\/span><\/strong><br \/>\n<strong><span style=\"font-family: arial, helvetica, sans-serif\">secteur priv\u00e9 et des traitements dans la fonction publique, en<\/span><\/strong><br \/>\n<strong><span style=\"font-family: arial, helvetica, sans-serif\">commen\u00e7ant par les plus bas salaires.<\/span><\/strong><br \/>\n<strong><span style=\"font-family: arial, helvetica, sans-serif\">&#8211; Une augmentation significative du SMIC et du point d\u2019indice.<\/span><\/strong><br \/>\n<strong><span style=\"font-family: arial, helvetica, sans-serif\">-un rel\u00e8vement au niveau du SMIC des minimas de branche et des<\/span><\/strong><br \/>\n<strong><span style=\"font-family: arial, helvetica, sans-serif\">grilles de salaires dans la Fonction publique<\/span><\/strong><br \/>\n<strong><span style=\"font-family: arial, helvetica, sans-serif\">&#8211; Une ouverture rapide de n\u00e9gociations sur la r\u00e9percussion de ces<\/span><\/strong><br \/>\n<strong><span style=\"font-family: arial, helvetica, sans-serif\">augmentations sur les \u00e9chelles de carri\u00e8re dans le public et les<\/span><\/strong><br \/>\n<strong><span style=\"font-family: arial, helvetica, sans-serif\">classifications dans le priv\u00e9.<\/span><\/strong><br \/>\n<strong><span style=\"font-family: arial, helvetica, sans-serif\">&#8211; Une augmentation des montants des bourses pour les \u00e9tudiants.<\/span><\/strong><br \/>\n<strong><span style=\"font-family: arial, helvetica, sans-serif\">&#8211; Une augmentation des pensions pour les retrait\u00e9s<\/span><\/strong><\/p>\n<p><img decoding=\"async\" class=\"wp-image-4276 aligncenter\" src=\"https:\/\/regions-snetap-fsu.fr\/pdl\/wp-content\/uploads\/sites\/4\/2022\/03\/action-17-mars-syndicat-300x81.jpg\" alt=\"\" width=\"425\" height=\"115\" srcset=\"https:\/\/regions-snetap-fsu.fr\/pdl\/wp-content\/uploads\/sites\/4\/2022\/03\/action-17-mars-syndicat-300x81.jpg 300w, https:\/\/regions-snetap-fsu.fr\/pdl\/wp-content\/uploads\/sites\/4\/2022\/03\/action-17-mars-syndicat-768x208.jpg 768w, https:\/\/regions-snetap-fsu.fr\/pdl\/wp-content\/uploads\/sites\/4\/2022\/03\/action-17-mars-syndicat.jpg 875w\" sizes=\"(max-width: 425px) 100vw, 425px\" \/><\/p>\n","protected":false},"excerpt":{"rendered":"<p>L\u2019invasion de l\u2019Ukraine et le contexte international qui en d\u00e9coule ne doit pas occulter une pr\u00e9occupation majeure des fran\u00e7ais : l\u2019augmentation des revenus et du pouvoir d\u2019achat. Les salari\u00e9.e.s du secteur public comme priv\u00e9, les retrait\u00e9-es, les jeunes partagent toutes et tous une m\u00eame priorit\u00e9 : face \u00e0 l\u2019augmentation du co\u00fbt de la vie, il [&hellip;]<\/p>\n","protected":false},"author":2,"featured_media":4275,"comment_status":"closed","ping_status":"closed","sticky":false,"template":"","format":"standard","meta":{"ocean_post_layout":"","ocean_both_sidebars_style":"","ocean_both_sidebars_content_width":0,"ocean_both_sidebars_sidebars_width":0,"ocean_sidebar":"0","ocean_second_sidebar":"0","ocean_disable_margins":"enable","ocean_add_body_class":"","ocean_shortcode_before_top_bar":"","ocean_shortcode_after_top_bar":"","ocean_shortcode_before_header":"","ocean_shortcode_after_header":"","ocean_has_shortcode":"","ocean_shortcode_after_title":"","ocean_shortcode_before_footer_widgets":"","ocean_shortcode_after_footer_widgets":"","ocean_shortcode_before_footer_bottom":"","ocean_shortcode_after_footer_bottom":"","ocean_display_top_bar":"default","ocean_display_header":"default","ocean_header_style":"","ocean_center_header_left_menu":"0","ocean_custom_header_template":"0","ocean_custom_logo":0,"ocean_custom_retina_logo":0,"ocean_custom_logo_max_width":0,"ocean_custom_logo_tablet_max_width":0,"ocean_custom_logo_mobile_max_width":0,"ocean_custom_logo_max_height":0,"ocean_custom_logo_tablet_max_height":0,"ocean_custom_logo_mobile_max_height":0,"ocean_header_custom_menu":"0","ocean_menu_typo_font_family":"0","ocean_menu_typo_font_subset":"","ocean_menu_typo_font_size":0,"ocean_menu_typo_font_size_tablet":0,"ocean_menu_typo_font_size_mobile":0,"ocean_menu_typo_font_size_unit":"px","ocean_menu_typo_font_weight":"","ocean_menu_typo_font_weight_tablet":"","ocean_menu_typo_font_weight_mobile":"","ocean_menu_typo_transform":"","ocean_menu_typo_transform_tablet":"","ocean_menu_typo_transform_mobile":"","ocean_menu_typo_line_height":0,"ocean_menu_typo_line_height_tablet":0,"ocean_menu_typo_line_height_mobile":0,"ocean_menu_typo_line_height_unit":"","ocean_menu_typo_spacing":0,"ocean_menu_typo_spacing_tablet":0,"ocean_menu_typo_spacing_mobile":0,"ocean_menu_typo_spacing_unit":"","ocean_menu_link_color":"","ocean_menu_link_color_hover":"","ocean_menu_link_color_active":"","ocean_menu_link_background":"","ocean_menu_link_hover_background":"","ocean_menu_link_active_background":"","ocean_menu_social_links_bg":"","ocean_menu_social_hover_links_bg":"","ocean_menu_social_links_color":"","ocean_menu_social_hover_links_color":"","ocean_disable_title":"default","ocean_disable_heading":"default","ocean_post_title":"","ocean_post_subheading":"","ocean_post_title_style":"","ocean_post_title_background_color":"","ocean_post_title_background":0,"ocean_post_title_bg_image_position":"","ocean_post_title_bg_image_attachment":"","ocean_post_title_bg_image_repeat":"","ocean_post_title_bg_image_size":"","ocean_post_title_height":0,"ocean_post_title_bg_overlay":0.5,"ocean_post_title_bg_overlay_color":"","ocean_disable_breadcrumbs":"default","ocean_breadcrumbs_color":"","ocean_breadcrumbs_separator_color":"","ocean_breadcrumbs_links_color":"","ocean_breadcrumbs_links_hover_color":"","ocean_display_footer_widgets":"default","ocean_display_footer_bottom":"default","ocean_custom_footer_template":"0","ocean_post_oembed":"","ocean_post_self_hosted_media":"","ocean_post_video_embed":"","ocean_link_format":"","ocean_link_format_target":"self","ocean_quote_format":"","ocean_quote_format_link":"post","ocean_gallery_link_images":"off","ocean_gallery_id":[],"footnotes":""},"categories":[18],"tags":[],"post_folder":[],"class_list":["post-4272","post","type-post","status-publish","format-standard","has-post-thumbnail","hentry","category-laval","entry","has-media"],"yoast_head":"<!-- This site is optimized with the Yoast SEO plugin v27.4 - https:\/\/yoast.com\/product\/yoast-seo-wordpress\/ -->\n<title>Urgence salaires ! Rassemblement le 17 mars \u00e0 LAVAL - PAYS DE LA LOIRE<\/title>\n<meta name=\"robots\" content=\"index, follow, max-snippet:-1, max-image-preview:large, max-video-preview:-1\" \/>\n<link rel=\"canonical\" href=\"https:\/\/regions-snetap-fsu.fr\/pdl\/?p=4272\" \/>\n<meta property=\"og:locale\" content=\"fr_FR\" \/>\n<meta property=\"og:type\" content=\"article\" \/>\n<meta property=\"og:title\" content=\"Urgence salaires ! Rassemblement le 17 mars \u00e0 LAVAL - PAYS DE LA LOIRE\" \/>\n<meta property=\"og:description\" content=\"L\u2019invasion de l\u2019Ukraine et le contexte international qui en d\u00e9coule ne doit pas occulter une pr\u00e9occupation majeure des fran\u00e7ais : l\u2019augmentation des revenus et du pouvoir d\u2019achat. Les salari\u00e9.e.s du secteur public comme priv\u00e9, les retrait\u00e9-es, les jeunes partagent toutes et tous une m\u00eame priorit\u00e9 : face \u00e0 l\u2019augmentation du co\u00fbt de la vie, il [&hellip;]\" \/>\n<meta property=\"og:url\" content=\"https:\/\/regions-snetap-fsu.fr\/pdl\/?p=4272\" \/>\n<meta property=\"og:site_name\" content=\"PAYS DE LA LOIRE\" \/>\n<meta property=\"article:published_time\" content=\"2022-03-10T19:03:56+00:00\" \/>\n<meta property=\"article:modified_time\" content=\"2022-03-10T19:04:47+00:00\" \/>\n<meta name=\"author\" content=\"yvigner\" \/>\n<meta name=\"twitter:card\" content=\"summary_large_image\" \/>\n<meta name=\"twitter:label1\" content=\"\u00c9crit par\" \/>\n\t<meta name=\"twitter:data1\" content=\"yvigner\" \/>\n\t<meta name=\"twitter:label2\" content=\"Dur\u00e9e de lecture estim\u00e9e\" \/>\n\t<meta name=\"twitter:data2\" content=\"2 minutes\" \/>\n<script type=\"application\/ld+json\" class=\"yoast-schema-graph\">{\"@context\":\"https:\\\/\\\/schema.org\",\"@graph\":[{\"@type\":\"Article\",\"@id\":\"https:\\\/\\\/regions-snetap-fsu.fr\\\/pdl\\\/?p=4272#article\",\"isPartOf\":{\"@id\":\"https:\\\/\\\/regions-snetap-fsu.fr\\\/pdl\\\/?p=4272\"},\"author\":{\"name\":\"yvigner\",\"@id\":\"https:\\\/\\\/regions-snetap-fsu.fr\\\/pdl\\\/#\\\/schema\\\/person\\\/d4530af043f9e8d27bdd71c468ec93b1\"},\"headline\":\"Urgence salaires ! Rassemblement le 17 mars \u00e0 LAVAL\",\"datePublished\":\"2022-03-10T19:03:56+00:00\",\"dateModified\":\"2022-03-10T19:04:47+00:00\",\"mainEntityOfPage\":{\"@id\":\"https:\\\/\\\/regions-snetap-fsu.fr\\\/pdl\\\/?p=4272\"},\"wordCount\":460,\"publisher\":{\"@id\":\"https:\\\/\\\/regions-snetap-fsu.fr\\\/pdl\\\/#organization\"},\"image\":{\"@id\":\"https:\\\/\\\/regions-snetap-fsu.fr\\\/pdl\\\/?p=4272#primaryimage\"},\"thumbnailUrl\":\"https:\\\/\\\/regions-snetap-fsu.fr\\\/pdl\\\/wp-content\\\/uploads\\\/sites\\\/4\\\/2022\\\/03\\\/Entete.jpg\",\"articleSection\":[\"Laval\"],\"inLanguage\":\"fr-FR\"},{\"@type\":\"WebPage\",\"@id\":\"https:\\\/\\\/regions-snetap-fsu.fr\\\/pdl\\\/?p=4272\",\"url\":\"https:\\\/\\\/regions-snetap-fsu.fr\\\/pdl\\\/?p=4272\",\"name\":\"Urgence salaires ! Rassemblement le 17 mars \u00e0 LAVAL - PAYS DE LA LOIRE\",\"isPartOf\":{\"@id\":\"https:\\\/\\\/regions-snetap-fsu.fr\\\/pdl\\\/#website\"},\"primaryImageOfPage\":{\"@id\":\"https:\\\/\\\/regions-snetap-fsu.fr\\\/pdl\\\/?p=4272#primaryimage\"},\"image\":{\"@id\":\"https:\\\/\\\/regions-snetap-fsu.fr\\\/pdl\\\/?p=4272#primaryimage\"},\"thumbnailUrl\":\"https:\\\/\\\/regions-snetap-fsu.fr\\\/pdl\\\/wp-content\\\/uploads\\\/sites\\\/4\\\/2022\\\/03\\\/Entete.jpg\",\"datePublished\":\"2022-03-10T19:03:56+00:00\",\"dateModified\":\"2022-03-10T19:04:47+00:00\",\"breadcrumb\":{\"@id\":\"https:\\\/\\\/regions-snetap-fsu.fr\\\/pdl\\\/?p=4272#breadcrumb\"},\"inLanguage\":\"fr-FR\",\"potentialAction\":[{\"@type\":\"ReadAction\",\"target\":[\"https:\\\/\\\/regions-snetap-fsu.fr\\\/pdl\\\/?p=4272\"]}]},{\"@type\":\"ImageObject\",\"inLanguage\":\"fr-FR\",\"@id\":\"https:\\\/\\\/regions-snetap-fsu.fr\\\/pdl\\\/?p=4272#primaryimage\",\"url\":\"https:\\\/\\\/regions-snetap-fsu.fr\\\/pdl\\\/wp-content\\\/uploads\\\/sites\\\/4\\\/2022\\\/03\\\/Entete.jpg\",\"contentUrl\":\"https:\\\/\\\/regions-snetap-fsu.fr\\\/pdl\\\/wp-content\\\/uploads\\\/sites\\\/4\\\/2022\\\/03\\\/Entete.jpg\",\"width\":854,\"height\":762},{\"@type\":\"BreadcrumbList\",\"@id\":\"https:\\\/\\\/regions-snetap-fsu.fr\\\/pdl\\\/?p=4272#breadcrumb\",\"itemListElement\":[{\"@type\":\"ListItem\",\"position\":1,\"name\":\"Accueil\",\"item\":\"https:\\\/\\\/regions-snetap-fsu.fr\\\/pdl\\\/\"},{\"@type\":\"ListItem\",\"position\":2,\"name\":\"Urgence salaires ! Rassemblement le 17 mars \u00e0 LAVAL\"}]},{\"@type\":\"WebSite\",\"@id\":\"https:\\\/\\\/regions-snetap-fsu.fr\\\/pdl\\\/#website\",\"url\":\"https:\\\/\\\/regions-snetap-fsu.fr\\\/pdl\\\/\",\"name\":\"SNETAP-FSU PAYS DE LA LOIRE\",\"description\":\"SECTION REGIONALE\",\"publisher\":{\"@id\":\"https:\\\/\\\/regions-snetap-fsu.fr\\\/pdl\\\/#organization\"},\"potentialAction\":[{\"@type\":\"SearchAction\",\"target\":{\"@type\":\"EntryPoint\",\"urlTemplate\":\"https:\\\/\\\/regions-snetap-fsu.fr\\\/pdl\\\/?s={search_term_string}\"},\"query-input\":{\"@type\":\"PropertyValueSpecification\",\"valueRequired\":true,\"valueName\":\"search_term_string\"}}],\"inLanguage\":\"fr-FR\"},{\"@type\":\"Organization\",\"@id\":\"https:\\\/\\\/regions-snetap-fsu.fr\\\/pdl\\\/#organization\",\"name\":\"SNETAP-FSU Pays de Loire\",\"url\":\"https:\\\/\\\/regions-snetap-fsu.fr\\\/pdl\\\/\",\"logo\":{\"@type\":\"ImageObject\",\"inLanguage\":\"fr-FR\",\"@id\":\"https:\\\/\\\/regions-snetap-fsu.fr\\\/pdl\\\/#\\\/schema\\\/logo\\\/image\\\/\",\"url\":\"https:\\\/\\\/regions-snetap-fsu.fr\\\/pdl\\\/wp-content\\\/uploads\\\/sites\\\/4\\\/2020\\\/12\\\/SNETAP-Logo.jpg\",\"contentUrl\":\"https:\\\/\\\/regions-snetap-fsu.fr\\\/pdl\\\/wp-content\\\/uploads\\\/sites\\\/4\\\/2020\\\/12\\\/SNETAP-Logo.jpg\",\"width\":464,\"height\":334,\"caption\":\"SNETAP-FSU Pays de Loire\"},\"image\":{\"@id\":\"https:\\\/\\\/regions-snetap-fsu.fr\\\/pdl\\\/#\\\/schema\\\/logo\\\/image\\\/\"}},{\"@type\":\"Person\",\"@id\":\"https:\\\/\\\/regions-snetap-fsu.fr\\\/pdl\\\/#\\\/schema\\\/person\\\/d4530af043f9e8d27bdd71c468ec93b1\",\"name\":\"yvigner\",\"image\":{\"@type\":\"ImageObject\",\"inLanguage\":\"fr-FR\",\"@id\":\"https:\\\/\\\/secure.gravatar.com\\\/avatar\\\/bc72baa6f2406549aecf77a837bc4f03dbe88472c1762138f868571430a23820?s=96&d=mm&r=g\",\"url\":\"https:\\\/\\\/secure.gravatar.com\\\/avatar\\\/bc72baa6f2406549aecf77a837bc4f03dbe88472c1762138f868571430a23820?s=96&d=mm&r=g\",\"contentUrl\":\"https:\\\/\\\/secure.gravatar.com\\\/avatar\\\/bc72baa6f2406549aecf77a837bc4f03dbe88472c1762138f868571430a23820?s=96&d=mm&r=g\",\"caption\":\"yvigner\"},\"url\":\"https:\\\/\\\/regions-snetap-fsu.fr\\\/pdl\\\/author\\\/yvigner\\\/\"}]}<\/script>\n<!-- \/ Yoast SEO plugin. -->","yoast_head_json":{"title":"Urgence salaires ! Rassemblement le 17 mars \u00e0 LAVAL - PAYS DE LA LOIRE","robots":{"index":"index","follow":"follow","max-snippet":"max-snippet:-1","max-image-preview":"max-image-preview:large","max-video-preview":"max-video-preview:-1"},"canonical":"https:\/\/regions-snetap-fsu.fr\/pdl\/?p=4272","og_locale":"fr_FR","og_type":"article","og_title":"Urgence salaires ! Rassemblement le 17 mars \u00e0 LAVAL - PAYS DE LA LOIRE","og_description":"L\u2019invasion de l\u2019Ukraine et le contexte international qui en d\u00e9coule ne doit pas occulter une pr\u00e9occupation majeure des fran\u00e7ais : l\u2019augmentation des revenus et du pouvoir d\u2019achat. Les salari\u00e9.e.s du secteur public comme priv\u00e9, les retrait\u00e9-es, les jeunes partagent toutes et tous une m\u00eame priorit\u00e9 : face \u00e0 l\u2019augmentation du co\u00fbt de la vie, il [&hellip;]","og_url":"https:\/\/regions-snetap-fsu.fr\/pdl\/?p=4272","og_site_name":"PAYS DE LA LOIRE","article_published_time":"2022-03-10T19:03:56+00:00","article_modified_time":"2022-03-10T19:04:47+00:00","author":"yvigner","twitter_card":"summary_large_image","twitter_misc":{"\u00c9crit par":"yvigner","Dur\u00e9e de lecture estim\u00e9e":"2 minutes"},"schema":{"@context":"https:\/\/schema.org","@graph":[{"@type":"Article","@id":"https:\/\/regions-snetap-fsu.fr\/pdl\/?p=4272#article","isPartOf":{"@id":"https:\/\/regions-snetap-fsu.fr\/pdl\/?p=4272"},"author":{"name":"yvigner","@id":"https:\/\/regions-snetap-fsu.fr\/pdl\/#\/schema\/person\/d4530af043f9e8d27bdd71c468ec93b1"},"headline":"Urgence salaires ! Rassemblement le 17 mars \u00e0 LAVAL","datePublished":"2022-03-10T19:03:56+00:00","dateModified":"2022-03-10T19:04:47+00:00","mainEntityOfPage":{"@id":"https:\/\/regions-snetap-fsu.fr\/pdl\/?p=4272"},"wordCount":460,"publisher":{"@id":"https:\/\/regions-snetap-fsu.fr\/pdl\/#organization"},"image":{"@id":"https:\/\/regions-snetap-fsu.fr\/pdl\/?p=4272#primaryimage"},"thumbnailUrl":"https:\/\/regions-snetap-fsu.fr\/pdl\/wp-content\/uploads\/sites\/4\/2022\/03\/Entete.jpg","articleSection":["Laval"],"inLanguage":"fr-FR"},{"@type":"WebPage","@id":"https:\/\/regions-snetap-fsu.fr\/pdl\/?p=4272","url":"https:\/\/regions-snetap-fsu.fr\/pdl\/?p=4272","name":"Urgence salaires ! Rassemblement le 17 mars \u00e0 LAVAL - PAYS DE LA LOIRE","isPartOf":{"@id":"https:\/\/regions-snetap-fsu.fr\/pdl\/#website"},"primaryImageOfPage":{"@id":"https:\/\/regions-snetap-fsu.fr\/pdl\/?p=4272#primaryimage"},"image":{"@id":"https:\/\/regions-snetap-fsu.fr\/pdl\/?p=4272#primaryimage"},"thumbnailUrl":"https:\/\/regions-snetap-fsu.fr\/pdl\/wp-content\/uploads\/sites\/4\/2022\/03\/Entete.jpg","datePublished":"2022-03-10T19:03:56+00:00","dateModified":"2022-03-10T19:04:47+00:00","breadcrumb":{"@id":"https:\/\/regions-snetap-fsu.fr\/pdl\/?p=4272#breadcrumb"},"inLanguage":"fr-FR","potentialAction":[{"@type":"ReadAction","target":["https:\/\/regions-snetap-fsu.fr\/pdl\/?p=4272"]}]},{"@type":"ImageObject","inLanguage":"fr-FR","@id":"https:\/\/regions-snetap-fsu.fr\/pdl\/?p=4272#primaryimage","url":"https:\/\/regions-snetap-fsu.fr\/pdl\/wp-content\/uploads\/sites\/4\/2022\/03\/Entete.jpg","contentUrl":"https:\/\/regions-snetap-fsu.fr\/pdl\/wp-content\/uploads\/sites\/4\/2022\/03\/Entete.jpg","width":854,"height":762},{"@type":"BreadcrumbList","@id":"https:\/\/regions-snetap-fsu.fr\/pdl\/?p=4272#breadcrumb","itemListElement":[{"@type":"ListItem","position":1,"name":"Accueil","item":"https:\/\/regions-snetap-fsu.fr\/pdl\/"},{"@type":"ListItem","position":2,"name":"Urgence salaires ! Rassemblement le 17 mars \u00e0 LAVAL"}]},{"@type":"WebSite","@id":"https:\/\/regions-snetap-fsu.fr\/pdl\/#website","url":"https:\/\/regions-snetap-fsu.fr\/pdl\/","name":"SNETAP-FSU PAYS DE LA LOIRE","description":"SECTION REGIONALE","publisher":{"@id":"https:\/\/regions-snetap-fsu.fr\/pdl\/#organization"},"potentialAction":[{"@type":"SearchAction","target":{"@type":"EntryPoint","urlTemplate":"https:\/\/regions-snetap-fsu.fr\/pdl\/?s={search_term_string}"},"query-input":{"@type":"PropertyValueSpecification","valueRequired":true,"valueName":"search_term_string"}}],"inLanguage":"fr-FR"},{"@type":"Organization","@id":"https:\/\/regions-snetap-fsu.fr\/pdl\/#organization","name":"SNETAP-FSU Pays de Loire","url":"https:\/\/regions-snetap-fsu.fr\/pdl\/","logo":{"@type":"ImageObject","inLanguage":"fr-FR","@id":"https:\/\/regions-snetap-fsu.fr\/pdl\/#\/schema\/logo\/image\/","url":"https:\/\/regions-snetap-fsu.fr\/pdl\/wp-content\/uploads\/sites\/4\/2020\/12\/SNETAP-Logo.jpg","contentUrl":"https:\/\/regions-snetap-fsu.fr\/pdl\/wp-content\/uploads\/sites\/4\/2020\/12\/SNETAP-Logo.jpg","width":464,"height":334,"caption":"SNETAP-FSU Pays de Loire"},"image":{"@id":"https:\/\/regions-snetap-fsu.fr\/pdl\/#\/schema\/logo\/image\/"}},{"@type":"Person","@id":"https:\/\/regions-snetap-fsu.fr\/pdl\/#\/schema\/person\/d4530af043f9e8d27bdd71c468ec93b1","name":"yvigner","image":{"@type":"ImageObject","inLanguage":"fr-FR","@id":"https:\/\/secure.gravatar.com\/avatar\/bc72baa6f2406549aecf77a837bc4f03dbe88472c1762138f868571430a23820?s=96&d=mm&r=g","url":"https:\/\/secure.gravatar.com\/avatar\/bc72baa6f2406549aecf77a837bc4f03dbe88472c1762138f868571430a23820?s=96&d=mm&r=g","contentUrl":"https:\/\/secure.gravatar.com\/avatar\/bc72baa6f2406549aecf77a837bc4f03dbe88472c1762138f868571430a23820?s=96&d=mm&r=g","caption":"yvigner"},"url":"https:\/\/regions-snetap-fsu.fr\/pdl\/author\/yvigner\/"}]}},"_links":{"self":[{"href":"https:\/\/regions-snetap-fsu.fr\/pdl\/wp-json\/wp\/v2\/posts\/4272","targetHints":{"allow":["GET"]}}],"collection":[{"href":"https:\/\/regions-snetap-fsu.fr\/pdl\/wp-json\/wp\/v2\/posts"}],"about":[{"href":"https:\/\/regions-snetap-fsu.fr\/pdl\/wp-json\/wp\/v2\/types\/post"}],"author":[{"embeddable":true,"href":"https:\/\/regions-snetap-fsu.fr\/pdl\/wp-json\/wp\/v2\/users\/2"}],"replies":[{"embeddable":true,"href":"https:\/\/regions-snetap-fsu.fr\/pdl\/wp-json\/wp\/v2\/comments?post=4272"}],"version-history":[{"count":2,"href":"https:\/\/regions-snetap-fsu.fr\/pdl\/wp-json\/wp\/v2\/posts\/4272\/revisions"}],"predecessor-version":[{"id":4277,"href":"https:\/\/regions-snetap-fsu.fr\/pdl\/wp-json\/wp\/v2\/posts\/4272\/revisions\/4277"}],"wp:featuredmedia":[{"embeddable":true,"href":"https:\/\/regions-snetap-fsu.fr\/pdl\/wp-json\/wp\/v2\/media\/4275"}],"wp:attachment":[{"href":"https:\/\/regions-snetap-fsu.fr\/pdl\/wp-json\/wp\/v2\/media?parent=4272"}],"wp:term":[{"taxonomy":"category","embeddable":true,"href":"https:\/\/regions-snetap-fsu.fr\/pdl\/wp-json\/wp\/v2\/categories?post=4272"},{"taxonomy":"post_tag","embeddable":true,"href":"https:\/\/regions-snetap-fsu.fr\/pdl\/wp-json\/wp\/v2\/tags?post=4272"},{"taxonomy":"post_folder","embeddable":true,"href":"https:\/\/regions-snetap-fsu.fr\/pdl\/wp-json\/wp\/v2\/post_folder?post=4272"}],"curies":[{"name":"wp","href":"https:\/\/api.w.org\/{rel}","templated":true}]}}