{"id":4171,"date":"2022-01-13T23:48:05","date_gmt":"2022-01-13T22:48:05","guid":{"rendered":"https:\/\/regions-snetap-fsu.fr\/pdl\/?p=4171"},"modified":"2022-01-14T00:00:38","modified_gmt":"2022-01-13T23:00:38","slug":"une-equipe-dassistant-es-deducation-tire-la-sonnette-dalarme","status":"publish","type":"post","link":"https:\/\/regions-snetap-fsu.fr\/pdl\/2022\/01\/13\/une-equipe-dassistant-es-deducation-tire-la-sonnette-dalarme\/","title":{"rendered":"L&rsquo;\u00e9quipe d&rsquo;assistant.es d&rsquo;\u00e9ducation du LEGTA de Fontenay le Comte tire la sonnette d&rsquo;alarme"},"content":{"rendered":"<p id=\"magicdomid5\" class=\"ace-line\" style=\"text-align: justify;\" spellcheck=\"true\"><span style=\"font-family: arial, helvetica, sans-serif;\"><span class=\"author-a-8z84zz73zz84zz87z1qz78zz75zz86zz69zmz80z47z82z\">Par ce message, notre action de gr\u00e8ve et la mise en place d&rsquo;un signalement pour danger grave et imminent aupr\u00e8s du Comit\u00e9 Hygi\u00e8ne et <\/span><span class=\"author-a-8z84zz73zz84zz87z1qz78zz75zz86zz69zmz80z47z82z\">S<\/span><span class=\"author-a-z85z6z82zz84zaz66zz72zz80z1z83zsxz76zz86zz89zz86z\">\u00e9cu<\/span><span class=\"author-a-8z84zz73zz84zz87z1qz78zz75zz86zz69zmz80z47z82z\">rit\u00e9<\/span><span class=\"author-a-z85z6z82zz84zaz66zz72zz80z1z83zsxz76zz86zz89zz86z\"> et conditions de\u00a0<\/span><span class=\"author-a-8z84zz73zz84zz87z1qz78zz75zz86zz69zmz80z47z82z\">Travail R\u00e9gional de l&rsquo;Enseignement Agricole des Pays de la Loire, nous, l&rsquo;\u00e9quipe d&rsquo;assistant.es d&rsquo;\u00e9ducation du LEGTA BEL <\/span><span class=\"author-a-yjz78zjhjz85zut0dz70zx4wu\">AIR\u00a0<\/span><span class=\"author-a-8z84zz73zz84zz87z1qz78zz75zz86zz69zmz80z47z82z\">de Fontenay le Comte, souhaitons alerter et d\u00e9noncer nos conditions de travail. Cette situation r\u00e9sulte, pour nous, d&rsquo;un protocole sanitaire national inadapt\u00e9, des moyens de protections insuffisants et de la non prise en compte de la r\u00e9alit\u00e9 de notre m\u00e9tier et des dangers li\u00e9s au contact permanent avec les \u00e9l\u00e8ves-\u00e9tudiant.es.\u00a0<\/span><\/span><\/p>\n<p id=\"magicdomid7\" class=\"ace-line\" style=\"text-align: justify;\" spellcheck=\"true\"><span style=\"font-family: arial, helvetica, sans-serif;\"><span class=\"author-a-8z84zz73zz84zz87z1qz78zz75zz86zz69zmz80z47z82z\">Tout d&rsquo;abord, depuis le 3 janvier 2022, nous d\u00e9plorons, dans notre \u00e9tablissement, 20 cas positifs au Covid et\u00a0 jusqu&rsquo;\u00e0 68 cas contacts le 06\/01.\u00a0 Ces chiffres cumul\u00e9s, si l&rsquo;on prend l&rsquo;ensemble des \u00e9l\u00e8ves concern\u00e9s repr\u00e9sente<\/span><span class=\"author-a-yjz78zjhjz85zut0dz70zx4wu\">nt<\/span><span class=\"author-a-8z84zz73zz84zz87z1qz78zz75zz86zz69zmz80z47z82z\">\u00a0plus de 15% de nos effectifs !!<\/span><\/span><\/p>\n<p id=\"magicdomid9\" class=\"ace-line\" style=\"text-align: justify;\" spellcheck=\"true\"><span class=\"author-a-8z84zz73zz84zz87z1qz78zz75zz86zz69zmz80z47z82z b\" style=\"font-family: arial, helvetica, sans-serif;\"><b>Une r\u00e9elle crainte d&rsquo;\u00eatre contamin\u00e9.es<\/b><\/span><\/p>\n<p id=\"magicdomid10\" class=\"ace-line\" style=\"text-align: justify;\" spellcheck=\"true\"><span style=\"font-family: arial, helvetica, sans-serif;\"><span class=\"author-a-8z84zz73zz84zz87z1qz78zz75zz86zz69zmz80z47z82z\">A ce jour, nous venons au travail avec cette peur d&rsquo;\u00eatre contamin\u00e9s mais \u00e9galement de contaminer nos proches. Le moindre geste, la moindre petite action (le fait d&rsquo;ouvrir une simple porte) peut nous porter pr\u00e9judice \u00e0 tout moment. Il faut que cela cesse. A cette rentr\u00e9e de janvier, avec le variant OMICRON (encore plus contaminant) nos conditions de travail se sont encore d\u00e9t\u00e9rior\u00e9es.\u00a0 En effet, la capacit\u00e9 de notre self nous oblige \u00e0 mettre les \u00e9l\u00e8ves face \u00e0 face lors du d\u00e9jeuner. De plus, \u00e9tant dot\u00e9 d&rsquo;un internat, celui ci repr\u00e9sente selon nous un risque important de transmission. Pour vous donner un exemple, 26 \u00e9l\u00e8ves r\u00e9sident sur un \u00e9tage avec seulement 2 toilettes mis \u00e0 disposition, surveillants et \u00e9l\u00e8ves rassembl\u00e9s ! Le manque de gel au sein de nos internats ne nous permet pas d&rsquo;assurer de mani\u00e8re s\u00e9curitaire notre m\u00e9tier. Le protocole gouvernemental mis en place<\/span><span class=\"author-a-z85z6z82zz84zaz66zz72zz80z1z83zsxz76zz86zz89zz86z\">\u00a0<\/span><span class=\"author-a-8z84zz73zz84zz87z1qz78zz75zz86zz69zmz80z47z82z\">est une aberration. La gestion des cas positifs et des cas contacts, travail de titans entraine une surcharge consid\u00e9rable de travail. De plus<\/span><span class=\"author-a-z85z6z82zz84zaz66zz72zz80z1z83zsxz76zz86zz89zz86z\">,<\/span><span class=\"author-a-8z84zz73zz84zz87z1qz78zz75zz86zz69zmz80z47z82z\">\u00a0avec le protocole nationa<\/span><span class=\"author-a-z85z6z82zz84zaz66zz72zz80z1z83zsxz76zz86zz89zz86z\">l<\/span><span class=\"author-a-8z84zz73zz84zz87z1qz78zz75zz86zz69zmz80z47z82z\">\u00a0qui change sans arr\u00eat<\/span><span class=\"author-a-z85z6z82zz84zaz66zz72zz80z1z83zsxz76zz86zz89zz86z\">\u00a0et qui n&rsquo;est pas forc\u00e9ment transmis par le minist\u00e8re de l&rsquo;agriculture en temps et en en heure<\/span><span class=\"author-a-8z84zz73zz84zz87z1qz78zz75zz86zz69zmz80z47z82z\">, nous\u00a0<\/span><span class=\"author-a-z85z6z82zz84zaz66zz72zz80z1z83zsxz76zz86zz89zz86z\">sommes souvent dans l&rsquo;attente ou au mieux nous\u00a0<\/span><span class=\"author-a-8z84zz73zz84zz87z1qz78zz75zz86zz69zmz80z47z82z\">devons faire confiance aux familles et aux \u00e9l\u00e8ves qui peuvent revenir avec seulement un autotest en guise de justification. Cette action nous force \u00e0 avoir une confiance aveugle en nos \u00e9l\u00e8ves. Nous n&rsquo;avons aucun moyen d&rsquo;\u00eatre\u00a0<\/span><span class=\"author-a-yjz78zjhjz85zut0dz70zx4wu\">certain<\/span><span class=\"author-a-z85z6z82zz84zaz66zz72zz80z1z83zsxz76zz86zz89zz86z\">s<\/span><span class=\"author-a-8z84zz73zz84zz87z1qz78zz75zz86zz69zmz80z47z82z\">\u00a0\u00e0 100% de la pertinence de cet autotest.<\/span><\/span><\/p>\n<p id=\"magicdomid12\" class=\"ace-line\" style=\"text-align: justify;\" spellcheck=\"true\"><span class=\"author-a-8z84zz73zz84zz87z1qz78zz75zz86zz69zmz80z47z82z b\" style=\"font-family: arial, helvetica, sans-serif;\"><b>Des moyens de protection insuffisants<\/b><\/span><\/p>\n<p id=\"magicdomid13\" class=\"ace-line\" style=\"text-align: justify;\" spellcheck=\"true\"><span class=\"author-a-8z84zz73zz84zz87z1qz78zz75zz86zz69zmz80z47z82z\" style=\"font-family: arial, helvetica, sans-serif;\">Par ailleurs, nous n&rsquo;avons pas de masques FFP2 qui nous rassureraient clairement et que nous continuons \u00e0 exercer chaque jour notre travail avec des masques\u00a0 chirurgicaux en partageant les m\u00eames espaces que nos \u00e9l\u00e8ves (toilettes, self, salle de classe&#8230;). Nous d\u00e9plorons \u00e9galement l&rsquo;absence d&rsquo;autotest mis \u00e0 notre disposition en tant qu&rsquo;agent et leur insuffisance pour g\u00e9rer tous les cas contacts.\u00a0<\/span><\/p>\n<p id=\"magicdomid15\" class=\"ace-line\" style=\"text-align: justify;\" spellcheck=\"true\"><span class=\"author-a-8z84zz73zz84zz87z1qz78zz75zz86zz69zmz80z47z82z b\" style=\"font-family: arial, helvetica, sans-serif;\"><b>En premi\u00e8re ligne contre le COVID&#8230;mais oubli\u00e9.es pour la prime&#8230;<\/b><\/span><\/p>\n<p id=\"magicdomid16\" class=\"ace-line\" style=\"text-align: justify;\" spellcheck=\"true\"><span class=\"author-a-8z84zz73zz84zz87z1qz78zz75zz86zz69zmz80z47z82z\" style=\"font-family: arial, helvetica, sans-serif;\">Si la prime vers\u00e9e (l&rsquo;an pass\u00e9) \u00e0 certaines cat\u00e9gories de personnels est une\u00a0 tr\u00e8s bonne chose, nous nous consid\u00e9rons comme les oubli\u00e9.es de ce dispositif, de cette reconnaissance la AUSSI !\u00a0 Alors que nous encadrons, c\u00f4toyons\u00a0 discutons, vivons avec les \u00e9l\u00e8ves 24h\/24h&#8230;Le bon sens voudrait que cette reconnaissance soit \u00e9galement attribu\u00e9e \u00e0 tous les personnels et en particulier \u00e0 nous Assistants d&rsquo;Education. Mais non, RIEN !<\/span><\/p>\n<p id=\"magicdomid18\" class=\"ace-line\" style=\"text-align: justify;\" spellcheck=\"true\"><span class=\"author-a-8z84zz73zz84zz87z1qz78zz75zz86zz69zmz80z47z82z\" style=\"font-family: arial, helvetica, sans-serif;\">Ainsi, nous sommes en gr\u00e8ve depuis le 10 janvier pour faire d\u00e9noncer notre situation, la situation de tous les AED et enfin \u00eatre consid\u00e9r\u00e9s. Cette situation doit cesser !<\/span><\/p>\n<p id=\"magicdomid20\" class=\"ace-line\" style=\"text-align: right;\" spellcheck=\"true\"><span style=\"font-family: arial, helvetica, sans-serif;\"><strong><span class=\"author-a-8z84zz73zz84zz87z1qz78zz75zz86zz69zmz80z47z82z\">L&rsquo;\u00e9quipe d&rsquo;assistant.es de Vie scolaire du LEGTA BEL AIR (Fontenay le Comte-85)<\/span><\/strong><\/span><\/p>\n","protected":false},"excerpt":{"rendered":"<p>Par ce message, notre action de gr\u00e8ve et la mise en place d&rsquo;un signalement pour danger grave et imminent aupr\u00e8s du Comit\u00e9 Hygi\u00e8ne et S\u00e9curit\u00e9 et conditions de\u00a0Travail R\u00e9gional de l&rsquo;Enseignement Agricole des Pays de la Loire, nous, l&rsquo;\u00e9quipe d&rsquo;assistant.es d&rsquo;\u00e9ducation du LEGTA BEL AIR\u00a0de Fontenay le Comte, souhaitons alerter et d\u00e9noncer nos conditions de [&hellip;]<\/p>\n","protected":false},"author":2,"featured_media":4172,"comment_status":"closed","ping_status":"closed","sticky":false,"template":"","format":"standard","meta":{"ocean_post_layout":"","ocean_both_sidebars_style":"","ocean_both_sidebars_content_width":0,"ocean_both_sidebars_sidebars_width":0,"ocean_sidebar":"0","ocean_second_sidebar":"0","ocean_disable_margins":"enable","ocean_add_body_class":"","ocean_shortcode_before_top_bar":"","ocean_shortcode_after_top_bar":"","ocean_shortcode_before_header":"","ocean_shortcode_after_header":"","ocean_has_shortcode":"","ocean_shortcode_after_title":"","ocean_shortcode_before_footer_widgets":"","ocean_shortcode_after_footer_widgets":"","ocean_shortcode_before_footer_bottom":"","ocean_shortcode_after_footer_bottom":"","ocean_display_top_bar":"default","ocean_display_header":"default","ocean_header_style":"","ocean_center_header_left_menu":"0","ocean_custom_header_template":"0","ocean_custom_logo":0,"ocean_custom_retina_logo":0,"ocean_custom_logo_max_width":0,"ocean_custom_logo_tablet_max_width":0,"ocean_custom_logo_mobile_max_width":0,"ocean_custom_logo_max_height":0,"ocean_custom_logo_tablet_max_height":0,"ocean_custom_logo_mobile_max_height":0,"ocean_header_custom_menu":"0","ocean_menu_typo_font_family":"0","ocean_menu_typo_font_subset":"","ocean_menu_typo_font_size":0,"ocean_menu_typo_font_size_tablet":0,"ocean_menu_typo_font_size_mobile":0,"ocean_menu_typo_font_size_unit":"px","ocean_menu_typo_font_weight":"","ocean_menu_typo_font_weight_tablet":"","ocean_menu_typo_font_weight_mobile":"","ocean_menu_typo_transform":"","ocean_menu_typo_transform_tablet":"","ocean_menu_typo_transform_mobile":"","ocean_menu_typo_line_height":0,"ocean_menu_typo_line_height_tablet":0,"ocean_menu_typo_line_height_mobile":0,"ocean_menu_typo_line_height_unit":"","ocean_menu_typo_spacing":0,"ocean_menu_typo_spacing_tablet":0,"ocean_menu_typo_spacing_mobile":0,"ocean_menu_typo_spacing_unit":"","ocean_menu_link_color":"","ocean_menu_link_color_hover":"","ocean_menu_link_color_active":"","ocean_menu_link_background":"","ocean_menu_link_hover_background":"","ocean_menu_link_active_background":"","ocean_menu_social_links_bg":"","ocean_menu_social_hover_links_bg":"","ocean_menu_social_links_color":"","ocean_menu_social_hover_links_color":"","ocean_disable_title":"default","ocean_disable_heading":"default","ocean_post_title":"","ocean_post_subheading":"","ocean_post_title_style":"","ocean_post_title_background_color":"","ocean_post_title_background":0,"ocean_post_title_bg_image_position":"","ocean_post_title_bg_image_attachment":"","ocean_post_title_bg_image_repeat":"","ocean_post_title_bg_image_size":"","ocean_post_title_height":0,"ocean_post_title_bg_overlay":0.5,"ocean_post_title_bg_overlay_color":"","ocean_disable_breadcrumbs":"default","ocean_breadcrumbs_color":"","ocean_breadcrumbs_separator_color":"","ocean_breadcrumbs_links_color":"","ocean_breadcrumbs_links_hover_color":"","ocean_display_footer_widgets":"default","ocean_display_footer_bottom":"default","ocean_custom_footer_template":"0","ocean_post_oembed":"","ocean_post_self_hosted_media":"","ocean_post_video_embed":"","ocean_link_format":"","ocean_link_format_target":"self","ocean_quote_format":"","ocean_quote_format_link":"post","ocean_gallery_link_images":"off","ocean_gallery_id":[],"footnotes":""},"categories":[9,17],"tags":[],"post_folder":[],"class_list":["post-4171","post","type-post","status-publish","format-standard","has-post-thumbnail","hentry","category-actions-et-communiques","category-fontenay-le-comte","entry","has-media"],"yoast_head":"<!-- This site is optimized with the Yoast SEO plugin v27.4 - https:\/\/yoast.com\/product\/yoast-seo-wordpress\/ -->\n<title>L&#039;\u00e9quipe d&#039;assistant.es d&#039;\u00e9ducation du LEGTA de Fontenay le Comte tire la sonnette d&#039;alarme - PAYS DE LA LOIRE<\/title>\n<meta name=\"robots\" content=\"index, follow, max-snippet:-1, max-image-preview:large, max-video-preview:-1\" \/>\n<link rel=\"canonical\" href=\"https:\/\/regions-snetap-fsu.fr\/pdl\/2022\/01\/13\/une-equipe-dassistant-es-deducation-tire-la-sonnette-dalarme\/\" \/>\n<meta property=\"og:locale\" content=\"fr_FR\" \/>\n<meta property=\"og:type\" content=\"article\" \/>\n<meta property=\"og:title\" content=\"L&#039;\u00e9quipe d&#039;assistant.es d&#039;\u00e9ducation du LEGTA de Fontenay le Comte tire la sonnette d&#039;alarme - PAYS DE LA LOIRE\" \/>\n<meta property=\"og:description\" content=\"Par ce message, notre action de gr\u00e8ve et la mise en place d&rsquo;un signalement pour danger grave et imminent aupr\u00e8s du Comit\u00e9 Hygi\u00e8ne et S\u00e9curit\u00e9 et conditions de\u00a0Travail R\u00e9gional de l&rsquo;Enseignement Agricole des Pays de la Loire, nous, l&rsquo;\u00e9quipe d&rsquo;assistant.es d&rsquo;\u00e9ducation du LEGTA BEL AIR\u00a0de Fontenay le Comte, souhaitons alerter et d\u00e9noncer nos conditions de [&hellip;]\" \/>\n<meta property=\"og:url\" content=\"https:\/\/regions-snetap-fsu.fr\/pdl\/2022\/01\/13\/une-equipe-dassistant-es-deducation-tire-la-sonnette-dalarme\/\" \/>\n<meta property=\"og:site_name\" content=\"PAYS DE LA LOIRE\" \/>\n<meta property=\"article:published_time\" content=\"2022-01-13T22:48:05+00:00\" \/>\n<meta property=\"article:modified_time\" content=\"2022-01-13T23:00:38+00:00\" \/>\n<meta property=\"og:image\" content=\"https:\/\/regions-snetap-fsu.fr\/pdl\/wp-content\/uploads\/sites\/4\/2022\/01\/reunion-AE-Fontenay.jpg\" \/>\n\t<meta property=\"og:image:width\" content=\"1920\" \/>\n\t<meta property=\"og:image:height\" content=\"1040\" \/>\n\t<meta property=\"og:image:type\" content=\"image\/jpeg\" \/>\n<meta name=\"author\" content=\"yvigner\" \/>\n<meta name=\"twitter:card\" content=\"summary_large_image\" \/>\n<meta name=\"twitter:label1\" content=\"\u00c9crit par\" \/>\n\t<meta name=\"twitter:data1\" content=\"yvigner\" \/>\n\t<meta name=\"twitter:label2\" content=\"Dur\u00e9e de lecture estim\u00e9e\" \/>\n\t<meta name=\"twitter:data2\" content=\"3 minutes\" \/>\n<script type=\"application\/ld+json\" class=\"yoast-schema-graph\">{\"@context\":\"https:\\\/\\\/schema.org\",\"@graph\":[{\"@type\":\"Article\",\"@id\":\"https:\\\/\\\/regions-snetap-fsu.fr\\\/pdl\\\/2022\\\/01\\\/13\\\/une-equipe-dassistant-es-deducation-tire-la-sonnette-dalarme\\\/#article\",\"isPartOf\":{\"@id\":\"https:\\\/\\\/regions-snetap-fsu.fr\\\/pdl\\\/2022\\\/01\\\/13\\\/une-equipe-dassistant-es-deducation-tire-la-sonnette-dalarme\\\/\"},\"author\":{\"name\":\"yvigner\",\"@id\":\"https:\\\/\\\/regions-snetap-fsu.fr\\\/pdl\\\/#\\\/schema\\\/person\\\/d4530af043f9e8d27bdd71c468ec93b1\"},\"headline\":\"L&rsquo;\u00e9quipe d&rsquo;assistant.es d&rsquo;\u00e9ducation du LEGTA de Fontenay le Comte tire la sonnette d&rsquo;alarme\",\"datePublished\":\"2022-01-13T22:48:05+00:00\",\"dateModified\":\"2022-01-13T23:00:38+00:00\",\"mainEntityOfPage\":{\"@id\":\"https:\\\/\\\/regions-snetap-fsu.fr\\\/pdl\\\/2022\\\/01\\\/13\\\/une-equipe-dassistant-es-deducation-tire-la-sonnette-dalarme\\\/\"},\"wordCount\":661,\"publisher\":{\"@id\":\"https:\\\/\\\/regions-snetap-fsu.fr\\\/pdl\\\/#organization\"},\"image\":{\"@id\":\"https:\\\/\\\/regions-snetap-fsu.fr\\\/pdl\\\/2022\\\/01\\\/13\\\/une-equipe-dassistant-es-deducation-tire-la-sonnette-dalarme\\\/#primaryimage\"},\"thumbnailUrl\":\"https:\\\/\\\/regions-snetap-fsu.fr\\\/pdl\\\/wp-content\\\/uploads\\\/sites\\\/4\\\/2022\\\/01\\\/reunion-AE-Fontenay.jpg\",\"articleSection\":[\"Communiqu\u00e9s\",\"Fontenay le Comte\"],\"inLanguage\":\"fr-FR\"},{\"@type\":\"WebPage\",\"@id\":\"https:\\\/\\\/regions-snetap-fsu.fr\\\/pdl\\\/2022\\\/01\\\/13\\\/une-equipe-dassistant-es-deducation-tire-la-sonnette-dalarme\\\/\",\"url\":\"https:\\\/\\\/regions-snetap-fsu.fr\\\/pdl\\\/2022\\\/01\\\/13\\\/une-equipe-dassistant-es-deducation-tire-la-sonnette-dalarme\\\/\",\"name\":\"L'\u00e9quipe d'assistant.es d'\u00e9ducation du LEGTA de Fontenay le Comte tire la sonnette d'alarme - PAYS DE LA LOIRE\",\"isPartOf\":{\"@id\":\"https:\\\/\\\/regions-snetap-fsu.fr\\\/pdl\\\/#website\"},\"primaryImageOfPage\":{\"@id\":\"https:\\\/\\\/regions-snetap-fsu.fr\\\/pdl\\\/2022\\\/01\\\/13\\\/une-equipe-dassistant-es-deducation-tire-la-sonnette-dalarme\\\/#primaryimage\"},\"image\":{\"@id\":\"https:\\\/\\\/regions-snetap-fsu.fr\\\/pdl\\\/2022\\\/01\\\/13\\\/une-equipe-dassistant-es-deducation-tire-la-sonnette-dalarme\\\/#primaryimage\"},\"thumbnailUrl\":\"https:\\\/\\\/regions-snetap-fsu.fr\\\/pdl\\\/wp-content\\\/uploads\\\/sites\\\/4\\\/2022\\\/01\\\/reunion-AE-Fontenay.jpg\",\"datePublished\":\"2022-01-13T22:48:05+00:00\",\"dateModified\":\"2022-01-13T23:00:38+00:00\",\"breadcrumb\":{\"@id\":\"https:\\\/\\\/regions-snetap-fsu.fr\\\/pdl\\\/2022\\\/01\\\/13\\\/une-equipe-dassistant-es-deducation-tire-la-sonnette-dalarme\\\/#breadcrumb\"},\"inLanguage\":\"fr-FR\",\"potentialAction\":[{\"@type\":\"ReadAction\",\"target\":[\"https:\\\/\\\/regions-snetap-fsu.fr\\\/pdl\\\/2022\\\/01\\\/13\\\/une-equipe-dassistant-es-deducation-tire-la-sonnette-dalarme\\\/\"]}]},{\"@type\":\"ImageObject\",\"inLanguage\":\"fr-FR\",\"@id\":\"https:\\\/\\\/regions-snetap-fsu.fr\\\/pdl\\\/2022\\\/01\\\/13\\\/une-equipe-dassistant-es-deducation-tire-la-sonnette-dalarme\\\/#primaryimage\",\"url\":\"https:\\\/\\\/regions-snetap-fsu.fr\\\/pdl\\\/wp-content\\\/uploads\\\/sites\\\/4\\\/2022\\\/01\\\/reunion-AE-Fontenay.jpg\",\"contentUrl\":\"https:\\\/\\\/regions-snetap-fsu.fr\\\/pdl\\\/wp-content\\\/uploads\\\/sites\\\/4\\\/2022\\\/01\\\/reunion-AE-Fontenay.jpg\",\"width\":1920,\"height\":1040},{\"@type\":\"BreadcrumbList\",\"@id\":\"https:\\\/\\\/regions-snetap-fsu.fr\\\/pdl\\\/2022\\\/01\\\/13\\\/une-equipe-dassistant-es-deducation-tire-la-sonnette-dalarme\\\/#breadcrumb\",\"itemListElement\":[{\"@type\":\"ListItem\",\"position\":1,\"name\":\"Accueil\",\"item\":\"https:\\\/\\\/regions-snetap-fsu.fr\\\/pdl\\\/\"},{\"@type\":\"ListItem\",\"position\":2,\"name\":\"Une \u00e9quipe d&rsquo;assistant.es d&rsquo;\u00e9ducation tire la sonnette d&rsquo;alarme\"}]},{\"@type\":\"WebSite\",\"@id\":\"https:\\\/\\\/regions-snetap-fsu.fr\\\/pdl\\\/#website\",\"url\":\"https:\\\/\\\/regions-snetap-fsu.fr\\\/pdl\\\/\",\"name\":\"SNETAP-FSU PAYS DE LA LOIRE\",\"description\":\"SECTION REGIONALE\",\"publisher\":{\"@id\":\"https:\\\/\\\/regions-snetap-fsu.fr\\\/pdl\\\/#organization\"},\"potentialAction\":[{\"@type\":\"SearchAction\",\"target\":{\"@type\":\"EntryPoint\",\"urlTemplate\":\"https:\\\/\\\/regions-snetap-fsu.fr\\\/pdl\\\/?s={search_term_string}\"},\"query-input\":{\"@type\":\"PropertyValueSpecification\",\"valueRequired\":true,\"valueName\":\"search_term_string\"}}],\"inLanguage\":\"fr-FR\"},{\"@type\":\"Organization\",\"@id\":\"https:\\\/\\\/regions-snetap-fsu.fr\\\/pdl\\\/#organization\",\"name\":\"SNETAP-FSU Pays de Loire\",\"url\":\"https:\\\/\\\/regions-snetap-fsu.fr\\\/pdl\\\/\",\"logo\":{\"@type\":\"ImageObject\",\"inLanguage\":\"fr-FR\",\"@id\":\"https:\\\/\\\/regions-snetap-fsu.fr\\\/pdl\\\/#\\\/schema\\\/logo\\\/image\\\/\",\"url\":\"https:\\\/\\\/regions-snetap-fsu.fr\\\/pdl\\\/wp-content\\\/uploads\\\/sites\\\/4\\\/2020\\\/12\\\/SNETAP-Logo.jpg\",\"contentUrl\":\"https:\\\/\\\/regions-snetap-fsu.fr\\\/pdl\\\/wp-content\\\/uploads\\\/sites\\\/4\\\/2020\\\/12\\\/SNETAP-Logo.jpg\",\"width\":464,\"height\":334,\"caption\":\"SNETAP-FSU Pays de Loire\"},\"image\":{\"@id\":\"https:\\\/\\\/regions-snetap-fsu.fr\\\/pdl\\\/#\\\/schema\\\/logo\\\/image\\\/\"}},{\"@type\":\"Person\",\"@id\":\"https:\\\/\\\/regions-snetap-fsu.fr\\\/pdl\\\/#\\\/schema\\\/person\\\/d4530af043f9e8d27bdd71c468ec93b1\",\"name\":\"yvigner\",\"image\":{\"@type\":\"ImageObject\",\"inLanguage\":\"fr-FR\",\"@id\":\"https:\\\/\\\/secure.gravatar.com\\\/avatar\\\/bc72baa6f2406549aecf77a837bc4f03dbe88472c1762138f868571430a23820?s=96&d=mm&r=g\",\"url\":\"https:\\\/\\\/secure.gravatar.com\\\/avatar\\\/bc72baa6f2406549aecf77a837bc4f03dbe88472c1762138f868571430a23820?s=96&d=mm&r=g\",\"contentUrl\":\"https:\\\/\\\/secure.gravatar.com\\\/avatar\\\/bc72baa6f2406549aecf77a837bc4f03dbe88472c1762138f868571430a23820?s=96&d=mm&r=g\",\"caption\":\"yvigner\"},\"url\":\"https:\\\/\\\/regions-snetap-fsu.fr\\\/pdl\\\/author\\\/yvigner\\\/\"}]}<\/script>\n<!-- \/ Yoast SEO plugin. -->","yoast_head_json":{"title":"L'\u00e9quipe d'assistant.es d'\u00e9ducation du LEGTA de Fontenay le Comte tire la sonnette d'alarme - PAYS DE LA LOIRE","robots":{"index":"index","follow":"follow","max-snippet":"max-snippet:-1","max-image-preview":"max-image-preview:large","max-video-preview":"max-video-preview:-1"},"canonical":"https:\/\/regions-snetap-fsu.fr\/pdl\/2022\/01\/13\/une-equipe-dassistant-es-deducation-tire-la-sonnette-dalarme\/","og_locale":"fr_FR","og_type":"article","og_title":"L'\u00e9quipe d'assistant.es d'\u00e9ducation du LEGTA de Fontenay le Comte tire la sonnette d'alarme - PAYS DE LA LOIRE","og_description":"Par ce message, notre action de gr\u00e8ve et la mise en place d&rsquo;un signalement pour danger grave et imminent aupr\u00e8s du Comit\u00e9 Hygi\u00e8ne et S\u00e9curit\u00e9 et conditions de\u00a0Travail R\u00e9gional de l&rsquo;Enseignement Agricole des Pays de la Loire, nous, l&rsquo;\u00e9quipe d&rsquo;assistant.es d&rsquo;\u00e9ducation du LEGTA BEL AIR\u00a0de Fontenay le Comte, souhaitons alerter et d\u00e9noncer nos conditions de [&hellip;]","og_url":"https:\/\/regions-snetap-fsu.fr\/pdl\/2022\/01\/13\/une-equipe-dassistant-es-deducation-tire-la-sonnette-dalarme\/","og_site_name":"PAYS DE LA LOIRE","article_published_time":"2022-01-13T22:48:05+00:00","article_modified_time":"2022-01-13T23:00:38+00:00","og_image":[{"width":1920,"height":1040,"url":"https:\/\/regions-snetap-fsu.fr\/pdl\/wp-content\/uploads\/sites\/4\/2022\/01\/reunion-AE-Fontenay.jpg","type":"image\/jpeg"}],"author":"yvigner","twitter_card":"summary_large_image","twitter_misc":{"\u00c9crit par":"yvigner","Dur\u00e9e de lecture estim\u00e9e":"3 minutes"},"schema":{"@context":"https:\/\/schema.org","@graph":[{"@type":"Article","@id":"https:\/\/regions-snetap-fsu.fr\/pdl\/2022\/01\/13\/une-equipe-dassistant-es-deducation-tire-la-sonnette-dalarme\/#article","isPartOf":{"@id":"https:\/\/regions-snetap-fsu.fr\/pdl\/2022\/01\/13\/une-equipe-dassistant-es-deducation-tire-la-sonnette-dalarme\/"},"author":{"name":"yvigner","@id":"https:\/\/regions-snetap-fsu.fr\/pdl\/#\/schema\/person\/d4530af043f9e8d27bdd71c468ec93b1"},"headline":"L&rsquo;\u00e9quipe d&rsquo;assistant.es d&rsquo;\u00e9ducation du LEGTA de Fontenay le Comte tire la sonnette d&rsquo;alarme","datePublished":"2022-01-13T22:48:05+00:00","dateModified":"2022-01-13T23:00:38+00:00","mainEntityOfPage":{"@id":"https:\/\/regions-snetap-fsu.fr\/pdl\/2022\/01\/13\/une-equipe-dassistant-es-deducation-tire-la-sonnette-dalarme\/"},"wordCount":661,"publisher":{"@id":"https:\/\/regions-snetap-fsu.fr\/pdl\/#organization"},"image":{"@id":"https:\/\/regions-snetap-fsu.fr\/pdl\/2022\/01\/13\/une-equipe-dassistant-es-deducation-tire-la-sonnette-dalarme\/#primaryimage"},"thumbnailUrl":"https:\/\/regions-snetap-fsu.fr\/pdl\/wp-content\/uploads\/sites\/4\/2022\/01\/reunion-AE-Fontenay.jpg","articleSection":["Communiqu\u00e9s","Fontenay le Comte"],"inLanguage":"fr-FR"},{"@type":"WebPage","@id":"https:\/\/regions-snetap-fsu.fr\/pdl\/2022\/01\/13\/une-equipe-dassistant-es-deducation-tire-la-sonnette-dalarme\/","url":"https:\/\/regions-snetap-fsu.fr\/pdl\/2022\/01\/13\/une-equipe-dassistant-es-deducation-tire-la-sonnette-dalarme\/","name":"L'\u00e9quipe d'assistant.es d'\u00e9ducation du LEGTA de Fontenay le Comte tire la sonnette d'alarme - PAYS DE LA LOIRE","isPartOf":{"@id":"https:\/\/regions-snetap-fsu.fr\/pdl\/#website"},"primaryImageOfPage":{"@id":"https:\/\/regions-snetap-fsu.fr\/pdl\/2022\/01\/13\/une-equipe-dassistant-es-deducation-tire-la-sonnette-dalarme\/#primaryimage"},"image":{"@id":"https:\/\/regions-snetap-fsu.fr\/pdl\/2022\/01\/13\/une-equipe-dassistant-es-deducation-tire-la-sonnette-dalarme\/#primaryimage"},"thumbnailUrl":"https:\/\/regions-snetap-fsu.fr\/pdl\/wp-content\/uploads\/sites\/4\/2022\/01\/reunion-AE-Fontenay.jpg","datePublished":"2022-01-13T22:48:05+00:00","dateModified":"2022-01-13T23:00:38+00:00","breadcrumb":{"@id":"https:\/\/regions-snetap-fsu.fr\/pdl\/2022\/01\/13\/une-equipe-dassistant-es-deducation-tire-la-sonnette-dalarme\/#breadcrumb"},"inLanguage":"fr-FR","potentialAction":[{"@type":"ReadAction","target":["https:\/\/regions-snetap-fsu.fr\/pdl\/2022\/01\/13\/une-equipe-dassistant-es-deducation-tire-la-sonnette-dalarme\/"]}]},{"@type":"ImageObject","inLanguage":"fr-FR","@id":"https:\/\/regions-snetap-fsu.fr\/pdl\/2022\/01\/13\/une-equipe-dassistant-es-deducation-tire-la-sonnette-dalarme\/#primaryimage","url":"https:\/\/regions-snetap-fsu.fr\/pdl\/wp-content\/uploads\/sites\/4\/2022\/01\/reunion-AE-Fontenay.jpg","contentUrl":"https:\/\/regions-snetap-fsu.fr\/pdl\/wp-content\/uploads\/sites\/4\/2022\/01\/reunion-AE-Fontenay.jpg","width":1920,"height":1040},{"@type":"BreadcrumbList","@id":"https:\/\/regions-snetap-fsu.fr\/pdl\/2022\/01\/13\/une-equipe-dassistant-es-deducation-tire-la-sonnette-dalarme\/#breadcrumb","itemListElement":[{"@type":"ListItem","position":1,"name":"Accueil","item":"https:\/\/regions-snetap-fsu.fr\/pdl\/"},{"@type":"ListItem","position":2,"name":"Une \u00e9quipe d&rsquo;assistant.es d&rsquo;\u00e9ducation tire la sonnette d&rsquo;alarme"}]},{"@type":"WebSite","@id":"https:\/\/regions-snetap-fsu.fr\/pdl\/#website","url":"https:\/\/regions-snetap-fsu.fr\/pdl\/","name":"SNETAP-FSU PAYS DE LA LOIRE","description":"SECTION REGIONALE","publisher":{"@id":"https:\/\/regions-snetap-fsu.fr\/pdl\/#organization"},"potentialAction":[{"@type":"SearchAction","target":{"@type":"EntryPoint","urlTemplate":"https:\/\/regions-snetap-fsu.fr\/pdl\/?s={search_term_string}"},"query-input":{"@type":"PropertyValueSpecification","valueRequired":true,"valueName":"search_term_string"}}],"inLanguage":"fr-FR"},{"@type":"Organization","@id":"https:\/\/regions-snetap-fsu.fr\/pdl\/#organization","name":"SNETAP-FSU Pays de Loire","url":"https:\/\/regions-snetap-fsu.fr\/pdl\/","logo":{"@type":"ImageObject","inLanguage":"fr-FR","@id":"https:\/\/regions-snetap-fsu.fr\/pdl\/#\/schema\/logo\/image\/","url":"https:\/\/regions-snetap-fsu.fr\/pdl\/wp-content\/uploads\/sites\/4\/2020\/12\/SNETAP-Logo.jpg","contentUrl":"https:\/\/regions-snetap-fsu.fr\/pdl\/wp-content\/uploads\/sites\/4\/2020\/12\/SNETAP-Logo.jpg","width":464,"height":334,"caption":"SNETAP-FSU Pays de Loire"},"image":{"@id":"https:\/\/regions-snetap-fsu.fr\/pdl\/#\/schema\/logo\/image\/"}},{"@type":"Person","@id":"https:\/\/regions-snetap-fsu.fr\/pdl\/#\/schema\/person\/d4530af043f9e8d27bdd71c468ec93b1","name":"yvigner","image":{"@type":"ImageObject","inLanguage":"fr-FR","@id":"https:\/\/secure.gravatar.com\/avatar\/bc72baa6f2406549aecf77a837bc4f03dbe88472c1762138f868571430a23820?s=96&d=mm&r=g","url":"https:\/\/secure.gravatar.com\/avatar\/bc72baa6f2406549aecf77a837bc4f03dbe88472c1762138f868571430a23820?s=96&d=mm&r=g","contentUrl":"https:\/\/secure.gravatar.com\/avatar\/bc72baa6f2406549aecf77a837bc4f03dbe88472c1762138f868571430a23820?s=96&d=mm&r=g","caption":"yvigner"},"url":"https:\/\/regions-snetap-fsu.fr\/pdl\/author\/yvigner\/"}]}},"_links":{"self":[{"href":"https:\/\/regions-snetap-fsu.fr\/pdl\/wp-json\/wp\/v2\/posts\/4171","targetHints":{"allow":["GET"]}}],"collection":[{"href":"https:\/\/regions-snetap-fsu.fr\/pdl\/wp-json\/wp\/v2\/posts"}],"about":[{"href":"https:\/\/regions-snetap-fsu.fr\/pdl\/wp-json\/wp\/v2\/types\/post"}],"author":[{"embeddable":true,"href":"https:\/\/regions-snetap-fsu.fr\/pdl\/wp-json\/wp\/v2\/users\/2"}],"replies":[{"embeddable":true,"href":"https:\/\/regions-snetap-fsu.fr\/pdl\/wp-json\/wp\/v2\/comments?post=4171"}],"version-history":[{"count":6,"href":"https:\/\/regions-snetap-fsu.fr\/pdl\/wp-json\/wp\/v2\/posts\/4171\/revisions"}],"predecessor-version":[{"id":4179,"href":"https:\/\/regions-snetap-fsu.fr\/pdl\/wp-json\/wp\/v2\/posts\/4171\/revisions\/4179"}],"wp:featuredmedia":[{"embeddable":true,"href":"https:\/\/regions-snetap-fsu.fr\/pdl\/wp-json\/wp\/v2\/media\/4172"}],"wp:attachment":[{"href":"https:\/\/regions-snetap-fsu.fr\/pdl\/wp-json\/wp\/v2\/media?parent=4171"}],"wp:term":[{"taxonomy":"category","embeddable":true,"href":"https:\/\/regions-snetap-fsu.fr\/pdl\/wp-json\/wp\/v2\/categories?post=4171"},{"taxonomy":"post_tag","embeddable":true,"href":"https:\/\/regions-snetap-fsu.fr\/pdl\/wp-json\/wp\/v2\/tags?post=4171"},{"taxonomy":"post_folder","embeddable":true,"href":"https:\/\/regions-snetap-fsu.fr\/pdl\/wp-json\/wp\/v2\/post_folder?post=4171"}],"curies":[{"name":"wp","href":"https:\/\/api.w.org\/{rel}","templated":true}]}}