{"id":4094,"date":"2021-12-02T14:59:52","date_gmt":"2021-12-02T13:59:52","guid":{"rendered":"https:\/\/regions-snetap-fsu.fr\/pdl\/?p=4094"},"modified":"2021-12-02T15:01:10","modified_gmt":"2021-12-02T14:01:10","slug":"les-personnels-du-lycee-agricole-du-fresne-mobilises-pour-levolution-de-la-carte-de-formation-de-leur-etablissement","status":"publish","type":"post","link":"https:\/\/regions-snetap-fsu.fr\/pdl\/2021\/12\/02\/les-personnels-du-lycee-agricole-du-fresne-mobilises-pour-levolution-de-la-carte-de-formation-de-leur-etablissement\/","title":{"rendered":"Les personnels du Lyc\u00e9e agricole du Fresne mobilis\u00e9s pour l&rsquo;\u00e9volution de la carte de formation de leur \u00e9tablissement"},"content":{"rendered":"<p align=\"justify\"><span style=\"text-decoration: underline;\"><strong><span style=\"font-size: 18pt;\">D\u00e9claration des repr\u00e9sentants des personnels au Conseil d&rsquo;administration du 1er d\u00e9cembre 2022<\/span><\/strong><\/span><\/p>\n<p align=\"justify\"><span style=\"font-family: Times New Roman, serif;\"><span style=\"font-size: medium;\"><span style=\"font-size: large;\">A M. le chef du SRFD de la DRAAF Pays de la Loire.<\/span><\/span><\/span><\/p>\n<p align=\"justify\"><span style=\"font-family: Times New Roman, serif;\"><span style=\"font-size: medium;\"><span style=\"font-size: large;\">L\u2019ensemble du personnel du lyc\u00e9e agricole Angers le Fresne est ici devant vous pour obtenir des explications concernant l\u2019avis d\u00e9favorable au changement d\u2019option de notre fili\u00e8re commerce vente univers jardin en produits alimentaires et boissons.<\/span><\/span><\/span><\/p>\n<p align=\"justify\"><span style=\"font-family: Times New Roman, serif;\"><span style=\"font-size: medium;\"><span style=\"font-size: large;\">Alert\u00e9 par notre direction sur les probl\u00e8mes de recrutement r\u00e9currents en univers jardins, une partie de l\u2019\u00e9quipe enseignante s\u2019est mobilis\u00e9e en 2020 afin d\u2019\u00e9tudier la pertinence de cette ouverture en faisant des recherches approfondies et en contactant les \u00e9ventuels futurs partenaires. Le dossier qui vous a \u00e9t\u00e9 soumis est complet et prend en compte un r\u00e9el besoin r\u00e9gional dans le domaine de la commercialisation de produits alimentaires et des boissons.<\/span><\/span><\/span><\/p>\n<p align=\"justify\"><span style=\"font-family: Times New Roman, serif;\"><span style=\"font-size: medium;\"><span style=\"font-size: large;\">De plus, cette option serait id\u00e9ale pour le lyc\u00e9e pour diverses raisons\u00a0: un meilleur recrutement, la dynamisation de notre point de vente actuel \u00ab\u00a0la jardinerie du Fresne\u00a0\u00bb, un tissu professionnel s\u00fbr, une carte de formation coh\u00e9rente, des \u00e9quipes motiv\u00e9es avec d\u00e9j\u00e0 de nombreux projets (exemples\u00a0: collaboration avec le r\u00e9seau de distribution Carrefour, des \u00e9piceries fines comme la Halle aux gourmets, des distributeurs bio comme les Bio-coop et surtout avec le syndicat des viticulteurs des Pays de Loire dont le directeur Sylvain Micoll nous appuie sans r\u00e9serve)\u2026 sans parler des r\u00e9els atouts pour nos jeunes\u00a0: plus d\u2019entreprises de stage, plus de proximit\u00e9 pour des jeunes non mobiles, de meilleurs d\u00e9bouch\u00e9s&#8230;<\/span><\/span><\/span><\/p>\n<p align=\"justify\"><span style=\"font-family: Times New Roman, serif;\"><span style=\"font-size: medium;\"><span style=\"font-size: large;\">Les arguments que vous avez avanc\u00e9s ne sont pas recevables. <\/span><\/span><\/span><\/p>\n<p align=\"justify\"><span style=\"font-family: Times New Roman, serif;\"><span style=\"font-size: medium;\"><span style=\"font-size: large;\">En effet, la substitution n\u2019engendre aucune modification de dotation suppl\u00e9mentaire pour la DRAAF. Les moyens d&rsquo;investissement r\u00e9gionaux suppl\u00e9mentaires n\u2019ont pas \u00e9t\u00e9 \u00e9valu\u00e9s et n\u2019entrent pas en consid\u00e9ration dans l\u2019\u00e9volution de la carte de formation. <\/span><\/span><\/span><\/p>\n<p align=\"justify\"><span style=\"font-family: Times New Roman, serif;\"><span style=\"font-size: medium;\"><span style=\"font-size: large;\">Concernant l\u2019offre de formation en univers jardin, vous avez donn\u00e9 un avis favorable \u00e0 une ouverture pour une MFR alors que vous savez tr\u00e8s bien que l\u2019on a des difficult\u00e9s de recrutement dans cette fili\u00e8re (4<\/span><sup><span style=\"font-size: large;\">i\u00e8me<\/span><\/sup><span style=\"font-size: large;\"> ou 5<\/span><sup><span style=\"font-size: large;\">i\u00e8me<\/span><\/sup><span style=\"font-size: large;\"> choix de proc\u00e9dure AFELNET, interruption du parcours de formation \u2026).<\/span><\/span><\/span><\/p>\n<p align=\"justify\"><span style=\"font-family: Times New Roman, serif;\"><span style=\"font-size: medium;\"><span style=\"font-size: large;\">Nous ne comprenons pas non plus la diff\u00e9rence faite entre les \u00e9tablissements priv\u00e9s et publics. En effet, toutes les demandes ayant re\u00e7u un avis favorable sont pour des \u00e9tablissements priv\u00e9s alors que nous, seul \u00e9tablissement public ayant pr\u00e9sent\u00e9 un dossier, avons eu un avis d\u00e9favorable.<\/span><\/span><\/span><\/p>\n<p align=\"justify\"><a name=\"_GoBack\"><\/a> <span style=\"font-family: Times New Roman, serif;\"><span style=\"font-size: medium;\"><span style=\"font-size: large;\">Cet avis est pour nous incompr\u00e9hensible, inqui\u00e9tant et pose question pour l\u2019avenir de notre \u00e9tablissement et de l\u2019enseignement agricole <\/span><span style=\"font-size: large;\"><u>public<\/u><\/span><span style=\"font-size: large;\"> en g\u00e9n\u00e9ral. Pourquoi existe-t-il une telle diff\u00e9rence de traitement entre les demandes d\u2019ouvertures des \u00e9tablissements publics et priv\u00e9s\u00a0? <\/span><\/span><\/span><\/p>\n<p align=\"justify\"><span style=\"font-family: Times New Roman, serif;\"><span style=\"font-size: medium;\"><span style=\"font-size: large;\">La fili\u00e8re univers jardin est en grande difficult\u00e9 de recrutement. Concr\u00e8tement, que va devenir cette fili\u00e8re dans les ann\u00e9es\u00a0\u00e0 venir? Garantissez-vous le maintien de cette fili\u00e8re sur l&rsquo;\u00e9tablissement \u00e0 faible effectif? <\/span><\/span><\/span><\/p>\n<p align=\"justify\"><span style=\"font-family: Times New Roman, serif;\"><span style=\"font-size: medium;\"><span style=\"font-size: large;\">Il nous semble tr\u00e8s important de vous rappeler ces \u00e9l\u00e9ments aujourd\u2019hui car nous sommes dans l\u2019incompr\u00e9hension de votre refus. Nous attendons une r\u00e9action rapide et constructive de votre part avant d\u2019engager une mobilisation plus \u00ab\u00a0offensive\u00a0\u00bb.<\/span><\/span><\/span><\/p>\n<p align=\"right\"><span style=\"font-family: Times New Roman, serif;\"><span style=\"font-size: medium;\"><span style=\"font-size: large;\">Les personnels de l&rsquo;enseignement agricole public de l&rsquo;EPL Angers le Fresne<\/span><\/span><\/span><\/p>\n","protected":false},"excerpt":{"rendered":"<p>D\u00e9claration des repr\u00e9sentants des personnels au Conseil d&rsquo;administration du 1er d\u00e9cembre 2022 A M. le chef du SRFD de la DRAAF Pays de la Loire. L\u2019ensemble du personnel du lyc\u00e9e agricole Angers le Fresne est ici devant vous pour obtenir des explications concernant l\u2019avis d\u00e9favorable au changement d\u2019option de notre fili\u00e8re commerce vente univers jardin [&hellip;]<\/p>\n","protected":false},"author":2,"featured_media":4095,"comment_status":"closed","ping_status":"closed","sticky":false,"template":"","format":"standard","meta":{"ocean_post_layout":"","ocean_both_sidebars_style":"","ocean_both_sidebars_content_width":0,"ocean_both_sidebars_sidebars_width":0,"ocean_sidebar":"0","ocean_second_sidebar":"0","ocean_disable_margins":"enable","ocean_add_body_class":"","ocean_shortcode_before_top_bar":"","ocean_shortcode_after_top_bar":"","ocean_shortcode_before_header":"","ocean_shortcode_after_header":"","ocean_has_shortcode":"","ocean_shortcode_after_title":"","ocean_shortcode_before_footer_widgets":"","ocean_shortcode_after_footer_widgets":"","ocean_shortcode_before_footer_bottom":"","ocean_shortcode_after_footer_bottom":"","ocean_display_top_bar":"default","ocean_display_header":"default","ocean_header_style":"","ocean_center_header_left_menu":"0","ocean_custom_header_template":"0","ocean_custom_logo":0,"ocean_custom_retina_logo":0,"ocean_custom_logo_max_width":0,"ocean_custom_logo_tablet_max_width":0,"ocean_custom_logo_mobile_max_width":0,"ocean_custom_logo_max_height":0,"ocean_custom_logo_tablet_max_height":0,"ocean_custom_logo_mobile_max_height":0,"ocean_header_custom_menu":"0","ocean_menu_typo_font_family":"0","ocean_menu_typo_font_subset":"","ocean_menu_typo_font_size":0,"ocean_menu_typo_font_size_tablet":0,"ocean_menu_typo_font_size_mobile":0,"ocean_menu_typo_font_size_unit":"px","ocean_menu_typo_font_weight":"","ocean_menu_typo_font_weight_tablet":"","ocean_menu_typo_font_weight_mobile":"","ocean_menu_typo_transform":"","ocean_menu_typo_transform_tablet":"","ocean_menu_typo_transform_mobile":"","ocean_menu_typo_line_height":0,"ocean_menu_typo_line_height_tablet":0,"ocean_menu_typo_line_height_mobile":0,"ocean_menu_typo_line_height_unit":"","ocean_menu_typo_spacing":0,"ocean_menu_typo_spacing_tablet":0,"ocean_menu_typo_spacing_mobile":0,"ocean_menu_typo_spacing_unit":"","ocean_menu_link_color":"","ocean_menu_link_color_hover":"","ocean_menu_link_color_active":"","ocean_menu_link_background":"","ocean_menu_link_hover_background":"","ocean_menu_link_active_background":"","ocean_menu_social_links_bg":"","ocean_menu_social_hover_links_bg":"","ocean_menu_social_links_color":"","ocean_menu_social_hover_links_color":"","ocean_disable_title":"default","ocean_disable_heading":"default","ocean_post_title":"","ocean_post_subheading":"","ocean_post_title_style":"","ocean_post_title_background_color":"","ocean_post_title_background":0,"ocean_post_title_bg_image_position":"","ocean_post_title_bg_image_attachment":"","ocean_post_title_bg_image_repeat":"","ocean_post_title_bg_image_size":"","ocean_post_title_height":0,"ocean_post_title_bg_overlay":0.5,"ocean_post_title_bg_overlay_color":"","ocean_disable_breadcrumbs":"default","ocean_breadcrumbs_color":"","ocean_breadcrumbs_separator_color":"","ocean_breadcrumbs_links_color":"","ocean_breadcrumbs_links_hover_color":"","ocean_display_footer_widgets":"default","ocean_display_footer_bottom":"default","ocean_custom_footer_template":"0","ocean_post_oembed":"","ocean_post_self_hosted_media":"","ocean_post_video_embed":"","ocean_link_format":"","ocean_link_format_target":"self","ocean_quote_format":"","ocean_quote_format_link":"post","ocean_gallery_link_images":"off","ocean_gallery_id":[],"footnotes":""},"categories":[28,21],"tags":[],"post_folder":[],"class_list":["post-4094","post","type-post","status-publish","format-standard","has-post-thumbnail","hentry","category-actions-regionales","category-angers","entry","has-media"],"yoast_head":"<!-- This site is optimized with the Yoast SEO plugin v27.4 - https:\/\/yoast.com\/product\/yoast-seo-wordpress\/ -->\n<title>Les personnels du Lyc\u00e9e agricole du Fresne mobilis\u00e9s pour l&#039;\u00e9volution de la carte de formation de leur \u00e9tablissement - PAYS DE LA LOIRE<\/title>\n<meta name=\"robots\" content=\"index, follow, max-snippet:-1, max-image-preview:large, max-video-preview:-1\" \/>\n<link rel=\"canonical\" href=\"https:\/\/regions-snetap-fsu.fr\/pdl\/2021\/12\/02\/les-personnels-du-lycee-agricole-du-fresne-mobilises-pour-levolution-de-la-carte-de-formation-de-leur-etablissement\/\" \/>\n<meta property=\"og:locale\" content=\"fr_FR\" \/>\n<meta property=\"og:type\" content=\"article\" \/>\n<meta property=\"og:title\" content=\"Les personnels du Lyc\u00e9e agricole du Fresne mobilis\u00e9s pour l&#039;\u00e9volution de la carte de formation de leur \u00e9tablissement - PAYS DE LA LOIRE\" \/>\n<meta property=\"og:description\" content=\"D\u00e9claration des repr\u00e9sentants des personnels au Conseil d&rsquo;administration du 1er d\u00e9cembre 2022 A M. le chef du SRFD de la DRAAF Pays de la Loire. L\u2019ensemble du personnel du lyc\u00e9e agricole Angers le Fresne est ici devant vous pour obtenir des explications concernant l\u2019avis d\u00e9favorable au changement d\u2019option de notre fili\u00e8re commerce vente univers jardin [&hellip;]\" \/>\n<meta property=\"og:url\" content=\"https:\/\/regions-snetap-fsu.fr\/pdl\/2021\/12\/02\/les-personnels-du-lycee-agricole-du-fresne-mobilises-pour-levolution-de-la-carte-de-formation-de-leur-etablissement\/\" \/>\n<meta property=\"og:site_name\" content=\"PAYS DE LA LOIRE\" \/>\n<meta property=\"article:published_time\" content=\"2021-12-02T13:59:52+00:00\" \/>\n<meta property=\"article:modified_time\" content=\"2021-12-02T14:01:10+00:00\" \/>\n<meta property=\"og:image\" content=\"https:\/\/regions-snetap-fsu.fr\/pdl\/wp-content\/uploads\/sites\/4\/2021\/12\/Resized_IMG-20211130-WA0000.jpg\" \/>\n\t<meta property=\"og:image:width\" content=\"1280\" \/>\n\t<meta property=\"og:image:height\" content=\"720\" \/>\n\t<meta property=\"og:image:type\" content=\"image\/jpeg\" \/>\n<meta name=\"author\" content=\"yvigner\" \/>\n<meta name=\"twitter:card\" content=\"summary_large_image\" \/>\n<meta name=\"twitter:label1\" content=\"\u00c9crit par\" \/>\n\t<meta name=\"twitter:data1\" content=\"yvigner\" \/>\n\t<meta name=\"twitter:label2\" content=\"Dur\u00e9e de lecture estim\u00e9e\" \/>\n\t<meta name=\"twitter:data2\" content=\"3 minutes\" \/>\n<script type=\"application\/ld+json\" class=\"yoast-schema-graph\">{\"@context\":\"https:\\\/\\\/schema.org\",\"@graph\":[{\"@type\":\"Article\",\"@id\":\"https:\\\/\\\/regions-snetap-fsu.fr\\\/pdl\\\/2021\\\/12\\\/02\\\/les-personnels-du-lycee-agricole-du-fresne-mobilises-pour-levolution-de-la-carte-de-formation-de-leur-etablissement\\\/#article\",\"isPartOf\":{\"@id\":\"https:\\\/\\\/regions-snetap-fsu.fr\\\/pdl\\\/2021\\\/12\\\/02\\\/les-personnels-du-lycee-agricole-du-fresne-mobilises-pour-levolution-de-la-carte-de-formation-de-leur-etablissement\\\/\"},\"author\":{\"name\":\"yvigner\",\"@id\":\"https:\\\/\\\/regions-snetap-fsu.fr\\\/pdl\\\/#\\\/schema\\\/person\\\/d4530af043f9e8d27bdd71c468ec93b1\"},\"headline\":\"Les personnels du Lyc\u00e9e agricole du Fresne mobilis\u00e9s pour l&rsquo;\u00e9volution de la carte de formation de leur \u00e9tablissement\",\"datePublished\":\"2021-12-02T13:59:52+00:00\",\"dateModified\":\"2021-12-02T14:01:10+00:00\",\"mainEntityOfPage\":{\"@id\":\"https:\\\/\\\/regions-snetap-fsu.fr\\\/pdl\\\/2021\\\/12\\\/02\\\/les-personnels-du-lycee-agricole-du-fresne-mobilises-pour-levolution-de-la-carte-de-formation-de-leur-etablissement\\\/\"},\"wordCount\":586,\"publisher\":{\"@id\":\"https:\\\/\\\/regions-snetap-fsu.fr\\\/pdl\\\/#organization\"},\"image\":{\"@id\":\"https:\\\/\\\/regions-snetap-fsu.fr\\\/pdl\\\/2021\\\/12\\\/02\\\/les-personnels-du-lycee-agricole-du-fresne-mobilises-pour-levolution-de-la-carte-de-formation-de-leur-etablissement\\\/#primaryimage\"},\"thumbnailUrl\":\"https:\\\/\\\/regions-snetap-fsu.fr\\\/pdl\\\/wp-content\\\/uploads\\\/sites\\\/4\\\/2021\\\/12\\\/Resized_IMG-20211130-WA0000.jpg\",\"articleSection\":[\"Actions r\u00e9gionales\",\"Angers\"],\"inLanguage\":\"fr-FR\"},{\"@type\":\"WebPage\",\"@id\":\"https:\\\/\\\/regions-snetap-fsu.fr\\\/pdl\\\/2021\\\/12\\\/02\\\/les-personnels-du-lycee-agricole-du-fresne-mobilises-pour-levolution-de-la-carte-de-formation-de-leur-etablissement\\\/\",\"url\":\"https:\\\/\\\/regions-snetap-fsu.fr\\\/pdl\\\/2021\\\/12\\\/02\\\/les-personnels-du-lycee-agricole-du-fresne-mobilises-pour-levolution-de-la-carte-de-formation-de-leur-etablissement\\\/\",\"name\":\"Les personnels du Lyc\u00e9e agricole du Fresne mobilis\u00e9s pour l'\u00e9volution de la carte de formation de leur \u00e9tablissement - PAYS DE LA LOIRE\",\"isPartOf\":{\"@id\":\"https:\\\/\\\/regions-snetap-fsu.fr\\\/pdl\\\/#website\"},\"primaryImageOfPage\":{\"@id\":\"https:\\\/\\\/regions-snetap-fsu.fr\\\/pdl\\\/2021\\\/12\\\/02\\\/les-personnels-du-lycee-agricole-du-fresne-mobilises-pour-levolution-de-la-carte-de-formation-de-leur-etablissement\\\/#primaryimage\"},\"image\":{\"@id\":\"https:\\\/\\\/regions-snetap-fsu.fr\\\/pdl\\\/2021\\\/12\\\/02\\\/les-personnels-du-lycee-agricole-du-fresne-mobilises-pour-levolution-de-la-carte-de-formation-de-leur-etablissement\\\/#primaryimage\"},\"thumbnailUrl\":\"https:\\\/\\\/regions-snetap-fsu.fr\\\/pdl\\\/wp-content\\\/uploads\\\/sites\\\/4\\\/2021\\\/12\\\/Resized_IMG-20211130-WA0000.jpg\",\"datePublished\":\"2021-12-02T13:59:52+00:00\",\"dateModified\":\"2021-12-02T14:01:10+00:00\",\"breadcrumb\":{\"@id\":\"https:\\\/\\\/regions-snetap-fsu.fr\\\/pdl\\\/2021\\\/12\\\/02\\\/les-personnels-du-lycee-agricole-du-fresne-mobilises-pour-levolution-de-la-carte-de-formation-de-leur-etablissement\\\/#breadcrumb\"},\"inLanguage\":\"fr-FR\",\"potentialAction\":[{\"@type\":\"ReadAction\",\"target\":[\"https:\\\/\\\/regions-snetap-fsu.fr\\\/pdl\\\/2021\\\/12\\\/02\\\/les-personnels-du-lycee-agricole-du-fresne-mobilises-pour-levolution-de-la-carte-de-formation-de-leur-etablissement\\\/\"]}]},{\"@type\":\"ImageObject\",\"inLanguage\":\"fr-FR\",\"@id\":\"https:\\\/\\\/regions-snetap-fsu.fr\\\/pdl\\\/2021\\\/12\\\/02\\\/les-personnels-du-lycee-agricole-du-fresne-mobilises-pour-levolution-de-la-carte-de-formation-de-leur-etablissement\\\/#primaryimage\",\"url\":\"https:\\\/\\\/regions-snetap-fsu.fr\\\/pdl\\\/wp-content\\\/uploads\\\/sites\\\/4\\\/2021\\\/12\\\/Resized_IMG-20211130-WA0000.jpg\",\"contentUrl\":\"https:\\\/\\\/regions-snetap-fsu.fr\\\/pdl\\\/wp-content\\\/uploads\\\/sites\\\/4\\\/2021\\\/12\\\/Resized_IMG-20211130-WA0000.jpg\",\"width\":1280,\"height\":720},{\"@type\":\"BreadcrumbList\",\"@id\":\"https:\\\/\\\/regions-snetap-fsu.fr\\\/pdl\\\/2021\\\/12\\\/02\\\/les-personnels-du-lycee-agricole-du-fresne-mobilises-pour-levolution-de-la-carte-de-formation-de-leur-etablissement\\\/#breadcrumb\",\"itemListElement\":[{\"@type\":\"ListItem\",\"position\":1,\"name\":\"Accueil\",\"item\":\"https:\\\/\\\/regions-snetap-fsu.fr\\\/pdl\\\/\"},{\"@type\":\"ListItem\",\"position\":2,\"name\":\"Les personnels du Lyc\u00e9e agricole du Fresne mobilis\u00e9s pour l&rsquo;\u00e9volution de la carte de formation de leur \u00e9tablissement\"}]},{\"@type\":\"WebSite\",\"@id\":\"https:\\\/\\\/regions-snetap-fsu.fr\\\/pdl\\\/#website\",\"url\":\"https:\\\/\\\/regions-snetap-fsu.fr\\\/pdl\\\/\",\"name\":\"SNETAP-FSU PAYS DE LA LOIRE\",\"description\":\"SECTION REGIONALE\",\"publisher\":{\"@id\":\"https:\\\/\\\/regions-snetap-fsu.fr\\\/pdl\\\/#organization\"},\"potentialAction\":[{\"@type\":\"SearchAction\",\"target\":{\"@type\":\"EntryPoint\",\"urlTemplate\":\"https:\\\/\\\/regions-snetap-fsu.fr\\\/pdl\\\/?s={search_term_string}\"},\"query-input\":{\"@type\":\"PropertyValueSpecification\",\"valueRequired\":true,\"valueName\":\"search_term_string\"}}],\"inLanguage\":\"fr-FR\"},{\"@type\":\"Organization\",\"@id\":\"https:\\\/\\\/regions-snetap-fsu.fr\\\/pdl\\\/#organization\",\"name\":\"SNETAP-FSU Pays de Loire\",\"url\":\"https:\\\/\\\/regions-snetap-fsu.fr\\\/pdl\\\/\",\"logo\":{\"@type\":\"ImageObject\",\"inLanguage\":\"fr-FR\",\"@id\":\"https:\\\/\\\/regions-snetap-fsu.fr\\\/pdl\\\/#\\\/schema\\\/logo\\\/image\\\/\",\"url\":\"https:\\\/\\\/regions-snetap-fsu.fr\\\/pdl\\\/wp-content\\\/uploads\\\/sites\\\/4\\\/2020\\\/12\\\/SNETAP-Logo.jpg\",\"contentUrl\":\"https:\\\/\\\/regions-snetap-fsu.fr\\\/pdl\\\/wp-content\\\/uploads\\\/sites\\\/4\\\/2020\\\/12\\\/SNETAP-Logo.jpg\",\"width\":464,\"height\":334,\"caption\":\"SNETAP-FSU Pays de Loire\"},\"image\":{\"@id\":\"https:\\\/\\\/regions-snetap-fsu.fr\\\/pdl\\\/#\\\/schema\\\/logo\\\/image\\\/\"}},{\"@type\":\"Person\",\"@id\":\"https:\\\/\\\/regions-snetap-fsu.fr\\\/pdl\\\/#\\\/schema\\\/person\\\/d4530af043f9e8d27bdd71c468ec93b1\",\"name\":\"yvigner\",\"image\":{\"@type\":\"ImageObject\",\"inLanguage\":\"fr-FR\",\"@id\":\"https:\\\/\\\/secure.gravatar.com\\\/avatar\\\/bc72baa6f2406549aecf77a837bc4f03dbe88472c1762138f868571430a23820?s=96&d=mm&r=g\",\"url\":\"https:\\\/\\\/secure.gravatar.com\\\/avatar\\\/bc72baa6f2406549aecf77a837bc4f03dbe88472c1762138f868571430a23820?s=96&d=mm&r=g\",\"contentUrl\":\"https:\\\/\\\/secure.gravatar.com\\\/avatar\\\/bc72baa6f2406549aecf77a837bc4f03dbe88472c1762138f868571430a23820?s=96&d=mm&r=g\",\"caption\":\"yvigner\"},\"url\":\"https:\\\/\\\/regions-snetap-fsu.fr\\\/pdl\\\/author\\\/yvigner\\\/\"}]}<\/script>\n<!-- \/ Yoast SEO plugin. -->","yoast_head_json":{"title":"Les personnels du Lyc\u00e9e agricole du Fresne mobilis\u00e9s pour l'\u00e9volution de la carte de formation de leur \u00e9tablissement - PAYS DE LA LOIRE","robots":{"index":"index","follow":"follow","max-snippet":"max-snippet:-1","max-image-preview":"max-image-preview:large","max-video-preview":"max-video-preview:-1"},"canonical":"https:\/\/regions-snetap-fsu.fr\/pdl\/2021\/12\/02\/les-personnels-du-lycee-agricole-du-fresne-mobilises-pour-levolution-de-la-carte-de-formation-de-leur-etablissement\/","og_locale":"fr_FR","og_type":"article","og_title":"Les personnels du Lyc\u00e9e agricole du Fresne mobilis\u00e9s pour l'\u00e9volution de la carte de formation de leur \u00e9tablissement - PAYS DE LA LOIRE","og_description":"D\u00e9claration des repr\u00e9sentants des personnels au Conseil d&rsquo;administration du 1er d\u00e9cembre 2022 A M. le chef du SRFD de la DRAAF Pays de la Loire. L\u2019ensemble du personnel du lyc\u00e9e agricole Angers le Fresne est ici devant vous pour obtenir des explications concernant l\u2019avis d\u00e9favorable au changement d\u2019option de notre fili\u00e8re commerce vente univers jardin [&hellip;]","og_url":"https:\/\/regions-snetap-fsu.fr\/pdl\/2021\/12\/02\/les-personnels-du-lycee-agricole-du-fresne-mobilises-pour-levolution-de-la-carte-de-formation-de-leur-etablissement\/","og_site_name":"PAYS DE LA LOIRE","article_published_time":"2021-12-02T13:59:52+00:00","article_modified_time":"2021-12-02T14:01:10+00:00","og_image":[{"width":1280,"height":720,"url":"https:\/\/regions-snetap-fsu.fr\/pdl\/wp-content\/uploads\/sites\/4\/2021\/12\/Resized_IMG-20211130-WA0000.jpg","type":"image\/jpeg"}],"author":"yvigner","twitter_card":"summary_large_image","twitter_misc":{"\u00c9crit par":"yvigner","Dur\u00e9e de lecture estim\u00e9e":"3 minutes"},"schema":{"@context":"https:\/\/schema.org","@graph":[{"@type":"Article","@id":"https:\/\/regions-snetap-fsu.fr\/pdl\/2021\/12\/02\/les-personnels-du-lycee-agricole-du-fresne-mobilises-pour-levolution-de-la-carte-de-formation-de-leur-etablissement\/#article","isPartOf":{"@id":"https:\/\/regions-snetap-fsu.fr\/pdl\/2021\/12\/02\/les-personnels-du-lycee-agricole-du-fresne-mobilises-pour-levolution-de-la-carte-de-formation-de-leur-etablissement\/"},"author":{"name":"yvigner","@id":"https:\/\/regions-snetap-fsu.fr\/pdl\/#\/schema\/person\/d4530af043f9e8d27bdd71c468ec93b1"},"headline":"Les personnels du Lyc\u00e9e agricole du Fresne mobilis\u00e9s pour l&rsquo;\u00e9volution de la carte de formation de leur \u00e9tablissement","datePublished":"2021-12-02T13:59:52+00:00","dateModified":"2021-12-02T14:01:10+00:00","mainEntityOfPage":{"@id":"https:\/\/regions-snetap-fsu.fr\/pdl\/2021\/12\/02\/les-personnels-du-lycee-agricole-du-fresne-mobilises-pour-levolution-de-la-carte-de-formation-de-leur-etablissement\/"},"wordCount":586,"publisher":{"@id":"https:\/\/regions-snetap-fsu.fr\/pdl\/#organization"},"image":{"@id":"https:\/\/regions-snetap-fsu.fr\/pdl\/2021\/12\/02\/les-personnels-du-lycee-agricole-du-fresne-mobilises-pour-levolution-de-la-carte-de-formation-de-leur-etablissement\/#primaryimage"},"thumbnailUrl":"https:\/\/regions-snetap-fsu.fr\/pdl\/wp-content\/uploads\/sites\/4\/2021\/12\/Resized_IMG-20211130-WA0000.jpg","articleSection":["Actions r\u00e9gionales","Angers"],"inLanguage":"fr-FR"},{"@type":"WebPage","@id":"https:\/\/regions-snetap-fsu.fr\/pdl\/2021\/12\/02\/les-personnels-du-lycee-agricole-du-fresne-mobilises-pour-levolution-de-la-carte-de-formation-de-leur-etablissement\/","url":"https:\/\/regions-snetap-fsu.fr\/pdl\/2021\/12\/02\/les-personnels-du-lycee-agricole-du-fresne-mobilises-pour-levolution-de-la-carte-de-formation-de-leur-etablissement\/","name":"Les personnels du Lyc\u00e9e agricole du Fresne mobilis\u00e9s pour l'\u00e9volution de la carte de formation de leur \u00e9tablissement - PAYS DE LA LOIRE","isPartOf":{"@id":"https:\/\/regions-snetap-fsu.fr\/pdl\/#website"},"primaryImageOfPage":{"@id":"https:\/\/regions-snetap-fsu.fr\/pdl\/2021\/12\/02\/les-personnels-du-lycee-agricole-du-fresne-mobilises-pour-levolution-de-la-carte-de-formation-de-leur-etablissement\/#primaryimage"},"image":{"@id":"https:\/\/regions-snetap-fsu.fr\/pdl\/2021\/12\/02\/les-personnels-du-lycee-agricole-du-fresne-mobilises-pour-levolution-de-la-carte-de-formation-de-leur-etablissement\/#primaryimage"},"thumbnailUrl":"https:\/\/regions-snetap-fsu.fr\/pdl\/wp-content\/uploads\/sites\/4\/2021\/12\/Resized_IMG-20211130-WA0000.jpg","datePublished":"2021-12-02T13:59:52+00:00","dateModified":"2021-12-02T14:01:10+00:00","breadcrumb":{"@id":"https:\/\/regions-snetap-fsu.fr\/pdl\/2021\/12\/02\/les-personnels-du-lycee-agricole-du-fresne-mobilises-pour-levolution-de-la-carte-de-formation-de-leur-etablissement\/#breadcrumb"},"inLanguage":"fr-FR","potentialAction":[{"@type":"ReadAction","target":["https:\/\/regions-snetap-fsu.fr\/pdl\/2021\/12\/02\/les-personnels-du-lycee-agricole-du-fresne-mobilises-pour-levolution-de-la-carte-de-formation-de-leur-etablissement\/"]}]},{"@type":"ImageObject","inLanguage":"fr-FR","@id":"https:\/\/regions-snetap-fsu.fr\/pdl\/2021\/12\/02\/les-personnels-du-lycee-agricole-du-fresne-mobilises-pour-levolution-de-la-carte-de-formation-de-leur-etablissement\/#primaryimage","url":"https:\/\/regions-snetap-fsu.fr\/pdl\/wp-content\/uploads\/sites\/4\/2021\/12\/Resized_IMG-20211130-WA0000.jpg","contentUrl":"https:\/\/regions-snetap-fsu.fr\/pdl\/wp-content\/uploads\/sites\/4\/2021\/12\/Resized_IMG-20211130-WA0000.jpg","width":1280,"height":720},{"@type":"BreadcrumbList","@id":"https:\/\/regions-snetap-fsu.fr\/pdl\/2021\/12\/02\/les-personnels-du-lycee-agricole-du-fresne-mobilises-pour-levolution-de-la-carte-de-formation-de-leur-etablissement\/#breadcrumb","itemListElement":[{"@type":"ListItem","position":1,"name":"Accueil","item":"https:\/\/regions-snetap-fsu.fr\/pdl\/"},{"@type":"ListItem","position":2,"name":"Les personnels du Lyc\u00e9e agricole du Fresne mobilis\u00e9s pour l&rsquo;\u00e9volution de la carte de formation de leur \u00e9tablissement"}]},{"@type":"WebSite","@id":"https:\/\/regions-snetap-fsu.fr\/pdl\/#website","url":"https:\/\/regions-snetap-fsu.fr\/pdl\/","name":"SNETAP-FSU PAYS DE LA LOIRE","description":"SECTION REGIONALE","publisher":{"@id":"https:\/\/regions-snetap-fsu.fr\/pdl\/#organization"},"potentialAction":[{"@type":"SearchAction","target":{"@type":"EntryPoint","urlTemplate":"https:\/\/regions-snetap-fsu.fr\/pdl\/?s={search_term_string}"},"query-input":{"@type":"PropertyValueSpecification","valueRequired":true,"valueName":"search_term_string"}}],"inLanguage":"fr-FR"},{"@type":"Organization","@id":"https:\/\/regions-snetap-fsu.fr\/pdl\/#organization","name":"SNETAP-FSU Pays de Loire","url":"https:\/\/regions-snetap-fsu.fr\/pdl\/","logo":{"@type":"ImageObject","inLanguage":"fr-FR","@id":"https:\/\/regions-snetap-fsu.fr\/pdl\/#\/schema\/logo\/image\/","url":"https:\/\/regions-snetap-fsu.fr\/pdl\/wp-content\/uploads\/sites\/4\/2020\/12\/SNETAP-Logo.jpg","contentUrl":"https:\/\/regions-snetap-fsu.fr\/pdl\/wp-content\/uploads\/sites\/4\/2020\/12\/SNETAP-Logo.jpg","width":464,"height":334,"caption":"SNETAP-FSU Pays de Loire"},"image":{"@id":"https:\/\/regions-snetap-fsu.fr\/pdl\/#\/schema\/logo\/image\/"}},{"@type":"Person","@id":"https:\/\/regions-snetap-fsu.fr\/pdl\/#\/schema\/person\/d4530af043f9e8d27bdd71c468ec93b1","name":"yvigner","image":{"@type":"ImageObject","inLanguage":"fr-FR","@id":"https:\/\/secure.gravatar.com\/avatar\/bc72baa6f2406549aecf77a837bc4f03dbe88472c1762138f868571430a23820?s=96&d=mm&r=g","url":"https:\/\/secure.gravatar.com\/avatar\/bc72baa6f2406549aecf77a837bc4f03dbe88472c1762138f868571430a23820?s=96&d=mm&r=g","contentUrl":"https:\/\/secure.gravatar.com\/avatar\/bc72baa6f2406549aecf77a837bc4f03dbe88472c1762138f868571430a23820?s=96&d=mm&r=g","caption":"yvigner"},"url":"https:\/\/regions-snetap-fsu.fr\/pdl\/author\/yvigner\/"}]}},"_links":{"self":[{"href":"https:\/\/regions-snetap-fsu.fr\/pdl\/wp-json\/wp\/v2\/posts\/4094","targetHints":{"allow":["GET"]}}],"collection":[{"href":"https:\/\/regions-snetap-fsu.fr\/pdl\/wp-json\/wp\/v2\/posts"}],"about":[{"href":"https:\/\/regions-snetap-fsu.fr\/pdl\/wp-json\/wp\/v2\/types\/post"}],"author":[{"embeddable":true,"href":"https:\/\/regions-snetap-fsu.fr\/pdl\/wp-json\/wp\/v2\/users\/2"}],"replies":[{"embeddable":true,"href":"https:\/\/regions-snetap-fsu.fr\/pdl\/wp-json\/wp\/v2\/comments?post=4094"}],"version-history":[{"count":3,"href":"https:\/\/regions-snetap-fsu.fr\/pdl\/wp-json\/wp\/v2\/posts\/4094\/revisions"}],"predecessor-version":[{"id":4098,"href":"https:\/\/regions-snetap-fsu.fr\/pdl\/wp-json\/wp\/v2\/posts\/4094\/revisions\/4098"}],"wp:featuredmedia":[{"embeddable":true,"href":"https:\/\/regions-snetap-fsu.fr\/pdl\/wp-json\/wp\/v2\/media\/4095"}],"wp:attachment":[{"href":"https:\/\/regions-snetap-fsu.fr\/pdl\/wp-json\/wp\/v2\/media?parent=4094"}],"wp:term":[{"taxonomy":"category","embeddable":true,"href":"https:\/\/regions-snetap-fsu.fr\/pdl\/wp-json\/wp\/v2\/categories?post=4094"},{"taxonomy":"post_tag","embeddable":true,"href":"https:\/\/regions-snetap-fsu.fr\/pdl\/wp-json\/wp\/v2\/tags?post=4094"},{"taxonomy":"post_folder","embeddable":true,"href":"https:\/\/regions-snetap-fsu.fr\/pdl\/wp-json\/wp\/v2\/post_folder?post=4094"}],"curies":[{"name":"wp","href":"https:\/\/api.w.org\/{rel}","templated":true}]}}