{"id":4086,"date":"2021-11-13T22:58:11","date_gmt":"2021-11-13T21:58:11","guid":{"rendered":"https:\/\/regions-snetap-fsu.fr\/pdl\/?p=4086"},"modified":"2021-11-13T23:18:34","modified_gmt":"2021-11-13T22:18:34","slug":"lenseignement-agricole-public-des-pays-de-la-loire-toujours-meprise-et-martyrise-par-le-ministere-de-lagriculture","status":"publish","type":"post","link":"https:\/\/regions-snetap-fsu.fr\/pdl\/2021\/11\/13\/lenseignement-agricole-public-des-pays-de-la-loire-toujours-meprise-et-martyrise-par-le-ministere-de-lagriculture\/","title":{"rendered":"L\u2019Enseignement Agricole Public des Pays de la Loire toujours m\u00e9pris\u00e9. Quand cessera cette in\u00e9galit\u00e9 de traitement entre Public et Priv\u00e9 ?"},"content":{"rendered":"<p align=\"justify\"><span style=\"font-family: Arial, sans-serif;\"><span style=\"font-size: small;\">Le 10 novembre dernier avait lieu le Comit\u00e9 Technique r\u00e9gional de l\u2019enseignement agricole des Pays de la Loire. En voici les grandes lignes\u00a0: <\/span><\/span><\/p>\n<p align=\"justify\"><span style=\"font-family: Arial, sans-serif;\"><b>De nouveau une session examens particuli\u00e8re<\/b><\/span><\/p>\n<p align=\"justify\"><span style=\"font-family: Arial, sans-serif;\"><span style=\"font-size: small;\">Si les r\u00e9sultats de la session d\u2019examen 2021 ont \u00e9t\u00e9, une nouvelle fois dans le contexte COVID, de tr\u00e8s bonne facture (92 % de r\u00e9ussite), on notera une baisse r\u00e9guli\u00e8re au niveau des BTSA (82 % contre 93 % l\u2019an pass\u00e9 et 85 % en 2019). L\u2019effet Covid est notamment \u00e0 prendre en compte. A cette occasion, nous avons d\u00e9nonc\u00e9 l\u2019absence d\u2019HSE Covid pour l\u2019ann\u00e9e 2021-2022 alors qu\u2019\u00e0 l\u2019\u00c9ducation nationale, l\u2019\u00e9quivalent de 1 700 ETP ont \u00e9t\u00e9 d\u00e9bloqu\u00e9s. Des heures qui auraient bien \u00e9t\u00e9 n\u00e9cessaires pour aider les \u00e9l\u00e8ves-\u00e9tudiants en difficult\u00e9. <\/span><\/span><\/p>\n<p align=\"justify\"><span style=\"font-family: Arial, sans-serif;\"><b>Des agents qui attendent toujours d\u2019\u00eatre pay\u00e9s pour les corrections session 2020\u00a0! <\/b><\/span><\/p>\n<p align=\"justify\"><span style=\"font-family: Arial, sans-serif;\"><span style=\"font-size: small;\">Ce CTREA a aussi \u00e9t\u00e9 l\u2019occasion d\u2019\u00e9voquer le fait que, dans au moins 3 \u00e9tablissements, les enseignant.es qui avaient corrig\u00e9 les rapports de stage (ou dossiers technologiques) en juin 2020 n\u2019ont toujours pas \u00e9t\u00e9 pay\u00e9s ! Et pour ceux qui ont \u00e9t\u00e9 pay\u00e9s (juin 2021) on rep\u00e8re, parfois, un d\u00e9calage entre le montant attendu et les sommes vers\u00e9es ! Le SRFD s\u2019est engag\u00e9 \u00e0 contacter la Mirex pour demander des pr\u00e9cisions sur le calcul des montants pour la correction des examens de 2020 et leur attribution. Le SNETAP Pays de la Loire de son cot\u00e9 a contact\u00e9 la DGER et le SRH sur le sujet. <\/span><\/span><\/p>\n<p align=\"justify\"><span style=\"font-family: Arial, sans-serif;\"><b>Bilan des effectifs \u00e0 cette rentr\u00e9e scolaire : entre satisfactions et inqui\u00e9tudes<\/b><\/span><\/p>\n<p align=\"justify\"><span style=\"font-family: Arial, sans-serif;\"><span style=\"font-size: small;\">A cette rentr\u00e9e 2021, on constate dans notre r\u00e9gion, une stabilit\u00e9 des effectifs pour les lyc\u00e9es publics (les lyc\u00e9es priv\u00e9s voient leurs effectifs augmenter, +1.1% pour le CREAP).Une stabilit\u00e9 qui cache une importante diversit\u00e9 (augmentation en 1\u00e8re G, 1\u00e8re STAV mais forte baisse en 2nd GT, BAC PRO). On constate \u00e9galement une baisse notable en BTSA voie scolaire au profit de l\u2019apprentissage qui augmente \u00e9norm\u00e9ment du fait de la r\u00e9forme et des politiques incitatives. Si de fa\u00e7on positive on constate donc une croissance des effectifs dans les CFA publics, la croissance est nettement plus forte pour le CREAP et les MFR. De plus, l\u2019objectif politique affich\u00e9 de casse de l\u2019enseignement professionnel scolaire en vue d\u2019un transfert aux entreprises est \u00e0 l\u2019\u0153uvre (ouverture d\u2019un CFA par LACTALIS ou par CLAAS). Enfin, l\u2019\u00e9tat des b\u00e2timents, les capacit\u00e9s restreintes ou l\u2019\u00e9tat des externats et internats peuvent aussi \u00eatre des freins \u00e0 l\u2019attractivit\u00e9 et donc aux recrutements.\u00a0<\/span><\/span><span style=\"font-family: Arial, sans-serif;\"><span style=\"font-size: small;\">On notera pour terminer sur ce sujet, le point tr\u00e8s positif du recrutement en hausse au lyc\u00e9e agricole de Lu\u00e7on notamment en fili\u00e8re Horti confortant les personnels dans leur mobilisation de l\u2019hiver dernier et donnant tord au SRFD. <\/span><\/span><\/p>\n<p align=\"justify\"><span style=\"font-family: Arial, sans-serif;\"><b>Une DGH toujours en baisse\u2026<\/b><\/span><\/p>\n<p align=\"justify\"><span style=\"font-family: Arial, sans-serif;\"><span style=\"font-size: small;\">Nous avons tous constat\u00e9 en cette rentr\u00e9e cette DGH insuffisante : d\u00e9doublements non assur\u00e9s, AP en STAV en pay\u00e9e \u00e0 50 %&#8230;Cette DGH 2021 reste et demeure insuffisante. De plus, il demeure pour nous personnels de l\u2019enseignement agricole public trop de questions, d\u2019absence d\u2019information. A l\u2019heure de la pr\u00e9paration de la rentr\u00e9e 2022, nous avons d\u00e9nonc\u00e9 l\u2019absence totale de transparence au niveau du dialogue de gestion. Les \u00e9quipes de direction n\u2019ont pas \u00e9chang\u00e9 avec les personnels. Nous avons demand\u00e9 qu\u2019une extraction exploitable de Gu\u00e9pard (sous format num\u00e9rique) soit communiqu\u00e9e aux agents lors de r\u00e9unions pl\u00e9ni\u00e8res. Le manque d\u2019information sur les choix op\u00e9r\u00e9s par les Directions est source d\u2019incompr\u00e9hension et de tension au sein des \u00e9quipes. Ainsi, par exemple en STAV, certains coll\u00e8gues ont les heures d\u2019AP sur leur fiche de service, d\u2019autres sont pay\u00e9s en HSE. Les raisons de ces traitement diff\u00e9renci\u00e9s ne sont pas clairement donn\u00e9es. De plus le \u00ab bricolage \u00bb permanent entre DGH p\u00e9dagogique obligatoire, DGH optionnelle qui existe aussi au niveau r\u00e9gional et est r\u00e9percut\u00e9 au niveau local rend l\u2019ensemble incompr\u00e9hensible. Nous demandons une remise \u00e0 plat de la DGH r\u00e9gionale.\u00a0<\/span><\/span><span style=\"font-family: Arial, sans-serif;\"><span style=\"font-size: small;\"><b>Le SRFD s\u2019est f\u00e9licit\u00e9 de n\u2019avoir plus qu\u2019\u00e0 baisser la DGH de 2 000 H pour atteindre l\u2019objectif 2022 fix\u00e9 par la DGER\u2026On parlait d\u2019ambition pour l\u2019enseignement agricole public des Pays de la Loire\u00a0? <\/b><\/span><\/span><\/p>\n<p align=\"justify\"><span style=\"font-family: Arial, sans-serif;\"><b>CARTE SCOLAIRE&#8230;LE SCANDALE CONTINUE ! La priorit\u00e9 : ouvrir des classes dans l&rsquo;enseignement agricole priv\u00e9 !<\/b><\/span><\/p>\n<p align=\"justify\"><span style=\"font-family: Arial, sans-serif;\"><span style=\"font-size: small;\">L\u2019unique demande d\u2019ouverture par un lyc\u00e9e public (demande d\u2019ouverture d\u2019un bac pro TCV produits alimentaires au LEGTA d\u2019Angers en \u00e9change d\u2019une fermeture du TCV univers du jardin) s\u2019est sold\u00e9e par un avis d\u00e9favorable. En parall\u00e8le, ce sont 6 ouvertures qui sont valid\u00e9es dans l\u2019enseignement agricole priv\u00e9 ! Le SRFD nous proposait donc une carte scolaire pour l&rsquo;enseignement public, une nouvelle fois, sans ouverture, sans \u00e9volution&#8230; On va finir par comprendre les choix politiques ! Nous avons donc vot\u00e9 CONTRE cette carte scolaire 2022 entra\u00eenant l\u2019organisation d\u2019un nouveau CTREA le 19\/11.\u00a0<\/span><\/span><span style=\"font-family: Arial, sans-serif;\"><span style=\"font-size: small;\">Pourtant, depuis des semaines, on ne cesse de nous dire que 94 postes ont \u00e9t\u00e9 \u00ab\u00a0sauv\u00e9s\u00a0\u00bb qu\u2019au budget 2022 \u00ab\u00a0seulement\u00a0\u00bb\u00a016 postes seraient supprim\u00e9s au lieu de 110&#8230;mais alors quelle en est la traduction au niveau r\u00e9gional\u00a0? Comment le Minist\u00e8re met il en \u0153uvre son \u00ab\u00a0nouveau\u00a0\u00bb dynamisme, son ambition pour l\u2019enseignement agricole ? PAS DE REPONSE.<\/span><\/span><\/p>\n<p align=\"justify\"><span style=\"font-family: Arial, sans-serif;\"><span style=\"font-size: medium;\"><b>La p\u00e9dagogie, c\u2019est l\u2019art de r\u00e9p\u00e9ter\u2026<\/b><\/span><\/span><\/p>\n<ul>\n<li style=\"list-style-type: none;\">\n<ul>\n<li><span style=\"font-size: small; font-family: Arial, sans-serif;\">\u00e0 nouveau, nous avons d\u00e9nonc\u00e9 la d\u00e9r\u00e9glementation des fiches de service (nombre de semaines de formation). <\/span><span style=\"font-size: small; font-family: Arial, sans-serif;\">La consigne pr\u00e9tendument pass\u00e9e par le SRFD aux DA \u00e9taient de repartir de fiches de service vierges pour y mettre le nombre de semaines indiqu\u00e9es dans les r\u00e9f\u00e9rentiels (en divisant par deux pour un cycle),<\/span><\/li>\n<\/ul>\n<\/li>\n<\/ul>\n<ul>\n<li style=\"list-style-type: none;\">\n<ul>\n<li><span style=\"font-size: small; font-family: Arial, sans-serif;\">\u00e0 nouveau, nous avons demand\u00e9 la r\u00e9union du groupe communication : un enjeu crucial pour le recrutement dans l\u2019enseignement agricole public <\/span><span style=\"font-size: small; font-family: Arial, sans-serif;\">(invisibilit\u00e9 de l\u2019offre de la fili\u00e8re g\u00e9n\u00e9rale, par exemple)<\/span><span style=\"font-size: small; font-family: Arial, sans-serif;\">. <\/span><span style=\"font-size: small; font-family: Arial, sans-serif;\">Une date sera propos\u00e9e courant janvier,<\/span><\/li>\n<\/ul>\n<\/li>\n<\/ul>\n<ul>\n<li style=\"list-style-type: none;\">\n<ul>\n<li><span style=\"font-size: small; font-family: Arial, sans-serif;\">\u00e0 nouveau, nous avons demand\u00e9 que <\/span><span style=\"font-size: small; font-family: Arial, sans-serif;\">soit r\u00e9uni un groupe de travail sur les classes de 3<\/span><sup><span style=\"font-family: Arial, sans-serif;\">e<\/span><\/sup><span style=\"font-size: small; font-family: Arial, sans-serif;\"> et notamment l\u2019acc\u00e8s au LSU. Pas de r\u00e9ponse\u00a0: sous-effectif des services du SRFD,<\/span><\/li>\n<\/ul>\n<\/li>\n<\/ul>\n<ul>\n<li style=\"list-style-type: none;\">\n<ul>\n<li><span style=\"font-size: small; font-family: Arial, sans-serif;\">\u00e0<\/span><span style=\"font-size: small; font-family: Arial, sans-serif;\"> nouveau, nous avons demand\u00e9 o\u00f9 en \u00e9tait le sujet de la m\u00e9decine de pr\u00e9vention dans notre r\u00e9gion. Des d\u00e9marches sont en cours pour trouver des m\u00e9decins volontaires. <\/span><span style=\"font-size: small; font-family: Arial, sans-serif;\">A<\/span><span style=\"font-size: small; font-family: Arial, sans-serif;\">ucun candidat \u00e0 l\u2019horizon\u2026 <\/span><span style=\"font-size: small; font-family: Arial, sans-serif;\">Les demandes qui parviennent au DRAAF sont trait\u00e9es au cas par cas.<\/span><\/li>\n<\/ul>\n<\/li>\n<\/ul>\n<p align=\"right\"><span style=\"font-family: Arial, sans-serif;\"><b>Pour les repr\u00e9sentant.es des personnels au CTREA<\/b><\/span><\/p>\n<p align=\"right\"><span style=\"font-family: Arial, sans-serif;\"><b>Isabelle COUTURIER, SNETAP-FSU<\/b><\/span><\/p>\n<p align=\"right\"><span style=\"font-family: Arial, sans-serif;\"><b>Yoann VIGNER, SNETAP-FSU<\/b><\/span><\/p>\n","protected":false},"excerpt":{"rendered":"<p>Le 10 novembre dernier avait lieu le Comit\u00e9 Technique r\u00e9gional de l\u2019enseignement agricole des Pays de la Loire. En voici les grandes lignes\u00a0: De nouveau une session examens particuli\u00e8re Si les r\u00e9sultats de la session d\u2019examen 2021 ont \u00e9t\u00e9, une nouvelle fois dans le contexte COVID, de tr\u00e8s bonne facture (92 % de r\u00e9ussite), on [&hellip;]<\/p>\n","protected":false},"author":2,"featured_media":4033,"comment_status":"closed","ping_status":"closed","sticky":false,"template":"","format":"standard","meta":{"ocean_post_layout":"","ocean_both_sidebars_style":"","ocean_both_sidebars_content_width":0,"ocean_both_sidebars_sidebars_width":0,"ocean_sidebar":"0","ocean_second_sidebar":"0","ocean_disable_margins":"enable","ocean_add_body_class":"","ocean_shortcode_before_top_bar":"","ocean_shortcode_after_top_bar":"","ocean_shortcode_before_header":"","ocean_shortcode_after_header":"","ocean_has_shortcode":"","ocean_shortcode_after_title":"","ocean_shortcode_before_footer_widgets":"","ocean_shortcode_after_footer_widgets":"","ocean_shortcode_before_footer_bottom":"","ocean_shortcode_after_footer_bottom":"","ocean_display_top_bar":"default","ocean_display_header":"default","ocean_header_style":"","ocean_center_header_left_menu":"0","ocean_custom_header_template":"0","ocean_custom_logo":0,"ocean_custom_retina_logo":0,"ocean_custom_logo_max_width":0,"ocean_custom_logo_tablet_max_width":0,"ocean_custom_logo_mobile_max_width":0,"ocean_custom_logo_max_height":0,"ocean_custom_logo_tablet_max_height":0,"ocean_custom_logo_mobile_max_height":0,"ocean_header_custom_menu":"0","ocean_menu_typo_font_family":"0","ocean_menu_typo_font_subset":"","ocean_menu_typo_font_size":0,"ocean_menu_typo_font_size_tablet":0,"ocean_menu_typo_font_size_mobile":0,"ocean_menu_typo_font_size_unit":"px","ocean_menu_typo_font_weight":"","ocean_menu_typo_font_weight_tablet":"","ocean_menu_typo_font_weight_mobile":"","ocean_menu_typo_transform":"","ocean_menu_typo_transform_tablet":"","ocean_menu_typo_transform_mobile":"","ocean_menu_typo_line_height":0,"ocean_menu_typo_line_height_tablet":0,"ocean_menu_typo_line_height_mobile":0,"ocean_menu_typo_line_height_unit":"","ocean_menu_typo_spacing":0,"ocean_menu_typo_spacing_tablet":0,"ocean_menu_typo_spacing_mobile":0,"ocean_menu_typo_spacing_unit":"","ocean_menu_link_color":"","ocean_menu_link_color_hover":"","ocean_menu_link_color_active":"","ocean_menu_link_background":"","ocean_menu_link_hover_background":"","ocean_menu_link_active_background":"","ocean_menu_social_links_bg":"","ocean_menu_social_hover_links_bg":"","ocean_menu_social_links_color":"","ocean_menu_social_hover_links_color":"","ocean_disable_title":"default","ocean_disable_heading":"default","ocean_post_title":"","ocean_post_subheading":"","ocean_post_title_style":"","ocean_post_title_background_color":"","ocean_post_title_background":0,"ocean_post_title_bg_image_position":"","ocean_post_title_bg_image_attachment":"","ocean_post_title_bg_image_repeat":"","ocean_post_title_bg_image_size":"","ocean_post_title_height":0,"ocean_post_title_bg_overlay":0.5,"ocean_post_title_bg_overlay_color":"","ocean_disable_breadcrumbs":"default","ocean_breadcrumbs_color":"","ocean_breadcrumbs_separator_color":"","ocean_breadcrumbs_links_color":"","ocean_breadcrumbs_links_hover_color":"","ocean_display_footer_widgets":"default","ocean_display_footer_bottom":"default","ocean_custom_footer_template":"0","ocean_post_oembed":"","ocean_post_self_hosted_media":"","ocean_post_video_embed":"","ocean_link_format":"","ocean_link_format_target":"self","ocean_quote_format":"","ocean_quote_format_link":"post","ocean_gallery_link_images":"off","ocean_gallery_id":[],"footnotes":""},"categories":[12],"tags":[],"post_folder":[],"class_list":["post-4086","post","type-post","status-publish","format-standard","has-post-thumbnail","hentry","category-csarea","entry","has-media"],"yoast_head":"<!-- This site is optimized with the Yoast SEO plugin v27.4 - https:\/\/yoast.com\/product\/yoast-seo-wordpress\/ -->\n<title>L\u2019Enseignement Agricole Public des Pays de la Loire toujours m\u00e9pris\u00e9. Quand cessera cette in\u00e9galit\u00e9 de traitement entre Public et Priv\u00e9 ? - PAYS DE LA LOIRE<\/title>\n<meta name=\"robots\" content=\"index, follow, max-snippet:-1, max-image-preview:large, max-video-preview:-1\" \/>\n<link rel=\"canonical\" href=\"https:\/\/regions-snetap-fsu.fr\/pdl\/2021\/11\/13\/lenseignement-agricole-public-des-pays-de-la-loire-toujours-meprise-et-martyrise-par-le-ministere-de-lagriculture\/\" \/>\n<meta property=\"og:locale\" content=\"fr_FR\" \/>\n<meta property=\"og:type\" content=\"article\" \/>\n<meta property=\"og:title\" content=\"L\u2019Enseignement Agricole Public des Pays de la Loire toujours m\u00e9pris\u00e9. Quand cessera cette in\u00e9galit\u00e9 de traitement entre Public et Priv\u00e9 ? - PAYS DE LA LOIRE\" \/>\n<meta property=\"og:description\" content=\"Le 10 novembre dernier avait lieu le Comit\u00e9 Technique r\u00e9gional de l\u2019enseignement agricole des Pays de la Loire. En voici les grandes lignes\u00a0: De nouveau une session examens particuli\u00e8re Si les r\u00e9sultats de la session d\u2019examen 2021 ont \u00e9t\u00e9, une nouvelle fois dans le contexte COVID, de tr\u00e8s bonne facture (92 % de r\u00e9ussite), on [&hellip;]\" \/>\n<meta property=\"og:url\" content=\"https:\/\/regions-snetap-fsu.fr\/pdl\/2021\/11\/13\/lenseignement-agricole-public-des-pays-de-la-loire-toujours-meprise-et-martyrise-par-le-ministere-de-lagriculture\/\" \/>\n<meta property=\"og:site_name\" content=\"PAYS DE LA LOIRE\" \/>\n<meta property=\"article:published_time\" content=\"2021-11-13T21:58:11+00:00\" \/>\n<meta property=\"article:modified_time\" content=\"2021-11-13T22:18:34+00:00\" \/>\n<meta property=\"og:image\" content=\"https:\/\/regions-snetap-fsu.fr\/pdl\/wp-content\/uploads\/sites\/4\/2021\/06\/CR-CTREA.jpg\" \/>\n\t<meta property=\"og:image:width\" content=\"870\" \/>\n\t<meta property=\"og:image:height\" content=\"400\" \/>\n\t<meta property=\"og:image:type\" content=\"image\/jpeg\" \/>\n<meta name=\"author\" content=\"yvigner\" \/>\n<meta name=\"twitter:card\" content=\"summary_large_image\" \/>\n<meta name=\"twitter:label1\" content=\"\u00c9crit par\" \/>\n\t<meta name=\"twitter:data1\" content=\"yvigner\" \/>\n\t<meta name=\"twitter:label2\" content=\"Dur\u00e9e de lecture estim\u00e9e\" \/>\n\t<meta name=\"twitter:data2\" content=\"6 minutes\" \/>\n<script type=\"application\/ld+json\" class=\"yoast-schema-graph\">{\"@context\":\"https:\\\/\\\/schema.org\",\"@graph\":[{\"@type\":\"Article\",\"@id\":\"https:\\\/\\\/regions-snetap-fsu.fr\\\/pdl\\\/2021\\\/11\\\/13\\\/lenseignement-agricole-public-des-pays-de-la-loire-toujours-meprise-et-martyrise-par-le-ministere-de-lagriculture\\\/#article\",\"isPartOf\":{\"@id\":\"https:\\\/\\\/regions-snetap-fsu.fr\\\/pdl\\\/2021\\\/11\\\/13\\\/lenseignement-agricole-public-des-pays-de-la-loire-toujours-meprise-et-martyrise-par-le-ministere-de-lagriculture\\\/\"},\"author\":{\"name\":\"yvigner\",\"@id\":\"https:\\\/\\\/regions-snetap-fsu.fr\\\/pdl\\\/#\\\/schema\\\/person\\\/d4530af043f9e8d27bdd71c468ec93b1\"},\"headline\":\"L\u2019Enseignement Agricole Public des Pays de la Loire toujours m\u00e9pris\u00e9. Quand cessera cette in\u00e9galit\u00e9 de traitement entre Public et Priv\u00e9 ?\",\"datePublished\":\"2021-11-13T21:58:11+00:00\",\"dateModified\":\"2021-11-13T22:18:34+00:00\",\"mainEntityOfPage\":{\"@id\":\"https:\\\/\\\/regions-snetap-fsu.fr\\\/pdl\\\/2021\\\/11\\\/13\\\/lenseignement-agricole-public-des-pays-de-la-loire-toujours-meprise-et-martyrise-par-le-ministere-de-lagriculture\\\/\"},\"wordCount\":1139,\"publisher\":{\"@id\":\"https:\\\/\\\/regions-snetap-fsu.fr\\\/pdl\\\/#organization\"},\"image\":{\"@id\":\"https:\\\/\\\/regions-snetap-fsu.fr\\\/pdl\\\/2021\\\/11\\\/13\\\/lenseignement-agricole-public-des-pays-de-la-loire-toujours-meprise-et-martyrise-par-le-ministere-de-lagriculture\\\/#primaryimage\"},\"thumbnailUrl\":\"https:\\\/\\\/regions-snetap-fsu.fr\\\/pdl\\\/wp-content\\\/uploads\\\/sites\\\/4\\\/2021\\\/06\\\/CR-CTREA.jpg\",\"articleSection\":[\"CSA-REA (ex CTREA)\"],\"inLanguage\":\"fr-FR\"},{\"@type\":\"WebPage\",\"@id\":\"https:\\\/\\\/regions-snetap-fsu.fr\\\/pdl\\\/2021\\\/11\\\/13\\\/lenseignement-agricole-public-des-pays-de-la-loire-toujours-meprise-et-martyrise-par-le-ministere-de-lagriculture\\\/\",\"url\":\"https:\\\/\\\/regions-snetap-fsu.fr\\\/pdl\\\/2021\\\/11\\\/13\\\/lenseignement-agricole-public-des-pays-de-la-loire-toujours-meprise-et-martyrise-par-le-ministere-de-lagriculture\\\/\",\"name\":\"L\u2019Enseignement Agricole Public des Pays de la Loire toujours m\u00e9pris\u00e9. Quand cessera cette in\u00e9galit\u00e9 de traitement entre Public et Priv\u00e9 ? - PAYS DE LA LOIRE\",\"isPartOf\":{\"@id\":\"https:\\\/\\\/regions-snetap-fsu.fr\\\/pdl\\\/#website\"},\"primaryImageOfPage\":{\"@id\":\"https:\\\/\\\/regions-snetap-fsu.fr\\\/pdl\\\/2021\\\/11\\\/13\\\/lenseignement-agricole-public-des-pays-de-la-loire-toujours-meprise-et-martyrise-par-le-ministere-de-lagriculture\\\/#primaryimage\"},\"image\":{\"@id\":\"https:\\\/\\\/regions-snetap-fsu.fr\\\/pdl\\\/2021\\\/11\\\/13\\\/lenseignement-agricole-public-des-pays-de-la-loire-toujours-meprise-et-martyrise-par-le-ministere-de-lagriculture\\\/#primaryimage\"},\"thumbnailUrl\":\"https:\\\/\\\/regions-snetap-fsu.fr\\\/pdl\\\/wp-content\\\/uploads\\\/sites\\\/4\\\/2021\\\/06\\\/CR-CTREA.jpg\",\"datePublished\":\"2021-11-13T21:58:11+00:00\",\"dateModified\":\"2021-11-13T22:18:34+00:00\",\"breadcrumb\":{\"@id\":\"https:\\\/\\\/regions-snetap-fsu.fr\\\/pdl\\\/2021\\\/11\\\/13\\\/lenseignement-agricole-public-des-pays-de-la-loire-toujours-meprise-et-martyrise-par-le-ministere-de-lagriculture\\\/#breadcrumb\"},\"inLanguage\":\"fr-FR\",\"potentialAction\":[{\"@type\":\"ReadAction\",\"target\":[\"https:\\\/\\\/regions-snetap-fsu.fr\\\/pdl\\\/2021\\\/11\\\/13\\\/lenseignement-agricole-public-des-pays-de-la-loire-toujours-meprise-et-martyrise-par-le-ministere-de-lagriculture\\\/\"]}]},{\"@type\":\"ImageObject\",\"inLanguage\":\"fr-FR\",\"@id\":\"https:\\\/\\\/regions-snetap-fsu.fr\\\/pdl\\\/2021\\\/11\\\/13\\\/lenseignement-agricole-public-des-pays-de-la-loire-toujours-meprise-et-martyrise-par-le-ministere-de-lagriculture\\\/#primaryimage\",\"url\":\"https:\\\/\\\/regions-snetap-fsu.fr\\\/pdl\\\/wp-content\\\/uploads\\\/sites\\\/4\\\/2021\\\/06\\\/CR-CTREA.jpg\",\"contentUrl\":\"https:\\\/\\\/regions-snetap-fsu.fr\\\/pdl\\\/wp-content\\\/uploads\\\/sites\\\/4\\\/2021\\\/06\\\/CR-CTREA.jpg\",\"width\":870,\"height\":400},{\"@type\":\"BreadcrumbList\",\"@id\":\"https:\\\/\\\/regions-snetap-fsu.fr\\\/pdl\\\/2021\\\/11\\\/13\\\/lenseignement-agricole-public-des-pays-de-la-loire-toujours-meprise-et-martyrise-par-le-ministere-de-lagriculture\\\/#breadcrumb\",\"itemListElement\":[{\"@type\":\"ListItem\",\"position\":1,\"name\":\"Accueil\",\"item\":\"https:\\\/\\\/regions-snetap-fsu.fr\\\/pdl\\\/\"},{\"@type\":\"ListItem\",\"position\":2,\"name\":\"L\u2019Enseignement Agricole Public des Pays de la Loire toujours m\u00e9pris\u00e9. Quand cessera cette in\u00e9galit\u00e9 de traitement entre Public et Priv\u00e9 ?\"}]},{\"@type\":\"WebSite\",\"@id\":\"https:\\\/\\\/regions-snetap-fsu.fr\\\/pdl\\\/#website\",\"url\":\"https:\\\/\\\/regions-snetap-fsu.fr\\\/pdl\\\/\",\"name\":\"SNETAP-FSU PAYS DE LA LOIRE\",\"description\":\"SECTION REGIONALE\",\"publisher\":{\"@id\":\"https:\\\/\\\/regions-snetap-fsu.fr\\\/pdl\\\/#organization\"},\"potentialAction\":[{\"@type\":\"SearchAction\",\"target\":{\"@type\":\"EntryPoint\",\"urlTemplate\":\"https:\\\/\\\/regions-snetap-fsu.fr\\\/pdl\\\/?s={search_term_string}\"},\"query-input\":{\"@type\":\"PropertyValueSpecification\",\"valueRequired\":true,\"valueName\":\"search_term_string\"}}],\"inLanguage\":\"fr-FR\"},{\"@type\":\"Organization\",\"@id\":\"https:\\\/\\\/regions-snetap-fsu.fr\\\/pdl\\\/#organization\",\"name\":\"SNETAP-FSU Pays de Loire\",\"url\":\"https:\\\/\\\/regions-snetap-fsu.fr\\\/pdl\\\/\",\"logo\":{\"@type\":\"ImageObject\",\"inLanguage\":\"fr-FR\",\"@id\":\"https:\\\/\\\/regions-snetap-fsu.fr\\\/pdl\\\/#\\\/schema\\\/logo\\\/image\\\/\",\"url\":\"https:\\\/\\\/regions-snetap-fsu.fr\\\/pdl\\\/wp-content\\\/uploads\\\/sites\\\/4\\\/2020\\\/12\\\/SNETAP-Logo.jpg\",\"contentUrl\":\"https:\\\/\\\/regions-snetap-fsu.fr\\\/pdl\\\/wp-content\\\/uploads\\\/sites\\\/4\\\/2020\\\/12\\\/SNETAP-Logo.jpg\",\"width\":464,\"height\":334,\"caption\":\"SNETAP-FSU Pays de Loire\"},\"image\":{\"@id\":\"https:\\\/\\\/regions-snetap-fsu.fr\\\/pdl\\\/#\\\/schema\\\/logo\\\/image\\\/\"}},{\"@type\":\"Person\",\"@id\":\"https:\\\/\\\/regions-snetap-fsu.fr\\\/pdl\\\/#\\\/schema\\\/person\\\/d4530af043f9e8d27bdd71c468ec93b1\",\"name\":\"yvigner\",\"image\":{\"@type\":\"ImageObject\",\"inLanguage\":\"fr-FR\",\"@id\":\"https:\\\/\\\/secure.gravatar.com\\\/avatar\\\/bc72baa6f2406549aecf77a837bc4f03dbe88472c1762138f868571430a23820?s=96&d=mm&r=g\",\"url\":\"https:\\\/\\\/secure.gravatar.com\\\/avatar\\\/bc72baa6f2406549aecf77a837bc4f03dbe88472c1762138f868571430a23820?s=96&d=mm&r=g\",\"contentUrl\":\"https:\\\/\\\/secure.gravatar.com\\\/avatar\\\/bc72baa6f2406549aecf77a837bc4f03dbe88472c1762138f868571430a23820?s=96&d=mm&r=g\",\"caption\":\"yvigner\"},\"url\":\"https:\\\/\\\/regions-snetap-fsu.fr\\\/pdl\\\/author\\\/yvigner\\\/\"}]}<\/script>\n<!-- \/ Yoast SEO plugin. -->","yoast_head_json":{"title":"L\u2019Enseignement Agricole Public des Pays de la Loire toujours m\u00e9pris\u00e9. Quand cessera cette in\u00e9galit\u00e9 de traitement entre Public et Priv\u00e9 ? - PAYS DE LA LOIRE","robots":{"index":"index","follow":"follow","max-snippet":"max-snippet:-1","max-image-preview":"max-image-preview:large","max-video-preview":"max-video-preview:-1"},"canonical":"https:\/\/regions-snetap-fsu.fr\/pdl\/2021\/11\/13\/lenseignement-agricole-public-des-pays-de-la-loire-toujours-meprise-et-martyrise-par-le-ministere-de-lagriculture\/","og_locale":"fr_FR","og_type":"article","og_title":"L\u2019Enseignement Agricole Public des Pays de la Loire toujours m\u00e9pris\u00e9. Quand cessera cette in\u00e9galit\u00e9 de traitement entre Public et Priv\u00e9 ? - PAYS DE LA LOIRE","og_description":"Le 10 novembre dernier avait lieu le Comit\u00e9 Technique r\u00e9gional de l\u2019enseignement agricole des Pays de la Loire. En voici les grandes lignes\u00a0: De nouveau une session examens particuli\u00e8re Si les r\u00e9sultats de la session d\u2019examen 2021 ont \u00e9t\u00e9, une nouvelle fois dans le contexte COVID, de tr\u00e8s bonne facture (92 % de r\u00e9ussite), on [&hellip;]","og_url":"https:\/\/regions-snetap-fsu.fr\/pdl\/2021\/11\/13\/lenseignement-agricole-public-des-pays-de-la-loire-toujours-meprise-et-martyrise-par-le-ministere-de-lagriculture\/","og_site_name":"PAYS DE LA LOIRE","article_published_time":"2021-11-13T21:58:11+00:00","article_modified_time":"2021-11-13T22:18:34+00:00","og_image":[{"width":870,"height":400,"url":"https:\/\/regions-snetap-fsu.fr\/pdl\/wp-content\/uploads\/sites\/4\/2021\/06\/CR-CTREA.jpg","type":"image\/jpeg"}],"author":"yvigner","twitter_card":"summary_large_image","twitter_misc":{"\u00c9crit par":"yvigner","Dur\u00e9e de lecture estim\u00e9e":"6 minutes"},"schema":{"@context":"https:\/\/schema.org","@graph":[{"@type":"Article","@id":"https:\/\/regions-snetap-fsu.fr\/pdl\/2021\/11\/13\/lenseignement-agricole-public-des-pays-de-la-loire-toujours-meprise-et-martyrise-par-le-ministere-de-lagriculture\/#article","isPartOf":{"@id":"https:\/\/regions-snetap-fsu.fr\/pdl\/2021\/11\/13\/lenseignement-agricole-public-des-pays-de-la-loire-toujours-meprise-et-martyrise-par-le-ministere-de-lagriculture\/"},"author":{"name":"yvigner","@id":"https:\/\/regions-snetap-fsu.fr\/pdl\/#\/schema\/person\/d4530af043f9e8d27bdd71c468ec93b1"},"headline":"L\u2019Enseignement Agricole Public des Pays de la Loire toujours m\u00e9pris\u00e9. Quand cessera cette in\u00e9galit\u00e9 de traitement entre Public et Priv\u00e9 ?","datePublished":"2021-11-13T21:58:11+00:00","dateModified":"2021-11-13T22:18:34+00:00","mainEntityOfPage":{"@id":"https:\/\/regions-snetap-fsu.fr\/pdl\/2021\/11\/13\/lenseignement-agricole-public-des-pays-de-la-loire-toujours-meprise-et-martyrise-par-le-ministere-de-lagriculture\/"},"wordCount":1139,"publisher":{"@id":"https:\/\/regions-snetap-fsu.fr\/pdl\/#organization"},"image":{"@id":"https:\/\/regions-snetap-fsu.fr\/pdl\/2021\/11\/13\/lenseignement-agricole-public-des-pays-de-la-loire-toujours-meprise-et-martyrise-par-le-ministere-de-lagriculture\/#primaryimage"},"thumbnailUrl":"https:\/\/regions-snetap-fsu.fr\/pdl\/wp-content\/uploads\/sites\/4\/2021\/06\/CR-CTREA.jpg","articleSection":["CSA-REA (ex CTREA)"],"inLanguage":"fr-FR"},{"@type":"WebPage","@id":"https:\/\/regions-snetap-fsu.fr\/pdl\/2021\/11\/13\/lenseignement-agricole-public-des-pays-de-la-loire-toujours-meprise-et-martyrise-par-le-ministere-de-lagriculture\/","url":"https:\/\/regions-snetap-fsu.fr\/pdl\/2021\/11\/13\/lenseignement-agricole-public-des-pays-de-la-loire-toujours-meprise-et-martyrise-par-le-ministere-de-lagriculture\/","name":"L\u2019Enseignement Agricole Public des Pays de la Loire toujours m\u00e9pris\u00e9. Quand cessera cette in\u00e9galit\u00e9 de traitement entre Public et Priv\u00e9 ? - PAYS DE LA LOIRE","isPartOf":{"@id":"https:\/\/regions-snetap-fsu.fr\/pdl\/#website"},"primaryImageOfPage":{"@id":"https:\/\/regions-snetap-fsu.fr\/pdl\/2021\/11\/13\/lenseignement-agricole-public-des-pays-de-la-loire-toujours-meprise-et-martyrise-par-le-ministere-de-lagriculture\/#primaryimage"},"image":{"@id":"https:\/\/regions-snetap-fsu.fr\/pdl\/2021\/11\/13\/lenseignement-agricole-public-des-pays-de-la-loire-toujours-meprise-et-martyrise-par-le-ministere-de-lagriculture\/#primaryimage"},"thumbnailUrl":"https:\/\/regions-snetap-fsu.fr\/pdl\/wp-content\/uploads\/sites\/4\/2021\/06\/CR-CTREA.jpg","datePublished":"2021-11-13T21:58:11+00:00","dateModified":"2021-11-13T22:18:34+00:00","breadcrumb":{"@id":"https:\/\/regions-snetap-fsu.fr\/pdl\/2021\/11\/13\/lenseignement-agricole-public-des-pays-de-la-loire-toujours-meprise-et-martyrise-par-le-ministere-de-lagriculture\/#breadcrumb"},"inLanguage":"fr-FR","potentialAction":[{"@type":"ReadAction","target":["https:\/\/regions-snetap-fsu.fr\/pdl\/2021\/11\/13\/lenseignement-agricole-public-des-pays-de-la-loire-toujours-meprise-et-martyrise-par-le-ministere-de-lagriculture\/"]}]},{"@type":"ImageObject","inLanguage":"fr-FR","@id":"https:\/\/regions-snetap-fsu.fr\/pdl\/2021\/11\/13\/lenseignement-agricole-public-des-pays-de-la-loire-toujours-meprise-et-martyrise-par-le-ministere-de-lagriculture\/#primaryimage","url":"https:\/\/regions-snetap-fsu.fr\/pdl\/wp-content\/uploads\/sites\/4\/2021\/06\/CR-CTREA.jpg","contentUrl":"https:\/\/regions-snetap-fsu.fr\/pdl\/wp-content\/uploads\/sites\/4\/2021\/06\/CR-CTREA.jpg","width":870,"height":400},{"@type":"BreadcrumbList","@id":"https:\/\/regions-snetap-fsu.fr\/pdl\/2021\/11\/13\/lenseignement-agricole-public-des-pays-de-la-loire-toujours-meprise-et-martyrise-par-le-ministere-de-lagriculture\/#breadcrumb","itemListElement":[{"@type":"ListItem","position":1,"name":"Accueil","item":"https:\/\/regions-snetap-fsu.fr\/pdl\/"},{"@type":"ListItem","position":2,"name":"L\u2019Enseignement Agricole Public des Pays de la Loire toujours m\u00e9pris\u00e9. Quand cessera cette in\u00e9galit\u00e9 de traitement entre Public et Priv\u00e9 ?"}]},{"@type":"WebSite","@id":"https:\/\/regions-snetap-fsu.fr\/pdl\/#website","url":"https:\/\/regions-snetap-fsu.fr\/pdl\/","name":"SNETAP-FSU PAYS DE LA LOIRE","description":"SECTION REGIONALE","publisher":{"@id":"https:\/\/regions-snetap-fsu.fr\/pdl\/#organization"},"potentialAction":[{"@type":"SearchAction","target":{"@type":"EntryPoint","urlTemplate":"https:\/\/regions-snetap-fsu.fr\/pdl\/?s={search_term_string}"},"query-input":{"@type":"PropertyValueSpecification","valueRequired":true,"valueName":"search_term_string"}}],"inLanguage":"fr-FR"},{"@type":"Organization","@id":"https:\/\/regions-snetap-fsu.fr\/pdl\/#organization","name":"SNETAP-FSU Pays de Loire","url":"https:\/\/regions-snetap-fsu.fr\/pdl\/","logo":{"@type":"ImageObject","inLanguage":"fr-FR","@id":"https:\/\/regions-snetap-fsu.fr\/pdl\/#\/schema\/logo\/image\/","url":"https:\/\/regions-snetap-fsu.fr\/pdl\/wp-content\/uploads\/sites\/4\/2020\/12\/SNETAP-Logo.jpg","contentUrl":"https:\/\/regions-snetap-fsu.fr\/pdl\/wp-content\/uploads\/sites\/4\/2020\/12\/SNETAP-Logo.jpg","width":464,"height":334,"caption":"SNETAP-FSU Pays de Loire"},"image":{"@id":"https:\/\/regions-snetap-fsu.fr\/pdl\/#\/schema\/logo\/image\/"}},{"@type":"Person","@id":"https:\/\/regions-snetap-fsu.fr\/pdl\/#\/schema\/person\/d4530af043f9e8d27bdd71c468ec93b1","name":"yvigner","image":{"@type":"ImageObject","inLanguage":"fr-FR","@id":"https:\/\/secure.gravatar.com\/avatar\/bc72baa6f2406549aecf77a837bc4f03dbe88472c1762138f868571430a23820?s=96&d=mm&r=g","url":"https:\/\/secure.gravatar.com\/avatar\/bc72baa6f2406549aecf77a837bc4f03dbe88472c1762138f868571430a23820?s=96&d=mm&r=g","contentUrl":"https:\/\/secure.gravatar.com\/avatar\/bc72baa6f2406549aecf77a837bc4f03dbe88472c1762138f868571430a23820?s=96&d=mm&r=g","caption":"yvigner"},"url":"https:\/\/regions-snetap-fsu.fr\/pdl\/author\/yvigner\/"}]}},"_links":{"self":[{"href":"https:\/\/regions-snetap-fsu.fr\/pdl\/wp-json\/wp\/v2\/posts\/4086","targetHints":{"allow":["GET"]}}],"collection":[{"href":"https:\/\/regions-snetap-fsu.fr\/pdl\/wp-json\/wp\/v2\/posts"}],"about":[{"href":"https:\/\/regions-snetap-fsu.fr\/pdl\/wp-json\/wp\/v2\/types\/post"}],"author":[{"embeddable":true,"href":"https:\/\/regions-snetap-fsu.fr\/pdl\/wp-json\/wp\/v2\/users\/2"}],"replies":[{"embeddable":true,"href":"https:\/\/regions-snetap-fsu.fr\/pdl\/wp-json\/wp\/v2\/comments?post=4086"}],"version-history":[{"count":6,"href":"https:\/\/regions-snetap-fsu.fr\/pdl\/wp-json\/wp\/v2\/posts\/4086\/revisions"}],"predecessor-version":[{"id":4092,"href":"https:\/\/regions-snetap-fsu.fr\/pdl\/wp-json\/wp\/v2\/posts\/4086\/revisions\/4092"}],"wp:featuredmedia":[{"embeddable":true,"href":"https:\/\/regions-snetap-fsu.fr\/pdl\/wp-json\/wp\/v2\/media\/4033"}],"wp:attachment":[{"href":"https:\/\/regions-snetap-fsu.fr\/pdl\/wp-json\/wp\/v2\/media?parent=4086"}],"wp:term":[{"taxonomy":"category","embeddable":true,"href":"https:\/\/regions-snetap-fsu.fr\/pdl\/wp-json\/wp\/v2\/categories?post=4086"},{"taxonomy":"post_tag","embeddable":true,"href":"https:\/\/regions-snetap-fsu.fr\/pdl\/wp-json\/wp\/v2\/tags?post=4086"},{"taxonomy":"post_folder","embeddable":true,"href":"https:\/\/regions-snetap-fsu.fr\/pdl\/wp-json\/wp\/v2\/post_folder?post=4086"}],"curies":[{"name":"wp","href":"https:\/\/api.w.org\/{rel}","templated":true}]}}